{"id":958,"date":"2025-12-16T16:17:58","date_gmt":"2025-12-16T19:17:58","guid":{"rendered":"https:\/\/fonasa.mindy.cl\/blog\/?p=958"},"modified":"2026-03-25T11:18:51","modified_gmt":"2026-03-25T14:18:51","slug":"trastornos-depresivos","status":"publish","type":"post","link":"https:\/\/fonasa.mindy.cl\/blog\/trastornos-depresivos\/","title":{"rendered":"Trastornos Depresivos: M\u00e1s Que Tristeza y C\u00f3mo Superarla"},"content":{"rendered":"\n<p>A menudo confundida con una tristeza pasajera, la realidad de los <strong>trastornos depresivos<\/strong> es mucho m\u00e1s compleja y profunda. Si sientes que la desesperanza se ha instalado como un peso constante, que las actividades que antes disfrutabas han perdido su color, o que la energ\u00eda para afrontar el d\u00eda a d\u00eda simplemente no aparece, no est\u00e1s solo. Esta experiencia, que va m\u00e1s all\u00e1 de un &#8220;bajo \u00e1nimo&#8221;, puede ser se\u00f1al de un cuadro depresivo que requiere atenci\u00f3n y comprensi\u00f3n. <\/p>\n\n\n\n<p>En Chile, la salud mental es una prioridad creciente, y entender estos padecimientos es el primer paso hacia el bienestar. Este art\u00edculo, basado en evidencia cient\u00edfica y psicolog\u00eda cl\u00ednica, te guiar\u00e1 para reconocer las manifestaciones, comprender sus causas neurobiol\u00f3gicas, explorar tratamientos efectivos y descubrir c\u00f3mo acceder a apoyo profesional especializado de manera accesible.<\/p>\n\n\n\n<h2 class=\"wp-block-heading has-x-large-font-size\">\u00bfQu\u00e9 Son Realmente los Trastornos Depresivos?<\/h2>\n\n\n\n<p>Los <strong>trastornos depresivos<\/strong> no son un simple estado de \u00e1nimo, sino un grupo de condiciones m\u00e9dicas serias que afectan profundamente la forma en que una persona piensa, siente y act\u00faa. A nivel cl\u00ednico, se caracterizan por la presencia de un <strong>episodio  con <strong><a href=\"https:\/\/fonasa.mindy.cl\/blog\/sintomas-de-trastorno-depresivo-mayor\/\">s\u00edntomas de trastorno Depresivo Mayor<\/a><\/strong><\/strong>, que implica un cambio marcado respecto al funcionamiento previo de la persona, persistente durante al menos dos semanas. Es crucial diferenciarlo de la tristeza, una emoci\u00f3n humana normal y transitoria en respuesta a p\u00e9rdidas o decepciones.<\/p>\n\n\n\n<p>Considerando el <strong><a href=\"https:\/\/fonasa.mindy.cl\/blog\/concepto-de-depresion\/\">concepto de depresi\u00f3n<\/a><\/strong>, en cambio, este trastorno perdura, interfiere significativamente con la vida laboral, acad\u00e9mica, social y familiar, y suele venir acompa\u00f1ada de s\u00edntomas f\u00edsicos muy concretos. Seg\u00fan la Organizaci\u00f3n Mundial de la Salud, es una de las principales causas de discapacidad a nivel mundial, un dato que subraya la necesidad de abordarla con seriedad y sin estigma.<\/p>\n\n\n\n<h3 class=\"wp-block-heading has-large-font-size\">S\u00edntomas Clave de los trastornos depresivos: M\u00e1s All\u00e1 del Estado de \u00c1nimo<\/h3>\n\n\n\n<figure class=\"wp-block-image alignwide size-full\"><img loading=\"lazy\" decoding=\"async\" width=\"640\" height=\"427\" src=\"https:\/\/fonasa.mindy.cl\/blog\/wp-content\/uploads\/2025\/12\/portrait-743550_640.jpg\" alt=\"Trastornos Depresivos\" class=\"wp-image-962\"\/><\/figure>\n\n\n\n<p>Los s\u00edntomas de un <strong>trastorno depresivo<\/strong> son variados y se manifiestan en m\u00faltiples dimensiones. Para un diagn\u00f3stico, los profesionales de la salud mental eval\u00faan la presencia de varios de los siguientes criterios, siendo al menos uno de los dos primeros esencial:<\/p>\n\n\n\n<ol>\n<li><strong>Estado de \u00e1nimo deprimido<\/strong> la mayor parte del d\u00eda, casi todos los d\u00edas. Esto puede sentirse como tristeza profunda, vac\u00edo o, en algunos casos, irritabilidad extrema.<\/li>\n\n\n\n<li><strong>P\u00e9rdida de inter\u00e9s o placer<\/strong> (anhedonia) en todas o casi todas las actividades que antes resultaban gratificantes, desde hobbies hasta la vida social.<\/li>\n\n\n\n<li>\u200b\u200bCambio significativo en el peso o el apetito (aumento o disminuci\u00f3n) sin estar a dieta.<\/li>\n\n\n\n<li><strong>Alteraciones del sue\u00f1o<\/strong>, que pueden ser insomnio (dificultad para conciliar o mantener el sue\u00f1o) o hipersomnia (dormir en exceso).<\/li>\n\n\n\n<li><strong>Agitaci\u00f3n o enlentecimiento psicomotor<\/strong> observable por otros (no solo la sensaci\u00f3n subjetiva de inquietud o lentitud).<\/li>\n\n\n\n<li><strong>Fatiga o p\u00e9rdida de energ\u00eda<\/strong> casi todos los d\u00edas.<\/li>\n\n\n\n<li><strong>Sentimientos de inutilidad o culpa excesiva o inapropiada<\/strong>, que a menudo son irracionales o desproporcionados.<\/li>\n\n\n\n<li><strong>Disminuci\u00f3n de la capacidad para pensar, concentrarse o tomar decisiones<\/strong>.<\/li>\n\n\n\n<li><strong>Pensamientos recurrentes de muerte<\/strong>, ideaci\u00f3n suicida (con o sin un plan espec\u00edfico), o un intento de suicidio.<\/li>\n<\/ol>\n\n\n\n<h2 class=\"wp-block-heading has-x-large-font-size\">Mecanismos Neurobiol\u00f3gicos: Lo Que Sucede en el Cerebro<\/h2>\n\n\n\n<p>Comprender los <strong>trastornos depresivos<\/strong> desde la neurociencia ayuda a desestigmatizarlos y verlos como lo que son: una condici\u00f3n de salud. La investigaci\u00f3n actual se\u00f1ala que no existe una sola causa, sino una compleja interacci\u00f3n de factores. A nivel cerebral, se observan desequilibrios en <strong>neurotransmisores<\/strong>, que son mensajeros qu\u00edmicos como la serotonina, la noradrenalina y la dopamina, cruciales para regular el \u00e1nimo, el placer, la motivaci\u00f3n y el sue\u00f1o. Adem\u00e1s, estudios de neuroimagen muestran cambios en la estructura y actividad de \u00e1reas como:<\/p>\n\n\n\n<ul>\n<li><strong>La am\u00edgdala<\/strong>: Asociada al procesamiento emocional, puede estar hiperactiva, intensificando las respuestas negativas.<\/li>\n\n\n\n<li><strong>El hipocampo<\/strong>: Involucrado en la memoria y el aprendizaje, puede verse reducido en volumen debido al efecto del estr\u00e9s cr\u00f3nico y el cortisol (la hormona del estr\u00e9s).<\/li>\n\n\n\n<li><strong>La corteza prefrontal<\/strong>: Encargada de funciones ejecutivas como la toma de decisiones y el control de impulsos, suele mostrar menor actividad.<\/li>\n<\/ul>\n\n\n\n<p>Estos hallazgos explican por qu\u00e9 la voluntad personal no es suficiente para &#8220;salir de la depresi\u00f3n&#8221;. Se trata de alteraciones fisiol\u00f3gicas que requieren intervenciones espec\u00edficas en los trastornos depresivos, al igual que cualquier otra condici\u00f3n m\u00e9dica.<\/p>\n\n\n\n<h3 class=\"wp-block-heading has-large-font-size\">Tipos y variantes de los cuadros de trastornos depresivos<\/h3>\n\n\n\n<p>El t\u00e9rmino &#8220;depresi\u00f3n&#8221; abarca un espectro. Reconocer las diferencias es vital para un tratamiento adecuado. M\u00e1s all\u00e1 del episodio depresivo mayor, existen otras formas espec\u00edficas.<\/p>\n\n\n\n<h4 class=\"wp-block-heading has-medium-font-size\">Trastorno Depresivo Persistente (Distimia)<\/h4>\n\n\n\n<p>Esta variante se caracteriza por un estado de \u00e1nimo depresivo que se mantiene durante al menos <strong>dos a\u00f1os<\/strong> en adultos. Los s\u00edntomas pueden ser menos intensos que en un episodio depresivo mayor, pero su cronicidad los hace igualmente incapacitantes. La persona puede funcionar, pero con una sensaci\u00f3n constante de estar &#8220;apagada&#8221; o sin alegr\u00eda, lo que a menudo se normaliza como &#8220;ser as\u00ed&#8221;. Se trata de un <strong>trastorno del estado de \u00e1nimo<\/strong> de larga data que requiere un enfoque terap\u00e9utico orientado a la cronicidad.<\/p>\n\n\n\n<h4 class=\"wp-block-heading has-medium-font-size\">Depresi\u00f3n Postparto: Un Reto Espec\u00edfico<\/h4>\n\n\n\n<p>Lejos de ser &#8220;baby blues&#8221; (una melancol\u00eda leve y pasajera tras el parto), la <strong>depresi\u00f3n postparto<\/strong> es un episodio depresivo mayor que se inicia durante el embarazo o en las primeras semanas tras el nacimiento. Sus s\u00edntomas incluyen los criterios depresivos, pero con matices particulares:<\/p>\n\n\n\n<ul>\n<li>Sentimientos intensos de <strong>inutilidad o incapacidad<\/strong> para cuidar al beb\u00e9.<\/li>\n\n\n\n<li><strong>Apego nulo o excesivamente ansioso<\/strong> hacia el reci\u00e9n nacido.<\/li>\n\n\n\n<li>Pensamientos intrusivos y aterradores sobre hacerle da\u00f1o al beb\u00e9 o a s\u00ed misma.<br>Es una condici\u00f3n m\u00e9dica grave que necesita intervenci\u00f3n inmediata y especializada, pues afecta tanto a la madre como al v\u00ednculo con el hijo.<\/li>\n<\/ul>\n\n\n\n<h4 class=\"wp-block-heading has-medium-font-size\">Trastorno Afectivo Estacional<\/h4>\n\n\n\n<p>Este tipo de <strong>trastorno depresivo<\/strong> sigue un patr\u00f3n estacional, t\u00edpicamente comenzando en oto\u00f1o o invierno y remitiendo en primavera. Se relaciona con la reducci\u00f3n de la luz solar, que afecta los ritmos circadianos y la producci\u00f3n de melatonina y serotonina. Los s\u00edntomas suelen incluir:<\/p>\n\n\n\n<ul>\n<li><strong>Hipersomnia<\/strong> y aumento del apetito, especialmente con antojos de carbohidratos.<\/li>\n\n\n\n<li><strong>Letargo<\/strong> y falta de energ\u00eda persistentes.<\/li>\n\n\n\n<li><strong>Aislamiento social<\/strong>.<br>La fototerapia (exposici\u00f3n a luz brillante especial) suele ser un componente clave del tratamiento, junto con la terapia psicol\u00f3gica.<\/li>\n<\/ul>\n\n\n\n<h2 class=\"wp-block-heading has-x-large-font-size\">Abordajes de tratamiento de los trastornos depresivos basados en evidencia<\/h2>\n\n\n\n<figure class=\"wp-block-image alignwide size-full\"><img loading=\"lazy\" decoding=\"async\" width=\"640\" height=\"427\" src=\"https:\/\/fonasa.mindy.cl\/blog\/wp-content\/uploads\/2025\/12\/race-7942260_640.jpg\" alt=\"Trastornos Depresivos\" class=\"wp-image-963\"\/><\/figure>\n\n\n\n<p>La buena noticia es que los <strong>trastornos depresivos<\/strong> son altamente tratables. Existen intervenciones validadas cient\u00edficamente que permiten una recuperaci\u00f3n significativa. El tratamiento \u00f3ptimo suele combinar <strong>psicoterapia<\/strong> y, en casos moderados a graves, <strong>farmacoterapia<\/strong>.<\/p>\n\n\n\n<h4 class=\"wp-block-heading has-large-font-size\">Psicoterapias Eficaces para los trastornos depresivos<\/h4>\n\n\n\n<p>La terapia psicol\u00f3gica es fundamental para dotar a la persona de herramientas contra los trastornos depresivos. Los enfoques con mayor respaldo para abordar problemas del <strong>estado de \u00e1nimo<\/strong> son:<\/p>\n\n\n\n<ol>\n<li><strong>Terapia Cognitivo-Conductual (TCC)<\/strong>: Se centra en identificar y modificar los <strong>patrones de pensamiento distorsionados<\/strong> (cogniciones) y los comportamientos que mantienen la depresi\u00f3n. Ayuda a cuestionar creencias negativas autom\u00e1ticas (&#8220;soy un fracaso&#8221;, &#8220;nada saldr\u00e1 bien&#8221;) y a reemplazarlas por otras m\u00e1s realistas y adaptativas.<\/li>\n\n\n\n<li><strong>Activaci\u00f3n Conductual<\/strong>: Parte de la TCC, se basa en la premisa de que la depresi\u00f3n se mantiene por la evitaci\u00f3n y la p\u00e9rdida de refuerzos positivos. El terapeuta y el paciente colaboran para programar gradualmente actividades placenteras y significativas, rompiendo el ciclo de inactividad y desesperanza.<\/li>\n\n\n\n<li><strong>Terapia Interpersonal (TIP)<\/strong>: Explora c\u00f3mo los problemas en las relaciones personales (duelos, conflictos, transiciones de rol) contribuyen al inicio o mantenimiento de la depresi\u00f3n. Trabaja para mejorar las habilidades de comunicaci\u00f3n y afrontamiento en el contexto social.<\/li>\n<\/ol>\n\n\n\n<h3 class=\"wp-block-heading has-large-font-size\">El Rol de la Medicaci\u00f3n<\/h3>\n\n\n\n<p>Los <strong>antidepresivos<\/strong> act\u00faan regulando los niveles de neurotransmisores en el cerebro. Su prescripci\u00f3n debe ser siempre realizada y supervisada por un <strong>m\u00e9dico psiquiatra<\/strong>, quien evaluar\u00e1 la necesidad, el tipo y la dosis adecuada. Es importante saber que:<\/p>\n\n\n\n<ul>\n<li><strong>No son &#8220;pastillas de la felicidad&#8221; ni crean dependencia<\/strong> como s\u00ed lo hacen otras sustancias.<\/li>\n\n\n\n<li>Su efecto tarda entre <strong>2 a 6 semanas<\/strong> en ser notable.<\/li>\n\n\n\n<li>Pueden tener efectos secundarios iniciales que suelen atenuarse con el tiempo.<\/li>\n\n\n\n<li>La decisi\u00f3n de suspenderlos debe ser gradual y siempre bajo supervisi\u00f3n m\u00e9dica.<\/li>\n<\/ul>\n\n\n\n<h3 class=\"wp-block-heading has-large-font-size\">Estrategias Complementarias y de Autocuidado<\/h3>\n\n\n\n<p>Junto al tratamiento profesional, ciertos cambios en el estilo de vida act\u00faan como poderosos coadyuvantes para los trastornos depresivos:<\/p>\n\n\n\n<ul>\n<li><strong>Ejercicio f\u00edsico regular<\/strong>: Act\u00faa como un antidepresivo natural al liberar endorfinas y favorecer la neuroplasticidad.<\/li>\n\n\n\n<li><strong>Rutina de sue\u00f1o<\/strong>: Mantener horarios regulares para dormir y despertar es crucial para estabilizar el estado de \u00e1nimo.<\/li>\n\n\n\n<li><strong>Alimentaci\u00f3n equilibrada<\/strong>: Una dieta rica en omega-3, vitaminas del grupo B y antioxidantes puede apoyar la salud cerebral.<\/li>\n\n\n\n<li><strong>Exposici\u00f3n a la luz natural<\/strong>: Especialmente importante en los casos con componente estacional o s\u00edntomas de letargo.<\/li>\n\n\n\n<li><strong>Pr\u00e1cticas de mindfulness y meditaci\u00f3n<\/strong>: Ayudan a gestionar los pensamientos recurrentes negativos y a reducir la reactividad al estr\u00e9s.<\/li>\n<\/ul>\n\n\n\n<h2 class=\"wp-block-heading has-x-large-font-size\">Fonasa Mindy: Atenci\u00f3n especializada en trastornos depresivos online<\/h2>\n\n\n\n<p>Acceder a un tratamiento de calidad para los <strong>trastornos depresivos<\/strong> no deber\u00eda ser una carga adicional. En Fonasa Mindy entendemos las barreras de tiempo, desplazamiento y, a veces, el estigma que puede impedir buscar ayuda. Por eso, ofrecemos un puente directo hacia el bienestar mental desde la comodidad y privacidad de tu hogar.<\/p>\n\n\n\n<h3 class=\"wp-block-heading has-large-font-size\">\u00bfC\u00f3mo Funciona la Terapia Online para la Depresi\u00f3n?<\/h3>\n\n\n\n<p>Nuestra plataforma conecta a usuarios beneficiarios de Fonasa con <strong>psic\u00f3logos especializados<\/strong> en el manejo de trastornos del <strong>estado de \u00e1nimo<\/strong>, capacitados para brindar terapia online efectiva y segura. El proceso es simple:<\/p>\n\n\n\n<ol>\n<li>Ingresas a nuestra plataforma y encuentras profesionales con formaci\u00f3n espec\u00edfica en enfoques como la TCC o la Terapia Interpersonal.<\/li>\n\n\n\n<li>Agendas una sesi\u00f3n en un horario que se adapte a tu rutina, sin tiempos de traslado.<\/li>\n\n\n\n<li>Te conectas a trav\u00e9s de una videollamada segura y confidencial con tu psic\u00f3logo.<\/li>\n\n\n\n<li>Comienzas un proceso terap\u00e9utico estructurado, recibiendo herramientas personalizadas para manejar los s\u00edntomas, modificar patrones de pensamiento y recuperar la vitalidad.<\/li>\n<\/ol>\n\n\n\n<h3 class=\"wp-block-heading has-large-font-size\">Beneficios Clave de Elegir Fonasa Mindy<\/h3>\n\n\n\n<ul>\n<li><strong>Accesibilidad con Fonasa<\/strong>: Atendemos a beneficiarios de Fonasa, haciendo la terapia psicol\u00f3gica profesional m\u00e1s accesible econ\u00f3micamente.<\/li>\n\n\n\n<li><strong>Especializaci\u00f3n<\/strong>: Nuestros psic\u00f3logos tienen experiencia y formaci\u00f3n en el tratamiento de los <strong>trastornos depresivos<\/strong>.<\/li>\n\n\n\n<li><strong>Flexibilidad y Comodidad<\/strong>: Realiza tus sesiones desde cualquier lugar con conexi\u00f3n a internet, facilitando la constancia en el tratamiento.<\/li>\n\n\n\n<li><strong>Confidencialidad Garantizada<\/strong>: Cumplimos con los m\u00e1s altos est\u00e1ndares \u00e9ticos y de protecci\u00f3n de datos.<\/li>\n\n\n\n<li><strong>Sin Listas de Espera<\/strong>: Agilizamos el proceso para que puedas comenzar tu camino de recuperaci\u00f3n lo antes posible.<\/li>\n<\/ul>\n\n\n\n<p>Si est\u00e1s listo para dar el primer paso, explora nuestro directorio de profesionales en <a href=\"https:\/\/fonasa.mindy.cl\/psicologos.php#\/\"><strong>Psic\u00f3logos online Fonasa Mindy<\/strong><\/a> y encuentra al especialista indicado para ti.<\/p>\n\n\n\n<p>Los <strong>trastornos depresivos<\/strong> son una realidad compleja pero superable. Comprender que se trata de una condici\u00f3n m\u00e9dica con bases neurobiol\u00f3gicas, reconocer sus s\u00edntomas m\u00e1s all\u00e1 del clich\u00e9 de la tristeza y saber que existen tratamientos eficaces basados en evidencia, es el primer acto de autocuidado. La recuperaci\u00f3n no es un camino lineal, sino un proceso donde cada paso, por peque\u00f1o que parezca, cuenta. Buscar ayuda profesional no es signo de debilidad, sino de fortaleza y de un profundo compromiso con tu propia vida y bienestar. <\/p>\n\n\n\n<p>Hoy, gracias a plataformas como la nuestra, esa ayuda est\u00e1 m\u00e1s cerca que nunca, adapt\u00e1ndose a tu realidad y respetando tu ritmo. No tienes que enfrentar esto en soledad. El apoyo especializado puede marcar la diferencia entre sobrevivir y volver a vivir con plenitud. Comienza tu viaje hacia un <strong>estado de \u00e1nimo<\/strong> equilibrado y una vida m\u00e1s significativa con <a href=\"https:\/\/fonasa.mindy.cl\/#\/\"><strong>Fonasa Mindy<\/strong><\/a>, y descubre todos los recursos disponibles tambi\u00e9n en la plataforma principal de <a href=\"https:\/\/mindy.cl\/\"><strong>Mindy<\/strong><\/a>.<\/p>\n\n\n\n<h2 class=\"wp-block-heading has-x-large-font-size\">Encuentra la terapia ideal seg\u00fan tu perfil y necesidades<\/h2>\n\n\n\n<p>No todos los enfoques psicol\u00f3gicos funcionan igual para todas las personas. Para ayudarte a dar el paso correcto, hemos dise\u00f1ado un <strong>Quiz de Orientaci\u00f3n Terap\u00e9utica<\/strong>. Al completarlo, descubrir\u00e1s qu\u00e9 tipo de especialista y metodolog\u00eda se adaptan mejor a tu situaci\u00f3n actual, permiti\u00e9ndote aprovechar al m\u00e1ximo tu beneficio Fonasa. <\/p>\n\n\n\n<p>\ud83d\udc49 <strong><a href=\"https:\/\/form.typeform.com\/to\/jfcSJODX\" target=\"_blank\" rel=\"noreferrer noopener\">Realiza el Quiz de Orientaci\u00f3n aqu\u00ed<\/a><\/strong><\/p>\n","protected":false},"excerpt":{"rendered":"<p>A menudo confundida con una tristeza pasajera, la realidad de los trastornos depresivos es mucho m\u00e1s compleja y profunda. Si sientes que la desesperanza se ha instalado como un peso constante, que las actividades que antes disfrutabas han perdido su color, o que la energ\u00eda para afrontar el d\u00eda a d\u00eda simplemente no aparece, no [&hellip;]<\/p>\n","protected":false},"author":3,"featured_media":961,"comment_status":"closed","ping_status":"closed","sticky":false,"template":"","format":"standard","meta":{"footnotes":""},"categories":[278],"tags":[],"yoast_head":"<!-- This site is optimized with the Yoast SEO plugin v23.0 - https:\/\/yoast.com\/wordpress\/plugins\/seo\/ -->\n<title>Trastornos Depresivos: M\u00e1s Que Tristeza y C\u00f3mo Superarla<\/title>\n<meta name=\"description\" content=\"Comprende los trastornos depresivos, sus s\u00edntomas y tratamientos basados en evidencia. Encuentra apoyo con psic\u00f3logos online Fonasa en Mindy.\" \/>\n<meta name=\"robots\" content=\"index, follow, max-snippet:-1, max-image-preview:large, max-video-preview:-1\" \/>\n<link rel=\"canonical\" href=\"https:\/\/fonasa.mindy.cl\/blog\/trastornos-depresivos\/\" \/>\n<meta property=\"og:locale\" content=\"es_ES\" \/>\n<meta property=\"og:type\" content=\"article\" \/>\n<meta property=\"og:title\" content=\"Trastornos Depresivos: M\u00e1s Que Tristeza y C\u00f3mo Superarla\" \/>\n<meta property=\"og:description\" content=\"Comprende los trastornos depresivos, sus s\u00edntomas y tratamientos basados en evidencia. Encuentra apoyo con psic\u00f3logos online Fonasa en Mindy.\" \/>\n<meta property=\"og:url\" content=\"https:\/\/fonasa.mindy.cl\/blog\/trastornos-depresivos\/\" \/>\n<meta property=\"og:site_name\" content=\"Mindy Fonasa Blog\" \/>\n<meta property=\"article:published_time\" content=\"2025-12-16T19:17:58+00:00\" \/>\n<meta property=\"article:modified_time\" content=\"2026-03-25T14:18:51+00:00\" \/>\n<meta property=\"og:image\" content=\"https:\/\/fonasa.mindy.cl\/blog\/wp-content\/uploads\/2025\/12\/masks-701837_640.jpg\" \/>\n\t<meta property=\"og:image:width\" content=\"640\" \/>\n\t<meta property=\"og:image:height\" content=\"427\" \/>\n\t<meta property=\"og:image:type\" content=\"image\/jpeg\" \/>\n<meta name=\"author\" content=\"estrategamkd@gmail.com\" \/>\n<meta name=\"twitter:card\" content=\"summary_large_image\" \/>\n<meta name=\"twitter:label1\" content=\"Written by\" \/>\n\t<meta name=\"twitter:data1\" content=\"estrategamkd@gmail.com\" \/>\n\t<meta name=\"twitter:label2\" content=\"Est. reading time\" \/>\n\t<meta name=\"twitter:data2\" content=\"10 minutos\" \/>\n<script type=\"application\/ld+json\" class=\"yoast-schema-graph\">{\"@context\":\"https:\/\/schema.org\",\"@graph\":[{\"@type\":\"Article\",\"@id\":\"https:\/\/fonasa.mindy.cl\/blog\/trastornos-depresivos\/#article\",\"isPartOf\":{\"@id\":\"https:\/\/fonasa.mindy.cl\/blog\/trastornos-depresivos\/\"},\"author\":{\"name\":\"estrategamkd@gmail.com\",\"@id\":\"https:\/\/fonasa.mindy.cl\/blog\/#\/schema\/person\/fa87761528fa733079f7f77181252f28\"},\"headline\":\"Trastornos Depresivos: M\u00e1s Que Tristeza y C\u00f3mo Superarla\",\"datePublished\":\"2025-12-16T19:17:58+00:00\",\"dateModified\":\"2026-03-25T14:18:51+00:00\",\"mainEntityOfPage\":{\"@id\":\"https:\/\/fonasa.mindy.cl\/blog\/trastornos-depresivos\/\"},\"wordCount\":2073,\"publisher\":{\"@id\":\"https:\/\/fonasa.mindy.cl\/blog\/#organization\"},\"image\":{\"@id\":\"https:\/\/fonasa.mindy.cl\/blog\/trastornos-depresivos\/#primaryimage\"},\"thumbnailUrl\":\"https:\/\/fonasa.mindy.cl\/blog\/wp-content\/uploads\/2025\/12\/masks-701837_640.jpg\",\"articleSection\":[\"Depresi\u00f3n\"],\"inLanguage\":\"es-CL\"},{\"@type\":\"WebPage\",\"@id\":\"https:\/\/fonasa.mindy.cl\/blog\/trastornos-depresivos\/\",\"url\":\"https:\/\/fonasa.mindy.cl\/blog\/trastornos-depresivos\/\",\"name\":\"Trastornos Depresivos: M\u00e1s Que Tristeza y C\u00f3mo Superarla\",\"isPartOf\":{\"@id\":\"https:\/\/fonasa.mindy.cl\/blog\/#website\"},\"primaryImageOfPage\":{\"@id\":\"https:\/\/fonasa.mindy.cl\/blog\/trastornos-depresivos\/#primaryimage\"},\"image\":{\"@id\":\"https:\/\/fonasa.mindy.cl\/blog\/trastornos-depresivos\/#primaryimage\"},\"thumbnailUrl\":\"https:\/\/fonasa.mindy.cl\/blog\/wp-content\/uploads\/2025\/12\/masks-701837_640.jpg\",\"datePublished\":\"2025-12-16T19:17:58+00:00\",\"dateModified\":\"2026-03-25T14:18:51+00:00\",\"description\":\"Comprende los trastornos depresivos, sus s\u00edntomas y tratamientos basados en evidencia. Encuentra apoyo con psic\u00f3logos online Fonasa en Mindy.\",\"breadcrumb\":{\"@id\":\"https:\/\/fonasa.mindy.cl\/blog\/trastornos-depresivos\/#breadcrumb\"},\"inLanguage\":\"es-CL\",\"potentialAction\":[{\"@type\":\"ReadAction\",\"target\":[\"https:\/\/fonasa.mindy.cl\/blog\/trastornos-depresivos\/\"]}]},{\"@type\":\"ImageObject\",\"inLanguage\":\"es-CL\",\"@id\":\"https:\/\/fonasa.mindy.cl\/blog\/trastornos-depresivos\/#primaryimage\",\"url\":\"https:\/\/fonasa.mindy.cl\/blog\/wp-content\/uploads\/2025\/12\/masks-701837_640.jpg\",\"contentUrl\":\"https:\/\/fonasa.mindy.cl\/blog\/wp-content\/uploads\/2025\/12\/masks-701837_640.jpg\",\"width\":640,\"height\":427,\"caption\":\"Trastornos Depresivos: M\u00e1s Que Tristeza y C\u00f3mo Superarla\"},{\"@type\":\"BreadcrumbList\",\"@id\":\"https:\/\/fonasa.mindy.cl\/blog\/trastornos-depresivos\/#breadcrumb\",\"itemListElement\":[{\"@type\":\"ListItem\",\"position\":1,\"name\":\"Home\",\"item\":\"https:\/\/fonasa.mindy.cl\/blog\/\"},{\"@type\":\"ListItem\",\"position\":2,\"name\":\"Trastornos Depresivos: M\u00e1s Que Tristeza y C\u00f3mo Superarla\"}]},{\"@type\":\"WebSite\",\"@id\":\"https:\/\/fonasa.mindy.cl\/blog\/#website\",\"url\":\"https:\/\/fonasa.mindy.cl\/blog\/\",\"name\":\"Mindy Fonasa Blog\",\"description\":\"Un blog de salud mental\",\"publisher\":{\"@id\":\"https:\/\/fonasa.mindy.cl\/blog\/#organization\"},\"potentialAction\":[{\"@type\":\"SearchAction\",\"target\":{\"@type\":\"EntryPoint\",\"urlTemplate\":\"https:\/\/fonasa.mindy.cl\/blog\/?s={search_term_string}\"},\"query-input\":\"required name=search_term_string\"}],\"inLanguage\":\"es-CL\"},{\"@type\":\"Organization\",\"@id\":\"https:\/\/fonasa.mindy.cl\/blog\/#organization\",\"name\":\"Mindy Fonasa Blog\",\"url\":\"https:\/\/fonasa.mindy.cl\/blog\/\",\"logo\":{\"@type\":\"ImageObject\",\"inLanguage\":\"es-CL\",\"@id\":\"https:\/\/fonasa.mindy.cl\/blog\/#\/schema\/logo\/image\/\",\"url\":\"https:\/\/fonasa.mindy.cl\/blog\/wp-content\/uploads\/2024\/07\/logo_cuadrado.png\",\"contentUrl\":\"https:\/\/fonasa.mindy.cl\/blog\/wp-content\/uploads\/2024\/07\/logo_cuadrado.png\",\"width\":300,\"height\":300,\"caption\":\"Mindy Fonasa Blog\"},\"image\":{\"@id\":\"https:\/\/fonasa.mindy.cl\/blog\/#\/schema\/logo\/image\/\"}},{\"@type\":\"Person\",\"@id\":\"https:\/\/fonasa.mindy.cl\/blog\/#\/schema\/person\/fa87761528fa733079f7f77181252f28\",\"name\":\"estrategamkd@gmail.com\",\"url\":\"https:\/\/fonasa.mindy.cl\/blog\/author\/estrategamkdgmail-com\/\"}]}<\/script>\n<!-- \/ Yoast SEO plugin. -->","yoast_head_json":{"title":"Trastornos Depresivos: M\u00e1s Que Tristeza y C\u00f3mo Superarla","description":"Comprende los trastornos depresivos, sus s\u00edntomas y tratamientos basados en evidencia. Encuentra apoyo con psic\u00f3logos online Fonasa en Mindy.","robots":{"index":"index","follow":"follow","max-snippet":"max-snippet:-1","max-image-preview":"max-image-preview:large","max-video-preview":"max-video-preview:-1"},"canonical":"https:\/\/fonasa.mindy.cl\/blog\/trastornos-depresivos\/","og_locale":"es_ES","og_type":"article","og_title":"Trastornos Depresivos: M\u00e1s Que Tristeza y C\u00f3mo Superarla","og_description":"Comprende los trastornos depresivos, sus s\u00edntomas y tratamientos basados en evidencia. Encuentra apoyo con psic\u00f3logos online Fonasa en Mindy.","og_url":"https:\/\/fonasa.mindy.cl\/blog\/trastornos-depresivos\/","og_site_name":"Mindy Fonasa Blog","article_published_time":"2025-12-16T19:17:58+00:00","article_modified_time":"2026-03-25T14:18:51+00:00","og_image":[{"width":640,"height":427,"url":"https:\/\/fonasa.mindy.cl\/blog\/wp-content\/uploads\/2025\/12\/masks-701837_640.jpg","type":"image\/jpeg"}],"author":"estrategamkd@gmail.com","twitter_card":"summary_large_image","twitter_misc":{"Written by":"estrategamkd@gmail.com","Est. reading time":"10 minutos"},"schema":{"@context":"https:\/\/schema.org","@graph":[{"@type":"Article","@id":"https:\/\/fonasa.mindy.cl\/blog\/trastornos-depresivos\/#article","isPartOf":{"@id":"https:\/\/fonasa.mindy.cl\/blog\/trastornos-depresivos\/"},"author":{"name":"estrategamkd@gmail.com","@id":"https:\/\/fonasa.mindy.cl\/blog\/#\/schema\/person\/fa87761528fa733079f7f77181252f28"},"headline":"Trastornos Depresivos: M\u00e1s Que Tristeza y C\u00f3mo Superarla","datePublished":"2025-12-16T19:17:58+00:00","dateModified":"2026-03-25T14:18:51+00:00","mainEntityOfPage":{"@id":"https:\/\/fonasa.mindy.cl\/blog\/trastornos-depresivos\/"},"wordCount":2073,"publisher":{"@id":"https:\/\/fonasa.mindy.cl\/blog\/#organization"},"image":{"@id":"https:\/\/fonasa.mindy.cl\/blog\/trastornos-depresivos\/#primaryimage"},"thumbnailUrl":"https:\/\/fonasa.mindy.cl\/blog\/wp-content\/uploads\/2025\/12\/masks-701837_640.jpg","articleSection":["Depresi\u00f3n"],"inLanguage":"es-CL"},{"@type":"WebPage","@id":"https:\/\/fonasa.mindy.cl\/blog\/trastornos-depresivos\/","url":"https:\/\/fonasa.mindy.cl\/blog\/trastornos-depresivos\/","name":"Trastornos Depresivos: M\u00e1s Que Tristeza y C\u00f3mo Superarla","isPartOf":{"@id":"https:\/\/fonasa.mindy.cl\/blog\/#website"},"primaryImageOfPage":{"@id":"https:\/\/fonasa.mindy.cl\/blog\/trastornos-depresivos\/#primaryimage"},"image":{"@id":"https:\/\/fonasa.mindy.cl\/blog\/trastornos-depresivos\/#primaryimage"},"thumbnailUrl":"https:\/\/fonasa.mindy.cl\/blog\/wp-content\/uploads\/2025\/12\/masks-701837_640.jpg","datePublished":"2025-12-16T19:17:58+00:00","dateModified":"2026-03-25T14:18:51+00:00","description":"Comprende los trastornos depresivos, sus s\u00edntomas y tratamientos basados en evidencia. Encuentra apoyo con psic\u00f3logos online Fonasa en Mindy.","breadcrumb":{"@id":"https:\/\/fonasa.mindy.cl\/blog\/trastornos-depresivos\/#breadcrumb"},"inLanguage":"es-CL","potentialAction":[{"@type":"ReadAction","target":["https:\/\/fonasa.mindy.cl\/blog\/trastornos-depresivos\/"]}]},{"@type":"ImageObject","inLanguage":"es-CL","@id":"https:\/\/fonasa.mindy.cl\/blog\/trastornos-depresivos\/#primaryimage","url":"https:\/\/fonasa.mindy.cl\/blog\/wp-content\/uploads\/2025\/12\/masks-701837_640.jpg","contentUrl":"https:\/\/fonasa.mindy.cl\/blog\/wp-content\/uploads\/2025\/12\/masks-701837_640.jpg","width":640,"height":427,"caption":"Trastornos Depresivos: M\u00e1s Que Tristeza y C\u00f3mo Superarla"},{"@type":"BreadcrumbList","@id":"https:\/\/fonasa.mindy.cl\/blog\/trastornos-depresivos\/#breadcrumb","itemListElement":[{"@type":"ListItem","position":1,"name":"Home","item":"https:\/\/fonasa.mindy.cl\/blog\/"},{"@type":"ListItem","position":2,"name":"Trastornos Depresivos: M\u00e1s Que Tristeza y C\u00f3mo Superarla"}]},{"@type":"WebSite","@id":"https:\/\/fonasa.mindy.cl\/blog\/#website","url":"https:\/\/fonasa.mindy.cl\/blog\/","name":"Mindy Fonasa Blog","description":"Un blog de salud mental","publisher":{"@id":"https:\/\/fonasa.mindy.cl\/blog\/#organization"},"potentialAction":[{"@type":"SearchAction","target":{"@type":"EntryPoint","urlTemplate":"https:\/\/fonasa.mindy.cl\/blog\/?s={search_term_string}"},"query-input":"required name=search_term_string"}],"inLanguage":"es-CL"},{"@type":"Organization","@id":"https:\/\/fonasa.mindy.cl\/blog\/#organization","name":"Mindy Fonasa Blog","url":"https:\/\/fonasa.mindy.cl\/blog\/","logo":{"@type":"ImageObject","inLanguage":"es-CL","@id":"https:\/\/fonasa.mindy.cl\/blog\/#\/schema\/logo\/image\/","url":"https:\/\/fonasa.mindy.cl\/blog\/wp-content\/uploads\/2024\/07\/logo_cuadrado.png","contentUrl":"https:\/\/fonasa.mindy.cl\/blog\/wp-content\/uploads\/2024\/07\/logo_cuadrado.png","width":300,"height":300,"caption":"Mindy Fonasa Blog"},"image":{"@id":"https:\/\/fonasa.mindy.cl\/blog\/#\/schema\/logo\/image\/"}},{"@type":"Person","@id":"https:\/\/fonasa.mindy.cl\/blog\/#\/schema\/person\/fa87761528fa733079f7f77181252f28","name":"estrategamkd@gmail.com","url":"https:\/\/fonasa.mindy.cl\/blog\/author\/estrategamkdgmail-com\/"}]}},"_links":{"self":[{"href":"https:\/\/fonasa.mindy.cl\/blog\/wp-json\/wp\/v2\/posts\/958"}],"collection":[{"href":"https:\/\/fonasa.mindy.cl\/blog\/wp-json\/wp\/v2\/posts"}],"about":[{"href":"https:\/\/fonasa.mindy.cl\/blog\/wp-json\/wp\/v2\/types\/post"}],"author":[{"embeddable":true,"href":"https:\/\/fonasa.mindy.cl\/blog\/wp-json\/wp\/v2\/users\/3"}],"replies":[{"embeddable":true,"href":"https:\/\/fonasa.mindy.cl\/blog\/wp-json\/wp\/v2\/comments?post=958"}],"version-history":[{"count":12,"href":"https:\/\/fonasa.mindy.cl\/blog\/wp-json\/wp\/v2\/posts\/958\/revisions"}],"predecessor-version":[{"id":1716,"href":"https:\/\/fonasa.mindy.cl\/blog\/wp-json\/wp\/v2\/posts\/958\/revisions\/1716"}],"wp:featuredmedia":[{"embeddable":true,"href":"https:\/\/fonasa.mindy.cl\/blog\/wp-json\/wp\/v2\/media\/961"}],"wp:attachment":[{"href":"https:\/\/fonasa.mindy.cl\/blog\/wp-json\/wp\/v2\/media?parent=958"}],"wp:term":[{"taxonomy":"category","embeddable":true,"href":"https:\/\/fonasa.mindy.cl\/blog\/wp-json\/wp\/v2\/categories?post=958"},{"taxonomy":"post_tag","embeddable":true,"href":"https:\/\/fonasa.mindy.cl\/blog\/wp-json\/wp\/v2\/tags?post=958"}],"curies":[{"name":"wp","href":"https:\/\/api.w.org\/{rel}","templated":true}]}}