{"id":945,"date":"2025-12-16T15:45:18","date_gmt":"2025-12-16T18:45:18","guid":{"rendered":"https:\/\/fonasa.mindy.cl\/blog\/?p=945"},"modified":"2026-03-25T10:27:49","modified_gmt":"2026-03-25T13:27:49","slug":"depresion-cronica","status":"publish","type":"post","link":"https:\/\/fonasa.mindy.cl\/blog\/depresion-cronica\/","title":{"rendered":"Depresi\u00f3n Cr\u00f3nica: Entendiendo la Distimia y Superando la Tristeza Persistente"},"content":{"rendered":"\n<p>Si has vivido con una sensaci\u00f3n de tristeza, melancol\u00eda o des\u00e1nimo que parece haber estado siempre ah\u00ed, o si sientes que tu estado de \u00e1nimo es perpetuamente &#8220;bajo&#8221;, es posible que est\u00e9s lidiando con lo que en el pasado se conoc\u00eda como <strong>distimia<\/strong> y que hoy se clasifica como <strong>Trastorno Depresivo Persistente (TDP)<\/strong>. A diferencia de la Depresi\u00f3n Mayor, que suele ser intensa y epis\u00f3dica, la <strong>depresi\u00f3n cr\u00f3nica<\/strong> es un compa\u00f1ero silencioso y duradero, que se arrastra durante a\u00f1os y hace que la vida se sienta gris, pero nunca totalmente oscura.<\/p>\n\n\n\n<p>Esta condici\u00f3n, por su cronicidad, puede llevarte a creer que ese es simplemente tu temperamento, dificultando la b\u00fasqueda de ayuda. Sin embargo, la <strong>depresi\u00f3n cr\u00f3nica<\/strong> es tratable. Este art\u00edculo, basado en evidencia cl\u00ednica y neurocient\u00edfica, te guiar\u00e1 a trav\u00e9s de la comprensi\u00f3n de esta condici\u00f3n, sus bases biol\u00f3gicas y las estrategias terap\u00e9uticas efectivas para recuperar la vitalidad y el bienestar.<\/p>\n\n\n\n<h2 class=\"wp-block-heading has-x-large-font-size\">\u23f3 La Depresi\u00f3n Cr\u00f3nica: Un Estado de \u00c1nimo Persistente<\/h2>\n\n\n\n<p>El diagn\u00f3stico de la <strong>depresi\u00f3n cr\u00f3nica<\/strong> o Trastorno Depresivo Persistente (TDP) se define por la <strong>duraci\u00f3n<\/strong> y la <strong>persistencia<\/strong> de los s\u00edntomas. Para un diagn\u00f3stico de TDP, los criterios cl\u00ednicos establecen que el estado de \u00e1nimo deprimido debe haber estado presente la mayor parte del d\u00eda, durante la mayor\u00eda de los d\u00edas, por al menos <strong>dos a\u00f1os<\/strong> (un a\u00f1o en ni\u00f1os y adolescentes).<\/p>\n\n\n\n<h3 class=\"wp-block-heading has-large-font-size\">Diferencias Clave: TDP vs. Depresi\u00f3n Mayor<\/h3>\n\n\n\n<p>Es fundamental diferenciar el TDP de la <strong><a href=\"https:\/\/fonasa.mindy.cl\/blog\/mayor-depresion\/\">Depresi\u00f3n Mayor<\/a><\/strong>. Mientras que la Depresi\u00f3n Mayor se caracteriza por s\u00edntomas m\u00e1s intensos y a menudo incapacitantes (\u00e1nimo bajo, anhedonia, alteraciones severas de sue\u00f1o y apetito), la <strong>depresi\u00f3n cr\u00f3nica<\/strong> se caracteriza por:<\/p>\n\n\n\n<ul>\n<li><strong>S\u00edntomas Menos Intensos:<\/strong> Los s\u00edntomas son m\u00e1s sutiles, pero constantes. La persona puede funcionar, pero a un nivel bajo y con gran esfuerzo.<\/li>\n\n\n\n<li><strong>Cronicidad:<\/strong> La duraci\u00f3n es la clave. Es un estado de \u00e1nimo deprimido que se ha instalado y del cual la persona tiene pocos o ning\u00fan per\u00edodo de remisi\u00f3n (m\u00e1ximo de dos meses).<\/li>\n\n\n\n<li><strong>&#8220;Doble Depresi\u00f3n&#8221;:<\/strong> Un desaf\u00edo particular del TDP es que la persona puede experimentar episodios y <strong><a href=\"https:\/\/fonasa.mindy.cl\/blog\/sintomas-de-trastorno-depresivo-mayor\/\">s\u00edntomas de trastorno Depresivo Mayor<\/a><\/strong> mientras ya padece TDP. Esto se conoce como &#8220;doble depresi\u00f3n&#8221; y requiere un manejo cl\u00ednico m\u00e1s intensivo.<\/li>\n<\/ul>\n\n\n\n<h3 class=\"wp-block-heading has-large-font-size\">\u2753 Mitos Comunes sobre la Depresi\u00f3n Cr\u00f3nica<\/h3>\n\n\n\n<ul>\n<li><strong>Mito:<\/strong> La depresi\u00f3n cr\u00f3nica es solo una &#8220;personalidad pesimista&#8221;.\n<ul>\n<li><strong>Realidad:<\/strong> Es un trastorno cl\u00ednico. Si bien puede influir en la personalidad, el TDP es una alteraci\u00f3n del estado de \u00e1nimo que se puede medir y tratar.<\/li>\n<\/ul>\n<\/li>\n\n\n\n<li><strong>Mito:<\/strong> Si puedes re\u00edrte o funcionar, no es depresi\u00f3n de verdad.\n<ul>\n<li><strong>Realidad:<\/strong> El TDP permite un funcionamiento b\u00e1sico. Muchas personas con <strong>depresi\u00f3n cr\u00f3nica<\/strong> han desarrollado mecanismos de afrontamiento para ocultar su malestar, pero internamente la tristeza y la fatiga persisten.<\/li>\n<\/ul>\n<\/li>\n<\/ul>\n\n\n\n<h2 class=\"wp-block-heading has-x-large-font-size\">\ud83e\uddea El Origen Neurobiol\u00f3gico de la Depresi\u00f3n Cr\u00f3nica<\/h2>\n\n\n\n<figure class=\"wp-block-image alignwide size-full\"><img loading=\"lazy\" decoding=\"async\" width=\"1990\" height=\"1259\" src=\"https:\/\/fonasa.mindy.cl\/blog\/wp-content\/uploads\/2025\/12\/Depresion-Cronica.png\" alt=\"Depresion Cronica\" class=\"wp-image-977\"\/><\/figure>\n\n\n\n<p>Al igual que otras formas de depresi\u00f3n, la <strong>depresi\u00f3n cr\u00f3nica<\/strong> tiene bases neurobiol\u00f3gicas. Su cronicidad sugiere una desregulaci\u00f3n del sistema de estr\u00e9s que se ha vuelto un estado basal.<\/p>\n\n\n\n<h3 class=\"wp-block-heading has-large-font-size\">El Desgaste del Sistema de Estr\u00e9s y Neurotransmisores<\/h3>\n\n\n\n<p>La cronicidad del bajo estado de \u00e1nimo en el TDP se asocia a:<\/p>\n\n\n\n<ul>\n<li><strong>Desregulaci\u00f3n del Eje HPA:<\/strong> La exposici\u00f3n prolongada al estr\u00e9s o al estado de \u00e1nimo bajo puede llevar a una disfunci\u00f3n del <strong>Eje Hipot\u00e1lamo-Pituitaria-Adrenal (HPA)<\/strong>, el sistema de respuesta al estr\u00e9s. Esta desregulaci\u00f3n significa que el cuerpo tiene dificultades para apagar la respuesta de estr\u00e9s, manteniendo niveles ligeramente elevados de <strong>cortisol<\/strong> que, con el tiempo, agotan los recursos del cerebro.<\/li>\n\n\n\n<li><strong>Menor Sensibilidad a Neurotransmisores:<\/strong> Aunque los d\u00e9ficits en <strong>serotonina<\/strong> y <strong>norepinefrina<\/strong> est\u00e1n implicados, en el TDP el problema puede ser una <strong>disminuci\u00f3n de la sensibilidad<\/strong> de los receptores neuronales a estas sustancias, lo que dificulta que el estado de \u00e1nimo &#8220;rebote&#8221; a niveles normales.<\/li>\n\n\n\n<li><strong>Inflamaci\u00f3n Cr\u00f3nica:<\/strong> La investigaci\u00f3n reciente indica un v\u00ednculo entre el TDP y marcadores de inflamaci\u00f3n cr\u00f3nica. La inflamaci\u00f3n puede afectar directamente la funci\u00f3n de los neurotransmisores y contribuir a la fatiga y el bajo estado de \u00e1nimo.<\/li>\n<\/ul>\n\n\n\n<p>Esta explicaci\u00f3n neurobiol\u00f3gica es vital, ya que elimina el estigma de que la <strong>depresi\u00f3n cr\u00f3nica<\/strong> es un fallo moral o de fuerza de voluntad, confirm\u00e1ndola como una condici\u00f3n m\u00e9dica que requiere intervenci\u00f3n.<\/p>\n\n\n\n<h2 class=\"wp-block-heading has-x-large-font-size\">\ud83c\udfaf Abordaje Terap\u00e9utico para la Depresi\u00f3n Cr\u00f3nica<\/h2>\n\n\n\n<p>Debido a que la <strong>depresi\u00f3n cr\u00f3nica<\/strong> es un patr\u00f3n de larga data, el tratamiento suele requerir una combinaci\u00f3n de farmacolog\u00eda y psicoterapia, a menudo con una duraci\u00f3n m\u00e1s larga que la depresi\u00f3n aguda.<\/p>\n\n\n\n<h3 class=\"wp-block-heading has-large-font-size\">1. La Psicoterapia Focalizada<\/h3>\n\n\n\n<p>La terapia es fundamental para cambiar los patrones de pensamiento y comportamiento que han reforzado la cronicidad del bajo estado de \u00e1nimo.<\/p>\n\n\n\n<h4 class=\"wp-block-heading has-medium-font-size\">A. Terapia de Activaci\u00f3n Conductual (TAC)<\/h4>\n\n\n\n<p>El TDP a menudo se mantiene por la evitaci\u00f3n de actividades y el aislamiento. La TAC es altamente efectiva porque se enfoca en romper el ciclo de inercia y tristeza a trav\u00e9s de:<\/p>\n\n\n\n<ul>\n<li><strong>Identificaci\u00f3n de Valores:<\/strong> Aclarar qu\u00e9 es lo que realmente valoras en la vida (ej. conexi\u00f3n social, logro, salud).<\/li>\n\n\n\n<li><strong>Programaci\u00f3n de Actividades:<\/strong> Programar acciones alineadas con esos valores, incluso si no hay motivaci\u00f3n inicial. La activaci\u00f3n de conductas de logro y placer es lo que, con el tiempo, genera un cambio bioqu\u00edmico y emocional.<\/li>\n\n\n\n<li><strong>Monitoreo del Estado de \u00c1nimo:<\/strong> Registrar c\u00f3mo te sientes <em>despu\u00e9s<\/em> de realizar ciertas actividades, reforzando la evidencia de que las acciones pueden influir en el \u00e1nimo.<\/li>\n<\/ul>\n\n\n\n<h4 class=\"wp-block-heading has-medium-font-size\">B. Terapia Cognitivo-Conductual (TCC)<\/h4>\n\n\n\n<p>La TCC es crucial para abordar la <strong>visi\u00f3n negativa del mundo<\/strong> y el <strong>estilo explicativo pesimista<\/strong> que caracteriza la depresi\u00f3n cr\u00f3nica:<\/p>\n\n\n\n<ul>\n<li><strong>Reestructuraci\u00f3n de Esquemas:<\/strong> El terapeuta trabaja para identificar y modificar los <strong>esquemas desadaptativos tempranos<\/strong> (creencias profundas sobre uno mismo, el futuro y el mundo, como &#8220;Soy defectuoso&#8221;, &#8220;Nunca ser\u00e9 feliz&#8221;) que se establecieron en la infancia o adolescencia y han mantenido el estado de \u00e1nimo bajo.<\/li>\n\n\n\n<li><strong>Entrenamiento en Soluci\u00f3n de Problemas:<\/strong> Muchas veces, el TDP se complica con problemas reales (relacionales, laborales) que se sienten insuperables. La TCC ense\u00f1a un proceso estructurado para abordar estos problemas, restaurando la sensaci\u00f3n de <strong>autoeficacia<\/strong>.<\/li>\n<\/ul>\n\n\n\n<h3 class=\"wp-block-heading has-large-font-size\">2. El Papel de la Farmacolog\u00eda<\/h3>\n\n\n\n<p>En muchos casos de <strong>depresi\u00f3n cr\u00f3nica<\/strong>, los antidepresivos pueden ser una herramienta crucial para elevar el estado de \u00e1nimo basal y permitir que la psicoterapia sea m\u00e1s efectiva.<\/p>\n\n\n\n<ul>\n<li><strong>Tipos de Antidepresivos:<\/strong> Los Inhibidores Selectivos de la Recaptaci\u00f3n de Serotonina (ISRS) son a menudo la primera l\u00ednea de tratamiento, pero un psiquiatra evaluar\u00e1 la mejor opci\u00f3n seg\u00fan la presentaci\u00f3n de los s\u00edntomas y la duraci\u00f3n del trastorno.<\/li>\n\n\n\n<li><strong>Duraci\u00f3n del Tratamiento:<\/strong> Debido a la cronicidad, el tratamiento farmacol\u00f3gico puede ser necesario durante un per\u00edodo m\u00e1s extendido para consolidar la remisi\u00f3n y prevenir reca\u00eddas.<\/li>\n<\/ul>\n\n\n\n<h2 class=\"wp-block-heading has-x-large-font-size\">\ud83c\udf1f Estrategias de Autocuidado para Romper la Cronicidad<\/h2>\n\n\n\n<figure class=\"wp-block-image alignwide size-full\"><img loading=\"lazy\" decoding=\"async\" width=\"1995\" height=\"1265\" src=\"https:\/\/fonasa.mindy.cl\/blog\/wp-content\/uploads\/2025\/12\/Depresion-Cronica-1.png\" alt=\"\" class=\"wp-image-980\"\/><\/figure>\n\n\n\n<p>Los h\u00e1bitos diarios, aunque parezcan peque\u00f1os, son fundamentales para combatir la <strong>depresi\u00f3n cr\u00f3nica<\/strong>.<\/p>\n\n\n\n<ul>\n<li><strong>1. Rutina Rigurosa:<\/strong> La <strong>depresi\u00f3n cr\u00f3nica<\/strong> prospera en el caos y la inercia. Establecer horarios fijos para levantarse, comer y acostarse, incluso en d\u00edas libres, ayuda a regular el ritmo circadiano y los patrones de sue\u00f1o, que son a menudo desorganizados en el TDP.<\/li>\n\n\n\n<li><strong>2. Nutrici\u00f3n Cerebral:<\/strong> La conexi\u00f3n entre el intestino y el cerebro es innegable. Una dieta rica en \u00e1cidos grasos <strong>Omega-3<\/strong> (ej. pescado azul) y la reducci\u00f3n de az\u00facares y alimentos procesados pueden tener un efecto positivo en el \u00e1nimo y en la reducci\u00f3n de la inflamaci\u00f3n.<\/li>\n\n\n\n<li><strong>3. Movimiento Consistente:<\/strong> El ejercicio, incluso una caminata diaria de 30 minutos, es un potente neuroprotector y eleva los niveles de endorfinas y serotonina. La clave es la <strong>consistencia<\/strong>, no la intensidad.<\/li>\n\n\n\n<li><strong>4. Pr\u00e1ctica de Mindfulness y Compasi\u00f3n:<\/strong> La <strong>depresi\u00f3n cr\u00f3nica<\/strong> se caracteriza por una cr\u00edtica interna intensa. La atenci\u00f3n plena te ayuda a observar esos pensamientos sin creerlos, y la <strong>autocompasi\u00f3n<\/strong> (tratarte a ti mismo como tratar\u00edas a un amigo que sufre) reduce la verg\u00fcenza y el auto-castigo.<\/li>\n<\/ul>\n\n\n\n<h2 class=\"wp-block-heading has-x-large-font-size\">\ud83d\udc9a Fonasa Mindy: Tu Aliado en el Tratamiento de la Depresi\u00f3n Cr\u00f3nica<\/h2>\n\n\n\n<p>Si has estado viviendo con este &#8220;peso en el alma&#8221; durante a\u00f1os, es hora de buscar el apoyo que necesitas. La <strong>depresi\u00f3n cr\u00f3nica<\/strong> puede ser abordada con \u00e9xito a trav\u00e9s de un tratamiento estructurado. En Chile, la depresi\u00f3n (incluyendo sus formas cr\u00f3nicas) es una patolog\u00eda cubierta por el <strong>Plan AUGE\/GES<\/strong> de Fonasa. <strong><a href=\"https:\/\/fonasa.mindy.cl\/#\/\">Fonasa Mindy<\/a><\/strong> te facilita la conexi\u00f3n con psic\u00f3logos cl\u00ednicos expertos para complementar el tratamiento multidisciplinario que el TDP requiere.<\/p>\n\n\n\n<h3 class=\"wp-block-heading has-large-font-size\">Fonasa Mindy: Psicolog\u00eda Accesible y Profesional<\/h3>\n\n\n\n<ul>\n<li><strong>Especialistas en TDP:<\/strong> Accede a terapeutas entrenados en TCC y TAC, enfoques comprobados para romper los ciclos de la <strong>depresi\u00f3n cr\u00f3nica<\/strong>.<\/li>\n\n\n\n<li><strong>Comodidad de la Atenci\u00f3n Online:<\/strong> La terapia virtual es ideal para personas con TDP, ya que la fatiga y la falta de motivaci\u00f3n pueden hacer que asistir a citas presenciales sea una barrera.<\/li>\n\n\n\n<li><strong>Uso de Cobertura Fonasa:<\/strong> Hacemos simple y asequible el uso de tu beneficio Fonasa para que puedas tener la constancia terap\u00e9utica necesaria para un trastorno de larga data.<\/li>\n\n\n\n<li><strong>Enfoque Integral:<\/strong> Nuestros psic\u00f3logos te orientar\u00e1n en la coordinaci\u00f3n de la atenci\u00f3n psiqui\u00e1trica (si se requiere medicaci\u00f3n) y el tratamiento psicol\u00f3gico, asegurando la complementariedad.<\/li>\n<\/ul>\n\n\n\n<p>No normalices la tristeza. Mereces sentirte mejor, y el primer paso es buscar ayuda profesional.<\/p>\n\n\n\n<p><strong><a href=\"https:\/\/fonasa.mindy.cl\/psicologos.php#\/\" target=\"_blank\" rel=\"noreferrer noopener\">Psic\u00f3logos online Fonasa Mindy<\/a><\/strong><\/p>\n\n\n\n<h2 class=\"wp-block-heading has-x-large-font-size\">\ud83c\udf08 Conclusi\u00f3n: La Posibilidad de un Horizonte M\u00e1s Brillante<\/h2>\n\n\n\n<p>La <strong>depresi\u00f3n cr\u00f3nica<\/strong> es una batalla de resistencia, pero con las herramientas adecuadas, es una batalla que puedes ganar. El conocimiento de sus bases biol\u00f3gicas y la aplicaci\u00f3n constante de estrategias de activaci\u00f3n conductual y reestructuraci\u00f3n cognitiva, de la mano de un profesional, te permitir\u00e1n poco a poco desmantelar la cronicidad del bajo estado de \u00e1nimo. Recuerda que la salud mental es un proceso continuo. No tienes que esperar a sentirte motivado para empezar a actuar; la acci\u00f3n, de hecho, precede a la motivaci\u00f3n.<\/p>\n\n\n\n<p>Toma el control de tu bienestar hoy.<\/p>\n\n\n\n<p><strong><a href=\"https:\/\/fonasa.mindy.cl\/#\/\" target=\"_blank\" rel=\"noreferrer noopener\">Fonasa Mindy<\/a><\/strong><\/p>\n\n\n\n<p><strong>Tambi\u00e9n puedes conocer m\u00e1s sobre nuestra plataforma completa de Psicolog\u00eda online en:<\/strong> <strong><a href=\"https:\/\/mindy.cl\/\" target=\"_blank\" rel=\"noreferrer noopener\">Mindy<\/a><\/strong><\/p>\n\n\n\n<h2 class=\"wp-block-heading has-x-large-font-size\">Conocerte es el primer paso para sanar<\/h2>\n\n\n\n<p>Entender lo que sientes es clave para encontrar el apoyo indicado. En&nbsp;<strong>Fonasa&nbsp;<a href=\"https:\/\/mindy.cl\/\" target=\"_blank\" rel=\"noreferrer noopener\">Mindy.cl<\/a><\/strong>&nbsp;te ofrecemos una herramienta sencilla: un <strong>Quiz dise\u00f1ado para ayudarte a evaluar tus niveles de depresi\u00f3n<\/strong> y as\u00ed poder acceder a la terapia psicol\u00f3gica que realmente se ajusta a tus necesidades. No dejes pasar esta oportunidad de cuidar tu mente.<\/p>\n\n\n\n<p>\ud83c\udfaf&nbsp;<strong>Realiza el Quiz gratuito:<\/strong>&nbsp;<a href=\"https:\/\/form.typeform.com\/to\/P78CVEPt\" target=\"_blank\" rel=\"noreferrer noopener\"><strong>https:\/\/form.typeform.com\/to\/P78CVEPt<\/strong><\/a><\/p>\n","protected":false},"excerpt":{"rendered":"<p>Si has vivido con una sensaci\u00f3n de tristeza, melancol\u00eda o des\u00e1nimo que parece haber estado siempre ah\u00ed, o si sientes que tu estado de \u00e1nimo es perpetuamente &#8220;bajo&#8221;, es posible que est\u00e9s lidiando con lo que en el pasado se conoc\u00eda como distimia y que hoy se clasifica como Trastorno Depresivo Persistente (TDP). A diferencia [&hellip;]<\/p>\n","protected":false},"author":3,"featured_media":1086,"comment_status":"closed","ping_status":"closed","sticky":false,"template":"","format":"standard","meta":{"footnotes":""},"categories":[278],"tags":[],"yoast_head":"<!-- This site is optimized with the Yoast SEO plugin v23.0 - https:\/\/yoast.com\/wordpress\/plugins\/seo\/ -->\n<title>Depresi\u00f3n Cr\u00f3nica: Entendiendo y superando la Distimia y Tristeza<\/title>\n<meta name=\"description\" content=\"Aprende a identificar la depresi\u00f3n cr\u00f3nica (Distimia o Trastorno Depresivo Persistente), sus s\u00edntomas y los tratamientos para recuperarte.\" \/>\n<meta name=\"robots\" content=\"index, follow, max-snippet:-1, max-image-preview:large, max-video-preview:-1\" \/>\n<link rel=\"canonical\" href=\"https:\/\/fonasa.mindy.cl\/blog\/depresion-cronica\/\" \/>\n<meta property=\"og:locale\" content=\"es_ES\" \/>\n<meta property=\"og:type\" content=\"article\" \/>\n<meta property=\"og:title\" content=\"Depresi\u00f3n Cr\u00f3nica: Entendiendo y superando la Distimia y Tristeza\" \/>\n<meta property=\"og:description\" content=\"Aprende a identificar la depresi\u00f3n cr\u00f3nica (Distimia o Trastorno Depresivo Persistente), sus s\u00edntomas y los tratamientos para recuperarte.\" \/>\n<meta property=\"og:url\" content=\"https:\/\/fonasa.mindy.cl\/blog\/depresion-cronica\/\" \/>\n<meta property=\"og:site_name\" content=\"Mindy Fonasa Blog\" \/>\n<meta property=\"article:published_time\" content=\"2025-12-16T18:45:18+00:00\" \/>\n<meta property=\"article:modified_time\" content=\"2026-03-25T13:27:49+00:00\" \/>\n<meta property=\"og:image\" content=\"https:\/\/fonasa.mindy.cl\/blog\/wp-content\/uploads\/2025\/12\/Depresion-en-adulto-mayor.jpg\" \/>\n\t<meta property=\"og:image:width\" content=\"640\" \/>\n\t<meta property=\"og:image:height\" content=\"427\" \/>\n\t<meta property=\"og:image:type\" content=\"image\/jpeg\" \/>\n<meta name=\"author\" content=\"estrategamkd@gmail.com\" \/>\n<meta name=\"twitter:card\" content=\"summary_large_image\" \/>\n<meta name=\"twitter:label1\" content=\"Written by\" \/>\n\t<meta name=\"twitter:data1\" content=\"estrategamkd@gmail.com\" \/>\n\t<meta name=\"twitter:label2\" content=\"Est. reading time\" \/>\n\t<meta name=\"twitter:data2\" content=\"8 minutos\" \/>\n<script type=\"application\/ld+json\" class=\"yoast-schema-graph\">{\"@context\":\"https:\/\/schema.org\",\"@graph\":[{\"@type\":\"Article\",\"@id\":\"https:\/\/fonasa.mindy.cl\/blog\/depresion-cronica\/#article\",\"isPartOf\":{\"@id\":\"https:\/\/fonasa.mindy.cl\/blog\/depresion-cronica\/\"},\"author\":{\"name\":\"estrategamkd@gmail.com\",\"@id\":\"https:\/\/fonasa.mindy.cl\/blog\/#\/schema\/person\/fa87761528fa733079f7f77181252f28\"},\"headline\":\"Depresi\u00f3n Cr\u00f3nica: Entendiendo la Distimia y Superando la Tristeza Persistente\",\"datePublished\":\"2025-12-16T18:45:18+00:00\",\"dateModified\":\"2026-03-25T13:27:49+00:00\",\"mainEntityOfPage\":{\"@id\":\"https:\/\/fonasa.mindy.cl\/blog\/depresion-cronica\/\"},\"wordCount\":1876,\"publisher\":{\"@id\":\"https:\/\/fonasa.mindy.cl\/blog\/#organization\"},\"image\":{\"@id\":\"https:\/\/fonasa.mindy.cl\/blog\/depresion-cronica\/#primaryimage\"},\"thumbnailUrl\":\"https:\/\/fonasa.mindy.cl\/blog\/wp-content\/uploads\/2025\/12\/Depresion-en-adulto-mayor.jpg\",\"articleSection\":[\"Depresi\u00f3n\"],\"inLanguage\":\"es-CL\"},{\"@type\":\"WebPage\",\"@id\":\"https:\/\/fonasa.mindy.cl\/blog\/depresion-cronica\/\",\"url\":\"https:\/\/fonasa.mindy.cl\/blog\/depresion-cronica\/\",\"name\":\"Depresi\u00f3n Cr\u00f3nica: Entendiendo y superando la Distimia y Tristeza\",\"isPartOf\":{\"@id\":\"https:\/\/fonasa.mindy.cl\/blog\/#website\"},\"primaryImageOfPage\":{\"@id\":\"https:\/\/fonasa.mindy.cl\/blog\/depresion-cronica\/#primaryimage\"},\"image\":{\"@id\":\"https:\/\/fonasa.mindy.cl\/blog\/depresion-cronica\/#primaryimage\"},\"thumbnailUrl\":\"https:\/\/fonasa.mindy.cl\/blog\/wp-content\/uploads\/2025\/12\/Depresion-en-adulto-mayor.jpg\",\"datePublished\":\"2025-12-16T18:45:18+00:00\",\"dateModified\":\"2026-03-25T13:27:49+00:00\",\"description\":\"Aprende a identificar la depresi\u00f3n cr\u00f3nica (Distimia o Trastorno Depresivo Persistente), sus s\u00edntomas y los tratamientos para recuperarte.\",\"breadcrumb\":{\"@id\":\"https:\/\/fonasa.mindy.cl\/blog\/depresion-cronica\/#breadcrumb\"},\"inLanguage\":\"es-CL\",\"potentialAction\":[{\"@type\":\"ReadAction\",\"target\":[\"https:\/\/fonasa.mindy.cl\/blog\/depresion-cronica\/\"]}]},{\"@type\":\"ImageObject\",\"inLanguage\":\"es-CL\",\"@id\":\"https:\/\/fonasa.mindy.cl\/blog\/depresion-cronica\/#primaryimage\",\"url\":\"https:\/\/fonasa.mindy.cl\/blog\/wp-content\/uploads\/2025\/12\/Depresion-en-adulto-mayor.jpg\",\"contentUrl\":\"https:\/\/fonasa.mindy.cl\/blog\/wp-content\/uploads\/2025\/12\/Depresion-en-adulto-mayor.jpg\",\"width\":640,\"height\":427},{\"@type\":\"BreadcrumbList\",\"@id\":\"https:\/\/fonasa.mindy.cl\/blog\/depresion-cronica\/#breadcrumb\",\"itemListElement\":[{\"@type\":\"ListItem\",\"position\":1,\"name\":\"Home\",\"item\":\"https:\/\/fonasa.mindy.cl\/blog\/\"},{\"@type\":\"ListItem\",\"position\":2,\"name\":\"Depresi\u00f3n Cr\u00f3nica: Entendiendo la Distimia y Superando la Tristeza Persistente\"}]},{\"@type\":\"WebSite\",\"@id\":\"https:\/\/fonasa.mindy.cl\/blog\/#website\",\"url\":\"https:\/\/fonasa.mindy.cl\/blog\/\",\"name\":\"Mindy Fonasa Blog\",\"description\":\"Un blog de salud mental\",\"publisher\":{\"@id\":\"https:\/\/fonasa.mindy.cl\/blog\/#organization\"},\"potentialAction\":[{\"@type\":\"SearchAction\",\"target\":{\"@type\":\"EntryPoint\",\"urlTemplate\":\"https:\/\/fonasa.mindy.cl\/blog\/?s={search_term_string}\"},\"query-input\":\"required name=search_term_string\"}],\"inLanguage\":\"es-CL\"},{\"@type\":\"Organization\",\"@id\":\"https:\/\/fonasa.mindy.cl\/blog\/#organization\",\"name\":\"Mindy Fonasa Blog\",\"url\":\"https:\/\/fonasa.mindy.cl\/blog\/\",\"logo\":{\"@type\":\"ImageObject\",\"inLanguage\":\"es-CL\",\"@id\":\"https:\/\/fonasa.mindy.cl\/blog\/#\/schema\/logo\/image\/\",\"url\":\"https:\/\/fonasa.mindy.cl\/blog\/wp-content\/uploads\/2024\/07\/logo_cuadrado.png\",\"contentUrl\":\"https:\/\/fonasa.mindy.cl\/blog\/wp-content\/uploads\/2024\/07\/logo_cuadrado.png\",\"width\":300,\"height\":300,\"caption\":\"Mindy Fonasa Blog\"},\"image\":{\"@id\":\"https:\/\/fonasa.mindy.cl\/blog\/#\/schema\/logo\/image\/\"}},{\"@type\":\"Person\",\"@id\":\"https:\/\/fonasa.mindy.cl\/blog\/#\/schema\/person\/fa87761528fa733079f7f77181252f28\",\"name\":\"estrategamkd@gmail.com\",\"url\":\"https:\/\/fonasa.mindy.cl\/blog\/author\/estrategamkdgmail-com\/\"}]}<\/script>\n<!-- \/ Yoast SEO plugin. -->","yoast_head_json":{"title":"Depresi\u00f3n Cr\u00f3nica: Entendiendo y superando la Distimia y Tristeza","description":"Aprende a identificar la depresi\u00f3n cr\u00f3nica (Distimia o Trastorno Depresivo Persistente), sus s\u00edntomas y los tratamientos para recuperarte.","robots":{"index":"index","follow":"follow","max-snippet":"max-snippet:-1","max-image-preview":"max-image-preview:large","max-video-preview":"max-video-preview:-1"},"canonical":"https:\/\/fonasa.mindy.cl\/blog\/depresion-cronica\/","og_locale":"es_ES","og_type":"article","og_title":"Depresi\u00f3n Cr\u00f3nica: Entendiendo y superando la Distimia y Tristeza","og_description":"Aprende a identificar la depresi\u00f3n cr\u00f3nica (Distimia o Trastorno Depresivo Persistente), sus s\u00edntomas y los tratamientos para recuperarte.","og_url":"https:\/\/fonasa.mindy.cl\/blog\/depresion-cronica\/","og_site_name":"Mindy Fonasa Blog","article_published_time":"2025-12-16T18:45:18+00:00","article_modified_time":"2026-03-25T13:27:49+00:00","og_image":[{"width":640,"height":427,"url":"https:\/\/fonasa.mindy.cl\/blog\/wp-content\/uploads\/2025\/12\/Depresion-en-adulto-mayor.jpg","type":"image\/jpeg"}],"author":"estrategamkd@gmail.com","twitter_card":"summary_large_image","twitter_misc":{"Written by":"estrategamkd@gmail.com","Est. reading time":"8 minutos"},"schema":{"@context":"https:\/\/schema.org","@graph":[{"@type":"Article","@id":"https:\/\/fonasa.mindy.cl\/blog\/depresion-cronica\/#article","isPartOf":{"@id":"https:\/\/fonasa.mindy.cl\/blog\/depresion-cronica\/"},"author":{"name":"estrategamkd@gmail.com","@id":"https:\/\/fonasa.mindy.cl\/blog\/#\/schema\/person\/fa87761528fa733079f7f77181252f28"},"headline":"Depresi\u00f3n Cr\u00f3nica: Entendiendo la Distimia y Superando la Tristeza Persistente","datePublished":"2025-12-16T18:45:18+00:00","dateModified":"2026-03-25T13:27:49+00:00","mainEntityOfPage":{"@id":"https:\/\/fonasa.mindy.cl\/blog\/depresion-cronica\/"},"wordCount":1876,"publisher":{"@id":"https:\/\/fonasa.mindy.cl\/blog\/#organization"},"image":{"@id":"https:\/\/fonasa.mindy.cl\/blog\/depresion-cronica\/#primaryimage"},"thumbnailUrl":"https:\/\/fonasa.mindy.cl\/blog\/wp-content\/uploads\/2025\/12\/Depresion-en-adulto-mayor.jpg","articleSection":["Depresi\u00f3n"],"inLanguage":"es-CL"},{"@type":"WebPage","@id":"https:\/\/fonasa.mindy.cl\/blog\/depresion-cronica\/","url":"https:\/\/fonasa.mindy.cl\/blog\/depresion-cronica\/","name":"Depresi\u00f3n Cr\u00f3nica: Entendiendo y superando la Distimia y Tristeza","isPartOf":{"@id":"https:\/\/fonasa.mindy.cl\/blog\/#website"},"primaryImageOfPage":{"@id":"https:\/\/fonasa.mindy.cl\/blog\/depresion-cronica\/#primaryimage"},"image":{"@id":"https:\/\/fonasa.mindy.cl\/blog\/depresion-cronica\/#primaryimage"},"thumbnailUrl":"https:\/\/fonasa.mindy.cl\/blog\/wp-content\/uploads\/2025\/12\/Depresion-en-adulto-mayor.jpg","datePublished":"2025-12-16T18:45:18+00:00","dateModified":"2026-03-25T13:27:49+00:00","description":"Aprende a identificar la depresi\u00f3n cr\u00f3nica (Distimia o Trastorno Depresivo Persistente), sus s\u00edntomas y los tratamientos para recuperarte.","breadcrumb":{"@id":"https:\/\/fonasa.mindy.cl\/blog\/depresion-cronica\/#breadcrumb"},"inLanguage":"es-CL","potentialAction":[{"@type":"ReadAction","target":["https:\/\/fonasa.mindy.cl\/blog\/depresion-cronica\/"]}]},{"@type":"ImageObject","inLanguage":"es-CL","@id":"https:\/\/fonasa.mindy.cl\/blog\/depresion-cronica\/#primaryimage","url":"https:\/\/fonasa.mindy.cl\/blog\/wp-content\/uploads\/2025\/12\/Depresion-en-adulto-mayor.jpg","contentUrl":"https:\/\/fonasa.mindy.cl\/blog\/wp-content\/uploads\/2025\/12\/Depresion-en-adulto-mayor.jpg","width":640,"height":427},{"@type":"BreadcrumbList","@id":"https:\/\/fonasa.mindy.cl\/blog\/depresion-cronica\/#breadcrumb","itemListElement":[{"@type":"ListItem","position":1,"name":"Home","item":"https:\/\/fonasa.mindy.cl\/blog\/"},{"@type":"ListItem","position":2,"name":"Depresi\u00f3n Cr\u00f3nica: Entendiendo la Distimia y Superando la Tristeza Persistente"}]},{"@type":"WebSite","@id":"https:\/\/fonasa.mindy.cl\/blog\/#website","url":"https:\/\/fonasa.mindy.cl\/blog\/","name":"Mindy Fonasa Blog","description":"Un blog de salud mental","publisher":{"@id":"https:\/\/fonasa.mindy.cl\/blog\/#organization"},"potentialAction":[{"@type":"SearchAction","target":{"@type":"EntryPoint","urlTemplate":"https:\/\/fonasa.mindy.cl\/blog\/?s={search_term_string}"},"query-input":"required name=search_term_string"}],"inLanguage":"es-CL"},{"@type":"Organization","@id":"https:\/\/fonasa.mindy.cl\/blog\/#organization","name":"Mindy Fonasa Blog","url":"https:\/\/fonasa.mindy.cl\/blog\/","logo":{"@type":"ImageObject","inLanguage":"es-CL","@id":"https:\/\/fonasa.mindy.cl\/blog\/#\/schema\/logo\/image\/","url":"https:\/\/fonasa.mindy.cl\/blog\/wp-content\/uploads\/2024\/07\/logo_cuadrado.png","contentUrl":"https:\/\/fonasa.mindy.cl\/blog\/wp-content\/uploads\/2024\/07\/logo_cuadrado.png","width":300,"height":300,"caption":"Mindy Fonasa Blog"},"image":{"@id":"https:\/\/fonasa.mindy.cl\/blog\/#\/schema\/logo\/image\/"}},{"@type":"Person","@id":"https:\/\/fonasa.mindy.cl\/blog\/#\/schema\/person\/fa87761528fa733079f7f77181252f28","name":"estrategamkd@gmail.com","url":"https:\/\/fonasa.mindy.cl\/blog\/author\/estrategamkdgmail-com\/"}]}},"_links":{"self":[{"href":"https:\/\/fonasa.mindy.cl\/blog\/wp-json\/wp\/v2\/posts\/945"}],"collection":[{"href":"https:\/\/fonasa.mindy.cl\/blog\/wp-json\/wp\/v2\/posts"}],"about":[{"href":"https:\/\/fonasa.mindy.cl\/blog\/wp-json\/wp\/v2\/types\/post"}],"author":[{"embeddable":true,"href":"https:\/\/fonasa.mindy.cl\/blog\/wp-json\/wp\/v2\/users\/3"}],"replies":[{"embeddable":true,"href":"https:\/\/fonasa.mindy.cl\/blog\/wp-json\/wp\/v2\/comments?post=945"}],"version-history":[{"count":12,"href":"https:\/\/fonasa.mindy.cl\/blog\/wp-json\/wp\/v2\/posts\/945\/revisions"}],"predecessor-version":[{"id":1706,"href":"https:\/\/fonasa.mindy.cl\/blog\/wp-json\/wp\/v2\/posts\/945\/revisions\/1706"}],"wp:featuredmedia":[{"embeddable":true,"href":"https:\/\/fonasa.mindy.cl\/blog\/wp-json\/wp\/v2\/media\/1086"}],"wp:attachment":[{"href":"https:\/\/fonasa.mindy.cl\/blog\/wp-json\/wp\/v2\/media?parent=945"}],"wp:term":[{"taxonomy":"category","embeddable":true,"href":"https:\/\/fonasa.mindy.cl\/blog\/wp-json\/wp\/v2\/categories?post=945"},{"taxonomy":"post_tag","embeddable":true,"href":"https:\/\/fonasa.mindy.cl\/blog\/wp-json\/wp\/v2\/tags?post=945"}],"curies":[{"name":"wp","href":"https:\/\/api.w.org\/{rel}","templated":true}]}}