{"id":930,"date":"2025-12-16T13:34:49","date_gmt":"2025-12-16T16:34:49","guid":{"rendered":"https:\/\/fonasa.mindy.cl\/blog\/?p=930"},"modified":"2026-03-25T11:39:15","modified_gmt":"2026-03-25T14:39:15","slug":"esquizofrenia-causas","status":"publish","type":"post","link":"https:\/\/fonasa.mindy.cl\/blog\/esquizofrenia-causas\/","title":{"rendered":"Esquizofrenia Causas: Explorando los Factores Biol\u00f3gicos, Gen\u00e9ticos y Ambientales del Trastorno"},"content":{"rendered":"\n<h2 class=\"wp-block-heading has-x-large-font-size\">\ud83e\udde9 Descifrando la Esquizofrenia<\/h2>\n\n\n\n<p>La esquizofrenia es uno de los trastornos mentales m\u00e1s complejos y estigmatizados, y para quienes lo padecen o tienen un familiar afectado, la pregunta clave es siempre la misma: <strong>esquizofrenia causas<\/strong>, \u00bfpor qu\u00e9 ocurre? Sentir confusi\u00f3n o miedo ante este diagn\u00f3stico es totalmente natural, ya que involucra una alteraci\u00f3n significativa en la forma en que una persona piensa, siente y se relaciona con el mundo. A menudo, se generan ideas err\u00f3neas de que una sola experiencia traum\u00e1tica o una debilidad de car\u00e1cter son la ra\u00edz del problema.<\/p>\n\n\n\n<p>La ciencia moderna, sin embargo, ha demostrado que la esquizofrenia es una condici\u00f3n neurobiol\u00f3gica multifactorial. No existe una \u00fanica raz\u00f3n, sino una compleja interacci\u00f3n de elementos gen\u00e9ticos, biol\u00f3gicos y ambientales. Este art\u00edculo, basado en evidencia cl\u00ednica y neurocient\u00edfica, busca ofrecerte una comprensi\u00f3n clara y profesional sobre las <strong>esquizofrenia causas<\/strong>, desmintiendo mitos y destacando la importancia del tratamiento integral.<\/p>\n\n\n\n<h2 class=\"wp-block-heading has-x-large-font-size\">\ud83e\uddec Factores Gen\u00e9ticos y Hereditarios: La Base de las Esquizofrenia Causas<\/h2>\n\n\n\n<p>La evidencia m\u00e1s s\u00f3lida sobre las <strong>esquizofrenia causas<\/strong> proviene de la gen\u00e9tica. La esquizofrenia no es causada por un solo gen defectuoso, sino por la <strong>combinaci\u00f3n de m\u00faltiples genes<\/strong> de riesgo que interact\u00faan entre s\u00ed y con el entorno. A continuaci\u00f3n, te presentamos algunas de las <strong><a href=\"https:\/\/fonasa.mindy.cl\/blog\/causas-de-la-esquizofrenia\/\">causas de la esquizofrenia<\/a><\/strong>:<\/p>\n\n\n\n<h3 class=\"wp-block-heading has-large-font-size\">El Riesgo de Heredabilidad<\/h3>\n\n\n\n<p>Estudios demuestran que el factor gen\u00e9tico juega un rol preponderante en la predisposici\u00f3n al trastorno. La estad\u00edstica es clara:<\/p>\n\n\n\n<ul>\n<li><strong>Poblaci\u00f3n general:<\/strong> El riesgo de desarrollar esquizofrenia es de aproximadamente el <strong>1%<\/strong>.<\/li>\n\n\n\n<li><strong>Parientes de segundo grado<\/strong> (t\u00edos, sobrinos): El riesgo aumenta al <strong>2-6%<\/strong>.<\/li>\n\n\n\n<li><strong>Hermanos:<\/strong> El riesgo oscila entre el <strong>8% y el 10%<\/strong>.<\/li>\n\n\n\n<li><strong>Hijo de un progenitor con esquizofrenia:<\/strong> El riesgo asciende al <strong>10-15%<\/strong>.<\/li>\n\n\n\n<li><strong>Gemelos id\u00e9nticos:<\/strong> El riesgo es del <strong>40-50%<\/strong>, lo que subraya la fuerte influencia gen\u00e9tica, pero tambi\u00e9n confirma que la gen\u00e9tica por s\u00ed sola no es el \u00fanico factor, pues no es del 100%.<\/li>\n<\/ul>\n\n\n\n<p>La esquizofrenia se considera un trastorno de <strong>alta heredabilidad<\/strong>. Los genes implicados suelen estar relacionados con el desarrollo cerebral, la sinapsis y la modulaci\u00f3n de neurotransmisores.<\/p>\n\n\n\n<h3 class=\"wp-block-heading has-large-font-size\">La Susceptibilidad Polig\u00e9nica<\/h3>\n\n\n\n<p>El concepto clave aqu\u00ed es la <strong>susceptibilidad polig\u00e9nica<\/strong>. Esto significa que muchas variaciones gen\u00e9ticas comunes, cada una con un efecto peque\u00f1o, se suman para aumentar la vulnerabilidad de una persona.<\/p>\n\n\n\n<ul>\n<li><strong>Genes de Conexi\u00f3n Neuronal:<\/strong> Muchos de los genes de riesgo identificados est\u00e1n involucrados en la poda sin\u00e1ptica (el proceso natural de eliminaci\u00f3n de conexiones cerebrales innecesarias durante la adolescencia). Un desajuste en este proceso podr\u00eda llevar a una conectividad an\u00f3mala en regiones clave del cerebro.<\/li>\n\n\n\n<li><strong>No es un Destino Inevitable:<\/strong> Tener una predisposici\u00f3n gen\u00e9tica solo aumenta la probabilidad; no garantiza el desarrollo de la enfermedad. La gen\u00e9tica carga la pistola, pero el ambiente y otros factores aprietan el gatillo.<\/li>\n<\/ul>\n\n\n\n<h2 class=\"wp-block-heading has-x-large-font-size\">\ud83e\uddea Desequilibrios Qu\u00edmicos y Estructurales: La Neurobiolog\u00eda Detr\u00e1s de las Esquizofrenia Causas<\/h2>\n\n\n\n<p>Las anomal\u00edas en la estructura y funci\u00f3n cerebral son fundamentales para entender las <strong>esquizofrenia causas<\/strong>. Se han identificado diferencias significativas en la qu\u00edmica y la arquitectura del cerebro en personas con esquizofrenia.<\/p>\n\n\n\n<h3 class=\"wp-block-heading has-large-font-size\">1. La Teor\u00eda Dopamin\u00e9rgica y Otros Neurotransmisores<\/h3>\n\n\n\n<p>Tradicionalmente, la esquizofrenia se ha relacionado con un <strong>exceso de dopamina<\/strong> en ciertas \u00e1reas del cerebro (especialmente aquellas relacionadas con los s\u00edntomas psic\u00f3ticos o &#8220;positivos&#8221;, como las alucinaciones).<\/p>\n\n\n\n<ul>\n<li><strong>Dopamina:<\/strong> Esta hip\u00f3tesis se basa en el hecho de que los f\u00e1rmacos antipsic\u00f3ticos m\u00e1s antiguos funcionan bloqueando los receptores de dopamina (D2). Sin embargo, la investigaci\u00f3n moderna indica que el problema no es simplemente un exceso, sino una <strong>desregulaci\u00f3n compleja<\/strong> de la dopamina, con exceso en algunas v\u00edas cerebrales y deficiencia en otras.<\/li>\n\n\n\n<li><strong>Glutamato:<\/strong> El glutamato es el principal neurotransmisor excitatorio del cerebro y es esencial para el aprendizaje y la memoria. Estudios demuestran que una disfunci\u00f3n en el sistema glutamat\u00e9rgico tambi\u00e9n puede ser una de las <strong>esquizofrenia causas<\/strong>, afectando la comunicaci\u00f3n entre neuronas y contribuyendo a los s\u00edntomas cognitivos (problemas de memoria y atenci\u00f3n).<\/li>\n<\/ul>\n\n\n\n<h3 class=\"wp-block-heading has-large-font-size\">2. Alteraciones en la Estructura Cerebral<\/h3>\n\n\n\n<p>Las t\u00e9cnicas de neuroimagen han revelado que las personas con esquizofrenia pueden tener sutiles diferencias en la estructura cerebral.<\/p>\n\n\n\n<ul>\n<li><strong>Agrandamiento de Ventr\u00edculos:<\/strong> Los <strong>ventr\u00edculos cerebrales<\/strong> (espacios llenos de l\u00edquido cefalorraqu\u00eddeo) suelen estar ligeramente agrandados en pacientes con esquizofrenia, lo que sugiere una ligera reducci\u00f3n del volumen de tejido cerebral circundante.<\/li>\n\n\n\n<li><strong>Reducci\u00f3n del Volumen Cortical:<\/strong> Se ha observado una reducci\u00f3n del volumen de la materia gris en \u00e1reas espec\u00edficas, como la <strong>corteza prefrontal<\/strong> (responsable de la planificaci\u00f3n y la toma de decisiones) y el <strong>hipocampo<\/strong> (memoria y emoci\u00f3n).<\/li>\n\n\n\n<li><strong>Problemas de Conectividad:<\/strong> La conectividad entre diferentes regiones cerebrales, especialmente entre la corteza prefrontal y el sistema l\u00edmbico (emocional), puede ser menos eficiente. Esta &#8220;mala conexi\u00f3n&#8221; podr\u00eda explicar la dificultad para filtrar est\u00edmulos y procesar la realidad de forma coherente.<\/li>\n<\/ul>\n\n\n\n<h2 class=\"wp-block-heading has-x-large-font-size\">\ud83c\udf3f Factores Ambientales y De Desarrollo: El Disparo del Gatillo de la esquizofrenia y sus causas<\/h2>\n\n\n\n<figure class=\"wp-block-image size-full\"><img loading=\"lazy\" decoding=\"async\" width=\"640\" height=\"635\" src=\"https:\/\/fonasa.mindy.cl\/blog\/wp-content\/uploads\/2025\/12\/depression-388872_640.jpg\" alt=\"Esquizofrenia Causas\" class=\"wp-image-932\"\/><\/figure>\n\n\n\n<p>Aunque la gen\u00e9tica y la neurobiolog\u00eda establecen la vulnerabilidad, los factores ambientales, especialmente durante las etapas de desarrollo cruciales (prenatal, perinatal y adolescencia temprana), son los que act\u00faan como &#8220;estresores&#8221; que precipitan el inicio del trastorno.<\/p>\n\n\n\n<h3 class=\"wp-block-heading has-large-font-size\">Factores de Riesgo Ambientales para las Esquizofrenia Causas<\/h3>\n\n\n\n<p>La interacci\u00f3n de la predisposici\u00f3n gen\u00e9tica con estos factores de riesgo incrementa la probabilidad de que se manifieste el trastorno:<\/p>\n\n\n\n<ul>\n<li><strong>Complicaciones Obst\u00e9tricas:<\/strong> Problemas durante el embarazo o el parto, como la <strong>privaci\u00f3n de ox\u00edgeno<\/strong> (hipoxia) o la <strong>desnutrici\u00f3n materna<\/strong> grave, se han correlacionado con un mayor riesgo. Estos eventos pueden da\u00f1ar las estructuras cerebrales en desarrollo.<\/li>\n\n\n\n<li><strong>Infecciones Virales Prenatales:<\/strong> Algunas investigaciones sugieren que las infecciones virales graves de la madre durante el segundo trimestre del embarazo (como la gripe) pueden aumentar ligeramente el riesgo.<\/li>\n\n\n\n<li><strong>Consumo de Sustancias Psicoactivas:<\/strong> El uso temprano y frecuente de <strong>cannabis de alta potencia<\/strong> (especialmente antes de los 16 a\u00f1os) ha sido identificado como un factor de riesgo significativo, particularmente en personas con una predisposici\u00f3n gen\u00e9tica subyacente. El cannabis puede desregular el sistema dopamin\u00e9rgico en cerebros vulnerables.<\/li>\n\n\n\n<li><strong>Trauma y Adversidad Psicosocial:<\/strong> El abuso infantil, la negligencia o vivir en entornos urbanos de alta adversidad y aislamiento social pueden actuar como estresores cr\u00f3nicos que desestabilizan el neurodesarrollo.<\/li>\n<\/ul>\n\n\n\n<h3 class=\"wp-block-heading has-large-font-size\">El Per\u00edodo Cr\u00edtico de la Adolescencia<\/h3>\n\n\n\n<p>La esquizofrenia a menudo se manifiesta por primera vez al final de la adolescencia o principios de los veinte. Esto se debe a que la adolescencia es un per\u00edodo de intensa <strong>poda sin\u00e1ptica<\/strong>, donde el cerebro elimina las conexiones neuronales que considera innecesarias. En una persona vulnerable, un proceso an\u00f3malo de poda o un evento estresante clave en esta etapa puede llevar al <strong>inicio de la psicosis<\/strong>.<\/p>\n\n\n\n<h2 class=\"wp-block-heading has-x-large-font-size\">\u2695\ufe0f Implicaciones para el Tratamiento y la Recuperaci\u00f3n: La Esquizofrenia Causas y Soluciones<\/h2>\n\n\n\n<p>Entender la complejidad de las <strong>esquizofrenia y sus causas<\/strong> lleva tambi\u00e9n a saber cuales son los <strong><a href=\"https:\/\/fonasa.mindy.cl\/blog\/sintomas-de-esquizofrenia\/\">s\u00edntomas de la esquizofrenia<\/a><\/strong>. Refuerza un principio fundamental en el tratamiento: la necesidad de un enfoque integral y multidisciplinario que aborde la biolog\u00eda, la psicolog\u00eda y el entorno social de la persona.<\/p>\n\n\n\n<figure class=\"wp-block-image size-full\"><img loading=\"lazy\" decoding=\"async\" width=\"640\" height=\"427\" src=\"https:\/\/fonasa.mindy.cl\/blog\/wp-content\/uploads\/2025\/12\/pexels-pixabay-139398.jpg\" alt=\"Esquizofrenia Causas\" class=\"wp-image-934\"\/><\/figure>\n\n\n\n<h3 class=\"wp-block-heading has-large-font-size\">1. El Tratamiento Multidisciplinario (Psiquiatr\u00eda y Psicolog\u00eda)<\/h3>\n\n\n\n<p>El manejo de la esquizofrenia requiere la combinaci\u00f3n de:<\/p>\n\n\n\n<ul>\n<li><strong>Farmacoterapia (Psiquiatr\u00eda):<\/strong> Los medicamentos antipsic\u00f3ticos son cruciales para equilibrar los neurotransmisores (principalmente la dopamina) y reducir la intensidad de los s\u00edntomas psic\u00f3ticos (alucinaciones y delirios). Es la base del tratamiento y permite a la persona recuperar la estabilidad necesaria para beneficiarse de la terapia.<\/li>\n\n\n\n<li><strong>Psicoterapia y Rehabilitaci\u00f3n Psicosocial:<\/strong> La terapia no busca curar el trastorno biol\u00f3gico, sino ense\u00f1ar estrategias de afrontamiento y mejorar el funcionamiento diario.\n<ul>\n<li><strong>Terapia Cognitivo-Conductual (TCC):<\/strong> Ayuda a la persona a cuestionar y manejar los delirios y alucinaciones, y a mejorar los s\u00edntomas negativos (falta de motivaci\u00f3n, aislamiento).<\/li>\n\n\n\n<li><strong>Entrenamiento en Habilidades Sociales y Laborales:<\/strong> Vital para la reintegraci\u00f3n social y laboral, ayudando a las personas a leer se\u00f1ales sociales y a mantener rutinas funcionales.<\/li>\n\n\n\n<li><strong>Terapia Familiar:<\/strong> Esencial para educar a los familiares sobre la enfermedad, reducir la cr\u00edtica y fomentar un ambiente de apoyo (baja emoci\u00f3n expresada).<\/li>\n<\/ul>\n<\/li>\n<\/ul>\n\n\n\n<h3 class=\"wp-block-heading has-large-font-size\">2. Consejos Pr\u00e1cticos para la Estabilidad y el Funcionamiento<\/h3>\n\n\n\n<p>El manejo de la esquizofrenia se basa en la consistencia y la estabilidad del entorno:<\/p>\n\n\n\n<ul>\n<li><strong>Adherencia al Tratamiento:<\/strong> La toma regular y supervisada de la medicaci\u00f3n es el factor predictivo m\u00e1s importante de la prevenci\u00f3n de reca\u00eddas.<\/li>\n\n\n\n<li><strong>Rutinas Claras y Predecibles:<\/strong> Mantener horarios de sue\u00f1o y comidas regulares ayuda a estabilizar el ritmo biol\u00f3gico y reduce el estr\u00e9s que puede desencadenar episodios.<\/li>\n\n\n\n<li><strong>Reducci\u00f3n del Estr\u00e9s:<\/strong> Minimizar los conflictos interpersonales y evitar el uso de sustancias psicoactivas.<\/li>\n<\/ul>\n\n\n\n<h2 class=\"wp-block-heading has-x-large-font-size\">\ud83d\udc9a Fonasa Mindy: Acceso a Tratamiento Integral para la Esquizofrenia y sus causas<\/h2>\n\n\n\n<p>El tratamiento de la esquizofrenia es un derecho y una necesidad. En Chile, la esquizofrenia es una condici\u00f3n cubierta por el <strong>Plan AUGE\/GES<\/strong> de Fonasa, garantizando el acceso a diagn\u00f3stico, tratamiento farmacol\u00f3gico y psicosocial.<a href=\"https:\/\/fonasa.mindy.cl\/#\/\"> <strong>Fonasa Mindy<\/strong><\/a> facilita este acceso al ofrecer servicios de psicolog\u00eda online que complementan la atenci\u00f3n psiqui\u00e1trica y de salud mental requerida.<\/p>\n\n\n\n<h3 class=\"wp-block-heading has-large-font-size\">Fonasa Mindy: Psic\u00f3logos Especializados con Cobertura<\/h3>\n\n\n\n<ul>\n<li><strong>Acceso Flexible:<\/strong> Conecta con psic\u00f3logos cl\u00ednicos especializados en psicosis y rehabilitaci\u00f3n psicosocial desde la comodidad de tu hogar, un factor crucial para personas que tienen dificultades de movilidad o afrontamiento social.<\/li>\n\n\n\n<li><strong>Complemento al Tratamiento GES\/AUGE:<\/strong> Nuestros profesionales trabajan en coordinaci\u00f3n con el manejo psiqui\u00e1trico, enfoc\u00e1ndose en la TCC para psicosis y el entrenamiento en habilidades de la vida diaria.<\/li>\n\n\n\n<li><strong>F\u00e1cil Uso de Fonasa:<\/strong> Simplificamos el proceso para que puedas utilizar tu cobertura de Fonasa para acceder a la terapia de manera regular y asequible.<\/li>\n\n\n\n<li><strong>Confidencialidad Garantizada:<\/strong> Un espacio seguro y profesional para abordar los desaf\u00edos del d\u00eda a d\u00eda, la estigmatizaci\u00f3n y la adherencia al tratamiento.<\/li>\n<\/ul>\n\n\n\n<p>Priorizar tu tratamiento y el de tu familiar es el paso m\u00e1s importante para lograr una vida de estabilidad y funcionalidad.<\/p>\n\n\n\n<p><strong><a href=\"https:\/\/fonasa.mindy.cl\/psicologos.php#\/\" target=\"_blank\" rel=\"noreferrer noopener\">Psic\u00f3logos online Fonasa Mindy<\/a><\/strong><\/p>\n\n\n\n<h2 class=\"wp-block-heading has-x-large-font-size\">\u2728 Conclusi\u00f3n: Manejando la Complejidad de la esquizofrenia y sus causas<\/h2>\n\n\n\n<p>Las <strong>esquizofrenia causas<\/strong> son complejas, multifactoriales, y escapan a la culpa o el control individual. Entender que se trata de una enfermedad cerebral con fuertes componentes gen\u00e9ticos y neurobiol\u00f3gicos, modulada por factores ambientales, es el primer paso para reemplazar el miedo con acci\u00f3n. El diagn\u00f3stico temprano y el tratamiento continuo \u2014que combina medicaci\u00f3n, terapia y apoyo social\u2014 ofrecen las mejores oportunidades para la recuperaci\u00f3n y para que las personas con esquizofrenia puedan llevar vidas productivas y satisfactorias. La esperanza reside en la constancia y en el apoyo profesional continuo.<\/p>\n\n\n\n<p>Te invitamos a buscar el apoyo que mereces y a dar el siguiente paso en tu camino hacia el bienestar.<\/p>\n\n\n\n<p><strong><a href=\"https:\/\/fonasa.mindy.cl\/#\/\" target=\"_blank\" rel=\"noreferrer noopener\">Fonasa Mindy<\/a><\/strong><\/p>\n\n\n\n<p><strong>Tambi\u00e9n puedes conocer m\u00e1s sobre la plataforma completa de Psicolog\u00eda online en:<\/strong> <strong><a href=\"https:\/\/mindy.cl\/\" target=\"_blank\" rel=\"noreferrer noopener\">Mindy<\/a><\/strong>.<\/p>\n\n\n\n<h2 class=\"wp-block-heading has-x-large-font-size\">Encuentra la terapia ideal seg\u00fan tu perfil y necesidades<\/h2>\n\n\n\n<p>No todos los enfoques psicol\u00f3gicos funcionan igual para todas las personas. Para ayudarte a dar el paso correcto, hemos dise\u00f1ado un <strong>Quiz de Orientaci\u00f3n Terap\u00e9utica<\/strong>. Al completarlo, descubrir\u00e1s qu\u00e9 tipo de especialista y metodolog\u00eda se adaptan mejor a tu situaci\u00f3n actual, permiti\u00e9ndote aprovechar al m\u00e1ximo tu beneficio Fonasa. <\/p>\n\n\n\n<p>\ud83d\udc49 <strong><a href=\"https:\/\/form.typeform.com\/to\/jfcSJODX\" target=\"_blank\" rel=\"noreferrer noopener\">Realiza el Quiz de Orientaci\u00f3n aqu\u00ed<\/a><\/strong><\/p>\n","protected":false},"excerpt":{"rendered":"<p>\ud83e\udde9 Descifrando la Esquizofrenia La esquizofrenia es uno de los trastornos mentales m\u00e1s complejos y estigmatizados, y para quienes lo padecen o tienen un familiar afectado, la pregunta clave es siempre la misma: esquizofrenia causas, \u00bfpor qu\u00e9 ocurre? Sentir confusi\u00f3n o miedo ante este diagn\u00f3stico es totalmente natural, ya que involucra una alteraci\u00f3n significativa en [&hellip;]<\/p>\n","protected":false},"author":3,"featured_media":933,"comment_status":"closed","ping_status":"closed","sticky":false,"template":"","format":"standard","meta":{"footnotes":""},"categories":[275],"tags":[],"yoast_head":"<!-- This site is optimized with the Yoast SEO plugin v23.0 - https:\/\/yoast.com\/wordpress\/plugins\/seo\/ -->\n<title>Esquizofrenia Causas: Explorando los Factores del Trastorno<\/title>\n<meta name=\"description\" content=\"Descubre las complejas esquizofrenia causas: desde la gen\u00e9tica y los desequilibrios cerebrales hasta los factores ambientales de riesgo.\" \/>\n<meta name=\"robots\" content=\"index, follow, max-snippet:-1, max-image-preview:large, max-video-preview:-1\" \/>\n<link rel=\"canonical\" href=\"https:\/\/fonasa.mindy.cl\/blog\/esquizofrenia-causas\/\" \/>\n<meta property=\"og:locale\" content=\"es_ES\" \/>\n<meta property=\"og:type\" content=\"article\" \/>\n<meta property=\"og:title\" content=\"Esquizofrenia Causas: Explorando los Factores del Trastorno\" \/>\n<meta property=\"og:description\" content=\"Descubre las complejas esquizofrenia causas: desde la gen\u00e9tica y los desequilibrios cerebrales hasta los factores ambientales de riesgo.\" \/>\n<meta property=\"og:url\" content=\"https:\/\/fonasa.mindy.cl\/blog\/esquizofrenia-causas\/\" \/>\n<meta property=\"og:site_name\" content=\"Mindy Fonasa Blog\" \/>\n<meta property=\"article:published_time\" content=\"2025-12-16T16:34:49+00:00\" \/>\n<meta property=\"article:modified_time\" content=\"2026-03-25T14:39:15+00:00\" \/>\n<meta property=\"og:image\" content=\"https:\/\/fonasa.mindy.cl\/blog\/wp-content\/uploads\/2025\/12\/2151235215.jpg\" \/>\n\t<meta property=\"og:image:width\" content=\"1000\" \/>\n\t<meta property=\"og:image:height\" content=\"667\" \/>\n\t<meta property=\"og:image:type\" content=\"image\/jpeg\" \/>\n<meta name=\"author\" content=\"estrategamkd@gmail.com\" \/>\n<meta name=\"twitter:card\" content=\"summary_large_image\" \/>\n<meta name=\"twitter:label1\" content=\"Written by\" \/>\n\t<meta name=\"twitter:data1\" content=\"estrategamkd@gmail.com\" \/>\n\t<meta name=\"twitter:label2\" content=\"Est. reading time\" \/>\n\t<meta name=\"twitter:data2\" content=\"9 minutos\" \/>\n<script type=\"application\/ld+json\" class=\"yoast-schema-graph\">{\"@context\":\"https:\/\/schema.org\",\"@graph\":[{\"@type\":\"Article\",\"@id\":\"https:\/\/fonasa.mindy.cl\/blog\/esquizofrenia-causas\/#article\",\"isPartOf\":{\"@id\":\"https:\/\/fonasa.mindy.cl\/blog\/esquizofrenia-causas\/\"},\"author\":{\"name\":\"estrategamkd@gmail.com\",\"@id\":\"https:\/\/fonasa.mindy.cl\/blog\/#\/schema\/person\/fa87761528fa733079f7f77181252f28\"},\"headline\":\"Esquizofrenia Causas: Explorando los Factores Biol\u00f3gicos, Gen\u00e9ticos y Ambientales del Trastorno\",\"datePublished\":\"2025-12-16T16:34:49+00:00\",\"dateModified\":\"2026-03-25T14:39:15+00:00\",\"mainEntityOfPage\":{\"@id\":\"https:\/\/fonasa.mindy.cl\/blog\/esquizofrenia-causas\/\"},\"wordCount\":1942,\"publisher\":{\"@id\":\"https:\/\/fonasa.mindy.cl\/blog\/#organization\"},\"image\":{\"@id\":\"https:\/\/fonasa.mindy.cl\/blog\/esquizofrenia-causas\/#primaryimage\"},\"thumbnailUrl\":\"https:\/\/fonasa.mindy.cl\/blog\/wp-content\/uploads\/2025\/12\/2151235215.jpg\",\"articleSection\":[\"Trastornos\"],\"inLanguage\":\"es-CL\"},{\"@type\":\"WebPage\",\"@id\":\"https:\/\/fonasa.mindy.cl\/blog\/esquizofrenia-causas\/\",\"url\":\"https:\/\/fonasa.mindy.cl\/blog\/esquizofrenia-causas\/\",\"name\":\"Esquizofrenia Causas: Explorando los Factores del Trastorno\",\"isPartOf\":{\"@id\":\"https:\/\/fonasa.mindy.cl\/blog\/#website\"},\"primaryImageOfPage\":{\"@id\":\"https:\/\/fonasa.mindy.cl\/blog\/esquizofrenia-causas\/#primaryimage\"},\"image\":{\"@id\":\"https:\/\/fonasa.mindy.cl\/blog\/esquizofrenia-causas\/#primaryimage\"},\"thumbnailUrl\":\"https:\/\/fonasa.mindy.cl\/blog\/wp-content\/uploads\/2025\/12\/2151235215.jpg\",\"datePublished\":\"2025-12-16T16:34:49+00:00\",\"dateModified\":\"2026-03-25T14:39:15+00:00\",\"description\":\"Descubre las complejas esquizofrenia causas: desde la gen\u00e9tica y los desequilibrios cerebrales hasta los factores ambientales de riesgo.\",\"breadcrumb\":{\"@id\":\"https:\/\/fonasa.mindy.cl\/blog\/esquizofrenia-causas\/#breadcrumb\"},\"inLanguage\":\"es-CL\",\"potentialAction\":[{\"@type\":\"ReadAction\",\"target\":[\"https:\/\/fonasa.mindy.cl\/blog\/esquizofrenia-causas\/\"]}]},{\"@type\":\"ImageObject\",\"inLanguage\":\"es-CL\",\"@id\":\"https:\/\/fonasa.mindy.cl\/blog\/esquizofrenia-causas\/#primaryimage\",\"url\":\"https:\/\/fonasa.mindy.cl\/blog\/wp-content\/uploads\/2025\/12\/2151235215.jpg\",\"contentUrl\":\"https:\/\/fonasa.mindy.cl\/blog\/wp-content\/uploads\/2025\/12\/2151235215.jpg\",\"width\":1000,\"height\":667,\"caption\":\"esquizofrenia causas\"},{\"@type\":\"BreadcrumbList\",\"@id\":\"https:\/\/fonasa.mindy.cl\/blog\/esquizofrenia-causas\/#breadcrumb\",\"itemListElement\":[{\"@type\":\"ListItem\",\"position\":1,\"name\":\"Home\",\"item\":\"https:\/\/fonasa.mindy.cl\/blog\/\"},{\"@type\":\"ListItem\",\"position\":2,\"name\":\"Esquizofrenia Causas: Explorando los Factores Biol\u00f3gicos, Gen\u00e9ticos y Ambientales del Trastorno\"}]},{\"@type\":\"WebSite\",\"@id\":\"https:\/\/fonasa.mindy.cl\/blog\/#website\",\"url\":\"https:\/\/fonasa.mindy.cl\/blog\/\",\"name\":\"Mindy Fonasa Blog\",\"description\":\"Un blog de salud mental\",\"publisher\":{\"@id\":\"https:\/\/fonasa.mindy.cl\/blog\/#organization\"},\"potentialAction\":[{\"@type\":\"SearchAction\",\"target\":{\"@type\":\"EntryPoint\",\"urlTemplate\":\"https:\/\/fonasa.mindy.cl\/blog\/?s={search_term_string}\"},\"query-input\":\"required name=search_term_string\"}],\"inLanguage\":\"es-CL\"},{\"@type\":\"Organization\",\"@id\":\"https:\/\/fonasa.mindy.cl\/blog\/#organization\",\"name\":\"Mindy Fonasa Blog\",\"url\":\"https:\/\/fonasa.mindy.cl\/blog\/\",\"logo\":{\"@type\":\"ImageObject\",\"inLanguage\":\"es-CL\",\"@id\":\"https:\/\/fonasa.mindy.cl\/blog\/#\/schema\/logo\/image\/\",\"url\":\"https:\/\/fonasa.mindy.cl\/blog\/wp-content\/uploads\/2024\/07\/logo_cuadrado.png\",\"contentUrl\":\"https:\/\/fonasa.mindy.cl\/blog\/wp-content\/uploads\/2024\/07\/logo_cuadrado.png\",\"width\":300,\"height\":300,\"caption\":\"Mindy Fonasa Blog\"},\"image\":{\"@id\":\"https:\/\/fonasa.mindy.cl\/blog\/#\/schema\/logo\/image\/\"}},{\"@type\":\"Person\",\"@id\":\"https:\/\/fonasa.mindy.cl\/blog\/#\/schema\/person\/fa87761528fa733079f7f77181252f28\",\"name\":\"estrategamkd@gmail.com\",\"url\":\"https:\/\/fonasa.mindy.cl\/blog\/author\/estrategamkdgmail-com\/\"}]}<\/script>\n<!-- \/ Yoast SEO plugin. -->","yoast_head_json":{"title":"Esquizofrenia Causas: Explorando los Factores del Trastorno","description":"Descubre las complejas esquizofrenia causas: desde la gen\u00e9tica y los desequilibrios cerebrales hasta los factores ambientales de riesgo.","robots":{"index":"index","follow":"follow","max-snippet":"max-snippet:-1","max-image-preview":"max-image-preview:large","max-video-preview":"max-video-preview:-1"},"canonical":"https:\/\/fonasa.mindy.cl\/blog\/esquizofrenia-causas\/","og_locale":"es_ES","og_type":"article","og_title":"Esquizofrenia Causas: Explorando los Factores del Trastorno","og_description":"Descubre las complejas esquizofrenia causas: desde la gen\u00e9tica y los desequilibrios cerebrales hasta los factores ambientales de riesgo.","og_url":"https:\/\/fonasa.mindy.cl\/blog\/esquizofrenia-causas\/","og_site_name":"Mindy Fonasa Blog","article_published_time":"2025-12-16T16:34:49+00:00","article_modified_time":"2026-03-25T14:39:15+00:00","og_image":[{"width":1000,"height":667,"url":"https:\/\/fonasa.mindy.cl\/blog\/wp-content\/uploads\/2025\/12\/2151235215.jpg","type":"image\/jpeg"}],"author":"estrategamkd@gmail.com","twitter_card":"summary_large_image","twitter_misc":{"Written by":"estrategamkd@gmail.com","Est. reading time":"9 minutos"},"schema":{"@context":"https:\/\/schema.org","@graph":[{"@type":"Article","@id":"https:\/\/fonasa.mindy.cl\/blog\/esquizofrenia-causas\/#article","isPartOf":{"@id":"https:\/\/fonasa.mindy.cl\/blog\/esquizofrenia-causas\/"},"author":{"name":"estrategamkd@gmail.com","@id":"https:\/\/fonasa.mindy.cl\/blog\/#\/schema\/person\/fa87761528fa733079f7f77181252f28"},"headline":"Esquizofrenia Causas: Explorando los Factores Biol\u00f3gicos, Gen\u00e9ticos y Ambientales del Trastorno","datePublished":"2025-12-16T16:34:49+00:00","dateModified":"2026-03-25T14:39:15+00:00","mainEntityOfPage":{"@id":"https:\/\/fonasa.mindy.cl\/blog\/esquizofrenia-causas\/"},"wordCount":1942,"publisher":{"@id":"https:\/\/fonasa.mindy.cl\/blog\/#organization"},"image":{"@id":"https:\/\/fonasa.mindy.cl\/blog\/esquizofrenia-causas\/#primaryimage"},"thumbnailUrl":"https:\/\/fonasa.mindy.cl\/blog\/wp-content\/uploads\/2025\/12\/2151235215.jpg","articleSection":["Trastornos"],"inLanguage":"es-CL"},{"@type":"WebPage","@id":"https:\/\/fonasa.mindy.cl\/blog\/esquizofrenia-causas\/","url":"https:\/\/fonasa.mindy.cl\/blog\/esquizofrenia-causas\/","name":"Esquizofrenia Causas: Explorando los Factores del Trastorno","isPartOf":{"@id":"https:\/\/fonasa.mindy.cl\/blog\/#website"},"primaryImageOfPage":{"@id":"https:\/\/fonasa.mindy.cl\/blog\/esquizofrenia-causas\/#primaryimage"},"image":{"@id":"https:\/\/fonasa.mindy.cl\/blog\/esquizofrenia-causas\/#primaryimage"},"thumbnailUrl":"https:\/\/fonasa.mindy.cl\/blog\/wp-content\/uploads\/2025\/12\/2151235215.jpg","datePublished":"2025-12-16T16:34:49+00:00","dateModified":"2026-03-25T14:39:15+00:00","description":"Descubre las complejas esquizofrenia causas: desde la gen\u00e9tica y los desequilibrios cerebrales hasta los factores ambientales de riesgo.","breadcrumb":{"@id":"https:\/\/fonasa.mindy.cl\/blog\/esquizofrenia-causas\/#breadcrumb"},"inLanguage":"es-CL","potentialAction":[{"@type":"ReadAction","target":["https:\/\/fonasa.mindy.cl\/blog\/esquizofrenia-causas\/"]}]},{"@type":"ImageObject","inLanguage":"es-CL","@id":"https:\/\/fonasa.mindy.cl\/blog\/esquizofrenia-causas\/#primaryimage","url":"https:\/\/fonasa.mindy.cl\/blog\/wp-content\/uploads\/2025\/12\/2151235215.jpg","contentUrl":"https:\/\/fonasa.mindy.cl\/blog\/wp-content\/uploads\/2025\/12\/2151235215.jpg","width":1000,"height":667,"caption":"esquizofrenia causas"},{"@type":"BreadcrumbList","@id":"https:\/\/fonasa.mindy.cl\/blog\/esquizofrenia-causas\/#breadcrumb","itemListElement":[{"@type":"ListItem","position":1,"name":"Home","item":"https:\/\/fonasa.mindy.cl\/blog\/"},{"@type":"ListItem","position":2,"name":"Esquizofrenia Causas: Explorando los Factores Biol\u00f3gicos, Gen\u00e9ticos y Ambientales del Trastorno"}]},{"@type":"WebSite","@id":"https:\/\/fonasa.mindy.cl\/blog\/#website","url":"https:\/\/fonasa.mindy.cl\/blog\/","name":"Mindy Fonasa Blog","description":"Un blog de salud mental","publisher":{"@id":"https:\/\/fonasa.mindy.cl\/blog\/#organization"},"potentialAction":[{"@type":"SearchAction","target":{"@type":"EntryPoint","urlTemplate":"https:\/\/fonasa.mindy.cl\/blog\/?s={search_term_string}"},"query-input":"required name=search_term_string"}],"inLanguage":"es-CL"},{"@type":"Organization","@id":"https:\/\/fonasa.mindy.cl\/blog\/#organization","name":"Mindy Fonasa Blog","url":"https:\/\/fonasa.mindy.cl\/blog\/","logo":{"@type":"ImageObject","inLanguage":"es-CL","@id":"https:\/\/fonasa.mindy.cl\/blog\/#\/schema\/logo\/image\/","url":"https:\/\/fonasa.mindy.cl\/blog\/wp-content\/uploads\/2024\/07\/logo_cuadrado.png","contentUrl":"https:\/\/fonasa.mindy.cl\/blog\/wp-content\/uploads\/2024\/07\/logo_cuadrado.png","width":300,"height":300,"caption":"Mindy Fonasa Blog"},"image":{"@id":"https:\/\/fonasa.mindy.cl\/blog\/#\/schema\/logo\/image\/"}},{"@type":"Person","@id":"https:\/\/fonasa.mindy.cl\/blog\/#\/schema\/person\/fa87761528fa733079f7f77181252f28","name":"estrategamkd@gmail.com","url":"https:\/\/fonasa.mindy.cl\/blog\/author\/estrategamkdgmail-com\/"}]}},"_links":{"self":[{"href":"https:\/\/fonasa.mindy.cl\/blog\/wp-json\/wp\/v2\/posts\/930"}],"collection":[{"href":"https:\/\/fonasa.mindy.cl\/blog\/wp-json\/wp\/v2\/posts"}],"about":[{"href":"https:\/\/fonasa.mindy.cl\/blog\/wp-json\/wp\/v2\/types\/post"}],"author":[{"embeddable":true,"href":"https:\/\/fonasa.mindy.cl\/blog\/wp-json\/wp\/v2\/users\/3"}],"replies":[{"embeddable":true,"href":"https:\/\/fonasa.mindy.cl\/blog\/wp-json\/wp\/v2\/comments?post=930"}],"version-history":[{"count":11,"href":"https:\/\/fonasa.mindy.cl\/blog\/wp-json\/wp\/v2\/posts\/930\/revisions"}],"predecessor-version":[{"id":1730,"href":"https:\/\/fonasa.mindy.cl\/blog\/wp-json\/wp\/v2\/posts\/930\/revisions\/1730"}],"wp:featuredmedia":[{"embeddable":true,"href":"https:\/\/fonasa.mindy.cl\/blog\/wp-json\/wp\/v2\/media\/933"}],"wp:attachment":[{"href":"https:\/\/fonasa.mindy.cl\/blog\/wp-json\/wp\/v2\/media?parent=930"}],"wp:term":[{"taxonomy":"category","embeddable":true,"href":"https:\/\/fonasa.mindy.cl\/blog\/wp-json\/wp\/v2\/categories?post=930"},{"taxonomy":"post_tag","embeddable":true,"href":"https:\/\/fonasa.mindy.cl\/blog\/wp-json\/wp\/v2\/tags?post=930"}],"curies":[{"name":"wp","href":"https:\/\/api.w.org\/{rel}","templated":true}]}}