{"id":886,"date":"2025-11-20T14:45:42","date_gmt":"2025-11-20T17:45:42","guid":{"rendered":"https:\/\/fonasa.mindy.cl\/blog\/?p=886"},"modified":"2026-03-25T11:45:54","modified_gmt":"2026-03-25T14:45:54","slug":"trastorno-de-panico","status":"publish","type":"post","link":"https:\/\/fonasa.mindy.cl\/blog\/trastorno-de-panico\/","title":{"rendered":"Trastorno de P\u00e1nico: Comprendiendo los Ataques de P\u00e1nico"},"content":{"rendered":"\n<p>Si has experimentado momentos de terror intenso que aparecen de forma abrupta, acompa\u00f1ados de palpitaciones, dificultad para respirar y miedo a morir o perder el control, podr\u00edas estar experimentando los efectos del trastorno de p\u00e1nico. Esta condici\u00f3n de salud mental afecta aproximadamente al 3-4% de la poblaci\u00f3n mundial y se caracteriza por la aparici\u00f3n recurrente e inesperada de ataques de p\u00e1nico. <\/p>\n\n\n\n<p>Comprender el trastorno de p\u00e1nico es el primer paso para recuperar el control sobre estos episodios abrumadores y aprender a gestionarlos efectivamente. Esta gu\u00eda te proporcionar\u00e1 informaci\u00f3n basada en evidencia cient\u00edfica sobre las caracter\u00edsticas, mecanismos y abordajes terap\u00e9uticos para esta condici\u00f3n que, aunque intensamente atemorizante, responde muy bien al tratamiento especializado.<\/p>\n\n\n\n<h2 class=\"wp-block-heading has-x-large-font-size\">Qu\u00e9 es el trastorno de p\u00e1nico<\/h2>\n\n\n\n<h3 class=\"wp-block-heading has-large-font-size\">Definici\u00f3n y caracter\u00edsticas principales<\/h3>\n\n\n\n<p>El trastorno de p\u00e1nico es una condici\u00f3n de ansiedad caracterizada por la aparici\u00f3n recurrente e inesperada de ataques de p\u00e1nico. Comprender la naturaleza espec\u00edfica del trastorno de p\u00e1nico es esencial para diferenciarlo de la ansiedad generalizada o de ataques de p\u00e1nico aislados:<\/p>\n\n\n\n<ul>\n<li>Se caracteriza por <strong>ataques de p\u00e1nico inesperados y recurrentes<\/strong> que alcanzan su pico en minutos<\/li>\n\n\n\n<li>Al menos un ataque va seguido de <strong>preocupaci\u00f3n persistente<\/strong> por tener nuevos ataques<\/li>\n\n\n\n<li>Genera <strong>cambios comportamentales significativos<\/strong> relacionados con los ataques, generalmente de evitaci\u00f3n<\/li>\n\n\n\n<li>Los ataques no se deben a los <strong>efectos fisiol\u00f3gicos<\/strong> de una sustancia o condici\u00f3n m\u00e9dica<\/li>\n\n\n\n<li>El trastorno de p\u00e1nico puede presentarse <strong>con o sin agorafobia<\/strong>, que es el miedo a lugares donde escapar podr\u00eda ser dif\u00edcil<\/li>\n<\/ul>\n\n\n\n<h3 class=\"wp-block-heading has-large-font-size\">Diferencias entre ataque de p\u00e1nico y trastorno de p\u00e1nico<\/h3>\n\n\n\n<figure class=\"wp-block-gallery has-nested-images columns-default is-cropped wp-block-gallery-1 is-layout-flex wp-block-gallery-is-layout-flex\">\n<figure class=\"wp-block-image size-large\"><img loading=\"lazy\" decoding=\"async\" width=\"640\" height=\"551\" data-id=\"891\" src=\"https:\/\/fonasa.mindy.cl\/blog\/wp-content\/uploads\/2025\/11\/comic-1296117_640.png\" alt=\"Trastorno de P\u00e1nico\" class=\"wp-image-891\"\/><\/figure>\n<\/figure>\n\n\n\n<p>Distinguir entre un ataque de p\u00e1nico aislado y el trastorno de p\u00e1nico propiamente dicho es crucial:<\/p>\n\n\n\n<ul>\n<li>Un <strong>ataque de p\u00e1nico<\/strong> es un episodio \u00fanico de miedo intenso con s\u00edntomas f\u00edsicos y cognitivos<\/li>\n\n\n\n<li>El <strong>trastorno de p\u00e1nico<\/strong> implica ataques recurrentes e inesperados seguidos de preocupaci\u00f3n persistente<\/li>\n\n\n\n<li>Los <strong>ataques de p\u00e1nico<\/strong> pueden ocurrir en diversos trastornos de ansiedad y condiciones m\u00e9dicas.<\/li>\n\n\n\n<li>El <strong>trastorno de p\u00e1nico<\/strong> espec\u00edficamente incluye miedo anticipatorio y cambios comportamentales<\/li>\n\n\n\n<li>Mientras que muchas personas experimentan <strong>ataques de p\u00e1nico<\/strong> aislados, el <strong>trastorno de p\u00e1nico<\/strong> afecta significativamente la calidad de vida<\/li>\n<\/ul>\n\n\n\n<h3 class=\"wp-block-heading has-large-font-size\">Bases neurobiol\u00f3gicas del trastorno de p\u00e1nico<\/h3>\n\n\n\n<p>Comprender los mecanismos cerebrales del trastorno de p\u00e1nico ayuda a desestigmatizar esta condici\u00f3n:<\/p>\n\n\n\n<ul>\n<li><strong>Hiperactividad de la am\u00edgdala<\/strong>, el centro de alarma del cerebro que procesa el miedo<\/li>\n\n\n\n<li><strong>Alteraciones en el locus coeruleus<\/strong>, principal productor de noradrenalina que activa la respuesta de lucha o huida<\/li>\n\n\n\n<li><strong>Disfunci\u00f3n en el sistema de neurotransmisores GABA<\/strong>, que normalmente ejerce efectos inhibitorios calmantes<\/li>\n\n\n\n<li><strong>Sensibilidad aumentada del tronco cerebral<\/strong> a se\u00f1ales de asfixia, contribuyendo a la sensaci\u00f3n de falta de aire<\/li>\n\n\n\n<li><strong>Alteraciones en la corteza prefrontal<\/strong> que dificultan la regulaci\u00f3n descendente de la respuesta de miedo<\/li>\n\n\n\n<li><strong>Factores gen\u00e9ticos<\/strong> que predisponen a una mayor reactividad del sistema de alarma cerebral<\/li>\n<\/ul>\n\n\n\n<h2 class=\"wp-block-heading has-x-large-font-size\">S\u00edntomas del trastorno de p\u00e1nico<\/h2>\n\n\n\n<h3 class=\"wp-block-heading has-large-font-size\">Manifestaciones durante el ataque de p\u00e1nico<\/h3>\n\n\n\n<p>Un ataque de p\u00e1nico en el contexto del trastorno de p\u00e1nico presenta una constelaci\u00f3n espec\u00edfica de los <strong><a href=\"https:\/\/fonasa.mindy.cl\/blog\/sintomas-de-ataque-de-panico\/\">S\u00edntomas de un ataque de p\u00e1nico<\/a><\/strong>:<\/p>\n\n\n\n<ul>\n<li>Palpitaciones, sacudidas del coraz\u00f3n o elevaci\u00f3n de la frecuencia card\u00edaca<\/li>\n\n\n\n<li>Sudoraci\u00f3n excesiva, incluso en ambientes frescos o tranquilos<\/li>\n\n\n\n<li>Temblores o sacudidas musculares que pueden ser visibles para los dem\u00e1s<\/li>\n\n\n\n<li>Sensaci\u00f3n de ahogo o dificultad para respirar, como si el aire no llegara a los pulmones<\/li>\n\n\n\n<li>Sensaci\u00f3n de atragantamiento o nudo en la garganta que dificulta la degluci\u00f3n<\/li>\n\n\n\n<li>Opresi\u00f3n o malestar tor\u00e1cico que puede confundirse con problemas card\u00edacos<\/li>\n\n\n\n<li>N\u00e1useas o molestias abdominales que aparecen abruptamente durante el episodio<\/li>\n\n\n\n<li>Mareo, inestabilidad, aturdimiento o sensaci\u00f3n de desmayo inminente<\/li>\n<\/ul>\n\n\n\n<h3 class=\"wp-block-heading has-large-font-size\">S\u00edntomas cognitivos y emocionales<\/h3>\n\n\n\n<p>La experiencia subjetiva durante los ataques de p\u00e1nico incluye componentes cognitivos caracter\u00edsticos:<\/p>\n\n\n\n<ul>\n<li>Desrealizaci\u00f3n (sensaci\u00f3n de irrealidad) o despersonalizaci\u00f3n (estar separado de uno mismo)<\/li>\n\n\n\n<li>Miedo a perder el control o &#8220;volverse loco&#8221; durante el episodio<\/li>\n\n\n\n<li>Miedo intenso a morir, generalmente por un ataque card\u00edaco o asfixia<\/li>\n\n\n\n<li>Sensaci\u00f3n de entumecimiento u hormigueo en extremidades o alrededor de la boca<\/li>\n\n\n\n<li>Escalofr\u00edos o sofocones que aparecen de forma abrupta e intensa<\/li>\n\n\n\n<li>Pensamientos catastr\u00f3ficos que se intensifican r\u00e1pidamente en una espiral de miedo<\/li>\n\n\n\n<li>Dificultad para pensar con claridad o concentrarse en anything beyond los s\u00edntomas<\/li>\n<\/ul>\n\n\n\n<h3 class=\"wp-block-heading has-large-font-size\">Consecuencias y complicaciones del trastorno de p\u00e1nico<\/h3>\n\n\n\n<p>El trastorno de p\u00e1nico no tratado puede generar importantes complicaciones:<\/p>\n\n\n\n<ol>\n<li><strong>Desarrollo de agorafobia<\/strong> con evitaci\u00f3n de lugares donde escapar podr\u00eda ser dif\u00edcil<\/li>\n\n\n\n<li><strong>Alteraci\u00f3n del funcionamiento laboral<\/strong> por absentismo o disminuci\u00f3n del rendimiento<\/li>\n\n\n\n<li><strong>Deterioro de las relaciones sociales<\/strong> debido a las conductas de evitaci\u00f3n<\/li>\n\n\n\n<li><strong>Mayor riesgo de desarrollar<\/strong> otros trastornos como depresi\u00f3n mayor o abuso de sustancias<\/li>\n\n\n\n<li><strong>Problemas econ\u00f3micos<\/strong> derivados de gastos m\u00e9dicos frecuentes o incapacidad laboral<\/li>\n\n\n\n<li><strong>Disminuci\u00f3n generalizada<\/strong> de la calidad de vida en m\u00faltiples \u00e1reas<\/li>\n<\/ol>\n\n\n\n<h2 class=\"wp-block-heading has-x-large-font-size\">Causas y factores de riesgo del trastorno de p\u00e1nico<\/h2>\n\n\n\n<h3 class=\"wp-block-heading has-large-font-size\">Factores predisponentes principales<\/h3>\n\n\n\n<p>El desarrollo del trastorno de p\u00e1nico generalmente resulta de la interacci\u00f3n de m\u00faltiples factores:<\/p>\n\n\n\n<ul>\n<li><strong>Vulnerabilidad gen\u00e9tica<\/strong> con mayor riesgo en personas con familiares de primer grado con el trastorno<\/li>\n\n\n\n<li><strong>Temperamento ansioso<\/strong> desde la infancia que constituye un factor de riesgo importante<\/li>\n\n\n\n<li><strong>Eventos vitales estresantes<\/strong> como p\u00e9rdidas, cambios importantes o experiencias traum\u00e1ticas<\/li>\n\n\n\n<li><strong>Historia de ansiedad por separaci\u00f3n<\/strong> durante la infancia o la adolescencia<\/li>\n\n\n\n<li><strong>Estilos de pensamiento<\/strong> caracterizados por catastrofismo y alta sensibilidad a las sensaciones corporales<\/li>\n\n\n\n<li><strong>Condiciones m\u00e9dicas<\/strong> como prolapso de la v\u00e1lvula mitral o trastornos tiroideos que pueden predisponer<\/li>\n<\/ul>\n\n\n\n<h3 class=\"wp-block-heading has-large-font-size\">Factores desencadenantes y de mantenimiento<\/h3>\n\n\n\n<p>Identificar los elementos que precipitan y perpet\u00faan el trastorno de p\u00e1nico es crucial para el tratamiento:<\/p>\n\n\n\n<ul>\n<li><strong>Interpretaci\u00f3n catastr\u00f3fica<\/strong> de sensaciones corporales normales o levemente alteradas<\/li>\n\n\n\n<li><strong>Hipervigilancia corporal<\/strong> constante monitoreando posibles se\u00f1ales de ansiedad<\/li>\n\n\n\n<li><strong>Condicionamiento interoceptivo<\/strong> donde las sensaciones corporales se asocian con el miedo<\/li>\n\n\n\n<li><strong>Evitaci\u00f3n agoraf\u00f3bica<\/strong> que reduce la ansiedad a corto plazo pero mantiene el trastorno<\/li>\n\n\n\n<li><strong>B\u00fasqueda de seguridad<\/strong> excesiva a trav\u00e9s de acompa\u00f1antes o objetos tranquilizadores<\/li>\n\n\n\n<li><strong>Preocupaci\u00f3n anticipatoria<\/strong> sobre la posibilidad de tener nuevos ataques de p\u00e1nico<\/li>\n<\/ul>\n\n\n\n<h3 class=\"wp-block-heading has-large-font-size\">Curso y pron\u00f3stico<\/h3>\n\n\n\n<p>Comprender la evoluci\u00f3n t\u00edpica del trastorno de p\u00e1nico ayuda a establecer expectativas realistas:<\/p>\n\n\n\n<ul>\n<li><strong>Edad de inicio<\/strong> t\u00edpicamente entre finales de la adolescencia y mediados de los 30 a\u00f1os<\/li>\n\n\n\n<li><strong>Inicio abrupto<\/strong> frecuentemente despu\u00e9s de un evento estresante o per\u00edodo de estr\u00e9s acumulado<\/li>\n\n\n\n<li><strong>Curso fluctuante<\/strong> con per\u00edodos de mejor\u00eda y exacerbaci\u00f3n seg\u00fan factores estresantes<\/li>\n\n\n\n<li><strong>Alta comorbilidad<\/strong> con otros trastornos de ansiedad, depresi\u00f3n y abuso de sustancias<\/li>\n\n\n\n<li><strong>Sin tratamiento<\/strong>, tiende a ser cr\u00f3nico con exacerbaciones relacionadas con el estr\u00e9s<\/li>\n\n\n\n<li><strong>Con tratamiento adecuado<\/strong>, aproximadamente el 70-90% de las personas experimenta mejor\u00eda significativa<\/li>\n<\/ul>\n\n\n\n<h2 class=\"wp-block-heading has-x-large-font-size\">Diagn\u00f3stico del trastorno de p\u00e1nico<\/h2>\n\n\n\n<h3 class=\"wp-block-heading has-large-font-size\">Criterios diagn\u00f3sticos establecidos<\/h3>\n\n\n\n<p>El diagn\u00f3stico del trastorno de p\u00e1nico se basa en criterios cl\u00ednicos espec\u00edficos:<\/p>\n\n\n\n<ol>\n<li><strong>Ataques de p\u00e1nico recurrentes e inesperados<\/strong> que alcanzan su pico r\u00e1pidamente<\/li>\n\n\n\n<li><strong>Al menos un ataque<\/strong> seguido de un mes o m\u00e1s de preocupaci\u00f3n persistente por nuevos ataques<\/li>\n\n\n\n<li><strong>Preocupaci\u00f3n significativa<\/strong> sobre las implicaciones o consecuencias de los ataques<\/li>\n\n\n\n<li><strong>Cambio comportamental desadaptativo<\/strong> relacionado con los ataques, generalmente de evitaci\u00f3n<\/li>\n\n\n\n<li><strong>Alteraci\u00f3n no atribuible<\/strong> a los efectos fisiol\u00f3gicos de una sustancia o condici\u00f3n m\u00e9dica<\/li>\n\n\n\n<li><strong>No se explica mejor<\/strong> por otro trastorno mental como fobia social o trastorno de ansiedad generalizada<\/li>\n<\/ol>\n\n\n\n<h3 class=\"wp-block-heading has-large-font-size\">Proceso de evaluaci\u00f3n comprehensiva<\/h3>\n\n\n\n<p>Un diagn\u00f3stico adecuado del trastorno de p\u00e1nico requiere una evaluaci\u00f3n minuciosa:<\/p>\n\n\n\n<ul>\n<li><strong>Entrevista cl\u00ednica detallada<\/strong> que explore la historia, frecuencia y caracter\u00edsticas de los ataques<\/li>\n\n\n\n<li><strong>Evaluaci\u00f3n de s\u00edntomas agoraf\u00f3bicos<\/strong> y patrones de evitaci\u00f3n desarrollados<\/li>\n\n\n\n<li><strong>Descarte de condiciones m\u00e9dicas<\/strong> que puedan simular ataques de p\u00e1nico como problemas card\u00edacos o tiroideos<\/li>\n\n\n\n<li><strong>Utilizaci\u00f3n de escalas validadas<\/strong> como la Escala de Gravedad del Trastorno de P\u00e1nico<\/li>\n\n\n\n<li><strong>Evaluaci\u00f3n de comorbilidades<\/strong> frecuentes como otros trastornos de ansiedad o depresi\u00f3n<\/li>\n\n\n\n<li><strong>Exploraci\u00f3n de factores mantenedores<\/strong> como interpretaciones catastr\u00f3ficas o conductas de seguridad<\/li>\n<\/ul>\n\n\n\n<h3 class=\"wp-block-heading has-large-font-size\">Diagn\u00f3stico diferencial<\/h3>\n\n\n\n<p>Es fundamental distinguir el trastorno de p\u00e1nico de otras condiciones que pueden presentar s\u00edntomas similares:<\/p>\n\n\n\n<ul>\n<li><strong>Trastorno de ansiedad generalizada<\/strong> que presenta preocupaci\u00f3n persistente pero no ataques de p\u00e1nico<\/li>\n\n\n\n<li><strong>Fobia espec\u00edfica<\/strong> donde los ataques ocurren solo ante est\u00edmulos f\u00f3bicos espec\u00edficos<\/li>\n\n\n\n<li><strong>Trastorno de estr\u00e9s postraum\u00e1tico<\/strong> con ataques desencadenados por recuerdos traum\u00e1ticos<\/li>\n\n\n\n<li><strong>Condiciones m\u00e9dicas<\/strong> como hipertiroidismo, feocromocitoma o arritmias card\u00edacas<\/li>\n\n\n\n<li><strong>Abuso de sustancias<\/strong> especialmente estimulantes que pueden inducir ataques de p\u00e1nico<\/li>\n\n\n\n<li><strong>Hipocondriasis<\/strong> donde la preocupaci\u00f3n se centra en tener una enfermedad grave<\/li>\n<\/ul>\n\n\n\n<h2 class=\"wp-block-heading has-x-large-font-size\">Tratamiento del trastorno de p\u00e1nico<\/h2>\n\n\n\n<h3 class=\"wp-block-heading has-large-font-size\">Abordaje psicoterap\u00e9utico<\/h3>\n\n\n\n<figure class=\"wp-block-gallery has-nested-images columns-default is-cropped wp-block-gallery-2 is-layout-flex wp-block-gallery-is-layout-flex\">\n<figure class=\"wp-block-image size-large\"><img loading=\"lazy\" decoding=\"async\" width=\"640\" height=\"457\" data-id=\"892\" src=\"https:\/\/fonasa.mindy.cl\/blog\/wp-content\/uploads\/2025\/11\/wheelchair-6995098_640.png\" alt=\"Trastorno de P\u00e1nico\" class=\"wp-image-892\"\/><\/figure>\n<\/figure>\n\n\n\n<p>La psicoterapia constituye un pilar fundamental en el tratamiento del trastorno de p\u00e1nico:<\/p>\n\n\n\n<ul>\n<li><strong>Terapia cognitivo-conductual<\/strong> espec\u00edfica para p\u00e1nico que aborda interpretaciones catastr\u00f3ficas<\/li>\n\n\n\n<li><strong>Exposici\u00f3n interoceptiva<\/strong> para reducir el miedo a las sensaciones corporales mediante exposici\u00f3n controlada<\/li>\n\n\n\n<li><strong>Reestructuraci\u00f3n cognitiva<\/strong> de creencias sobre los s\u00edntomas y sus consecuencias<\/li>\n\n\n\n<li><strong>Entrenamiento en t\u00e9cnicas de respiraci\u00f3n<\/strong> y relajaci\u00f3n para manejar la activaci\u00f3n fisiol\u00f3gica<\/li>\n\n\n\n<li><strong>Exposici\u00f3n in vivo<\/strong> a situaciones evitadas para reducir la conducta agoraf\u00f3bica<\/li>\n\n\n\n<li><strong>Psicoeducaci\u00f3n exhaustiva<\/strong> sobre los mecanismos del p\u00e1nico y el ciclo de mantenimiento<\/li>\n<\/ul>\n\n\n\n<h3 class=\"wp-block-heading has-large-font-size\">Intervenciones farmacol\u00f3gicas<\/h3>\n\n\n\n<p>El manejo del trastorno de p\u00e1nico puede beneficiarse del apoyo medicamentoso en muchos casos:<\/p>\n\n\n\n<ul>\n<li><strong>Antidepresivos ISRS<\/strong> considerados primera l\u00ednea por su eficacia y perfil de seguridad<\/li>\n\n\n\n<li><strong>Benzodiacepinas<\/strong> para uso a corto plazo durante la fase aguda, con precauci\u00f3n por riesgo de dependencia<\/li>\n\n\n\n<li><strong>Antidepresivos tric\u00edclicos<\/strong> como imipramina con eficacia demostrada pero m\u00e1s efectos secundarios<\/li>\n\n\n\n<li><strong>Inhibidores de la monoaminooxidasa<\/strong> reservados para casos resistentes a otros tratamientos<\/li>\n\n\n\n<li><strong>Consideraciones sobre la duraci\u00f3n<\/strong> del tratamiento que generalmente es de al menos 12 meses<\/li>\n\n\n\n<li><strong>Manejo de la descontinuaci\u00f3n<\/strong> gradual para prevenir s\u00edntomas de rebote o reca\u00edda<\/li>\n<\/ul>\n\n\n\n<h3 class=\"wp-block-heading has-large-font-size\">Estrategias de autocuidado y manejo<\/h3>\n\n\n\n<p>El manejo exitoso del trastorno de p\u00e1nico incluye componentes de autocuidado esenciales:<\/p>\n\n\n\n<ul>\n<li><strong>Pr\u00e1ctica regular de ejercicio f\u00edsico<\/strong> que ayuda a regular el sistema de respuesta al estr\u00e9s<\/li>\n\n\n\n<li><strong>Mantenimiento de horarios regulares<\/strong> de sue\u00f1o y alimentaci\u00f3n para estabilizar ritmos biol\u00f3gicos<\/li>\n\n\n\n<li><strong>Reducci\u00f3n o eliminaci\u00f3n<\/strong> de estimulantes como cafe\u00edna, nicotina y otros psicoactivos<\/li>\n\n\n\n<li><strong>Aprendizaje y pr\u00e1ctica diaria<\/strong> de t\u00e9cnicas de respiraci\u00f3n lenta y relajaci\u00f3n muscular<\/li>\n\n\n\n<li><strong>Exposici\u00f3n gradual<\/strong> a sensaciones corporales temidas para reducir la sensibilidad interoceptiva<\/li>\n\n\n\n<li><strong>Desarrollo de una red de apoyo<\/strong> social que comprenda la naturaleza del trastorno<\/li>\n<\/ul>\n\n\n\n<h2 class=\"wp-block-heading has-x-large-font-size\">Fonasa Mindy: Atenci\u00f3n especializada en trastorno de p\u00e1nico<\/h2>\n\n\n\n<h3 class=\"wp-block-heading has-large-font-size\">Evaluaci\u00f3n y diagn\u00f3stico especializado<\/h3>\n\n\n\n<p>En Fonasa Mindy entendemos que el trastorno de p\u00e1nico requiere un abordaje particular. Nuestro servicio incluye:<\/p>\n\n\n\n<ul>\n<li>Evaluaci\u00f3n comprehensiva por profesionales especializados en trastornos de ansiedad<\/li>\n\n\n\n<li>Diagn\u00f3stico diferencial preciso que considere las particularidades del trastorno de p\u00e1nico<\/li>\n\n\n\n<li>Identificaci\u00f3n de factores desencadenantes, mantenedores y patrones de evitaci\u00f3n espec\u00edficos<\/li>\n\n\n\n<li>Evaluaci\u00f3n de comorbilidades frecuentes que pueden complicar el cuadro cl\u00ednico<\/li>\n\n\n\n<li>Elaboraci\u00f3n de plan de tratamiento personalizado que considere las necesidades individuales<\/li>\n\n\n\n<li>Educaci\u00f3n exhaustiva sobre la naturaleza, mecanismos y curso del trastorno de p\u00e1nico<\/li>\n<\/ul>\n\n\n\n<h3 class=\"wp-block-heading has-large-font-size\">Abordaje terap\u00e9utico integral<\/h3>\n\n\n\n<p>Nuestro enfoque para el tratamiento del trastorno de p\u00e1nico se caracteriza por:<\/p>\n\n\n\n<ul>\n<li>Psicoterapia especializada basada en protocolos cognitivo-conductuales con eficacia demostrada<\/li>\n\n\n\n<li>Exposici\u00f3n interoceptiva guiada para reducir el miedo a las sensaciones corporales<\/li>\n\n\n\n<li>Reestructuraci\u00f3n cognitiva de interpretaciones catastr\u00f3ficas sobre los s\u00edntomas f\u00edsicos<\/li>\n\n\n\n<li>Entrenamiento en t\u00e9cnicas de manejo inmediato de los ataques de p\u00e1nico<\/li>\n\n\n\n<li>Desarrollo de habilidades de regulaci\u00f3n emocional y tolerancia a la ansiedad<\/li>\n\n\n\n<li>Prevenci\u00f3n de reca\u00eddas mediante identificaci\u00f3n de se\u00f1ales tempranas y estrategias de afrontamiento<\/li>\n<\/ul>\n\n\n\n<h3 class=\"wp-block-heading has-x-large-font-size\">Beneficios de la terapia online para trastorno de p\u00e1nico<\/h3>\n\n\n\n<p>La modalidad online de <a href=\"https:\/\/fonasa.mindy.cl\/psicologos.php#\/\"><strong>Psic\u00f3logos online Fonasa Mindy<\/strong><\/a> ofrece ventajas espec\u00edficas para personas con trastorno de p\u00e1nico:<\/p>\n\n\n\n<ul>\n<li>Accesibilidad desde el hogar, eliminando la barrera de tener que trasladarse a consultas presenciales<\/li>\n\n\n\n<li>Flexibilidad horaria que permite acceder a apoyo profesional durante periodos de mayor ansiedad<\/li>\n\n\n\n<li>Comodidad del entorno familiar que puede facilitar la pr\u00e1ctica de t\u00e9cnicas entre sesiones<\/li>\n\n\n\n<li>Posibilidad de recibir acompa\u00f1amiento terap\u00e9utico durante episodios de ansiedad elevada<\/li>\n\n\n\n<li>Continuidad del tratamiento sin interrupciones por dificultades de movilizaci\u00f3n por agorafobia<\/li>\n\n\n\n<li>Acceso a profesionales especializados independientemente de la ubicaci\u00f3n geogr\u00e1fica<\/li>\n<\/ul>\n\n\n\n<p>El trastorno de p\u00e1nico es una condici\u00f3n altamente tratable que responde muy favorablemente a intervenciones especializadas. Aunque los ataques de p\u00e1nico pueden sentirse abrumadores y atemorizantes, comprendiendo sus mecanismos y aprendiendo estrategias espec\u00edficas es posible recuperar el control y reducir significativamente su impacto en la vida diaria. El primer paso hacia la recuperaci\u00f3n es buscar evaluaci\u00f3n profesional que permita desarrollar un plan de tratamiento personalizado.<\/p>\n\n\n\n<p>En <a href=\"https:\/\/fonasa.mindy.cl\/#\/\"><strong>Fonasa Mindy<\/strong><\/a>, estamos comprometidos con proporcionar atenci\u00f3n especializada y accesible para el trastorno de p\u00e1nico y otros trastornos de ansiedad. Nuestro equipo de profesionales cuenta con la experiencia necesaria para acompa\u00f1arte en el proceso de comprensi\u00f3n y manejo de estos episodios, ofreciendo las herramientas y estrategias validadas cient\u00edficamente que necesitas para recuperar el control y bienestar en tu vida diaria.<\/p>\n\n\n\n<h2 class=\"wp-block-heading has-x-large-font-size\">\u00bfNo sabes por d\u00f3nde empezar? Descubre tu terapia recomendada<\/h2>\n\n\n\n<p>Iniciar un proceso psicol\u00f3gico puede generar dudas sobre cu\u00e1l es el mejor camino. En <strong>Fonasa Mindy<\/strong> queremos facilitarte el proceso: responde unas breves preguntas para identificar el modelo terap\u00e9utico m\u00e1s efectivo para tu bienestar emocional. Es r\u00e1pido, sencillo y te ayudar\u00e1 a conectar con el profesional adecuado. <\/p>\n\n\n\n<p>\ud83d\udc49 <strong><a href=\"https:\/\/form.typeform.com\/to\/jfcSJODX\" target=\"_blank\" rel=\"noreferrer noopener\">Haz clic para descubrir tu tipo de terapia<\/a><\/strong><\/p>\n","protected":false},"excerpt":{"rendered":"<p>Si has experimentado momentos de terror intenso que aparecen de forma abrupta, acompa\u00f1ados de palpitaciones, dificultad para respirar y miedo a morir o perder el control, podr\u00edas estar experimentando los efectos del trastorno de p\u00e1nico. Esta condici\u00f3n de salud mental afecta aproximadamente al 3-4% de la poblaci\u00f3n mundial y se caracteriza por la aparici\u00f3n recurrente [&hellip;]<\/p>\n","protected":false},"author":3,"featured_media":890,"comment_status":"closed","ping_status":"closed","sticky":false,"template":"","format":"standard","meta":{"footnotes":""},"categories":[274,275],"tags":[],"yoast_head":"<!-- This site is optimized with the Yoast SEO plugin v23.0 - https:\/\/yoast.com\/wordpress\/plugins\/seo\/ -->\n<title>Trastorno de P\u00e1nico: Comprendiendo los Ataques de P\u00e1nico<\/title>\n<meta name=\"description\" content=\"Trastorno de p\u00e1nico: s\u00edntomas, causas y tratamientos efectivos. Atenci\u00f3n psicol\u00f3gica especializada con Fonasa en Mindy.\" \/>\n<meta name=\"robots\" content=\"index, follow, max-snippet:-1, max-image-preview:large, max-video-preview:-1\" \/>\n<link rel=\"canonical\" href=\"https:\/\/fonasa.mindy.cl\/blog\/trastorno-de-panico\/\" \/>\n<meta property=\"og:locale\" content=\"es_ES\" \/>\n<meta property=\"og:type\" content=\"article\" \/>\n<meta property=\"og:title\" content=\"Trastorno de P\u00e1nico: Comprendiendo los Ataques de P\u00e1nico\" \/>\n<meta property=\"og:description\" content=\"Trastorno de p\u00e1nico: s\u00edntomas, causas y tratamientos efectivos. Atenci\u00f3n psicol\u00f3gica especializada con Fonasa en Mindy.\" \/>\n<meta property=\"og:url\" content=\"https:\/\/fonasa.mindy.cl\/blog\/trastorno-de-panico\/\" \/>\n<meta property=\"og:site_name\" content=\"Mindy Fonasa Blog\" \/>\n<meta property=\"article:published_time\" content=\"2025-11-20T17:45:42+00:00\" \/>\n<meta property=\"article:modified_time\" content=\"2026-03-25T14:45:54+00:00\" \/>\n<meta property=\"og:image\" content=\"https:\/\/fonasa.mindy.cl\/blog\/wp-content\/uploads\/2025\/11\/mimic-156928_640.png\" \/>\n\t<meta property=\"og:image:width\" content=\"640\" \/>\n\t<meta property=\"og:image:height\" content=\"488\" \/>\n\t<meta property=\"og:image:type\" content=\"image\/png\" \/>\n<meta name=\"author\" content=\"estrategamkd@gmail.com\" \/>\n<meta name=\"twitter:card\" content=\"summary_large_image\" \/>\n<meta name=\"twitter:label1\" content=\"Written by\" \/>\n\t<meta name=\"twitter:data1\" content=\"estrategamkd@gmail.com\" \/>\n\t<meta name=\"twitter:label2\" content=\"Est. reading time\" \/>\n\t<meta name=\"twitter:data2\" content=\"10 minutos\" \/>\n<script type=\"application\/ld+json\" class=\"yoast-schema-graph\">{\"@context\":\"https:\/\/schema.org\",\"@graph\":[{\"@type\":\"Article\",\"@id\":\"https:\/\/fonasa.mindy.cl\/blog\/trastorno-de-panico\/#article\",\"isPartOf\":{\"@id\":\"https:\/\/fonasa.mindy.cl\/blog\/trastorno-de-panico\/\"},\"author\":{\"name\":\"estrategamkd@gmail.com\",\"@id\":\"https:\/\/fonasa.mindy.cl\/blog\/#\/schema\/person\/fa87761528fa733079f7f77181252f28\"},\"headline\":\"Trastorno de P\u00e1nico: Comprendiendo los Ataques de P\u00e1nico\",\"datePublished\":\"2025-11-20T17:45:42+00:00\",\"dateModified\":\"2026-03-25T14:45:54+00:00\",\"mainEntityOfPage\":{\"@id\":\"https:\/\/fonasa.mindy.cl\/blog\/trastorno-de-panico\/\"},\"wordCount\":2312,\"publisher\":{\"@id\":\"https:\/\/fonasa.mindy.cl\/blog\/#organization\"},\"image\":{\"@id\":\"https:\/\/fonasa.mindy.cl\/blog\/trastorno-de-panico\/#primaryimage\"},\"thumbnailUrl\":\"https:\/\/fonasa.mindy.cl\/blog\/wp-content\/uploads\/2025\/11\/mimic-156928_640.png\",\"articleSection\":[\"Ansiedad\",\"Trastornos\"],\"inLanguage\":\"es-CL\"},{\"@type\":\"WebPage\",\"@id\":\"https:\/\/fonasa.mindy.cl\/blog\/trastorno-de-panico\/\",\"url\":\"https:\/\/fonasa.mindy.cl\/blog\/trastorno-de-panico\/\",\"name\":\"Trastorno de P\u00e1nico: Comprendiendo los Ataques de P\u00e1nico\",\"isPartOf\":{\"@id\":\"https:\/\/fonasa.mindy.cl\/blog\/#website\"},\"primaryImageOfPage\":{\"@id\":\"https:\/\/fonasa.mindy.cl\/blog\/trastorno-de-panico\/#primaryimage\"},\"image\":{\"@id\":\"https:\/\/fonasa.mindy.cl\/blog\/trastorno-de-panico\/#primaryimage\"},\"thumbnailUrl\":\"https:\/\/fonasa.mindy.cl\/blog\/wp-content\/uploads\/2025\/11\/mimic-156928_640.png\",\"datePublished\":\"2025-11-20T17:45:42+00:00\",\"dateModified\":\"2026-03-25T14:45:54+00:00\",\"description\":\"Trastorno de p\u00e1nico: s\u00edntomas, causas y tratamientos efectivos. Atenci\u00f3n psicol\u00f3gica especializada con Fonasa en Mindy.\",\"breadcrumb\":{\"@id\":\"https:\/\/fonasa.mindy.cl\/blog\/trastorno-de-panico\/#breadcrumb\"},\"inLanguage\":\"es-CL\",\"potentialAction\":[{\"@type\":\"ReadAction\",\"target\":[\"https:\/\/fonasa.mindy.cl\/blog\/trastorno-de-panico\/\"]}]},{\"@type\":\"ImageObject\",\"inLanguage\":\"es-CL\",\"@id\":\"https:\/\/fonasa.mindy.cl\/blog\/trastorno-de-panico\/#primaryimage\",\"url\":\"https:\/\/fonasa.mindy.cl\/blog\/wp-content\/uploads\/2025\/11\/mimic-156928_640.png\",\"contentUrl\":\"https:\/\/fonasa.mindy.cl\/blog\/wp-content\/uploads\/2025\/11\/mimic-156928_640.png\",\"width\":640,\"height\":488,\"caption\":\"Trastorno de P\u00e1nico\"},{\"@type\":\"BreadcrumbList\",\"@id\":\"https:\/\/fonasa.mindy.cl\/blog\/trastorno-de-panico\/#breadcrumb\",\"itemListElement\":[{\"@type\":\"ListItem\",\"position\":1,\"name\":\"Home\",\"item\":\"https:\/\/fonasa.mindy.cl\/blog\/\"},{\"@type\":\"ListItem\",\"position\":2,\"name\":\"Trastorno de P\u00e1nico: Comprendiendo los Ataques de P\u00e1nico\"}]},{\"@type\":\"WebSite\",\"@id\":\"https:\/\/fonasa.mindy.cl\/blog\/#website\",\"url\":\"https:\/\/fonasa.mindy.cl\/blog\/\",\"name\":\"Mindy Fonasa Blog\",\"description\":\"Un blog de salud mental\",\"publisher\":{\"@id\":\"https:\/\/fonasa.mindy.cl\/blog\/#organization\"},\"potentialAction\":[{\"@type\":\"SearchAction\",\"target\":{\"@type\":\"EntryPoint\",\"urlTemplate\":\"https:\/\/fonasa.mindy.cl\/blog\/?s={search_term_string}\"},\"query-input\":\"required name=search_term_string\"}],\"inLanguage\":\"es-CL\"},{\"@type\":\"Organization\",\"@id\":\"https:\/\/fonasa.mindy.cl\/blog\/#organization\",\"name\":\"Mindy Fonasa Blog\",\"url\":\"https:\/\/fonasa.mindy.cl\/blog\/\",\"logo\":{\"@type\":\"ImageObject\",\"inLanguage\":\"es-CL\",\"@id\":\"https:\/\/fonasa.mindy.cl\/blog\/#\/schema\/logo\/image\/\",\"url\":\"https:\/\/fonasa.mindy.cl\/blog\/wp-content\/uploads\/2024\/07\/logo_cuadrado.png\",\"contentUrl\":\"https:\/\/fonasa.mindy.cl\/blog\/wp-content\/uploads\/2024\/07\/logo_cuadrado.png\",\"width\":300,\"height\":300,\"caption\":\"Mindy Fonasa Blog\"},\"image\":{\"@id\":\"https:\/\/fonasa.mindy.cl\/blog\/#\/schema\/logo\/image\/\"}},{\"@type\":\"Person\",\"@id\":\"https:\/\/fonasa.mindy.cl\/blog\/#\/schema\/person\/fa87761528fa733079f7f77181252f28\",\"name\":\"estrategamkd@gmail.com\",\"url\":\"https:\/\/fonasa.mindy.cl\/blog\/author\/estrategamkdgmail-com\/\"}]}<\/script>\n<!-- \/ Yoast SEO plugin. -->","yoast_head_json":{"title":"Trastorno de P\u00e1nico: Comprendiendo los Ataques de P\u00e1nico","description":"Trastorno de p\u00e1nico: s\u00edntomas, causas y tratamientos efectivos. Atenci\u00f3n psicol\u00f3gica especializada con Fonasa en Mindy.","robots":{"index":"index","follow":"follow","max-snippet":"max-snippet:-1","max-image-preview":"max-image-preview:large","max-video-preview":"max-video-preview:-1"},"canonical":"https:\/\/fonasa.mindy.cl\/blog\/trastorno-de-panico\/","og_locale":"es_ES","og_type":"article","og_title":"Trastorno de P\u00e1nico: Comprendiendo los Ataques de P\u00e1nico","og_description":"Trastorno de p\u00e1nico: s\u00edntomas, causas y tratamientos efectivos. Atenci\u00f3n psicol\u00f3gica especializada con Fonasa en Mindy.","og_url":"https:\/\/fonasa.mindy.cl\/blog\/trastorno-de-panico\/","og_site_name":"Mindy Fonasa Blog","article_published_time":"2025-11-20T17:45:42+00:00","article_modified_time":"2026-03-25T14:45:54+00:00","og_image":[{"width":640,"height":488,"url":"https:\/\/fonasa.mindy.cl\/blog\/wp-content\/uploads\/2025\/11\/mimic-156928_640.png","type":"image\/png"}],"author":"estrategamkd@gmail.com","twitter_card":"summary_large_image","twitter_misc":{"Written by":"estrategamkd@gmail.com","Est. reading time":"10 minutos"},"schema":{"@context":"https:\/\/schema.org","@graph":[{"@type":"Article","@id":"https:\/\/fonasa.mindy.cl\/blog\/trastorno-de-panico\/#article","isPartOf":{"@id":"https:\/\/fonasa.mindy.cl\/blog\/trastorno-de-panico\/"},"author":{"name":"estrategamkd@gmail.com","@id":"https:\/\/fonasa.mindy.cl\/blog\/#\/schema\/person\/fa87761528fa733079f7f77181252f28"},"headline":"Trastorno de P\u00e1nico: Comprendiendo los Ataques de P\u00e1nico","datePublished":"2025-11-20T17:45:42+00:00","dateModified":"2026-03-25T14:45:54+00:00","mainEntityOfPage":{"@id":"https:\/\/fonasa.mindy.cl\/blog\/trastorno-de-panico\/"},"wordCount":2312,"publisher":{"@id":"https:\/\/fonasa.mindy.cl\/blog\/#organization"},"image":{"@id":"https:\/\/fonasa.mindy.cl\/blog\/trastorno-de-panico\/#primaryimage"},"thumbnailUrl":"https:\/\/fonasa.mindy.cl\/blog\/wp-content\/uploads\/2025\/11\/mimic-156928_640.png","articleSection":["Ansiedad","Trastornos"],"inLanguage":"es-CL"},{"@type":"WebPage","@id":"https:\/\/fonasa.mindy.cl\/blog\/trastorno-de-panico\/","url":"https:\/\/fonasa.mindy.cl\/blog\/trastorno-de-panico\/","name":"Trastorno de P\u00e1nico: Comprendiendo los Ataques de P\u00e1nico","isPartOf":{"@id":"https:\/\/fonasa.mindy.cl\/blog\/#website"},"primaryImageOfPage":{"@id":"https:\/\/fonasa.mindy.cl\/blog\/trastorno-de-panico\/#primaryimage"},"image":{"@id":"https:\/\/fonasa.mindy.cl\/blog\/trastorno-de-panico\/#primaryimage"},"thumbnailUrl":"https:\/\/fonasa.mindy.cl\/blog\/wp-content\/uploads\/2025\/11\/mimic-156928_640.png","datePublished":"2025-11-20T17:45:42+00:00","dateModified":"2026-03-25T14:45:54+00:00","description":"Trastorno de p\u00e1nico: s\u00edntomas, causas y tratamientos efectivos. Atenci\u00f3n psicol\u00f3gica especializada con Fonasa en Mindy.","breadcrumb":{"@id":"https:\/\/fonasa.mindy.cl\/blog\/trastorno-de-panico\/#breadcrumb"},"inLanguage":"es-CL","potentialAction":[{"@type":"ReadAction","target":["https:\/\/fonasa.mindy.cl\/blog\/trastorno-de-panico\/"]}]},{"@type":"ImageObject","inLanguage":"es-CL","@id":"https:\/\/fonasa.mindy.cl\/blog\/trastorno-de-panico\/#primaryimage","url":"https:\/\/fonasa.mindy.cl\/blog\/wp-content\/uploads\/2025\/11\/mimic-156928_640.png","contentUrl":"https:\/\/fonasa.mindy.cl\/blog\/wp-content\/uploads\/2025\/11\/mimic-156928_640.png","width":640,"height":488,"caption":"Trastorno de P\u00e1nico"},{"@type":"BreadcrumbList","@id":"https:\/\/fonasa.mindy.cl\/blog\/trastorno-de-panico\/#breadcrumb","itemListElement":[{"@type":"ListItem","position":1,"name":"Home","item":"https:\/\/fonasa.mindy.cl\/blog\/"},{"@type":"ListItem","position":2,"name":"Trastorno de P\u00e1nico: Comprendiendo los Ataques de P\u00e1nico"}]},{"@type":"WebSite","@id":"https:\/\/fonasa.mindy.cl\/blog\/#website","url":"https:\/\/fonasa.mindy.cl\/blog\/","name":"Mindy Fonasa Blog","description":"Un blog de salud mental","publisher":{"@id":"https:\/\/fonasa.mindy.cl\/blog\/#organization"},"potentialAction":[{"@type":"SearchAction","target":{"@type":"EntryPoint","urlTemplate":"https:\/\/fonasa.mindy.cl\/blog\/?s={search_term_string}"},"query-input":"required name=search_term_string"}],"inLanguage":"es-CL"},{"@type":"Organization","@id":"https:\/\/fonasa.mindy.cl\/blog\/#organization","name":"Mindy Fonasa Blog","url":"https:\/\/fonasa.mindy.cl\/blog\/","logo":{"@type":"ImageObject","inLanguage":"es-CL","@id":"https:\/\/fonasa.mindy.cl\/blog\/#\/schema\/logo\/image\/","url":"https:\/\/fonasa.mindy.cl\/blog\/wp-content\/uploads\/2024\/07\/logo_cuadrado.png","contentUrl":"https:\/\/fonasa.mindy.cl\/blog\/wp-content\/uploads\/2024\/07\/logo_cuadrado.png","width":300,"height":300,"caption":"Mindy Fonasa Blog"},"image":{"@id":"https:\/\/fonasa.mindy.cl\/blog\/#\/schema\/logo\/image\/"}},{"@type":"Person","@id":"https:\/\/fonasa.mindy.cl\/blog\/#\/schema\/person\/fa87761528fa733079f7f77181252f28","name":"estrategamkd@gmail.com","url":"https:\/\/fonasa.mindy.cl\/blog\/author\/estrategamkdgmail-com\/"}]}},"_links":{"self":[{"href":"https:\/\/fonasa.mindy.cl\/blog\/wp-json\/wp\/v2\/posts\/886"}],"collection":[{"href":"https:\/\/fonasa.mindy.cl\/blog\/wp-json\/wp\/v2\/posts"}],"about":[{"href":"https:\/\/fonasa.mindy.cl\/blog\/wp-json\/wp\/v2\/types\/post"}],"author":[{"embeddable":true,"href":"https:\/\/fonasa.mindy.cl\/blog\/wp-json\/wp\/v2\/users\/3"}],"replies":[{"embeddable":true,"href":"https:\/\/fonasa.mindy.cl\/blog\/wp-json\/wp\/v2\/comments?post=886"}],"version-history":[{"count":9,"href":"https:\/\/fonasa.mindy.cl\/blog\/wp-json\/wp\/v2\/posts\/886\/revisions"}],"predecessor-version":[{"id":1739,"href":"https:\/\/fonasa.mindy.cl\/blog\/wp-json\/wp\/v2\/posts\/886\/revisions\/1739"}],"wp:featuredmedia":[{"embeddable":true,"href":"https:\/\/fonasa.mindy.cl\/blog\/wp-json\/wp\/v2\/media\/890"}],"wp:attachment":[{"href":"https:\/\/fonasa.mindy.cl\/blog\/wp-json\/wp\/v2\/media?parent=886"}],"wp:term":[{"taxonomy":"category","embeddable":true,"href":"https:\/\/fonasa.mindy.cl\/blog\/wp-json\/wp\/v2\/categories?post=886"},{"taxonomy":"post_tag","embeddable":true,"href":"https:\/\/fonasa.mindy.cl\/blog\/wp-json\/wp\/v2\/tags?post=886"}],"curies":[{"name":"wp","href":"https:\/\/api.w.org\/{rel}","templated":true}]}}