{"id":873,"date":"2025-11-19T16:05:12","date_gmt":"2025-11-19T19:05:12","guid":{"rendered":"https:\/\/fonasa.mindy.cl\/blog\/?p=873"},"modified":"2025-12-23T11:43:08","modified_gmt":"2025-12-23T14:43:08","slug":"sintomas-de-ataque-de-panico","status":"publish","type":"post","link":"https:\/\/fonasa.mindy.cl\/blog\/sintomas-de-ataque-de-panico\/","title":{"rendered":"S\u00edntomas de ataque de p\u00e1nico: Qu\u00e9 son, c\u00f3mo identificarlos y c\u00f3mo controlarlos"},"content":{"rendered":"\n<p>Sentir un miedo repentino e intenso, acompa\u00f1ado de sensaciones f\u00edsicas abrumadoras, puede llevarte a pensar que est\u00e1s sufriendo un infarto o que est\u00e1s a punto de perder la raz\u00f3n. Esta experiencia devastadora es un ataque de p\u00e1nico. Comprender los <strong>s\u00edntomas de ataque de p\u00e1nico<\/strong> es el primer y m\u00e1s crucial paso para desarmar esta respuesta de terror. <\/p>\n\n\n\n<p>En este art\u00edculo, exploraremos qu\u00e9 sucede en tu cuerpo y mente durante estos episodios, c\u00f3mo se manifiestan estos s\u00edntomas reales y te brindaremos estrategias basadas en evidencia para controlarlos. Nuestro objetivo es que, al entender los s\u00edntomas de ataque de p\u00e1nico, puedas manejar la crisis y dar el paso hacia un tratamiento profesional que te devuelva la tranquilidad.<\/p>\n\n\n\n<h2 class=\"wp-block-heading has-x-large-font-size\">Desglosando los s\u00edntomas de ataque de p\u00e1nico: La Alarma Extrema<\/h2>\n\n\n\n<p>Un ataque de p\u00e1nico es un episodio abrupto de miedo o malestar intenso que alcanza su punto m\u00e1ximo en cuesti\u00f3n de minutos (generalmente menos de 10). La caracter\u00edstica distintiva es que los s\u00edntomas de ataque de p\u00e1nico son incre\u00edblemente reales e intensos, y la persona siente que su vida o su control mental est\u00e1n en peligro inminente.<\/p>\n\n\n\n<h3 class=\"wp-block-heading has-large-font-size\">Los S\u00edntomas F\u00edsicos que Asustan<\/h3>\n\n\n\n<p>La mayor\u00eda de las personas que experimentan un <strong><a href=\"https:\/\/fonasa.mindy.cl\/blog\/trastorno-de-panico\/\">trastorno de p\u00e1nico<\/a><\/strong> acuden a urgencias pensando que est\u00e1n sufriendo una emergencia m\u00e9dica. Esto se debe a que la respuesta de &#8220;lucha o huida&#8221; del cuerpo se dispara al m\u00e1ximo. Son s\u00edntomas extremos de <strong><a href=\"https:\/\/fonasa.mindy.cl\/blog\/ansiedad-generalizada\/\">ansiedad generalizada<\/a><\/strong>.<\/p>\n\n\n\n<ul>\n<li><strong>Cardiovasculares y Tor\u00e1cicos:<\/strong>\n<ul>\n<li><strong>Palpitaciones<\/strong>, golpeteo del coraz\u00f3n o aumento de la frecuencia card\u00edaca (<strong>taquicardia<\/strong>).<\/li>\n\n\n\n<li><strong>Dolor o molestias en el pecho<\/strong>, que a menudo se confunde con problemas card\u00edacos.<\/li>\n\n\n\n<li>Sensaci\u00f3n de <strong>falta de aliento<\/strong> o asfixia.<\/li>\n<\/ul>\n<\/li>\n\n\n\n<li><strong>Respuesta del Sistema Nervioso Aut\u00f3nomo:<\/strong>\n<ul>\n<li><strong>Sudoraci\u00f3n<\/strong> intensa o escalofr\u00edos.<\/li>\n\n\n\n<li><strong>Temblores o sacudidas<\/strong> incontrolables.<\/li>\n\n\n\n<li>Mareo, aturdimiento o sensaci\u00f3n de inestabilidad, llegando incluso a sentir que uno podr\u00eda desmayarse.<\/li>\n\n\n\n<li>N\u00e1useas o <strong>molestias abdominales<\/strong>.<\/li>\n<\/ul>\n<\/li>\n<\/ul>\n\n\n\n<p>Es importante saber que estos s\u00edntomas de ataque de p\u00e1nico son la manifestaci\u00f3n de una descarga de <strong>adrenalina<\/strong> y otras hormonas del estr\u00e9s; son aterradores, pero no son m\u00e9dicamente peligrosos.<\/p>\n\n\n\n<h3 class=\"wp-block-heading has-large-font-size\">Los s\u00edntomas de ataque de p\u00e1nico Psicol\u00f3gicos y Cognitivos<\/h3>\n\n\n\n<figure class=\"wp-block-gallery has-nested-images columns-default is-cropped wp-block-gallery-1 is-layout-flex wp-block-gallery-is-layout-flex\">\n<figure class=\"wp-block-image size-large\"><img loading=\"lazy\" decoding=\"async\" width=\"640\" height=\"427\" data-id=\"877\" src=\"https:\/\/fonasa.mindy.cl\/blog\/wp-content\/uploads\/2025\/11\/usman-yousaf-8dvyPDYa35Q-unsplash.jpg\" alt=\"s\u00edntomas de ataque de p\u00e1nico\" class=\"wp-image-877\"\/><\/figure>\n<\/figure>\n\n\n\n<p>Junto con la avalancha f\u00edsica, los pensamientos y percepciones se distorsionan, generando un terror psicol\u00f3gico:<\/p>\n\n\n\n<ul>\n<li><strong>Miedo a Morir:<\/strong> La creencia aterradora de que uno est\u00e1 a punto de sufrir un ataque al coraz\u00f3n o un derrame cerebral.<\/li>\n\n\n\n<li><strong>Miedo a Enloquecer:<\/strong> El temor de perder el control, de volverse loco o de realizar un acto impulsivo e irracional.<\/li>\n\n\n\n<li><strong>Desrealizaci\u00f3n:<\/strong> Sentirse irreal o como si se estuviera en un sue\u00f1o, como si el entorno no fuera aut\u00e9ntico.<\/li>\n\n\n\n<li><strong>Despersonalizaci\u00f3n:<\/strong> Sentirse separado de uno mismo, como si se estuviera observando la situaci\u00f3n desde afuera.<\/li>\n<\/ul>\n\n\n\n<p>El diagn\u00f3stico de un ataque de p\u00e1nico requiere la presencia de <strong>al menos cuatro<\/strong> de la lista total de s\u00edntomas (f\u00edsicos y psicol\u00f3gicos) que alcanzan su punto m\u00e1ximo en minutos, seg\u00fan los manuales de diagn\u00f3stico.<\/p>\n\n\n\n<h2 class=\"wp-block-heading has-x-large-font-size\">La Neurociencia Detr\u00e1s de los s\u00edntomas de ataque de p\u00e1nico<\/h2>\n\n\n\n<p>Para desmitificar la experiencia, es \u00fatil entender qu\u00e9 ocurre a nivel cerebral y por qu\u00e9 la respuesta es tan extrema.<\/p>\n\n\n\n<h3 class=\"wp-block-heading has-large-font-size\">El Circuito del Miedo Desencadenado<\/h3>\n\n\n\n<p>Los s\u00edntomas de ataque de p\u00e1nico son el resultado de un &#8220;falso positivo&#8221; en el sistema de alarma cerebral, orquestado principalmente por la <strong>Am\u00edgdala<\/strong>.<\/p>\n\n\n\n<ul>\n<li><strong>La Am\u00edgdala como Detector de Humo:<\/strong> En personas con Trastorno de P\u00e1nico, la am\u00edgdala (el centro del miedo en el cerebro) se vuelve hipersensible. Percibe se\u00f1ales corporales normales (un aumento leve de la respiraci\u00f3n) o pensamientos intrusivos como una <strong>amenaza inminente<\/strong>.<\/li>\n\n\n\n<li><strong>Hiperventilaci\u00f3n y Bi\u00f3xido de Carbono:<\/strong> Una causa frecuente de los s\u00edntomas iniciales es la <strong>hiperventilaci\u00f3n<\/strong> (respirar demasiado r\u00e1pido). Esto reduce los niveles de di\u00f3xido de carbono en la sangre, lo que provoca mareos, aturdimiento y sensaci\u00f3n de asfixia. Estos s\u00edntomas, a su vez, asustan a la persona y refuerzan la creencia de que algo grave sucede, intensificando el p\u00e1nico.<\/li>\n<\/ul>\n\n\n\n<p>La <strong>investigaci\u00f3n cient\u00edfica<\/strong> sobre la fisiolog\u00eda del p\u00e1nico ha demostrado que los ataques son un ciclo de miedo autoinducido y auto-mantenido que requiere ser interrumpido con t\u00e9cnicas de <strong>regulaci\u00f3n fisiol\u00f3gica<\/strong>.<\/p>\n\n\n\n<h3 class=\"wp-block-heading has-large-font-size\">Distinci\u00f3n Clave: P\u00e1nico vs. Ansiedad Generalizada<\/h3>\n\n\n\n<figure class=\"wp-block-gallery has-nested-images columns-default is-cropped wp-block-gallery-2 is-layout-flex wp-block-gallery-is-layout-flex\">\n<figure class=\"wp-block-image size-large\"><img loading=\"lazy\" decoding=\"async\" width=\"640\" height=\"457\" data-id=\"878\" src=\"https:\/\/fonasa.mindy.cl\/blog\/wp-content\/uploads\/2025\/11\/solving-healthcare-jIKXdqKILgk-unsplash.jpg\" alt=\"s\u00edntomas de ataque de p\u00e1nico\" class=\"wp-image-878\"\/><\/figure>\n<\/figure>\n\n\n\n<p>Es importante notar que, mientras la ansiedad generalizada es una <strong>preocupaci\u00f3n persistente<\/strong> y de bajo nivel (un &#8220;ruido de fondo&#8221;), el p\u00e1nico es un <strong>pico explosivo<\/strong> y abrupto.<\/p>\n\n\n\n<figure class=\"wp-block-table\"><table><thead><tr><td><strong>Ansiedad Generalizada<\/strong><\/td><td><strong>Ataque de P\u00e1nico<\/strong><\/td><\/tr><\/thead><tbody><tr><td>Inicio lento y progresivo.<\/td><td>Inicio repentino e intenso (pico en minutos).<\/td><\/tr><tr><td>Preocupaci\u00f3n por eventos futuros.<\/td><td>Miedo inmediato a la muerte o a la locura.<\/td><\/tr><tr><td>Malestar cr\u00f3nico.<\/td><td>Malestar agudo y devastador.<\/td><\/tr><\/tbody><\/table><\/figure>\n\n\n\n<h2 class=\"wp-block-heading\"><strong>Estrategias Inmediatas para Manejar los s\u00edntomas de ataque de p\u00e1nico<\/strong><\/h2>\n\n\n\n<p>El manejo eficaz de los <strong>s\u00edntomas de ataque de p\u00e1nico<\/strong> se centra en dos frentes: <strong>calmar el cuerpo<\/strong> y <strong>desafiar la cognici\u00f3n<\/strong>.<\/p>\n\n\n\n<h3 class=\"wp-block-heading has-large-font-size\">Herramientas Pr\u00e1cticas para Detener la Escalada F\u00edsica<\/h3>\n\n\n\n<p>El objetivo aqu\u00ed es interrumpir la hiperventilaci\u00f3n y activar el sistema de calma (el <strong>sistema nervioso parasimp\u00e1tico<\/strong>).<\/p>\n\n\n\n<ol start=\"1\">\n<li><strong>Respiraci\u00f3n Diafragm\u00e1tica Lenta:<\/strong> Esta es la herramienta m\u00e1s efectiva. Cuenta al inhalar, ret\u00e9n brevemente y cuenta m\u00e1s al exhalar. Por ejemplo, inhala por 4, mant\u00e9n por 2, exhala por 6. Esto obliga al cuerpo a regular el CO2 y se\u00f1aliza al cerebro que el peligro ha pasado.<\/li>\n\n\n\n<li><strong>Anclaje F\u00edsico (Grounding):<\/strong> Conc\u00e9ntrate en una sensaci\u00f3n f\u00edsica intensa que no sea la de p\u00e1nico. Por ejemplo, sost\u00e9n un cubito de hielo, presiona tus pies fuertemente contra el suelo o c\u00e9ntrate en la textura de tu ropa. Esto saca el foco de los s\u00edntomas internos a una <strong>sensaci\u00f3n externa controlable<\/strong>.<\/li>\n\n\n\n<li><strong>Movimiento M\u00ednimo:<\/strong> Mu\u00e9vete suavemente, estira los brazos o camina en el lugar. Esto ayuda a liberar la energ\u00eda de la respuesta de &#8220;lucha o huida&#8221; que ha sido activada por la adrenalina.<\/li>\n<\/ol>\n\n\n\n<h3 class=\"wp-block-heading has-large-font-size\">Estrategias Cognitivas Durante el P\u00e1nico<\/h3>\n\n\n\n<p>Una vez que has calmado un poco el cuerpo, es hora de abordar los pensamientos aterradores.<\/p>\n\n\n\n<ul>\n<li><strong>Etiquetar la Experiencia:<\/strong> Rep\u00edtete: &#8220;Esto es un ataque de p\u00e1nico. Es inc\u00f3modo, pero no es peligroso. Los <strong>s\u00edntomas de ataque de p\u00e1nico<\/strong> pasar\u00e1n en unos minutos, aunque no lo sienta as\u00ed&#8221;.<\/li>\n\n\n\n<li><strong>Esperar la Curva:<\/strong> Recuerda que el p\u00e1nico <strong>alcanza un pico y luego disminuye<\/strong>. El p\u00e1nico no puede subir indefinidamente. Obs\u00e9rvate en ese pico y espera a que baje, sin luchar contra \u00e9l.<\/li>\n<\/ul>\n\n\n\n<h2 class=\"wp-block-heading has-x-large-font-size\"><strong>Fonasa Mindy: Tratamiento Especializado para los s\u00edntomas de ataque de p\u00e1nico<\/strong><\/h2>\n\n\n\n<p>Si experimentas ataques de p\u00e1nico recurrentes (Trastorno de P\u00e1nico), el manejo en casa es insuficiente. Necesitas un plan de tratamiento estructurado y profesional. En Mindy, hacemos que este tratamiento sea accesible para ti en Chile a trav\u00e9s de Fonasa.<\/p>\n\n\n\n<ul>\n<li><strong>Tratamiento Basado en Evidencia:<\/strong> Nuestros psic\u00f3logos son expertos en la <strong>Terapia Cognitivo-Conductual (TCC)<\/strong>, el enfoque m\u00e1s eficaz para el Trastorno de P\u00e1nico. La TCC utiliza t\u00e9cnicas de exposici\u00f3n interoceptiva para desensibilizarte de las sensaciones f\u00edsicas que disparan los <strong>s\u00edntomas de ataque de p\u00e1nico<\/strong>.<\/li>\n\n\n\n<li><strong>Acceso con Fonasa:<\/strong> Utilizamos tu beneficio de salud para que las sesiones de terapia psicol\u00f3gica online sean econ\u00f3micamente viables.<\/li>\n\n\n\n<li><strong>Terapia Online y Segura:<\/strong> Para las personas que desarrollan <strong>agorafobia<\/strong> (miedo a salir de casa por temor a un ataque), la terapia online elimina esta barrera inicial, permitiendo comenzar el tratamiento desde un entorno seguro.<\/li>\n<\/ul>\n\n\n\n<p>No tienes que vivir con el temor constante de un nuevo ataque. El tratamiento funciona y te devolver\u00e1 la libertad. Conoce c\u00f3mo acceder a tu terapia con Fonasa Mindy: <a target=\"_blank\" rel=\"noreferrer noopener\" href=\"https:\/\/fonasa.mindy.cl\/psicologos.php#\/\">**Psic\u00f3logos online Fonasa Mindy **<\/a><\/p>\n\n\n\n<p>Los <strong>s\u00edntomas de ataque de p\u00e1nico<\/strong> son una experiencia real y aterradora, pero son el resultado de un sistema de alarma que funciona mal, no de una enfermedad mortal. El conocimiento y las herramientas adecuadas, como la respiraci\u00f3n controlada y la etiquetaci\u00f3n cognitiva, son clave para gestionarlos. Si los ataques de p\u00e1nico son recurrentes y limitan tu vida, es fundamental buscar ayuda profesional. <\/p>\n\n\n\n<p>Utiliza tu beneficio Fonasa y da el paso hacia una vida libre de la tiran\u00eda del p\u00e1nico. Recupera el control hoy: <strong><a href=\"https:\/\/fonasa.mindy.cl\/#\/\" target=\"_blank\" rel=\"noreferrer noopener\">Fonasa Mindy<\/a><\/strong>.<\/p>\n","protected":false},"excerpt":{"rendered":"<p>Sentir un miedo repentino e intenso, acompa\u00f1ado de sensaciones f\u00edsicas abrumadoras, puede llevarte a pensar que est\u00e1s sufriendo un infarto o que est\u00e1s a punto de perder la raz\u00f3n. Esta experiencia devastadora es un ataque de p\u00e1nico. Comprender los s\u00edntomas de ataque de p\u00e1nico es el primer y m\u00e1s crucial paso para desarmar esta respuesta [&hellip;]<\/p>\n","protected":false},"author":3,"featured_media":876,"comment_status":"closed","ping_status":"closed","sticky":false,"template":"","format":"standard","meta":{"footnotes":""},"categories":[274],"tags":[],"yoast_head":"<!-- This site is optimized with the Yoast SEO plugin v23.0 - https:\/\/yoast.com\/wordpress\/plugins\/seo\/ -->\n<title>S\u00edntomas de ataque de p\u00e1nico: Qu\u00e9 son y c\u00f3mo controlarlos<\/title>\n<meta name=\"description\" content=\"Aprende a reconocer los s\u00edntomas de ataque de p\u00e1nico, qu\u00e9 los causa y las herramientas efectivas para recuperar el control.\" \/>\n<meta name=\"robots\" content=\"index, follow, max-snippet:-1, max-image-preview:large, max-video-preview:-1\" \/>\n<link rel=\"canonical\" href=\"https:\/\/fonasa.mindy.cl\/blog\/sintomas-de-ataque-de-panico\/\" \/>\n<meta property=\"og:locale\" content=\"es_ES\" \/>\n<meta property=\"og:type\" content=\"article\" \/>\n<meta property=\"og:title\" content=\"S\u00edntomas de ataque de p\u00e1nico: Qu\u00e9 son y c\u00f3mo controlarlos\" \/>\n<meta property=\"og:description\" content=\"Aprende a reconocer los s\u00edntomas de ataque de p\u00e1nico, qu\u00e9 los causa y las herramientas efectivas para recuperar el control.\" \/>\n<meta property=\"og:url\" content=\"https:\/\/fonasa.mindy.cl\/blog\/sintomas-de-ataque-de-panico\/\" \/>\n<meta property=\"og:site_name\" content=\"Mindy Fonasa Blog\" \/>\n<meta property=\"article:published_time\" content=\"2025-11-19T19:05:12+00:00\" \/>\n<meta property=\"article:modified_time\" content=\"2025-12-23T14:43:08+00:00\" \/>\n<meta property=\"og:image\" content=\"https:\/\/fonasa.mindy.cl\/blog\/wp-content\/uploads\/2025\/11\/pexels-shvets-production-7193896.jpg\" \/>\n\t<meta property=\"og:image:width\" content=\"640\" \/>\n\t<meta property=\"og:image:height\" content=\"427\" \/>\n\t<meta property=\"og:image:type\" content=\"image\/jpeg\" \/>\n<meta name=\"author\" content=\"estrategamkd@gmail.com\" \/>\n<meta name=\"twitter:card\" content=\"summary_large_image\" \/>\n<meta name=\"twitter:label1\" content=\"Written by\" \/>\n\t<meta name=\"twitter:data1\" content=\"estrategamkd@gmail.com\" \/>\n\t<meta name=\"twitter:label2\" content=\"Est. reading time\" \/>\n\t<meta name=\"twitter:data2\" content=\"7 minutos\" \/>\n<script type=\"application\/ld+json\" class=\"yoast-schema-graph\">{\"@context\":\"https:\/\/schema.org\",\"@graph\":[{\"@type\":\"Article\",\"@id\":\"https:\/\/fonasa.mindy.cl\/blog\/sintomas-de-ataque-de-panico\/#article\",\"isPartOf\":{\"@id\":\"https:\/\/fonasa.mindy.cl\/blog\/sintomas-de-ataque-de-panico\/\"},\"author\":{\"name\":\"estrategamkd@gmail.com\",\"@id\":\"https:\/\/fonasa.mindy.cl\/blog\/#\/schema\/person\/fa87761528fa733079f7f77181252f28\"},\"headline\":\"S\u00edntomas de ataque de p\u00e1nico: Qu\u00e9 son, c\u00f3mo identificarlos y c\u00f3mo controlarlos\",\"datePublished\":\"2025-11-19T19:05:12+00:00\",\"dateModified\":\"2025-12-23T14:43:08+00:00\",\"mainEntityOfPage\":{\"@id\":\"https:\/\/fonasa.mindy.cl\/blog\/sintomas-de-ataque-de-panico\/\"},\"wordCount\":1429,\"publisher\":{\"@id\":\"https:\/\/fonasa.mindy.cl\/blog\/#organization\"},\"image\":{\"@id\":\"https:\/\/fonasa.mindy.cl\/blog\/sintomas-de-ataque-de-panico\/#primaryimage\"},\"thumbnailUrl\":\"https:\/\/fonasa.mindy.cl\/blog\/wp-content\/uploads\/2025\/11\/pexels-shvets-production-7193896.jpg\",\"articleSection\":[\"Ansiedad\"],\"inLanguage\":\"es-CL\"},{\"@type\":\"WebPage\",\"@id\":\"https:\/\/fonasa.mindy.cl\/blog\/sintomas-de-ataque-de-panico\/\",\"url\":\"https:\/\/fonasa.mindy.cl\/blog\/sintomas-de-ataque-de-panico\/\",\"name\":\"S\u00edntomas de ataque de p\u00e1nico: Qu\u00e9 son y c\u00f3mo controlarlos\",\"isPartOf\":{\"@id\":\"https:\/\/fonasa.mindy.cl\/blog\/#website\"},\"primaryImageOfPage\":{\"@id\":\"https:\/\/fonasa.mindy.cl\/blog\/sintomas-de-ataque-de-panico\/#primaryimage\"},\"image\":{\"@id\":\"https:\/\/fonasa.mindy.cl\/blog\/sintomas-de-ataque-de-panico\/#primaryimage\"},\"thumbnailUrl\":\"https:\/\/fonasa.mindy.cl\/blog\/wp-content\/uploads\/2025\/11\/pexels-shvets-production-7193896.jpg\",\"datePublished\":\"2025-11-19T19:05:12+00:00\",\"dateModified\":\"2025-12-23T14:43:08+00:00\",\"description\":\"Aprende a reconocer los s\u00edntomas de ataque de p\u00e1nico, qu\u00e9 los causa y las herramientas efectivas para recuperar el control.\",\"breadcrumb\":{\"@id\":\"https:\/\/fonasa.mindy.cl\/blog\/sintomas-de-ataque-de-panico\/#breadcrumb\"},\"inLanguage\":\"es-CL\",\"potentialAction\":[{\"@type\":\"ReadAction\",\"target\":[\"https:\/\/fonasa.mindy.cl\/blog\/sintomas-de-ataque-de-panico\/\"]}]},{\"@type\":\"ImageObject\",\"inLanguage\":\"es-CL\",\"@id\":\"https:\/\/fonasa.mindy.cl\/blog\/sintomas-de-ataque-de-panico\/#primaryimage\",\"url\":\"https:\/\/fonasa.mindy.cl\/blog\/wp-content\/uploads\/2025\/11\/pexels-shvets-production-7193896.jpg\",\"contentUrl\":\"https:\/\/fonasa.mindy.cl\/blog\/wp-content\/uploads\/2025\/11\/pexels-shvets-production-7193896.jpg\",\"width\":640,\"height\":427,\"caption\":\"s\u00edntomas de ataque de p\u00e1nico\"},{\"@type\":\"BreadcrumbList\",\"@id\":\"https:\/\/fonasa.mindy.cl\/blog\/sintomas-de-ataque-de-panico\/#breadcrumb\",\"itemListElement\":[{\"@type\":\"ListItem\",\"position\":1,\"name\":\"Home\",\"item\":\"https:\/\/fonasa.mindy.cl\/blog\/\"},{\"@type\":\"ListItem\",\"position\":2,\"name\":\"S\u00edntomas de ataque de p\u00e1nico: Qu\u00e9 son, c\u00f3mo identificarlos y c\u00f3mo controlarlos\"}]},{\"@type\":\"WebSite\",\"@id\":\"https:\/\/fonasa.mindy.cl\/blog\/#website\",\"url\":\"https:\/\/fonasa.mindy.cl\/blog\/\",\"name\":\"Mindy Fonasa Blog\",\"description\":\"Un blog de salud mental\",\"publisher\":{\"@id\":\"https:\/\/fonasa.mindy.cl\/blog\/#organization\"},\"potentialAction\":[{\"@type\":\"SearchAction\",\"target\":{\"@type\":\"EntryPoint\",\"urlTemplate\":\"https:\/\/fonasa.mindy.cl\/blog\/?s={search_term_string}\"},\"query-input\":\"required name=search_term_string\"}],\"inLanguage\":\"es-CL\"},{\"@type\":\"Organization\",\"@id\":\"https:\/\/fonasa.mindy.cl\/blog\/#organization\",\"name\":\"Mindy Fonasa Blog\",\"url\":\"https:\/\/fonasa.mindy.cl\/blog\/\",\"logo\":{\"@type\":\"ImageObject\",\"inLanguage\":\"es-CL\",\"@id\":\"https:\/\/fonasa.mindy.cl\/blog\/#\/schema\/logo\/image\/\",\"url\":\"https:\/\/fonasa.mindy.cl\/blog\/wp-content\/uploads\/2024\/07\/logo_cuadrado.png\",\"contentUrl\":\"https:\/\/fonasa.mindy.cl\/blog\/wp-content\/uploads\/2024\/07\/logo_cuadrado.png\",\"width\":300,\"height\":300,\"caption\":\"Mindy Fonasa Blog\"},\"image\":{\"@id\":\"https:\/\/fonasa.mindy.cl\/blog\/#\/schema\/logo\/image\/\"}},{\"@type\":\"Person\",\"@id\":\"https:\/\/fonasa.mindy.cl\/blog\/#\/schema\/person\/fa87761528fa733079f7f77181252f28\",\"name\":\"estrategamkd@gmail.com\",\"url\":\"https:\/\/fonasa.mindy.cl\/blog\/author\/estrategamkdgmail-com\/\"}]}<\/script>\n<!-- \/ Yoast SEO plugin. -->","yoast_head_json":{"title":"S\u00edntomas de ataque de p\u00e1nico: Qu\u00e9 son y c\u00f3mo controlarlos","description":"Aprende a reconocer los s\u00edntomas de ataque de p\u00e1nico, qu\u00e9 los causa y las herramientas efectivas para recuperar el control.","robots":{"index":"index","follow":"follow","max-snippet":"max-snippet:-1","max-image-preview":"max-image-preview:large","max-video-preview":"max-video-preview:-1"},"canonical":"https:\/\/fonasa.mindy.cl\/blog\/sintomas-de-ataque-de-panico\/","og_locale":"es_ES","og_type":"article","og_title":"S\u00edntomas de ataque de p\u00e1nico: Qu\u00e9 son y c\u00f3mo controlarlos","og_description":"Aprende a reconocer los s\u00edntomas de ataque de p\u00e1nico, qu\u00e9 los causa y las herramientas efectivas para recuperar el control.","og_url":"https:\/\/fonasa.mindy.cl\/blog\/sintomas-de-ataque-de-panico\/","og_site_name":"Mindy Fonasa Blog","article_published_time":"2025-11-19T19:05:12+00:00","article_modified_time":"2025-12-23T14:43:08+00:00","og_image":[{"width":640,"height":427,"url":"https:\/\/fonasa.mindy.cl\/blog\/wp-content\/uploads\/2025\/11\/pexels-shvets-production-7193896.jpg","type":"image\/jpeg"}],"author":"estrategamkd@gmail.com","twitter_card":"summary_large_image","twitter_misc":{"Written by":"estrategamkd@gmail.com","Est. reading time":"7 minutos"},"schema":{"@context":"https:\/\/schema.org","@graph":[{"@type":"Article","@id":"https:\/\/fonasa.mindy.cl\/blog\/sintomas-de-ataque-de-panico\/#article","isPartOf":{"@id":"https:\/\/fonasa.mindy.cl\/blog\/sintomas-de-ataque-de-panico\/"},"author":{"name":"estrategamkd@gmail.com","@id":"https:\/\/fonasa.mindy.cl\/blog\/#\/schema\/person\/fa87761528fa733079f7f77181252f28"},"headline":"S\u00edntomas de ataque de p\u00e1nico: Qu\u00e9 son, c\u00f3mo identificarlos y c\u00f3mo controlarlos","datePublished":"2025-11-19T19:05:12+00:00","dateModified":"2025-12-23T14:43:08+00:00","mainEntityOfPage":{"@id":"https:\/\/fonasa.mindy.cl\/blog\/sintomas-de-ataque-de-panico\/"},"wordCount":1429,"publisher":{"@id":"https:\/\/fonasa.mindy.cl\/blog\/#organization"},"image":{"@id":"https:\/\/fonasa.mindy.cl\/blog\/sintomas-de-ataque-de-panico\/#primaryimage"},"thumbnailUrl":"https:\/\/fonasa.mindy.cl\/blog\/wp-content\/uploads\/2025\/11\/pexels-shvets-production-7193896.jpg","articleSection":["Ansiedad"],"inLanguage":"es-CL"},{"@type":"WebPage","@id":"https:\/\/fonasa.mindy.cl\/blog\/sintomas-de-ataque-de-panico\/","url":"https:\/\/fonasa.mindy.cl\/blog\/sintomas-de-ataque-de-panico\/","name":"S\u00edntomas de ataque de p\u00e1nico: Qu\u00e9 son y c\u00f3mo controlarlos","isPartOf":{"@id":"https:\/\/fonasa.mindy.cl\/blog\/#website"},"primaryImageOfPage":{"@id":"https:\/\/fonasa.mindy.cl\/blog\/sintomas-de-ataque-de-panico\/#primaryimage"},"image":{"@id":"https:\/\/fonasa.mindy.cl\/blog\/sintomas-de-ataque-de-panico\/#primaryimage"},"thumbnailUrl":"https:\/\/fonasa.mindy.cl\/blog\/wp-content\/uploads\/2025\/11\/pexels-shvets-production-7193896.jpg","datePublished":"2025-11-19T19:05:12+00:00","dateModified":"2025-12-23T14:43:08+00:00","description":"Aprende a reconocer los s\u00edntomas de ataque de p\u00e1nico, qu\u00e9 los causa y las herramientas efectivas para recuperar el control.","breadcrumb":{"@id":"https:\/\/fonasa.mindy.cl\/blog\/sintomas-de-ataque-de-panico\/#breadcrumb"},"inLanguage":"es-CL","potentialAction":[{"@type":"ReadAction","target":["https:\/\/fonasa.mindy.cl\/blog\/sintomas-de-ataque-de-panico\/"]}]},{"@type":"ImageObject","inLanguage":"es-CL","@id":"https:\/\/fonasa.mindy.cl\/blog\/sintomas-de-ataque-de-panico\/#primaryimage","url":"https:\/\/fonasa.mindy.cl\/blog\/wp-content\/uploads\/2025\/11\/pexels-shvets-production-7193896.jpg","contentUrl":"https:\/\/fonasa.mindy.cl\/blog\/wp-content\/uploads\/2025\/11\/pexels-shvets-production-7193896.jpg","width":640,"height":427,"caption":"s\u00edntomas de ataque de p\u00e1nico"},{"@type":"BreadcrumbList","@id":"https:\/\/fonasa.mindy.cl\/blog\/sintomas-de-ataque-de-panico\/#breadcrumb","itemListElement":[{"@type":"ListItem","position":1,"name":"Home","item":"https:\/\/fonasa.mindy.cl\/blog\/"},{"@type":"ListItem","position":2,"name":"S\u00edntomas de ataque de p\u00e1nico: Qu\u00e9 son, c\u00f3mo identificarlos y c\u00f3mo controlarlos"}]},{"@type":"WebSite","@id":"https:\/\/fonasa.mindy.cl\/blog\/#website","url":"https:\/\/fonasa.mindy.cl\/blog\/","name":"Mindy Fonasa Blog","description":"Un blog de salud mental","publisher":{"@id":"https:\/\/fonasa.mindy.cl\/blog\/#organization"},"potentialAction":[{"@type":"SearchAction","target":{"@type":"EntryPoint","urlTemplate":"https:\/\/fonasa.mindy.cl\/blog\/?s={search_term_string}"},"query-input":"required name=search_term_string"}],"inLanguage":"es-CL"},{"@type":"Organization","@id":"https:\/\/fonasa.mindy.cl\/blog\/#organization","name":"Mindy Fonasa Blog","url":"https:\/\/fonasa.mindy.cl\/blog\/","logo":{"@type":"ImageObject","inLanguage":"es-CL","@id":"https:\/\/fonasa.mindy.cl\/blog\/#\/schema\/logo\/image\/","url":"https:\/\/fonasa.mindy.cl\/blog\/wp-content\/uploads\/2024\/07\/logo_cuadrado.png","contentUrl":"https:\/\/fonasa.mindy.cl\/blog\/wp-content\/uploads\/2024\/07\/logo_cuadrado.png","width":300,"height":300,"caption":"Mindy Fonasa Blog"},"image":{"@id":"https:\/\/fonasa.mindy.cl\/blog\/#\/schema\/logo\/image\/"}},{"@type":"Person","@id":"https:\/\/fonasa.mindy.cl\/blog\/#\/schema\/person\/fa87761528fa733079f7f77181252f28","name":"estrategamkd@gmail.com","url":"https:\/\/fonasa.mindy.cl\/blog\/author\/estrategamkdgmail-com\/"}]}},"_links":{"self":[{"href":"https:\/\/fonasa.mindy.cl\/blog\/wp-json\/wp\/v2\/posts\/873"}],"collection":[{"href":"https:\/\/fonasa.mindy.cl\/blog\/wp-json\/wp\/v2\/posts"}],"about":[{"href":"https:\/\/fonasa.mindy.cl\/blog\/wp-json\/wp\/v2\/types\/post"}],"author":[{"embeddable":true,"href":"https:\/\/fonasa.mindy.cl\/blog\/wp-json\/wp\/v2\/users\/3"}],"replies":[{"embeddable":true,"href":"https:\/\/fonasa.mindy.cl\/blog\/wp-json\/wp\/v2\/comments?post=873"}],"version-history":[{"count":7,"href":"https:\/\/fonasa.mindy.cl\/blog\/wp-json\/wp\/v2\/posts\/873\/revisions"}],"predecessor-version":[{"id":1081,"href":"https:\/\/fonasa.mindy.cl\/blog\/wp-json\/wp\/v2\/posts\/873\/revisions\/1081"}],"wp:featuredmedia":[{"embeddable":true,"href":"https:\/\/fonasa.mindy.cl\/blog\/wp-json\/wp\/v2\/media\/876"}],"wp:attachment":[{"href":"https:\/\/fonasa.mindy.cl\/blog\/wp-json\/wp\/v2\/media?parent=873"}],"wp:term":[{"taxonomy":"category","embeddable":true,"href":"https:\/\/fonasa.mindy.cl\/blog\/wp-json\/wp\/v2\/categories?post=873"},{"taxonomy":"post_tag","embeddable":true,"href":"https:\/\/fonasa.mindy.cl\/blog\/wp-json\/wp\/v2\/tags?post=873"}],"curies":[{"name":"wp","href":"https:\/\/api.w.org\/{rel}","templated":true}]}}