{"id":829,"date":"2025-11-19T11:41:24","date_gmt":"2025-11-19T14:41:24","guid":{"rendered":"https:\/\/fonasa.mindy.cl\/blog\/?p=829"},"modified":"2026-03-24T16:26:02","modified_gmt":"2026-03-24T19:26:02","slug":"la-ansiedad-guia-completa","status":"publish","type":"post","link":"https:\/\/fonasa.mindy.cl\/blog\/la-ansiedad-guia-completa\/","title":{"rendered":"La ansiedad: Gu\u00eda completa para entender, controlar y reducir tu malestar"},"content":{"rendered":"\n<p>\u00bfSientes a menudo un nudo en el est\u00f3mago, taquicardia sin motivo o una preocupaci\u00f3n incesante por el futuro? Si es as\u00ed, est\u00e1s experimentando <strong>la ansiedad<\/strong>, una de las respuestas emocionales m\u00e1s comunes y, a la vez, m\u00e1s incomprendidas. Si bien es una emoci\u00f3n natural y necesaria para la supervivencia, cuando se vuelve descontrolada y persistente, puede paralizar tu vida y agotar tus recursos. <\/p>\n\n\n\n<p>Este art\u00edculo es una herramienta de valor: te proporcionaremos una comprensi\u00f3n profunda y basada en evidencia sobre qu\u00e9 es <strong>la ansiedad<\/strong> en su espectro normal y patol\u00f3gico, c\u00f3mo afecta tu cuerpo y mente, y, lo m\u00e1s importante, qu\u00e9 pasos pr\u00e1cticos y terap\u00e9uticos puedes seguir hoy mismo para recuperar tu bienestar.<\/p>\n\n\n\n<h2 class=\"wp-block-heading has-x-large-font-size\">Comprendiendo el Espectro de la ansiedad: De Alarma a Trastorno<\/h2>\n\n\n\n<p><strong><a href=\"https:\/\/fonasa.mindy.cl\/blog\/la-ansiedad-es-una-enfermedad\/\">Es la ansiedad una enfermedad<\/a><\/strong>? Es, en su ra\u00edz, un mecanismo de defensa biol\u00f3gico, una respuesta de alerta que prepara a nuestro cuerpo para la acci\u00f3n ante una amenaza potencial. Es el motor que te impulsa a estudiar para un examen o a frenar r\u00e1pidamente al ver un obst\u00e1culo. Sin embargo, cuando este sistema de alarma se desregula, se convierte en un problema que impacta negativamente tu vida.<\/p>\n\n\n\n<h3 class=\"wp-block-heading has-large-font-size\">Diferenciando entre Ansiedad Funcional y Ansiedad Patol\u00f3gica<\/h3>\n\n\n\n<p>Es crucial establecer una distinci\u00f3n clara para saber cu\u00e1ndo la ayuda profesional es necesaria:<\/p>\n\n\n\n<ul>\n<li><strong>Ansiedad Funcional (Normal):<\/strong> Es temporal, proporcional al evento estresante (ej. una entrevista de trabajo), y desaparece una vez que el evento termina. Te motiva y mejora tu rendimiento.<\/li>\n\n\n\n<li><strong>Ansiedad Patol\u00f3gica (Trastorno):<\/strong> Es desproporcionada, persistente (dura en el tiempo), y se manifiesta incluso en ausencia de un peligro real. Interfiere significativamente con tus rutinas diarias y te genera un gran <strong>malestar<\/strong>.<\/li>\n<\/ul>\n\n\n\n<p>La investigaci\u00f3n indica<strong> <\/strong>que en Chile y a nivel mundial, los trastornos de ansiedad son de las condiciones de salud mental m\u00e1s prevalentes, afectando seriamente la calidad de vida. Comprender que tu experiencia puede ser parte de un trastorno diagnosticable es el primer paso hacia la b\u00fasqueda de soluciones efectivas, y sobre todo cuando pueden ocurrir episodios o <strong><a href=\"https:\/\/fonasa.mindy.cl\/blog\/crisis-de-ansiedad-claves-para-comprender-y-manejar-los-episodios\/\">crisis de ansiedad<\/a><\/strong>.<\/p>\n\n\n\n<h3 class=\"wp-block-heading has-large-font-size\">El Componente Neurobiol\u00f3gico de la ansiedad: El Cerebro en &#8220;Modo Alerta&#8221;<\/h3>\n\n\n\n<p>Cuando experimentas <strong>la ansiedad<\/strong>, se activa el <strong>eje Hipotal\u00e1mico-Hipofisario-Adrenal (HHA)<\/strong>, el principal sistema de respuesta al estr\u00e9s del cuerpo.<\/p>\n\n\n\n<ol start=\"1\">\n<li><strong>Activaci\u00f3n de la Am\u00edgdala:<\/strong> Una estructura cerebral clave en el sistema l\u00edmbico, que percibe el peligro y activa la respuesta.<\/li>\n\n\n\n<li><strong>Liberaci\u00f3n de Adrenalina y Cortisol:<\/strong> La am\u00edgdala env\u00eda una se\u00f1al al hipot\u00e1lamo, que a su vez estimula la liberaci\u00f3n de hormonas del estr\u00e9s, como la <strong>adrenalina<\/strong> (que causa taquicardia y respiraci\u00f3n r\u00e1pida) y el <strong>cortisol<\/strong> (la hormona del estr\u00e9s a largo plazo).<\/li>\n\n\n\n<li><strong>Respuesta de Lucha o Huida:<\/strong> Estas hormonas preparan tu cuerpo para combatir o huir: la sangre fluye a los m\u00fasculos, la digesti\u00f3n se detiene y la mente se enfoca en el &#8220;peligro&#8221;.<\/li>\n<\/ol>\n\n\n\n<p>En el contexto de un trastorno de ansiedad, esta respuesta se dispara de forma inapropiada o se mantiene activa constantemente, provocando un <strong>agotamiento cr\u00f3nico<\/strong> del sistema nervioso.<\/p>\n\n\n\n<h2 class=\"wp-block-heading has-x-large-font-size\">Manifestaciones de la ansiedad: S\u00edntomas y Consecuencias<\/h2>\n\n\n\n<p><strong>La ansiedad<\/strong> es una experiencia integral que afecta tres grandes \u00e1reas de la persona: lo f\u00edsico, lo cognitivo (pensamientos) y lo conductual. <strong><a href=\"https:\/\/fonasa.mindy.cl\/blog\/estres-y-ansiedad-como-diferenciarlos\/\">Estr\u00e9s y ansiedad<\/a><\/strong> no son lo mismo, aunque comparten s\u00edntomas similares.<\/p>\n\n\n\n<h3 class=\"wp-block-heading has-large-font-size\">S\u00edntomas F\u00edsicos de la Respuesta de Alarma<\/h3>\n\n\n\n<figure class=\"wp-block-gallery has-nested-images columns-default is-cropped wp-block-gallery-1 is-layout-flex wp-block-gallery-is-layout-flex\">\n<figure class=\"wp-block-image size-large\"><img loading=\"lazy\" decoding=\"async\" width=\"1280\" height=\"1002\" data-id=\"833\" src=\"https:\/\/fonasa.mindy.cl\/blog\/wp-content\/uploads\/2025\/11\/silhouette-5584106_1280.png\" alt=\"la ansiedad \" class=\"wp-image-833\"\/><\/figure>\n<\/figure>\n\n\n\n<p>El cuerpo a menudo da las se\u00f1ales m\u00e1s evidentes de <strong>la ansiedad<\/strong>. Estos s\u00edntomas son reales y provienen de la activaci\u00f3n del sistema nervioso aut\u00f3nomo:<\/p>\n\n\n\n<ul>\n<li><strong>Cardiovasculares y Respiratorios:<\/strong>\n<ul>\n<li>Palpitaciones o <strong>taquicardia<\/strong>.<\/li>\n\n\n\n<li>Sensaci\u00f3n de opresi\u00f3n o dolor en el pecho.<\/li>\n\n\n\n<li>Falta de aire o respiraci\u00f3n superficial (<strong>hiperventilaci\u00f3n<\/strong>).<\/li>\n<\/ul>\n<\/li>\n\n\n\n<li><strong>Tensi\u00f3n Muscular:<\/strong>\n<ul>\n<li>Cefaleas (dolores de cabeza tensionales) y rigidez en cuello y hombros.<\/li>\n\n\n\n<li>Temblores o sacudidas, especialmente en las extremidades.<\/li>\n<\/ul>\n<\/li>\n\n\n\n<li><strong>Digestivos:<\/strong>\n<ul>\n<li>N\u00e1useas o sensaci\u00f3n de &#8220;nudo en el est\u00f3mago&#8221;.<\/li>\n\n\n\n<li>S\u00edndrome de <strong>colon irritable<\/strong>, diarrea o estre\u00f1imiento.<\/li>\n<\/ul>\n<\/li>\n\n\n\n<li><strong>Neurol\u00f3gicos:<\/strong>\n<ul>\n<li><strong><a href=\"https:\/\/fonasa.mindy.cl\/blog\/mareos-por-ansiedad\/\">Mareos por ansiedad<\/a><\/strong>, sensaci\u00f3n de inestabilidad o aturdimiento.<\/li>\n<\/ul>\n<\/li>\n<\/ul>\n\n\n\n<h3 class=\"wp-block-heading has-large-font-size\">Patrones Cognitivos y Conductuales T\u00edpicos en <strong>la ansiedad<\/strong><\/h3>\n\n\n\n<p>En el plano mental, <strong>la ansiedad<\/strong> se traduce en una mente hiperactiva y negativa:<\/p>\n\n\n\n<ul>\n<li><strong>Preocupaci\u00f3n Excesiva:<\/strong> Tendencia a rumiar los problemas y a imaginar siempre el peor escenario posible (<strong>pensamiento catastr\u00f3fico<\/strong>).<\/li>\n\n\n\n<li><strong>Dificultad de Concentraci\u00f3n:<\/strong> La mente est\u00e1 tan ocupada en el &#8220;peligro&#8221; que resulta dif\u00edcil enfocarse en las tareas diarias, lo que lleva a problemas de memoria o rendimiento.<\/li>\n\n\n\n<li><strong>Hipervigilancia:<\/strong> Estar constantemente en alerta, buscando signos de peligro en el entorno o en las propias sensaciones corporales.<\/li>\n\n\n\n<li><strong>Conductas de Evitaci\u00f3n:<\/strong> Tendencia a evitar lugares, personas o situaciones que se asocian con la ansiedad (ej. no usar el metro, no asistir a reuniones sociales), lo que a corto plazo alivia, pero a largo plazo <strong>empeora<\/strong> el trastorno al reforzar el miedo.<\/li>\n\n\n\n<li><strong><a href=\"https:\/\/fonasa.mindy.cl\/blog\/trastorno-de-ansiedad-por-separacion\/\">Trastorno de ansiedad por separaci\u00f3n<\/a><\/strong>: Ocurre en ni\u00f1os cuando se separan de sus padres por tareas escolares o son dejados con otros cuidadores.<\/li>\n<\/ul>\n\n\n\n<h2 class=\"wp-block-heading has-x-large-font-size\">Estrategias y Herramientas Pr\u00e1cticas para Reducir la ansiedad<\/h2>\n\n\n\n<p>Si bien el tratamiento profesional es el camino m\u00e1s seguro, existen t\u00e9cnicas basadas en la evidencia que puedes comenzar a aplicar para gestionar los picos de <strong>la ansiedad<\/strong> en tu d\u00eda a d\u00eda.<\/p>\n\n\n\n<h3 class=\"wp-block-heading has-large-font-size\">Primeros Auxilios para la Crisis de Ansiedad o P\u00e1nico<\/h3>\n\n\n\n<p>Cuando la ansiedad es aguda y sientes que pierdes el control, puedes recurrir a estas t\u00e9cnicas de anclaje:<\/p>\n\n\n\n<ol start=\"1\">\n<li><strong>Respiraci\u00f3n Diafragm\u00e1tica (Abdominal):<\/strong> La forma m\u00e1s efectiva de decirle a tu cerebro que el peligro ha pasado. Inhala profundamente contando hasta 4 (inflando el abdomen), mant\u00e9n por 2, y exhala lentamente contando hasta 6. Repite 5 a 10 veces, enfoc\u00e1ndote solo en la respiraci\u00f3n.<\/li>\n\n\n\n<li><strong>T\u00e9cnica 5-4-3-2-1:<\/strong> Una t\u00e9cnica de <strong>Mindfulness<\/strong> (atenci\u00f3n plena) para anclarte al presente. Nombra en voz alta o mentalmente: 5 cosas que puedes ver, 4 cosas que puedes tocar, 3 cosas que puedes o\u00edr, 2 cosas que puedes oler, y 1 cosa que puedes saborear.<\/li>\n\n\n\n<li><strong>Aceptaci\u00f3n Radical:<\/strong> En lugar de luchar contra las sensaciones (lo que las intensifica), rep\u00edtete que son solo <strong>sensaciones de ansiedad<\/strong>, son inc\u00f3modas pero no peligrosas, y que pasar\u00e1n en unos minutos.<\/li>\n<\/ol>\n\n\n\n<h3 class=\"wp-block-heading has-large-font-size\">Opciones de Tratamiento con Enfoque Psicol\u00f3gico<\/h3>\n\n\n\n<figure class=\"wp-block-gallery has-nested-images columns-default is-cropped wp-block-gallery-2 is-layout-flex wp-block-gallery-is-layout-flex\">\n<figure class=\"wp-block-image size-large\"><img loading=\"lazy\" decoding=\"async\" width=\"1280\" height=\"916\" data-id=\"834\" src=\"https:\/\/fonasa.mindy.cl\/blog\/wp-content\/uploads\/2025\/11\/therapist-9624067_1280.png\" alt=\"la ansiedad \" class=\"wp-image-834\"\/><\/figure>\n<\/figure>\n\n\n\n<p>Los <strong><a href=\"https:\/\/fonasa.mindy.cl\/blog\/tratamiento-para-la-ansiedad\/\">tratamientos para la ansiedad<\/a><\/strong> m\u00e1s efectivos est\u00e1n centrados en la terapia psicol\u00f3gica, especialmente aquellas que ofrecen herramientas concretas y medibles:<\/p>\n\n\n\n<ul>\n<li><strong>Terapia Cognitivo-Conductual (TCC):<\/strong> Se enfoca en identificar y modificar los patrones de pensamiento err\u00f3neos (cogniciones) y las conductas de evitaci\u00f3n que mantienen la ansiedad. Es el est\u00e1ndar de oro para la mayor\u00eda de los trastornos de ansiedad.<\/li>\n\n\n\n<li><strong>Terapia de Aceptaci\u00f3n y Compromiso (ACT):<\/strong> Ense\u00f1a a aceptar las sensaciones y pensamientos ansiosos en lugar de luchar contra ellos, y a actuar de acuerdo con tus <strong>valores personales<\/strong> (ir en la direcci\u00f3n de lo que es importante para ti), a pesar de la presencia de la ansiedad.<\/li>\n\n\n\n<li><strong>Terapia Psicodin\u00e1mica:<\/strong> Explora las ra\u00edces hist\u00f3ricas de <strong>la ansiedad<\/strong> y c\u00f3mo experiencias pasadas o conflictos internos contribuyen a los s\u00edntomas actuales, buscando una comprensi\u00f3n m\u00e1s profunda.<\/li>\n<\/ul>\n\n\n\n<h2 class=\"wp-block-heading has-x-large-font-size\">Fonasa Mindy: Acceso a Terapia Especializada para la ansiedad<\/h2>\n\n\n\n<p>Reconocer que tienes un problema de <strong>ansiedad<\/strong> y tomar la decisi\u00f3n de buscar ayuda es un acto de <strong>gran fortaleza<\/strong>. En Mindy, te facilitamos este proceso, asegurando que la terapia sea accesible y de calidad, especialmente en Chile a trav\u00e9s de tu cobertura Fonasa.<\/p>\n\n\n\n<p>Si sientes que <strong>la ansiedad<\/strong> te est\u00e1 abrumando y necesitas herramientas profesionales para gestionarla, Fonasa Mindy es tu puente hacia el bienestar:<\/p>\n\n\n\n<ul>\n<li><strong>Psic\u00f3logos Expertos:<\/strong> Contamos con profesionales especializados en TCC y otros enfoques basados en evidencia para el manejo de <strong>la ansiedad<\/strong> y sus diferentes trastornos.<\/li>\n\n\n\n<li><strong>Atenci\u00f3n Online y Flexible:<\/strong> Puedes iniciar tu terapia desde la tranquilidad de tu hogar, eliminando la presi\u00f3n de los traslados y el contacto social, lo que reduce los posibles disparadores de la ansiedad.<\/li>\n\n\n\n<li><strong>Aprovecha tu Fonasa:<\/strong> Utiliza tu previsi\u00f3n de salud para acceder a sesiones con un costo significativamente reducido, haciendo que el tratamiento de tu ansiedad sea una opci\u00f3n real y econ\u00f3mica.<\/li>\n\n\n\n<li><strong>Confidencialidad:<\/strong> Nuestro servicio garantiza un espacio seguro y profesional para abordar tus preocupaciones sin juicios.<\/li>\n<\/ul>\n\n\n\n<p>Te invitamos a conocer el proceso simple para agendar tu hora con Fonasa y empezar a recuperar tu tranquilidad: <a target=\"_blank\" rel=\"noreferrer noopener\" href=\"https:\/\/fonasa.mindy.cl\/psicologos.php#\/\">**Psic\u00f3logos online Fonasa Mindy **<\/a><\/p>\n\n\n\n<p>Has aprendido que <strong>la ansiedad<\/strong>, aunque es una respuesta natural, no tiene por qu\u00e9 ser una fuerza controladora en tu vida. Entender sus mecanismos biol\u00f3gicos y sus manifestaciones te da el poder de enfrentarla con conocimiento. Recuerda que la soluci\u00f3n est\u00e1 en la acci\u00f3n: aplicar t\u00e9cnicas de respiraci\u00f3n, desafiar tus pensamientos negativos, y sobre todo, buscar el apoyo de un profesional cualificado. El bienestar mental es un derecho. No pospongas tu paz mental. <\/p>\n\n\n\n<p>Utiliza tu beneficio Fonasa y da el primer paso para dominar tu ansiedad. Tu camino hacia una vida m\u00e1s tranquila y presente te espera: <strong><a href=\"https:\/\/fonasa.mindy.cl\/#\/\" target=\"_blank\" rel=\"noreferrer noopener\">Fonasa Mindy<\/a><\/strong>.<br><h2 class=\"wp-block-heading has-x-large-font-size\">Da el primer paso con tu ansiedad: Eval\u00faa tu bienestar emocional<\/h2><p>\u00bfSientes que la ansiedad est\u00e1 afectando tu rutina? Descubre c\u00f3mo medir tus niveles de estr\u00e9s y ansiedad de forma sencilla. Al realizar este quiz, obtendr\u00e1s claridad sobre tu situaci\u00f3n actual, permiti\u00e9ndonos ofrecerte la terapia que mejor se adapte a tus necesidades dentro de nuestra plataforma. <\/p><\/p>\n\n\n\n<p><p>\ud83d\udc49 <a href=\"https:\/\/form.typeform.com\/to\/nF2A9qZT\" target=\"_blank\" rel=\"noreferrer noopener\">Comenzar evaluaci\u00f3n gratuita<\/a><\/p><\/p>\n","protected":false},"excerpt":{"rendered":"<p>\u00bfSientes a menudo un nudo en el est\u00f3mago, taquicardia sin motivo o una preocupaci\u00f3n incesante por el futuro? Si es as\u00ed, est\u00e1s experimentando la ansiedad, una de las respuestas emocionales m\u00e1s comunes y, a la vez, m\u00e1s incomprendidas. Si bien es una emoci\u00f3n natural y necesaria para la supervivencia, cuando se vuelve descontrolada y persistente, [&hellip;]<\/p>\n","protected":false},"author":3,"featured_media":832,"comment_status":"closed","ping_status":"closed","sticky":false,"template":"","format":"standard","meta":{"footnotes":""},"categories":[274],"tags":[],"yoast_head":"<!-- This site is optimized with the Yoast SEO plugin v23.0 - https:\/\/yoast.com\/wordpress\/plugins\/seo\/ -->\n<title>La ansiedad: Gu\u00eda completa para entender y controlar el malestar<\/title>\n<meta name=\"description\" content=\"Aprende a reconocer y gestionar la ansiedad de forma efectiva. Conoce sus causas, s\u00edntomas y c\u00f3mo acceder a terapia con Fonasa.\" \/>\n<meta name=\"robots\" content=\"index, follow, max-snippet:-1, max-image-preview:large, max-video-preview:-1\" \/>\n<link rel=\"canonical\" href=\"https:\/\/fonasa.mindy.cl\/blog\/la-ansiedad-guia-completa\/\" \/>\n<meta property=\"og:locale\" content=\"es_ES\" \/>\n<meta property=\"og:type\" content=\"article\" \/>\n<meta property=\"og:title\" content=\"La ansiedad: Gu\u00eda completa para entender y controlar el malestar\" \/>\n<meta property=\"og:description\" content=\"Aprende a reconocer y gestionar la ansiedad de forma efectiva. Conoce sus causas, s\u00edntomas y c\u00f3mo acceder a terapia con Fonasa.\" \/>\n<meta property=\"og:url\" content=\"https:\/\/fonasa.mindy.cl\/blog\/la-ansiedad-guia-completa\/\" \/>\n<meta property=\"og:site_name\" content=\"Mindy Fonasa Blog\" \/>\n<meta property=\"article:published_time\" content=\"2025-11-19T14:41:24+00:00\" \/>\n<meta property=\"article:modified_time\" content=\"2026-03-24T19:26:02+00:00\" \/>\n<meta property=\"og:image\" content=\"https:\/\/fonasa.mindy.cl\/blog\/wp-content\/uploads\/2025\/11\/anxiety-7726041_1280.jpg\" \/>\n\t<meta property=\"og:image:width\" content=\"1280\" \/>\n\t<meta property=\"og:image:height\" content=\"853\" \/>\n\t<meta property=\"og:image:type\" content=\"image\/jpeg\" \/>\n<meta name=\"author\" content=\"estrategamkd@gmail.com\" \/>\n<meta name=\"twitter:card\" content=\"summary_large_image\" \/>\n<meta name=\"twitter:label1\" content=\"Written by\" \/>\n\t<meta name=\"twitter:data1\" content=\"estrategamkd@gmail.com\" \/>\n\t<meta name=\"twitter:label2\" content=\"Est. reading time\" \/>\n\t<meta name=\"twitter:data2\" content=\"8 minutos\" \/>\n<script type=\"application\/ld+json\" class=\"yoast-schema-graph\">{\"@context\":\"https:\/\/schema.org\",\"@graph\":[{\"@type\":\"Article\",\"@id\":\"https:\/\/fonasa.mindy.cl\/blog\/la-ansiedad-guia-completa\/#article\",\"isPartOf\":{\"@id\":\"https:\/\/fonasa.mindy.cl\/blog\/la-ansiedad-guia-completa\/\"},\"author\":{\"name\":\"estrategamkd@gmail.com\",\"@id\":\"https:\/\/fonasa.mindy.cl\/blog\/#\/schema\/person\/fa87761528fa733079f7f77181252f28\"},\"headline\":\"La ansiedad: Gu\u00eda completa para entender, controlar y reducir tu malestar\",\"datePublished\":\"2025-11-19T14:41:24+00:00\",\"dateModified\":\"2026-03-24T19:26:02+00:00\",\"mainEntityOfPage\":{\"@id\":\"https:\/\/fonasa.mindy.cl\/blog\/la-ansiedad-guia-completa\/\"},\"wordCount\":1597,\"publisher\":{\"@id\":\"https:\/\/fonasa.mindy.cl\/blog\/#organization\"},\"image\":{\"@id\":\"https:\/\/fonasa.mindy.cl\/blog\/la-ansiedad-guia-completa\/#primaryimage\"},\"thumbnailUrl\":\"https:\/\/fonasa.mindy.cl\/blog\/wp-content\/uploads\/2025\/11\/anxiety-7726041_1280.jpg\",\"articleSection\":[\"Ansiedad\"],\"inLanguage\":\"es-CL\"},{\"@type\":\"WebPage\",\"@id\":\"https:\/\/fonasa.mindy.cl\/blog\/la-ansiedad-guia-completa\/\",\"url\":\"https:\/\/fonasa.mindy.cl\/blog\/la-ansiedad-guia-completa\/\",\"name\":\"La ansiedad: Gu\u00eda completa para entender y controlar el malestar\",\"isPartOf\":{\"@id\":\"https:\/\/fonasa.mindy.cl\/blog\/#website\"},\"primaryImageOfPage\":{\"@id\":\"https:\/\/fonasa.mindy.cl\/blog\/la-ansiedad-guia-completa\/#primaryimage\"},\"image\":{\"@id\":\"https:\/\/fonasa.mindy.cl\/blog\/la-ansiedad-guia-completa\/#primaryimage\"},\"thumbnailUrl\":\"https:\/\/fonasa.mindy.cl\/blog\/wp-content\/uploads\/2025\/11\/anxiety-7726041_1280.jpg\",\"datePublished\":\"2025-11-19T14:41:24+00:00\",\"dateModified\":\"2026-03-24T19:26:02+00:00\",\"description\":\"Aprende a reconocer y gestionar la ansiedad de forma efectiva. Conoce sus causas, s\u00edntomas y c\u00f3mo acceder a terapia con Fonasa.\",\"breadcrumb\":{\"@id\":\"https:\/\/fonasa.mindy.cl\/blog\/la-ansiedad-guia-completa\/#breadcrumb\"},\"inLanguage\":\"es-CL\",\"potentialAction\":[{\"@type\":\"ReadAction\",\"target\":[\"https:\/\/fonasa.mindy.cl\/blog\/la-ansiedad-guia-completa\/\"]}]},{\"@type\":\"ImageObject\",\"inLanguage\":\"es-CL\",\"@id\":\"https:\/\/fonasa.mindy.cl\/blog\/la-ansiedad-guia-completa\/#primaryimage\",\"url\":\"https:\/\/fonasa.mindy.cl\/blog\/wp-content\/uploads\/2025\/11\/anxiety-7726041_1280.jpg\",\"contentUrl\":\"https:\/\/fonasa.mindy.cl\/blog\/wp-content\/uploads\/2025\/11\/anxiety-7726041_1280.jpg\",\"width\":1280,\"height\":853,\"caption\":\"la ansiedad\"},{\"@type\":\"BreadcrumbList\",\"@id\":\"https:\/\/fonasa.mindy.cl\/blog\/la-ansiedad-guia-completa\/#breadcrumb\",\"itemListElement\":[{\"@type\":\"ListItem\",\"position\":1,\"name\":\"Home\",\"item\":\"https:\/\/fonasa.mindy.cl\/blog\/\"},{\"@type\":\"ListItem\",\"position\":2,\"name\":\"La ansiedad: Gu\u00eda completa para entender, controlar y reducir tu malestar\"}]},{\"@type\":\"WebSite\",\"@id\":\"https:\/\/fonasa.mindy.cl\/blog\/#website\",\"url\":\"https:\/\/fonasa.mindy.cl\/blog\/\",\"name\":\"Mindy Fonasa Blog\",\"description\":\"Un blog de salud mental\",\"publisher\":{\"@id\":\"https:\/\/fonasa.mindy.cl\/blog\/#organization\"},\"potentialAction\":[{\"@type\":\"SearchAction\",\"target\":{\"@type\":\"EntryPoint\",\"urlTemplate\":\"https:\/\/fonasa.mindy.cl\/blog\/?s={search_term_string}\"},\"query-input\":\"required name=search_term_string\"}],\"inLanguage\":\"es-CL\"},{\"@type\":\"Organization\",\"@id\":\"https:\/\/fonasa.mindy.cl\/blog\/#organization\",\"name\":\"Mindy Fonasa Blog\",\"url\":\"https:\/\/fonasa.mindy.cl\/blog\/\",\"logo\":{\"@type\":\"ImageObject\",\"inLanguage\":\"es-CL\",\"@id\":\"https:\/\/fonasa.mindy.cl\/blog\/#\/schema\/logo\/image\/\",\"url\":\"https:\/\/fonasa.mindy.cl\/blog\/wp-content\/uploads\/2024\/07\/logo_cuadrado.png\",\"contentUrl\":\"https:\/\/fonasa.mindy.cl\/blog\/wp-content\/uploads\/2024\/07\/logo_cuadrado.png\",\"width\":300,\"height\":300,\"caption\":\"Mindy Fonasa Blog\"},\"image\":{\"@id\":\"https:\/\/fonasa.mindy.cl\/blog\/#\/schema\/logo\/image\/\"}},{\"@type\":\"Person\",\"@id\":\"https:\/\/fonasa.mindy.cl\/blog\/#\/schema\/person\/fa87761528fa733079f7f77181252f28\",\"name\":\"estrategamkd@gmail.com\",\"url\":\"https:\/\/fonasa.mindy.cl\/blog\/author\/estrategamkdgmail-com\/\"}]}<\/script>\n<!-- \/ Yoast SEO plugin. -->","yoast_head_json":{"title":"La ansiedad: Gu\u00eda completa para entender y controlar el malestar","description":"Aprende a reconocer y gestionar la ansiedad de forma efectiva. Conoce sus causas, s\u00edntomas y c\u00f3mo acceder a terapia con Fonasa.","robots":{"index":"index","follow":"follow","max-snippet":"max-snippet:-1","max-image-preview":"max-image-preview:large","max-video-preview":"max-video-preview:-1"},"canonical":"https:\/\/fonasa.mindy.cl\/blog\/la-ansiedad-guia-completa\/","og_locale":"es_ES","og_type":"article","og_title":"La ansiedad: Gu\u00eda completa para entender y controlar el malestar","og_description":"Aprende a reconocer y gestionar la ansiedad de forma efectiva. Conoce sus causas, s\u00edntomas y c\u00f3mo acceder a terapia con Fonasa.","og_url":"https:\/\/fonasa.mindy.cl\/blog\/la-ansiedad-guia-completa\/","og_site_name":"Mindy Fonasa Blog","article_published_time":"2025-11-19T14:41:24+00:00","article_modified_time":"2026-03-24T19:26:02+00:00","og_image":[{"width":1280,"height":853,"url":"https:\/\/fonasa.mindy.cl\/blog\/wp-content\/uploads\/2025\/11\/anxiety-7726041_1280.jpg","type":"image\/jpeg"}],"author":"estrategamkd@gmail.com","twitter_card":"summary_large_image","twitter_misc":{"Written by":"estrategamkd@gmail.com","Est. reading time":"8 minutos"},"schema":{"@context":"https:\/\/schema.org","@graph":[{"@type":"Article","@id":"https:\/\/fonasa.mindy.cl\/blog\/la-ansiedad-guia-completa\/#article","isPartOf":{"@id":"https:\/\/fonasa.mindy.cl\/blog\/la-ansiedad-guia-completa\/"},"author":{"name":"estrategamkd@gmail.com","@id":"https:\/\/fonasa.mindy.cl\/blog\/#\/schema\/person\/fa87761528fa733079f7f77181252f28"},"headline":"La ansiedad: Gu\u00eda completa para entender, controlar y reducir tu malestar","datePublished":"2025-11-19T14:41:24+00:00","dateModified":"2026-03-24T19:26:02+00:00","mainEntityOfPage":{"@id":"https:\/\/fonasa.mindy.cl\/blog\/la-ansiedad-guia-completa\/"},"wordCount":1597,"publisher":{"@id":"https:\/\/fonasa.mindy.cl\/blog\/#organization"},"image":{"@id":"https:\/\/fonasa.mindy.cl\/blog\/la-ansiedad-guia-completa\/#primaryimage"},"thumbnailUrl":"https:\/\/fonasa.mindy.cl\/blog\/wp-content\/uploads\/2025\/11\/anxiety-7726041_1280.jpg","articleSection":["Ansiedad"],"inLanguage":"es-CL"},{"@type":"WebPage","@id":"https:\/\/fonasa.mindy.cl\/blog\/la-ansiedad-guia-completa\/","url":"https:\/\/fonasa.mindy.cl\/blog\/la-ansiedad-guia-completa\/","name":"La ansiedad: Gu\u00eda completa para entender y controlar el malestar","isPartOf":{"@id":"https:\/\/fonasa.mindy.cl\/blog\/#website"},"primaryImageOfPage":{"@id":"https:\/\/fonasa.mindy.cl\/blog\/la-ansiedad-guia-completa\/#primaryimage"},"image":{"@id":"https:\/\/fonasa.mindy.cl\/blog\/la-ansiedad-guia-completa\/#primaryimage"},"thumbnailUrl":"https:\/\/fonasa.mindy.cl\/blog\/wp-content\/uploads\/2025\/11\/anxiety-7726041_1280.jpg","datePublished":"2025-11-19T14:41:24+00:00","dateModified":"2026-03-24T19:26:02+00:00","description":"Aprende a reconocer y gestionar la ansiedad de forma efectiva. Conoce sus causas, s\u00edntomas y c\u00f3mo acceder a terapia con Fonasa.","breadcrumb":{"@id":"https:\/\/fonasa.mindy.cl\/blog\/la-ansiedad-guia-completa\/#breadcrumb"},"inLanguage":"es-CL","potentialAction":[{"@type":"ReadAction","target":["https:\/\/fonasa.mindy.cl\/blog\/la-ansiedad-guia-completa\/"]}]},{"@type":"ImageObject","inLanguage":"es-CL","@id":"https:\/\/fonasa.mindy.cl\/blog\/la-ansiedad-guia-completa\/#primaryimage","url":"https:\/\/fonasa.mindy.cl\/blog\/wp-content\/uploads\/2025\/11\/anxiety-7726041_1280.jpg","contentUrl":"https:\/\/fonasa.mindy.cl\/blog\/wp-content\/uploads\/2025\/11\/anxiety-7726041_1280.jpg","width":1280,"height":853,"caption":"la ansiedad"},{"@type":"BreadcrumbList","@id":"https:\/\/fonasa.mindy.cl\/blog\/la-ansiedad-guia-completa\/#breadcrumb","itemListElement":[{"@type":"ListItem","position":1,"name":"Home","item":"https:\/\/fonasa.mindy.cl\/blog\/"},{"@type":"ListItem","position":2,"name":"La ansiedad: Gu\u00eda completa para entender, controlar y reducir tu malestar"}]},{"@type":"WebSite","@id":"https:\/\/fonasa.mindy.cl\/blog\/#website","url":"https:\/\/fonasa.mindy.cl\/blog\/","name":"Mindy Fonasa Blog","description":"Un blog de salud mental","publisher":{"@id":"https:\/\/fonasa.mindy.cl\/blog\/#organization"},"potentialAction":[{"@type":"SearchAction","target":{"@type":"EntryPoint","urlTemplate":"https:\/\/fonasa.mindy.cl\/blog\/?s={search_term_string}"},"query-input":"required name=search_term_string"}],"inLanguage":"es-CL"},{"@type":"Organization","@id":"https:\/\/fonasa.mindy.cl\/blog\/#organization","name":"Mindy Fonasa Blog","url":"https:\/\/fonasa.mindy.cl\/blog\/","logo":{"@type":"ImageObject","inLanguage":"es-CL","@id":"https:\/\/fonasa.mindy.cl\/blog\/#\/schema\/logo\/image\/","url":"https:\/\/fonasa.mindy.cl\/blog\/wp-content\/uploads\/2024\/07\/logo_cuadrado.png","contentUrl":"https:\/\/fonasa.mindy.cl\/blog\/wp-content\/uploads\/2024\/07\/logo_cuadrado.png","width":300,"height":300,"caption":"Mindy Fonasa Blog"},"image":{"@id":"https:\/\/fonasa.mindy.cl\/blog\/#\/schema\/logo\/image\/"}},{"@type":"Person","@id":"https:\/\/fonasa.mindy.cl\/blog\/#\/schema\/person\/fa87761528fa733079f7f77181252f28","name":"estrategamkd@gmail.com","url":"https:\/\/fonasa.mindy.cl\/blog\/author\/estrategamkdgmail-com\/"}]}},"_links":{"self":[{"href":"https:\/\/fonasa.mindy.cl\/blog\/wp-json\/wp\/v2\/posts\/829"}],"collection":[{"href":"https:\/\/fonasa.mindy.cl\/blog\/wp-json\/wp\/v2\/posts"}],"about":[{"href":"https:\/\/fonasa.mindy.cl\/blog\/wp-json\/wp\/v2\/types\/post"}],"author":[{"embeddable":true,"href":"https:\/\/fonasa.mindy.cl\/blog\/wp-json\/wp\/v2\/users\/3"}],"replies":[{"embeddable":true,"href":"https:\/\/fonasa.mindy.cl\/blog\/wp-json\/wp\/v2\/comments?post=829"}],"version-history":[{"count":13,"href":"https:\/\/fonasa.mindy.cl\/blog\/wp-json\/wp\/v2\/posts\/829\/revisions"}],"predecessor-version":[{"id":1688,"href":"https:\/\/fonasa.mindy.cl\/blog\/wp-json\/wp\/v2\/posts\/829\/revisions\/1688"}],"wp:featuredmedia":[{"embeddable":true,"href":"https:\/\/fonasa.mindy.cl\/blog\/wp-json\/wp\/v2\/media\/832"}],"wp:attachment":[{"href":"https:\/\/fonasa.mindy.cl\/blog\/wp-json\/wp\/v2\/media?parent=829"}],"wp:term":[{"taxonomy":"category","embeddable":true,"href":"https:\/\/fonasa.mindy.cl\/blog\/wp-json\/wp\/v2\/categories?post=829"},{"taxonomy":"post_tag","embeddable":true,"href":"https:\/\/fonasa.mindy.cl\/blog\/wp-json\/wp\/v2\/tags?post=829"}],"curies":[{"name":"wp","href":"https:\/\/api.w.org\/{rel}","templated":true}]}}