{"id":817,"date":"2025-11-19T11:08:23","date_gmt":"2025-11-19T14:08:23","guid":{"rendered":"https:\/\/fonasa.mindy.cl\/blog\/?p=817"},"modified":"2026-03-25T10:27:37","modified_gmt":"2026-03-25T13:27:37","slug":"trastorno-depresivo-persistente","status":"publish","type":"post","link":"https:\/\/fonasa.mindy.cl\/blog\/trastorno-depresivo-persistente\/","title":{"rendered":"Trastorno Depresivo Persistente: Comprendiendo la Depresi\u00f3n Cr\u00f3nica"},"content":{"rendered":"\n<p>Si has sentido que la tristeza y el des\u00e1nimo se han convertido en compa\u00f1eros constantes durante a\u00f1os, transform\u00e1ndose en una especie de &#8220;segunda naturaleza&#8221;, podr\u00edas estar experimentando un trastorno depresivo persistente. Esta condici\u00f3n, que afecta aproximadamente al 3% de la poblaci\u00f3n adulta, se caracteriza por una depresi\u00f3n de baja intensidad pero de larga duraci\u00f3n que puede prolongarse durante dos a\u00f1os o m\u00e1s. Comprender el trastorno depresivo persistente es fundamental para reconocer que lo que podr\u00edas haber considerado como parte de tu personalidad podr\u00eda ser en realidad una condici\u00f3n tratable. <\/p>\n\n\n\n<p>Esta gu\u00eda te proporcionar\u00e1 informaci\u00f3n basada en evidencia cient\u00edfica sobre las caracter\u00edsticas distintivas, causas y abordajes terap\u00e9uticos efectivos para esta forma de depresi\u00f3n que a menudo pasa desapercibida o no recibe la atenci\u00f3n adecuada.<\/p>\n\n\n\n<h2 class=\"wp-block-heading has-x-large-font-size\">Qu\u00e9 es el trastorno depresivo persistente<\/h2>\n\n\n\n<h3 class=\"wp-block-heading has-large-font-size\">Definici\u00f3n y caracter\u00edsticas principales<\/h3>\n\n\n\n<p>El trastorno depresivo persistente o tambi\u00e9n llamada <strong><a href=\"https:\/\/fonasa.mindy.cl\/blog\/mayor-depresion\/\">depresi\u00f3n mayor o severa<\/a><\/strong>, anteriormente conocido como distimia o <strong><a href=\"https:\/\/fonasa.mindy.cl\/blog\/trastorno-distimico-entendiendo-la-depresion-persistente\/\">trastorno dist\u00edmico<\/a><\/strong>, es un tipo de depresi\u00f3n cr\u00f3nica caracterizado por su larga duraci\u00f3n y menor intensidad sintom\u00e1tica comparado con la depresi\u00f3n mayor. Comprender las particularidades del trastorno depresivo persistente es esencial para diferenciarlo de otros tipos de depresi\u00f3n:<\/p>\n\n\n\n<p>\u2022 Se caracteriza por una&nbsp;<strong>depresi\u00f3n del estado de \u00e1nimo<\/strong>&nbsp;que persiste la mayor parte del d\u00eda, la mayor\u00eda de los d\u00edas<br>\u2022 Presenta una&nbsp;<strong>duraci\u00f3n m\u00ednima de dos a\u00f1os<\/strong>&nbsp;en adultos y un a\u00f1o en adolescentes y ni\u00f1os<br>\u2022 Mantiene una&nbsp;<strong>intensidad sintom\u00e1tica menor<\/strong>&nbsp;que el episodio depresivo mayor pero con mayor cronicidad<br>\u2022 Suele comenzar de forma&nbsp;<strong>insidiosa y temprana<\/strong>, frecuentemente en la adolescencia o adultez joven<br>\u2022 Genera un&nbsp;<strong>deterioro significativo<\/strong>&nbsp;en el funcionamiento social, laboral y personal<\/p>\n\n\n\n<h3 class=\"wp-block-heading has-large-font-size\">Diferencias con otros tipos de depresi\u00f3n<\/h3>\n\n\n\n<p>Distinguir el trastorno depresivo persistente de otras formas de depresi\u00f3n ayuda a comprender su naturaleza espec\u00edfica:<\/p>\n\n\n\n<p>\u2022 La&nbsp;<strong>depresi\u00f3n mayor<\/strong>&nbsp;presenta episodios agudos de mayor intensidad pero de duraci\u00f3n limitada<br>\u2022 El&nbsp;<strong>trastorno depresivo persistente<\/strong>&nbsp;se caracteriza por s\u00edntomas menos intensos pero de mayor cronicidad<br>\u2022 La&nbsp;<strong>depresi\u00f3n mayor<\/strong>&nbsp;suele interferir m\u00e1s abruptamente con el funcionamiento diario<br>\u2022 El&nbsp;<strong>trastorno depresivo persistente<\/strong>&nbsp;a menudo permite un funcionamiento b\u00e1sico pero con menor calidad de vida<br>\u2022 La&nbsp;<strong>depresi\u00f3n mayor<\/strong>&nbsp;es m\u00e1s f\u00e1cilmente reconocida por la persona y su entorno: <strong><a href=\"https:\/\/fonasa.mindy.cl\/blog\/sintomas-de-trastorno-depresivo-mayor\/\">S\u00edntomas de trastorno depresivo mayor<\/a><\/strong>.<br>\u2022 El&nbsp;<strong>trastorno depresivo persistente<\/strong>&nbsp;puede confundirse con aspectos de la personalidad<\/p>\n\n\n\n<h3 class=\"wp-block-heading has-large-font-size\">Bases neurobiol\u00f3gicas del trastorno depresivo persistente<\/h3>\n\n\n\n<figure class=\"wp-block-gallery has-nested-images columns-default is-cropped wp-block-gallery-1 is-layout-flex wp-block-gallery-is-layout-flex\">\n<figure class=\"wp-block-image size-large\"><img loading=\"lazy\" decoding=\"async\" width=\"1280\" height=\"904\" data-id=\"822\" src=\"https:\/\/fonasa.mindy.cl\/blog\/wp-content\/uploads\/2025\/11\/face-66317_1280.jpg\" alt=\"trastorno depresivo persistente\" class=\"wp-image-822\"\/><\/figure>\n<\/figure>\n\n\n\n<p>Comprender los mecanismos cerebrales del trastorno depresivo persistente ayuda a desestigmatizar esta condici\u00f3n:<\/p>\n\n\n\n<p>\u2022&nbsp;<strong>Alteraciones en los sistemas de neurotransmisores<\/strong>&nbsp;como serotonina, noradrenalina y dopamina<br>\u2022&nbsp;<strong>Cambios en la estructura y funci\u00f3n<\/strong>&nbsp;de \u00e1reas cerebrales como la corteza prefrontal y el sistema l\u00edmbico<br>\u2022&nbsp;<strong>Desregulaci\u00f3n del eje hipot\u00e1lamo-hip\u00f3fisis-adrenal<\/strong>&nbsp;que afecta la respuesta al estr\u00e9s<br>\u2022&nbsp;<strong>Inflamaci\u00f3n cr\u00f3nica de bajo grado<\/strong>&nbsp;que puede contribuir al mantenimiento de los s\u00edntomas<br>\u2022&nbsp;<strong>Alteraciones en los ritmos circadianos<\/strong>&nbsp;y patrones de sue\u00f1o que perpet\u00faan el estado depresivo<br>\u2022&nbsp;<strong>Factores epigen\u00e9ticos<\/strong>&nbsp;que modifican la expresi\u00f3n gen\u00e9tica en respuesta al ambiente<\/p>\n\n\n\n<h2 class=\"wp-block-heading has-x-large-font-size\">S\u00edntomas del trastorno depresivo persistente<\/h2>\n\n\n\n<h3 class=\"wp-block-heading has-large-font-size\">Manifestaciones centrales del trastorno<\/h3>\n\n\n\n<p>El trastorno depresivo persistente se caracteriza por una constelaci\u00f3n espec\u00edfica de s\u00edntomas:<\/p>\n\n\n\n<p>\u2022 Estado de \u00e1nimo depresivo la mayor parte del d\u00eda, m\u00e1s d\u00edas de los que no<br>\u2022 Disminuci\u00f3n del inter\u00e9s o placer en actividades que antes resultaban gratificantes<br>\u2022 Alteraciones del apetito con aumento o disminuci\u00f3n significativa del mismo<br>\u2022 Problemas de sue\u00f1o que pueden manifestarse como insomnio o hipersomnia<br>\u2022 Fatiga o p\u00e9rdida de energ\u00eda que persiste a lo largo del tiempo<br>\u2022 Baja autoestima y sentimientos de incapacidad o inutilidad<br>\u2022 Dificultades de concentraci\u00f3n y para la toma de decisiones<br>\u2022 Sentimientos de desesperanza que se instalan como una perspectiva vital<\/p>\n\n\n\n<h3 class=\"wp-block-heading has-large-font-size\">Patr\u00f3n temporal y fluctuaciones<\/h3>\n\n\n\n<p>El curso del trastorno depresivo persistente presenta caracter\u00edsticas temporales espec\u00edficas:<\/p>\n\n\n\n<ol start=\"1\">\n<li><strong>Inicio temprano<\/strong>&nbsp;frecuentemente en la adolescencia o adultez joven<\/li>\n\n\n\n<li><strong>Curso cr\u00f3nico<\/strong>&nbsp;con s\u00edntomas presentes la mayor\u00eda de los d\u00edas durante a\u00f1os<\/li>\n\n\n\n<li><strong>Fluctuaciones leves<\/strong>&nbsp;con periodos de mejor\u00eda relativa seguidos de empeoramiento<\/li>\n\n\n\n<li><strong>Posibilidad de episodios superpuestos<\/strong>&nbsp;de depresi\u00f3n mayor (depresi\u00f3n doble)<\/li>\n\n\n\n<li><strong>Patr\u00f3n estable<\/strong>&nbsp;con s\u00edntomas que se mantienen relativamente constantes en el tiempo<\/li>\n\n\n\n<li><strong>Dificultad para recordar<\/strong>&nbsp;periodos sin s\u00edntomas depresivos<\/li>\n<\/ol>\n\n\n\n<h3 class=\"wp-block-heading has-large-font-size\">Impacto en el funcionamiento diario<\/h3>\n\n\n\n<p>Este tipo de trastorno afecta m\u00faltiples \u00e1reas de la vida de quien lo padece:<\/p>\n\n\n\n<p>\u2022&nbsp;<strong>Laboral<\/strong>: disminuci\u00f3n del rendimiento, absentismo, dificultades para asumir responsabilidades<br>\u2022&nbsp;<strong>Social<\/strong>: tendencia al aislamiento, dificultades para mantener relaciones significativas<br>\u2022&nbsp;<strong>Personal<\/strong>: autoconcepto negativo, dificultades para experimentar satisfacci\u00f3n vital<br>\u2022&nbsp;<strong>F\u00edsica<\/strong>: quejas som\u00e1ticas frecuentes, menor cuidado de la salud, agotamiento persistente<br>\u2022&nbsp;<strong>Cognitiva<\/strong>: problemas de memoria, concentraci\u00f3n y toma de decisiones<br>\u2022&nbsp;<strong>Emocional<\/strong>: incapacidad para experimentar plenamente emociones positivas<\/p>\n\n\n\n<h2 class=\"wp-block-heading has-x-large-font-size\">Causas y factores de riesgo del trastorno depresivo persistente<\/h2>\n\n\n\n<h3 class=\"wp-block-heading has-large-font-size\">Factores predisponentes principales<\/h3>\n\n\n\n<p>El desarrollo del trastorno depresivo persistente generalmente resulta de la interacci\u00f3n de m\u00faltiples factores:<\/p>\n\n\n\n<p>\u2022&nbsp;<strong>Vulnerabilidad gen\u00e9tica<\/strong>&nbsp;con mayor riesgo en personas con familiares de primer grado con trastornos depresivos<br>\u2022&nbsp;<strong>Temperamento caracterol\u00f3gico<\/strong>&nbsp;con tendencia al neuroticismo o alta reactividad emocional<br>\u2022&nbsp;<strong>Experiencias infantiles adversas<\/strong>&nbsp;como negligencia, abuso o p\u00e9rdidas tempranas<br>\u2022&nbsp;<strong>Estilos de pensamiento<\/strong>&nbsp;caracterizados por pesimismo, autocr\u00edtica excesiva y rumiaci\u00f3n<br>\u2022&nbsp;<strong>Condiciones m\u00e9dicas cr\u00f3nicas<\/strong>&nbsp;que afectan la calidad de vida y generan estr\u00e9s persistente<br>\u2022&nbsp;<strong>Factores socioecon\u00f3micos<\/strong>&nbsp;como pobreza, desempleo o falta de apoyo social<\/p>\n\n\n\n<h3 class=\"wp-block-heading has-large-font-size\">Factores desencadenantes y de mantenimiento<\/h3>\n\n\n\n<p>Identificar los elementos que precipitan y perpet\u00faan el trastorno depresivo persistente es crucial para el tratamiento:<\/p>\n\n\n\n<p>\u2022&nbsp;<strong>Estr\u00e9s cr\u00f3nico<\/strong>&nbsp;que agota los recursos de afrontamiento de la persona<br>\u2022&nbsp;<strong>Acontecimientos vitales estresantes<\/strong>&nbsp;que act\u00faan como detonantes en personas vulnerables<br>\u2022&nbsp;<strong>D\u00e9ficits en habilidades sociales<\/strong>&nbsp;que limitan la capacidad para obtener apoyo y gratificaci\u00f3n<br>\u2022&nbsp;<strong>Patrones de conducta<\/strong>&nbsp;que refuerzan el estado depresivo como el aislamiento y la inactividad<br>\u2022&nbsp;<strong>Procesos cognitivos<\/strong>&nbsp;que mantienen una visi\u00f3n negativa de uno mismo, el mundo y el futuro<br>\u2022&nbsp;<strong>Alteraciones biol\u00f3gicas<\/strong>&nbsp;que se estabilizan en un nuevo punto de equilibrio patol\u00f3gico<\/p>\n\n\n\n<h3 class=\"wp-block-heading has-large-font-size\">Curso y pron\u00f3stico<\/h3>\n\n\n\n<p>Comprender la evoluci\u00f3n t\u00edpica del trastorno ayuda a establecer expectativas realistas:<\/p>\n\n\n\n<p>\u2022&nbsp;<strong>Inicio insidioso<\/strong>&nbsp;con frecuencia en la adolescencia o adultez temprana<br>\u2022&nbsp;<strong>Curso fluctuante<\/strong>&nbsp;con periodos de mejor\u00eda relativa sin alcanzar la remisi\u00f3n completa<br>\u2022&nbsp;<strong>Alta comorbilidad<\/strong>&nbsp;con otros trastornos mentales como ansiedad, trastornos de personalidad o abuso de sustancias<br>\u2022&nbsp;<strong>Riesgo aumentado<\/strong>&nbsp;de desarrollar episodios de depresi\u00f3n mayor superpuestos<br>\u2022&nbsp;<strong>Impacto acumulativo<\/strong>&nbsp;en el funcionamiento a lo largo del tiempo si no se trata adecuadamente<br>\u2022&nbsp;<strong>Respuesta favorable<\/strong>&nbsp;al tratamiento especializado en la mayor\u00eda de los casos<\/p>\n\n\n\n<h2 class=\"wp-block-heading has-x-large-font-size\">Diagn\u00f3stico del trastorno depresivo persistente<\/h2>\n\n\n\n<h3 class=\"wp-block-heading has-large-font-size\">Criterios diagn\u00f3sticos establecidos<\/h3>\n\n\n\n<p>El diagn\u00f3stico del trastorno depresivo persistente se basa en criterios cl\u00ednicos espec\u00edficos:<\/p>\n\n\n\n<ol start=\"1\">\n<li><strong>Estado de \u00e1nimo depresivo<\/strong>&nbsp;la mayor parte del d\u00eda, m\u00e1s d\u00edas de los que no, durante al menos dos a\u00f1os<\/li>\n\n\n\n<li><strong>Presencia de dos o m\u00e1s s\u00edntomas<\/strong>&nbsp;adicionales como alteraciones del apetito, sue\u00f1o, energ\u00eda, autoestima, concentraci\u00f3n o esperanza<\/li>\n\n\n\n<li><strong>Sin periodos de ausencia<\/strong>&nbsp;de s\u00edntomas superiores a dos meses durante los dos a\u00f1os<\/li>\n\n\n\n<li><strong>Cumplimiento de criterios<\/strong>&nbsp;que no se explican mejor por otros trastornos mentales<\/li>\n\n\n\n<li><strong>Deterioro significativo<\/strong>&nbsp;en \u00e1reas importantes del funcionamiento<\/li>\n\n\n\n<li><strong>Exclusi\u00f3n de causas m\u00e9dicas<\/strong>&nbsp;o por sustancias que puedan explicar los s\u00edntomas<\/li>\n<\/ol>\n\n\n\n<h3 class=\"wp-block-heading has-large-font-size\">Proceso de evaluaci\u00f3n comprehensiva del trastorno depresivo persistente<\/h3>\n\n\n\n<figure class=\"wp-block-gallery has-nested-images columns-default is-cropped wp-block-gallery-2 is-layout-flex wp-block-gallery-is-layout-flex\">\n<figure class=\"wp-block-image size-large\"><img loading=\"lazy\" decoding=\"async\" width=\"1280\" height=\"799\" data-id=\"821\" src=\"https:\/\/fonasa.mindy.cl\/blog\/wp-content\/uploads\/2025\/11\/man-6073921_1280.jpg\" alt=\"\" class=\"wp-image-821\"\/><\/figure>\n<\/figure>\n\n\n\n<p>Un diagn\u00f3stico adecuado del trastorno depresivo persistente requiere una evaluaci\u00f3n minuciosa:<\/p>\n\n\n\n<p>\u2022&nbsp;<strong>Entrevista cl\u00ednica detallada<\/strong>&nbsp;que explore la historia del estado de \u00e1nimo a lo largo del tiempo<br>\u2022&nbsp;<strong>Evaluaci\u00f3n de comorbilidades<\/strong>&nbsp;frecuentemente asociadas como trastornos de ansiedad o de personalidad<br>\u2022&nbsp;<strong>Descarte de condiciones m\u00e9dicas<\/strong>&nbsp;que puedan simular o contribuir a los s\u00edntomas depresivos<br>\u2022&nbsp;<strong>Utilizaci\u00f3n de escalas validadas<\/strong>&nbsp;para cuantificar la severidad y seguimiento de los s\u00edntomas<br>\u2022&nbsp;<strong>Exploraci\u00f3n de recursos y fortalezas<\/strong>&nbsp;personales que puedan apoyar el proceso terap\u00e9utico<br>\u2022&nbsp;<strong>Evaluaci\u00f3n del apoyo social<\/strong>&nbsp;y recursos ambientales disponibles<\/p>\n\n\n\n<h3 class=\"wp-block-heading has-large-font-size\">Diagn\u00f3stico diferencial<\/h3>\n\n\n\n<p>Es fundamental distinguir el trastorno depresivo persistente de otras condiciones que pueden presentar s\u00edntomas similares:<\/p>\n\n\n\n<p>\u2022&nbsp;<strong>Trastorno depresivo mayor<\/strong>&nbsp;que presenta episodios agudos de mayor intensidad<br>\u2022&nbsp;<strong>Trastornos de personalidad<\/strong>&nbsp;que generan patrones estables de dificultades emocionales e interpersonales<br>\u2022&nbsp;<strong>Trastorno de adaptaci\u00f3n<\/strong>&nbsp;con estado de \u00e1nimo depresivo en respuesta a un estresor identificable<br>\u2022&nbsp;<strong>Condiciones m\u00e9dicas<\/strong>&nbsp;como hipotiroidismo o enfermedades cr\u00f3nicas que afectan el estado de \u00e1nimo<br>\u2022&nbsp;<strong>Efectos secundarios de medicamentos<\/strong>&nbsp;que pueden inducir s\u00edntomas depresivos<br>\u2022&nbsp;<strong>Duelo complicado<\/strong>&nbsp;que persiste m\u00e1s all\u00e1 de lo esperado culturalmente<\/p>\n\n\n\n<h2 class=\"wp-block-heading has-x-large-font-size\">Tratamiento del trastorno depresivo persistente<\/h2>\n\n\n\n<h3 class=\"wp-block-heading has-large-font-size\">Abordaje psicoterap\u00e9utico<\/h3>\n\n\n\n<p>La psicoterapia constituye un pilar fundamental en el tratamiento del trastorno depresivo:<\/p>\n\n\n\n<p>\u2022&nbsp;<strong>Terapia cognitivo-conductual<\/strong>&nbsp;para identificar y modificar patrones de pensamiento y conducta disfuncionales<br>\u2022&nbsp;<strong>Activaci\u00f3n conductual<\/strong>&nbsp;que busca romper el ciclo de inactividad y retraimiento caracter\u00edstico<br>\u2022&nbsp;<strong>Terapia de aceptaci\u00f3n y compromiso<\/strong>&nbsp;para desarrollar flexibilidad psicol\u00f3gica y clarificaci\u00f3n valoral<br>\u2022&nbsp;<strong>Psicoterapia interpersonal<\/strong>&nbsp;que aborda las dificultades en las relaciones significativas<br>\u2022&nbsp;<strong>Terapia centrada en la compasi\u00f3n<\/strong>&nbsp;para trabajar la autocr\u00edtica y desarrollar autoamabilidad<br>\u2022&nbsp;<strong>Mindfulness<\/strong>&nbsp;para aprender a relacionarse de manera diferente con los pensamientos y emociones dolorosas<\/p>\n\n\n\n<h3 class=\"wp-block-heading has-large-font-size\">Intervenciones farmacol\u00f3gicas<\/h3>\n\n\n\n<p>En muchos casos, el tratamiento del trastorno depresivo persistente puede beneficiarse del apoyo medicamentoso:<\/p>\n\n\n\n<p>\u2022&nbsp;<strong>Antidepresivos<\/strong>&nbsp;como ISRS o IRSN que requieren periodos prolongados de tratamiento<br>\u2022&nbsp;<strong>Consideraci\u00f3n de dosis<\/strong>&nbsp;y tiempo de tratamiento diferentes a los utilizados en depresi\u00f3n mayor<br>\u2022&nbsp;<strong>Manejo de expectativas realistas<\/strong>&nbsp;sobre la respuesta que suele ser m\u00e1s gradual que en depresi\u00f3n aguda<br>\u2022&nbsp;<strong>Supervisi\u00f3n m\u00e9dica estrecha<\/strong>&nbsp;para ajustar dosis y manejar posibles efectos secundarios<br>\u2022&nbsp;<strong>Enfoque a largo plazo<\/strong>&nbsp;que considera la naturaleza cr\u00f3nica del trastorno<br>\u2022&nbsp;<strong>Combinaci\u00f3n estrat\u00e9gica<\/strong>&nbsp;con psicoterapia para abordar m\u00faltiples dimensiones del problema<\/p>\n\n\n\n<h3 class=\"wp-block-heading has-large-font-size\">Estrategias de autocuidado y manejo<\/h3>\n\n\n\n<p>El manejo exitoso del trastorno depresivo persistente incluye componentes de autocuidado esenciales:<\/p>\n\n\n\n<p>\u2022&nbsp;<strong>Establecimiento de rutinas<\/strong>&nbsp;que proporcionen estructura y predictibilidad diaria<br>\u2022&nbsp;<strong>Incremento gradual de actividades<\/strong>&nbsp;placenteras y con sentido a pesar del bajo estado de \u00e1nimo<br>\u2022&nbsp;<strong>Desarrollo de h\u00e1bitos saludables<\/strong>&nbsp;de sue\u00f1o, alimentaci\u00f3n y ejercicio f\u00edsico<br>\u2022&nbsp;<strong>Pr\u00e1ctica regular<\/strong>&nbsp;de t\u00e9cnicas de relajaci\u00f3n y manejo del estr\u00e9s<br>\u2022&nbsp;<strong>Cultivo de relaciones sociales<\/strong>&nbsp;significativas que proporcionen apoyo y conexi\u00f3n<br>\u2022&nbsp;<strong>Monitoreo continuo<\/strong>&nbsp;de los s\u00edntomas y factores desencadenantes<\/p>\n\n\n\n<h2 class=\"wp-block-heading has-x-large-font-size\">Fonasa Mindy: Atenci\u00f3n especializada en trastorno depresivo persistente<\/h2>\n\n\n\n<h3 class=\"wp-block-heading has-large-font-size\">Evaluaci\u00f3n y diagn\u00f3stico especializado<\/h3>\n\n\n\n<p>En Fonasa Mindy entendemos que el trastorno depresivo persistente requiere un abordaje particular. Nuestro servicio incluye:<\/p>\n\n\n\n<p>\u2022 Evaluaci\u00f3n comprehensiva por profesionales especializados en trastornos del estado de \u00e1nimo<br>\u2022 Diagn\u00f3stico diferencial preciso que considere la cronicidad y caracter\u00edsticas espec\u00edficas del trastorno<br>\u2022 Identificaci\u00f3n de factores predisponentes, desencadenantes y de mantenimiento relevantes<br>\u2022 Evaluaci\u00f3n de comorbilidades frecuentes que pueden complicar el cuadro cl\u00ednico<br>\u2022 Elaboraci\u00f3n de plan de tratamiento personalizado que considere las particularidades del trastorno cr\u00f3nico<br>\u2022 Educaci\u00f3n exhaustiva sobre la naturaleza, curso y pron\u00f3stico del trastorno depresivo persistente<\/p>\n\n\n\n<h3 class=\"wp-block-heading has-large-font-size\">Abordaje terap\u00e9utico integral<\/h3>\n\n\n\n<p>Nuestro enfoque para el tratamiento del trastorno depresivo persistente se caracteriza por:<\/p>\n\n\n\n<p>\u2022 Psicoterapia especializada adaptada a las necesidades espec\u00edficas de la depresi\u00f3n cr\u00f3nica<br>\u2022 Estrategias para romper patrones establecidos de pensamiento y conducta depres\u00f3genos<br>\u2022 Desarrollo de habilidades de regulaci\u00f3n emocional y tolerancia al malestar<br>\u2022 Trabajo espec\u00edfico sobre la identidad y autoconcepto afectados por la cronicidad del trastorno<br>\u2022 Enfoque en la reconstrucci\u00f3n de una vida con significado y prop\u00f3sito<br>\u2022 Prevenci\u00f3n de reca\u00eddas mediante identificaci\u00f3n de se\u00f1ales tempranas y estrategias de afrontamiento<\/p>\n\n\n\n<h3 class=\"wp-block-heading has-large-font-size\">Beneficios de la terapia online para el trastorno depresivo persistente<\/h3>\n\n\n\n<p>La modalidad online de&nbsp;<a href=\"https:\/\/fonasa.mindy.cl\/psicologos.php#\/\" target=\"_blank\" rel=\"noreferrer noopener\"><strong>Psic\u00f3logos online Fonasa Mindy<\/strong><\/a>&nbsp;ofrece ventajas espec\u00edficas para personas con trastorno depresivo persistente:<\/p>\n\n\n\n<p>\u2022 Accesibilidad desde el hogar, eliminando barreras como la falta de energ\u00eda o motivaci\u00f3n para desplazarse<br>\u2022 Flexibilidad horaria que se adapta a las fluctuaciones en el estado de \u00e1nimo y energ\u00eda caracter\u00edsticos del trastorno<br>\u2022 Comodidad del entorno familiar que puede facilitar la apertura emocional y el trabajo terap\u00e9utico<br>\u2022 Continuidad del tratamiento sin interrupciones por periodos de mayor sintomatolog\u00eda depresiva<br>\u2022 Posibilidad de integrar las estrategias terap\u00e9uticas directamente en el entorno natural de la persona<br>\u2022 Acceso a profesionales especializados independientemente de la ubicaci\u00f3n geogr\u00e1fica<\/p>\n\n\n\n<p>El trastorno depresivo persistente es una condici\u00f3n tratable que responde favorablemente a intervenciones especializadas. Aunque su naturaleza cr\u00f3nica puede hacer que parezca una parte inalterable de la identidad, la evidencia cient\u00edfica demuestra que con el tratamiento adecuado es posible experimentar mejor\u00edas significativas y recuperar la calidad de vida. El primer paso hacia el cambio es reconocer que lo que parece ser &#8220;tu forma de ser&#8221; puede ser en realidad un trastorno que puede mejorar.<\/p>\n\n\n\n<p>En&nbsp;<a href=\"https:\/\/fonasa.mindy.cl\/#\/\" target=\"_blank\" rel=\"noreferrer noopener\"><strong>Fonasa Mindy<\/strong><\/a>, estamos comprometidos con proporcionar atenci\u00f3n especializada y accesible para el trastorno depresivo persistente. Nuestro equipo de profesionales cuenta con la experiencia necesaria para acompa\u00f1arte en el proceso de recuperaci\u00f3n, ofreciendo las herramientas y estrategias validadas cient\u00edficamente que necesitas para manejar efectivamente esta condici\u00f3n y construir una vida con mayor bienestar y satisfacci\u00f3n.<\/p>\n\n\n\n<h2 class=\"wp-block-heading has-x-large-font-size\">Conocerte es el primer paso para sanar<\/h2>\n\n\n\n<p>Entender lo que sientes es clave para encontrar el apoyo indicado. En&nbsp;<strong>Fonasa&nbsp;<a href=\"https:\/\/mindy.cl\/\" target=\"_blank\" rel=\"noreferrer noopener\">Mindy.cl<\/a><\/strong>&nbsp;te ofrecemos una herramienta sencilla: un <strong>Quiz dise\u00f1ado para ayudarte a evaluar tus niveles de depresi\u00f3n<\/strong> y as\u00ed poder acceder a la terapia psicol\u00f3gica que realmente se ajusta a tus necesidades. No dejes pasar esta oportunidad de cuidar tu mente.<\/p>\n\n\n\n<p>\ud83c\udfaf&nbsp;<strong>Realiza el Quiz gratuito:<\/strong>&nbsp;<a href=\"https:\/\/form.typeform.com\/to\/P78CVEPt\" target=\"_blank\" rel=\"noreferrer noopener\"><strong>https:\/\/form.typeform.com\/to\/P78CVEPt<\/strong><\/a><\/p>\n","protected":false},"excerpt":{"rendered":"<p>Si has sentido que la tristeza y el des\u00e1nimo se han convertido en compa\u00f1eros constantes durante a\u00f1os, transform\u00e1ndose en una especie de &#8220;segunda naturaleza&#8221;, podr\u00edas estar experimentando un trastorno depresivo persistente. Esta condici\u00f3n, que afecta aproximadamente al 3% de la poblaci\u00f3n adulta, se caracteriza por una depresi\u00f3n de baja intensidad pero de larga duraci\u00f3n que [&hellip;]<\/p>\n","protected":false},"author":3,"featured_media":819,"comment_status":"closed","ping_status":"closed","sticky":false,"template":"","format":"standard","meta":{"footnotes":""},"categories":[278],"tags":[],"yoast_head":"<!-- This site is optimized with the Yoast SEO plugin v23.0 - https:\/\/yoast.com\/wordpress\/plugins\/seo\/ -->\n<title>Trastorno Depresivo Persistente: Comprendiendo la Depresi\u00f3n<\/title>\n<meta name=\"description\" content=\"Trastorno depresivo persistente: s\u00edntomas, causas y tratamientos efectivos. Atenci\u00f3n psicol\u00f3gica especializada con Fonasa en Mindy.\" \/>\n<meta name=\"robots\" content=\"index, follow, max-snippet:-1, max-image-preview:large, max-video-preview:-1\" \/>\n<link rel=\"canonical\" href=\"https:\/\/fonasa.mindy.cl\/blog\/trastorno-depresivo-persistente\/\" \/>\n<meta property=\"og:locale\" content=\"es_ES\" \/>\n<meta property=\"og:type\" content=\"article\" \/>\n<meta property=\"og:title\" content=\"Trastorno Depresivo Persistente: Comprendiendo la Depresi\u00f3n\" \/>\n<meta property=\"og:description\" content=\"Trastorno depresivo persistente: s\u00edntomas, causas y tratamientos efectivos. Atenci\u00f3n psicol\u00f3gica especializada con Fonasa en Mindy.\" \/>\n<meta property=\"og:url\" content=\"https:\/\/fonasa.mindy.cl\/blog\/trastorno-depresivo-persistente\/\" \/>\n<meta property=\"og:site_name\" content=\"Mindy Fonasa Blog\" \/>\n<meta property=\"article:published_time\" content=\"2025-11-19T14:08:23+00:00\" \/>\n<meta property=\"article:modified_time\" content=\"2026-03-25T13:27:37+00:00\" \/>\n<meta property=\"og:image\" content=\"https:\/\/fonasa.mindy.cl\/blog\/wp-content\/uploads\/2025\/11\/brain-7084574_640.png\" \/>\n\t<meta property=\"og:image:width\" content=\"640\" \/>\n\t<meta property=\"og:image:height\" content=\"480\" \/>\n\t<meta property=\"og:image:type\" content=\"image\/png\" \/>\n<meta name=\"author\" content=\"estrategamkd@gmail.com\" \/>\n<meta name=\"twitter:card\" content=\"summary_large_image\" \/>\n<meta name=\"twitter:label1\" content=\"Written by\" \/>\n\t<meta name=\"twitter:data1\" content=\"estrategamkd@gmail.com\" \/>\n\t<meta name=\"twitter:label2\" content=\"Est. reading time\" \/>\n\t<meta name=\"twitter:data2\" content=\"10 minutos\" \/>\n<script type=\"application\/ld+json\" class=\"yoast-schema-graph\">{\"@context\":\"https:\/\/schema.org\",\"@graph\":[{\"@type\":\"Article\",\"@id\":\"https:\/\/fonasa.mindy.cl\/blog\/trastorno-depresivo-persistente\/#article\",\"isPartOf\":{\"@id\":\"https:\/\/fonasa.mindy.cl\/blog\/trastorno-depresivo-persistente\/\"},\"author\":{\"name\":\"estrategamkd@gmail.com\",\"@id\":\"https:\/\/fonasa.mindy.cl\/blog\/#\/schema\/person\/fa87761528fa733079f7f77181252f28\"},\"headline\":\"Trastorno Depresivo Persistente: Comprendiendo la Depresi\u00f3n Cr\u00f3nica\",\"datePublished\":\"2025-11-19T14:08:23+00:00\",\"dateModified\":\"2026-03-25T13:27:37+00:00\",\"mainEntityOfPage\":{\"@id\":\"https:\/\/fonasa.mindy.cl\/blog\/trastorno-depresivo-persistente\/\"},\"wordCount\":2428,\"publisher\":{\"@id\":\"https:\/\/fonasa.mindy.cl\/blog\/#organization\"},\"image\":{\"@id\":\"https:\/\/fonasa.mindy.cl\/blog\/trastorno-depresivo-persistente\/#primaryimage\"},\"thumbnailUrl\":\"https:\/\/fonasa.mindy.cl\/blog\/wp-content\/uploads\/2025\/11\/brain-7084574_640.png\",\"articleSection\":[\"Depresi\u00f3n\"],\"inLanguage\":\"es-CL\"},{\"@type\":\"WebPage\",\"@id\":\"https:\/\/fonasa.mindy.cl\/blog\/trastorno-depresivo-persistente\/\",\"url\":\"https:\/\/fonasa.mindy.cl\/blog\/trastorno-depresivo-persistente\/\",\"name\":\"Trastorno Depresivo Persistente: Comprendiendo la Depresi\u00f3n\",\"isPartOf\":{\"@id\":\"https:\/\/fonasa.mindy.cl\/blog\/#website\"},\"primaryImageOfPage\":{\"@id\":\"https:\/\/fonasa.mindy.cl\/blog\/trastorno-depresivo-persistente\/#primaryimage\"},\"image\":{\"@id\":\"https:\/\/fonasa.mindy.cl\/blog\/trastorno-depresivo-persistente\/#primaryimage\"},\"thumbnailUrl\":\"https:\/\/fonasa.mindy.cl\/blog\/wp-content\/uploads\/2025\/11\/brain-7084574_640.png\",\"datePublished\":\"2025-11-19T14:08:23+00:00\",\"dateModified\":\"2026-03-25T13:27:37+00:00\",\"description\":\"Trastorno depresivo persistente: s\u00edntomas, causas y tratamientos efectivos. Atenci\u00f3n psicol\u00f3gica especializada con Fonasa en Mindy.\",\"breadcrumb\":{\"@id\":\"https:\/\/fonasa.mindy.cl\/blog\/trastorno-depresivo-persistente\/#breadcrumb\"},\"inLanguage\":\"es-CL\",\"potentialAction\":[{\"@type\":\"ReadAction\",\"target\":[\"https:\/\/fonasa.mindy.cl\/blog\/trastorno-depresivo-persistente\/\"]}]},{\"@type\":\"ImageObject\",\"inLanguage\":\"es-CL\",\"@id\":\"https:\/\/fonasa.mindy.cl\/blog\/trastorno-depresivo-persistente\/#primaryimage\",\"url\":\"https:\/\/fonasa.mindy.cl\/blog\/wp-content\/uploads\/2025\/11\/brain-7084574_640.png\",\"contentUrl\":\"https:\/\/fonasa.mindy.cl\/blog\/wp-content\/uploads\/2025\/11\/brain-7084574_640.png\",\"width\":640,\"height\":480,\"caption\":\"trastorno depresivo persistente\"},{\"@type\":\"BreadcrumbList\",\"@id\":\"https:\/\/fonasa.mindy.cl\/blog\/trastorno-depresivo-persistente\/#breadcrumb\",\"itemListElement\":[{\"@type\":\"ListItem\",\"position\":1,\"name\":\"Home\",\"item\":\"https:\/\/fonasa.mindy.cl\/blog\/\"},{\"@type\":\"ListItem\",\"position\":2,\"name\":\"Trastorno Depresivo Persistente: Comprendiendo la Depresi\u00f3n Cr\u00f3nica\"}]},{\"@type\":\"WebSite\",\"@id\":\"https:\/\/fonasa.mindy.cl\/blog\/#website\",\"url\":\"https:\/\/fonasa.mindy.cl\/blog\/\",\"name\":\"Mindy Fonasa Blog\",\"description\":\"Un blog de salud mental\",\"publisher\":{\"@id\":\"https:\/\/fonasa.mindy.cl\/blog\/#organization\"},\"potentialAction\":[{\"@type\":\"SearchAction\",\"target\":{\"@type\":\"EntryPoint\",\"urlTemplate\":\"https:\/\/fonasa.mindy.cl\/blog\/?s={search_term_string}\"},\"query-input\":\"required name=search_term_string\"}],\"inLanguage\":\"es-CL\"},{\"@type\":\"Organization\",\"@id\":\"https:\/\/fonasa.mindy.cl\/blog\/#organization\",\"name\":\"Mindy Fonasa Blog\",\"url\":\"https:\/\/fonasa.mindy.cl\/blog\/\",\"logo\":{\"@type\":\"ImageObject\",\"inLanguage\":\"es-CL\",\"@id\":\"https:\/\/fonasa.mindy.cl\/blog\/#\/schema\/logo\/image\/\",\"url\":\"https:\/\/fonasa.mindy.cl\/blog\/wp-content\/uploads\/2024\/07\/logo_cuadrado.png\",\"contentUrl\":\"https:\/\/fonasa.mindy.cl\/blog\/wp-content\/uploads\/2024\/07\/logo_cuadrado.png\",\"width\":300,\"height\":300,\"caption\":\"Mindy Fonasa Blog\"},\"image\":{\"@id\":\"https:\/\/fonasa.mindy.cl\/blog\/#\/schema\/logo\/image\/\"}},{\"@type\":\"Person\",\"@id\":\"https:\/\/fonasa.mindy.cl\/blog\/#\/schema\/person\/fa87761528fa733079f7f77181252f28\",\"name\":\"estrategamkd@gmail.com\",\"url\":\"https:\/\/fonasa.mindy.cl\/blog\/author\/estrategamkdgmail-com\/\"}]}<\/script>\n<!-- \/ Yoast SEO plugin. -->","yoast_head_json":{"title":"Trastorno Depresivo Persistente: Comprendiendo la Depresi\u00f3n","description":"Trastorno depresivo persistente: s\u00edntomas, causas y tratamientos efectivos. Atenci\u00f3n psicol\u00f3gica especializada con Fonasa en Mindy.","robots":{"index":"index","follow":"follow","max-snippet":"max-snippet:-1","max-image-preview":"max-image-preview:large","max-video-preview":"max-video-preview:-1"},"canonical":"https:\/\/fonasa.mindy.cl\/blog\/trastorno-depresivo-persistente\/","og_locale":"es_ES","og_type":"article","og_title":"Trastorno Depresivo Persistente: Comprendiendo la Depresi\u00f3n","og_description":"Trastorno depresivo persistente: s\u00edntomas, causas y tratamientos efectivos. Atenci\u00f3n psicol\u00f3gica especializada con Fonasa en Mindy.","og_url":"https:\/\/fonasa.mindy.cl\/blog\/trastorno-depresivo-persistente\/","og_site_name":"Mindy Fonasa Blog","article_published_time":"2025-11-19T14:08:23+00:00","article_modified_time":"2026-03-25T13:27:37+00:00","og_image":[{"width":640,"height":480,"url":"https:\/\/fonasa.mindy.cl\/blog\/wp-content\/uploads\/2025\/11\/brain-7084574_640.png","type":"image\/png"}],"author":"estrategamkd@gmail.com","twitter_card":"summary_large_image","twitter_misc":{"Written by":"estrategamkd@gmail.com","Est. reading time":"10 minutos"},"schema":{"@context":"https:\/\/schema.org","@graph":[{"@type":"Article","@id":"https:\/\/fonasa.mindy.cl\/blog\/trastorno-depresivo-persistente\/#article","isPartOf":{"@id":"https:\/\/fonasa.mindy.cl\/blog\/trastorno-depresivo-persistente\/"},"author":{"name":"estrategamkd@gmail.com","@id":"https:\/\/fonasa.mindy.cl\/blog\/#\/schema\/person\/fa87761528fa733079f7f77181252f28"},"headline":"Trastorno Depresivo Persistente: Comprendiendo la Depresi\u00f3n Cr\u00f3nica","datePublished":"2025-11-19T14:08:23+00:00","dateModified":"2026-03-25T13:27:37+00:00","mainEntityOfPage":{"@id":"https:\/\/fonasa.mindy.cl\/blog\/trastorno-depresivo-persistente\/"},"wordCount":2428,"publisher":{"@id":"https:\/\/fonasa.mindy.cl\/blog\/#organization"},"image":{"@id":"https:\/\/fonasa.mindy.cl\/blog\/trastorno-depresivo-persistente\/#primaryimage"},"thumbnailUrl":"https:\/\/fonasa.mindy.cl\/blog\/wp-content\/uploads\/2025\/11\/brain-7084574_640.png","articleSection":["Depresi\u00f3n"],"inLanguage":"es-CL"},{"@type":"WebPage","@id":"https:\/\/fonasa.mindy.cl\/blog\/trastorno-depresivo-persistente\/","url":"https:\/\/fonasa.mindy.cl\/blog\/trastorno-depresivo-persistente\/","name":"Trastorno Depresivo Persistente: Comprendiendo la Depresi\u00f3n","isPartOf":{"@id":"https:\/\/fonasa.mindy.cl\/blog\/#website"},"primaryImageOfPage":{"@id":"https:\/\/fonasa.mindy.cl\/blog\/trastorno-depresivo-persistente\/#primaryimage"},"image":{"@id":"https:\/\/fonasa.mindy.cl\/blog\/trastorno-depresivo-persistente\/#primaryimage"},"thumbnailUrl":"https:\/\/fonasa.mindy.cl\/blog\/wp-content\/uploads\/2025\/11\/brain-7084574_640.png","datePublished":"2025-11-19T14:08:23+00:00","dateModified":"2026-03-25T13:27:37+00:00","description":"Trastorno depresivo persistente: s\u00edntomas, causas y tratamientos efectivos. Atenci\u00f3n psicol\u00f3gica especializada con Fonasa en Mindy.","breadcrumb":{"@id":"https:\/\/fonasa.mindy.cl\/blog\/trastorno-depresivo-persistente\/#breadcrumb"},"inLanguage":"es-CL","potentialAction":[{"@type":"ReadAction","target":["https:\/\/fonasa.mindy.cl\/blog\/trastorno-depresivo-persistente\/"]}]},{"@type":"ImageObject","inLanguage":"es-CL","@id":"https:\/\/fonasa.mindy.cl\/blog\/trastorno-depresivo-persistente\/#primaryimage","url":"https:\/\/fonasa.mindy.cl\/blog\/wp-content\/uploads\/2025\/11\/brain-7084574_640.png","contentUrl":"https:\/\/fonasa.mindy.cl\/blog\/wp-content\/uploads\/2025\/11\/brain-7084574_640.png","width":640,"height":480,"caption":"trastorno depresivo persistente"},{"@type":"BreadcrumbList","@id":"https:\/\/fonasa.mindy.cl\/blog\/trastorno-depresivo-persistente\/#breadcrumb","itemListElement":[{"@type":"ListItem","position":1,"name":"Home","item":"https:\/\/fonasa.mindy.cl\/blog\/"},{"@type":"ListItem","position":2,"name":"Trastorno Depresivo Persistente: Comprendiendo la Depresi\u00f3n Cr\u00f3nica"}]},{"@type":"WebSite","@id":"https:\/\/fonasa.mindy.cl\/blog\/#website","url":"https:\/\/fonasa.mindy.cl\/blog\/","name":"Mindy Fonasa Blog","description":"Un blog de salud mental","publisher":{"@id":"https:\/\/fonasa.mindy.cl\/blog\/#organization"},"potentialAction":[{"@type":"SearchAction","target":{"@type":"EntryPoint","urlTemplate":"https:\/\/fonasa.mindy.cl\/blog\/?s={search_term_string}"},"query-input":"required name=search_term_string"}],"inLanguage":"es-CL"},{"@type":"Organization","@id":"https:\/\/fonasa.mindy.cl\/blog\/#organization","name":"Mindy Fonasa Blog","url":"https:\/\/fonasa.mindy.cl\/blog\/","logo":{"@type":"ImageObject","inLanguage":"es-CL","@id":"https:\/\/fonasa.mindy.cl\/blog\/#\/schema\/logo\/image\/","url":"https:\/\/fonasa.mindy.cl\/blog\/wp-content\/uploads\/2024\/07\/logo_cuadrado.png","contentUrl":"https:\/\/fonasa.mindy.cl\/blog\/wp-content\/uploads\/2024\/07\/logo_cuadrado.png","width":300,"height":300,"caption":"Mindy Fonasa Blog"},"image":{"@id":"https:\/\/fonasa.mindy.cl\/blog\/#\/schema\/logo\/image\/"}},{"@type":"Person","@id":"https:\/\/fonasa.mindy.cl\/blog\/#\/schema\/person\/fa87761528fa733079f7f77181252f28","name":"estrategamkd@gmail.com","url":"https:\/\/fonasa.mindy.cl\/blog\/author\/estrategamkdgmail-com\/"}]}},"_links":{"self":[{"href":"https:\/\/fonasa.mindy.cl\/blog\/wp-json\/wp\/v2\/posts\/817"}],"collection":[{"href":"https:\/\/fonasa.mindy.cl\/blog\/wp-json\/wp\/v2\/posts"}],"about":[{"href":"https:\/\/fonasa.mindy.cl\/blog\/wp-json\/wp\/v2\/types\/post"}],"author":[{"embeddable":true,"href":"https:\/\/fonasa.mindy.cl\/blog\/wp-json\/wp\/v2\/users\/3"}],"replies":[{"embeddable":true,"href":"https:\/\/fonasa.mindy.cl\/blog\/wp-json\/wp\/v2\/comments?post=817"}],"version-history":[{"count":10,"href":"https:\/\/fonasa.mindy.cl\/blog\/wp-json\/wp\/v2\/posts\/817\/revisions"}],"predecessor-version":[{"id":1704,"href":"https:\/\/fonasa.mindy.cl\/blog\/wp-json\/wp\/v2\/posts\/817\/revisions\/1704"}],"wp:featuredmedia":[{"embeddable":true,"href":"https:\/\/fonasa.mindy.cl\/blog\/wp-json\/wp\/v2\/media\/819"}],"wp:attachment":[{"href":"https:\/\/fonasa.mindy.cl\/blog\/wp-json\/wp\/v2\/media?parent=817"}],"wp:term":[{"taxonomy":"category","embeddable":true,"href":"https:\/\/fonasa.mindy.cl\/blog\/wp-json\/wp\/v2\/categories?post=817"},{"taxonomy":"post_tag","embeddable":true,"href":"https:\/\/fonasa.mindy.cl\/blog\/wp-json\/wp\/v2\/tags?post=817"}],"curies":[{"name":"wp","href":"https:\/\/api.w.org\/{rel}","templated":true}]}}