{"id":799,"date":"2025-11-18T19:55:15","date_gmt":"2025-11-18T22:55:15","guid":{"rendered":"https:\/\/fonasa.mindy.cl\/blog\/?p=799"},"modified":"2026-03-24T16:25:13","modified_gmt":"2026-03-24T19:25:13","slug":"ansiedad-generalizada","status":"publish","type":"post","link":"https:\/\/fonasa.mindy.cl\/blog\/ansiedad-generalizada\/","title":{"rendered":"Ansiedad generalizada: C\u00f3mo dejar de preocuparse por todo y recuperar la calma"},"content":{"rendered":"\n<p>\u00bfAlguna vez has sentido que tu mente es una radio que nunca se apaga, sintonizada permanentemente en la frecuencia de la <strong>preocupaci\u00f3n<\/strong>? Si te encuentras constantemente anticipando problemas, temiendo por el futuro o sinti\u00e9ndote agotado por la incertidumbre, es probable que est\u00e9s lidiando con la <strong>ansiedad generalizada<\/strong> (TAG). Esta condici\u00f3n, lejos de ser un simple &#8220;estr\u00e9s&#8221;, es un trastorno mental real que afecta la calidad de vida de millones de personas, incluida una parte significativa de la poblaci\u00f3n en Chile. <\/p>\n\n\n\n<p>En este art\u00edculo, exploraremos la naturaleza de la <strong>ansiedad generalizada<\/strong>, desglosando sus s\u00edntomas y mecanismos neurobiol\u00f3gicos para que puedas comprender lo que te sucede. Te prometemos que aprender\u00e1s estrategias y opciones de tratamiento basadas en evidencia que te guiar\u00e1n hacia una vida m\u00e1s tranquila y controlada.<\/p>\n\n\n\n<h2 class=\"wp-block-heading has-x-large-font-size\"><strong>Definiendo la ansiedad <\/strong>generalizada<strong>: La Preocupaci\u00f3n Cr\u00f3nica e Incontrolable<\/strong><\/h2>\n\n\n\n<p>Una <strong><a href=\"https:\/\/fonasa.mindy.cl\/blog\/crisis-de-ansiedad-claves-para-comprender-y-manejar-los-episodios\/\">crisis de ansiedad<\/a><\/strong> es una respuesta adaptativa normal. Es la alarma que nos avisa de un peligro. Sin embargo, en el Trastorno de Ansiedad Generalizada (TAG), esta alarma se dispara sin un peligro real o inminente, convirti\u00e9ndose en un estado de alerta constante y desproporcionado.<\/p>\n\n\n\n<p>El TAG se caracteriza principalmente por una <strong>preocupaci\u00f3n excesiva<\/strong> y <strong>persistente<\/strong> sobre m\u00faltiples eventos o actividades (como el desempe\u00f1o laboral, la salud, las finanzas o la seguridad de la familia), que resulta dif\u00edcil de controlar para la persona. Esta preocupaci\u00f3n ocurre la mayor\u00eda de los d\u00edas y se mantiene durante un per\u00edodo m\u00ednimo de seis meses. Cuando se hace muy persistente se puede convertir en <strong><a href=\"https:\/\/fonasa.mindy.cl\/blog\/ansiedad-cronica\/\">ansiedad cr\u00f3nica<\/a><\/strong>.<\/p>\n\n\n\n<h3 class=\"wp-block-heading has-large-font-size\">S\u00edntomas Clave: C\u00f3mo se manifiesta la ansiedad generalizada<\/h3>\n\n\n\n<p>Los s\u00edntomas del TAG o trastorno ansiedad generalizada no se limitan solo a la mente, sino que se manifiestan de forma intensa en el cuerpo, creando un ciclo agotador que podr\u00edan llegar en casos extremos a producir <strong><a href=\"https:\/\/fonasa.mindy.cl\/blog\/sintomas-de-ataque-de-panico\/\">s\u00edntomas de ataque de p\u00e1nico<\/a><\/strong> muy parecidos.<\/p>\n\n\n\n<figure class=\"wp-block-gallery has-nested-images columns-default is-cropped wp-block-gallery-1 is-layout-flex wp-block-gallery-is-layout-flex\">\n<figure class=\"wp-block-image size-large\"><img loading=\"lazy\" decoding=\"async\" width=\"640\" height=\"427\" data-id=\"804\" src=\"https:\/\/fonasa.mindy.cl\/blog\/wp-content\/uploads\/2025\/11\/pexels-alex-green-5699859-1.jpg\" alt=\"ansiedad generalizada\" class=\"wp-image-804\"\/><\/figure>\n<\/figure>\n\n\n\n<ul>\n<li><strong>S\u00edntomas Psicol\u00f3gicos:<\/strong>\n<ul>\n<li>Preocupaci\u00f3n excesiva e incontrolable por asuntos cotidianos.<\/li>\n\n\n\n<li>Sentimiento de que algo terrible va a suceder (<strong>aprensi\u00f3n<\/strong>).<\/li>\n\n\n\n<li>Dificultad para concentrarse o sensaci\u00f3n de &#8220;mente en blanco&#8221;.<\/li>\n\n\n\n<li>Irritabilidad o impaciencia.<\/li>\n<\/ul>\n<\/li>\n\n\n\n<li><strong>S\u00edntomas F\u00edsicos <\/strong>(La Respuesta de Lucha o Huida):\n<ul>\n<li>Tensi\u00f3n muscular, especialmente en cuello, hombros y espalda.<\/li>\n\n\n\n<li>Inquietud o sensaci\u00f3n de estar &#8220;con los nervios de punta&#8221; (<strong>agitaci\u00f3n<\/strong>).<\/li>\n\n\n\n<li>Fatiga o cansancio f\u00e1cil, a pesar de no haber realizado un esfuerzo f\u00edsico significativo.<\/li>\n\n\n\n<li>Problemas para conciliar o mantener el sue\u00f1o (<strong>insomnio<\/strong>).<\/li>\n<\/ul>\n<\/li>\n<\/ul>\n\n\n\n<p>Si notas que estos s\u00edntomas son predominantes en tu vida diaria y te impiden disfrutar o funcionar normalmente, es crucial considerar buscar ayuda profesional. Los <strong>estudios demuestran<\/strong> que la detecci\u00f3n temprana mejora significativamente el pron\u00f3stico de la <strong>ansiedad generalizada<\/strong>.<\/p>\n\n\n\n<h3 class=\"wp-block-heading has-large-font-size\">El Componente cient\u00edfico: La am\u00edgdala en alerta<\/h3>\n\n\n\n<p>Para entender la <strong>ansiedad generalizada<\/strong>, es \u00fatil mirar dentro del cerebro. La ansiedad est\u00e1 fuertemente ligada a la <strong>am\u00edgdala<\/strong>, una estructura cerebral que funciona como el centro de mando del miedo y las emociones.<\/p>\n\n\n\n<ul>\n<li><strong>Hiperactivaci\u00f3n de la Am\u00edgdala:<\/strong> En personas con TAG, la am\u00edgdala es hiperreactiva. Esto significa que responde a amenazas percibidas (como una fecha l\u00edmite laboral o una factura inesperada) con la misma intensidad que si se tratara de un peligro f\u00edsico real.<\/li>\n\n\n\n<li><strong>Desregulaci\u00f3n de Neurotransmisores:<\/strong> Existe una desregulaci\u00f3n en los sistemas de neurotransmisores que calman el cerebro, como el <strong>GABA<\/strong> (\u00c1cido Gamma-aminobut\u00edrico), el principal neurotransmisor inhibidor. La falta de este &#8220;freno&#8221; qu\u00edmico permite que la sensaci\u00f3n de alerta persista sin cesar.<\/li>\n\n\n\n<li><strong>El Rol de la Corteza Prefrontal (CPF):<\/strong> Normalmente, la CPF deber\u00eda ser capaz de modular y &#8220;poner en perspectiva&#8221; las se\u00f1ales de alarma de la am\u00edgdala. En el TAG, esta comunicaci\u00f3n entre la CPF y la am\u00edgdala se debilita, impidiendo que la raz\u00f3n pueda calmar la emoci\u00f3n.<\/li>\n<\/ul>\n\n\n\n<p>Comprender que hay una base neurobiol\u00f3gica ayuda a desmitificar la idea de que la ansiedad es solo una &#8220;debilidad mental&#8221; y resalta la necesidad de un tratamiento adecuado.<\/p>\n\n\n\n<h2 class=\"wp-block-heading has-x-large-font-size\">Abordajes Terap\u00e9uticos: Tratamiento Efectivo de la ansiedad generalizada<\/h2>\n\n\n\n<p>La buena noticia es que el Trastorno de <strong>Ansiedad Generalizada<\/strong> es altamente tratable. La combinaci\u00f3n de terapias psicol\u00f3gicas y, en algunos casos, el apoyo farmacol\u00f3gico, ofrece la ruta m\u00e1s efectiva hacia la recuperaci\u00f3n.<\/p>\n\n\n\n<h3 class=\"wp-block-heading has-large-font-size\">El Eje Central: Terapia Cognitivo-Conductual (TCC)<\/h3>\n\n\n\n<p>La TCC es considerada el tratamiento psicol\u00f3gico de primera l\u00ednea para la <strong>ansiedad generalizada<\/strong>. Su objetivo es cambiar los patrones de pensamiento disfuncionales y los comportamientos que perpet\u00faan el ciclo de la preocupaci\u00f3n.<\/p>\n\n\n\n<p>El tratamiento se centra en varios pasos clave:<\/p>\n\n\n\n<ol start=\"1\">\n<li><strong>Identificaci\u00f3n de Sesgos Cognitivos:<\/strong> Aprender a reconocer los &#8220;errores&#8221; en el pensamiento, como la <strong>catastrofizaci\u00f3n<\/strong> (imaginar siempre el peor escenario posible) y la <strong>sobreestimaci\u00f3n del riesgo<\/strong>.<\/li>\n\n\n\n<li><strong>Exposici\u00f3n a la Incertidumbre:<\/strong> T\u00e9cnicas graduales que ayudan a la persona a tolerar la ambig\u00fcedad y la falta de control, desaprendiendo la necesidad compulsiva de buscar seguridad.<\/li>\n\n\n\n<li><strong>Entrenamiento en Relajaci\u00f3n y Regulaci\u00f3n Emocional:<\/strong> Aplicaci\u00f3n de t\u00e9cnicas de respiraci\u00f3n profunda y <strong>Relajaci\u00f3n Muscular Progresiva<\/strong> para reducir la tensi\u00f3n f\u00edsica, un s\u00edntoma constante en la <strong>ansiedad generalizada<\/strong>.<\/li>\n\n\n\n<li><strong>Reestructuraci\u00f3n Cognitiva:<\/strong> Desafiar activamente los pensamientos ansiosos con evidencia y alternativas m\u00e1s realistas. Por ejemplo, si el pensamiento es &#8220;Voy a fallar en la presentaci\u00f3n&#8221;, la persona aprende a preguntarse: &#8220;\u00bfQu\u00e9 probabilidades reales hay?&#8221; o &#8220;\u00bfQu\u00e9 puedo hacer para prepararme mejor?&#8221;.<\/li>\n<\/ol>\n\n\n\n<h3 class=\"wp-block-heading has-large-font-size\">Consejos Pr\u00e1cticos para Manejar la Preocupaci\u00f3n Diaria<\/h3>\n\n\n\n<figure class=\"wp-block-gallery has-nested-images columns-default is-cropped wp-block-gallery-2 is-layout-flex wp-block-gallery-is-layout-flex\">\n<figure class=\"wp-block-image size-large\"><img loading=\"lazy\" decoding=\"async\" width=\"640\" height=\"427\" data-id=\"805\" src=\"https:\/\/fonasa.mindy.cl\/blog\/wp-content\/uploads\/2025\/11\/pexels-rdne-6129053.jpg\" alt=\"ansiedad generalizada\" class=\"wp-image-805\"\/><\/figure>\n<\/figure>\n\n\n\n<p>Si bien la terapia es crucial, hay estrategias que puedes aplicar para empezar a tomar el control de tu vida:<\/p>\n\n\n\n<ol start=\"1\">\n<li><strong>La &#8220;Hora de la Preocupaci\u00f3n&#8221;:<\/strong> Designa 15 o 20 minutos al d\u00eda (y solo esos minutos) para preocuparte. Si un pensamiento ansioso aparece fuera de esa hora, an\u00f3talo y posponlo activamente. Esto te ayuda a contener y limitar el tiempo que le dedicas a la ansiedad.<\/li>\n\n\n\n<li><strong>Mindfulness y Conexi\u00f3n con el Presente:<\/strong> Practicar la atenci\u00f3n plena te saca del bucle de la anticipaci\u00f3n (que es futuro) y te ancla al aqu\u00ed y ahora. Concentrarte en tus sentidos (lo que ves, hueles, oyes) interrumpe el flujo de pensamientos catastr\u00f3ficos.<\/li>\n\n\n\n<li><strong>Movimiento Intencional:<\/strong> Realiza actividad f\u00edsica regular. <strong>La investigaci\u00f3n indica<\/strong> que el ejercicio aer\u00f3bico puede actuar como un potente ansiol\u00edtico natural, ayudando a quemar el exceso de adrenalina que la ansiedad genera.<\/li>\n<\/ol>\n\n\n\n<h2 class=\"wp-block-heading has-x-large-font-size\">Desmitificando la ansiedad generalizada y Buscando Apoyo Profesional<\/h2>\n\n\n\n<p>A menudo, las personas tardan en buscar ayuda para el TAG porque lo confunden con rasgos de personalidad o creen que es algo que deben poder manejar solos.<\/p>\n\n\n\n<h3 class=\"wp-block-heading has-large-font-size\">Mitos y Realidades del Trastorno<\/h3>\n\n\n\n<figure class=\"wp-block-table\"><table><thead><tr><td><strong>Mito<\/strong><\/td><td><strong>Realidad<\/strong><\/td><\/tr><\/thead><tbody><tr><td>La ansiedad se cura con fuerza de voluntad.<\/td><td>La <strong>ansiedad generalizada<\/strong> es un trastorno mental que requiere tratamiento profesional.<\/td><\/tr><tr><td>La gente con TAG es d\u00e9bil o &#8220;dram\u00e1tica&#8221;.<\/td><td>La ansiedad es una respuesta neurobiol\u00f3gica exagerada a la percepci\u00f3n de riesgo, no un defecto de car\u00e1cter.<\/td><\/tr><tr><td>Tomar medicaci\u00f3n es la \u00fanica soluci\u00f3n.<\/td><td>El tratamiento m\u00e1s efectivo combina la <strong>terapia psicol\u00f3gica<\/strong> (TCC) con la medicaci\u00f3n (si es necesaria) para una intervenci\u00f3n integral.<\/td><\/tr><tr><td>Solo me preocupo por cosas importantes.<\/td><td>Las personas con TAG se preocupan por todo: desde la econom\u00eda mundial hasta si cerraron la puerta del refrigerador.<\/td><\/tr><\/tbody><\/table><\/figure>\n\n\n\n<h3 class=\"wp-block-heading has-large-font-size\">Criterios de Diagn\u00f3stico (Seg\u00fan el DSM-5)<\/h3>\n\n\n\n<p>Para ser diagnosticado con ansiedad generalizada (TAG), un profesional de la salud mental utiliza criterios espec\u00edficos, que t\u00fa puedes usar como una gu\u00eda para reflexionar sobre tu situaci\u00f3n:<\/p>\n\n\n\n<ul>\n<li>Preocupaci\u00f3n y ansiedad excesivas que persisten la mayor parte de los d\u00edas durante <strong>seis meses o m\u00e1s<\/strong>.<\/li>\n\n\n\n<li>Dificultad marcada para controlar esta preocupaci\u00f3n.<\/li>\n\n\n\n<li>La ansiedad se asocia con tres (o m\u00e1s) de los seis s\u00edntomas clave (inquietud, fatigarse f\u00e1cilmente, dificultad para concentrarse, irritabilidad, tensi\u00f3n muscular, problemas de sue\u00f1o).<\/li>\n\n\n\n<li>La ansiedad o preocupaci\u00f3n causa un malestar significativo o deterioro en \u00e1reas importantes de la vida (social, laboral, etc.).<\/li>\n<\/ul>\n\n\n\n<h3 class=\"wp-block-heading has-large-font-size\">Fonasa Mindy: Terapia Accesible para la ansiedad generalizada<\/h3>\n\n\n\n<p>En Mindy, sabemos que el primer paso para tratar la <strong>ansiedad generalizada<\/strong> es acceder a un profesional cualificado. Entendemos que en Chile, la salud mental debe ser un derecho y no un lujo. Por eso, hemos optimizado el acceso a terapia psicol\u00f3gica online mediante el uso de <strong>Fonasa<\/strong>.<\/p>\n\n\n\n<p>Si tu preocupaci\u00f3n se ha vuelto incontrolable y est\u00e1s buscando una soluci\u00f3n efectiva, Fonasa Mindy te ofrece la oportunidad de iniciar tu tratamiento de manera c\u00f3moda y econ\u00f3mica.<\/p>\n\n\n\n<ul>\n<li><strong>Atenci\u00f3n Especializada:<\/strong> Contamos con psic\u00f3logos con experiencia en Terapia Cognitivo-Conductual (TCC), el m\u00e9todo m\u00e1s recomendado para el TAG.<\/li>\n\n\n\n<li><strong>Modalidad Online Flexible:<\/strong> Recibe tu terapia desde cualquier lugar de Chile, eliminando barreras de tiempo y traslado, lo cual es especialmente beneficioso cuando la ansiedad dificulta salir de casa.<\/li>\n\n\n\n<li><strong>Acceso con Fonasa:<\/strong> Puedes utilizar tu previsi\u00f3n de salud para cubrir una parte importante del costo de las sesiones, haciendo la terapia una opci\u00f3n real y accesible.<\/li>\n\n\n\n<li><strong>Confidencialidad Garantizada:<\/strong> Un espacio seguro y profesional para abordar tus preocupaciones sin juicios.<\/li>\n<\/ul>\n\n\n\n<p>Dar el paso hacia la terapia es una inversi\u00f3n en tu paz mental. Te invitamos a conocer c\u00f3mo puedes utilizar tu beneficio Fonasa para comenzar: <a target=\"_blank\" rel=\"noreferrer noopener\" href=\"https:\/\/fonasa.mindy.cl\/psicologos.php#\/\">**Psic\u00f3logos online Fonasa Mindy **<\/a><\/p>\n\n\n\n<h3 class=\"wp-block-heading has-large-font-size\">La ansiedad generalizada no tiene por qu\u00e9 ser una cadena perpetua<\/h3>\n\n\n\n<p>Si te has reconocido en la descripci\u00f3n de la preocupaci\u00f3n constante e incontrolable, es el momento de tomar la decisi\u00f3n consciente de buscar ayuda. Recuerda que la ansiedad es tratable, y con las herramientas adecuadas, puedes aprender a silenciar la radio de la preocupaci\u00f3n, recuperando la calma y el control de tu vida. <\/p>\n\n\n\n<p>No est\u00e1s solo en esta lucha; estamos aqu\u00ed para ayudarte a dar el primer paso. Utiliza tu beneficio de salud y comienza hoy mismo tu camino hacia el bienestar mental con un psic\u00f3logo especializado. Da el paso hacia una vida m\u00e1s tranquila: <strong><a href=\"https:\/\/fonasa.mindy.cl\/#\/\" target=\"_blank\" rel=\"noreferrer noopener\">Fonasa Mindy<\/a><\/strong>.<\/p>\n\n\n\n<h2 class=\"wp-block-heading has-x-large-font-size\">Da el primer paso con tu ansiedad: Eval\u00faa tu bienestar emocional<\/h2>\n\n\n\n<p>\u00bfSientes que la ansiedad est\u00e1 afectando tu rutina? Descubre c\u00f3mo medir tus niveles de estr\u00e9s y ansiedad de forma sencilla. Al realizar este quiz, obtendr\u00e1s claridad sobre tu situaci\u00f3n actual, permiti\u00e9ndonos ofrecerte la terapia que mejor se adapte a tus necesidades dentro de nuestra plataforma. <\/p>\n\n\n\n<p>\ud83d\udc49 <a href=\"https:\/\/form.typeform.com\/to\/nF2A9qZT\" target=\"_blank\" rel=\"noreferrer noopener\">Comenzar evaluaci\u00f3n gratuita<\/a><\/p>\n","protected":false},"excerpt":{"rendered":"<p>\u00bfAlguna vez has sentido que tu mente es una radio que nunca se apaga, sintonizada permanentemente en la frecuencia de la preocupaci\u00f3n? Si te encuentras constantemente anticipando problemas, temiendo por el futuro o sinti\u00e9ndote agotado por la incertidumbre, es probable que est\u00e9s lidiando con la ansiedad generalizada (TAG). Esta condici\u00f3n, lejos de ser un simple [&hellip;]<\/p>\n","protected":false},"author":3,"featured_media":802,"comment_status":"closed","ping_status":"closed","sticky":false,"template":"","format":"standard","meta":{"footnotes":""},"categories":[274],"tags":[],"yoast_head":"<!-- This site is optimized with the Yoast SEO plugin v23.0 - https:\/\/yoast.com\/wordpress\/plugins\/seo\/ -->\n<title>Ansiedad generalizada: C\u00f3mo dejar de preocuparse por todo<\/title>\n<meta name=\"description\" content=\"\u00bfSufres de ansiedad generalizada? Aprende a identificar sus s\u00edntomas, causas y los tratamientos para manejar la preocupaci\u00f3n constante.\" \/>\n<meta name=\"robots\" content=\"index, follow, max-snippet:-1, max-image-preview:large, max-video-preview:-1\" \/>\n<link rel=\"canonical\" href=\"https:\/\/fonasa.mindy.cl\/blog\/ansiedad-generalizada\/\" \/>\n<meta property=\"og:locale\" content=\"es_ES\" \/>\n<meta property=\"og:type\" content=\"article\" \/>\n<meta property=\"og:title\" content=\"Ansiedad generalizada: C\u00f3mo dejar de preocuparse por todo\" \/>\n<meta property=\"og:description\" content=\"\u00bfSufres de ansiedad generalizada? Aprende a identificar sus s\u00edntomas, causas y los tratamientos para manejar la preocupaci\u00f3n constante.\" \/>\n<meta property=\"og:url\" content=\"https:\/\/fonasa.mindy.cl\/blog\/ansiedad-generalizada\/\" \/>\n<meta property=\"og:site_name\" content=\"Mindy Fonasa Blog\" \/>\n<meta property=\"article:published_time\" content=\"2025-11-18T22:55:15+00:00\" \/>\n<meta property=\"article:modified_time\" content=\"2026-03-24T19:25:13+00:00\" \/>\n<meta property=\"og:image\" content=\"https:\/\/fonasa.mindy.cl\/blog\/wp-content\/uploads\/2025\/11\/pexels-daniel-reche-718241-5202003.jpg\" \/>\n\t<meta property=\"og:image:width\" content=\"640\" \/>\n\t<meta property=\"og:image:height\" content=\"427\" \/>\n\t<meta property=\"og:image:type\" content=\"image\/jpeg\" \/>\n<meta name=\"author\" content=\"estrategamkd@gmail.com\" \/>\n<meta name=\"twitter:card\" content=\"summary_large_image\" \/>\n<meta name=\"twitter:label1\" content=\"Written by\" \/>\n\t<meta name=\"twitter:data1\" content=\"estrategamkd@gmail.com\" \/>\n\t<meta name=\"twitter:label2\" content=\"Est. reading time\" \/>\n\t<meta name=\"twitter:data2\" content=\"8 minutos\" \/>\n<script type=\"application\/ld+json\" class=\"yoast-schema-graph\">{\"@context\":\"https:\/\/schema.org\",\"@graph\":[{\"@type\":\"Article\",\"@id\":\"https:\/\/fonasa.mindy.cl\/blog\/ansiedad-generalizada\/#article\",\"isPartOf\":{\"@id\":\"https:\/\/fonasa.mindy.cl\/blog\/ansiedad-generalizada\/\"},\"author\":{\"name\":\"estrategamkd@gmail.com\",\"@id\":\"https:\/\/fonasa.mindy.cl\/blog\/#\/schema\/person\/fa87761528fa733079f7f77181252f28\"},\"headline\":\"Ansiedad generalizada: C\u00f3mo dejar de preocuparse por todo y recuperar la calma\",\"datePublished\":\"2025-11-18T22:55:15+00:00\",\"dateModified\":\"2026-03-24T19:25:13+00:00\",\"mainEntityOfPage\":{\"@id\":\"https:\/\/fonasa.mindy.cl\/blog\/ansiedad-generalizada\/\"},\"wordCount\":1751,\"publisher\":{\"@id\":\"https:\/\/fonasa.mindy.cl\/blog\/#organization\"},\"image\":{\"@id\":\"https:\/\/fonasa.mindy.cl\/blog\/ansiedad-generalizada\/#primaryimage\"},\"thumbnailUrl\":\"https:\/\/fonasa.mindy.cl\/blog\/wp-content\/uploads\/2025\/11\/pexels-daniel-reche-718241-5202003.jpg\",\"articleSection\":[\"Ansiedad\"],\"inLanguage\":\"es-CL\"},{\"@type\":\"WebPage\",\"@id\":\"https:\/\/fonasa.mindy.cl\/blog\/ansiedad-generalizada\/\",\"url\":\"https:\/\/fonasa.mindy.cl\/blog\/ansiedad-generalizada\/\",\"name\":\"Ansiedad generalizada: C\u00f3mo dejar de preocuparse por todo\",\"isPartOf\":{\"@id\":\"https:\/\/fonasa.mindy.cl\/blog\/#website\"},\"primaryImageOfPage\":{\"@id\":\"https:\/\/fonasa.mindy.cl\/blog\/ansiedad-generalizada\/#primaryimage\"},\"image\":{\"@id\":\"https:\/\/fonasa.mindy.cl\/blog\/ansiedad-generalizada\/#primaryimage\"},\"thumbnailUrl\":\"https:\/\/fonasa.mindy.cl\/blog\/wp-content\/uploads\/2025\/11\/pexels-daniel-reche-718241-5202003.jpg\",\"datePublished\":\"2025-11-18T22:55:15+00:00\",\"dateModified\":\"2026-03-24T19:25:13+00:00\",\"description\":\"\u00bfSufres de ansiedad generalizada? Aprende a identificar sus s\u00edntomas, causas y los tratamientos para manejar la preocupaci\u00f3n constante.\",\"breadcrumb\":{\"@id\":\"https:\/\/fonasa.mindy.cl\/blog\/ansiedad-generalizada\/#breadcrumb\"},\"inLanguage\":\"es-CL\",\"potentialAction\":[{\"@type\":\"ReadAction\",\"target\":[\"https:\/\/fonasa.mindy.cl\/blog\/ansiedad-generalizada\/\"]}]},{\"@type\":\"ImageObject\",\"inLanguage\":\"es-CL\",\"@id\":\"https:\/\/fonasa.mindy.cl\/blog\/ansiedad-generalizada\/#primaryimage\",\"url\":\"https:\/\/fonasa.mindy.cl\/blog\/wp-content\/uploads\/2025\/11\/pexels-daniel-reche-718241-5202003.jpg\",\"contentUrl\":\"https:\/\/fonasa.mindy.cl\/blog\/wp-content\/uploads\/2025\/11\/pexels-daniel-reche-718241-5202003.jpg\",\"width\":640,\"height\":427,\"caption\":\"ansiedad generalizada\"},{\"@type\":\"BreadcrumbList\",\"@id\":\"https:\/\/fonasa.mindy.cl\/blog\/ansiedad-generalizada\/#breadcrumb\",\"itemListElement\":[{\"@type\":\"ListItem\",\"position\":1,\"name\":\"Home\",\"item\":\"https:\/\/fonasa.mindy.cl\/blog\/\"},{\"@type\":\"ListItem\",\"position\":2,\"name\":\"Ansiedad generalizada: C\u00f3mo dejar de preocuparse por todo y recuperar la calma\"}]},{\"@type\":\"WebSite\",\"@id\":\"https:\/\/fonasa.mindy.cl\/blog\/#website\",\"url\":\"https:\/\/fonasa.mindy.cl\/blog\/\",\"name\":\"Mindy Fonasa Blog\",\"description\":\"Un blog de salud mental\",\"publisher\":{\"@id\":\"https:\/\/fonasa.mindy.cl\/blog\/#organization\"},\"potentialAction\":[{\"@type\":\"SearchAction\",\"target\":{\"@type\":\"EntryPoint\",\"urlTemplate\":\"https:\/\/fonasa.mindy.cl\/blog\/?s={search_term_string}\"},\"query-input\":\"required name=search_term_string\"}],\"inLanguage\":\"es-CL\"},{\"@type\":\"Organization\",\"@id\":\"https:\/\/fonasa.mindy.cl\/blog\/#organization\",\"name\":\"Mindy Fonasa Blog\",\"url\":\"https:\/\/fonasa.mindy.cl\/blog\/\",\"logo\":{\"@type\":\"ImageObject\",\"inLanguage\":\"es-CL\",\"@id\":\"https:\/\/fonasa.mindy.cl\/blog\/#\/schema\/logo\/image\/\",\"url\":\"https:\/\/fonasa.mindy.cl\/blog\/wp-content\/uploads\/2024\/07\/logo_cuadrado.png\",\"contentUrl\":\"https:\/\/fonasa.mindy.cl\/blog\/wp-content\/uploads\/2024\/07\/logo_cuadrado.png\",\"width\":300,\"height\":300,\"caption\":\"Mindy Fonasa Blog\"},\"image\":{\"@id\":\"https:\/\/fonasa.mindy.cl\/blog\/#\/schema\/logo\/image\/\"}},{\"@type\":\"Person\",\"@id\":\"https:\/\/fonasa.mindy.cl\/blog\/#\/schema\/person\/fa87761528fa733079f7f77181252f28\",\"name\":\"estrategamkd@gmail.com\",\"url\":\"https:\/\/fonasa.mindy.cl\/blog\/author\/estrategamkdgmail-com\/\"}]}<\/script>\n<!-- \/ Yoast SEO plugin. -->","yoast_head_json":{"title":"Ansiedad generalizada: C\u00f3mo dejar de preocuparse por todo","description":"\u00bfSufres de ansiedad generalizada? Aprende a identificar sus s\u00edntomas, causas y los tratamientos para manejar la preocupaci\u00f3n constante.","robots":{"index":"index","follow":"follow","max-snippet":"max-snippet:-1","max-image-preview":"max-image-preview:large","max-video-preview":"max-video-preview:-1"},"canonical":"https:\/\/fonasa.mindy.cl\/blog\/ansiedad-generalizada\/","og_locale":"es_ES","og_type":"article","og_title":"Ansiedad generalizada: C\u00f3mo dejar de preocuparse por todo","og_description":"\u00bfSufres de ansiedad generalizada? Aprende a identificar sus s\u00edntomas, causas y los tratamientos para manejar la preocupaci\u00f3n constante.","og_url":"https:\/\/fonasa.mindy.cl\/blog\/ansiedad-generalizada\/","og_site_name":"Mindy Fonasa Blog","article_published_time":"2025-11-18T22:55:15+00:00","article_modified_time":"2026-03-24T19:25:13+00:00","og_image":[{"width":640,"height":427,"url":"https:\/\/fonasa.mindy.cl\/blog\/wp-content\/uploads\/2025\/11\/pexels-daniel-reche-718241-5202003.jpg","type":"image\/jpeg"}],"author":"estrategamkd@gmail.com","twitter_card":"summary_large_image","twitter_misc":{"Written by":"estrategamkd@gmail.com","Est. reading time":"8 minutos"},"schema":{"@context":"https:\/\/schema.org","@graph":[{"@type":"Article","@id":"https:\/\/fonasa.mindy.cl\/blog\/ansiedad-generalizada\/#article","isPartOf":{"@id":"https:\/\/fonasa.mindy.cl\/blog\/ansiedad-generalizada\/"},"author":{"name":"estrategamkd@gmail.com","@id":"https:\/\/fonasa.mindy.cl\/blog\/#\/schema\/person\/fa87761528fa733079f7f77181252f28"},"headline":"Ansiedad generalizada: C\u00f3mo dejar de preocuparse por todo y recuperar la calma","datePublished":"2025-11-18T22:55:15+00:00","dateModified":"2026-03-24T19:25:13+00:00","mainEntityOfPage":{"@id":"https:\/\/fonasa.mindy.cl\/blog\/ansiedad-generalizada\/"},"wordCount":1751,"publisher":{"@id":"https:\/\/fonasa.mindy.cl\/blog\/#organization"},"image":{"@id":"https:\/\/fonasa.mindy.cl\/blog\/ansiedad-generalizada\/#primaryimage"},"thumbnailUrl":"https:\/\/fonasa.mindy.cl\/blog\/wp-content\/uploads\/2025\/11\/pexels-daniel-reche-718241-5202003.jpg","articleSection":["Ansiedad"],"inLanguage":"es-CL"},{"@type":"WebPage","@id":"https:\/\/fonasa.mindy.cl\/blog\/ansiedad-generalizada\/","url":"https:\/\/fonasa.mindy.cl\/blog\/ansiedad-generalizada\/","name":"Ansiedad generalizada: C\u00f3mo dejar de preocuparse por todo","isPartOf":{"@id":"https:\/\/fonasa.mindy.cl\/blog\/#website"},"primaryImageOfPage":{"@id":"https:\/\/fonasa.mindy.cl\/blog\/ansiedad-generalizada\/#primaryimage"},"image":{"@id":"https:\/\/fonasa.mindy.cl\/blog\/ansiedad-generalizada\/#primaryimage"},"thumbnailUrl":"https:\/\/fonasa.mindy.cl\/blog\/wp-content\/uploads\/2025\/11\/pexels-daniel-reche-718241-5202003.jpg","datePublished":"2025-11-18T22:55:15+00:00","dateModified":"2026-03-24T19:25:13+00:00","description":"\u00bfSufres de ansiedad generalizada? Aprende a identificar sus s\u00edntomas, causas y los tratamientos para manejar la preocupaci\u00f3n constante.","breadcrumb":{"@id":"https:\/\/fonasa.mindy.cl\/blog\/ansiedad-generalizada\/#breadcrumb"},"inLanguage":"es-CL","potentialAction":[{"@type":"ReadAction","target":["https:\/\/fonasa.mindy.cl\/blog\/ansiedad-generalizada\/"]}]},{"@type":"ImageObject","inLanguage":"es-CL","@id":"https:\/\/fonasa.mindy.cl\/blog\/ansiedad-generalizada\/#primaryimage","url":"https:\/\/fonasa.mindy.cl\/blog\/wp-content\/uploads\/2025\/11\/pexels-daniel-reche-718241-5202003.jpg","contentUrl":"https:\/\/fonasa.mindy.cl\/blog\/wp-content\/uploads\/2025\/11\/pexels-daniel-reche-718241-5202003.jpg","width":640,"height":427,"caption":"ansiedad generalizada"},{"@type":"BreadcrumbList","@id":"https:\/\/fonasa.mindy.cl\/blog\/ansiedad-generalizada\/#breadcrumb","itemListElement":[{"@type":"ListItem","position":1,"name":"Home","item":"https:\/\/fonasa.mindy.cl\/blog\/"},{"@type":"ListItem","position":2,"name":"Ansiedad generalizada: C\u00f3mo dejar de preocuparse por todo y recuperar la calma"}]},{"@type":"WebSite","@id":"https:\/\/fonasa.mindy.cl\/blog\/#website","url":"https:\/\/fonasa.mindy.cl\/blog\/","name":"Mindy Fonasa Blog","description":"Un blog de salud mental","publisher":{"@id":"https:\/\/fonasa.mindy.cl\/blog\/#organization"},"potentialAction":[{"@type":"SearchAction","target":{"@type":"EntryPoint","urlTemplate":"https:\/\/fonasa.mindy.cl\/blog\/?s={search_term_string}"},"query-input":"required name=search_term_string"}],"inLanguage":"es-CL"},{"@type":"Organization","@id":"https:\/\/fonasa.mindy.cl\/blog\/#organization","name":"Mindy Fonasa Blog","url":"https:\/\/fonasa.mindy.cl\/blog\/","logo":{"@type":"ImageObject","inLanguage":"es-CL","@id":"https:\/\/fonasa.mindy.cl\/blog\/#\/schema\/logo\/image\/","url":"https:\/\/fonasa.mindy.cl\/blog\/wp-content\/uploads\/2024\/07\/logo_cuadrado.png","contentUrl":"https:\/\/fonasa.mindy.cl\/blog\/wp-content\/uploads\/2024\/07\/logo_cuadrado.png","width":300,"height":300,"caption":"Mindy Fonasa Blog"},"image":{"@id":"https:\/\/fonasa.mindy.cl\/blog\/#\/schema\/logo\/image\/"}},{"@type":"Person","@id":"https:\/\/fonasa.mindy.cl\/blog\/#\/schema\/person\/fa87761528fa733079f7f77181252f28","name":"estrategamkd@gmail.com","url":"https:\/\/fonasa.mindy.cl\/blog\/author\/estrategamkdgmail-com\/"}]}},"_links":{"self":[{"href":"https:\/\/fonasa.mindy.cl\/blog\/wp-json\/wp\/v2\/posts\/799"}],"collection":[{"href":"https:\/\/fonasa.mindy.cl\/blog\/wp-json\/wp\/v2\/posts"}],"about":[{"href":"https:\/\/fonasa.mindy.cl\/blog\/wp-json\/wp\/v2\/types\/post"}],"author":[{"embeddable":true,"href":"https:\/\/fonasa.mindy.cl\/blog\/wp-json\/wp\/v2\/users\/3"}],"replies":[{"embeddable":true,"href":"https:\/\/fonasa.mindy.cl\/blog\/wp-json\/wp\/v2\/comments?post=799"}],"version-history":[{"count":11,"href":"https:\/\/fonasa.mindy.cl\/blog\/wp-json\/wp\/v2\/posts\/799\/revisions"}],"predecessor-version":[{"id":1686,"href":"https:\/\/fonasa.mindy.cl\/blog\/wp-json\/wp\/v2\/posts\/799\/revisions\/1686"}],"wp:featuredmedia":[{"embeddable":true,"href":"https:\/\/fonasa.mindy.cl\/blog\/wp-json\/wp\/v2\/media\/802"}],"wp:attachment":[{"href":"https:\/\/fonasa.mindy.cl\/blog\/wp-json\/wp\/v2\/media?parent=799"}],"wp:term":[{"taxonomy":"category","embeddable":true,"href":"https:\/\/fonasa.mindy.cl\/blog\/wp-json\/wp\/v2\/categories?post=799"},{"taxonomy":"post_tag","embeddable":true,"href":"https:\/\/fonasa.mindy.cl\/blog\/wp-json\/wp\/v2\/tags?post=799"}],"curies":[{"name":"wp","href":"https:\/\/api.w.org\/{rel}","templated":true}]}}