{"id":770,"date":"2025-11-18T16:37:54","date_gmt":"2025-11-18T19:37:54","guid":{"rendered":"https:\/\/fonasa.mindy.cl\/blog\/?p=770"},"modified":"2026-03-25T11:44:58","modified_gmt":"2026-03-25T14:44:58","slug":"trastorno-por-deficit-de-atencion-e-hiperactividad-guia-completa","status":"publish","type":"post","link":"https:\/\/fonasa.mindy.cl\/blog\/trastorno-por-deficit-de-atencion-e-hiperactividad-guia-completa\/","title":{"rendered":"Trastorno por D\u00e9ficit de Atenci\u00f3n e Hiperactividad: Gu\u00eda Completa"},"content":{"rendered":"\n<p>Si constantemente te cuesta mantener la concentraci\u00f3n, organizar tus tareas o controlar tus impulsos, podr\u00edas estar experimentando los efectos del trastorno por d\u00e9ficit de atenci\u00f3n e hiperactividad. Esta condici\u00f3n neurobiol\u00f3gica afecta aproximadamente al 5% de la poblaci\u00f3n adulta y al 7% de los ni\u00f1os a nivel mundial, aunque muchos casos permanecen sin diagnosticar adecuadamente. Comprender el trastorno por d\u00e9ficit de atenci\u00f3n e hiperactividad es el primer paso para manejar sus s\u00edntomas efectivamente y mejorar tu calidad de vida. Esta gu\u00eda te proporcionar\u00e1 informaci\u00f3n basada en evidencia cient\u00edfica sobre las caracter\u00edsticas, diagn\u00f3stico y opciones de tratamiento disponibles para este trastorno.<\/p>\n\n\n\n<h2 class=\"wp-block-heading has-x-large-font-size\">Qu\u00e9 es el trastorno por d\u00e9ficit de atenci\u00f3n e hiperactividad<\/h2>\n\n\n\n<h3 class=\"wp-block-heading has-large-font-size\">Definici\u00f3n y caracter\u00edsticas principales<\/h3>\n\n\n\n<figure class=\"wp-block-gallery has-nested-images columns-default is-cropped wp-block-gallery-1 is-layout-flex wp-block-gallery-is-layout-flex\">\n<figure class=\"wp-block-image size-large\"><img loading=\"lazy\" decoding=\"async\" width=\"640\" height=\"389\" data-id=\"772\" src=\"https:\/\/fonasa.mindy.cl\/blog\/wp-content\/uploads\/2025\/11\/pexels-olly-3779448.jpg\" alt=\"\" class=\"wp-image-772\"\/><\/figure>\n<\/figure>\n\n\n\n<p>El trastorno por d\u00e9ficit de atenci\u00f3n e hiperactividad es una condici\u00f3n del neurodesarrollo que se caracteriza por un patr\u00f3n persistente de desatenci\u00f3n, hiperactividad e impulsividad que interfiere con el funcionamiento o el desarrollo. A diferencia de las dificultades ocasionales de concentraci\u00f3n que todos experimentamos, el trastorno por d\u00e9ficit de atenci\u00f3n e hiperactividad presenta caracter\u00edsticas espec\u00edficas:<\/p>\n\n\n\n<p>\u2022&nbsp;<strong>S\u00edntomas cr\u00f3nicos<\/strong>&nbsp;que persisten por al menos seis meses y se manifiestan en m\u00faltiples entornos<br>\u2022&nbsp;<strong>Inicio temprano<\/strong>&nbsp;con s\u00edntomas presentes antes de los 12 a\u00f1os de edad<br>\u2022&nbsp;<strong>Deterioro significativo<\/strong>&nbsp;en el funcionamiento social, acad\u00e9mico o laboral<br>\u2022&nbsp;<strong>No explicado mejor<\/strong>&nbsp;por otros trastornos mentales o condiciones m\u00e9dicas<\/p>\n\n\n\n<h3 class=\"wp-block-heading has-large-font-size\">Subtipos del trastorno por d\u00e9ficit de atenci\u00f3n e hiperactividad<\/h3>\n\n\n\n<p>El diagn\u00f3stico del trastorno por d\u00e9ficit de atenci\u00f3n e hiperactividad considera tres presentaciones principales seg\u00fan los s\u00edntomas predominantes:<\/p>\n\n\n\n<ol start=\"1\">\n<li><strong>Presentaci\u00f3n con predominio del d\u00e9ficit de atenci\u00f3n<\/strong>&nbsp;donde destacan las dificultades para mantener la concentraci\u00f3n y organizar tareas<\/li>\n\n\n\n<li><strong>Presentaci\u00f3n con predominio hiperactivo-impulsivo<\/strong>&nbsp;caracterizada por inquietud motora y dificultades para controlar impulsos<\/li>\n\n\n\n<li><strong>Presentaci\u00f3n combinada<\/strong>&nbsp;donde est\u00e1n presentes tanto s\u00edntomas de desatenci\u00f3n como de hiperactividad-impulsividad<\/li>\n<\/ol>\n\n\n\n<h3 class=\"wp-block-heading has-large-font-size\">Bases neurobiol\u00f3gicas del trastorno<\/h3>\n\n\n\n<p>Comprender las bases cerebrales del trastorno por d\u00e9ficit de atenci\u00f3n e hiperactividad ayuda a desestigmatizar esta condici\u00f3n. Investigaciones en neurociencia han identificado:<\/p>\n\n\n\n<p>\u2022&nbsp;<strong>Diferencias en la estructura y funci\u00f3n<\/strong>&nbsp;de redes cerebrales responsables del control ejecutivo y la regulaci\u00f3n de la atenci\u00f3n<br>\u2022&nbsp;<strong>Alteraciones en los sistemas de neurotransmisores<\/strong>&nbsp;particularmente en la dopamina y noradrenalina<br>\u2022&nbsp;<strong>Menor activaci\u00f3n<\/strong>&nbsp;en regiones frontales del cerebro relacionadas con el autocontrol y la planificaci\u00f3n<br>\u2022&nbsp;<strong>Diferencias en el desarrollo<\/strong>&nbsp;de las conexiones cerebrales que afectan la comunicaci\u00f3n entre diferentes \u00e1reas<\/p>\n\n\n\n<h2 class=\"wp-block-heading has-x-large-font-size\">S\u00edntomas del trastorno por d\u00e9ficit de atenci\u00f3n e hiperactividad<\/h2>\n\n\n\n<h3 class=\"wp-block-heading has-large-font-size\">S\u00edntomas de desatenci\u00f3n en el TDAH<\/h3>\n\n\n\n<p>Las manifestaciones del trastorno por d\u00e9ficit de atenci\u00f3n e hiperactividad en el \u00e1rea atencional incluyen:<\/p>\n\n\n\n<p>\u2022 Dificultad para mantener la atenci\u00f3n en tareas o actividades recreativas<br>\u2022 Problemas para seguir instrucciones y frecuentes errores por descuido<br>\u2022 Dificultades organizativas para gestionar tareas y actividades<br>\u2022 Evitaci\u00f3n o rechazo de actividades que requieren esfuerzo mental sostenido<br>\u2022 P\u00e9rdida frecuente de objetos necesarios para tareas y actividades<br>\u2022 Facilidad para distraerse con est\u00edmulos externos o pensamientos internos<\/p>\n\n\n\n<h3 class=\"wp-block-heading has-large-font-size\">S\u00edntomas de hiperactividad e impulsividad<\/h3>\n\n\n\n<p>La otra dimensi\u00f3n del TDAH se manifiesta a trav\u00e9s de:<\/p>\n\n\n\n<p>\u2022 Movimientos constantes de manos o pies, o inquietud en el asiento<br>\u2022 Dificultad para permanecer sentado en situaciones donde se espera<br>\u2022 Sensaci\u00f3n de inquietud interna o necesidad de movimiento constante<br>\u2022 Dificultad para realizar actividades tranquilamente<br>\u2022 Patr\u00f3n de habla excesiva y respuestas precipitadas<br>\u2022 Problemas para esperar turnos y tendencia a interrumpir conversaciones<\/p>\n\n\n\n<h3 class=\"wp-block-heading has-large-font-size\">Manifestaciones del TDAH en diferentes etapas vitales<\/h3>\n\n\n\n<figure class=\"wp-block-gallery has-nested-images columns-default is-cropped wp-block-gallery-2 is-layout-flex wp-block-gallery-is-layout-flex\">\n<figure class=\"wp-block-image size-large\"><img loading=\"lazy\" decoding=\"async\" width=\"640\" height=\"427\" data-id=\"774\" src=\"https:\/\/fonasa.mindy.cl\/blog\/wp-content\/uploads\/2025\/11\/pexels-mikhail-nilov-6972787.jpg\" alt=\"\" class=\"wp-image-774\"\/><\/figure>\n<\/figure>\n\n\n\n<p>El trastorno por d\u00e9ficit de atenci\u00f3n e hiperactividad presenta caracter\u00edsticas particulares seg\u00fan la edad:<\/p>\n\n\n\n<p>\u2022&nbsp;<strong>En la infancia<\/strong>: dificultades acad\u00e9micas, problemas de conducta en el aula, complicaciones en relaciones con pares<br>\u2022&nbsp;<strong>En la adolescencia<\/strong>: riesgo aumentado de accidentes, dificultades en el manejo de la independencia, problemas de autoestima<br>\u2022&nbsp;<strong>En la edad adulta<\/strong>: complicaciones laborales, dificultades en relaciones de pareja, problemas de gesti\u00f3n financiera<br>\u2022&nbsp;<strong>En la tercera edad<\/strong>: puede confundirse con deterioro cognitivo, afecta el manejo de medicamentos y citas m\u00e9dicas<\/p>\n\n\n\n<h2 class=\"wp-block-heading has-x-large-font-size\">Diagn\u00f3stico del trastorno por d\u00e9ficit de atenci\u00f3n e hiperactividad<\/h2>\n\n\n\n<h3 class=\"wp-block-heading has-large-font-size\">Criterios diagn\u00f3sticos establecidos<\/h3>\n\n\n\n<p>El diagn\u00f3stico del TDAH requiere una evaluaci\u00f3n comprehensiva que incluye:<\/p>\n\n\n\n<ol start=\"1\">\n<li><strong>Evaluaci\u00f3n cl\u00ednica detallada<\/strong>&nbsp;que explore la presencia de s\u00edntomas nucleares del trastorno<\/li>\n\n\n\n<li><strong>Historia del desarrollo<\/strong>&nbsp;que confirme la presencia de s\u00edntomas desde la infancia<\/li>\n\n\n\n<li><strong>Evaluaci\u00f3n del impacto funcional<\/strong>&nbsp;en diferentes \u00e1reas de la vida personal y social<\/li>\n\n\n\n<li><strong>Descarte de otras condiciones<\/strong>&nbsp;que puedan explicar mejor los s\u00edntomas presentes<\/li>\n<\/ol>\n\n\n\n<h3 class=\"wp-block-heading has-large-font-size\">Proceso de evaluaci\u00f3n comprehensiva<\/h3>\n\n\n\n<p>Un diagn\u00f3stico adecuado del trastorno por d\u00e9ficit de atenci\u00f3n e hiperactividad generalmente incluye:<\/p>\n\n\n\n<p>\u2022 Entrevistas cl\u00ednicas estructuradas con el paciente y, cuando es posible, con familiares<br>\u2022 Cuestionarios estandarizados espec\u00edficos para evaluar s\u00edntomas del trastorno<br>\u2022 Evaluaci\u00f3n de condiciones coexistentes como ansiedad, depresi\u00f3n o dificultades de aprendizaje<br>\u2022 Consideraci\u00f3n del contexto cultural y ambiental que puede influir en la manifestaci\u00f3n de s\u00edntomas<br>\u2022 Colaboraci\u00f3n con otros profesionales cuando sea necesario, como neur\u00f3logos o psicopedagogos<\/p>\n\n\n\n<h3 class=\"wp-block-heading has-large-font-size\">Diagn\u00f3stico diferencial y condiciones coexistentes<\/h3>\n\n\n\n<p>Es fundamental distinguir el trastorno por d\u00e9ficit de atenci\u00f3n e hiperactividad de otras condiciones que pueden presentar s\u00edntomas similares:<\/p>\n\n\n\n<p>\u2022 Trastornos de ansiedad que pueden afectar la concentraci\u00f3n y generar inquietud<br>\u2022 Trastornos del estado de \u00e1nimo que pueden impactar la motivaci\u00f3n y energ\u00eda<br>\u2022 Dificultades espec\u00edficas de aprendizaje que afectan el rendimiento acad\u00e9mico<br>\u2022 Condiciones m\u00e9dicas como problemas tiroideos o trastornos del sue\u00f1o<br>\u2022 Efectos secundarios de medicamentos que pueden simular s\u00edntomas del trastorno<\/p>\n\n\n\n<h2 class=\"wp-block-heading has-x-large-font-size\">Tratamiento del trastorno por d\u00e9ficit de atenci\u00f3n e hiperactividad<\/h2>\n\n\n\n<h3 class=\"wp-block-heading has-large-font-size\">Enfoque multimodal del tratamiento<\/h3>\n\n\n\n<p>El manejo efectivo del TDAH generalmente combina diferentes abordajes:<\/p>\n\n\n\n<p>\u2022&nbsp;<strong>Intervenciones psicoeducativas<\/strong>&nbsp;para comprender la condici\u00f3n y desarrollar estrategias de manejo<br>\u2022&nbsp;<strong>Terapia psicol\u00f3gica<\/strong>&nbsp;para abordar aspectos emocionales y desarrollar habilidades adaptativas<br>\u2022&nbsp;<strong>Acomodaciones ambientales<\/strong>&nbsp;que faciliten el funcionamiento en diferentes contextos<br>\u2022&nbsp;<strong>Tratamiento farmacol\u00f3gico<\/strong>&nbsp;cuando est\u00e1 indicado y supervisado por un m\u00e9dico especialista<\/p>\n\n\n\n<h3 class=\"wp-block-heading has-large-font-size\">Intervenciones psicol\u00f3gicas y conductuales<\/h3>\n\n\n\n<p>Las terapias psicol\u00f3gicas han demostrado efectividad en el manejo del trastorno por d\u00e9ficit de atenci\u00f3n e hiperactividad:<\/p>\n\n\n\n<p>\u2022&nbsp;<strong>Terapia cognitivo-conductual<\/strong>&nbsp;para modificar patrones de pensamiento y comportamiento disfuncionales<br>\u2022&nbsp;<strong>Entrenamiento en habilidades organizativas<\/strong>&nbsp;y de planificaci\u00f3n para mejorar el funcionamiento diario<br>\u2022&nbsp;<strong>Desarrollo de estrategias de regulaci\u00f3n emocional<\/strong>&nbsp;para manejar la frustraci\u00f3n e impulsividad<br>\u2022&nbsp;<strong>Terapia familiar<\/strong>&nbsp;para mejorar la din\u00e1mica familiar y desarrollar sistemas de apoyo efectivos<br>\u2022&nbsp;<strong>Coaching especializado<\/strong>&nbsp;para establecer metas realistas y sistemas de accountability<\/p>\n\n\n\n<h3 class=\"wp-block-heading has-large-font-size\">Estrategias pr\u00e1cticas para el manejo diario<\/h3>\n\n\n\n<p>Independientemente del tratamiento profesional, existen estrategias que pueden ayudar a manejar los s\u00edntomas del trastorno:<\/p>\n\n\n\n<p>\u2022 Establecer rutinas consistentes que proporcionen estructura y predictibilidad<br>\u2022 Utilizar herramientas externas como agendas, alarmas y listas de verificaci\u00f3n<br>\u2022 Dividir tareas complejas en pasos m\u00e1s peque\u00f1os y manejables<br>\u2022 Crear ambientes de trabajo con m\u00ednimas distracciones visuales y auditivas<br>\u2022 Practicar t\u00e9cnicas de mindfulness para mejorar la capacidad de atenci\u00f3n<br>\u2022 Establecer sistemas de recompensas inmediatas para tareas completadas<\/p>\n\n\n\n<h2 class=\"wp-block-heading has-x-large-font-size\">Mitos y realidades sobre el trastorno por d\u00e9ficit de atenci\u00f3n e hiperactividad<\/h2>\n\n\n\n<h3 class=\"wp-block-heading has-large-font-size\">Desmontando conceptos err\u00f3neos<\/h3>\n\n\n\n<p>Existen numerosos mitos sobre el trastorno por d\u00e9ficit de atenci\u00f3n e hiperactividad que es importante aclarar:<\/p>\n\n\n\n<p>\u2022&nbsp;<strong>Mito<\/strong>: &#8220;El TDAH es solo falta de disciplina&#8221; &#8211;&nbsp;<strong>Realidad<\/strong>: Es una condici\u00f3n neurobiol\u00f3gica con bases cient\u00edficamente validadas<br>\u2022&nbsp;<strong>Mito<\/strong>: &#8220;Solo afecta a ni\u00f1os&#8221; &#8211;&nbsp;<strong>Realidad<\/strong>: Persiste en la adultez en aproximadamente el 60% de los casos diagnosticados en infancia<br>\u2022&nbsp;<strong>Mito<\/strong>: &#8220;Es causado por exceso de az\u00facar o aditivos alimentarios&#8221; &#8211;&nbsp;<strong>Realidad<\/strong>: Factores gen\u00e9ticos y neurobiol\u00f3gicos son los principales responsables<br>\u2022&nbsp;<strong>Mito<\/strong>: &#8220;Las personas con TDAH no pueden concentrarse en nada&#8221; &#8211;&nbsp;<strong>Realidad<\/strong>: Pueden experimentar hiperconcentraci\u00f3n en actividades de su inter\u00e9s<\/p>\n\n\n\n<h3 class=\"wp-block-heading has-large-font-size\">Evidencia cient\u00edfica actualizada<\/h3>\n\n\n\n<p>La investigaci\u00f3n contempor\u00e1nea sobre el trastorno por d\u00e9ficit de atenci\u00f3n e hiperactividad ha demostrado:<\/p>\n\n\n\n<p>\u2022 Heritabilidad estimada entre el 70-80%, indicando un fuerte componente gen\u00e9tico<br>\u2022 Diferencias mensurables en la estructura y funci\u00f3n cerebral mediante t\u00e9cnicas de neuroimagen<br>\u2022 Respuesta consistente a intervenciones farmacol\u00f3gicas espec\u00edficas que act\u00faan sobre sistemas de neurotransmisores<br>\u2022 Efectividad documentada de intervenciones psicosociales y educativas especializadas<br>\u2022 Impacto significativo en la calidad de vida cuando no es adecuadamente manejado<\/p>\n\n\n\n<h2 class=\"wp-block-heading has-x-large-font-size\">Fonasa Mindy: Atenci\u00f3n especializada en trastorno por d\u00e9ficit de atenci\u00f3n e hiperactividad<\/h2>\n\n\n\n<h3 class=\"wp-block-heading has-large-font-size\">Evaluaci\u00f3n y diagn\u00f3stico accesible<\/h3>\n\n\n\n<p>En Fonasa Mindy entendemos que el diagn\u00f3stico preciso del trastorno por d\u00e9ficit de atenci\u00f3n e hiperactividad es fundamental para un tratamiento efectivo. Nuestro servicio incluye:<\/p>\n\n\n\n<p>\u2022 Evaluaci\u00f3n comprehensiva por profesionales especializados en trastornos del neurodesarrollo<br>\u2022 Proceso diagn\u00f3stico estructurado que considera todas las dimensiones del trastorno<br>\u2022 Coordinaci\u00f3n con otros profesionales de la salud cuando se requiere evaluaci\u00f3n multidisciplinaria<br>\u2022 Entrega de informes detallados y plan de tratamiento personalizado<br>\u2022 Orientaci\u00f3n sobre derechos y acomodaciones en entornos educativos y laborales<\/p>\n\n\n\n<h3 class=\"wp-block-heading has-large-font-size\">Tratamiento integral con Fonasa<\/h3>\n\n\n\n<p>Nuestro abordaje terap\u00e9utico para el trastorno por d\u00e9ficit de atenci\u00f3n e hiperactividad se caracteriza por:<\/p>\n\n\n\n<p>\u2022 Sesiones de terapia psicol\u00f3gica especializada con profesionales experimentados<br>\u2022 Estrategias personalizadas para el manejo de s\u00edntomas en la vida diaria<br>\u2022 Desarrollo de habilidades de organizaci\u00f3n, planificaci\u00f3n y regulaci\u00f3n emocional<br>\u2022 Trabajo en comorbilidades frecuentemente asociadas al trastorno<br>\u2022 Seguimiento continuo y ajuste de estrategias seg\u00fan la evoluci\u00f3n<br>\u2022 Coordinaci\u00f3n con el sistema educativo o laboral cuando es necesario<\/p>\n\n\n\n<h3 class=\"wp-block-heading has-large-font-size\">Beneficios de la terapia online para el TDAH<\/h3>\n\n\n\n<p>La modalidad online de&nbsp;<a href=\"https:\/\/fonasa.mindy.cl\/psicologos.php#\/\" target=\"_blank\" rel=\"noreferrer noopener\"><strong>Psic\u00f3logos online Fonasa Mindy<\/strong><\/a>&nbsp;ofrece ventajas espec\u00edficas para personas con trastorno por d\u00e9ficit de atenci\u00f3n e hiperactividad:<\/p>\n\n\n\n<p>\u2022 Eliminaci\u00f3n de barreras de transporte y log\u00edstica que pueden ser particularmente desafiantes<br>\u2022 Flexibilidad horaria que se adapta a las fluctuaciones en energ\u00eda y concentraci\u00f3n<br>\u2022 Comodidad del entorno familiar que puede reducir la ansiedad asociada a las citas presenciales<br>\u2022 Posibilidad de grabar sesiones para repasar contenidos importantes<br>\u2022 Acceso desde diferentes dispositivos seg\u00fan preferencias y necesidades<br>\u2022 Continuidad del tratamiento incluso durante periodos de alta demanda o estr\u00e9s<\/p>\n\n\n\n<p>El TDAH es una condici\u00f3n real y manejable que responde efectivamente al tratamiento adecuado. Con el apoyo profesional especializado, las personas con este diagn\u00f3stico pueden desarrollar estrategias efectivas para manejar sus s\u00edntomas y alcanzar su potencial en todas las \u00e1reas de la vida. El primer paso hacia una mejor calidad de vida es buscar una evaluaci\u00f3n profesional que permita comprender las caracter\u00edsticas individuales del trastorno y desarrollar un plan de tratamiento personalizado.<\/p>\n\n\n\n<p>En&nbsp;<a href=\"https:\/\/fonasa.mindy.cl\/#\/\" target=\"_blank\" rel=\"noreferrer noopener\"><strong>Fonasa Mindy<\/strong><\/a>, estamos comprometidos con proporcionar atenci\u00f3n especializada y accesible para el trastorno por d\u00e9ficit de atenci\u00f3n e hiperactividad. Nuestro equipo de profesionales cuenta con la experiencia necesaria para acompa\u00f1arte en el proceso de diagn\u00f3stico y tratamiento, ofreciendo las herramientas y estrategias que necesitas para manejar efectivamente esta condici\u00f3n y mejorar tu funcionamiento en la vida diaria.<\/p>\n\n\n\n<h2 class=\"wp-block-heading has-x-large-font-size\">\u00bfNo sabes por d\u00f3nde empezar? Descubre tu terapia recomendada<\/h2>\n\n\n\n<p>Iniciar un proceso psicol\u00f3gico puede generar dudas sobre cu\u00e1l es el mejor camino. En <strong>Fonasa Mindy<\/strong> queremos facilitarte el proceso: responde unas breves preguntas para identificar el modelo terap\u00e9utico m\u00e1s efectivo para tu bienestar emocional. Es r\u00e1pido, sencillo y te ayudar\u00e1 a conectar con el profesional adecuado. <\/p>\n\n\n\n<p>\ud83d\udc49 <strong><a href=\"https:\/\/form.typeform.com\/to\/jfcSJODX\" target=\"_blank\" rel=\"noreferrer noopener\">Haz clic para descubrir tu tipo de terapia<\/a><\/strong><\/p>\n","protected":false},"excerpt":{"rendered":"<p>Si constantemente te cuesta mantener la concentraci\u00f3n, organizar tus tareas o controlar tus impulsos, podr\u00edas estar experimentando los efectos del trastorno por d\u00e9ficit de atenci\u00f3n e hiperactividad. Esta condici\u00f3n neurobiol\u00f3gica afecta aproximadamente al 5% de la poblaci\u00f3n adulta y al 7% de los ni\u00f1os a nivel mundial, aunque muchos casos permanecen sin diagnosticar adecuadamente. Comprender [&hellip;]<\/p>\n","protected":false},"author":3,"featured_media":771,"comment_status":"closed","ping_status":"closed","sticky":false,"template":"","format":"standard","meta":{"footnotes":""},"categories":[275],"tags":[],"yoast_head":"<!-- This site is optimized with the Yoast SEO plugin v23.0 - https:\/\/yoast.com\/wordpress\/plugins\/seo\/ -->\n<title>Trastorno por D\u00e9ficit de Atenci\u00f3n e Hiperactividad: Gu\u00eda Completa<\/title>\n<meta name=\"description\" content=\"Trastorno por d\u00e9ficit de atenci\u00f3n e hiperactividad: s\u00edntomas, diagn\u00f3stico y tratamientos. Atenci\u00f3n especializada con Fonasa en Mindy.\" \/>\n<meta name=\"robots\" content=\"index, follow, max-snippet:-1, max-image-preview:large, max-video-preview:-1\" \/>\n<link rel=\"canonical\" href=\"https:\/\/fonasa.mindy.cl\/blog\/trastorno-por-deficit-de-atencion-e-hiperactividad-guia-completa\/\" \/>\n<meta property=\"og:locale\" content=\"es_ES\" \/>\n<meta property=\"og:type\" content=\"article\" \/>\n<meta property=\"og:title\" content=\"Trastorno por D\u00e9ficit de Atenci\u00f3n e Hiperactividad: Gu\u00eda Completa\" \/>\n<meta property=\"og:description\" content=\"Trastorno por d\u00e9ficit de atenci\u00f3n e hiperactividad: s\u00edntomas, diagn\u00f3stico y tratamientos. Atenci\u00f3n especializada con Fonasa en Mindy.\" \/>\n<meta property=\"og:url\" content=\"https:\/\/fonasa.mindy.cl\/blog\/trastorno-por-deficit-de-atencion-e-hiperactividad-guia-completa\/\" \/>\n<meta property=\"og:site_name\" content=\"Mindy Fonasa Blog\" \/>\n<meta property=\"article:published_time\" content=\"2025-11-18T19:37:54+00:00\" \/>\n<meta property=\"article:modified_time\" content=\"2026-03-25T14:44:58+00:00\" \/>\n<meta property=\"og:image\" content=\"https:\/\/fonasa.mindy.cl\/blog\/wp-content\/uploads\/2025\/11\/pexels-ivan-s-8504535.jpg\" \/>\n\t<meta property=\"og:image:width\" content=\"640\" \/>\n\t<meta property=\"og:image:height\" content=\"427\" \/>\n\t<meta property=\"og:image:type\" content=\"image\/jpeg\" \/>\n<meta name=\"author\" content=\"estrategamkd@gmail.com\" \/>\n<meta name=\"twitter:card\" content=\"summary_large_image\" \/>\n<meta name=\"twitter:label1\" content=\"Written by\" \/>\n\t<meta name=\"twitter:data1\" content=\"estrategamkd@gmail.com\" \/>\n\t<meta name=\"twitter:label2\" content=\"Est. reading time\" \/>\n\t<meta name=\"twitter:data2\" content=\"9 minutos\" \/>\n<script type=\"application\/ld+json\" class=\"yoast-schema-graph\">{\"@context\":\"https:\/\/schema.org\",\"@graph\":[{\"@type\":\"Article\",\"@id\":\"https:\/\/fonasa.mindy.cl\/blog\/trastorno-por-deficit-de-atencion-e-hiperactividad-guia-completa\/#article\",\"isPartOf\":{\"@id\":\"https:\/\/fonasa.mindy.cl\/blog\/trastorno-por-deficit-de-atencion-e-hiperactividad-guia-completa\/\"},\"author\":{\"name\":\"estrategamkd@gmail.com\",\"@id\":\"https:\/\/fonasa.mindy.cl\/blog\/#\/schema\/person\/fa87761528fa733079f7f77181252f28\"},\"headline\":\"Trastorno por D\u00e9ficit de Atenci\u00f3n e Hiperactividad: Gu\u00eda Completa\",\"datePublished\":\"2025-11-18T19:37:54+00:00\",\"dateModified\":\"2026-03-25T14:44:58+00:00\",\"mainEntityOfPage\":{\"@id\":\"https:\/\/fonasa.mindy.cl\/blog\/trastorno-por-deficit-de-atencion-e-hiperactividad-guia-completa\/\"},\"wordCount\":1959,\"publisher\":{\"@id\":\"https:\/\/fonasa.mindy.cl\/blog\/#organization\"},\"image\":{\"@id\":\"https:\/\/fonasa.mindy.cl\/blog\/trastorno-por-deficit-de-atencion-e-hiperactividad-guia-completa\/#primaryimage\"},\"thumbnailUrl\":\"https:\/\/fonasa.mindy.cl\/blog\/wp-content\/uploads\/2025\/11\/pexels-ivan-s-8504535.jpg\",\"articleSection\":[\"Trastornos\"],\"inLanguage\":\"es-CL\"},{\"@type\":\"WebPage\",\"@id\":\"https:\/\/fonasa.mindy.cl\/blog\/trastorno-por-deficit-de-atencion-e-hiperactividad-guia-completa\/\",\"url\":\"https:\/\/fonasa.mindy.cl\/blog\/trastorno-por-deficit-de-atencion-e-hiperactividad-guia-completa\/\",\"name\":\"Trastorno por D\u00e9ficit de Atenci\u00f3n e Hiperactividad: Gu\u00eda Completa\",\"isPartOf\":{\"@id\":\"https:\/\/fonasa.mindy.cl\/blog\/#website\"},\"primaryImageOfPage\":{\"@id\":\"https:\/\/fonasa.mindy.cl\/blog\/trastorno-por-deficit-de-atencion-e-hiperactividad-guia-completa\/#primaryimage\"},\"image\":{\"@id\":\"https:\/\/fonasa.mindy.cl\/blog\/trastorno-por-deficit-de-atencion-e-hiperactividad-guia-completa\/#primaryimage\"},\"thumbnailUrl\":\"https:\/\/fonasa.mindy.cl\/blog\/wp-content\/uploads\/2025\/11\/pexels-ivan-s-8504535.jpg\",\"datePublished\":\"2025-11-18T19:37:54+00:00\",\"dateModified\":\"2026-03-25T14:44:58+00:00\",\"description\":\"Trastorno por d\u00e9ficit de atenci\u00f3n e hiperactividad: s\u00edntomas, diagn\u00f3stico y tratamientos. Atenci\u00f3n especializada con Fonasa en Mindy.\",\"breadcrumb\":{\"@id\":\"https:\/\/fonasa.mindy.cl\/blog\/trastorno-por-deficit-de-atencion-e-hiperactividad-guia-completa\/#breadcrumb\"},\"inLanguage\":\"es-CL\",\"potentialAction\":[{\"@type\":\"ReadAction\",\"target\":[\"https:\/\/fonasa.mindy.cl\/blog\/trastorno-por-deficit-de-atencion-e-hiperactividad-guia-completa\/\"]}]},{\"@type\":\"ImageObject\",\"inLanguage\":\"es-CL\",\"@id\":\"https:\/\/fonasa.mindy.cl\/blog\/trastorno-por-deficit-de-atencion-e-hiperactividad-guia-completa\/#primaryimage\",\"url\":\"https:\/\/fonasa.mindy.cl\/blog\/wp-content\/uploads\/2025\/11\/pexels-ivan-s-8504535.jpg\",\"contentUrl\":\"https:\/\/fonasa.mindy.cl\/blog\/wp-content\/uploads\/2025\/11\/pexels-ivan-s-8504535.jpg\",\"width\":640,\"height\":427,\"caption\":\"trastorno por d\u00e9ficit de atenci\u00f3n e hiperactividad\"},{\"@type\":\"BreadcrumbList\",\"@id\":\"https:\/\/fonasa.mindy.cl\/blog\/trastorno-por-deficit-de-atencion-e-hiperactividad-guia-completa\/#breadcrumb\",\"itemListElement\":[{\"@type\":\"ListItem\",\"position\":1,\"name\":\"Home\",\"item\":\"https:\/\/fonasa.mindy.cl\/blog\/\"},{\"@type\":\"ListItem\",\"position\":2,\"name\":\"Trastorno por D\u00e9ficit de Atenci\u00f3n e Hiperactividad: Gu\u00eda Completa\"}]},{\"@type\":\"WebSite\",\"@id\":\"https:\/\/fonasa.mindy.cl\/blog\/#website\",\"url\":\"https:\/\/fonasa.mindy.cl\/blog\/\",\"name\":\"Mindy Fonasa Blog\",\"description\":\"Un blog de salud mental\",\"publisher\":{\"@id\":\"https:\/\/fonasa.mindy.cl\/blog\/#organization\"},\"potentialAction\":[{\"@type\":\"SearchAction\",\"target\":{\"@type\":\"EntryPoint\",\"urlTemplate\":\"https:\/\/fonasa.mindy.cl\/blog\/?s={search_term_string}\"},\"query-input\":\"required name=search_term_string\"}],\"inLanguage\":\"es-CL\"},{\"@type\":\"Organization\",\"@id\":\"https:\/\/fonasa.mindy.cl\/blog\/#organization\",\"name\":\"Mindy Fonasa Blog\",\"url\":\"https:\/\/fonasa.mindy.cl\/blog\/\",\"logo\":{\"@type\":\"ImageObject\",\"inLanguage\":\"es-CL\",\"@id\":\"https:\/\/fonasa.mindy.cl\/blog\/#\/schema\/logo\/image\/\",\"url\":\"https:\/\/fonasa.mindy.cl\/blog\/wp-content\/uploads\/2024\/07\/logo_cuadrado.png\",\"contentUrl\":\"https:\/\/fonasa.mindy.cl\/blog\/wp-content\/uploads\/2024\/07\/logo_cuadrado.png\",\"width\":300,\"height\":300,\"caption\":\"Mindy Fonasa Blog\"},\"image\":{\"@id\":\"https:\/\/fonasa.mindy.cl\/blog\/#\/schema\/logo\/image\/\"}},{\"@type\":\"Person\",\"@id\":\"https:\/\/fonasa.mindy.cl\/blog\/#\/schema\/person\/fa87761528fa733079f7f77181252f28\",\"name\":\"estrategamkd@gmail.com\",\"url\":\"https:\/\/fonasa.mindy.cl\/blog\/author\/estrategamkdgmail-com\/\"}]}<\/script>\n<!-- \/ Yoast SEO plugin. -->","yoast_head_json":{"title":"Trastorno por D\u00e9ficit de Atenci\u00f3n e Hiperactividad: Gu\u00eda Completa","description":"Trastorno por d\u00e9ficit de atenci\u00f3n e hiperactividad: s\u00edntomas, diagn\u00f3stico y tratamientos. Atenci\u00f3n especializada con Fonasa en Mindy.","robots":{"index":"index","follow":"follow","max-snippet":"max-snippet:-1","max-image-preview":"max-image-preview:large","max-video-preview":"max-video-preview:-1"},"canonical":"https:\/\/fonasa.mindy.cl\/blog\/trastorno-por-deficit-de-atencion-e-hiperactividad-guia-completa\/","og_locale":"es_ES","og_type":"article","og_title":"Trastorno por D\u00e9ficit de Atenci\u00f3n e Hiperactividad: Gu\u00eda Completa","og_description":"Trastorno por d\u00e9ficit de atenci\u00f3n e hiperactividad: s\u00edntomas, diagn\u00f3stico y tratamientos. Atenci\u00f3n especializada con Fonasa en Mindy.","og_url":"https:\/\/fonasa.mindy.cl\/blog\/trastorno-por-deficit-de-atencion-e-hiperactividad-guia-completa\/","og_site_name":"Mindy Fonasa Blog","article_published_time":"2025-11-18T19:37:54+00:00","article_modified_time":"2026-03-25T14:44:58+00:00","og_image":[{"width":640,"height":427,"url":"https:\/\/fonasa.mindy.cl\/blog\/wp-content\/uploads\/2025\/11\/pexels-ivan-s-8504535.jpg","type":"image\/jpeg"}],"author":"estrategamkd@gmail.com","twitter_card":"summary_large_image","twitter_misc":{"Written by":"estrategamkd@gmail.com","Est. reading time":"9 minutos"},"schema":{"@context":"https:\/\/schema.org","@graph":[{"@type":"Article","@id":"https:\/\/fonasa.mindy.cl\/blog\/trastorno-por-deficit-de-atencion-e-hiperactividad-guia-completa\/#article","isPartOf":{"@id":"https:\/\/fonasa.mindy.cl\/blog\/trastorno-por-deficit-de-atencion-e-hiperactividad-guia-completa\/"},"author":{"name":"estrategamkd@gmail.com","@id":"https:\/\/fonasa.mindy.cl\/blog\/#\/schema\/person\/fa87761528fa733079f7f77181252f28"},"headline":"Trastorno por D\u00e9ficit de Atenci\u00f3n e Hiperactividad: Gu\u00eda Completa","datePublished":"2025-11-18T19:37:54+00:00","dateModified":"2026-03-25T14:44:58+00:00","mainEntityOfPage":{"@id":"https:\/\/fonasa.mindy.cl\/blog\/trastorno-por-deficit-de-atencion-e-hiperactividad-guia-completa\/"},"wordCount":1959,"publisher":{"@id":"https:\/\/fonasa.mindy.cl\/blog\/#organization"},"image":{"@id":"https:\/\/fonasa.mindy.cl\/blog\/trastorno-por-deficit-de-atencion-e-hiperactividad-guia-completa\/#primaryimage"},"thumbnailUrl":"https:\/\/fonasa.mindy.cl\/blog\/wp-content\/uploads\/2025\/11\/pexels-ivan-s-8504535.jpg","articleSection":["Trastornos"],"inLanguage":"es-CL"},{"@type":"WebPage","@id":"https:\/\/fonasa.mindy.cl\/blog\/trastorno-por-deficit-de-atencion-e-hiperactividad-guia-completa\/","url":"https:\/\/fonasa.mindy.cl\/blog\/trastorno-por-deficit-de-atencion-e-hiperactividad-guia-completa\/","name":"Trastorno por D\u00e9ficit de Atenci\u00f3n e Hiperactividad: Gu\u00eda Completa","isPartOf":{"@id":"https:\/\/fonasa.mindy.cl\/blog\/#website"},"primaryImageOfPage":{"@id":"https:\/\/fonasa.mindy.cl\/blog\/trastorno-por-deficit-de-atencion-e-hiperactividad-guia-completa\/#primaryimage"},"image":{"@id":"https:\/\/fonasa.mindy.cl\/blog\/trastorno-por-deficit-de-atencion-e-hiperactividad-guia-completa\/#primaryimage"},"thumbnailUrl":"https:\/\/fonasa.mindy.cl\/blog\/wp-content\/uploads\/2025\/11\/pexels-ivan-s-8504535.jpg","datePublished":"2025-11-18T19:37:54+00:00","dateModified":"2026-03-25T14:44:58+00:00","description":"Trastorno por d\u00e9ficit de atenci\u00f3n e hiperactividad: s\u00edntomas, diagn\u00f3stico y tratamientos. Atenci\u00f3n especializada con Fonasa en Mindy.","breadcrumb":{"@id":"https:\/\/fonasa.mindy.cl\/blog\/trastorno-por-deficit-de-atencion-e-hiperactividad-guia-completa\/#breadcrumb"},"inLanguage":"es-CL","potentialAction":[{"@type":"ReadAction","target":["https:\/\/fonasa.mindy.cl\/blog\/trastorno-por-deficit-de-atencion-e-hiperactividad-guia-completa\/"]}]},{"@type":"ImageObject","inLanguage":"es-CL","@id":"https:\/\/fonasa.mindy.cl\/blog\/trastorno-por-deficit-de-atencion-e-hiperactividad-guia-completa\/#primaryimage","url":"https:\/\/fonasa.mindy.cl\/blog\/wp-content\/uploads\/2025\/11\/pexels-ivan-s-8504535.jpg","contentUrl":"https:\/\/fonasa.mindy.cl\/blog\/wp-content\/uploads\/2025\/11\/pexels-ivan-s-8504535.jpg","width":640,"height":427,"caption":"trastorno por d\u00e9ficit de atenci\u00f3n e hiperactividad"},{"@type":"BreadcrumbList","@id":"https:\/\/fonasa.mindy.cl\/blog\/trastorno-por-deficit-de-atencion-e-hiperactividad-guia-completa\/#breadcrumb","itemListElement":[{"@type":"ListItem","position":1,"name":"Home","item":"https:\/\/fonasa.mindy.cl\/blog\/"},{"@type":"ListItem","position":2,"name":"Trastorno por D\u00e9ficit de Atenci\u00f3n e Hiperactividad: Gu\u00eda Completa"}]},{"@type":"WebSite","@id":"https:\/\/fonasa.mindy.cl\/blog\/#website","url":"https:\/\/fonasa.mindy.cl\/blog\/","name":"Mindy Fonasa Blog","description":"Un blog de salud mental","publisher":{"@id":"https:\/\/fonasa.mindy.cl\/blog\/#organization"},"potentialAction":[{"@type":"SearchAction","target":{"@type":"EntryPoint","urlTemplate":"https:\/\/fonasa.mindy.cl\/blog\/?s={search_term_string}"},"query-input":"required name=search_term_string"}],"inLanguage":"es-CL"},{"@type":"Organization","@id":"https:\/\/fonasa.mindy.cl\/blog\/#organization","name":"Mindy Fonasa Blog","url":"https:\/\/fonasa.mindy.cl\/blog\/","logo":{"@type":"ImageObject","inLanguage":"es-CL","@id":"https:\/\/fonasa.mindy.cl\/blog\/#\/schema\/logo\/image\/","url":"https:\/\/fonasa.mindy.cl\/blog\/wp-content\/uploads\/2024\/07\/logo_cuadrado.png","contentUrl":"https:\/\/fonasa.mindy.cl\/blog\/wp-content\/uploads\/2024\/07\/logo_cuadrado.png","width":300,"height":300,"caption":"Mindy Fonasa Blog"},"image":{"@id":"https:\/\/fonasa.mindy.cl\/blog\/#\/schema\/logo\/image\/"}},{"@type":"Person","@id":"https:\/\/fonasa.mindy.cl\/blog\/#\/schema\/person\/fa87761528fa733079f7f77181252f28","name":"estrategamkd@gmail.com","url":"https:\/\/fonasa.mindy.cl\/blog\/author\/estrategamkdgmail-com\/"}]}},"_links":{"self":[{"href":"https:\/\/fonasa.mindy.cl\/blog\/wp-json\/wp\/v2\/posts\/770"}],"collection":[{"href":"https:\/\/fonasa.mindy.cl\/blog\/wp-json\/wp\/v2\/posts"}],"about":[{"href":"https:\/\/fonasa.mindy.cl\/blog\/wp-json\/wp\/v2\/types\/post"}],"author":[{"embeddable":true,"href":"https:\/\/fonasa.mindy.cl\/blog\/wp-json\/wp\/v2\/users\/3"}],"replies":[{"embeddable":true,"href":"https:\/\/fonasa.mindy.cl\/blog\/wp-json\/wp\/v2\/comments?post=770"}],"version-history":[{"count":6,"href":"https:\/\/fonasa.mindy.cl\/blog\/wp-json\/wp\/v2\/posts\/770\/revisions"}],"predecessor-version":[{"id":1736,"href":"https:\/\/fonasa.mindy.cl\/blog\/wp-json\/wp\/v2\/posts\/770\/revisions\/1736"}],"wp:featuredmedia":[{"embeddable":true,"href":"https:\/\/fonasa.mindy.cl\/blog\/wp-json\/wp\/v2\/media\/771"}],"wp:attachment":[{"href":"https:\/\/fonasa.mindy.cl\/blog\/wp-json\/wp\/v2\/media?parent=770"}],"wp:term":[{"taxonomy":"category","embeddable":true,"href":"https:\/\/fonasa.mindy.cl\/blog\/wp-json\/wp\/v2\/categories?post=770"},{"taxonomy":"post_tag","embeddable":true,"href":"https:\/\/fonasa.mindy.cl\/blog\/wp-json\/wp\/v2\/tags?post=770"}],"curies":[{"name":"wp","href":"https:\/\/api.w.org\/{rel}","templated":true}]}}