{"id":710,"date":"2025-09-30T19:12:40","date_gmt":"2025-09-30T22:12:40","guid":{"rendered":"https:\/\/fonasa.mindy.cl\/blog\/?p=710"},"modified":"2026-03-25T10:27:18","modified_gmt":"2026-03-25T13:27:18","slug":"depresion-gpc-como-se-aplica-la-guia-clinica-en-chile","status":"publish","type":"post","link":"https:\/\/fonasa.mindy.cl\/blog\/depresion-gpc-como-se-aplica-la-guia-clinica-en-chile\/","title":{"rendered":"Depresi\u00f3n GPC: c\u00f3mo se aplica la gu\u00eda cl\u00ednica en Chile"},"content":{"rendered":"\n<p>Las Gu\u00edas de Pr\u00e1ctica Cl\u00ednica (GPC) son <strong>documentos t\u00e9cnicos elaborados por expertos en salud<\/strong> que entregan recomendaciones claras, basadas en evidencia cient\u00edfica, sobre c\u00f3mo prevenir, diagnosticar, tratar y hacer seguimiento a distintas enfermedades. En salud mental, y particularmente en el caso de la depresi\u00f3n, contar con una GPC permite a los equipos cl\u00ednicos ofrecer una atenci\u00f3n m\u00e1s ordenada, efectiva y ajustada a est\u00e1ndares internacionales.<\/p>\n\n\n\n<p>Cuando hablamos de <strong>depresi\u00f3n GPC<\/strong>, nos referimos espec\u00edficamente al conjunto de orientaciones que profesionales de la salud deben seguir para tratar este trastorno de manera adecuada, considerando la severidad del caso, la edad de la persona, sus condiciones de salud asociadas y su entorno.<\/p>\n\n\n\n<p>En Chile, la existencia de una gu\u00eda de pr\u00e1ctica cl\u00ednica para la depresi\u00f3n es especialmente relevante, ya que se trata de uno de los trastornos de salud mental m\u00e1s prevalentes y con mayor impacto en la calidad de vida de las personas. Tener un documento t\u00e9cnico que oriente las decisiones cl\u00ednicas permite no solo mejorar los resultados terap\u00e9uticos, sino tambi\u00e9n disminuir la variabilidad en la atenci\u00f3n y asegurar un m\u00ednimo est\u00e1ndar de calidad.<\/p>\n\n\n\n<h2 class=\"wp-block-heading has-x-large-font-size\">\u00bfQu\u00e9 contiene una Gu\u00eda de Pr\u00e1ctica Cl\u00ednica (GPC) para la depresi\u00f3n?<\/h2>\n\n\n\n<p>Una GPC para la depresi\u00f3n suele estar estructurada en torno a los siguientes aspectos clave:<\/p>\n\n\n\n<h3 class=\"wp-block-heading has-large-font-size\">1. Definici\u00f3n y diagn\u00f3stico cl\u00ednico<\/h3>\n\n\n\n<p>Describe qu\u00e9 es la depresi\u00f3n, cu\u00e1les son sus principales s\u00edntomas y c\u00f3mo se puede diferenciar de otros trastornos. Se incluyen criterios diagn\u00f3sticos validados internacionalmente (como los del DSM-5 o la CIE-10) y se orienta sobre la entrevista cl\u00ednica, escalas de evaluaci\u00f3n, y elementos a considerar para establecer un diagn\u00f3stico certero.<\/p>\n\n\n\n<h3 class=\"wp-block-heading has-large-font-size\">2. Clasificaci\u00f3n seg\u00fan severidad<\/h3>\n\n\n\n<p>La depresi\u00f3n se clasifica en:<\/p>\n\n\n\n<ul>\n<li>Leve<\/li>\n\n\n\n<li>Moderada<\/li>\n\n\n\n<li>Grave (con o sin caracter\u00edsticas psic\u00f3ticas)<\/li>\n<\/ul>\n\n\n\n<p>La GPC especifica qu\u00e9 caracter\u00edsticas definen cada nivel, lo que ayuda a decidir el tipo de intervenci\u00f3n terap\u00e9utica necesaria.<\/p>\n\n\n\n<h3 class=\"wp-block-heading has-large-font-size\">3. Abordaje terap\u00e9utico seg\u00fan tipo de depresi\u00f3n<\/h3>\n\n\n\n<p>Cada nivel de severidad requiere un enfoque distinto. Las GPC recomiendan diferentes estrategias terap\u00e9uticas, entre ellas:<\/p>\n\n\n\n<ul>\n<li>Psicoterapia individual breve o de apoyo<\/li>\n\n\n\n<li>Terapias cognitivo-conductuales<\/li>\n\n\n\n<li>Tratamiento farmacol\u00f3gico con antidepresivos<\/li>\n\n\n\n<li>Combinaci\u00f3n de intervenciones (en casos moderados o graves)<\/li>\n\n\n\n<li>Derivaci\u00f3n a psiquiatr\u00eda en casos complejos<\/li>\n<\/ul>\n\n\n\n<h3 class=\"wp-block-heading has-large-font-size\">4. Seguimiento cl\u00ednico<\/h3>\n\n\n\n<p>Indica cada cu\u00e1nto tiempo se deben hacer controles, qu\u00e9 s\u00edntomas evaluar, c\u00f3mo identificar signos de empeoramiento, remisi\u00f3n o reca\u00edda, y cu\u00e1ndo se debe reevaluar el plan terap\u00e9utico.<\/p>\n\n\n\n<h3 class=\"wp-block-heading has-large-font-size\">5. Consideraciones especiales<\/h3>\n\n\n\n<p>Incluye recomendaciones espec\u00edficas para poblaciones prioritarias o vulnerables, como:<\/p>\n\n\n\n<ul>\n<li>Adolescentes<\/li>\n\n\n\n<li>Mujeres embarazadas o en postparto<\/li>\n\n\n\n<li>Adultos mayores<\/li>\n\n\n\n<li>Personas con enfermedades cr\u00f3nicas o comorbilidades psiqui\u00e1tricas<\/li>\n<\/ul>\n\n\n\n<h3 class=\"wp-block-heading has-large-font-size\">6. Factores de riesgo y detecci\u00f3n temprana<\/h3>\n\n\n\n<p>Se destacan factores individuales, familiares o sociales que pueden aumentar el riesgo de desarrollar depresi\u00f3n. Adem\u00e1s, se recomienda el tamizaje preventivo en ciertos grupos poblacionales, especialmente en atenci\u00f3n primaria.<\/p>\n\n\n\n<h2 class=\"wp-block-heading has-x-large-font-size\">\u00bfQu\u00e9 recomienda la GPC de depresi\u00f3n en personas de 15 a\u00f1os y m\u00e1s en Chile?<\/h2>\n\n\n\n<figure class=\"wp-block-image alignwide size-full\"><img loading=\"lazy\" decoding=\"async\" width=\"640\" height=\"427\" src=\"https:\/\/fonasa.mindy.cl\/blog\/wp-content\/uploads\/2025\/12\/pexels-liza-summer-6382642.jpg\" alt=\"Depresi\u00f3n GPC:\" class=\"wp-image-1219\"\/><\/figure>\n\n\n\n<p>Chile cuenta con una <strong>Gu\u00eda Cl\u00ednica AUGE para Depresi\u00f3n en personas de 15 a\u00f1os y m\u00e1s<\/strong>, elaborada por el Ministerio de Salud (MINSAL). Esta gu\u00eda fue dise\u00f1ada para ser implementada en la red p\u00fablica y guiar el manejo cl\u00ednico de esta condici\u00f3n.<\/p>\n\n\n\n<p>Algunas de las recomendaciones destacadas incluyen:<\/p>\n\n\n\n<h3 class=\"wp-block-heading has-large-font-size\">a) Diagn\u00f3stico cl\u00ednico estructurado<\/h3>\n\n\n\n<p>Se propone una entrevista cl\u00ednica estructurada como principal herramienta para el diagn\u00f3stico. El uso de instrumentos estandarizados (como el PHQ-9 u otras escalas de depresi\u00f3n) se recomienda como apoyo, no como sustituto del juicio cl\u00ednico.<\/p>\n\n\n\n<h3 class=\"wp-block-heading has-large-font-size\">b) Clasificaci\u00f3n de gravedad y elecci\u00f3n del tratamiento<\/h3>\n\n\n\n<p>La GPC chilena distingue claramente entre depresi\u00f3n leve, moderada y grave. Esto orienta el tipo de tratamiento:<\/p>\n\n\n\n<ul>\n<li>En casos leves: psicoterapia breve o intervenciones psicoeducativas.<\/li>\n\n\n\n<li>En casos moderados: psicoterapia formal, eventualmente combinada con farmacoterapia.<\/li>\n\n\n\n<li>En casos graves: intervenciones m\u00faltiples, derivaci\u00f3n a psiquiatra, posible hospitalizaci\u00f3n si hay riesgo vital.<\/li>\n<\/ul>\n\n\n\n<h3 class=\"wp-block-heading has-large-font-size\">c) Intervenci\u00f3n psicoterap\u00e9utica<\/h3>\n\n\n\n<p>La gu\u00eda destaca la importancia de ofrecer <strong>psicoterapia breve individual<\/strong> en atenci\u00f3n primaria, con t\u00e9cnicas estructuradas, como la terapia cognitivo-conductual (TCC). Esta terapia puede ser realizada por psic\u00f3logos cl\u00ednicos capacitados, en un ciclo de sesiones definidas.<\/p>\n\n\n\n<p>Puedes revisar la versi\u00f3n completa de la gu\u00eda oficial en el sitio del MINSAL <a href=\"https:\/\/diprece.minsal.cl\/wrdprss_minsal\/wp-content\/uploads\/2016\/03\/GUIA-CLINICA-DEPRESION-15-Y-MAS.pdf\">aqu\u00ed<\/a>.<\/p>\n\n\n\n<h3 class=\"wp-block-heading has-large-font-size\">d) Tratamiento farmacol\u00f3gico<\/h3>\n\n\n\n<p>Los inhibidores selectivos de la recaptaci\u00f3n de serotonina (ISRS) son considerados de primera l\u00ednea. La gu\u00eda recomienda evaluar efectos adversos, adherencia y respuesta antes de realizar cambios. La monoterapia es preferida, salvo indicaciones especiales.<\/p>\n\n\n\n<h3 class=\"wp-block-heading has-large-font-size\">e) Derivaci\u00f3n a otros niveles de atenci\u00f3n<\/h3>\n\n\n\n<p>Se debe derivar al nivel secundario o terciario si:<\/p>\n\n\n\n<ul>\n<li>Hay riesgo suicida<\/li>\n\n\n\n<li>El paciente no mejora con tratamiento inicial<\/li>\n\n\n\n<li>Existen comorbilidades psiqui\u00e1tricas complejas<\/li>\n<\/ul>\n\n\n\n<h3 class=\"wp-block-heading has-large-font-size\">f) Seguimiento continuo<\/h3>\n\n\n\n<p>El control debe realizarse con regularidad, especialmente durante las primeras semanas de tratamiento, donde se monitorean efectos, adherencia y avances. La GPC propone una pauta estructurada para el seguimiento.<\/p>\n\n\n\n<h2 class=\"wp-block-heading has-x-large-font-size\">\u00bfC\u00f3mo se implementa la depresi\u00f3n GPC en atenci\u00f3n primaria?<\/h2>\n\n\n\n<p>En Chile, la GPC de depresi\u00f3n se implementa principalmente en centros de atenci\u00f3n primaria (CESFAM) a trav\u00e9s de programas de detecci\u00f3n, diagn\u00f3stico y tratamiento precoz de la depresi\u00f3n. Estos programas incluyen:<\/p>\n\n\n\n<ul>\n<li>Capacitaci\u00f3n de profesionales (m\u00e9dicos, psic\u00f3logos, enfermeros)<\/li>\n\n\n\n<li>Aplicaci\u00f3n de tamizajes (como el test PHQ-9)<\/li>\n\n\n\n<li>Derivaciones internas dentro del centro seg\u00fan necesidad<\/li>\n\n\n\n<li>Registro cl\u00ednico de casos y seguimiento sistem\u00e1tico<\/li>\n<\/ul>\n\n\n\n<p>Esta estrategia ha permitido aumentar la detecci\u00f3n temprana y mejorar el acceso a tratamientos psicoterap\u00e9uticos breves, especialmente en zonas urbanas.<\/p>\n\n\n\n<p>Un art\u00edculo publicado en <em>International Psychiatry<\/em> destaca el modelo chileno como ejemplo de un programa estructurado de depresi\u00f3n en atenci\u00f3n primaria a nivel latinoamericano (<a href=\"https:\/\/www.cambridge.org\/core\/journals\/international-psychiatry\/article\/depression-in-primary-care-chiles-programme-for-screening-diagnosis-and-comprehensive-treatment-of-depression\/EB47A9B9A939954CFB8E5A13E00C84D5\">fuente<\/a>).<\/p>\n\n\n\n<h3 class=\"wp-block-heading has-large-font-size\">Poblaciones especiales en la GPC: enfoque diferenciado<\/h3>\n\n\n\n<p>Uno de los aspectos m\u00e1s relevantes de las GPC modernas es su enfoque diferencial seg\u00fan el grupo de pacientes. En el caso de la GPC chilena para depresi\u00f3n, se entregan recomendaciones espec\u00edficas para:<\/p>\n\n\n\n<h4 class=\"wp-block-heading has-medium-font-size\">Adolescentes (15 a 19 a\u00f1os)<\/h4>\n\n\n\n<ul>\n<li>Se enfatiza la necesidad de entrevistas cl\u00ednicas con enfoque en el desarrollo psicosocial.<\/li>\n\n\n\n<li>Se recomienda el acompa\u00f1amiento familiar, sin vulnerar la confidencialidad.<\/li>\n\n\n\n<li>La psicoterapia es la primera elecci\u00f3n; los antidepresivos se consideran en casos moderados o graves.<\/li>\n<\/ul>\n\n\n\n<h4 class=\"wp-block-heading has-medium-font-size\">Mujeres embarazadas o en postparto<\/h4>\n\n\n\n<ul>\n<li>Se sugiere utilizar escalas adaptadas para esta etapa (como la Escala de Edimburgo).<\/li>\n\n\n\n<li>Es clave evaluar riesgo suicida y efectos de los f\u00e1rmacos en el embarazo\/lactancia.<\/li>\n<\/ul>\n\n\n\n<h4 class=\"wp-block-heading has-medium-font-size\">Personas mayores de 65 a\u00f1os<\/h4>\n\n\n\n<ul>\n<li>Se debe diferenciar depresi\u00f3n de deterioro cognitivo.<\/li>\n\n\n\n<li>Se prefieren intervenciones psicosociales antes de iniciar medicaci\u00f3n.<\/li>\n\n\n\n<li>Atenci\u00f3n a efectos secundarios, interacciones farmacol\u00f3gicas y fragilidad general.<\/li>\n<\/ul>\n\n\n\n<p>En todos estos grupos, la GPC enfatiza la evaluaci\u00f3n integral, considerando no solo los s\u00edntomas, sino tambi\u00e9n el contexto vital, apoyo social y otros factores protectores o de riesgo.<\/p>\n\n\n\n<h3 class=\"wp-block-heading has-large-font-size\">Seguimiento cl\u00ednico en la GPC de depresi\u00f3n<\/h3>\n\n\n\n<p>Un aspecto central de toda gu\u00eda cl\u00ednica es su enfoque en la <strong>continuidad del cuidado<\/strong>. En el caso de la depresi\u00f3n, esto es particularmente importante, ya que se trata de un trastorno que puede presentar fluctuaciones, reca\u00eddas o episodios recurrentes.<\/p>\n\n\n\n<h4 class=\"wp-block-heading has-medium-font-size\">1. \u00bfPor qu\u00e9 es necesario el seguimiento?<\/h4>\n\n\n\n<ul>\n<li>Para evaluar la respuesta al tratamiento (psicoterapia y\/o f\u00e1rmacos)<\/li>\n\n\n\n<li>Para detectar efectos adversos o problemas de adherencia<\/li>\n\n\n\n<li>Para identificar signos de mejor\u00eda, reca\u00edda o deterioro<\/li>\n\n\n\n<li>Para adaptar el plan terap\u00e9utico seg\u00fan la evoluci\u00f3n del paciente<\/li>\n<\/ul>\n\n\n\n<h4 class=\"wp-block-heading has-medium-font-size\">2. \u00bfQu\u00e9 recomienda la GPC?<\/h4>\n\n\n\n<p>La GPC chilena establece que el seguimiento debe:<\/p>\n\n\n\n<ul>\n<li>Realizarse desde el inicio del tratamiento, idealmente cada 1 o 2 semanas durante la fase aguda<\/li>\n\n\n\n<li>Ser m\u00e1s frecuente si hay factores de riesgo (riesgo suicida, depresi\u00f3n grave, comorbilidades)<\/li>\n\n\n\n<li>Evaluar s\u00edntomas actuales, funcionamiento general, adherencia, apoyo social y nivel de riesgo<\/li>\n\n\n\n<li>Registrar todo en la ficha cl\u00ednica de manera estructurada<\/li>\n<\/ul>\n\n\n\n<p>En fases posteriores (continuaci\u00f3n y mantenimiento), los controles pueden ser m\u00e1s espaciados, pero deben mantenerse, ya que una parte importante de las reca\u00eddas ocurre por abandono precoz del tratamiento.<\/p>\n\n\n\n<h3 class=\"wp-block-heading has-large-font-size\">Indicadores de respuesta y criterios de remisi\u00f3n<\/h3>\n\n\n\n<p>La gu\u00eda cl\u00ednica sugiere observar:<\/p>\n\n\n\n<ul>\n<li><strong>Respuesta parcial:<\/strong> reducci\u00f3n de al menos 50% de los s\u00edntomas principales<\/li>\n\n\n\n<li><strong>Remisi\u00f3n:<\/strong> desaparici\u00f3n de los s\u00edntomas depresivos y retorno al funcionamiento basal<\/li>\n\n\n\n<li><strong>Reca\u00edda:<\/strong> reaparici\u00f3n de los s\u00edntomas durante el tratamiento<\/li>\n\n\n\n<li><strong>Recurrencia:<\/strong> nuevo episodio depresivo tras haber superado uno anterior<\/li>\n<\/ul>\n\n\n\n<p>Estos indicadores permiten tomar decisiones cl\u00ednicas fundamentadas, como continuar, ajustar o suspender tratamientos.<\/p>\n\n\n\n<h2 class=\"wp-block-heading has-x-large-font-size\">\u00bfC\u00f3mo se relaciona la GPC con el sistema GES en Chile?<\/h2>\n\n\n\n<p>En Chile, el <strong>sistema de Garant\u00edas Expl\u00edcitas en Salud (GES)<\/strong> incluye la depresi\u00f3n entre las condiciones cubiertas para personas de 15 a\u00f1os y m\u00e1s. La GPC funciona como el est\u00e1ndar t\u00e9cnico sobre el cual se basa esta garant\u00eda.<\/p>\n\n\n\n<h3 class=\"wp-block-heading has-large-font-size\">\u00bfQu\u00e9 significa esto en la pr\u00e1ctica?<\/h3>\n\n\n\n<ul>\n<li>La persona tiene derecho a ser evaluada y diagnosticada siguiendo los criterios de la GPC.<\/li>\n\n\n\n<li>Tiene derecho a recibir tratamiento psicoterap\u00e9utico y\/o farmacol\u00f3gico seg\u00fan el tipo de depresi\u00f3n que presente.<\/li>\n\n\n\n<li>El seguimiento y control cl\u00ednico tambi\u00e9n debe realizarse conforme a lo establecido en la gu\u00eda.<\/li>\n<\/ul>\n\n\n\n<p>Este alineamiento entre GPC y GES asegura que la atenci\u00f3n tenga respaldo cient\u00edfico y se brinde con criterios unificados en todo el sistema p\u00fablico de salud.<\/p>\n\n\n\n<h3 class=\"wp-block-heading has-large-font-size\">Rol del equipo de salud en la implementaci\u00f3n de la GPC<\/h3>\n\n\n\n<p>Para que las recomendaciones de la GPC se apliquen de manera efectiva, es necesario que todo el equipo de salud est\u00e9 involucrado:<\/p>\n\n\n\n<h4 class=\"wp-block-heading has-medium-font-size\">M\u00e9dicos generales<\/h4>\n\n\n\n<ul>\n<li>Son el primer contacto en atenci\u00f3n primaria<\/li>\n\n\n\n<li>Eval\u00faan, diagnostican y deciden el tipo de intervenci\u00f3n inicial<\/li>\n\n\n\n<li>Derivan a psic\u00f3logos o psiquiatras cuando es necesario<\/li>\n<\/ul>\n\n\n\n<h4 class=\"wp-block-heading has-medium-font-size\">Psic\u00f3logos cl\u00ednicos<\/h4>\n\n\n\n<ul>\n<li>Realizan psicoterapia breve u otros abordajes psicol\u00f3gicos recomendados<\/li>\n\n\n\n<li>Monitorean evoluci\u00f3n emocional y funcional del paciente<\/li>\n\n\n\n<li>Coordinan acciones con otros profesionales<\/li>\n<\/ul>\n\n\n\n<h4 class=\"wp-block-heading has-medium-font-size\">Enfermeros\/as y TENS<\/h4>\n\n\n\n<ul>\n<li>Entregan psicoeducaci\u00f3n<\/li>\n\n\n\n<li>Realizan seguimiento comunitario<\/li>\n\n\n\n<li>Refuerzan adherencia al tratamiento y autocuidado<\/li>\n<\/ul>\n\n\n\n<h4 class=\"wp-block-heading has-medium-font-size\">Psiquiatras<\/h4>\n\n\n\n<ul>\n<li>Participan en casos complejos, resistentes o graves<\/li>\n\n\n\n<li>Supervisan tratamientos farmacol\u00f3gicos avanzados<\/li>\n\n\n\n<li>Realizan interconsultas o coordinan atenci\u00f3n de especialidad<\/li>\n<\/ul>\n\n\n\n<h3 class=\"wp-block-heading has-large-font-size\">Importancia de la psicoeducaci\u00f3n y del v\u00ednculo terap\u00e9utico<\/h3>\n\n\n\n<p>La GPC tambi\u00e9n subraya que un tratamiento eficaz no depende solo de las intervenciones cl\u00ednicas, sino tambi\u00e9n de factores relacionales y educativos:<\/p>\n\n\n\n<h4 class=\"wp-block-heading has-medium-font-size\">Psicoeducaci\u00f3n<\/h4>\n\n\n\n<p>Consiste en entregar al paciente y su familia informaci\u00f3n clara sobre:<\/p>\n\n\n\n<ul>\n<li>Qu\u00e9 es la depresi\u00f3n<\/li>\n\n\n\n<li>Cu\u00e1les son sus s\u00edntomas y causas<\/li>\n\n\n\n<li>Por qu\u00e9 es importante el tratamiento continuo<\/li>\n\n\n\n<li>C\u00f3mo identificar signos de alerta o reca\u00edda<\/li>\n<\/ul>\n\n\n\n<h4 class=\"wp-block-heading has-medium-font-size\">V\u00ednculo terap\u00e9utico<\/h4>\n\n\n\n<p>El tipo de relaci\u00f3n entre el paciente y los <strong><a href=\"https:\/\/fonasa.mindy.cl\/blog\/psicologo-fonasa-villarrica\/\">profesionales de salud<\/a><\/strong> tiene un impacto directo en la eficacia del tratamiento. La GPC recomienda fomentar:<\/p>\n\n\n\n<ul>\n<li>Escucha activa<\/li>\n\n\n\n<li>Validaci\u00f3n emocional<\/li>\n\n\n\n<li>Respeto por la autonom\u00eda<\/li>\n\n\n\n<li>Participaci\u00f3n activa en las decisiones<\/li>\n<\/ul>\n\n\n\n<h2 class=\"wp-block-heading has-x-large-font-size\">\u00bfPor qu\u00e9 es importante que los pacientes conozcan la GPC?<\/h2>\n\n\n\n<p>Aunque est\u00e1 dise\u00f1ada para profesionales, la GPC tambi\u00e9n puede ser una herramienta para las personas usuarias de salud mental. Conocer su existencia y contenidos les permite:<\/p>\n\n\n\n<ul>\n<li>Saber qu\u00e9 esperar de la atenci\u00f3n que recibir\u00e1n<\/li>\n\n\n\n<li>Hacer preguntas informadas<\/li>\n\n\n\n<li>Reconocer buenas pr\u00e1cticas cl\u00ednicas<\/li>\n\n\n\n<li>Solicitar tratamientos basados en evidencia<\/li>\n<\/ul>\n\n\n\n<p>La versi\u00f3n completa de la GPC est\u00e1 disponible en el sitio web del Ministerio de Salud (<a href=\"https:\/\/diprece.minsal.cl\/wrdprss_minsal\/wp-content\/uploads\/2016\/03\/GUIA-CLINICA-DEPRESION-15-Y-MAS.pdf\">descargar aqu\u00ed<\/a>).<\/p>\n\n\n\n<h3 class=\"wp-block-heading has-large-font-size\">Ventajas de aplicar una GPC en el tratamiento de la depresi\u00f3n<\/h3>\n\n\n\n<ul>\n<li><strong>Estandariza la atenci\u00f3n:<\/strong> asegura que todos los pacientes reciban una evaluaci\u00f3n y tratamiento comparables.<\/li>\n\n\n\n<li><strong>Reduce errores cl\u00ednicos:<\/strong> al seguir recomendaciones basadas en evidencia.<\/li>\n\n\n\n<li><strong>Mejora los resultados:<\/strong> aumenta la probabilidad de recuperaci\u00f3n.<\/li>\n\n\n\n<li><strong>Fortalece el sistema:<\/strong> facilita la coordinaci\u00f3n entre niveles de atenci\u00f3n y entre disciplinas.<\/li>\n<\/ul>\n\n\n\n<h3 class=\"wp-block-heading has-large-font-size\">Limitaciones o desaf\u00edos en su implementaci\u00f3n<\/h3>\n\n\n\n<ul>\n<li>No siempre se cuenta con todos los recursos humanos necesarios.<\/li>\n\n\n\n<li>Algunas zonas rurales o alejadas tienen menor acceso a psicoterapia.<\/li>\n\n\n\n<li>La formaci\u00f3n continua en GPC a\u00fan no es homog\u00e9nea en todo el pa\u00eds.<\/li>\n\n\n\n<li>No todos los usuarios conocen sus derechos ni las recomendaciones cl\u00ednicas vigentes.<\/li>\n<\/ul>\n\n\n\n<p>Aun as\u00ed, la GPC sigue siendo un instrumento esencial para avanzar hacia una atenci\u00f3n m\u00e1s justa, efectiva y centrada en la persona.<\/p>\n\n\n\n<h3 class=\"wp-block-heading has-large-font-size\">Conclusi\u00f3n: una gu\u00eda para mejorar la vida de quienes viven con depresi\u00f3n<\/h3>\n\n\n\n<p>La gu\u00eda cl\u00ednica para la depresi\u00f3n en personas de 15 a\u00f1os y m\u00e1s es una herramienta valiosa para mejorar el diagn\u00f3stico, tratamiento y seguimiento de este trastorno en Chile. No solo orienta a los equipos de salud, sino que empodera a los pacientes y garantiza un marco t\u00e9cnico com\u00fan para toda la red asistencial.<\/p>\n\n\n\n<p>Aplicarla correctamente implica trabajo colaborativo, formaci\u00f3n continua y, sobre todo, una actitud \u00e9tica y humana frente al sufrimiento ps\u00edquico. Conocerla y difundirla es un paso importante hacia un sistema de salud m\u00e1s informado, m\u00e1s equitativo y m\u00e1s respetuoso de la dignidad de cada persona.<\/p>\n\n\n\n<p><em>Este art\u00edculo fue elaborado a partir de fuentes oficiales del Ministerio de Salud de Chile y literatura cient\u00edfica sobre la implementaci\u00f3n de gu\u00edas cl\u00ednicas en salud mental.<\/em> As\u00ed como de la <em>Gu\u00eda Cl\u00ednica de Depresi\u00f3n en personas de 15 a\u00f1os y m\u00e1s publicada por el Ministerio de Salud de Chile y otras fuentes t\u00e9cnicas reconocidas.<\/em><\/p>\n\n\n\n<h2 class=\"wp-block-heading has-x-large-font-size\">Conocerte es el primer paso para sanar<\/h2>\n\n\n\n<p>Entender lo que sientes es clave para encontrar el apoyo indicado. En&nbsp;<strong>Fonasa&nbsp;<a href=\"https:\/\/mindy.cl\/\" target=\"_blank\" rel=\"noreferrer noopener\">Mindy.cl<\/a><\/strong>&nbsp;te ofrecemos una herramienta sencilla: un <strong>Quiz dise\u00f1ado para ayudarte a evaluar tus niveles de depresi\u00f3n<\/strong> y as\u00ed poder acceder a la terapia psicol\u00f3gica que realmente se ajusta a tus necesidades. No dejes pasar esta oportunidad de cuidar tu mente.<\/p>\n\n\n\n<p>\ud83c\udfaf&nbsp;<strong>Realiza el Quiz gratuito:<\/strong>&nbsp;<a href=\"https:\/\/form.typeform.com\/to\/P78CVEPt\" target=\"_blank\" rel=\"noreferrer noopener\"><strong>https:\/\/form.typeform.com\/to\/P78CVEPt<\/strong><\/a><\/p>\n","protected":false},"excerpt":{"rendered":"<p>Las Gu\u00edas de Pr\u00e1ctica Cl\u00ednica (GPC) son documentos t\u00e9cnicos elaborados por expertos en salud que entregan recomendaciones claras, basadas en evidencia cient\u00edfica, sobre c\u00f3mo prevenir, diagnosticar, tratar y hacer seguimiento a distintas enfermedades. En salud mental, y particularmente en el caso de la depresi\u00f3n, contar con una GPC permite a los equipos cl\u00ednicos ofrecer una [&hellip;]<\/p>\n","protected":false},"author":2,"featured_media":1218,"comment_status":"closed","ping_status":"closed","sticky":false,"template":"","format":"standard","meta":{"footnotes":""},"categories":[278,114],"tags":[],"yoast_head":"<!-- This site is optimized with the Yoast SEO plugin v23.0 - https:\/\/yoast.com\/wordpress\/plugins\/seo\/ -->\n<title>Depresi\u00f3n GPC: c\u00f3mo se aplica la gu\u00eda cl\u00ednica en Chile<\/title>\n<meta name=\"description\" content=\"Conoce qu\u00e9 es la gu\u00eda de pr\u00e1ctica cl\u00ednica para la depresi\u00f3n (GPC), c\u00f3mo se aplica en Chile, qu\u00e9 tratamientos se recomienda y c\u00f3mo acceder.\" \/>\n<meta name=\"robots\" content=\"index, follow, max-snippet:-1, max-image-preview:large, max-video-preview:-1\" \/>\n<link rel=\"canonical\" href=\"https:\/\/fonasa.mindy.cl\/blog\/depresion-gpc-como-se-aplica-la-guia-clinica-en-chile\/\" \/>\n<meta property=\"og:locale\" content=\"es_ES\" \/>\n<meta property=\"og:type\" content=\"article\" \/>\n<meta property=\"og:title\" content=\"Depresi\u00f3n GPC: c\u00f3mo se aplica la gu\u00eda cl\u00ednica en Chile\" \/>\n<meta property=\"og:description\" content=\"Conoce qu\u00e9 es la gu\u00eda de pr\u00e1ctica cl\u00ednica para la depresi\u00f3n (GPC), c\u00f3mo se aplica en Chile, qu\u00e9 tratamientos se recomienda y c\u00f3mo acceder.\" \/>\n<meta property=\"og:url\" content=\"https:\/\/fonasa.mindy.cl\/blog\/depresion-gpc-como-se-aplica-la-guia-clinica-en-chile\/\" \/>\n<meta property=\"og:site_name\" content=\"Mindy Fonasa Blog\" \/>\n<meta property=\"article:published_time\" content=\"2025-09-30T22:12:40+00:00\" \/>\n<meta property=\"article:modified_time\" content=\"2026-03-25T13:27:18+00:00\" \/>\n<meta property=\"og:image\" content=\"https:\/\/fonasa.mindy.cl\/blog\/wp-content\/uploads\/2025\/09\/37384.jpg\" \/>\n\t<meta property=\"og:image:width\" content=\"1000\" \/>\n\t<meta property=\"og:image:height\" content=\"706\" \/>\n\t<meta property=\"og:image:type\" content=\"image\/jpeg\" \/>\n<meta name=\"author\" content=\"reinaldo@mindy.cl\" \/>\n<meta name=\"twitter:card\" content=\"summary_large_image\" \/>\n<meta name=\"twitter:label1\" content=\"Written by\" \/>\n\t<meta name=\"twitter:data1\" content=\"reinaldo@mindy.cl\" \/>\n\t<meta name=\"twitter:label2\" content=\"Est. reading time\" \/>\n\t<meta name=\"twitter:data2\" content=\"10 minutos\" \/>\n<script type=\"application\/ld+json\" class=\"yoast-schema-graph\">{\"@context\":\"https:\/\/schema.org\",\"@graph\":[{\"@type\":\"Article\",\"@id\":\"https:\/\/fonasa.mindy.cl\/blog\/depresion-gpc-como-se-aplica-la-guia-clinica-en-chile\/#article\",\"isPartOf\":{\"@id\":\"https:\/\/fonasa.mindy.cl\/blog\/depresion-gpc-como-se-aplica-la-guia-clinica-en-chile\/\"},\"author\":{\"name\":\"reinaldo@mindy.cl\",\"@id\":\"https:\/\/fonasa.mindy.cl\/blog\/#\/schema\/person\/6b2fdf85e03858572a636b7b9ce17d81\"},\"headline\":\"Depresi\u00f3n GPC: c\u00f3mo se aplica la gu\u00eda cl\u00ednica en Chile\",\"datePublished\":\"2025-09-30T22:12:40+00:00\",\"dateModified\":\"2026-03-25T13:27:18+00:00\",\"mainEntityOfPage\":{\"@id\":\"https:\/\/fonasa.mindy.cl\/blog\/depresion-gpc-como-se-aplica-la-guia-clinica-en-chile\/\"},\"wordCount\":2356,\"publisher\":{\"@id\":\"https:\/\/fonasa.mindy.cl\/blog\/#organization\"},\"image\":{\"@id\":\"https:\/\/fonasa.mindy.cl\/blog\/depresion-gpc-como-se-aplica-la-guia-clinica-en-chile\/#primaryimage\"},\"thumbnailUrl\":\"https:\/\/fonasa.mindy.cl\/blog\/wp-content\/uploads\/2025\/09\/37384.jpg\",\"articleSection\":[\"Depresi\u00f3n\",\"Psic\u00f3logos Fonasa\"],\"inLanguage\":\"es-CL\"},{\"@type\":\"WebPage\",\"@id\":\"https:\/\/fonasa.mindy.cl\/blog\/depresion-gpc-como-se-aplica-la-guia-clinica-en-chile\/\",\"url\":\"https:\/\/fonasa.mindy.cl\/blog\/depresion-gpc-como-se-aplica-la-guia-clinica-en-chile\/\",\"name\":\"Depresi\u00f3n GPC: c\u00f3mo se aplica la gu\u00eda cl\u00ednica en Chile\",\"isPartOf\":{\"@id\":\"https:\/\/fonasa.mindy.cl\/blog\/#website\"},\"primaryImageOfPage\":{\"@id\":\"https:\/\/fonasa.mindy.cl\/blog\/depresion-gpc-como-se-aplica-la-guia-clinica-en-chile\/#primaryimage\"},\"image\":{\"@id\":\"https:\/\/fonasa.mindy.cl\/blog\/depresion-gpc-como-se-aplica-la-guia-clinica-en-chile\/#primaryimage\"},\"thumbnailUrl\":\"https:\/\/fonasa.mindy.cl\/blog\/wp-content\/uploads\/2025\/09\/37384.jpg\",\"datePublished\":\"2025-09-30T22:12:40+00:00\",\"dateModified\":\"2026-03-25T13:27:18+00:00\",\"description\":\"Conoce qu\u00e9 es la gu\u00eda de pr\u00e1ctica cl\u00ednica para la depresi\u00f3n (GPC), c\u00f3mo se aplica en Chile, qu\u00e9 tratamientos se recomienda y c\u00f3mo acceder.\",\"breadcrumb\":{\"@id\":\"https:\/\/fonasa.mindy.cl\/blog\/depresion-gpc-como-se-aplica-la-guia-clinica-en-chile\/#breadcrumb\"},\"inLanguage\":\"es-CL\",\"potentialAction\":[{\"@type\":\"ReadAction\",\"target\":[\"https:\/\/fonasa.mindy.cl\/blog\/depresion-gpc-como-se-aplica-la-guia-clinica-en-chile\/\"]}]},{\"@type\":\"ImageObject\",\"inLanguage\":\"es-CL\",\"@id\":\"https:\/\/fonasa.mindy.cl\/blog\/depresion-gpc-como-se-aplica-la-guia-clinica-en-chile\/#primaryimage\",\"url\":\"https:\/\/fonasa.mindy.cl\/blog\/wp-content\/uploads\/2025\/09\/37384.jpg\",\"contentUrl\":\"https:\/\/fonasa.mindy.cl\/blog\/wp-content\/uploads\/2025\/09\/37384.jpg\",\"width\":1000,\"height\":706,\"caption\":\"Depresi\u00f3n GPC:\"},{\"@type\":\"BreadcrumbList\",\"@id\":\"https:\/\/fonasa.mindy.cl\/blog\/depresion-gpc-como-se-aplica-la-guia-clinica-en-chile\/#breadcrumb\",\"itemListElement\":[{\"@type\":\"ListItem\",\"position\":1,\"name\":\"Home\",\"item\":\"https:\/\/fonasa.mindy.cl\/blog\/\"},{\"@type\":\"ListItem\",\"position\":2,\"name\":\"Depresi\u00f3n GPC: c\u00f3mo se aplica la gu\u00eda cl\u00ednica en Chile\"}]},{\"@type\":\"WebSite\",\"@id\":\"https:\/\/fonasa.mindy.cl\/blog\/#website\",\"url\":\"https:\/\/fonasa.mindy.cl\/blog\/\",\"name\":\"Mindy Fonasa Blog\",\"description\":\"Un blog de salud mental\",\"publisher\":{\"@id\":\"https:\/\/fonasa.mindy.cl\/blog\/#organization\"},\"potentialAction\":[{\"@type\":\"SearchAction\",\"target\":{\"@type\":\"EntryPoint\",\"urlTemplate\":\"https:\/\/fonasa.mindy.cl\/blog\/?s={search_term_string}\"},\"query-input\":\"required name=search_term_string\"}],\"inLanguage\":\"es-CL\"},{\"@type\":\"Organization\",\"@id\":\"https:\/\/fonasa.mindy.cl\/blog\/#organization\",\"name\":\"Mindy Fonasa Blog\",\"url\":\"https:\/\/fonasa.mindy.cl\/blog\/\",\"logo\":{\"@type\":\"ImageObject\",\"inLanguage\":\"es-CL\",\"@id\":\"https:\/\/fonasa.mindy.cl\/blog\/#\/schema\/logo\/image\/\",\"url\":\"https:\/\/fonasa.mindy.cl\/blog\/wp-content\/uploads\/2024\/07\/logo_cuadrado.png\",\"contentUrl\":\"https:\/\/fonasa.mindy.cl\/blog\/wp-content\/uploads\/2024\/07\/logo_cuadrado.png\",\"width\":300,\"height\":300,\"caption\":\"Mindy Fonasa Blog\"},\"image\":{\"@id\":\"https:\/\/fonasa.mindy.cl\/blog\/#\/schema\/logo\/image\/\"}},{\"@type\":\"Person\",\"@id\":\"https:\/\/fonasa.mindy.cl\/blog\/#\/schema\/person\/6b2fdf85e03858572a636b7b9ce17d81\",\"name\":\"reinaldo@mindy.cl\",\"url\":\"https:\/\/fonasa.mindy.cl\/blog\/author\/reinaldomindy-cl\/\"}]}<\/script>\n<!-- \/ Yoast SEO plugin. -->","yoast_head_json":{"title":"Depresi\u00f3n GPC: c\u00f3mo se aplica la gu\u00eda cl\u00ednica en Chile","description":"Conoce qu\u00e9 es la gu\u00eda de pr\u00e1ctica cl\u00ednica para la depresi\u00f3n (GPC), c\u00f3mo se aplica en Chile, qu\u00e9 tratamientos se recomienda y c\u00f3mo acceder.","robots":{"index":"index","follow":"follow","max-snippet":"max-snippet:-1","max-image-preview":"max-image-preview:large","max-video-preview":"max-video-preview:-1"},"canonical":"https:\/\/fonasa.mindy.cl\/blog\/depresion-gpc-como-se-aplica-la-guia-clinica-en-chile\/","og_locale":"es_ES","og_type":"article","og_title":"Depresi\u00f3n GPC: c\u00f3mo se aplica la gu\u00eda cl\u00ednica en Chile","og_description":"Conoce qu\u00e9 es la gu\u00eda de pr\u00e1ctica cl\u00ednica para la depresi\u00f3n (GPC), c\u00f3mo se aplica en Chile, qu\u00e9 tratamientos se recomienda y c\u00f3mo acceder.","og_url":"https:\/\/fonasa.mindy.cl\/blog\/depresion-gpc-como-se-aplica-la-guia-clinica-en-chile\/","og_site_name":"Mindy Fonasa Blog","article_published_time":"2025-09-30T22:12:40+00:00","article_modified_time":"2026-03-25T13:27:18+00:00","og_image":[{"width":1000,"height":706,"url":"https:\/\/fonasa.mindy.cl\/blog\/wp-content\/uploads\/2025\/09\/37384.jpg","type":"image\/jpeg"}],"author":"reinaldo@mindy.cl","twitter_card":"summary_large_image","twitter_misc":{"Written by":"reinaldo@mindy.cl","Est. reading time":"10 minutos"},"schema":{"@context":"https:\/\/schema.org","@graph":[{"@type":"Article","@id":"https:\/\/fonasa.mindy.cl\/blog\/depresion-gpc-como-se-aplica-la-guia-clinica-en-chile\/#article","isPartOf":{"@id":"https:\/\/fonasa.mindy.cl\/blog\/depresion-gpc-como-se-aplica-la-guia-clinica-en-chile\/"},"author":{"name":"reinaldo@mindy.cl","@id":"https:\/\/fonasa.mindy.cl\/blog\/#\/schema\/person\/6b2fdf85e03858572a636b7b9ce17d81"},"headline":"Depresi\u00f3n GPC: c\u00f3mo se aplica la gu\u00eda cl\u00ednica en Chile","datePublished":"2025-09-30T22:12:40+00:00","dateModified":"2026-03-25T13:27:18+00:00","mainEntityOfPage":{"@id":"https:\/\/fonasa.mindy.cl\/blog\/depresion-gpc-como-se-aplica-la-guia-clinica-en-chile\/"},"wordCount":2356,"publisher":{"@id":"https:\/\/fonasa.mindy.cl\/blog\/#organization"},"image":{"@id":"https:\/\/fonasa.mindy.cl\/blog\/depresion-gpc-como-se-aplica-la-guia-clinica-en-chile\/#primaryimage"},"thumbnailUrl":"https:\/\/fonasa.mindy.cl\/blog\/wp-content\/uploads\/2025\/09\/37384.jpg","articleSection":["Depresi\u00f3n","Psic\u00f3logos Fonasa"],"inLanguage":"es-CL"},{"@type":"WebPage","@id":"https:\/\/fonasa.mindy.cl\/blog\/depresion-gpc-como-se-aplica-la-guia-clinica-en-chile\/","url":"https:\/\/fonasa.mindy.cl\/blog\/depresion-gpc-como-se-aplica-la-guia-clinica-en-chile\/","name":"Depresi\u00f3n GPC: c\u00f3mo se aplica la gu\u00eda cl\u00ednica en Chile","isPartOf":{"@id":"https:\/\/fonasa.mindy.cl\/blog\/#website"},"primaryImageOfPage":{"@id":"https:\/\/fonasa.mindy.cl\/blog\/depresion-gpc-como-se-aplica-la-guia-clinica-en-chile\/#primaryimage"},"image":{"@id":"https:\/\/fonasa.mindy.cl\/blog\/depresion-gpc-como-se-aplica-la-guia-clinica-en-chile\/#primaryimage"},"thumbnailUrl":"https:\/\/fonasa.mindy.cl\/blog\/wp-content\/uploads\/2025\/09\/37384.jpg","datePublished":"2025-09-30T22:12:40+00:00","dateModified":"2026-03-25T13:27:18+00:00","description":"Conoce qu\u00e9 es la gu\u00eda de pr\u00e1ctica cl\u00ednica para la depresi\u00f3n (GPC), c\u00f3mo se aplica en Chile, qu\u00e9 tratamientos se recomienda y c\u00f3mo acceder.","breadcrumb":{"@id":"https:\/\/fonasa.mindy.cl\/blog\/depresion-gpc-como-se-aplica-la-guia-clinica-en-chile\/#breadcrumb"},"inLanguage":"es-CL","potentialAction":[{"@type":"ReadAction","target":["https:\/\/fonasa.mindy.cl\/blog\/depresion-gpc-como-se-aplica-la-guia-clinica-en-chile\/"]}]},{"@type":"ImageObject","inLanguage":"es-CL","@id":"https:\/\/fonasa.mindy.cl\/blog\/depresion-gpc-como-se-aplica-la-guia-clinica-en-chile\/#primaryimage","url":"https:\/\/fonasa.mindy.cl\/blog\/wp-content\/uploads\/2025\/09\/37384.jpg","contentUrl":"https:\/\/fonasa.mindy.cl\/blog\/wp-content\/uploads\/2025\/09\/37384.jpg","width":1000,"height":706,"caption":"Depresi\u00f3n GPC:"},{"@type":"BreadcrumbList","@id":"https:\/\/fonasa.mindy.cl\/blog\/depresion-gpc-como-se-aplica-la-guia-clinica-en-chile\/#breadcrumb","itemListElement":[{"@type":"ListItem","position":1,"name":"Home","item":"https:\/\/fonasa.mindy.cl\/blog\/"},{"@type":"ListItem","position":2,"name":"Depresi\u00f3n GPC: c\u00f3mo se aplica la gu\u00eda cl\u00ednica en Chile"}]},{"@type":"WebSite","@id":"https:\/\/fonasa.mindy.cl\/blog\/#website","url":"https:\/\/fonasa.mindy.cl\/blog\/","name":"Mindy Fonasa Blog","description":"Un blog de salud mental","publisher":{"@id":"https:\/\/fonasa.mindy.cl\/blog\/#organization"},"potentialAction":[{"@type":"SearchAction","target":{"@type":"EntryPoint","urlTemplate":"https:\/\/fonasa.mindy.cl\/blog\/?s={search_term_string}"},"query-input":"required name=search_term_string"}],"inLanguage":"es-CL"},{"@type":"Organization","@id":"https:\/\/fonasa.mindy.cl\/blog\/#organization","name":"Mindy Fonasa Blog","url":"https:\/\/fonasa.mindy.cl\/blog\/","logo":{"@type":"ImageObject","inLanguage":"es-CL","@id":"https:\/\/fonasa.mindy.cl\/blog\/#\/schema\/logo\/image\/","url":"https:\/\/fonasa.mindy.cl\/blog\/wp-content\/uploads\/2024\/07\/logo_cuadrado.png","contentUrl":"https:\/\/fonasa.mindy.cl\/blog\/wp-content\/uploads\/2024\/07\/logo_cuadrado.png","width":300,"height":300,"caption":"Mindy Fonasa Blog"},"image":{"@id":"https:\/\/fonasa.mindy.cl\/blog\/#\/schema\/logo\/image\/"}},{"@type":"Person","@id":"https:\/\/fonasa.mindy.cl\/blog\/#\/schema\/person\/6b2fdf85e03858572a636b7b9ce17d81","name":"reinaldo@mindy.cl","url":"https:\/\/fonasa.mindy.cl\/blog\/author\/reinaldomindy-cl\/"}]}},"_links":{"self":[{"href":"https:\/\/fonasa.mindy.cl\/blog\/wp-json\/wp\/v2\/posts\/710"}],"collection":[{"href":"https:\/\/fonasa.mindy.cl\/blog\/wp-json\/wp\/v2\/posts"}],"about":[{"href":"https:\/\/fonasa.mindy.cl\/blog\/wp-json\/wp\/v2\/types\/post"}],"author":[{"embeddable":true,"href":"https:\/\/fonasa.mindy.cl\/blog\/wp-json\/wp\/v2\/users\/2"}],"replies":[{"embeddable":true,"href":"https:\/\/fonasa.mindy.cl\/blog\/wp-json\/wp\/v2\/comments?post=710"}],"version-history":[{"count":4,"href":"https:\/\/fonasa.mindy.cl\/blog\/wp-json\/wp\/v2\/posts\/710\/revisions"}],"predecessor-version":[{"id":1703,"href":"https:\/\/fonasa.mindy.cl\/blog\/wp-json\/wp\/v2\/posts\/710\/revisions\/1703"}],"wp:featuredmedia":[{"embeddable":true,"href":"https:\/\/fonasa.mindy.cl\/blog\/wp-json\/wp\/v2\/media\/1218"}],"wp:attachment":[{"href":"https:\/\/fonasa.mindy.cl\/blog\/wp-json\/wp\/v2\/media?parent=710"}],"wp:term":[{"taxonomy":"category","embeddable":true,"href":"https:\/\/fonasa.mindy.cl\/blog\/wp-json\/wp\/v2\/categories?post=710"},{"taxonomy":"post_tag","embeddable":true,"href":"https:\/\/fonasa.mindy.cl\/blog\/wp-json\/wp\/v2\/tags?post=710"}],"curies":[{"name":"wp","href":"https:\/\/api.w.org\/{rel}","templated":true}]}}