{"id":707,"date":"2025-09-30T19:09:57","date_gmt":"2025-09-30T22:09:57","guid":{"rendered":"https:\/\/fonasa.mindy.cl\/blog\/?p=707"},"modified":"2026-04-21T08:52:56","modified_gmt":"2026-04-21T12:52:56","slug":"personas-con-esquizofrenia","status":"publish","type":"post","link":"https:\/\/fonasa.mindy.cl\/blog\/personas-con-esquizofrenia\/","title":{"rendered":"Personas con esquizofrenia: vivir con un diagn\u00f3stico"},"content":{"rendered":"\n<p>Cuando se habla de esquizofrenia, muchas veces lo primero que aparece en la mente colectiva son estereotipos negativos: una persona desconectada de la realidad, incapaz de vivir sola, con conductas err\u00e1ticas o peligrosas. Pero la realidad es mucho m\u00e1s diversa y humana. Hoy queremos hablar sobre las <strong>personas con esquizofrenia<\/strong> que llevan una vida funcional: que trabajan, estudian, forman familias y enfrentan d\u00eda a d\u00eda los desaf\u00edos de su condici\u00f3n, como cualquier otra persona con una enfermedad cr\u00f3nica.<\/p>\n\n\n\n<p>Este art\u00edculo tiene un objetivo claro: visibilizar que vivir con esquizofrenia no significa perder el proyecto de vida. A trav\u00e9s de evidencia, ejemplos y explicaciones claras, vamos a comprender mejor qu\u00e9 implica este diagn\u00f3stico y por qu\u00e9 muchas personas con esquizofrenia son perfectamente capaces de desarrollarse en la sociedad.<\/p>\n\n\n\n<h2 class=\"wp-block-heading has-text-align-left has-x-large-font-size\">Qu\u00e9 es realmente la esquizofrenia<\/h2>\n\n\n\n<p>La esquizofrenia es un trastorno psiqui\u00e1trico complejo que afecta la forma en que una persona piensa, siente y se comporta. No se trata de una &#8220;doble personalidad&#8221; (un error com\u00fan), sino de un conjunto de s\u00edntomas que pueden aparecer en episodios y que var\u00edan mucho entre una persona y otra. <sup><strong><a href=\"https:\/\/es.wikipedia.org\/wiki\/Esquizofrenia\">1<\/a><\/strong><\/sup><\/p>\n\n\n\n<p>Seg\u00fan el Manual Diagn\u00f3stico y Estad\u00edstico de los Trastornos Mentales (DSM-5), los s\u00edntomas de la esquizofrenia se dividen en tres categor\u00edas:<\/p>\n\n\n\n<h3 class=\"wp-block-heading has-large-font-size\">1. S\u00edntomas positivos en personas con esquizofrenia<\/h3>\n\n\n\n<p>Son aquellos que implican una distorsi\u00f3n de la experiencia normal:<\/p>\n\n\n\n<ul>\n<li>Alucinaciones (ver, o\u00edr o sentir cosas que no est\u00e1n presentes)<\/li>\n\n\n\n<li>Delirios (creencias falsas que no se ajustan a la realidad)<\/li>\n\n\n\n<li>Pensamiento desorganizado<\/li>\n\n\n\n<li>Conducta motora alterada (por ejemplo, movimientos extra\u00f1os o cataton\u00eda)<\/li>\n<\/ul>\n\n\n\n<h3 class=\"wp-block-heading has-large-font-size\">2. S\u00edntomas negativos en personas con esquizofrenia<\/h3>\n\n\n\n<p>Son d\u00e9ficits o disminuciones en funciones normales:<\/p>\n\n\n\n<ul>\n<li>Aplanamiento afectivo (expresi\u00f3n emocional reducida)<\/li>\n\n\n\n<li>Alogia (pobreza del habla)<\/li>\n\n\n\n<li>Anhedonia (dificultad para experimentar placer)<\/li>\n\n\n\n<li>Abulia (falta de motivaci\u00f3n)<\/li>\n<\/ul>\n\n\n\n<h3 class=\"wp-block-heading has-large-font-size\">3. S\u00edntomas cognitivos<\/h3>\n\n\n\n<p>Afectan la memoria, la atenci\u00f3n, la planificaci\u00f3n y otras funciones ejecutivas:<\/p>\n\n\n\n<ul>\n<li>Problemas para concentrarse<\/li>\n\n\n\n<li>Dificultad para recordar informaci\u00f3n reciente<\/li>\n\n\n\n<li>Problemas para organizar tareas<\/li>\n<\/ul>\n\n\n\n<p>No todas las personas con esquizofrenia presentan todos estos s\u00edntomas. Algunos pueden tener m\u00e1s s\u00edntomas positivos, otros m\u00e1s negativos o cognitivos. Adem\u00e1s, el curso de la enfermedad tambi\u00e9n var\u00eda mucho: hay quienes tienen uno o pocos episodios en la vida y se estabilizan, y otros que requieren tratamiento continuo.<\/p>\n\n\n\n<h2 class=\"wp-block-heading has-x-large-font-size\">El diagn\u00f3stico no define a las personas con esquizofrenia<\/h2>\n\n\n\n<figure class=\"wp-block-image alignwide size-full\"><img loading=\"lazy\" decoding=\"async\" width=\"640\" height=\"453\" src=\"https:\/\/fonasa.mindy.cl\/blog\/wp-content\/uploads\/2025\/12\/chains-433538_640.jpg\" alt=\"Personas con esquizofrenia\" class=\"wp-image-1212\"\/><\/figure>\n\n\n\n<p>Un diagn\u00f3stico de esquizofrenia no es una sentencia ni una identidad. Es una condici\u00f3n de salud mental que, como muchas otras, puede manejarse con tratamiento, acompa\u00f1amiento y recursos adecuados.<\/p>\n\n\n\n<p>De hecho, muchas personas con esquizofrenia no est\u00e1n en crisis permanentemente. Con un buen plan de tratamiento, apoyo psicosocial, un entorno comprensivo y acceso a recursos de salud mental, pueden llevar una vida muy cercana a lo que llamar\u00edamos &#8220;normal&#8221;: trabajar, estudiar, tener pareja, criar hijos, salir con amigos, participar activamente en la comunidad.<\/p>\n\n\n\n<p>La clave est\u00e1 en entender que la esquizofrenia es <strong>una parte<\/strong> de la vida de alguien, no su totalidad.<\/p>\n\n\n\n<h3 class=\"wp-block-heading has-large-font-size\">Personas con esquizofrenia funcional: qu\u00e9 significa esto<\/h3>\n\n\n\n<p>Se habla de personas funcionales con esquizofrenia cuando, a pesar del diagn\u00f3stico, mantienen un nivel significativo de autonom\u00eda en su vida cotidiana. Esto puede incluir:<\/p>\n\n\n\n<ul>\n<li>Mantener empleo o actividad productiva<\/li>\n\n\n\n<li>Tener relaciones sociales estables<\/li>\n\n\n\n<li>Administrar su autocuidado y tratamiento<\/li>\n\n\n\n<li>Participar activamente en su comunidad<\/li>\n<\/ul>\n\n\n\n<p>No se trata de negar que haya dificultades. Pero vivir con esquizofrenia y ser funcional es posible, especialmente cuando hay:<\/p>\n\n\n\n<ul>\n<li>Adherencia al tratamiento farmacol\u00f3gico<\/li>\n\n\n\n<li>Apoyo terap\u00e9utico (psicoterapia, talleres, grupos)<\/li>\n\n\n\n<li>Rutinas estructuradas<\/li>\n\n\n\n<li>Red de apoyo afectiva<\/li>\n\n\n\n<li>Acompa\u00f1amiento profesional<\/li>\n<\/ul>\n\n\n\n<h2 class=\"wp-block-heading has-x-large-font-size\">Tratamiento para las personas con esquizofrenia: base para una vida estable<\/h2>\n\n\n\n<p><strong><a href=\"https:\/\/fonasa.mindy.cl\/blog\/la-esquizofrenia-se-cura\/\">La esquizofrenia se cura<\/a><\/strong>? El tratamiento de la esquizofrenia suele incluir:<\/p>\n\n\n\n<h3 class=\"wp-block-heading has-large-font-size\">a) Medicaci\u00f3n antipsic\u00f3tica<\/h3>\n\n\n\n<figure class=\"wp-block-image alignwide size-full\"><img loading=\"lazy\" decoding=\"async\" width=\"640\" height=\"427\" src=\"https:\/\/fonasa.mindy.cl\/blog\/wp-content\/uploads\/2025\/12\/cosplay-5650205_640.jpg\" alt=\"Personas con esquizofrenia\" class=\"wp-image-1213\"\/><\/figure>\n\n\n\n<p>Estos f\u00e1rmacos ayudan a controlar los s\u00edntomas positivos como delirios y alucinaciones. No curan la esquizofrenia, pero permiten a muchas personas llevar una vida m\u00e1s estable. La elecci\u00f3n de la medicaci\u00f3n debe ser personalizada, considerando efectos secundarios, respuesta individual y estilo de vida.<\/p>\n\n\n\n<h3 class=\"wp-block-heading has-large-font-size\">b) Psicoterapia<\/h3>\n\n\n\n<p>La <a href=\"https:\/\/fonasa.mindy.cl\/blog\/terapia-de-pareja-con-fonasa\/\">terapia psicol\u00f3gica<\/a> puede abordar s\u00edntomas negativos, aspectos emocionales, manejo del estr\u00e9s y habilidades sociales. Las terapias cognitivo-conductuales y de remediaci\u00f3n cognitiva han mostrado buenos resultados.<\/p>\n\n\n\n<h3 class=\"wp-block-heading has-large-font-size\">c) Rehabilitaci\u00f3n psicosocial<\/h3>\n\n\n\n<p>Incluye programas que ayudan a las personas con esquizofrenia a desarrollar o recuperar habilidades necesarias para vivir de forma aut\u00f3noma: entrenamiento en habilidades sociales, inserci\u00f3n laboral, talleres ocupacionales, etc.<\/p>\n\n\n\n<h3 class=\"wp-block-heading has-large-font-size\">d) Psicoeducaci\u00f3n y apoyo familiar<\/h3>\n\n\n\n<p>Educar a la persona y a su entorno cercano sobre la enfermedad ayuda a disminuir reca\u00eddas, mejorar la convivencia y fomentar la adherencia al tratamiento.<\/p>\n\n\n\n<h2 class=\"wp-block-heading has-x-large-font-size\">Mitos y realidades sobre personas con esquizofrenia<\/h2>\n\n\n\n<p>Veamos algunos de los mitos m\u00e1s comunes:<\/p>\n\n\n\n<ol>\n<li><mark class=\"annotation-text annotation-text-yoast\" id=\"annotation-text-29d2059c-ef98-4d3c-9340-0f01059c1991\"><strong>MITO 1:<\/strong> Las personas con esquizofrenia no pueden trabajar.<\/mark><\/li>\n<\/ol>\n\n\n\n<ul>\n<li><strong>REALIDAD:<\/strong> Muchas trabajan con normalidad. Algunas requieren adaptaciones o ambientes m\u00e1s estructurados, pero son perfectamente capaces.<\/li>\n<\/ul>\n\n\n\n<p>2. <strong>MITO 2:<\/strong> Son peligrosas.<\/p>\n\n\n\n<ul>\n<li><strong>REALIDAD:<\/strong> Las personas con esquizofrenia no son m\u00e1s violentas que la poblaci\u00f3n general. De hecho, son m\u00e1s propensas a ser v\u00edctimas de violencia que agresoras.<\/li>\n<\/ul>\n\n\n\n<p>3. <strong>MITO 3:<\/strong> No pueden vivir solas.<\/p>\n\n\n\n<ul>\n<li><strong>REALIDAD:<\/strong> Muchas personas con esquizofrenia viven solas y se autogestionan, especialmente si han recibido tratamiento y educaci\u00f3n sobre su condici\u00f3n. \u00bfrealmente <strong><a href=\"https:\/\/fonasa.mindy.cl\/blog\/una-persona-con-esquizofrenia-puede-vivir-sola\/\">una persona con esquizofrenia puede vivir sola<\/a><\/strong>?<\/li>\n<\/ul>\n\n\n\n<p>4. <strong>MITO 4:<\/strong> No pueden tener una relaci\u00f3n de pareja.<\/p>\n\n\n\n<ul>\n<li><strong>REALIDAD:<\/strong> Aunque puede haber desaf\u00edos, muchas personas con este diagn\u00f3stico tienen relaciones afectivas, se casan o forman familias.<\/li>\n<\/ul>\n\n\n\n<p>5. <strong>MITO 5:<\/strong> La esquizofrenia siempre empeora.<\/p>\n\n\n\n<ul>\n<li><strong>REALIDAD:<\/strong> El curso es variable. Algunas personas mejoran con el tiempo, especialmente si tienen tratamiento continuo y apoyo.<\/li>\n<\/ul>\n\n\n\n<h3 class=\"wp-block-heading has-large-font-size\">Ejemplos de vida funcional (basados en casos reales, adaptados)<\/h3>\n\n\n\n<p><strong>Andrea, 34 a\u00f1os, profesora de ingl\u00e9s<\/strong><br>Fue diagnosticada con esquizofrenia paranoide a los 22, durante la universidad. Tras un episodio agudo, comenz\u00f3 tratamiento con antipsic\u00f3ticos y terapia. Hoy trabaja en un colegio, toma su medicaci\u00f3n de forma regular y participa en un grupo de apoyo una vez al mes. Tiene pareja estable y vive sola con su gato.<\/p>\n\n\n\n<p><strong>Carlos, 45 a\u00f1os, maestro panadero<\/strong><br>Pas\u00f3 por varios internamientos psiqui\u00e1tricos en su juventud. Con el tiempo, logr\u00f3 estabilizarse con una combinaci\u00f3n de medicaci\u00f3n, talleres de reinserci\u00f3n y terapia ocupacional. Hace 10 a\u00f1os que trabaja en una panader\u00eda. Vive con su hermana y tiene una rutina muy estructurada que lo ayuda a mantenerse enfocado.<\/p>\n\n\n\n<p><strong>Valeria, 29 a\u00f1os, estudiante de enfermer\u00eda<\/strong><br>Fue diagnosticada a los 18. Hoy est\u00e1 en su \u00faltimo a\u00f1o de carrera, con apoyo de un psiquiatra, una terapeuta y su familia. Le cuesta manejar el estr\u00e9s, pero ha aprendido a pedir ayuda cuando la necesita.<\/p>\n\n\n\n<p>Estos ejemplos muestran algo fundamental: la esquizofrenia no es un obst\u00e1culo absoluto. Con los apoyos adecuados, muchas personas pueden retomar o construir su proyecto de vida.<\/p>\n\n\n\n<h3 class=\"wp-block-heading has-text-align-left has-large-font-size\">Desaf\u00edos diarios que enfrentan las personas con esquizofrenia funcional<\/h3>\n\n\n\n<p>A pesar de que muchas personas con esquizofrenia llevan vidas activas, eso no significa que no enfrenten barreras. Algunas de ellas son externas (sociales, institucionales) y otras, internas (derivadas del propio trastorno).<\/p>\n\n\n\n<h4 class=\"wp-block-heading has-large-font-size\">1. Estigma social<\/h4>\n\n\n\n<p>Uno de los principales obst\u00e1culos es la imagen distorsionada que persiste sobre lo que significa vivir con esquizofrenia. Los estereotipos medi\u00e1ticos, la desinformaci\u00f3n y el miedo generan actitudes de rechazo o sobreprotecci\u00f3n que dificultan la integraci\u00f3n social, laboral y afectiva.<\/p>\n\n\n\n<p>El estigma tambi\u00e9n se internaliza. Muchas personas con esquizofrenia funcional sienten culpa, verg\u00fcenza o miedo de ser &#8220;descubiertas&#8221;, lo que puede llevarlas a ocultar su diagn\u00f3stico, evitando incluso buscar ayuda cuando lo necesitan.<\/p>\n\n\n\n<h4 class=\"wp-block-heading has-medium-font-size\">2. Discriminaci\u00f3n laboral y educativa<\/h4>\n\n\n\n<p>Aunque las personas con esquizofrenia pueden trabajar y estudiar, no siempre reciben las condiciones adecuadas. Algunas situaciones frecuentes son:<\/p>\n\n\n\n<ul>\n<li>Rechazo en entrevistas por antecedentes de salud mental<\/li>\n\n\n\n<li>Dudas sobre su capacidad, incluso cuando est\u00e1n estables<\/li>\n\n\n\n<li>Falta de ajustes razonables (flexibilidad horaria, supervisi\u00f3n adaptada)<\/li>\n\n\n\n<li>Ambientes laborales hostiles o poco emp\u00e1ticos<\/li>\n<\/ul>\n\n\n\n<p>En el \u00e1mbito educativo, pueden encontrarse con docentes poco informados, dificultades para acceder a becas o servicios de apoyo, y falta de contenci\u00f3n emocional.<\/p>\n\n\n\n<h4 class=\"wp-block-heading has-medium-font-size\">3. Acceso irregular al tratamiento<\/h4>\n\n\n\n<p>Aunque el sistema de salud p\u00fablico en Chile (Fonasa) ofrece atenci\u00f3n psiqui\u00e1trica y psicol\u00f3gica, el acceso puede ser desigual seg\u00fan la regi\u00f3n y la disponibilidad de profesionales. Las listas de espera, la rotaci\u00f3n de equipos, la falta de terapeutas especializados en esquizofrenia y la fragmentaci\u00f3n de los servicios dificultan la continuidad del cuidado.<\/p>\n\n\n\n<p>En el sector privado, el costo puede ser una barrera, especialmente considerando que el tratamiento es de largo plazo.<\/p>\n\n\n\n<h4 class=\"wp-block-heading has-medium-font-size\">4. Efectos secundarios del tratamiento<\/h4>\n\n\n\n<p>Los medicamentos antipsic\u00f3ticos, aunque esenciales, pueden tener efectos adversos: somnolencia, aumento de peso, temblores, rigidez muscular, alteraciones metab\u00f3licas, entre otros. Estos efectos, sumados al miedo al juicio social, hacen que algunas personas abandonen el tratamiento.<\/p>\n\n\n\n<p>Un abordaje integral que combine farmacolog\u00eda, psicoterapia, educaci\u00f3n y apoyo social es clave para mantener la estabilidad.<\/p>\n\n\n\n<h3 class=\"wp-block-heading has-large-font-size\">Inclusi\u00f3n laboral: claves para un trabajo significativo<\/h3>\n\n\n\n<p>El trabajo no solo es una fuente de ingreso; tambi\u00e9n es un espacio de socializaci\u00f3n, sentido y autoestima. Muchas personas con esquizofrenia est\u00e1n capacitadas para trabajar, pero necesitan entornos comprensivos.<\/p>\n\n\n\n<h4 class=\"wp-block-heading has-medium-font-size\">Recomendaciones para empleadores:<\/h4>\n\n\n\n<ul>\n<li>Informarse sobre salud mental, especialmente esquizofrenia.<\/li>\n\n\n\n<li>Evitar preguntas o comentarios estigmatizantes.<\/li>\n\n\n\n<li>Ofrecer espacios seguros y confidenciales para dialogar.<\/li>\n\n\n\n<li>Ser flexibles con horarios o tareas si la persona lo necesita.<\/li>\n\n\n\n<li>Promover ambientes colaborativos y respetuosos.<\/li>\n<\/ul>\n\n\n\n<h4 class=\"wp-block-heading has-medium-font-size\">Tipos de empleo recomendados:<\/h4>\n\n\n\n<p>No hay una &#8220;lista universal&#8221;, pero en general se recomienda:<\/p>\n\n\n\n<ul>\n<li>Tareas estructuradas y predecibles<\/li>\n\n\n\n<li>Ritmos de trabajo moderados<\/li>\n\n\n\n<li>Supervisi\u00f3n clara pero no invasiva<\/li>\n\n\n\n<li>Bajo nivel de estr\u00e9s interpersonal<\/li>\n<\/ul>\n\n\n\n<p>Algunas personas se desempe\u00f1an en labores administrativas, comercio, docencia, programaci\u00f3n, artes, oficios manuales, atenci\u00f3n al p\u00fablico, etc. Todo depende de la persona, su historia, intereses y nivel de estabilidad.<\/p>\n\n\n\n<h3 class=\"wp-block-heading has-large-font-size\">Inclusi\u00f3n educativa: estudiar con esquizofrenia s\u00ed es posible<\/h3>\n\n\n\n<p>Cada vez m\u00e1s j\u00f3venes y adultos diagnosticados con esquizofrenia contin\u00faan sus estudios. Sin embargo, se enfrentan a desaf\u00edos particulares:<\/p>\n\n\n\n<ul>\n<li>Fatiga cognitiva<\/li>\n\n\n\n<li>Estr\u00e9s por evaluaciones<\/li>\n\n\n\n<li>Falta de comprensi\u00f3n del entorno educativo<\/li>\n<\/ul>\n\n\n\n<h4 class=\"wp-block-heading has-medium-font-size\">Claves para apoyar a estudiantes con esquizofrenia:<\/h4>\n\n\n\n<ul>\n<li>Acompa\u00f1amiento psicopedag\u00f3gico<\/li>\n\n\n\n<li>Flexibilidad en plazos y evaluaciones<\/li>\n\n\n\n<li>Tiempo extra para rendir pruebas<\/li>\n\n\n\n<li>Tutor\u00edas individuales<\/li>\n\n\n\n<li>Coordinaci\u00f3n entre salud y educaci\u00f3n<\/li>\n<\/ul>\n\n\n\n<p>Algunas universidades chilenas han implementado programas de acompa\u00f1amiento para estudiantes con condiciones de salud mental, aunque a\u00fan son insuficientes.<\/p>\n\n\n\n<h3 class=\"wp-block-heading has-large-font-size\">El rol del entorno: familia, amigos, comunidad<\/h3>\n\n\n\n<p>Ninguna persona vive su diagn\u00f3stico en soledad. El entorno cercano juega un rol decisivo en el proceso de recuperaci\u00f3n y estabilidad.<\/p>\n\n\n\n<h4 class=\"wp-block-heading has-medium-font-size\">Familia<\/h4>\n\n\n\n<ul>\n<li>Aprender sobre la enfermedad ayuda a evitar interpretaciones err\u00f3neas.<\/li>\n\n\n\n<li>Escuchar sin juzgar, validar la experiencia.<\/li>\n\n\n\n<li>Apoyar sin invadir: fomentar la autonom\u00eda.<\/li>\n\n\n\n<li>Acompa\u00f1ar al tratamiento, estar atentos a reca\u00eddas.<\/li>\n<\/ul>\n\n\n\n<h4 class=\"wp-block-heading has-medium-font-size\">Amistades y redes sociales<\/h4>\n\n\n\n<ul>\n<li>Mantener el v\u00ednculo incluso durante crisis o internamientos.<\/li>\n\n\n\n<li>Incluir a la persona en actividades cotidianas.<\/li>\n\n\n\n<li>Ofrecer contenci\u00f3n emocional sin infantilizar.<\/li>\n<\/ul>\n\n\n\n<h4 class=\"wp-block-heading has-medium-font-size\">Comunidad<\/h4>\n\n\n\n<ul>\n<li>Promover espacios inclusivos (clubes, talleres, centros comunitarios).<\/li>\n\n\n\n<li>Fomentar campa\u00f1as de informaci\u00f3n y sensibilizaci\u00f3n.<\/li>\n\n\n\n<li>Exigir pol\u00edticas p\u00fablicas con enfoque en salud mental comunitaria.<\/li>\n<\/ul>\n\n\n\n<h3 class=\"wp-block-heading has-large-font-size\">Pol\u00edticas p\u00fablicas y derechos en Chile<\/h3>\n\n\n\n<p>Chile ha avanzado en salud mental, pero quedan grandes desaf\u00edos. La ley 21.331 sobre el reconocimiento y protecci\u00f3n de los derechos de las personas en atenci\u00f3n de salud mental establece principios importantes:<\/p>\n\n\n\n<ul>\n<li>Derecho a recibir atenci\u00f3n de calidad, oportuna y sin discriminaci\u00f3n.<\/li>\n\n\n\n<li>Derecho a la autonom\u00eda y participaci\u00f3n en las decisiones.<\/li>\n\n\n\n<li>Derecho a vivir en comunidad.<\/li>\n\n\n\n<li>Derecho al trabajo, educaci\u00f3n y salud.<\/li>\n<\/ul>\n\n\n\n<p>Sin embargo, la implementaci\u00f3n de estos derechos depende de los recursos disponibles, la formaci\u00f3n de los equipos de salud, y la voluntad institucional de generar entornos inclusivos.<\/p>\n\n\n\n<h3 class=\"wp-block-heading has-large-font-size\">Romper el estigma: acci\u00f3n social e informaci\u00f3n<\/h3>\n\n\n\n<p>El estigma es una barrera transversal. Para superarlo se necesita:<\/p>\n\n\n\n<ul>\n<li><strong>Educaci\u00f3n desde la infancia<\/strong>: incluir salud mental en el curr\u00edculo escolar.<\/li>\n\n\n\n<li><strong>Formaci\u00f3n profesional<\/strong>: en salud, educaci\u00f3n, trabajo social, derecho.<\/li>\n\n\n\n<li><strong>Medios de comunicaci\u00f3n responsables<\/strong>: evitar representar la esquizofrenia como sin\u00f3nimo de violencia.<\/li>\n\n\n\n<li><strong>Testimonios visibles<\/strong>: cuando personas con esquizofrenia comparten su experiencia, humanizan el diagn\u00f3stico.<\/li>\n<\/ul>\n\n\n\n<h3 class=\"wp-block-heading has-large-font-size\">C\u00f3mo puedes ayudar (aunque no tengas un diagn\u00f3stico)<\/h3>\n\n\n\n<ul>\n<li>Inf\u00f3rmate sobre salud mental de fuentes confiables.<\/li>\n\n\n\n<li>Evita hacer chistes o comentarios despectivos.<\/li>\n\n\n\n<li>Escucha con emp\u00e1t\u00eda si alguien te cuenta que tiene esquizofrenia.<\/li>\n\n\n\n<li>No reduzcas a la persona a su diagn\u00f3stico.<\/li>\n\n\n\n<li>Comparte informaci\u00f3n que derribe mitos.<\/li>\n\n\n\n<li>Apoya iniciativas que promuevan salud mental comunitaria.<\/li>\n<\/ul>\n\n\n\n<h3 class=\"wp-block-heading has-large-font-size\">Conclusi\u00f3n: una mirada humana y justa<\/h3>\n\n\n\n<p>Las personas con esquizofrenia no son sus s\u00edntomas, ni su diagn\u00f3stico. Son personas completas, con historias, deseos, talentos y sue\u00f1os. Muchas de ellas trabajan, estudian, cuidan a otros, participan en la sociedad y desaf\u00edan todos los d\u00edas la visi\u00f3n limitada que el estigma ha impuesto durante a\u00f1os.<\/p>\n\n\n\n<p>Reconocer su capacidad, apoyar sus procesos y crear entornos inclusivos no es solo un acto de justicia social: es una manera de construir un mundo m\u00e1s humano, m\u00e1s emp\u00e1tico y m\u00e1s saludable para todos.<\/p>\n\n\n\n<h2 class=\"wp-block-heading has-x-large-font-size\">\u00bfNo sabes por d\u00f3nde empezar? Descubre tu terapia recomendada<\/h2>\n\n\n\n<p>Iniciar un proceso psicol\u00f3gico puede generar dudas sobre cu\u00e1l es el mejor camino. En <strong>Fonasa Mindy<\/strong> queremos facilitarte el proceso: responde unas breves preguntas para identificar el modelo terap\u00e9utico m\u00e1s efectivo para tu bienestar emocional. Es r\u00e1pido, sencillo y te ayudar\u00e1 a conectar con el profesional adecuado. <\/p>\n\n\n\n<p>\ud83d\udc49 <strong><a href=\"https:\/\/form.typeform.com\/to\/jfcSJODX\" target=\"_blank\" rel=\"noreferrer noopener\">Haz clic para descubrir tu tipo de terapia<\/a><\/strong><\/p>\n","protected":false},"excerpt":{"rendered":"<p>Cuando se habla de esquizofrenia, muchas veces lo primero que aparece en la mente colectiva son estereotipos negativos: una persona desconectada de la realidad, incapaz de vivir sola, con conductas err\u00e1ticas o peligrosas. Pero la realidad es mucho m\u00e1s diversa y humana. Hoy queremos hablar sobre las personas con esquizofrenia que llevan una vida funcional: [&hellip;]<\/p>\n","protected":false},"author":2,"featured_media":1211,"comment_status":"closed","ping_status":"closed","sticky":false,"template":"","format":"standard","meta":{"footnotes":""},"categories":[114,275],"tags":[],"yoast_head":"<!-- This site is optimized with the Yoast SEO plugin v23.0 - https:\/\/yoast.com\/wordpress\/plugins\/seo\/ -->\n<title>Personas con esquizofrenia: vivir con un diagn\u00f3stico<\/title>\n<meta name=\"description\" content=\"Personas con esquizofrenia que viven, estudian, trabajan, ganando dinero, y llevan una vida como cualquier ciudadano com\u00fan... EXISTEN.\" \/>\n<meta name=\"robots\" content=\"index, follow, max-snippet:-1, max-image-preview:large, max-video-preview:-1\" \/>\n<link rel=\"canonical\" href=\"https:\/\/fonasa.mindy.cl\/blog\/personas-con-esquizofrenia\/\" \/>\n<meta property=\"og:locale\" content=\"es_ES\" \/>\n<meta property=\"og:type\" content=\"article\" \/>\n<meta property=\"og:title\" content=\"Personas con esquizofrenia: vivir con un diagn\u00f3stico\" \/>\n<meta property=\"og:description\" content=\"Personas con esquizofrenia que viven, estudian, trabajan, ganando dinero, y llevan una vida como cualquier ciudadano com\u00fan... EXISTEN.\" \/>\n<meta property=\"og:url\" content=\"https:\/\/fonasa.mindy.cl\/blog\/personas-con-esquizofrenia\/\" \/>\n<meta property=\"og:site_name\" content=\"Mindy Fonasa Blog\" \/>\n<meta property=\"article:published_time\" content=\"2025-09-30T22:09:57+00:00\" \/>\n<meta property=\"article:modified_time\" content=\"2026-04-21T12:52:56+00:00\" \/>\n<meta property=\"og:image\" content=\"https:\/\/fonasa.mindy.cl\/blog\/wp-content\/uploads\/2025\/09\/cosplay-5650210_640.jpg\" \/>\n\t<meta property=\"og:image:width\" content=\"640\" \/>\n\t<meta property=\"og:image:height\" content=\"427\" \/>\n\t<meta property=\"og:image:type\" content=\"image\/jpeg\" \/>\n<meta name=\"author\" content=\"reinaldo@mindy.cl\" \/>\n<meta name=\"twitter:card\" content=\"summary_large_image\" \/>\n<meta name=\"twitter:label1\" content=\"Written by\" \/>\n\t<meta name=\"twitter:data1\" content=\"reinaldo@mindy.cl\" \/>\n\t<meta name=\"twitter:label2\" content=\"Est. reading time\" \/>\n\t<meta name=\"twitter:data2\" content=\"11 minutos\" \/>\n<script type=\"application\/ld+json\" class=\"yoast-schema-graph\">{\"@context\":\"https:\/\/schema.org\",\"@graph\":[{\"@type\":\"Article\",\"@id\":\"https:\/\/fonasa.mindy.cl\/blog\/personas-con-esquizofrenia\/#article\",\"isPartOf\":{\"@id\":\"https:\/\/fonasa.mindy.cl\/blog\/personas-con-esquizofrenia\/\"},\"author\":{\"name\":\"reinaldo@mindy.cl\",\"@id\":\"https:\/\/fonasa.mindy.cl\/blog\/#\/schema\/person\/6b2fdf85e03858572a636b7b9ce17d81\"},\"headline\":\"Personas con esquizofrenia: vivir con un diagn\u00f3stico\",\"datePublished\":\"2025-09-30T22:09:57+00:00\",\"dateModified\":\"2026-04-21T12:52:56+00:00\",\"mainEntityOfPage\":{\"@id\":\"https:\/\/fonasa.mindy.cl\/blog\/personas-con-esquizofrenia\/\"},\"wordCount\":2257,\"publisher\":{\"@id\":\"https:\/\/fonasa.mindy.cl\/blog\/#organization\"},\"image\":{\"@id\":\"https:\/\/fonasa.mindy.cl\/blog\/personas-con-esquizofrenia\/#primaryimage\"},\"thumbnailUrl\":\"https:\/\/fonasa.mindy.cl\/blog\/wp-content\/uploads\/2025\/09\/cosplay-5650210_640.jpg\",\"articleSection\":[\"Psic\u00f3logos Fonasa\",\"Trastornos\"],\"inLanguage\":\"es-CL\"},{\"@type\":\"WebPage\",\"@id\":\"https:\/\/fonasa.mindy.cl\/blog\/personas-con-esquizofrenia\/\",\"url\":\"https:\/\/fonasa.mindy.cl\/blog\/personas-con-esquizofrenia\/\",\"name\":\"Personas con esquizofrenia: vivir con un diagn\u00f3stico\",\"isPartOf\":{\"@id\":\"https:\/\/fonasa.mindy.cl\/blog\/#website\"},\"primaryImageOfPage\":{\"@id\":\"https:\/\/fonasa.mindy.cl\/blog\/personas-con-esquizofrenia\/#primaryimage\"},\"image\":{\"@id\":\"https:\/\/fonasa.mindy.cl\/blog\/personas-con-esquizofrenia\/#primaryimage\"},\"thumbnailUrl\":\"https:\/\/fonasa.mindy.cl\/blog\/wp-content\/uploads\/2025\/09\/cosplay-5650210_640.jpg\",\"datePublished\":\"2025-09-30T22:09:57+00:00\",\"dateModified\":\"2026-04-21T12:52:56+00:00\",\"description\":\"Personas con esquizofrenia que viven, estudian, trabajan, ganando dinero, y llevan una vida como cualquier ciudadano com\u00fan... EXISTEN.\",\"breadcrumb\":{\"@id\":\"https:\/\/fonasa.mindy.cl\/blog\/personas-con-esquizofrenia\/#breadcrumb\"},\"inLanguage\":\"es-CL\",\"potentialAction\":[{\"@type\":\"ReadAction\",\"target\":[\"https:\/\/fonasa.mindy.cl\/blog\/personas-con-esquizofrenia\/\"]}]},{\"@type\":\"ImageObject\",\"inLanguage\":\"es-CL\",\"@id\":\"https:\/\/fonasa.mindy.cl\/blog\/personas-con-esquizofrenia\/#primaryimage\",\"url\":\"https:\/\/fonasa.mindy.cl\/blog\/wp-content\/uploads\/2025\/09\/cosplay-5650210_640.jpg\",\"contentUrl\":\"https:\/\/fonasa.mindy.cl\/blog\/wp-content\/uploads\/2025\/09\/cosplay-5650210_640.jpg\",\"width\":640,\"height\":427,\"caption\":\"Personas con esquizofrenia\"},{\"@type\":\"BreadcrumbList\",\"@id\":\"https:\/\/fonasa.mindy.cl\/blog\/personas-con-esquizofrenia\/#breadcrumb\",\"itemListElement\":[{\"@type\":\"ListItem\",\"position\":1,\"name\":\"Home\",\"item\":\"https:\/\/fonasa.mindy.cl\/blog\/\"},{\"@type\":\"ListItem\",\"position\":2,\"name\":\"Personas con esquizofrenia: vivir con un diagn\u00f3stico\"}]},{\"@type\":\"WebSite\",\"@id\":\"https:\/\/fonasa.mindy.cl\/blog\/#website\",\"url\":\"https:\/\/fonasa.mindy.cl\/blog\/\",\"name\":\"Mindy Fonasa Blog\",\"description\":\"Un blog de salud mental\",\"publisher\":{\"@id\":\"https:\/\/fonasa.mindy.cl\/blog\/#organization\"},\"potentialAction\":[{\"@type\":\"SearchAction\",\"target\":{\"@type\":\"EntryPoint\",\"urlTemplate\":\"https:\/\/fonasa.mindy.cl\/blog\/?s={search_term_string}\"},\"query-input\":\"required name=search_term_string\"}],\"inLanguage\":\"es-CL\"},{\"@type\":\"Organization\",\"@id\":\"https:\/\/fonasa.mindy.cl\/blog\/#organization\",\"name\":\"Mindy Fonasa Blog\",\"url\":\"https:\/\/fonasa.mindy.cl\/blog\/\",\"logo\":{\"@type\":\"ImageObject\",\"inLanguage\":\"es-CL\",\"@id\":\"https:\/\/fonasa.mindy.cl\/blog\/#\/schema\/logo\/image\/\",\"url\":\"https:\/\/fonasa.mindy.cl\/blog\/wp-content\/uploads\/2024\/07\/logo_cuadrado.png\",\"contentUrl\":\"https:\/\/fonasa.mindy.cl\/blog\/wp-content\/uploads\/2024\/07\/logo_cuadrado.png\",\"width\":300,\"height\":300,\"caption\":\"Mindy Fonasa Blog\"},\"image\":{\"@id\":\"https:\/\/fonasa.mindy.cl\/blog\/#\/schema\/logo\/image\/\"}},{\"@type\":\"Person\",\"@id\":\"https:\/\/fonasa.mindy.cl\/blog\/#\/schema\/person\/6b2fdf85e03858572a636b7b9ce17d81\",\"name\":\"reinaldo@mindy.cl\",\"url\":\"https:\/\/fonasa.mindy.cl\/blog\/author\/reinaldomindy-cl\/\"}]}<\/script>\n<!-- \/ Yoast SEO plugin. -->","yoast_head_json":{"title":"Personas con esquizofrenia: vivir con un diagn\u00f3stico","description":"Personas con esquizofrenia que viven, estudian, trabajan, ganando dinero, y llevan una vida como cualquier ciudadano com\u00fan... EXISTEN.","robots":{"index":"index","follow":"follow","max-snippet":"max-snippet:-1","max-image-preview":"max-image-preview:large","max-video-preview":"max-video-preview:-1"},"canonical":"https:\/\/fonasa.mindy.cl\/blog\/personas-con-esquizofrenia\/","og_locale":"es_ES","og_type":"article","og_title":"Personas con esquizofrenia: vivir con un diagn\u00f3stico","og_description":"Personas con esquizofrenia que viven, estudian, trabajan, ganando dinero, y llevan una vida como cualquier ciudadano com\u00fan... EXISTEN.","og_url":"https:\/\/fonasa.mindy.cl\/blog\/personas-con-esquizofrenia\/","og_site_name":"Mindy Fonasa Blog","article_published_time":"2025-09-30T22:09:57+00:00","article_modified_time":"2026-04-21T12:52:56+00:00","og_image":[{"width":640,"height":427,"url":"https:\/\/fonasa.mindy.cl\/blog\/wp-content\/uploads\/2025\/09\/cosplay-5650210_640.jpg","type":"image\/jpeg"}],"author":"reinaldo@mindy.cl","twitter_card":"summary_large_image","twitter_misc":{"Written by":"reinaldo@mindy.cl","Est. reading time":"11 minutos"},"schema":{"@context":"https:\/\/schema.org","@graph":[{"@type":"Article","@id":"https:\/\/fonasa.mindy.cl\/blog\/personas-con-esquizofrenia\/#article","isPartOf":{"@id":"https:\/\/fonasa.mindy.cl\/blog\/personas-con-esquizofrenia\/"},"author":{"name":"reinaldo@mindy.cl","@id":"https:\/\/fonasa.mindy.cl\/blog\/#\/schema\/person\/6b2fdf85e03858572a636b7b9ce17d81"},"headline":"Personas con esquizofrenia: vivir con un diagn\u00f3stico","datePublished":"2025-09-30T22:09:57+00:00","dateModified":"2026-04-21T12:52:56+00:00","mainEntityOfPage":{"@id":"https:\/\/fonasa.mindy.cl\/blog\/personas-con-esquizofrenia\/"},"wordCount":2257,"publisher":{"@id":"https:\/\/fonasa.mindy.cl\/blog\/#organization"},"image":{"@id":"https:\/\/fonasa.mindy.cl\/blog\/personas-con-esquizofrenia\/#primaryimage"},"thumbnailUrl":"https:\/\/fonasa.mindy.cl\/blog\/wp-content\/uploads\/2025\/09\/cosplay-5650210_640.jpg","articleSection":["Psic\u00f3logos Fonasa","Trastornos"],"inLanguage":"es-CL"},{"@type":"WebPage","@id":"https:\/\/fonasa.mindy.cl\/blog\/personas-con-esquizofrenia\/","url":"https:\/\/fonasa.mindy.cl\/blog\/personas-con-esquizofrenia\/","name":"Personas con esquizofrenia: vivir con un diagn\u00f3stico","isPartOf":{"@id":"https:\/\/fonasa.mindy.cl\/blog\/#website"},"primaryImageOfPage":{"@id":"https:\/\/fonasa.mindy.cl\/blog\/personas-con-esquizofrenia\/#primaryimage"},"image":{"@id":"https:\/\/fonasa.mindy.cl\/blog\/personas-con-esquizofrenia\/#primaryimage"},"thumbnailUrl":"https:\/\/fonasa.mindy.cl\/blog\/wp-content\/uploads\/2025\/09\/cosplay-5650210_640.jpg","datePublished":"2025-09-30T22:09:57+00:00","dateModified":"2026-04-21T12:52:56+00:00","description":"Personas con esquizofrenia que viven, estudian, trabajan, ganando dinero, y llevan una vida como cualquier ciudadano com\u00fan... EXISTEN.","breadcrumb":{"@id":"https:\/\/fonasa.mindy.cl\/blog\/personas-con-esquizofrenia\/#breadcrumb"},"inLanguage":"es-CL","potentialAction":[{"@type":"ReadAction","target":["https:\/\/fonasa.mindy.cl\/blog\/personas-con-esquizofrenia\/"]}]},{"@type":"ImageObject","inLanguage":"es-CL","@id":"https:\/\/fonasa.mindy.cl\/blog\/personas-con-esquizofrenia\/#primaryimage","url":"https:\/\/fonasa.mindy.cl\/blog\/wp-content\/uploads\/2025\/09\/cosplay-5650210_640.jpg","contentUrl":"https:\/\/fonasa.mindy.cl\/blog\/wp-content\/uploads\/2025\/09\/cosplay-5650210_640.jpg","width":640,"height":427,"caption":"Personas con esquizofrenia"},{"@type":"BreadcrumbList","@id":"https:\/\/fonasa.mindy.cl\/blog\/personas-con-esquizofrenia\/#breadcrumb","itemListElement":[{"@type":"ListItem","position":1,"name":"Home","item":"https:\/\/fonasa.mindy.cl\/blog\/"},{"@type":"ListItem","position":2,"name":"Personas con esquizofrenia: vivir con un diagn\u00f3stico"}]},{"@type":"WebSite","@id":"https:\/\/fonasa.mindy.cl\/blog\/#website","url":"https:\/\/fonasa.mindy.cl\/blog\/","name":"Mindy Fonasa Blog","description":"Un blog de salud mental","publisher":{"@id":"https:\/\/fonasa.mindy.cl\/blog\/#organization"},"potentialAction":[{"@type":"SearchAction","target":{"@type":"EntryPoint","urlTemplate":"https:\/\/fonasa.mindy.cl\/blog\/?s={search_term_string}"},"query-input":"required name=search_term_string"}],"inLanguage":"es-CL"},{"@type":"Organization","@id":"https:\/\/fonasa.mindy.cl\/blog\/#organization","name":"Mindy Fonasa Blog","url":"https:\/\/fonasa.mindy.cl\/blog\/","logo":{"@type":"ImageObject","inLanguage":"es-CL","@id":"https:\/\/fonasa.mindy.cl\/blog\/#\/schema\/logo\/image\/","url":"https:\/\/fonasa.mindy.cl\/blog\/wp-content\/uploads\/2024\/07\/logo_cuadrado.png","contentUrl":"https:\/\/fonasa.mindy.cl\/blog\/wp-content\/uploads\/2024\/07\/logo_cuadrado.png","width":300,"height":300,"caption":"Mindy Fonasa Blog"},"image":{"@id":"https:\/\/fonasa.mindy.cl\/blog\/#\/schema\/logo\/image\/"}},{"@type":"Person","@id":"https:\/\/fonasa.mindy.cl\/blog\/#\/schema\/person\/6b2fdf85e03858572a636b7b9ce17d81","name":"reinaldo@mindy.cl","url":"https:\/\/fonasa.mindy.cl\/blog\/author\/reinaldomindy-cl\/"}]}},"_links":{"self":[{"href":"https:\/\/fonasa.mindy.cl\/blog\/wp-json\/wp\/v2\/posts\/707"}],"collection":[{"href":"https:\/\/fonasa.mindy.cl\/blog\/wp-json\/wp\/v2\/posts"}],"about":[{"href":"https:\/\/fonasa.mindy.cl\/blog\/wp-json\/wp\/v2\/types\/post"}],"author":[{"embeddable":true,"href":"https:\/\/fonasa.mindy.cl\/blog\/wp-json\/wp\/v2\/users\/2"}],"replies":[{"embeddable":true,"href":"https:\/\/fonasa.mindy.cl\/blog\/wp-json\/wp\/v2\/comments?post=707"}],"version-history":[{"count":9,"href":"https:\/\/fonasa.mindy.cl\/blog\/wp-json\/wp\/v2\/posts\/707\/revisions"}],"predecessor-version":[{"id":1912,"href":"https:\/\/fonasa.mindy.cl\/blog\/wp-json\/wp\/v2\/posts\/707\/revisions\/1912"}],"wp:featuredmedia":[{"embeddable":true,"href":"https:\/\/fonasa.mindy.cl\/blog\/wp-json\/wp\/v2\/media\/1211"}],"wp:attachment":[{"href":"https:\/\/fonasa.mindy.cl\/blog\/wp-json\/wp\/v2\/media?parent=707"}],"wp:term":[{"taxonomy":"category","embeddable":true,"href":"https:\/\/fonasa.mindy.cl\/blog\/wp-json\/wp\/v2\/categories?post=707"},{"taxonomy":"post_tag","embeddable":true,"href":"https:\/\/fonasa.mindy.cl\/blog\/wp-json\/wp\/v2\/tags?post=707"}],"curies":[{"name":"wp","href":"https:\/\/api.w.org\/{rel}","templated":true}]}}