{"id":705,"date":"2025-09-30T19:07:08","date_gmt":"2025-09-30T22:07:08","guid":{"rendered":"https:\/\/fonasa.mindy.cl\/blog\/?p=705"},"modified":"2026-03-25T11:55:13","modified_gmt":"2026-03-25T14:55:13","slug":"apnea-del-sueno-en-chile","status":"publish","type":"post","link":"https:\/\/fonasa.mindy.cl\/blog\/apnea-del-sueno-en-chile\/","title":{"rendered":"Apnea del sue\u00f1o en Chile: cuando dormir no es descansar"},"content":{"rendered":"\n<p><strong>\u00bfTe despiertas cansado a pesar de haber dormido toda la noche?<\/strong> \u00bfSientes somnolencia durante el d\u00eda, dolores de cabeza matutinos o te han dicho que roncas fuerte o que dejas de respirar mientras duermes? <strong>Podr\u00edas estar viviendo con apnea del sue\u00f1o sin saberlo. <\/strong> <strong>Este trastorno<\/strong>, muchas veces subdiagnosticado, <strong>afecta a miles de personas en el pa\u00eds. <\/strong>Exploraremos qu\u00e9 es la apnea del sue\u00f1o en Chile, cu\u00e1les son sus s\u00edntomas, c\u00f3mo se detecta y por qu\u00e9 es importante prestarle atenci\u00f3n.<\/p>\n\n\n\n<h2 class=\"wp-block-heading has-x-large-font-size\">\u00bfQu\u00e9 es la apnea del sue\u00f1o?<\/h2>\n\n\n\n<p>La apnea del sue\u00f1o es un trastorno respiratorio que se caracteriza por interrupciones repetidas en la respiraci\u00f3n durante el sue\u00f1o. Estas pausas pueden durar desde unos pocos segundos hasta m\u00e1s de un minuto y suelen ir acompa\u00f1adas de ronquidos, jadeos o microdespertares que fragmentan el descanso. El tipo m\u00e1s com\u00fan es la apnea obstructiva del sue\u00f1o (AOS), causada por el colapso parcial o total de las v\u00edas respiratorias superiores.<\/p>\n\n\n\n<p>Cuando estas interrupciones ocurren con frecuencia, el cuerpo no logra alcanzar un sue\u00f1o profundo y reparador, lo que genera consecuencias importantes para la salud f\u00edsica, mental y emocional. Adem\u00e1s, la falta de oxigenaci\u00f3n puede tener efectos acumulativos sobre el sistema cardiovascular, metab\u00f3lico y neurol\u00f3gico.<\/p>\n\n\n\n<h3 class=\"wp-block-heading has-large-font-size\">\u00bfPor qu\u00e9 es importante hablar de la apnea del sue\u00f1o en Chile?<\/h3>\n\n\n\n<p>En Chile, la apnea del sue\u00f1o es un problema de salud que est\u00e1 ganando visibilidad, pero sigue siendo poco diagnosticado. Seg\u00fan un estudio publicado en la Revista M\u00e9dica de Chile, que analiz\u00f3 datos de la Encuesta Nacional de Salud 2016-2017 en la Regi\u00f3n Metropolitana, se estima que un 16,2% de la poblaci\u00f3n adulta podr\u00eda presentar apnea del sue\u00f1o moderada a severa (<a href=\"https:\/\/www.scielo.cl\/scielo.php?pid=S0034-98872020000700895&amp;script=sci_arttext\">fuente<\/a>). Sin embargo, se cree que muchas personas afectadas no han sido diagnosticadas ni reciben tratamiento adecuado.<\/p>\n\n\n\n<p>La apnea del sue\u00f1o no solo reduce la calidad de vida, sino que aumenta el riesgo de enfermedades cr\u00f3nicas como hipertensi\u00f3n, diabetes tipo 2, accidentes cerebrovasculares, enfermedades del coraz\u00f3n e incluso problemas de salud mental como depresi\u00f3n y ansiedad. Tambi\u00e9n se ha relacionado con una mayor probabilidad de accidentes de tr\u00e1nsito y errores laborales debido a la somnolencia diurna.<\/p>\n\n\n\n<h3 class=\"wp-block-heading has-large-font-size\">Tipos de apnea del sue\u00f1o<\/h3>\n\n\n\n<ol>\n<li><strong>Apnea obstructiva del sue\u00f1o (AOS):<\/strong> es la forma m\u00e1s com\u00fan. Ocurre cuando los m\u00fasculos de la garganta se relajan excesivamente y bloquean las v\u00edas respiratorias.<\/li>\n\n\n\n<li><strong>Apnea central del sue\u00f1o:<\/strong> menos frecuente, se origina cuando el cerebro no env\u00eda las se\u00f1ales adecuadas a los m\u00fasculos que controlan la respiraci\u00f3n.<\/li>\n\n\n\n<li><strong>Apnea mixta o compleja:<\/strong> combina elementos de ambas anteriores.<\/li>\n<\/ol>\n\n\n\n<h3 class=\"wp-block-heading has-large-font-size\">Factores de riesgo<\/h3>\n\n\n\n<p>Diversos factores aumentan la probabilidad de desarrollar apnea del sue\u00f1o:<\/p>\n\n\n\n<ul>\n<li>Edad avanzada<\/li>\n\n\n\n<li>Sobrepeso u obesidad<\/li>\n\n\n\n<li>Circunferencia de cuello aumentada<\/li>\n\n\n\n<li>Sexo masculino (aunque las mujeres postmenop\u00e1usicas tambi\u00e9n est\u00e1n en riesgo)<\/li>\n\n\n\n<li>Consumo de alcohol o sedantes<\/li>\n\n\n\n<li>Tabaquismo<\/li>\n\n\n\n<li>Anomal\u00edas anat\u00f3micas (como am\u00edgdalas grandes o desviaci\u00f3n del tabique nasal)<\/li>\n\n\n\n<li>Antecedentes familiares del trastorno<\/li>\n<\/ul>\n\n\n\n<h3 class=\"wp-block-heading has-large-font-size\">S\u00edntomas y se\u00f1ales de alerta<\/h3>\n\n\n\n<p>Muchas personas con apnea del sue\u00f1o no son conscientes de su condici\u00f3n, ya que ocurre mientras duermen. Sin embargo, hay varias se\u00f1ales que pueden alertar tanto a la persona afectada como a quienes la rodean:<\/p>\n\n\n\n<ul>\n<li>Ronquidos fuertes y persistentes<\/li>\n\n\n\n<li>Pausas en la respiraci\u00f3n observadas por otra persona<\/li>\n\n\n\n<li>Despertares frecuentes con sensaci\u00f3n de asfixia o falta de aire<\/li>\n\n\n\n<li>Boca seca o dolor de garganta al despertar<\/li>\n\n\n\n<li>Cefaleas matutinas<\/li>\n\n\n\n<li>Somnolencia excesiva durante el d\u00eda<\/li>\n\n\n\n<li>Irritabilidad, cambios de \u00e1nimo o dificultad para concentrarse<\/li>\n\n\n\n<li>Disminuci\u00f3n del rendimiento laboral o acad\u00e9mico<\/li>\n<\/ul>\n\n\n\n<p>Estos s\u00edntomas no deben ser ignorados, ya que podr\u00edan ser indicativos de un trastorno que requiere evaluaci\u00f3n profesional.<\/p>\n\n\n\n<h2 class=\"wp-block-heading has-x-large-font-size\">Diagn\u00f3stico: \u00bfC\u00f3mo se detecta la apnea del sue\u00f1o en Chile?<\/h2>\n\n\n\n<p>El diagn\u00f3stico de la apnea del sue\u00f1o se realiza a trav\u00e9s de una evaluaci\u00f3n cl\u00ednica, cuestionarios espec\u00edficos y estudios del sue\u00f1o. Algunos centros especializados en Chile, como el Centro del Sue\u00f1o UC CHRISTUS, ofrecen estas evaluaciones con equipos multidisciplinarios (<a href=\"https:\/\/www.ucchristus.cl\/especialidades-y-servicios\/centros\/centro-del-sueno\">fuente<\/a>).<\/p>\n\n\n\n<h3 class=\"wp-block-heading has-large-font-size\">Evaluaci\u00f3n inicial<\/h3>\n\n\n\n<p>Incluye la revisi\u00f3n de antecedentes m\u00e9dicos, s\u00edntomas y la aplicaci\u00f3n de cuestionarios como:<\/p>\n\n\n\n<ul>\n<li><strong>STOP-Bang:<\/strong> eval\u00faa factores de riesgo como ronquidos, somnolencia, presi\u00f3n arterial alta, IMC, edad, entre otros.<\/li>\n\n\n\n<li><strong>Epworth:<\/strong> mide el nivel de somnolencia diurna en distintas situaciones cotidianas.<\/li>\n<\/ul>\n\n\n\n<h3 class=\"wp-block-heading has-large-font-size\">Estudios del sue\u00f1o<\/h3>\n\n\n\n<ol>\n<li><strong>Polisomnograf\u00eda nocturna (PSG):<\/strong> es el estudio m\u00e1s completo y se realiza generalmente en un laboratorio del sue\u00f1o. Registra actividad cerebral, respiraci\u00f3n, niveles de ox\u00edgeno, movimientos musculares, ritmo cardiaco, entre otros.<\/li>\n\n\n\n<li><strong>Poligraf\u00eda respiratoria domiciliaria:<\/strong> se realiza en casa y registra variables respiratorias y de oxigenaci\u00f3n. Es una opci\u00f3n m\u00e1s accesible y menos invasiva, pero menos detallada.<\/li>\n<\/ol>\n\n\n\n<p>El resultado se mide con el \u00cdndice de Apnea-Hipopnea (IAH), que cuantifica el n\u00famero de eventos respiratorios por hora de sue\u00f1o:<\/p>\n\n\n\n<ul>\n<li>Leve: 5 a 14 eventos por hora<\/li>\n\n\n\n<li>Moderado: 15 a 29 eventos por hora<\/li>\n\n\n\n<li>Severo: 30 o m\u00e1s eventos por hora<\/li>\n<\/ul>\n\n\n\n<h3 class=\"wp-block-heading has-large-font-size\">Prevalencia de la apnea del sue\u00f1o en Chile<\/h3>\n\n\n\n<p>A pesar de que no existen cifras nacionales totalmente actualizadas, diversos estudios han intentado estimar la magnitud del problema:<\/p>\n\n\n\n<ul>\n<li><strong>Estudio en la Regi\u00f3n Metropolitana:<\/strong> cerca del 16,2% de adultos podr\u00edan tener apnea del sue\u00f1o moderada a severa, y un porcentaje mucho mayor podr\u00eda presentar formas leves o estar en riesgo (<a href=\"https:\/\/www.scielo.cl\/scielo.php?pid=S0034-98872020000700895&amp;script=sci_arttext\">Revista M\u00e9dica de Chile<\/a>).<\/li>\n\n\n\n<li><strong>Estudio con cuestionario STOP-Bang en funcionarios de salud:<\/strong> estim\u00f3 que un 8,5% ten\u00eda alto riesgo de SAHOS (<a href=\"https:\/\/www.researchgate.net\/publication\/345090666_Estimacion_de_la_prevalencia_de_riesgo_de_sindrome_de_apneas_obstructivas_del_sueno_en_funcionarios_de_una_Institucion_de_Salud_segun_el_cuestionario_STOP-Bang\">ResearchGate<\/a>).<\/li>\n\n\n\n<li><strong>Estudio en ni\u00f1os y adolescentes:<\/strong> se encontr\u00f3 una prevalencia de 2,2% en una muestra de escolares entre 4 y 18 a\u00f1os (<a href=\"https:\/\/revistas.udec.cl\/index.php\/journal_of_oral_research\/article\/view\/1874\">Revista de la Universidad de Concepci\u00f3n<\/a>).<\/li>\n<\/ul>\n\n\n\n<p>Estas cifras sugieren que la apnea del sue\u00f1o en Chile es una condici\u00f3n frecuente, aunque a\u00fan subestimada. Se requieren m\u00e1s estudios a nivel nacional para conocer con precisi\u00f3n la prevalencia en distintas regiones y grupos et\u00e1reos.<\/p>\n\n\n\n<h3 class=\"wp-block-heading has-large-font-size\">Consecuencias de no tratar la apnea del sue\u00f1o<\/h3>\n\n\n\n<p>Ignorar los s\u00edntomas de apnea del sue\u00f1o puede tener un impacto profundo en la salud y la calidad de vida. Algunas de las consecuencias incluyen:<\/p>\n\n\n\n<ul>\n<li><strong>Hipertensi\u00f3n arterial:<\/strong> las apneas repetidas aumentan la actividad del sistema nervioso simp\u00e1tico, elevando la presi\u00f3n arterial de forma sostenida.<\/li>\n\n\n\n<li><strong>Enfermedades cardiovasculares:<\/strong> mayor riesgo de infartos, arritmias y accidentes cerebrovasculares.<\/li>\n\n\n\n<li><strong>Trastornos metab\u00f3licos:<\/strong> la apnea se ha asociado a resistencia a la insulina y mayor probabilidad de desarrollar diabetes tipo 2.<\/li>\n\n\n\n<li><strong>Deterioro cognitivo:<\/strong> problemas de concentraci\u00f3n, atenci\u00f3n, memoria y procesamiento de informaci\u00f3n.<\/li>\n\n\n\n<li><strong>Trastornos del \u00e1nimo:<\/strong> fatiga cr\u00f3nica, ansiedad, depresi\u00f3n y menor tolerancia al estr\u00e9s.<\/li>\n\n\n\n<li><strong>Accidentes:<\/strong> somnolencia excesiva que puede provocar accidentes de tr\u00e1nsito o errores en el trabajo.<\/li>\n<\/ul>\n\n\n\n<p>El tratamiento de la apnea del sue\u00f1o en Chile, como en otros pa\u00edses, depende de la gravedad del trastorno, la causa subyacente y las caracter\u00edsticas del paciente. La mayor\u00eda de los casos, especialmente los moderados a severos, requieren una combinaci\u00f3n de intervenciones m\u00e9dicas, tecnol\u00f3gicas y de cambios conductuales. Veamos las principales alternativas:<\/p>\n\n\n\n<h2 class=\"wp-block-heading has-x-large-font-size\">\u00bfQu\u00e9 opciones de tratamiento existen para la apnea del sue\u00f1o?<\/h2>\n\n\n\n<figure class=\"wp-block-image alignwide size-full\"><img loading=\"lazy\" decoding=\"async\" width=\"640\" height=\"427\" src=\"https:\/\/fonasa.mindy.cl\/blog\/wp-content\/uploads\/2025\/12\/pexels-didsss-5623402-1.jpg\" alt=\"Apnea del sue\u00f1o\" class=\"wp-image-1206\"\/><\/figure>\n\n\n\n<h3 class=\"wp-block-heading has-large-font-size\">1. Cambios en el estilo de vida<\/h3>\n\n\n\n<p>Para los casos leves o como complemento al tratamiento m\u00e9dico, modificar ciertos h\u00e1bitos puede tener un impacto significativo:<\/p>\n\n\n\n<ul>\n<li><strong>Bajar de peso:<\/strong> la obesidad es uno de los principales factores de riesgo para la apnea del sue\u00f1o. Incluso una p\u00e9rdida moderada de peso puede reducir la severidad del trastorno.<\/li>\n\n\n\n<li><strong>Evitar el alcohol y los sedantes:<\/strong> estas sustancias relajan los m\u00fasculos de la garganta y pueden empeorar las apneas.<\/li>\n\n\n\n<li><strong>Dormir de lado:<\/strong> algunas personas experimentan m\u00e1s apneas cuando duermen boca arriba, por lo que cambiar de posici\u00f3n puede ayudar.<\/li>\n\n\n\n<li><strong>Establecer horarios regulares de sue\u00f1o:<\/strong> mantener una buena higiene del sue\u00f1o mejora la calidad del descanso.<\/li>\n\n\n\n<li><strong>Dejar de fumar:<\/strong> el tabaco favorece la inflamaci\u00f3n de las v\u00edas respiratorias.<\/li>\n<\/ul>\n\n\n\n<h3 class=\"wp-block-heading has-large-font-size\">2. Terapia con presi\u00f3n positiva continua en la v\u00eda a\u00e9rea (CPAP)<\/h3>\n\n\n\n<p>Es el tratamiento m\u00e1s eficaz y com\u00fanmente utilizado para los casos moderados a severos de apnea obstructiva del sue\u00f1o. Consiste en una m\u00e1scara que se usa durante la noche y que est\u00e1 conectada a una m\u00e1quina que suministra aire a presi\u00f3n constante, evitando el colapso de las v\u00edas respiratorias.<\/p>\n\n\n\n<p><strong>Ventajas:<\/strong><\/p>\n\n\n\n<ul>\n<li>Alta eficacia para reducir los episodios de apnea.<\/li>\n\n\n\n<li>Mejora r\u00e1pida de la somnolencia diurna y calidad de vida.<\/li>\n\n\n\n<li>Reducci\u00f3n de riesgos cardiovasculares y metab\u00f3licos.<\/li>\n<\/ul>\n\n\n\n<p><strong>Desaf\u00edos:<\/strong><\/p>\n\n\n\n<ul>\n<li>Requiere adaptaci\u00f3n y compromiso.<\/li>\n\n\n\n<li>Algunas personas reportan molestias o sequedad nasal.<\/li>\n\n\n\n<li>El costo del equipo puede ser una barrera (aunque hay opciones de financiamiento o arriendo en Chile).<\/li>\n<\/ul>\n\n\n\n<h3 class=\"wp-block-heading has-large-font-size\">3. Dispositivos de avance mandibular (DAM)<\/h3>\n\n\n\n<p>Son aparatos intraorales similares a un protector bucal que reposicionan la mand\u00edbula inferior hacia adelante para mantener las v\u00edas respiratorias abiertas durante el sue\u00f1o. Se indican principalmente en casos leves o cuando el CPAP no es tolerado.<\/p>\n\n\n\n<p>Deben ser prescritos por un especialista y ajustados por un dentista con formaci\u00f3n en medicina del sue\u00f1o.<\/p>\n\n\n\n<h3 class=\"wp-block-heading has-large-font-size\">4. Cirug\u00eda<\/h3>\n\n\n\n<p>Cuando existen anormalidades anat\u00f3micas que contribuyen a la apnea (como am\u00edgdalas grandes, tabique desviado o maxilares retra\u00eddos), puede considerarse la intervenci\u00f3n quir\u00fargica. Algunas opciones incluyen:<\/p>\n\n\n\n<ul>\n<li>Uvulopalatofaringoplastia (UPFP)<\/li>\n\n\n\n<li>Cirug\u00edas ortogn\u00e1ticas<\/li>\n\n\n\n<li>Avance maxilomandibular<\/li>\n<\/ul>\n\n\n\n<p>La cirug\u00eda no es la primera l\u00ednea de tratamiento, pero puede ser necesaria en casos seleccionados.<\/p>\n\n\n\n<h3 class=\"wp-block-heading has-large-font-size\">5. Tratamientos emergentes y alternativas<\/h3>\n\n\n\n<ul>\n<li><strong>Terapia miofuncional:<\/strong> ejercicios para fortalecer la musculatura orofar\u00edngea.<\/li>\n\n\n\n<li><strong>Estimulaci\u00f3n del nervio hipogloso:<\/strong> tecnolog\u00eda reciente usada en algunos pa\u00edses, a\u00fan en investigaci\u00f3n en Chile.<\/li>\n\n\n\n<li><strong>Terapias combinadas:<\/strong> uso de CPAP junto con dispositivos orales o intervenciones conductuales.<\/li>\n<\/ul>\n\n\n\n<h2 class=\"wp-block-heading has-x-large-font-size\">Apnea del sue\u00f1o y salud mental: una relaci\u00f3n estrecha<\/h2>\n\n\n\n<p>La apnea del sue\u00f1o no solo afecta el cuerpo; tambi\u00e9n tiene un fuerte impacto en la salud mental. El sue\u00f1o fragmentado y la hipoxia nocturna contribuyen al desarrollo o agravamiento de trastornos como:<\/p>\n\n\n\n<ul>\n<li><strong>Depresi\u00f3n:<\/strong> muchos pacientes con apnea del sue\u00f1o presentan \u00e1nimos bajos, anhedonia y fatiga persistente.<\/li>\n\n\n\n<li><strong>Ansiedad:<\/strong> los despertares abruptos, sensaci\u00f3n de ahogo y fatiga constante pueden generar preocupaci\u00f3n cr\u00f3nica.<\/li>\n\n\n\n<li><strong>Irritabilidad y alteraciones del \u00e1nimo:<\/strong> el sue\u00f1o no reparador afecta la regulaci\u00f3n emocional.<\/li>\n\n\n\n<li><strong>Deterioro cognitivo leve:<\/strong> dificultad para concentrarse, recordar informaci\u00f3n o tomar decisiones.<\/li>\n<\/ul>\n\n\n\n<p>Por esto, abordar la apnea del sue\u00f1o desde un enfoque integral que incluya apoyo psicol\u00f3gico puede mejorar sustancialmente el bienestar del paciente. En plataformas como Mindy, se pueden encontrar psic\u00f3logos capacitados para acompa\u00f1ar estos procesos.<\/p>\n\n\n\n<h3 class=\"wp-block-heading has-large-font-size\">Acceso al tratamiento en Chile<\/h3>\n\n\n\n<h4 class=\"wp-block-heading has-medium-font-size\">En el sistema p\u00fablico (Fonasa)<\/h4>\n\n\n\n<p>Fonasa cubre ciertos aspectos del diagn\u00f3stico y tratamiento de la apnea del sue\u00f1o en su modalidad institucional (hospitales y consultorios p\u00fablicos) y en algunos casos bajo modalidad libre elecci\u00f3n (bonos para prestadores privados en convenio).<\/p>\n\n\n\n<ul>\n<li><strong>Diagn\u00f3stico:<\/strong> la poligraf\u00eda respiratoria y la polisomnograf\u00eda est\u00e1n disponibles en algunos hospitales p\u00fablicos, aunque con listas de espera.<\/li>\n\n\n\n<li><strong>Tratamiento:<\/strong> el CPAP puede estar cubierto parcialmente, dependiendo del tramo de afiliaci\u00f3n y del centro.<\/li>\n\n\n\n<li><strong>Atenci\u00f3n psicol\u00f3gica:<\/strong> disponible en centros de salud mental comunitarios (COSAM), aunque no necesariamente enfocada en trastornos del sue\u00f1o.<\/li>\n<\/ul>\n\n\n\n<h4 class=\"wp-block-heading has-medium-font-size\">En el sistema privado<\/h4>\n\n\n\n<p>Existen cl\u00ednicas especializadas, como el Centro del Sue\u00f1o UC CHRISTUS, que ofrecen evaluaciones y tratamientos integrales. Tambi\u00e9n hay servicios de arriendo y venta de equipos CPAP, dispositivos orales y seguimiento m\u00e9dico.<\/p>\n\n\n\n<p>El acceso es m\u00e1s r\u00e1pido pero implica costos mayores. Algunos seguros complementarios cubren parte del diagn\u00f3stico o el tratamiento.<\/p>\n\n\n\n<h4 class=\"wp-block-heading has-medium-font-size\">Programas de arriendo o financiamiento de CPAP<\/h4>\n\n\n\n<p>En Chile, algunas empresas proveedoras permiten:<\/p>\n\n\n\n<ul>\n<li>Arriendo mensual con seguimiento cl\u00ednico.<\/li>\n\n\n\n<li>Compra con facilidades de pago.<\/li>\n\n\n\n<li>Prueba del equipo antes de decidir.<\/li>\n<\/ul>\n\n\n\n<p>Esto es relevante ya que el CPAP puede superar los $600.000 CLP en algunos casos, y no todas las personas pueden acceder de inmediato.<\/p>\n\n\n\n<h3 class=\"wp-block-heading has-large-font-size\">Barreras comunes al tratamiento en Chile<\/h3>\n\n\n\n<p>A pesar de la existencia de opciones, muchas personas con apnea del sue\u00f1o en Chile no acceden a un tratamiento adecuado. Las principales barreras incluyen:<\/p>\n\n\n\n<ul>\n<li><strong>Falta de informaci\u00f3n:<\/strong> muchas personas no saben que los ronquidos o la somnolencia pueden ser signos de un trastorno grave.<\/li>\n\n\n\n<li><strong>Estigmas:<\/strong> se percibe como &#8220;normal&#8221; roncar o sentirse cansado, especialmente en hombres mayores.<\/li>\n\n\n\n<li><strong>Acceso limitado a especialistas:<\/strong> no todos los centros de salud cuentan con neum\u00f3logos o otorrinolaring\u00f3logos con formaci\u00f3n en medicina del sue\u00f1o.<\/li>\n\n\n\n<li><strong>Costos elevados:<\/strong> el CPAP y los estudios del sue\u00f1o pueden ser costosos.<\/li>\n\n\n\n<li><strong>Baja adherencia al tratamiento:<\/strong> algunas personas abandonan el CPAP por incomodidad o falta de seguimiento.<\/li>\n<\/ul>\n\n\n\n<h3 class=\"wp-block-heading has-large-font-size\">Consejos para vivir mejor con apnea del sue\u00f1o<\/h3>\n\n\n\n<ol>\n<li><strong>Educarse sobre el trastorno:<\/strong> entender su causa y consecuencias motiva a seguir el tratamiento.<\/li>\n\n\n\n<li><strong>Seguir el tratamiento recomendado:<\/strong> ya sea CPAP, dispositivo oral o cambios de h\u00e1bito.<\/li>\n\n\n\n<li><strong>Crear un entorno favorable para dormir:<\/strong> sin ruido, con buena ventilaci\u00f3n y rutina estable.<\/li>\n\n\n\n<li><strong>Buscar apoyo emocional:<\/strong> la acompa\u00f1a psicol\u00f3gica puede ser clave para mantener la motivaci\u00f3n.<\/li>\n\n\n\n<li><strong>Controlar otras condiciones de salud:<\/strong> como la obesidad, hipertensi\u00f3n o diabetes.<\/li>\n\n\n\n<li><strong>No automedicarse:<\/strong> evitar el uso de sedantes sin supervisi\u00f3n m\u00e9dica.<\/li>\n<\/ol>\n\n\n\n<h3 class=\"wp-block-heading has-large-font-size\">Preguntas frecuentes sobre la apnea del sue\u00f1o<\/h3>\n\n\n\n<p><strong>\u00bfLa apnea del sue\u00f1o se cura?<\/strong><br>En algunos casos leves, con <a href=\"https:\/\/fonasa.mindy.cl\/blog\/apnea-obstructiva-del-sueno\/\">cambios de h\u00e1bitos y p\u00e9rdida de peso<\/a>, puede reducirse significativamente. Los casos moderados a severos requieren tratamiento continuo, pero los s\u00edntomas pueden controlarse.<\/p>\n\n\n\n<p><strong>\u00bfEs lo mismo que roncar fuerte?<\/strong><br>No. El ronquido es un s\u00edntoma com\u00fan, pero no todos los que roncan tienen apnea. Sin embargo, si el ronquido es intenso y se acompa\u00f1a de pausas respiratorias o somnolencia, debe evaluarse.<\/p>\n\n\n\n<p><strong>\u00bfEl CPAP duele o es peligroso?<\/strong><br>No. Puede resultar inc\u00f3modo al principio, pero no es doloroso ni riesgoso. Usado correctamente, es muy seguro.<\/p>\n\n\n\n<p><strong>\u00bfLos ni\u00f1os pueden tener apnea del sue\u00f1o?<\/strong><br>S\u00ed. Especialmente si tienen am\u00edgdalas grandes, obesidad o antecedentes familiares. Es importante consultar si hay ronquidos persistentes o pausas al dormir.<\/p>\n\n\n\n<p><strong>\u00bfD\u00f3nde puedo hacerme un estudio del sue\u00f1o en Chile?<\/strong><br>En hospitales p\u00fablicos con derivaci\u00f3n, o en centros privados como la Red UC CHRISTUS, Cl\u00ednica Alemana, Cl\u00ednica D\u00e1vila, entre otros.<\/p>\n\n\n\n<h3 class=\"wp-block-heading has-large-font-size\">Conclusi\u00f3n<\/h3>\n\n\n\n<p>La apnea del sue\u00f1o en Chile es una condici\u00f3n frecuente, muchas veces subestimada, pero que tiene tratamiento efectivo. Identificar los s\u00edntomas, acceder a un diagn\u00f3stico adecuado y seguir un tratamiento personalizado puede transformar la calidad de vida de quienes la padecen. Adem\u00e1s, al abordar esta condici\u00f3n desde un enfoque integral, que incluya la salud mental y el bienestar emocional, se logran resultados m\u00e1s sostenibles y satisfactorios.<\/p>\n\n\n\n<p>Si sospechas que podr\u00edas tener apnea del sue\u00f1o, no dudes en consultar con un especialista y dar el primer paso hacia un sue\u00f1o verdaderamente reparador.<\/p>\n\n\n\n<p><em>Este art\u00edculo fue elaborado con base en evidencia cient\u00edfica y fuentes chilenas como el Centro del Sue\u00f1o UC CHRISTUS, la Universidad Cat\u00f3lica de Chile, Fonasa, la Revista M\u00e9dica de Chile y publicaciones acad\u00e9micas disponibles en Scielo, Elsevier, <em>la Revista M\u00e9dica de Chile, la Universidad Cat\u00f3lica de Chile, la Universidad de Chile y otras publicaciones acad\u00e9micas<\/em><\/em> y <em>plataformas cient\u00edficas.<\/em><\/p>\n\n\n\n<h2 class=\"wp-block-heading has-x-large-font-size\">\u00bfNo sabes por d\u00f3nde empezar? Descubre tu terapia recomendada<\/h2>\n\n\n\n<p>Iniciar un proceso psicol\u00f3gico puede generar dudas sobre cu\u00e1l es el mejor camino. En <strong>Fonasa Mindy<\/strong> queremos facilitarte el proceso: responde unas breves preguntas para identificar el modelo terap\u00e9utico m\u00e1s efectivo para tu bienestar emocional. Es r\u00e1pido, sencillo y te ayudar\u00e1 a conectar con el profesional adecuado. <\/p>\n\n\n\n<p>\ud83d\udc49 <strong><a href=\"https:\/\/form.typeform.com\/to\/jfcSJODX\" target=\"_blank\" rel=\"noreferrer noopener\">Haz clic para descubrir tu tipo de terapia<\/a><\/strong><\/p>\n","protected":false},"excerpt":{"rendered":"<p>\u00bfTe despiertas cansado a pesar de haber dormido toda la noche? \u00bfSientes somnolencia durante el d\u00eda, dolores de cabeza matutinos o te han dicho que roncas fuerte o que dejas de respirar mientras duermes? Podr\u00edas estar viviendo con apnea del sue\u00f1o sin saberlo. Este trastorno, muchas veces subdiagnosticado, afecta a miles de personas en el [&hellip;]<\/p>\n","protected":false},"author":2,"featured_media":1204,"comment_status":"closed","ping_status":"closed","sticky":false,"template":"","format":"standard","meta":{"footnotes":""},"categories":[114,277],"tags":[],"yoast_head":"<!-- This site is optimized with the Yoast SEO plugin v23.0 - https:\/\/yoast.com\/wordpress\/plugins\/seo\/ -->\n<title>Apnea del sue\u00f1o en Chile: cuando dormir no es descansar<\/title>\n<meta name=\"description\" content=\"Descubre qu\u00e9 es la apnea del sue\u00f1o en Chile, sus s\u00edntomas, diagn\u00f3stico, tratamientos efectivos de atenci\u00f3n en el sistema p\u00fablico y privado.\" \/>\n<meta name=\"robots\" content=\"index, follow, max-snippet:-1, max-image-preview:large, max-video-preview:-1\" \/>\n<link rel=\"canonical\" href=\"https:\/\/fonasa.mindy.cl\/blog\/apnea-del-sueno-en-chile\/\" \/>\n<meta property=\"og:locale\" content=\"es_ES\" \/>\n<meta property=\"og:type\" content=\"article\" \/>\n<meta property=\"og:title\" content=\"Apnea del sue\u00f1o en Chile: cuando dormir no es descansar\" \/>\n<meta property=\"og:description\" content=\"Descubre qu\u00e9 es la apnea del sue\u00f1o en Chile, sus s\u00edntomas, diagn\u00f3stico, tratamientos efectivos de atenci\u00f3n en el sistema p\u00fablico y privado.\" \/>\n<meta property=\"og:url\" content=\"https:\/\/fonasa.mindy.cl\/blog\/apnea-del-sueno-en-chile\/\" \/>\n<meta property=\"og:site_name\" content=\"Mindy Fonasa Blog\" \/>\n<meta property=\"article:published_time\" content=\"2025-09-30T22:07:08+00:00\" \/>\n<meta property=\"article:modified_time\" content=\"2026-03-25T14:55:13+00:00\" \/>\n<meta property=\"og:image\" content=\"https:\/\/fonasa.mindy.cl\/blog\/wp-content\/uploads\/2025\/09\/pexels-anna-nekrashevich-6603663.jpg\" \/>\n\t<meta property=\"og:image:width\" content=\"640\" \/>\n\t<meta property=\"og:image:height\" content=\"427\" \/>\n\t<meta property=\"og:image:type\" content=\"image\/jpeg\" \/>\n<meta name=\"author\" content=\"reinaldo@mindy.cl\" \/>\n<meta name=\"twitter:card\" content=\"summary_large_image\" \/>\n<meta name=\"twitter:label1\" content=\"Written by\" \/>\n\t<meta name=\"twitter:data1\" content=\"reinaldo@mindy.cl\" \/>\n\t<meta name=\"twitter:label2\" content=\"Est. reading time\" \/>\n\t<meta name=\"twitter:data2\" content=\"11 minutos\" \/>\n<script type=\"application\/ld+json\" class=\"yoast-schema-graph\">{\"@context\":\"https:\/\/schema.org\",\"@graph\":[{\"@type\":\"Article\",\"@id\":\"https:\/\/fonasa.mindy.cl\/blog\/apnea-del-sueno-en-chile\/#article\",\"isPartOf\":{\"@id\":\"https:\/\/fonasa.mindy.cl\/blog\/apnea-del-sueno-en-chile\/\"},\"author\":{\"name\":\"reinaldo@mindy.cl\",\"@id\":\"https:\/\/fonasa.mindy.cl\/blog\/#\/schema\/person\/6b2fdf85e03858572a636b7b9ce17d81\"},\"headline\":\"Apnea del sue\u00f1o en Chile: cuando dormir no es descansar\",\"datePublished\":\"2025-09-30T22:07:08+00:00\",\"dateModified\":\"2026-03-25T14:55:13+00:00\",\"mainEntityOfPage\":{\"@id\":\"https:\/\/fonasa.mindy.cl\/blog\/apnea-del-sueno-en-chile\/\"},\"wordCount\":2651,\"publisher\":{\"@id\":\"https:\/\/fonasa.mindy.cl\/blog\/#organization\"},\"image\":{\"@id\":\"https:\/\/fonasa.mindy.cl\/blog\/apnea-del-sueno-en-chile\/#primaryimage\"},\"thumbnailUrl\":\"https:\/\/fonasa.mindy.cl\/blog\/wp-content\/uploads\/2025\/09\/pexels-anna-nekrashevich-6603663.jpg\",\"articleSection\":[\"Psic\u00f3logos Fonasa\",\"Trastornos de sue\u00f1o\"],\"inLanguage\":\"es-CL\"},{\"@type\":\"WebPage\",\"@id\":\"https:\/\/fonasa.mindy.cl\/blog\/apnea-del-sueno-en-chile\/\",\"url\":\"https:\/\/fonasa.mindy.cl\/blog\/apnea-del-sueno-en-chile\/\",\"name\":\"Apnea del sue\u00f1o en Chile: cuando dormir no es descansar\",\"isPartOf\":{\"@id\":\"https:\/\/fonasa.mindy.cl\/blog\/#website\"},\"primaryImageOfPage\":{\"@id\":\"https:\/\/fonasa.mindy.cl\/blog\/apnea-del-sueno-en-chile\/#primaryimage\"},\"image\":{\"@id\":\"https:\/\/fonasa.mindy.cl\/blog\/apnea-del-sueno-en-chile\/#primaryimage\"},\"thumbnailUrl\":\"https:\/\/fonasa.mindy.cl\/blog\/wp-content\/uploads\/2025\/09\/pexels-anna-nekrashevich-6603663.jpg\",\"datePublished\":\"2025-09-30T22:07:08+00:00\",\"dateModified\":\"2026-03-25T14:55:13+00:00\",\"description\":\"Descubre qu\u00e9 es la apnea del sue\u00f1o en Chile, sus s\u00edntomas, diagn\u00f3stico, tratamientos efectivos de atenci\u00f3n en el sistema p\u00fablico y privado.\",\"breadcrumb\":{\"@id\":\"https:\/\/fonasa.mindy.cl\/blog\/apnea-del-sueno-en-chile\/#breadcrumb\"},\"inLanguage\":\"es-CL\",\"potentialAction\":[{\"@type\":\"ReadAction\",\"target\":[\"https:\/\/fonasa.mindy.cl\/blog\/apnea-del-sueno-en-chile\/\"]}]},{\"@type\":\"ImageObject\",\"inLanguage\":\"es-CL\",\"@id\":\"https:\/\/fonasa.mindy.cl\/blog\/apnea-del-sueno-en-chile\/#primaryimage\",\"url\":\"https:\/\/fonasa.mindy.cl\/blog\/wp-content\/uploads\/2025\/09\/pexels-anna-nekrashevich-6603663.jpg\",\"contentUrl\":\"https:\/\/fonasa.mindy.cl\/blog\/wp-content\/uploads\/2025\/09\/pexels-anna-nekrashevich-6603663.jpg\",\"width\":640,\"height\":427,\"caption\":\"Apnea del sue\u00f1o\"},{\"@type\":\"BreadcrumbList\",\"@id\":\"https:\/\/fonasa.mindy.cl\/blog\/apnea-del-sueno-en-chile\/#breadcrumb\",\"itemListElement\":[{\"@type\":\"ListItem\",\"position\":1,\"name\":\"Home\",\"item\":\"https:\/\/fonasa.mindy.cl\/blog\/\"},{\"@type\":\"ListItem\",\"position\":2,\"name\":\"Apnea del sue\u00f1o en Chile: cuando dormir no es descansar\"}]},{\"@type\":\"WebSite\",\"@id\":\"https:\/\/fonasa.mindy.cl\/blog\/#website\",\"url\":\"https:\/\/fonasa.mindy.cl\/blog\/\",\"name\":\"Mindy Fonasa Blog\",\"description\":\"Un blog de salud mental\",\"publisher\":{\"@id\":\"https:\/\/fonasa.mindy.cl\/blog\/#organization\"},\"potentialAction\":[{\"@type\":\"SearchAction\",\"target\":{\"@type\":\"EntryPoint\",\"urlTemplate\":\"https:\/\/fonasa.mindy.cl\/blog\/?s={search_term_string}\"},\"query-input\":\"required name=search_term_string\"}],\"inLanguage\":\"es-CL\"},{\"@type\":\"Organization\",\"@id\":\"https:\/\/fonasa.mindy.cl\/blog\/#organization\",\"name\":\"Mindy Fonasa Blog\",\"url\":\"https:\/\/fonasa.mindy.cl\/blog\/\",\"logo\":{\"@type\":\"ImageObject\",\"inLanguage\":\"es-CL\",\"@id\":\"https:\/\/fonasa.mindy.cl\/blog\/#\/schema\/logo\/image\/\",\"url\":\"https:\/\/fonasa.mindy.cl\/blog\/wp-content\/uploads\/2024\/07\/logo_cuadrado.png\",\"contentUrl\":\"https:\/\/fonasa.mindy.cl\/blog\/wp-content\/uploads\/2024\/07\/logo_cuadrado.png\",\"width\":300,\"height\":300,\"caption\":\"Mindy Fonasa Blog\"},\"image\":{\"@id\":\"https:\/\/fonasa.mindy.cl\/blog\/#\/schema\/logo\/image\/\"}},{\"@type\":\"Person\",\"@id\":\"https:\/\/fonasa.mindy.cl\/blog\/#\/schema\/person\/6b2fdf85e03858572a636b7b9ce17d81\",\"name\":\"reinaldo@mindy.cl\",\"url\":\"https:\/\/fonasa.mindy.cl\/blog\/author\/reinaldomindy-cl\/\"}]}<\/script>\n<!-- \/ Yoast SEO plugin. -->","yoast_head_json":{"title":"Apnea del sue\u00f1o en Chile: cuando dormir no es descansar","description":"Descubre qu\u00e9 es la apnea del sue\u00f1o en Chile, sus s\u00edntomas, diagn\u00f3stico, tratamientos efectivos de atenci\u00f3n en el sistema p\u00fablico y privado.","robots":{"index":"index","follow":"follow","max-snippet":"max-snippet:-1","max-image-preview":"max-image-preview:large","max-video-preview":"max-video-preview:-1"},"canonical":"https:\/\/fonasa.mindy.cl\/blog\/apnea-del-sueno-en-chile\/","og_locale":"es_ES","og_type":"article","og_title":"Apnea del sue\u00f1o en Chile: cuando dormir no es descansar","og_description":"Descubre qu\u00e9 es la apnea del sue\u00f1o en Chile, sus s\u00edntomas, diagn\u00f3stico, tratamientos efectivos de atenci\u00f3n en el sistema p\u00fablico y privado.","og_url":"https:\/\/fonasa.mindy.cl\/blog\/apnea-del-sueno-en-chile\/","og_site_name":"Mindy Fonasa Blog","article_published_time":"2025-09-30T22:07:08+00:00","article_modified_time":"2026-03-25T14:55:13+00:00","og_image":[{"width":640,"height":427,"url":"https:\/\/fonasa.mindy.cl\/blog\/wp-content\/uploads\/2025\/09\/pexels-anna-nekrashevich-6603663.jpg","type":"image\/jpeg"}],"author":"reinaldo@mindy.cl","twitter_card":"summary_large_image","twitter_misc":{"Written by":"reinaldo@mindy.cl","Est. reading time":"11 minutos"},"schema":{"@context":"https:\/\/schema.org","@graph":[{"@type":"Article","@id":"https:\/\/fonasa.mindy.cl\/blog\/apnea-del-sueno-en-chile\/#article","isPartOf":{"@id":"https:\/\/fonasa.mindy.cl\/blog\/apnea-del-sueno-en-chile\/"},"author":{"name":"reinaldo@mindy.cl","@id":"https:\/\/fonasa.mindy.cl\/blog\/#\/schema\/person\/6b2fdf85e03858572a636b7b9ce17d81"},"headline":"Apnea del sue\u00f1o en Chile: cuando dormir no es descansar","datePublished":"2025-09-30T22:07:08+00:00","dateModified":"2026-03-25T14:55:13+00:00","mainEntityOfPage":{"@id":"https:\/\/fonasa.mindy.cl\/blog\/apnea-del-sueno-en-chile\/"},"wordCount":2651,"publisher":{"@id":"https:\/\/fonasa.mindy.cl\/blog\/#organization"},"image":{"@id":"https:\/\/fonasa.mindy.cl\/blog\/apnea-del-sueno-en-chile\/#primaryimage"},"thumbnailUrl":"https:\/\/fonasa.mindy.cl\/blog\/wp-content\/uploads\/2025\/09\/pexels-anna-nekrashevich-6603663.jpg","articleSection":["Psic\u00f3logos Fonasa","Trastornos de sue\u00f1o"],"inLanguage":"es-CL"},{"@type":"WebPage","@id":"https:\/\/fonasa.mindy.cl\/blog\/apnea-del-sueno-en-chile\/","url":"https:\/\/fonasa.mindy.cl\/blog\/apnea-del-sueno-en-chile\/","name":"Apnea del sue\u00f1o en Chile: cuando dormir no es descansar","isPartOf":{"@id":"https:\/\/fonasa.mindy.cl\/blog\/#website"},"primaryImageOfPage":{"@id":"https:\/\/fonasa.mindy.cl\/blog\/apnea-del-sueno-en-chile\/#primaryimage"},"image":{"@id":"https:\/\/fonasa.mindy.cl\/blog\/apnea-del-sueno-en-chile\/#primaryimage"},"thumbnailUrl":"https:\/\/fonasa.mindy.cl\/blog\/wp-content\/uploads\/2025\/09\/pexels-anna-nekrashevich-6603663.jpg","datePublished":"2025-09-30T22:07:08+00:00","dateModified":"2026-03-25T14:55:13+00:00","description":"Descubre qu\u00e9 es la apnea del sue\u00f1o en Chile, sus s\u00edntomas, diagn\u00f3stico, tratamientos efectivos de atenci\u00f3n en el sistema p\u00fablico y privado.","breadcrumb":{"@id":"https:\/\/fonasa.mindy.cl\/blog\/apnea-del-sueno-en-chile\/#breadcrumb"},"inLanguage":"es-CL","potentialAction":[{"@type":"ReadAction","target":["https:\/\/fonasa.mindy.cl\/blog\/apnea-del-sueno-en-chile\/"]}]},{"@type":"ImageObject","inLanguage":"es-CL","@id":"https:\/\/fonasa.mindy.cl\/blog\/apnea-del-sueno-en-chile\/#primaryimage","url":"https:\/\/fonasa.mindy.cl\/blog\/wp-content\/uploads\/2025\/09\/pexels-anna-nekrashevich-6603663.jpg","contentUrl":"https:\/\/fonasa.mindy.cl\/blog\/wp-content\/uploads\/2025\/09\/pexels-anna-nekrashevich-6603663.jpg","width":640,"height":427,"caption":"Apnea del sue\u00f1o"},{"@type":"BreadcrumbList","@id":"https:\/\/fonasa.mindy.cl\/blog\/apnea-del-sueno-en-chile\/#breadcrumb","itemListElement":[{"@type":"ListItem","position":1,"name":"Home","item":"https:\/\/fonasa.mindy.cl\/blog\/"},{"@type":"ListItem","position":2,"name":"Apnea del sue\u00f1o en Chile: cuando dormir no es descansar"}]},{"@type":"WebSite","@id":"https:\/\/fonasa.mindy.cl\/blog\/#website","url":"https:\/\/fonasa.mindy.cl\/blog\/","name":"Mindy Fonasa Blog","description":"Un blog de salud mental","publisher":{"@id":"https:\/\/fonasa.mindy.cl\/blog\/#organization"},"potentialAction":[{"@type":"SearchAction","target":{"@type":"EntryPoint","urlTemplate":"https:\/\/fonasa.mindy.cl\/blog\/?s={search_term_string}"},"query-input":"required name=search_term_string"}],"inLanguage":"es-CL"},{"@type":"Organization","@id":"https:\/\/fonasa.mindy.cl\/blog\/#organization","name":"Mindy Fonasa Blog","url":"https:\/\/fonasa.mindy.cl\/blog\/","logo":{"@type":"ImageObject","inLanguage":"es-CL","@id":"https:\/\/fonasa.mindy.cl\/blog\/#\/schema\/logo\/image\/","url":"https:\/\/fonasa.mindy.cl\/blog\/wp-content\/uploads\/2024\/07\/logo_cuadrado.png","contentUrl":"https:\/\/fonasa.mindy.cl\/blog\/wp-content\/uploads\/2024\/07\/logo_cuadrado.png","width":300,"height":300,"caption":"Mindy Fonasa Blog"},"image":{"@id":"https:\/\/fonasa.mindy.cl\/blog\/#\/schema\/logo\/image\/"}},{"@type":"Person","@id":"https:\/\/fonasa.mindy.cl\/blog\/#\/schema\/person\/6b2fdf85e03858572a636b7b9ce17d81","name":"reinaldo@mindy.cl","url":"https:\/\/fonasa.mindy.cl\/blog\/author\/reinaldomindy-cl\/"}]}},"_links":{"self":[{"href":"https:\/\/fonasa.mindy.cl\/blog\/wp-json\/wp\/v2\/posts\/705"}],"collection":[{"href":"https:\/\/fonasa.mindy.cl\/blog\/wp-json\/wp\/v2\/posts"}],"about":[{"href":"https:\/\/fonasa.mindy.cl\/blog\/wp-json\/wp\/v2\/types\/post"}],"author":[{"embeddable":true,"href":"https:\/\/fonasa.mindy.cl\/blog\/wp-json\/wp\/v2\/users\/2"}],"replies":[{"embeddable":true,"href":"https:\/\/fonasa.mindy.cl\/blog\/wp-json\/wp\/v2\/comments?post=705"}],"version-history":[{"count":5,"href":"https:\/\/fonasa.mindy.cl\/blog\/wp-json\/wp\/v2\/posts\/705\/revisions"}],"predecessor-version":[{"id":1747,"href":"https:\/\/fonasa.mindy.cl\/blog\/wp-json\/wp\/v2\/posts\/705\/revisions\/1747"}],"wp:featuredmedia":[{"embeddable":true,"href":"https:\/\/fonasa.mindy.cl\/blog\/wp-json\/wp\/v2\/media\/1204"}],"wp:attachment":[{"href":"https:\/\/fonasa.mindy.cl\/blog\/wp-json\/wp\/v2\/media?parent=705"}],"wp:term":[{"taxonomy":"category","embeddable":true,"href":"https:\/\/fonasa.mindy.cl\/blog\/wp-json\/wp\/v2\/categories?post=705"},{"taxonomy":"post_tag","embeddable":true,"href":"https:\/\/fonasa.mindy.cl\/blog\/wp-json\/wp\/v2\/tags?post=705"}],"curies":[{"name":"wp","href":"https:\/\/api.w.org\/{rel}","templated":true}]}}