{"id":703,"date":"2025-09-30T19:05:34","date_gmt":"2025-09-30T22:05:34","guid":{"rendered":"https:\/\/fonasa.mindy.cl\/blog\/?p=703"},"modified":"2026-03-25T10:27:03","modified_gmt":"2026-03-25T13:27:03","slug":"definicion-de-depresion","status":"publish","type":"post","link":"https:\/\/fonasa.mindy.cl\/blog\/definicion-de-depresion\/","title":{"rendered":"Definici\u00f3n de la depresi\u00f3n: concepto cl\u00ednico y realidad en Chile"},"content":{"rendered":"\n<p><strong>La definici\u00f3n de la depresi\u00f3n<\/strong> no es solo una frase que se encuentra en los manuales m\u00e9dicos. Es una puerta de entrada para entender una realidad que afecta a millones de personas, muchas de ellas sin diagn\u00f3stico, sin tratamiento y, a veces, sin palabras para describir lo que sienten.<\/p>\n\n\n\n<p>En Chile, esta condici\u00f3n toma matices propios: desigualdad, estigmas, barreras de acceso en el sistema p\u00fablico y una carga emocional que muchas veces se vive en silencio. Por eso, en este art\u00edculo vamos m\u00e1s all\u00e1 de la teor\u00eda: te explicamos qu\u00e9 es la depresi\u00f3n desde lo cl\u00ednico, pero tambi\u00e9n c\u00f3mo se vive \u2014y c\u00f3mo se puede enfrentar\u2014 desde el contexto chileno, especialmente si eres parte de Fonasa.<\/p>\n\n\n\n<p>Porque definir bien la depresi\u00f3n es el primer paso para cuidarnos mejor.<\/p>\n\n\n\n<h2 class=\"wp-block-heading has-text-align-left has-x-large-font-size\">Definici\u00f3n de la depresi\u00f3n: qu\u00e9 es, c\u00f3mo se vive en Chile y por qu\u00e9 importa<\/h2>\n\n\n\n<p>Cuando alguien busca &#8220;<strong>la definici\u00f3n de la depresi\u00f3n<\/strong>&#8220;, espera algo m\u00e1s que una frase cl\u00ednica. Quiere entender lo que est\u00e1 sintiendo o lo que le pasa a alguien cercano. En Chile, ese entendimiento necesita m\u00e1s que un manual: necesita contexto, realidad, experiencia local.<\/p>\n\n\n\n<p>Este art\u00edculo ofrece una definici\u00f3n clara o <strong><a href=\"https:\/\/fonasa.mindy.cl\/blog\/concepto-de-depresion\/\">concepto de la depresi\u00f3n<\/a><\/strong> desde la medicina, pero tambi\u00e9n la aterriza en el sistema de salud chileno, las tensiones sociales, y las barreras que enfrentan millones de personas afiliadas a Fonasa.<\/p>\n\n\n\n<h3 class=\"wp-block-heading has-large-font-size\">La definici\u00f3n cl\u00ednica de la depresi\u00f3n<\/h3>\n\n\n\n<p>La depresi\u00f3n es un <strong>trastorno del estado de \u00e1nimo<\/strong> caracterizado por una combinaci\u00f3n de s\u00edntomas emocionales, cognitivos y f\u00edsicos que interfieren con la vida diaria. No se trata solo de &#8220;estar triste&#8221;. La tristeza es com\u00fan y pasajera; las <strong><a href=\"https:\/\/fonasa.mindy.cl\/blog\/personas-con-depresion\/\">personas con depresi\u00f3n<\/a><\/strong> es persistente y desestabiliza.<\/p>\n\n\n\n<p><strong>S\u00edntomas centrales:<\/strong><\/p>\n\n\n\n<ul>\n<li><strong><a href=\"https:\/\/fonasa.mindy.cl\/blog\/episodio-maniaco-sintomas\/\">Estado de \u00e1nimo<\/a><\/strong> bajo casi todos los d\u00edas<\/li>\n\n\n\n<li>P\u00e9rdida de inter\u00e9s en actividades cotidianas (anhedonia)<\/li>\n\n\n\n<li>Fatiga o falta de energ\u00eda<\/li>\n\n\n\n<li>Problemas para dormir o exceso de sue\u00f1o<\/li>\n\n\n\n<li>Cambios en el apetito<\/li>\n\n\n\n<li>Sentimientos de inutilidad o culpa<\/li>\n\n\n\n<li>Dificultad para concentrarse<\/li>\n\n\n\n<li>Pensamientos negativos o ideas suicidas<\/li>\n<\/ul>\n\n\n\n<p>Para que se considere depresi\u00f3n, estos s\u00edntomas deben durar <strong>al menos dos semanas consecutivas<\/strong> y representar un cambio significativo respecto al estado anterior.<\/p>\n\n\n\n<p>Seg\u00fan la Gu\u00eda Cl\u00ednica AUGE del Ministerio de Salud de Chile, la depresi\u00f3n es una &#8220;alteraci\u00f3n patol\u00f3gica del \u00e1nimo, de curso variable, pero prolongado, que interfiere con la funcionalidad habitual del paciente&#8221; (<a href=\"https:\/\/diprece.minsal.cl\/wrdprss_minsal\/wp-content\/uploads\/2016\/03\/GUIA-CLINICA-DEPRESION-15-Y-MAS.pdf?utm_source=chatgpt.com\">diprece.minsal.cl<\/a>).<\/p>\n\n\n\n<h2 class=\"wp-block-heading has-x-large-font-size\">La depresi\u00f3n en Chile: m\u00e1s all\u00e1 de la definici\u00f3n cl\u00ednica<\/h2>\n\n\n\n<figure class=\"wp-block-image size-full\"><img loading=\"lazy\" decoding=\"async\" width=\"1000\" height=\"667\" src=\"https:\/\/fonasa.mindy.cl\/blog\/wp-content\/uploads\/2025\/12\/10552.jpg\" alt=\"definici\u00f3n de depresi\u00f3n \" class=\"wp-image-1200\"\/><\/figure>\n\n\n\n<p>Si bien los manuales ofrecen una base t\u00e9cnica, en la vida cotidiana chilena, la depresi\u00f3n est\u00e1 mediada por muchos otros factores:<\/p>\n\n\n\n<ul>\n<li><strong>Estigma<\/strong>: A\u00fan se asocia con &#8220;flojera&#8221; o &#8220;debilidad&#8221;. Eso inhibe que las personas hablen o busquen ayuda.<\/li>\n\n\n\n<li><strong>Brechas de acceso<\/strong>: En Fonasa, aunque hay cobertura, muchos afiliados enfrentan listas de espera, falta de especialistas o dificultad para mantener terapias.<\/li>\n\n\n\n<li><strong>Condiciones sociales<\/strong>: Estr\u00e9s econ\u00f3mico, aislamiento, violencia de g\u00e9nero, inseguridad laboral.<\/li>\n\n\n\n<li><strong>Sobrecarga emocional y sobrexigencia<\/strong>: Especialmente en j\u00f3venes, estudiantes, trabajadores precarizados y personas cuidadoras.<\/li>\n<\/ul>\n\n\n\n<p>En otras palabras, la definici\u00f3n de depresi\u00f3n en Chile est\u00e1 cruzada por lo estructural. No es solo una condici\u00f3n individual: tambi\u00e9n es el reflejo de un entorno exigente, desigual y a veces indiferente.<\/p>\n\n\n\n<h3 class=\"wp-block-heading has-large-font-size\">C\u00f3mo se manifiesta la depresi\u00f3n en distintos contextos<\/h3>\n\n\n\n<h4 class=\"wp-block-heading has-large-font-size\">Definici\u00f3n de la depresi\u00f3n en mujeres<\/h4>\n\n\n\n<p>Las mujeres presentan tasas m\u00e1s altas de depresi\u00f3n. Esto no solo responde a factores biol\u00f3gicos, sino tambi\u00e9n a roles sociales que implican una carga emocional desigual: trabajo dom\u00e9stico no remunerado, crianza, atenci\u00f3n a personas mayores, violencia estructural y de pareja. Adem\u00e1s, muchas veces no son tomadas en serio por el sistema m\u00e9dico.<\/p>\n\n\n\n<h4 class=\"wp-block-heading has-large-font-size\">En hombres<\/h4>\n\n\n\n<p>Los hombres suelen tener menos diagn\u00f3stico pero no necesariamente menos sufrimiento. En muchos casos, la depresi\u00f3n se manifiesta en forma de irritabilidad, adicciones o retraimiento. El mandato cultural de no mostrar vulnerabilidad impide que muchos busquen ayuda a tiempo.<\/p>\n\n\n\n<h4 class=\"wp-block-heading has-medium-font-size\">Definici\u00f3n de la depresi\u00f3n en j\u00f3venes<\/h4>\n\n\n\n<p>Las nuevas generaciones viven una presi\u00f3n constante por rendir, encajar, sobresalir. Las redes sociales y la cultura de la productividad extrema tambi\u00e9n han generado nuevas formas de angustia. Estudios en estudiantes universitarios en Chile reportan entre un 16,5% y un 38,8% de s\u00edntomas depresivos.<\/p>\n\n\n\n<h4 class=\"wp-block-heading has-medium-font-size\">En adultos mayores<\/h4>\n\n\n\n<p>La soledad, el abandono, la p\u00e9rdida de roles activos, el deterioro f\u00edsico y el duelo por seres queridos convierten a la tercera edad en otro grupo vulnerable. En Chile, muchos adultos mayores viven en condiciones precarias, con escaso acceso a salud mental.<\/p>\n\n\n\n<h3 class=\"wp-block-heading has-large-font-size\">Cifras locales: un problema visible pero invisibilizado<\/h3>\n\n\n\n<ul>\n<li>La Encuesta Nacional de Salud (2016-2017) indic\u00f3 que el <strong>6,2% de la poblaci\u00f3n adulta<\/strong> presenta depresi\u00f3n seg\u00fan criterios cl\u00ednicos (<a href=\"https:\/\/www.scielo.cl\/scielo.php?pid=S0034-98872021001001430&amp;script=sci_arttext&amp;utm_source=chatgpt.com\">scielo.cl<\/a>).<\/li>\n\n\n\n<li>Estudios recientes aumentan esa cifra a un <strong>13%<\/strong>, considerando s\u00edntomas moderados o severos (<a href=\"https:\/\/www.uc.cl\/noticias\/estudio-una-de-cada-siete-personas-en-chile-presentan-sintomas-moderados-o-severos-de-depresion\/?utm_source=chatgpt.com\">uc.cl<\/a>).<\/li>\n\n\n\n<li>La prevalencia en mujeres casi <strong>triplica la de los hombres<\/strong>: 19,5% versus 6%. Esto tiene ra\u00edces en desigualdades de g\u00e9nero y cargas emocionales no reconocidas.<\/li>\n<\/ul>\n\n\n\n<p>Pese a estas cifras, muchas personas nunca acceden a un diagn\u00f3stico ni a tratamiento. Las barreras son reales, especialmente para quienes dependen exclusivamente del sistema p\u00fablico.<\/p>\n\n\n\n<h3 class=\"wp-block-heading has-large-font-size\">Barreras para una atenci\u00f3n digna<\/h3>\n\n\n\n<p><strong>1. Listas de espera<\/strong>: En muchas comunas, conseguir una hora con un psic\u00f3logo puede tardar semanas o incluso meses.<\/p>\n\n\n\n<p><strong>2. Escasez de especialistas<\/strong>: No todos los CESFAM cuentan con psiquiatras. Algunos apenas tienen 1 o 2 psic\u00f3logos para atender a cientos de personas.<\/p>\n\n\n\n<p><strong>3. Cobertura limitada<\/strong>: Si bien Fonasa incluye la depresi\u00f3n en el plan AUGE, no siempre cubre todos los tratamientos psicoterap\u00e9uticos necesarios, especialmente los de largo plazo.<\/p>\n\n\n\n<p><strong>4. Falta de continuidad<\/strong>: Muchas veces se ofrece una atenci\u00f3n epis\u00f3dica, sin seguimiento ni plan integral.<\/p>\n\n\n\n<p><strong>5. Dificultades para el autocuidado<\/strong>: Aun teniendo diagn\u00f3stico, las condiciones de vida (precariedad laboral, crianza en solitario, hacinamiento, etc.) pueden hacer dif\u00edcil mantener h\u00e1bitos saludables, como dormir bien o hacer actividad f\u00edsica.<\/p>\n\n\n\n<h3 class=\"wp-block-heading has-large-font-size\">La importancia de una definici\u00f3n situada<\/h3>\n\n\n\n<p>Una definici\u00f3n no es solo un enunciado. Es una forma de mirar el mundo. En salud, definir una condici\u00f3n implica visibilizarla, priorizarla y guiar su tratamiento. Por eso es tan importante que la definici\u00f3n de depresi\u00f3n no se quede en lo abstracto.<\/p>\n\n\n\n<p>En Chile, esa definici\u00f3n debe incorporar el peso de lo estructural:<\/p>\n\n\n\n<ul>\n<li>La desigualdad como factor de riesgo<\/li>\n\n\n\n<li>El machismo como generador de carga emocional<\/li>\n\n\n\n<li>El sistema de salud como barrera o facilitador<\/li>\n\n\n\n<li>La educaci\u00f3n emocional como herramienta preventiva<\/li>\n<\/ul>\n\n\n\n<h3 class=\"wp-block-heading has-large-font-size\">Definici\u00f3n de la depresi\u00f3n operativa propuesta<\/h3>\n\n\n\n<blockquote class=\"wp-block-quote is-layout-flow wp-block-quote-is-layout-flow\">\n<p>La depresi\u00f3n es un trastorno del estado de \u00e1nimo persistente, que involucra s\u00edntomas emocionales, f\u00edsicos y cognitivos que afectan la vida diaria de una persona durante al menos dos semanas. En Chile, esta condici\u00f3n debe entenderse tambi\u00e9n como una experiencia influida por desigualdades sociales, estigmas culturales, barreras de acceso y condiciones de vida que amplifican el sufrimiento emocional.<\/p>\n<\/blockquote>\n\n\n\n<p>Esta definici\u00f3n no solo describe: tambi\u00e9n denuncia, contextualiza y orienta pol\u00edticas.<\/p>\n\n\n\n<h3 class=\"wp-block-heading has-large-font-size\">\u00bfC\u00f3mo saber si lo que sientes es depresi\u00f3n?<\/h3>\n\n\n\n<p>Es normal tener d\u00edas malos. Pero si:<\/p>\n\n\n\n<ul>\n<li>Te sientes vac\u00edo o sin energ\u00eda la mayor parte del tiempo<\/li>\n\n\n\n<li>Ya no disfrutas las cosas que antes te gustaban<\/li>\n\n\n\n<li>Te cuesta concentrarte, trabajar o cumplir con tus responsabilidades<\/li>\n\n\n\n<li>Te a\u00edslas de amigos o familiares<\/li>\n\n\n\n<li>Comes o duermes mucho m\u00e1s (o mucho menos) que antes<\/li>\n\n\n\n<li>Tienes pensamientos negativos persistentes<\/li>\n<\/ul>\n\n\n\n<p>\u2026 entonces puede que est\u00e9s atravesando una depresi\u00f3n.<\/p>\n\n\n\n<p>Buscar ayuda no es signo de debilidad. Es un acto de valent\u00eda y autocuidado. Si est\u00e1s afiliado a Fonasa, puedes consultar en tu CESFAM y solicitar derivaci\u00f3n a salud mental. Tambi\u00e9n puedes llamar al fono <em>Salud Responde<\/em> (600 360 7777) para orientaci\u00f3n.<\/p>\n\n\n\n<h3 class=\"wp-block-heading has-large-font-size\">Qu\u00e9 puedes hacer si crees que t\u00fa o alguien cercano tiene depresi\u00f3n<\/h3>\n\n\n\n<p><strong>1. Habla<\/strong>: A veces, solo decirlo en voz alta ya alivia. Cu\u00e9ntale a alguien de confianza c\u00f3mo te sientes.<\/p>\n\n\n\n<p><strong>2. Acude al sistema de salud<\/strong>: En Fonasa, puedes acceder a atenci\u00f3n psicol\u00f3gica en tu CESFAM. Si ya est\u00e1s diagnosticado, aseg\u00farate de seguir el plan AUGE.<\/p>\n\n\n\n<p><strong>3. Inf\u00f3rmate<\/strong>: Lee sobre salud mental. Entender lo que te pasa ayuda a perder el miedo.<\/p>\n\n\n\n<p><strong>4. No te a\u00edsles<\/strong>: La depresi\u00f3n empuja a encerrarse, pero lo que m\u00e1s ayuda es estar conectado. Busca grupos, talleres, amistades, familia.<\/p>\n\n\n\n<p><strong>5. S\u00e9 paciente contigo mismo<\/strong>: La recuperaci\u00f3n toma tiempo. No te exijas estar bien de inmediato.<\/p>\n\n\n\n<h3 class=\"wp-block-heading has-large-font-size\">Conclusi\u00f3n: definir es cuidar<\/h3>\n\n\n\n<p>Hablar de &#8220;la definici\u00f3n de la depresi\u00f3n&#8221; no es solo un ejercicio acad\u00e9mico. Es una herramienta para el cambio. Una definici\u00f3n situada permite que el sistema de salud act\u00fae mejor, que las personas se reconozcan en sus s\u00edntomas, que se rompa el silencio y que el pa\u00eds avance hacia una cultura del cuidado.<\/p>\n\n\n\n<p>Desde <strong><a href=\"https:\/\/fonasa.mindy.cl\/#\/\">Fonasa.Mindy.cl.<\/a><\/strong>, esta es nuestra apuesta: ofrecer contenido riguroso, humano y conectado con las necesidades reales de quienes d\u00eda a d\u00eda enfrentan la vida con el peso invisible de la depresi\u00f3n. Porque definir bien tambi\u00e9n es cuidar.<\/p>\n\n\n\n<h2 class=\"wp-block-heading has-x-large-font-size\">Conocerte es el primer paso para sanar<\/h2>\n\n\n\n<p>Entender lo que sientes es clave para encontrar el apoyo indicado. En&nbsp;<strong>Fonasa&nbsp;<a href=\"https:\/\/mindy.cl\/\" target=\"_blank\" rel=\"noreferrer noopener\">Mindy.cl<\/a><\/strong>&nbsp;te ofrecemos una herramienta sencilla: un <strong>Quiz dise\u00f1ado para ayudarte a evaluar tus niveles de depresi\u00f3n<\/strong> y as\u00ed poder acceder a la terapia psicol\u00f3gica que realmente se ajusta a tus necesidades. No dejes pasar esta oportunidad de cuidar tu mente.<\/p>\n\n\n\n<p>\ud83c\udfaf&nbsp;<strong>Realiza el Quiz gratuito:<\/strong>&nbsp;<a href=\"https:\/\/form.typeform.com\/to\/P78CVEPt\" target=\"_blank\" rel=\"noreferrer noopener\"><strong>https:\/\/form.typeform.com\/to\/P78CVEPt<\/strong><\/a><\/p>\n","protected":false},"excerpt":{"rendered":"<p>La definici\u00f3n de la depresi\u00f3n no es solo una frase que se encuentra en los manuales m\u00e9dicos. Es una puerta de entrada para entender una realidad que afecta a millones de personas, muchas de ellas sin diagn\u00f3stico, sin tratamiento y, a veces, sin palabras para describir lo que sienten. En Chile, esta condici\u00f3n toma matices [&hellip;]<\/p>\n","protected":false},"author":2,"featured_media":1198,"comment_status":"closed","ping_status":"closed","sticky":false,"template":"","format":"standard","meta":{"footnotes":""},"categories":[278,114],"tags":[],"yoast_head":"<!-- This site is optimized with the Yoast SEO plugin v23.0 - https:\/\/yoast.com\/wordpress\/plugins\/seo\/ -->\n<title>Definici\u00f3n de la depresi\u00f3n: concepto cl\u00ednico y realidad en Chile - Mindy Fonasa Blog<\/title>\n<meta name=\"description\" content=\"Conoce la definici\u00f3n de la depresi\u00f3n desde la medicina y c\u00f3mo se manifiesta en Chile. Causas, s\u00edntomas y acceso a ayuda en el sistema Fonasa.\" \/>\n<meta name=\"robots\" content=\"index, follow, max-snippet:-1, max-image-preview:large, max-video-preview:-1\" \/>\n<link rel=\"canonical\" href=\"https:\/\/fonasa.mindy.cl\/blog\/definicion-de-depresion\/\" \/>\n<meta property=\"og:locale\" content=\"es_ES\" \/>\n<meta property=\"og:type\" content=\"article\" \/>\n<meta property=\"og:title\" content=\"Definici\u00f3n de la depresi\u00f3n: concepto cl\u00ednico y realidad en Chile - Mindy Fonasa Blog\" \/>\n<meta property=\"og:description\" content=\"Conoce la definici\u00f3n de la depresi\u00f3n desde la medicina y c\u00f3mo se manifiesta en Chile. Causas, s\u00edntomas y acceso a ayuda en el sistema Fonasa.\" \/>\n<meta property=\"og:url\" content=\"https:\/\/fonasa.mindy.cl\/blog\/definicion-de-depresion\/\" \/>\n<meta property=\"og:site_name\" content=\"Mindy Fonasa Blog\" \/>\n<meta property=\"article:published_time\" content=\"2025-09-30T22:05:34+00:00\" \/>\n<meta property=\"article:modified_time\" content=\"2026-03-25T13:27:03+00:00\" \/>\n<meta property=\"og:image\" content=\"https:\/\/fonasa.mindy.cl\/blog\/wp-content\/uploads\/2025\/09\/2149451289.jpg\" \/>\n\t<meta property=\"og:image:width\" content=\"1000\" \/>\n\t<meta property=\"og:image:height\" content=\"667\" \/>\n\t<meta property=\"og:image:type\" content=\"image\/jpeg\" \/>\n<meta name=\"author\" content=\"reinaldo@mindy.cl\" \/>\n<meta name=\"twitter:card\" content=\"summary_large_image\" \/>\n<meta name=\"twitter:label1\" content=\"Written by\" \/>\n\t<meta name=\"twitter:data1\" content=\"reinaldo@mindy.cl\" \/>\n\t<meta name=\"twitter:label2\" content=\"Est. reading time\" \/>\n\t<meta name=\"twitter:data2\" content=\"7 minutos\" \/>\n<script type=\"application\/ld+json\" class=\"yoast-schema-graph\">{\"@context\":\"https:\/\/schema.org\",\"@graph\":[{\"@type\":\"Article\",\"@id\":\"https:\/\/fonasa.mindy.cl\/blog\/definicion-de-depresion\/#article\",\"isPartOf\":{\"@id\":\"https:\/\/fonasa.mindy.cl\/blog\/definicion-de-depresion\/\"},\"author\":{\"name\":\"reinaldo@mindy.cl\",\"@id\":\"https:\/\/fonasa.mindy.cl\/blog\/#\/schema\/person\/6b2fdf85e03858572a636b7b9ce17d81\"},\"headline\":\"Definici\u00f3n de la depresi\u00f3n: concepto cl\u00ednico y realidad en Chile\",\"datePublished\":\"2025-09-30T22:05:34+00:00\",\"dateModified\":\"2026-03-25T13:27:03+00:00\",\"mainEntityOfPage\":{\"@id\":\"https:\/\/fonasa.mindy.cl\/blog\/definicion-de-depresion\/\"},\"wordCount\":1640,\"publisher\":{\"@id\":\"https:\/\/fonasa.mindy.cl\/blog\/#organization\"},\"image\":{\"@id\":\"https:\/\/fonasa.mindy.cl\/blog\/definicion-de-depresion\/#primaryimage\"},\"thumbnailUrl\":\"https:\/\/fonasa.mindy.cl\/blog\/wp-content\/uploads\/2025\/09\/2149451289.jpg\",\"articleSection\":[\"Depresi\u00f3n\",\"Psic\u00f3logos Fonasa\"],\"inLanguage\":\"es-CL\"},{\"@type\":\"WebPage\",\"@id\":\"https:\/\/fonasa.mindy.cl\/blog\/definicion-de-depresion\/\",\"url\":\"https:\/\/fonasa.mindy.cl\/blog\/definicion-de-depresion\/\",\"name\":\"Definici\u00f3n de la depresi\u00f3n: concepto cl\u00ednico y realidad en Chile - Mindy Fonasa Blog\",\"isPartOf\":{\"@id\":\"https:\/\/fonasa.mindy.cl\/blog\/#website\"},\"primaryImageOfPage\":{\"@id\":\"https:\/\/fonasa.mindy.cl\/blog\/definicion-de-depresion\/#primaryimage\"},\"image\":{\"@id\":\"https:\/\/fonasa.mindy.cl\/blog\/definicion-de-depresion\/#primaryimage\"},\"thumbnailUrl\":\"https:\/\/fonasa.mindy.cl\/blog\/wp-content\/uploads\/2025\/09\/2149451289.jpg\",\"datePublished\":\"2025-09-30T22:05:34+00:00\",\"dateModified\":\"2026-03-25T13:27:03+00:00\",\"description\":\"Conoce la definici\u00f3n de la depresi\u00f3n desde la medicina y c\u00f3mo se manifiesta en Chile. Causas, s\u00edntomas y acceso a ayuda en el sistema Fonasa.\",\"breadcrumb\":{\"@id\":\"https:\/\/fonasa.mindy.cl\/blog\/definicion-de-depresion\/#breadcrumb\"},\"inLanguage\":\"es-CL\",\"potentialAction\":[{\"@type\":\"ReadAction\",\"target\":[\"https:\/\/fonasa.mindy.cl\/blog\/definicion-de-depresion\/\"]}]},{\"@type\":\"ImageObject\",\"inLanguage\":\"es-CL\",\"@id\":\"https:\/\/fonasa.mindy.cl\/blog\/definicion-de-depresion\/#primaryimage\",\"url\":\"https:\/\/fonasa.mindy.cl\/blog\/wp-content\/uploads\/2025\/09\/2149451289.jpg\",\"contentUrl\":\"https:\/\/fonasa.mindy.cl\/blog\/wp-content\/uploads\/2025\/09\/2149451289.jpg\",\"width\":1000,\"height\":667,\"caption\":\"definici\u00f3n de depresi\u00f3n\"},{\"@type\":\"BreadcrumbList\",\"@id\":\"https:\/\/fonasa.mindy.cl\/blog\/definicion-de-depresion\/#breadcrumb\",\"itemListElement\":[{\"@type\":\"ListItem\",\"position\":1,\"name\":\"Home\",\"item\":\"https:\/\/fonasa.mindy.cl\/blog\/\"},{\"@type\":\"ListItem\",\"position\":2,\"name\":\"Definici\u00f3n de la depresi\u00f3n: concepto cl\u00ednico y realidad en Chile\"}]},{\"@type\":\"WebSite\",\"@id\":\"https:\/\/fonasa.mindy.cl\/blog\/#website\",\"url\":\"https:\/\/fonasa.mindy.cl\/blog\/\",\"name\":\"Mindy Fonasa Blog\",\"description\":\"Un blog de salud mental\",\"publisher\":{\"@id\":\"https:\/\/fonasa.mindy.cl\/blog\/#organization\"},\"potentialAction\":[{\"@type\":\"SearchAction\",\"target\":{\"@type\":\"EntryPoint\",\"urlTemplate\":\"https:\/\/fonasa.mindy.cl\/blog\/?s={search_term_string}\"},\"query-input\":\"required name=search_term_string\"}],\"inLanguage\":\"es-CL\"},{\"@type\":\"Organization\",\"@id\":\"https:\/\/fonasa.mindy.cl\/blog\/#organization\",\"name\":\"Mindy Fonasa Blog\",\"url\":\"https:\/\/fonasa.mindy.cl\/blog\/\",\"logo\":{\"@type\":\"ImageObject\",\"inLanguage\":\"es-CL\",\"@id\":\"https:\/\/fonasa.mindy.cl\/blog\/#\/schema\/logo\/image\/\",\"url\":\"https:\/\/fonasa.mindy.cl\/blog\/wp-content\/uploads\/2024\/07\/logo_cuadrado.png\",\"contentUrl\":\"https:\/\/fonasa.mindy.cl\/blog\/wp-content\/uploads\/2024\/07\/logo_cuadrado.png\",\"width\":300,\"height\":300,\"caption\":\"Mindy Fonasa Blog\"},\"image\":{\"@id\":\"https:\/\/fonasa.mindy.cl\/blog\/#\/schema\/logo\/image\/\"}},{\"@type\":\"Person\",\"@id\":\"https:\/\/fonasa.mindy.cl\/blog\/#\/schema\/person\/6b2fdf85e03858572a636b7b9ce17d81\",\"name\":\"reinaldo@mindy.cl\",\"url\":\"https:\/\/fonasa.mindy.cl\/blog\/author\/reinaldomindy-cl\/\"}]}<\/script>\n<!-- \/ Yoast SEO plugin. -->","yoast_head_json":{"title":"Definici\u00f3n de la depresi\u00f3n: concepto cl\u00ednico y realidad en Chile - Mindy Fonasa Blog","description":"Conoce la definici\u00f3n de la depresi\u00f3n desde la medicina y c\u00f3mo se manifiesta en Chile. Causas, s\u00edntomas y acceso a ayuda en el sistema Fonasa.","robots":{"index":"index","follow":"follow","max-snippet":"max-snippet:-1","max-image-preview":"max-image-preview:large","max-video-preview":"max-video-preview:-1"},"canonical":"https:\/\/fonasa.mindy.cl\/blog\/definicion-de-depresion\/","og_locale":"es_ES","og_type":"article","og_title":"Definici\u00f3n de la depresi\u00f3n: concepto cl\u00ednico y realidad en Chile - Mindy Fonasa Blog","og_description":"Conoce la definici\u00f3n de la depresi\u00f3n desde la medicina y c\u00f3mo se manifiesta en Chile. Causas, s\u00edntomas y acceso a ayuda en el sistema Fonasa.","og_url":"https:\/\/fonasa.mindy.cl\/blog\/definicion-de-depresion\/","og_site_name":"Mindy Fonasa Blog","article_published_time":"2025-09-30T22:05:34+00:00","article_modified_time":"2026-03-25T13:27:03+00:00","og_image":[{"width":1000,"height":667,"url":"https:\/\/fonasa.mindy.cl\/blog\/wp-content\/uploads\/2025\/09\/2149451289.jpg","type":"image\/jpeg"}],"author":"reinaldo@mindy.cl","twitter_card":"summary_large_image","twitter_misc":{"Written by":"reinaldo@mindy.cl","Est. reading time":"7 minutos"},"schema":{"@context":"https:\/\/schema.org","@graph":[{"@type":"Article","@id":"https:\/\/fonasa.mindy.cl\/blog\/definicion-de-depresion\/#article","isPartOf":{"@id":"https:\/\/fonasa.mindy.cl\/blog\/definicion-de-depresion\/"},"author":{"name":"reinaldo@mindy.cl","@id":"https:\/\/fonasa.mindy.cl\/blog\/#\/schema\/person\/6b2fdf85e03858572a636b7b9ce17d81"},"headline":"Definici\u00f3n de la depresi\u00f3n: concepto cl\u00ednico y realidad en Chile","datePublished":"2025-09-30T22:05:34+00:00","dateModified":"2026-03-25T13:27:03+00:00","mainEntityOfPage":{"@id":"https:\/\/fonasa.mindy.cl\/blog\/definicion-de-depresion\/"},"wordCount":1640,"publisher":{"@id":"https:\/\/fonasa.mindy.cl\/blog\/#organization"},"image":{"@id":"https:\/\/fonasa.mindy.cl\/blog\/definicion-de-depresion\/#primaryimage"},"thumbnailUrl":"https:\/\/fonasa.mindy.cl\/blog\/wp-content\/uploads\/2025\/09\/2149451289.jpg","articleSection":["Depresi\u00f3n","Psic\u00f3logos Fonasa"],"inLanguage":"es-CL"},{"@type":"WebPage","@id":"https:\/\/fonasa.mindy.cl\/blog\/definicion-de-depresion\/","url":"https:\/\/fonasa.mindy.cl\/blog\/definicion-de-depresion\/","name":"Definici\u00f3n de la depresi\u00f3n: concepto cl\u00ednico y realidad en Chile - Mindy Fonasa Blog","isPartOf":{"@id":"https:\/\/fonasa.mindy.cl\/blog\/#website"},"primaryImageOfPage":{"@id":"https:\/\/fonasa.mindy.cl\/blog\/definicion-de-depresion\/#primaryimage"},"image":{"@id":"https:\/\/fonasa.mindy.cl\/blog\/definicion-de-depresion\/#primaryimage"},"thumbnailUrl":"https:\/\/fonasa.mindy.cl\/blog\/wp-content\/uploads\/2025\/09\/2149451289.jpg","datePublished":"2025-09-30T22:05:34+00:00","dateModified":"2026-03-25T13:27:03+00:00","description":"Conoce la definici\u00f3n de la depresi\u00f3n desde la medicina y c\u00f3mo se manifiesta en Chile. Causas, s\u00edntomas y acceso a ayuda en el sistema Fonasa.","breadcrumb":{"@id":"https:\/\/fonasa.mindy.cl\/blog\/definicion-de-depresion\/#breadcrumb"},"inLanguage":"es-CL","potentialAction":[{"@type":"ReadAction","target":["https:\/\/fonasa.mindy.cl\/blog\/definicion-de-depresion\/"]}]},{"@type":"ImageObject","inLanguage":"es-CL","@id":"https:\/\/fonasa.mindy.cl\/blog\/definicion-de-depresion\/#primaryimage","url":"https:\/\/fonasa.mindy.cl\/blog\/wp-content\/uploads\/2025\/09\/2149451289.jpg","contentUrl":"https:\/\/fonasa.mindy.cl\/blog\/wp-content\/uploads\/2025\/09\/2149451289.jpg","width":1000,"height":667,"caption":"definici\u00f3n de depresi\u00f3n"},{"@type":"BreadcrumbList","@id":"https:\/\/fonasa.mindy.cl\/blog\/definicion-de-depresion\/#breadcrumb","itemListElement":[{"@type":"ListItem","position":1,"name":"Home","item":"https:\/\/fonasa.mindy.cl\/blog\/"},{"@type":"ListItem","position":2,"name":"Definici\u00f3n de la depresi\u00f3n: concepto cl\u00ednico y realidad en Chile"}]},{"@type":"WebSite","@id":"https:\/\/fonasa.mindy.cl\/blog\/#website","url":"https:\/\/fonasa.mindy.cl\/blog\/","name":"Mindy Fonasa Blog","description":"Un blog de salud mental","publisher":{"@id":"https:\/\/fonasa.mindy.cl\/blog\/#organization"},"potentialAction":[{"@type":"SearchAction","target":{"@type":"EntryPoint","urlTemplate":"https:\/\/fonasa.mindy.cl\/blog\/?s={search_term_string}"},"query-input":"required name=search_term_string"}],"inLanguage":"es-CL"},{"@type":"Organization","@id":"https:\/\/fonasa.mindy.cl\/blog\/#organization","name":"Mindy Fonasa Blog","url":"https:\/\/fonasa.mindy.cl\/blog\/","logo":{"@type":"ImageObject","inLanguage":"es-CL","@id":"https:\/\/fonasa.mindy.cl\/blog\/#\/schema\/logo\/image\/","url":"https:\/\/fonasa.mindy.cl\/blog\/wp-content\/uploads\/2024\/07\/logo_cuadrado.png","contentUrl":"https:\/\/fonasa.mindy.cl\/blog\/wp-content\/uploads\/2024\/07\/logo_cuadrado.png","width":300,"height":300,"caption":"Mindy Fonasa Blog"},"image":{"@id":"https:\/\/fonasa.mindy.cl\/blog\/#\/schema\/logo\/image\/"}},{"@type":"Person","@id":"https:\/\/fonasa.mindy.cl\/blog\/#\/schema\/person\/6b2fdf85e03858572a636b7b9ce17d81","name":"reinaldo@mindy.cl","url":"https:\/\/fonasa.mindy.cl\/blog\/author\/reinaldomindy-cl\/"}]}},"_links":{"self":[{"href":"https:\/\/fonasa.mindy.cl\/blog\/wp-json\/wp\/v2\/posts\/703"}],"collection":[{"href":"https:\/\/fonasa.mindy.cl\/blog\/wp-json\/wp\/v2\/posts"}],"about":[{"href":"https:\/\/fonasa.mindy.cl\/blog\/wp-json\/wp\/v2\/types\/post"}],"author":[{"embeddable":true,"href":"https:\/\/fonasa.mindy.cl\/blog\/wp-json\/wp\/v2\/users\/2"}],"replies":[{"embeddable":true,"href":"https:\/\/fonasa.mindy.cl\/blog\/wp-json\/wp\/v2\/comments?post=703"}],"version-history":[{"count":8,"href":"https:\/\/fonasa.mindy.cl\/blog\/wp-json\/wp\/v2\/posts\/703\/revisions"}],"predecessor-version":[{"id":1702,"href":"https:\/\/fonasa.mindy.cl\/blog\/wp-json\/wp\/v2\/posts\/703\/revisions\/1702"}],"wp:featuredmedia":[{"embeddable":true,"href":"https:\/\/fonasa.mindy.cl\/blog\/wp-json\/wp\/v2\/media\/1198"}],"wp:attachment":[{"href":"https:\/\/fonasa.mindy.cl\/blog\/wp-json\/wp\/v2\/media?parent=703"}],"wp:term":[{"taxonomy":"category","embeddable":true,"href":"https:\/\/fonasa.mindy.cl\/blog\/wp-json\/wp\/v2\/categories?post=703"},{"taxonomy":"post_tag","embeddable":true,"href":"https:\/\/fonasa.mindy.cl\/blog\/wp-json\/wp\/v2\/tags?post=703"}],"curies":[{"name":"wp","href":"https:\/\/api.w.org\/{rel}","templated":true}]}}