{"id":700,"date":"2025-09-30T19:03:44","date_gmt":"2025-09-30T22:03:44","guid":{"rendered":"https:\/\/fonasa.mindy.cl\/blog\/?p=700"},"modified":"2026-03-25T10:26:46","modified_gmt":"2026-03-25T13:26:46","slug":"concepto-de-depresion","status":"publish","type":"post","link":"https:\/\/fonasa.mindy.cl\/blog\/concepto-de-depresion\/","title":{"rendered":"Concepto de depresi\u00f3n: una mirada profunda desde la realidad chilena"},"content":{"rendered":"\n<p>La salud mental se ha convertido en uno de los grandes temas del siglo XXI, y entre los trastornos que m\u00e1s impacto tienen a nivel global est\u00e1 la depresi\u00f3n. Pero cuando hablamos del <strong>concepto de depresi\u00f3n<\/strong>, no basta con repetir una definici\u00f3n cl\u00ednica universal. Es necesario contextualizar, observar el entorno social, econ\u00f3mico y cultural donde se manifiesta. En este art\u00edculo, nos enfocamos en lo que significa la depresi\u00f3n desde la experiencia chilena, combinando la perspectiva m\u00e9dica con una mirada social.<\/p>\n\n\n\n<h2 class=\"wp-block-heading has-text-align-left has-x-large-font-size\">\u00bfQu\u00e9 es la depresi\u00f3n? El concepto cl\u00ednico<\/h2>\n\n\n\n<p>Cuando se investiga la<strong><a href=\"https:\/\/fonasa.mindy.cl\/blog\/definicion-de-depresion\/\"> definici\u00f3n de la depresi\u00f3n<\/a><\/strong>, nos encontramos que es un <strong>trastorno del estado de \u00e1nimo<\/strong> caracterizado por un conjunto de s\u00edntomas que afectan profundamente la vida cotidiana de quien la padece. A diferencia de la tristeza com\u00fan, que es pasajera y tiene causas identificables, la depresi\u00f3n puede durar semanas, meses o incluso a\u00f1os, e interferir gravemente con el funcionamiento diario.<\/p>\n\n\n\n<p>Los s\u00edntomas m\u00e1s comunes  de los <strong><a href=\"https:\/\/fonasa.mindy.cl\/blog\/trastornos-depresivos-mas-que-tristeza-y-como-superarla\/\">trastornos depresivos<\/a><\/strong> incluyen:<\/p>\n\n\n\n<ul>\n<li>\u00c1nimo deprimido persistente<\/li>\n\n\n\n<li>P\u00e9rdida de inter\u00e9s o placer<\/li>\n\n\n\n<li>Fatiga o falta de energ\u00eda<\/li>\n\n\n\n<li>Alteraciones del sue\u00f1o y del apetito<\/li>\n\n\n\n<li>Dificultad para concentrarse<\/li>\n\n\n\n<li>Sentimientos de inutilidad o culpa<\/li>\n\n\n\n<li>Pensamientos suicidas<\/li>\n<\/ul>\n\n\n\n<p>Desde una perspectiva m\u00e9dica, la depresi\u00f3n es diagnosticada seg\u00fan criterios establecidos en manuales como el DSM-5 o la CIE-11, y puede variar en severidad (leve, moderada o grave).<\/p>\n\n\n\n<h3 class=\"wp-block-heading has-large-font-size\">Concepto de Depresi\u00f3n: m\u00e1s all\u00e1 del individuo<\/h3>\n\n\n\n<p>Es fundamental entender que la depresi\u00f3n no surge de la nada. Es una condici\u00f3n que puede tener causas biol\u00f3gicas (como desequilibrios neuroqu\u00edmicos), psicol\u00f3gicas (traumas, estilo de pensamiento negativo) y sociales (entorno familiar, situaci\u00f3n econ\u00f3mica, acceso a redes de apoyo). Por eso se habla de un modelo <strong>biopsicosocial<\/strong> para comprenderla. La tristeza es com\u00fan y pasajera en las <strong><a href=\"https:\/\/fonasa.mindy.cl\/blog\/personas-con-depresion\/\">personas con depresi\u00f3n<\/a><\/strong>, pero puede llegar a ser es persistente y desestabilizar a quien la padece.<\/p>\n\n\n\n<h3 class=\"wp-block-heading has-large-font-size\">Una realidad chilena: datos que hablan por s\u00ed mismos<\/h3>\n\n\n\n<p>En Chile, el concepto de depresi\u00f3n se cruza inevitablemente con cifras alarmantes:<\/p>\n\n\n\n<ul>\n<li>La Encuesta Nacional de Salud 2016\u20132017 estim\u00f3 una prevalencia de <strong>6,2%<\/strong> en adultos (<a href=\"https:\/\/www.scielo.cl\/scielo.php?pid=S0034-98872021001001430&amp;script=sci_arttext&amp;utm_source=chatgpt.com\">Scielo<\/a>).<\/li>\n\n\n\n<li>Estudios recientes indican que hasta un <strong>13% de la poblaci\u00f3n presenta s\u00edntomas moderados o severos de depresi\u00f3n<\/strong>, lo que equivale a casi 2 millones de personas (<a href=\"https:\/\/eepsi.cl\/salud-mental-en-chile-una-radiografia-humana-y-urgente\/?utm_source=chatgpt.com\">EEPSI<\/a>).<\/li>\n\n\n\n<li>La pandemia de COVID-19 agrav\u00f3 el panorama, con un aumento de casos del <strong>40,6%<\/strong> entre 2019 y 2020 (<a href=\"https:\/\/www.scielo.cl\/scielo.php?pid=S0034-98872022000500691&amp;script=sci_arttext&amp;utm_source=chatgpt.com\">Scielo<\/a>).<\/li>\n\n\n\n<li>Las mujeres presentan una prevalencia mucho mayor que los hombres: <strong>19,5% frente al 6%<\/strong> (<a href=\"https:\/\/elpais.com\/chile\/2025-05-27\/las-mujeres-con-sintomas-de-depresion-mas-que-triplican-a-los-hombres-en-chile.html?utm_source=chatgpt.com\">El Pa\u00eds<\/a>).<\/li>\n<\/ul>\n\n\n\n<p>Estos datos no son solo cifras: reflejan realidades emocionales que afectan el d\u00eda a d\u00eda de millones de personas. Muchos de ellos ni siquiera logran acceder a una consulta psicol\u00f3gica o psiqui\u00e1trica, debido a barreras econ\u00f3micas, geogr\u00e1ficas o culturales.<\/p>\n\n\n\n<h3 class=\"wp-block-heading has-large-font-size\">M\u00e1s all\u00e1 de lo cl\u00ednico: El concepto de la depresi\u00f3n como fen\u00f3meno social<\/h3>\n\n\n\n<figure class=\"wp-block-image size-full\"><img loading=\"lazy\" decoding=\"async\" width=\"1000\" height=\"667\" src=\"https:\/\/fonasa.mindy.cl\/blog\/wp-content\/uploads\/2025\/12\/2148275093-1.jpg\" alt=\"concepto de depresi\u00f3n \" class=\"wp-image-1194\"\/><\/figure>\n\n\n\n<p>La depresi\u00f3n en Chile no ocurre en el vac\u00edo. Est\u00e1 profundamente influida por condiciones estructurales como:<\/p>\n\n\n\n<ul>\n<li><strong>Desigualdad socioecon\u00f3mica<\/strong>: el acceso a servicios de salud mental es desigual entre regiones urbanas y rurales.<\/li>\n\n\n\n<li><strong>Estigmas culturales<\/strong>: muchas personas ven la depresi\u00f3n como &#8220;debilidad&#8221; en lugar de un problema de salud.<\/li>\n\n\n\n<li><strong>Violencia de g\u00e9nero y sobrecarga emocional en mujeres<\/strong>: factores que contribuyen a la mayor incidencia en ellas.<\/li>\n\n\n\n<li><strong>Crisis sociales recientes<\/strong>: como el estallido social de 2019 o la inseguridad econ\u00f3mica, que generan malestar emocional colectivo (<a href=\"https:\/\/elpais.com\/chile\/2024-10-20\/era-depresion-o-capitalismo.html?utm_source=chatgpt.com\">El Pa\u00eds<\/a>).<\/li>\n\n\n\n<li><strong>Brechas en salud mental<\/strong>: la cobertura efectiva de atenci\u00f3n para quienes padecen depresi\u00f3n es solo del 20% aproximadamente (<a href=\"https:\/\/obtienearchivo.bcn.cl\/obtienearchivo?id=repositorio%2F10221%2F35814%2F1%2FBCN_programas_nacionales_salud_mental_FINAL.pdf&amp;utm_source=chatgpt.com\">BCN<\/a>).<\/li>\n<\/ul>\n\n\n\n<h3 class=\"wp-block-heading has-large-font-size\">Salud mental y g\u00e9nero en Chile<\/h3>\n\n\n\n<p>Uno de los aspectos m\u00e1s relevantes al hablar del concepto de depresi\u00f3n en Chile es la dimensi\u00f3n de g\u00e9nero. Las mujeres tienen mayor prevalencia de s\u00edntomas depresivos por m\u00faltiples razones:<\/p>\n\n\n\n<ul>\n<li>Sobrecarga en tareas de cuidado no remuneradas<\/li>\n\n\n\n<li>Violencia intrafamiliar y de pareja<\/li>\n\n\n\n<li>Discriminaci\u00f3n laboral y brecha salarial<\/li>\n\n\n\n<li>Estereotipos culturales que invisibilizan su sufrimiento emocional<\/li>\n<\/ul>\n\n\n\n<p>Seg\u00fan el estudio citado por El Pa\u00eds, las mujeres triplican la tasa de s\u00edntomas depresivos en comparaci\u00f3n con los hombres, lo que indica una profunda desigualdad emocional. Sin embargo, los hombres tambi\u00e9n enfrentan barreras, como la presi\u00f3n cultural de \u201cno mostrar debilidad\u201d, que los aleja de buscar ayuda profesional.<\/p>\n\n\n\n<h3 class=\"wp-block-heading has-large-font-size\">Juventud, educaci\u00f3n y salud mental<\/h3>\n\n\n\n<p>La <strong><a href=\"https:\/\/fonasa.mindy.cl\/blog\/depresion-en-adolescentes\/\">depresi\u00f3n en adolescentes<\/a><\/strong> y j\u00f3venes universitarios en Chile tambi\u00e9n est\u00e1n mostrando niveles preocupantes de s\u00edntomas depresivos:<\/p>\n\n\n\n<ul>\n<li>Altas exigencias acad\u00e9micas<\/li>\n\n\n\n<li>Inseguridad laboral y econ\u00f3mica<\/li>\n\n\n\n<li>Falta de espacios seguros para hablar sobre salud mental<\/li>\n\n\n\n<li>Uso excesivo de redes sociales y aislamiento digital<\/li>\n<\/ul>\n\n\n\n<p>Estudios en poblaci\u00f3n universitaria chilena reportan entre un 16,5% y un 38,8% de prevalencia de s\u00edntomas depresivos (<a href=\"https:\/\/www.scielo.cl\/pdf\/terpsicol\/v39n3\/0718-4808-terpsicol-39-03-0405.pdf?utm_source=chatgpt.com\">Scielo<\/a>). Esto muestra que la juventud no est\u00e1 exenta de esta problem\u00e1tica; de hecho, puede ser una de las etapas m\u00e1s vulnerables si no se cuenta con redes de apoyo s\u00f3lidas. Recomendamos leer <strong><a href=\"https:\/\/fonasa.mindy.cl\/blog\/pdf-depresion\/\">documentos en PDF sobre la depresi\u00f3n<\/a><\/strong>.<\/p>\n\n\n\n<h3 class=\"wp-block-heading has-large-font-size\">El sistema de salud mental en Chile: fortalezas y desaf\u00edos<\/h3>\n\n\n\n<p>Aunque Chile ha implementado pol\u00edticas p\u00fablicas en salud mental, a\u00fan existen brechas importantes:<\/p>\n\n\n\n<ul>\n<li><strong>Falta de profesionales en regiones<\/strong>: psic\u00f3logos y psiquiatras est\u00e1n concentrados en grandes ciudades.<\/li>\n\n\n\n<li><strong>Listas de espera<\/strong> en servicios p\u00fablicos.<\/li>\n\n\n\n<li><strong>Baja inversi\u00f3n<\/strong> estatal en salud mental en comparaci\u00f3n con otros pa\u00edses OCDE.<\/li>\n\n\n\n<li><strong>Estigma institucional<\/strong>: muchas veces los centros de atenci\u00f3n carecen de enfoque comunitario, intercultural y de g\u00e9nero.<\/li>\n<\/ul>\n\n\n\n<p>A esto se suma la falta de continuidad en los tratamientos y la dependencia de estrategias farmacol\u00f3gicas sin suficiente soporte psicoterap\u00e9utico o social.<\/p>\n\n\n\n<h2 class=\"wp-block-heading has-x-large-font-size\">Hacia un concepto m\u00e1s amplio y situado de depresi\u00f3n<\/h2>\n\n\n\n<p>Hablar del <strong>concepto de depresi\u00f3n en Chile<\/strong> implica mucho m\u00e1s que conocer sus s\u00edntomas. Significa comprender c\u00f3mo el entorno moldea la experiencia emocional, c\u00f3mo las desigualdades aumentan el sufrimiento y c\u00f3mo las respuestas del Estado, la sociedad y la comunidad pueden marcar la diferencia entre el alivio y la desesperaci\u00f3n.<\/p>\n\n\n\n<p>Es necesario avanzar hacia una visi\u00f3n m\u00e1s inclusiva, cr\u00edtica y emp\u00e1tica. Eso implica:<\/p>\n\n\n\n<ul>\n<li>Promover la <strong><a href=\"https:\/\/fonasa.mindy.cl\/blog\/trastorno-afectivo-bipolar\/\">educaci\u00f3n emocional<\/a><\/strong> desde la infancia<\/li>\n\n\n\n<li>Visibilizar la depresi\u00f3n como una problem\u00e1tica social<\/li>\n\n\n\n<li>Crear pol\u00edticas p\u00fablicas con enfoque de g\u00e9nero, territorial e intercultural<\/li>\n\n\n\n<li>Garantizar acceso real y oportuno a servicios de salud mental<\/li>\n\n\n\n<li>Romper el estigma mediante campa\u00f1as p\u00fablicas y acciones comunitarias<\/li>\n<\/ul>\n\n\n\n<h3 class=\"wp-block-heading has-large-font-size\">Conclusi\u00f3n: una definici\u00f3n desde Chile<\/h3>\n\n\n\n<p>Desde Chile, el concepto de depresi\u00f3n debe ser entendido como una combinaci\u00f3n de factores biol\u00f3gicos, psicol\u00f3gicos y sociales que afectan a millones de personas, muchas de las cuales no reciben atenci\u00f3n ni comprensi\u00f3n suficiente.<\/p>\n\n\n\n<p>Replantear el concepto es tambi\u00e9n <strong>una invitaci\u00f3n a humanizar, a escuchar, a transformar<\/strong>. Porque hablar de depresi\u00f3n no es solo hablar de salud: es hablar de dignidad, de justicia y de futuro. Y solo reconociendo nuestra realidad \u2014con sus cifras, sus brechas y sus esperanzas\u2014 podremos avanzar hacia una sociedad m\u00e1s saludable, m\u00e1s emp\u00e1tica y m\u00e1s consciente.<\/p>\n\n\n\n<p><strong>Fuentes consultadas:<\/strong><\/p>\n\n\n\n<ul>\n<li><a href=\"https:\/\/www.scielo.cl\/scielo.php?pid=S0034-98872021001001430&amp;script=sci_arttext&amp;utm_source=chatgpt.com\">Scielo &#8211; Prevalencia de depresi\u00f3n<\/a><\/li>\n\n\n\n<li><a href=\"https:\/\/www.scielo.cl\/scielo.php?pid=S0034-98872022000500691&amp;script=sci_arttext&amp;utm_source=chatgpt.com\">Scielo &#8211; Aumento por pandemia<\/a><\/li>\n\n\n\n<li><a href=\"https:\/\/eepsi.cl\/salud-mental-en-chile-una-radiografia-humana-y-urgente\/?utm_source=chatgpt.com\">EEPSI &#8211; Radiograf\u00eda de salud mental<\/a><\/li>\n\n\n\n<li><a href=\"https:\/\/elpais.com\/chile\/2025-05-27\/las-mujeres-con-sintomas-de-depresion-mas-que-triplican-a-los-hombres-en-chile.html?utm_source=chatgpt.com\">El Pa\u00eds &#8211; G\u00e9nero y depresi\u00f3n<\/a><\/li>\n\n\n\n<li><a href=\"https:\/\/elpais.com\/chile\/2024-10-20\/era-depresion-o-capitalismo.html?utm_source=chatgpt.com\">El Pa\u00eds &#8211; Depresi\u00f3n y contexto social<\/a><\/li>\n\n\n\n<li><a href=\"https:\/\/obtienearchivo.bcn.cl\/obtienearchivo?id=repositorio%2F10221%2F35814%2F1%2FBCN_programas_nacionales_salud_mental_FINAL.pdf&amp;utm_source=chatgpt.com\">BCN &#8211; Plan Nacional Salud Mental<\/a><\/li>\n\n\n\n<li><a href=\"https:\/\/www.scielo.cl\/pdf\/terpsicol\/v39n3\/0718-4808-terpsicol-39-03-0405.pdf?utm_source=chatgpt.com\">Scielo &#8211; Estudio en universitarios<\/a><\/li>\n<\/ul>\n\n\n\n<h2 class=\"wp-block-heading has-x-large-font-size\">Conocerte es el primer paso para sanar<\/h2>\n\n\n\n<p>Entender lo que sientes es clave para encontrar el apoyo indicado. En\u00a0<strong>Fonasa\u00a0<a href=\"https:\/\/mindy.cl\/\" target=\"_blank\" rel=\"noreferrer noopener\">Mindy.cl<\/a><\/strong>\u00a0te ofrecemos una herramienta sencilla: un <strong>Quiz dise\u00f1ado para ayudarte a evaluar tus niveles de depresi\u00f3n<\/strong> y as\u00ed poder acceder a la terapia psicol\u00f3gica que realmente se ajusta a tus necesidades. No dejes pasar esta oportunidad de cuidar tu mente.<\/p>\n\n\n\n<p>\ud83c\udfaf\u00a0<strong>Realiza el Quiz gratuito:<\/strong>\u00a0<a href=\"https:\/\/form.typeform.com\/to\/P78CVEPt\" target=\"_blank\" rel=\"noreferrer noopener\"><strong>https:\/\/form.typeform.com\/to\/P78CVEPt<\/strong><\/a><\/p>\n","protected":false},"excerpt":{"rendered":"<p>La salud mental se ha convertido en uno de los grandes temas del siglo XXI, y entre los trastornos que m\u00e1s impacto tienen a nivel global est\u00e1 la depresi\u00f3n. Pero cuando hablamos del concepto de depresi\u00f3n, no basta con repetir una definici\u00f3n cl\u00ednica universal. Es necesario contextualizar, observar el entorno social, econ\u00f3mico y cultural donde [&hellip;]<\/p>\n","protected":false},"author":2,"featured_media":1193,"comment_status":"closed","ping_status":"closed","sticky":false,"template":"","format":"standard","meta":{"footnotes":""},"categories":[278,114],"tags":[],"yoast_head":"<!-- This site is optimized with the Yoast SEO plugin v23.0 - https:\/\/yoast.com\/wordpress\/plugins\/seo\/ -->\n<title>Concepto de depresi\u00f3n: una mirada desde la realidad chilena<\/title>\n<meta name=\"description\" content=\"Explora el concepto de depresi\u00f3n desde una perspectiva chilena: causas, cifras, g\u00e9nero y desaf\u00edos del sistema de salud mental.\" \/>\n<meta name=\"robots\" content=\"index, follow, max-snippet:-1, max-image-preview:large, max-video-preview:-1\" \/>\n<link rel=\"canonical\" href=\"https:\/\/fonasa.mindy.cl\/blog\/concepto-de-depresion\/\" \/>\n<meta property=\"og:locale\" content=\"es_ES\" \/>\n<meta property=\"og:type\" content=\"article\" \/>\n<meta property=\"og:title\" content=\"Concepto de depresi\u00f3n: una mirada desde la realidad chilena\" \/>\n<meta property=\"og:description\" content=\"Explora el concepto de depresi\u00f3n desde una perspectiva chilena: causas, cifras, g\u00e9nero y desaf\u00edos del sistema de salud mental.\" \/>\n<meta property=\"og:url\" content=\"https:\/\/fonasa.mindy.cl\/blog\/concepto-de-depresion\/\" \/>\n<meta property=\"og:site_name\" content=\"Mindy Fonasa Blog\" \/>\n<meta property=\"article:published_time\" content=\"2025-09-30T22:03:44+00:00\" \/>\n<meta property=\"article:modified_time\" content=\"2026-03-25T13:26:46+00:00\" \/>\n<meta property=\"og:image\" content=\"https:\/\/fonasa.mindy.cl\/blog\/wp-content\/uploads\/2025\/09\/portrait-743550_640.jpg\" \/>\n\t<meta property=\"og:image:width\" content=\"640\" \/>\n\t<meta property=\"og:image:height\" content=\"427\" \/>\n\t<meta property=\"og:image:type\" content=\"image\/jpeg\" \/>\n<meta name=\"author\" content=\"reinaldo@mindy.cl\" \/>\n<meta name=\"twitter:card\" content=\"summary_large_image\" \/>\n<meta name=\"twitter:label1\" content=\"Written by\" \/>\n\t<meta name=\"twitter:data1\" content=\"reinaldo@mindy.cl\" \/>\n\t<meta name=\"twitter:label2\" content=\"Est. reading time\" \/>\n\t<meta name=\"twitter:data2\" content=\"6 minutos\" \/>\n<script type=\"application\/ld+json\" class=\"yoast-schema-graph\">{\"@context\":\"https:\/\/schema.org\",\"@graph\":[{\"@type\":\"Article\",\"@id\":\"https:\/\/fonasa.mindy.cl\/blog\/concepto-de-depresion\/#article\",\"isPartOf\":{\"@id\":\"https:\/\/fonasa.mindy.cl\/blog\/concepto-de-depresion\/\"},\"author\":{\"name\":\"reinaldo@mindy.cl\",\"@id\":\"https:\/\/fonasa.mindy.cl\/blog\/#\/schema\/person\/6b2fdf85e03858572a636b7b9ce17d81\"},\"headline\":\"Concepto de depresi\u00f3n: una mirada profunda desde la realidad chilena\",\"datePublished\":\"2025-09-30T22:03:44+00:00\",\"dateModified\":\"2026-03-25T13:26:46+00:00\",\"mainEntityOfPage\":{\"@id\":\"https:\/\/fonasa.mindy.cl\/blog\/concepto-de-depresion\/\"},\"wordCount\":1326,\"publisher\":{\"@id\":\"https:\/\/fonasa.mindy.cl\/blog\/#organization\"},\"image\":{\"@id\":\"https:\/\/fonasa.mindy.cl\/blog\/concepto-de-depresion\/#primaryimage\"},\"thumbnailUrl\":\"https:\/\/fonasa.mindy.cl\/blog\/wp-content\/uploads\/2025\/09\/portrait-743550_640.jpg\",\"articleSection\":[\"Depresi\u00f3n\",\"Psic\u00f3logos Fonasa\"],\"inLanguage\":\"es-CL\"},{\"@type\":\"WebPage\",\"@id\":\"https:\/\/fonasa.mindy.cl\/blog\/concepto-de-depresion\/\",\"url\":\"https:\/\/fonasa.mindy.cl\/blog\/concepto-de-depresion\/\",\"name\":\"Concepto de depresi\u00f3n: una mirada desde la realidad chilena\",\"isPartOf\":{\"@id\":\"https:\/\/fonasa.mindy.cl\/blog\/#website\"},\"primaryImageOfPage\":{\"@id\":\"https:\/\/fonasa.mindy.cl\/blog\/concepto-de-depresion\/#primaryimage\"},\"image\":{\"@id\":\"https:\/\/fonasa.mindy.cl\/blog\/concepto-de-depresion\/#primaryimage\"},\"thumbnailUrl\":\"https:\/\/fonasa.mindy.cl\/blog\/wp-content\/uploads\/2025\/09\/portrait-743550_640.jpg\",\"datePublished\":\"2025-09-30T22:03:44+00:00\",\"dateModified\":\"2026-03-25T13:26:46+00:00\",\"description\":\"Explora el concepto de depresi\u00f3n desde una perspectiva chilena: causas, cifras, g\u00e9nero y desaf\u00edos del sistema de salud mental.\",\"breadcrumb\":{\"@id\":\"https:\/\/fonasa.mindy.cl\/blog\/concepto-de-depresion\/#breadcrumb\"},\"inLanguage\":\"es-CL\",\"potentialAction\":[{\"@type\":\"ReadAction\",\"target\":[\"https:\/\/fonasa.mindy.cl\/blog\/concepto-de-depresion\/\"]}]},{\"@type\":\"ImageObject\",\"inLanguage\":\"es-CL\",\"@id\":\"https:\/\/fonasa.mindy.cl\/blog\/concepto-de-depresion\/#primaryimage\",\"url\":\"https:\/\/fonasa.mindy.cl\/blog\/wp-content\/uploads\/2025\/09\/portrait-743550_640.jpg\",\"contentUrl\":\"https:\/\/fonasa.mindy.cl\/blog\/wp-content\/uploads\/2025\/09\/portrait-743550_640.jpg\",\"width\":640,\"height\":427,\"caption\":\"concepto de depresi\u00f3n\"},{\"@type\":\"BreadcrumbList\",\"@id\":\"https:\/\/fonasa.mindy.cl\/blog\/concepto-de-depresion\/#breadcrumb\",\"itemListElement\":[{\"@type\":\"ListItem\",\"position\":1,\"name\":\"Home\",\"item\":\"https:\/\/fonasa.mindy.cl\/blog\/\"},{\"@type\":\"ListItem\",\"position\":2,\"name\":\"Concepto de depresi\u00f3n: una mirada profunda desde la realidad chilena\"}]},{\"@type\":\"WebSite\",\"@id\":\"https:\/\/fonasa.mindy.cl\/blog\/#website\",\"url\":\"https:\/\/fonasa.mindy.cl\/blog\/\",\"name\":\"Mindy Fonasa Blog\",\"description\":\"Un blog de salud mental\",\"publisher\":{\"@id\":\"https:\/\/fonasa.mindy.cl\/blog\/#organization\"},\"potentialAction\":[{\"@type\":\"SearchAction\",\"target\":{\"@type\":\"EntryPoint\",\"urlTemplate\":\"https:\/\/fonasa.mindy.cl\/blog\/?s={search_term_string}\"},\"query-input\":\"required name=search_term_string\"}],\"inLanguage\":\"es-CL\"},{\"@type\":\"Organization\",\"@id\":\"https:\/\/fonasa.mindy.cl\/blog\/#organization\",\"name\":\"Mindy Fonasa Blog\",\"url\":\"https:\/\/fonasa.mindy.cl\/blog\/\",\"logo\":{\"@type\":\"ImageObject\",\"inLanguage\":\"es-CL\",\"@id\":\"https:\/\/fonasa.mindy.cl\/blog\/#\/schema\/logo\/image\/\",\"url\":\"https:\/\/fonasa.mindy.cl\/blog\/wp-content\/uploads\/2024\/07\/logo_cuadrado.png\",\"contentUrl\":\"https:\/\/fonasa.mindy.cl\/blog\/wp-content\/uploads\/2024\/07\/logo_cuadrado.png\",\"width\":300,\"height\":300,\"caption\":\"Mindy Fonasa Blog\"},\"image\":{\"@id\":\"https:\/\/fonasa.mindy.cl\/blog\/#\/schema\/logo\/image\/\"}},{\"@type\":\"Person\",\"@id\":\"https:\/\/fonasa.mindy.cl\/blog\/#\/schema\/person\/6b2fdf85e03858572a636b7b9ce17d81\",\"name\":\"reinaldo@mindy.cl\",\"url\":\"https:\/\/fonasa.mindy.cl\/blog\/author\/reinaldomindy-cl\/\"}]}<\/script>\n<!-- \/ Yoast SEO plugin. -->","yoast_head_json":{"title":"Concepto de depresi\u00f3n: una mirada desde la realidad chilena","description":"Explora el concepto de depresi\u00f3n desde una perspectiva chilena: causas, cifras, g\u00e9nero y desaf\u00edos del sistema de salud mental.","robots":{"index":"index","follow":"follow","max-snippet":"max-snippet:-1","max-image-preview":"max-image-preview:large","max-video-preview":"max-video-preview:-1"},"canonical":"https:\/\/fonasa.mindy.cl\/blog\/concepto-de-depresion\/","og_locale":"es_ES","og_type":"article","og_title":"Concepto de depresi\u00f3n: una mirada desde la realidad chilena","og_description":"Explora el concepto de depresi\u00f3n desde una perspectiva chilena: causas, cifras, g\u00e9nero y desaf\u00edos del sistema de salud mental.","og_url":"https:\/\/fonasa.mindy.cl\/blog\/concepto-de-depresion\/","og_site_name":"Mindy Fonasa Blog","article_published_time":"2025-09-30T22:03:44+00:00","article_modified_time":"2026-03-25T13:26:46+00:00","og_image":[{"width":640,"height":427,"url":"https:\/\/fonasa.mindy.cl\/blog\/wp-content\/uploads\/2025\/09\/portrait-743550_640.jpg","type":"image\/jpeg"}],"author":"reinaldo@mindy.cl","twitter_card":"summary_large_image","twitter_misc":{"Written by":"reinaldo@mindy.cl","Est. reading time":"6 minutos"},"schema":{"@context":"https:\/\/schema.org","@graph":[{"@type":"Article","@id":"https:\/\/fonasa.mindy.cl\/blog\/concepto-de-depresion\/#article","isPartOf":{"@id":"https:\/\/fonasa.mindy.cl\/blog\/concepto-de-depresion\/"},"author":{"name":"reinaldo@mindy.cl","@id":"https:\/\/fonasa.mindy.cl\/blog\/#\/schema\/person\/6b2fdf85e03858572a636b7b9ce17d81"},"headline":"Concepto de depresi\u00f3n: una mirada profunda desde la realidad chilena","datePublished":"2025-09-30T22:03:44+00:00","dateModified":"2026-03-25T13:26:46+00:00","mainEntityOfPage":{"@id":"https:\/\/fonasa.mindy.cl\/blog\/concepto-de-depresion\/"},"wordCount":1326,"publisher":{"@id":"https:\/\/fonasa.mindy.cl\/blog\/#organization"},"image":{"@id":"https:\/\/fonasa.mindy.cl\/blog\/concepto-de-depresion\/#primaryimage"},"thumbnailUrl":"https:\/\/fonasa.mindy.cl\/blog\/wp-content\/uploads\/2025\/09\/portrait-743550_640.jpg","articleSection":["Depresi\u00f3n","Psic\u00f3logos Fonasa"],"inLanguage":"es-CL"},{"@type":"WebPage","@id":"https:\/\/fonasa.mindy.cl\/blog\/concepto-de-depresion\/","url":"https:\/\/fonasa.mindy.cl\/blog\/concepto-de-depresion\/","name":"Concepto de depresi\u00f3n: una mirada desde la realidad chilena","isPartOf":{"@id":"https:\/\/fonasa.mindy.cl\/blog\/#website"},"primaryImageOfPage":{"@id":"https:\/\/fonasa.mindy.cl\/blog\/concepto-de-depresion\/#primaryimage"},"image":{"@id":"https:\/\/fonasa.mindy.cl\/blog\/concepto-de-depresion\/#primaryimage"},"thumbnailUrl":"https:\/\/fonasa.mindy.cl\/blog\/wp-content\/uploads\/2025\/09\/portrait-743550_640.jpg","datePublished":"2025-09-30T22:03:44+00:00","dateModified":"2026-03-25T13:26:46+00:00","description":"Explora el concepto de depresi\u00f3n desde una perspectiva chilena: causas, cifras, g\u00e9nero y desaf\u00edos del sistema de salud mental.","breadcrumb":{"@id":"https:\/\/fonasa.mindy.cl\/blog\/concepto-de-depresion\/#breadcrumb"},"inLanguage":"es-CL","potentialAction":[{"@type":"ReadAction","target":["https:\/\/fonasa.mindy.cl\/blog\/concepto-de-depresion\/"]}]},{"@type":"ImageObject","inLanguage":"es-CL","@id":"https:\/\/fonasa.mindy.cl\/blog\/concepto-de-depresion\/#primaryimage","url":"https:\/\/fonasa.mindy.cl\/blog\/wp-content\/uploads\/2025\/09\/portrait-743550_640.jpg","contentUrl":"https:\/\/fonasa.mindy.cl\/blog\/wp-content\/uploads\/2025\/09\/portrait-743550_640.jpg","width":640,"height":427,"caption":"concepto de depresi\u00f3n"},{"@type":"BreadcrumbList","@id":"https:\/\/fonasa.mindy.cl\/blog\/concepto-de-depresion\/#breadcrumb","itemListElement":[{"@type":"ListItem","position":1,"name":"Home","item":"https:\/\/fonasa.mindy.cl\/blog\/"},{"@type":"ListItem","position":2,"name":"Concepto de depresi\u00f3n: una mirada profunda desde la realidad chilena"}]},{"@type":"WebSite","@id":"https:\/\/fonasa.mindy.cl\/blog\/#website","url":"https:\/\/fonasa.mindy.cl\/blog\/","name":"Mindy Fonasa Blog","description":"Un blog de salud mental","publisher":{"@id":"https:\/\/fonasa.mindy.cl\/blog\/#organization"},"potentialAction":[{"@type":"SearchAction","target":{"@type":"EntryPoint","urlTemplate":"https:\/\/fonasa.mindy.cl\/blog\/?s={search_term_string}"},"query-input":"required name=search_term_string"}],"inLanguage":"es-CL"},{"@type":"Organization","@id":"https:\/\/fonasa.mindy.cl\/blog\/#organization","name":"Mindy Fonasa Blog","url":"https:\/\/fonasa.mindy.cl\/blog\/","logo":{"@type":"ImageObject","inLanguage":"es-CL","@id":"https:\/\/fonasa.mindy.cl\/blog\/#\/schema\/logo\/image\/","url":"https:\/\/fonasa.mindy.cl\/blog\/wp-content\/uploads\/2024\/07\/logo_cuadrado.png","contentUrl":"https:\/\/fonasa.mindy.cl\/blog\/wp-content\/uploads\/2024\/07\/logo_cuadrado.png","width":300,"height":300,"caption":"Mindy Fonasa Blog"},"image":{"@id":"https:\/\/fonasa.mindy.cl\/blog\/#\/schema\/logo\/image\/"}},{"@type":"Person","@id":"https:\/\/fonasa.mindy.cl\/blog\/#\/schema\/person\/6b2fdf85e03858572a636b7b9ce17d81","name":"reinaldo@mindy.cl","url":"https:\/\/fonasa.mindy.cl\/blog\/author\/reinaldomindy-cl\/"}]}},"_links":{"self":[{"href":"https:\/\/fonasa.mindy.cl\/blog\/wp-json\/wp\/v2\/posts\/700"}],"collection":[{"href":"https:\/\/fonasa.mindy.cl\/blog\/wp-json\/wp\/v2\/posts"}],"about":[{"href":"https:\/\/fonasa.mindy.cl\/blog\/wp-json\/wp\/v2\/types\/post"}],"author":[{"embeddable":true,"href":"https:\/\/fonasa.mindy.cl\/blog\/wp-json\/wp\/v2\/users\/2"}],"replies":[{"embeddable":true,"href":"https:\/\/fonasa.mindy.cl\/blog\/wp-json\/wp\/v2\/comments?post=700"}],"version-history":[{"count":11,"href":"https:\/\/fonasa.mindy.cl\/blog\/wp-json\/wp\/v2\/posts\/700\/revisions"}],"predecessor-version":[{"id":1700,"href":"https:\/\/fonasa.mindy.cl\/blog\/wp-json\/wp\/v2\/posts\/700\/revisions\/1700"}],"wp:featuredmedia":[{"embeddable":true,"href":"https:\/\/fonasa.mindy.cl\/blog\/wp-json\/wp\/v2\/media\/1193"}],"wp:attachment":[{"href":"https:\/\/fonasa.mindy.cl\/blog\/wp-json\/wp\/v2\/media?parent=700"}],"wp:term":[{"taxonomy":"category","embeddable":true,"href":"https:\/\/fonasa.mindy.cl\/blog\/wp-json\/wp\/v2\/categories?post=700"},{"taxonomy":"post_tag","embeddable":true,"href":"https:\/\/fonasa.mindy.cl\/blog\/wp-json\/wp\/v2\/tags?post=700"}],"curies":[{"name":"wp","href":"https:\/\/api.w.org\/{rel}","templated":true}]}}