{"id":694,"date":"2025-09-30T19:01:35","date_gmt":"2025-09-30T22:01:35","guid":{"rendered":"https:\/\/fonasa.mindy.cl\/blog\/?p=694"},"modified":"2026-03-25T11:54:48","modified_gmt":"2026-03-25T14:54:48","slug":"apnea-obstructiva-del-sueno-mujeres","status":"publish","type":"post","link":"https:\/\/fonasa.mindy.cl\/blog\/apnea-obstructiva-del-sueno-mujeres\/","title":{"rendered":"Conoce la Apnea Obstructiva del Sue\u00f1o en Mujeres!"},"content":{"rendered":"\n<p>As\u00ed es la <strong>apnea obstructiva del sue\u00f1o<\/strong> en mujeres: Te despiertas agotada, con dolor de cabeza o la sensaci\u00f3n de que no descansaste nada. Tienes insomnio, cambios de \u00e1nimo o fatiga constante. Aunque estos s\u00edntomas suelen atribuirse al estr\u00e9s o a desbalances hormonales, muchas veces esconden una causa menos conocida: la <strong>apnea obstructiva del sue\u00f1o<\/strong>.<\/p>\n\n\n\n<p>Este trastorno respiratorio afecta a millones de personas, pero en las mujeres se presenta de manera diferente y suele pasar <strong>desapercibido durante a\u00f1os<\/strong>. \u00bfPor qu\u00e9? Porque los s\u00edntomas cl\u00e1sicos \u2014ronquido fuerte y somnolencia extrema\u2014 no siempre est\u00e1n presentes en mujeres, y eso retrasa el diagn\u00f3stico.<\/p>\n\n\n\n<p>En este art\u00edculo descubrir\u00e1s c\u00f3mo se manifiesta la <strong>apnea obstructiva del sue\u00f1o en mujeres<\/strong>, cu\u00e1les son sus <strong>s\u00edntomas menos visibles<\/strong>, qu\u00e9 factores aumentan el riesgo, y lo m\u00e1s importante: <strong>c\u00f3mo detectarla y tratarla a tiempo<\/strong> para recuperar tu descanso, tu energ\u00eda y tu bienestar.<\/p>\n\n\n\n<h2 class=\"wp-block-heading has-text-align-left has-x-large-font-size\">\u00bfPor qu\u00e9 es importante detectar y tratar la apnea obstructiva del sue\u00f1o en mujeres?<\/h2>\n\n\n\n<figure class=\"wp-block-image alignwide size-full\"><img loading=\"lazy\" decoding=\"async\" width=\"640\" height=\"427\" src=\"https:\/\/fonasa.mindy.cl\/blog\/wp-content\/uploads\/2025\/12\/pexels-cottonbro-7181912.jpg\" alt=\"apnea obstructiva del sue\u00f1o\" class=\"wp-image-1187\"\/><\/figure>\n\n\n\n<p>Durante mucho tiempo, la <strong>apnea obstructiva del sue\u00f1o<\/strong> fue vista como una enfermedad \u201cmasculina\u201d, asociada casi exclusivamente a hombres mayores y con sobrepeso. Sin embargo, hoy sabemos que esta condici\u00f3n tambi\u00e9n afecta a <strong>miles de mujeres<\/strong>, muchas veces sin que ellas mismas \u2014ni los profesionales de salud\u2014 lo sepan.<\/p>\n\n\n\n<p>El problema es que, cuando no se trata, esta apnea no solo interrumpe el descanso: tambi\u00e9n <strong>deteriora la salud f\u00edsica, emocional y mental<\/strong>. Aumenta el riesgo de enfermedades cardiovasculares, hipertensi\u00f3n, diabetes tipo 2 y trastornos del \u00e1nimo como ansiedad o depresi\u00f3n. Adem\u00e1s, impacta directamente en la <strong>calidad de vida, el rendimiento diario y las relaciones personales<\/strong>.<\/p>\n\n\n\n<p>Lo m\u00e1s grave es que muchas mujeres con apnea no presentan los \u201cs\u00edntomas t\u00edpicos\u201d como ronquidos fuertes o somnolencia evidente. En su lugar, sufren de <strong>insomnio, fatiga persistente, irritabilidad o dificultades cognitivas<\/strong>, lo que lleva a diagn\u00f3sticos equivocados o tard\u00edos.<\/p>\n\n\n\n<p>Por eso, <strong>visibilizar c\u00f3mo se manifiesta este trastorno en mujeres es clave<\/strong>. Detectarla a tiempo y recibir el tratamiento adecuado puede marcar una diferencia profunda en tu salud, tu energ\u00eda y tu bienestar emocional.<\/p>\n\n\n\n<h3 class=\"wp-block-heading has-large-font-size\">\u00bfQu\u00e9 es la apnea obstructiva del sue\u00f1o?<\/h3>\n\n\n\n<p>La <strong>apnea obstructiva del sue\u00f1o en mujeres<\/strong> es un <strong>trastorno respiratorio cr\u00f3nico<\/strong> que ocurre durante el descanso nocturno. Se caracteriza por la presencia de <strong>pausas repetidas en la respiraci\u00f3n<\/strong> mientras duermes, producto de un <strong>bloqueo parcial o total de las v\u00edas a\u00e9reas superiores<\/strong>.<sup><strong><a href=\"https:\/\/en.wikipedia.org\/wiki\/Obstructive_sleep_apnea\">1<\/a><\/strong><\/sup><\/p>\n\n\n\n<p>Estas pausas \u2014llamadas apneas\u2014 pueden durar desde unos pocos segundos hasta m\u00e1s de un minuto, y suelen repetirse <strong>decenas o incluso cientos de veces<\/strong> durante la noche. En la mayor\u00eda de los casos, la persona no es consciente de estas interrupciones, pero su calidad de sue\u00f1o se ve gravemente afectada.<\/p>\n\n\n\n<h4 class=\"wp-block-heading has-medium-font-size\">\u00bfC\u00f3mo ocurre?<\/h4>\n\n\n\n<p>Durante el sue\u00f1o, los m\u00fasculos que mantienen abiertas las v\u00edas respiratorias (especialmente la lengua y los tejidos blandos de la garganta) se relajan. En algunas personas, este colapso es tal que <strong>bloquea el paso del aire<\/strong>, a pesar de que el cuerpo sigue intentando respirar.<\/p>\n\n\n\n<p>Cada vez que se produce una apnea:<\/p>\n\n\n\n<ul>\n<li>El ox\u00edgeno en sangre disminuye.<\/li>\n\n\n\n<li>El cerebro detecta esta falta y <strong>\u201cdespierta\u201d brevemente al cuerpo<\/strong> para reanudar la respiraci\u00f3n.<\/li>\n\n\n\n<li>Estas microalertas fragmentan el sue\u00f1o, aunque muchas veces no llegues a despertarte del todo ni lo recuerdes al d\u00eda siguiente.<\/li>\n<\/ul>\n\n\n\n<h4 class=\"wp-block-heading has-medium-font-size\">\u00bfQu\u00e9 se\u00f1ales puedes notar?<\/h4>\n\n\n\n<p>Uno de los s\u00edntomas m\u00e1s visibles \u2014aunque no siempre presente en mujeres\u2014 es el <strong>ronquido fuerte<\/strong>. Tambi\u00e9n pueden aparecer:<\/p>\n\n\n\n<ul>\n<li>Sensaci\u00f3n de asfixia o jadeo durante la noche.<\/li>\n\n\n\n<li>Despertares frecuentes.<\/li>\n\n\n\n<li>Somnolencia diurna excesiva.<\/li>\n\n\n\n<li>Dolor de cabeza matutino.<\/li>\n\n\n\n<li>Irritabilidad o dificultad para concentrarte.<\/li>\n<\/ul>\n\n\n\n<h4 class=\"wp-block-heading has-large-font-size\">\u00bfQu\u00e9 tipos de <strong>apnea obstructiva del sue\u00f1o<\/strong> existen?<\/h4>\n\n\n\n<p>Aunque el enfoque de este art\u00edculo est\u00e1 en la <strong>apnea obstructiva del sue\u00f1o<\/strong> en mujeres, existen otros tipos de apnea:<\/p>\n\n\n\n<figure class=\"wp-block-table\"><table><thead><tr><th><strong>Tipo de apnea<\/strong><\/th><th><strong>Causa principal<\/strong><\/th><\/tr><\/thead><tbody><tr><td>Obstructiva (AOS)<\/td><td>Bloqueo f\u00edsico de la v\u00eda a\u00e9rea (la m\u00e1s com\u00fan).<\/td><\/tr><tr><td>Central<\/td><td>El cerebro no env\u00eda se\u00f1ales adecuadas para respirar.<\/td><\/tr><tr><td>Mixta o compleja<\/td><td>Combinaci\u00f3n de apnea obstructiva y central.<\/td><\/tr><\/tbody><\/table><\/figure>\n\n\n\n<p>La <strong>apnea obstructiva del sue\u00f1o (AOS)<\/strong> representa la mayor\u00eda de los casos y es el tipo m\u00e1s estudiado y tratable.<\/p>\n\n\n\n<p>Aunque suele asociarse a hombres roncadores y con sobrepeso, la apnea tambi\u00e9n puede afectar a <strong>mujeres de distintas edades<\/strong>, muchas veces con s\u00edntomas diferentes y m\u00e1s sutiles. En el siguiente bloque veremos por qu\u00e9 este <a href=\"https:\/\/fonasa.mindy.cl\/blog\/trastornos-de-sueno-salud-mental\/\">trastorno del sue\u00f1o<\/a> <strong>se manifiesta de manera distinta en mujeres<\/strong>, y por qu\u00e9 suele pasar desapercibido.<\/p>\n\n\n\n<h3 class=\"wp-block-heading has-large-font-size\">Por qu\u00e9 la apnea es diferente en mujeres<\/h3>\n\n\n\n<p>Durante a\u00f1os, la <strong>apnea obstructiva del sue\u00f1o<\/strong> fue considerada una condici\u00f3n que afectaba casi exclusivamente a <strong>hombres mayores con sobrepeso<\/strong>. Esta imagen incompleta ha contribuido a que <strong>miles de mujeres no sean diagnosticadas<\/strong>, o reciban tratamientos tard\u00edos e inadecuados. Sin embargo, la evidencia actual es clara: <strong>la apnea tambi\u00e9n afecta a las mujeres<\/strong>, y lo hace de forma distinta.<\/p>\n\n\n\n<h4 class=\"wp-block-heading has-medium-font-size\">Factores hormonales: la protecci\u00f3n que cambia con la edad<\/h4>\n\n\n\n<p>Uno de los elementos clave es el <strong>rol de las <a href=\"https:\/\/fonasa.mindy.cl\/blog\/episodio-maniaco-sintomas\/\">hormonas sexuales<\/a><\/strong> femeninas. Antes de la menopausia, niveles elevados de <strong>estr\u00f3geno y progesterona<\/strong> ayudan a mantener el tono muscular en las v\u00edas respiratorias y a regular la funci\u00f3n respiratoria durante el sue\u00f1o.<\/p>\n\n\n\n<p>Sin embargo:<\/p>\n\n\n\n<ul>\n<li>Tras la <strong>menopausia<\/strong>, estos niveles hormonales bajan considerablemente.<\/li>\n\n\n\n<li>El riesgo de apnea obstructiva <strong>se iguala al de los hombres<\/strong> e incluso puede superarlo en ciertas mujeres.<\/li>\n\n\n\n<li>Muchas mujeres postmenop\u00e1usicas desarrollan apnea <strong>sin saberlo<\/strong>, ya que sus s\u00edntomas suelen diferir de los cl\u00e1sicos.<\/li>\n<\/ul>\n\n\n\n<h4 class=\"wp-block-heading has-medium-font-size\">Distribuci\u00f3n de grasa y anatom\u00eda de las v\u00edas respiratorias<\/h4>\n\n\n\n<p>La acumulaci\u00f3n de grasa en mujeres suele concentrarse m\u00e1s en la parte inferior del cuerpo (caderas y muslos), mientras que en hombres se ubica m\u00e1s en el cuello y abdomen. No obstante:<\/p>\n\n\n\n<ul>\n<li>En etapas como el <strong>embarazo, posparto o menopausia<\/strong>, esta distribuci\u00f3n puede cambiar.<\/li>\n\n\n\n<li>El aumento de grasa <strong>en la zona cervical<\/strong> puede favorecer el colapso de las v\u00edas respiratorias.<\/li>\n\n\n\n<li>Adem\u00e1s, algunas mujeres tienen <strong>v\u00edas respiratorias naturalmente m\u00e1s estrechas<\/strong>, lo que incrementa el riesgo incluso con peso normal.<\/li>\n<\/ul>\n\n\n\n<h4 class=\"wp-block-heading has-medium-font-size\">S\u00edntomas menos evidentes y m\u00e1s \u201cemocionales\u201d<\/h4>\n\n\n\n<p>A diferencia del perfil masculino, en el que predominan el <strong>ronquido fuerte<\/strong> y la <strong>somnolencia excesiva diurna<\/strong>, en las mujeres es m\u00e1s com\u00fan encontrar:<\/p>\n\n\n\n<ul>\n<li><strong>Insomnio<\/strong> o despertares frecuentes.<\/li>\n\n\n\n<li><strong>Irritabilidad<\/strong>, <strong>ansiedad<\/strong> o <strong>estado de \u00e1nimo deprimido<\/strong>.<\/li>\n\n\n\n<li><strong>Fatiga<\/strong> sin explicaci\u00f3n aparente.<\/li>\n\n\n\n<li>Dolores de cabeza matutinos.<\/li>\n\n\n\n<li>Problemas de concentraci\u00f3n o memoria.<\/li>\n<\/ul>\n\n\n\n<p>Estas manifestaciones suelen asociarse err\u00f3neamente a \u201cestr\u00e9s\u201d, \u201ccansancio acumulado\u201d o \u201cdes\u00f3rdenes emocionales\u201d, lo que retrasa la identificaci\u00f3n del problema real: una <strong>apnea obstructiva del sue\u00f1o no diagnosticada<\/strong>.<\/p>\n\n\n\n<h4 class=\"wp-block-heading has-medium-font-size\">Una brecha de g\u00e9nero en el diagn\u00f3stico<\/h4>\n\n\n\n<p>Estudios muestran que:<\/p>\n\n\n\n<ul>\n<li>Las mujeres con apnea tienen <strong>el doble de probabilidades de ser mal diagnosticadas<\/strong> respecto a los hombres.<\/li>\n\n\n\n<li>En muchos casos, reciben un diagn\u00f3stico incorrecto de <strong>depresi\u00f3n, ansiedad o insomnio primario<\/strong>, sin evaluar el componente respiratorio nocturno.<\/li>\n\n\n\n<li>Incluso cuando consultan por s\u00edntomas compatibles, <strong>los estudios de sue\u00f1o se solicitan con menos frecuencia<\/strong>.<\/li>\n<\/ul>\n\n\n\n<p>Comprender estas diferencias es esencial para cerrar la brecha de <strong><a href=\"https:\/\/fonasa.mindy.cl\/blog\/esquizofrenia-tratamiento\/\">diagn\u00f3stico y tratamiento<\/a><\/strong>. En el pr\u00f3ximo bloque profundizaremos en los <strong>s\u00edntomas espec\u00edficos de la apnea obstructiva del sue\u00f1o en mujeres<\/strong>, para que puedas reconocerlos y, si es necesario, actuar a tiempo.S\u00edntomas que suelen presentarse en mujeres<\/p>\n\n\n\n<p>La <strong>apnea obstructiva del sue\u00f1o en mujeres<\/strong> tiene una presentaci\u00f3n cl\u00ednica menos evidente que en los hombres. Por eso, muchas veces se confunde con otros problemas de salud f\u00edsica o mental, y pasa <strong>a\u00f1os sin ser detectada<\/strong>. Comprender c\u00f3mo se manifiesta en mujeres es fundamental para <strong>reconocerla a tiempo y buscar ayuda profesional<\/strong>.<\/p>\n\n\n\n<h4 class=\"wp-block-heading has-medium-font-size\">S\u00edntomas nocturnos m\u00e1s frecuentes de <strong>apnea obstructiva del sue\u00f1o<\/strong><\/h4>\n\n\n\n<p>Aunque el <strong>ronquido fuerte<\/strong> sigue siendo un s\u00edntoma relevante, en muchas mujeres no est\u00e1 presente o no es tan notorio. En cambio, predominan signos m\u00e1s sutiles:<\/p>\n\n\n\n<ul>\n<li><strong>Despertares frecuentes<\/strong>, sin saber por qu\u00e9.<\/li>\n\n\n\n<li><strong>Insomnio<\/strong> o dificultad para mantener el sue\u00f1o.<\/li>\n\n\n\n<li><strong>Sensaci\u00f3n de ahogo o falta de aire<\/strong> durante la noche.<\/li>\n\n\n\n<li><strong>Sudoraci\u00f3n nocturna inexplicable<\/strong>.<\/li>\n\n\n\n<li><strong>Movimientos involuntarios<\/strong> o inquietud durante el sue\u00f1o.<\/li>\n<\/ul>\n\n\n\n<p>Muchas veces, estos s\u00edntomas se atribuyen err\u00f3neamente al estr\u00e9s o al insomnio primario, cuando en realidad son manifestaciones directas de <strong>apneas nocturnas no diagnosticadas<\/strong>.<\/p>\n\n\n\n<h4 class=\"wp-block-heading has-medium-font-size\">S\u00edntomas durante el d\u00eda: se\u00f1ales de alerta silenciosas<\/h4>\n\n\n\n<p>Durante el d\u00eda, las consecuencias de dormir mal y de tener una oxigenaci\u00f3n inadecuada se manifiestan de m\u00faltiples formas, que no siempre se asocian con un trastorno del sue\u00f1o:<\/p>\n\n\n\n<ul>\n<li><strong>Fatiga persistente<\/strong> desde que despiertas, incluso si crees haber dormido lo suficiente.<\/li>\n\n\n\n<li><strong>Bajo estado de \u00e1nimo<\/strong>, tendencia al llanto o irritabilidad.<\/li>\n\n\n\n<li><strong>Ansiedad o sensaci\u00f3n de agobio<\/strong> sin raz\u00f3n clara.<\/li>\n\n\n\n<li><strong>Dolores de cabeza matutinos<\/strong> o sensaci\u00f3n de aturdimiento.<\/li>\n\n\n\n<li><strong>Dificultad para concentrarte o recordar cosas<\/strong>, especialmente en tareas cotidianas.<\/li>\n\n\n\n<li><strong>Sensaci\u00f3n de no haber descansado nunca del todo<\/strong>.<\/li>\n<\/ul>\n\n\n\n<p>Algunas mujeres tambi\u00e9n presentan <strong>nicturia<\/strong> (necesidad de orinar varias veces por la noche), lo que interrumpe el sue\u00f1o y empeora el cuadro.<\/p>\n\n\n\n<h4 class=\"wp-block-heading has-medium-font-size\">S\u00edntomas que se suelen confundir con otros trastornos<\/h4>\n\n\n\n<p>Debido a su presentaci\u00f3n m\u00e1s &#8220;emocional&#8221; o difusa, los s\u00edntomas de la apnea obstructiva del sue\u00f1o en mujeres suelen confundirse con:<\/p>\n\n\n\n<figure class=\"wp-block-table\"><table><thead><tr><th><strong>S\u00edntoma<\/strong><\/th><th><strong>Diagn\u00f3stico err\u00f3neo com\u00fan<\/strong><\/th><\/tr><\/thead><tbody><tr><td>Fatiga y bajo \u00e1nimo<\/td><td>Depresi\u00f3n o burnout<\/td><\/tr><tr><td>Irritabilidad y ansiedad<\/td><td>Trastornos de ansiedad generalizada<\/td><\/tr><tr><td>Insomnio<\/td><td>Trastorno de sue\u00f1o primario<\/td><\/tr><tr><td>Dificultad para concentrarse<\/td><td>TDAH en adultos<\/td><\/tr><\/tbody><\/table><\/figure>\n\n\n\n<p>Esto no significa que esos diagn\u00f3sticos est\u00e9n necesariamente equivocados, pero s\u00ed que es fundamental <strong>considerar la apnea como una posible causa subyacente<\/strong>, especialmente cuando los tratamientos tradicionales no mejoran los s\u00edntomas.<\/p>\n\n\n\n<hr class=\"wp-block-separator has-alpha-channel-opacity\"\/>\n\n\n\n<p>Si te identificas con varios de estos s\u00edntomas \u2014especialmente si han sido persistentes o no han respondido bien a otros tratamientos\u2014, podr\u00eda ser el momento de <strong>explorar si hay un problema respiratorio nocturno detr\u00e1s<\/strong>. En el siguiente bloque abordaremos los <strong>factores de riesgo espec\u00edficos en mujeres<\/strong> que aumentan la probabilidad de tener apnea del sue\u00f1o.<\/p>\n\n\n\n<h3 class=\"wp-block-heading has-large-font-size\">Factores de riesgo espec\u00edficos de apnea obstructiva del sue\u00f1o en mujeres<\/h3>\n\n\n\n<p>A lo largo de la vida, las mujeres atraviesan <strong>cambios hormonales, f\u00edsicos y metab\u00f3licos<\/strong> que pueden aumentar el riesgo de desarrollar <strong>apnea obstructiva del sue\u00f1o (AOS)<\/strong>. Sin embargo, muchos de estos factores siguen sin ser considerados en las evaluaciones cl\u00ednicas, lo que contribuye al subdiagn\u00f3stico.<\/p>\n\n\n\n<p>Reconocer estos elementos puede ayudarte a <strong>detectar se\u00f1ales tempranas<\/strong> y prevenir complicaciones a largo plazo.<\/p>\n\n\n\n<h4 class=\"wp-block-heading has-medium-font-size\">Cambios hormonales: de protectores a predisponentes<\/h4>\n\n\n\n<ul>\n<li><strong>Menopausia<\/strong>: antes de esta etapa, las hormonas sexuales femeninas como el estr\u00f3geno y la progesterona <strong>act\u00faan como protectores<\/strong> del tono muscular de las v\u00edas respiratorias. Al llegar la menopausia, su disminuci\u00f3n incrementa el riesgo de colapso de la v\u00eda a\u00e9rea durante el sue\u00f1o.<\/li>\n\n\n\n<li><strong>S\u00edndrome de ovario poliqu\u00edstico (SOP)<\/strong>: esta condici\u00f3n hormonal se ha asociado con mayor prevalencia de apnea, especialmente cuando coexiste con resistencia a la insulina o sobrepeso.<\/li>\n\n\n\n<li><strong>Embarazo<\/strong>: el aumento de peso, la retenci\u00f3n de l\u00edquidos y los cambios respiratorios propios de la gestaci\u00f3n pueden desencadenar o agravar episodios de apnea en algunas mujeres.<\/li>\n<\/ul>\n\n\n\n<h4 class=\"wp-block-heading has-medium-font-size\">Composici\u00f3n corporal y peso<\/h4>\n\n\n\n<ul>\n<li>Si bien el sobrepeso y la obesidad son factores de riesgo comunes en ambos sexos, en mujeres <strong>la distribuci\u00f3n de la grasa corporal cambia con la edad<\/strong> y las etapas hormonales.<\/li>\n\n\n\n<li>El aumento de tejido adiposo en el cuello o parte superior del cuerpo <strong>favorece el colapso de la v\u00eda a\u00e9rea<\/strong>, incluso con aumentos de peso moderados.<\/li>\n<\/ul>\n\n\n\n<h4 class=\"wp-block-heading has-medium-font-size\">Factores anat\u00f3micos y estructurales<\/h4>\n\n\n\n<ul>\n<li>Algunas mujeres presentan <strong>v\u00edas respiratorias naturalmente m\u00e1s estrechas<\/strong>, lo que puede predisponerlas a apneas a\u00fan sin obesidad.<\/li>\n\n\n\n<li>Condiciones como <strong>rinitis cr\u00f3nica, congesti\u00f3n nasal o desviaci\u00f3n del tabique<\/strong> tambi\u00e9n pueden dificultar la respiraci\u00f3n nocturna.<\/li>\n<\/ul>\n\n\n\n<h4 class=\"wp-block-heading has-medium-font-size\">Estilo de vida y otros factores contribuyentes en la <strong>apnea obstructiva del sue\u00f1o<\/strong><\/h4>\n\n\n\n<ul>\n<li><strong>Sedentarismo<\/strong>, tabaquismo, consumo de alcohol o uso de sedantes pueden relajar los m\u00fasculos de la garganta y aumentar el riesgo.<\/li>\n\n\n\n<li><strong>Antecedentes familiares<\/strong> de apnea del sue\u00f1o aumentan la probabilidad de desarrollarla, especialmente en combinaci\u00f3n con otros factores de riesgo.<\/li>\n\n\n\n<li>Mujeres que han sido <strong>diagnosticadas con depresi\u00f3n o insomnio cr\u00f3nico<\/strong>, pero no han mejorado con tratamiento, podr\u00edan estar experimentando s\u00edntomas de apnea no reconocida.<\/li>\n<\/ul>\n\n\n\n<p>Conocer estos factores es clave para romper con el mito de que \u201cla apnea es solo cosa de hombres con sobrepeso\u201d. En el siguiente bloque hablaremos sobre el <strong>diagn\u00f3stico en mujeres<\/strong> y por qu\u00e9 muchas veces se retrasa o no se realiza correctamente.<\/p>\n\n\n\n<h3 class=\"wp-block-heading has-large-font-size\">Diagn\u00f3stico de <strong>apnea obstructiva del sue\u00f1o<\/strong>: por qu\u00e9 muchas mujeres no son identificadas<\/h3>\n\n\n\n<p>Uno de los mayores desaf\u00edos en torno a la <strong>apnea obstructiva del sue\u00f1o en mujeres<\/strong> es que, aunque los s\u00edntomas existen, <strong>con frecuencia no se reconocen ni se investigan adecuadamente<\/strong>. Esto no solo retrasa el diagn\u00f3stico, sino que tambi\u00e9n limita el acceso a tratamientos eficaces, afectando la salud f\u00edsica y emocional de muchas mujeres durante a\u00f1os.<\/p>\n\n\n\n<h4 class=\"wp-block-heading has-medium-font-size\">Perfil at\u00edpico, diagn\u00f3stico tard\u00edo<\/h4>\n\n\n\n<p>El modelo cl\u00e1sico de apnea \u2014hombre roncador, con sobrepeso, somnoliento\u2014 sigue dominando el imaginario cl\u00ednico. Pero en las mujeres:<\/p>\n\n\n\n<ul>\n<li><strong>El ronquido no siempre es evidente<\/strong>, o se presenta de forma m\u00e1s suave.<\/li>\n\n\n\n<li>La <strong>somnolencia diurna puede estar ausente<\/strong>, o manifestarse como fatiga o falta de energ\u00eda.<\/li>\n\n\n\n<li>Los s\u00edntomas predominantes suelen ser <strong>insomnio, irritabilidad, ansiedad o estado de \u00e1nimo bajo<\/strong>, lo que lleva a diagn\u00f3sticos alternativos como depresi\u00f3n o estr\u00e9s cr\u00f3nico.<\/li>\n<\/ul>\n\n\n\n<p>Esta presentaci\u00f3n m\u00e1s difusa y menos \u201cruidosa\u201d hace que muchas mujeres <strong>no sean derivadas a estudios de sue\u00f1o<\/strong> pese a tener s\u00edntomas compatibles.<\/p>\n\n\n\n<h4 class=\"wp-block-heading has-medium-font-size\">Barreras culturales y sesgos m\u00e9dicos<\/h4>\n\n\n\n<p>Adem\u00e1s del perfil cl\u00ednico, hay <strong>barreras estructurales y sociales<\/strong> que contribuyen al subdiagn\u00f3stico:<\/p>\n\n\n\n<ul>\n<li>Se suele <strong>normalizar el cansancio en mujeres<\/strong>, especialmente si tienen m\u00faltiples responsabilidades (familia, trabajo, cuidado de otros).<\/li>\n\n\n\n<li>Algunos s\u00edntomas se minimizan o se atribuyen a &#8220;cosas de la edad&#8221;, sobre todo en mujeres postmenop\u00e1usicas.<\/li>\n\n\n\n<li>Existe un <strong>sesgo de g\u00e9nero en la investigaci\u00f3n m\u00e9dica<\/strong>, que hist\u00f3ricamente ha excluido o invisibilizado diferencias entre sexos en muchas patolog\u00edas, incluida la apnea.<\/li>\n<\/ul>\n\n\n\n<h4 class=\"wp-block-heading has-large-font-size\">\u00bfC\u00f3mo se diagnostica la apnea del sue\u00f1o?<\/h4>\n\n\n\n<p>El diagn\u00f3stico se realiza mediante un estudio del sue\u00f1o, que puede incluir:<\/p>\n\n\n\n<figure class=\"wp-block-table\"><table><thead><tr><th><strong>Tipo de estudio<\/strong><\/th><th><strong>Caracter\u00edsticas<\/strong><\/th><\/tr><\/thead><tbody><tr><td>Polisomnograf\u00eda nocturna (PSG)<\/td><td>Estudio completo en un centro especializado. Mide respiraci\u00f3n, frecuencia card\u00edaca, movimientos, oxigenaci\u00f3n y m\u00e1s.<\/td><\/tr><tr><td>Estudio domiciliario del sue\u00f1o<\/td><td>Evaluaci\u00f3n ambulatoria con dispositivos port\u00e1tiles. Menos preciso, pero \u00fatil en muchos casos.<\/td><\/tr><tr><td>Cuestionarios cl\u00ednicos orientativos<\/td><td>Herramientas de tamizaje como STOP-BANG o Epworth. \u00datiles para decidir si se indica un estudio formal.<\/td><\/tr><\/tbody><\/table><\/figure>\n\n\n\n<p>En mujeres, es importante que los cuestionarios y entrevistas cl\u00ednicas <strong>se adapten al perfil sintom\u00e1tico femenino<\/strong>, considerando variaciones hormonales y emocionales.<\/p>\n\n\n\n<h4 class=\"wp-block-heading has-medium-font-size\">Claves para un diagn\u00f3stico m\u00e1s preciso en mujeres<\/h4>\n\n\n\n<ul>\n<li>Escuchar y validar los s\u00edntomas, aunque no coincidan con el \u201cperfil t\u00edpico\u201d.<\/li>\n\n\n\n<li>Incluir el estudio del sue\u00f1o como parte de la evaluaci\u00f3n de trastornos del \u00e1nimo resistentes.<\/li>\n\n\n\n<li>Fomentar la <strong>autoconciencia<\/strong>: si sientes que duermes mal desde hace tiempo, y tu cuerpo nunca se siente realmente descansado, podr\u00eda haber una causa respiratoria de fondo.<\/li>\n<\/ul>\n\n\n\n<h3 class=\"wp-block-heading has-large-font-size\">Consecuencias para la salud global y mental<\/h3>\n\n\n\n<p>Cuando la <strong>apnea obstructiva del sue\u00f1o<\/strong> en mujeres no se diagnostica ni se trata adecuadamente, sus efectos no se limitan al descanso nocturno. A lo largo del tiempo, esta condici\u00f3n puede generar <strong>complicaciones f\u00edsicas, cognitivas y emocionales significativas<\/strong>, que afectan la calidad de vida de forma progresiva.<\/p>\n\n\n\n<p>En mujeres, estas consecuencias pueden presentarse de forma <strong>m\u00e1s sutil<\/strong>, pero no por eso menos graves.<\/p>\n\n\n\n<h4 class=\"wp-block-heading has-medium-font-size\">Consecuencias f\u00edsicas: mucho m\u00e1s que dormir mal<\/h4>\n\n\n\n<p>Dormir con interrupciones respiratorias constantes implica <strong>bajas repetidas de ox\u00edgeno en sangre<\/strong> y una activaci\u00f3n anormal del sistema nervioso durante la noche. Esto genera un estado de <strong>estr\u00e9s fisiol\u00f3gico cr\u00f3nico<\/strong>, que se ha asociado con:<\/p>\n\n\n\n<ul>\n<li><strong>Hipertensi\u00f3n arterial<\/strong>, incluso en mujeres j\u00f3venes.<\/li>\n\n\n\n<li>Mayor riesgo de <strong>enfermedades cardiovasculares<\/strong> (infartos, arritmias).<\/li>\n\n\n\n<li><strong>Resistencia a la insulina<\/strong> y riesgo aumentado de desarrollar <strong>diabetes tipo 2<\/strong>.<\/li>\n\n\n\n<li>Agravamiento de trastornos hormonales como el <strong>s\u00edndrome de ovario poliqu\u00edstico (SOP)<\/strong>.<\/li>\n\n\n\n<li>Mayor probabilidad de <strong>complicaciones durante el embarazo<\/strong>, como preeclampsia o parto prematuro.<\/li>\n<\/ul>\n\n\n\n<p>Adem\u00e1s, la falta de sue\u00f1o reparador puede afectar el sistema inmunol\u00f3gico y aumentar la sensibilidad al dolor, dificultando la recuperaci\u00f3n frente a otras enfermedades.<\/p>\n\n\n\n<h4 class=\"wp-block-heading has-medium-font-size\">Consecuencias cognitivas y emocionales<\/h4>\n\n\n\n<p>El impacto sobre el cerebro es igual de importante. El sue\u00f1o fragmentado y la oxigenaci\u00f3n deficiente afectan la funci\u00f3n ejecutiva, la atenci\u00f3n, la memoria y el estado de \u00e1nimo. En mujeres, esto puede manifestarse como:<\/p>\n\n\n\n<ul>\n<li><strong>Irritabilidad persistente<\/strong> o cambios de humor abruptos.<\/li>\n\n\n\n<li><strong>S\u00edntomas depresivos o ansiosos<\/strong>, especialmente si hay antecedentes de trastornos del \u00e1nimo.<\/li>\n\n\n\n<li><strong>Dificultades para concentrarse o rendir en el trabajo<\/strong>.<\/li>\n\n\n\n<li>Sensaci\u00f3n de estar constantemente \u201cnublada\u201d o mentalmente agotada.<\/li>\n<\/ul>\n\n\n\n<p>Muchos de estos s\u00edntomas son <strong>atribuidos a la edad, al estr\u00e9s o a causas emocionales<\/strong>, cuando en realidad la ra\u00edz puede estar en una <strong>apnea del sue\u00f1o no diagnosticada<\/strong>.<\/p>\n\n\n\n<h4 class=\"wp-block-heading has-medium-font-size\">Calidad de vida y relaciones personales<\/h4>\n\n\n\n<p>El cansancio constante, los despertares nocturnos y la irritabilidad emocional impactan tambi\u00e9n en lo social:<\/p>\n\n\n\n<ul>\n<li><strong>Disminuye el deseo sexual<\/strong> o la energ\u00eda para relacionarse.<\/li>\n\n\n\n<li>Se afecta la <strong>paciencia y tolerancia emocional<\/strong>, especialmente en contextos de cuidado familiar.<\/li>\n\n\n\n<li>La sensaci\u00f3n de \u201cno dar abasto\u201d o de estar agotada todo el tiempo puede generar <strong>culpa y frustraci\u00f3n<\/strong>, incluso sin causa visible.<\/li>\n<\/ul>\n\n\n\n<p>Detectar y tratar la <strong>apnea obstructiva del sue\u00f1o en mujeres<\/strong> no solo mejora el sue\u00f1o. Tambi\u00e9n puede ser la clave para <strong>prevenir enfermedades cr\u00f3nicas, recuperar la claridad mental y mejorar el bienestar emocional y relacional<\/strong>.<\/p>\n\n\n\n<h3 class=\"wp-block-heading has-large-font-size\">Tratamientos y estrategias adaptadas para mujeres<\/h3>\n\n\n\n<p>El tratamiento de la <strong>apnea obstructiva del sue\u00f1o<\/strong> en mujeres ha avanzado significativamente en los \u00faltimos a\u00f1os, y hoy existen <strong>m\u00faltiples opciones terap\u00e9uticas<\/strong> para mejorar la respiraci\u00f3n nocturna, el descanso y la calidad de vida. Sin embargo, en el caso de las mujeres, es clave que este tratamiento <strong>considere sus s\u00edntomas particulares, su etapa vital y sus necesidades espec\u00edficas<\/strong>.<\/p>\n\n\n\n<h4 class=\"wp-block-heading has-medium-font-size\">CPAP: el tratamiento est\u00e1ndar<\/h4>\n\n\n\n<p>El <strong>CPAP<\/strong> (<em>Continuous Positive Airway Pressure<\/em>) es la terapia m\u00e1s utilizada y eficaz para la apnea del sue\u00f1o moderada o severa. Consiste en una m\u00e1quina que env\u00eda aire a presi\u00f3n a trav\u00e9s de una mascarilla para <strong>mantener las v\u00edas respiratorias abiertas durante el sue\u00f1o<\/strong>.<\/p>\n\n\n\n<p>En mujeres, esta terapia puede requerir ajustes como:<\/p>\n\n\n\n<ul>\n<li>M\u00e1s \u00e9nfasis en el confort de la mascarilla (tama\u00f1o, forma, estilo nasal o facial).<\/li>\n\n\n\n<li>Considerar tolerancia est\u00e9tica y comodidad nocturna, especialmente si hay insomnio o ansiedad asociada.<\/li>\n\n\n\n<li>Acompa\u00f1amiento psicol\u00f3gico al inicio del tratamiento, ya que muchas mujeres abandonan el CPAP por incomodidad o rechazo.<\/li>\n<\/ul>\n\n\n\n<h4 class=\"wp-block-heading has-medium-font-size\">Otras alternativas terap\u00e9uticas<\/h4>\n\n\n\n<p>Si el CPAP no es tolerado o la apnea es leve, existen otras opciones:<\/p>\n\n\n\n<ul>\n<li><strong>Dispositivos orales<\/strong>: f\u00e9rulas que adelantan la mand\u00edbula para mantener la v\u00eda a\u00e9rea abierta. \u00datiles en apneas leves a moderadas y bien toleradas en mujeres j\u00f3venes.<\/li>\n\n\n\n<li><strong>Cirug\u00edas de v\u00eda a\u00e9rea<\/strong>: como la uvulopalatoplast\u00eda o la cirug\u00eda nasal, indicadas solo en ciertos casos, tras evaluaci\u00f3n otorrinolaringol\u00f3gica.<\/li>\n\n\n\n<li><strong>Terapias combinadas<\/strong>: a veces se combinan dispositivos orales, cambios de posici\u00f3n para dormir o control del peso para lograr mejores resultados.<\/li>\n<\/ul>\n\n\n\n<h4 class=\"wp-block-heading has-medium-font-size\">Intervenciones adaptadas a cada etapa<\/h4>\n\n\n\n<p>Las necesidades cambian a lo largo de la vida, y el tratamiento debe adaptarse:<\/p>\n\n\n\n<ul>\n<li><strong>Embarazo<\/strong>: si se diagnostica apnea durante esta etapa, el tratamiento con CPAP puede ser fundamental para prevenir complicaciones obst\u00e9tricas. El enfoque debe ser cuidadoso y coordinado entre medicina del sue\u00f1o y ginecolog\u00eda.<\/li>\n\n\n\n<li><strong>Menopausia<\/strong>: durante esta etapa aumenta la incidencia de apnea. A veces se requiere iniciar o ajustar tratamientos. Tambi\u00e9n se pueden considerar terapias hormonales como complemento si hay indicaci\u00f3n m\u00e9dica.<\/li>\n\n\n\n<li><strong>Mujeres j\u00f3venes y delgadas<\/strong>: aunque no tengan los factores de riesgo cl\u00e1sicos, pueden beneficiarse de dispositivos orales, cambios posturales y terapias conductuales.<\/li>\n<\/ul>\n\n\n\n<h4 class=\"wp-block-heading has-medium-font-size\">Cambios en el estilo de vida: parte fundamental del tratamiento<\/h4>\n\n\n\n<p>Independiente del tipo de tratamiento principal, todas las mujeres con apnea se benefician de medidas complementarias:<\/p>\n\n\n\n<ul>\n<li><strong>P\u00e9rdida de peso<\/strong>, si hay exceso.<\/li>\n\n\n\n<li><strong>Evitar dormir boca arriba<\/strong>, ya que esta posici\u00f3n favorece el colapso de la v\u00eda a\u00e9rea.<\/li>\n\n\n\n<li><strong>Eliminar el alcohol y los sedantes<\/strong>, que relajan los m\u00fasculos far\u00edngeos.<\/li>\n\n\n\n<li><strong>Tratar comorbilidades<\/strong> como la rinitis, la congesti\u00f3n nasal o el reflujo.<\/li>\n<\/ul>\n\n\n\n<p>El tratamiento de la <strong>apnea del sue\u00f1o en mujeres<\/strong> debe ir m\u00e1s all\u00e1 del protocolo est\u00e1ndar. Requiere una <strong>mirada personalizada y sensible al g\u00e9nero<\/strong>, que tenga en cuenta no solo la eficacia m\u00e9dica, sino tambi\u00e9n la comodidad, las emociones y el contexto de vida de cada mujer.<\/p>\n\n\n\n<h3 class=\"wp-block-heading has-x-large-font-size\">Consejos pr\u00e1cticos y medidas de autocuidado para la <strong>apnea obstructiva del sue\u00f1o<\/strong><\/h3>\n\n\n\n<figure class=\"wp-block-image alignwide size-full\"><img loading=\"lazy\" decoding=\"async\" width=\"640\" height=\"427\" src=\"https:\/\/fonasa.mindy.cl\/blog\/wp-content\/uploads\/2025\/12\/pexels-polina-kovaleva-6541176.jpg\" alt=\"apnea obstructiva del sue\u00f1o\" class=\"wp-image-1188\"\/><\/figure>\n\n\n\n<p>El tratamiento m\u00e9dico de la <strong>apnea obstructiva del sue\u00f1o<\/strong> en mujeres es esencial, pero tambi\u00e9n lo es el <strong>rol activo que puedes tener en tu autocuidado diario<\/strong>. Cambiar ciertos h\u00e1bitos, observar tu cuerpo con atenci\u00f3n y crear condiciones favorables para dormir pueden marcar una gran diferencia en tu descanso, energ\u00eda y bienestar general.<\/p>\n\n\n\n<p>Aqu\u00ed te dejamos algunas recomendaciones espec\u00edficas para mujeres.<\/p>\n\n\n\n<h4 class=\"wp-block-heading has-medium-font-size\">1. Mejora tu higiene del sue\u00f1o<\/h4>\n\n\n\n<ul>\n<li><strong>Establece horarios regulares<\/strong> para acostarte y levantarte, incluso fines de semana.<\/li>\n\n\n\n<li>Crea un <strong>ambiente propicio para el descanso<\/strong>: oscuro, fresco, silencioso y sin pantallas.<\/li>\n\n\n\n<li>Evita el uso de celulares, televisi\u00f3n o tablets al menos <strong>una hora antes de dormir<\/strong>.<\/li>\n\n\n\n<li>Incorpora una rutina nocturna relajante: lectura, m\u00fasica suave, respiraci\u00f3n profunda.<\/li>\n<\/ul>\n\n\n\n<h4 class=\"wp-block-heading has-medium-font-size\">2. Adopta una postura que favorezca la respiraci\u00f3n<\/h4>\n\n\n\n<ul>\n<li>Dormir <strong>de lado<\/strong> (preferiblemente del lado izquierdo) ayuda a mantener las v\u00edas respiratorias m\u00e1s abiertas.<\/li>\n\n\n\n<li>Evita dormir <strong>boca arriba<\/strong>, ya que esta posici\u00f3n favorece el colapso de la garganta.<\/li>\n\n\n\n<li>Puedes usar una <strong>almohada especial<\/strong> o cojines para mantenerte en una posici\u00f3n lateral durante la noche.<\/li>\n<\/ul>\n\n\n\n<h4 class=\"wp-block-heading has-medium-font-size\">3. Controla factores que afectan la v\u00eda a\u00e9rea<\/h4>\n\n\n\n<ul>\n<li><strong>Evita el consumo de alcohol<\/strong>, especialmente por la noche, ya que relaja los m\u00fasculos y agrava la apnea.<\/li>\n\n\n\n<li>No uses <strong>sedantes ni pastillas para dormir sin indicaci\u00f3n m\u00e9dica<\/strong>.<\/li>\n\n\n\n<li>Trata condiciones como la <strong>rinitis al\u00e9rgica, congesti\u00f3n nasal o reflujo<\/strong>, que dificultan la respiraci\u00f3n nocturna.<\/li>\n<\/ul>\n\n\n\n<h4 class=\"wp-block-heading has-medium-font-size\">4. Cuida tu salud general<\/h4>\n\n\n\n<ul>\n<li>Si tienes sobrepeso, una p\u00e9rdida moderada de peso puede <strong>reducir significativamente la gravedad de la apnea<\/strong>.<\/li>\n\n\n\n<li>Mant\u00e9n una rutina de <strong>actividad f\u00edsica regular<\/strong>. No es necesario hacer deporte intenso, pero s\u00ed moverte todos los d\u00edas.<\/li>\n\n\n\n<li>Evita las cenas pesadas o comidas tard\u00edas que puedan interferir con el descanso.<\/li>\n<\/ul>\n\n\n\n<h4 class=\"wp-block-heading has-medium-font-size\">5. Registra tus s\u00edntomas<\/h4>\n\n\n\n<ul>\n<li>Lleva un <strong>diario del sue\u00f1o<\/strong> donde anotes:\n<ul>\n<li>A qu\u00e9 hora te acuestas y te levantas.<\/li>\n\n\n\n<li>Cu\u00e1ntas veces te despiertas durante la noche.<\/li>\n\n\n\n<li>S\u00edntomas al despertar (fatiga, dolor de cabeza, boca seca).<\/li>\n\n\n\n<li>Cambios de \u00e1nimo o energ\u00eda durante el d\u00eda.<\/li>\n<\/ul>\n<\/li>\n<\/ul>\n\n\n\n<p>Este registro puede ser muy \u00fatil para tu m\u00e9dico o terapeuta del sue\u00f1o.<\/p>\n\n\n\n<h4 class=\"wp-block-heading has-medium-font-size\">6. No normalices el cansancio cr\u00f3nico<\/h4>\n\n\n\n<p>Sentirse agotada todo el tiempo <strong>no es normal<\/strong>, ni es solo consecuencia del ritmo de vida. Si notas que, incluso durmiendo las horas recomendadas, no logras sentirte bien, es posible que haya una causa de fondo como la apnea obstructiva del sue\u00f1o.<\/p>\n\n\n\n<p>Estos consejos no reemplazan el tratamiento cl\u00ednico, pero s\u00ed lo fortalecen. La clave est\u00e1 en <strong>observar tu cuerpo, escuchar tus s\u00edntomas y actuar con informaci\u00f3n<\/strong>, sin subestimarte ni postergar tu bienestar.<\/p>\n\n\n\n<h3 class=\"wp-block-heading has-large-font-size\">Cu\u00e1ndo y c\u00f3mo buscar ayuda profesional<\/h3>\n\n\n\n<p>Si has llegado hasta aqu\u00ed, es probable que te sientas identificada con varios de los s\u00edntomas que describimos. Tal vez llevas tiempo despertando cansada, irritada, con dolor de cabeza o sin energ\u00eda, sin entender del todo qu\u00e9 est\u00e1 pasando. O quiz\u00e1s te han dicho que roncas, o t\u00fa misma has notado que te despiertas jadeando, sudando o con la sensaci\u00f3n de que algo te \u201cdespierta\u201d sin motivo claro.<\/p>\n\n\n\n<p>En cualquier caso, es importante saber que <strong>no tienes que seguir viviendo as\u00ed<\/strong>. La <strong>apnea obstructiva del sue\u00f1o<\/strong> en mujeres, cuando se detecta a tiempo, tiene tratamientos eficaces que pueden transformar tu calidad de vida. Pero para llegar a ese punto, hay que dar un paso: <strong>buscar ayuda profesional<\/strong>.<\/p>\n\n\n\n<h4 class=\"wp-block-heading has-medium-font-size\">Se\u00f1ales que indican que debes consultar<\/h4>\n\n\n\n<p>No necesitas tener todos los s\u00edntomas. Basta con que alguno de estos se repita con frecuencia para justificar una evaluaci\u00f3n m\u00e9dica:<\/p>\n\n\n\n<ul>\n<li>Te sientes <strong>cansada todos los d\u00edas<\/strong>, incluso despu\u00e9s de dormir ocho horas.<\/li>\n\n\n\n<li>Tienes <strong>insomnio persistente<\/strong> o despertares frecuentes sin explicaci\u00f3n.<\/li>\n\n\n\n<li>Te despiertas con <strong>dolor de cabeza<\/strong>, <strong>boca seca<\/strong> o sensaci\u00f3n de ahogo.<\/li>\n\n\n\n<li>Notas <strong>cambios en tu estado de \u00e1nimo<\/strong>, mayor irritabilidad o llanto f\u00e1cil.<\/li>\n\n\n\n<li>Sufres de <strong>ansiedad o depresi\u00f3n<\/strong> que no mejora con terapia o medicaci\u00f3n.<\/li>\n\n\n\n<li>Alguien ha notado que <strong>roncas<\/strong>, haces pausas al respirar o jadeas al dormir.<\/li>\n\n\n\n<li>Has probado de todo para \u201cmejorar tu sue\u00f1o\u201d, pero nada parece funcionar.<\/li>\n<\/ul>\n\n\n\n<p>Estos signos no son simplemente \u201ccansancio acumulado\u201d o \u201cestr\u00e9s\u201d. Son se\u00f1ales de alerta que vale la pena tomar en serio.<\/p>\n\n\n\n<h4 class=\"wp-block-heading has-medium-font-size\">\u00bfCon qui\u00e9n debes consultar?<\/h4>\n\n\n\n<p>Existen varios profesionales que pueden ayudarte a iniciar este camino:<\/p>\n\n\n\n<ul>\n<li><strong>M\u00e9dico general<\/strong> o de atenci\u00f3n primaria: puede hacer una primera evaluaci\u00f3n y derivarte a un especialista.<\/li>\n\n\n\n<li><strong>Neum\u00f3logo<\/strong> o <strong>especialista en medicina del sue\u00f1o<\/strong>: son los profesionales m\u00e1s adecuados para diagnosticar y tratar la apnea del sue\u00f1o.<\/li>\n\n\n\n<li><strong>Otorrinolaring\u00f3logo<\/strong>: especialmente si sospechas que hay una obstrucci\u00f3n f\u00edsica en la nariz, garganta o v\u00edas respiratorias.<\/li>\n\n\n\n<li><strong>Psic\u00f3logo cl\u00ednico o psiquiatra<\/strong>: si est\u00e1s en tratamiento por depresi\u00f3n, ansiedad o insomnio, puedes conversar con ellos para incluir una evaluaci\u00f3n de sue\u00f1o.<\/li>\n<\/ul>\n\n\n\n<h4 class=\"wp-block-heading has-medium-font-size\">Qu\u00e9 puedes esperar en una consulta<\/h4>\n\n\n\n<p>En general, el proceso incluir\u00e1:<\/p>\n\n\n\n<ol>\n<li>Una entrevista cl\u00ednica sobre tus s\u00edntomas, h\u00e1bitos de sue\u00f1o y antecedentes m\u00e9dicos.<\/li>\n\n\n\n<li>Cuestionarios para evaluar la probabilidad de apnea (como STOP-BANG o Escala de Epworth).<\/li>\n\n\n\n<li>Si se sospecha apnea, te derivar\u00e1n a un <strong>estudio del sue\u00f1o<\/strong> (polisomnograf\u00eda o prueba domiciliaria).<\/li>\n\n\n\n<li>Con los resultados, el especialista propondr\u00e1 un tratamiento personalizado.<\/li>\n<\/ol>\n\n\n\n<h4 class=\"wp-block-heading has-medium-font-size\">Romper el silencio y confiar en tu intuici\u00f3n<\/h4>\n\n\n\n<p>Muchas mujeres <strong>no buscan ayuda porque no creen que su problema sea \u201ctan grave\u201d<\/strong>, o porque se les ha dicho que \u201cel cansancio es normal\u201d. Pero t\u00fa conoces tu cuerpo mejor que nadie. Si algo no anda bien con tu sue\u00f1o, tu energ\u00eda o tu estado de \u00e1nimo, tienes derecho a que te escuchen y te tomen en serio.<\/p>\n\n\n\n<p>No necesitas tener una respuesta. Solo necesitas dar el primer paso: <strong>hablarlo con un profesional<\/strong>.<\/p>\n\n\n\n<h3 class=\"wp-block-heading has-large-font-size\">Conclusi\u00f3n: Dormir mal no es normal, y tampoco es inevitable<\/h3>\n\n\n\n<p>Durante mucho tiempo, la <strong>apnea obstructiva del sue\u00f1o<\/strong> fue vista como un problema masculino, limitado a hombres roncadores y con sobrepeso. Esta visi\u00f3n parcial ha dejado a muchas mujeres <strong>sin diagn\u00f3stico, sin respuestas y sin el tratamiento que necesitan<\/strong>.<\/p>\n\n\n\n<p>Pero dormir mal, despertar cansada todos los d\u00edas, sentir que no tienes energ\u00eda ni \u00e1nimo para enfrentar lo cotidiano <strong>no es normal<\/strong>, ni es simplemente parte de \u201cser mujer\u201d, ni del estr\u00e9s de la vida adulta. Tampoco es algo que debas soportar en silencio.<\/p>\n\n\n\n<p>La apnea del sue\u00f1o <strong>puede afectar a mujeres de todas las edades<\/strong>, con s\u00edntomas diferentes, m\u00e1s sutiles y muchas veces invisibilizados. Puede confundirse con insomnio, depresi\u00f3n, ansiedad o agotamiento emocional. Y puede pasar a\u00f1os sin ser detectada, rob\u00e1ndote descanso, claridad mental y calidad de vida.<\/p>\n\n\n\n<p>Por eso es tan importante que empecemos a <strong>hablar de este tema con perspectiva de g\u00e9nero<\/strong>, con m\u00e1s empat\u00eda y m\u00e1s informaci\u00f3n. Que dejemos de minimizar el cansancio cr\u00f3nico, y empecemos a reconocerlo como una se\u00f1al de que algo en tu cuerpo necesita atenci\u00f3n.<\/p>\n\n\n\n<p>La buena noticia es que <strong>la apnea tiene tratamiento<\/strong>. Y con el apoyo adecuado, puedes volver a dormir bien, a sentirte descansada, a recuperar tu \u00e1nimo y tu energ\u00eda. Pero todo empieza con una decisi\u00f3n: <strong>escuchar tu cuerpo y pedir ayuda<\/strong>.<\/p>\n\n\n\n<h2 class=\"wp-block-heading has-x-large-font-size\">\u00bfNo sabes por d\u00f3nde empezar? Descubre tu terapia recomendada<\/h2>\n\n\n\n<p>Iniciar un proceso psicol\u00f3gico puede generar dudas sobre cu\u00e1l es el mejor camino. En <strong>Fonasa Mindy<\/strong> queremos facilitarte el proceso: responde unas breves preguntas para identificar el modelo terap\u00e9utico m\u00e1s efectivo para tu bienestar emocional. Es r\u00e1pido, sencillo y te ayudar\u00e1 a conectar con el profesional adecuado. <\/p>\n\n\n\n<p>\ud83d\udc49 <strong><a href=\"https:\/\/form.typeform.com\/to\/jfcSJODX\" target=\"_blank\" rel=\"noreferrer noopener\">Haz clic para descubrir tu tipo de terapia<\/a><\/strong><\/p>\n","protected":false},"excerpt":{"rendered":"<p>As\u00ed es la apnea obstructiva del sue\u00f1o en mujeres: Te despiertas agotada, con dolor de cabeza o la sensaci\u00f3n de que no descansaste nada. Tienes insomnio, cambios de \u00e1nimo o fatiga constante. Aunque estos s\u00edntomas suelen atribuirse al estr\u00e9s o a desbalances hormonales, muchas veces esconden una causa menos conocida: la apnea obstructiva del sue\u00f1o. [&hellip;]<\/p>\n","protected":false},"author":2,"featured_media":1186,"comment_status":"closed","ping_status":"closed","sticky":false,"template":"","format":"standard","meta":{"footnotes":""},"categories":[114,277],"tags":[],"yoast_head":"<!-- This site is optimized with the Yoast SEO plugin v23.0 - https:\/\/yoast.com\/wordpress\/plugins\/seo\/ -->\n<title>Conoce la Apnea Obstructiva del Sue\u00f1o en Mujeres!<\/title>\n<meta name=\"description\" content=\"Conoce los s\u00edntomas de la apnea obstructiva del sue\u00f1o en mujeres y c\u00f3mo detectarla antes de que afecte tu salud f\u00edsica y emocional.\" \/>\n<meta name=\"robots\" content=\"index, follow, max-snippet:-1, max-image-preview:large, max-video-preview:-1\" \/>\n<link rel=\"canonical\" href=\"https:\/\/fonasa.mindy.cl\/blog\/apnea-obstructiva-del-sueno-mujeres\/\" \/>\n<meta property=\"og:locale\" content=\"es_ES\" \/>\n<meta property=\"og:type\" content=\"article\" \/>\n<meta property=\"og:title\" content=\"Conoce la Apnea Obstructiva del Sue\u00f1o en Mujeres!\" \/>\n<meta property=\"og:description\" content=\"Conoce los s\u00edntomas de la apnea obstructiva del sue\u00f1o en mujeres y c\u00f3mo detectarla antes de que afecte tu salud f\u00edsica y emocional.\" \/>\n<meta property=\"og:url\" content=\"https:\/\/fonasa.mindy.cl\/blog\/apnea-obstructiva-del-sueno-mujeres\/\" \/>\n<meta property=\"og:site_name\" content=\"Mindy Fonasa Blog\" \/>\n<meta property=\"article:published_time\" content=\"2025-09-30T22:01:35+00:00\" \/>\n<meta property=\"article:modified_time\" content=\"2026-03-25T14:54:48+00:00\" \/>\n<meta property=\"og:image\" content=\"https:\/\/fonasa.mindy.cl\/blog\/wp-content\/uploads\/2025\/09\/pexels-eliannedipp-4666752.jpg\" \/>\n\t<meta property=\"og:image:width\" content=\"640\" \/>\n\t<meta property=\"og:image:height\" content=\"545\" \/>\n\t<meta property=\"og:image:type\" content=\"image\/jpeg\" \/>\n<meta name=\"author\" content=\"reinaldo@mindy.cl\" \/>\n<meta name=\"twitter:card\" content=\"summary_large_image\" \/>\n<meta name=\"twitter:label1\" content=\"Written by\" \/>\n\t<meta name=\"twitter:data1\" content=\"reinaldo@mindy.cl\" \/>\n\t<meta name=\"twitter:label2\" content=\"Est. reading time\" \/>\n\t<meta name=\"twitter:data2\" content=\"21 minutos\" \/>\n<script type=\"application\/ld+json\" class=\"yoast-schema-graph\">{\"@context\":\"https:\/\/schema.org\",\"@graph\":[{\"@type\":\"Article\",\"@id\":\"https:\/\/fonasa.mindy.cl\/blog\/apnea-obstructiva-del-sueno-mujeres\/#article\",\"isPartOf\":{\"@id\":\"https:\/\/fonasa.mindy.cl\/blog\/apnea-obstructiva-del-sueno-mujeres\/\"},\"author\":{\"name\":\"reinaldo@mindy.cl\",\"@id\":\"https:\/\/fonasa.mindy.cl\/blog\/#\/schema\/person\/6b2fdf85e03858572a636b7b9ce17d81\"},\"headline\":\"Conoce la Apnea Obstructiva del Sue\u00f1o en Mujeres!\",\"datePublished\":\"2025-09-30T22:01:35+00:00\",\"dateModified\":\"2026-03-25T14:54:48+00:00\",\"mainEntityOfPage\":{\"@id\":\"https:\/\/fonasa.mindy.cl\/blog\/apnea-obstructiva-del-sueno-mujeres\/\"},\"wordCount\":4871,\"publisher\":{\"@id\":\"https:\/\/fonasa.mindy.cl\/blog\/#organization\"},\"image\":{\"@id\":\"https:\/\/fonasa.mindy.cl\/blog\/apnea-obstructiva-del-sueno-mujeres\/#primaryimage\"},\"thumbnailUrl\":\"https:\/\/fonasa.mindy.cl\/blog\/wp-content\/uploads\/2025\/09\/pexels-eliannedipp-4666752.jpg\",\"articleSection\":[\"Psic\u00f3logos Fonasa\",\"Trastornos de sue\u00f1o\"],\"inLanguage\":\"es-CL\"},{\"@type\":\"WebPage\",\"@id\":\"https:\/\/fonasa.mindy.cl\/blog\/apnea-obstructiva-del-sueno-mujeres\/\",\"url\":\"https:\/\/fonasa.mindy.cl\/blog\/apnea-obstructiva-del-sueno-mujeres\/\",\"name\":\"Conoce la Apnea Obstructiva del Sue\u00f1o en Mujeres!\",\"isPartOf\":{\"@id\":\"https:\/\/fonasa.mindy.cl\/blog\/#website\"},\"primaryImageOfPage\":{\"@id\":\"https:\/\/fonasa.mindy.cl\/blog\/apnea-obstructiva-del-sueno-mujeres\/#primaryimage\"},\"image\":{\"@id\":\"https:\/\/fonasa.mindy.cl\/blog\/apnea-obstructiva-del-sueno-mujeres\/#primaryimage\"},\"thumbnailUrl\":\"https:\/\/fonasa.mindy.cl\/blog\/wp-content\/uploads\/2025\/09\/pexels-eliannedipp-4666752.jpg\",\"datePublished\":\"2025-09-30T22:01:35+00:00\",\"dateModified\":\"2026-03-25T14:54:48+00:00\",\"description\":\"Conoce los s\u00edntomas de la apnea obstructiva del sue\u00f1o en mujeres y c\u00f3mo detectarla antes de que afecte tu salud f\u00edsica y emocional.\",\"breadcrumb\":{\"@id\":\"https:\/\/fonasa.mindy.cl\/blog\/apnea-obstructiva-del-sueno-mujeres\/#breadcrumb\"},\"inLanguage\":\"es-CL\",\"potentialAction\":[{\"@type\":\"ReadAction\",\"target\":[\"https:\/\/fonasa.mindy.cl\/blog\/apnea-obstructiva-del-sueno-mujeres\/\"]}]},{\"@type\":\"ImageObject\",\"inLanguage\":\"es-CL\",\"@id\":\"https:\/\/fonasa.mindy.cl\/blog\/apnea-obstructiva-del-sueno-mujeres\/#primaryimage\",\"url\":\"https:\/\/fonasa.mindy.cl\/blog\/wp-content\/uploads\/2025\/09\/pexels-eliannedipp-4666752.jpg\",\"contentUrl\":\"https:\/\/fonasa.mindy.cl\/blog\/wp-content\/uploads\/2025\/09\/pexels-eliannedipp-4666752.jpg\",\"width\":640,\"height\":545,\"caption\":\"apnea obstructiva del sue\u00f1o\"},{\"@type\":\"BreadcrumbList\",\"@id\":\"https:\/\/fonasa.mindy.cl\/blog\/apnea-obstructiva-del-sueno-mujeres\/#breadcrumb\",\"itemListElement\":[{\"@type\":\"ListItem\",\"position\":1,\"name\":\"Home\",\"item\":\"https:\/\/fonasa.mindy.cl\/blog\/\"},{\"@type\":\"ListItem\",\"position\":2,\"name\":\"Conoce la Apnea Obstructiva del Sue\u00f1o en Mujeres!\"}]},{\"@type\":\"WebSite\",\"@id\":\"https:\/\/fonasa.mindy.cl\/blog\/#website\",\"url\":\"https:\/\/fonasa.mindy.cl\/blog\/\",\"name\":\"Mindy Fonasa Blog\",\"description\":\"Un blog de salud mental\",\"publisher\":{\"@id\":\"https:\/\/fonasa.mindy.cl\/blog\/#organization\"},\"potentialAction\":[{\"@type\":\"SearchAction\",\"target\":{\"@type\":\"EntryPoint\",\"urlTemplate\":\"https:\/\/fonasa.mindy.cl\/blog\/?s={search_term_string}\"},\"query-input\":\"required name=search_term_string\"}],\"inLanguage\":\"es-CL\"},{\"@type\":\"Organization\",\"@id\":\"https:\/\/fonasa.mindy.cl\/blog\/#organization\",\"name\":\"Mindy Fonasa Blog\",\"url\":\"https:\/\/fonasa.mindy.cl\/blog\/\",\"logo\":{\"@type\":\"ImageObject\",\"inLanguage\":\"es-CL\",\"@id\":\"https:\/\/fonasa.mindy.cl\/blog\/#\/schema\/logo\/image\/\",\"url\":\"https:\/\/fonasa.mindy.cl\/blog\/wp-content\/uploads\/2024\/07\/logo_cuadrado.png\",\"contentUrl\":\"https:\/\/fonasa.mindy.cl\/blog\/wp-content\/uploads\/2024\/07\/logo_cuadrado.png\",\"width\":300,\"height\":300,\"caption\":\"Mindy Fonasa Blog\"},\"image\":{\"@id\":\"https:\/\/fonasa.mindy.cl\/blog\/#\/schema\/logo\/image\/\"}},{\"@type\":\"Person\",\"@id\":\"https:\/\/fonasa.mindy.cl\/blog\/#\/schema\/person\/6b2fdf85e03858572a636b7b9ce17d81\",\"name\":\"reinaldo@mindy.cl\",\"url\":\"https:\/\/fonasa.mindy.cl\/blog\/author\/reinaldomindy-cl\/\"}]}<\/script>\n<!-- \/ Yoast SEO plugin. -->","yoast_head_json":{"title":"Conoce la Apnea Obstructiva del Sue\u00f1o en Mujeres!","description":"Conoce los s\u00edntomas de la apnea obstructiva del sue\u00f1o en mujeres y c\u00f3mo detectarla antes de que afecte tu salud f\u00edsica y emocional.","robots":{"index":"index","follow":"follow","max-snippet":"max-snippet:-1","max-image-preview":"max-image-preview:large","max-video-preview":"max-video-preview:-1"},"canonical":"https:\/\/fonasa.mindy.cl\/blog\/apnea-obstructiva-del-sueno-mujeres\/","og_locale":"es_ES","og_type":"article","og_title":"Conoce la Apnea Obstructiva del Sue\u00f1o en Mujeres!","og_description":"Conoce los s\u00edntomas de la apnea obstructiva del sue\u00f1o en mujeres y c\u00f3mo detectarla antes de que afecte tu salud f\u00edsica y emocional.","og_url":"https:\/\/fonasa.mindy.cl\/blog\/apnea-obstructiva-del-sueno-mujeres\/","og_site_name":"Mindy Fonasa Blog","article_published_time":"2025-09-30T22:01:35+00:00","article_modified_time":"2026-03-25T14:54:48+00:00","og_image":[{"width":640,"height":545,"url":"https:\/\/fonasa.mindy.cl\/blog\/wp-content\/uploads\/2025\/09\/pexels-eliannedipp-4666752.jpg","type":"image\/jpeg"}],"author":"reinaldo@mindy.cl","twitter_card":"summary_large_image","twitter_misc":{"Written by":"reinaldo@mindy.cl","Est. reading time":"21 minutos"},"schema":{"@context":"https:\/\/schema.org","@graph":[{"@type":"Article","@id":"https:\/\/fonasa.mindy.cl\/blog\/apnea-obstructiva-del-sueno-mujeres\/#article","isPartOf":{"@id":"https:\/\/fonasa.mindy.cl\/blog\/apnea-obstructiva-del-sueno-mujeres\/"},"author":{"name":"reinaldo@mindy.cl","@id":"https:\/\/fonasa.mindy.cl\/blog\/#\/schema\/person\/6b2fdf85e03858572a636b7b9ce17d81"},"headline":"Conoce la Apnea Obstructiva del Sue\u00f1o en Mujeres!","datePublished":"2025-09-30T22:01:35+00:00","dateModified":"2026-03-25T14:54:48+00:00","mainEntityOfPage":{"@id":"https:\/\/fonasa.mindy.cl\/blog\/apnea-obstructiva-del-sueno-mujeres\/"},"wordCount":4871,"publisher":{"@id":"https:\/\/fonasa.mindy.cl\/blog\/#organization"},"image":{"@id":"https:\/\/fonasa.mindy.cl\/blog\/apnea-obstructiva-del-sueno-mujeres\/#primaryimage"},"thumbnailUrl":"https:\/\/fonasa.mindy.cl\/blog\/wp-content\/uploads\/2025\/09\/pexels-eliannedipp-4666752.jpg","articleSection":["Psic\u00f3logos Fonasa","Trastornos de sue\u00f1o"],"inLanguage":"es-CL"},{"@type":"WebPage","@id":"https:\/\/fonasa.mindy.cl\/blog\/apnea-obstructiva-del-sueno-mujeres\/","url":"https:\/\/fonasa.mindy.cl\/blog\/apnea-obstructiva-del-sueno-mujeres\/","name":"Conoce la Apnea Obstructiva del Sue\u00f1o en Mujeres!","isPartOf":{"@id":"https:\/\/fonasa.mindy.cl\/blog\/#website"},"primaryImageOfPage":{"@id":"https:\/\/fonasa.mindy.cl\/blog\/apnea-obstructiva-del-sueno-mujeres\/#primaryimage"},"image":{"@id":"https:\/\/fonasa.mindy.cl\/blog\/apnea-obstructiva-del-sueno-mujeres\/#primaryimage"},"thumbnailUrl":"https:\/\/fonasa.mindy.cl\/blog\/wp-content\/uploads\/2025\/09\/pexels-eliannedipp-4666752.jpg","datePublished":"2025-09-30T22:01:35+00:00","dateModified":"2026-03-25T14:54:48+00:00","description":"Conoce los s\u00edntomas de la apnea obstructiva del sue\u00f1o en mujeres y c\u00f3mo detectarla antes de que afecte tu salud f\u00edsica y emocional.","breadcrumb":{"@id":"https:\/\/fonasa.mindy.cl\/blog\/apnea-obstructiva-del-sueno-mujeres\/#breadcrumb"},"inLanguage":"es-CL","potentialAction":[{"@type":"ReadAction","target":["https:\/\/fonasa.mindy.cl\/blog\/apnea-obstructiva-del-sueno-mujeres\/"]}]},{"@type":"ImageObject","inLanguage":"es-CL","@id":"https:\/\/fonasa.mindy.cl\/blog\/apnea-obstructiva-del-sueno-mujeres\/#primaryimage","url":"https:\/\/fonasa.mindy.cl\/blog\/wp-content\/uploads\/2025\/09\/pexels-eliannedipp-4666752.jpg","contentUrl":"https:\/\/fonasa.mindy.cl\/blog\/wp-content\/uploads\/2025\/09\/pexels-eliannedipp-4666752.jpg","width":640,"height":545,"caption":"apnea obstructiva del sue\u00f1o"},{"@type":"BreadcrumbList","@id":"https:\/\/fonasa.mindy.cl\/blog\/apnea-obstructiva-del-sueno-mujeres\/#breadcrumb","itemListElement":[{"@type":"ListItem","position":1,"name":"Home","item":"https:\/\/fonasa.mindy.cl\/blog\/"},{"@type":"ListItem","position":2,"name":"Conoce la Apnea Obstructiva del Sue\u00f1o en Mujeres!"}]},{"@type":"WebSite","@id":"https:\/\/fonasa.mindy.cl\/blog\/#website","url":"https:\/\/fonasa.mindy.cl\/blog\/","name":"Mindy Fonasa Blog","description":"Un blog de salud mental","publisher":{"@id":"https:\/\/fonasa.mindy.cl\/blog\/#organization"},"potentialAction":[{"@type":"SearchAction","target":{"@type":"EntryPoint","urlTemplate":"https:\/\/fonasa.mindy.cl\/blog\/?s={search_term_string}"},"query-input":"required name=search_term_string"}],"inLanguage":"es-CL"},{"@type":"Organization","@id":"https:\/\/fonasa.mindy.cl\/blog\/#organization","name":"Mindy Fonasa Blog","url":"https:\/\/fonasa.mindy.cl\/blog\/","logo":{"@type":"ImageObject","inLanguage":"es-CL","@id":"https:\/\/fonasa.mindy.cl\/blog\/#\/schema\/logo\/image\/","url":"https:\/\/fonasa.mindy.cl\/blog\/wp-content\/uploads\/2024\/07\/logo_cuadrado.png","contentUrl":"https:\/\/fonasa.mindy.cl\/blog\/wp-content\/uploads\/2024\/07\/logo_cuadrado.png","width":300,"height":300,"caption":"Mindy Fonasa Blog"},"image":{"@id":"https:\/\/fonasa.mindy.cl\/blog\/#\/schema\/logo\/image\/"}},{"@type":"Person","@id":"https:\/\/fonasa.mindy.cl\/blog\/#\/schema\/person\/6b2fdf85e03858572a636b7b9ce17d81","name":"reinaldo@mindy.cl","url":"https:\/\/fonasa.mindy.cl\/blog\/author\/reinaldomindy-cl\/"}]}},"_links":{"self":[{"href":"https:\/\/fonasa.mindy.cl\/blog\/wp-json\/wp\/v2\/posts\/694"}],"collection":[{"href":"https:\/\/fonasa.mindy.cl\/blog\/wp-json\/wp\/v2\/posts"}],"about":[{"href":"https:\/\/fonasa.mindy.cl\/blog\/wp-json\/wp\/v2\/types\/post"}],"author":[{"embeddable":true,"href":"https:\/\/fonasa.mindy.cl\/blog\/wp-json\/wp\/v2\/users\/2"}],"replies":[{"embeddable":true,"href":"https:\/\/fonasa.mindy.cl\/blog\/wp-json\/wp\/v2\/comments?post=694"}],"version-history":[{"count":6,"href":"https:\/\/fonasa.mindy.cl\/blog\/wp-json\/wp\/v2\/posts\/694\/revisions"}],"predecessor-version":[{"id":1746,"href":"https:\/\/fonasa.mindy.cl\/blog\/wp-json\/wp\/v2\/posts\/694\/revisions\/1746"}],"wp:featuredmedia":[{"embeddable":true,"href":"https:\/\/fonasa.mindy.cl\/blog\/wp-json\/wp\/v2\/media\/1186"}],"wp:attachment":[{"href":"https:\/\/fonasa.mindy.cl\/blog\/wp-json\/wp\/v2\/media?parent=694"}],"wp:term":[{"taxonomy":"category","embeddable":true,"href":"https:\/\/fonasa.mindy.cl\/blog\/wp-json\/wp\/v2\/categories?post=694"},{"taxonomy":"post_tag","embeddable":true,"href":"https:\/\/fonasa.mindy.cl\/blog\/wp-json\/wp\/v2\/tags?post=694"}],"curies":[{"name":"wp","href":"https:\/\/api.w.org\/{rel}","templated":true}]}}