{"id":692,"date":"2025-09-30T18:56:54","date_gmt":"2025-09-30T21:56:54","guid":{"rendered":"https:\/\/fonasa.mindy.cl\/blog\/?p=692"},"modified":"2026-03-25T10:32:53","modified_gmt":"2026-03-25T13:32:53","slug":"mayor-depresion","status":"publish","type":"post","link":"https:\/\/fonasa.mindy.cl\/blog\/mayor-depresion\/","title":{"rendered":"Mayor depresi\u00f3n: s\u00edntomas, insomnio y tratamiento"},"content":{"rendered":"\n<p><strong>Cuando tienes Mayor Depresi\u00f3n, surgen problemas para dormir.<\/strong> \u00bfLlevas semanas sin poder dormir bien? \u00bfTe acuestas cansado pero no logras conciliar el sue\u00f1o, o te despiertas antes de lo esperado sin poder volver a dormir? Estos problemas podr\u00edan ser m\u00e1s que un simple mal dormir: podr\u00edan estar relacionados con una <strong>mayor depresi\u00f3n<\/strong>.<\/p>\n\n\n\n<p>La <strong>mayor depresi\u00f3n<\/strong>, tambi\u00e9n conocida como <strong>trastorno depresivo mayor<\/strong>, es una condici\u00f3n de salud mental que va mucho m\u00e1s all\u00e1 de sentirse triste. Afecta c\u00f3mo piensas, sientes, duermes y enfrentas la vida cotidiana. Y uno de sus s\u00edntomas m\u00e1s frecuentes \u2014y a menudo m\u00e1s debilitantes\u2014 es el <strong>insomnio<\/strong>.<\/p>\n\n\n\n<p>En este art\u00edculo encontrar\u00e1s una gu\u00eda completa y clara sobre c\u00f3mo se relacionan la <strong>depresi\u00f3n mayor<\/strong> y el <strong>insomnio<\/strong>, por qu\u00e9 este s\u00edntoma no debe pasarse por alto, y qu\u00e9 estrategias existen para tratar ambos de manera conjunta. Si sientes que tu descanso est\u00e1 roto y tu \u00e1nimo cada vez m\u00e1s bajo, este contenido puede darte respuestas y un camino hacia el bienestar.<\/p>\n\n\n\n<h2 class=\"wp-block-heading has-text-align-left has-x-large-font-size\">\u00bfQu\u00e9 es la <em>mayor depresi\u00f3n<\/em>?<\/h2>\n\n\n\n<p>La <strong>mayor o <a href=\"https:\/\/fonasa.mindy.cl\/blog\/severa-depresion\/\">severa depresi\u00f3n<\/a><\/strong>, tambi\u00e9n conocida como <strong>trastorno depresivo mayor<\/strong>, es una de las condiciones de salud mental m\u00e1s comunes y al mismo tiempo m\u00e1s malinterpretadas. No se trata de \u201cestar triste\u201d por unos d\u00edas ni de tener una racha de des\u00e1nimo pasajero. Es un trastorno serio que afecta de manera profunda c\u00f3mo piensas, c\u00f3mo sientes y c\u00f3mo act\u00faas. <sup><strong><a href=\"https:\/\/es.wikipedia.org\/wiki\/Trastorno_depresivo_mayor\">1<\/a><\/strong><\/sup><\/p>\n\n\n\n<p>Este tipo de depresi\u00f3n se caracteriza por la presencia de <strong><a href=\"https:\/\/fonasa.mindy.cl\/blog\/trastorno-bipolar-tipo-ii-2\/\">s\u00edntomas intensos y persistentes<\/a><\/strong>, que se mantienen durante al menos dos semanas seguidas e interfieren con tu capacidad de funcionar en la vida cotidiana. Puede alterar desde tu energ\u00eda y concentraci\u00f3n hasta tu apetito, sue\u00f1o y autoestima.<\/p>\n\n\n\n<h3 class=\"wp-block-heading has-large-font-size\">No es flojera, ni exageraci\u00f3n: es una condici\u00f3n real<\/h3>\n\n\n\n<p>La <em>mayor depresi\u00f3n<\/em> puede aparecer sin una causa evidente o como respuesta a situaciones dif\u00edciles como una p\u00e9rdida, una ruptura o un cambio importante. Pero m\u00e1s all\u00e1 del origen, su impacto es real y puede afectar todos los aspectos de tu vida: relaciones personales, desempe\u00f1o laboral, salud f\u00edsica e incluso tu motivaci\u00f3n para seguir adelante.<\/p>\n\n\n\n<p>A veces, la persona afectada no se da cuenta de que est\u00e1 atravesando una depresi\u00f3n mayor. Es com\u00fan escuchar frases como \u201csolo estoy cansado\u201d, \u201cse me va a pasar\u201d o \u201cno tengo razones para sentirme as\u00ed\u201d, lo que puede retrasar el diagn\u00f3stico y el tratamiento.<\/p>\n\n\n\n<h3 class=\"wp-block-heading has-large-font-size\">\u00bfC\u00f3mo se diferencia de otras formas de depresi\u00f3n?<\/h3>\n\n\n\n<p>Lo que distingue a la <strong>mayor depresi\u00f3n<\/strong> es su <strong>intensidad<\/strong> y su <strong>persistencia<\/strong>. No desaparece con descanso ni con distracciones. No mejora con el tiempo si no se trata. Y sus s\u00edntomas, como el <strong>insomnio<\/strong>, la <strong>apat\u00eda<\/strong>, la <strong>culpa excesiva<\/strong> o los <strong>pensamientos negativos constantes<\/strong>, pueden volverse debilitantes si no se abordan adecuadamente.<\/p>\n\n\n\n<p>Adem\u00e1s, esta condici\u00f3n puede presentarse una vez en la vida o repetirse en forma de <strong><a href=\"https:\/\/fonasa.mindy.cl\/blog\/episodio-maniaco-sintomas\/\">episodios depresivos recurrentes<\/a><\/strong>, lo que refuerza la importancia de un tratamiento profesional temprano.<\/p>\n\n\n\n<p>En las pr\u00f3ximas secciones profundizaremos en los s\u00edntomas m\u00e1s caracter\u00edsticos, con especial atenci\u00f3n al <strong>insomnio<\/strong>, que es uno de los signos m\u00e1s comunes y a menudo el primero en aparecer. Porque dormir mal no es solo una consecuencia de la depresi\u00f3n: muchas veces, es una se\u00f1al de alerta silenciosa.<\/p>\n\n\n\n<h2 class=\"wp-block-heading has-x-large-font-size\">S\u00edntomas comunes de la <em>mayor depresi\u00f3n<\/em><\/h2>\n\n\n\n<figure class=\"wp-block-image alignwide size-full\"><img loading=\"lazy\" decoding=\"async\" width=\"640\" height=\"427\" src=\"https:\/\/fonasa.mindy.cl\/blog\/wp-content\/uploads\/2025\/12\/pexels-ron-lach-8527650.jpg\" alt=\"Mayor depresi\u00f3n\" class=\"wp-image-1225\"\/><\/figure>\n\n\n\n<p>La <strong>mayor depresi\u00f3n<\/strong> no siempre se ve como uno la imagina. No todas las personas se encierran a llorar o expresan abiertamente su tristeza. A veces, la depresi\u00f3n se manifiesta en el cuerpo, en los h\u00e1bitos diarios o en una desconexi\u00f3n profunda con uno mismo y con el entorno.<\/p>\n\n\n\n<p>Para recibir un diagn\u00f3stico de <strong><a href=\"https:\/\/fonasa.mindy.cl\/blog\/trastorno-depresivo-persistente\/\">trastorno depresivo persistente<\/a><\/strong>, los s\u00edntomas deben estar presentes la mayor parte del d\u00eda, casi todos los d\u00edas, durante al menos dos semanas. A continuaci\u00f3n, te explicamos los m\u00e1s comunes:<\/p>\n\n\n\n<h3 class=\"wp-block-heading has-large-font-size\">Cambios emocionales<\/h3>\n\n\n\n<ul>\n<li><strong>Tristeza profunda y persistente<\/strong>, que no se alivia con distracciones.<\/li>\n\n\n\n<li><strong>P\u00e9rdida de inter\u00e9s o placer<\/strong> en actividades que antes disfrutabas (anhedonia).<\/li>\n\n\n\n<li><strong>Sentimientos de vac\u00edo, desesperanza o inutilidad<\/strong>.<\/li>\n\n\n\n<li><strong>Irritabilidad o frustraci\u00f3n<\/strong>, incluso por cosas peque\u00f1as.<\/li>\n\n\n\n<li>Dificultad para experimentar emociones positivas.<\/li>\n<\/ul>\n\n\n\n<h2 class=\"wp-block-heading has-large-font-size\">Cambios f\u00edsicos y del comportamiento<\/h2>\n\n\n\n<ul>\n<li><strong>Fatiga o p\u00e9rdida de energ\u00eda<\/strong>, incluso despu\u00e9s de descansar.<\/li>\n\n\n\n<li><strong>Cambios en el apetito<\/strong>: comer mucho menos o mucho m\u00e1s de lo habitual.<\/li>\n\n\n\n<li><strong>Dolores f\u00edsicos sin causa aparente<\/strong> (de cabeza, musculares, digestivos).<\/li>\n\n\n\n<li><strong>Aislamiento social<\/strong>, evitaci\u00f3n de personas o actividades.<\/li>\n<\/ul>\n\n\n\n<h4 class=\"wp-block-heading has-medium-font-size\">Alteraciones del sue\u00f1o: cuando el descanso se vuelve imposible<\/h4>\n\n\n\n<p>Uno de los s\u00edntomas m\u00e1s frecuentes y disruptivos de la <strong>mayor depresi\u00f3n<\/strong> es el <strong>insomnio<\/strong>. Esto puede manifestarse de diferentes formas:<\/p>\n\n\n\n<figure class=\"wp-block-table\"><table><thead><tr><th><strong>Tipo de insomnio<\/strong><\/th><th><strong>C\u00f3mo se presenta<\/strong><\/th><\/tr><\/thead><tbody><tr><td>Insomnio de conciliaci\u00f3n<\/td><td>Te cuesta dormirte, das vueltas en la cama por horas.<\/td><\/tr><tr><td>Insomnio de mantenimiento<\/td><td>Te despiertas varias veces durante la noche.<\/td><\/tr><tr><td>Despertar precoz<\/td><td>Abres los ojos muy temprano y ya no puedes volver a dormir.<\/td><\/tr><\/tbody><\/table><\/figure>\n\n\n\n<p>Aunque tambi\u00e9n puede darse lo contrario (hipersomnia o sue\u00f1o excesivo), el <strong>insomnio cr\u00f3nico es una de las se\u00f1ales m\u00e1s claras de depresi\u00f3n<\/strong>. No dormir bien agrava el estado de \u00e1nimo, reduce la concentraci\u00f3n y puede aumentar la ansiedad, formando un c\u00edrculo dif\u00edcil de romper.<\/p>\n\n\n\n<h4 class=\"wp-block-heading has-medium-font-size\">Cambios en la concentraci\u00f3n y el pensamiento<\/h4>\n\n\n\n<ul>\n<li><strong>Dificultad para concentrarse<\/strong>, leer, trabajar o tomar decisiones simples.<\/li>\n\n\n\n<li><strong>Pensamientos negativos repetitivos<\/strong>, autorreproches constantes.<\/li>\n\n\n\n<li>En casos graves, <strong>pensamientos suicidas<\/strong> o de autolesi\u00f3n.<\/li>\n<\/ul>\n\n\n\n<p>Reconocer estos s\u00edntomas no significa que debas autodiagnosticarte. Pero si te identificas con varios de ellos \u2014especialmente si el <strong>insomnio<\/strong> se ha vuelto parte de tu rutina\u2014, es una se\u00f1al de que tu salud mental necesita atenci\u00f3n. En el pr\u00f3ximo bloque veremos con m\u00e1s detalle c\u00f3mo el insomnio se vincula con la depresi\u00f3n y por qu\u00e9 es mucho m\u00e1s que un problema de sue\u00f1o.<\/p>\n\n\n\n<h2 class=\"wp-block-heading has-x-large-font-size\">Insomnio: uno de los s\u00edntomas m\u00e1s frecuentes de la <em>mayor depresi\u00f3n<\/em><\/h2>\n\n\n\n<p>Dormir mal no siempre se toma en serio. Muchas veces se asocia con estr\u00e9s, preocupaciones puntuales o malos h\u00e1bitos. Pero cuando el <strong>insomnio<\/strong> se vuelve persistente y empieza a afectar tu d\u00eda a d\u00eda, puede ser un indicio de algo m\u00e1s profundo: una <strong>mayor depresi\u00f3n<\/strong>.<\/p>\n\n\n\n<p>De hecho, el insomnio no solo es uno de los s\u00edntomas m\u00e1s comunes del <strong>trastorno depresivo mayor<\/strong>, sino que tambi\u00e9n puede ser el <strong>primer signo en aparecer<\/strong> y uno de los m\u00e1s dif\u00edciles de controlar si no se trata correctamente.<\/p>\n\n\n\n<h3 class=\"wp-block-heading has-large-font-size\">\u00bfC\u00f3mo se manifiesta el insomnio en la depresi\u00f3n?<\/h3>\n\n\n\n<p>Las personas que atraviesan una depresi\u00f3n mayor suelen presentar distintos tipos de alteraciones del sue\u00f1o, cada una con consecuencias distintas:<\/p>\n\n\n\n<ul>\n<li><strong>Te cuesta conciliar el sue\u00f1o<\/strong>: das vueltas en la cama, tu mente no para, repites pensamientos negativos.<\/li>\n\n\n\n<li><strong>Te despiertas varias veces durante la noche<\/strong>, y cada vez es m\u00e1s dif\u00edcil volver a dormir.<\/li>\n\n\n\n<li><strong>Te levantas muy temprano<\/strong>, mucho antes de lo necesario, y ya no puedes volver a descansar.<\/li>\n\n\n\n<li>Aun cuando logras dormir, <strong>no te sientes descansado<\/strong>: despiertas con fatiga, como si no hubieras dormido nada.<\/li>\n<\/ul>\n\n\n\n<p>Este tipo de insomnio no mejora con soluciones r\u00e1pidas ni con trucos caseros. Est\u00e1 profundamente vinculado al funcionamiento emocional y cerebral que se ve alterado en la <strong>depresi\u00f3n mayor<\/strong>.<\/p>\n\n\n\n<h3 class=\"wp-block-heading has-large-font-size\">\u00bfPor qu\u00e9 ocurre este v\u00ednculo entre insomnio y la mayor depresi\u00f3n?<\/h3>\n\n\n\n<p>El sue\u00f1o es una funci\u00f3n altamente sensible al estado emocional. En la <strong>mayor depresi\u00f3n<\/strong>, los sistemas neuroqu\u00edmicos que regulan el \u00e1nimo tambi\u00e9n afectan el ciclo del sue\u00f1o, lo que genera:<\/p>\n\n\n\n<ul>\n<li>Aumento de la <strong>actividad cerebral nocturna<\/strong> (rumiaci\u00f3n, ansiedad, hiperalerta).<\/li>\n\n\n\n<li><strong>Alteraci\u00f3n de los ritmos circadianos<\/strong>, que desorganiza los horarios de sue\u00f1o y vigilia.<\/li>\n\n\n\n<li>Cambios en la producci\u00f3n de <strong>melatonina<\/strong>, serotonina y otros neurotransmisores clave.<\/li>\n<\/ul>\n\n\n\n<p>Por eso, el insomnio en contextos depresivos no es solo una molestia: es parte del cuadro cl\u00ednico, y puede convertirse en un <strong>factor que agrava la depresi\u00f3n<\/strong> si no se trata.<\/p>\n\n\n\n<h3 class=\"wp-block-heading has-large-font-size\">\u00bfC\u00f3mo impacta el insomnio en tu salud mental?<\/h3>\n\n\n\n<p>Dormir mal de forma constante debilita tu sistema nervioso, aumenta la irritabilidad, disminuye la tolerancia al estr\u00e9s y afecta tu concentraci\u00f3n y memoria. En una persona con depresi\u00f3n, esto puede:<\/p>\n\n\n\n<ul>\n<li>Intensificar el cansancio y la sensaci\u00f3n de inutilidad.<\/li>\n\n\n\n<li>Reducir a\u00fan m\u00e1s la motivaci\u00f3n.<\/li>\n\n\n\n<li>Aumentar el riesgo de <strong>reca\u00eddas<\/strong> o cronificaci\u00f3n del cuadro depresivo.<\/li>\n<\/ul>\n\n\n\n<p>El insomnio no es un simple s\u00edntoma secundario. Es una <strong>alarma del cuerpo y la mente<\/strong>, que indica que algo necesita atenci\u00f3n. Y en el contexto de una <strong>mayor depresi\u00f3n<\/strong>, debe abordarse como parte central del tratamiento.<\/p>\n\n\n\n<h3 class=\"wp-block-heading has-large-font-size\">Relaci\u00f3n entre <em>mayor depresi\u00f3n<\/em> e insomnio<\/h3>\n\n\n\n<p>La conexi\u00f3n entre <strong>mayor depresi\u00f3n<\/strong> e <strong>insomnio<\/strong> no es casual ni superficial. Conlleva a un estado de <strong><a href=\"https:\/\/fonasa.mindy.cl\/blog\/depresion-cronica-entendiendo-la-distimia-y-superando-la-tristeza-persistente\/\">depresi\u00f3n cr\u00f3nica<\/a><\/strong>. De hecho, muchos estudios cl\u00ednicos han demostrado que existe una <strong>relaci\u00f3n bidireccional<\/strong> entre ambos: el insomnio puede ser un s\u00edntoma de la depresi\u00f3n, pero tambi\u00e9n puede actuar como un <strong>factor desencadenante<\/strong> o <strong>agravante<\/strong> del trastorno.<\/p>\n\n\n\n<p>En otras palabras, <strong>dormir mal puede llevarte a sentirte m\u00e1s deprimido<\/strong>, y a la vez, estar deprimido puede hacerte dormir peor. Esta interacci\u00f3n constante crea un <strong>c\u00edrculo vicioso dif\u00edcil de romper<\/strong> si no se interviene adecuadamente.<\/p>\n\n\n\n<h4 class=\"wp-block-heading has-medium-font-size\">\u00bfQu\u00e9 ocurre primero: la depresi\u00f3n o el insomnio?<\/h4>\n\n\n\n<p>No siempre hay una respuesta \u00fanica. En algunos casos, el insomnio aparece <strong>antes<\/strong> que los dem\u00e1s s\u00edntomas depresivos, actuando como una se\u00f1al temprana. En otros, el trastorno del sue\u00f1o surge <strong>como consecuencia directa<\/strong> de un episodio depresivo.<\/p>\n\n\n\n<p>Sea cual sea el orden, lo importante es entender que el <strong>insomnio y la depresi\u00f3n se potencian mutuamente<\/strong>, generando:<\/p>\n\n\n\n<ul>\n<li>Mayor dificultad para regular las emociones.<\/li>\n\n\n\n<li>Aumento del cansancio f\u00edsico y mental.<\/li>\n\n\n\n<li>Reducci\u00f3n de la tolerancia a la frustraci\u00f3n.<\/li>\n\n\n\n<li>Dificultades para concentrarse, tomar decisiones o enfrentar el d\u00eda a d\u00eda.<\/li>\n<\/ul>\n\n\n\n<h4 class=\"wp-block-heading has-large-font-size\">\u00bfPor qu\u00e9 el insomnio empeora la depresi\u00f3n?<\/h4>\n\n\n\n<p>Dormir es una funci\u00f3n reparadora esencial para el equilibrio psicol\u00f3gico. Cuando no descansamos bien, el sistema nervioso entra en un estado de <strong>hiperactivaci\u00f3n prolongada<\/strong>, lo que impide que el cerebro procese las emociones de forma saludable. Esto puede hacer que los s\u00edntomas depresivos se:<\/p>\n\n\n\n<ul>\n<li>Vuelvan m\u00e1s intensos y persistentes.<\/li>\n\n\n\n<li>Expresen con mayor irritabilidad o ansiedad.<\/li>\n\n\n\n<li>Transformen en desesperanza o pensamientos negativos m\u00e1s r\u00edgidos.<\/li>\n<\/ul>\n\n\n\n<p>Adem\u00e1s, el insomnio cr\u00f3nico puede disminuir la <strong>respuesta al tratamiento<\/strong> antidepresivo, lo que hace m\u00e1s dif\u00edcil la recuperaci\u00f3n si no se trata en paralelo.<\/p>\n\n\n\n<h4 class=\"wp-block-heading has-medium-font-size\">\u00bfY si solo se trata la depresi\u00f3n?<\/h4>\n\n\n\n<p>Una de las creencias m\u00e1s comunes \u2014y peligrosas\u2014 es que al tratar la depresi\u00f3n con medicamentos o terapia, el insomnio desaparecer\u00e1 por s\u00ed solo. Si bien eso puede ocurrir en algunos casos, muchos estudios muestran que el <strong>insomnio persiste en m\u00e1s del 40% de los pacientes<\/strong>, incluso despu\u00e9s de una mejora general de los s\u00edntomas depresivos.<\/p>\n\n\n\n<p>Por eso, los enfoques m\u00e1s efectivos son aquellos que <strong>abordan ambos problemas a la vez<\/strong>, combinando intervenciones m\u00e9dicas, psicol\u00f3gicas y conductuales.<\/p>\n\n\n\n<p>La relaci\u00f3n entre <strong>mayor depresi\u00f3n<\/strong> e <strong>insomnio<\/strong> es profunda y rec\u00edproca. No se trata de dos s\u00edntomas aislados, sino de una <strong>interacci\u00f3n que afecta la recuperaci\u00f3n y la calidad de vida<\/strong>. En el siguiente bloque veremos c\u00f3mo romper este ciclo a trav\u00e9s de un tratamiento integral y coordinado.<\/p>\n\n\n\n<h3 class=\"wp-block-heading has-text-align-left has-large-font-size\">Ciclo insomnio\u2013depresi\u00f3n: c\u00f3mo se retroalimentan<\/h3>\n\n\n\n<figure class=\"wp-block-image alignwide size-full\"><img loading=\"lazy\" decoding=\"async\" width=\"640\" height=\"453\" src=\"https:\/\/fonasa.mindy.cl\/blog\/wp-content\/uploads\/2025\/12\/chains-433538_640-1.jpg\" alt=\"Mayor depresi\u00f3n\" class=\"wp-image-1226\"\/><\/figure>\n\n\n\n<p>Una de las mayores dificultades al enfrentar la <strong>mayor depresi\u00f3n<\/strong> es que no se trata solo de un conjunto de s\u00edntomas aislados, sino de <strong>procesos que se influyen entre s\u00ed<\/strong>. El m\u00e1s com\u00fan \u2014y uno de los m\u00e1s desgastantes\u2014 es el ciclo entre <strong>insomnio y depresi\u00f3n<\/strong>: cuanto menos duermes, peor te sientes; y cuanto peor te sientes, m\u00e1s dif\u00edcil es dormir.<\/p>\n\n\n\n<h4 class=\"wp-block-heading has-medium-font-size\">\u00bfC\u00f3mo se instala este ciclo?<\/h4>\n\n\n\n<p>Todo puede comenzar por una mala noche. Pero si se repite, el cuerpo empieza a generar un <strong>estado de alerta constante<\/strong>. A esto se suman pensamientos como:<\/p>\n\n\n\n<ul>\n<li>\u201cNo voy a poder dormir otra vez.\u201d<\/li>\n\n\n\n<li>\u201cSi no duermo, ma\u00f1ana estar\u00e9 fatal.\u201d<\/li>\n\n\n\n<li>\u201cAlgo debe estar mal en m\u00ed.\u201d<\/li>\n<\/ul>\n\n\n\n<p>Estos pensamientos generan <strong>ansiedad anticipatoria<\/strong>, que impide conciliar el sue\u00f1o, y alimentan la <strong>sensaci\u00f3n de fracaso o desesperanza<\/strong> t\u00edpica de la depresi\u00f3n.<\/p>\n\n\n\n<p>Al mismo tiempo, la falta de descanso:<\/p>\n\n\n\n<ul>\n<li>Reduce la capacidad de autorregular emociones.<\/li>\n\n\n\n<li>Aumenta la irritabilidad, el llanto f\u00e1cil y la fatiga.<\/li>\n\n\n\n<li>Disminuye la motivaci\u00f3n para hacer actividades que podr\u00edan ayudarte a mejorar el \u00e1nimo.<\/li>\n<\/ul>\n\n\n\n<p>Este bucle puede durar semanas, meses o incluso a\u00f1os si no se rompe con una intervenci\u00f3n adecuada.<\/p>\n\n\n\n<h4 class=\"wp-block-heading has-medium-font-size\">El impacto a largo plazo de la mayor depresi\u00f3n<\/h4>\n\n\n\n<p>Cuando este ciclo se mantiene en el tiempo, puede dar lugar a:<\/p>\n\n\n\n<figure class=\"wp-block-table\"><table><thead><tr><th><strong>Consecuencia<\/strong><\/th><th><strong>C\u00f3mo se manifiesta<\/strong><\/th><\/tr><\/thead><tbody><tr><td>Mayor gravedad del episodio depresivo<\/td><td>S\u00edntomas m\u00e1s intensos y prolongados.<\/td><\/tr><tr><td>Resistencia al tratamiento<\/td><td>Menor respuesta a psicoterapia o f\u00e1rmacos.<\/td><\/tr><tr><td>Mayor riesgo de reca\u00eddas<\/td><td>Aunque mejores, el insomnio puede hacer que vuelvas a caer.<\/td><\/tr><tr><td>Aislamiento social<\/td><td>Menor energ\u00eda y mayor irritabilidad dificultan la vida en comunidad.<\/td><\/tr><tr><td>Riesgo de cronificaci\u00f3n<\/td><td>La depresi\u00f3n se vuelve parte del funcionamiento cotidiano.<\/td><\/tr><\/tbody><\/table><\/figure>\n\n\n\n<p>Romper este ciclo es clave para lograr una recuperaci\u00f3n real. Pero no se trata solo de \u201cdormir m\u00e1s\u201d o \u201cpensar positivo\u201d: se necesita una estrategia terap\u00e9utica que <strong>intervenga en ambos frentes al mismo tiempo<\/strong>.<\/p>\n\n\n\n<p>En el pr\u00f3ximo bloque veremos c\u00f3mo abordar ese tratamiento de forma integral, combinando medicaci\u00f3n, psicoterapia y cambios en los h\u00e1bitos de vida para mejorar tanto el \u00e1nimo como el sue\u00f1o.Tratamiento integral para la <em>mayor depresi\u00f3n<\/em> con insomnio<\/p>\n\n\n\n<p>Cuando la <strong>mayor depresi\u00f3n<\/strong> y el <strong>insomnio<\/strong> conviven, el tratamiento no puede enfocarse solo en uno de los dos aspectos. Abordarlos por separado suele ser insuficiente. Lo m\u00e1s efectivo es dise\u00f1ar una <strong>estrategia terap\u00e9utica integral<\/strong>, que combine intervenci\u00f3n m\u00e9dica, psicoterapia y cambios en el estilo de vida.<\/p>\n\n\n\n<h3 class=\"wp-block-heading has-large-font-size\">Medicaci\u00f3n: estabilizar el \u00e1nimo y mejorar el sue\u00f1o<\/h3>\n\n\n\n<p>La medicaci\u00f3n puede ser una herramienta muy \u00fatil, especialmente cuando los s\u00edntomas son severos o est\u00e1n afectando gravemente tu funcionamiento. El tratamiento puede incluir:<\/p>\n\n\n\n<ul>\n<li><strong>Antidepresivos<\/strong>: como los inhibidores selectivos de recaptaci\u00f3n de serotonina (ISRS), que ayudan a aliviar el \u00e1nimo bajo. Algunos tienen efectos secundarios que empeoran el sue\u00f1o, por lo que deben elegirse con cuidado.<\/li>\n\n\n\n<li><strong>F\u00e1rmacos espec\u00edficos para el insomnio<\/strong>: en algunos casos, se utilizan medicamentos hipn\u00f3ticos o antidepresivos con propiedades sedantes, siempre bajo supervisi\u00f3n m\u00e9dica.<\/li>\n\n\n\n<li><strong>Tratamiento combinado<\/strong>: muchas veces se usan ambos tipos de f\u00e1rmacos en paralelo, ajustando la dosis y duraci\u00f3n seg\u00fan la evoluci\u00f3n del paciente.<\/li>\n<\/ul>\n\n\n\n<blockquote class=\"wp-block-quote is-layout-flow wp-block-quote-is-layout-flow\">\n<p>Importante: la automedicaci\u00f3n o el uso prolongado de pastillas para dormir sin control profesional puede empeorar el problema a largo plazo.<\/p>\n<\/blockquote>\n\n\n\n<h2 class=\"wp-block-heading has-large-font-size\">Psicoterapia: entender, regular, reconstruir<\/h2>\n\n\n\n<p>La terapia psicol\u00f3gica es una herramienta esencial para el tratamiento de la <strong>depresi\u00f3n mayor con insomnio<\/strong>. Algunos enfoques especialmente eficaces incluyen:<\/p>\n\n\n\n<ul>\n<li><strong>Terapia cognitivo-conductual (TCC)<\/strong>: ayuda a identificar pensamientos disfuncionales que alimentan la depresi\u00f3n y el insomnio, y los reemplaza por alternativas m\u00e1s saludables.<\/li>\n\n\n\n<li><strong>Terapia cognitivo-conductual para el insomnio (TCC-I)<\/strong>: intervenci\u00f3n especializada que ense\u00f1a t\u00e9cnicas para manejar la ansiedad nocturna, reentrenar al cuerpo en los horarios de sue\u00f1o y establecer h\u00e1bitos consistentes.<\/li>\n\n\n\n<li><strong>Terapia interpersonal o de activaci\u00f3n conductual<\/strong>: puede ayudar a reconstruir rutinas, relaciones y actividades placenteras que refuercen el bienestar emocional.<\/li>\n<\/ul>\n\n\n\n<p>Estas terapias no solo mejoran los s\u00edntomas, sino que ense\u00f1an herramientas duraderas para prevenir reca\u00eddas.<\/p>\n\n\n\n<h3 class=\"wp-block-heading has-large-font-size\">Cambios en el estilo de vida: el factor olvidado<\/h3>\n\n\n\n<p>Muchas veces se subestima el poder de los peque\u00f1os cambios. Si vives con <strong>mayor depresi\u00f3n e insomnio<\/strong>, integrar h\u00e1bitos saludables puede hacer una diferencia real. Algunos pilares del autocuidado son:<\/p>\n\n\n\n<ul>\n<li>Establecer una <strong>rutina diaria estructurada<\/strong>.<\/li>\n\n\n\n<li>Evitar el uso de pantallas antes de dormir.<\/li>\n\n\n\n<li>Limitar cafe\u00edna, alcohol y comidas pesadas por la noche.<\/li>\n\n\n\n<li>Hacer ejercicio moderado (preferentemente durante el d\u00eda).<\/li>\n\n\n\n<li>Crear un ambiente de descanso c\u00f3modo y libre de est\u00edmulos.<\/li>\n<\/ul>\n\n\n\n<p>No son \u201csoluciones m\u00e1gicas\u201d, pero s\u00ed componentes fundamentales del tratamiento global.<\/p>\n\n\n\n<p>Tratar la <strong>mayor depresi\u00f3n con insomnio<\/strong> no se resuelve con una sola receta. Es un proceso que requiere tiempo, paciencia y el acompa\u00f1amiento de profesionales capacitados. Pero con un enfoque adecuado, es posible recuperar el descanso, la energ\u00eda y el equilibrio emocional.<\/p>\n\n\n\n<h3 class=\"wp-block-heading has-large-font-size\">Higiene del sue\u00f1o y h\u00e1bitos saludables<\/h3>\n\n\n\n<p>Cuando vives con <strong>mayor depresi\u00f3n<\/strong>, el <strong>insomnio<\/strong> puede volverse parte de tu rutina sin que te des cuenta. Cada noche parece un reto, y cada d\u00eda comienza con m\u00e1s cansancio que el anterior. Por eso, una de las formas m\u00e1s efectivas de complementar el tratamiento m\u00e9dico y psicol\u00f3gico es implementar <strong>h\u00e1bitos que favorezcan un descanso reparador<\/strong>.<\/p>\n\n\n\n<p>Esto se conoce como <strong>higiene del sue\u00f1o<\/strong>, y aunque no reemplaza la terapia, puede ayudarte a mejorar la calidad del descanso y reducir la intensidad de los s\u00edntomas.<\/p>\n\n\n\n<h4 class=\"wp-block-heading has-medium-font-size\">\u00bfQu\u00e9 es la higiene del sue\u00f1o?<\/h4>\n\n\n\n<p>La higiene del sue\u00f1o es el conjunto de comportamientos y condiciones ambientales que facilitan dormir mejor. Aplicarla de forma constante ayuda a <strong>reeducar al cuerpo y al cerebro<\/strong> para retomar ritmos saludables.<\/p>\n\n\n\n<h4 class=\"wp-block-heading has-medium-font-size\">Recomendaciones clave para mejorar el sue\u00f1o<\/h4>\n\n\n\n<p>Aqu\u00ed tienes una lista de estrategias que puedes empezar a implementar hoy mismo:<\/p>\n\n\n\n<figure class=\"wp-block-table\"><table><thead><tr><th><strong>H\u00e1bito saludable<\/strong><\/th><th><strong>Por qu\u00e9 ayuda<\/strong><\/th><\/tr><\/thead><tbody><tr><td>Acostarte y levantarte a la misma hora<\/td><td>Regula tu reloj biol\u00f3gico, incluso los fines de semana.<\/td><\/tr><tr><td>Evitar pantallas al menos una hora antes de dormir<\/td><td>La luz azul afecta la producci\u00f3n de melatonina (hormona del sue\u00f1o).<\/td><\/tr><tr><td>Crear una rutina relajante nocturna<\/td><td>Leer, ducharte con agua tibia o practicar respiraci\u00f3n profunda puede preparar tu cuerpo para el descanso.<\/td><\/tr><tr><td>Reservar la cama solo para dormir<\/td><td>Evita trabajar o mirar televisi\u00f3n en la cama. Asocia el espacio con descanso.<\/td><\/tr><tr><td>Evitar estimulantes en la tarde-noche<\/td><td>Como caf\u00e9, t\u00e9 negro, bebidas energ\u00e9ticas o alcohol.<\/td><\/tr><tr><td>Hacer ejercicio durante el d\u00eda<\/td><td>Mejora el estado de \u00e1nimo y ayuda a dormir mejor, pero evita hacerlo justo antes de acostarte.<\/td><\/tr><\/tbody><\/table><\/figure>\n\n\n\n<h3 class=\"wp-block-heading has-large-font-size\">Qu\u00e9 evitar si tienes insomnio<\/h3>\n\n\n\n<ul>\n<li>No te obligues a dormir si no tienes sue\u00f1o. Si no puedes dormir, lev\u00e1ntate, haz algo relajante y vuelve a la cama cuando tengas somnolencia.<\/li>\n\n\n\n<li>No te obsesiones con la hora o con contar cu\u00e1ntas horas dormir\u00e1s.<\/li>\n\n\n\n<li>No uses pastillas para dormir sin supervisi\u00f3n m\u00e9dica.<\/li>\n<\/ul>\n\n\n\n<p>Estos cambios pueden parecer simples, pero aplicarlos de forma constante tiene un impacto real en tu calidad de sue\u00f1o y, por extensi\u00f3n, en tu salud mental.<\/p>\n\n\n\n<p>Recuperar el sue\u00f1o es una parte esencial del proceso de salir de una <strong>mayor depresi\u00f3n<\/strong>. Y aunque requiere compromiso, construir estos h\u00e1bitos puede devolverte el descanso que tanto necesitas. En el pr\u00f3ximo bloque, abordaremos algunos errores comunes al enfrentar el insomnio en contextos depresivos.<\/p>\n\n\n\n<h3 class=\"wp-block-heading has-large-font-size\">Higiene del sue\u00f1o y h\u00e1bitos saludables<\/h3>\n\n\n\n<p>Cuando vives con <strong>mayor depresi\u00f3n<\/strong>, el <strong>insomnio<\/strong> puede volverse parte de tu rutina sin que te des cuenta. Cada noche parece un reto, y cada d\u00eda comienza con m\u00e1s cansancio que el anterior. Por eso, una de las formas m\u00e1s efectivas de complementar el tratamiento m\u00e9dico y psicol\u00f3gico es implementar <strong>h\u00e1bitos que favorezcan un descanso reparador<\/strong>.<\/p>\n\n\n\n<p>Esto se conoce como <strong>higiene del sue\u00f1o<\/strong>, y aunque no reemplaza la terapia, puede ayudarte a mejorar la calidad del descanso y reducir la intensidad de los s\u00edntomas.<\/p>\n\n\n\n<h4 class=\"wp-block-heading has-medium-font-size\">\u00bfQu\u00e9 es la higiene del sue\u00f1o?<\/h4>\n\n\n\n<p>La higiene del sue\u00f1o es el conjunto de comportamientos y condiciones ambientales que facilitan dormir mejor. Aplicarla de forma constante ayuda a <strong>reeducar al cuerpo y al cerebro<\/strong> para retomar ritmos saludables.<\/p>\n\n\n\n<h4 class=\"wp-block-heading has-medium-font-size\">Recomendaciones clave para mejorar el sue\u00f1o<\/h4>\n\n\n\n<p>Aqu\u00ed tienes una lista de estrategias que puedes empezar a implementar hoy mismo:<\/p>\n\n\n\n<figure class=\"wp-block-table\"><table><thead><tr><th><strong>H\u00e1bito saludable<\/strong><\/th><th><strong>Por qu\u00e9 ayuda<\/strong><\/th><\/tr><\/thead><tbody><tr><td>Acostarte y levantarte a la misma hora<\/td><td>Regula tu reloj biol\u00f3gico, incluso los fines de semana.<\/td><\/tr><tr><td>Evitar pantallas al menos una hora antes de dormir<\/td><td>La luz azul afecta la producci\u00f3n de melatonina (hormona del sue\u00f1o).<\/td><\/tr><tr><td>Crear una rutina relajante nocturna<\/td><td>Leer, ducharte con agua tibia o practicar respiraci\u00f3n profunda puede preparar tu cuerpo para el descanso.<\/td><\/tr><tr><td>Reservar la cama solo para dormir<\/td><td>Evita trabajar o mirar televisi\u00f3n en la cama. Asocia el espacio con descanso.<\/td><\/tr><tr><td>Evitar estimulantes en la tarde-noche<\/td><td>Como caf\u00e9, t\u00e9 negro, bebidas energ\u00e9ticas o alcohol.<\/td><\/tr><tr><td>Hacer ejercicio durante el d\u00eda<\/td><td>Mejora el estado de \u00e1nimo y ayuda a dormir mejor, pero evita hacerlo justo antes de acostarte.<\/td><\/tr><\/tbody><\/table><\/figure>\n\n\n\n<h4 class=\"wp-block-heading has-medium-font-size\">Qu\u00e9 evitar si tienes insomnio<\/h4>\n\n\n\n<ul>\n<li>No te obligues a dormir si no tienes sue\u00f1o. Si no puedes dormir, lev\u00e1ntate, haz algo relajante y vuelve a la cama cuando tengas somnolencia.<\/li>\n\n\n\n<li>No te obsesiones con la hora o con contar cu\u00e1ntas horas dormir\u00e1s.<\/li>\n\n\n\n<li>No uses pastillas para dormir sin supervisi\u00f3n m\u00e9dica.<\/li>\n<\/ul>\n\n\n\n<p>Estos cambios pueden parecer simples, pero aplicarlos de forma constante tiene un impacto real en tu calidad de sue\u00f1o y, por extensi\u00f3n, en tu salud mental.<\/p>\n\n\n\n<p>Recuperar el sue\u00f1o es una parte esencial del proceso de salir de una <strong>mayor depresi\u00f3n<\/strong>. Y aunque requiere compromiso, construir estos h\u00e1bitos puede devolverte el descanso que tanto necesitas. En el pr\u00f3ximo bloque, abordaremos algunos errores comunes al enfrentar el insomnio en contextos depresivos.<\/p>\n\n\n\n<h3 class=\"wp-block-heading has-large-font-size\">Errores comunes al enfrentar el insomnio en la <em>mayor depresi\u00f3n<\/em><\/h3>\n\n\n\n<p>Cuando el <strong>insomnio<\/strong> se vuelve parte del d\u00eda a d\u00eda, es natural que intentes solucionarlo como puedas: cambiando rutinas, tomando pastillas por tu cuenta, o resign\u00e1ndote a que &#8220;ya no puedes dormir bien&#8221;. Pero muchos de esos intentos, aunque bien intencionados, pueden ser <strong>contraproducentes<\/strong> o incluso agravar los s\u00edntomas de la <strong>mayor depresi\u00f3n<\/strong>.<\/p>\n\n\n\n<p>A continuaci\u00f3n, revisamos algunos de los errores m\u00e1s frecuentes y por qu\u00e9 es importante evitarlos.<\/p>\n\n\n\n<h4 class=\"wp-block-heading has-medium-font-size\">1. Automedicarse sin supervisi\u00f3n<\/h4>\n\n\n\n<p>Usar medicamentos para dormir sin indicaci\u00f3n m\u00e9dica es uno de los errores m\u00e1s comunes. Aunque algunos f\u00e1rmacos ayudan a corto plazo, su uso prolongado o incorrecto puede generar:<\/p>\n\n\n\n<ul>\n<li><strong>Tolerancia<\/strong>, es decir, necesitas dosis cada vez m\u00e1s altas.<\/li>\n\n\n\n<li><strong>Dependencia<\/strong>, lo que dificulta dejar el medicamento m\u00e1s adelante.<\/li>\n\n\n\n<li><strong>Efectos secundarios<\/strong>, como somnolencia diurna, confusi\u00f3n o alteraci\u00f3n del \u00e1nimo.<\/li>\n<\/ul>\n\n\n\n<blockquote class=\"wp-block-quote is-layout-flow wp-block-quote-is-layout-flow\">\n<p>Cualquier tratamiento farmacol\u00f3gico debe ser evaluado por un profesional que entienda tanto el insomnio como la depresi\u00f3n.<\/p>\n<\/blockquote>\n\n\n\n<h4 class=\"wp-block-heading has-medium-font-size\">2. Suponer que el sue\u00f1o mejorar\u00e1 \u201csolo\u201d al tratar la depresi\u00f3n<\/h4>\n\n\n\n<p>Como vimos anteriormente, aunque la <strong>mayor depresi\u00f3n<\/strong> mejore, el <strong>insomnio<\/strong> puede persistir si no se aborda de forma espec\u00edfica. Tratar solo el estado de \u00e1nimo sin intervenir en el sue\u00f1o es una estrategia incompleta.<\/p>\n\n\n\n<ul>\n<li>El insomnio no tratado <strong>aumenta el riesgo de reca\u00eddas<\/strong>.<\/li>\n\n\n\n<li>Puede volverse <strong>cr\u00f3nico<\/strong> e independiente, incluso cuando el \u00e1nimo mejora.<\/li>\n<\/ul>\n\n\n\n<h4 class=\"wp-block-heading has-medium-font-size\">3. Forzarte a dormir o pasar demasiado tiempo en la cama<\/h4>\n\n\n\n<p>Quedarte en la cama cuando no puedes dormir, o acostarte antes \u201cpor si acaso\u201d, suele tener el efecto contrario: tu cerebro empieza a asociar la cama con frustraci\u00f3n y vigilia, no con descanso. Esto interfiere con el proceso natural de conciliaci\u00f3n del sue\u00f1o.<\/p>\n\n\n\n<h4 class=\"wp-block-heading has-medium-font-size\">4. Minimizar el problema o normalizarlo<\/h4>\n\n\n\n<p>Frases como \u201ces normal no dormir cuando est\u00e1s estresado\u201d o \u201cya me acostumbr\u00e9 a dormir poco\u201d invisibilizan el problema. Dormir mal de forma cr\u00f3nica no es normal, y <strong>afecta directamente tu capacidad de recuperaci\u00f3n emocional<\/strong>.<\/p>\n\n\n\n<p>Aceptar el insomnio como parte del cuadro depresivo es el primer paso para buscar soluciones efectivas.<\/p>\n\n\n\n<h4 class=\"wp-block-heading has-medium-font-size\">5. Ignorar se\u00f1ales de alerta graves<\/h4>\n\n\n\n<p>En contextos de <strong>depresi\u00f3n mayor con insomnio<\/strong>, pueden aparecer s\u00edntomas m\u00e1s complejos, como:<\/p>\n\n\n\n<ul>\n<li>Pensamientos negativos intrusivos durante la noche.<\/li>\n\n\n\n<li>Crisis de angustia al intentar dormir.<\/li>\n\n\n\n<li>Desesperanza intensa que se agrava con la falta de descanso.<\/li>\n<\/ul>\n\n\n\n<p>Estos signos requieren atenci\u00f3n cl\u00ednica inmediata.<\/p>\n\n\n\n<p>Evitar estos errores no garantiza una soluci\u00f3n r\u00e1pida, pero <strong>s\u00ed mejora las condiciones para avanzar en un tratamiento efectivo y seguro<\/strong>. En el siguiente bloque veremos cu\u00e1ndo es necesario buscar ayuda profesional y qu\u00e9 se\u00f1ales no debes pasar por alto.<\/p>\n\n\n\n<h3 class=\"wp-block-heading has-large-font-size\">Cu\u00e1ndo buscar ayuda profesional<\/h3>\n\n\n\n<p>Muchas personas intentan enfrentar solas la <strong>mayor depresi\u00f3n<\/strong>, especialmente cuando el <strong>insomnio<\/strong> parece \u201csolo un problema de sue\u00f1o\u201d. Pero cuando estos s\u00edntomas se mantienen en el tiempo, afectan tu bienestar o tu funcionamiento diario, es fundamental reconocer que <strong>necesitas apoyo cl\u00ednico<\/strong>.<\/p>\n\n\n\n<p>Pedir ayuda no significa que hayas fallado, sino que est\u00e1s dando un paso valiente y necesario hacia tu recuperaci\u00f3n.<\/p>\n\n\n\n<h4 class=\"wp-block-heading has-medium-font-size\">Se\u00f1ales de que necesitas consultar a un especialista<\/h4>\n\n\n\n<p>Si te identificas con una o m\u00e1s de las siguientes situaciones, es momento de considerar una evaluaci\u00f3n profesional:<\/p>\n\n\n\n<ul>\n<li><strong>Llevas m\u00e1s de dos semanas<\/strong> con problemas graves para dormir, sin motivo evidente.<\/li>\n\n\n\n<li>El insomnio est\u00e1 acompa\u00f1ado de <strong>estado de \u00e1nimo bajo<\/strong>, fatiga o p\u00e9rdida de inter\u00e9s en lo cotidiano.<\/li>\n\n\n\n<li>Te cuesta <strong>concentrarte o tomar decisiones<\/strong> por el cansancio acumulado.<\/li>\n\n\n\n<li>Has notado <strong>irritabilidad, llanto frecuente o desesperanza persistente<\/strong>.<\/li>\n\n\n\n<li>Te sientes atrapado en un ciclo donde cada d\u00eda es m\u00e1s dif\u00edcil que el anterior.<\/li>\n\n\n\n<li>Han aparecido <strong>pensamientos autodestructivos<\/strong>, o sientes que ya no puedes m\u00e1s.<\/li>\n<\/ul>\n\n\n\n<p>Incluso si los s\u00edntomas parecen \u201cmanejables\u201d, hablar con un profesional te permitir\u00e1 obtener una visi\u00f3n objetiva de lo que est\u00e1s viviendo y explorar opciones de tratamiento personalizadas.<\/p>\n\n\n\n<h4 class=\"wp-block-heading has-medium-font-size\">\u00bfCon qui\u00e9n puedes consultar?<\/h4>\n\n\n\n<p>Para tratar la <strong>depresi\u00f3n mayor con insomnio<\/strong>, lo ideal es contar con un equipo interdisciplinario. Algunas opciones son:<\/p>\n\n\n\n<ul>\n<li><strong>Psic\u00f3logos cl\u00ednicos<\/strong>: pueden ayudarte a comprender el origen de los s\u00edntomas y ense\u00f1arte herramientas para manejarlos.<\/li>\n\n\n\n<li><strong>Psiquiatras<\/strong>: eval\u00faan la necesidad de medicaci\u00f3n, hacen seguimiento farmacol\u00f3gico y trabajan en conjunto con terapeutas.<\/li>\n\n\n\n<li><strong>M\u00e9dicos generales o de atenci\u00f3n primaria<\/strong>: pueden ser el primer contacto y derivarte al especialista adecuado.<\/li>\n<\/ul>\n\n\n\n<p>Si est\u00e1s en Chile y te atiendes con Fonasa, existen alternativas p\u00fablicas y privadas para acceder a terapia psicol\u00f3gica o atenci\u00f3n psiqui\u00e1trica, muchas de ellas con cobertura parcial.<\/p>\n\n\n\n<h4 class=\"wp-block-heading has-medium-font-size\">\u00bfY si no s\u00e9 por d\u00f3nde empezar?<\/h4>\n\n\n\n<p>No necesitas tener todas las respuestas. Basta con que des el primer paso: <strong>contar lo que est\u00e1s viviendo y pedir orientaci\u00f3n<\/strong>. Los profesionales de la salud mental est\u00e1n preparados para acompa\u00f1arte incluso si no sabes c\u00f3mo explicarlo todo.<\/p>\n\n\n\n<p>La <strong>mayor depresi\u00f3n<\/strong> y el <strong>insomnio<\/strong> no son una etapa que debas atravesar en silencio. Buscar ayuda es el inicio del cambio, y cuanto antes lo hagas, m\u00e1s oportunidades tendr\u00e1s de recuperar tu bienestar. En el pr\u00f3ximo y \u00faltimo bloque cerraremos con una reflexi\u00f3n esperanzadora sobre este proceso.<\/p>\n\n\n\n<h3 class=\"wp-block-heading has-large-font-size\">Conclusi\u00f3n: Recuperar el \u00e1nimo\u2026 y el sue\u00f1o tambi\u00e9n es posible<\/h3>\n\n\n\n<p>Vivir con <strong>mayor depresi\u00f3n<\/strong> puede sentirse como estar atrapado en una rutina emocional pesada, donde cada d\u00eda cuesta m\u00e1s que el anterior. Y cuando se suma el <strong>insomnio<\/strong>, ese malestar se multiplica: las noches se hacen eternas, los pensamientos se intensifican y el cuerpo no encuentra descanso.<\/p>\n\n\n\n<p>Pero nada de esto significa que no haya salida.<\/p>\n\n\n\n<p>La <strong>depresi\u00f3n mayor<\/strong> no es una falla tuya, ni un defecto de car\u00e1cter. Es una condici\u00f3n de salud real, que afecta a millones de personas en el mundo y que cuenta con tratamientos efectivos, tanto a nivel psicol\u00f3gico como m\u00e9dico. Lo mismo ocurre con el insomnio: no est\u00e1s condenado a vivir sin dormir, ni debes conformarte con noches en blanco.<\/p>\n\n\n\n<p>La clave est\u00e1 en reconocer lo que te ocurre, informarte, y sobre todo, <strong>buscar ayuda a tiempo<\/strong>. Cuanto antes comiences a intervenir, m\u00e1s r\u00e1pido podr\u00e1s recuperar el equilibrio entre tu mente, tu cuerpo y tu descanso.<\/p>\n\n\n\n<p>Y aunque el proceso no sea lineal ni inmediato, cada paso cuenta. Porque dormir bien no es un lujo, es una necesidad. Y <strong>sentirte mejor, tambi\u00e9n<\/strong>.<\/p>\n\n\n\n<h2 class=\"wp-block-heading has-x-large-font-size\">Conocerte es el primer paso para sanar<\/h2>\n\n\n\n<p>Entender lo que sientes es clave para encontrar el apoyo indicado. En&nbsp;<strong>Fonasa&nbsp;<a href=\"https:\/\/mindy.cl\/\" target=\"_blank\" rel=\"noreferrer noopener\">Mindy.cl<\/a><\/strong>&nbsp;te ofrecemos una herramienta sencilla: un <strong>Quiz dise\u00f1ado para ayudarte a evaluar tus niveles de depresi\u00f3n<\/strong> y as\u00ed poder acceder a la terapia psicol\u00f3gica que realmente se ajusta a tus necesidades. No dejes pasar esta oportunidad de cuidar tu mente.<\/p>\n\n\n\n<p>\ud83c\udfaf&nbsp;<strong>Realiza el Quiz gratuito:<\/strong>&nbsp;<a href=\"https:\/\/form.typeform.com\/to\/P78CVEPt\" target=\"_blank\" rel=\"noreferrer noopener\"><strong>https:\/\/form.typeform.com\/to\/P78CVEPt<\/strong><\/a><\/p>\n","protected":false},"excerpt":{"rendered":"<p>Cuando tienes Mayor Depresi\u00f3n, surgen problemas para dormir. \u00bfLlevas semanas sin poder dormir bien? \u00bfTe acuestas cansado pero no logras conciliar el sue\u00f1o, o te despiertas antes de lo esperado sin poder volver a dormir? Estos problemas podr\u00edan ser m\u00e1s que un simple mal dormir: podr\u00edan estar relacionados con una mayor depresi\u00f3n. La mayor depresi\u00f3n, [&hellip;]<\/p>\n","protected":false},"author":2,"featured_media":1224,"comment_status":"closed","ping_status":"closed","sticky":false,"template":"","format":"standard","meta":{"footnotes":""},"categories":[278,114],"tags":[],"yoast_head":"<!-- This site is optimized with the Yoast SEO plugin v23.0 - https:\/\/yoast.com\/wordpress\/plugins\/seo\/ -->\n<title>Mayor depresi\u00f3n: s\u00edntomas, insomnio y tratamiento<\/title>\n<meta name=\"description\" content=\"Descubre qu\u00e9 es la mayor depresi\u00f3n, c\u00f3mo se relaciona con el insomnio y qu\u00e9 tratamientos existen para recuperar tu descanso.\" \/>\n<meta name=\"robots\" content=\"index, follow, max-snippet:-1, max-image-preview:large, max-video-preview:-1\" \/>\n<link rel=\"canonical\" href=\"https:\/\/fonasa.mindy.cl\/blog\/mayor-depresion\/\" \/>\n<meta property=\"og:locale\" content=\"es_ES\" \/>\n<meta property=\"og:type\" content=\"article\" \/>\n<meta property=\"og:title\" content=\"Mayor depresi\u00f3n: s\u00edntomas, insomnio y tratamiento\" \/>\n<meta property=\"og:description\" content=\"Descubre qu\u00e9 es la mayor depresi\u00f3n, c\u00f3mo se relaciona con el insomnio y qu\u00e9 tratamientos existen para recuperar tu descanso.\" \/>\n<meta property=\"og:url\" content=\"https:\/\/fonasa.mindy.cl\/blog\/mayor-depresion\/\" \/>\n<meta property=\"og:site_name\" content=\"Mindy Fonasa Blog\" \/>\n<meta property=\"article:published_time\" content=\"2025-09-30T21:56:54+00:00\" \/>\n<meta property=\"article:modified_time\" content=\"2026-03-25T13:32:53+00:00\" \/>\n<meta property=\"og:image\" content=\"https:\/\/fonasa.mindy.cl\/blog\/wp-content\/uploads\/2025\/09\/pexels-kindelmedia-8172277.jpg\" \/>\n\t<meta property=\"og:image:width\" content=\"640\" \/>\n\t<meta property=\"og:image:height\" content=\"480\" \/>\n\t<meta property=\"og:image:type\" content=\"image\/jpeg\" \/>\n<meta name=\"author\" content=\"reinaldo@mindy.cl\" \/>\n<meta name=\"twitter:card\" content=\"summary_large_image\" \/>\n<meta name=\"twitter:label1\" content=\"Written by\" \/>\n\t<meta name=\"twitter:data1\" content=\"reinaldo@mindy.cl\" \/>\n\t<meta name=\"twitter:label2\" content=\"Est. reading time\" \/>\n\t<meta name=\"twitter:data2\" content=\"20 minutos\" \/>\n<script type=\"application\/ld+json\" class=\"yoast-schema-graph\">{\"@context\":\"https:\/\/schema.org\",\"@graph\":[{\"@type\":\"Article\",\"@id\":\"https:\/\/fonasa.mindy.cl\/blog\/mayor-depresion\/#article\",\"isPartOf\":{\"@id\":\"https:\/\/fonasa.mindy.cl\/blog\/mayor-depresion\/\"},\"author\":{\"name\":\"reinaldo@mindy.cl\",\"@id\":\"https:\/\/fonasa.mindy.cl\/blog\/#\/schema\/person\/6b2fdf85e03858572a636b7b9ce17d81\"},\"headline\":\"Mayor depresi\u00f3n: s\u00edntomas, insomnio y tratamiento\",\"datePublished\":\"2025-09-30T21:56:54+00:00\",\"dateModified\":\"2026-03-25T13:32:53+00:00\",\"mainEntityOfPage\":{\"@id\":\"https:\/\/fonasa.mindy.cl\/blog\/mayor-depresion\/\"},\"wordCount\":4819,\"publisher\":{\"@id\":\"https:\/\/fonasa.mindy.cl\/blog\/#organization\"},\"image\":{\"@id\":\"https:\/\/fonasa.mindy.cl\/blog\/mayor-depresion\/#primaryimage\"},\"thumbnailUrl\":\"https:\/\/fonasa.mindy.cl\/blog\/wp-content\/uploads\/2025\/09\/pexels-kindelmedia-8172277.jpg\",\"articleSection\":[\"Depresi\u00f3n\",\"Psic\u00f3logos Fonasa\"],\"inLanguage\":\"es-CL\"},{\"@type\":\"WebPage\",\"@id\":\"https:\/\/fonasa.mindy.cl\/blog\/mayor-depresion\/\",\"url\":\"https:\/\/fonasa.mindy.cl\/blog\/mayor-depresion\/\",\"name\":\"Mayor depresi\u00f3n: s\u00edntomas, insomnio y tratamiento\",\"isPartOf\":{\"@id\":\"https:\/\/fonasa.mindy.cl\/blog\/#website\"},\"primaryImageOfPage\":{\"@id\":\"https:\/\/fonasa.mindy.cl\/blog\/mayor-depresion\/#primaryimage\"},\"image\":{\"@id\":\"https:\/\/fonasa.mindy.cl\/blog\/mayor-depresion\/#primaryimage\"},\"thumbnailUrl\":\"https:\/\/fonasa.mindy.cl\/blog\/wp-content\/uploads\/2025\/09\/pexels-kindelmedia-8172277.jpg\",\"datePublished\":\"2025-09-30T21:56:54+00:00\",\"dateModified\":\"2026-03-25T13:32:53+00:00\",\"description\":\"Descubre qu\u00e9 es la mayor depresi\u00f3n, c\u00f3mo se relaciona con el insomnio y qu\u00e9 tratamientos existen para recuperar tu descanso.\",\"breadcrumb\":{\"@id\":\"https:\/\/fonasa.mindy.cl\/blog\/mayor-depresion\/#breadcrumb\"},\"inLanguage\":\"es-CL\",\"potentialAction\":[{\"@type\":\"ReadAction\",\"target\":[\"https:\/\/fonasa.mindy.cl\/blog\/mayor-depresion\/\"]}]},{\"@type\":\"ImageObject\",\"inLanguage\":\"es-CL\",\"@id\":\"https:\/\/fonasa.mindy.cl\/blog\/mayor-depresion\/#primaryimage\",\"url\":\"https:\/\/fonasa.mindy.cl\/blog\/wp-content\/uploads\/2025\/09\/pexels-kindelmedia-8172277.jpg\",\"contentUrl\":\"https:\/\/fonasa.mindy.cl\/blog\/wp-content\/uploads\/2025\/09\/pexels-kindelmedia-8172277.jpg\",\"width\":640,\"height\":480,\"caption\":\"Mayor depresi\u00f3n\"},{\"@type\":\"BreadcrumbList\",\"@id\":\"https:\/\/fonasa.mindy.cl\/blog\/mayor-depresion\/#breadcrumb\",\"itemListElement\":[{\"@type\":\"ListItem\",\"position\":1,\"name\":\"Home\",\"item\":\"https:\/\/fonasa.mindy.cl\/blog\/\"},{\"@type\":\"ListItem\",\"position\":2,\"name\":\"Mayor depresi\u00f3n: s\u00edntomas, insomnio y tratamiento\"}]},{\"@type\":\"WebSite\",\"@id\":\"https:\/\/fonasa.mindy.cl\/blog\/#website\",\"url\":\"https:\/\/fonasa.mindy.cl\/blog\/\",\"name\":\"Mindy Fonasa Blog\",\"description\":\"Un blog de salud mental\",\"publisher\":{\"@id\":\"https:\/\/fonasa.mindy.cl\/blog\/#organization\"},\"potentialAction\":[{\"@type\":\"SearchAction\",\"target\":{\"@type\":\"EntryPoint\",\"urlTemplate\":\"https:\/\/fonasa.mindy.cl\/blog\/?s={search_term_string}\"},\"query-input\":\"required name=search_term_string\"}],\"inLanguage\":\"es-CL\"},{\"@type\":\"Organization\",\"@id\":\"https:\/\/fonasa.mindy.cl\/blog\/#organization\",\"name\":\"Mindy Fonasa Blog\",\"url\":\"https:\/\/fonasa.mindy.cl\/blog\/\",\"logo\":{\"@type\":\"ImageObject\",\"inLanguage\":\"es-CL\",\"@id\":\"https:\/\/fonasa.mindy.cl\/blog\/#\/schema\/logo\/image\/\",\"url\":\"https:\/\/fonasa.mindy.cl\/blog\/wp-content\/uploads\/2024\/07\/logo_cuadrado.png\",\"contentUrl\":\"https:\/\/fonasa.mindy.cl\/blog\/wp-content\/uploads\/2024\/07\/logo_cuadrado.png\",\"width\":300,\"height\":300,\"caption\":\"Mindy Fonasa Blog\"},\"image\":{\"@id\":\"https:\/\/fonasa.mindy.cl\/blog\/#\/schema\/logo\/image\/\"}},{\"@type\":\"Person\",\"@id\":\"https:\/\/fonasa.mindy.cl\/blog\/#\/schema\/person\/6b2fdf85e03858572a636b7b9ce17d81\",\"name\":\"reinaldo@mindy.cl\",\"url\":\"https:\/\/fonasa.mindy.cl\/blog\/author\/reinaldomindy-cl\/\"}]}<\/script>\n<!-- \/ Yoast SEO plugin. -->","yoast_head_json":{"title":"Mayor depresi\u00f3n: s\u00edntomas, insomnio y tratamiento","description":"Descubre qu\u00e9 es la mayor depresi\u00f3n, c\u00f3mo se relaciona con el insomnio y qu\u00e9 tratamientos existen para recuperar tu descanso.","robots":{"index":"index","follow":"follow","max-snippet":"max-snippet:-1","max-image-preview":"max-image-preview:large","max-video-preview":"max-video-preview:-1"},"canonical":"https:\/\/fonasa.mindy.cl\/blog\/mayor-depresion\/","og_locale":"es_ES","og_type":"article","og_title":"Mayor depresi\u00f3n: s\u00edntomas, insomnio y tratamiento","og_description":"Descubre qu\u00e9 es la mayor depresi\u00f3n, c\u00f3mo se relaciona con el insomnio y qu\u00e9 tratamientos existen para recuperar tu descanso.","og_url":"https:\/\/fonasa.mindy.cl\/blog\/mayor-depresion\/","og_site_name":"Mindy Fonasa Blog","article_published_time":"2025-09-30T21:56:54+00:00","article_modified_time":"2026-03-25T13:32:53+00:00","og_image":[{"width":640,"height":480,"url":"https:\/\/fonasa.mindy.cl\/blog\/wp-content\/uploads\/2025\/09\/pexels-kindelmedia-8172277.jpg","type":"image\/jpeg"}],"author":"reinaldo@mindy.cl","twitter_card":"summary_large_image","twitter_misc":{"Written by":"reinaldo@mindy.cl","Est. reading time":"20 minutos"},"schema":{"@context":"https:\/\/schema.org","@graph":[{"@type":"Article","@id":"https:\/\/fonasa.mindy.cl\/blog\/mayor-depresion\/#article","isPartOf":{"@id":"https:\/\/fonasa.mindy.cl\/blog\/mayor-depresion\/"},"author":{"name":"reinaldo@mindy.cl","@id":"https:\/\/fonasa.mindy.cl\/blog\/#\/schema\/person\/6b2fdf85e03858572a636b7b9ce17d81"},"headline":"Mayor depresi\u00f3n: s\u00edntomas, insomnio y tratamiento","datePublished":"2025-09-30T21:56:54+00:00","dateModified":"2026-03-25T13:32:53+00:00","mainEntityOfPage":{"@id":"https:\/\/fonasa.mindy.cl\/blog\/mayor-depresion\/"},"wordCount":4819,"publisher":{"@id":"https:\/\/fonasa.mindy.cl\/blog\/#organization"},"image":{"@id":"https:\/\/fonasa.mindy.cl\/blog\/mayor-depresion\/#primaryimage"},"thumbnailUrl":"https:\/\/fonasa.mindy.cl\/blog\/wp-content\/uploads\/2025\/09\/pexels-kindelmedia-8172277.jpg","articleSection":["Depresi\u00f3n","Psic\u00f3logos Fonasa"],"inLanguage":"es-CL"},{"@type":"WebPage","@id":"https:\/\/fonasa.mindy.cl\/blog\/mayor-depresion\/","url":"https:\/\/fonasa.mindy.cl\/blog\/mayor-depresion\/","name":"Mayor depresi\u00f3n: s\u00edntomas, insomnio y tratamiento","isPartOf":{"@id":"https:\/\/fonasa.mindy.cl\/blog\/#website"},"primaryImageOfPage":{"@id":"https:\/\/fonasa.mindy.cl\/blog\/mayor-depresion\/#primaryimage"},"image":{"@id":"https:\/\/fonasa.mindy.cl\/blog\/mayor-depresion\/#primaryimage"},"thumbnailUrl":"https:\/\/fonasa.mindy.cl\/blog\/wp-content\/uploads\/2025\/09\/pexels-kindelmedia-8172277.jpg","datePublished":"2025-09-30T21:56:54+00:00","dateModified":"2026-03-25T13:32:53+00:00","description":"Descubre qu\u00e9 es la mayor depresi\u00f3n, c\u00f3mo se relaciona con el insomnio y qu\u00e9 tratamientos existen para recuperar tu descanso.","breadcrumb":{"@id":"https:\/\/fonasa.mindy.cl\/blog\/mayor-depresion\/#breadcrumb"},"inLanguage":"es-CL","potentialAction":[{"@type":"ReadAction","target":["https:\/\/fonasa.mindy.cl\/blog\/mayor-depresion\/"]}]},{"@type":"ImageObject","inLanguage":"es-CL","@id":"https:\/\/fonasa.mindy.cl\/blog\/mayor-depresion\/#primaryimage","url":"https:\/\/fonasa.mindy.cl\/blog\/wp-content\/uploads\/2025\/09\/pexels-kindelmedia-8172277.jpg","contentUrl":"https:\/\/fonasa.mindy.cl\/blog\/wp-content\/uploads\/2025\/09\/pexels-kindelmedia-8172277.jpg","width":640,"height":480,"caption":"Mayor depresi\u00f3n"},{"@type":"BreadcrumbList","@id":"https:\/\/fonasa.mindy.cl\/blog\/mayor-depresion\/#breadcrumb","itemListElement":[{"@type":"ListItem","position":1,"name":"Home","item":"https:\/\/fonasa.mindy.cl\/blog\/"},{"@type":"ListItem","position":2,"name":"Mayor depresi\u00f3n: s\u00edntomas, insomnio y tratamiento"}]},{"@type":"WebSite","@id":"https:\/\/fonasa.mindy.cl\/blog\/#website","url":"https:\/\/fonasa.mindy.cl\/blog\/","name":"Mindy Fonasa Blog","description":"Un blog de salud mental","publisher":{"@id":"https:\/\/fonasa.mindy.cl\/blog\/#organization"},"potentialAction":[{"@type":"SearchAction","target":{"@type":"EntryPoint","urlTemplate":"https:\/\/fonasa.mindy.cl\/blog\/?s={search_term_string}"},"query-input":"required name=search_term_string"}],"inLanguage":"es-CL"},{"@type":"Organization","@id":"https:\/\/fonasa.mindy.cl\/blog\/#organization","name":"Mindy Fonasa Blog","url":"https:\/\/fonasa.mindy.cl\/blog\/","logo":{"@type":"ImageObject","inLanguage":"es-CL","@id":"https:\/\/fonasa.mindy.cl\/blog\/#\/schema\/logo\/image\/","url":"https:\/\/fonasa.mindy.cl\/blog\/wp-content\/uploads\/2024\/07\/logo_cuadrado.png","contentUrl":"https:\/\/fonasa.mindy.cl\/blog\/wp-content\/uploads\/2024\/07\/logo_cuadrado.png","width":300,"height":300,"caption":"Mindy Fonasa Blog"},"image":{"@id":"https:\/\/fonasa.mindy.cl\/blog\/#\/schema\/logo\/image\/"}},{"@type":"Person","@id":"https:\/\/fonasa.mindy.cl\/blog\/#\/schema\/person\/6b2fdf85e03858572a636b7b9ce17d81","name":"reinaldo@mindy.cl","url":"https:\/\/fonasa.mindy.cl\/blog\/author\/reinaldomindy-cl\/"}]}},"_links":{"self":[{"href":"https:\/\/fonasa.mindy.cl\/blog\/wp-json\/wp\/v2\/posts\/692"}],"collection":[{"href":"https:\/\/fonasa.mindy.cl\/blog\/wp-json\/wp\/v2\/posts"}],"about":[{"href":"https:\/\/fonasa.mindy.cl\/blog\/wp-json\/wp\/v2\/types\/post"}],"author":[{"embeddable":true,"href":"https:\/\/fonasa.mindy.cl\/blog\/wp-json\/wp\/v2\/users\/2"}],"replies":[{"embeddable":true,"href":"https:\/\/fonasa.mindy.cl\/blog\/wp-json\/wp\/v2\/comments?post=692"}],"version-history":[{"count":8,"href":"https:\/\/fonasa.mindy.cl\/blog\/wp-json\/wp\/v2\/posts\/692\/revisions"}],"predecessor-version":[{"id":1711,"href":"https:\/\/fonasa.mindy.cl\/blog\/wp-json\/wp\/v2\/posts\/692\/revisions\/1711"}],"wp:featuredmedia":[{"embeddable":true,"href":"https:\/\/fonasa.mindy.cl\/blog\/wp-json\/wp\/v2\/media\/1224"}],"wp:attachment":[{"href":"https:\/\/fonasa.mindy.cl\/blog\/wp-json\/wp\/v2\/media?parent=692"}],"wp:term":[{"taxonomy":"category","embeddable":true,"href":"https:\/\/fonasa.mindy.cl\/blog\/wp-json\/wp\/v2\/categories?post=692"},{"taxonomy":"post_tag","embeddable":true,"href":"https:\/\/fonasa.mindy.cl\/blog\/wp-json\/wp\/v2\/tags?post=692"}],"curies":[{"name":"wp","href":"https:\/\/api.w.org\/{rel}","templated":true}]}}