{"id":690,"date":"2025-09-30T18:55:22","date_gmt":"2025-09-30T21:55:22","guid":{"rendered":"https:\/\/fonasa.mindy.cl\/blog\/?p=690"},"modified":"2026-03-25T10:40:51","modified_gmt":"2026-03-25T13:40:51","slug":"mania-depresiva","status":"publish","type":"post","link":"https:\/\/fonasa.mindy.cl\/blog\/mania-depresiva\/","title":{"rendered":"Man\u00eda depresiva: tratamiento del trastorno bipolar"},"content":{"rendered":"\n<p>\u00bfTe ha pasado que en ciertos momentos sientes una energ\u00eda desbordante, una euforia dif\u00edcil de explicar, y luego caes en una tristeza profunda que parece no tener salida? Estos cambios extremos en el estado de \u00e1nimo no son simples altibajos: podr\u00edan ser se\u00f1ales de <strong>man\u00eda depresiva<\/strong>, tambi\u00e9n conocida como <strong>trastorno bipolar<\/strong>.<\/p>\n\n\n\n<p>La <em>man\u00eda depresiva<\/em> es un trastorno del estado de \u00e1nimo que se manifiesta a trav\u00e9s de episodios de <strong>man\u00eda o hipoman\u00eda<\/strong>, seguidos o intercalados con fases de <strong>depresi\u00f3n profunda<\/strong>. Esta condici\u00f3n de <strong><a href=\"https:\/\/fonasa.mindy.cl\/blog\/que-es-un-hipomaniaco\/\">hipoman\u00edaco <\/a><\/strong>puede afectar tu vida personal, laboral y emocional si no se diagnostica y trata a tiempo.<\/p>\n\n\n\n<p>En este art\u00edculo encontrar\u00e1s una gu\u00eda clara, actualizada y accesible sobre qu\u00e9 es la <em>man\u00eda depresiva<\/em>, cu\u00e1les son sus <strong>s\u00edntomas<\/strong>, tipos, causas, formas de diagn\u00f3stico y tratamiento, adem\u00e1s de consejos pr\u00e1cticos para vivir con este trastorno. Si buscas respuestas, orientaci\u00f3n o simplemente comprender mejor lo que te est\u00e1 pasando, est\u00e1s en el lugar correcto.<\/p>\n\n\n\n<h2 class=\"wp-block-heading has-text-align-left has-x-large-font-size\">\u00bfQu\u00e9 es la <em>man\u00eda depresiva<\/em>?<\/h2>\n\n\n\n<p>La <strong>man\u00eda depresiva<\/strong>, conocida actualmente como <strong>trastorno bipolar<\/strong>, es una condici\u00f3n de salud mental caracterizada por <strong>cambios extremos en el estado de \u00e1nimo<\/strong>, la energ\u00eda, el pensamiento y el comportamiento. Si est\u00e1s pasando por periodos en los que te sientes lleno de energ\u00eda y entusiasmo, seguidos por otros en los que todo te cuesta y pierdes el inter\u00e9s en lo que antes disfrutabas, podr\u00edas estar enfrentando este trastorno.<sup><strong><a href=\"https:\/\/www.mayoclinic.org\/es\/diseases-conditions\/bipolar-disorder\/symptoms-causes\/syc-20355955\">1<\/a><\/strong><\/sup><\/p>\n\n\n\n<h3 class=\"wp-block-heading has-large-font-size\">Un trastorno de extremos emocionales<\/h3>\n\n\n\n<p>El t\u00e9rmino <em><strong><a href=\"https:\/\/fonasa.mindy.cl\/blog\/maniaco-depresivo-comprendiendo-el-trastorno-bipolar\/\">man\u00edaco depresivo<\/a><\/strong><\/em> describe la alternancia entre dos polos emocionales:<\/p>\n\n\n\n<ul>\n<li><strong>Episodios man\u00edacos<\/strong>: se manifiestan como un aumento anormal del estado de \u00e1nimo. Puedes sentirte euf\u00f3rico, hiperactivo, con muchas ideas al mismo tiempo, dormir poco sin sentir cansancio, hablar m\u00e1s de lo habitual o tomar decisiones impulsivas sin medir las consecuencias.<\/li>\n\n\n\n<li><strong>Episodios depresivos<\/strong>: representan el lado opuesto. Aqu\u00ed podr\u00edas sentirte triste, sin motivaci\u00f3n, con dificultad para concentrarte, experimentar una sensaci\u00f3n constante de fatiga o incluso tener pensamientos negativos sobre ti mismo o sobre la vida.<\/li>\n<\/ul>\n\n\n\n<p>Esta combinaci\u00f3n de polos opuestos es lo que da origen al nombre antiguo: <em>man\u00eda<\/em> (fase de exaltaci\u00f3n) y <em>depresiva<\/em> (fase de tristeza profunda).<\/p>\n\n\n\n<h3 class=\"wp-block-heading has-large-font-size\">No es solo un cambio de humor<\/h3>\n\n\n\n<p>La <strong><a href=\"https:\/\/fonasa.mindy.cl\/blog\/trastorno-bipolar-tipo-ii-2\/\">depresi\u00f3n bipolar<\/a><\/strong> no debe confundirse con los altibajos emocionales normales. Los cambios de \u00e1nimo que ocurren en el trastorno bipolar son <strong>m\u00e1s intensos, duran m\u00e1s tiempo<\/strong> y afectan significativamente tu vida personal, laboral y social. Tambi\u00e9n pueden ir acompa\u00f1ados de s\u00edntomas f\u00edsicos, dificultades cognitivas y, en algunos casos, ideas suicidas.<\/p>\n\n\n\n<h3 class=\"wp-block-heading has-large-font-size\">La importancia de un diagn\u00f3stico adecuado<\/h3>\n\n\n\n<p>Entender que lo que est\u00e1s viviendo podr\u00eda ser un trastorno real \u2014y no simplemente un problema de car\u00e1cter o personalidad\u2014 es el primer paso para buscar ayuda. Reconocer los signos de la <em>man\u00eda depresiva<\/em> te permite acceder a un diagn\u00f3stico y tratamiento oportuno, que puede marcar una gran diferencia en tu bienestar.<\/p>\n\n\n\n<h2 class=\"wp-block-heading has-text-align-left has-x-large-font-size\">Tipos de Man\u00eda Depresiva<\/h2>\n\n\n\n<p>La <strong>man\u00eda depresiva<\/strong> no es igual para todas las personas. Existen diferentes tipos de este trastorno, que se distinguen seg\u00fan la intensidad de los s\u00edntomas, la duraci\u00f3n de los episodios y c\u00f3mo impactan en tu vida diaria. Conocer estos tipos te puede ayudar a identificar con mayor claridad lo que est\u00e1s experimentando o lo que vive alguien cercano.<\/p>\n\n\n\n<h3 class=\"wp-block-heading has-large-font-size\">Trastorno bipolar tipo I<\/h3>\n\n\n\n<p>Este tipo de <a href=\"https:\/\/fonasa.mindy.cl\/blog\/trastorno-bipolar-tipo-1-mas-que-altibajos-emocionales\/\"><strong>trastorno bipolar tipo 1<\/strong> <\/a>se caracteriza por la presencia de al menos un <strong>episodio man\u00edaco completo<\/strong>. Esto significa que durante al menos una semana (o menos si se requiere hospitalizaci\u00f3n), experimentas s\u00edntomas como euforia extrema, aumento de la energ\u00eda, disminuci\u00f3n del sue\u00f1o, ideas aceleradas y, en algunos casos, comportamientos de riesgo o s\u00edntomas psic\u00f3ticos.<\/p>\n\n\n\n<p>Estos episodios suelen alternarse con <strong>episodios depresivos mayores<\/strong>, donde puedes sentir tristeza profunda, fatiga intensa, p\u00e9rdida de inter\u00e9s en actividades y pensamientos negativos. El trastorno bipolar tipo I es el m\u00e1s severo y puede requerir un tratamiento m\u00e1s intensivo.<\/p>\n\n\n\n<blockquote class=\"wp-block-quote is-layout-flow wp-block-quote-is-layout-flow\">\n<p><strong>Ejemplo<\/strong>: Puedes estar varios d\u00edas con una energ\u00eda inusual, hablando r\u00e1pido, sinti\u00e9ndote invencible, para luego caer en una etapa de desgano absoluto, sin ganas de salir de la cama.<\/p>\n<\/blockquote>\n\n\n\n<h3 class=\"wp-block-heading has-large-font-size\">Trastorno bipolar tipo II<\/h3>\n\n\n\n<p>En el caso del <strong>bipolar tipo II<\/strong>, no se presenta una man\u00eda completa, sino una forma m\u00e1s leve llamada <strong>hipoman\u00eda<\/strong>, que dura al menos cuatro d\u00edas. Aunque puedes sentirte m\u00e1s activo o productivo de lo habitual, esta fase no es tan grave como para causar una ruptura total en tu vida o requerir hospitalizaci\u00f3n.<\/p>\n\n\n\n<p>Sin embargo, los <strong>episodios depresivos<\/strong> en el bipolar tipo II suelen ser intensos y prolongados, y pueden afectar profundamente tu vida emocional y funcional. Por eso, aunque parezca \u201cmenos grave\u201d, tambi\u00e9n necesita diagn\u00f3stico y tratamiento adecuados.<\/p>\n\n\n\n<blockquote class=\"wp-block-quote is-layout-flow wp-block-quote-is-layout-flow\">\n<p><strong>Dato importante<\/strong>: Muchas personas con trastorno bipolar tipo II solo buscan ayuda cuando est\u00e1n en la fase depresiva, sin notar que tambi\u00e9n han tenido periodos de hipoman\u00eda.<\/p>\n<\/blockquote>\n\n\n\n<h3 class=\"wp-block-heading has-large-font-size\">Ciclotimia o trastorno ciclot\u00edmico<\/h3>\n\n\n\n<p>La <strong><a href=\"https:\/\/fonasa.mindy.cl\/blog\/bipolaridad-en-las-personas\/\">ciclotimia<\/a><\/strong> es una forma m\u00e1s leve de <strong>man\u00eda depresiva<\/strong>, pero no por eso deja de ser desafiante. Quienes la padecen experimentan numerosos periodos de s\u00edntomas <strong>hipoman\u00edacos y depresivos leves<\/strong> durante al menos dos a\u00f1os, sin cumplir criterios para episodios completos de man\u00eda o depresi\u00f3n.<\/p>\n\n\n\n<p>Aunque los s\u00edntomas no son tan extremos, pueden ser persistentes y alterar tu bienestar general. Es com\u00fan que las personas con ciclotimia pasen a\u00f1os sin ser diagnosticadas, pensando que simplemente \u201cson as\u00ed\u201d o que sus cambios de \u00e1nimo son parte de su personalidad.<\/p>\n\n\n\n<h3 class=\"wp-block-heading has-large-font-size\">Episodios mixtos y ciclos r\u00e1pidos de man\u00eda depresiva<\/h3>\n\n\n\n<p>En algunos casos, puedes experimentar lo que se conoce como <strong>episodios mixtos<\/strong>, en los que aparecen <strong>s\u00edntomas de man\u00eda y depresi\u00f3n al mismo tiempo<\/strong>. Esto puede ser especialmente confuso y angustiante, ya que puedes sentirte con energ\u00eda pero con pensamientos negativos, o sentir euforia mientras experimentas desesperanza.<\/p>\n\n\n\n<p>Tambi\u00e9n existen los llamados <strong>ciclos r\u00e1pidos<\/strong>, donde ocurren cuatro o m\u00e1s episodios (ya sean man\u00edacos, hipoman\u00edacos o depresivos) en un mismo a\u00f1o. Esta forma del trastorno suele requerir un abordaje m\u00e1s espec\u00edfico, ya que los cambios de \u00e1nimo son m\u00e1s frecuentes y dif\u00edciles de controlar.<\/p>\n\n\n\n<p>Estos distintos tipos muestran que la <em>man\u00eda depresiva<\/em> no es un \u00fanico diagn\u00f3stico, sino un <strong>espectro de trastornos del estado de \u00e1nimo<\/strong>. Comprender cu\u00e1l es el tipo que podr\u00edas estar viviendo es esencial para acceder al tratamiento correcto y mejorar tu calidad de vida.<\/p>\n\n\n\n<h2 class=\"wp-block-heading has-text-align-left has-x-large-font-size\">S\u00edntomas de la fase man\u00edaca o hipoman\u00edaca<\/h2>\n\n\n\n<figure class=\"wp-block-image size-full\"><img loading=\"lazy\" decoding=\"async\" width=\"1280\" height=\"1002\" src=\"https:\/\/fonasa.mindy.cl\/blog\/wp-content\/uploads\/2025\/12\/silhouette-5584106_1280.png\" alt=\"man\u00eda depresiva\" class=\"wp-image-1174\"\/><\/figure>\n\n\n\n<p>Uno de los aspectos m\u00e1s distintivos de la <strong>man\u00eda depresiva<\/strong> es la aparici\u00f3n de periodos de <strong>euforia intensa<\/strong>, aumento de la energ\u00eda y una sensaci\u00f3n de invulnerabilidad. A esto se le conoce como <strong>episodio man\u00edaco<\/strong> (si es severo) o <strong>episodio hipoman\u00edaco<\/strong> (si es m\u00e1s leve). Reconocer estos s\u00edntomas es esencial, ya que muchas veces pueden parecer simplemente \u201cetapas productivas\u201d o \u201ccambios de humor\u201d, cuando en realidad forman parte de un <strong>trastorno del estado de \u00e1nimo<\/strong> que necesita atenci\u00f3n.<\/p>\n\n\n\n<h3 class=\"wp-block-heading has-large-font-size\">Cambios en el estado de \u00e1nimo en la man\u00eda depresiva<\/h3>\n\n\n\n<p>Durante una fase man\u00edaca puedes sentirte:<\/p>\n\n\n\n<ul>\n<li><strong>Excesivamente alegre o euf\u00f3rico<\/strong>, incluso sin una raz\u00f3n clara.<\/li>\n\n\n\n<li><strong>Irritable o impaciente<\/strong>, reaccionando con enojo ante peque\u00f1as frustraciones.<\/li>\n\n\n\n<li><strong>Exaltado emocionalmente<\/strong>, con una autoestima fuera de lo habitual o creencias grandiosas sobre tus capacidades.<\/li>\n<\/ul>\n\n\n\n<p>Estos cambios pueden parecer positivos al inicio, pero con el tiempo tienden a desorganizar tu vida.<\/p>\n\n\n\n<h3 class=\"wp-block-heading has-large-font-size\">Aumento de la energ\u00eda y actividad<\/h3>\n\n\n\n<p>Uno de los signos m\u00e1s evidentes es que parece que no puedes parar. Es posible que:<\/p>\n\n\n\n<ul>\n<li>Tengas <strong>dificultad para dormir<\/strong> o que duermas mucho menos sin sentir cansancio.<\/li>\n\n\n\n<li>Empieces m\u00faltiples proyectos a la vez, sin terminarlos.<\/li>\n\n\n\n<li>Hables m\u00e1s r\u00e1pido de lo normal o interrumpas a otros constantemente.<\/li>\n<\/ul>\n\n\n\n<p>En este estado, puedes sentir que tienes el control, cuando en realidad est\u00e1s perdi\u00e9ndolo.<\/p>\n\n\n\n<h3 class=\"wp-block-heading has-large-font-size\">Pensamiento acelerado y distracci\u00f3n constante<\/h3>\n\n\n\n<p>En la fase man\u00edaca, la mente corre m\u00e1s r\u00e1pido de lo habitual:<\/p>\n\n\n\n<ul>\n<li>Las ideas <strong>saltan de un tema a otro<\/strong>, dificultando mantener un hilo de pensamiento.<\/li>\n\n\n\n<li>Puedes tener lo que se conoce como <strong>\u201cfuga de ideas\u201d<\/strong>, donde hablas de forma inconexa.<\/li>\n\n\n\n<li>Cuesta concentrarse en tareas simples o seguir conversaciones.<\/li>\n<\/ul>\n\n\n\n<p>Todo esto puede ser muy agotador para ti y para quienes te rodean.<\/p>\n\n\n\n<h3 class=\"wp-block-heading has-large-font-size\">Conductas impulsivas o riesgosas<\/h3>\n\n\n\n<p>Uno de los riesgos m\u00e1s serios de esta fase es la <strong>tendencia a actuar sin medir consecuencias<\/strong>. Algunas de las conductas comunes incluyen:<\/p>\n\n\n\n<ul>\n<li><strong>Gastos excesivos<\/strong> o compras impulsivas.<\/li>\n\n\n\n<li><strong>Relaciones sexuales de riesgo<\/strong> o comportamientos desinhibidos.<\/li>\n\n\n\n<li><strong>Decisiones imprudentes<\/strong>, como dejar el trabajo, viajar repentinamente o involucrarse en negocios dudosos.<\/li>\n<\/ul>\n\n\n\n<p>Estas acciones, que en el momento pueden parecer emocionantes o incluso l\u00f3gicas, suelen tener repercusiones importantes en tu vida posterior.<\/p>\n\n\n\n<h3 class=\"wp-block-heading has-large-font-size\">S\u00edntomas psic\u00f3ticos en casos graves<\/h3>\n\n\n\n<p>En los episodios man\u00edacos m\u00e1s severos, algunas personas pueden experimentar s\u00edntomas psic\u00f3ticos, como:<\/p>\n\n\n\n<figure class=\"wp-block-table\"><table><thead><tr><th><strong>S\u00edntoma psic\u00f3tico<\/strong><\/th><th><strong>Descripci\u00f3n<\/strong><\/th><\/tr><\/thead><tbody><tr><td><strong>Delirios de grandeza<\/strong><\/td><td>Creer que tienes habilidades extraordinarias (p. ej., ser un elegido, tener poderes especiales).<\/td><\/tr><tr><td><strong>Alucinaciones<\/strong><\/td><td>Ver u o\u00edr cosas que no est\u00e1n presentes en la realidad.<\/td><\/tr><tr><td><strong>Desconexi\u00f3n de la realidad<\/strong><\/td><td>Dificultad para reconocer que est\u00e1s enfermo o alterado.<\/td><\/tr><\/tbody><\/table><\/figure>\n\n\n\n<p>Cuando se presentan estos s\u00edntomas, el episodio requiere atenci\u00f3n m\u00e9dica urgente.<\/p>\n\n\n\n<hr class=\"wp-block-separator has-alpha-channel-opacity\"\/>\n\n\n\n<p>La <strong>fase man\u00edaca o hipoman\u00edaca<\/strong> puede parecer inofensiva o incluso \u201c\u00fatil\u201d al principio, pero sus efectos pueden ser profundamente disruptivos. En el contexto de la <strong>man\u00eda depresiva<\/strong>, este tipo de episodios deben tomarse con la misma seriedad que los periodos depresivos, ya que tambi\u00e9n pueden da\u00f1ar tu salud, tus relaciones y tu estabilidad emocional.<\/p>\n\n\n\n<h3 class=\"wp-block-heading has-text-align-left has-large-font-size\">S\u00edntomas de la fase depresiva de la man\u00eda depresiva<\/h3>\n\n\n\n<p>En la otra cara de la <strong>man\u00eda depresiva<\/strong> se encuentra la fase depresiva, marcada por un profundo descenso en el estado de \u00e1nimo, la energ\u00eda y la motivaci\u00f3n. Esta etapa no se trata solo de \u201cestar triste\u201d, sino de un <strong>trastorno depresivo mayor<\/strong> con s\u00edntomas intensos que afectan gravemente tu bienestar y funcionamiento diario.<\/p>\n\n\n\n<h3 class=\"wp-block-heading has-large-font-size\">Estado de \u00e1nimo persistentemente bajo<\/h3>\n\n\n\n<p>Durante esta fase, puedes sentir una tristeza tan profunda que no desaparece con el tiempo. Algunos de los sentimientos m\u00e1s comunes incluyen:<\/p>\n\n\n\n<ul>\n<li><strong>Desesperanza<\/strong> constante, como si nada fuera a mejorar.<\/li>\n\n\n\n<li>Sensaci\u00f3n de <strong>vac\u00edo emocional<\/strong>, como si estuvieras desconectado de todo.<\/li>\n\n\n\n<li><strong>P\u00e9rdida de inter\u00e9s o placer<\/strong> en actividades que antes disfrutabas (anhedonia).<\/li>\n<\/ul>\n\n\n\n<p>Este estado puede durar semanas o incluso meses si no se trata adecuadamente.<\/p>\n\n\n\n<h3 class=\"wp-block-heading has-large-font-size\">Cambios f\u00edsicos y cognitivos<\/h3>\n\n\n\n<p>La <strong>depresi\u00f3n bipolar<\/strong> no solo impacta tus emociones, tambi\u00e9n afecta tu cuerpo y tu capacidad de pensar:<\/p>\n\n\n\n<ul>\n<li><strong>Fatiga extrema<\/strong>: sentir que cualquier tarea, incluso levantarse o ducharse, requiere un gran esfuerzo.<\/li>\n\n\n\n<li><strong>Alteraciones del sue\u00f1o<\/strong>: puedes tener insomnio persistente o dormir demasiado (hipersomnia).<\/li>\n\n\n\n<li><strong>Cambios en el apetito<\/strong>: p\u00e9rdida o aumento marcado del apetito y, con ello, del peso.<\/li>\n\n\n\n<li><strong>Dificultad para concentrarse<\/strong> o para tomar decisiones, incluso simples.<\/li>\n<\/ul>\n\n\n\n<p>Estos s\u00edntomas muchas veces se confunden con otras condiciones m\u00e9dicas o se subestiman.<\/p>\n\n\n\n<h3 class=\"wp-block-heading has-large-font-size\">Pensamientos negativos sobre ti y el futuro<\/h3>\n\n\n\n<p>En la fase depresiva de la <em>man\u00eda depresiva<\/em>, los pensamientos pueden volverse muy autocr\u00edticos y oscuros:<\/p>\n\n\n\n<ul>\n<li><strong>Sentimientos de culpa excesiva<\/strong>, incluso por cosas que no dependen de ti.<\/li>\n\n\n\n<li>Sensaci\u00f3n de <strong>inutilidad<\/strong> o de ser una carga para los dem\u00e1s.<\/li>\n\n\n\n<li><strong>Ideas suicidas<\/strong>, que pueden variar desde pensamientos pasivos hasta planes concretos.<\/li>\n<\/ul>\n\n\n\n<blockquote class=\"wp-block-quote is-layout-flow wp-block-quote-is-layout-flow\">\n<p><strong>Importante<\/strong>: Si t\u00fa o alguien cercano expresa pensamientos suicidas, es fundamental buscar ayuda profesional de inmediato. No es un signo de debilidad, sino un s\u00edntoma grave que merece atenci\u00f3n.<\/p>\n<\/blockquote>\n\n\n\n<h3 class=\"wp-block-heading has-large-font-size\">Aislamiento social y p\u00e9rdida de funcionalidad<\/h3>\n\n\n\n<p>A medida que la depresi\u00f3n se instala, es com\u00fan que te alejes de amigos, familiares o actividades cotidianas. Puedes dejar de ir al trabajo, abandonar compromisos o perder el contacto con personas importantes. Este aislamiento refuerza el estado depresivo y puede dificultar la recuperaci\u00f3n.<\/p>\n\n\n\n<p>Aunque a veces la <strong>fase depresiva<\/strong> se confunde con una depresi\u00f3n \u201cnormal\u201d, en el contexto de la <strong>man\u00eda depresiva<\/strong>, tiene particularidades que requieren un enfoque de tratamiento diferente. Entender estos s\u00edntomas y c\u00f3mo se presentan en tu vida es clave para pedir ayuda, ponerle nombre a lo que sientes y comenzar un proceso de recuperaci\u00f3n.<\/p>\n\n\n\n<h3 class=\"wp-block-heading has-text-align-left has-large-font-size\">Causas y factores de riesgo de la <em>man\u00eda depresiva<\/em><\/h3>\n\n\n\n<p>Comprender qu\u00e9 origina la <strong>man\u00eda depresiva<\/strong> puede ayudarte a mirar tu experiencia desde una perspectiva m\u00e1s compasiva y fundamentada. Este trastorno no es el resultado de decisiones personales ni de debilidad emocional, sino una condici\u00f3n compleja en la que interact\u00faan diversos factores biol\u00f3gicos, psicol\u00f3gicos y sociales.<\/p>\n\n\n\n<h2 class=\"wp-block-heading has-x-large-font-size\">Causas biol\u00f3gicas y gen\u00e9ticas de la man\u00eda depresiva<\/h2>\n\n\n\n<p>Uno de los elementos m\u00e1s estudiados en relaci\u00f3n al <strong>trastorno bipolar<\/strong> es la gen\u00e9tica. Diversas investigaciones han demostrado que:<\/p>\n\n\n\n<ul>\n<li>Existe una <strong>herencia familiar<\/strong>: si tienes un familiar de primer grado (padre, madre, hermano\/a) con trastorno bipolar, tu probabilidad de desarrollarlo es mayor.<\/li>\n\n\n\n<li>Se han identificado alteraciones en ciertos <strong>neurotransmisores cerebrales<\/strong>, como la dopamina, serotonina y noradrenalina, que participan en la regulaci\u00f3n del estado de \u00e1nimo.<\/li>\n\n\n\n<li>Tambi\u00e9n se observan diferencias en la <strong>estructura y funcionamiento del cerebro<\/strong>, especialmente en \u00e1reas relacionadas con la emoci\u00f3n y el autocontrol, como el l\u00f3bulo frontal y el sistema l\u00edmbico.<\/li>\n<\/ul>\n\n\n\n<p>Esto significa que hay una predisposici\u00f3n biol\u00f3gica, aunque no determina por s\u00ed sola la aparici\u00f3n del trastorno.<\/p>\n\n\n\n<h3 class=\"wp-block-heading has-large-font-size\">Factores ambientales y psicosociales<\/h3>\n\n\n\n<p>Aunque la predisposici\u00f3n gen\u00e9tica es importante, no es el \u00fanico elemento. Muchos casos de <em>man\u00eda depresiva<\/em> se desencadenan o agravan por factores del entorno, como:<\/p>\n\n\n\n<ul>\n<li><strong>Estr\u00e9s cr\u00f3nico<\/strong> o experiencias traum\u00e1ticas en la infancia o adultez.<\/li>\n\n\n\n<li><strong>Eventos vitales importantes<\/strong>, como la p\u00e9rdida de un ser querido, rupturas sentimentales, problemas econ\u00f3micos o cambios laborales dr\u00e1sticos.<\/li>\n\n\n\n<li><strong>Falta de sue\u00f1o<\/strong>, cambios bruscos en la rutina o consumo de sustancias psicoactivas (alcohol, drogas estimulantes).<\/li>\n<\/ul>\n\n\n\n<p>Estos factores pueden actuar como detonantes de los primeros episodios o aumentar la frecuencia de reca\u00eddas.<\/p>\n\n\n\n<h3 class=\"wp-block-heading has-large-font-size\">Factores psicol\u00f3gicos y de personalidad<\/h3>\n\n\n\n<p>Algunas caracter\u00edsticas personales pueden influir en c\u00f3mo se manifiesta o evoluciona la <strong>man\u00eda depresiva<\/strong>, aunque no sean causa directa:<\/p>\n\n\n\n<ul>\n<li>Tendencia al <strong>perfeccionismo<\/strong> o a exigencias internas elevadas.<\/li>\n\n\n\n<li>Dificultad para gestionar el estr\u00e9s o regular emociones intensas.<\/li>\n\n\n\n<li>Estilos de pensamiento r\u00edgidos, como el \u201ctodo o nada\u201d.<\/li>\n<\/ul>\n\n\n\n<p>Estas caracter\u00edsticas no explican el trastorno por s\u00ed solas, pero s\u00ed pueden afectar la forma en que se vive y se enfrenta.<\/p>\n\n\n\n<h3 class=\"wp-block-heading has-large-font-size\">Comorbilidades frecuentes<\/h3>\n\n\n\n<p>La <em>man\u00eda depresiva<\/em> a menudo se presenta junto a otros problemas de salud mental, lo que puede dificultar el diagn\u00f3stico y tratamiento:<\/p>\n\n\n\n<figure class=\"wp-block-table\"><table><thead><tr><th><strong>Trastorno asociado<\/strong><\/th><th><strong>C\u00f3mo se relaciona<\/strong><\/th><\/tr><\/thead><tbody><tr><td>Trastornos de ansiedad<\/td><td>Pueden coexistir, especialmente trastorno de p\u00e1nico o ansiedad generalizada.<\/td><\/tr><tr><td>Consumo problem\u00e1tico de sustancias<\/td><td>A veces se usan como forma de \u201cautomedicaci\u00f3n\u201d, agravando los s\u00edntomas.<\/td><\/tr><tr><td>Trastorno por d\u00e9ficit atencional<\/td><td>Puede confundirse con s\u00edntomas de man\u00eda o hipoman\u00eda.<\/td><\/tr><tr><td>Trastornos de la personalidad<\/td><td>En algunos casos hay superposici\u00f3n de s\u00edntomas y diagn\u00f3stico diferencial.<\/td><\/tr><\/tbody><\/table><\/figure>\n\n\n\n<p>La <strong>man\u00eda depresiva<\/strong> surge de una interacci\u00f3n entre la biolog\u00eda del cerebro, la historia de vida y el entorno en que se desarrolla la persona. Entender esto permite dejar atr\u00e1s la culpa y enfocarse en lo importante: buscar apoyo y tratamiento adecuados.<\/p>\n\n\n\n<h3 class=\"wp-block-heading has-text-align-left has-large-font-size\">Diagn\u00f3stico de la <em>man\u00eda depresiva<\/em><\/h3>\n\n\n\n<p>Llegar a un diagn\u00f3stico claro de <strong>man\u00eda depresiva<\/strong>, o <strong>trastorno bipolar<\/strong>, puede ser un proceso complejo. Muchas personas pasan a\u00f1os sin saber qu\u00e9 les ocurre, o reciben diagn\u00f3sticos incorrectos, especialmente cuando los s\u00edntomas depresivos son m\u00e1s notorios que los man\u00edacos. Por eso es fundamental saber c\u00f3mo se eval\u00faa esta condici\u00f3n.<\/p>\n\n\n\n<h4 class=\"wp-block-heading has-medium-font-size\">Evaluaci\u00f3n cl\u00ednica especializada<\/h4>\n\n\n\n<p>El diagn\u00f3stico de la <em>man\u00eda depresiva<\/em> debe ser realizado por un profesional de salud mental, como un <strong>psiquiatra<\/strong> o <strong>psic\u00f3logo cl\u00ednico<\/strong>, quien evaluar\u00e1 diversos aspectos de tu historia personal y s\u00edntomas actuales. Esto suele incluir:<\/p>\n\n\n\n<ul>\n<li><strong>Entrevistas cl\u00ednicas estructuradas<\/strong>, donde se exploran los s\u00edntomas, su duraci\u00f3n, intensidad y c\u00f3mo han afectado tu vida.<\/li>\n\n\n\n<li><strong>Revisi\u00f3n de episodios pasados<\/strong>, incluso si no los consideraste \u201canormales\u201d en su momento.<\/li>\n\n\n\n<li><strong>Consulta con familiares o personas cercanas<\/strong>, cuando es necesario, para comprender mejor tu funcionamiento en distintos contextos.<\/li>\n<\/ul>\n\n\n\n<p>El diagn\u00f3stico no se basa en un solo s\u00edntoma, sino en un <strong>patr\u00f3n persistente de cambios de \u00e1nimo<\/strong>, energ\u00eda, comportamiento y funcionamiento.<\/p>\n\n\n\n<h4 class=\"wp-block-heading has-medium-font-size\">Criterios diagn\u00f3sticos<\/h4>\n\n\n\n<p>Para establecer un diagn\u00f3stico, los profesionales utilizan manuales como el <strong>DSM\u20115 (Manual Diagn\u00f3stico y Estad\u00edstico de los Trastornos Mentales)<\/strong> o la <strong>CIE\u201111 (Clasificaci\u00f3n Internacional de Enfermedades)<\/strong>. Algunos criterios clave incluyen:<\/p>\n\n\n\n<figure class=\"wp-block-table\"><table><thead><tr><th><strong>Tipo de episodio<\/strong><\/th><th><strong>Duraci\u00f3n m\u00ednima<\/strong><\/th><th><strong>S\u00edntomas principales<\/strong><\/th><\/tr><\/thead><tbody><tr><td>Episodio man\u00edaco<\/td><td>7 d\u00edas (o menos si requiere hospitalizaci\u00f3n)<\/td><td>Estado de \u00e1nimo elevado o irritable, energ\u00eda excesiva, conductas impulsivas.<\/td><\/tr><tr><td>Episodio hipoman\u00edaco<\/td><td>4 d\u00edas<\/td><td>Similar a man\u00eda, pero menos grave y sin ruptura total del funcionamiento.<\/td><\/tr><tr><td>Episodio depresivo mayor<\/td><td>2 semanas<\/td><td>Tristeza profunda, anhedonia, fatiga, alteraciones cognitivas o som\u00e1ticas.<\/td><\/tr><\/tbody><\/table><\/figure>\n\n\n\n<p>Estos episodios deben causar <strong>un malestar significativo o interferencia en la vida diaria<\/strong>, y no explicarse mejor por otras condiciones m\u00e9dicas o uso de sustancias.<\/p>\n\n\n\n<h4 class=\"wp-block-heading has-medium-font-size\">Dificultades en el diagn\u00f3stico de la man\u00eda depresiva<\/h4>\n\n\n\n<p>Hay varios factores que pueden dificultar el diagn\u00f3stico correcto de la <strong>man\u00eda depresiva<\/strong>:<\/p>\n\n\n\n<ul>\n<li>Muchas personas <strong>buscan ayuda solo en la fase depresiva<\/strong>, sin mencionar (o sin reconocer) sus periodos de man\u00eda o hipoman\u00eda.<\/li>\n\n\n\n<li>Los episodios man\u00edacos pueden ser <strong>percibidos como momentos \u201cbuenos\u201d o productivos<\/strong>, y no como parte de una enfermedad.<\/li>\n\n\n\n<li>Puede confundirse con otros trastornos, como la <strong>depresi\u00f3n unipolar<\/strong>, el <strong>trastorno de personalidad l\u00edmite<\/strong> o incluso con <strong>TDAH<\/strong>.<\/li>\n<\/ul>\n\n\n\n<p>Por eso es tan importante realizar una evaluaci\u00f3n exhaustiva y considerar todo el historial emocional y conductual.<\/p>\n\n\n\n<h4 class=\"wp-block-heading has-medium-font-size\">Importancia del diagn\u00f3stico temprano<\/h4>\n\n\n\n<p>Detectar la <em>man\u00eda depresiva<\/em> de forma temprana permite:<\/p>\n\n\n\n<ul>\n<li>Iniciar un tratamiento adecuado y evitar reca\u00eddas.<\/li>\n\n\n\n<li>Reducir el impacto en las relaciones, el trabajo y la salud general.<\/li>\n\n\n\n<li>Prevenir riesgos asociados, como el suicidio o el uso de sustancias.<\/li>\n<\/ul>\n\n\n\n<p>Un diagn\u00f3stico no es una etiqueta, sino una herramienta que abre el camino a la comprensi\u00f3n, la planificaci\u00f3n terap\u00e9utica y la recuperaci\u00f3n.<\/p>\n\n\n\n<h3 class=\"wp-block-heading has-large-font-size\">Impacto de la <em>man\u00eda depresiva<\/em> en la vida cotidiana<\/h3>\n\n\n\n<p>Vivir con <strong>man\u00eda depresiva<\/strong> implica mucho m\u00e1s que lidiar con cambios de \u00e1nimo. Este trastorno puede afectar profundamente tu vida personal, tus relaciones, tu estabilidad laboral e incluso tu salud f\u00edsica. Entender este impacto no es para asustarte, sino para que veas por qu\u00e9 es tan importante <strong>buscar apoyo profesional a tiempo<\/strong>.<\/p>\n\n\n\n<h4 class=\"wp-block-heading has-medium-font-size\">Dificultades en el funcionamiento diario<\/h4>\n\n\n\n<p>Durante los episodios, ya sean man\u00edacos o depresivos, las tareas m\u00e1s simples pueden volverse inmanejables. Algunas de las dificultades m\u00e1s frecuentes incluyen:<\/p>\n\n\n\n<ul>\n<li><strong>Bajo rendimiento laboral o acad\u00e9mico<\/strong> debido a la falta de concentraci\u00f3n, la impulsividad o la ausencia por s\u00edntomas severos.<\/li>\n\n\n\n<li><strong>Problemas en las relaciones interpersonales<\/strong>, como conflictos con la pareja, familia o amistades, especialmente por conductas err\u00e1ticas o incomprendidas.<\/li>\n\n\n\n<li><strong>Interrupci\u00f3n de rutinas b\u00e1sicas<\/strong>, como el sue\u00f1o, la alimentaci\u00f3n o el autocuidado.<\/li>\n<\/ul>\n\n\n\n<p>Esto puede generar un ciclo negativo: los s\u00edntomas afectan tu vida, y las consecuencias de ese impacto aumentan tu malestar.<\/p>\n\n\n\n<h4 class=\"wp-block-heading has-medium-font-size\">Aumento del riesgo de suicidio<\/h4>\n\n\n\n<p>Uno de los aspectos m\u00e1s graves de la <em>mania depresiva<\/em> es el <strong>alto riesgo de suicidio<\/strong>, especialmente en las fases depresivas o en los episodios mixtos (cuando se combinan s\u00edntomas de ambos polos). Las estad\u00edsticas indican que:<\/p>\n\n\n\n<ul>\n<li>Entre un 25% y 50% de las personas con trastorno bipolar <strong>intentan suicidarse al menos una vez en la vida<\/strong>.<\/li>\n\n\n\n<li>El riesgo de muerte por suicidio es <strong>hasta 20 veces mayor<\/strong> que en la poblaci\u00f3n general.<\/li>\n<\/ul>\n\n\n\n<p>Este dato subraya la urgencia de identificar los s\u00edntomas y ofrecer acompa\u00f1amiento adecuado. La prevenci\u00f3n del suicidio comienza con el diagn\u00f3stico y el tratamiento temprano.<\/p>\n\n\n\n<h4 class=\"wp-block-heading has-medium-font-size\">Mayor vulnerabilidad a problemas m\u00e9dicos<\/h4>\n\n\n\n<p>El <strong>trastorno bipolar<\/strong> no solo afecta la salud mental. Las personas que viven con esta condici\u00f3n tienen m\u00e1s probabilidades de desarrollar enfermedades f\u00edsicas como:<\/p>\n\n\n\n<ul>\n<li><strong>Problemas cardiovasculares<\/strong> (presi\u00f3n alta, enfermedades del coraz\u00f3n).<\/li>\n\n\n\n<li><strong>Trastornos metab\u00f3licos<\/strong>, como obesidad o diabetes tipo 2.<\/li>\n\n\n\n<li><strong>Enfermedades respiratorias<\/strong> y condiciones inmunol\u00f3gicas.<\/li>\n<\/ul>\n\n\n\n<p>Esto puede deberse a varios factores, como el estr\u00e9s cr\u00f3nico, el estilo de vida desorganizado durante los episodios, efectos secundarios de medicamentos o falta de atenci\u00f3n m\u00e9dica regular.<\/p>\n\n\n\n<h4 class=\"wp-block-heading has-medium-font-size\">Estigma y aislamiento social<\/h4>\n\n\n\n<p>A menudo, quienes viven con <em>man\u00eda depresiva<\/em> enfrentan <strong>estigmas sociales<\/strong> que dificultan a\u00fan m\u00e1s su recuperaci\u00f3n. Es com\u00fan que:<\/p>\n\n\n\n<ul>\n<li>Se les tache de \u201cinestables\u201d, \u201cperezosos\u201d o \u201cexagerados\u201d.<\/li>\n\n\n\n<li>Las personas del entorno no comprendan los cambios de \u00e1nimo y los atribuyan a problemas de personalidad.<\/li>\n\n\n\n<li>Se sientan avergonzados de pedir ayuda por miedo a ser juzgados.<\/li>\n<\/ul>\n\n\n\n<p>Este estigma puede llevar al <strong>aislamiento<\/strong>, a no adherirse al tratamiento o incluso a ocultar los s\u00edntomas.<\/p>\n\n\n\n<p>La <strong>man\u00eda depresiva<\/strong> no es un trastorno menor ni pasajero. Tiene un impacto real y profundo, pero tambi\u00e9n <strong>es tratable<\/strong>. Con el acompa\u00f1amiento adecuado, muchas personas logran recuperar la estabilidad, retomar sus proyectos y mejorar significativamente su calidad de vida.<\/p>\n\n\n\n<h3 class=\"wp-block-heading has-large-font-size\">Impacto de la <em>man\u00eda depresiva<\/em> en la vida cotidiana<\/h3>\n\n\n\n<p>Vivir con <strong>man\u00eda depresiva<\/strong> implica mucho m\u00e1s que lidiar con cambios de \u00e1nimo. Este trastorno puede afectar profundamente tu vida personal, tus relaciones, tu estabilidad laboral e incluso tu salud f\u00edsica. Entender este impacto no es para asustarte, sino para que veas por qu\u00e9 es tan importante <strong>buscar apoyo profesional a tiempo<\/strong>.<\/p>\n\n\n\n<h4 class=\"wp-block-heading has-medium-font-size\">Dificultades en el funcionamiento diario<\/h4>\n\n\n\n<p>Durante los episodios, ya sean man\u00edacos o depresivos, las tareas m\u00e1s simples pueden volverse inmanejables. Algunas de las dificultades m\u00e1s frecuentes incluyen:<\/p>\n\n\n\n<ul>\n<li><strong>Bajo rendimiento laboral o acad\u00e9mico<\/strong> debido a la falta de concentraci\u00f3n, la impulsividad o la ausencia por s\u00edntomas severos.<\/li>\n\n\n\n<li><strong>Problemas en las relaciones interpersonales<\/strong>, como conflictos con la pareja, familia o amistades, especialmente por conductas err\u00e1ticas o incomprendidas.<\/li>\n\n\n\n<li><strong>Interrupci\u00f3n de rutinas b\u00e1sicas<\/strong>, como el sue\u00f1o, la alimentaci\u00f3n o el autocuidado.<\/li>\n<\/ul>\n\n\n\n<p>Esto puede generar un ciclo negativo: los s\u00edntomas afectan tu vida, y las consecuencias de ese impacto aumentan tu malestar.<\/p>\n\n\n\n<h4 class=\"wp-block-heading has-medium-font-size\">Aumento del riesgo de suicidio<\/h4>\n\n\n\n<p>Uno de los aspectos m\u00e1s graves de la <em>man\u00eda depresiva<\/em> es el <strong>alto riesgo de suicidio<\/strong>, especialmente en las fases depresivas o en los episodios mixtos (cuando se combinan s\u00edntomas de ambos polos). Las estad\u00edsticas indican que:<\/p>\n\n\n\n<ul>\n<li>Entre un 25% y 50% de las personas con trastorno bipolar <strong>intentan suicidarse al menos una vez en la vida<\/strong>.<\/li>\n\n\n\n<li>El riesgo de muerte por suicidio es <strong>hasta 20 veces mayor<\/strong> que en la poblaci\u00f3n general.<\/li>\n<\/ul>\n\n\n\n<p>Este dato subraya la urgencia de identificar los s\u00edntomas y ofrecer acompa\u00f1amiento adecuado. La prevenci\u00f3n del suicidio comienza con el diagn\u00f3stico y el tratamiento temprano.<\/p>\n\n\n\n<h4 class=\"wp-block-heading has-medium-font-size\">Mayor vulnerabilidad a problemas m\u00e9dicos<\/h4>\n\n\n\n<p>El <strong>trastorno bipolar<\/strong> no solo afecta la salud mental. Las personas que viven con esta condici\u00f3n tienen m\u00e1s probabilidades de desarrollar enfermedades f\u00edsicas como:<\/p>\n\n\n\n<ul>\n<li><strong>Problemas cardiovasculares<\/strong> (presi\u00f3n alta, enfermedades del coraz\u00f3n).<\/li>\n\n\n\n<li><strong>Trastornos metab\u00f3licos<\/strong>, como obesidad o diabetes tipo 2.<\/li>\n\n\n\n<li><strong>Enfermedades respiratorias<\/strong> y condiciones inmunol\u00f3gicas.<\/li>\n<\/ul>\n\n\n\n<p>Esto puede deberse a varios factores, como el estr\u00e9s cr\u00f3nico, el estilo de vida desorganizado durante los episodios, efectos secundarios de medicamentos o falta de atenci\u00f3n m\u00e9dica regular.<\/p>\n\n\n\n<h4 class=\"wp-block-heading has-medium-font-size\">Estigma y aislamiento social<\/h4>\n\n\n\n<p>A menudo, quienes viven con <em>man\u00eda depresiva<\/em> enfrentan <strong>estigmas sociales<\/strong> que dificultan a\u00fan m\u00e1s su recuperaci\u00f3n. Es com\u00fan que:<\/p>\n\n\n\n<ul>\n<li>Se les tache de \u201cinestables\u201d, \u201cperezosos\u201d o \u201cexagerados\u201d.<\/li>\n\n\n\n<li>Las personas del entorno no comprendan los cambios de \u00e1nimo y los atribuyan a problemas de personalidad.<\/li>\n\n\n\n<li>Se sientan avergonzados de pedir ayuda por miedo a ser juzgados.<\/li>\n<\/ul>\n\n\n\n<p>Este estigma puede llevar al <strong>aislamiento<\/strong>, a no adherirse al tratamiento o incluso a ocultar los s\u00edntomas.<\/p>\n\n\n\n<p>La <strong>man\u00eda depresiva<\/strong> no es un trastorno menor ni pasajero. Tiene un impacto real y profundo, pero tambi\u00e9n <strong>es tratable<\/strong>. Con el acompa\u00f1amiento adecuado, muchas personas logran recuperar la estabilidad, retomar sus proyectos y mejorar significativamente su calidad de vida.<\/p>\n\n\n\n<h3 class=\"wp-block-heading has-text-align-left has-large-font-size\">Tratamiento y manejo de la <em>mania depresiva<\/em><\/h3>\n\n\n\n<figure class=\"wp-block-image size-full\"><img loading=\"lazy\" decoding=\"async\" width=\"1280\" height=\"916\" src=\"https:\/\/fonasa.mindy.cl\/blog\/wp-content\/uploads\/2025\/12\/therapist-9624067_1280.png\" alt=\"man\u00eda depresiva\" class=\"wp-image-1175\"\/><\/figure>\n\n\n\n<p>Aunque la <strong>man\u00eda depresiva<\/strong> es una condici\u00f3n cr\u00f3nica, eso no significa que debas resignarte a vivir en desequilibrio. Existen tratamientos eficaces que pueden ayudarte a estabilizar tu estado de \u00e1nimo, prevenir reca\u00eddas y llevar una vida funcional y satisfactoria. Lo m\u00e1s importante es entender que <strong>el tratamiento es a largo plazo<\/strong> y requiere compromiso, acompa\u00f1amiento profesional y ajustes personalizados.<\/p>\n\n\n\n<h4 class=\"wp-block-heading has-medium-font-size\">Tratamiento farmacol\u00f3gico<\/h4>\n\n\n\n<p>El pilar del tratamiento suele ser el uso de <strong>medicaci\u00f3n estabilizadora del \u00e1nimo<\/strong>, siempre indicada y supervisada por un psiquiatra. Los f\u00e1rmacos m\u00e1s utilizados incluyen:<\/p>\n\n\n\n<figure class=\"wp-block-table\"><table><thead><tr><th><strong>Tipo de medicamento<\/strong><\/th><th><strong>Funci\u00f3n principal<\/strong><\/th><\/tr><\/thead><tbody><tr><td>Estabilizadores del \u00e1nimo<\/td><td>Reducen la frecuencia e intensidad de los episodios (p. ej., litio, valproato).<\/td><\/tr><tr><td>Antipsic\u00f3ticos at\u00edpicos<\/td><td>\u00datiles para tratar fases man\u00edacas o mixtas con s\u00edntomas m\u00e1s intensos.<\/td><\/tr><tr><td>Antidepresivos<\/td><td>Se usan con precauci\u00f3n, ya que pueden desencadenar man\u00eda si no se combinan con estabilizadores.<\/td><\/tr><\/tbody><\/table><\/figure>\n\n\n\n<p>Es frecuente que se necesite <strong>ajustar la dosis o combinar medicamentos<\/strong> en distintas fases del tratamiento, y puede tomar tiempo encontrar la f\u00f3rmula adecuada para cada persona.<\/p>\n\n\n\n<h4 class=\"wp-block-heading has-medium-font-size\">Psicoterapia: un complemento fundamental<\/h4>\n\n\n\n<p>Adem\u00e1s de los medicamentos, la <strong>terapia psicol\u00f3gica<\/strong> cumple un rol clave en el manejo de la <em>mania depresiva<\/em>. Algunos enfoques terap\u00e9uticos efectivos incluyen:<\/p>\n\n\n\n<ul>\n<li><strong>Terapia cognitivo-conductual (TCC)<\/strong>: ayuda a identificar pensamientos disfuncionales, gestionar emociones intensas y crear rutinas saludables.<\/li>\n\n\n\n<li><strong>Psicoeducaci\u00f3n<\/strong>: permite comprender mejor el trastorno, reconocer se\u00f1ales de alerta y aprender a manejar los s\u00edntomas.<\/li>\n\n\n\n<li><strong>Terapia interpersonal y de ritmo social<\/strong>: orientada a estabilizar relaciones y rutinas diarias.<\/li>\n\n\n\n<li><strong>Terapia familiar<\/strong>: \u00fatil para mejorar la comunicaci\u00f3n con el entorno y generar apoyo estructurado.<\/li>\n<\/ul>\n\n\n\n<p>La psicoterapia no reemplaza la medicaci\u00f3n, pero la complementa y fortalece el proceso de recuperaci\u00f3n.<\/p>\n\n\n\n<h4 class=\"wp-block-heading has-medium-font-size\">Cambios en el estilo de vida<\/h4>\n\n\n\n<p>Vivir con <strong>man\u00eda depresiva<\/strong> implica desarrollar estrategias que favorezcan el equilibrio emocional. Algunas pr\u00e1cticas recomendadas son:<\/p>\n\n\n\n<ul>\n<li><strong>Mantener rutinas regulares<\/strong>, especialmente en el sue\u00f1o, la alimentaci\u00f3n y el ejercicio.<\/li>\n\n\n\n<li><strong>Reducir el estr\u00e9s<\/strong> a trav\u00e9s de t\u00e9cnicas como mindfulness, respiraci\u00f3n consciente o actividades relajantes.<\/li>\n\n\n\n<li><strong>Evitar el consumo de alcohol y drogas<\/strong>, ya que pueden interferir con el tratamiento y aumentar el riesgo de reca\u00eddas.<\/li>\n\n\n\n<li><strong>Registrar el estado de \u00e1nimo<\/strong>, para detectar patrones, identificar factores desencadenantes y anticipar episodios.<\/li>\n<\/ul>\n\n\n\n<p>Estos h\u00e1bitos no son \u201ccuras\u201d, pero s\u00ed herramientas poderosas para mejorar tu calidad de vida y reforzar el tratamiento m\u00e9dico.<\/p>\n\n\n\n<h4 class=\"wp-block-heading has-medium-font-size\">Seguimiento a largo plazo<\/h4>\n\n\n\n<p>Dado que la <em>man\u00eda depresiva<\/em> es un trastorno c\u00edclico, es esencial mantener un <strong>seguimiento continuo<\/strong> con tu equipo de salud mental. Esto incluye:<\/p>\n\n\n\n<ul>\n<li>Controles regulares con psiquiatra y terapeuta.<\/li>\n\n\n\n<li>Ajustes del tratamiento seg\u00fan evoluci\u00f3n de los s\u00edntomas.<\/li>\n\n\n\n<li>Supervisi\u00f3n de posibles efectos secundarios de los medicamentos.<\/li>\n<\/ul>\n\n\n\n<p>El seguimiento permite actuar de forma preventiva ante se\u00f1ales tempranas de reca\u00edda y mantener la estabilidad a lo largo del tiempo.<\/p>\n\n\n\n<p>Aunque el camino del tratamiento puede tener altibajos, la <strong>man\u00eda depresiva es manejable<\/strong>. Con el apoyo adecuado, puedes aprender a vivir con esta condici\u00f3n sin que defina qui\u00e9n eres ni limite tu bienestar.<\/p>\n\n\n\n<h3 class=\"wp-block-heading has-text-align-left has-large-font-size\">Prevenci\u00f3n de reca\u00eddas y se\u00f1ales de alerta<\/h3>\n\n\n\n<p>Uno de los mayores desaf\u00edos de la <strong>man\u00eda depresiva<\/strong> es su car\u00e1cter c\u00edclico. Despu\u00e9s de un episodio, muchas personas se sienten mejor y piensan que ya no necesitan tratamiento, pero la realidad es que sin cuidados adecuados, <strong>las reca\u00eddas son frecuentes<\/strong>. Por eso, aprender a <strong>reconocer se\u00f1ales tempranas<\/strong> y tomar medidas preventivas es una parte fundamental del manejo del trastorno.<\/p>\n\n\n\n<h4 class=\"wp-block-heading has-medium-font-size\">Identifica tus se\u00f1ales de advertencia<\/h4>\n\n\n\n<p>Cada persona vive la <strong>man\u00eda depresiva<\/strong> de forma diferente, pero con el tiempo, muchas logran identificar ciertos <strong>s\u00edntomas tempranos<\/strong> que preceden a un episodio. Estos signos pueden ser sutiles, pero si los reconoces a tiempo, puedes actuar antes de que la situaci\u00f3n se descontrole.<\/p>\n\n\n\n<p><strong>Se\u00f1ales tempranas de man\u00eda<\/strong>:<\/p>\n\n\n\n<ul>\n<li>Disminuci\u00f3n de la necesidad de dormir.<\/li>\n\n\n\n<li>Aumento repentino de energ\u00eda o productividad.<\/li>\n\n\n\n<li>Sensaci\u00f3n de invulnerabilidad o ideas grandiosas.<\/li>\n\n\n\n<li>Habla acelerada o pensamientos que no paran.<\/li>\n<\/ul>\n\n\n\n<p><strong>Se\u00f1ales tempranas de depresi\u00f3n<\/strong>:<\/p>\n\n\n\n<ul>\n<li>P\u00e9rdida de inter\u00e9s en actividades cotidianas.<\/li>\n\n\n\n<li>Aislamiento social progresivo.<\/li>\n\n\n\n<li>Cansancio constante sin causa aparente.<\/li>\n\n\n\n<li>Pensamientos negativos persistentes.<\/li>\n<\/ul>\n\n\n\n<p>Llevar un <strong>registro del estado de \u00e1nimo<\/strong> (como un diario o una app) puede ayudarte a identificar patrones y anticiparte a los cambios.<\/p>\n\n\n\n<h4 class=\"wp-block-heading has-medium-font-size\">Mant\u00e9n un plan de acci\u00f3n ante reca\u00eddas<\/h4>\n\n\n\n<p>Una herramienta clave en la prevenci\u00f3n de reca\u00eddas es contar con un <strong>plan personalizado de manejo de crisis<\/strong>, que puedes elaborar junto a tu terapeuta o psiquiatra. Este plan debe incluir:<\/p>\n\n\n\n<ul>\n<li><strong>Qu\u00e9 hacer<\/strong> ante se\u00f1ales tempranas (por ejemplo, pedir una cita extra, ajustar la medicaci\u00f3n, comunicarte con un familiar de confianza).<\/li>\n\n\n\n<li><strong>A qui\u00e9n avisar<\/strong> si los s\u00edntomas se agravan.<\/li>\n\n\n\n<li><strong>Estrategias personales de autocuidado<\/strong>, como descanso, pausas laborales o reducci\u00f3n de est\u00edmulos.<\/li>\n<\/ul>\n\n\n\n<p>Tener claro qu\u00e9 pasos seguir reduce la incertidumbre y mejora tu capacidad de reacci\u00f3n.<\/p>\n\n\n\n<h4 class=\"wp-block-heading has-medium-font-size\">Importancia de la adherencia al tratamiento de la man\u00eda depresiva<\/h4>\n\n\n\n<p>Uno de los factores m\u00e1s comunes que lleva a reca\u00eddas es <strong>suspender la medicaci\u00f3n o abandonar la terapia<\/strong> cuando te sientes mejor. Sin embargo, la estabilidad que lograste no significa que el trastorno haya desaparecido.<\/p>\n\n\n\n<ul>\n<li>La medicaci\u00f3n act\u00faa <strong>como una red de contenci\u00f3n<\/strong>, manteniendo tu estado de \u00e1nimo dentro de un rango saludable.<\/li>\n\n\n\n<li>La terapia te ayuda a <strong>reforzar herramientas emocionales<\/strong> y a entender mejor c\u00f3mo responde tu mente y cuerpo.<\/li>\n<\/ul>\n\n\n\n<p>Interrumpir el tratamiento sin supervisi\u00f3n puede llevar a reca\u00eddas m\u00e1s intensas o dif\u00edciles de manejar.<\/p>\n\n\n\n<h4 class=\"wp-block-heading has-medium-font-size\">Cuida tu entorno y estilo de vida<\/h4>\n\n\n\n<p>Tu entorno tambi\u00e9n influye en la prevenci\u00f3n. Algunas recomendaciones clave son:<\/p>\n\n\n\n<ul>\n<li><strong>Dormir lo suficiente y en horarios regulares<\/strong>, ya que la falta de sue\u00f1o es un disparador com\u00fan de la man\u00eda.<\/li>\n\n\n\n<li><strong>Evitar el estr\u00e9s prolongado<\/strong>, identificando situaciones o personas que te afectan negativamente.<\/li>\n\n\n\n<li><strong>Construir una red de apoyo<\/strong>, con personas que entiendan tu diagn\u00f3stico y puedan ayudarte si lo necesitas.<\/li>\n\n\n\n<li><strong>Limitar el consumo de alcohol o drogas<\/strong>, que pueden interferir con los tratamientos o desencadenar episodios.<\/li>\n<\/ul>\n\n\n\n<p>Prevenir reca\u00eddas en la <strong>man\u00eda depresiva<\/strong> no significa evitar todos los s\u00edntomas para siempre, sino <strong>aprender a detectar se\u00f1ales y actuar con anticipaci\u00f3n<\/strong>. Con una buena red de apoyo, compromiso con el tratamiento y autoconocimiento, es posible mantener una vida estable, funcional y plena.<\/p>\n\n\n\n<p>Derribar estos mitos es esencial para normalizar la conversaci\u00f3n sobre salud mental. La <strong>man\u00eda depresiva<\/strong> no define qui\u00e9n eres, no es una elecci\u00f3n ni una falla de car\u00e1cter. Es una condici\u00f3n de salud que se puede tratar, entender y manejar con las herramientas adecuadas y el apoyo correcto.<\/p>\n\n\n\n<h2 class=\"wp-block-heading has-x-large-font-size\">Consejos pr\u00e1cticos para vivir con <em>man\u00eda depresiva<\/em><\/h2>\n\n\n\n<p>Recibir el diagn\u00f3stico de <strong>man\u00eda depresiva<\/strong> puede generar muchas emociones: alivio, miedo, dudas. Pero tambi\u00e9n es el primer paso para <strong>entender lo que te ocurre y comenzar a cuidarte de forma activa<\/strong>. Aqu\u00ed te comparto algunas estrategias simples pero poderosas que pueden ayudarte a manejar mejor tu bienestar emocional.<\/p>\n\n\n\n<h3 class=\"wp-block-heading has-large-font-size\">1. Lleva un registro de tu estado de \u00e1nimo<\/h3>\n\n\n\n<p>Registrar c\u00f3mo te sientes a lo largo del tiempo puede ayudarte a <strong>identificar patrones<\/strong> y anticiparte a cambios de humor. Puedes usar una libreta, una aplicaci\u00f3n m\u00f3vil o una hoja de seguimiento donde anotes:<\/p>\n\n\n\n<ul>\n<li>Nivel de energ\u00eda y \u00e1nimo diario.<\/li>\n\n\n\n<li>Cambios en el sue\u00f1o, el apetito o la concentraci\u00f3n.<\/li>\n\n\n\n<li>Eventos importantes o situaciones de estr\u00e9s.<\/li>\n<\/ul>\n\n\n\n<p>Este registro tambi\u00e9n ser\u00e1 \u00fatil para tus profesionales tratantes, ya que les dar\u00e1 una visi\u00f3n m\u00e1s precisa de tu evoluci\u00f3n.<\/p>\n\n\n\n<h3 class=\"wp-block-heading has-large-font-size\">2. Establece una rutina diaria<\/h3>\n\n\n\n<p>La <strong>regularidad<\/strong> es clave en el tratamiento de la man\u00eda depresiva. Intentar mantener horarios fijos para dormir, comer, trabajar o descansar ayuda a estabilizar el ritmo biol\u00f3gico y emocional. Algunas recomendaciones:<\/p>\n\n\n\n<ul>\n<li>Acu\u00e9state y lev\u00e1ntate a la misma hora todos los d\u00edas, incluso fines de semana.<\/li>\n\n\n\n<li>Planifica tiempos para actividades que te hagan bien (caminar, leer, cocinar).<\/li>\n\n\n\n<li>Evita sobrecargarte con tareas si notas se\u00f1ales tempranas de un episodio.<\/li>\n<\/ul>\n\n\n\n<h3 class=\"wp-block-heading has-large-font-size\">3. Cuida tu cuerpo, tambi\u00e9n es parte del tratamiento<\/h3>\n\n\n\n<p>El bienestar f\u00edsico y mental est\u00e1n profundamente conectados. Para apoyar tu equilibrio emocional, considera:<\/p>\n\n\n\n<ul>\n<li><strong>Dormir lo suficiente<\/strong> (ni demasiado ni muy poco).<\/li>\n\n\n\n<li><strong>Comer de forma balanceada<\/strong>, evitando el exceso de az\u00facar, cafe\u00edna o alcohol.<\/li>\n\n\n\n<li><strong>Hacer ejercicio regular<\/strong>, aunque sea una caminata breve, ya que mejora el estado de \u00e1nimo y regula el estr\u00e9s.<\/li>\n<\/ul>\n\n\n\n<p>No necesitas rutinas intensas, solo constancia.<\/p>\n\n\n\n<h3 class=\"wp-block-heading has-large-font-size\">4. Crea una red de apoyo confiable<\/h3>\n\n\n\n<p>No tienes que atravesar esto solo. Contar con personas que te entiendan puede marcar una gran diferencia. \u00bfQu\u00e9 puedes hacer?<\/p>\n\n\n\n<ul>\n<li>Explica tu diagn\u00f3stico a alguien de confianza, en tus palabras.<\/li>\n\n\n\n<li>Pide ayuda si notas que est\u00e1s entrando en una fase dif\u00edcil.<\/li>\n\n\n\n<li>Participa en grupos de apoyo (presenciales u online) donde puedas compartir tu experiencia sin juicio.<\/li>\n<\/ul>\n\n\n\n<p>Hablar con otros que viven con <strong>trastornos del \u00e1nimo<\/strong> puede ser muy reparador.<\/p>\n\n\n\n<h3 class=\"wp-block-heading has-large-font-size\">5. Aprende a identificar tus l\u00edmites<\/h3>\n\n\n\n<p>Conocerte a ti mismo implica tambi\u00e9n saber cu\u00e1ndo frenar. Algunas se\u00f1ales que indican que necesitas una pausa:<\/p>\n\n\n\n<ul>\n<li>Empiezas a dormir menos sin sentir sue\u00f1o.<\/li>\n\n\n\n<li>Tienes ideas aceleradas o te sientes irritable sin causa aparente.<\/li>\n\n\n\n<li>Pierdes inter\u00e9s por todo o te sientes muy agotado mentalmente.<\/li>\n<\/ul>\n\n\n\n<p>Escuchar estos mensajes de tu cuerpo y mente es una forma de autocuidado.<\/p>\n\n\n\n<h3 class=\"wp-block-heading has-large-font-size\">6. No te compares con otros<\/h3>\n\n\n\n<p>Cada experiencia con la <strong>man\u00eda depresiva<\/strong> es \u00fanica. Algunas personas requieren m\u00e1s tiempo para estabilizarse, otras responden mejor a ciertos tratamientos. Lo importante no es cu\u00e1nto avances ni cu\u00e1n r\u00e1pido, sino que <strong>te mantengas en camino<\/strong>, acompa\u00f1ado y en contacto con tu proceso.<\/p>\n\n\n\n<p>Vivir con <strong>man\u00eda depresiva<\/strong> implica desaf\u00edos, s\u00ed, pero tambi\u00e9n muchas posibilidades de crecimiento, aprendizaje y recuperaci\u00f3n. Con tratamiento, informaci\u00f3n y apoyo, puedes llevar una vida plena, conectar con lo que te hace bien y construir relaciones m\u00e1s sanas contigo mismo y con los dem\u00e1s.<\/p>\n\n\n\n<h2 class=\"wp-block-heading has-x-large-font-size\">Conclusi\u00f3n sobre la man\u00eda depresiva<\/h2>\n\n\n\n<p>La <strong>man\u00eda depresiva<\/strong>, conocida hoy como <strong>trastorno bipolar<\/strong>, es una condici\u00f3n compleja, pero tratable. No se trata de simples cambios de humor ni de una caracter\u00edstica de personalidad, sino de un trastorno del estado de \u00e1nimo que requiere comprensi\u00f3n, diagn\u00f3stico adecuado y acompa\u00f1amiento constante.<\/p>\n\n\n\n<p>Si te has sentido identificado con alguno de los s\u00edntomas descritos, o si conoces a alguien que podr\u00eda estar viviendo algo similar, es importante saber que <strong>no est\u00e1s solo<\/strong>. Hay herramientas, tratamientos y profesionales disponibles para ayudarte a recuperar el equilibrio y construir una vida m\u00e1s estable y significativa.<\/p>\n\n\n\n<p>Aceptar el diagn\u00f3stico no es resignarse, es el primer paso para tomar el control desde el conocimiento y el autocuidado. Y aunque el camino pueda tener altibajos, con apoyo, compromiso y un enfoque integral, es posible <strong>vivir con man\u00eda depresiva con dignidad, autonom\u00eda y bienestar<\/strong>.<\/p>\n\n\n\n<h2 class=\"wp-block-heading has-x-large-font-size\">Conocerte es el primer paso para sanar<\/h2>\n\n\n\n<p>Entender lo que sientes es clave para encontrar el apoyo indicado. En&nbsp;<strong>Fonasa&nbsp;<a href=\"https:\/\/mindy.cl\/\" target=\"_blank\" rel=\"noreferrer noopener\">Mindy.cl<\/a><\/strong>&nbsp;te ofrecemos una herramienta sencilla: un <strong>Quiz dise\u00f1ado para ayudarte a evaluar tus niveles de depresi\u00f3n<\/strong> y as\u00ed poder acceder a la terapia psicol\u00f3gica que realmente se ajusta a tus necesidades. No dejes pasar esta oportunidad de cuidar tu mente.<\/p>\n\n\n\n<p>\ud83c\udfaf&nbsp;<strong>Realiza el Quiz gratuito:<\/strong>&nbsp;<a href=\"https:\/\/form.typeform.com\/to\/P78CVEPt\" target=\"_blank\" rel=\"noreferrer noopener\"><strong>https:\/\/form.typeform.com\/to\/P78CVEPt<\/strong><\/a><\/p>\n","protected":false},"excerpt":{"rendered":"<p>\u00bfTe ha pasado que en ciertos momentos sientes una energ\u00eda desbordante, una euforia dif\u00edcil de explicar, y luego caes en una tristeza profunda que parece no tener salida? Estos cambios extremos en el estado de \u00e1nimo no son simples altibajos: podr\u00edan ser se\u00f1ales de man\u00eda depresiva, tambi\u00e9n conocida como trastorno bipolar. La man\u00eda depresiva es [&hellip;]<\/p>\n","protected":false},"author":2,"featured_media":1172,"comment_status":"closed","ping_status":"closed","sticky":false,"template":"","format":"standard","meta":{"footnotes":""},"categories":[278,275],"tags":[],"yoast_head":"<!-- This site is optimized with the Yoast SEO plugin v23.0 - https:\/\/yoast.com\/wordpress\/plugins\/seo\/ -->\n<title>Man\u00eda depresiva: tratamiento del trastorno bipolar<\/title>\n<meta name=\"description\" content=\"Descubre qu\u00e9 es la man\u00eda depresiva, sus s\u00edntomas, tipos, causas y tratamiento. Identifica y maneja este trastorno del estado de \u00e1nimo.\" \/>\n<meta name=\"robots\" content=\"index, follow, max-snippet:-1, max-image-preview:large, max-video-preview:-1\" \/>\n<link rel=\"canonical\" href=\"https:\/\/fonasa.mindy.cl\/blog\/mania-depresiva\/\" \/>\n<meta property=\"og:locale\" content=\"es_ES\" \/>\n<meta property=\"og:type\" content=\"article\" \/>\n<meta property=\"og:title\" content=\"Man\u00eda depresiva: tratamiento del trastorno bipolar\" \/>\n<meta property=\"og:description\" content=\"Descubre qu\u00e9 es la man\u00eda depresiva, sus s\u00edntomas, tipos, causas y tratamiento. Identifica y maneja este trastorno del estado de \u00e1nimo.\" \/>\n<meta property=\"og:url\" content=\"https:\/\/fonasa.mindy.cl\/blog\/mania-depresiva\/\" \/>\n<meta property=\"og:site_name\" content=\"Mindy Fonasa Blog\" \/>\n<meta property=\"article:published_time\" content=\"2025-09-30T21:55:22+00:00\" \/>\n<meta property=\"article:modified_time\" content=\"2026-03-25T13:40:51+00:00\" \/>\n<meta property=\"og:image\" content=\"https:\/\/fonasa.mindy.cl\/blog\/wp-content\/uploads\/2025\/09\/pexels-shvets-production-7193896.jpg\" \/>\n\t<meta property=\"og:image:width\" content=\"640\" \/>\n\t<meta property=\"og:image:height\" content=\"427\" \/>\n\t<meta property=\"og:image:type\" content=\"image\/jpeg\" \/>\n<meta name=\"author\" content=\"reinaldo@mindy.cl\" \/>\n<meta name=\"twitter:card\" content=\"summary_large_image\" \/>\n<meta name=\"twitter:label1\" content=\"Written by\" \/>\n\t<meta name=\"twitter:data1\" content=\"reinaldo@mindy.cl\" \/>\n\t<meta name=\"twitter:label2\" content=\"Est. reading time\" \/>\n\t<meta name=\"twitter:data2\" content=\"25 minutos\" \/>\n<script type=\"application\/ld+json\" class=\"yoast-schema-graph\">{\"@context\":\"https:\/\/schema.org\",\"@graph\":[{\"@type\":\"Article\",\"@id\":\"https:\/\/fonasa.mindy.cl\/blog\/mania-depresiva\/#article\",\"isPartOf\":{\"@id\":\"https:\/\/fonasa.mindy.cl\/blog\/mania-depresiva\/\"},\"author\":{\"name\":\"reinaldo@mindy.cl\",\"@id\":\"https:\/\/fonasa.mindy.cl\/blog\/#\/schema\/person\/6b2fdf85e03858572a636b7b9ce17d81\"},\"headline\":\"Man\u00eda depresiva: tratamiento del trastorno bipolar\",\"datePublished\":\"2025-09-30T21:55:22+00:00\",\"dateModified\":\"2026-03-25T13:40:51+00:00\",\"mainEntityOfPage\":{\"@id\":\"https:\/\/fonasa.mindy.cl\/blog\/mania-depresiva\/\"},\"wordCount\":6040,\"publisher\":{\"@id\":\"https:\/\/fonasa.mindy.cl\/blog\/#organization\"},\"image\":{\"@id\":\"https:\/\/fonasa.mindy.cl\/blog\/mania-depresiva\/#primaryimage\"},\"thumbnailUrl\":\"https:\/\/fonasa.mindy.cl\/blog\/wp-content\/uploads\/2025\/09\/pexels-shvets-production-7193896.jpg\",\"articleSection\":[\"Depresi\u00f3n\",\"Trastornos\"],\"inLanguage\":\"es-CL\"},{\"@type\":\"WebPage\",\"@id\":\"https:\/\/fonasa.mindy.cl\/blog\/mania-depresiva\/\",\"url\":\"https:\/\/fonasa.mindy.cl\/blog\/mania-depresiva\/\",\"name\":\"Man\u00eda depresiva: tratamiento del trastorno bipolar\",\"isPartOf\":{\"@id\":\"https:\/\/fonasa.mindy.cl\/blog\/#website\"},\"primaryImageOfPage\":{\"@id\":\"https:\/\/fonasa.mindy.cl\/blog\/mania-depresiva\/#primaryimage\"},\"image\":{\"@id\":\"https:\/\/fonasa.mindy.cl\/blog\/mania-depresiva\/#primaryimage\"},\"thumbnailUrl\":\"https:\/\/fonasa.mindy.cl\/blog\/wp-content\/uploads\/2025\/09\/pexels-shvets-production-7193896.jpg\",\"datePublished\":\"2025-09-30T21:55:22+00:00\",\"dateModified\":\"2026-03-25T13:40:51+00:00\",\"description\":\"Descubre qu\u00e9 es la man\u00eda depresiva, sus s\u00edntomas, tipos, causas y tratamiento. Identifica y maneja este trastorno del estado de \u00e1nimo.\",\"breadcrumb\":{\"@id\":\"https:\/\/fonasa.mindy.cl\/blog\/mania-depresiva\/#breadcrumb\"},\"inLanguage\":\"es-CL\",\"potentialAction\":[{\"@type\":\"ReadAction\",\"target\":[\"https:\/\/fonasa.mindy.cl\/blog\/mania-depresiva\/\"]}]},{\"@type\":\"ImageObject\",\"inLanguage\":\"es-CL\",\"@id\":\"https:\/\/fonasa.mindy.cl\/blog\/mania-depresiva\/#primaryimage\",\"url\":\"https:\/\/fonasa.mindy.cl\/blog\/wp-content\/uploads\/2025\/09\/pexels-shvets-production-7193896.jpg\",\"contentUrl\":\"https:\/\/fonasa.mindy.cl\/blog\/wp-content\/uploads\/2025\/09\/pexels-shvets-production-7193896.jpg\",\"width\":640,\"height\":427,\"caption\":\"man\u00eda depresiva\"},{\"@type\":\"BreadcrumbList\",\"@id\":\"https:\/\/fonasa.mindy.cl\/blog\/mania-depresiva\/#breadcrumb\",\"itemListElement\":[{\"@type\":\"ListItem\",\"position\":1,\"name\":\"Home\",\"item\":\"https:\/\/fonasa.mindy.cl\/blog\/\"},{\"@type\":\"ListItem\",\"position\":2,\"name\":\"Man\u00eda depresiva: tratamiento del trastorno bipolar\"}]},{\"@type\":\"WebSite\",\"@id\":\"https:\/\/fonasa.mindy.cl\/blog\/#website\",\"url\":\"https:\/\/fonasa.mindy.cl\/blog\/\",\"name\":\"Mindy Fonasa Blog\",\"description\":\"Un blog de salud mental\",\"publisher\":{\"@id\":\"https:\/\/fonasa.mindy.cl\/blog\/#organization\"},\"potentialAction\":[{\"@type\":\"SearchAction\",\"target\":{\"@type\":\"EntryPoint\",\"urlTemplate\":\"https:\/\/fonasa.mindy.cl\/blog\/?s={search_term_string}\"},\"query-input\":\"required name=search_term_string\"}],\"inLanguage\":\"es-CL\"},{\"@type\":\"Organization\",\"@id\":\"https:\/\/fonasa.mindy.cl\/blog\/#organization\",\"name\":\"Mindy Fonasa Blog\",\"url\":\"https:\/\/fonasa.mindy.cl\/blog\/\",\"logo\":{\"@type\":\"ImageObject\",\"inLanguage\":\"es-CL\",\"@id\":\"https:\/\/fonasa.mindy.cl\/blog\/#\/schema\/logo\/image\/\",\"url\":\"https:\/\/fonasa.mindy.cl\/blog\/wp-content\/uploads\/2024\/07\/logo_cuadrado.png\",\"contentUrl\":\"https:\/\/fonasa.mindy.cl\/blog\/wp-content\/uploads\/2024\/07\/logo_cuadrado.png\",\"width\":300,\"height\":300,\"caption\":\"Mindy Fonasa Blog\"},\"image\":{\"@id\":\"https:\/\/fonasa.mindy.cl\/blog\/#\/schema\/logo\/image\/\"}},{\"@type\":\"Person\",\"@id\":\"https:\/\/fonasa.mindy.cl\/blog\/#\/schema\/person\/6b2fdf85e03858572a636b7b9ce17d81\",\"name\":\"reinaldo@mindy.cl\",\"url\":\"https:\/\/fonasa.mindy.cl\/blog\/author\/reinaldomindy-cl\/\"}]}<\/script>\n<!-- \/ Yoast SEO plugin. -->","yoast_head_json":{"title":"Man\u00eda depresiva: tratamiento del trastorno bipolar","description":"Descubre qu\u00e9 es la man\u00eda depresiva, sus s\u00edntomas, tipos, causas y tratamiento. Identifica y maneja este trastorno del estado de \u00e1nimo.","robots":{"index":"index","follow":"follow","max-snippet":"max-snippet:-1","max-image-preview":"max-image-preview:large","max-video-preview":"max-video-preview:-1"},"canonical":"https:\/\/fonasa.mindy.cl\/blog\/mania-depresiva\/","og_locale":"es_ES","og_type":"article","og_title":"Man\u00eda depresiva: tratamiento del trastorno bipolar","og_description":"Descubre qu\u00e9 es la man\u00eda depresiva, sus s\u00edntomas, tipos, causas y tratamiento. Identifica y maneja este trastorno del estado de \u00e1nimo.","og_url":"https:\/\/fonasa.mindy.cl\/blog\/mania-depresiva\/","og_site_name":"Mindy Fonasa Blog","article_published_time":"2025-09-30T21:55:22+00:00","article_modified_time":"2026-03-25T13:40:51+00:00","og_image":[{"width":640,"height":427,"url":"https:\/\/fonasa.mindy.cl\/blog\/wp-content\/uploads\/2025\/09\/pexels-shvets-production-7193896.jpg","type":"image\/jpeg"}],"author":"reinaldo@mindy.cl","twitter_card":"summary_large_image","twitter_misc":{"Written by":"reinaldo@mindy.cl","Est. reading time":"25 minutos"},"schema":{"@context":"https:\/\/schema.org","@graph":[{"@type":"Article","@id":"https:\/\/fonasa.mindy.cl\/blog\/mania-depresiva\/#article","isPartOf":{"@id":"https:\/\/fonasa.mindy.cl\/blog\/mania-depresiva\/"},"author":{"name":"reinaldo@mindy.cl","@id":"https:\/\/fonasa.mindy.cl\/blog\/#\/schema\/person\/6b2fdf85e03858572a636b7b9ce17d81"},"headline":"Man\u00eda depresiva: tratamiento del trastorno bipolar","datePublished":"2025-09-30T21:55:22+00:00","dateModified":"2026-03-25T13:40:51+00:00","mainEntityOfPage":{"@id":"https:\/\/fonasa.mindy.cl\/blog\/mania-depresiva\/"},"wordCount":6040,"publisher":{"@id":"https:\/\/fonasa.mindy.cl\/blog\/#organization"},"image":{"@id":"https:\/\/fonasa.mindy.cl\/blog\/mania-depresiva\/#primaryimage"},"thumbnailUrl":"https:\/\/fonasa.mindy.cl\/blog\/wp-content\/uploads\/2025\/09\/pexels-shvets-production-7193896.jpg","articleSection":["Depresi\u00f3n","Trastornos"],"inLanguage":"es-CL"},{"@type":"WebPage","@id":"https:\/\/fonasa.mindy.cl\/blog\/mania-depresiva\/","url":"https:\/\/fonasa.mindy.cl\/blog\/mania-depresiva\/","name":"Man\u00eda depresiva: tratamiento del trastorno bipolar","isPartOf":{"@id":"https:\/\/fonasa.mindy.cl\/blog\/#website"},"primaryImageOfPage":{"@id":"https:\/\/fonasa.mindy.cl\/blog\/mania-depresiva\/#primaryimage"},"image":{"@id":"https:\/\/fonasa.mindy.cl\/blog\/mania-depresiva\/#primaryimage"},"thumbnailUrl":"https:\/\/fonasa.mindy.cl\/blog\/wp-content\/uploads\/2025\/09\/pexels-shvets-production-7193896.jpg","datePublished":"2025-09-30T21:55:22+00:00","dateModified":"2026-03-25T13:40:51+00:00","description":"Descubre qu\u00e9 es la man\u00eda depresiva, sus s\u00edntomas, tipos, causas y tratamiento. Identifica y maneja este trastorno del estado de \u00e1nimo.","breadcrumb":{"@id":"https:\/\/fonasa.mindy.cl\/blog\/mania-depresiva\/#breadcrumb"},"inLanguage":"es-CL","potentialAction":[{"@type":"ReadAction","target":["https:\/\/fonasa.mindy.cl\/blog\/mania-depresiva\/"]}]},{"@type":"ImageObject","inLanguage":"es-CL","@id":"https:\/\/fonasa.mindy.cl\/blog\/mania-depresiva\/#primaryimage","url":"https:\/\/fonasa.mindy.cl\/blog\/wp-content\/uploads\/2025\/09\/pexels-shvets-production-7193896.jpg","contentUrl":"https:\/\/fonasa.mindy.cl\/blog\/wp-content\/uploads\/2025\/09\/pexels-shvets-production-7193896.jpg","width":640,"height":427,"caption":"man\u00eda depresiva"},{"@type":"BreadcrumbList","@id":"https:\/\/fonasa.mindy.cl\/blog\/mania-depresiva\/#breadcrumb","itemListElement":[{"@type":"ListItem","position":1,"name":"Home","item":"https:\/\/fonasa.mindy.cl\/blog\/"},{"@type":"ListItem","position":2,"name":"Man\u00eda depresiva: tratamiento del trastorno bipolar"}]},{"@type":"WebSite","@id":"https:\/\/fonasa.mindy.cl\/blog\/#website","url":"https:\/\/fonasa.mindy.cl\/blog\/","name":"Mindy Fonasa Blog","description":"Un blog de salud mental","publisher":{"@id":"https:\/\/fonasa.mindy.cl\/blog\/#organization"},"potentialAction":[{"@type":"SearchAction","target":{"@type":"EntryPoint","urlTemplate":"https:\/\/fonasa.mindy.cl\/blog\/?s={search_term_string}"},"query-input":"required name=search_term_string"}],"inLanguage":"es-CL"},{"@type":"Organization","@id":"https:\/\/fonasa.mindy.cl\/blog\/#organization","name":"Mindy Fonasa Blog","url":"https:\/\/fonasa.mindy.cl\/blog\/","logo":{"@type":"ImageObject","inLanguage":"es-CL","@id":"https:\/\/fonasa.mindy.cl\/blog\/#\/schema\/logo\/image\/","url":"https:\/\/fonasa.mindy.cl\/blog\/wp-content\/uploads\/2024\/07\/logo_cuadrado.png","contentUrl":"https:\/\/fonasa.mindy.cl\/blog\/wp-content\/uploads\/2024\/07\/logo_cuadrado.png","width":300,"height":300,"caption":"Mindy Fonasa Blog"},"image":{"@id":"https:\/\/fonasa.mindy.cl\/blog\/#\/schema\/logo\/image\/"}},{"@type":"Person","@id":"https:\/\/fonasa.mindy.cl\/blog\/#\/schema\/person\/6b2fdf85e03858572a636b7b9ce17d81","name":"reinaldo@mindy.cl","url":"https:\/\/fonasa.mindy.cl\/blog\/author\/reinaldomindy-cl\/"}]}},"_links":{"self":[{"href":"https:\/\/fonasa.mindy.cl\/blog\/wp-json\/wp\/v2\/posts\/690"}],"collection":[{"href":"https:\/\/fonasa.mindy.cl\/blog\/wp-json\/wp\/v2\/posts"}],"about":[{"href":"https:\/\/fonasa.mindy.cl\/blog\/wp-json\/wp\/v2\/types\/post"}],"author":[{"embeddable":true,"href":"https:\/\/fonasa.mindy.cl\/blog\/wp-json\/wp\/v2\/users\/2"}],"replies":[{"embeddable":true,"href":"https:\/\/fonasa.mindy.cl\/blog\/wp-json\/wp\/v2\/comments?post=690"}],"version-history":[{"count":9,"href":"https:\/\/fonasa.mindy.cl\/blog\/wp-json\/wp\/v2\/posts\/690\/revisions"}],"predecessor-version":[{"id":1713,"href":"https:\/\/fonasa.mindy.cl\/blog\/wp-json\/wp\/v2\/posts\/690\/revisions\/1713"}],"wp:featuredmedia":[{"embeddable":true,"href":"https:\/\/fonasa.mindy.cl\/blog\/wp-json\/wp\/v2\/media\/1172"}],"wp:attachment":[{"href":"https:\/\/fonasa.mindy.cl\/blog\/wp-json\/wp\/v2\/media?parent=690"}],"wp:term":[{"taxonomy":"category","embeddable":true,"href":"https:\/\/fonasa.mindy.cl\/blog\/wp-json\/wp\/v2\/categories?post=690"},{"taxonomy":"post_tag","embeddable":true,"href":"https:\/\/fonasa.mindy.cl\/blog\/wp-json\/wp\/v2\/tags?post=690"}],"curies":[{"name":"wp","href":"https:\/\/api.w.org\/{rel}","templated":true}]}}