{"id":686,"date":"2025-09-30T18:50:48","date_gmt":"2025-09-30T21:50:48","guid":{"rendered":"https:\/\/fonasa.mindy.cl\/blog\/?p=686"},"modified":"2026-03-25T10:32:38","modified_gmt":"2026-03-25T13:32:38","slug":"severa-depresion","status":"publish","type":"post","link":"https:\/\/fonasa.mindy.cl\/blog\/severa-depresion\/","title":{"rendered":"Severa depresi\u00f3n: s\u00edntomas, tratamiento y apoyo"},"content":{"rendered":"\n<p>La <strong>severa depresi\u00f3n<\/strong> no es solo una tristeza profunda ni una mala racha emocional. Es una condici\u00f3n cl\u00ednica grave que puede afectar intensamente tu forma de pensar, sentir, actuar e incluso de relacionarte con el mundo. Y aunque muchas personas la viven, <strong>todav\u00eda cuesta hablar de ella sin miedo, sin verg\u00fcenza y sin prejuicios.<\/strong><\/p>\n\n\n\n<p>Porque s\u00ed: la <strong>severa depresi\u00f3n se puede tratar<\/strong>, y nadie deber\u00eda enfrentarla en silencio.<\/p>\n\n\n\n<h2 class=\"wp-block-heading has-text-align-left has-x-large-font-size\">Hablemos de la Severa Depresi\u00f3n<\/h2>\n\n\n\n<p>En este art\u00edculo vamos a explicarte con claridad qu\u00e9 es la <strong>severa depresi\u00f3n<\/strong>, cu\u00e1les son sus <strong>s\u00edntomas m\u00e1s comunes<\/strong>, c\u00f3mo se <strong>diferencia de otros tipos de depresi\u00f3n<\/strong>, qu\u00e9 riesgos implica, c\u00f3mo se <strong>diagnostica<\/strong> y qu\u00e9 <strong>opciones de tratamiento<\/strong> existen. Tambi\u00e9n encontrar\u00e1s orientaci\u00f3n sobre c\u00f3mo acompa\u00f1ar a alguien que la est\u00e9 atravesando y <strong>c\u00f3mo prevenir reca\u00eddas.<\/strong><\/p>\n\n\n\n<h3 class=\"wp-block-heading has-text-align-left has-large-font-size\">\u00bfQu\u00e9 es la severa depresi\u00f3n?<\/h3>\n\n\n\n<p>La <strong>severa depresi\u00f3n<\/strong> \u2014<strong>tambi\u00e9n conocida como <a href=\"https:\/\/fonasa.mindy.cl\/blog\/depresion-severa-cuando-el-dolor-se-vuelve-insoportable\/\">depresi\u00f3n severa<\/a> o <a href=\"https:\/\/fonasa.mindy.cl\/blog\/mayor-depresion\/\">mayor depresi\u00f3n grave<\/a><\/strong>\u2014 es una forma intensa y debilitante de trastorno depresivo que afecta profundamente tu estado de \u00e1nimo, tus pensamientos, tu cuerpo y tu capacidad para funcionar en la vida cotidiana. No se trata solo de estar muy triste: es un <strong>sufrimiento persistente que puede impedirte trabajar, estudiar, relacionarte o incluso levantarte de la cama<\/strong>.<sup><strong><a href=\"https:\/\/es.wikipedia.org\/wiki\/Trastorno_depresivo_mayor\">1<\/a><\/strong><\/sup><\/p>\n\n\n\n<p><strong>Para entender qu\u00e9 significa \u201csevera\u201d<\/strong>, es importante saber que la depresi\u00f3n puede clasificarse en distintos niveles de intensidad: <strong>leve, moderada o severa<\/strong>, seg\u00fan la cantidad de s\u00edntomas, su intensidad y el impacto que tienen en tu vida.<\/p>\n\n\n\n<h3 class=\"wp-block-heading has-large-font-size\">\u00bfQu\u00e9 diferencia a la depresi\u00f3n severa?<\/h3>\n\n\n\n<ul>\n<li><strong>Los s\u00edntomas son m\u00e1s intensos y duraderos.<\/strong><br>No se limitan a unos d\u00edas malos, sino que suelen extenderse por semanas o meses, con una carga emocional muy dif\u00edcil de sobrellevar.<\/li>\n\n\n\n<li><strong>Afecta gravemente el funcionamiento diario.<\/strong><br>Puede hacer que tareas simples \u2014como comer, ducharse o responder un mensaje\u2014 se sientan imposibles.<\/li>\n\n\n\n<li><strong>Suele implicar ideas suicidas o sentimientos de desesperanza profunda.<\/strong><br>No es solo tristeza, es una sensaci\u00f3n de vac\u00edo, inutilidad y sufrimiento constante.<\/li>\n\n\n\n<li><strong>En algunos casos, puede haber s\u00edntomas psic\u00f3ticos.<\/strong><br>Por ejemplo, delirios de culpa extrema o voces que refuerzan los pensamientos negativos.<\/li>\n<\/ul>\n\n\n\n<blockquote class=\"wp-block-quote is-layout-flow wp-block-quote-is-layout-flow\">\n<p><strong>Importante:<\/strong> La <strong>severa depresi\u00f3n no es una debilidad personal ni falta de car\u00e1cter.<\/strong> Es una condici\u00f3n cl\u00ednica seria que requiere atenci\u00f3n especializada porque puede conllevar a una <strong><a href=\"https:\/\/fonasa.mindy.cl\/blog\/depresion-cronica-entendiendo-la-distimia-y-superando-la-tristeza-persistente\/\">depresi\u00f3n cr\u00f3nica<\/a><\/strong>.<\/p>\n<\/blockquote>\n\n\n\n<p>Reconocerla es fundamental para buscar ayuda a tiempo y evitar complicaciones. Si te sientes as\u00ed o ves estos s\u00edntomas en alguien cercano, no lo dejes pasar: hay tratamientos que funcionan y caminos reales hacia la recuperaci\u00f3n.<\/p>\n\n\n\n<h3 class=\"wp-block-heading has-large-font-size\">Causas y factores de riesgo de la depresi\u00f3n cr\u00f3nica<\/h3>\n\n\n\n<p>La <strong>severa depresi\u00f3n<\/strong> no aparece \u201cde la nada\u201d, aunque a veces pueda parecerlo. Se trata de un trastorno complejo en el que <strong>interact\u00faan distintos factores biol\u00f3gicos, psicol\u00f3gicos y sociales<\/strong>. No hay una \u00fanica causa, sino una combinaci\u00f3n de elementos que aumentan la probabilidad de desarrollarla.<\/p>\n\n\n\n<h4 class=\"wp-block-heading has-medium-font-size\">Principales factores que pueden influir<\/h4>\n\n\n\n<p><strong>1. Gen\u00e9tica y predisposici\u00f3n familiar<\/strong><br>Si en tu familia hay antecedentes de depresi\u00f3n u otros trastornos del \u00e1nimo, es m\u00e1s probable que t\u00fa tambi\u00e9n tengas mayor vulnerabilidad. Pero no es una condena: es solo un factor m\u00e1s de riesgo.<\/p>\n\n\n\n<p><strong>2. Alteraciones neuroqu\u00edmicas<\/strong><br>En la depresi\u00f3n severa hay desequilibrios en neurotransmisores clave como la serotonina, la dopamina y la noradrenalina. Estos qu\u00edmicos regulan el estado de \u00e1nimo, el sue\u00f1o, el apetito y la motivaci\u00f3n.<\/p>\n\n\n\n<p><strong>3. Experiencias traum\u00e1ticas o situaciones de alto estr\u00e9s<\/strong><br>P\u00e9rdidas importantes, violencia, abuso, negligencia emocional o eventos traum\u00e1ticos pueden dejar una huella profunda y actuar como desencadenantes.<\/p>\n\n\n\n<p><strong>4. Enfermedades f\u00edsicas cr\u00f3nicas o dolor persistente<\/strong><br>Problemas de salud como el c\u00e1ncer, enfermedades autoinmunes, trastornos neurol\u00f3gicos o el dolor constante pueden contribuir al desarrollo de una <strong>severa depresi\u00f3n<\/strong>, especialmente si afectan la autonom\u00eda o la calidad de vida.<\/p>\n\n\n\n<p><strong>5. Factores psicol\u00f3gicos<\/strong><br>Tener una baja autoestima, estilos de pensamiento muy autocr\u00edticos o una historia de abandono afectivo pueden hacer que la persona sea m\u00e1s vulnerable al sufrimiento emocional profundo.<\/p>\n\n\n\n<p><strong>6. Consumo de sustancias<\/strong><br>El abuso de alcohol, drogas u otros estimulantes puede ser tanto causa como consecuencia de la depresi\u00f3n, generando un c\u00edrculo dif\u00edcil de romper.<\/p>\n\n\n\n<p><strong>7. Aislamiento o falta de redes de apoyo<\/strong><br>No contar con v\u00ednculos estables, relaciones cercanas o espacios donde expresar lo que se siente tambi\u00e9n puede profundizar el malestar.<\/p>\n\n\n\n<blockquote class=\"wp-block-quote is-layout-flow wp-block-quote-is-layout-flow\">\n<p><strong>Importante recordar:<\/strong> Tener uno o varios de estos factores <strong>no significa que vas a desarrollar depresi\u00f3n severa<\/strong>, pero s\u00ed es \u00fatil conocerlos para estar atento\/a a las se\u00f1ales.<\/p>\n<\/blockquote>\n\n\n\n<p>En el pr\u00f3ximo punto veremos cu\u00e1les son esos s\u00edntomas caracter\u00edsticos que pueden ayudarte a reconocer cu\u00e1ndo la tristeza deja de ser pasajera y se convierte en una <strong>severa depresi\u00f3n<\/strong> que requiere atenci\u00f3n profesional.<\/p>\n\n\n\n<h3 class=\"wp-block-heading has-large-font-size\">S\u00edntomas caracter\u00edsticos de la severa depresi\u00f3n<\/h3>\n\n\n\n<figure class=\"wp-block-image alignwide size-full\"><img loading=\"lazy\" decoding=\"async\" width=\"640\" height=\"427\" src=\"https:\/\/fonasa.mindy.cl\/blog\/wp-content\/uploads\/2025\/12\/overdose-4260911_640.jpg\" alt=\"severa depresi\u00f3n\" class=\"wp-image-1160\"\/><\/figure>\n\n\n\n<p>La <strong>severa depresi\u00f3n<\/strong> tiene s\u00edntomas intensos, persistentes y profundamente incapacitantes. No se limita solo a la tristeza: afecta el cuerpo, la mente, las emociones y el comportamiento. Puede presentarse de manera diferente en cada persona, pero hay ciertos s\u00edntomas comunes que ayudan a identificarla.<\/p>\n\n\n\n<h4 class=\"wp-block-heading has-medium-font-size\">Principales s\u00edntomas emocionales<\/h4>\n\n\n\n<ul>\n<li><strong>Tristeza profunda o desesperanza constante<\/strong>, sin causa clara o que no mejora con el tiempo.<\/li>\n\n\n\n<li><strong>P\u00e9rdida total del placer o inter\u00e9s<\/strong> en actividades que antes disfrutabas.<\/li>\n\n\n\n<li><strong>Sensaci\u00f3n de vac\u00edo<\/strong>, inutilidad o culpa excesiva, incluso por cosas peque\u00f1as o del pasado.<\/li>\n<\/ul>\n\n\n\n<h4 class=\"wp-block-heading has-medium-font-size\">S\u00edntomas cognitivos<\/h4>\n\n\n\n<ul>\n<li><strong>Pensamientos negativos persistentes<\/strong> sobre uno mismo, el futuro o la vida en general.<\/li>\n\n\n\n<li><strong>Dificultad para concentrarse, tomar decisiones o recordar cosas simples.<\/strong><\/li>\n\n\n\n<li><strong><a href=\"https:\/\/fonasa.mindy.cl\/blog\/trastorno-bipolar-tipo-ii-2\/\">Ideas suicidas<\/a><\/strong>, deseos de desaparecer o pensamientos sobre la muerte, aunque no se expresen directamente.<\/li>\n<\/ul>\n\n\n\n<h4 class=\"wp-block-heading has-medium-font-size\">S\u00edntomas f\u00edsicos<\/h4>\n\n\n\n<ul>\n<li><strong>Fatiga extrema<\/strong>, incluso despu\u00e9s de dormir. Todo se siente agotador.<\/li>\n\n\n\n<li><strong>Alteraciones del sue\u00f1o:<\/strong> insomnio severo o dormir en exceso.<\/li>\n\n\n\n<li><strong>Cambios importantes en el apetito y el peso<\/strong>, ya sea aumento o p\u00e9rdida.<\/li>\n\n\n\n<li><strong>Dolores corporales sin explicaci\u00f3n m\u00e9dica:<\/strong> cabeza, est\u00f3mago, espalda, etc.<\/li>\n<\/ul>\n\n\n\n<h4 class=\"wp-block-heading has-medium-font-size\">Los S\u00edntomas conductuales<\/h4>\n\n\n\n<ul>\n<li><strong>Aislamiento total<\/strong>, evitar el contacto con cualquier persona.<\/li>\n\n\n\n<li><strong>Falta de iniciativa para las actividades b\u00e1sicas<\/strong>, como ba\u00f1arse, comer o levantarse.<\/li>\n\n\n\n<li><strong>Descuido del autocuidado y del entorno.<\/strong><\/li>\n<\/ul>\n\n\n\n<blockquote class=\"wp-block-quote is-layout-flow wp-block-quote-is-layout-flow\">\n<p><strong>Dato importante:<\/strong> En algunos casos de <strong>depresi\u00f3n severa<\/strong>, pueden aparecer s\u00edntomas psic\u00f3ticos como alucinaciones o delirios (por ejemplo, creer firmemente que uno merece sufrir o que ha hecho algo imperdonable, sin que eso sea real).<\/p>\n<\/blockquote>\n\n\n\n<p><strong>No es flojera. Tampoco es exageraci\u00f3n. Y no es debilidad.<\/strong> Estos s\u00edntomas son reales y debilitantes. La buena noticia es que hay formas de tratarlos y superarlos, pero el primer paso siempre es reconocerlos.<\/p>\n\n\n\n<h3 class=\"wp-block-heading has-large-font-size\">\u00bfC\u00f3mo se diferencia la severa depresi\u00f3n de una leve o moderada?<\/h3>\n\n\n\n<p>Muchas veces se habla de \u201cestar deprimido\u201d sin distinguir la intensidad real del cuadro. Sin embargo, no todas las depresiones son iguales. Existen distintos niveles de gravedad, y saber diferenciar la <strong>severa depresi\u00f3n<\/strong> de formas m\u00e1s leves o moderadas es clave para buscar el tratamiento adecuado.<\/p>\n\n\n\n<h4 class=\"wp-block-heading has-medium-font-size\">Comparaci\u00f3n general<\/h4>\n\n\n\n<figure class=\"wp-block-table\"><table><thead><tr><th>Caracter\u00edstica<\/th><th>Depresi\u00f3n leve<\/th><th>Depresi\u00f3n moderada<\/th><th><strong>Depresi\u00f3n severa<\/strong><\/th><\/tr><\/thead><tbody><tr><td>Impacto en la vida diaria<\/td><td>Afecta algunas actividades<\/td><td>Dificulta trabajar o relacionarse<\/td><td>Incapacita completamente muchas \u00e1reas<\/td><\/tr><tr><td>Estado de \u00e1nimo<\/td><td>Tristeza o irritabilidad<\/td><td>Tristeza persistente, ansiedad<\/td><td>Desesperanza total, vac\u00edo emocional<\/td><\/tr><tr><td>Pensamientos<\/td><td>Negativos espor\u00e1dicos<\/td><td>Cr\u00edticos, pesimistas<\/td><td>Ideas suicidas, culpa extrema<\/td><\/tr><tr><td>Funci\u00f3n cognitiva<\/td><td>Dificultades leves<\/td><td>Problemas de concentraci\u00f3n<\/td><td>Bloqueos mentales, confusi\u00f3n<\/td><\/tr><tr><td>Autocuidado<\/td><td>Mantenido, pero con esfuerzo<\/td><td>Descuidado ocasional<\/td><td>Abandono casi total del cuidado personal<\/td><\/tr><tr><td>Requiere tratamiento inmediato<\/td><td>No siempre<\/td><td>Recomendable<\/td><td><strong>Urgente e indispensable<\/strong><\/td><\/tr><\/tbody><\/table><\/figure>\n\n\n\n<h4 class=\"wp-block-heading has-medium-font-size\">Se\u00f1ales que indican que la depresi\u00f3n ha llegado a un nivel severo:<\/h4>\n\n\n\n<ul>\n<li><strong>La persona no puede cumplir con sus responsabilidades b\u00e1sicas<\/strong>: no asiste al trabajo, abandona sus estudios o se encierra por completo.<\/li>\n\n\n\n<li><strong>Los pensamientos negativos se vuelven peligrosos<\/strong>, especialmente si hay ideas suicidas o p\u00e9rdida de contacto con la realidad.<\/li>\n\n\n\n<li><strong>Ya no hay momentos de alivio emocional<\/strong>. Incluso las cosas que antes animaban, ya no tienen ning\u00fan efecto.<\/li>\n\n\n\n<li><strong>El cuerpo tambi\u00e9n sufre<\/strong>, con s\u00edntomas f\u00edsicos intensos, insomnio extremo o cansancio incapacitante.<\/li>\n<\/ul>\n\n\n\n<blockquote class=\"wp-block-quote is-layout-flow wp-block-quote-is-layout-flow\">\n<p><strong>Importante:<\/strong> Si notas que t\u00fa o alguien cercano ha pasado de una tristeza manejable a un estado de sufrimiento constante, sin energ\u00eda y sin sentido de vida, puede tratarse de una <strong>severa depresi\u00f3n<\/strong>, y necesita atenci\u00f3n profesional cuanto antes.<\/p>\n<\/blockquote>\n\n\n\n<p>La diferencia no es solo de grado, sino de urgencia. <strong>Entre m\u00e1s intensa la depresi\u00f3n, m\u00e1s prioritario es buscar ayuda especializada<\/strong>.<\/p>\n\n\n\n<h3 class=\"wp-block-heading has-large-font-size\">\u00bfC\u00f3mo se diagnostica la severa depresi\u00f3n?<\/h3>\n\n\n\n<p>Diagnosticar una <strong>severa depresi\u00f3n<\/strong> no es solo una cuesti\u00f3n de observar tristeza profunda. Es un proceso cl\u00ednico que requiere una evaluaci\u00f3n profesional cuidadosa, basada en criterios espec\u00edficos y en la observaci\u00f3n de c\u00f3mo los s\u00edntomas afectan la vida de la persona.<\/p>\n\n\n\n<h4 class=\"wp-block-heading has-medium-font-size\">\u00bfQui\u00e9n puede hacer el diagn\u00f3stico?<\/h4>\n\n\n\n<p>El diagn\u00f3stico debe ser realizado por un <strong>psiquiatra<\/strong> o un <strong>psic\u00f3logo cl\u00ednico<\/strong>, preferiblemente con experiencia en salud mental adulta. Ellos son quienes est\u00e1n capacitados para distinguir entre distintos tipos de trastornos del estado de \u00e1nimo y determinar el nivel de gravedad.<\/p>\n\n\n\n<h4 class=\"wp-block-heading has-medium-font-size\">\u00bfQu\u00e9 se considera para determinar si es severa?<\/h4>\n\n\n\n<p><strong>1. Entrevista cl\u00ednica estructurada<\/strong><br>El profesional hace preguntas detalladas sobre los s\u00edntomas emocionales, f\u00edsicos, cognitivos y conductuales. Tambi\u00e9n explora la historia personal, m\u00e9dica y familiar del paciente.<\/p>\n\n\n\n<p><strong>2. Criterios diagn\u00f3sticos del DSM-5 o CIE-11<\/strong><br>Se utilizan manuales reconocidos internacionalmente para establecer si los s\u00edntomas cumplen con un episodio depresivo mayor, y si este es de tipo leve, moderado o severo.<\/p>\n\n\n\n<p><strong>3. Evaluaci\u00f3n de la duraci\u00f3n e intensidad<\/strong><br>Se analiza cu\u00e1nto tiempo llevan los s\u00edntomas (por lo general, al menos 2 semanas), qu\u00e9 tan intensos son y <strong>c\u00f3mo impactan la vida cotidiana<\/strong> (relaciones, trabajo, autocuidado, etc.).<\/p>\n\n\n\n<p><strong>4. Escalas de medici\u00f3n cl\u00ednica<\/strong><br>En algunos casos, se aplican instrumentos estandarizados como la <strong>Escala de Hamilton para la Depresi\u00f3n (HAM-D)<\/strong> o la <strong>Escala de Depresi\u00f3n de Montgomery-\u00c5sberg (MADRS)<\/strong>, que ayudan a cuantificar la severidad.<\/p>\n\n\n\n<p><strong>5. Descartar otras causas m\u00e9dicas o psiqui\u00e1tricas<\/strong><br>El profesional debe asegurarse de que los s\u00edntomas no sean causados por otras condiciones, como hipotiroidismo, trastornos neurol\u00f3gicos, uso de medicamentos o consumo de sustancias.<\/p>\n\n\n\n<blockquote class=\"wp-block-quote is-layout-flow wp-block-quote-is-layout-flow\">\n<p><strong>Dato clave:<\/strong> El diagn\u00f3stico no es una etiqueta, sino una herramienta para iniciar el tratamiento correcto. Saber que se trata de una <strong>severa depresi\u00f3n<\/strong> permite tomar medidas m\u00e1s efectivas y urgentes.<\/p>\n<\/blockquote>\n\n\n\n<p>Una vez que se confirma el diagn\u00f3stico, es posible dise\u00f1ar un plan de intervenci\u00f3n que combine psicoterapia, medicaci\u00f3n y apoyo integral.<\/p>\n\n\n\n<h2 class=\"wp-block-heading has-x-large-font-size\">Riesgos y complicaciones de la severa depresi\u00f3n<\/h2>\n\n\n\n<p>La <strong>severa depresi\u00f3n<\/strong> no es solo un estado emocional profundo: es una condici\u00f3n que puede tener consecuencias graves si no se trata a tiempo. Cuanto m\u00e1s intensa y prolongada es, mayor es el riesgo de que afecte seriamente la salud f\u00edsica, emocional y social de la persona.<\/p>\n\n\n\n<figure class=\"wp-block-image alignwide size-full\"><img loading=\"lazy\" decoding=\"async\" width=\"640\" height=\"397\" src=\"https:\/\/fonasa.mindy.cl\/blog\/wp-content\/uploads\/2025\/12\/portrait-4206795_640.jpg\" alt=\"severa depresi\u00f3n\" class=\"wp-image-1161\"\/><\/figure>\n\n\n\n<h3 class=\"wp-block-heading has-large-font-size\">Principales riesgos asociados<\/h3>\n\n\n\n<p><strong>1. Suicidio<\/strong><br>Este es el riesgo m\u00e1s grave. La severa depresi\u00f3n est\u00e1 estrechamente relacionada con pensamientos suicidas y, en algunos casos, con intentos o suicidios consumados. No se trata de \u201cllamar la atenci\u00f3n\u201d, sino de una expresi\u00f3n extrema del sufrimiento emocional.<\/p>\n\n\n\n<blockquote class=\"wp-block-quote is-layout-flow wp-block-quote-is-layout-flow\">\n<p><strong>Alerta:<\/strong> Si t\u00fa o alguien cercano expresa deseos de morir, ideas de \u201cno seguir m\u00e1s\u201d o se\u00f1ales de despedida, es fundamental buscar ayuda urgente. <strong>Llama a un servicio de emergencia o acude a un centro de salud.<\/strong><\/p>\n<\/blockquote>\n\n\n\n<p><strong>2. Autolesiones<\/strong><br>Algunas personas con depresi\u00f3n severa se da\u00f1an f\u00edsicamente (cortes, golpes, quemaduras) como forma de lidiar con el dolor emocional. No siempre buscan quitarse la vida, pero s\u00ed liberar una tensi\u00f3n interna insoportable.<\/p>\n\n\n\n<p><strong>3. Aislamiento extremo<\/strong><br>La persona puede alejarse completamente de su entorno: familia, amigos, trabajo o estudios. Esto aumenta el riesgo de deterioro emocional, econ\u00f3mico y relacional.<\/p>\n\n\n\n<p><strong>4. Deterioro del estado f\u00edsico<\/strong><br>Cambios extremos en el apetito o el sue\u00f1o, fatiga cr\u00f3nica, dolores persistentes o abandono del autocuidado pueden derivar en problemas m\u00e9dicos serios.<\/p>\n\n\n\n<p><strong>5. Abuso de sustancias<\/strong><br>En algunos casos, se recurre al alcohol o drogas como forma de escape. Esto puede empeorar la sintomatolog\u00eda y generar una adicci\u00f3n paralela.<\/p>\n\n\n\n<p><strong>6. Cronicidad<\/strong><br>Cuando la depresi\u00f3n severa no se trata, puede volverse cr\u00f3nica. Es decir, mantenerse durante a\u00f1os o aparecer de forma recurrente, con per\u00edodos de reca\u00edda cada vez m\u00e1s intensos.<\/p>\n\n\n\n<h3 class=\"wp-block-heading has-large-font-size\">Impacto global<\/h3>\n\n\n\n<ul>\n<li><strong>En lo personal:<\/strong> p\u00e9rdida del sentido de vida, desconexi\u00f3n emocional, baja autoestima extrema.<\/li>\n\n\n\n<li><strong>En lo social:<\/strong> dificultades en el trabajo, p\u00e9rdida de v\u00ednculos, aislamiento afectivo.<\/li>\n\n\n\n<li><strong>En lo familiar:<\/strong> conflictos, sobrecarga emocional, incomprensi\u00f3n mutua.<\/li>\n<\/ul>\n\n\n\n<blockquote class=\"wp-block-quote is-layout-flow wp-block-quote-is-layout-flow\">\n<p><strong>La severa depresi\u00f3n es tratable, pero no puede ser ignorada.<\/strong> Cuanto m\u00e1s se demora el inicio del tratamiento, mayor es el riesgo de complicaciones.<\/p>\n<\/blockquote>\n\n\n\n<h2 class=\"wp-block-heading has-x-large-font-size\">Tratamiento de la severa depresi\u00f3n<\/h2>\n\n\n\n<p>La <strong>severa depresi\u00f3n<\/strong> requiere un tratamiento profesional, intensivo y personalizado. No se trata de \u201cecharle ganas\u201d ni de esperar a que pase sola: es una condici\u00f3n cl\u00ednica seria que necesita abordarse con herramientas terap\u00e9uticas s\u00f3lidas.<\/p>\n\n\n\n<h3 class=\"wp-block-heading has-large-font-size\">\u00bfEn qu\u00e9 consiste el tratamiento?<\/h3>\n\n\n\n<p><strong>1. Psicoterapia especializada<\/strong><\/p>\n\n\n\n<ul>\n<li><strong>Terapia cognitivo-conductual (TCC):<\/strong> ayuda a identificar y modificar pensamientos negativos autom\u00e1ticos, mejorar la motivaci\u00f3n y recuperar habilidades de afrontamiento.<\/li>\n\n\n\n<li><strong>Terapia interpersonal:<\/strong> se enfoca en las relaciones y los cambios importantes de vida que pueden estar relacionados con el episodio depresivo.<\/li>\n\n\n\n<li><strong>Terapia psicodin\u00e1mica o integrativa:<\/strong> puede ser \u00fatil en casos con historia de traumas o conflictos emocionales profundos.<\/li>\n<\/ul>\n\n\n\n<blockquote class=\"wp-block-quote is-layout-flow wp-block-quote-is-layout-flow\">\n<p><strong>Importante:<\/strong> En casos severos, la psicoterapia suele combinarse con medicaci\u00f3n desde el inicio.<\/p>\n<\/blockquote>\n\n\n\n<p><strong>2. Medicaci\u00f3n antidepresiva<\/strong><\/p>\n\n\n\n<ul>\n<li>Los <strong>inhibidores selectivos de la recaptaci\u00f3n de serotonina (ISRS)<\/strong> y otros antidepresivos son esenciales para estabilizar los s\u00edntomas.<\/li>\n\n\n\n<li>En algunos casos, puede ser necesario <strong>combinar f\u00e1rmacos<\/strong> o usar antipsic\u00f3ticos si hay s\u00edntomas psic\u00f3ticos.<\/li>\n\n\n\n<li>El tratamiento debe ser indicado y monitoreado por un psiquiatra, y <strong>puede tomar algunas semanas en mostrar efectos<\/strong>.<\/li>\n<\/ul>\n\n\n\n<p><strong>3. Intervenciones intensivas (en casos graves)<\/strong><\/p>\n\n\n\n<ul>\n<li>Si existe <strong>riesgo suicida<\/strong>, s\u00edntomas psic\u00f3ticos o deterioro extremo, puede ser necesaria una <strong>hospitalizaci\u00f3n breve<\/strong> para estabilizar la situaci\u00f3n.<\/li>\n\n\n\n<li>Tambi\u00e9n se puede considerar la <strong>terapia electroconvulsiva (TEC)<\/strong>, que ha demostrado ser eficaz en depresiones severas resistentes a f\u00e1rmacos. Aunque suena agresiva, hoy se realiza de forma segura y controlada.<\/li>\n<\/ul>\n\n\n\n<p><strong>4. Estilo de vida y h\u00e1bitos como complemento<\/strong><\/p>\n\n\n\n<ul>\n<li>Rutinas de sue\u00f1o, alimentaci\u00f3n equilibrada, actividad f\u00edsica suave y desconexi\u00f3n digital pueden ayudar a sostener la recuperaci\u00f3n.<\/li>\n\n\n\n<li>No sustituyen al tratamiento cl\u00ednico, pero <strong>pueden potenciar sus efectos<\/strong>.<\/li>\n<\/ul>\n\n\n\n<p><strong>5. Apoyo emocional y redes de contenci\u00f3n<\/strong><\/p>\n\n\n\n<ul>\n<li>El acompa\u00f1amiento de personas cercanas, grupos de apoyo y entornos emp\u00e1ticos es clave.<\/li>\n\n\n\n<li>La persona con <strong>severa depresi\u00f3n<\/strong> necesita sentirse comprendida, no presionada.<\/li>\n<\/ul>\n\n\n\n<blockquote class=\"wp-block-quote is-layout-flow wp-block-quote-is-layout-flow\">\n<p><strong>Recuerda:<\/strong> Cada caso es \u00fanico. El tratamiento debe adaptarse a las caracter\u00edsticas personales, la historia cl\u00ednica y la respuesta de cada persona. No hay una sola f\u00f3rmula que sirva para todos.<\/p>\n<\/blockquote>\n\n\n\n<p>La buena noticia es que <strong>s\u00ed hay tratamiento efectivo<\/strong>. Con el acompa\u00f1amiento adecuado, muchas personas logran estabilizarse, reducir sus s\u00edntomas y recuperar su funcionalidad.<\/p>\n\n\n\n<h3 class=\"wp-block-heading has-large-font-size\">Acompa\u00f1amiento y soporte emocional<\/h3>\n\n\n\n<p>La <strong>severa depresi\u00f3n<\/strong> no solo afecta a quien la vive directamente, sino tambi\u00e9n a quienes est\u00e1n cerca. Si est\u00e1s acompa\u00f1ando a alguien con este tipo de depresi\u00f3n, es normal que sientas miedo, frustraci\u00f3n o impotencia. Sin embargo, tu rol puede ser muy valioso si sabes c\u00f3mo actuar con empat\u00eda y cuidado.<\/p>\n\n\n\n<h4 class=\"wp-block-heading has-medium-font-size\">\u00bfC\u00f3mo acompa\u00f1ar sin sobrecargarte ni sobrecargar al otro?<\/h4>\n\n\n\n<p><strong>1. Escucha sin juzgar<\/strong><br>Evita minimizar lo que siente la persona. Frases como \u201cno es para tanto\u201d o \u201ctienes que animarte\u201d no ayudan. En cambio, usa expresiones como:<\/p>\n\n\n\n<blockquote class=\"wp-block-quote is-layout-flow wp-block-quote-is-layout-flow\">\n<p>\u201cNo s\u00e9 exactamente c\u00f3mo te sientes, pero estoy aqu\u00ed para ti.\u201d<br>\u201cLo que vives es real y no est\u00e1s solo\/a.\u201d<\/p>\n<\/blockquote>\n\n\n\n<p><strong>2. Respeta sus tiempos, pero no te alejes<\/strong><br>Alguien con depresi\u00f3n severa puede parecer distante o incluso rechazar tu ayuda. No insistas de forma invasiva, pero <strong>hazle saber que puede contar contigo<\/strong>.<\/p>\n\n\n\n<p><strong>3. Ofrece ayuda pr\u00e1ctica<\/strong><br>A veces, lo mejor que puedes hacer es algo concreto: acompa\u00f1ar a una cita m\u00e9dica, ayudar con una tarea dom\u00e9stica, o simplemente estar presente en silencio.<\/p>\n\n\n\n<p><strong>4. Motiva a buscar ayuda profesional<\/strong><br>Puedes sugerirle que consulte a un psic\u00f3logo\/a o psiquiatra. Ofrece acompa\u00f1ar en el proceso si lo permite. Evita imponerlo, pero <strong>no normalices el sufrimiento<\/strong>.<\/p>\n\n\n\n<p><strong>5. Inf\u00f3rmate sobre la depresi\u00f3n<\/strong><br>Comprender c\u00f3mo funciona la <strong>severa depresi\u00f3n<\/strong> te permitir\u00e1 tener m\u00e1s empat\u00eda y actuar con menos miedo. Esto tambi\u00e9n puede ayudarte a identificar se\u00f1ales de alerta, como el riesgo suicida.<\/p>\n\n\n\n<p><strong>6. Cuida tambi\u00e9n tu salud emocional<\/strong><br>Acompa\u00f1ar a alguien en depresi\u00f3n puede ser desgastante. Busca tus propios espacios de contenci\u00f3n: terapia, redes de apoyo o actividades que te den bienestar. <strong>No puedes sostener a otro si est\u00e1s completamente agotado\/a.<\/strong><\/p>\n\n\n\n<blockquote class=\"wp-block-quote is-layout-flow wp-block-quote-is-layout-flow\">\n<p><strong>Consejo importante:<\/strong> No tienes que tener todas las respuestas. Estar presente, con atenci\u00f3n genuina y sin juicio, ya es un acto de apoyo profundo.<\/p>\n<\/blockquote>\n\n\n\n<p>A veces, las personas con <strong>severa depresi\u00f3n<\/strong> sienten que son una carga. Mostrarles, con acciones peque\u00f1as y constantes, que su presencia sigue siendo valiosa, puede tener un impacto m\u00e1s grande de lo que imaginas.<\/p>\n\n\n\n<h3 class=\"wp-block-heading has-large-font-size\">Mitos y tab\u00faes sobre la severa depresi\u00f3n<\/h3>\n\n\n\n<p>A pesar de que cada vez hablamos m\u00e1s de salud mental, la <strong>severa depresi\u00f3n<\/strong> sigue siendo una de las condiciones m\u00e1s malentendidas. Existen muchos mitos que impiden que las personas pidan ayuda, reciban comprensi\u00f3n o accedan a un tratamiento oportuno. Desmentirlos es parte fundamental del camino hacia una sociedad m\u00e1s emp\u00e1tica.<\/p>\n\n\n\n<h4 class=\"wp-block-heading has-medium-font-size\">Mito 1: \u201cSi es tan grave, ya no tiene soluci\u00f3n\u201d<\/h4>\n\n\n\n<p>Falso. Aunque la depresi\u00f3n severa puede ser muy limitante, <strong>s\u00ed tiene tratamiento<\/strong>. Con el enfoque adecuado, muchas personas logran mejorar significativamente, recuperar su funcionalidad y tener calidad de vida.<\/p>\n\n\n\n<h4 class=\"wp-block-heading has-medium-font-size\">Mito 2: \u201cSolo es cuesti\u00f3n de actitud\u201d<\/h4>\n\n\n\n<p>La depresi\u00f3n no se supera con fuerza de voluntad. Es una condici\u00f3n m\u00e9dica real que involucra procesos biol\u00f3gicos, psicol\u00f3gicos y sociales. Pedirle a alguien con depresi\u00f3n severa que \u201cle ponga ganas\u201d es como pedirle a alguien con fiebre que la baje por decisi\u00f3n propia.<\/p>\n\n\n\n<h4 class=\"wp-block-heading has-medium-font-size\">Mito 3: \u201cSi no llora o no est\u00e1 acostado todo el d\u00eda, no es depresi\u00f3n severa\u201d<\/h4>\n\n\n\n<p>Muchas personas con depresi\u00f3n severa pueden mantener ciertas rutinas o incluso aparentar estar \u201cbien\u201d de cara al resto. Pero por dentro est\u00e1n completamente desconectadas, agotadas o con pensamientos muy oscuros. <strong>No todas las depresiones se ven igual.<\/strong><\/p>\n\n\n\n<h4 class=\"wp-block-heading has-medium-font-size\">Mito 4: \u201cEs mejor no hablar del suicidio para no dar ideas\u201d<\/h4>\n\n\n\n<p>Todo lo contrario. Hablar abiertamente del tema puede <strong>prevenir suicidios<\/strong>, no provocarlos. Abrir espacios seguros para conversar sobre lo que la persona siente puede ser una forma directa de salvar vidas.<\/p>\n\n\n\n<h4 class=\"wp-block-heading has-medium-font-size\">Mito 5: \u201cQuien de verdad quiere matarse, no avisa\u201d<\/h4>\n\n\n\n<p>Otro mito muy peligroso. La mayor\u00eda de las personas que se suicidan <strong>s\u00ed dan se\u00f1ales previas<\/strong>: cambios de comportamiento, frases indirectas, aislamiento, desesperanza. Ignorar esas se\u00f1ales puede ser fatal.<\/p>\n\n\n\n<h4 class=\"wp-block-heading has-medium-font-size\">Mito 6: \u201cLa depresi\u00f3n severa es para siempre\u201d<\/h4>\n\n\n\n<p>No necesariamente. Muchas personas logran salir adelante con tratamiento, contenci\u00f3n y tiempo. Algunas tienen reca\u00eddas, pero tambi\u00e9n nuevas herramientas para enfrentarlas. <strong>La recuperaci\u00f3n es posible.<\/strong><\/p>\n\n\n\n<blockquote class=\"wp-block-quote is-layout-flow wp-block-quote-is-layout-flow\">\n<p><strong>Desmentir mitos salva vidas.<\/strong> Ayuda a que m\u00e1s personas se atrevan a hablar, a pedir ayuda sin verg\u00fcenza y a recibir el acompa\u00f1amiento que merecen.<\/p>\n<\/blockquote>\n\n\n\n<h3 class=\"wp-block-heading has-large-font-size\">Prevenci\u00f3n de reca\u00eddas y recuperaci\u00f3n sostenida<\/h3>\n\n\n\n<p>Superar una <strong>severa depresi\u00f3n<\/strong> es un proceso profundo que no termina cuando los s\u00edntomas m\u00e1s intensos desaparecen. Muchas personas experimentan mejoras significativas, pero tambi\u00e9n pueden enfrentar <strong>reca\u00eddas<\/strong> si no se mantienen ciertos cuidados. Por eso, la prevenci\u00f3n y el seguimiento son partes fundamentales de la recuperaci\u00f3n.<\/p>\n\n\n\n<h4 class=\"wp-block-heading has-medium-font-size\">\u00bfQu\u00e9 es una reca\u00edda?<\/h4>\n\n\n\n<p>Una reca\u00edda ocurre cuando, tras un per\u00edodo de mejor\u00eda, vuelven a aparecer s\u00edntomas depresivos con suficiente intensidad como para afectar nuevamente el funcionamiento diario. En casos de depresi\u00f3n severa, las reca\u00eddas pueden ser m\u00e1s graves si no se detectan y tratan a tiempo.<\/p>\n\n\n\n<h4 class=\"wp-block-heading has-medium-font-size\">Estrategias para prevenir reca\u00eddas<\/h4>\n\n\n\n<p><strong>1. Continuar con el tratamiento<\/strong><br>Aunque te sientas mejor, <strong>no suspendas la terapia ni la medicaci\u00f3n sin indicaci\u00f3n profesional<\/strong>. Muchas veces, el tratamiento debe mantenerse durante meses o a\u00f1os para consolidar la recuperaci\u00f3n.<\/p>\n\n\n\n<p><strong>2. Asistir a controles regulares<\/strong><br>Tener citas de seguimiento con el o la profesional de salud mental permite ajustar el tratamiento y detectar se\u00f1ales tempranas de reca\u00edda.<\/p>\n\n\n\n<p><strong>3. Identificar se\u00f1ales de alerta personales<\/strong><br>Cada persona tiene su propio patr\u00f3n. Podr\u00edas empezar a dormir mal, perder inter\u00e9s en cosas peque\u00f1as o sentirte irritable sin raz\u00f3n. Reconocer tus se\u00f1ales ayuda a actuar antes de que la reca\u00edda se profundice.<\/p>\n\n\n\n<p><strong>4. Cuidar el estilo de vida<\/strong><\/p>\n\n\n\n<ul>\n<li>Dormir bien y en horarios regulares<\/li>\n\n\n\n<li>Comer saludablemente<\/li>\n\n\n\n<li>Mantener alguna actividad f\u00edsica<\/li>\n\n\n\n<li>Reducir el consumo de alcohol u otras sustancias<\/li>\n<\/ul>\n\n\n\n<p>Estas pr\u00e1cticas <strong>no reemplazan el tratamiento profesional<\/strong>, pero ayudan a estabilizar el estado de \u00e1nimo.<\/p>\n\n\n\n<p><strong>5. Mantener redes de apoyo<\/strong><br>No te a\u00edsles. Rodearte de personas que te escuchen y respeten tu proceso puede marcar la diferencia. Tambi\u00e9n puedes explorar grupos de apoyo presenciales u online.<\/p>\n\n\n\n<p><strong>6. Tener un plan de emergencia<\/strong><br>Si aparecen pensamientos suicidas o el malestar crece r\u00e1pidamente, es \u00fatil contar con un plan claro: a qui\u00e9n llamar, qu\u00e9 hacer, a qu\u00e9 centro acudir. Tenerlo listo <strong>no significa que recaer\u00e1s, sino que est\u00e1s preparado\/a para cuidarte.<\/strong><\/p>\n\n\n\n<blockquote class=\"wp-block-quote is-layout-flow wp-block-quote-is-layout-flow\">\n<p><strong>La recuperaci\u00f3n de una severa depresi\u00f3n no es lineal, pero s\u00ed posible.<\/strong> Lo importante es sostener los cuidados, incluso en los per\u00edodos de mayor estabilidad.<\/p>\n<\/blockquote>\n\n\n\n<h3 class=\"wp-block-heading has-large-font-size\">Conclusi\u00f3n<\/h3>\n\n\n\n<p>La <strong>severa depresi\u00f3n<\/strong> no es solo un mal momento ni una emoci\u00f3n intensa: es una condici\u00f3n real, compleja y profundamente incapacitante que puede afectar todos los aspectos de la vida. Pero tambi\u00e9n es una condici\u00f3n que <strong>tiene tratamiento<\/strong>, y de la que muchas personas logran salir adelante cuando reciben el apoyo que necesitan.<\/p>\n\n\n\n<p>Si algo queremos que recuerdes al llegar hasta aqu\u00ed, es esto:<\/p>\n\n\n\n<ul>\n<li><strong>La severa depresi\u00f3n no es debilidad.<\/strong> Es una enfermedad que necesita atenci\u00f3n profesional.<\/li>\n\n\n\n<li><strong>No est\u00e1s solo\/a.<\/strong> Hay recursos, personas, redes y profesionales que pueden ayudarte.<\/li>\n\n\n\n<li><strong>Pedir ayuda no es rendirse.<\/strong> Es empezar a tomar el control de tu proceso.<\/li>\n\n\n\n<li><strong>La recuperaci\u00f3n es posible.<\/strong> Tal vez no inmediata, tal vez no perfecta, pero real.<\/li>\n<\/ul>\n\n\n\n<p>Si t\u00fa o alguien cercano est\u00e1 viviendo s\u00edntomas como los que describimos, <strong>no esperes a que la situaci\u00f3n empeore<\/strong>. Hablar con un profesional puede ser el primer paso para empezar a aliviar ese sufrimiento.<\/p>\n\n\n\n<p>En Mindy, puedes encontrar psic\u00f3logos y psic\u00f3logas preparados para acompa\u00f1arte desde la comprensi\u00f3n y el respeto. Porque nadie deber\u00eda atravesar una <strong>severa depresi\u00f3n<\/strong> en silencio.<\/p>\n\n\n\n<h3 class=\"wp-block-heading has-large-font-size\">Preguntas frecuentes (FAQ)<\/h3>\n\n\n\n<p><strong>\u00bfQu\u00e9 diferencia hay entre tristeza profunda y severa depresi\u00f3n?<\/strong><br>La tristeza es una emoci\u00f3n natural que suele tener una causa y mejora con el tiempo. En cambio, la <strong>severa depresi\u00f3n<\/strong> es un trastorno cl\u00ednico que afecta el \u00e1nimo de forma persistente, sin que haya necesariamente un motivo concreto, y que interfiere en la vida diaria.<\/p>\n\n\n\n<p><strong>\u00bfCu\u00e1nto puede durar una severa depresi\u00f3n?<\/strong><br>Var\u00eda seg\u00fan la persona y si recibe tratamiento. Puede durar varios meses o incluso a\u00f1os si no se trata. Con intervenci\u00f3n adecuada, muchas personas experimentan una mejora significativa en pocos meses.<\/p>\n\n\n\n<p><strong>\u00bfEs necesario hospitalizar a alguien con depresi\u00f3n severa?<\/strong><br>Solo en casos graves, cuando hay <strong>riesgo suicida<\/strong>, s\u00edntomas psic\u00f3ticos o la persona no puede cuidar de s\u00ed misma. En la mayor\u00eda de los casos, el tratamiento se realiza de forma ambulatoria.<\/p>\n\n\n\n<p><strong>\u00bfSe puede vivir bien despu\u00e9s de una depresi\u00f3n severa?<\/strong><br>S\u00ed. Con tratamiento, apoyo y seguimiento, muchas personas recuperan su funcionalidad, su proyecto de vida y su bienestar emocional.<\/p>\n\n\n\n<p><strong>\u00bfQu\u00e9 hago si creo que alguien tiene depresi\u00f3n severa?<\/strong><br>Escucha sin juzgar, ofrece apoyo y sugi\u00e9rele buscar ayuda profesional. Si hay riesgo de suicidio, no lo dejes solo\/a y contacta servicios de emergencia.<\/p>\n\n\n\n<h2 class=\"wp-block-heading has-x-large-font-size\">Conocerte es el primer paso para sanar<\/h2>\n\n\n\n<p>Entender lo que sientes es clave para encontrar el apoyo indicado. En&nbsp;<strong>Fonasa&nbsp;<a href=\"https:\/\/mindy.cl\/\" target=\"_blank\" rel=\"noreferrer noopener\">Mindy.cl<\/a><\/strong>&nbsp;te ofrecemos una herramienta sencilla: un <strong>Quiz dise\u00f1ado para ayudarte a evaluar tus niveles de depresi\u00f3n<\/strong> y as\u00ed poder acceder a la terapia psicol\u00f3gica que realmente se ajusta a tus necesidades. No dejes pasar esta oportunidad de cuidar tu mente.<\/p>\n\n\n\n<p>\ud83c\udfaf&nbsp;<strong>Realiza el Quiz gratuito:<\/strong>&nbsp;<a href=\"https:\/\/form.typeform.com\/to\/P78CVEPt\" target=\"_blank\" rel=\"noreferrer noopener\"><strong>https:\/\/form.typeform.com\/to\/P78CVEPt<\/strong><\/a><\/p>\n","protected":false},"excerpt":{"rendered":"<p>La severa depresi\u00f3n no es solo una tristeza profunda ni una mala racha emocional. Es una condici\u00f3n cl\u00ednica grave que puede afectar intensamente tu forma de pensar, sentir, actuar e incluso de relacionarte con el mundo. Y aunque muchas personas la viven, todav\u00eda cuesta hablar de ella sin miedo, sin verg\u00fcenza y sin prejuicios. Porque [&hellip;]<\/p>\n","protected":false},"author":2,"featured_media":1159,"comment_status":"closed","ping_status":"closed","sticky":false,"template":"","format":"standard","meta":{"footnotes":""},"categories":[278],"tags":[],"yoast_head":"<!-- This site is optimized with the Yoast SEO plugin v23.0 - https:\/\/yoast.com\/wordpress\/plugins\/seo\/ -->\n<title>Severa depresi\u00f3n: s\u00edntomas, tratamiento y apoyo<\/title>\n<meta name=\"description\" content=\"Conoce qu\u00e9 es la severa depresi\u00f3n, c\u00f3mo se manifiesta, sus riesgos y qu\u00e9 hacer para tratarla y acompa\u00f1ar. Informaci\u00f3n clara y actualizada.\" \/>\n<meta name=\"robots\" content=\"index, follow, max-snippet:-1, max-image-preview:large, max-video-preview:-1\" \/>\n<link rel=\"canonical\" href=\"https:\/\/fonasa.mindy.cl\/blog\/severa-depresion\/\" \/>\n<meta property=\"og:locale\" content=\"es_ES\" \/>\n<meta property=\"og:type\" content=\"article\" \/>\n<meta property=\"og:title\" content=\"Severa depresi\u00f3n: s\u00edntomas, tratamiento y apoyo\" \/>\n<meta property=\"og:description\" content=\"Conoce qu\u00e9 es la severa depresi\u00f3n, c\u00f3mo se manifiesta, sus riesgos y qu\u00e9 hacer para tratarla y acompa\u00f1ar. Informaci\u00f3n clara y actualizada.\" \/>\n<meta property=\"og:url\" content=\"https:\/\/fonasa.mindy.cl\/blog\/severa-depresion\/\" \/>\n<meta property=\"og:site_name\" content=\"Mindy Fonasa Blog\" \/>\n<meta property=\"article:published_time\" content=\"2025-09-30T21:50:48+00:00\" \/>\n<meta property=\"article:modified_time\" content=\"2026-03-25T13:32:38+00:00\" \/>\n<meta property=\"og:image\" content=\"https:\/\/fonasa.mindy.cl\/blog\/wp-content\/uploads\/2025\/09\/teddy-2711675_640.jpg\" \/>\n\t<meta property=\"og:image:width\" content=\"640\" \/>\n\t<meta property=\"og:image:height\" content=\"427\" \/>\n\t<meta property=\"og:image:type\" content=\"image\/jpeg\" \/>\n<meta name=\"author\" content=\"reinaldo@mindy.cl\" \/>\n<meta name=\"twitter:card\" content=\"summary_large_image\" \/>\n<meta name=\"twitter:label1\" content=\"Written by\" \/>\n\t<meta name=\"twitter:data1\" content=\"reinaldo@mindy.cl\" \/>\n\t<meta name=\"twitter:label2\" content=\"Est. reading time\" \/>\n\t<meta name=\"twitter:data2\" content=\"16 minutos\" \/>\n<script type=\"application\/ld+json\" class=\"yoast-schema-graph\">{\"@context\":\"https:\/\/schema.org\",\"@graph\":[{\"@type\":\"Article\",\"@id\":\"https:\/\/fonasa.mindy.cl\/blog\/severa-depresion\/#article\",\"isPartOf\":{\"@id\":\"https:\/\/fonasa.mindy.cl\/blog\/severa-depresion\/\"},\"author\":{\"name\":\"reinaldo@mindy.cl\",\"@id\":\"https:\/\/fonasa.mindy.cl\/blog\/#\/schema\/person\/6b2fdf85e03858572a636b7b9ce17d81\"},\"headline\":\"Severa depresi\u00f3n: s\u00edntomas, tratamiento y apoyo\",\"datePublished\":\"2025-09-30T21:50:48+00:00\",\"dateModified\":\"2026-03-25T13:32:38+00:00\",\"mainEntityOfPage\":{\"@id\":\"https:\/\/fonasa.mindy.cl\/blog\/severa-depresion\/\"},\"wordCount\":4157,\"publisher\":{\"@id\":\"https:\/\/fonasa.mindy.cl\/blog\/#organization\"},\"image\":{\"@id\":\"https:\/\/fonasa.mindy.cl\/blog\/severa-depresion\/#primaryimage\"},\"thumbnailUrl\":\"https:\/\/fonasa.mindy.cl\/blog\/wp-content\/uploads\/2025\/09\/teddy-2711675_640.jpg\",\"articleSection\":[\"Depresi\u00f3n\"],\"inLanguage\":\"es-CL\"},{\"@type\":\"WebPage\",\"@id\":\"https:\/\/fonasa.mindy.cl\/blog\/severa-depresion\/\",\"url\":\"https:\/\/fonasa.mindy.cl\/blog\/severa-depresion\/\",\"name\":\"Severa depresi\u00f3n: s\u00edntomas, tratamiento y apoyo\",\"isPartOf\":{\"@id\":\"https:\/\/fonasa.mindy.cl\/blog\/#website\"},\"primaryImageOfPage\":{\"@id\":\"https:\/\/fonasa.mindy.cl\/blog\/severa-depresion\/#primaryimage\"},\"image\":{\"@id\":\"https:\/\/fonasa.mindy.cl\/blog\/severa-depresion\/#primaryimage\"},\"thumbnailUrl\":\"https:\/\/fonasa.mindy.cl\/blog\/wp-content\/uploads\/2025\/09\/teddy-2711675_640.jpg\",\"datePublished\":\"2025-09-30T21:50:48+00:00\",\"dateModified\":\"2026-03-25T13:32:38+00:00\",\"description\":\"Conoce qu\u00e9 es la severa depresi\u00f3n, c\u00f3mo se manifiesta, sus riesgos y qu\u00e9 hacer para tratarla y acompa\u00f1ar. Informaci\u00f3n clara y actualizada.\",\"breadcrumb\":{\"@id\":\"https:\/\/fonasa.mindy.cl\/blog\/severa-depresion\/#breadcrumb\"},\"inLanguage\":\"es-CL\",\"potentialAction\":[{\"@type\":\"ReadAction\",\"target\":[\"https:\/\/fonasa.mindy.cl\/blog\/severa-depresion\/\"]}]},{\"@type\":\"ImageObject\",\"inLanguage\":\"es-CL\",\"@id\":\"https:\/\/fonasa.mindy.cl\/blog\/severa-depresion\/#primaryimage\",\"url\":\"https:\/\/fonasa.mindy.cl\/blog\/wp-content\/uploads\/2025\/09\/teddy-2711675_640.jpg\",\"contentUrl\":\"https:\/\/fonasa.mindy.cl\/blog\/wp-content\/uploads\/2025\/09\/teddy-2711675_640.jpg\",\"width\":640,\"height\":427,\"caption\":\"severa depresi\u00f3n\"},{\"@type\":\"BreadcrumbList\",\"@id\":\"https:\/\/fonasa.mindy.cl\/blog\/severa-depresion\/#breadcrumb\",\"itemListElement\":[{\"@type\":\"ListItem\",\"position\":1,\"name\":\"Home\",\"item\":\"https:\/\/fonasa.mindy.cl\/blog\/\"},{\"@type\":\"ListItem\",\"position\":2,\"name\":\"Severa depresi\u00f3n: s\u00edntomas, tratamiento y apoyo\"}]},{\"@type\":\"WebSite\",\"@id\":\"https:\/\/fonasa.mindy.cl\/blog\/#website\",\"url\":\"https:\/\/fonasa.mindy.cl\/blog\/\",\"name\":\"Mindy Fonasa Blog\",\"description\":\"Un blog de salud mental\",\"publisher\":{\"@id\":\"https:\/\/fonasa.mindy.cl\/blog\/#organization\"},\"potentialAction\":[{\"@type\":\"SearchAction\",\"target\":{\"@type\":\"EntryPoint\",\"urlTemplate\":\"https:\/\/fonasa.mindy.cl\/blog\/?s={search_term_string}\"},\"query-input\":\"required name=search_term_string\"}],\"inLanguage\":\"es-CL\"},{\"@type\":\"Organization\",\"@id\":\"https:\/\/fonasa.mindy.cl\/blog\/#organization\",\"name\":\"Mindy Fonasa Blog\",\"url\":\"https:\/\/fonasa.mindy.cl\/blog\/\",\"logo\":{\"@type\":\"ImageObject\",\"inLanguage\":\"es-CL\",\"@id\":\"https:\/\/fonasa.mindy.cl\/blog\/#\/schema\/logo\/image\/\",\"url\":\"https:\/\/fonasa.mindy.cl\/blog\/wp-content\/uploads\/2024\/07\/logo_cuadrado.png\",\"contentUrl\":\"https:\/\/fonasa.mindy.cl\/blog\/wp-content\/uploads\/2024\/07\/logo_cuadrado.png\",\"width\":300,\"height\":300,\"caption\":\"Mindy Fonasa Blog\"},\"image\":{\"@id\":\"https:\/\/fonasa.mindy.cl\/blog\/#\/schema\/logo\/image\/\"}},{\"@type\":\"Person\",\"@id\":\"https:\/\/fonasa.mindy.cl\/blog\/#\/schema\/person\/6b2fdf85e03858572a636b7b9ce17d81\",\"name\":\"reinaldo@mindy.cl\",\"url\":\"https:\/\/fonasa.mindy.cl\/blog\/author\/reinaldomindy-cl\/\"}]}<\/script>\n<!-- \/ Yoast SEO plugin. -->","yoast_head_json":{"title":"Severa depresi\u00f3n: s\u00edntomas, tratamiento y apoyo","description":"Conoce qu\u00e9 es la severa depresi\u00f3n, c\u00f3mo se manifiesta, sus riesgos y qu\u00e9 hacer para tratarla y acompa\u00f1ar. Informaci\u00f3n clara y actualizada.","robots":{"index":"index","follow":"follow","max-snippet":"max-snippet:-1","max-image-preview":"max-image-preview:large","max-video-preview":"max-video-preview:-1"},"canonical":"https:\/\/fonasa.mindy.cl\/blog\/severa-depresion\/","og_locale":"es_ES","og_type":"article","og_title":"Severa depresi\u00f3n: s\u00edntomas, tratamiento y apoyo","og_description":"Conoce qu\u00e9 es la severa depresi\u00f3n, c\u00f3mo se manifiesta, sus riesgos y qu\u00e9 hacer para tratarla y acompa\u00f1ar. Informaci\u00f3n clara y actualizada.","og_url":"https:\/\/fonasa.mindy.cl\/blog\/severa-depresion\/","og_site_name":"Mindy Fonasa Blog","article_published_time":"2025-09-30T21:50:48+00:00","article_modified_time":"2026-03-25T13:32:38+00:00","og_image":[{"width":640,"height":427,"url":"https:\/\/fonasa.mindy.cl\/blog\/wp-content\/uploads\/2025\/09\/teddy-2711675_640.jpg","type":"image\/jpeg"}],"author":"reinaldo@mindy.cl","twitter_card":"summary_large_image","twitter_misc":{"Written by":"reinaldo@mindy.cl","Est. reading time":"16 minutos"},"schema":{"@context":"https:\/\/schema.org","@graph":[{"@type":"Article","@id":"https:\/\/fonasa.mindy.cl\/blog\/severa-depresion\/#article","isPartOf":{"@id":"https:\/\/fonasa.mindy.cl\/blog\/severa-depresion\/"},"author":{"name":"reinaldo@mindy.cl","@id":"https:\/\/fonasa.mindy.cl\/blog\/#\/schema\/person\/6b2fdf85e03858572a636b7b9ce17d81"},"headline":"Severa depresi\u00f3n: s\u00edntomas, tratamiento y apoyo","datePublished":"2025-09-30T21:50:48+00:00","dateModified":"2026-03-25T13:32:38+00:00","mainEntityOfPage":{"@id":"https:\/\/fonasa.mindy.cl\/blog\/severa-depresion\/"},"wordCount":4157,"publisher":{"@id":"https:\/\/fonasa.mindy.cl\/blog\/#organization"},"image":{"@id":"https:\/\/fonasa.mindy.cl\/blog\/severa-depresion\/#primaryimage"},"thumbnailUrl":"https:\/\/fonasa.mindy.cl\/blog\/wp-content\/uploads\/2025\/09\/teddy-2711675_640.jpg","articleSection":["Depresi\u00f3n"],"inLanguage":"es-CL"},{"@type":"WebPage","@id":"https:\/\/fonasa.mindy.cl\/blog\/severa-depresion\/","url":"https:\/\/fonasa.mindy.cl\/blog\/severa-depresion\/","name":"Severa depresi\u00f3n: s\u00edntomas, tratamiento y apoyo","isPartOf":{"@id":"https:\/\/fonasa.mindy.cl\/blog\/#website"},"primaryImageOfPage":{"@id":"https:\/\/fonasa.mindy.cl\/blog\/severa-depresion\/#primaryimage"},"image":{"@id":"https:\/\/fonasa.mindy.cl\/blog\/severa-depresion\/#primaryimage"},"thumbnailUrl":"https:\/\/fonasa.mindy.cl\/blog\/wp-content\/uploads\/2025\/09\/teddy-2711675_640.jpg","datePublished":"2025-09-30T21:50:48+00:00","dateModified":"2026-03-25T13:32:38+00:00","description":"Conoce qu\u00e9 es la severa depresi\u00f3n, c\u00f3mo se manifiesta, sus riesgos y qu\u00e9 hacer para tratarla y acompa\u00f1ar. Informaci\u00f3n clara y actualizada.","breadcrumb":{"@id":"https:\/\/fonasa.mindy.cl\/blog\/severa-depresion\/#breadcrumb"},"inLanguage":"es-CL","potentialAction":[{"@type":"ReadAction","target":["https:\/\/fonasa.mindy.cl\/blog\/severa-depresion\/"]}]},{"@type":"ImageObject","inLanguage":"es-CL","@id":"https:\/\/fonasa.mindy.cl\/blog\/severa-depresion\/#primaryimage","url":"https:\/\/fonasa.mindy.cl\/blog\/wp-content\/uploads\/2025\/09\/teddy-2711675_640.jpg","contentUrl":"https:\/\/fonasa.mindy.cl\/blog\/wp-content\/uploads\/2025\/09\/teddy-2711675_640.jpg","width":640,"height":427,"caption":"severa depresi\u00f3n"},{"@type":"BreadcrumbList","@id":"https:\/\/fonasa.mindy.cl\/blog\/severa-depresion\/#breadcrumb","itemListElement":[{"@type":"ListItem","position":1,"name":"Home","item":"https:\/\/fonasa.mindy.cl\/blog\/"},{"@type":"ListItem","position":2,"name":"Severa depresi\u00f3n: s\u00edntomas, tratamiento y apoyo"}]},{"@type":"WebSite","@id":"https:\/\/fonasa.mindy.cl\/blog\/#website","url":"https:\/\/fonasa.mindy.cl\/blog\/","name":"Mindy Fonasa Blog","description":"Un blog de salud mental","publisher":{"@id":"https:\/\/fonasa.mindy.cl\/blog\/#organization"},"potentialAction":[{"@type":"SearchAction","target":{"@type":"EntryPoint","urlTemplate":"https:\/\/fonasa.mindy.cl\/blog\/?s={search_term_string}"},"query-input":"required name=search_term_string"}],"inLanguage":"es-CL"},{"@type":"Organization","@id":"https:\/\/fonasa.mindy.cl\/blog\/#organization","name":"Mindy Fonasa Blog","url":"https:\/\/fonasa.mindy.cl\/blog\/","logo":{"@type":"ImageObject","inLanguage":"es-CL","@id":"https:\/\/fonasa.mindy.cl\/blog\/#\/schema\/logo\/image\/","url":"https:\/\/fonasa.mindy.cl\/blog\/wp-content\/uploads\/2024\/07\/logo_cuadrado.png","contentUrl":"https:\/\/fonasa.mindy.cl\/blog\/wp-content\/uploads\/2024\/07\/logo_cuadrado.png","width":300,"height":300,"caption":"Mindy Fonasa Blog"},"image":{"@id":"https:\/\/fonasa.mindy.cl\/blog\/#\/schema\/logo\/image\/"}},{"@type":"Person","@id":"https:\/\/fonasa.mindy.cl\/blog\/#\/schema\/person\/6b2fdf85e03858572a636b7b9ce17d81","name":"reinaldo@mindy.cl","url":"https:\/\/fonasa.mindy.cl\/blog\/author\/reinaldomindy-cl\/"}]}},"_links":{"self":[{"href":"https:\/\/fonasa.mindy.cl\/blog\/wp-json\/wp\/v2\/posts\/686"}],"collection":[{"href":"https:\/\/fonasa.mindy.cl\/blog\/wp-json\/wp\/v2\/posts"}],"about":[{"href":"https:\/\/fonasa.mindy.cl\/blog\/wp-json\/wp\/v2\/types\/post"}],"author":[{"embeddable":true,"href":"https:\/\/fonasa.mindy.cl\/blog\/wp-json\/wp\/v2\/users\/2"}],"replies":[{"embeddable":true,"href":"https:\/\/fonasa.mindy.cl\/blog\/wp-json\/wp\/v2\/comments?post=686"}],"version-history":[{"count":8,"href":"https:\/\/fonasa.mindy.cl\/blog\/wp-json\/wp\/v2\/posts\/686\/revisions"}],"predecessor-version":[{"id":1710,"href":"https:\/\/fonasa.mindy.cl\/blog\/wp-json\/wp\/v2\/posts\/686\/revisions\/1710"}],"wp:featuredmedia":[{"embeddable":true,"href":"https:\/\/fonasa.mindy.cl\/blog\/wp-json\/wp\/v2\/media\/1159"}],"wp:attachment":[{"href":"https:\/\/fonasa.mindy.cl\/blog\/wp-json\/wp\/v2\/media?parent=686"}],"wp:term":[{"taxonomy":"category","embeddable":true,"href":"https:\/\/fonasa.mindy.cl\/blog\/wp-json\/wp\/v2\/categories?post=686"},{"taxonomy":"post_tag","embeddable":true,"href":"https:\/\/fonasa.mindy.cl\/blog\/wp-json\/wp\/v2\/tags?post=686"}],"curies":[{"name":"wp","href":"https:\/\/api.w.org\/{rel}","templated":true}]}}