{"id":684,"date":"2025-09-30T18:48:23","date_gmt":"2025-09-30T21:48:23","guid":{"rendered":"https:\/\/fonasa.mindy.cl\/blog\/?p=684"},"modified":"2026-03-25T10:32:22","modified_gmt":"2026-03-25T13:32:22","slug":"depresion-en-adolescentes","status":"publish","type":"post","link":"https:\/\/fonasa.mindy.cl\/blog\/depresion-en-adolescentes\/","title":{"rendered":"Depresi\u00f3n en adolescentes: s\u00edntomas, causas y apoyo"},"content":{"rendered":"\n<p>Si alguna vez te has preguntado qu\u00e9 significa que un joven sufra de <strong>depresi\u00f3n en adolescentes<\/strong>, c\u00f3mo detectarla y qu\u00e9 hacer al respecto, este art\u00edculo es para ti. Esta forma de depresi\u00f3n no es solo una etapa dif\u00edcil o una tristeza pasajera: puede afectar profundamente el <strong>pensamiento<\/strong>, las <strong>emociones<\/strong>, el <strong>comportamiento<\/strong> y la forma en que un adolescente se relaciona consigo mismo y con su entorno.<\/p>\n\n\n\n<p>En esta gu\u00eda te mostrar\u00e9 de forma <strong>clara y cercana<\/strong> qu\u00e9 implica la <strong>depresi\u00f3n en adolescentes<\/strong>, cu\u00e1les son sus se\u00f1ales m\u00e1s comunes, <strong>por qu\u00e9 aparece<\/strong>, c\u00f3mo distinguirla de otros estados emocionales como el estr\u00e9s o el des\u00e1nimo, qu\u00e9 impacto tiene en la vida diaria y <strong>qu\u00e9 hacer si t\u00fa o alguien cercano est\u00e1 pasando por esto<\/strong>. Tambi\u00e9n responder\u00e9 dudas frecuentes, desmontar\u00e9 mitos y te compartir\u00e9 orientaciones pr\u00e1cticas para <strong>acompa\u00f1ar sin juzgar<\/strong> o <strong>buscar ayuda profesional<\/strong>.<\/p>\n\n\n\n<p>Mi objetivo es que al terminar de leer este art\u00edculo tengas m\u00e1s <strong>claridad<\/strong>, m\u00e1s <strong>herramientas concretas<\/strong> y m\u00e1s <strong>confianza para actuar<\/strong>. Porque reconocer la <strong>depresi\u00f3n en adolescentes<\/strong> no es exagerar; es dar el primer paso hacia el cuidado emocional, la contenci\u00f3n y la recuperaci\u00f3n.<\/p>\n\n\n\n<h2 class=\"wp-block-heading has-text-align-left has-x-large-font-size\">\u00bfQu\u00e9 significa tener depresi\u00f3n en la adolescencia?<\/h2>\n\n\n\n<figure class=\"wp-block-image alignwide size-full\"><img loading=\"lazy\" decoding=\"async\" width=\"640\" height=\"427\" src=\"https:\/\/fonasa.mindy.cl\/blog\/wp-content\/uploads\/2025\/12\/pexels-didsss-5623402.jpg\" alt=\"Depresi\u00f3n en adolescentes\" class=\"wp-image-1151\"\/><\/figure>\n\n\n\n<p>La <strong>depresi\u00f3n en adolescentes<\/strong> no es lo mismo que estar triste, aburrido o cansado. Sentir emociones intensas es parte normal de esta etapa de la vida. Pero cuando el malestar es persistente, profundo y afecta distintas \u00e1reas del d\u00eda a d\u00eda, es importante prestarle atenci\u00f3n.<\/p>\n\n\n\n<p>La adolescencia es un per\u00edodo de muchos cambios: en el cuerpo, la mente, los v\u00ednculos y la forma en que se ve el mundo. Por eso, no siempre es f\u00e1cil distinguir entre una crisis t\u00edpica de esta edad y un trastorno del estado de \u00e1nimo como la depresi\u00f3n.<\/p>\n\n\n\n<p>En t\u00e9rminos simples, la <strong>depresi\u00f3n en adolescentes<\/strong> es un trastorno emocional que altera la forma en que una persona <strong>siente, piensa y act\u00faa<\/strong>. Puede afectar el rendimiento escolar, las relaciones con otras personas, la autoestima, los h\u00e1bitos de sue\u00f1o, el apetito y el inter\u00e9s por actividades que antes disfrutaba.<\/p>\n\n\n\n<p>Algunos adolescentes no saben c\u00f3mo poner en palabras lo que sienten, o lo esconden por miedo a ser juzgados. Por eso, es fundamental que tanto padres, madres, cuidadores y docentes est\u00e9n atentos a los <strong>cambios de \u00e1nimo persistentes<\/strong>, el <strong>aislamiento<\/strong>, la <strong>apat\u00eda<\/strong> o incluso se\u00f1ales de <strong>malestar f\u00edsico sin causa aparente<\/strong>.<\/p>\n\n\n\n<p>Tener <strong>depresi\u00f3n en la adolescencia<\/strong> no es una debilidad ni un capricho. Es una condici\u00f3n real, con s\u00edntomas definidos y tratamiento posible. Reconocerla a tiempo puede marcar una gran diferencia en el desarrollo emocional y en la vida futura del adolescente.<\/p>\n\n\n\n<h3 class=\"wp-block-heading has-text-align-left has-large-font-size\">Tipos de s\u00edntomas de la depresi\u00f3n en adolescentes<\/h3>\n\n\n\n<p>La <strong>depresi\u00f3n en adolescentes<\/strong> puede manifestarse de formas muy distintas. No todos los j\u00f3venes se ven tristes o lloran. De hecho, muchas veces los s\u00edntomas aparecen <strong>de manera silenciosa o disfrazada<\/strong>, lo que hace m\u00e1s dif\u00edcil identificarlos a tiempo.<sup><strong><a href=\"https:\/\/es.wikipedia.org\/wiki\/Depresi%C3%B3n\">1<\/a><\/strong><\/sup><\/p>\n\n\n\n<p>A continuaci\u00f3n, te mostramos los principales tipos de s\u00edntomas que pueden aparecer durante un episodio depresivo en la adolescencia:<\/p>\n\n\n\n<h4 class=\"wp-block-heading has-medium-font-size\">Principales s\u00edntomas de la depresi\u00f3n en adolescentes<\/h4>\n\n\n\n<figure class=\"wp-block-table\"><table><thead><tr><th>Tipo de s\u00edntoma<\/th><th>\u00bfQu\u00e9 se observa?<\/th><th>Ejemplos comunes<\/th><\/tr><\/thead><tbody><tr><td><strong>Emocionales<\/strong><\/td><td>Cambios en el estado de \u00e1nimo y en la forma de sentir<\/td><td>Tristeza persistente, irritabilidad, culpa<\/td><\/tr><tr><td><strong>Cognitivos<\/strong><\/td><td>Dificultades en el pensamiento o en la autoevaluaci\u00f3n<\/td><td>Problemas de concentraci\u00f3n, baja autoestima<\/td><\/tr><tr><td><strong>Conductuales<\/strong><\/td><td>Cambios en la manera de actuar o relacionarse<\/td><td>Aislamiento, abandono escolar, evitaci\u00f3n<\/td><\/tr><tr><td><strong>F\u00edsicos<\/strong><\/td><td>S\u00edntomas corporales sin causa m\u00e9dica clara<\/td><td>Fatiga constante, insomnio, dolores de cabeza<\/td><\/tr><\/tbody><\/table><\/figure>\n\n\n\n<p>Veamos cada uno de estos grupos con m\u00e1s detalle:<\/p>\n\n\n\n<h4 class=\"wp-block-heading has-medium-font-size\">S\u00edntomas emocionales<\/h4>\n\n\n\n<ul>\n<li><strong>Tristeza profunda<\/strong> que dura semanas o meses, sin una causa espec\u00edfica<\/li>\n\n\n\n<li><strong>Irritabilidad o enojo constante<\/strong>, incluso ante situaciones peque\u00f1as<\/li>\n\n\n\n<li><strong>Sensaci\u00f3n de vac\u00edo o desesperanza<\/strong><\/li>\n\n\n\n<li><strong>Llorar con frecuencia o sin raz\u00f3n aparente<\/strong><\/li>\n\n\n\n<li><strong>Sentimientos de culpa excesiva o inutilidad<\/strong><\/li>\n<\/ul>\n\n\n\n<h4 class=\"wp-block-heading has-medium-font-size\">S\u00edntomas cognitivos<\/h4>\n\n\n\n<ul>\n<li>Dificultad para <strong>concentrarse o tomar decisiones<\/strong><\/li>\n\n\n\n<li>Pensamientos negativos sobre uno mismo (<em>&#8220;no sirvo para nada&#8221;<\/em>)<\/li>\n\n\n\n<li><strong>Ideas suicidas o deseos de desaparecer<\/strong>, aunque no siempre lo digan en voz alta<\/li>\n<\/ul>\n\n\n\n<h4 class=\"wp-block-heading has-medium-font-size\">S\u00edntomas conductuales<\/h4>\n\n\n\n<ul>\n<li><strong>Aislamiento social<\/strong>: evitar amigos, familia, actividades o redes sociales<\/li>\n\n\n\n<li><strong>Baj\u00f3n en el rendimiento escolar<\/strong>: faltar a clases, perder inter\u00e9s, descuidar tareas<\/li>\n\n\n\n<li>Cambios en el <strong>uso del celular o internet<\/strong>: uso excesivo o abandono repentino<\/li>\n\n\n\n<li><strong>Consumo de sustancias<\/strong> (alcohol, cigarrillos u otras) como forma de evasi\u00f3n<\/li>\n<\/ul>\n\n\n\n<h4 class=\"wp-block-heading has-medium-font-size\">S\u00edntomas f\u00edsicos<\/h4>\n\n\n\n<ul>\n<li><strong>Cansancio permanente<\/strong>, aunque duerma muchas horas<\/li>\n\n\n\n<li><strong>Problemas de sue\u00f1o<\/strong>: insomnio o exceso de sue\u00f1o<\/li>\n\n\n\n<li><strong>Dolores corporales<\/strong> sin explicaci\u00f3n m\u00e9dica<\/li>\n\n\n\n<li><strong>Cambios en el apetito<\/strong>: comer mucho m\u00e1s o mucho menos<\/li>\n<\/ul>\n\n\n\n<p>Es importante entender que la <strong>depresi\u00f3n en adolescentes no siempre luce como tristeza visible<\/strong>. A veces se expresa con enojo, rebeld\u00eda, retraimiento o conductas de riesgo. Por eso, estar atentos a los cambios \u2014y no solo a lo que dicen\u2014 es clave para ofrecer apoyo.<\/p>\n\n\n\n<h3 class=\"wp-block-heading has-text-align-left has-large-font-size\">\u00bfCu\u00e1ntos s\u00edntomas puede tener un adolescente con depresi\u00f3n?<\/h3>\n\n\n\n<p>Una de las dudas m\u00e1s comunes es si hay una cantidad espec\u00edfica de s\u00edntomas que indican que un adolescente tiene depresi\u00f3n. La realidad es que <strong>no existe un n\u00famero exacto aplicable a todos los casos<\/strong>, pero s\u00ed hay criterios cl\u00ednicos que ayudan a identificar cu\u00e1ndo estamos frente a un cuadro depresivo.<\/p>\n\n\n\n<p>Los manuales de diagn\u00f3stico, como el <strong>DSM-5<\/strong>, se\u00f1alan que para hablar de un episodio depresivo mayor deben presentarse al menos <strong>cinco s\u00edntomas<\/strong> durante un per\u00edodo de <strong>dos semanas o m\u00e1s<\/strong>, y que estos deben representar un cambio significativo respecto al funcionamiento previo del adolescente.<\/p>\n\n\n\n<p>Sin embargo, m\u00e1s all\u00e1 del n\u00famero, lo que realmente importa es el <strong>impacto que esos s\u00edntomas tienen en la vida diaria<\/strong>. Un adolescente puede tener solo tres o cuatro s\u00edntomas, pero si son intensos y persistentes, pueden afectar profundamente su bienestar, su capacidad para relacionarse o su rendimiento escolar.<\/p>\n\n\n\n<h4 class=\"wp-block-heading has-medium-font-size\">\u00bfCu\u00e1les son los s\u00edntomas m\u00e1s frecuentes que pueden combinarse?<\/h4>\n\n\n\n<ul>\n<li>Tristeza o irritabilidad constante<\/li>\n\n\n\n<li>P\u00e9rdida de inter\u00e9s en actividades<\/li>\n\n\n\n<li>Cambios en el apetito o el sue\u00f1o<\/li>\n\n\n\n<li>Fatiga o falta de energ\u00eda<\/li>\n\n\n\n<li>Baja autoestima o sentimientos de inutilidad<\/li>\n\n\n\n<li>Problemas de concentraci\u00f3n<\/li>\n\n\n\n<li>Aislamiento social<\/li>\n\n\n\n<li>Pensamientos de muerte o suicidio<\/li>\n<\/ul>\n\n\n\n<p><strong>Cada caso es distinto.<\/strong> Dos adolescentes pueden tener depresi\u00f3n y presentar s\u00edntomas completamente diferentes. Por eso, es fundamental observar los cambios, escuchar lo que sienten y buscar ayuda profesional ante cualquier sospecha.<\/p>\n\n\n\n<p>Detectar la <strong>depresi\u00f3n en adolescentes<\/strong> a tiempo no depende solo de contar s\u00edntomas, sino de mirar con atenci\u00f3n lo que est\u00e1 cambiando en su forma de vivir y sentirse.<\/p>\n\n\n\n<h2 class=\"wp-block-heading has-x-large-font-size\">\u00bfC\u00f3mo se diagnostica la depresi\u00f3n en adolescentes?<\/h2>\n\n\n\n<p>El diagn\u00f3stico de la <strong>depresi\u00f3n en adolescentes<\/strong> no se basa en una prueba \u00fanica ni en un examen f\u00edsico. Es un proceso cl\u00ednico que requiere <strong>escucha activa<\/strong>, <strong>observaci\u00f3n profesional<\/strong> y la recopilaci\u00f3n de informaci\u00f3n sobre c\u00f3mo se siente y se comporta el adolescente en distintos contextos.<\/p>\n\n\n\n<p>El primer paso suele ser una <strong>evaluaci\u00f3n psicol\u00f3gica o psiqui\u00e1trica<\/strong>, realizada por profesionales capacitados en salud mental infanto-juvenil. Durante esta evaluaci\u00f3n se tienen en cuenta:<\/p>\n\n\n\n<p><strong>1. Los s\u00edntomas actuales:<\/strong><br>Se analiza la frecuencia, duraci\u00f3n e intensidad de lo que el adolescente est\u00e1 sintiendo. Se presta atenci\u00f3n a cambios en el estado de \u00e1nimo, h\u00e1bitos de sue\u00f1o, alimentaci\u00f3n, rendimiento escolar, relaciones y conducta general.<\/p>\n\n\n\n<p><strong>2. El impacto funcional:<\/strong><br>El foco no est\u00e1 solo en si el adolescente \u201cest\u00e1 triste\u201d, sino en <strong>c\u00f3mo estos s\u00edntomas afectan su d\u00eda a d\u00eda<\/strong>. \u00bfHa dejado de ir a clases? \u00bfSe ha alejado de sus amistades? \u00bfEvita actividades que antes disfrutaba?<\/p>\n\n\n\n<p><strong>3. El contexto familiar y social:<\/strong><br>Los profesionales suelen entrevistar tambi\u00e9n a los padres, madres o cuidadores para conocer m\u00e1s sobre el entorno del adolescente y si ha habido situaciones estresantes, traumas o cambios recientes que podr\u00edan estar influyendo.<\/p>\n\n\n\n<p><strong>4. Herramientas de evaluaci\u00f3n:<\/strong><br>Pueden utilizarse escalas o cuestionarios estandarizados que ayudan a identificar la presencia y gravedad de la depresi\u00f3n. Estas herramientas sirven como apoyo, pero no reemplazan la conversaci\u00f3n cl\u00ednica.<\/p>\n\n\n\n<p><strong>5. La exclusi\u00f3n de otras causas:<\/strong><br>Es importante descartar que los s\u00edntomas no se deban a otras condiciones m\u00e9dicas (como problemas hormonales o neurol\u00f3gicos) o al consumo de sustancias.<\/p>\n\n\n\n<p><strong>Importante:<\/strong><br>El diagn\u00f3stico no busca \u201cetiquetar\u201d al adolescente, sino <strong>comprender lo que est\u00e1 viviendo<\/strong> para poder ayudarlo de la mejor manera posible. Y cuanto antes se identifique la <strong>depresi\u00f3n en adolescentes<\/strong>, mayores son las probabilidades de recuperaci\u00f3n y prevenci\u00f3n de futuras reca\u00eddas.<\/p>\n\n\n\n<h3 class=\"wp-block-heading has-large-font-size\">\u00bfC\u00f3mo saber si lo que vive un adolescente es depresi\u00f3n?<\/h3>\n\n\n\n<p>Distinguir entre un mal momento y una <strong>depresi\u00f3n en adolescentes<\/strong> no siempre es f\u00e1cil. La adolescencia es una etapa llena de altibajos emocionales, y es normal que haya d\u00edas de tristeza, enojo o inseguridad. Sin embargo, hay se\u00f1ales claras que pueden ayudarte a diferenciar una etapa dif\u00edcil de un problema m\u00e1s serio que necesita atenci\u00f3n profesional.<\/p>\n\n\n\n<h4 class=\"wp-block-heading has-medium-font-size\">Se\u00f1ales de que podr\u00eda tratarse de depresi\u00f3n:<\/h4>\n\n\n\n<ul>\n<li><strong>El estado de \u00e1nimo bajo no desaparece con el tiempo.<\/strong> Dura semanas o incluso meses.<\/li>\n\n\n\n<li><strong>Hay cambios notables en el comportamiento.<\/strong> Por ejemplo, se a\u00edsla, se irrita con facilidad o pierde inter\u00e9s por todo.<\/li>\n\n\n\n<li><strong>Comienza a descuidar su autocuidado.<\/strong> No se ba\u00f1a, come mal, duerme en exceso o casi no duerme.<\/li>\n\n\n\n<li><strong>Se siente constantemente sin energ\u00eda.<\/strong> Todo le cuesta, incluso las cosas m\u00e1s simples.<\/li>\n\n\n\n<li><strong>Pierde la motivaci\u00f3n.<\/strong> Ya no le importa lo que antes disfrutaba, como deportes, m\u00fasica o salir con amigos.<\/li>\n\n\n\n<li><strong>Tiene pensamientos negativos sobre s\u00ed mismo.<\/strong> Se siente in\u00fatil, culpable, o cree que no vale la pena seguir.<\/li>\n\n\n\n<li><strong>Aparecen ideas sobre la muerte o el suicidio.<\/strong> Aunque no lo diga directamente, puede dejar pistas o comentarios del tipo \u201cme gustar\u00eda desaparecer\u201d.<\/li>\n<\/ul>\n\n\n\n<p><strong>\u00bfY si no dice nada?<\/strong><br>Muchos adolescentes <strong><a href=\"https:\/\/fonasa.mindy.cl\/blog\/sintomas-de-esquizofrenia\/\">no verbalizan lo que sienten<\/a><\/strong>. A veces creen que no los van a entender, o no saben c\u00f3mo pedir ayuda. Por eso es clave observar los cambios sutiles: un baj\u00f3n repentino en el colegio, aislamiento progresivo, o una tristeza que no parece tener causa.<\/p>\n\n\n\n<blockquote class=\"wp-block-quote is-layout-flow wp-block-quote-is-layout-flow\">\n<p><strong>Frase com\u00fan en consulta:<\/strong> \u201cNo me pasa nada, solo estoy cansado\/a.\u201d<br>Aunque puede ser verdad, si ese \u201ccansancio\u201d se repite y afecta su vida, es momento de prestar atenci\u00f3n.<\/p>\n<\/blockquote>\n\n\n\n<p><strong>Conf\u00eda en tu intuici\u00f3n.<\/strong> Si algo te dice que \u201cesto no es normal\u201d, aunque no sepas explicarlo con claridad, lo mejor es consultar. Un profesional sabr\u00e1 evaluar la situaci\u00f3n y orientarte con respeto y sin alarmismo.<\/p>\n\n\n\n<p>Reconocer a tiempo la <strong>depresi\u00f3n en adolescentes<\/strong> puede ser el primer paso para evitar que ese sufrimiento se cronifique o escale. No esperes a que los s\u00edntomas se agraven. Pedir ayuda es una forma de cuidar.<\/p>\n\n\n\n<h3 class=\"wp-block-heading has-large-font-size\">\u00bfQu\u00e9 hacer si aparecen estos s\u00edntomas en un adolescente?<\/h3>\n\n\n\n<p>Si est\u00e1s notando s\u00edntomas de <strong>depresi\u00f3n en adolescentes<\/strong>, ya sea en ti mismo\/a o en alguien cercano, es completamente normal sentirte confundido, preocupado o no saber por d\u00f3nde empezar. Pero hay algo claro: <strong>quedarse en silencio no ayuda<\/strong>. Lo m\u00e1s importante es actuar, aunque sea con peque\u00f1os pasos.<\/p>\n\n\n\n<h4 class=\"wp-block-heading has-medium-font-size\">\u00bfQu\u00e9 hacer si t\u00fa eres el adolescente que los est\u00e1 viviendo?<\/h4>\n\n\n\n<ul>\n<li><strong>Habla con alguien en quien conf\u00edes.<\/strong> Puede ser un padre, madre, hermano, profesor, amigo o cualquier adulto que te escuche sin juzgarte. Expresar lo que sientes ya es parte del alivio.<\/li>\n\n\n\n<li><strong>Busca ayuda profesional.<\/strong> Un psic\u00f3logo o psic\u00f3loga puede ayudarte a entender lo que te pasa y acompa\u00f1arte sin presionarte. No necesitas tener todo claro para pedir ayuda.<\/li>\n\n\n\n<li><strong>Evita el aislamiento total.<\/strong> Aunque no tengas ganas, trata de mantener contacto con al menos una persona o actividad.<\/li>\n\n\n\n<li><strong>No te exijas estar \u201cbien\u201d de inmediato.<\/strong> La depresi\u00f3n no se soluciona con fuerza de voluntad, pero se puede tratar con tiempo y apoyo.<\/li>\n<\/ul>\n\n\n\n<h4 class=\"wp-block-heading has-medium-font-size\">\u00bfQu\u00e9 hacer si eres adulto y acompa\u00f1as a un adolescente?<\/h4>\n\n\n\n<ul>\n<li><strong>Escucha m\u00e1s de lo que hablas.<\/strong> A veces, solo necesitan un espacio para ser escuchados sin sermones ni soluciones r\u00e1pidas.<\/li>\n\n\n\n<li><strong>Evita minimizar lo que siente.<\/strong> Frases como \u201ces solo una etapa\u201d o \u201ctodos pasan por eso\u201d pueden hacer m\u00e1s da\u00f1o que bien.<\/li>\n\n\n\n<li><strong>Observa su comportamiento.<\/strong> Si ves cambios importantes en su rutina, en sus h\u00e1bitos o en su forma de relacionarse, puede ser una se\u00f1al de alerta.<\/li>\n\n\n\n<li><strong>Sugiere ayuda profesional con respeto.<\/strong> Ofrece acompa\u00f1arles a una primera consulta o buscar juntos\/as opciones de atenci\u00f3n psicol\u00f3gica o psiqui\u00e1trica.<\/li>\n\n\n\n<li><strong>No tengas miedo de hablar sobre el suicidio si sospechas que est\u00e1 en riesgo.<\/strong> Preguntar no incita, al contrario: puede salvar vidas.<\/li>\n<\/ul>\n\n\n\n<blockquote class=\"wp-block-quote is-layout-flow wp-block-quote-is-layout-flow\">\n<p><strong>Consejo clave:<\/strong> No es necesario tener un diagn\u00f3stico confirmado para pedir ayuda. Si hay sufrimiento, ya es motivo suficiente para consultar.<\/p>\n<\/blockquote>\n\n\n\n<p>La <strong>depresi\u00f3n en adolescentes<\/strong> se puede tratar, y con el acompa\u00f1amiento adecuado, <strong>muchos j\u00f3venes logran salir adelante, recuperar su energ\u00eda, su autoestima y su motivaci\u00f3n<\/strong>. No todo se resuelve en casa, y est\u00e1 bien pedir apoyo externo.<\/p>\n\n\n\n<h3 class=\"wp-block-heading has-large-font-size\">Impacto de la depresi\u00f3n en adolescentes en la vida diaria<\/h3>\n\n\n\n<p>La <strong>depresi\u00f3n en adolescentes<\/strong> no se queda solo en lo emocional. Afecta m\u00faltiples aspectos de la vida cotidiana, muchas veces de forma silenciosa, y puede interferir seriamente en el desarrollo personal, acad\u00e9mico y social del joven.<\/p>\n\n\n\n<p>Veamos c\u00f3mo puede manifestarse su impacto en distintas \u00e1reas:<\/p>\n\n\n\n<h4 class=\"wp-block-heading has-medium-font-size\">En el colegio o los estudios<\/h4>\n\n\n\n<ul>\n<li><strong>Baja en el rendimiento acad\u00e9mico<\/strong>, incluso en estudiantes que antes ten\u00edan buenas notas.<\/li>\n\n\n\n<li><strong>Falta de concentraci\u00f3n<\/strong>, olvidos frecuentes o dificultad para terminar tareas.<\/li>\n\n\n\n<li><strong>Inasistencia recurrente<\/strong> o abandono escolar.<\/li>\n\n\n\n<li><strong>P\u00e9rdida de inter\u00e9s en participar en clases o actividades extracurriculares.<\/strong><\/li>\n<\/ul>\n\n\n\n<h4 class=\"wp-block-heading has-medium-font-size\">En las relaciones sociales<\/h4>\n\n\n\n<ul>\n<li><strong>Aislamiento progresivo<\/strong>, incluso de amistades cercanas.<\/li>\n\n\n\n<li><strong>Evita eventos sociales<\/strong>, como cumplea\u00f1os o reuniones familiares.<\/li>\n\n\n\n<li><strong>Cambios en la forma de comunicarse<\/strong>, mostrando apat\u00eda, irritabilidad o desconfianza.<\/li>\n<\/ul>\n\n\n\n<h4 class=\"wp-block-heading has-medium-font-size\">En la vida familiar<\/h4>\n\n\n\n<ul>\n<li><strong>Conflictos frecuentes en casa<\/strong>, o por el contrario, retraimiento total.<\/li>\n\n\n\n<li><strong>Dificultad para expresar lo que siente<\/strong>, lo que puede generar incomprensi\u00f3n entre padres e hijos.<\/li>\n\n\n\n<li><strong>Sensaci\u00f3n de \u201cdesconexi\u00f3n\u201d emocional<\/strong> con el entorno.<\/li>\n<\/ul>\n\n\n\n<h4 class=\"wp-block-heading has-medium-font-size\">En el autocuidado y la salud f\u00edsica<\/h4>\n\n\n\n<ul>\n<li><strong>Descuido en la higiene personal<\/strong>: no querer ba\u00f1arse, vestirse o arreglarse.<\/li>\n\n\n\n<li><strong>Alteraciones del sue\u00f1o y del apetito<\/strong>, que afectan su energ\u00eda y su cuerpo.<\/li>\n\n\n\n<li><strong>S\u00edntomas f\u00edsicos sin causa m\u00e9dica clara<\/strong>: dolores de cabeza, est\u00f3mago, espalda.<\/li>\n<\/ul>\n\n\n\n<blockquote class=\"wp-block-quote is-layout-flow wp-block-quote-is-layout-flow\">\n<p><strong>Ejemplo real:<\/strong> un adolescente que antes sal\u00eda a jugar f\u00fatbol todos los d\u00edas, ahora pasa horas encerrado en su pieza, sin \u00e1nimo de ver a nadie ni de hacer nada. Sus profesores notan que ya no entrega tareas y sus padres creen que est\u00e1 &#8220;flojo&#8221;. Pero en realidad, podr\u00eda estar atravesando una depresi\u00f3n.<\/p>\n<\/blockquote>\n\n\n\n<p><strong>La clave est\u00e1 en mirar m\u00e1s all\u00e1 del comportamiento.<\/strong> La <strong>depresi\u00f3n en adolescentes<\/strong> no siempre se nota a primera vista, pero deja huellas profundas si no se trata. Y su impacto puede extenderse a largo plazo si no se interviene a tiempo.<\/p>\n\n\n\n<h3 class=\"wp-block-heading has-large-font-size\">Qu\u00e9 hacer si t\u00fa o alguien cercano tiene depresi\u00f3n en la adolescencia<\/h3>\n\n\n\n<p>Aceptar que t\u00fa, tu hijo, una amiga o un compa\u00f1ero est\u00e1 enfrentando una <strong>depresi\u00f3n en adolescentes<\/strong> puede generar miedo, culpa o muchas preguntas. Pero la buena noticia es que <strong>hay formas concretas de actuar<\/strong> que pueden marcar la diferencia en el proceso de recuperaci\u00f3n.<\/p>\n\n\n\n<h4 class=\"wp-block-heading has-medium-font-size\">Si eres el\/la adolescente que la est\u00e1 viviendo<\/h4>\n\n\n\n<ul>\n<li><strong>Reconoce lo que sientes.<\/strong> No necesitas entenderlo todo para pedir ayuda. Si te sientes mal, agotado\/a, triste o desconectado\/a de todo, ya es suficiente para hablar con alguien.<\/li>\n\n\n\n<li><strong>Pide ayuda, aunque te cueste.<\/strong> Dec\u00edrselo a un adulto puede dar miedo, pero muchos te escuchar\u00e1n m\u00e1s de lo que imaginas.<\/li>\n\n\n\n<li><strong>No te a\u00edsles por completo.<\/strong> Aunque no tengas ganas de hacer nada, intenta mantener contacto con al menos una persona o actividad diaria.<\/li>\n\n\n\n<li><strong>Recuerda: no est\u00e1s solo\/a.<\/strong> Lo que est\u00e1s viviendo tiene nombre, tiene tratamiento y no te define como persona.<\/li>\n<\/ul>\n\n\n\n<h4 class=\"wp-block-heading has-medium-font-size\">Si acompa\u00f1as a alguien que tiene depresi\u00f3n en la adolescencia<\/h4>\n\n\n\n<ul>\n<li><strong>Abre una conversaci\u00f3n sin presi\u00f3n.<\/strong> Usa frases como \u201che notado que est\u00e1s diferente, \u00bfquieres contarme qu\u00e9 pasa?\u201d o \u201csi necesitas hablar, estoy ac\u00e1\u201d.<\/li>\n\n\n\n<li><strong>Evita frases invalidantes.<\/strong> No digas \u201can\u00edmate\u201d, \u201chay gente peor\u201d o \u201ces solo una etapa\u201d. Mejor valida lo que siente, aunque no lo entiendas del todo.<\/li>\n\n\n\n<li><strong>Acompa\u00f1a, no obligues.<\/strong> Sugerir ayuda es m\u00e1s efectivo que imponerla. Ofrece opciones, tiempo y apoyo constante.<\/li>\n\n\n\n<li><strong>Busca apoyo profesional.<\/strong> Un psic\u00f3logo\/a o psiquiatra puede evaluar y orientar el caso. Tambi\u00e9n hay orientaci\u00f3n para familias.<\/li>\n<\/ul>\n\n\n\n<h3 class=\"wp-block-heading has-large-font-size\">Recomendaciones generales<\/h3>\n\n\n\n<ul>\n<li><strong>Inf\u00f3rmate con fuentes confiables.<\/strong> Entender la <strong>depresi\u00f3n en adolescentes<\/strong> ayuda a actuar con menos miedo y m\u00e1s empat\u00eda.<\/li>\n\n\n\n<li><strong>Evita quedarte solo\/a como acompa\u00f1ante.<\/strong> Puedes sentirte desbordado\/a, y eso tambi\u00e9n necesita contenci\u00f3n.<\/li>\n\n\n\n<li><strong>Conf\u00eda en el proceso.<\/strong> La recuperaci\u00f3n no es lineal, pero con acompa\u00f1amiento, tratamiento y tiempo, muchos adolescentes logran salir adelante.<\/li>\n<\/ul>\n\n\n\n<blockquote class=\"wp-block-quote is-layout-flow wp-block-quote-is-layout-flow\">\n<p><strong>Recordatorio clave:<\/strong> no necesitas tener todas las respuestas para ayudar. Lo m\u00e1s importante es estar presente, sin juicio y con disposici\u00f3n a acompa\u00f1ar.<\/p>\n<\/blockquote>\n\n\n\n<h2 class=\"wp-block-heading has-x-large-font-size\">Tratamiento de la depresi\u00f3n en adolescentes<\/h2>\n\n\n\n<p>La <strong>depresi\u00f3n en adolescentes<\/strong> s\u00ed tiene tratamiento. No se trata de \u201cesperar a que se le pase\u201d ni de \u201cponerle m\u00e1s ganas\u201d, sino de ofrecer una atenci\u00f3n integral que ayude al adolescente a recuperar su bienestar emocional, funcional y social.<\/p>\n\n\n\n<p>El tratamiento puede variar seg\u00fan la gravedad de los s\u00edntomas, la historia personal y el contexto familiar, pero suele incluir una combinaci\u00f3n de las siguientes estrategias:<\/p>\n\n\n\n<h4 class=\"wp-block-heading has-medium-font-size\">Psicoterapia<\/h4>\n\n\n\n<p>Es la base del tratamiento para la mayor\u00eda de los casos.<\/p>\n\n\n\n<ul>\n<li><strong>Terapia cognitivo-conductual (TCC):<\/strong> ayuda al adolescente a identificar y cambiar patrones de pensamiento negativos, mejorar su autoestima y desarrollar habilidades para enfrentar problemas.<\/li>\n\n\n\n<li><strong>Terapia familiar:<\/strong> se enfoca en mejorar la comunicaci\u00f3n y comprensi\u00f3n dentro del n\u00facleo familiar.<\/li>\n\n\n\n<li><strong>Terapia individual de apoyo:<\/strong> ofrece un espacio seguro para hablar, procesar emociones y construir confianza.<\/li>\n<\/ul>\n\n\n\n<h4 class=\"wp-block-heading has-medium-font-size\">Medicaci\u00f3n (cuando es necesaria)<\/h4>\n\n\n\n<ul>\n<li>En casos moderados a severos, el\/la psiquiatra puede indicar <strong>antidepresivos<\/strong>, generalmente de tipo ISRS (inhibidores selectivos de la recaptaci\u00f3n de serotonina).<\/li>\n\n\n\n<li>La medicaci\u00f3n <strong>no es la primera opci\u00f3n en todos los casos<\/strong>, pero puede ser clave cuando hay riesgo suicida o cuando la psicoterapia no es suficiente por s\u00ed sola.<\/li>\n\n\n\n<li>Siempre debe ser supervisada de cerca, especialmente en menores de edad.<\/li>\n<\/ul>\n\n\n\n<h4 class=\"wp-block-heading has-medium-font-size\">Acompa\u00f1amiento escolar y social<\/h4>\n\n\n\n<ul>\n<li>El colegio puede ser un aliado importante si se informa adecuadamente. Se pueden realizar adaptaciones acad\u00e9micas, reducir presi\u00f3n y facilitar espacios de apoyo.<\/li>\n\n\n\n<li>Los pares tambi\u00e9n son fundamentales. Mantener v\u00ednculos saludables y actividades placenteras contribuye a la recuperaci\u00f3n.<\/li>\n<\/ul>\n\n\n\n<h4 class=\"wp-block-heading has-medium-font-size\">Estilo de vida y h\u00e1bitos<\/h4>\n\n\n\n<ul>\n<li>Fomentar rutinas de sue\u00f1o estables, alimentaci\u00f3n saludable, ejercicio moderado y momentos de desconexi\u00f3n digital puede ayudar a complementar el tratamiento cl\u00ednico.<\/li>\n\n\n\n<li>La <strong>depresi\u00f3n en adolescentes<\/strong> a menudo afecta estas \u00e1reas, por lo que reconstruir h\u00e1bitos es parte del proceso terap\u00e9utico.<\/li>\n<\/ul>\n\n\n\n<h4 class=\"wp-block-heading has-medium-font-size\">Apoyo constante y no punitivo<\/h4>\n\n\n\n<ul>\n<li>El tratamiento no es solo una \u201cterapia por semana\u201d, sino un entorno de contenci\u00f3n diario.<\/li>\n\n\n\n<li>La familia y el entorno deben entender que la recuperaci\u00f3n <strong>lleva tiempo<\/strong>, y que puede haber avances y retrocesos. Lo importante es sostener, no presionar.<\/li>\n<\/ul>\n\n\n\n<blockquote class=\"wp-block-quote is-layout-flow wp-block-quote-is-layout-flow\">\n<p><strong>Importante:<\/strong> No todos los tratamientos funcionan igual para todas las personas. Por eso, el plan debe adaptarse y evaluarse con regularidad. Si algo no funciona, se puede ajustar.<\/p>\n<\/blockquote>\n\n\n\n<p>Abordar la <strong>depresi\u00f3n en adolescentes<\/strong> con seriedad, sensibilidad y apoyo profesional aumenta enormemente las posibilidades de recuperaci\u00f3n y previene complicaciones futuras como la depresi\u00f3n cr\u00f3nica o el riesgo suicida.<\/p>\n\n\n\n<h3 class=\"wp-block-heading has-large-font-size\">Mitos frecuentes sobre la depresi\u00f3n en adolescentes<\/h3>\n\n\n\n<p>La <strong>depresi\u00f3n en adolescentes<\/strong> est\u00e1 rodeada de prejuicios y desinformaci\u00f3n que dificultan su detecci\u00f3n y tratamiento. Derribar estos mitos es clave para que m\u00e1s j\u00f3venes reciban apoyo a tiempo y puedan hablar abiertamente de lo que les pasa.<\/p>\n\n\n\n<h4 class=\"wp-block-heading has-medium-font-size\">Mito 1: \u201cEs solo una etapa, ya se le pasar\u00e1\u201d<\/h4>\n\n\n\n<p>No toda tristeza adolescente es depresi\u00f3n, pero <strong>la depresi\u00f3n no es parte natural del crecimiento<\/strong>. Si los s\u00edntomas duran, se intensifican o afectan su vida diaria, no hay que esperar \u201ca que madure\u201d. Necesita ayuda profesional.<\/p>\n\n\n\n<h4 class=\"wp-block-heading has-medium-font-size\">Mito 2: \u201cLos adolescentes no tienen motivos para deprimirse\u201d<\/h4>\n\n\n\n<p>La depresi\u00f3n no se trata de tener o no problemas grandes. <strong>Es un trastorno del estado de \u00e1nimo<\/strong>, y puede aparecer incluso cuando todo \u201cparece estar bien\u201d desde fuera.<\/p>\n\n\n\n<h4 class=\"wp-block-heading has-medium-font-size\">Mito 3: \u201cSolo buscan llamar la atenci\u00f3n\u201d<\/h4>\n\n\n\n<p>Esta creencia es muy da\u00f1ina. Muchos adolescentes <strong>no se atreven a hablar por miedo a ser malinterpretados<\/strong>. Si alguien expresa malestar o pensamientos oscuros, hay que tomarlo en serio.<\/p>\n\n\n\n<h4 class=\"wp-block-heading has-medium-font-size\">Mito 4: \u201cLos adolescentes no se deprimen, solo est\u00e1n rebeldes\u201d<\/h4>\n\n\n\n<p>La rebeld\u00eda puede ser parte de la adolescencia, s\u00ed. Pero cuando viene acompa\u00f1ada de aislamiento, apat\u00eda, cambios dr\u00e1sticos o ideas negativas persistentes, <strong>puede ser una se\u00f1al de alarma<\/strong>.<\/p>\n\n\n\n<h4 class=\"wp-block-heading has-medium-font-size\">Mito 5: \u201cSi hablo del suicidio, les voy a meter ideas\u201d<\/h4>\n\n\n\n<p>Falso. Hablar abiertamente sobre suicidio <strong>no provoca que ocurra<\/strong>, al contrario: puede salvar vidas. Permite que el adolescente sienta que puede hablar sin ser juzgado o silenciado.<\/p>\n\n\n\n<h4 class=\"wp-block-heading has-medium-font-size\">Mito 6: \u201cSi se r\u00ede o sale con amigos, no puede tener depresi\u00f3n\u201d<\/h4>\n\n\n\n<p>Muchas personas con depresi\u00f3n <strong>aprenden a disimular lo que sienten<\/strong>. Re\u00edr no siempre significa estar bien. Hay que observar m\u00e1s all\u00e1 de lo que se ve en la superficie.<\/p>\n\n\n\n<blockquote class=\"wp-block-quote is-layout-flow wp-block-quote-is-layout-flow\">\n<p><strong>Recordatorio:<\/strong> Cuanto m\u00e1s naturalicemos hablar sobre salud mental, menos sufrimiento silencioso habr\u00e1.<\/p>\n<\/blockquote>\n\n\n\n<p>Combatir estos mitos es responsabilidad de todos: familias, colegios, medios y profesionales. Entender bien la <strong>depresi\u00f3n en adolescentes<\/strong> es una forma de prevenir el estigma y fomentar el cuidado emocional desde temprana edad.<\/p>\n\n\n\n<h2 class=\"wp-block-heading has-x-large-font-size\">C\u00f3mo acompa\u00f1ar a un adolescente con depresi\u00f3n<\/h2>\n\n\n\n<figure class=\"wp-block-image size-full\"><img loading=\"lazy\" decoding=\"async\" width=\"1000\" height=\"667\" src=\"https:\/\/fonasa.mindy.cl\/blog\/wp-content\/uploads\/2025\/12\/2149837648-1.jpg\" alt=\"Depresi\u00f3n en adolescentes\" class=\"wp-image-1154\"\/><\/figure>\n\n\n\n<p>Acompa\u00f1ar a alguien que atraviesa una <strong>depresi\u00f3n en adolescentes<\/strong> no es f\u00e1cil. Puede generar dudas, frustraci\u00f3n o miedo a hacerlo mal. Pero no necesitas ser un experto en salud mental para marcar la diferencia. A veces, <strong>una presencia disponible, paciente y sin juicios puede ser lo m\u00e1s terap\u00e9utico de todo<\/strong>.<\/p>\n\n\n\n<h3 class=\"wp-block-heading has-large-font-size\">Claves para acompa\u00f1ar con empat\u00eda y efectividad<\/h3>\n\n\n\n<p><strong>1. Escucha m\u00e1s de lo que hablas<\/strong><br>Muchos adolescentes no buscan consejos inmediatos, sino un espacio seguro donde puedan ser escuchados sin interrupciones, comparaciones ni sermones.<\/p>\n\n\n\n<p><strong>2. Valida lo que sienten, aunque no lo entiendas<\/strong><br>Frases como \u201centiendo que est\u00e9s pas\u00e1ndolo mal\u201d o \u201cestoy aqu\u00ed para lo que necesites\u201d son mucho m\u00e1s poderosas que \u201cno es para tanto\u201d o \u201ctienes que ser fuerte\u201d.<\/p>\n\n\n\n<p><strong>3. Ofrece apoyo concreto<\/strong><br>Acompa\u00f1arlos a una consulta, ayudar con tareas del colegio o simplemente sentarte a su lado en silencio puede ser m\u00e1s \u00fatil que cualquier discurso.<\/p>\n\n\n\n<p><strong>4. S\u00e9 constante, incluso si te rechaza<\/strong><br>A veces, el adolescente con depresi\u00f3n puede mostrarse distante, cortante o desinteresado. No te lo tomes personal. <strong>Mant\u00e9n el v\u00ednculo con respeto y sin invadir.<\/strong><\/p>\n\n\n\n<p><strong>5. Inf\u00f3rmate y busca apoyo t\u00fa tambi\u00e9n<\/strong><br>Acompa\u00f1ar a alguien en depresi\u00f3n puede ser emocionalmente agotador. Cuidarte tambi\u00e9n es importante. Busca orientaci\u00f3n profesional o redes de apoyo para familiares.<\/p>\n\n\n\n<h4 class=\"wp-block-heading has-medium-font-size\">Qu\u00e9 evitar<\/h4>\n\n\n\n<ul>\n<li><strong>No minimices ni dramatices.<\/strong> Mant\u00e9n un tono emp\u00e1tico y tranquilo.<\/li>\n\n\n\n<li><strong>No insistas en que \u201ctodo va a estar bien\u201d si no puedes garantizarlo.<\/strong> En su lugar, ofrece presencia real.<\/li>\n\n\n\n<li><strong>No presiones para que cambie de \u00e1nimo r\u00e1pidamente.<\/strong> La recuperaci\u00f3n lleva tiempo y no siempre es lineal.<\/li>\n<\/ul>\n\n\n\n<blockquote class=\"wp-block-quote is-layout-flow wp-block-quote-is-layout-flow\">\n<p><strong>Ejemplo de acompa\u00f1amiento saludable:<\/strong><br>\u201cS\u00e9 que \u00faltimamente no te has sentido bien. No tengo todas las respuestas, pero me importas y estoy aqu\u00ed para ti. Si en alg\u00fan momento quieres hablar o necesitas ayuda para buscar apoyo, no tienes que hacerlo solo\/a.\u201d<\/p>\n<\/blockquote>\n\n\n\n<p>La <strong>depresi\u00f3n en adolescentes<\/strong> no se supera con frases motivacionales, pero s\u00ed con v\u00ednculos sinceros, entornos seguros y adultos que est\u00e9n disponibles emocionalmente. No subestimes el poder de estar presente.<\/p>\n\n\n\n<h3 class=\"wp-block-heading has-large-font-size\">Conclusi\u00f3n<\/h3>\n\n\n\n<p>Hablar de <strong>depresi\u00f3n en adolescentes<\/strong> es hablar de una realidad que existe, aunque a veces se esconda detr\u00e1s de una sonrisa, un enojo o un \u201cno me pasa nada\u201d. Es entender que la salud mental tambi\u00e9n se cuida en la adolescencia, y que pedir ayuda no es un signo de debilidad, sino de valent\u00eda.<\/p>\n\n\n\n<p>A lo largo de este art\u00edculo, recorrimos qu\u00e9 es la depresi\u00f3n en esta etapa de la vida, c\u00f3mo se manifiesta, cu\u00e1ntos s\u00edntomas pueden aparecer, c\u00f3mo se diagnostica y qu\u00e9 hacer si t\u00fa o alguien cercano la est\u00e1 atravesando. Tambi\u00e9n desarmamos mitos, compartimos formas de acompa\u00f1ar y explicamos en qu\u00e9 consiste el tratamiento.<\/p>\n\n\n\n<p>Si algo queremos que recuerdes es esto:<\/p>\n\n\n\n<ul>\n<li><strong>La depresi\u00f3n en adolescentes existe y debe tomarse en serio.<\/strong><\/li>\n\n\n\n<li><strong>Con apoyo profesional, contenci\u00f3n familiar y tiempo, s\u00ed se puede salir adelante.<\/strong><\/li>\n\n\n\n<li><strong>Nadie deber\u00eda pasar por esto en silencio.<\/strong><\/li>\n<\/ul>\n\n\n\n<p>Ya sea que seas adolescente, madre, padre, profesor o simplemente alguien que quiere entender mejor lo que le pasa a una persona joven, dar este primer paso \u2014informarte\u2014 ya es un acto de cuidado.<\/p>\n\n\n\n<p>Y si te preguntas \u201c\u00bfqu\u00e9 puedo hacer ahora?\u201d, la respuesta es simple: <strong>escuchar, acompa\u00f1ar y buscar ayuda sin demora<\/strong>. Porque estar ah\u00ed, de forma presente y respetuosa, puede marcar la diferencia.<\/p>\n\n\n\n<h2 class=\"wp-block-heading has-x-large-font-size\">Conocerte es el primer paso para sanar<\/h2>\n\n\n\n<p>Entender lo que sientes es clave para encontrar el apoyo indicado. En&nbsp;<strong>Fonasa&nbsp;<a href=\"https:\/\/mindy.cl\/\" target=\"_blank\" rel=\"noreferrer noopener\">Mindy.cl<\/a><\/strong>&nbsp;te ofrecemos una herramienta sencilla: un <strong>Quiz dise\u00f1ado para ayudarte a evaluar tus niveles de depresi\u00f3n<\/strong> y as\u00ed poder acceder a la terapia psicol\u00f3gica que realmente se ajusta a tus necesidades. No dejes pasar esta oportunidad de cuidar tu mente.<\/p>\n\n\n\n<p>\ud83c\udfaf&nbsp;<strong>Realiza el Quiz gratuito:<\/strong>&nbsp;<a href=\"https:\/\/form.typeform.com\/to\/P78CVEPt\" target=\"_blank\" rel=\"noreferrer noopener\"><strong>https:\/\/form.typeform.com\/to\/P78CVEPt<\/strong><\/a><\/p>\n","protected":false},"excerpt":{"rendered":"<p>Si alguna vez te has preguntado qu\u00e9 significa que un joven sufra de depresi\u00f3n en adolescentes, c\u00f3mo detectarla y qu\u00e9 hacer al respecto, este art\u00edculo es para ti. Esta forma de depresi\u00f3n no es solo una etapa dif\u00edcil o una tristeza pasajera: puede afectar profundamente el pensamiento, las emociones, el comportamiento y la forma en [&hellip;]<\/p>\n","protected":false},"author":2,"featured_media":1149,"comment_status":"closed","ping_status":"closed","sticky":false,"template":"","format":"standard","meta":{"footnotes":""},"categories":[278,114],"tags":[],"yoast_head":"<!-- This site is optimized with the Yoast SEO plugin v23.0 - https:\/\/yoast.com\/wordpress\/plugins\/seo\/ -->\n<title>Depresi\u00f3n en adolescentes: s\u00edntomas, causas y apoyo<\/title>\n<meta name=\"description\" content=\"Gu\u00eda clara sobre la depresi\u00f3n en adolescentes: c\u00f3mo reconocerla, tratarla y acompa\u00f1ar. Informaci\u00f3n clara y actualizada para actuar a tiempo.\" \/>\n<meta name=\"robots\" content=\"index, follow, max-snippet:-1, max-image-preview:large, max-video-preview:-1\" \/>\n<link rel=\"canonical\" href=\"https:\/\/fonasa.mindy.cl\/blog\/depresion-en-adolescentes\/\" \/>\n<meta property=\"og:locale\" content=\"es_ES\" \/>\n<meta property=\"og:type\" content=\"article\" \/>\n<meta property=\"og:title\" content=\"Depresi\u00f3n en adolescentes: s\u00edntomas, causas y apoyo\" \/>\n<meta property=\"og:description\" content=\"Gu\u00eda clara sobre la depresi\u00f3n en adolescentes: c\u00f3mo reconocerla, tratarla y acompa\u00f1ar. Informaci\u00f3n clara y actualizada para actuar a tiempo.\" \/>\n<meta property=\"og:url\" content=\"https:\/\/fonasa.mindy.cl\/blog\/depresion-en-adolescentes\/\" \/>\n<meta property=\"og:site_name\" content=\"Mindy Fonasa Blog\" \/>\n<meta property=\"article:published_time\" content=\"2025-09-30T21:48:23+00:00\" \/>\n<meta property=\"article:modified_time\" content=\"2026-03-25T13:32:22+00:00\" \/>\n<meta property=\"og:image\" content=\"https:\/\/fonasa.mindy.cl\/blog\/wp-content\/uploads\/2025\/09\/pexels-mart-production-7279114.jpg\" \/>\n\t<meta property=\"og:image:width\" content=\"640\" \/>\n\t<meta property=\"og:image:height\" content=\"427\" \/>\n\t<meta property=\"og:image:type\" content=\"image\/jpeg\" \/>\n<meta name=\"author\" content=\"reinaldo@mindy.cl\" \/>\n<meta name=\"twitter:card\" content=\"summary_large_image\" \/>\n<meta name=\"twitter:label1\" content=\"Written by\" \/>\n\t<meta name=\"twitter:data1\" content=\"reinaldo@mindy.cl\" \/>\n\t<meta name=\"twitter:label2\" content=\"Est. reading time\" \/>\n\t<meta name=\"twitter:data2\" content=\"18 minutos\" \/>\n<script type=\"application\/ld+json\" class=\"yoast-schema-graph\">{\"@context\":\"https:\/\/schema.org\",\"@graph\":[{\"@type\":\"Article\",\"@id\":\"https:\/\/fonasa.mindy.cl\/blog\/depresion-en-adolescentes\/#article\",\"isPartOf\":{\"@id\":\"https:\/\/fonasa.mindy.cl\/blog\/depresion-en-adolescentes\/\"},\"author\":{\"name\":\"reinaldo@mindy.cl\",\"@id\":\"https:\/\/fonasa.mindy.cl\/blog\/#\/schema\/person\/6b2fdf85e03858572a636b7b9ce17d81\"},\"headline\":\"Depresi\u00f3n en adolescentes: s\u00edntomas, causas y apoyo\",\"datePublished\":\"2025-09-30T21:48:23+00:00\",\"dateModified\":\"2026-03-25T13:32:22+00:00\",\"mainEntityOfPage\":{\"@id\":\"https:\/\/fonasa.mindy.cl\/blog\/depresion-en-adolescentes\/\"},\"wordCount\":4383,\"publisher\":{\"@id\":\"https:\/\/fonasa.mindy.cl\/blog\/#organization\"},\"image\":{\"@id\":\"https:\/\/fonasa.mindy.cl\/blog\/depresion-en-adolescentes\/#primaryimage\"},\"thumbnailUrl\":\"https:\/\/fonasa.mindy.cl\/blog\/wp-content\/uploads\/2025\/09\/pexels-mart-production-7279114.jpg\",\"articleSection\":[\"Depresi\u00f3n\",\"Psic\u00f3logos Fonasa\"],\"inLanguage\":\"es-CL\"},{\"@type\":\"WebPage\",\"@id\":\"https:\/\/fonasa.mindy.cl\/blog\/depresion-en-adolescentes\/\",\"url\":\"https:\/\/fonasa.mindy.cl\/blog\/depresion-en-adolescentes\/\",\"name\":\"Depresi\u00f3n en adolescentes: s\u00edntomas, causas y apoyo\",\"isPartOf\":{\"@id\":\"https:\/\/fonasa.mindy.cl\/blog\/#website\"},\"primaryImageOfPage\":{\"@id\":\"https:\/\/fonasa.mindy.cl\/blog\/depresion-en-adolescentes\/#primaryimage\"},\"image\":{\"@id\":\"https:\/\/fonasa.mindy.cl\/blog\/depresion-en-adolescentes\/#primaryimage\"},\"thumbnailUrl\":\"https:\/\/fonasa.mindy.cl\/blog\/wp-content\/uploads\/2025\/09\/pexels-mart-production-7279114.jpg\",\"datePublished\":\"2025-09-30T21:48:23+00:00\",\"dateModified\":\"2026-03-25T13:32:22+00:00\",\"description\":\"Gu\u00eda clara sobre la depresi\u00f3n en adolescentes: c\u00f3mo reconocerla, tratarla y acompa\u00f1ar. Informaci\u00f3n clara y actualizada para actuar a tiempo.\",\"breadcrumb\":{\"@id\":\"https:\/\/fonasa.mindy.cl\/blog\/depresion-en-adolescentes\/#breadcrumb\"},\"inLanguage\":\"es-CL\",\"potentialAction\":[{\"@type\":\"ReadAction\",\"target\":[\"https:\/\/fonasa.mindy.cl\/blog\/depresion-en-adolescentes\/\"]}]},{\"@type\":\"ImageObject\",\"inLanguage\":\"es-CL\",\"@id\":\"https:\/\/fonasa.mindy.cl\/blog\/depresion-en-adolescentes\/#primaryimage\",\"url\":\"https:\/\/fonasa.mindy.cl\/blog\/wp-content\/uploads\/2025\/09\/pexels-mart-production-7279114.jpg\",\"contentUrl\":\"https:\/\/fonasa.mindy.cl\/blog\/wp-content\/uploads\/2025\/09\/pexels-mart-production-7279114.jpg\",\"width\":640,\"height\":427,\"caption\":\"depresi\u00f3n en adolescentes\"},{\"@type\":\"BreadcrumbList\",\"@id\":\"https:\/\/fonasa.mindy.cl\/blog\/depresion-en-adolescentes\/#breadcrumb\",\"itemListElement\":[{\"@type\":\"ListItem\",\"position\":1,\"name\":\"Home\",\"item\":\"https:\/\/fonasa.mindy.cl\/blog\/\"},{\"@type\":\"ListItem\",\"position\":2,\"name\":\"Depresi\u00f3n en adolescentes: s\u00edntomas, causas y apoyo\"}]},{\"@type\":\"WebSite\",\"@id\":\"https:\/\/fonasa.mindy.cl\/blog\/#website\",\"url\":\"https:\/\/fonasa.mindy.cl\/blog\/\",\"name\":\"Mindy Fonasa Blog\",\"description\":\"Un blog de salud mental\",\"publisher\":{\"@id\":\"https:\/\/fonasa.mindy.cl\/blog\/#organization\"},\"potentialAction\":[{\"@type\":\"SearchAction\",\"target\":{\"@type\":\"EntryPoint\",\"urlTemplate\":\"https:\/\/fonasa.mindy.cl\/blog\/?s={search_term_string}\"},\"query-input\":\"required name=search_term_string\"}],\"inLanguage\":\"es-CL\"},{\"@type\":\"Organization\",\"@id\":\"https:\/\/fonasa.mindy.cl\/blog\/#organization\",\"name\":\"Mindy Fonasa Blog\",\"url\":\"https:\/\/fonasa.mindy.cl\/blog\/\",\"logo\":{\"@type\":\"ImageObject\",\"inLanguage\":\"es-CL\",\"@id\":\"https:\/\/fonasa.mindy.cl\/blog\/#\/schema\/logo\/image\/\",\"url\":\"https:\/\/fonasa.mindy.cl\/blog\/wp-content\/uploads\/2024\/07\/logo_cuadrado.png\",\"contentUrl\":\"https:\/\/fonasa.mindy.cl\/blog\/wp-content\/uploads\/2024\/07\/logo_cuadrado.png\",\"width\":300,\"height\":300,\"caption\":\"Mindy Fonasa Blog\"},\"image\":{\"@id\":\"https:\/\/fonasa.mindy.cl\/blog\/#\/schema\/logo\/image\/\"}},{\"@type\":\"Person\",\"@id\":\"https:\/\/fonasa.mindy.cl\/blog\/#\/schema\/person\/6b2fdf85e03858572a636b7b9ce17d81\",\"name\":\"reinaldo@mindy.cl\",\"url\":\"https:\/\/fonasa.mindy.cl\/blog\/author\/reinaldomindy-cl\/\"}]}<\/script>\n<!-- \/ Yoast SEO plugin. -->","yoast_head_json":{"title":"Depresi\u00f3n en adolescentes: s\u00edntomas, causas y apoyo","description":"Gu\u00eda clara sobre la depresi\u00f3n en adolescentes: c\u00f3mo reconocerla, tratarla y acompa\u00f1ar. Informaci\u00f3n clara y actualizada para actuar a tiempo.","robots":{"index":"index","follow":"follow","max-snippet":"max-snippet:-1","max-image-preview":"max-image-preview:large","max-video-preview":"max-video-preview:-1"},"canonical":"https:\/\/fonasa.mindy.cl\/blog\/depresion-en-adolescentes\/","og_locale":"es_ES","og_type":"article","og_title":"Depresi\u00f3n en adolescentes: s\u00edntomas, causas y apoyo","og_description":"Gu\u00eda clara sobre la depresi\u00f3n en adolescentes: c\u00f3mo reconocerla, tratarla y acompa\u00f1ar. Informaci\u00f3n clara y actualizada para actuar a tiempo.","og_url":"https:\/\/fonasa.mindy.cl\/blog\/depresion-en-adolescentes\/","og_site_name":"Mindy Fonasa Blog","article_published_time":"2025-09-30T21:48:23+00:00","article_modified_time":"2026-03-25T13:32:22+00:00","og_image":[{"width":640,"height":427,"url":"https:\/\/fonasa.mindy.cl\/blog\/wp-content\/uploads\/2025\/09\/pexels-mart-production-7279114.jpg","type":"image\/jpeg"}],"author":"reinaldo@mindy.cl","twitter_card":"summary_large_image","twitter_misc":{"Written by":"reinaldo@mindy.cl","Est. reading time":"18 minutos"},"schema":{"@context":"https:\/\/schema.org","@graph":[{"@type":"Article","@id":"https:\/\/fonasa.mindy.cl\/blog\/depresion-en-adolescentes\/#article","isPartOf":{"@id":"https:\/\/fonasa.mindy.cl\/blog\/depresion-en-adolescentes\/"},"author":{"name":"reinaldo@mindy.cl","@id":"https:\/\/fonasa.mindy.cl\/blog\/#\/schema\/person\/6b2fdf85e03858572a636b7b9ce17d81"},"headline":"Depresi\u00f3n en adolescentes: s\u00edntomas, causas y apoyo","datePublished":"2025-09-30T21:48:23+00:00","dateModified":"2026-03-25T13:32:22+00:00","mainEntityOfPage":{"@id":"https:\/\/fonasa.mindy.cl\/blog\/depresion-en-adolescentes\/"},"wordCount":4383,"publisher":{"@id":"https:\/\/fonasa.mindy.cl\/blog\/#organization"},"image":{"@id":"https:\/\/fonasa.mindy.cl\/blog\/depresion-en-adolescentes\/#primaryimage"},"thumbnailUrl":"https:\/\/fonasa.mindy.cl\/blog\/wp-content\/uploads\/2025\/09\/pexels-mart-production-7279114.jpg","articleSection":["Depresi\u00f3n","Psic\u00f3logos Fonasa"],"inLanguage":"es-CL"},{"@type":"WebPage","@id":"https:\/\/fonasa.mindy.cl\/blog\/depresion-en-adolescentes\/","url":"https:\/\/fonasa.mindy.cl\/blog\/depresion-en-adolescentes\/","name":"Depresi\u00f3n en adolescentes: s\u00edntomas, causas y apoyo","isPartOf":{"@id":"https:\/\/fonasa.mindy.cl\/blog\/#website"},"primaryImageOfPage":{"@id":"https:\/\/fonasa.mindy.cl\/blog\/depresion-en-adolescentes\/#primaryimage"},"image":{"@id":"https:\/\/fonasa.mindy.cl\/blog\/depresion-en-adolescentes\/#primaryimage"},"thumbnailUrl":"https:\/\/fonasa.mindy.cl\/blog\/wp-content\/uploads\/2025\/09\/pexels-mart-production-7279114.jpg","datePublished":"2025-09-30T21:48:23+00:00","dateModified":"2026-03-25T13:32:22+00:00","description":"Gu\u00eda clara sobre la depresi\u00f3n en adolescentes: c\u00f3mo reconocerla, tratarla y acompa\u00f1ar. Informaci\u00f3n clara y actualizada para actuar a tiempo.","breadcrumb":{"@id":"https:\/\/fonasa.mindy.cl\/blog\/depresion-en-adolescentes\/#breadcrumb"},"inLanguage":"es-CL","potentialAction":[{"@type":"ReadAction","target":["https:\/\/fonasa.mindy.cl\/blog\/depresion-en-adolescentes\/"]}]},{"@type":"ImageObject","inLanguage":"es-CL","@id":"https:\/\/fonasa.mindy.cl\/blog\/depresion-en-adolescentes\/#primaryimage","url":"https:\/\/fonasa.mindy.cl\/blog\/wp-content\/uploads\/2025\/09\/pexels-mart-production-7279114.jpg","contentUrl":"https:\/\/fonasa.mindy.cl\/blog\/wp-content\/uploads\/2025\/09\/pexels-mart-production-7279114.jpg","width":640,"height":427,"caption":"depresi\u00f3n en adolescentes"},{"@type":"BreadcrumbList","@id":"https:\/\/fonasa.mindy.cl\/blog\/depresion-en-adolescentes\/#breadcrumb","itemListElement":[{"@type":"ListItem","position":1,"name":"Home","item":"https:\/\/fonasa.mindy.cl\/blog\/"},{"@type":"ListItem","position":2,"name":"Depresi\u00f3n en adolescentes: s\u00edntomas, causas y apoyo"}]},{"@type":"WebSite","@id":"https:\/\/fonasa.mindy.cl\/blog\/#website","url":"https:\/\/fonasa.mindy.cl\/blog\/","name":"Mindy Fonasa Blog","description":"Un blog de salud mental","publisher":{"@id":"https:\/\/fonasa.mindy.cl\/blog\/#organization"},"potentialAction":[{"@type":"SearchAction","target":{"@type":"EntryPoint","urlTemplate":"https:\/\/fonasa.mindy.cl\/blog\/?s={search_term_string}"},"query-input":"required name=search_term_string"}],"inLanguage":"es-CL"},{"@type":"Organization","@id":"https:\/\/fonasa.mindy.cl\/blog\/#organization","name":"Mindy Fonasa Blog","url":"https:\/\/fonasa.mindy.cl\/blog\/","logo":{"@type":"ImageObject","inLanguage":"es-CL","@id":"https:\/\/fonasa.mindy.cl\/blog\/#\/schema\/logo\/image\/","url":"https:\/\/fonasa.mindy.cl\/blog\/wp-content\/uploads\/2024\/07\/logo_cuadrado.png","contentUrl":"https:\/\/fonasa.mindy.cl\/blog\/wp-content\/uploads\/2024\/07\/logo_cuadrado.png","width":300,"height":300,"caption":"Mindy Fonasa Blog"},"image":{"@id":"https:\/\/fonasa.mindy.cl\/blog\/#\/schema\/logo\/image\/"}},{"@type":"Person","@id":"https:\/\/fonasa.mindy.cl\/blog\/#\/schema\/person\/6b2fdf85e03858572a636b7b9ce17d81","name":"reinaldo@mindy.cl","url":"https:\/\/fonasa.mindy.cl\/blog\/author\/reinaldomindy-cl\/"}]}},"_links":{"self":[{"href":"https:\/\/fonasa.mindy.cl\/blog\/wp-json\/wp\/v2\/posts\/684"}],"collection":[{"href":"https:\/\/fonasa.mindy.cl\/blog\/wp-json\/wp\/v2\/posts"}],"about":[{"href":"https:\/\/fonasa.mindy.cl\/blog\/wp-json\/wp\/v2\/types\/post"}],"author":[{"embeddable":true,"href":"https:\/\/fonasa.mindy.cl\/blog\/wp-json\/wp\/v2\/users\/2"}],"replies":[{"embeddable":true,"href":"https:\/\/fonasa.mindy.cl\/blog\/wp-json\/wp\/v2\/comments?post=684"}],"version-history":[{"count":6,"href":"https:\/\/fonasa.mindy.cl\/blog\/wp-json\/wp\/v2\/posts\/684\/revisions"}],"predecessor-version":[{"id":1709,"href":"https:\/\/fonasa.mindy.cl\/blog\/wp-json\/wp\/v2\/posts\/684\/revisions\/1709"}],"wp:featuredmedia":[{"embeddable":true,"href":"https:\/\/fonasa.mindy.cl\/blog\/wp-json\/wp\/v2\/media\/1149"}],"wp:attachment":[{"href":"https:\/\/fonasa.mindy.cl\/blog\/wp-json\/wp\/v2\/media?parent=684"}],"wp:term":[{"taxonomy":"category","embeddable":true,"href":"https:\/\/fonasa.mindy.cl\/blog\/wp-json\/wp\/v2\/categories?post=684"},{"taxonomy":"post_tag","embeddable":true,"href":"https:\/\/fonasa.mindy.cl\/blog\/wp-json\/wp\/v2\/tags?post=684"}],"curies":[{"name":"wp","href":"https:\/\/api.w.org\/{rel}","templated":true}]}}