{"id":560,"date":"2025-09-03T22:43:20","date_gmt":"2025-09-04T02:43:20","guid":{"rendered":"https:\/\/fonasa.mindy.cl\/blog\/?p=560"},"modified":"2025-12-24T14:14:54","modified_gmt":"2025-12-24T17:14:54","slug":"trastorno-bipolar-tipo-ii-2","status":"publish","type":"post","link":"https:\/\/fonasa.mindy.cl\/blog\/trastorno-bipolar-tipo-ii-2\/","title":{"rendered":"Trastorno Bipolar tipo II (tipo 2): s\u00edntomas, causas y tratamiento"},"content":{"rendered":"\n<p>El <strong>trastorno bipolar tipo II<\/strong>, tambi\u00e9n conocido como <strong>trastorno bipolar tipo 2<\/strong>, es una forma del trastorno bipolar caracterizada por la presencia de <strong>episodios depresivos mayores<\/strong> y <strong>episodios hipoman\u00edacos<\/strong>, pero sin episodios man\u00edacos completos. Esta diferencia lo distingue del trastorno bipolar tipo I, donde la man\u00eda intensa es el s\u00edntoma predominante.<\/p>\n\n\n\n<p>Las personas con bipolaridad tipo II suelen experimentar una depresi\u00f3n m\u00e1s prolongada y limitante, mientras que los periodos de hipoman\u00eda, aunque menos incapacitantes, tambi\u00e9n afectan el comportamiento, las relaciones y la vida diaria. Por esta raz\u00f3n, es com\u00fan que este subtipo se confunda inicialmente con una depresi\u00f3n recurrente, lo que retrasa el diagn\u00f3stico correcto y el inicio del tratamiento adecuado.<\/p>\n\n\n\n<p>Entender qu\u00e9 es el trastorno bipolar tipo II \/ trastorno bipolar tipo 2, c\u00f3mo se manifiestan sus s\u00edntomas y qu\u00e9 factores lo causan, es esencial para reconocerlo a tiempo y buscar el apoyo profesional necesario. Con un tratamiento adecuado, muchas personas logran estabilizar su \u00e1nimo y llevar una vida plena y significativa.<\/p>\n\n\n\n<h2 class=\"wp-block-heading has-x-large-font-size\"><strong>\u00bfQu\u00e9 es el trastorno bipolar tipo II o trastorno bipolar tipo 2?<\/strong><\/h2>\n\n\n\n<p>El <strong>trastorno bipolar tipo II<\/strong>, tambi\u00e9n llamado <strong>trastorno bipolar tipo 2<\/strong>, es una forma de trastorno bipolar en la que predominan dos manifestaciones cl\u00ednicas: los <strong>episodios depresivos mayores<\/strong> y los <strong>episodios hipoman\u00edacos<\/strong>. A diferencia del trastorno bipolar tipo I, en el que aparecen episodios man\u00edacos completos y muchas veces incapacitantes, en este subtipo nunca se presenta man\u00eda grave ni s\u00edntomas psic\u00f3ticos dentro de la fase de exaltaci\u00f3n del \u00e1nimo<strong><a href=\"https:\/\/en.wikipedia.org\/wiki\/Bipolar_II_disorder\">.<\/a><\/strong><\/p>\n\n\n\n<p>Este diagn\u00f3stico fue incluido en manuales psiqui\u00e1tricos a partir de la necesidad de describir a personas que sufr\u00edan depresiones intensas pero cuyos periodos de \u00e1nimo elevado no alcanzaban la severidad de la man\u00eda. Hoy se reconoce como un subtipo con caracter\u00edsticas cl\u00ednicas, evoluci\u00f3n y tratamiento particulares.<\/p>\n\n\n\n<h3 class=\"wp-block-heading has-large-font-size\"><strong>Diferencias clave con el trastorno bipolar tipo I<\/strong><\/h3>\n\n\n\n<p>Es frecuente que exista confusi\u00f3n entre los distintos subtipos de bipolaridad. La diferencia del trastorno bipolar tipo II con el tipo I esencial es la siguiente:<\/p>\n\n\n\n<ul>\n<li><strong>Trastorno bipolar tipo I<\/strong>: se caracteriza por al menos un episodio man\u00edaco completo, que puede durar semanas y provocar hospitalizaci\u00f3n. Los episodios depresivos tambi\u00e9n son frecuentes, pero la man\u00eda es el criterio diagn\u00f3stico principal.<\/li>\n\n\n\n<li><strong>Trastorno bipolar tipo II<\/strong>: la persona nunca presenta man\u00eda, sino <strong>hipoman\u00eda<\/strong>, un estado de \u00e1nimo elevado o irritable que dura al menos cuatro d\u00edas, con mayor energ\u00eda, menos necesidad de dormir e ideas r\u00e1pidas, pero sin el grado de deterioro ni la psicosis de la man\u00eda. Lo que predomina en este subtipo son los episodios depresivos, que suelen ser intensos y recurrentes.<\/li>\n<\/ul>\n\n\n\n<p>En otras palabras, en el trastorno bipolar tipo II \/ trastorno bipolar tipo 2 el peso cl\u00ednico recae sobre la <strong>depresi\u00f3n recurrente<\/strong>, mientras que la hipoman\u00eda funciona m\u00e1s como un marcador diagn\u00f3stico que como el s\u00edntoma m\u00e1s incapacitante.<\/p>\n\n\n\n<h3 class=\"wp-block-heading has-large-font-size\"><strong>Caracter\u00edsticas cl\u00ednicas de la hipoman\u00eda<\/strong><\/h3>\n\n\n\n<p>La <strong>hipoman\u00eda<\/strong> es central para comprender este subtipo. Se manifiesta con un aumento de la energ\u00eda y la actividad, acompa\u00f1ado de cambios emocionales y conductuales que suelen ser percibidos por los dem\u00e1s.<\/p>\n\n\n\n<h4 class=\"wp-block-heading has-medium-font-size\"><strong>S\u00edntomas t\u00edpicos de un episodio hipoman\u00edaco<\/strong><\/h4>\n\n\n\n<ul>\n<li>Estado de \u00e1nimo expansivo, euf\u00f3rico o irritable.<\/li>\n\n\n\n<li>Reducci\u00f3n de la necesidad de dormir: la persona descansa pocas horas pero no siente cansancio.<\/li>\n\n\n\n<li>Verborrea o tendencia a hablar m\u00e1s r\u00e1pido de lo normal.<\/li>\n\n\n\n<li>Ideas r\u00e1pidas, sensaci\u00f3n de mente acelerada o \u201cfuga de ideas\u201d.<\/li>\n\n\n\n<li>Aumento en la actividad dirigida a objetivos: mayor productividad laboral, creatividad o planes personales m\u00faltiples.<\/li>\n\n\n\n<li>Conductas impulsivas, como compras excesivas o mayor sociabilidad, que pueden tener consecuencias negativas.<\/li>\n<\/ul>\n\n\n\n<p>La diferencia con la man\u00eda es que en la hipoman\u00eda no aparecen delirios ni alucinaciones, y el grado de disfunci\u00f3n es menor. Sin embargo, estos episodios pueden ser el inicio de conflictos interpersonales o decisiones arriesgadas que afectan la vida diaria.<\/p>\n\n\n\n<h3 class=\"wp-block-heading has-large-font-size\"><strong>Caracter\u00edsticas cl\u00ednicas de la depresi\u00f3n en el trastorno bipolar tipo II<\/strong><\/h3>\n\n\n\n<p>En el trastorno bipolar tipo II, la depresi\u00f3n es m\u00e1s intensa y duradera que la hipoman\u00eda. Los episodios depresivos suelen extenderse por semanas o meses, interfiriendo seriamente en la capacidad de trabajar, estudiar o mantener relaciones.<\/p>\n\n\n\n<h4 class=\"wp-block-heading has-medium-font-size\"><strong>S\u00edntomas frecuentes de la depresi\u00f3n<\/strong><\/h4>\n\n\n\n<ul>\n<li>Tristeza profunda y persistente, acompa\u00f1ada de desesperanza.<\/li>\n\n\n\n<li>P\u00e9rdida de inter\u00e9s por actividades que antes resultaban placenteras.<\/li>\n\n\n\n<li>Alteraciones del sue\u00f1o: insomnio o hipersomnia.<\/li>\n\n\n\n<li>Cambios en el apetito y en el peso corporal.<\/li>\n\n\n\n<li>Dificultad para concentrarse, decidir o recordar informaci\u00f3n.<\/li>\n\n\n\n<li>Fatiga extrema, incluso despu\u00e9s de dormir varias horas.<\/li>\n\n\n\n<li>Pensamientos de inutilidad o de suicidio.<\/li>\n<\/ul>\n\n\n\n<p>Este predominio depresivo es lo que hace que muchas personas con bipolaridad tipo II reciban inicialmente un diagn\u00f3stico de <strong>depresi\u00f3n mayor recurrente<\/strong>, retrasando el tratamiento adecuado para la bipolaridad.<\/p>\n\n\n\n<h3 class=\"wp-block-heading has-large-font-size\"><strong>Importancia del reconocimiento temprano<\/strong><\/h3>\n\n\n\n<p>Detectar a tiempo el <strong>trastorno bipolar tipo II \/ trastorno bipolar tipo 2<\/strong> es fundamental para reducir el sufrimiento y prevenir consecuencias graves como intentos de suicidio, interrupci\u00f3n de estudios, p\u00e9rdida de empleo o conflictos interpersonales. Cuanto antes se establece un diagn\u00f3stico correcto, m\u00e1s posibilidades hay de estabilizar los ciclos emocionales con tratamiento y apoyo.<\/p>\n\n\n\n<p>En resumen, el trastorno bipolar tipo II se define por la <strong>combinaci\u00f3n de episodios hipoman\u00edacos y depresivos mayores<\/strong>, con una evoluci\u00f3n marcada por la recurrencia y la cronicidad. Aunque no incluye man\u00eda, esto no significa que sea una forma \u201cleve\u201d: la depresi\u00f3n prolongada y la posibilidad de reca\u00eddas frecuentes convierten a este subtipo en una condici\u00f3n que merece toda la atenci\u00f3n cl\u00ednica y social.<\/p>\n\n\n\n<h2 class=\"wp-block-heading has-x-large-font-size\"><strong>S\u00edntomas del trastorno bipolar tipo II<\/strong><\/h2>\n\n\n\n<p>El <strong>trastorno bipolar tipo II<\/strong>, tambi\u00e9n denominado <strong>trastorno bipolar tipo 2<\/strong>, se caracteriza por una combinaci\u00f3n de <strong>episodios hipoman\u00edacos<\/strong> y <strong>episodios depresivos mayores<\/strong>. La forma en que estos s\u00edntomas se presentan y se alternan marca la diferencia con otros subtipos del trastorno bipolar y genera un impacto particular en la vida cotidiana de quien lo padece.<\/p>\n\n\n\n<h3 class=\"wp-block-heading has-large-font-size\"><strong>Episodios hipoman\u00edacos: energ\u00eda elevada sin llegar a la man\u00eda<\/strong><\/h3>\n\n\n\n<p>Los episodios hipoman\u00edacos son menos intensos que los man\u00edacos, pero no por eso dejan de ser importantes. Generalmente duran <strong>al menos cuatro d\u00edas consecutivos<\/strong> y son evidentes para quienes rodean a la persona.<\/p>\n\n\n\n<h4 class=\"wp-block-heading has-medium-font-size\"><strong>S\u00edntomas frecuentes de hipoman\u00eda<\/strong><\/h4>\n\n\n\n<ul>\n<li>Estado de \u00e1nimo euf\u00f3rico, expansivo o irritado de manera persistente.<\/li>\n\n\n\n<li>Aumento de energ\u00eda y actividad: la persona emprende m\u00faltiples proyectos o tareas al mismo tiempo.<\/li>\n\n\n\n<li>Disminuci\u00f3n de la necesidad de dormir, sinti\u00e9ndose descansado con pocas horas de sue\u00f1o.<\/li>\n\n\n\n<li>Habla acelerada y dificultad para ser interrumpido.<\/li>\n\n\n\n<li>Pensamientos r\u00e1pidos, que se suceden unos a otros sin pausa.<\/li>\n\n\n\n<li>Mayor sociabilidad, con tendencia a buscar m\u00e1s interacci\u00f3n o atenci\u00f3n.<\/li>\n\n\n\n<li>Conductas impulsivas: desde gastos excesivos hasta decisiones arriesgadas en la vida personal.<\/li>\n<\/ul>\n\n\n\n<p>La diferencia clave con la man\u00eda del tipo I es que en la hipoman\u00eda <strong>no aparecen s\u00edntomas psic\u00f3ticos<\/strong> y la alteraci\u00f3n funcional es menos severa. Sin embargo, estas conductas pueden traer consecuencias negativas en la vida laboral, social o financiera.<\/p>\n\n\n\n<h3 class=\"wp-block-heading has-large-font-size\"><strong>Episodios depresivos mayores: el peso del trastorno<\/strong><\/h3>\n\n\n\n<p>En el <strong>trastorno bipolar tipo II \/ trastorno bipolar tipo 2<\/strong>, los episodios depresivos suelen ser m\u00e1s intensos y duraderos que la hipoman\u00eda, llegando a convertirse en la parte m\u00e1s incapacitante del trastorno.<\/p>\n\n\n\n<h4 class=\"wp-block-heading has-medium-font-size\"><strong>S\u00edntomas frecuentes de depresi\u00f3n bipolar<\/strong><\/h4>\n\n\n\n<ul>\n<li>Estado de \u00e1nimo bajo, con tristeza persistente y sensaci\u00f3n de vac\u00edo.<\/li>\n\n\n\n<li>P\u00e9rdida de inter\u00e9s o placer en actividades cotidianas.<\/li>\n\n\n\n<li>Alteraciones del sue\u00f1o: insomnio o exceso de sue\u00f1o.<\/li>\n\n\n\n<li>Cambios en el apetito y en el peso corporal.<\/li>\n\n\n\n<li>Fatiga y falta de energ\u00eda, incluso despu\u00e9s de dormir lo suficiente.<\/li>\n\n\n\n<li>Dificultad para concentrarse, tomar decisiones o recordar informaci\u00f3n.<\/li>\n\n\n\n<li>Sentimientos de culpa, inutilidad o desesperanza.<\/li>\n\n\n\n<li>Pensamientos recurrentes de muerte o suicidio.<\/li>\n<\/ul>\n\n\n\n<p>Estos s\u00edntomas no solo afectan a la persona en el momento, sino que tambi\u00e9n aumentan el riesgo de reca\u00eddas y complicaciones a lo largo de la vida.<\/p>\n\n\n\n<h3 class=\"wp-block-heading has-large-font-size\"><strong>S\u00edntomas mixtos<\/strong><\/h3>\n\n\n\n<p>En algunos casos, los episodios incluyen <strong>s\u00edntomas mixtos<\/strong>, donde conviven la energ\u00eda de la hipoman\u00eda con la tristeza y desesperanza de la depresi\u00f3n. Este cuadro es especialmente dif\u00edcil porque combina la impulsividad con el malestar emocional, elevando el riesgo de conductas autodestructivas.<\/p>\n\n\n\n<h3 class=\"wp-block-heading has-large-font-size\"><strong>Un perfil cl\u00ednico particular en el trastorno bipolar tipo II<\/strong><\/h3>\n\n\n\n<p>El <strong>trastorno bipolar tipo II<\/strong> no se reduce a ser una \u201cversi\u00f3n leve\u201d de la bipolaridad, como a veces se cree. Al contrario, los <strong>episodios depresivos frecuentes y prolongados<\/strong> lo convierten en una forma altamente incapacitante. Los s\u00edntomas hipoman\u00edacos suelen pasar desapercibidos, mientras que la depresi\u00f3n genera el mayor deterioro, lo que explica por qu\u00e9 muchas personas son diagnosticadas err\u00f3neamente con depresi\u00f3n unipolar antes de recibir el diagn\u00f3stico correcto.<\/p>\n\n\n\n<h2 class=\"wp-block-heading has-x-large-font-size\"><strong>Impacto del trastorno bipolar tipo II o trastorno bipolar tipo 2 en la vida diaria<\/strong><\/h2>\n\n\n\n<p>El <strong>trastorno bipolar tipo II<\/strong>, tambi\u00e9n llamado <strong>trastorno bipolar tipo 2<\/strong>, no se limita a la presencia de episodios hipoman\u00edacos y depresivos. Su verdadero peso se percibe en c\u00f3mo estos ciclos emocionales afectan la vida cotidiana, desde el autocuidado hasta las relaciones personales y la estabilidad laboral. La combinaci\u00f3n de <strong>depresi\u00f3n recurrente<\/strong> y <strong>hipoman\u00eda subestimada<\/strong> genera una serie de retos que influyen de forma profunda en la identidad y en la calidad de vida de la persona.<\/p>\n\n\n\n<figure class=\"wp-block-image size-full\"><img loading=\"lazy\" decoding=\"async\" width=\"1000\" height=\"667\" src=\"https:\/\/fonasa.mindy.cl\/blog\/wp-content\/uploads\/2025\/12\/2149837648.jpg\" alt=\"trastorno bipolar tipo 2\" class=\"wp-image-1136\"\/><\/figure>\n\n\n\n<h3 class=\"wp-block-heading has-large-font-size\"><strong>Consecuencias en la vida personal del trastorno bipolar tipo II<\/strong><\/h3>\n\n\n\n<p>Durante los episodios depresivos, las tareas m\u00e1s simples \u2014levantarse de la cama, preparar comida, mantener la higiene personal\u2014 pueden convertirse en un desaf\u00edo enorme. En contraste, la hipoman\u00eda lleva a per\u00edodos de hiperactividad que, aunque pueden parecer productivos, a menudo resultan en proyectos inconclusos o decisiones apresuradas. Esta alternancia crea una sensaci\u00f3n de falta de control sobre la propia vida.<\/p>\n\n\n\n<h4 class=\"wp-block-heading has-medium-font-size\"><strong>Alteraciones en el sue\u00f1o y la energ\u00eda<\/strong><\/h4>\n\n\n\n<p>El sue\u00f1o se ve afectado en ambos polos: demasiado poco en la hipoman\u00eda, demasiado en la depresi\u00f3n. Estos cambios desregulan el ciclo biol\u00f3gico y empeoran el funcionamiento general, lo que contribuye a la inestabilidad emocional y f\u00edsica.<\/p>\n\n\n\n<h3 class=\"wp-block-heading has-large-font-size\"><strong>Efectos en las relaciones interpersonales<\/strong><\/h3>\n\n\n\n<p>El <strong>trastorno bipolar tipo II \/ trastorno bipolar tipo 2<\/strong> tambi\u00e9n impacta en los v\u00ednculos con los dem\u00e1s. La irritabilidad en la hipoman\u00eda o el aislamiento en la depresi\u00f3n suelen generar conflictos familiares y de pareja. Muchas personas cercanas interpretan estos cambios como falta de inter\u00e9s o irresponsabilidad, sin comprender que forman parte de un trastorno cl\u00ednico.<\/p>\n\n\n\n<h4 class=\"wp-block-heading has-medium-font-size\"><strong>Estigma y malentendidos<\/strong><\/h4>\n\n\n\n<p>Una de las mayores dificultades es el <strong>estigma social<\/strong>. Se suele pensar que la persona es \u201cinestable\u201d o \u201ccaprichosa\u201d, cuando en realidad est\u00e1 atravesando un trastorno que requiere atenci\u00f3n profesional. Este prejuicio contribuye al aislamiento y dificulta pedir ayuda.<\/p>\n\n\n\n<h3 class=\"wp-block-heading has-large-font-size\"><strong>Repercusiones acad\u00e9micas y laborales<\/strong><\/h3>\n\n\n\n<p>El \u00e1mbito acad\u00e9mico y laboral suele verse fuertemente afectado. Durante la hipoman\u00eda, la persona puede mostrarse proactiva, asumir m\u00e1s responsabilidades de las que puede manejar y luego no sostenerlas. En la depresi\u00f3n, el rendimiento baja dr\u00e1sticamente: cuesta concentrarse, cumplir horarios y mantener la motivaci\u00f3n.<\/p>\n\n\n\n<h4 class=\"wp-block-heading has-medium-font-size\"><strong>Riesgo de abandono y desempleo<\/strong><\/h4>\n\n\n\n<p>La combinaci\u00f3n de estos episodios incrementa el riesgo de abandonar los estudios, perder empleos o cambiar constantemente de actividad. A menudo, la persona se percibe a s\u00ed misma como poco confiable, lo que alimenta sentimientos de culpa e inseguridad.<\/p>\n\n\n\n<h3 class=\"wp-block-heading has-large-font-size\"><strong>Consecuencias emocionales<\/strong><\/h3>\n\n\n\n<p>M\u00e1s all\u00e1 de los aspectos pr\u00e1cticos, el impacto emocional del trastorno bipolar tipo II es profundo. La depresi\u00f3n recurrente puede llevar a sentimientos de vac\u00edo, inutilidad y desesperanza. La alternancia con episodios de hipoman\u00eda genera confusi\u00f3n y dificulta construir una identidad estable.<\/p>\n\n\n\n<h4 class=\"wp-block-heading has-medium-font-size\"><strong>Riesgo de suicidio<\/strong><\/h4>\n\n\n\n<p>Uno de los aspectos m\u00e1s graves es que el trastorno bipolar tipo II se asocia con un <strong>alto riesgo de suicidio<\/strong>, incluso mayor que en el tipo I, debido a la frecuencia e intensidad de los episodios depresivos. Esto hace que la intervenci\u00f3n temprana y el apoyo social sean esenciales para la prevenci\u00f3n.<\/p>\n\n\n\n<h3 class=\"wp-block-heading has-large-font-size\"><strong>Una vida marcada por el trastorno bipolar tipo II, pero no definida por \u00e9l<\/strong><\/h3>\n\n\n\n<p>Si bien el trastorno bipolar tipo II puede alterar m\u00faltiples aspectos de la vida, no significa que la persona est\u00e9 condenada a la incapacidad. Con diagn\u00f3stico oportuno, tratamiento adecuado y apoyo social, es posible <strong>recuperar estabilidad y desarrollar un proyecto de vida significativo<\/strong>. La clave est\u00e1 en entender que la bipolaridad no define a la persona, sino que es una condici\u00f3n que puede ser gestionada con las herramientas adecuadas.<\/p>\n\n\n\n<h2 class=\"wp-block-heading has-x-large-font-size\"><strong>Causas y factores de riesgo del trastorno bipolar tipo II<\/strong><\/h2>\n\n\n\n<p>El <strong>trastorno bipolar tipo II<\/strong>, tambi\u00e9n llamado <strong>trastorno bipolar tipo 2<\/strong>, no surge de una sola causa. Es el resultado de la interacci\u00f3n entre <strong>factores gen\u00e9ticos, biol\u00f3gicos y ambientales<\/strong>, que en conjunto predisponen al cerebro a experimentar ciclos de hipoman\u00eda y depresi\u00f3n. Comprender estos factores no solo ayuda a explicar por qu\u00e9 aparece, sino tambi\u00e9n a dise\u00f1ar estrategias de prevenci\u00f3n y tratamiento m\u00e1s efectivas.<\/p>\n\n\n\n<h3 class=\"wp-block-heading has-large-font-size\"><strong>Influencia gen\u00e9tica en el trastorno bipolar tipo II<\/strong><\/h3>\n\n\n\n<p>La gen\u00e9tica es uno de los principales factores de riesgo. Estudios en familias y gemelos han demostrado que el <strong>trastorno bipolar tipo II<\/strong> tiene un componente hereditario significativo:<\/p>\n\n\n\n<ul>\n<li>Si uno de los padres tiene alg\u00fan tipo de trastorno bipolar, el riesgo de que un hijo lo desarrolle aumenta entre un <strong>10% y un 20%<\/strong>.<\/li>\n\n\n\n<li>Si ambos padres lo padecen, la probabilidad puede superar el <strong>40%<\/strong>.<\/li>\n\n\n\n<li>En gemelos id\u00e9nticos, si uno desarrolla trastorno bipolar tipo II o tipo I, el otro tiene un riesgo de m\u00e1s del <strong>60%<\/strong> de tambi\u00e9n presentarlo.<\/li>\n<\/ul>\n\n\n\n<p>Estos datos muestran que los genes son una base importante, aunque no determinan por completo la aparici\u00f3n de la enfermedad.<\/p>\n\n\n\n<h3 class=\"wp-block-heading has-large-font-size\"><strong>Alteraciones cerebrales y neuroqu\u00edmicas<\/strong><\/h3>\n\n\n\n<p>El cerebro de una persona con <strong>trastorno bipolar tipo 2<\/strong> muestra diferencias en comparaci\u00f3n con quienes no lo padecen:<\/p>\n\n\n\n<ul>\n<li><strong>Desequilibrios en neurotransmisores<\/strong> como dopamina, serotonina y noradrenalina, que regulan el estado de \u00e1nimo y la energ\u00eda.<\/li>\n\n\n\n<li>Alteraciones en la <strong>corteza prefrontal<\/strong> y en la <strong>am\u00edgdala<\/strong>, regiones implicadas en la regulaci\u00f3n de las emociones, la toma de decisiones y la respuesta al estr\u00e9s.<\/li>\n\n\n\n<li>Problemas en la <strong>conectividad neuronal<\/strong>, que dificultan la comunicaci\u00f3n entre distintas \u00e1reas cerebrales encargadas de mantener la estabilidad emocional.<\/li>\n<\/ul>\n\n\n\n<h3 class=\"wp-block-heading has-large-font-size\"><strong>Factores ambientales y psicosociales<\/strong><\/h3>\n\n\n\n<p>El ambiente en el que la persona vive puede actuar como desencadenante de episodios hipoman\u00edacos o depresivos. Entre los m\u00e1s estudiados se encuentran:<\/p>\n\n\n\n<ul>\n<li><strong>Estr\u00e9s intenso o prolongado<\/strong>, ya sea laboral, acad\u00e9mico o personal.<\/li>\n\n\n\n<li><strong>Eventos traum\u00e1ticos<\/strong> en la infancia o la vida adulta, como abusos, p\u00e9rdidas o violencia.<\/li>\n\n\n\n<li><strong>Consumo de sustancias psicoactivas<\/strong>, especialmente alcohol y cannabis, que aumentan la probabilidad de reca\u00eddas.<\/li>\n\n\n\n<li><strong>Alteraciones en los ritmos circadianos<\/strong>, como trabajar de noche, trasnochar o cambios bruscos en los h\u00e1bitos de sue\u00f1o.<\/li>\n<\/ul>\n\n\n\n<h3 class=\"wp-block-heading has-large-font-size\"><strong>El modelo de vulnerabilidad-estr\u00e9s<\/strong><\/h3>\n\n\n\n<p>La teor\u00eda m\u00e1s aceptada para explicar el <strong>trastorno bipolar tipo II \/ trastorno bipolar tipo 2<\/strong> es el <strong>modelo de vulnerabilidad-estr\u00e9s<\/strong>. Seg\u00fan este, una persona hereda una predisposici\u00f3n biol\u00f3gica, pero el trastorno solo se manifiesta cuando se suman factores ambientales que act\u00faan como detonantes.<\/p>\n\n\n\n<p>Por ejemplo, alguien con predisposici\u00f3n gen\u00e9tica podr\u00eda vivir sin s\u00edntomas durante a\u00f1os, hasta que una situaci\u00f3n de estr\u00e9s extremo o un consumo de drogas desencadene el primer episodio depresivo o hipoman\u00edaco.<\/p>\n\n\n\n<h3 class=\"wp-block-heading has-large-font-size\"><strong>Una visi\u00f3n integradora<\/strong><\/h3>\n\n\n\n<p>El <strong>trastorno bipolar tipo II<\/strong> surge de una suma de elementos, no de una \u00fanica causa. Esta mirada multifactorial ayuda a evitar culpas simplistas y promueve un enfoque m\u00e1s realista: aunque no se pueden modificar los genes, s\u00ed es posible <strong>reducir los factores de riesgo ambientales<\/strong>, cuidar los ritmos biol\u00f3gicos y recibir atenci\u00f3n profesional para prevenir reca\u00eddas.<\/p>\n\n\n\n<h2 class=\"wp-block-heading has-x-large-font-size\"><strong>Tratamiento y manejo del trastorno bipolar tipo II o trastorno bipolar tipo 2<\/strong><\/h2>\n\n\n\n<p>El <strong>trastorno bipolar tipo II<\/strong>, tambi\u00e9n conocido como <strong>trastorno bipolar tipo 2<\/strong>, es una condici\u00f3n cr\u00f3nica que requiere un tratamiento de por vida. El objetivo no es eliminar por completo los episodios \u2014algo que no es posible actualmente\u2014, sino <strong>reducir su intensidad, prevenir reca\u00eddas y mejorar la calidad de vida<\/strong>. Para lograrlo, se utiliza un abordaje integral que combina medicaci\u00f3n, psicoterapia, educaci\u00f3n y cambios en el estilo de vida.<\/p>\n\n\n\n<h3 class=\"wp-block-heading has-large-font-size\"><strong>Tratamiento farmacol\u00f3gico del trastorno bipolar tipo II<\/strong><\/h3>\n\n\n\n<p>Los medicamentos son la base del tratamiento del trastorno bipolar tipo II, ya que permiten estabilizar los cambios de \u00e1nimo y disminuir el riesgo de nuevos episodios.<\/p>\n\n\n\n<h4 class=\"wp-block-heading has-medium-font-size\"><strong>Estabilizadores del \u00e1nimo<\/strong><\/h4>\n\n\n\n<ul>\n<li><strong>Litio<\/strong>: considerado el f\u00e1rmaco de referencia, previene tanto episodios depresivos como hipoman\u00edacos.<\/li>\n\n\n\n<li><strong>Anticonvulsivos<\/strong> como el valproato y la lamotrigina: muy utilizados en la prevenci\u00f3n de reca\u00eddas, especialmente en personas con predominio de depresi\u00f3n.<\/li>\n<\/ul>\n\n\n\n<h4 class=\"wp-block-heading has-medium-font-size\"><strong>Antipsic\u00f3ticos at\u00edpicos<\/strong><\/h4>\n\n\n\n<p>Medicamentos como la quetiapina, la olanzapina o el aripiprazol ayudan a controlar los episodios hipoman\u00edacos y tambi\u00e9n son \u00fatiles en la depresi\u00f3n bipolar cuando se combinan con otros f\u00e1rmacos.<\/p>\n\n\n\n<h4 class=\"wp-block-heading has-medium-font-size\"><strong>Antidepresivos<\/strong><\/h4>\n\n\n\n<p>Se usan con mucha precauci\u00f3n, porque en algunos casos pueden inducir hipoman\u00eda. Siempre deben combinarse con estabilizadores del \u00e1nimo y bajo supervisi\u00f3n psiqui\u00e1trica.<\/p>\n\n\n\n<h3 class=\"wp-block-heading has-large-font-size\"><strong>Psicoterapia<\/strong><\/h3>\n\n\n\n<p>El acompa\u00f1amiento psicol\u00f3gico es esencial, ya que ayuda a la persona a entender su trastorno, manejar los s\u00edntomas y desarrollar estrategias para afrontar el d\u00eda a d\u00eda.<\/p>\n\n\n\n<h4 class=\"wp-block-heading has-medium-font-size\"><strong>Terapia cognitivo-conductual (TCC)<\/strong><\/h4>\n\n\n\n<p>Ense\u00f1a a identificar pensamientos negativos, manejar el estr\u00e9s y reconocer se\u00f1ales tempranas de reca\u00edda.<\/p>\n\n\n\n<h4 class=\"wp-block-heading has-medium-font-size\"><strong>Terapia interpersonal y del ritmo social (IPSRT)<\/strong><\/h4>\n\n\n\n<p>Se centra en regular los ritmos biol\u00f3gicos, especialmente el sue\u00f1o, que es uno de los factores m\u00e1s sensibles en la bipolaridad.<\/p>\n\n\n\n<h4 class=\"wp-block-heading has-medium-font-size\"><strong>Psicoeducaci\u00f3n<\/strong><\/h4>\n\n\n\n<p>Proporciona informaci\u00f3n sobre el trastorno, la importancia de la adherencia al tratamiento y c\u00f3mo identificar los primeros s\u00edntomas de un episodio. Incluye tanto a la persona como a su familia.<\/p>\n\n\n\n<h3 class=\"wp-block-heading has-large-font-size\"><strong>Cambios en el estilo de vida<\/strong><\/h3>\n\n\n\n<p>La vida cotidiana puede ser un gran aliado en el tratamiento del <strong>trastorno bipolar tipo 2<\/strong>. Algunas recomendaciones clave son:<\/p>\n\n\n\n<ul>\n<li>Mantener horarios regulares de sue\u00f1o y alimentaci\u00f3n.<\/li>\n\n\n\n<li>Evitar el consumo de alcohol y drogas.<\/li>\n\n\n\n<li>Practicar ejercicio f\u00edsico moderado de manera regular.<\/li>\n\n\n\n<li>Reducir el estr\u00e9s con actividades de relajaci\u00f3n como meditaci\u00f3n o mindfulness.<\/li>\n\n\n\n<li>Establecer rutinas predecibles para facilitar la estabilidad emocional.<\/li>\n<\/ul>\n\n\n\n<h3 class=\"wp-block-heading has-large-font-size\"><strong>Apoyo social y familiar<\/strong><\/h3>\n\n\n\n<p>El entorno cercano cumple un papel fundamental. La familia y los amigos pueden ayudar a identificar cambios tempranos en el \u00e1nimo, motivar a la persona a continuar el tratamiento y ofrecer un espacio de comprensi\u00f3n en lugar de juicios.<\/p>\n\n\n\n<h3 class=\"wp-block-heading has-large-font-size\"><strong>Un manejo a largo plazo para el trastorno bipolar tipo II<\/strong><\/h3>\n\n\n\n<p>El <strong>trastorno bipolar tipo II \/ trastorno bipolar tipo 2<\/strong> o <strong><a href=\"https:\/\/fonasa.mindy.cl\/blog\/bipolaridad-en-las-personas\/\">bipolaridad en las personas<\/a><\/strong>, requiere seguimiento continuo. Interrumpir la medicaci\u00f3n o abandonar la terapia aumenta significativamente el riesgo de reca\u00eddas. Con un plan de tratamiento estructurado y apoyo constante, muchas personas logran estabilizarse durante a\u00f1os y llevar una vida plena, demostrando que el diagn\u00f3stico no es un l\u00edmite, sino un desaf\u00edo que puede ser manejado.<\/p>\n","protected":false},"excerpt":{"rendered":"<p>El trastorno bipolar tipo II, tambi\u00e9n conocido como trastorno bipolar tipo 2, es una forma del trastorno bipolar caracterizada por la presencia de episodios depresivos mayores y episodios hipoman\u00edacos, pero sin episodios man\u00edacos completos. Esta diferencia lo distingue del trastorno bipolar tipo I, donde la man\u00eda intensa es el s\u00edntoma predominante. Las personas con bipolaridad [&hellip;]<\/p>\n","protected":false},"author":2,"featured_media":561,"comment_status":"closed","ping_status":"closed","sticky":false,"template":"","format":"standard","meta":{"footnotes":""},"categories":[114,275],"tags":[],"yoast_head":"<!-- This site is optimized with the Yoast SEO plugin v23.0 - https:\/\/yoast.com\/wordpress\/plugins\/seo\/ -->\n<title>Trastorno Bipolar tipo II (tipo 2): s\u00edntomas, causas y tratamiento<\/title>\n<meta name=\"description\" content=\"El trastorno bipolar tipo II, tambi\u00e9n llamado trastorno bipolar tipo 2, combina episodios hipoman\u00edacos y depresivos.\" \/>\n<meta name=\"robots\" content=\"index, follow, max-snippet:-1, max-image-preview:large, max-video-preview:-1\" \/>\n<link rel=\"canonical\" href=\"https:\/\/fonasa.mindy.cl\/blog\/trastorno-bipolar-tipo-ii-2\/\" \/>\n<meta property=\"og:locale\" content=\"es_ES\" \/>\n<meta property=\"og:type\" content=\"article\" \/>\n<meta property=\"og:title\" content=\"Trastorno Bipolar tipo II (tipo 2): s\u00edntomas, causas y tratamiento\" \/>\n<meta property=\"og:description\" content=\"El trastorno bipolar tipo II, tambi\u00e9n llamado trastorno bipolar tipo 2, combina episodios hipoman\u00edacos y depresivos.\" \/>\n<meta property=\"og:url\" content=\"https:\/\/fonasa.mindy.cl\/blog\/trastorno-bipolar-tipo-ii-2\/\" \/>\n<meta property=\"og:site_name\" content=\"Mindy Fonasa Blog\" \/>\n<meta property=\"article:published_time\" content=\"2025-09-04T02:43:20+00:00\" \/>\n<meta property=\"article:modified_time\" content=\"2025-12-24T17:14:54+00:00\" \/>\n<meta property=\"og:image\" content=\"https:\/\/fonasa.mindy.cl\/blog\/wp-content\/uploads\/2025\/09\/284-trastorno-bipolar-tipos.jpg\" \/>\n\t<meta property=\"og:image:width\" content=\"1000\" \/>\n\t<meta property=\"og:image:height\" content=\"667\" \/>\n\t<meta property=\"og:image:type\" content=\"image\/jpeg\" \/>\n<meta name=\"author\" content=\"reinaldo@mindy.cl\" \/>\n<meta name=\"twitter:card\" content=\"summary_large_image\" \/>\n<meta name=\"twitter:label1\" content=\"Written by\" \/>\n\t<meta name=\"twitter:data1\" content=\"reinaldo@mindy.cl\" \/>\n\t<meta name=\"twitter:label2\" content=\"Est. reading time\" \/>\n\t<meta name=\"twitter:data2\" content=\"14 minutos\" \/>\n<script type=\"application\/ld+json\" class=\"yoast-schema-graph\">{\"@context\":\"https:\/\/schema.org\",\"@graph\":[{\"@type\":\"Article\",\"@id\":\"https:\/\/fonasa.mindy.cl\/blog\/trastorno-bipolar-tipo-ii-2\/#article\",\"isPartOf\":{\"@id\":\"https:\/\/fonasa.mindy.cl\/blog\/trastorno-bipolar-tipo-ii-2\/\"},\"author\":{\"name\":\"reinaldo@mindy.cl\",\"@id\":\"https:\/\/fonasa.mindy.cl\/blog\/#\/schema\/person\/6b2fdf85e03858572a636b7b9ce17d81\"},\"headline\":\"Trastorno Bipolar tipo II (tipo 2): s\u00edntomas, causas y tratamiento\",\"datePublished\":\"2025-09-04T02:43:20+00:00\",\"dateModified\":\"2025-12-24T17:14:54+00:00\",\"mainEntityOfPage\":{\"@id\":\"https:\/\/fonasa.mindy.cl\/blog\/trastorno-bipolar-tipo-ii-2\/\"},\"wordCount\":3225,\"publisher\":{\"@id\":\"https:\/\/fonasa.mindy.cl\/blog\/#organization\"},\"image\":{\"@id\":\"https:\/\/fonasa.mindy.cl\/blog\/trastorno-bipolar-tipo-ii-2\/#primaryimage\"},\"thumbnailUrl\":\"https:\/\/fonasa.mindy.cl\/blog\/wp-content\/uploads\/2025\/09\/284-trastorno-bipolar-tipos.jpg\",\"articleSection\":[\"Psic\u00f3logos Fonasa\",\"Trastornos\"],\"inLanguage\":\"es-CL\"},{\"@type\":\"WebPage\",\"@id\":\"https:\/\/fonasa.mindy.cl\/blog\/trastorno-bipolar-tipo-ii-2\/\",\"url\":\"https:\/\/fonasa.mindy.cl\/blog\/trastorno-bipolar-tipo-ii-2\/\",\"name\":\"Trastorno Bipolar tipo II (tipo 2): s\u00edntomas, causas y tratamiento\",\"isPartOf\":{\"@id\":\"https:\/\/fonasa.mindy.cl\/blog\/#website\"},\"primaryImageOfPage\":{\"@id\":\"https:\/\/fonasa.mindy.cl\/blog\/trastorno-bipolar-tipo-ii-2\/#primaryimage\"},\"image\":{\"@id\":\"https:\/\/fonasa.mindy.cl\/blog\/trastorno-bipolar-tipo-ii-2\/#primaryimage\"},\"thumbnailUrl\":\"https:\/\/fonasa.mindy.cl\/blog\/wp-content\/uploads\/2025\/09\/284-trastorno-bipolar-tipos.jpg\",\"datePublished\":\"2025-09-04T02:43:20+00:00\",\"dateModified\":\"2025-12-24T17:14:54+00:00\",\"description\":\"El trastorno bipolar tipo II, tambi\u00e9n llamado trastorno bipolar tipo 2, combina episodios hipoman\u00edacos y depresivos.\",\"breadcrumb\":{\"@id\":\"https:\/\/fonasa.mindy.cl\/blog\/trastorno-bipolar-tipo-ii-2\/#breadcrumb\"},\"inLanguage\":\"es-CL\",\"potentialAction\":[{\"@type\":\"ReadAction\",\"target\":[\"https:\/\/fonasa.mindy.cl\/blog\/trastorno-bipolar-tipo-ii-2\/\"]}]},{\"@type\":\"ImageObject\",\"inLanguage\":\"es-CL\",\"@id\":\"https:\/\/fonasa.mindy.cl\/blog\/trastorno-bipolar-tipo-ii-2\/#primaryimage\",\"url\":\"https:\/\/fonasa.mindy.cl\/blog\/wp-content\/uploads\/2025\/09\/284-trastorno-bipolar-tipos.jpg\",\"contentUrl\":\"https:\/\/fonasa.mindy.cl\/blog\/wp-content\/uploads\/2025\/09\/284-trastorno-bipolar-tipos.jpg\",\"width\":1000,\"height\":667,\"caption\":\"trastorno bipolar tipo 2\"},{\"@type\":\"BreadcrumbList\",\"@id\":\"https:\/\/fonasa.mindy.cl\/blog\/trastorno-bipolar-tipo-ii-2\/#breadcrumb\",\"itemListElement\":[{\"@type\":\"ListItem\",\"position\":1,\"name\":\"Home\",\"item\":\"https:\/\/fonasa.mindy.cl\/blog\/\"},{\"@type\":\"ListItem\",\"position\":2,\"name\":\"Trastorno Bipolar tipo II (tipo 2): s\u00edntomas, causas y tratamiento\"}]},{\"@type\":\"WebSite\",\"@id\":\"https:\/\/fonasa.mindy.cl\/blog\/#website\",\"url\":\"https:\/\/fonasa.mindy.cl\/blog\/\",\"name\":\"Mindy Fonasa Blog\",\"description\":\"Un blog de salud mental\",\"publisher\":{\"@id\":\"https:\/\/fonasa.mindy.cl\/blog\/#organization\"},\"potentialAction\":[{\"@type\":\"SearchAction\",\"target\":{\"@type\":\"EntryPoint\",\"urlTemplate\":\"https:\/\/fonasa.mindy.cl\/blog\/?s={search_term_string}\"},\"query-input\":\"required name=search_term_string\"}],\"inLanguage\":\"es-CL\"},{\"@type\":\"Organization\",\"@id\":\"https:\/\/fonasa.mindy.cl\/blog\/#organization\",\"name\":\"Mindy Fonasa Blog\",\"url\":\"https:\/\/fonasa.mindy.cl\/blog\/\",\"logo\":{\"@type\":\"ImageObject\",\"inLanguage\":\"es-CL\",\"@id\":\"https:\/\/fonasa.mindy.cl\/blog\/#\/schema\/logo\/image\/\",\"url\":\"https:\/\/fonasa.mindy.cl\/blog\/wp-content\/uploads\/2024\/07\/logo_cuadrado.png\",\"contentUrl\":\"https:\/\/fonasa.mindy.cl\/blog\/wp-content\/uploads\/2024\/07\/logo_cuadrado.png\",\"width\":300,\"height\":300,\"caption\":\"Mindy Fonasa Blog\"},\"image\":{\"@id\":\"https:\/\/fonasa.mindy.cl\/blog\/#\/schema\/logo\/image\/\"}},{\"@type\":\"Person\",\"@id\":\"https:\/\/fonasa.mindy.cl\/blog\/#\/schema\/person\/6b2fdf85e03858572a636b7b9ce17d81\",\"name\":\"reinaldo@mindy.cl\",\"url\":\"https:\/\/fonasa.mindy.cl\/blog\/author\/reinaldomindy-cl\/\"}]}<\/script>\n<!-- \/ Yoast SEO plugin. -->","yoast_head_json":{"title":"Trastorno Bipolar tipo II (tipo 2): s\u00edntomas, causas y tratamiento","description":"El trastorno bipolar tipo II, tambi\u00e9n llamado trastorno bipolar tipo 2, combina episodios hipoman\u00edacos y depresivos.","robots":{"index":"index","follow":"follow","max-snippet":"max-snippet:-1","max-image-preview":"max-image-preview:large","max-video-preview":"max-video-preview:-1"},"canonical":"https:\/\/fonasa.mindy.cl\/blog\/trastorno-bipolar-tipo-ii-2\/","og_locale":"es_ES","og_type":"article","og_title":"Trastorno Bipolar tipo II (tipo 2): s\u00edntomas, causas y tratamiento","og_description":"El trastorno bipolar tipo II, tambi\u00e9n llamado trastorno bipolar tipo 2, combina episodios hipoman\u00edacos y depresivos.","og_url":"https:\/\/fonasa.mindy.cl\/blog\/trastorno-bipolar-tipo-ii-2\/","og_site_name":"Mindy Fonasa Blog","article_published_time":"2025-09-04T02:43:20+00:00","article_modified_time":"2025-12-24T17:14:54+00:00","og_image":[{"width":1000,"height":667,"url":"https:\/\/fonasa.mindy.cl\/blog\/wp-content\/uploads\/2025\/09\/284-trastorno-bipolar-tipos.jpg","type":"image\/jpeg"}],"author":"reinaldo@mindy.cl","twitter_card":"summary_large_image","twitter_misc":{"Written by":"reinaldo@mindy.cl","Est. reading time":"14 minutos"},"schema":{"@context":"https:\/\/schema.org","@graph":[{"@type":"Article","@id":"https:\/\/fonasa.mindy.cl\/blog\/trastorno-bipolar-tipo-ii-2\/#article","isPartOf":{"@id":"https:\/\/fonasa.mindy.cl\/blog\/trastorno-bipolar-tipo-ii-2\/"},"author":{"name":"reinaldo@mindy.cl","@id":"https:\/\/fonasa.mindy.cl\/blog\/#\/schema\/person\/6b2fdf85e03858572a636b7b9ce17d81"},"headline":"Trastorno Bipolar tipo II (tipo 2): s\u00edntomas, causas y tratamiento","datePublished":"2025-09-04T02:43:20+00:00","dateModified":"2025-12-24T17:14:54+00:00","mainEntityOfPage":{"@id":"https:\/\/fonasa.mindy.cl\/blog\/trastorno-bipolar-tipo-ii-2\/"},"wordCount":3225,"publisher":{"@id":"https:\/\/fonasa.mindy.cl\/blog\/#organization"},"image":{"@id":"https:\/\/fonasa.mindy.cl\/blog\/trastorno-bipolar-tipo-ii-2\/#primaryimage"},"thumbnailUrl":"https:\/\/fonasa.mindy.cl\/blog\/wp-content\/uploads\/2025\/09\/284-trastorno-bipolar-tipos.jpg","articleSection":["Psic\u00f3logos Fonasa","Trastornos"],"inLanguage":"es-CL"},{"@type":"WebPage","@id":"https:\/\/fonasa.mindy.cl\/blog\/trastorno-bipolar-tipo-ii-2\/","url":"https:\/\/fonasa.mindy.cl\/blog\/trastorno-bipolar-tipo-ii-2\/","name":"Trastorno Bipolar tipo II (tipo 2): s\u00edntomas, causas y tratamiento","isPartOf":{"@id":"https:\/\/fonasa.mindy.cl\/blog\/#website"},"primaryImageOfPage":{"@id":"https:\/\/fonasa.mindy.cl\/blog\/trastorno-bipolar-tipo-ii-2\/#primaryimage"},"image":{"@id":"https:\/\/fonasa.mindy.cl\/blog\/trastorno-bipolar-tipo-ii-2\/#primaryimage"},"thumbnailUrl":"https:\/\/fonasa.mindy.cl\/blog\/wp-content\/uploads\/2025\/09\/284-trastorno-bipolar-tipos.jpg","datePublished":"2025-09-04T02:43:20+00:00","dateModified":"2025-12-24T17:14:54+00:00","description":"El trastorno bipolar tipo II, tambi\u00e9n llamado trastorno bipolar tipo 2, combina episodios hipoman\u00edacos y depresivos.","breadcrumb":{"@id":"https:\/\/fonasa.mindy.cl\/blog\/trastorno-bipolar-tipo-ii-2\/#breadcrumb"},"inLanguage":"es-CL","potentialAction":[{"@type":"ReadAction","target":["https:\/\/fonasa.mindy.cl\/blog\/trastorno-bipolar-tipo-ii-2\/"]}]},{"@type":"ImageObject","inLanguage":"es-CL","@id":"https:\/\/fonasa.mindy.cl\/blog\/trastorno-bipolar-tipo-ii-2\/#primaryimage","url":"https:\/\/fonasa.mindy.cl\/blog\/wp-content\/uploads\/2025\/09\/284-trastorno-bipolar-tipos.jpg","contentUrl":"https:\/\/fonasa.mindy.cl\/blog\/wp-content\/uploads\/2025\/09\/284-trastorno-bipolar-tipos.jpg","width":1000,"height":667,"caption":"trastorno bipolar tipo 2"},{"@type":"BreadcrumbList","@id":"https:\/\/fonasa.mindy.cl\/blog\/trastorno-bipolar-tipo-ii-2\/#breadcrumb","itemListElement":[{"@type":"ListItem","position":1,"name":"Home","item":"https:\/\/fonasa.mindy.cl\/blog\/"},{"@type":"ListItem","position":2,"name":"Trastorno Bipolar tipo II (tipo 2): s\u00edntomas, causas y tratamiento"}]},{"@type":"WebSite","@id":"https:\/\/fonasa.mindy.cl\/blog\/#website","url":"https:\/\/fonasa.mindy.cl\/blog\/","name":"Mindy Fonasa Blog","description":"Un blog de salud mental","publisher":{"@id":"https:\/\/fonasa.mindy.cl\/blog\/#organization"},"potentialAction":[{"@type":"SearchAction","target":{"@type":"EntryPoint","urlTemplate":"https:\/\/fonasa.mindy.cl\/blog\/?s={search_term_string}"},"query-input":"required name=search_term_string"}],"inLanguage":"es-CL"},{"@type":"Organization","@id":"https:\/\/fonasa.mindy.cl\/blog\/#organization","name":"Mindy Fonasa Blog","url":"https:\/\/fonasa.mindy.cl\/blog\/","logo":{"@type":"ImageObject","inLanguage":"es-CL","@id":"https:\/\/fonasa.mindy.cl\/blog\/#\/schema\/logo\/image\/","url":"https:\/\/fonasa.mindy.cl\/blog\/wp-content\/uploads\/2024\/07\/logo_cuadrado.png","contentUrl":"https:\/\/fonasa.mindy.cl\/blog\/wp-content\/uploads\/2024\/07\/logo_cuadrado.png","width":300,"height":300,"caption":"Mindy Fonasa Blog"},"image":{"@id":"https:\/\/fonasa.mindy.cl\/blog\/#\/schema\/logo\/image\/"}},{"@type":"Person","@id":"https:\/\/fonasa.mindy.cl\/blog\/#\/schema\/person\/6b2fdf85e03858572a636b7b9ce17d81","name":"reinaldo@mindy.cl","url":"https:\/\/fonasa.mindy.cl\/blog\/author\/reinaldomindy-cl\/"}]}},"_links":{"self":[{"href":"https:\/\/fonasa.mindy.cl\/blog\/wp-json\/wp\/v2\/posts\/560"}],"collection":[{"href":"https:\/\/fonasa.mindy.cl\/blog\/wp-json\/wp\/v2\/posts"}],"about":[{"href":"https:\/\/fonasa.mindy.cl\/blog\/wp-json\/wp\/v2\/types\/post"}],"author":[{"embeddable":true,"href":"https:\/\/fonasa.mindy.cl\/blog\/wp-json\/wp\/v2\/users\/2"}],"replies":[{"embeddable":true,"href":"https:\/\/fonasa.mindy.cl\/blog\/wp-json\/wp\/v2\/comments?post=560"}],"version-history":[{"count":5,"href":"https:\/\/fonasa.mindy.cl\/blog\/wp-json\/wp\/v2\/posts\/560\/revisions"}],"predecessor-version":[{"id":1137,"href":"https:\/\/fonasa.mindy.cl\/blog\/wp-json\/wp\/v2\/posts\/560\/revisions\/1137"}],"wp:featuredmedia":[{"embeddable":true,"href":"https:\/\/fonasa.mindy.cl\/blog\/wp-json\/wp\/v2\/media\/561"}],"wp:attachment":[{"href":"https:\/\/fonasa.mindy.cl\/blog\/wp-json\/wp\/v2\/media?parent=560"}],"wp:term":[{"taxonomy":"category","embeddable":true,"href":"https:\/\/fonasa.mindy.cl\/blog\/wp-json\/wp\/v2\/categories?post=560"},{"taxonomy":"post_tag","embeddable":true,"href":"https:\/\/fonasa.mindy.cl\/blog\/wp-json\/wp\/v2\/tags?post=560"}],"curies":[{"name":"wp","href":"https:\/\/api.w.org\/{rel}","templated":true}]}}