{"id":557,"date":"2025-09-03T22:11:12","date_gmt":"2025-09-04T02:11:12","guid":{"rendered":"https:\/\/fonasa.mindy.cl\/blog\/?p=557"},"modified":"2026-03-25T11:53:33","modified_gmt":"2026-03-25T14:53:33","slug":"episodio-maniaco-sintomas","status":"publish","type":"post","link":"https:\/\/fonasa.mindy.cl\/blog\/episodio-maniaco-sintomas\/","title":{"rendered":"Episodio man\u00edaco: s\u00edntomas, y causas en el trastorno bipolar"},"content":{"rendered":"\n<p>Un <strong>episodio man\u00edaco<\/strong> es una fase del <strong>trastorno bipolar<\/strong> en la que la persona experimenta un estado de \u00e1nimo anormalmente elevado, expansivo o irritable, junto con un aumento significativo de energ\u00eda y actividad. No se trata de una simple alegr\u00eda o entusiasmo, sino de una alteraci\u00f3n que puede durar al menos una semana y afectar gravemente la vida personal, social y laboral.<\/p>\n\n\n\n<p>Durante la man\u00eda, es com\u00fan observar <strong>autoestima exagerada, menor necesidad de dormir, pensamientos acelerados, habla excesiva y conductas de riesgo<\/strong>, como gastos descontrolados o decisiones impulsivas. En los casos m\u00e1s graves, pueden aparecer <strong>s\u00edntomas psic\u00f3ticos<\/strong> como delirios o alucinaciones, lo que convierte a este episodio en una urgencia psiqui\u00e1trica.<\/p>\n\n\n\n<p>Comprender qu\u00e9 es un episodio man\u00edaco, por qu\u00e9 ocurre y c\u00f3mo se trata es fundamental para reconocer los signos tempranos y buscar ayuda profesional. Con un diagn\u00f3stico adecuado y tratamiento oportuno, es posible recuperar la estabilidad y prevenir complicaciones futuras.<\/p>\n\n\n\n<h2 class=\"wp-block-heading has-x-large-font-size\">Qu\u00e9 es un episodio man\u00edaco y c\u00f3mo identificar sus s\u00edntomas<\/h2>\n\n\n\n<p>Un <strong>episodio man\u00edaco<\/strong> no es un simple aumento de energ\u00eda o un cambio pasajero en el estado de \u00e1nimo, sino un conjunto de s\u00edntomas intensos que alteran de forma significativa la manera de pensar, sentir y actuar. Estos s\u00edntomas impactan tanto en la vida personal como en la laboral y social, y requieren atenci\u00f3n m\u00e9dica para ser controlados por considerarse un trastorno afectivo bipolar: <strong><a href=\"https:\/\/fonasa.mindy.cl\/blog\/bipolaridad-en-las-personas\/\">Bipolaridad en las personas<\/a><\/strong>.<\/p>\n\n\n\n<h3 class=\"wp-block-heading has-large-font-size\"><strong>S\u00edntomas de un<\/strong> <strong>Episodio man\u00edaco: estado de \u00e1nimo anormalmente elevado o irritable<\/strong><\/h3>\n\n\n\n<p>Durante un episodio man\u00edaco, la persona puede sentirse euf\u00f3rica, con una felicidad desbordante que no se corresponde con la realidad. En otros casos, predomina la <strong><a href=\"https:\/\/es.wikipedia.org\/wiki\/Man%C3%ADa\">irritabilidad extrema<\/a><\/strong>, con reacciones exageradas frente a situaciones cotidianas, lo que genera conflictos con familiares, amigos o compa\u00f1eros de trabajo.<\/p>\n\n\n\n<h3 class=\"wp-block-heading has-large-font-size\"><strong>Exceso de energ\u00eda y disminuci\u00f3n del sue\u00f1o<\/strong><\/h3>\n\n\n\n<p>Uno de los s\u00edntomas m\u00e1s caracter\u00edsticos es la <strong>reducci\u00f3n dr\u00e1stica de la necesidad de dormir<\/strong>. La persona puede descansar apenas dos o tres horas y sentirse llena de energ\u00eda al d\u00eda siguiente. Este exceso de actividad suele expresarse en m\u00faltiples proyectos simult\u00e1neos, hiperactividad f\u00edsica y una sensaci\u00f3n de productividad inagotable.<\/p>\n\n\n\n<h3 class=\"wp-block-heading has-large-font-size\"><strong>Pensamientos acelerados y habla excesiva<\/strong><\/h3>\n\n\n\n<p>La mente funciona como si estuviera en &#8220;modo acelerado&#8221;. La persona salta de un tema a otro, habla sin parar y resulta dif\u00edcil seguirle el hilo. Esta <strong><a href=\"https:\/\/fonasa.mindy.cl\/blog\/la-esquizofrenia-es-hereditaria\/\">fuga de ideas<\/a><\/strong> puede hacer que el discurso sea incoherente y que las conversaciones se vuelvan ca\u00f3ticas.<\/p>\n\n\n\n<h3 class=\"wp-block-heading has-large-font-size\"><strong>Conductas de riesgo e impulsividad<\/strong><\/h3>\n\n\n\n<p>El episodio man\u00edaco se caracteriza tambi\u00e9n por una disminuci\u00f3n del juicio cr\u00edtico. Esto se traduce en <strong>decisiones impulsivas y arriesgadas<\/strong>, como:<\/p>\n\n\n\n<ul>\n<li>Gastos descontrolados que ponen en peligro la econom\u00eda personal o familiar.<\/li>\n\n\n\n<li>Comportamientos sexuales imprudentes o poco habituales.<\/li>\n\n\n\n<li>Consumo de sustancias o actividades peligrosas sin medir consecuencias.<\/li>\n<\/ul>\n\n\n\n<h2 class=\"wp-block-heading has-x-large-font-size\"><strong>S\u00edntomas psic\u00f3ticos de un episodio man\u00edaco<\/strong><\/h2>\n\n\n\n<p>En los casos m\u00e1s graves, la man\u00eda puede incluir <strong>delirios o alucinaciones<\/strong>. Los delirios m\u00e1s frecuentes son de grandeza (\u201ctengo poderes especiales\u201d, \u201csoy invencible\u201d) o persecutorios. Estas experiencias hacen que la persona pierda contacto con la realidad y necesite atenci\u00f3n urgente.<\/p>\n\n\n\n<h3 class=\"wp-block-heading has-large-font-size\"><strong>Consecuencias inmediatas<\/strong> del trastorno afectivo bipolar<\/h3>\n\n\n\n<p>Un episodio man\u00edaco no solo causa malestar personal, tambi\u00e9n afecta el entorno: genera discusiones familiares, p\u00e9rdida de confianza en el trabajo y problemas financieros. A menudo, despu\u00e9s de la crisis, la persona siente <strong>culpa o verg\u00fcenza<\/strong> por las conductas realizadas, lo que puede contribuir a un posterior episodio depresivo.<\/p>\n\n\n\n<h2 class=\"wp-block-heading has-x-large-font-size\"><strong>Causas y factores desencadenantes de un episodio man\u00edaco<\/strong><\/h2>\n\n\n\n<figure class=\"wp-block-image alignwide size-full\"><img loading=\"lazy\" decoding=\"async\" width=\"640\" height=\"427\" src=\"https:\/\/fonasa.mindy.cl\/blog\/wp-content\/uploads\/2025\/12\/surrender-3617837_640.jpg\" alt=\"episodio maniaco\" class=\"wp-image-1133\"\/><\/figure>\n\n\n\n<p>Un <strong>episodio man\u00edaco<\/strong> no aparece de la nada. Se origina a partir de una combinaci\u00f3n de factores biol\u00f3gicos, gen\u00e9ticos y ambientales que influyen en el equilibrio qu\u00edmico del cerebro y en la manera en que la persona regula su estado de \u00e1nimo. Comprender estas causas es clave para identificar qu\u00e9 puede disparar una crisis y c\u00f3mo prevenirla.<\/p>\n\n\n\n<h3 class=\"wp-block-heading has-large-font-size\"><strong>Factores gen\u00e9ticos<\/strong><\/h3>\n\n\n\n<p>La evidencia cient\u00edfica indica que la bipolaridad, y por lo tanto los episodios man\u00edacos, tienen un <strong>componente hereditario importante<\/strong>. Si un padre, madre o hermano tiene trastorno bipolar, el riesgo de experimentar man\u00eda aumenta de forma significativa. Los estudios con gemelos confirman esta relaci\u00f3n: en gemelos id\u00e9nticos, si uno presenta bipolaridad, el otro tiene una probabilidad mayor al 60% de tambi\u00e9n desarrollarla.<\/p>\n\n\n\n<h3 class=\"wp-block-heading has-large-font-size\"><strong>Alteraciones cerebrales y neuroqu\u00edmicas<\/strong> de la hipoman\u00eda<\/h3>\n\n\n\n<p>Los episodios man\u00edacos se relacionan con <strong>desequilibrios en neurotransmisores<\/strong> como la dopamina, la serotonina y la noradrenalina, que regulan el \u00e1nimo y la energ\u00eda. Durante la man\u00eda, estas sustancias qu\u00edmicas se encuentran en niveles anormales, lo que provoca euforia, impulsividad y aceleraci\u00f3n del pensamiento.<\/p>\n\n\n\n<p>Adem\u00e1s, los estudios de neuroimagen muestran diferencias en \u00e1reas cerebrales como la corteza prefrontal y la am\u00edgdala, regiones vinculadas al control de las emociones y la toma de decisiones.<\/p>\n\n\n\n<h3 class=\"wp-block-heading has-large-font-size\"><strong>Factores ambientales y de vida<\/strong><\/h3>\n\n\n\n<p>Los episodios man\u00edacos suelen desencadenarse en momentos de <strong>alto estr\u00e9s<\/strong> o cambios vitales importantes. Entre los factores m\u00e1s comunes se encuentran:<\/p>\n\n\n\n<ul>\n<li><strong>Estr\u00e9s intenso<\/strong> relacionado con el trabajo, los estudios o las relaciones personales.<\/li>\n\n\n\n<li><strong>Eventos vitales significativos<\/strong>, como una ruptura de pareja, un duelo o un cambio brusco de rutina.<\/li>\n\n\n\n<li><strong>Consumo de alcohol o drogas<\/strong>, que pueden activar o agravar la man\u00eda.<\/li>\n\n\n\n<li><strong>Alteraciones del sue\u00f1o<\/strong>, como trasnochar varios d\u00edas o trabajar en turnos nocturnos.<\/li>\n<\/ul>\n\n\n\n<h3 class=\"wp-block-heading has-large-font-size\"><strong>Medicamentos y otras condiciones m\u00e9dicas<\/strong> del trastorno bipolar<\/h3>\n\n\n\n<p>En algunos casos, los episodios man\u00edacos pueden estar relacionados con el uso de ciertos medicamentos, como antidepresivos, si se administran sin la supervisi\u00f3n adecuada. Tambi\u00e9n pueden estar asociados a condiciones m\u00e9dicas como problemas tiroideos o enfermedades neurol\u00f3gicas.<\/p>\n\n\n\n<h3 class=\"wp-block-heading has-large-font-size\"><strong>Un modelo de vulnerabilidad y estr\u00e9s<\/strong><\/h3>\n\n\n\n<p>La explicaci\u00f3n m\u00e1s aceptada combina todos estos elementos en lo que se conoce como <strong>modelo de vulnerabilidad-estr\u00e9s<\/strong> con crisis de ansiedad: la persona tiene una predisposici\u00f3n gen\u00e9tica y biol\u00f3gica, pero la man\u00eda aparece cuando se suma un factor desencadenante del entorno.<\/p>\n\n\n\n<p>Esto significa que la prevenci\u00f3n no pasa solo por los medicamentos, sino tambi\u00e9n por aprender a <strong>reconocer los desencadenantes<\/strong> y a mantener un estilo de vida que reduzca el riesgo de crisis.<\/p>\n\n\n\n<h2 class=\"wp-block-heading has-x-large-font-size\"><strong>Diagn\u00f3stico de un episodio man\u00edaco y c\u00f3mo diferenciarlo de otros trastornos<\/strong><\/h2>\n\n\n\n<p>El diagn\u00f3stico del trastorno bipolar o <strong>episodio man\u00edaco<\/strong> requiere una evaluaci\u00f3n cl\u00ednica cuidadosa, ya que no todos los cambios de \u00e1nimo o de energ\u00eda corresponden a man\u00eda. Muchas veces, los s\u00edntomas pueden confundirse con otros trastornos psiqui\u00e1tricos, con efectos secundarios de medicamentos o incluso con enfermedades m\u00e9dicas. Por eso, un diagn\u00f3stico correcto es fundamental para evitar tratamientos inadecuados y reducir el riesgo de complicaciones.<\/p>\n\n\n\n<h3 class=\"wp-block-heading has-large-font-size\"><strong>Criterios diagn\u00f3sticos de un episodio man\u00edaco<\/strong><\/h3>\n\n\n\n<p>Seg\u00fan el <strong>DSM-5<\/strong> (Manual Diagn\u00f3stico y Estad\u00edstico de los Trastornos Mentales), un episodio man\u00edaco se define por:<\/p>\n\n\n\n<ul>\n<li>Un <strong>estado de \u00e1nimo anormal y persistentemente elevado, expansivo o irritable<\/strong>, que dura al menos <strong>una semana<\/strong> (o menos si requiere hospitalizaci\u00f3n).<\/li>\n\n\n\n<li><strong>Aumento anormal de la energ\u00eda o la actividad dirigida a un objetivo<\/strong>, presente la mayor parte del d\u00eda.<\/li>\n\n\n\n<li>Durante ese per\u00edodo, deben estar presentes al menos <strong>tres (o cuatro, si el estado de \u00e1nimo es solo irritable)<\/strong> de los siguientes s\u00edntomas:\n<ul>\n<li>Autoestima exagerada o grandiosidad.<\/li>\n\n\n\n<li>Disminuci\u00f3n de la necesidad de dormir.<\/li>\n\n\n\n<li>Habla excesiva o presi\u00f3n para seguir hablando.<\/li>\n\n\n\n<li>Fuga de ideas o pensamiento acelerado.<\/li>\n\n\n\n<li>Distractibilidad constante.<\/li>\n\n\n\n<li>Incremento de la actividad (social, laboral, acad\u00e9mica, sexual).<\/li>\n\n\n\n<li>Implicaci\u00f3n en actividades de alto riesgo.<\/li>\n<\/ul>\n<\/li>\n<\/ul>\n\n\n\n<p>Estos s\u00edntomas deben causar <strong>deterioro funcional significativo<\/strong>, afectar el rendimiento laboral o social, o requerir hospitalizaci\u00f3n para prevenir da\u00f1os.<\/p>\n\n\n\n<h3 class=\"wp-block-heading has-large-font-size\"><strong>Diferencias del episodio man\u00edaco con otros estados del \u00e1nimo<\/strong><\/h3>\n\n\n\n<p>Un error com\u00fan es confundir un episodio man\u00edaco con situaciones de alta energ\u00eda o motivaci\u00f3n normales. Sin embargo, hay diferencias claras:<\/p>\n\n\n\n<ul>\n<li>En la <strong>euforia normal<\/strong> (como tras un logro importante), la persona conserva juicio cr\u00edtico y puede controlar sus decisiones. En la man\u00eda, hay <strong>p\u00e9rdida de control e impulsividad extrema<\/strong>.<\/li>\n\n\n\n<li>En la <strong>hipoman\u00eda<\/strong>, los s\u00edntomas son similares, pero menos intensos: no provocan deterioro grave ni hospitalizaci\u00f3n.<\/li>\n\n\n\n<li>En la <strong>depresi\u00f3n mayor con s\u00edntomas mixtos<\/strong>, puede haber irritabilidad y actividad elevada, pero predomina la tristeza y el des\u00e1nimo.<\/li>\n<\/ul>\n\n\n\n<h3 class=\"wp-block-heading has-large-font-size\"><strong>Diagn\u00f3stico diferencial<\/strong><\/h3>\n\n\n\n<p>El episodio man\u00edaco puede confundirse con otros trastornos que tambi\u00e9n generan excitaci\u00f3n o alteraci\u00f3n del \u00e1nimo:<\/p>\n\n\n\n<ul>\n<li><strong>Trastornos de ansiedad<\/strong>, donde la persona se muestra inquieta y acelerada con una crisis de ansiedad, pero no experimenta grandiosidad ni conductas de riesgo t\u00edpicas de la man\u00eda.<\/li>\n\n\n\n<li><strong>Trastorno por d\u00e9ficit de atenci\u00f3n e hiperactividad (TDAH)<\/strong>, que comparte impulsividad y distracci\u00f3n, pero sin la intensidad ni la oscilaci\u00f3n de \u00e1nimo de la bipolaridad.<\/li>\n\n\n\n<li><strong>Trastornos de personalidad<\/strong>, como el l\u00edmite, que pueden presentar conductas impulsivas, aunque no episodios claros de man\u00eda.<\/li>\n\n\n\n<li><strong>Abuso de sustancias<\/strong>, especialmente coca\u00edna, anfetaminas o alcohol, que pueden producir un cuadro cl\u00ednico parecido a la man\u00eda.<\/li>\n\n\n\n<li><strong>Condiciones m\u00e9dicas<\/strong>, como hipertiroidismo, tumores cerebrales o epilepsia, que pueden simular s\u00edntomas man\u00edacos.<\/li>\n<\/ul>\n\n\n\n<h3 class=\"wp-block-heading has-large-font-size\"><strong>Evaluaci\u00f3n cl\u00ednica completa de un episodio man\u00edaco<\/strong><\/h3>\n\n\n\n<p>El diagn\u00f3stico no se limita a observar s\u00edntomas. El profesional de salud mental suele realizar:<\/p>\n\n\n\n<ul>\n<li><strong>Entrevistas cl\u00ednicas<\/strong> con la persona y familiares para obtener una visi\u00f3n amplia de los episodios.<\/li>\n\n\n\n<li><strong>Ex\u00e1menes f\u00edsicos y de laboratorio<\/strong> para descartar causas m\u00e9dicas (por ejemplo, problemas tiroideos).<\/li>\n\n\n\n<li><strong>Evaluaci\u00f3n del historial psiqui\u00e1trico<\/strong>, considerando episodios anteriores de depresi\u00f3n, hipoman\u00eda o man\u00eda.<\/li>\n\n\n\n<li><strong>Registro de los patrones de sue\u00f1o y conducta<\/strong>, que suelen alterarse de forma caracter\u00edstica en la man\u00eda.<\/li>\n<\/ul>\n\n\n\n<h3 class=\"wp-block-heading has-large-font-size\"><strong>Riesgo de diagn\u00f3stico tard\u00edo o err\u00f3neo<\/strong><\/h3>\n\n\n\n<p>Muchos pacientes tardan a\u00f1os en recibir un diagn\u00f3stico correcto. Al inicio, los episodios man\u00edacos pueden interpretarse como \u201csimple entusiasmo\u201d, y los depresivos como depresi\u00f3n mayor sin especificar. Esto retrasa el tratamiento y aumenta el riesgo de reca\u00eddas.<\/p>\n\n\n\n<p>Por eso, reconocer los s\u00edntomas distintivos y diferenciar la man\u00eda de otras condiciones es vital para que la persona reciba la atenci\u00f3n adecuada.<\/p>\n\n\n\n<h2 class=\"wp-block-heading has-x-large-font-size\"><strong>Tratamiento de un episodio man\u00edaco y estrategias de manejo inmediato<\/strong><\/h2>\n\n\n\n<figure class=\"wp-block-image size-full\"><img loading=\"lazy\" decoding=\"async\" width=\"1280\" height=\"853\" src=\"https:\/\/fonasa.mindy.cl\/blog\/wp-content\/uploads\/2026\/02\/anxiety-7726041_1280.jpg\" alt=\"episodio maniaco s\u00edntomas\" class=\"wp-image-1487\"\/><\/figure>\n\n\n\n<p>El <strong>tratamiento de un episodio man\u00edaco<\/strong> busca reducir los s\u00edntomas agudos, estabilizar el \u00e1nimo debido a los cambios de humor y prevenir reca\u00eddas. Es un proceso que requiere atenci\u00f3n m\u00e9dica especializada y, en muchos casos, la colaboraci\u00f3n de familiares y cuidadores. El abordaje de este tipo de trastornos psiqui\u00e1tricos combina <strong>medicaci\u00f3n, intervenciones psicol\u00f3gicas y medidas de apoyo<\/strong>, adaptadas a la gravedad del episodio y a la historia cl\u00ednica de la persona.<\/p>\n\n\n\n<h3 class=\"wp-block-heading has-large-font-size\"><strong>Manejo inmediato en casos agudos de episodio man\u00edaco<\/strong><\/h3>\n\n\n\n<p>Cuando la man\u00eda es intensa y compromete la seguridad de la persona o de quienes la rodean, puede ser necesaria una <strong>hospitalizaci\u00f3n breve<\/strong>. Esto no significa un castigo, sino una medida protectora para:<\/p>\n\n\n\n<ul>\n<li>Controlar s\u00edntomas graves como la agitaci\u00f3n, la impulsividad extrema o los delirios.<\/li>\n\n\n\n<li>Prevenir riesgos financieros, sociales o de salud derivados de conductas de alto riesgo.<\/li>\n\n\n\n<li>Iniciar el tratamiento farmacol\u00f3gico bajo supervisi\u00f3n estricta.<\/li>\n<\/ul>\n\n\n\n<h3 class=\"wp-block-heading has-large-font-size\"><strong>Tratamiento farmacol\u00f3gico para el episodio man\u00edaco<\/strong><\/h3>\n\n\n\n<p>Los <strong>medicamentos estabilizadores del \u00e1nimo<\/strong> son la base del tratamiento de la man\u00eda.<\/p>\n\n\n\n<h4 class=\"wp-block-heading has-medium-font-size\"><strong>Estabilizadores del \u00e1nimo<\/strong><\/h4>\n\n\n\n<ul>\n<li><strong>Litio<\/strong>: considerado el f\u00e1rmaco de referencia, reduce la intensidad de la man\u00eda y previene reca\u00eddas.<\/li>\n\n\n\n<li><strong>Antiepil\u00e9pticos<\/strong> como valproato, carbamazepina o lamotrigina: eficaces en episodios man\u00edacos, sobre todo cuando el litio no es suficiente o no est\u00e1 indicado.<\/li>\n<\/ul>\n\n\n\n<h4 class=\"wp-block-heading has-medium-font-size\"><strong>Antipsic\u00f3ticos<\/strong><\/h4>\n\n\n\n<ul>\n<li>Medicamentos como olanzapina, risperidona, quetiapina o aripiprazol se utilizan para controlar s\u00edntomas de agitaci\u00f3n, delirios y alucinaciones.<\/li>\n\n\n\n<li>Pueden administrarse en formato oral o en inyecciones de liberaci\u00f3n prolongada para asegurar la adherencia.<\/li>\n<\/ul>\n\n\n\n<h4 class=\"wp-block-heading has-medium-font-size\"><strong>Benzodiacepinas<\/strong><\/h4>\n\n\n\n<p>En algunos casos, se recetan benzodiacepinas de forma temporal para reducir la ansiedad y mejorar el sue\u00f1o mientras los estabilizadores del \u00e1nimo hacen efecto.<\/p>\n\n\n\n<h3 class=\"wp-block-heading has-large-font-size\"><strong>Intervenciones psicol\u00f3gicas<\/strong><\/h3>\n\n\n\n<p>La psicoterapia se incorpora una vez que los s\u00edntomas agudos est\u00e1n bajo control.<\/p>\n\n\n\n<h4 class=\"wp-block-heading has-medium-font-size\"><strong>Terapia cognitivo-conductual (TCC)<\/strong><\/h4>\n\n\n\n<p>Ayuda a identificar se\u00f1ales tempranas de reca\u00edda, manejar pensamientos acelerados y desarrollar h\u00e1bitos saludables que regulen el \u00e1nimo.<\/p>\n\n\n\n<h4 class=\"wp-block-heading has-medium-font-size\"><strong>Psicoeducaci\u00f3n<\/strong><\/h4>\n\n\n\n<p>Informar a la persona y a su familia sobre el trastorno bipolar y los episodios man\u00edacos permite reconocer s\u00edntomas iniciales, reducir el estigma y fomentar la adherencia al tratamiento.<\/p>\n\n\n\n<h4 class=\"wp-block-heading has-medium-font-size\"><strong>Terapia interpersonal y del ritmo social<\/strong><\/h4>\n\n\n\n<p>Se centra en <strong>regular los ritmos circadianos<\/strong>, especialmente el sue\u00f1o, que es uno de los factores m\u00e1s sensibles para el inicio de episodios man\u00edacos.<\/p>\n\n\n\n<h3 class=\"wp-block-heading has-large-font-size\"><strong>Estrategias de apoyo en casa<\/strong><\/h3>\n\n\n\n<p>El entorno juega un papel clave durante y despu\u00e9s de un episodio man\u00edaco:<\/p>\n\n\n\n<ul>\n<li><strong>Mantener una rutina estable<\/strong>, con horarios regulares de sue\u00f1o y alimentaci\u00f3n.<\/li>\n\n\n\n<li><strong>Reducir el estr\u00e9s ambiental<\/strong>, evitando discusiones y cambios dr\u00e1sticos en la vida diaria.<\/li>\n\n\n\n<li><strong>Supervisar la medicaci\u00f3n<\/strong>, para evitar olvidos o abandonos del tratamiento.<\/li>\n\n\n\n<li><strong>Ofrecer apoyo emocional<\/strong> sin confrontar directamente los delirios o alucinaciones, pero sin reforzarlos.<\/li>\n<\/ul>\n\n\n\n<h3 class=\"wp-block-heading has-large-font-size\"><strong>Prevenci\u00f3n en futuras crisis de episodio man\u00edaco<\/strong><\/h3>\n\n\n\n<p>El tratamiento no termina cuando el episodio man\u00edaco desaparece. La continuidad del plan terap\u00e9utico es fundamental para evitar reca\u00eddas. Las revisiones peri\u00f3dicas con el psiquiatra, junto con la incorporaci\u00f3n de h\u00e1bitos saludables, son claves para mantener la estabilidad a largo plazo.<\/p>\n\n\n\n<h2 class=\"wp-block-heading has-x-large-font-size\"><strong>Consecuencias de un episodio man\u00edaco en la vida personal, social y laboral<\/strong><\/h2>\n\n\n\n<p>Un <strong>episodio man\u00edaco<\/strong> no solo implica s\u00edntomas intensos en el momento de la crisis; tambi\u00e9n deja <strong>consecuencias importantes en la vida de la persona y su entorno<\/strong>. Estas repercusiones pueden sentirse a nivel emocional, familiar, social, laboral e incluso legal. Entenderlas ayuda a dimensionar la seriedad de la man\u00eda y la importancia del tratamiento oportuno.<\/p>\n\n\n\n<h3 class=\"wp-block-heading has-large-font-size\"><strong>Consecuencias personales<\/strong><\/h3>\n\n\n\n<p>Durante la man\u00eda, las decisiones impulsivas y el exceso de confianza pueden llevar a comportamientos que generan <strong>culpa, verg\u00fcenza y arrepentimiento<\/strong> una vez que la crisis termina. Entre las consecuencias m\u00e1s comunes est\u00e1n:<\/p>\n\n\n\n<ul>\n<li><strong>Problemas financieros<\/strong>: gastos excesivos en compras innecesarias, inversiones arriesgadas o deudas dif\u00edciles de pagar.<\/li>\n\n\n\n<li><strong>Conductas sexuales de riesgo<\/strong>: que pueden provocar infecciones de transmisi\u00f3n sexual, embarazos no planificados o conflictos de pareja.<\/li>\n\n\n\n<li><strong>Deterioro de la salud f\u00edsica<\/strong>: por falta de sue\u00f1o, alimentaci\u00f3n inadecuada o consumo de sustancias.<\/li>\n<\/ul>\n\n\n\n<h3 class=\"wp-block-heading has-large-font-size\"><strong>Consecuencias en la vida social y familiar<\/strong><\/h3>\n\n\n\n<p>La man\u00eda afecta directamente las relaciones interpersonales. El comportamiento desinhibido, la irritabilidad y las discusiones frecuentes pueden generar <strong>conflictos familiares y rupturas de pareja<\/strong>. Adem\u00e1s, los amigos y seres queridos pueden sentirse confundidos o alejados ante el cambio de actitud repentino.<\/p>\n\n\n\n<p>El estigma tambi\u00e9n juega un papel importante: cuando la persona atraviesa episodios recurrentes, puede ser injustamente etiquetada como \u201cinestable\u201d o \u201cpeligrosa\u201d, lo que aumenta su aislamiento social.<\/p>\n\n\n\n<h3 class=\"wp-block-heading has-large-font-size\"><strong>Consecuencias laborales y acad\u00e9micas de los episodios man\u00edacos<\/strong><\/h3>\n\n\n\n<p>En el \u00e1mbito profesional o acad\u00e9mico, un episodio man\u00edaco puede provocar:<\/p>\n\n\n\n<ul>\n<li><strong>Disminuci\u00f3n del rendimiento<\/strong> debido a la distracci\u00f3n constante y a la dificultad para concentrarse.<\/li>\n\n\n\n<li><strong>Conductas inapropiadas<\/strong> en el lugar de trabajo o estudio, como hablar en exceso, interrumpir a otros o asumir tareas imposibles de cumplir.<\/li>\n\n\n\n<li><strong>Ausencias prolongadas<\/strong> si la man\u00eda requiere hospitalizaci\u00f3n.<\/li>\n<\/ul>\n\n\n\n<p>En muchos casos, esto se traduce en p\u00e9rdida de empleo, abandono de estudios o deterioro en la reputaci\u00f3n profesional.<\/p>\n\n\n\n<h3 class=\"wp-block-heading has-large-font-size\"><strong>Consecuencias legales<\/strong><\/h3>\n\n\n\n<p>La impulsividad y las conductas de riesgo tambi\u00e9n pueden dar lugar a problemas legales, como:<\/p>\n\n\n\n<ul>\n<li>Multas o sanciones por conducci\u00f3n temeraria.<\/li>\n\n\n\n<li>Conflictos judiciales derivados de deudas financieras.<\/li>\n\n\n\n<li>Denuncias por comportamientos imprudentes o agresivos durante la crisis.<\/li>\n<\/ul>\n\n\n\n<h3 class=\"wp-block-heading has-large-font-size\"><strong>El impacto emocional posterior<\/strong><\/h3>\n\n\n\n<p>Una vez que el episodio termina y la persona recupera cierta estabilidad, es frecuente que aparezcan sentimientos de <strong>culpa, tristeza y baja autoestima<\/strong> por las acciones cometidas. En algunos casos, este malestar puede favorecer el inicio de un episodio depresivo, completando as\u00ed el ciclo t\u00edpico del trastorno bipolar.<\/p>\n\n\n\n<h3 class=\"wp-block-heading has-large-font-size\"><strong>Importancia del apoyo en la recuperaci\u00f3n<\/strong><\/h3>\n\n\n\n<p>Las consecuencias de la man\u00eda no tienen por qu\u00e9 marcar la vida de forma permanente. Con el tratamiento adecuado y un entorno comprensivo, es posible <strong>reparar relaciones, reorganizar la vida financiera y recuperar estabilidad laboral o acad\u00e9mica<\/strong>. La clave est\u00e1 en reconocer que estas repercusiones son parte de un trastorno m\u00e9dico y no un reflejo de la identidad de la persona.<\/p>\n\n\n\n<h2 class=\"wp-block-heading has-x-large-font-size\"><strong>Prevenci\u00f3n y esperanza en el manejo de los episodios man\u00edacos<\/strong><\/h2>\n\n\n\n<figure class=\"wp-block-image size-full\"><img loading=\"lazy\" decoding=\"async\" width=\"640\" height=\"551\" src=\"https:\/\/fonasa.mindy.cl\/blog\/wp-content\/uploads\/2026\/02\/comic-1296117_640.png\" alt=\"episodio maniaco s\u00edntomas\" class=\"wp-image-1490\"\/><\/figure>\n\n\n\n<p>Un <strong>episodio man\u00edaco<\/strong> puede ser una experiencia intensa y disruptiva, pero con un plan de prevenci\u00f3n adecuado y un tratamiento constante, es posible reducir su frecuencia y gravedad. M\u00e1s a\u00fan, muchas personas logran mantener largos periodos de estabilidad y desarrollar proyectos de vida significativos.<\/p>\n\n\n\n<h3 class=\"wp-block-heading has-large-font-size\"><strong>Prevenci\u00f3n de reca\u00eddas<\/strong><\/h3>\n\n\n\n<p>La mejor estrategia contra la man\u00eda es <strong>prevenirla<\/strong>. Algunas medidas clave incluyen:<\/p>\n\n\n\n<ul>\n<li><strong>Adherencia al tratamiento<\/strong>: seguir la medicaci\u00f3n seg\u00fan las indicaciones m\u00e9dicas, sin suspenderla aunque los s\u00edntomas desaparezcan.<\/li>\n\n\n\n<li><strong>Rutinas estables<\/strong>: mantener horarios regulares de sue\u00f1o, alimentaci\u00f3n y actividades diarias. La alteraci\u00f3n del descanso es uno de los principales desencadenantes de la man\u00eda.<\/li>\n\n\n\n<li><strong>Monitoreo de se\u00f1ales tempranas<\/strong>: reconocer los primeros indicios de un episodio, como hablar m\u00e1s r\u00e1pido de lo habitual, dormir menos o sentirse inusualmente optimista e irritable.<\/li>\n\n\n\n<li><strong>Evitar el consumo de alcohol y drogas<\/strong>, que pueden precipitar crisis o reducir la eficacia del tratamiento.<\/li>\n\n\n\n<li><strong>Manejo del estr\u00e9s<\/strong>: practicar t\u00e9cnicas de relajaci\u00f3n, meditaci\u00f3n o ejercicio f\u00edsico regular, que ayudan a equilibrar el \u00e1nimo.<\/li>\n<\/ul>\n\n\n\n<h3 class=\"wp-block-heading has-large-font-size\"><strong>El rol de la familia y el entorno<\/strong><\/h3>\n\n\n\n<p>El acompa\u00f1amiento de familiares y amigos es fundamental en la prevenci\u00f3n. La persona con trastorno bipolar no siempre es consciente del inicio de un episodio man\u00edaco, pero quienes la rodean pueden notar cambios sutiles y apoyar en la b\u00fasqueda temprana de ayuda. La <strong>psicoeducaci\u00f3n familiar<\/strong> facilita este proceso, brindando herramientas para reconocer los s\u00edntomas y actuar de forma adecuada.<\/p>\n\n\n\n<h3 class=\"wp-block-heading has-large-font-size\"><strong>Esperanza y calidad de vida<\/strong><\/h3>\n\n\n\n<p>Aunque la bipolaridad sea un trastorno cr\u00f3nico, la evidencia muestra que con <strong>tratamiento integral y apoyo constante<\/strong>, muchas personas logran llevar una vida equilibrada. Existen historias de pacientes que, tras aprender a manejar su condici\u00f3n, han retomado estudios, trabajos y relaciones significativas, demostrando que la man\u00eda no define a la persona.<\/p>\n\n\n\n<h3 class=\"wp-block-heading has-large-font-size\"><strong>Una mirada hacia el futuro en caso de episodio man\u00edaco<\/strong><\/h3>\n\n\n\n<p>Los avances en la psiquiatr\u00eda y la psicolog\u00eda siguen abriendo nuevas puertas en el tratamiento del trastorno bipolar. Terapias innovadoras, mejores medicamentos y un enfoque m\u00e1s humano en la atenci\u00f3n ofrecen un panorama cada vez m\u00e1s positivo. La clave est\u00e1 en <strong>combinar ciencia, apoyo social y autocuidado<\/strong> para que un episodio man\u00edaco deje de ser una amenaza constante y se convierta en un desaf\u00edo manejable.<\/p>\n\n\n\n<h2 class=\"wp-block-heading has-x-large-font-size\">Fonasa Mindy: Tu apoyo experto para abordar un episodio man\u00edaco<\/h2>\n\n\n\n<p>En Nuestra plataforma <strong><a href=\"https:\/\/fonasa.mindy.cl\/\">Fonasa Mindy<\/a><\/strong> de terapia online en Chile, se ofrece un espacio seguro y confidencial donde puedes desahogarte y recibir estrategias personalizadas sin tener que salir de casa, algo fundamental cuando la falta de energ\u00eda es un s\u00edntoma predominante.<\/p>\n\n\n\n<p>Elegir Mindy significa optar por un acompa\u00f1amiento profesional que respeta tus tiempos y tu historia:<\/p>\n\n\n\n<ul>\n<li>Contamos con especialistas en duelo afectivo y dependencia emocional que te ayudar\u00e1n a identificar patrones de vinculaci\u00f3n.<\/li>\n\n\n\n<li>La modalidad online permite que tengas tu sesi\u00f3n desde la privacidad de tu habitaci\u00f3n, facilitando la apertura emocional.<\/li>\n\n\n\n<li>Ofrecemos precios accesibles y flexibilidad horaria, eliminando las barreras que suelen impedir el inicio de un proceso terap\u00e9utico en Chile.<\/li>\n\n\n\n<li>Nuestros profesionales utilizan enfoques basados en evidencia, como la terapia cognitivo-conductual, para ayudarte a romper el ciclo de la rumiaci\u00f3n.<\/li>\n<\/ul>\n\n\n\n<p>No tienes que transitar este camino de soledad y vac\u00edo por tu cuenta. Recuperar tu identidad y tu alegr\u00eda es un proceso que comienza con un primer paso valiente. Puedes agendar tu sesi\u00f3n y comenzar a sanar hoy mismo a trav\u00e9s de nuestro enlace: <strong><a href=\"https:\/\/www.mindy.cl\/psicologos-online-mindy\/\" target=\"_blank\" rel=\"noreferrer noopener\">Mindy Psic\u00f3logos online<\/a><\/strong>.<\/p>\n\n\n\n<p>Te invitamos a tomar el control de tu proceso de sanaci\u00f3n y descubrir c\u00f3mo la terapia puede devolverte la claridad que necesitas. Encuentra el apoyo necesario en <strong><a href=\"https:\/\/www.mindy.cl\/\" target=\"_blank\" rel=\"noreferrer noopener\">Mindy<\/a><\/strong> y comienza hoy mismo tu camino hacia una vida plena y renovada. Tu bienestar emocional es la base de todo lo que vendr\u00e1.<\/p>\n\n\n\n<h2 class=\"wp-block-heading has-x-large-font-size\">\u00bfNo sabes por d\u00f3nde empezar? Descubre tu terapia recomendada<\/h2>\n\n\n\n<p>Iniciar un proceso psicol\u00f3gico puede generar dudas sobre cu\u00e1l es el mejor camino. En <strong>Fonasa Mindy<\/strong> queremos facilitarte el proceso: responde unas breves preguntas para identificar el modelo terap\u00e9utico m\u00e1s efectivo para tu bienestar emocional. Es r\u00e1pido, sencillo y te ayudar\u00e1 a conectar con el profesional adecuado. <\/p>\n\n\n\n<p>\ud83d\udc49 <strong><a href=\"https:\/\/form.typeform.com\/to\/jfcSJODX\" target=\"_blank\" rel=\"noreferrer noopener\">Haz clic para descubrir tu tipo de terapia<\/a><\/strong><\/p>\n","protected":false},"excerpt":{"rendered":"<p>Un episodio man\u00edaco es una fase del trastorno bipolar en la que la persona experimenta un estado de \u00e1nimo anormalmente elevado, expansivo o irritable, junto con un aumento significativo de energ\u00eda y actividad. No se trata de una simple alegr\u00eda o entusiasmo, sino de una alteraci\u00f3n que puede durar al menos una semana y afectar [&hellip;]<\/p>\n","protected":false},"author":2,"featured_media":558,"comment_status":"closed","ping_status":"closed","sticky":false,"template":"","format":"standard","meta":{"footnotes":""},"categories":[114,275],"tags":[],"yoast_head":"<!-- This site is optimized with the Yoast SEO plugin v23.0 - https:\/\/yoast.com\/wordpress\/plugins\/seo\/ -->\n<title>Episodio man\u00edaco: s\u00edntomas, y causas en el trastorno bipolar<\/title>\n<meta name=\"description\" content=\"Un episodio man\u00edaco causa euforia, impulsividad y p\u00e9rdida de control. Aprende sus s\u00edntomas, causas, diagn\u00f3stico, tratamiento.\" \/>\n<meta name=\"robots\" content=\"index, follow, max-snippet:-1, max-image-preview:large, max-video-preview:-1\" \/>\n<link rel=\"canonical\" href=\"https:\/\/fonasa.mindy.cl\/blog\/episodio-maniaco-sintomas\/\" \/>\n<meta property=\"og:locale\" content=\"es_ES\" \/>\n<meta property=\"og:type\" content=\"article\" \/>\n<meta property=\"og:title\" content=\"Episodio man\u00edaco: s\u00edntomas, y causas en el trastorno bipolar\" \/>\n<meta property=\"og:description\" content=\"Un episodio man\u00edaco causa euforia, impulsividad y p\u00e9rdida de control. Aprende sus s\u00edntomas, causas, diagn\u00f3stico, tratamiento.\" \/>\n<meta property=\"og:url\" content=\"https:\/\/fonasa.mindy.cl\/blog\/episodio-maniaco-sintomas\/\" \/>\n<meta property=\"og:site_name\" content=\"Mindy Fonasa Blog\" \/>\n<meta property=\"article:published_time\" content=\"2025-09-04T02:11:12+00:00\" \/>\n<meta property=\"article:modified_time\" content=\"2026-03-25T14:53:33+00:00\" \/>\n<meta property=\"og:image\" content=\"https:\/\/fonasa.mindy.cl\/blog\/wp-content\/uploads\/2025\/09\/episodio-maniaco-xxss.jpg\" \/>\n\t<meta property=\"og:image:width\" content=\"1000\" \/>\n\t<meta property=\"og:image:height\" content=\"442\" \/>\n\t<meta property=\"og:image:type\" content=\"image\/jpeg\" \/>\n<meta name=\"author\" content=\"reinaldo@mindy.cl\" \/>\n<meta name=\"twitter:card\" content=\"summary_large_image\" \/>\n<meta name=\"twitter:label1\" content=\"Written by\" \/>\n\t<meta name=\"twitter:data1\" content=\"reinaldo@mindy.cl\" \/>\n\t<meta name=\"twitter:label2\" content=\"Est. reading time\" \/>\n\t<meta name=\"twitter:data2\" content=\"16 minutos\" \/>\n<script type=\"application\/ld+json\" class=\"yoast-schema-graph\">{\"@context\":\"https:\/\/schema.org\",\"@graph\":[{\"@type\":\"Article\",\"@id\":\"https:\/\/fonasa.mindy.cl\/blog\/episodio-maniaco-sintomas\/#article\",\"isPartOf\":{\"@id\":\"https:\/\/fonasa.mindy.cl\/blog\/episodio-maniaco-sintomas\/\"},\"author\":{\"name\":\"reinaldo@mindy.cl\",\"@id\":\"https:\/\/fonasa.mindy.cl\/blog\/#\/schema\/person\/6b2fdf85e03858572a636b7b9ce17d81\"},\"headline\":\"Episodio man\u00edaco: s\u00edntomas, y causas en el trastorno bipolar\",\"datePublished\":\"2025-09-04T02:11:12+00:00\",\"dateModified\":\"2026-03-25T14:53:33+00:00\",\"mainEntityOfPage\":{\"@id\":\"https:\/\/fonasa.mindy.cl\/blog\/episodio-maniaco-sintomas\/\"},\"wordCount\":3514,\"publisher\":{\"@id\":\"https:\/\/fonasa.mindy.cl\/blog\/#organization\"},\"image\":{\"@id\":\"https:\/\/fonasa.mindy.cl\/blog\/episodio-maniaco-sintomas\/#primaryimage\"},\"thumbnailUrl\":\"https:\/\/fonasa.mindy.cl\/blog\/wp-content\/uploads\/2025\/09\/episodio-maniaco-xxss.jpg\",\"articleSection\":[\"Psic\u00f3logos Fonasa\",\"Trastornos\"],\"inLanguage\":\"es-CL\"},{\"@type\":\"WebPage\",\"@id\":\"https:\/\/fonasa.mindy.cl\/blog\/episodio-maniaco-sintomas\/\",\"url\":\"https:\/\/fonasa.mindy.cl\/blog\/episodio-maniaco-sintomas\/\",\"name\":\"Episodio man\u00edaco: s\u00edntomas, y causas en el trastorno bipolar\",\"isPartOf\":{\"@id\":\"https:\/\/fonasa.mindy.cl\/blog\/#website\"},\"primaryImageOfPage\":{\"@id\":\"https:\/\/fonasa.mindy.cl\/blog\/episodio-maniaco-sintomas\/#primaryimage\"},\"image\":{\"@id\":\"https:\/\/fonasa.mindy.cl\/blog\/episodio-maniaco-sintomas\/#primaryimage\"},\"thumbnailUrl\":\"https:\/\/fonasa.mindy.cl\/blog\/wp-content\/uploads\/2025\/09\/episodio-maniaco-xxss.jpg\",\"datePublished\":\"2025-09-04T02:11:12+00:00\",\"dateModified\":\"2026-03-25T14:53:33+00:00\",\"description\":\"Un episodio man\u00edaco causa euforia, impulsividad y p\u00e9rdida de control. Aprende sus s\u00edntomas, causas, diagn\u00f3stico, tratamiento.\",\"breadcrumb\":{\"@id\":\"https:\/\/fonasa.mindy.cl\/blog\/episodio-maniaco-sintomas\/#breadcrumb\"},\"inLanguage\":\"es-CL\",\"potentialAction\":[{\"@type\":\"ReadAction\",\"target\":[\"https:\/\/fonasa.mindy.cl\/blog\/episodio-maniaco-sintomas\/\"]}]},{\"@type\":\"ImageObject\",\"inLanguage\":\"es-CL\",\"@id\":\"https:\/\/fonasa.mindy.cl\/blog\/episodio-maniaco-sintomas\/#primaryimage\",\"url\":\"https:\/\/fonasa.mindy.cl\/blog\/wp-content\/uploads\/2025\/09\/episodio-maniaco-xxss.jpg\",\"contentUrl\":\"https:\/\/fonasa.mindy.cl\/blog\/wp-content\/uploads\/2025\/09\/episodio-maniaco-xxss.jpg\",\"width\":1000,\"height\":442,\"caption\":\"Episodio man\u00edaco\"},{\"@type\":\"BreadcrumbList\",\"@id\":\"https:\/\/fonasa.mindy.cl\/blog\/episodio-maniaco-sintomas\/#breadcrumb\",\"itemListElement\":[{\"@type\":\"ListItem\",\"position\":1,\"name\":\"Home\",\"item\":\"https:\/\/fonasa.mindy.cl\/blog\/\"},{\"@type\":\"ListItem\",\"position\":2,\"name\":\"Episodio man\u00edaco: s\u00edntomas, y causas en el trastorno bipolar\"}]},{\"@type\":\"WebSite\",\"@id\":\"https:\/\/fonasa.mindy.cl\/blog\/#website\",\"url\":\"https:\/\/fonasa.mindy.cl\/blog\/\",\"name\":\"Mindy Fonasa Blog\",\"description\":\"Un blog de salud mental\",\"publisher\":{\"@id\":\"https:\/\/fonasa.mindy.cl\/blog\/#organization\"},\"potentialAction\":[{\"@type\":\"SearchAction\",\"target\":{\"@type\":\"EntryPoint\",\"urlTemplate\":\"https:\/\/fonasa.mindy.cl\/blog\/?s={search_term_string}\"},\"query-input\":\"required name=search_term_string\"}],\"inLanguage\":\"es-CL\"},{\"@type\":\"Organization\",\"@id\":\"https:\/\/fonasa.mindy.cl\/blog\/#organization\",\"name\":\"Mindy Fonasa Blog\",\"url\":\"https:\/\/fonasa.mindy.cl\/blog\/\",\"logo\":{\"@type\":\"ImageObject\",\"inLanguage\":\"es-CL\",\"@id\":\"https:\/\/fonasa.mindy.cl\/blog\/#\/schema\/logo\/image\/\",\"url\":\"https:\/\/fonasa.mindy.cl\/blog\/wp-content\/uploads\/2024\/07\/logo_cuadrado.png\",\"contentUrl\":\"https:\/\/fonasa.mindy.cl\/blog\/wp-content\/uploads\/2024\/07\/logo_cuadrado.png\",\"width\":300,\"height\":300,\"caption\":\"Mindy Fonasa Blog\"},\"image\":{\"@id\":\"https:\/\/fonasa.mindy.cl\/blog\/#\/schema\/logo\/image\/\"}},{\"@type\":\"Person\",\"@id\":\"https:\/\/fonasa.mindy.cl\/blog\/#\/schema\/person\/6b2fdf85e03858572a636b7b9ce17d81\",\"name\":\"reinaldo@mindy.cl\",\"url\":\"https:\/\/fonasa.mindy.cl\/blog\/author\/reinaldomindy-cl\/\"}]}<\/script>\n<!-- \/ Yoast SEO plugin. -->","yoast_head_json":{"title":"Episodio man\u00edaco: s\u00edntomas, y causas en el trastorno bipolar","description":"Un episodio man\u00edaco causa euforia, impulsividad y p\u00e9rdida de control. Aprende sus s\u00edntomas, causas, diagn\u00f3stico, tratamiento.","robots":{"index":"index","follow":"follow","max-snippet":"max-snippet:-1","max-image-preview":"max-image-preview:large","max-video-preview":"max-video-preview:-1"},"canonical":"https:\/\/fonasa.mindy.cl\/blog\/episodio-maniaco-sintomas\/","og_locale":"es_ES","og_type":"article","og_title":"Episodio man\u00edaco: s\u00edntomas, y causas en el trastorno bipolar","og_description":"Un episodio man\u00edaco causa euforia, impulsividad y p\u00e9rdida de control. Aprende sus s\u00edntomas, causas, diagn\u00f3stico, tratamiento.","og_url":"https:\/\/fonasa.mindy.cl\/blog\/episodio-maniaco-sintomas\/","og_site_name":"Mindy Fonasa Blog","article_published_time":"2025-09-04T02:11:12+00:00","article_modified_time":"2026-03-25T14:53:33+00:00","og_image":[{"width":1000,"height":442,"url":"https:\/\/fonasa.mindy.cl\/blog\/wp-content\/uploads\/2025\/09\/episodio-maniaco-xxss.jpg","type":"image\/jpeg"}],"author":"reinaldo@mindy.cl","twitter_card":"summary_large_image","twitter_misc":{"Written by":"reinaldo@mindy.cl","Est. reading time":"16 minutos"},"schema":{"@context":"https:\/\/schema.org","@graph":[{"@type":"Article","@id":"https:\/\/fonasa.mindy.cl\/blog\/episodio-maniaco-sintomas\/#article","isPartOf":{"@id":"https:\/\/fonasa.mindy.cl\/blog\/episodio-maniaco-sintomas\/"},"author":{"name":"reinaldo@mindy.cl","@id":"https:\/\/fonasa.mindy.cl\/blog\/#\/schema\/person\/6b2fdf85e03858572a636b7b9ce17d81"},"headline":"Episodio man\u00edaco: s\u00edntomas, y causas en el trastorno bipolar","datePublished":"2025-09-04T02:11:12+00:00","dateModified":"2026-03-25T14:53:33+00:00","mainEntityOfPage":{"@id":"https:\/\/fonasa.mindy.cl\/blog\/episodio-maniaco-sintomas\/"},"wordCount":3514,"publisher":{"@id":"https:\/\/fonasa.mindy.cl\/blog\/#organization"},"image":{"@id":"https:\/\/fonasa.mindy.cl\/blog\/episodio-maniaco-sintomas\/#primaryimage"},"thumbnailUrl":"https:\/\/fonasa.mindy.cl\/blog\/wp-content\/uploads\/2025\/09\/episodio-maniaco-xxss.jpg","articleSection":["Psic\u00f3logos Fonasa","Trastornos"],"inLanguage":"es-CL"},{"@type":"WebPage","@id":"https:\/\/fonasa.mindy.cl\/blog\/episodio-maniaco-sintomas\/","url":"https:\/\/fonasa.mindy.cl\/blog\/episodio-maniaco-sintomas\/","name":"Episodio man\u00edaco: s\u00edntomas, y causas en el trastorno bipolar","isPartOf":{"@id":"https:\/\/fonasa.mindy.cl\/blog\/#website"},"primaryImageOfPage":{"@id":"https:\/\/fonasa.mindy.cl\/blog\/episodio-maniaco-sintomas\/#primaryimage"},"image":{"@id":"https:\/\/fonasa.mindy.cl\/blog\/episodio-maniaco-sintomas\/#primaryimage"},"thumbnailUrl":"https:\/\/fonasa.mindy.cl\/blog\/wp-content\/uploads\/2025\/09\/episodio-maniaco-xxss.jpg","datePublished":"2025-09-04T02:11:12+00:00","dateModified":"2026-03-25T14:53:33+00:00","description":"Un episodio man\u00edaco causa euforia, impulsividad y p\u00e9rdida de control. Aprende sus s\u00edntomas, causas, diagn\u00f3stico, tratamiento.","breadcrumb":{"@id":"https:\/\/fonasa.mindy.cl\/blog\/episodio-maniaco-sintomas\/#breadcrumb"},"inLanguage":"es-CL","potentialAction":[{"@type":"ReadAction","target":["https:\/\/fonasa.mindy.cl\/blog\/episodio-maniaco-sintomas\/"]}]},{"@type":"ImageObject","inLanguage":"es-CL","@id":"https:\/\/fonasa.mindy.cl\/blog\/episodio-maniaco-sintomas\/#primaryimage","url":"https:\/\/fonasa.mindy.cl\/blog\/wp-content\/uploads\/2025\/09\/episodio-maniaco-xxss.jpg","contentUrl":"https:\/\/fonasa.mindy.cl\/blog\/wp-content\/uploads\/2025\/09\/episodio-maniaco-xxss.jpg","width":1000,"height":442,"caption":"Episodio man\u00edaco"},{"@type":"BreadcrumbList","@id":"https:\/\/fonasa.mindy.cl\/blog\/episodio-maniaco-sintomas\/#breadcrumb","itemListElement":[{"@type":"ListItem","position":1,"name":"Home","item":"https:\/\/fonasa.mindy.cl\/blog\/"},{"@type":"ListItem","position":2,"name":"Episodio man\u00edaco: s\u00edntomas, y causas en el trastorno bipolar"}]},{"@type":"WebSite","@id":"https:\/\/fonasa.mindy.cl\/blog\/#website","url":"https:\/\/fonasa.mindy.cl\/blog\/","name":"Mindy Fonasa Blog","description":"Un blog de salud mental","publisher":{"@id":"https:\/\/fonasa.mindy.cl\/blog\/#organization"},"potentialAction":[{"@type":"SearchAction","target":{"@type":"EntryPoint","urlTemplate":"https:\/\/fonasa.mindy.cl\/blog\/?s={search_term_string}"},"query-input":"required name=search_term_string"}],"inLanguage":"es-CL"},{"@type":"Organization","@id":"https:\/\/fonasa.mindy.cl\/blog\/#organization","name":"Mindy Fonasa Blog","url":"https:\/\/fonasa.mindy.cl\/blog\/","logo":{"@type":"ImageObject","inLanguage":"es-CL","@id":"https:\/\/fonasa.mindy.cl\/blog\/#\/schema\/logo\/image\/","url":"https:\/\/fonasa.mindy.cl\/blog\/wp-content\/uploads\/2024\/07\/logo_cuadrado.png","contentUrl":"https:\/\/fonasa.mindy.cl\/blog\/wp-content\/uploads\/2024\/07\/logo_cuadrado.png","width":300,"height":300,"caption":"Mindy Fonasa Blog"},"image":{"@id":"https:\/\/fonasa.mindy.cl\/blog\/#\/schema\/logo\/image\/"}},{"@type":"Person","@id":"https:\/\/fonasa.mindy.cl\/blog\/#\/schema\/person\/6b2fdf85e03858572a636b7b9ce17d81","name":"reinaldo@mindy.cl","url":"https:\/\/fonasa.mindy.cl\/blog\/author\/reinaldomindy-cl\/"}]}},"_links":{"self":[{"href":"https:\/\/fonasa.mindy.cl\/blog\/wp-json\/wp\/v2\/posts\/557"}],"collection":[{"href":"https:\/\/fonasa.mindy.cl\/blog\/wp-json\/wp\/v2\/posts"}],"about":[{"href":"https:\/\/fonasa.mindy.cl\/blog\/wp-json\/wp\/v2\/types\/post"}],"author":[{"embeddable":true,"href":"https:\/\/fonasa.mindy.cl\/blog\/wp-json\/wp\/v2\/users\/2"}],"replies":[{"embeddable":true,"href":"https:\/\/fonasa.mindy.cl\/blog\/wp-json\/wp\/v2\/comments?post=557"}],"version-history":[{"count":13,"href":"https:\/\/fonasa.mindy.cl\/blog\/wp-json\/wp\/v2\/posts\/557\/revisions"}],"predecessor-version":[{"id":1743,"href":"https:\/\/fonasa.mindy.cl\/blog\/wp-json\/wp\/v2\/posts\/557\/revisions\/1743"}],"wp:featuredmedia":[{"embeddable":true,"href":"https:\/\/fonasa.mindy.cl\/blog\/wp-json\/wp\/v2\/media\/558"}],"wp:attachment":[{"href":"https:\/\/fonasa.mindy.cl\/blog\/wp-json\/wp\/v2\/media?parent=557"}],"wp:term":[{"taxonomy":"category","embeddable":true,"href":"https:\/\/fonasa.mindy.cl\/blog\/wp-json\/wp\/v2\/categories?post=557"},{"taxonomy":"post_tag","embeddable":true,"href":"https:\/\/fonasa.mindy.cl\/blog\/wp-json\/wp\/v2\/tags?post=557"}],"curies":[{"name":"wp","href":"https:\/\/api.w.org\/{rel}","templated":true}]}}