{"id":554,"date":"2025-09-03T20:47:53","date_gmt":"2025-09-04T00:47:53","guid":{"rendered":"https:\/\/fonasa.mindy.cl\/blog\/?p=554"},"modified":"2026-03-23T13:25:27","modified_gmt":"2026-03-23T16:25:27","slug":"bipolaridad-en-las-personas","status":"publish","type":"post","link":"https:\/\/fonasa.mindy.cl\/blog\/bipolaridad-en-las-personas\/","title":{"rendered":"Bipolaridad en las personas: s\u00edntomas, causas y tratamiento"},"content":{"rendered":"\n<p>La <strong>bipolaridad en las personas<\/strong>, tambi\u00e9n conocida como <strong>trastorno bipolar<\/strong>, es una condici\u00f3n de salud mental caracterizada por cambios de \u00e1nimo extremos que van desde la euforia intensa hasta la depresi\u00f3n profunda. Estos episodios no son simples altibajos emocionales, sino alteraciones que afectan la energ\u00eda, el pensamiento, el comportamiento y la capacidad de relacionarse con los dem\u00e1s.<\/p>\n\n\n\n<p>Durante una fase de <strong><a href=\"https:\/\/fonasa.mindy.cl\/blog\/mania-depresiva\/\">man\u00eda depresiva<\/a><\/strong> o de un <strong><a href=\"https:\/\/fonasa.mindy.cl\/blog\/episodio-maniaco-sintomas\/\">episodio maniaco<\/a><\/strong>, la persona puede sentirse con una confianza desmedida, hablar de forma acelerada, dormir poco y asumir conductas de riesgo. En cambio, en una fase depresiva, puede experimentar tristeza intensa, falta de motivaci\u00f3n y pensamientos negativos persistentes. Estos cambios dr\u00e1sticos influyen en la vida laboral, acad\u00e9mica, familiar y social, y requieren atenci\u00f3n profesional para ser manejados adecuadamente.<\/p>\n\n\n\n<p>Lo importante es que, aunque se trata de un trastorno cr\u00f3nico, <strong>la bipolaridad tiene tratamientos efectivos<\/strong>. Con la combinaci\u00f3n adecuada de medicaci\u00f3n, psicoterapia y apoyo social, es posible alcanzar la estabilidad y llevar una vida significativa, demostrando que este diagn\u00f3stico no define a la persona en su totalidad.<\/p>\n\n\n\n<h2 class=\"wp-block-heading has-x-large-font-size\"><strong>\u00bfQu\u00e9 significa vivir con bipolaridad?<\/strong><\/h2>\n\n\n\n<p><strong><a href=\"https:\/\/fonasa.mindy.cl\/blog\/trastorno-de-bipolaridad\/\">El trastorno de bipolaridad en las personas<\/a><\/strong> es un <a href=\"https:\/\/es.wikipedia.org\/wiki\/Trastorno_bipolar\">trastorno del estado de \u00e1nimo<\/a> que se caracteriza por la presencia de cambios emocionales extremos y c\u00edclicos. Estos cambios no son meras variaciones de humor como las que todos experimentamos, sino episodios intensos y prolongados que afectan profundamente la vida diaria. Entender qu\u00e9 significa vivir con bipolaridad es fundamental para dejar de asociar esta condici\u00f3n con estereotipos y comenzar a verla como lo que realmente es: una <strong>condici\u00f3n m\u00e9dica compleja y tratable<\/strong>.<\/p>\n\n\n\n<h3 class=\"wp-block-heading has-large-font-size\"><strong>Bipolaridad en las personas: Lo que ocurre en la vida emocional<\/strong><\/h3>\n\n\n\n<p>La <strong><a href=\"https:\/\/fonasa.mindy.cl\/blog\/persona-bipolar\/\">persona bipolar<\/a><\/strong> alterna entre dos polos: la <strong>man\u00eda o hipoman\u00eda<\/strong> (un estado de \u00e1nimo elevado, expansivo o irritable) y la <strong>depresi\u00f3n<\/strong> (un estado de \u00e1nimo bajo, con falta de energ\u00eda y sentimientos de desesperanza). Entre estos extremos, tambi\u00e9n puede haber periodos de estabilidad, conocidos como eutimia.<\/p>\n\n\n\n<p>Estos cambios no dependen de la voluntad de la persona ni de su car\u00e1cter, sino de una <strong><a href=\"https:\/\/fonasa.mindy.cl\/blog\/trastorno-afectivo-bipolar\/\">alteraci\u00f3n en el funcionamiento cerebral<\/a><\/strong> que influye en c\u00f3mo se regulan las emociones, la energ\u00eda y la motivaci\u00f3n.<\/p>\n\n\n\n<h3 class=\"wp-block-heading has-large-font-size\"><strong>C\u00f3mo impacta la bipolaridad en las personas en la identidad y en las relaciones<\/strong><\/h3>\n\n\n\n<p>Vivir con bipolaridad significa enfrentarse a momentos en los que se siente que todo es posible, seguidos de otros en los que hasta las tareas m\u00e1s simples parecen imposibles. Esta monta\u00f1a rusa emocional afecta la <strong>autoestima<\/strong>, la capacidad de confiar en s\u00ed mismo y las relaciones con los dem\u00e1s.<\/p>\n\n\n\n<ul>\n<li>En la fase man\u00edaca, la persona puede mostrarse entusiasta, hiperactiva y llena de ideas, lo que a veces resulta atractivo para quienes la rodean. Sin embargo, tambi\u00e9n puede volverse impulsiva y tomar decisiones arriesgadas que generan consecuencias negativas.<\/li>\n\n\n\n<li>En la fase depresiva, el mismo individuo puede mostrarse apagado, sin energ\u00eda ni inter\u00e9s, lo que dificulta mantener los v\u00ednculos sociales y laborales.<\/li>\n<\/ul>\n\n\n\n<p>Esto explica por qu\u00e9 muchas personas con bipolaridad experimentan rupturas en sus relaciones, problemas financieros o interrupciones en su trayectoria acad\u00e9mica y profesional.<\/p>\n\n\n\n<h3 class=\"wp-block-heading has-large-font-size\">Bipolaridad en las personas: Una condici\u00f3n que necesita reconocimiento y apoyo<\/h3>\n\n\n\n<p>Reconocer la bipolaridad no es etiquetar ni limitar a la persona, sino darle el marco adecuado para entender lo que le sucede. Muchas veces, antes de recibir un diagn\u00f3stico, quienes viven con esta condici\u00f3n cargan con etiquetas injustas: \u201cinestables\u201d, \u201ccaprichosos\u201d o \u201cdemasiado sensibles\u201d. Sin embargo, la realidad es que estos cambios de \u00e1nimo son parte de un trastorno que <strong>requiere tratamiento profesional<\/strong>.<\/p>\n\n\n\n<p>La <strong>bipolaridad en las personas<\/strong> no debe verse como una condena, sino como un desaf\u00edo que puede ser manejado. Con el tratamiento adecuado y el acompa\u00f1amiento necesario, es posible alcanzar una vida equilibrada, desarrollar proyectos personales y mantener relaciones saludables.<\/p>\n\n\n\n<h2 class=\"wp-block-heading has-x-large-font-size\">S\u00edntomas y tipos de episodios en la bipolaridad<\/h2>\n\n\n\n<p>La <strong>bipolaridad en las personas<\/strong> se manifiesta a trav\u00e9s de episodios que alteran profundamente el \u00e1nimo, la energ\u00eda y la conducta. Estos episodios no aparecen de forma aislada, sino como parte de un patr\u00f3n c\u00edclico que alterna entre la <strong>man\u00eda o hipoman\u00eda<\/strong> y la <strong>depresi\u00f3n<\/strong>, con posibles periodos de estabilidad entre ellos. Reconocer los s\u00edntomas y diferenciar los tipos de episodios es clave para un diagn\u00f3stico preciso y un tratamiento eficaz.<\/p>\n\n\n\n<h3 class=\"wp-block-heading has-large-font-size\"><strong>Episodios man\u00edacos: el exceso de energ\u00eda<\/strong><\/h3>\n\n\n\n<p>Un episodio de <strong>man\u00eda<\/strong> se caracteriza por un estado de \u00e1nimo anormalmente elevado, expansivo o irritable que dura al menos una semana. La persona puede sentirse euf\u00f3rica, tener demasiada confianza en s\u00ed misma y mostrar una gran aceleraci\u00f3n de ideas y palabras.<\/p>\n\n\n\n<h4 class=\"wp-block-heading has-medium-font-size\"><strong>S\u00edntomas frecuentes de la man\u00eda en la bipolaridad en las personas<\/strong><\/h4>\n\n\n\n<ul>\n<li>Autoestima exagerada o delirios de grandeza.<\/li>\n\n\n\n<li>Disminuci\u00f3n de la necesidad de dormir (pueden pasar d\u00edas durmiendo muy poco sin sentirse cansados).<\/li>\n\n\n\n<li>Habla r\u00e1pida, con dificultad para ser interrumpidos.<\/li>\n\n\n\n<li>Distracci\u00f3n constante, con dificultad para mantener la atenci\u00f3n en una sola tarea.<\/li>\n\n\n\n<li>Conductas de riesgo: gastos excesivos, comportamientos sexuales impulsivos o decisiones imprudentes.<\/li>\n<\/ul>\n\n\n\n<p>Cuando los s\u00edntomas son muy intensos, la man\u00eda puede requerir hospitalizaci\u00f3n para proteger la seguridad de la persona y de quienes la rodean.<\/p>\n\n\n\n<h3 class=\"wp-block-heading has-large-font-size\"><strong>Episodios hipoman\u00edacos: una versi\u00f3n m\u00e1s leve<\/strong><\/h3>\n\n\n\n<p>La <strong>hipoman\u00eda<\/strong> comparte muchos s\u00edntomas con la man\u00eda, pero en menor intensidad y sin llegar a provocar un deterioro tan grave en la vida diaria. Aunque no requiere hospitalizaci\u00f3n, puede generar problemas en las relaciones y en el trabajo, y suele ser el primer signo de alerta de un trastorno bipolar.<\/p>\n\n\n\n<h3 class=\"wp-block-heading has-large-font-size\"><strong>Episodios depresivos: la otra cara del trastorno<\/strong><\/h3>\n\n\n\n<p>En contraste con la man\u00eda, un episodio de <strong>depresi\u00f3n bipolar<\/strong> se caracteriza por una tristeza intensa y persistente que dura al menos dos semanas. La persona puede sentirse sin energ\u00eda, sin esperanza y sin inter\u00e9s en las actividades que antes disfrutaba.<\/p>\n\n\n\n<h4 class=\"wp-block-heading has-medium-font-size\"><strong>S\u00edntomas frecuentes de la depresi\u00f3n por bipolaridad en las personas<\/strong><\/h4>\n\n\n\n<ul>\n<li>Estado de \u00e1nimo bajo, con sensaci\u00f3n de vac\u00edo o desesperanza.<\/li>\n\n\n\n<li>Fatiga extrema y lentitud en los movimientos o pensamientos.<\/li>\n\n\n\n<li>Alteraciones del sue\u00f1o: insomnio o dormir demasiado.<\/li>\n\n\n\n<li>Cambios en el apetito y en el peso corporal.<\/li>\n\n\n\n<li>Dificultades para concentrarse, pensar con claridad o tomar decisiones.<\/li>\n\n\n\n<li>Pensamientos recurrentes de muerte o suicidio.<\/li>\n<\/ul>\n\n\n\n<h3 class=\"wp-block-heading has-large-font-size\"><strong><a href=\"https:\/\/fonasa.mindy.cl\/blog\/tipos-de-bipolaridad-como-entender-el-espectro-bipolar\/\">Tipos de bipolaridad<\/a> en las personas<\/strong><\/h3>\n\n\n\n<ul>\n<li><strong>Trastorno bipolar I<\/strong>: caracterizado por la presencia de al menos un episodio man\u00edaco completo, acompa\u00f1ado o no de episodios depresivos.<\/li>\n\n\n\n<li><strong>Trastorno bipolar II<\/strong>: se da cuando hay al menos un episodio depresivo mayor y un episodio hipoman\u00edaco, pero nunca un episodio man\u00edaco completo.<\/li>\n\n\n\n<li><strong>Trastorno ciclot\u00edmico (ciclotimia)<\/strong>: consiste en oscilaciones cr\u00f3nicas entre s\u00edntomas hipoman\u00edacos y depresivos leves durante al menos dos a\u00f1os, sin cumplir criterios completos para man\u00eda o depresi\u00f3n mayor.<\/li>\n<\/ul>\n\n\n\n<h3 class=\"wp-block-heading has-large-font-size\"><strong>Una monta\u00f1a rusa emocional<\/strong><\/h3>\n\n\n\n<p>Los s\u00edntomas de la bipolaridad no son simples cambios de humor, sino <strong>alteraciones profundas que afectan la percepci\u00f3n de la vida y la forma de relacionarse con el mundo<\/strong>. Identificar estos episodios es crucial para acceder a un diagn\u00f3stico oportuno y evitar que los ciclos emocionales se conviertan en una barrera para el bienestar y la estabilidad.<\/p>\n\n\n\n<h2 class=\"wp-block-heading has-x-large-font-size\"><strong>Impacto de la bipolaridad en las personas en la vida cotidiana<\/strong><\/h2>\n\n\n\n<figure class=\"wp-block-image alignwide size-full\"><img loading=\"lazy\" decoding=\"async\" width=\"640\" height=\"427\" src=\"https:\/\/fonasa.mindy.cl\/blog\/wp-content\/uploads\/2025\/12\/masks-701837_640-1.jpg\" alt=\"bipolaridad en las personas\" class=\"wp-image-1130\"\/><\/figure>\n\n\n\n<p>La <strong>bipolaridad en las personas<\/strong> no se limita a los s\u00edntomas cl\u00ednicos: transforma la manera en que alguien organiza su vida, se relaciona y proyecta su futuro. Tanto los episodios de man\u00eda como los de depresi\u00f3n influyen en la salud, las relaciones, el trabajo y la autoestima. Vivir con este trastorno significa enfrentarse a una monta\u00f1a rusa emocional que deja huellas en casi todos los \u00e1mbitos de la vida.<\/p>\n\n\n\n<h3 class=\"wp-block-heading has-large-font-size\"><strong>Efectos en la vida personal<\/strong><\/h3>\n\n\n\n<p>Durante un episodio man\u00edaco, la persona puede sentirse invencible, llena de energ\u00eda y con ganas de hacer m\u00faltiples cosas al mismo tiempo. Sin embargo, esa impulsividad puede llevar a <strong>decisiones arriesgadas<\/strong> como gastos descontrolados, rupturas repentinas o comportamientos sexuales peligrosos. Despu\u00e9s, al pasar a una fase depresiva, suelen aparecer sentimientos de culpa y arrepentimiento, lo que agrava a\u00fan m\u00e1s la inestabilidad emocional.<\/p>\n\n\n\n<h4 class=\"wp-block-heading has-medium-font-size\"><strong>Alteraciones en el autocuidado<\/strong><\/h4>\n\n\n\n<p>El sue\u00f1o, la alimentaci\u00f3n y la higiene personal pueden verse afectados. En la man\u00eda, la persona duerme muy poco y no siente la necesidad de descansar; en la depresi\u00f3n, puede pasar demasiado tiempo en cama, sin motivaci\u00f3n para realizar las actividades b\u00e1sicas del d\u00eda a d\u00eda.<\/p>\n\n\n\n<h3 class=\"wp-block-heading has-large-font-size\"><strong>Impacto de la bipolaridad en las personas en las relaciones<\/strong><\/h3>\n\n\n\n<p>El c\u00edrculo social y familiar tambi\u00e9n sufre las consecuencias de la bipolaridad. Los cambios bruscos de humor pueden provocar <strong>conflictos, discusiones o incomprensi\u00f3n<\/strong>. En la fase man\u00edaca, la persona puede mostrarse irritable o dominante, mientras que en la fase depresiva puede aislarse por completo. Esto genera desgaste en quienes la rodean y, en muchos casos, lleva a rupturas de pareja, distanciamiento familiar y p\u00e9rdida de amistades.<\/p>\n\n\n\n<h4 class=\"wp-block-heading has-medium-font-size\"><strong>Estigma y discriminaci\u00f3n<\/strong><\/h4>\n\n\n\n<p>Una de las mayores dificultades para una persona con bipolaridad no solo son los s\u00edntomas, sino el <strong>estigma social<\/strong>. Muchos creen que se trata de alguien \u201cinestable\u201d o \u201cincapaz\u201d, lo que incrementa la sensaci\u00f3n de soledad y limita las oportunidades de inclusi\u00f3n social.<\/p>\n\n\n\n<h3 class=\"wp-block-heading has-large-font-size\"><strong>Consecuencias de la bipolaridad en las personas en el \u00e1mbito laboral y acad\u00e9mico<\/strong><\/h3>\n\n\n\n<p>La bipolaridad puede interrumpir los estudios o la vida profesional. La <strong>falta de concentraci\u00f3n<\/strong> en la depresi\u00f3n, junto con la impulsividad de la man\u00eda, afectan el rendimiento y generan una percepci\u00f3n de poca fiabilidad. Esto puede llevar a desempleo, deserci\u00f3n escolar o cambios frecuentes de actividad.<\/p>\n\n\n\n<h4 class=\"wp-block-heading has-medium-font-size\"><strong>Estrategias de apoyo<\/strong><\/h4>\n\n\n\n<p>Con programas de <strong>adaptaci\u00f3n laboral y educativa<\/strong>, as\u00ed como con apoyo psicoterap\u00e9utico, muchas personas con bipolaridad logran mantener un desempe\u00f1o funcional. Lo fundamental es contar con entornos que comprendan la naturaleza del trastorno y ofrezcan flexibilidad.<\/p>\n\n\n\n<h3 class=\"wp-block-heading has-large-font-size\"><strong>Consecuencias emocionales<\/strong><\/h3>\n\n\n\n<p>M\u00e1s all\u00e1 de lo visible, la bipolaridad afecta la autoestima y la forma en que la persona se percibe a s\u00ed misma. Los sentimientos de culpa despu\u00e9s de una crisis, el miedo a ser juzgado y la frustraci\u00f3n de no poder controlar los cambios de \u00e1nimo pueden llevar a <strong>ansiedad, depresi\u00f3n secundaria e incluso ideaci\u00f3n suicida<\/strong>.<\/p>\n\n\n\n<h3 class=\"wp-block-heading has-large-font-size\"><strong>Una vida marcada, pero no definida<\/strong><\/h3>\n\n\n\n<p>El impacto de la bipolaridad es grande, pero no significa que la vida est\u00e9 condenada al caos. Con tratamiento adecuado y una red de apoyo, muchas personas logran estabilizarse, retomar proyectos y llevar una vida plena. La clave est\u00e1 en <strong>entender que la bipolaridad no define a la persona, sino que es una parte de su experiencia que puede ser manejada con ayuda profesional<\/strong>.<\/p>\n\n\n\n<h2 class=\"wp-block-heading\">Origen y factores de riesgo de la bipolaridad en las personas<\/h2>\n\n\n\n<p>La <strong>bipolaridad en las personas<\/strong> no tiene una \u00fanica causa. Se trata de un trastorno complejo en el que confluyen elementos biol\u00f3gicos, gen\u00e9ticos y ambientales. Comprender estos factores es fundamental no solo para entender por qu\u00e9 aparece, sino tambi\u00e9n para prevenir, detectar y tratar de forma temprana este trastorno.<\/p>\n\n\n\n<h3 class=\"wp-block-heading has-large-font-size\"><strong>Factores gen\u00e9ticos<\/strong><\/h3>\n\n\n\n<p>La gen\u00e9tica tiene un papel importante en la bipolaridad. Estudios cient\u00edficos han demostrado que el riesgo aumenta cuando existen antecedentes familiares:<\/p>\n\n\n\n<ul>\n<li>Si uno de los padres tiene trastorno bipolar, el riesgo de que un hijo lo desarrolle es de entre un <strong>10% y un 15%<\/strong>.<\/li>\n\n\n\n<li>Si ambos padres lo padecen, el riesgo puede elevarse hasta un <strong>40%<\/strong>.<\/li>\n\n\n\n<li>Los gemelos id\u00e9nticos muestran una tasa de concordancia cercana al <strong>70%<\/strong>, lo que indica que los genes son un factor clave, aunque no determinante.<\/li>\n<\/ul>\n\n\n\n<p>Esto significa que <strong>la bipolaridad es hereditaria en parte<\/strong>, pero no est\u00e1 escrita en el destino: no todas las personas con predisposici\u00f3n gen\u00e9tica la desarrollar\u00e1n.<\/p>\n\n\n\n<h3 class=\"wp-block-heading has-large-font-size\"><strong>Alteraciones cerebrales y neuroqu\u00edmicas<\/strong><\/h3>\n\n\n\n<p>Los estudios de neurociencia han revelado diferencias en la estructura y el funcionamiento cerebral de quienes tienen bipolaridad. Entre ellas:<\/p>\n\n\n\n<ul>\n<li><strong>Desequilibrios en neurotransmisores<\/strong> como la dopamina, serotonina y noradrenalina, que regulan el \u00e1nimo y la energ\u00eda.<\/li>\n\n\n\n<li>Alteraciones en regiones cerebrales como la <strong>am\u00edgdala<\/strong> y la <strong>corteza prefrontal<\/strong>, encargadas de procesar las emociones y tomar decisiones.<\/li>\n\n\n\n<li>Cambios en la <strong>conectividad neuronal<\/strong>, que dificultan la regulaci\u00f3n del estado de \u00e1nimo.<\/li>\n<\/ul>\n\n\n\n<p>Estos hallazgos refuerzan que la bipolaridad no es cuesti\u00f3n de \u201ccar\u00e1cter\u201d ni de \u201cfalta de voluntad\u201d, sino una condici\u00f3n con bases biol\u00f3gicas.<\/p>\n\n\n\n<h3 class=\"wp-block-heading has-large-font-size\"><strong>Factores ambientales<\/strong><\/h3>\n\n\n\n<p>El ambiente en el que la persona vive tambi\u00e9n influye en el inicio y la evoluci\u00f3n de la bipolaridad. Algunos factores de riesgo identificados son:<\/p>\n\n\n\n<ul>\n<li><strong>Estr\u00e9s cr\u00f3nico<\/strong> en la infancia o en la vida adulta.<\/li>\n\n\n\n<li><strong>Eventos traum\u00e1ticos<\/strong>, como violencia, abuso o p\u00e9rdidas significativas.<\/li>\n\n\n\n<li><strong>Consumo de sustancias psicoactivas<\/strong>, en especial alcohol y cannabis, que pueden desencadenar o empeorar los episodios.<\/li>\n\n\n\n<li><strong>Alteraciones en los ritmos circadianos<\/strong>, como cambios bruscos en los horarios de sue\u00f1o o trabajo nocturno.<\/li>\n<\/ul>\n\n\n\n<h3 class=\"wp-block-heading has-large-font-size\"><strong>Modelo de vulnerabilidad y estr\u00e9s<\/strong><\/h3>\n\n\n\n<p>La explicaci\u00f3n m\u00e1s aceptada sobre el origen del trastorno es el <strong>modelo de vulnerabilidad-estr\u00e9s<\/strong>. Seg\u00fan este, una persona puede tener una predisposici\u00f3n gen\u00e9tica o biol\u00f3gica (la vulnerabilidad), pero los episodios aparecen cuando se suman factores de estr\u00e9s ambiental.<\/p>\n\n\n\n<p>Este modelo ayuda a entender por qu\u00e9 dos personas con la misma predisposici\u00f3n gen\u00e9tica pueden tener destinos diferentes: una desarrolla bipolaridad y otra no.<\/p>\n\n\n\n<h3 class=\"wp-block-heading has-large-font-size\"><strong>Una visi\u00f3n integradora en la bipolaridad en las personas<\/strong><\/h3>\n\n\n\n<p>La <strong>bipolaridad en las personas<\/strong> surge de la interacci\u00f3n entre lo que heredamos y lo que vivimos. No es solo biolog\u00eda, ni solo ambiente, sino un cruce complejo de ambos. Esta visi\u00f3n integradora permite no caer en explicaciones simplistas y, sobre todo, invita a pensar en soluciones: si no podemos cambiar los genes, s\u00ed podemos trabajar en la prevenci\u00f3n, el manejo del estr\u00e9s y el acceso temprano al tratamiento.<\/p>\n\n\n\n<h2 class=\"wp-block-heading has-x-large-font-size\"><strong>Tratamiento y manejo de la bipolaridad en las personas<\/strong><\/h2>\n\n\n\n<p>La <strong>bipolaridad en las personas<\/strong> es un trastorno cr\u00f3nico, pero tratable. El objetivo del tratamiento no es eliminar completamente los cambios de \u00e1nimo \u2014algo que no es posible\u2014, sino <strong>reducir la intensidad de los episodios, prevenir reca\u00eddas y ayudar a la persona a mantener una vida funcional y estable<\/strong>. El abordaje m\u00e1s efectivo es siempre integral: combina medicamentos, psicoterapia, educaci\u00f3n y apoyo social.<\/p>\n\n\n\n<h3 class=\"wp-block-heading has-large-font-size\"><strong>Tratamiento farmacol\u00f3gico<\/strong><\/h3>\n\n\n\n<p>Los medicamentos son el pilar principal para estabilizar el \u00e1nimo.<\/p>\n\n\n\n<h4 class=\"wp-block-heading has-medium-font-size\"><strong>Estabilizadores del \u00e1nimo<\/strong><\/h4>\n\n\n\n<ul>\n<li><strong>Litio<\/strong>: es el f\u00e1rmaco cl\u00e1sico y uno de los m\u00e1s eficaces para prevenir tanto man\u00eda como depresi\u00f3n.<\/li>\n\n\n\n<li><strong>Antiepil\u00e9pticos<\/strong> como valproato o lamotrigina: se utilizan como alternativas o en combinaci\u00f3n con litio.<\/li>\n<\/ul>\n\n\n\n<h4 class=\"wp-block-heading has-medium-font-size\"><strong>Antipsic\u00f3ticos<\/strong><\/h4>\n\n\n\n<ul>\n<li>F\u00e1rmacos como quetiapina, olanzapina o aripiprazol ayudan a controlar los episodios man\u00edacos y, en algunos casos, tambi\u00e9n los depresivos.<\/li>\n<\/ul>\n\n\n\n<h4 class=\"wp-block-heading has-medium-font-size\"><strong>Antidepresivos<\/strong><\/h4>\n\n\n\n<ul>\n<li>Se usan con precauci\u00f3n, ya que pueden desencadenar man\u00eda si no se combinan con estabilizadores del \u00e1nimo.<\/li>\n<\/ul>\n\n\n\n<p>El seguimiento m\u00e9dico es imprescindible, porque cada persona responde de manera distinta a la medicaci\u00f3n y los ajustes deben ser individualizados.<\/p>\n\n\n\n<h3 class=\"wp-block-heading has-large-font-size\"><strong>Psicoterapia en la bipolaridad en las personas<\/strong><\/h3>\n\n\n\n<p>La terapia psicol\u00f3gica complementa el efecto de la medicaci\u00f3n al ofrecer herramientas para manejar los cambios emocionales y los factores de estr\u00e9s.<\/p>\n\n\n\n<h4 class=\"wp-block-heading has-medium-font-size\"><strong>Terapia cognitivo-conductual (TCC)<\/strong><\/h4>\n\n\n\n<p>Ayuda a identificar pensamientos negativos, manejar el estr\u00e9s y desarrollar rutinas m\u00e1s saludables.<\/p>\n\n\n\n<h4 class=\"wp-block-heading has-medium-font-size\"><strong>Terapia interpersonal y del ritmo social<\/strong><\/h4>\n\n\n\n<p>Se centra en regular los <strong>ritmos biol\u00f3gicos<\/strong>, especialmente el sue\u00f1o y las rutinas diarias, que son muy sensibles en la bipolaridad.<\/p>\n\n\n\n<h4 class=\"wp-block-heading has-medium-font-size\"><strong>Psicoeducaci\u00f3n<\/strong><\/h4>\n\n\n\n<p>Tanto para la persona como para su familia, conocer los s\u00edntomas, las se\u00f1ales de reca\u00edda y la importancia de la adherencia al tratamiento es clave para prevenir crisis.<\/p>\n\n\n\n<h3 class=\"wp-block-heading has-large-font-size\"><strong>Apoyo social y rehabilitaci\u00f3n en la bipolaridad en las personas<\/strong><\/h3>\n\n\n\n<p>Vivir con bipolaridad no depende solo de lo cl\u00ednico, tambi\u00e9n del contexto.<\/p>\n\n\n\n<ul>\n<li><strong>Redes de apoyo<\/strong>: familiares y amigos que entienden la condici\u00f3n ayudan a sostener la estabilidad.<\/li>\n\n\n\n<li><strong>Rehabilitaci\u00f3n psicosocial<\/strong>: programas que apoyan la reinserci\u00f3n laboral y educativa.<\/li>\n\n\n\n<li><strong>Grupos de apoyo<\/strong>: compartir experiencias con otras personas con el mismo diagn\u00f3stico ayuda a reducir el estigma y el aislamiento.<\/li>\n<\/ul>\n\n\n\n<h3 class=\"wp-block-heading has-large-font-size\"><strong>Estilo de vida y autocuidado<\/strong><\/h3>\n\n\n\n<p>El tratamiento se refuerza con cambios en el estilo de vida: mantener horarios de sue\u00f1o regulares, evitar alcohol y drogas, practicar ejercicio moderado y manejar el estr\u00e9s. Estos h\u00e1bitos no sustituyen la medicaci\u00f3n, pero s\u00ed potencian sus efectos.<\/p>\n\n\n\n<h3 class=\"wp-block-heading has-large-font-size\"><strong>Un manejo a largo plazo<\/strong><\/h3>\n\n\n\n<p>El tratamiento de la bipolaridad es <strong>de por vida<\/strong>. Interrumpir la medicaci\u00f3n o dejar la terapia aumenta significativamente el riesgo de reca\u00eddas. Con un plan bien estructurado y una red de apoyo s\u00f3lida, muchas personas logran mantener a\u00f1os de estabilidad, lo que demuestra que vivir con bipolaridad no significa renunciar a una vida plena y con proyectos.<\/p>\n\n\n\n<h2 class=\"wp-block-heading has-x-large-font-size\"><strong>Una mirada esperanzadora hacia la bipolaridad en las personas<\/strong><\/h2>\n\n\n\n<p>Vivir con <strong>bipolaridad<\/strong> puede ser un desaf\u00edo, pero no es una sentencia que condene a la inestabilidad permanente. Gracias a los avances en investigaci\u00f3n y a la disponibilidad de tratamientos eficaces, hoy sabemos que una <strong>persona con trastorno bipolar puede alcanzar estabilidad, retomar sus proyectos y llevar una vida significativa<\/strong>.<\/p>\n\n\n\n<h3 class=\"wp-block-heading has-large-font-size\"><strong>La importancia del diagn\u00f3stico temprano<\/strong><\/h3>\n\n\n\n<p>Detectar la bipolaridad en sus primeras etapas permite actuar antes de que los episodios se repitan y generen un deterioro mayor en la vida personal, laboral o social. Cuando el tratamiento se inicia pronto, los resultados son m\u00e1s positivos y las reca\u00eddas se reducen significativamente.<\/p>\n\n\n\n<h3 class=\"wp-block-heading has-large-font-size\"><strong>Recuperar proyectos de vida<\/strong><\/h3>\n\n\n\n<p>Con la combinaci\u00f3n adecuada de medicamentos, psicoterapia y apoyo social, muchas personas con bipolaridad logran:<\/p>\n\n\n\n<ul>\n<li>Continuar sus estudios o formarse profesionalmente.<\/li>\n\n\n\n<li>Mantener empleos estables y satisfactorios.<\/li>\n\n\n\n<li>Construir relaciones familiares y de pareja s\u00f3lidas.<\/li>\n\n\n\n<li>Desarrollar actividades creativas o art\u00edsticas, aprovechando su energ\u00eda en momentos de estabilidad.<\/li>\n<\/ul>\n\n\n\n<h3 class=\"wp-block-heading has-large-font-size\"><strong>El rol de la familia y la sociedad<\/strong><\/h3>\n\n\n\n<p>El acompa\u00f1amiento familiar y la comprensi\u00f3n social son piezas fundamentales. Una persona con bipolaridad no necesita juicios ni etiquetas, sino apoyo constante, paciencia y un entorno que favorezca la adherencia al tratamiento. Reducir el estigma es tan importante como la medicaci\u00f3n o la terapia, porque permite que la persona se sienta aceptada y valorada.<\/p>\n\n\n\n<h3 class=\"wp-block-heading has-large-font-size\"><strong>Vivir m\u00e1s all\u00e1 del diagn\u00f3stico de bipolaridad en las personas<\/strong><\/h3>\n\n\n\n<p>La bipolaridad es parte de la vida de quien la padece, pero <strong>no define su identidad<\/strong>. Muchas personas diagnosticadas con este trastorno son tambi\u00e9n padres, madres, profesionales, artistas, l\u00edderes comunitarios o amigos leales. Reconocer esto ayuda a recordar que detr\u00e1s del diagn\u00f3stico hay siempre un ser humano con capacidades, talentos y sue\u00f1os.<\/p>\n\n\n\n<h3 class=\"wp-block-heading has-medium-font-size\"><strong>Un mensaje de esperanza<\/strong><\/h3>\n\n\n\n<p>Aunque la bipolaridad en las personas sea un trastorno cr\u00f3nico, los tratamientos actuales permiten que la mayor\u00eda logre una vida equilibrada. No se trata de negar las dificultades, sino de afirmar que con apoyo adecuado, constancia y acompa\u00f1amiento, es posible construir un futuro en el que la bipolaridad no sea una barrera, sino una condici\u00f3n que se aprende a manejar.<\/p>\n","protected":false},"excerpt":{"rendered":"<p>La bipolaridad en las personas, tambi\u00e9n conocida como trastorno bipolar, es una condici\u00f3n de salud mental caracterizada por cambios de \u00e1nimo extremos que van desde la euforia intensa hasta la depresi\u00f3n profunda. Estos episodios no son simples altibajos emocionales, sino alteraciones que afectan la energ\u00eda, el pensamiento, el comportamiento y la capacidad de relacionarse con [&hellip;]<\/p>\n","protected":false},"author":2,"featured_media":555,"comment_status":"closed","ping_status":"closed","sticky":false,"template":"","format":"standard","meta":{"footnotes":""},"categories":[114,275],"tags":[],"yoast_head":"<!-- This site is optimized with the Yoast SEO plugin v23.0 - https:\/\/yoast.com\/wordpress\/plugins\/seo\/ -->\n<title>Bipolaridad en las personas: s\u00edntomas, causas y tratamiento<\/title>\n<meta name=\"description\" content=\"Conoce qu\u00e9 es la bipolaridad en las personas, c\u00f3mo se manifiestan sus s\u00edntomas, qu\u00e9 la causa y qu\u00e9 tratamientos existen.\" \/>\n<meta name=\"robots\" content=\"index, follow, max-snippet:-1, max-image-preview:large, max-video-preview:-1\" \/>\n<link rel=\"canonical\" href=\"https:\/\/fonasa.mindy.cl\/blog\/bipolaridad-en-las-personas\/\" \/>\n<meta property=\"og:locale\" content=\"es_ES\" \/>\n<meta property=\"og:type\" content=\"article\" \/>\n<meta property=\"og:title\" content=\"Bipolaridad en las personas: s\u00edntomas, causas y tratamiento\" \/>\n<meta property=\"og:description\" content=\"Conoce qu\u00e9 es la bipolaridad en las personas, c\u00f3mo se manifiestan sus s\u00edntomas, qu\u00e9 la causa y qu\u00e9 tratamientos existen.\" \/>\n<meta property=\"og:url\" content=\"https:\/\/fonasa.mindy.cl\/blog\/bipolaridad-en-las-personas\/\" \/>\n<meta property=\"og:site_name\" content=\"Mindy Fonasa Blog\" \/>\n<meta property=\"article:published_time\" content=\"2025-09-04T00:47:53+00:00\" \/>\n<meta property=\"article:modified_time\" content=\"2026-03-23T16:25:27+00:00\" \/>\n<meta property=\"og:image\" content=\"https:\/\/fonasa.mindy.cl\/blog\/wp-content\/uploads\/2025\/09\/Como-se-comporta-una-persona-con-trastorno-bipolar.jpg\" \/>\n\t<meta property=\"og:image:width\" content=\"816\" \/>\n\t<meta property=\"og:image:height\" content=\"460\" \/>\n\t<meta property=\"og:image:type\" content=\"image\/jpeg\" \/>\n<meta name=\"author\" content=\"reinaldo@mindy.cl\" \/>\n<meta name=\"twitter:card\" content=\"summary_large_image\" \/>\n<meta name=\"twitter:label1\" content=\"Written by\" \/>\n\t<meta name=\"twitter:data1\" content=\"reinaldo@mindy.cl\" \/>\n\t<meta name=\"twitter:label2\" content=\"Est. reading time\" \/>\n\t<meta name=\"twitter:data2\" content=\"14 minutos\" \/>\n<script type=\"application\/ld+json\" class=\"yoast-schema-graph\">{\"@context\":\"https:\/\/schema.org\",\"@graph\":[{\"@type\":\"Article\",\"@id\":\"https:\/\/fonasa.mindy.cl\/blog\/bipolaridad-en-las-personas\/#article\",\"isPartOf\":{\"@id\":\"https:\/\/fonasa.mindy.cl\/blog\/bipolaridad-en-las-personas\/\"},\"author\":{\"name\":\"reinaldo@mindy.cl\",\"@id\":\"https:\/\/fonasa.mindy.cl\/blog\/#\/schema\/person\/6b2fdf85e03858572a636b7b9ce17d81\"},\"headline\":\"Bipolaridad en las personas: s\u00edntomas, causas y tratamiento\",\"datePublished\":\"2025-09-04T00:47:53+00:00\",\"dateModified\":\"2026-03-23T16:25:27+00:00\",\"mainEntityOfPage\":{\"@id\":\"https:\/\/fonasa.mindy.cl\/blog\/bipolaridad-en-las-personas\/\"},\"wordCount\":3207,\"publisher\":{\"@id\":\"https:\/\/fonasa.mindy.cl\/blog\/#organization\"},\"image\":{\"@id\":\"https:\/\/fonasa.mindy.cl\/blog\/bipolaridad-en-las-personas\/#primaryimage\"},\"thumbnailUrl\":\"https:\/\/fonasa.mindy.cl\/blog\/wp-content\/uploads\/2025\/09\/Como-se-comporta-una-persona-con-trastorno-bipolar.jpg\",\"articleSection\":[\"Psic\u00f3logos Fonasa\",\"Trastornos\"],\"inLanguage\":\"es-CL\"},{\"@type\":\"WebPage\",\"@id\":\"https:\/\/fonasa.mindy.cl\/blog\/bipolaridad-en-las-personas\/\",\"url\":\"https:\/\/fonasa.mindy.cl\/blog\/bipolaridad-en-las-personas\/\",\"name\":\"Bipolaridad en las personas: s\u00edntomas, causas y tratamiento\",\"isPartOf\":{\"@id\":\"https:\/\/fonasa.mindy.cl\/blog\/#website\"},\"primaryImageOfPage\":{\"@id\":\"https:\/\/fonasa.mindy.cl\/blog\/bipolaridad-en-las-personas\/#primaryimage\"},\"image\":{\"@id\":\"https:\/\/fonasa.mindy.cl\/blog\/bipolaridad-en-las-personas\/#primaryimage\"},\"thumbnailUrl\":\"https:\/\/fonasa.mindy.cl\/blog\/wp-content\/uploads\/2025\/09\/Como-se-comporta-una-persona-con-trastorno-bipolar.jpg\",\"datePublished\":\"2025-09-04T00:47:53+00:00\",\"dateModified\":\"2026-03-23T16:25:27+00:00\",\"description\":\"Conoce qu\u00e9 es la bipolaridad en las personas, c\u00f3mo se manifiestan sus s\u00edntomas, qu\u00e9 la causa y qu\u00e9 tratamientos existen.\",\"breadcrumb\":{\"@id\":\"https:\/\/fonasa.mindy.cl\/blog\/bipolaridad-en-las-personas\/#breadcrumb\"},\"inLanguage\":\"es-CL\",\"potentialAction\":[{\"@type\":\"ReadAction\",\"target\":[\"https:\/\/fonasa.mindy.cl\/blog\/bipolaridad-en-las-personas\/\"]}]},{\"@type\":\"ImageObject\",\"inLanguage\":\"es-CL\",\"@id\":\"https:\/\/fonasa.mindy.cl\/blog\/bipolaridad-en-las-personas\/#primaryimage\",\"url\":\"https:\/\/fonasa.mindy.cl\/blog\/wp-content\/uploads\/2025\/09\/Como-se-comporta-una-persona-con-trastorno-bipolar.jpg\",\"contentUrl\":\"https:\/\/fonasa.mindy.cl\/blog\/wp-content\/uploads\/2025\/09\/Como-se-comporta-una-persona-con-trastorno-bipolar.jpg\",\"width\":816,\"height\":460,\"caption\":\"Bipolaridad en las personas\"},{\"@type\":\"BreadcrumbList\",\"@id\":\"https:\/\/fonasa.mindy.cl\/blog\/bipolaridad-en-las-personas\/#breadcrumb\",\"itemListElement\":[{\"@type\":\"ListItem\",\"position\":1,\"name\":\"Home\",\"item\":\"https:\/\/fonasa.mindy.cl\/blog\/\"},{\"@type\":\"ListItem\",\"position\":2,\"name\":\"Bipolaridad en las personas: s\u00edntomas, causas y tratamiento\"}]},{\"@type\":\"WebSite\",\"@id\":\"https:\/\/fonasa.mindy.cl\/blog\/#website\",\"url\":\"https:\/\/fonasa.mindy.cl\/blog\/\",\"name\":\"Mindy Fonasa Blog\",\"description\":\"Un blog de salud mental\",\"publisher\":{\"@id\":\"https:\/\/fonasa.mindy.cl\/blog\/#organization\"},\"potentialAction\":[{\"@type\":\"SearchAction\",\"target\":{\"@type\":\"EntryPoint\",\"urlTemplate\":\"https:\/\/fonasa.mindy.cl\/blog\/?s={search_term_string}\"},\"query-input\":\"required name=search_term_string\"}],\"inLanguage\":\"es-CL\"},{\"@type\":\"Organization\",\"@id\":\"https:\/\/fonasa.mindy.cl\/blog\/#organization\",\"name\":\"Mindy Fonasa Blog\",\"url\":\"https:\/\/fonasa.mindy.cl\/blog\/\",\"logo\":{\"@type\":\"ImageObject\",\"inLanguage\":\"es-CL\",\"@id\":\"https:\/\/fonasa.mindy.cl\/blog\/#\/schema\/logo\/image\/\",\"url\":\"https:\/\/fonasa.mindy.cl\/blog\/wp-content\/uploads\/2024\/07\/logo_cuadrado.png\",\"contentUrl\":\"https:\/\/fonasa.mindy.cl\/blog\/wp-content\/uploads\/2024\/07\/logo_cuadrado.png\",\"width\":300,\"height\":300,\"caption\":\"Mindy Fonasa Blog\"},\"image\":{\"@id\":\"https:\/\/fonasa.mindy.cl\/blog\/#\/schema\/logo\/image\/\"}},{\"@type\":\"Person\",\"@id\":\"https:\/\/fonasa.mindy.cl\/blog\/#\/schema\/person\/6b2fdf85e03858572a636b7b9ce17d81\",\"name\":\"reinaldo@mindy.cl\",\"url\":\"https:\/\/fonasa.mindy.cl\/blog\/author\/reinaldomindy-cl\/\"}]}<\/script>\n<!-- \/ Yoast SEO plugin. -->","yoast_head_json":{"title":"Bipolaridad en las personas: s\u00edntomas, causas y tratamiento","description":"Conoce qu\u00e9 es la bipolaridad en las personas, c\u00f3mo se manifiestan sus s\u00edntomas, qu\u00e9 la causa y qu\u00e9 tratamientos existen.","robots":{"index":"index","follow":"follow","max-snippet":"max-snippet:-1","max-image-preview":"max-image-preview:large","max-video-preview":"max-video-preview:-1"},"canonical":"https:\/\/fonasa.mindy.cl\/blog\/bipolaridad-en-las-personas\/","og_locale":"es_ES","og_type":"article","og_title":"Bipolaridad en las personas: s\u00edntomas, causas y tratamiento","og_description":"Conoce qu\u00e9 es la bipolaridad en las personas, c\u00f3mo se manifiestan sus s\u00edntomas, qu\u00e9 la causa y qu\u00e9 tratamientos existen.","og_url":"https:\/\/fonasa.mindy.cl\/blog\/bipolaridad-en-las-personas\/","og_site_name":"Mindy Fonasa Blog","article_published_time":"2025-09-04T00:47:53+00:00","article_modified_time":"2026-03-23T16:25:27+00:00","og_image":[{"width":816,"height":460,"url":"https:\/\/fonasa.mindy.cl\/blog\/wp-content\/uploads\/2025\/09\/Como-se-comporta-una-persona-con-trastorno-bipolar.jpg","type":"image\/jpeg"}],"author":"reinaldo@mindy.cl","twitter_card":"summary_large_image","twitter_misc":{"Written by":"reinaldo@mindy.cl","Est. reading time":"14 minutos"},"schema":{"@context":"https:\/\/schema.org","@graph":[{"@type":"Article","@id":"https:\/\/fonasa.mindy.cl\/blog\/bipolaridad-en-las-personas\/#article","isPartOf":{"@id":"https:\/\/fonasa.mindy.cl\/blog\/bipolaridad-en-las-personas\/"},"author":{"name":"reinaldo@mindy.cl","@id":"https:\/\/fonasa.mindy.cl\/blog\/#\/schema\/person\/6b2fdf85e03858572a636b7b9ce17d81"},"headline":"Bipolaridad en las personas: s\u00edntomas, causas y tratamiento","datePublished":"2025-09-04T00:47:53+00:00","dateModified":"2026-03-23T16:25:27+00:00","mainEntityOfPage":{"@id":"https:\/\/fonasa.mindy.cl\/blog\/bipolaridad-en-las-personas\/"},"wordCount":3207,"publisher":{"@id":"https:\/\/fonasa.mindy.cl\/blog\/#organization"},"image":{"@id":"https:\/\/fonasa.mindy.cl\/blog\/bipolaridad-en-las-personas\/#primaryimage"},"thumbnailUrl":"https:\/\/fonasa.mindy.cl\/blog\/wp-content\/uploads\/2025\/09\/Como-se-comporta-una-persona-con-trastorno-bipolar.jpg","articleSection":["Psic\u00f3logos Fonasa","Trastornos"],"inLanguage":"es-CL"},{"@type":"WebPage","@id":"https:\/\/fonasa.mindy.cl\/blog\/bipolaridad-en-las-personas\/","url":"https:\/\/fonasa.mindy.cl\/blog\/bipolaridad-en-las-personas\/","name":"Bipolaridad en las personas: s\u00edntomas, causas y tratamiento","isPartOf":{"@id":"https:\/\/fonasa.mindy.cl\/blog\/#website"},"primaryImageOfPage":{"@id":"https:\/\/fonasa.mindy.cl\/blog\/bipolaridad-en-las-personas\/#primaryimage"},"image":{"@id":"https:\/\/fonasa.mindy.cl\/blog\/bipolaridad-en-las-personas\/#primaryimage"},"thumbnailUrl":"https:\/\/fonasa.mindy.cl\/blog\/wp-content\/uploads\/2025\/09\/Como-se-comporta-una-persona-con-trastorno-bipolar.jpg","datePublished":"2025-09-04T00:47:53+00:00","dateModified":"2026-03-23T16:25:27+00:00","description":"Conoce qu\u00e9 es la bipolaridad en las personas, c\u00f3mo se manifiestan sus s\u00edntomas, qu\u00e9 la causa y qu\u00e9 tratamientos existen.","breadcrumb":{"@id":"https:\/\/fonasa.mindy.cl\/blog\/bipolaridad-en-las-personas\/#breadcrumb"},"inLanguage":"es-CL","potentialAction":[{"@type":"ReadAction","target":["https:\/\/fonasa.mindy.cl\/blog\/bipolaridad-en-las-personas\/"]}]},{"@type":"ImageObject","inLanguage":"es-CL","@id":"https:\/\/fonasa.mindy.cl\/blog\/bipolaridad-en-las-personas\/#primaryimage","url":"https:\/\/fonasa.mindy.cl\/blog\/wp-content\/uploads\/2025\/09\/Como-se-comporta-una-persona-con-trastorno-bipolar.jpg","contentUrl":"https:\/\/fonasa.mindy.cl\/blog\/wp-content\/uploads\/2025\/09\/Como-se-comporta-una-persona-con-trastorno-bipolar.jpg","width":816,"height":460,"caption":"Bipolaridad en las personas"},{"@type":"BreadcrumbList","@id":"https:\/\/fonasa.mindy.cl\/blog\/bipolaridad-en-las-personas\/#breadcrumb","itemListElement":[{"@type":"ListItem","position":1,"name":"Home","item":"https:\/\/fonasa.mindy.cl\/blog\/"},{"@type":"ListItem","position":2,"name":"Bipolaridad en las personas: s\u00edntomas, causas y tratamiento"}]},{"@type":"WebSite","@id":"https:\/\/fonasa.mindy.cl\/blog\/#website","url":"https:\/\/fonasa.mindy.cl\/blog\/","name":"Mindy Fonasa Blog","description":"Un blog de salud mental","publisher":{"@id":"https:\/\/fonasa.mindy.cl\/blog\/#organization"},"potentialAction":[{"@type":"SearchAction","target":{"@type":"EntryPoint","urlTemplate":"https:\/\/fonasa.mindy.cl\/blog\/?s={search_term_string}"},"query-input":"required name=search_term_string"}],"inLanguage":"es-CL"},{"@type":"Organization","@id":"https:\/\/fonasa.mindy.cl\/blog\/#organization","name":"Mindy Fonasa Blog","url":"https:\/\/fonasa.mindy.cl\/blog\/","logo":{"@type":"ImageObject","inLanguage":"es-CL","@id":"https:\/\/fonasa.mindy.cl\/blog\/#\/schema\/logo\/image\/","url":"https:\/\/fonasa.mindy.cl\/blog\/wp-content\/uploads\/2024\/07\/logo_cuadrado.png","contentUrl":"https:\/\/fonasa.mindy.cl\/blog\/wp-content\/uploads\/2024\/07\/logo_cuadrado.png","width":300,"height":300,"caption":"Mindy Fonasa Blog"},"image":{"@id":"https:\/\/fonasa.mindy.cl\/blog\/#\/schema\/logo\/image\/"}},{"@type":"Person","@id":"https:\/\/fonasa.mindy.cl\/blog\/#\/schema\/person\/6b2fdf85e03858572a636b7b9ce17d81","name":"reinaldo@mindy.cl","url":"https:\/\/fonasa.mindy.cl\/blog\/author\/reinaldomindy-cl\/"}]}},"_links":{"self":[{"href":"https:\/\/fonasa.mindy.cl\/blog\/wp-json\/wp\/v2\/posts\/554"}],"collection":[{"href":"https:\/\/fonasa.mindy.cl\/blog\/wp-json\/wp\/v2\/posts"}],"about":[{"href":"https:\/\/fonasa.mindy.cl\/blog\/wp-json\/wp\/v2\/types\/post"}],"author":[{"embeddable":true,"href":"https:\/\/fonasa.mindy.cl\/blog\/wp-json\/wp\/v2\/users\/2"}],"replies":[{"embeddable":true,"href":"https:\/\/fonasa.mindy.cl\/blog\/wp-json\/wp\/v2\/comments?post=554"}],"version-history":[{"count":9,"href":"https:\/\/fonasa.mindy.cl\/blog\/wp-json\/wp\/v2\/posts\/554\/revisions"}],"predecessor-version":[{"id":1549,"href":"https:\/\/fonasa.mindy.cl\/blog\/wp-json\/wp\/v2\/posts\/554\/revisions\/1549"}],"wp:featuredmedia":[{"embeddable":true,"href":"https:\/\/fonasa.mindy.cl\/blog\/wp-json\/wp\/v2\/media\/555"}],"wp:attachment":[{"href":"https:\/\/fonasa.mindy.cl\/blog\/wp-json\/wp\/v2\/media?parent=554"}],"wp:term":[{"taxonomy":"category","embeddable":true,"href":"https:\/\/fonasa.mindy.cl\/blog\/wp-json\/wp\/v2\/categories?post=554"},{"taxonomy":"post_tag","embeddable":true,"href":"https:\/\/fonasa.mindy.cl\/blog\/wp-json\/wp\/v2\/tags?post=554"}],"curies":[{"name":"wp","href":"https:\/\/api.w.org\/{rel}","templated":true}]}}