{"id":551,"date":"2025-09-03T20:23:09","date_gmt":"2025-09-04T00:23:09","guid":{"rendered":"https:\/\/fonasa.mindy.cl\/blog\/?p=551"},"modified":"2026-03-25T11:49:47","modified_gmt":"2026-03-25T14:49:47","slug":"persona-esquizofrenica","status":"publish","type":"post","link":"https:\/\/fonasa.mindy.cl\/blog\/persona-esquizofrenica\/","title":{"rendered":"\u00bfQu\u00e9 es una persona esquizofr\u00e9nica? S\u00edntomas, causas y tratamiento"},"content":{"rendered":"\n<p>Una <strong>persona esquizofr\u00e9nica<\/strong> es alguien que vive con un trastorno mental grave que afecta su capacidad para interpretar la realidad de manera adecuada. Esto puede incluir <strong>alucinaciones<\/strong>, como escuchar voces que no existen, <strong>delirios<\/strong> firmes e irreales, y <strong>pensamiento desorganizado<\/strong> que interfiere en la comunicaci\u00f3n y en la vida cotidiana.<\/p>\n\n\n\n<p>La esquizofrenia no solo altera la percepci\u00f3n del mundo, tambi\u00e9n impacta en las emociones, la motivaci\u00f3n y las relaciones sociales. Muchas personas con este diagn\u00f3stico enfrentan aislamiento, dificultades acad\u00e9micas o laborales y retos para mantener su autonom\u00eda. Sin embargo, con tratamiento m\u00e9dico, apoyo psicol\u00f3gico y acompa\u00f1amiento social, es posible mejorar significativamente la calidad de vida y recuperar proyectos personales.<\/p>\n\n\n\n<p>Este art\u00edculo responde de forma clara y detallada qu\u00e9 significa ser una persona esquizofr\u00e9nica, c\u00f3mo se manifiesta este trastorno, cu\u00e1les son sus causas y qu\u00e9 opciones de tratamiento existen hoy en d\u00eda.<\/p>\n\n\n\n<h2 class=\"wp-block-heading has-x-large-font-size\"><strong>\u00bfQu\u00e9 significa que alguien es una persona esquizofr\u00e9nica?<\/strong><\/h2>\n\n\n\n<p>Hablar de una <strong>persona esquizofr\u00e9nica<\/strong> no significa reducirla a un diagn\u00f3stico, sino comprender que convive con un trastorno mental grave y cr\u00f3nico: la <strong>esquizofrenia<\/strong>. Esta condici\u00f3n altera de manera profunda la forma en que la persona <strong>piensa, siente, percibe la realidad y se comporta<\/strong>, generando un impacto en todas las \u00e1reas de su vida.<\/p>\n\n\n\n<p>La esquizofrenia se considera una <strong>psicosis<\/strong>, es decir, un trastorno en el que existe una desconexi\u00f3n parcial o total con la realidad. Esto no implica que la persona viva permanentemente en un \u201cmundo irreal\u201d, sino que atraviesa episodios en los que las <strong>alucinaciones, delirios y el pensamiento desorganizado<\/strong> se imponen sobre la experiencia cotidiana. Siempre surge la pregunta si <strong><a href=\"https:\/\/fonasa.mindy.cl\/blog\/es-la-esquizofrenia-hereditaria\/\">es hereditaria la esquizofrenia<\/a><\/strong> y cuales son los <strong><a href=\"https:\/\/fonasa.mindy.cl\/blog\/sintomas-de-esquizofrenia\/\">s\u00edntomas de esquizofrenia<\/a><\/strong>.<\/p>\n\n\n\n<h3 class=\"wp-block-heading has-large-font-size\"><strong>Persona esquizofr\u00e9nica: Alteraciones en la percepci\u00f3n de la realidad<\/strong><\/h3>\n\n\n\n<p>El rasgo m\u00e1s visible en una persona esquizofr\u00e9nica es la <strong>dificultad para diferenciar lo real de lo imaginario<\/strong>. Esto se manifiesta en dos formas principales:<\/p>\n\n\n\n<h4 class=\"wp-block-heading has-medium-font-size\"><strong>Alucinaciones<\/strong><\/h4>\n\n\n\n<p>Son percepciones sensoriales sin base real. Las m\u00e1s comunes son las <strong>auditivas<\/strong>, como escuchar voces que comentan las acciones de la persona, la insultan o le dan \u00f3rdenes. Tambi\u00e9n pueden aparecer <strong><a href=\"https:\/\/fonasa.mindy.cl\/blog\/la-esquizofrenia-es-hereditaria\/\">alucinaciones visuales<\/a><\/strong>, olfativas o t\u00e1ctiles, aunque son menos frecuentes.<\/p>\n\n\n\n<p>Imagina lo desconcertante que puede resultar escuchar una voz constante que critica cada paso que das. Para quien vive con esquizofrenia, esa voz no es una imaginaci\u00f3n: <strong>se percibe como real<\/strong>.<\/p>\n\n\n\n<h4 class=\"wp-block-heading has-medium-font-size\"><strong>Delirios<\/strong><\/h4>\n\n\n\n<p>Los delirios son creencias firmes y err\u00f3neas, imposibles de modificar con argumentos l\u00f3gicos. En la esquizofrenia suelen ser de tipo <strong>persecutorio<\/strong> (\u201cme vigilan\u201d, \u201cquieren da\u00f1arme\u201d) o <strong>de grandeza<\/strong> (\u201ctengo poderes especiales\u201d, \u201csoy elegido para una misi\u00f3n\u201d). Estos pensamientos dominan la vida de la persona, condicionando su conducta y aumentando su desconfianza hacia los dem\u00e1s.<\/p>\n\n\n\n<h3 class=\"wp-block-heading has-large-font-size\"><strong>Cambios en el pensamiento y la conducta<\/strong><\/h3>\n\n\n\n<p>Una persona esquizofr\u00e9nica no solo experimenta alucinaciones o delirios. Tambi\u00e9n muestra <strong>alteraciones en el lenguaje, la conducta y las emociones<\/strong>, que hacen dif\u00edcil mantener una vida cotidiana organizada.<\/p>\n\n\n\n<h4 class=\"wp-block-heading has-medium-font-size\"><strong>Pensamiento y lenguaje desorganizados<\/strong><\/h4>\n\n\n\n<p>Las ideas pueden fluir sin conexi\u00f3n l\u00f3gica, lo que se refleja en un <strong>discurso confuso<\/strong> o en la incapacidad de sostener una conversaci\u00f3n coherente. Esto no es una falta de inter\u00e9s, sino una <strong>dificultad real para ordenar el pensamiento<\/strong>.<\/p>\n\n\n\n<h4 class=\"wp-block-heading has-medium-font-size\"><strong>S\u00edntomas negativos en la persona esquizofr\u00e9nica<\/strong><\/h4>\n\n\n\n<p>M\u00e1s all\u00e1 de los s\u00edntomas llamativos, existen otros m\u00e1s silenciosos pero igual de incapacitantes:<\/p>\n\n\n\n<ul>\n<li><strong>Afectividad plana<\/strong>: poca expresi\u00f3n de emociones, incluso en situaciones intensas.<\/li>\n\n\n\n<li><strong>Falta de motivaci\u00f3n<\/strong>: dificultad para iniciar tareas o mantener h\u00e1bitos b\u00e1sicos.<\/li>\n\n\n\n<li><strong>Retraimiento social<\/strong>: aislamiento progresivo y p\u00e9rdida de inter\u00e9s en las relaciones.<\/li>\n<\/ul>\n\n\n\n<p>Estos s\u00edntomas negativos suelen ser los m\u00e1s dif\u00edciles de tratar y los que m\u00e1s afectan la funcionalidad a largo plazo.<\/p>\n\n\n\n<h3 class=\"wp-block-heading has-large-font-size\"><strong>Una condici\u00f3n que requiere comprensi\u00f3n y apoyo<\/strong><\/h3>\n\n\n\n<p>Decir que alguien es una <strong>persona esquizofr\u00e9nica<\/strong> no debe usarse como un adjetivo despectivo, sino como un reconocimiento de que vive con un <strong>trastorno de salud mental complejo<\/strong>. Esta condici\u00f3n no define a la persona en su totalidad: detr\u00e1s del diagn\u00f3stico hay un ser humano con historia, emociones, talentos y sue\u00f1os.<\/p>\n\n\n\n<p>Reconocer esto es el primer paso para <strong>reducir el estigma<\/strong>, promover la empat\u00eda y entender que la esquizofrenia requiere atenci\u00f3n m\u00e9dica, psicol\u00f3gica y social para que la persona pueda construir una vida significativa y con mayor estabilidad.<\/p>\n\n\n\n<h2 class=\"wp-block-heading has-x-large-font-size\"><strong>\u00bfCu\u00e1les son los s\u00edntomas principales de una persona esquizofr\u00e9nica?<\/strong><\/h2>\n\n\n\n<figure class=\"wp-block-image alignwide size-full\"><img loading=\"lazy\" decoding=\"async\" width=\"1000\" height=\"667\" src=\"https:\/\/fonasa.mindy.cl\/blog\/wp-content\/uploads\/2025\/12\/2151235215-1.jpg\" alt=\"persona esquizofr\u00e9nica\" class=\"wp-image-1127\"\/><\/figure>\n\n\n\n<p>Los <strong><a href=\"https:\/\/fonasa.mindy.cl\/blog\/sintomas-de-esquizofrenia\/\">s\u00edntomas de esquizofrenia<\/a><\/strong> o de una <strong>persona esquizofr\u00e9nica<\/strong> son variados y pueden cambiar en intensidad a lo largo del tiempo. Algunos aparecen de manera repentina durante una crisis, mientras que otros permanecen de forma m\u00e1s constante y silenciosa. Para comprender realmente c\u00f3mo se manifiesta este trastorno, se suelen clasificar los s\u00edntomas en tres grandes grupos: <strong>positivos, negativos y cognitivos<\/strong>.<\/p>\n\n\n\n<h3 class=\"wp-block-heading has-large-font-size\"><strong>S\u00edntomas positivos: cuando la mente a\u00f1ade algo que no deber\u00eda estar<\/strong><\/h3>\n\n\n\n<p>Se llaman \u201cpositivos\u201d no porque sean buenos, sino porque representan <strong>experiencias a\u00f1adidas a la realidad<\/strong>.<\/p>\n\n\n\n<h4 class=\"wp-block-heading has-medium-font-size\"><strong>Alucinaciones<\/strong><\/h4>\n\n\n\n<p>Las <strong>alucinaciones auditivas<\/strong> son las m\u00e1s frecuentes: voces que insultan, critican o dan \u00f3rdenes. Estas voces se perciben como reales, aunque provengan de la mente de la persona. Tambi\u00e9n pueden presentarse alucinaciones visuales, olfativas o t\u00e1ctiles, aunque son menos comunes.<\/p>\n\n\n\n<h4 class=\"wp-block-heading has-medium-font-size\"><strong>Delirios<\/strong><\/h4>\n\n\n\n<p>Los delirios son <strong>creencias firmes y falsas<\/strong> que no cambian aunque haya pruebas en contra. Los m\u00e1s frecuentes son los delirios persecutorios (\u201cme siguen\u201d, \u201cquieren envenenarme\u201d) y los de grandeza (\u201csoy especial\u201d, \u201ctengo poderes \u00fanicos\u201d).<\/p>\n\n\n\n<h4 class=\"wp-block-heading has-medium-font-size\"><strong>Pensamiento y lenguaje desorganizados<\/strong><\/h4>\n\n\n\n<p>La persona puede saltar de un tema a otro sin conexi\u00f3n l\u00f3gica, inventar palabras o construir frases incoherentes. Este desorden mental se refleja directamente en la comunicaci\u00f3n.<\/p>\n\n\n\n<h3 class=\"wp-block-heading has-large-font-size\"><strong>S\u00edntomas negativos: lo que se pierde o se reduce<\/strong><\/h3>\n\n\n\n<p>A menudo, son los s\u00edntomas m\u00e1s incapacitantes porque afectan las funciones b\u00e1sicas de la vida diaria.<\/p>\n\n\n\n<h4 class=\"wp-block-heading has-medium-font-size\"><strong>P\u00e9rdida de motivaci\u00f3n e iniciativa<\/strong><\/h4>\n\n\n\n<p>La persona esquizofr\u00e9nica puede tener grandes dificultades para empezar o mantener tareas simples como asearse, preparar comida o asistir a clases.<\/p>\n\n\n\n<h4 class=\"wp-block-heading has-medium-font-size\"><strong>Afectividad aplanada<\/strong><\/h4>\n\n\n\n<p>Las emociones se expresan poco o nada: el rostro permanece serio, la voz mon\u00f3tona y los gestos reducidos. Esto no significa que la persona no sienta, sino que <strong>le cuesta expresarlo hacia afuera<\/strong>.<\/p>\n\n\n\n<h4 class=\"wp-block-heading has-medium-font-size\"><strong>Retraimiento social<\/strong><\/h4>\n\n\n\n<p>Por miedo, desconfianza o falta de inter\u00e9s, muchas personas con esquizofrenia reducen su contacto con los dem\u00e1s, lo que genera un c\u00edrculo de aislamiento.<\/p>\n\n\n\n<h3 class=\"wp-block-heading has-large-font-size\"><strong>S\u00edntomas cognitivos: alteraciones en los procesos mentales<\/strong><\/h3>\n\n\n\n<p>Adem\u00e1s de los s\u00edntomas anteriores, la esquizofrenia afecta el funcionamiento cognitivo.<\/p>\n\n\n\n<h4 class=\"wp-block-heading has-medium-font-size\"><strong>Problemas de atenci\u00f3n y memoria<\/strong><\/h4>\n\n\n\n<p>La persona puede distraerse con facilidad, olvidar indicaciones sencillas o no poder seguir una conversaci\u00f3n.<\/p>\n\n\n\n<h4 class=\"wp-block-heading has-medium-font-size\"><strong>Dificultades en la toma de decisiones<\/strong><\/h4>\n\n\n\n<p>Actividades que para otros son simples, como organizar el d\u00eda o elegir una comida, pueden resultar abrumadoras.<\/p>\n\n\n\n<h4 class=\"wp-block-heading has-medium-font-size\"><strong>Alteraci\u00f3n de las funciones ejecutivas<\/strong><\/h4>\n\n\n\n<p>Se ve afectada la capacidad de planificar, organizar y resolver problemas, lo que complica la autonom\u00eda en la vida cotidiana.<\/p>\n\n\n\n<h3 class=\"wp-block-heading has-large-font-size\"><strong>Un perfil sintom\u00e1tico complejo<\/strong><\/h3>\n\n\n\n<p>Cada persona esquizofr\u00e9nica presenta una combinaci\u00f3n \u00fanica de estos s\u00edntomas. Algunos pueden tener m\u00e1s predominio de alucinaciones y delirios, mientras que en otros predominan el aislamiento y la falta de motivaci\u00f3n. Lo importante es entender que <strong>no hay dos casos id\u00e9nticos<\/strong>, y que el cuadro cl\u00ednico puede variar a lo largo de la vida.<\/p>\n\n\n\n<h2 class=\"wp-block-heading has-x-large-font-size\"><strong>\u00bfC\u00f3mo cambia la vida diaria de una persona esquizofr\u00e9nica?<\/strong><\/h2>\n\n\n\n<p>Vivir como <strong>persona esquizofr\u00e9nica<\/strong> implica afrontar retos constantes en la vida cotidiana. No se trata solo de experimentar s\u00edntomas como alucinaciones o delirios, sino de c\u00f3mo esos s\u00edntomas interfieren en la <strong>autonom\u00eda, las relaciones sociales, el trabajo y el bienestar emocional<\/strong>. Cada aspecto de la rutina puede verse alterado, lo que convierte al d\u00eda a d\u00eda en un desaf\u00edo permanente.<\/p>\n\n\n\n<h3 class=\"wp-block-heading has-large-font-size\"><strong>Persona esquizofr\u00e9nica: Dificultades en la vida personal<\/strong><\/h3>\n\n\n\n<p>El cuidado b\u00e1sico puede verse afectado por la <strong>falta de motivaci\u00f3n<\/strong> o la <strong>desorganizaci\u00f3n del pensamiento<\/strong>. Esto incluye desde olvidar cepillarse los dientes hasta abandonar la alimentaci\u00f3n adecuada o el aseo personal. Para la persona, estas tareas pueden sentirse agotadoras o sin sentido, aun cuando antes eran parte de su rutina normal.<\/p>\n\n\n\n<h4 class=\"wp-block-heading has-medium-font-size\"><strong>Alteraciones en el sue\u00f1o y los h\u00e1bitos<\/strong><\/h4>\n\n\n\n<p>Los trastornos del sue\u00f1o son frecuentes: insomnio, despertares nocturnos o inversi\u00f3n de horarios (dormir de d\u00eda y estar despierto de noche). Adem\u00e1s, la alimentaci\u00f3n puede volverse irregular, lo que repercute en la salud f\u00edsica y en el \u00e1nimo.<\/p>\n\n\n\n<h3 class=\"wp-block-heading has-large-font-size\"><strong>Impacto en las relaciones sociales<\/strong><\/h3>\n\n\n\n<p>La esquizofrenia suele generar <strong>aislamiento social<\/strong>. La persona puede desconfiar de los dem\u00e1s, interpretar sus gestos como amenazas o simplemente no sentir inter\u00e9s en mantener v\u00ednculos. Incluso las relaciones familiares cercanas pueden verse deterioradas por la <strong>paranoia<\/strong> o por la dificultad de expresar afecto.<\/p>\n\n\n\n<h4 class=\"wp-block-heading has-medium-font-size\"><strong>Estigmatizaci\u00f3n y prejuicios<\/strong><\/h4>\n\n\n\n<p>Uno de los mayores obst\u00e1culos que enfrentan las personas esquizofr\u00e9nicas es el estigma social. Ser etiquetado como \u201cloco\u201d o \u201cpeligroso\u201d no solo es injusto, sino que incrementa la soledad y el sufrimiento. Esto refuerza el retraimiento y limita las oportunidades de inclusi\u00f3n en la comunidad.<\/p>\n\n\n\n<h3 class=\"wp-block-heading has-large-font-size\"><strong>Retos en el \u00e1mbito educativo y laboral<\/strong><\/h3>\n\n\n\n<p>Estudiar o trabajar con esquizofrenia no es imposible, pero s\u00ed puede ser complicado. Los problemas de concentraci\u00f3n, la dificultad para organizar ideas y el estr\u00e9s derivado de la paranoia hacen que el rendimiento se vea afectado. Muchas personas abandonan sus estudios o pierden su empleo, no por falta de capacidades, sino por falta de apoyo y adaptaciones.<\/p>\n\n\n\n<h4 class=\"wp-block-heading has-medium-font-size\"><strong>Necesidad de apoyos espec\u00edficos<\/strong><\/h4>\n\n\n\n<p>Algunos programas de <strong>rehabilitaci\u00f3n psicosocial<\/strong> y <strong>empleo protegido<\/strong> han demostrado ser efectivos para que las personas con esquizofrenia recuperen un rol activo en la sociedad. Con acompa\u00f1amiento y ajustes razonables, es posible mantener una rutina laboral o acad\u00e9mica.<\/p>\n\n\n\n<h3 class=\"wp-block-heading has-large-font-size\"><strong>Consecuencias emocionales de una persona esquizofr\u00e9nica<\/strong><\/h3>\n\n\n\n<p>Vivir con s\u00edntomas permanentes, sentirse incomprendido y experimentar rechazo social puede generar <strong>angustia, tristeza profunda y ansiedad<\/strong>. Adem\u00e1s, la falta de control sobre los pensamientos puede llevar a la desesperanza. En los casos m\u00e1s graves, aumenta el riesgo de depresi\u00f3n o de conductas suicidas, lo que hace fundamental el acompa\u00f1amiento profesional.<\/p>\n\n\n\n<h3 class=\"wp-block-heading has-large-font-size\"><strong>Una vida afectada, pero no definida<\/strong><\/h3>\n\n\n\n<p>Aunque la esquizofrenia modifica de manera significativa la vida diaria, no significa que una persona esquizofr\u00e9nica est\u00e9 condenada a la incapacidad o al aislamiento absoluto. Con tratamiento adecuado, apoyo familiar y social, y acceso a oportunidades, es posible recuperar autonom\u00eda, establecer v\u00ednculos y construir un proyecto de vida con sentido.<\/p>\n\n\n\n<h2 class=\"wp-block-heading has-x-large-font-size\"><strong>\u00bfA qui\u00e9nes suele afectar y cu\u00e1ndo aparece la esquizofrenia?<\/strong><\/h2>\n\n\n\n<p>La <strong>esquizofrenia<\/strong> puede desarrollarse en cualquier persona, pero no aparece de manera repentina ni en cualquier etapa de la vida. Generalmente, el inicio se da en la <strong>adolescencia tard\u00eda o en la adultez temprana<\/strong>, un momento crucial en el desarrollo personal, acad\u00e9mico y laboral. Comprender en qu\u00e9 etapa y en qui\u00e9nes suele manifestarse ayuda a detectar los primeros signos y buscar apoyo lo antes posible.<\/p>\n\n\n\n<h3 class=\"wp-block-heading has-large-font-size\"><strong>Edad de inicio<\/strong><\/h3>\n\n\n\n<p>La esquizofrenia rara vez se diagnostica en la infancia. Los primeros s\u00edntomas suelen aparecer entre los <strong>16 y los 30 a\u00f1os<\/strong>, aunque el momento exacto puede variar:<\/p>\n\n\n\n<ul>\n<li>En los <strong>hombres<\/strong>, suele iniciarse un poco antes, entre los 18 y 25 a\u00f1os.<\/li>\n\n\n\n<li>En las <strong>mujeres<\/strong>, el inicio tiende a ser m\u00e1s tard\u00edo, entre los 25 y 30 a\u00f1os.<\/li>\n<\/ul>\n\n\n\n<p>Los casos de <strong>esquizofrenia infantil<\/strong> existen, pero son extremadamente poco comunes y m\u00e1s dif\u00edciles de diagnosticar porque los s\u00edntomas pueden confundirse con otros trastornos del desarrollo.<\/p>\n\n\n\n<h3 class=\"wp-block-heading has-large-font-size\"><strong>Factores de riesgo en la poblaci\u00f3n con una persona esquizofr\u00e9nica<\/strong><\/h3>\n\n\n\n<p>Aunque cualquier persona puede desarrollar esquizofrenia, existen ciertos factores que aumentan la probabilidad:<\/p>\n\n\n\n<ul>\n<li><strong>Antecedentes familiares<\/strong>: tener un padre, madre o hermano con esquizofrenia incrementa el riesgo.<\/li>\n\n\n\n<li><strong>Complicaciones durante el embarazo o parto<\/strong>: infecciones virales, desnutrici\u00f3n prenatal o hipoxia en el parto.<\/li>\n\n\n\n<li><strong>Experiencias traum\u00e1ticas en la infancia<\/strong>: abuso, abandono o estr\u00e9s severo.<\/li>\n\n\n\n<li><strong>Consumo de drogas psicoactivas<\/strong> en la adolescencia, como cannabis o estimulantes, que pueden actuar como desencadenantes en personas predispuestas.<\/li>\n<\/ul>\n\n\n\n<h3 class=\"wp-block-heading has-large-font-size\"><strong>Prevalencia en la poblaci\u00f3n general<\/strong><\/h3>\n\n\n\n<p>A nivel global, la esquizofrenia afecta aproximadamente al <strong>1% de la poblaci\u00f3n<\/strong>, lo que significa que es relativamente poco com\u00fan, pero no rara. Este dato refleja que millones de personas en todo el mundo viven con el trastorno y, con los recursos adecuados, muchas logran llevar vidas funcionales.<\/p>\n\n\n\n<h3 class=\"wp-block-heading has-large-font-size\"><strong>Diferencias culturales y sociales<\/strong><\/h3>\n\n\n\n<p>La forma en que una <strong>persona esquizofr\u00e9nica<\/strong> expresa sus s\u00edntomas tambi\u00e9n puede variar seg\u00fan el contexto cultural. En algunos pa\u00edses predominan los delirios de tipo religioso, mientras que en otros son m\u00e1s comunes los de persecuci\u00f3n tecnol\u00f3gica (c\u00e1maras, micr\u00f3fonos, internet). Sin embargo, los s\u00edntomas b\u00e1sicos siguen siendo los mismos: alucinaciones, delirios, pensamiento desorganizado y s\u00edntomas negativos.<\/p>\n\n\n\n<h3 class=\"wp-block-heading has-large-font-size\"><strong>Importancia de la detecci\u00f3n temprana<\/strong><\/h3>\n\n\n\n<p>Reconocer que la esquizofrenia suele aparecer en etapas j\u00f3venes de la vida es esencial para la detecci\u00f3n temprana. Una intervenci\u00f3n oportuna permite <strong>reducir la gravedad de los episodios, mejorar el pron\u00f3stico y evitar que el trastorno interrumpa por completo los proyectos de estudio, trabajo o vida social<\/strong>.<\/p>\n\n\n\n<h2 class=\"wp-block-heading has-x-large-font-size\"><strong>\u00bfQu\u00e9 causa la esquizofrenia en una persona?<\/strong><\/h2>\n\n\n\n<p>Cuando pensamos en una <strong>persona esquizofr\u00e9nica<\/strong>, lo primero que viene a la mente es c\u00f3mo un trastorno puede transformar tanto la manera de percibir y vivir la realidad. Pero detr\u00e1s de ese impacto se esconde una pregunta clave: <strong>\u00bfqu\u00e9 causa la esquizofrenia?<\/strong>. La respuesta no es simple ni \u00fanica. La ciencia ha demostrado que este trastorno no se debe a una sola raz\u00f3n, sino a la interacci\u00f3n de <strong>gen\u00e9tica, biolog\u00eda cerebral y factores ambientales<\/strong>. En otras palabras, es el resultado de una suma de vulnerabilidades que se activan bajo ciertas condiciones.<\/p>\n\n\n\n<h3 class=\"wp-block-heading has-large-font-size\"><strong>La influencia de la gen\u00e9tica<\/strong><\/h3>\n\n\n\n<p>La investigaci\u00f3n ha dejado claro que la <strong>herencia gen\u00e9tica<\/strong> tiene un papel fundamental en el desarrollo de la esquizofrenia. Los estudios con familias y gemelos muestran que:<\/p>\n\n\n\n<ul>\n<li>En la poblaci\u00f3n general, el riesgo de esquizofrenia es de alrededor del <strong>1%<\/strong>.<\/li>\n\n\n\n<li>Si uno de los padres tiene esquizofrenia, el riesgo para los hijos aumenta a un <strong>10\u201315%<\/strong>.<\/li>\n\n\n\n<li>Si ambos padres tienen el trastorno, la probabilidad sube hasta un <strong>40\u201346%<\/strong>.<\/li>\n\n\n\n<li>En gemelos id\u00e9nticos, si uno presenta esquizofrenia, el otro tiene cerca de un <strong>50% de posibilidades<\/strong> de tambi\u00e9n desarrollarla.<\/li>\n<\/ul>\n\n\n\n<p>Esto confirma que <strong>los genes son importantes<\/strong>, pero no son determinantes. Muchas personas con predisposici\u00f3n gen\u00e9tica nunca desarrollan el trastorno, lo que muestra que debe haber otros factores implicados.<\/p>\n\n\n\n<h3 class=\"wp-block-heading has-large-font-size\"><strong>Alteraciones cerebrales y neuroqu\u00edmicas<\/strong><\/h3>\n\n\n\n<p>M\u00e1s all\u00e1 de la herencia, las investigaciones en neurociencia han identificado <strong>cambios en la estructura y funci\u00f3n del cerebro<\/strong> de personas esquizofr\u00e9nicas. Entre los m\u00e1s frecuentes se encuentran:<\/p>\n\n\n\n<ul>\n<li><strong>Desequilibrios en neurotransmisores<\/strong>, especialmente dopamina y glutamato. Estos qu\u00edmicos cerebrales regulan c\u00f3mo percibimos est\u00edmulos, tomamos decisiones y procesamos emociones. Su desajuste se asocia con delirios, alucinaciones y pensamiento desorganizado.<\/li>\n\n\n\n<li><strong>Cambios estructurales cerebrales<\/strong>, como el agrandamiento de los ventr\u00edculos cerebrales o la reducci\u00f3n de volumen en \u00e1reas como el hipocampo y la corteza prefrontal, responsables de la memoria, la planificaci\u00f3n y el control de impulsos.<\/li>\n\n\n\n<li><strong>Problemas de conectividad neuronal<\/strong>, es decir, dificultades en la comunicaci\u00f3n entre diferentes \u00e1reas del cerebro. Esto explicar\u00eda por qu\u00e9 la persona esquizofr\u00e9nica integra de forma err\u00f3nea la informaci\u00f3n que recibe del mundo.<\/li>\n<\/ul>\n\n\n\n<p>Estos hallazgos refuerzan la idea de que la esquizofrenia es, en parte, una <strong>enfermedad del cerebro<\/strong> y no simplemente un trastorno psicol\u00f3gico.<\/p>\n\n\n\n<h3 class=\"wp-block-heading has-large-font-size\"><strong>Factores ambientales y de vida en una persona esquizofr\u00e9nica<\/strong><\/h3>\n\n\n\n<p>Si bien los genes y la biolog\u00eda predisponen, <strong>el ambiente act\u00faa como detonante<\/strong>. Entre los factores que aumentan el riesgo se incluyen:<\/p>\n\n\n\n<ul>\n<li><strong>Complicaciones prenatales y perinatales<\/strong>: infecciones durante el embarazo, malnutrici\u00f3n de la madre, exposici\u00f3n a toxinas o complicaciones en el parto (como falta de ox\u00edgeno).<\/li>\n\n\n\n<li><strong>Experiencias traum\u00e1ticas en la infancia<\/strong>: negligencia, abuso f\u00edsico o emocional, abandono o violencia familiar.<\/li>\n\n\n\n<li><strong>Estr\u00e9s cr\u00f3nico y presi\u00f3n social<\/strong>: vivir en entornos conflictivos o bajo exclusi\u00f3n social aumenta la vulnerabilidad.<\/li>\n\n\n\n<li><strong>Consumo de drogas psicoactivas<\/strong>: en especial el cannabis durante la adolescencia, cuando el cerebro a\u00fan est\u00e1 en desarrollo, puede adelantar o intensificar la aparici\u00f3n de s\u00edntomas en personas predispuestas.<\/li>\n<\/ul>\n\n\n\n<h3 class=\"wp-block-heading has-large-font-size\"><strong>El modelo de di\u00e1tesis-estr\u00e9s: una explicaci\u00f3n integradora<\/strong><\/h3>\n\n\n\n<p>Hoy, el modelo m\u00e1s aceptado para explicar la causa de la esquizofrenia es el de <strong>di\u00e1tesis-estr\u00e9s<\/strong>. Seg\u00fan este enfoque:<\/p>\n\n\n\n<ul>\n<li>La <strong>di\u00e1tesis<\/strong> es la vulnerabilidad gen\u00e9tica y biol\u00f3gica.<\/li>\n\n\n\n<li>El <strong>estr\u00e9s<\/strong> son los factores ambientales que act\u00faan como desencadenantes.<\/li>\n<\/ul>\n\n\n\n<p>Este modelo explica por qu\u00e9 dos personas con predisposici\u00f3n gen\u00e9tica pueden tener desenlaces distintos: una desarrolla esquizofrenia y la otra no. Todo depende de si los factores ambientales activan o no esa vulnerabilidad.<\/p>\n\n\n\n<h3 class=\"wp-block-heading has-large-font-size\"><strong>Una causa multifactorial, no una sentencia<\/strong><\/h3>\n\n\n\n<p>La esquizofrenia surge cuando confluyen muchos factores al mismo tiempo. No es el resultado de un solo \u201cgen defectuoso\u201d ni de un \u00fanico trauma. Y esto es una buena noticia: significa que, aunque la predisposici\u00f3n no se pueda cambiar, <strong>s\u00ed se pueden trabajar los factores ambientales y emocionales<\/strong> para reducir el riesgo o mejorar el pron\u00f3stico.<\/p>\n\n\n\n<p>En resumen, una <strong>persona esquizofr\u00e9nica<\/strong> no es alguien que \u201cestaba destinado\u201d a enfermar, sino alguien en quien coincidieron predisposici\u00f3n gen\u00e9tica, cambios biol\u00f3gicos y experiencias de vida que, juntas, dieron forma al trastorno. Comprender esto ayuda a dejar de lado la culpa, el estigma y las explicaciones simplistas, y abre el camino a una mirada m\u00e1s humana, integral y cient\u00edfica.<\/p>\n\n\n\n<h2 class=\"wp-block-heading has-x-large-font-size\"><strong>\u00bfQu\u00e9 opciones de tratamiento existen para una persona esquizofr\u00e9nica?<\/strong><\/h2>\n\n\n\n<p>Aunque la esquizofrenia es un trastorno cr\u00f3nico, eso no significa que una <strong>persona esquizofr\u00e9nica<\/strong> est\u00e9 condenada a vivir sin esperanza. Si bien hoy en d\u00eda no existe una \u201ccura definitiva\u201d, s\u00ed contamos con <strong>tratamientos eficaces<\/strong> que permiten controlar los s\u00edntomas, mejorar la calidad de vida y favorecer la integraci\u00f3n social. El abordaje m\u00e1s efectivo es siempre <strong>integral<\/strong>, es decir, combina medicaci\u00f3n, psicoterapia, rehabilitaci\u00f3n psicosocial y apoyo familiar.<\/p>\n\n\n\n<h3 class=\"wp-block-heading has-large-font-size\"><strong>Tratamiento farmacol\u00f3gico de una persona esquizofr\u00e9nica<\/strong><\/h3>\n\n\n\n<p>El pilar del tratamiento es el uso de <strong>antipsic\u00f3ticos<\/strong>, medicamentos dise\u00f1ados para reducir s\u00edntomas como las alucinaciones, los delirios y la agitaci\u00f3n.<\/p>\n\n\n\n<h4 class=\"wp-block-heading has-medium-font-size\"><strong>Antipsic\u00f3ticos t\u00edpicos y at\u00edpicos<\/strong><\/h4>\n\n\n\n<ul>\n<li><strong>Antipsic\u00f3ticos t\u00edpicos<\/strong> (como haloperidol o clorpromazina): eficaces para s\u00edntomas psic\u00f3ticos agudos, aunque con riesgo de efectos secundarios motores.<\/li>\n\n\n\n<li><strong>Antipsic\u00f3ticos at\u00edpicos<\/strong> (como risperidona, aripiprazol, quetiapina u olanzapina): mejor tolerados y efectivos tambi\u00e9n para s\u00edntomas negativos, como la falta de motivaci\u00f3n o el retraimiento social.<\/li>\n<\/ul>\n\n\n\n<h4 class=\"wp-block-heading has-medium-font-size\"><strong>Formatos de administraci\u00f3n<\/strong><\/h4>\n\n\n\n<p>Algunas personas tienen dificultades para seguir un tratamiento diario con pastillas. En esos casos, existen <strong>inyecciones de acci\u00f3n prolongada<\/strong> que aseguran la adherencia durante semanas o incluso meses. Esto disminuye el riesgo de reca\u00eddas y hospitalizaciones.<\/p>\n\n\n\n<h3 class=\"wp-block-heading has-large-font-size\"><strong>Terapias psicol\u00f3gicas para la persona esquizofr\u00e9nica <\/strong><\/h3>\n\n\n\n<p>La medicaci\u00f3n controla los s\u00edntomas m\u00e1s graves, pero la psicoterapia ayuda a <strong>comprender y manejar la experiencia de la esquizofrenia<\/strong>.<\/p>\n\n\n\n<h4 class=\"wp-block-heading has-medium-font-size\"><strong>Terapia cognitivo-conductual (TCC)<\/strong><\/h4>\n\n\n\n<p>Se centra en cuestionar los pensamientos delirantes y aprender a interpretarlos de una manera m\u00e1s realista. Tambi\u00e9n ofrece estrategias para manejar las voces internas y reducir la angustia que generan.<\/p>\n\n\n\n<h4 class=\"wp-block-heading has-medium-font-size\"><strong>Terapia de habilidades sociales<\/strong><\/h4>\n\n\n\n<p>Una persona esquizofr\u00e9nica puede tener serias dificultades para relacionarse. Este tipo de terapia ense\u00f1a c\u00f3mo iniciar conversaciones, mantener v\u00ednculos y resolver conflictos.<\/p>\n\n\n\n<h4 class=\"wp-block-heading has-medium-font-size\"><strong>Entrenamiento metacognitivo<\/strong><\/h4>\n\n\n\n<p>Ayuda a identificar los sesgos cognitivos (como la tendencia a interpretar todo como una amenaza) y a desarrollar una mirada m\u00e1s flexible sobre la propia experiencia.<\/p>\n\n\n\n<h3 class=\"wp-block-heading has-large-font-size\"><strong>Rehabilitaci\u00f3n psicosocial<\/strong><\/h3>\n\n\n\n<p>El tratamiento no solo debe centrarse en aliviar s\u00edntomas, sino tambi\u00e9n en <strong>recuperar el funcionamiento cotidiano<\/strong>. La rehabilitaci\u00f3n psicosocial incluye:<\/p>\n\n\n\n<ul>\n<li>Programas de <strong>empleo protegido<\/strong> o apoyado.<\/li>\n\n\n\n<li>Adaptaciones educativas para continuar estudios.<\/li>\n\n\n\n<li>Talleres de vida diaria: organizaci\u00f3n del tiempo, manejo de dinero, cocina, autocuidado.<\/li>\n<\/ul>\n\n\n\n<p>El objetivo es que la persona recupere autonom\u00eda y participaci\u00f3n en su comunidad.<\/p>\n\n\n\n<h3 class=\"wp-block-heading has-large-font-size\"><strong>Apoyo familiar y comunitario<\/strong><\/h3>\n\n\n\n<p>La familia cumple un papel esencial. A trav\u00e9s de la <strong>psicoeducaci\u00f3n<\/strong>, aprende a comprender el trastorno, reconocer se\u00f1ales de reca\u00edda y brindar apoyo sin caer en la sobreprotecci\u00f3n. Adem\u00e1s, los grupos de apoyo comunitario ayudan a reducir el estigma y crear redes de contenci\u00f3n.<\/p>\n\n\n\n<h3 class=\"wp-block-heading has-large-font-size\"><strong>Una mirada de esperanza<\/strong><\/h3>\n\n\n\n<p>Aunque la esquizofrenia sea un trastorno complejo, una <strong>persona esquizofr\u00e9nica<\/strong> puede llevar una vida significativa si recibe un tratamiento continuo y adaptado a sus necesidades. Muchos logran estudiar, trabajar, mantener relaciones y construir proyectos personales.<\/p>\n\n\n\n<p>La clave est\u00e1 en <strong>no interrumpir el tratamiento, contar con un equipo de salud mental y sostener el apoyo familiar y social<\/strong>. Porque m\u00e1s all\u00e1 del diagn\u00f3stico, cada persona conserva su derecho a ser vista en su totalidad: como un ser humano capaz de crecer, adaptarse y encontrar sentido en su vida.<\/p>\n\n\n\n<p>En <strong><a href=\"https:\/\/fonasa.mindy.cl\/\">Fonasa Mindy<\/a><\/strong> tenemos un equipo de profesionales de la psicolog\u00eda que pueden ayudar a manejar esta enfermedad y mejorar la calidad de vida.<\/p>\n\n\n\n<h2 class=\"wp-block-heading has-x-large-font-size\">\u00bfNo sabes por d\u00f3nde empezar? Descubre tu terapia recomendada<\/h2>\n\n\n\n<p>Iniciar un proceso psicol\u00f3gico puede generar dudas sobre cu\u00e1l es el mejor camino. En <strong>Fonasa Mindy<\/strong> queremos facilitarte el proceso: responde unas breves preguntas para identificar el modelo terap\u00e9utico m\u00e1s efectivo para tu bienestar emocional. Es r\u00e1pido, sencillo y te ayudar\u00e1 a conectar con el profesional adecuado. <\/p>\n\n\n\n<p>\ud83d\udc49 <strong><a href=\"https:\/\/form.typeform.com\/to\/jfcSJODX\" target=\"_blank\" rel=\"noreferrer noopener\">Haz clic para descubrir tu tipo de terapia<\/a><\/strong><\/p>\n","protected":false},"excerpt":{"rendered":"<p>Una persona esquizofr\u00e9nica es alguien que vive con un trastorno mental grave que afecta su capacidad para interpretar la realidad de manera adecuada. Esto puede incluir alucinaciones, como escuchar voces que no existen, delirios firmes e irreales, y pensamiento desorganizado que interfiere en la comunicaci\u00f3n y en la vida cotidiana. La esquizofrenia no solo altera [&hellip;]<\/p>\n","protected":false},"author":2,"featured_media":552,"comment_status":"closed","ping_status":"closed","sticky":false,"template":"","format":"standard","meta":{"footnotes":""},"categories":[114,275],"tags":[],"yoast_head":"<!-- This site is optimized with the Yoast SEO plugin v23.0 - https:\/\/yoast.com\/wordpress\/plugins\/seo\/ -->\n<title>\u00bfQu\u00e9 es una persona esquizofr\u00e9nica? S\u00edntomas y tratamiento<\/title>\n<meta name=\"description\" content=\"Conoce qu\u00e9 significa ser una persona esquizofr\u00e9nica, sus s\u00edntomas principales, causas posibles y tratamientos disponibles.\" \/>\n<meta name=\"robots\" content=\"index, follow, max-snippet:-1, max-image-preview:large, max-video-preview:-1\" \/>\n<link rel=\"canonical\" href=\"https:\/\/fonasa.mindy.cl\/blog\/persona-esquizofrenica\/\" \/>\n<meta property=\"og:locale\" content=\"es_ES\" \/>\n<meta property=\"og:type\" content=\"article\" \/>\n<meta property=\"og:title\" content=\"\u00bfQu\u00e9 es una persona esquizofr\u00e9nica? S\u00edntomas y tratamiento\" \/>\n<meta property=\"og:description\" content=\"Conoce qu\u00e9 significa ser una persona esquizofr\u00e9nica, sus s\u00edntomas principales, causas posibles y tratamientos disponibles.\" \/>\n<meta property=\"og:url\" content=\"https:\/\/fonasa.mindy.cl\/blog\/persona-esquizofrenica\/\" \/>\n<meta property=\"og:site_name\" content=\"Mindy Fonasa Blog\" \/>\n<meta property=\"article:published_time\" content=\"2025-09-04T00:23:09+00:00\" \/>\n<meta property=\"article:modified_time\" content=\"2026-03-25T14:49:47+00:00\" \/>\n<meta property=\"og:image\" content=\"https:\/\/fonasa.mindy.cl\/blog\/wp-content\/uploads\/2025\/09\/tratamiento-psicologico-estres-social.jpg\" \/>\n\t<meta property=\"og:image:width\" content=\"1200\" \/>\n\t<meta property=\"og:image:height\" content=\"630\" \/>\n\t<meta property=\"og:image:type\" content=\"image\/jpeg\" \/>\n<meta name=\"author\" content=\"reinaldo@mindy.cl\" \/>\n<meta name=\"twitter:card\" content=\"summary_large_image\" \/>\n<meta name=\"twitter:label1\" content=\"Written by\" \/>\n\t<meta name=\"twitter:data1\" content=\"reinaldo@mindy.cl\" \/>\n\t<meta name=\"twitter:label2\" content=\"Est. reading time\" \/>\n\t<meta name=\"twitter:data2\" content=\"16 minutos\" \/>\n<script type=\"application\/ld+json\" class=\"yoast-schema-graph\">{\"@context\":\"https:\/\/schema.org\",\"@graph\":[{\"@type\":\"Article\",\"@id\":\"https:\/\/fonasa.mindy.cl\/blog\/persona-esquizofrenica\/#article\",\"isPartOf\":{\"@id\":\"https:\/\/fonasa.mindy.cl\/blog\/persona-esquizofrenica\/\"},\"author\":{\"name\":\"reinaldo@mindy.cl\",\"@id\":\"https:\/\/fonasa.mindy.cl\/blog\/#\/schema\/person\/6b2fdf85e03858572a636b7b9ce17d81\"},\"headline\":\"\u00bfQu\u00e9 es una persona esquizofr\u00e9nica? S\u00edntomas, causas y tratamiento\",\"datePublished\":\"2025-09-04T00:23:09+00:00\",\"dateModified\":\"2026-03-25T14:49:47+00:00\",\"mainEntityOfPage\":{\"@id\":\"https:\/\/fonasa.mindy.cl\/blog\/persona-esquizofrenica\/\"},\"wordCount\":3636,\"publisher\":{\"@id\":\"https:\/\/fonasa.mindy.cl\/blog\/#organization\"},\"image\":{\"@id\":\"https:\/\/fonasa.mindy.cl\/blog\/persona-esquizofrenica\/#primaryimage\"},\"thumbnailUrl\":\"https:\/\/fonasa.mindy.cl\/blog\/wp-content\/uploads\/2025\/09\/tratamiento-psicologico-estres-social.jpg\",\"articleSection\":[\"Psic\u00f3logos Fonasa\",\"Trastornos\"],\"inLanguage\":\"es-CL\"},{\"@type\":\"WebPage\",\"@id\":\"https:\/\/fonasa.mindy.cl\/blog\/persona-esquizofrenica\/\",\"url\":\"https:\/\/fonasa.mindy.cl\/blog\/persona-esquizofrenica\/\",\"name\":\"\u00bfQu\u00e9 es una persona esquizofr\u00e9nica? S\u00edntomas y tratamiento\",\"isPartOf\":{\"@id\":\"https:\/\/fonasa.mindy.cl\/blog\/#website\"},\"primaryImageOfPage\":{\"@id\":\"https:\/\/fonasa.mindy.cl\/blog\/persona-esquizofrenica\/#primaryimage\"},\"image\":{\"@id\":\"https:\/\/fonasa.mindy.cl\/blog\/persona-esquizofrenica\/#primaryimage\"},\"thumbnailUrl\":\"https:\/\/fonasa.mindy.cl\/blog\/wp-content\/uploads\/2025\/09\/tratamiento-psicologico-estres-social.jpg\",\"datePublished\":\"2025-09-04T00:23:09+00:00\",\"dateModified\":\"2026-03-25T14:49:47+00:00\",\"description\":\"Conoce qu\u00e9 significa ser una persona esquizofr\u00e9nica, sus s\u00edntomas principales, causas posibles y tratamientos disponibles.\",\"breadcrumb\":{\"@id\":\"https:\/\/fonasa.mindy.cl\/blog\/persona-esquizofrenica\/#breadcrumb\"},\"inLanguage\":\"es-CL\",\"potentialAction\":[{\"@type\":\"ReadAction\",\"target\":[\"https:\/\/fonasa.mindy.cl\/blog\/persona-esquizofrenica\/\"]}]},{\"@type\":\"ImageObject\",\"inLanguage\":\"es-CL\",\"@id\":\"https:\/\/fonasa.mindy.cl\/blog\/persona-esquizofrenica\/#primaryimage\",\"url\":\"https:\/\/fonasa.mindy.cl\/blog\/wp-content\/uploads\/2025\/09\/tratamiento-psicologico-estres-social.jpg\",\"contentUrl\":\"https:\/\/fonasa.mindy.cl\/blog\/wp-content\/uploads\/2025\/09\/tratamiento-psicologico-estres-social.jpg\",\"width\":1200,\"height\":630,\"caption\":\"persona esquizofr\u00e9nica\"},{\"@type\":\"BreadcrumbList\",\"@id\":\"https:\/\/fonasa.mindy.cl\/blog\/persona-esquizofrenica\/#breadcrumb\",\"itemListElement\":[{\"@type\":\"ListItem\",\"position\":1,\"name\":\"Home\",\"item\":\"https:\/\/fonasa.mindy.cl\/blog\/\"},{\"@type\":\"ListItem\",\"position\":2,\"name\":\"\u00bfQu\u00e9 es una persona esquizofr\u00e9nica? S\u00edntomas, causas y tratamiento\"}]},{\"@type\":\"WebSite\",\"@id\":\"https:\/\/fonasa.mindy.cl\/blog\/#website\",\"url\":\"https:\/\/fonasa.mindy.cl\/blog\/\",\"name\":\"Mindy Fonasa Blog\",\"description\":\"Un blog de salud mental\",\"publisher\":{\"@id\":\"https:\/\/fonasa.mindy.cl\/blog\/#organization\"},\"potentialAction\":[{\"@type\":\"SearchAction\",\"target\":{\"@type\":\"EntryPoint\",\"urlTemplate\":\"https:\/\/fonasa.mindy.cl\/blog\/?s={search_term_string}\"},\"query-input\":\"required name=search_term_string\"}],\"inLanguage\":\"es-CL\"},{\"@type\":\"Organization\",\"@id\":\"https:\/\/fonasa.mindy.cl\/blog\/#organization\",\"name\":\"Mindy Fonasa Blog\",\"url\":\"https:\/\/fonasa.mindy.cl\/blog\/\",\"logo\":{\"@type\":\"ImageObject\",\"inLanguage\":\"es-CL\",\"@id\":\"https:\/\/fonasa.mindy.cl\/blog\/#\/schema\/logo\/image\/\",\"url\":\"https:\/\/fonasa.mindy.cl\/blog\/wp-content\/uploads\/2024\/07\/logo_cuadrado.png\",\"contentUrl\":\"https:\/\/fonasa.mindy.cl\/blog\/wp-content\/uploads\/2024\/07\/logo_cuadrado.png\",\"width\":300,\"height\":300,\"caption\":\"Mindy Fonasa Blog\"},\"image\":{\"@id\":\"https:\/\/fonasa.mindy.cl\/blog\/#\/schema\/logo\/image\/\"}},{\"@type\":\"Person\",\"@id\":\"https:\/\/fonasa.mindy.cl\/blog\/#\/schema\/person\/6b2fdf85e03858572a636b7b9ce17d81\",\"name\":\"reinaldo@mindy.cl\",\"url\":\"https:\/\/fonasa.mindy.cl\/blog\/author\/reinaldomindy-cl\/\"}]}<\/script>\n<!-- \/ Yoast SEO plugin. -->","yoast_head_json":{"title":"\u00bfQu\u00e9 es una persona esquizofr\u00e9nica? S\u00edntomas y tratamiento","description":"Conoce qu\u00e9 significa ser una persona esquizofr\u00e9nica, sus s\u00edntomas principales, causas posibles y tratamientos disponibles.","robots":{"index":"index","follow":"follow","max-snippet":"max-snippet:-1","max-image-preview":"max-image-preview:large","max-video-preview":"max-video-preview:-1"},"canonical":"https:\/\/fonasa.mindy.cl\/blog\/persona-esquizofrenica\/","og_locale":"es_ES","og_type":"article","og_title":"\u00bfQu\u00e9 es una persona esquizofr\u00e9nica? S\u00edntomas y tratamiento","og_description":"Conoce qu\u00e9 significa ser una persona esquizofr\u00e9nica, sus s\u00edntomas principales, causas posibles y tratamientos disponibles.","og_url":"https:\/\/fonasa.mindy.cl\/blog\/persona-esquizofrenica\/","og_site_name":"Mindy Fonasa Blog","article_published_time":"2025-09-04T00:23:09+00:00","article_modified_time":"2026-03-25T14:49:47+00:00","og_image":[{"width":1200,"height":630,"url":"https:\/\/fonasa.mindy.cl\/blog\/wp-content\/uploads\/2025\/09\/tratamiento-psicologico-estres-social.jpg","type":"image\/jpeg"}],"author":"reinaldo@mindy.cl","twitter_card":"summary_large_image","twitter_misc":{"Written by":"reinaldo@mindy.cl","Est. reading time":"16 minutos"},"schema":{"@context":"https:\/\/schema.org","@graph":[{"@type":"Article","@id":"https:\/\/fonasa.mindy.cl\/blog\/persona-esquizofrenica\/#article","isPartOf":{"@id":"https:\/\/fonasa.mindy.cl\/blog\/persona-esquizofrenica\/"},"author":{"name":"reinaldo@mindy.cl","@id":"https:\/\/fonasa.mindy.cl\/blog\/#\/schema\/person\/6b2fdf85e03858572a636b7b9ce17d81"},"headline":"\u00bfQu\u00e9 es una persona esquizofr\u00e9nica? S\u00edntomas, causas y tratamiento","datePublished":"2025-09-04T00:23:09+00:00","dateModified":"2026-03-25T14:49:47+00:00","mainEntityOfPage":{"@id":"https:\/\/fonasa.mindy.cl\/blog\/persona-esquizofrenica\/"},"wordCount":3636,"publisher":{"@id":"https:\/\/fonasa.mindy.cl\/blog\/#organization"},"image":{"@id":"https:\/\/fonasa.mindy.cl\/blog\/persona-esquizofrenica\/#primaryimage"},"thumbnailUrl":"https:\/\/fonasa.mindy.cl\/blog\/wp-content\/uploads\/2025\/09\/tratamiento-psicologico-estres-social.jpg","articleSection":["Psic\u00f3logos Fonasa","Trastornos"],"inLanguage":"es-CL"},{"@type":"WebPage","@id":"https:\/\/fonasa.mindy.cl\/blog\/persona-esquizofrenica\/","url":"https:\/\/fonasa.mindy.cl\/blog\/persona-esquizofrenica\/","name":"\u00bfQu\u00e9 es una persona esquizofr\u00e9nica? S\u00edntomas y tratamiento","isPartOf":{"@id":"https:\/\/fonasa.mindy.cl\/blog\/#website"},"primaryImageOfPage":{"@id":"https:\/\/fonasa.mindy.cl\/blog\/persona-esquizofrenica\/#primaryimage"},"image":{"@id":"https:\/\/fonasa.mindy.cl\/blog\/persona-esquizofrenica\/#primaryimage"},"thumbnailUrl":"https:\/\/fonasa.mindy.cl\/blog\/wp-content\/uploads\/2025\/09\/tratamiento-psicologico-estres-social.jpg","datePublished":"2025-09-04T00:23:09+00:00","dateModified":"2026-03-25T14:49:47+00:00","description":"Conoce qu\u00e9 significa ser una persona esquizofr\u00e9nica, sus s\u00edntomas principales, causas posibles y tratamientos disponibles.","breadcrumb":{"@id":"https:\/\/fonasa.mindy.cl\/blog\/persona-esquizofrenica\/#breadcrumb"},"inLanguage":"es-CL","potentialAction":[{"@type":"ReadAction","target":["https:\/\/fonasa.mindy.cl\/blog\/persona-esquizofrenica\/"]}]},{"@type":"ImageObject","inLanguage":"es-CL","@id":"https:\/\/fonasa.mindy.cl\/blog\/persona-esquizofrenica\/#primaryimage","url":"https:\/\/fonasa.mindy.cl\/blog\/wp-content\/uploads\/2025\/09\/tratamiento-psicologico-estres-social.jpg","contentUrl":"https:\/\/fonasa.mindy.cl\/blog\/wp-content\/uploads\/2025\/09\/tratamiento-psicologico-estres-social.jpg","width":1200,"height":630,"caption":"persona esquizofr\u00e9nica"},{"@type":"BreadcrumbList","@id":"https:\/\/fonasa.mindy.cl\/blog\/persona-esquizofrenica\/#breadcrumb","itemListElement":[{"@type":"ListItem","position":1,"name":"Home","item":"https:\/\/fonasa.mindy.cl\/blog\/"},{"@type":"ListItem","position":2,"name":"\u00bfQu\u00e9 es una persona esquizofr\u00e9nica? S\u00edntomas, causas y tratamiento"}]},{"@type":"WebSite","@id":"https:\/\/fonasa.mindy.cl\/blog\/#website","url":"https:\/\/fonasa.mindy.cl\/blog\/","name":"Mindy Fonasa Blog","description":"Un blog de salud mental","publisher":{"@id":"https:\/\/fonasa.mindy.cl\/blog\/#organization"},"potentialAction":[{"@type":"SearchAction","target":{"@type":"EntryPoint","urlTemplate":"https:\/\/fonasa.mindy.cl\/blog\/?s={search_term_string}"},"query-input":"required name=search_term_string"}],"inLanguage":"es-CL"},{"@type":"Organization","@id":"https:\/\/fonasa.mindy.cl\/blog\/#organization","name":"Mindy Fonasa Blog","url":"https:\/\/fonasa.mindy.cl\/blog\/","logo":{"@type":"ImageObject","inLanguage":"es-CL","@id":"https:\/\/fonasa.mindy.cl\/blog\/#\/schema\/logo\/image\/","url":"https:\/\/fonasa.mindy.cl\/blog\/wp-content\/uploads\/2024\/07\/logo_cuadrado.png","contentUrl":"https:\/\/fonasa.mindy.cl\/blog\/wp-content\/uploads\/2024\/07\/logo_cuadrado.png","width":300,"height":300,"caption":"Mindy Fonasa Blog"},"image":{"@id":"https:\/\/fonasa.mindy.cl\/blog\/#\/schema\/logo\/image\/"}},{"@type":"Person","@id":"https:\/\/fonasa.mindy.cl\/blog\/#\/schema\/person\/6b2fdf85e03858572a636b7b9ce17d81","name":"reinaldo@mindy.cl","url":"https:\/\/fonasa.mindy.cl\/blog\/author\/reinaldomindy-cl\/"}]}},"_links":{"self":[{"href":"https:\/\/fonasa.mindy.cl\/blog\/wp-json\/wp\/v2\/posts\/551"}],"collection":[{"href":"https:\/\/fonasa.mindy.cl\/blog\/wp-json\/wp\/v2\/posts"}],"about":[{"href":"https:\/\/fonasa.mindy.cl\/blog\/wp-json\/wp\/v2\/types\/post"}],"author":[{"embeddable":true,"href":"https:\/\/fonasa.mindy.cl\/blog\/wp-json\/wp\/v2\/users\/2"}],"replies":[{"embeddable":true,"href":"https:\/\/fonasa.mindy.cl\/blog\/wp-json\/wp\/v2\/comments?post=551"}],"version-history":[{"count":10,"href":"https:\/\/fonasa.mindy.cl\/blog\/wp-json\/wp\/v2\/posts\/551\/revisions"}],"predecessor-version":[{"id":1741,"href":"https:\/\/fonasa.mindy.cl\/blog\/wp-json\/wp\/v2\/posts\/551\/revisions\/1741"}],"wp:featuredmedia":[{"embeddable":true,"href":"https:\/\/fonasa.mindy.cl\/blog\/wp-json\/wp\/v2\/media\/552"}],"wp:attachment":[{"href":"https:\/\/fonasa.mindy.cl\/blog\/wp-json\/wp\/v2\/media?parent=551"}],"wp:term":[{"taxonomy":"category","embeddable":true,"href":"https:\/\/fonasa.mindy.cl\/blog\/wp-json\/wp\/v2\/categories?post=551"},{"taxonomy":"post_tag","embeddable":true,"href":"https:\/\/fonasa.mindy.cl\/blog\/wp-json\/wp\/v2\/tags?post=551"}],"curies":[{"name":"wp","href":"https:\/\/api.w.org\/{rel}","templated":true}]}}