{"id":534,"date":"2025-09-03T18:33:33","date_gmt":"2025-09-03T22:33:33","guid":{"rendered":"https:\/\/fonasa.mindy.cl\/blog\/?p=534"},"modified":"2026-03-24T12:30:19","modified_gmt":"2026-03-24T15:30:19","slug":"la-esquizofrenia-tiene-cura","status":"publish","type":"post","link":"https:\/\/fonasa.mindy.cl\/blog\/la-esquizofrenia-tiene-cura\/","title":{"rendered":"\u00bfLa esquizofrenia tiene cura? Te lo contamos"},"content":{"rendered":"\n<p>Cuando alguien recibe un diagn\u00f3stico de esquizofrenia, una de las primeras preguntas que surgen \u2014y quiz\u00e1s t\u00fa tambi\u00e9n te la hayas hecho\u2014 es: <strong>\u00bfla esquizofrenia tiene cura?<\/strong>. Esta pregunta, que nace del miedo, la incertidumbre y la necesidad de esperanza, es absolutamente v\u00e1lida. La esquizofrenia no es un simple problema de comportamiento ni una etapa pasajera; es un trastorno complejo, con ra\u00edces biol\u00f3gicas, psicol\u00f3gicas y sociales. <strong><a href=\"https:\/\/fonasa.mindy.cl\/blog\/esquizofrenia-sintomas\/\">Esquizofrenia s\u00edntomas: c\u00f3mo reconocerlos y qu\u00e9 hacer si los experimentas<\/a><\/strong>.<\/p>\n\n\n\n<p>Por eso, buscar una respuesta clara no solo es necesario, sino tambi\u00e9n el primer paso para enfrentar esta condici\u00f3n con conocimiento, apoyo y herramientas reales. Entender lo que <em>s\u00ed<\/em> se puede hacer, y lo que a\u00fan no, es fundamental para construir un camino de recuperaci\u00f3n, tanto si eres t\u00fa quien vive con el diagn\u00f3stico, como si est\u00e1s acompa\u00f1ando a alguien que lo tiene.<\/p>\n\n\n\n<h2 class=\"wp-block-heading has-x-large-font-size\"><strong>\u00bfLa esquizofrenia tiene cura?<\/strong><\/h2>\n\n\n\n<p>La respuesta corta es <strong>no, la esquizofrenia <a href=\"https:\/\/es.wikipedia.org\/wiki\/Tratamiento_de_la_esquizofrenia\">no tiene cura definitiva<\/a><\/strong>. Pero eso no significa que todo est\u00e9 perdido. Muy por el contrario, hoy existen m\u00faltiples <strong>tratamientos efectivos<\/strong> que permiten controlar los s\u00edntomas, mejorar la calidad de vida y alcanzar una <strong>recuperaci\u00f3n funcional real<\/strong>. En otras palabras, aunque el diagn\u00f3stico no desaparece, <strong>una persona con esquizofrenia puede vivir bien<\/strong>, desarrollar su autonom\u00eda y construir relaciones significativas.<\/p>\n\n\n\n<p>Hablar de cura implica eliminar completamente la enfermedad, como sucede con una infecci\u00f3n que se trata con antibi\u00f3ticos. Pero la esquizofrenia es un trastorno complejo, cr\u00f3nico y multifactorial, por lo que el enfoque no est\u00e1 en erradicarla, sino en<a href=\"https:\/\/fonasa.mindy.cl\/blog\/sintomas-de-esquizofrenia\/\"> <strong>aprender a manejar los s\u00edntomas de esquizofrenia de forma efectiva<\/strong>.<\/a><\/p>\n\n\n\n<h3 class=\"wp-block-heading has-large-font-size\"><strong>\u00bfPor qu\u00e9 no existe una cura para la esquizofrenia?<\/strong><\/h3>\n\n\n\n<p><strong><a href=\"https:\/\/fonasa.mindy.cl\/blog\/la-esquizofrenia-se-cura\/\">La esquizofrenia se cura<\/a><\/strong>? La esquizofrenia es un trastorno del neurodesarrollo que afecta funciones clave del cerebro: el pensamiento, la percepci\u00f3n, las emociones y el comportamiento. Su origen es m\u00faltiple: combina <strong>factores gen\u00e9ticos, neurobiol\u00f3gicos, psicol\u00f3gicos y sociales<\/strong>. No hay una \u00fanica causa, ni un solo tratamiento que funcione igual para todos.<\/p>\n\n\n\n<p>Por eso, <strong>hasta el momento no se ha descubierto una intervenci\u00f3n que elimine la enfermedad de ra\u00edz<\/strong>. Sin embargo, eso no significa que no haya nada que hacer. Gracias a los avances m\u00e9dicos y psicol\u00f3gicos, muchas personas pueden llevar una vida estable, con m\u00ednimas reca\u00eddas y un funcionamiento adaptado a sus metas personales.<\/p>\n\n\n\n<h3 class=\"wp-block-heading has-large-font-size\"><strong>La esquizofrenia tiene cura? Qu\u00e9 implica hablar de tratamiento en lugar de cura<\/strong><\/h3>\n\n\n\n<p>Cuando decimos que <strong>la esquizofrenia no tiene cura<\/strong>, no estamos diciendo que no hay soluci\u00f3n. Estamos diciendo que <strong>el camino pasa por el <a href=\"https:\/\/fonasa.mindy.cl\/blog\/esquizofrenia-tratamiento\/\">tratamiento de la esquizofrenia<\/a> continuo<\/strong>, la comprensi\u00f3n profunda del trastorno y el acceso a herramientas adecuadas.<\/p>\n\n\n\n<p><strong>El tratamiento combina diferentes elementos:<\/strong><\/p>\n\n\n\n<ul>\n<li><strong>Medicaci\u00f3n antipsic\u00f3tica<\/strong>, que ayuda a reducir los s\u00edntomas m\u00e1s intensos como los delirios o las alucinaciones.<\/li>\n\n\n\n<li><strong>Psicoterapia<\/strong>, especialmente para mejorar la conciencia de enfermedad, la regulaci\u00f3n emocional y las habilidades sociales.<\/li>\n\n\n\n<li><strong>Rehabilitaci\u00f3n psicosocial<\/strong>, que trabaja el retorno al estudio, al trabajo y a la vida comunitaria.<\/li>\n\n\n\n<li><strong>Apoyo familiar y redes de contenci\u00f3n<\/strong>, que resultan fundamentales para sostener el proceso.<\/li>\n<\/ul>\n\n\n\n<p>Hablar de tratamiento es hablar de posibilidades. Es decirle a la persona: <em>esto no te define, esto se puede manejar<\/em>. Y sobre todo, es recordarle que no est\u00e1 sola. Porque si bien <strong>la esquizofrenia no tiene cura<\/strong>, <strong>s\u00ed tiene camino<\/strong>. Y ese camino puede ser profundamente transformador.<\/p>\n\n\n\n<h2 class=\"wp-block-heading has-x-large-font-size\"><strong>\u00bfQu\u00e9 significa que la esquizofrenia no tenga cura?<\/strong><\/h2>\n\n\n\n<figure class=\"wp-block-image alignwide size-full\"><img loading=\"lazy\" decoding=\"async\" width=\"640\" height=\"389\" src=\"https:\/\/fonasa.mindy.cl\/blog\/wp-content\/uploads\/2025\/12\/pexels-olly-3779448.jpg\" alt=\"La esquizofrenia tiene cura\" class=\"wp-image-1113\"\/><\/figure>\n\n\n\n<p>Cuando escuchas que <strong>la esquizofrenia no tiene cura<\/strong>, es posible que sientas un impacto inmediato: miedo, tristeza o incluso desesperanza. Pero es importante que entiendas bien <strong>qu\u00e9 significa realmente esa afirmaci\u00f3n<\/strong>, porque no quiere decir que no haya nada que hacer o que la situaci\u00f3n sea irreversible.<\/p>\n\n\n\n<p>En t\u00e9rminos m\u00e9dicos, decir que una enfermedad no tiene cura significa que <strong>no se puede eliminar completamente<\/strong> de forma definitiva. Sin embargo, eso no implica que la persona est\u00e9 condenada a sufrir sin opciones. En el caso de la esquizofrenia, lo que s\u00ed existe \u2014y con buenos resultados\u2014 es un <strong>abordaje integral y continuo<\/strong> que permite alcanzar un nivel alto de funcionamiento, autonom\u00eda y bienestar.<\/p>\n\n\n\n<h3 class=\"wp-block-heading has-large-font-size\"><strong>\u00bfPor qu\u00e9 es importante hacer esta distinci\u00f3n de si la esquizofrenia tiene cura o no ?<\/strong><\/h3>\n\n\n\n<p>Porque si t\u00fa o alguien que conoces ha sido diagnosticado con esquizofrenia, no se trata de resignarse, sino de entender que <strong>el enfoque cambia<\/strong>: en lugar de buscar una cura total, se trabaja por una <strong>recuperaci\u00f3n funcional<\/strong>, lo que significa:<\/p>\n\n\n\n<ul>\n<li>Disminuir los s\u00edntomas intensos y prevenir reca\u00eddas.<\/li>\n\n\n\n<li>Recuperar capacidades sociales, laborales y emocionales.<\/li>\n\n\n\n<li>Fortalecer la identidad, la autoestima y la conexi\u00f3n con la realidad.<\/li>\n\n\n\n<li>Construir una rutina estable y satisfactoria.<\/li>\n<\/ul>\n\n\n\n<p>Este cambio de perspectiva es clave para evitar el estigma y fomentar una visi\u00f3n m\u00e1s realista y esperanzadora.<\/p>\n\n\n\n<h3 class=\"wp-block-heading has-large-font-size\"><strong>\u00bfQu\u00e9 es la recuperaci\u00f3n funcional en esquizofrenia?<\/strong><\/h3>\n\n\n\n<p>La <strong>recuperaci\u00f3n funcional<\/strong> no significa que todos los s\u00edntomas desaparecen, sino que la persona puede vivir con ellos sin que interfieran gravemente en su vida diaria. Implica que puede:<\/p>\n\n\n\n<ul>\n<li>Tener relaciones afectivas y sociales.<\/li>\n\n\n\n<li>Estudiar o trabajar con apoyo adecuado.<\/li>\n\n\n\n<li>Tomar decisiones sobre su vida.<\/li>\n\n\n\n<li>Sentirse parte activa de la sociedad.<\/li>\n<\/ul>\n\n\n\n<p>Muchas personas con esquizofrenia logran esto gracias a un tratamiento bien coordinado y constante. Y aunque el trastorno no se \u201ccure\u201d, <strong>la vida sigue \u2014y puede ser plenamente significativa<\/strong>.<\/p>\n\n\n\n<p>Aceptar que <strong>la esquizofrenia no tiene cura<\/strong>, pero s\u00ed tiene tratamiento, es el primer paso para construir un camino m\u00e1s justo, humano y efectivo para quienes la viven.<\/p>\n\n\n\n<h2 class=\"wp-block-heading has-x-large-font-size\"><strong>\u00bfQu\u00e9 tratamientos existen si no hay cura para la esquizofrenia?<\/strong><\/h2>\n\n\n\n<p>Aunque <strong>la esquizofrenia no tiene cura<\/strong>, s\u00ed existen tratamientos eficaces que permiten <strong>reducir los s\u00edntomas, prevenir reca\u00eddas y mejorar significativamente la calidad de vida<\/strong>. Estos tratamientos no son m\u00e1gicos ni instant\u00e1neos, pero bien aplicados pueden lograr cambios profundos y sostenidos en el tiempo.<\/p>\n\n\n\n<p>El abordaje m\u00e1s efectivo combina <strong>intervenciones farmacol\u00f3gicas, terapias psicol\u00f3gicas y apoyo psicosocial<\/strong>. No hay una \u00fanica receta, porque cada persona vive el trastorno de manera diferente, pero s\u00ed hay un conjunto de herramientas que, integradas, hacen posible una recuperaci\u00f3n funcional.<\/p>\n\n\n\n<h3 class=\"wp-block-heading has-large-font-size\"><strong>Medicaci\u00f3n antipsic\u00f3tica<\/strong><\/h3>\n\n\n\n<p>Los <strong>antipsic\u00f3ticos<\/strong> son la base del tratamiento farmacol\u00f3gico. Act\u00faan sobre los neurotransmisores del cerebro, especialmente la dopamina, ayudando a disminuir s\u00edntomas como:<\/p>\n\n\n\n<ul>\n<li><strong>Delirios<\/strong> (creencias falsas persistentes).<\/li>\n\n\n\n<li><strong>Alucinaciones<\/strong> (percepciones sin est\u00edmulo real).<\/li>\n\n\n\n<li><strong>Pensamiento desorganizado<\/strong>.<\/li>\n<\/ul>\n\n\n\n<p>Existen antipsic\u00f3ticos de primera y segunda generaci\u00f3n, y la elecci\u00f3n depende del perfil de cada persona. En muchos casos, se requieren <strong>ajustes peri\u00f3dicos de dosis o cambios de medicamento<\/strong> seg\u00fan la evoluci\u00f3n.<\/p>\n\n\n\n<p>Aunque no curan la enfermedad, los antipsic\u00f3ticos permiten estabilizar el cuadro y crear las condiciones necesarias para que otras intervenciones terap\u00e9uticas puedan funcionar.<\/p>\n\n\n\n<h3 class=\"wp-block-heading has-large-font-size\"><strong>La esquizofrenia tiene cura? Psicoterapia y rehabilitaci\u00f3n psicosocial<\/strong><\/h3>\n\n\n\n<p>La <strong>psicoterapia<\/strong>, especialmente la <strong>Terapia Cognitivo-Conductual (TCC)<\/strong> adaptada a la esquizofrenia, es una herramienta fundamental para trabajar:<\/p>\n\n\n\n<ul>\n<li>La conciencia de enfermedad (insight).<\/li>\n\n\n\n<li>La identificaci\u00f3n y manejo de pensamientos distorsionados.<\/li>\n\n\n\n<li>Las habilidades de comunicaci\u00f3n y resoluci\u00f3n de problemas.<\/li>\n\n\n\n<li>La prevenci\u00f3n de reca\u00eddas.<\/li>\n<\/ul>\n\n\n\n<p>Por otro lado, la <strong>rehabilitaci\u00f3n psicosocial<\/strong> incluye programas para:<\/p>\n\n\n\n<ul>\n<li>Reinsertarse en el \u00e1mbito educativo o laboral.<\/li>\n\n\n\n<li>Recuperar funciones b\u00e1sicas de la vida cotidiana.<\/li>\n\n\n\n<li>Mejorar la autonom\u00eda en el autocuidado y la organizaci\u00f3n personal.<\/li>\n<\/ul>\n\n\n\n<p>Estos espacios ofrecen estructura, rutina, y oportunidades reales de participaci\u00f3n social, lo cual es clave para evitar el aislamiento y el deterioro.<\/p>\n\n\n\n<h3 class=\"wp-block-heading has-large-font-size\"><strong>Apoyo familiar y redes de contenci\u00f3n<\/strong><\/h3>\n\n\n\n<p>El rol de la familia y del entorno cercano es central. Muchas veces, la familia necesita tambi\u00e9n orientaci\u00f3n y contenci\u00f3n para poder acompa\u00f1ar sin sobrecargarse ni caer en din\u00e1micas que aumenten el malestar.<\/p>\n\n\n\n<p>Existen talleres psicoeducativos para familiares, grupos de apoyo mutuo, y materiales informativos que ayudan a comprender mejor el trastorno, sus etapas y formas de abordarlo.<\/p>\n\n\n\n<p>Adem\u00e1s, contar con una red de apoyo profesional y social s\u00f3lida puede marcar la diferencia entre una evoluci\u00f3n estable o un curso con frecuentes reca\u00eddas.<\/p>\n\n\n\n<p>En conjunto, todos estos tratamientos permiten afirmar que, aunque <strong>la esquizofrenia no tenga cura<\/strong>, s\u00ed hay un <strong>camino terap\u00e9utico posible, efectivo y esperanzador<\/strong>.<\/p>\n\n\n\n<h3 class=\"wp-block-heading has-large-font-size\"><strong>\u00bfPuede recuperarse una persona con esquizofrenia?<\/strong><\/h3>\n\n\n\n<p>S\u00ed, una persona con esquizofrenia <strong>puede recuperarse funcionalmente<\/strong> y llevar una vida significativa. Aunque el trastorno no tenga cura definitiva, eso no impide que alguien pueda <strong>vivir con autonom\u00eda, participar en su comunidad, mantener v\u00ednculos afectivos y desarrollar proyectos personales<\/strong>. La recuperaci\u00f3n no siempre significa \u201causencia total de s\u00edntomas\u201d, sino aprender a convivir con ellos sin que dominen la vida.<\/p>\n\n\n\n<p>Hoy en d\u00eda, este enfoque es respaldado por m\u00faltiples estudios y experiencias cl\u00ednicas. Cada vez m\u00e1s personas con esquizofrenia logran salir del aislamiento, reducir el sufrimiento y <strong>construir un camino de estabilidad y crecimiento personal<\/strong>.<\/p>\n\n\n\n<h4 class=\"wp-block-heading has-medium-font-size\"><strong>\u00bfQu\u00e9 es exactamente la recuperaci\u00f3n funcional?<\/strong><\/h4>\n\n\n\n<p>La recuperaci\u00f3n funcional implica que la persona puede:<\/p>\n\n\n\n<ul>\n<li>Desarrollar una <strong>vida social activa<\/strong>.<\/li>\n\n\n\n<li><strong>Trabajar o estudiar<\/strong>, con o sin adaptaciones.<\/li>\n\n\n\n<li>Gestionar su salud mental con autonom\u00eda.<\/li>\n\n\n\n<li>Tomar decisiones importantes sobre su vida cotidiana.<\/li>\n\n\n\n<li>Sentirse parte de un proyecto de vida propio.<\/li>\n<\/ul>\n\n\n\n<p>Este tipo de recuperaci\u00f3n no se da de un d\u00eda para otro. Es un proceso que requiere constancia, apoyo adecuado y, sobre todo, <strong>una mirada que vea m\u00e1s all\u00e1 del diagn\u00f3stico<\/strong>.<\/p>\n\n\n\n<h4 class=\"wp-block-heading has-medium-font-size\"><strong>\u00bfQu\u00e9 factores favorecen la recuperaci\u00f3n?<\/strong><\/h4>\n\n\n\n<p>Varios elementos aumentan las probabilidades de una recuperaci\u00f3n funcional s\u00f3lida:<\/p>\n\n\n\n<ul>\n<li><strong>Diagn\u00f3stico temprano<\/strong> y acceso r\u00e1pido a tratamiento.<\/li>\n\n\n\n<li><strong>Adherencia al tratamiento<\/strong> farmacol\u00f3gico y psicoterap\u00e9utico.<\/li>\n\n\n\n<li>Participaci\u00f3n en <strong>programas de rehabilitaci\u00f3n psicosocial<\/strong>.<\/li>\n\n\n\n<li>Contar con una <strong>red de apoyo estable<\/strong> (familiar, comunitaria, profesional).<\/li>\n\n\n\n<li>Un entorno que <strong>no estigmatiza<\/strong>, sino que acompa\u00f1a.<\/li>\n<\/ul>\n\n\n\n<p>Cuando estos factores se combinan, muchas personas no solo estabilizan sus s\u00edntomas, sino que <strong>retoman sus intereses, metas y v\u00ednculos<\/strong>, desarrollando una identidad m\u00e1s all\u00e1 del diagn\u00f3stico.<\/p>\n\n\n\n<h3 class=\"wp-block-heading has-large-font-size\"><strong>\u00bfQu\u00e9 papel juegan las expectativas de si la esquizofrenia tiene cura?<\/strong><\/h3>\n\n\n\n<p>Creer en la posibilidad de recuperaci\u00f3n es parte del tratamiento. Cuando t\u00fa, como paciente o familiar, entiendes que <strong>la esquizofrenia no anula a la persona<\/strong>, sino que es una condici\u00f3n que puede manejarse, las decisiones que tomas cambian. Aparecen la motivaci\u00f3n, la perseverancia y la esperanza, que tambi\u00e9n son formas de medicina.<\/p>\n\n\n\n<p>Por eso, aunque <strong>la esquizofrenia no tenga cura<\/strong>, <strong>s\u00ed hay recuperaci\u00f3n<\/strong>, y eso es profundamente valioso. Porque no se trata solo de aliviar s\u00edntomas, sino de <strong>volver a habitar la vida con sentido, dignidad y prop\u00f3sito<\/strong>.<\/p>\n\n\n\n<h3 class=\"wp-block-heading has-large-font-size\"><strong>\u00bfCu\u00e1l es el pron\u00f3stico a largo plazo?<\/strong><\/h3>\n\n\n\n<p>El pron\u00f3stico de la esquizofrenia <strong>no es uniforme<\/strong>. Var\u00eda mucho de una persona a otra, seg\u00fan factores como el momento del diagn\u00f3stico, el acceso a tratamiento, el nivel de apoyo social y la adherencia al proceso terap\u00e9utico. Por eso, hablar de pron\u00f3stico requiere salir de los extremos: <strong>ni es una condena irreversible, ni se trata de una recuperaci\u00f3n m\u00e1gica<\/strong>.<\/p>\n\n\n\n<p>La evidencia muestra que muchas personas con esquizofrenia logran llevar una vida estable, funcional y con sentido. Otras, en cambio, pueden tener un curso m\u00e1s complejo, con reca\u00eddas frecuentes o dificultades para lograr autonom\u00eda completa. Lo importante es entender que <strong>cada proceso es \u00fanico<\/strong>, y que incluso cuando hay dificultades, siempre hay algo que se puede hacer para mejorar la calidad de vida.<\/p>\n\n\n\n<h3 class=\"wp-block-heading has-large-font-size\"><strong>\u00bfQu\u00e9 dice la investigaci\u00f3n sobre el pron\u00f3stico?<\/strong><\/h3>\n\n\n\n<p>Los estudios cl\u00ednicos indican que, con tratamiento y apoyo adecuado:<\/p>\n\n\n\n<ul>\n<li><strong>Entre un 10% y un 20%<\/strong> de las personas con esquizofrenia logra una <strong>recuperaci\u00f3n completa<\/strong>, sin reca\u00eddas importantes.<\/li>\n\n\n\n<li>Aproximadamente un <strong>30% a 35%<\/strong> alcanza una recuperaci\u00f3n funcional con cierta <strong>intermitencia de s\u00edntomas<\/strong>, pero con una vida aut\u00f3noma.<\/li>\n\n\n\n<li>El resto puede presentar una evoluci\u00f3n m\u00e1s cr\u00f3nica, con necesidad de apoyos permanentes, pero aun as\u00ed con potencial para estabilizarse.<\/li>\n<\/ul>\n\n\n\n<p>Estos datos no son para etiquetar, sino para <strong>comprender que hay esperanza real<\/strong>, y que cuanto antes se inicie el tratamiento, <strong>mejor es el pron\u00f3stico<\/strong>.<\/p>\n\n\n\n<h3 class=\"wp-block-heading has-large-font-size\"><strong>\u00bfDe qu\u00e9 depende una mejor evoluci\u00f3n?<\/strong><\/h3>\n\n\n\n<p>Los factores que m\u00e1s influyen en un buen pron\u00f3stico son:<\/p>\n\n\n\n<ul>\n<li><strong>Detecci\u00f3n temprana del trastorno<\/strong>.<\/li>\n\n\n\n<li>Inicio r\u00e1pido del tratamiento despu\u00e9s del primer brote.<\/li>\n\n\n\n<li><strong>Apoyo familiar y social estable<\/strong>.<\/li>\n\n\n\n<li>Acceso continuo a servicios de salud mental.<\/li>\n\n\n\n<li>Compromiso activo del paciente con su propio proceso.<\/li>\n<\/ul>\n\n\n\n<p>Tambi\u00e9n importa la actitud del entorno. Cuando la familia, la comunidad y los equipos de salud <strong>evitan el estigma<\/strong> y promueven la autonom\u00eda, se abren m\u00e1s oportunidades para que la persona recupere su proyecto de vida.<\/p>\n\n\n\n<h3 class=\"wp-block-heading has-large-font-size\"><strong>La esquizofrenia tiene cura? \u00bfQu\u00e9 se puede esperar a largo plazo?<\/strong><\/h3>\n\n\n\n<p>En muchos casos, la esquizofrenia <strong>no desaparece, pero se transforma<\/strong>. Con el tiempo, los s\u00edntomas pueden volverse m\u00e1s leves o menos frecuentes. La persona aprende a reconocer se\u00f1ales tempranas, a pedir ayuda cuando lo necesita y a reorganizar su rutina de forma que le permita sostener sus logros.<\/p>\n\n\n\n<p>Por eso, m\u00e1s que pensar en \u201ccura o no cura\u201d, lo que realmente importa es preguntarse:<br><strong>\u00bfc\u00f3mo puedo vivir mejor con esto?<\/strong><br><strong>\u00bfqu\u00e9 herramientas tengo o puedo desarrollar?<\/strong><br><strong>\u00bfqui\u00e9nes pueden acompa\u00f1arme en este camino?<\/strong><\/p>\n\n\n\n<p>La respuesta a esas preguntas es la que define el verdadero pron\u00f3stico. Porque aun sin cura, <strong>siempre hay posibilidad de avanzar, adaptarse y construir una vida digna<\/strong>.<\/p>\n\n\n\n<h2 class=\"wp-block-heading has-x-large-font-size\"><strong>\u00bfPor qu\u00e9 es importante esta diferencia entre cura y tratamiento de la esquizofrenia?<\/strong><\/h2>\n\n\n\n<p>Comprender que <strong>la esquizofrenia no tiene cura<\/strong>, pero s\u00ed tiene tratamiento, cambia completamente la manera en que t\u00fa, tu entorno y el sistema de salud enfrentan este diagn\u00f3stico. No es solo un matiz m\u00e9dico o ling\u00fc\u00edstico. Es una distinci\u00f3n que afecta el modo en que se vive la enfermedad, se organiza el cuidado y se proyecta el futuro.<\/p>\n\n\n\n<p>Cuando se espera una cura que nunca llega, muchas veces aparece la frustraci\u00f3n, la culpa o la desesperanza. En cambio, cuando se asume que el camino est\u00e1 en el tratamiento, en la adaptaci\u00f3n y en el acompa\u00f1amiento a largo plazo, <strong>nace una esperanza realista y activa<\/strong>.<\/p>\n\n\n\n<h3 class=\"wp-block-heading has-large-font-size\"><strong>Cambiar la pregunta: de \u201c\u00bfse cura?\u201d a \u201c\u00bfc\u00f3mo se vive con esto?\u201d<\/strong><\/h3>\n\n\n\n<p>Aceptar que la esquizofrenia no se cura no es rendirse. Es redirigir la energ\u00eda. En vez de gastar recursos buscando una soluci\u00f3n m\u00e1gica, se puede:<\/p>\n\n\n\n<ul>\n<li><strong>Trabajar en el desarrollo de habilidades sociales, emocionales y funcionales.<\/strong><\/li>\n\n\n\n<li><strong>Fortalecer la red de apoyo personal y profesional.<\/strong><\/li>\n\n\n\n<li><strong>Promover una vida lo m\u00e1s aut\u00f3noma posible, respetando los tiempos y necesidades individuales.<\/strong><\/li>\n<\/ul>\n\n\n\n<p>Este cambio de enfoque no solo mejora la salud mental de la persona diagnosticada, sino tambi\u00e9n la de su familia. Porque cuando el entorno deja de esperar una transformaci\u00f3n total, y en cambio <strong>acompa\u00f1a un proceso de mejora sostenida<\/strong>, el v\u00ednculo se vuelve m\u00e1s compasivo, estable y reparador.<\/p>\n\n\n\n<h3 class=\"wp-block-heading has-large-font-size\"><strong>El riesgo de no hacer esta distinci\u00f3n<\/strong><\/h3>\n\n\n\n<p>Cuando se insiste en la idea de una cura total e inmediata, se puede caer en falsas promesas, tratamientos dudosos o abandono precoz del proceso terap\u00e9utico al no ver resultados r\u00e1pidos. Esto, lejos de ayudar, <strong>agrava la situaci\u00f3n<\/strong> y genera mayor sufrimiento.<\/p>\n\n\n\n<p>Adem\u00e1s, muchas personas dejan de buscar ayuda por creer que no tiene sentido \u201csi no se va a curar\u201d. Aqu\u00ed es donde la informaci\u00f3n clara salva vidas: <strong>s\u00ed hay tratamiento, s\u00ed hay mejora, s\u00ed hay futuro<\/strong>.<\/p>\n\n\n\n<h3 class=\"wp-block-heading has-large-font-size\"><strong>Reencuadrar la esperanza<\/strong><\/h3>\n\n\n\n<p>La esperanza no es ingenuidad. Es saber que, aunque la enfermedad no desaparezca, se puede aprender a manejarla. Es confiar en que la persona no se reduce a su diagn\u00f3stico. Y es creer que, con el apoyo adecuado, puede vivir con sentido, dignidad y conexi\u00f3n con los dem\u00e1s.<\/p>\n\n\n\n<p>Por eso, la diferencia entre <strong>cura<\/strong> y <strong>tratamiento<\/strong> importa tanto: porque permite dejar de perseguir lo inalcanzable y empezar a <strong>construir lo posible<\/strong>, paso a paso, con paciencia, respeto y acompa\u00f1amiento profesional. Esa es, en muchos casos, la forma m\u00e1s profunda de sanaci\u00f3n.<\/p>\n","protected":false},"excerpt":{"rendered":"<p>Cuando alguien recibe un diagn\u00f3stico de esquizofrenia, una de las primeras preguntas que surgen \u2014y quiz\u00e1s t\u00fa tambi\u00e9n te la hayas hecho\u2014 es: \u00bfla esquizofrenia tiene cura?. Esta pregunta, que nace del miedo, la incertidumbre y la necesidad de esperanza, es absolutamente v\u00e1lida. La esquizofrenia no es un simple problema de comportamiento ni una etapa [&hellip;]<\/p>\n","protected":false},"author":2,"featured_media":535,"comment_status":"closed","ping_status":"closed","sticky":false,"template":"","format":"standard","meta":{"footnotes":""},"categories":[114],"tags":[],"yoast_head":"<!-- This site is optimized with the Yoast SEO plugin v23.0 - https:\/\/yoast.com\/wordpress\/plugins\/seo\/ -->\n<title>\u00bfLa esquizofrenia tiene cura? Te lo contamos<\/title>\n<meta name=\"description\" content=\"Descubre si la esquizofrenia tiene cura, qu\u00e9 tratamientos existen y c\u00f3mo es posible una recuperaci\u00f3n funcional con apoyo profesional.\" \/>\n<meta name=\"robots\" content=\"index, follow, max-snippet:-1, max-image-preview:large, max-video-preview:-1\" \/>\n<link rel=\"canonical\" href=\"https:\/\/fonasa.mindy.cl\/blog\/la-esquizofrenia-tiene-cura\/\" \/>\n<meta property=\"og:locale\" content=\"es_ES\" \/>\n<meta property=\"og:type\" content=\"article\" \/>\n<meta property=\"og:title\" content=\"\u00bfLa esquizofrenia tiene cura? Te lo contamos\" \/>\n<meta property=\"og:description\" content=\"Descubre si la esquizofrenia tiene cura, qu\u00e9 tratamientos existen y c\u00f3mo es posible una recuperaci\u00f3n funcional con apoyo profesional.\" \/>\n<meta property=\"og:url\" content=\"https:\/\/fonasa.mindy.cl\/blog\/la-esquizofrenia-tiene-cura\/\" \/>\n<meta property=\"og:site_name\" content=\"Mindy Fonasa Blog\" \/>\n<meta property=\"article:published_time\" content=\"2025-09-03T22:33:33+00:00\" \/>\n<meta property=\"article:modified_time\" content=\"2026-03-24T15:30:19+00:00\" \/>\n<meta property=\"og:image\" content=\"https:\/\/fonasa.mindy.cl\/blog\/wp-content\/uploads\/2025\/09\/tratamiento-psicologico.jpg\" \/>\n\t<meta property=\"og:image:width\" content=\"750\" \/>\n\t<meta property=\"og:image:height\" content=\"450\" \/>\n\t<meta property=\"og:image:type\" content=\"image\/jpeg\" \/>\n<meta name=\"author\" content=\"reinaldo@mindy.cl\" \/>\n<meta name=\"twitter:card\" content=\"summary_large_image\" \/>\n<meta name=\"twitter:label1\" content=\"Written by\" \/>\n\t<meta name=\"twitter:data1\" content=\"reinaldo@mindy.cl\" \/>\n\t<meta name=\"twitter:label2\" content=\"Est. reading time\" \/>\n\t<meta name=\"twitter:data2\" content=\"12 minutos\" \/>\n<script type=\"application\/ld+json\" class=\"yoast-schema-graph\">{\"@context\":\"https:\/\/schema.org\",\"@graph\":[{\"@type\":\"Article\",\"@id\":\"https:\/\/fonasa.mindy.cl\/blog\/la-esquizofrenia-tiene-cura\/#article\",\"isPartOf\":{\"@id\":\"https:\/\/fonasa.mindy.cl\/blog\/la-esquizofrenia-tiene-cura\/\"},\"author\":{\"name\":\"reinaldo@mindy.cl\",\"@id\":\"https:\/\/fonasa.mindy.cl\/blog\/#\/schema\/person\/6b2fdf85e03858572a636b7b9ce17d81\"},\"headline\":\"\u00bfLa esquizofrenia tiene cura? Te lo contamos\",\"datePublished\":\"2025-09-03T22:33:33+00:00\",\"dateModified\":\"2026-03-24T15:30:19+00:00\",\"mainEntityOfPage\":{\"@id\":\"https:\/\/fonasa.mindy.cl\/blog\/la-esquizofrenia-tiene-cura\/\"},\"wordCount\":2689,\"publisher\":{\"@id\":\"https:\/\/fonasa.mindy.cl\/blog\/#organization\"},\"image\":{\"@id\":\"https:\/\/fonasa.mindy.cl\/blog\/la-esquizofrenia-tiene-cura\/#primaryimage\"},\"thumbnailUrl\":\"https:\/\/fonasa.mindy.cl\/blog\/wp-content\/uploads\/2025\/09\/tratamiento-psicologico.jpg\",\"articleSection\":[\"Psic\u00f3logos Fonasa\"],\"inLanguage\":\"es-CL\"},{\"@type\":\"WebPage\",\"@id\":\"https:\/\/fonasa.mindy.cl\/blog\/la-esquizofrenia-tiene-cura\/\",\"url\":\"https:\/\/fonasa.mindy.cl\/blog\/la-esquizofrenia-tiene-cura\/\",\"name\":\"\u00bfLa esquizofrenia tiene cura? Te lo contamos\",\"isPartOf\":{\"@id\":\"https:\/\/fonasa.mindy.cl\/blog\/#website\"},\"primaryImageOfPage\":{\"@id\":\"https:\/\/fonasa.mindy.cl\/blog\/la-esquizofrenia-tiene-cura\/#primaryimage\"},\"image\":{\"@id\":\"https:\/\/fonasa.mindy.cl\/blog\/la-esquizofrenia-tiene-cura\/#primaryimage\"},\"thumbnailUrl\":\"https:\/\/fonasa.mindy.cl\/blog\/wp-content\/uploads\/2025\/09\/tratamiento-psicologico.jpg\",\"datePublished\":\"2025-09-03T22:33:33+00:00\",\"dateModified\":\"2026-03-24T15:30:19+00:00\",\"description\":\"Descubre si la esquizofrenia tiene cura, qu\u00e9 tratamientos existen y c\u00f3mo es posible una recuperaci\u00f3n funcional con apoyo profesional.\",\"breadcrumb\":{\"@id\":\"https:\/\/fonasa.mindy.cl\/blog\/la-esquizofrenia-tiene-cura\/#breadcrumb\"},\"inLanguage\":\"es-CL\",\"potentialAction\":[{\"@type\":\"ReadAction\",\"target\":[\"https:\/\/fonasa.mindy.cl\/blog\/la-esquizofrenia-tiene-cura\/\"]}]},{\"@type\":\"ImageObject\",\"inLanguage\":\"es-CL\",\"@id\":\"https:\/\/fonasa.mindy.cl\/blog\/la-esquizofrenia-tiene-cura\/#primaryimage\",\"url\":\"https:\/\/fonasa.mindy.cl\/blog\/wp-content\/uploads\/2025\/09\/tratamiento-psicologico.jpg\",\"contentUrl\":\"https:\/\/fonasa.mindy.cl\/blog\/wp-content\/uploads\/2025\/09\/tratamiento-psicologico.jpg\",\"width\":750,\"height\":450,\"caption\":\"la esquizofrenia tiene cura\"},{\"@type\":\"BreadcrumbList\",\"@id\":\"https:\/\/fonasa.mindy.cl\/blog\/la-esquizofrenia-tiene-cura\/#breadcrumb\",\"itemListElement\":[{\"@type\":\"ListItem\",\"position\":1,\"name\":\"Home\",\"item\":\"https:\/\/fonasa.mindy.cl\/blog\/\"},{\"@type\":\"ListItem\",\"position\":2,\"name\":\"\u00bfLa esquizofrenia tiene cura? Te lo contamos\"}]},{\"@type\":\"WebSite\",\"@id\":\"https:\/\/fonasa.mindy.cl\/blog\/#website\",\"url\":\"https:\/\/fonasa.mindy.cl\/blog\/\",\"name\":\"Mindy Fonasa Blog\",\"description\":\"Un blog de salud mental\",\"publisher\":{\"@id\":\"https:\/\/fonasa.mindy.cl\/blog\/#organization\"},\"potentialAction\":[{\"@type\":\"SearchAction\",\"target\":{\"@type\":\"EntryPoint\",\"urlTemplate\":\"https:\/\/fonasa.mindy.cl\/blog\/?s={search_term_string}\"},\"query-input\":\"required name=search_term_string\"}],\"inLanguage\":\"es-CL\"},{\"@type\":\"Organization\",\"@id\":\"https:\/\/fonasa.mindy.cl\/blog\/#organization\",\"name\":\"Mindy Fonasa Blog\",\"url\":\"https:\/\/fonasa.mindy.cl\/blog\/\",\"logo\":{\"@type\":\"ImageObject\",\"inLanguage\":\"es-CL\",\"@id\":\"https:\/\/fonasa.mindy.cl\/blog\/#\/schema\/logo\/image\/\",\"url\":\"https:\/\/fonasa.mindy.cl\/blog\/wp-content\/uploads\/2024\/07\/logo_cuadrado.png\",\"contentUrl\":\"https:\/\/fonasa.mindy.cl\/blog\/wp-content\/uploads\/2024\/07\/logo_cuadrado.png\",\"width\":300,\"height\":300,\"caption\":\"Mindy Fonasa Blog\"},\"image\":{\"@id\":\"https:\/\/fonasa.mindy.cl\/blog\/#\/schema\/logo\/image\/\"}},{\"@type\":\"Person\",\"@id\":\"https:\/\/fonasa.mindy.cl\/blog\/#\/schema\/person\/6b2fdf85e03858572a636b7b9ce17d81\",\"name\":\"reinaldo@mindy.cl\",\"url\":\"https:\/\/fonasa.mindy.cl\/blog\/author\/reinaldomindy-cl\/\"}]}<\/script>\n<!-- \/ Yoast SEO plugin. -->","yoast_head_json":{"title":"\u00bfLa esquizofrenia tiene cura? Te lo contamos","description":"Descubre si la esquizofrenia tiene cura, qu\u00e9 tratamientos existen y c\u00f3mo es posible una recuperaci\u00f3n funcional con apoyo profesional.","robots":{"index":"index","follow":"follow","max-snippet":"max-snippet:-1","max-image-preview":"max-image-preview:large","max-video-preview":"max-video-preview:-1"},"canonical":"https:\/\/fonasa.mindy.cl\/blog\/la-esquizofrenia-tiene-cura\/","og_locale":"es_ES","og_type":"article","og_title":"\u00bfLa esquizofrenia tiene cura? Te lo contamos","og_description":"Descubre si la esquizofrenia tiene cura, qu\u00e9 tratamientos existen y c\u00f3mo es posible una recuperaci\u00f3n funcional con apoyo profesional.","og_url":"https:\/\/fonasa.mindy.cl\/blog\/la-esquizofrenia-tiene-cura\/","og_site_name":"Mindy Fonasa Blog","article_published_time":"2025-09-03T22:33:33+00:00","article_modified_time":"2026-03-24T15:30:19+00:00","og_image":[{"width":750,"height":450,"url":"https:\/\/fonasa.mindy.cl\/blog\/wp-content\/uploads\/2025\/09\/tratamiento-psicologico.jpg","type":"image\/jpeg"}],"author":"reinaldo@mindy.cl","twitter_card":"summary_large_image","twitter_misc":{"Written by":"reinaldo@mindy.cl","Est. reading time":"12 minutos"},"schema":{"@context":"https:\/\/schema.org","@graph":[{"@type":"Article","@id":"https:\/\/fonasa.mindy.cl\/blog\/la-esquizofrenia-tiene-cura\/#article","isPartOf":{"@id":"https:\/\/fonasa.mindy.cl\/blog\/la-esquizofrenia-tiene-cura\/"},"author":{"name":"reinaldo@mindy.cl","@id":"https:\/\/fonasa.mindy.cl\/blog\/#\/schema\/person\/6b2fdf85e03858572a636b7b9ce17d81"},"headline":"\u00bfLa esquizofrenia tiene cura? Te lo contamos","datePublished":"2025-09-03T22:33:33+00:00","dateModified":"2026-03-24T15:30:19+00:00","mainEntityOfPage":{"@id":"https:\/\/fonasa.mindy.cl\/blog\/la-esquizofrenia-tiene-cura\/"},"wordCount":2689,"publisher":{"@id":"https:\/\/fonasa.mindy.cl\/blog\/#organization"},"image":{"@id":"https:\/\/fonasa.mindy.cl\/blog\/la-esquizofrenia-tiene-cura\/#primaryimage"},"thumbnailUrl":"https:\/\/fonasa.mindy.cl\/blog\/wp-content\/uploads\/2025\/09\/tratamiento-psicologico.jpg","articleSection":["Psic\u00f3logos Fonasa"],"inLanguage":"es-CL"},{"@type":"WebPage","@id":"https:\/\/fonasa.mindy.cl\/blog\/la-esquizofrenia-tiene-cura\/","url":"https:\/\/fonasa.mindy.cl\/blog\/la-esquizofrenia-tiene-cura\/","name":"\u00bfLa esquizofrenia tiene cura? Te lo contamos","isPartOf":{"@id":"https:\/\/fonasa.mindy.cl\/blog\/#website"},"primaryImageOfPage":{"@id":"https:\/\/fonasa.mindy.cl\/blog\/la-esquizofrenia-tiene-cura\/#primaryimage"},"image":{"@id":"https:\/\/fonasa.mindy.cl\/blog\/la-esquizofrenia-tiene-cura\/#primaryimage"},"thumbnailUrl":"https:\/\/fonasa.mindy.cl\/blog\/wp-content\/uploads\/2025\/09\/tratamiento-psicologico.jpg","datePublished":"2025-09-03T22:33:33+00:00","dateModified":"2026-03-24T15:30:19+00:00","description":"Descubre si la esquizofrenia tiene cura, qu\u00e9 tratamientos existen y c\u00f3mo es posible una recuperaci\u00f3n funcional con apoyo profesional.","breadcrumb":{"@id":"https:\/\/fonasa.mindy.cl\/blog\/la-esquizofrenia-tiene-cura\/#breadcrumb"},"inLanguage":"es-CL","potentialAction":[{"@type":"ReadAction","target":["https:\/\/fonasa.mindy.cl\/blog\/la-esquizofrenia-tiene-cura\/"]}]},{"@type":"ImageObject","inLanguage":"es-CL","@id":"https:\/\/fonasa.mindy.cl\/blog\/la-esquizofrenia-tiene-cura\/#primaryimage","url":"https:\/\/fonasa.mindy.cl\/blog\/wp-content\/uploads\/2025\/09\/tratamiento-psicologico.jpg","contentUrl":"https:\/\/fonasa.mindy.cl\/blog\/wp-content\/uploads\/2025\/09\/tratamiento-psicologico.jpg","width":750,"height":450,"caption":"la esquizofrenia tiene cura"},{"@type":"BreadcrumbList","@id":"https:\/\/fonasa.mindy.cl\/blog\/la-esquizofrenia-tiene-cura\/#breadcrumb","itemListElement":[{"@type":"ListItem","position":1,"name":"Home","item":"https:\/\/fonasa.mindy.cl\/blog\/"},{"@type":"ListItem","position":2,"name":"\u00bfLa esquizofrenia tiene cura? Te lo contamos"}]},{"@type":"WebSite","@id":"https:\/\/fonasa.mindy.cl\/blog\/#website","url":"https:\/\/fonasa.mindy.cl\/blog\/","name":"Mindy Fonasa Blog","description":"Un blog de salud mental","publisher":{"@id":"https:\/\/fonasa.mindy.cl\/blog\/#organization"},"potentialAction":[{"@type":"SearchAction","target":{"@type":"EntryPoint","urlTemplate":"https:\/\/fonasa.mindy.cl\/blog\/?s={search_term_string}"},"query-input":"required name=search_term_string"}],"inLanguage":"es-CL"},{"@type":"Organization","@id":"https:\/\/fonasa.mindy.cl\/blog\/#organization","name":"Mindy Fonasa Blog","url":"https:\/\/fonasa.mindy.cl\/blog\/","logo":{"@type":"ImageObject","inLanguage":"es-CL","@id":"https:\/\/fonasa.mindy.cl\/blog\/#\/schema\/logo\/image\/","url":"https:\/\/fonasa.mindy.cl\/blog\/wp-content\/uploads\/2024\/07\/logo_cuadrado.png","contentUrl":"https:\/\/fonasa.mindy.cl\/blog\/wp-content\/uploads\/2024\/07\/logo_cuadrado.png","width":300,"height":300,"caption":"Mindy Fonasa Blog"},"image":{"@id":"https:\/\/fonasa.mindy.cl\/blog\/#\/schema\/logo\/image\/"}},{"@type":"Person","@id":"https:\/\/fonasa.mindy.cl\/blog\/#\/schema\/person\/6b2fdf85e03858572a636b7b9ce17d81","name":"reinaldo@mindy.cl","url":"https:\/\/fonasa.mindy.cl\/blog\/author\/reinaldomindy-cl\/"}]}},"_links":{"self":[{"href":"https:\/\/fonasa.mindy.cl\/blog\/wp-json\/wp\/v2\/posts\/534"}],"collection":[{"href":"https:\/\/fonasa.mindy.cl\/blog\/wp-json\/wp\/v2\/posts"}],"about":[{"href":"https:\/\/fonasa.mindy.cl\/blog\/wp-json\/wp\/v2\/types\/post"}],"author":[{"embeddable":true,"href":"https:\/\/fonasa.mindy.cl\/blog\/wp-json\/wp\/v2\/users\/2"}],"replies":[{"embeddable":true,"href":"https:\/\/fonasa.mindy.cl\/blog\/wp-json\/wp\/v2\/comments?post=534"}],"version-history":[{"count":7,"href":"https:\/\/fonasa.mindy.cl\/blog\/wp-json\/wp\/v2\/posts\/534\/revisions"}],"predecessor-version":[{"id":1619,"href":"https:\/\/fonasa.mindy.cl\/blog\/wp-json\/wp\/v2\/posts\/534\/revisions\/1619"}],"wp:featuredmedia":[{"embeddable":true,"href":"https:\/\/fonasa.mindy.cl\/blog\/wp-json\/wp\/v2\/media\/535"}],"wp:attachment":[{"href":"https:\/\/fonasa.mindy.cl\/blog\/wp-json\/wp\/v2\/media?parent=534"}],"wp:term":[{"taxonomy":"category","embeddable":true,"href":"https:\/\/fonasa.mindy.cl\/blog\/wp-json\/wp\/v2\/categories?post=534"},{"taxonomy":"post_tag","embeddable":true,"href":"https:\/\/fonasa.mindy.cl\/blog\/wp-json\/wp\/v2\/tags?post=534"}],"curies":[{"name":"wp","href":"https:\/\/api.w.org\/{rel}","templated":true}]}}