{"id":515,"date":"2025-09-03T17:50:59","date_gmt":"2025-09-03T21:50:59","guid":{"rendered":"https:\/\/fonasa.mindy.cl\/blog\/?p=515"},"modified":"2026-03-25T13:12:12","modified_gmt":"2026-03-25T16:12:12","slug":"tipos-de-esquizofrenia","status":"publish","type":"post","link":"https:\/\/fonasa.mindy.cl\/blog\/tipos-de-esquizofrenia\/","title":{"rendered":"\u00bfCu\u00e1ntos tipos de esquizofrenia existen seg\u00fan la ciencia?"},"content":{"rendered":"\n<p>Hablar de los <strong>tipos de esquizofrenia<\/strong> puede parecer confuso al principio, pero es clave para entender mejor este trastorno, acompa\u00f1ar de forma m\u00e1s emp\u00e1tica y buscar el tratamiento adecuado sin caer en etiquetas que limitan.<\/p>\n\n\n\n<p>He escuchado muchas veces la pregunta:<strong> \u201c\u00bfCu\u00e1ntos tipos de esquizofrenia existen?\u201d<\/strong>. Y aunque la ciencia ha avanzado mucho en su comprensi\u00f3n, todav\u00eda es com\u00fan encontrarse con distintas formas de nombrarla o clasificarla. <\/p>\n\n\n\n<p>En este art\u00edculo, quiero explicarte de forma clara y sin tecnicismos qu\u00e9 significa eso de los \u201ctipos\u201d de esquizofrenia, por qu\u00e9 ya no se clasifican como antes, y c\u00f3mo eso influye en el diagn\u00f3stico y tratamiento hoy en d\u00eda. Todo esto, con un enfoque cercano, actualizado y \u00fatil, especialmente si t\u00fa o alguien cercano est\u00e1 enfrentando este diagn\u00f3stico o mostrando se\u00f1ales de alerta.<\/p>\n\n\n\n<h2 class=\"wp-block-heading has-x-large-font-size\"><strong>\u00bfC\u00f3mo entendemos hoy los tipos de esquizofrenia?<\/strong><\/h2>\n\n\n\n<p>Durante muchos a\u00f1os, la psiquiatr\u00eda utiliz\u00f3 subtipos para clasificar a las personas con esquizofrenia seg\u00fan los s\u00edntomas que predominaban. Tal vez has escuchado hablar de la <strong>esquizofrenia paranoide<\/strong>, <strong>catat\u00f3nica<\/strong>, <strong>desorganizada<\/strong>, <strong>residual<\/strong> o <strong>indiferenciada<\/strong>. Estos nombres ayudaban a orientar los tratamientos y a explicar lo que ocurr\u00eda de forma m\u00e1s concreta.<\/p>\n\n\n\n<p>Sin embargo, en los \u00faltimos a\u00f1os, este enfoque ha cambiado. Hoy se entiende que la esquizofrenia <strong>no es un conjunto de categor\u00edas separadas<\/strong>, sino un <strong>espectro<\/strong> en el que los s\u00edntomas pueden combinarse de formas muy distintas, variar en el tiempo y presentarse con diferente intensidad en cada persona.<\/p>\n\n\n\n<h3 class=\"wp-block-heading has-large-font-size\"><strong>El cambio en los manuales diagn\u00f3sticos sobre los tipos de esquizofrenia<\/strong><\/h3>\n\n\n\n<p>Desde 2013, con la publicaci\u00f3n del <strong>DSM-5<\/strong> (Manual Diagn\u00f3stico y Estad\u00edstico de los Trastornos Mentales, versi\u00f3n 5), se elimin\u00f3 oficialmente la clasificaci\u00f3n por subtipos. \u00bfPor qu\u00e9? Porque en la pr\u00e1ctica cl\u00ednica se observaba que muchas personas:<\/p>\n\n\n\n<ul>\n<li>Cambiaban de subtipo con el tiempo.<\/li>\n\n\n\n<li>No encajaban del todo en ninguno de ellos.<\/li>\n\n\n\n<li>Ten\u00edan s\u00edntomas combinados de varios subtipos a la vez.<\/li>\n<\/ul>\n\n\n\n<p>Adem\u00e1s, estos subtipos <strong>no predec\u00edan con claridad ni el pron\u00f3stico ni la respuesta al tratamiento<\/strong>, lo que los hac\u00eda poco \u00fatiles para orientar el abordaje cl\u00ednico de forma personalizada.<\/p>\n\n\n\n<p>A cambio, hoy se prefiere hablar de un <strong><a href=\"https:\/\/fonasa.mindy.cl\/blog\/esquizofrenia-sintomas\/\">modelo dimensional<\/a><\/strong>, donde lo importante no es tanto a qu\u00e9 tipo pertenece la persona, sino <strong>qu\u00e9 s\u00edntomas predominan, cu\u00e1n intensos son, cu\u00e1nto afectan su funcionalidad y c\u00f3mo han evolucionado en el tiempo<\/strong>.<\/p>\n\n\n\n<h2 class=\"wp-block-heading has-x-large-font-size\"><strong>\u00bfPor qu\u00e9 sigue habl\u00e1ndose de tipos de esquizofrenia?<\/strong><\/h2>\n\n\n\n<p>Aunque ya no sean parte del diagn\u00f3stico oficial, <strong>los subtipos tradicionales siguen siendo una herramienta \u00fatil para explicar el trastorno<\/strong>, especialmente para personas que est\u00e1n reci\u00e9n comenzando a informarse. Tambi\u00e9n ayudan a generar conciencia sobre la <strong>diversidad de formas que puede adoptar la esquizofrenia<\/strong>. No todos los cuadros son iguales, y no todos los <a href=\"https:\/\/es.wikipedia.org\/wiki\/Esquizofrenia\">tratamientos<\/a> sirven por igual.<\/p>\n\n\n\n<p>Por ejemplo:<\/p>\n\n\n\n<ul>\n<li>Una persona que escucha voces y cree que la vigilan, pero mantiene una vida estructurada, probablemente se asocie al perfil paranoide.<\/li>\n\n\n\n<li>Otra que deja de hablar, se queda inm\u00f3vil o repite movimientos sin sentido puede estar atravesando un cuadro con rasgos catat\u00f3nicos.<\/li>\n\n\n\n<li>Y otra que se expresa con frases confusas, emociones desconectadas y comportamientos desorganizados puede reflejar un patr\u00f3n m\u00e1s hebepr\u00e9nico o desorganizado.<\/li>\n<\/ul>\n\n\n\n<p>Nombrar estas diferencias <strong>no es para encasillar<\/strong>, sino para comprender mejor, adaptar las intervenciones y dar respuestas m\u00e1s ajustadas a lo que cada persona necesita.<\/p>\n\n\n\n<h2 class=\"wp-block-heading has-x-large-font-size\"><strong>Una mirada m\u00e1s humana y personalizada de los tipos de esquizofrenia<\/strong><\/h2>\n\n\n\n<figure class=\"wp-block-image alignwide size-full\"><img loading=\"lazy\" decoding=\"async\" width=\"640\" height=\"427\" src=\"https:\/\/fonasa.mindy.cl\/blog\/wp-content\/uploads\/2025\/12\/pexels-daniel-reche-718241-5202003.jpg\" alt=\"Tipos de esquizofrenia\" class=\"wp-image-1094\"\/><\/figure>\n\n\n\n<p>M\u00e1s all\u00e1 de las categor\u00edas, lo importante es recordar que <strong>cada caso de esquizofrenia es \u00fanico<\/strong>. Y si bien es \u00fatil conocer los tipos de esquizofrenia para orientarse, lo m\u00e1s valioso es hacer una evaluaci\u00f3n completa y personalizada, que tenga en cuenta no solo los s\u00edntomas, sino tambi\u00e9n la historia personal, el entorno, las capacidades y los recursos de quien vive con este diagn\u00f3stico.<\/p>\n\n\n\n<p>En Mindy, trabajamos desde esa mirada: sin etiquetas que limiten, con acompa\u00f1amiento profesional basado en evidencia y con la posibilidad de acceder a atenci\u00f3n psicol\u00f3gica online con <strong>cobertura Fonasa<\/strong>, para que nadie se quede sin apoyo por barreras econ\u00f3micas o de acceso.<\/p>\n\n\n\n<p>Conocer los tipos de esquizofrenia es apenas el primer paso. Lo esencial es saber c\u00f3mo acompa\u00f1ar, c\u00f3mo tratar y c\u00f3mo construir un camino de recuperaci\u00f3n posible, paso a paso, con respeto y sin estigmas.<\/p>\n\n\n\n<h3 class=\"wp-block-heading has-large-font-size\"><strong>Tipos cl\u00e1sicos de esquizofrenia<\/strong><\/h3>\n\n\n\n<p>Aunque ya no forman parte de los criterios diagn\u00f3sticos actuales, los <strong>tipos cl\u00e1sicos de esquizofrenia<\/strong> siguen siendo relevantes para entender c\u00f3mo se presentan los distintos cuadros dentro del espectro. Esta clasificaci\u00f3n proviene del <strong>DSM-IV<\/strong> y del <strong>CIE-10<\/strong>, dos manuales ampliamente usados en psiquiatr\u00eda durante d\u00e9cadas. Identificar estos subtipos ayuda a comprender mejor los s\u00edntomas predominantes, las necesidades de tratamiento y la experiencia \u00fanica de cada persona.<\/p>\n\n\n\n<p>A continuaci\u00f3n, te explico cada uno de los principales tipos de esquizofrenia seg\u00fan esta clasificaci\u00f3n hist\u00f3rica.<\/p>\n\n\n\n<h4 class=\"wp-block-heading has-medium-font-size\"><strong>Esquizofrenia paranoide<\/strong><\/h4>\n\n\n\n<p><strong><a href=\"https:\/\/fonasa.mindy.cl\/blog\/esquizofrenia-paranoide\/\">La esquizofrenia paranoide<\/a><\/strong> es el subtipo m\u00e1s conocido y frecuente. Se caracteriza por un pensamiento relativamente organizado, pero con una fuerte presencia de <strong>delirios persecutorios<\/strong> y <strong>alucinaciones auditivas<\/strong>. La persona puede creer que alguien la esp\u00eda, que hay un complot en su contra o que tiene poderes especiales. Es com\u00fan que escuche voces que la amenazan, la critican o le dan \u00f3rdenes.<\/p>\n\n\n\n<p>Quienes tienen este subtipo pueden mantener cierta funcionalidad, especialmente en las fases iniciales, pero suelen vivir con una <strong>desconfianza constante<\/strong>, lo que dificulta sus relaciones sociales y familiares.<\/p>\n\n\n\n<h4 class=\"wp-block-heading has-medium-font-size\"><strong>Esquizofrenia desorganizada (o hebepr\u00e9nica)<\/strong><\/h4>\n\n\n\n<p>Aqu\u00ed lo que predomina es la <strong>desorganizaci\u00f3n del pensamiento, del lenguaje y del comportamiento<\/strong>. La persona puede hablar de forma incoherente, expresar emociones inapropiadas (como re\u00edrse en momentos tristes) o tener dificultades para organizar sus actividades cotidianas.<\/p>\n\n\n\n<p>Es uno de los subtipos m\u00e1s incapacitantes, ya que afecta de forma severa la funcionalidad global. Las personas con esquizofrenia desorganizada suelen necesitar <strong>mayor apoyo psicosocial<\/strong> y estructura en su vida diaria.<\/p>\n\n\n\n<h4 class=\"wp-block-heading has-medium-font-size\"><strong>Esquizofrenia catat\u00f3nica<\/strong><\/h4>\n\n\n\n<p>Este subtipo se caracteriza por <strong>alteraciones motoras extremas<\/strong>. La persona puede permanecer inm\u00f3vil durante horas (estado catat\u00f3nico), adoptar posturas r\u00edgidas, resistirse al movimiento o presentar agitaci\u00f3n intensa sin motivo aparente. Tambi\u00e9n puede haber <strong>mutismo<\/strong>, ecolalia (repetici\u00f3n de palabras) o ecolalia (repetici\u00f3n de gestos).<\/p>\n\n\n\n<p>Aunque es menos com\u00fan, la <strong><a href=\"https:\/\/fonasa.mindy.cl\/blog\/esquizofrenia-catatonica\/\">esquizofrenia catat\u00f3nica<\/a><\/strong> requiere atenci\u00f3n urgente, ya que puede comprometer la salud f\u00edsica y poner en riesgo la vida del paciente.<\/p>\n\n\n\n<h4 class=\"wp-block-heading has-medium-font-size\"><strong>Esquizofrenia indiferenciada<\/strong><\/h4>\n\n\n\n<p>Cuando una persona presenta s\u00edntomas de esquizofrenia, pero <strong>no encaja claramente en ning\u00fan subtipo espec\u00edfico<\/strong>, se utiliza esta categor\u00eda como es el caso de la <strong><a href=\"https:\/\/fonasa.mindy.cl\/blog\/depresion-psicotica-comprendiendo-el-quiebre-con-la-realidad\/\">depresi\u00f3n psic\u00f3tica<\/a><\/strong>. Es un diagn\u00f3stico \u201cpor descarte\u201d que se aplica cuando hay una combinaci\u00f3n de s\u00edntomas paranoides, desorganizados o catat\u00f3nicos, pero sin un predominio claro.<\/p>\n\n\n\n<p>Este tipo refleja la <strong>complejidad y variedad de manifestaciones<\/strong> que puede tener la enfermedad.<\/p>\n\n\n\n<h4 class=\"wp-block-heading has-medium-font-size\"><strong>Esquizofrenia residual<\/strong><\/h4>\n\n\n\n<p>En este caso, los <strong>s\u00edntomas positivos<\/strong> (delirios, alucinaciones) ya no son intensos o est\u00e1n ausentes, pero persisten s\u00edntomas <strong>negativos<\/strong> como:<\/p>\n\n\n\n<ul>\n<li>Aplanamiento emocional.<\/li>\n\n\n\n<li>Pobreza del lenguaje.<\/li>\n\n\n\n<li>Falta de iniciativa.<\/li>\n\n\n\n<li>Retraimiento social.<\/li>\n<\/ul>\n\n\n\n<p>Es una forma m\u00e1s \u201csilenciosa\u201d de esquizofrenia, pero no por eso menos limitante. Afecta la capacidad de mantener relaciones, trabajar o cuidar de uno mismo.<\/p>\n\n\n\n<h4 class=\"wp-block-heading has-medium-font-size\"><strong>Esquizofrenia simple (no incluida en todos los manuales)<\/strong><\/h4>\n\n\n\n<p>Algunos sistemas clasificatorios, como el CIE-10, incluyen la <strong>esquizofrenia simple<\/strong>, en la cual no hay brotes psic\u00f3ticos agudos, pero s\u00ed un <strong>deterioro progresivo de la motivaci\u00f3n, las emociones y la funcionalidad<\/strong>. Es una forma insidiosa que puede pasar desapercibida durante a\u00f1os, y que muchas veces se confunde con depresi\u00f3n, trastornos de personalidad o desinter\u00e9s vital.<\/p>\n\n\n\n<p>Estos subtipos cl\u00e1sicos, aunque hoy no se usen de forma oficial, siguen siendo importantes para reconocer <strong>los distintos caminos que puede tomar la esquizofrenia<\/strong>. Comprenderlos no es poner etiquetas, sino abrir posibilidades para un acompa\u00f1amiento m\u00e1s ajustado, humano y efectivo.<\/p>\n\n\n\n<p>Y si est\u00e1s atravesando algo de esto, o conoces a alguien que lo est\u00e9, en Mindy puedes encontrar un espacio de escucha, comprensi\u00f3n y atenci\u00f3n psicol\u00f3gica online con cobertura Fonasa, accesible y sin burocracias. Porque nadie deber\u00eda enfrentar estos desaf\u00edos sin apoyo.<\/p>\n\n\n\n<h3 class=\"wp-block-heading has-large-font-size\"><strong>De subtipos a espectro: \u00bfqu\u00e9 cambi\u00f3?<\/strong><\/h3>\n\n\n\n<p>Durante d\u00e9cadas, los profesionales de salud mental clasificaron la esquizofrenia en distintos subtipos, como paranoide, desorganizada o catat\u00f3nica. Esta clasificaci\u00f3n serv\u00eda como una gu\u00eda para entender los s\u00edntomas predominantes y planificar el tratamiento. Sin embargo, con el avance de la investigaci\u00f3n, se evidenci\u00f3 que esta divisi\u00f3n resultaba <strong>poco precisa y de escasa utilidad cl\u00ednica real<\/strong>.<\/p>\n\n\n\n<h3 class=\"wp-block-heading has-large-font-size\"><strong>El fin de los subtipos en el DSM-5<\/strong><\/h3>\n\n\n\n<p>En 2013, el <strong>DSM-5 (Manual Diagn\u00f3stico y Estad\u00edstico de los Trastornos Mentales)<\/strong> elimin\u00f3 oficialmente los subtipos de esquizofrenia. \u00bfLa raz\u00f3n? La mayor\u00eda de los pacientes no encajaban claramente en un solo subtipo, o presentaban s\u00edntomas de varios al mismo tiempo. Adem\u00e1s, los subtipos <strong>no predec\u00edan de manera confiable la evoluci\u00f3n del trastorno, la respuesta al tratamiento ni el pron\u00f3stico<\/strong>.<\/p>\n\n\n\n<p>En vez de utilizar etiquetas r\u00edgidas, el DSM-5 propuso una visi\u00f3n m\u00e1s flexible y realista: entender la esquizofrenia como un <strong>espectro de s\u00edntomas<\/strong>, donde cada persona puede presentar distintos grados de desorganizaci\u00f3n, delirios, alucinaciones, s\u00edntomas negativos y deterioro cognitivo.<\/p>\n\n\n\n<h3 class=\"wp-block-heading has-large-font-size\"><strong>El enfoque del CIE-11 y los descriptores cl\u00ednicos<\/strong><\/h3>\n\n\n\n<p>De manera similar, el <strong>CIE-11 (Clasificaci\u00f3n Internacional de Enfermedades de la OMS)<\/strong> tambi\u00e9n dej\u00f3 atr\u00e1s la clasificaci\u00f3n por subtipos. En su lugar, permite que los profesionales agreguen <strong>descriptores espec\u00edficos<\/strong> como \u201ccon s\u00edntomas negativos predominantes\u201d o \u201ccon caracter\u00edsticas catat\u00f3nicas\u201d, lo que ofrece mayor precisi\u00f3n sin encasillar a la persona en un subtipo fijo.<\/p>\n\n\n\n<p>Este enfoque <strong>permite adaptar el diagn\u00f3stico a lo que realmente vive el paciente<\/strong>, en lugar de forzarlo a calzar en una categor\u00eda antigua que podr\u00eda no representar su experiencia completa.<\/p>\n\n\n\n<h2 class=\"wp-block-heading has-x-large-font-size\"><strong>Modelo dimensional: evaluar lo que realmente importa de los tipos de esquizofrenia<\/strong><\/h2>\n\n\n\n<figure class=\"wp-block-image aligncenter size-full\"><img loading=\"lazy\" decoding=\"async\" width=\"640\" height=\"427\" src=\"https:\/\/fonasa.mindy.cl\/blog\/wp-content\/uploads\/2026\/03\/pexels-cottonbro-7670325-1.jpg\" alt=\"Tipos de esquizofrenia\" class=\"wp-image-1806\"\/><\/figure>\n\n\n\n<p>Hoy en d\u00eda, el diagn\u00f3stico de esquizofrenia se realiza evaluando <strong>dimensiones sintom\u00e1ticas<\/strong>. Las principales incluyen:<\/p>\n\n\n\n<ul>\n<li><strong>S\u00edntomas positivos<\/strong>: delirios, alucinaciones, desorganizaci\u00f3n del pensamiento.<\/li>\n\n\n\n<li><strong>S\u00edntomas negativos<\/strong>: aplanamiento afectivo, falta de motivaci\u00f3n, retraimiento social.<\/li>\n\n\n\n<li><strong>S\u00edntomas cognitivos<\/strong>: dificultad para concentrarse, tomar decisiones, recordar informaci\u00f3n.<\/li>\n\n\n\n<li><strong>Afectividad y estado de \u00e1nimo<\/strong>: presencia de depresi\u00f3n, ansiedad, irritabilidad.<\/li>\n\n\n\n<li><strong>Grado de funcionalidad social y ocupacional<\/strong>.<\/li>\n<\/ul>\n\n\n\n<p>Este modelo <strong>no solo ayuda a comprender mejor cada caso<\/strong>, sino que tambi\u00e9n permite planificar un tratamiento m\u00e1s ajustado a las necesidades reales de la persona.<\/p>\n\n\n\n<p>En vez de decir \u201ctiene esquizofrenia paranoide\u201d, hoy un profesional podr\u00eda decir: \u201ces un cuadro con predominio de s\u00edntomas positivos, especialmente delirios persecutorios, con leve desorganizaci\u00f3n del pensamiento y buena conservaci\u00f3n funcional\u201d. Esa descripci\u00f3n es m\u00e1s detallada y, sobre todo, m\u00e1s \u00fatil para dise\u00f1ar una estrategia terap\u00e9utica adecuada.<\/p>\n\n\n\n<p>Este cambio de paradigma refleja una evoluci\u00f3n importante: <strong>pasamos de una visi\u00f3n encasilladora a una comprensi\u00f3n m\u00e1s humana, individual y din\u00e1mica<\/strong> del trastorno. Porque, al final, no se trata de encajar en una categor\u00eda, sino de recibir el apoyo que cada persona necesita, con precisi\u00f3n, respeto y continuidad.<\/p>\n\n\n\n<h3 class=\"wp-block-heading has-large-font-size\"><strong>Esquizofrenia como espectro: la mirada moderna<\/strong><\/h3>\n\n\n\n<p>Cuando hablamos hoy de <strong>tipos de esquizofrenia<\/strong>, ya no nos referimos a etiquetas cerradas, sino a un conjunto de manifestaciones que se presentan en distintas combinaciones e intensidades. Esta es la base del <strong>modelo espectral<\/strong>, que permite observar el trastorno desde una perspectiva m\u00e1s realista y ajustada a cada persona.<\/p>\n\n\n\n<p>En lugar de pensar en cinco o seis tipos distintos, la mirada actual propone analizar <strong>dimensiones sintom\u00e1ticas<\/strong> que se pueden presentar juntas, alternarse o variar a lo largo del tiempo. Es decir, ya no preguntamos \u201c\u00bfqu\u00e9 tipo de esquizofrenia tiene esta persona?\u201d, sino \u201c\u00bfqu\u00e9 s\u00edntomas predominan ahora y c\u00f3mo impactan su vida?\u201d. Por ejemplo, adem\u00e1s de los adultos esta la <strong><a href=\"https:\/\/fonasa.mindy.cl\/blog\/esquizofrenia-infantil\/\">esquizofrenia infantil o en ni\u00f1os<\/a><\/strong> de mas dif\u00edcil diagnostico y tratamiento.<\/p>\n\n\n\n<h3 class=\"wp-block-heading has-large-font-size\"><strong>Evaluar dimensiones sintom\u00e1ticas de la esquizofrenia, para no encasillar<\/strong><\/h3>\n\n\n\n<p>El modelo espectral permite evaluar con mayor profundidad lo siguiente:<\/p>\n\n\n\n<ul>\n<li><strong>S\u00edntomas positivos<\/strong>: como alucinaciones y delirios, que alteran directamente la percepci\u00f3n de la realidad.<\/li>\n\n\n\n<li><strong>S\u00edntomas negativos<\/strong>: como la falta de motivaci\u00f3n, expresi\u00f3n emocional limitada o disminuci\u00f3n del habla espont\u00e1nea.<\/li>\n\n\n\n<li><strong>Desorganizaci\u00f3n<\/strong>: conductas sin sentido aparente, lenguaje incoherente o pensamiento il\u00f3gico.<\/li>\n\n\n\n<li><strong>Deterioro cognitivo<\/strong>: dificultades en la memoria, atenci\u00f3n, planificaci\u00f3n o toma de decisiones.<\/li>\n\n\n\n<li><strong>Cambios afectivos<\/strong>: irritabilidad, ansiedad o depresi\u00f3n que pueden acompa\u00f1ar el cuadro psic\u00f3tico.<\/li>\n\n\n\n<li><strong>Funcionamiento general<\/strong>: nivel de autonom\u00eda, relaciones personales, vida acad\u00e9mica o laboral.<\/li>\n<\/ul>\n\n\n\n<p>Esta forma de evaluar no solo es m\u00e1s completa, sino que <strong>permite adaptar el tratamiento<\/strong> a la realidad cl\u00ednica actual de la persona, y no a un diagn\u00f3stico fijo establecido a\u00f1os atr\u00e1s.<\/p>\n\n\n\n<h3 class=\"wp-block-heading has-large-font-size\"><strong>M\u00e1s all\u00e1 del diagn\u00f3stico de la esquizofrenia: una visi\u00f3n centrada en la persona<\/strong><\/h3>\n\n\n\n<p>Cada caso dentro del espectro esquizofr\u00e9nico es \u00fanico. Dos personas pueden presentar s\u00edntomas psic\u00f3ticos, pero una mantener su trabajo y relaciones, y otra verse completamente aislada. Por eso, <strong>la mirada moderna se centra en la funcionalidad<\/strong>, no solo en los s\u00edntomas. El foco ya no es \u201cencajar\u201d en una definici\u00f3n, sino <strong>entender c\u00f3mo el trastorno afecta la vida cotidiana<\/strong> y qu\u00e9 herramientas se pueden brindar para mejorar esa experiencia.<\/p>\n\n\n\n<p>Esta forma de trabajar tiene enormes ventajas:<\/p>\n\n\n\n<ul>\n<li><strong>Evita la rigidez de los subtipos antiguos<\/strong>, que muchas veces limitaban el abordaje terap\u00e9utico.<\/li>\n\n\n\n<li><strong>Permite mayor flexibilidad en el seguimiento cl\u00ednico<\/strong>, ya que se adapta a los cambios del cuadro con el tiempo.<\/li>\n\n\n\n<li><strong>Reduce el estigma<\/strong>, al dejar de asociar a la persona con una etiqueta fija.<\/li>\n\n\n\n<li><strong>Potencia la recuperaci\u00f3n funcional<\/strong>, al centrarse en lo que s\u00ed puede fortalecerse o recuperarse, en lugar de se\u00f1alar lo que \u201cfalta\u201d.<\/li>\n<\/ul>\n\n\n\n<h3 class=\"wp-block-heading has-large-font-size\"><strong>El modelo espectral aplicado en la pr\u00e1ctica<\/strong><\/h3>\n\n\n\n<p>En contextos cl\u00ednicos actuales, como en Mindy, lo que m\u00e1s importa no es si una persona tiene \u201cesquizofrenia paranoide\u201d o \u201cresidual\u201d, sino c\u00f3mo se manifiestan sus s\u00edntomas hoy y qu\u00e9 herramientas necesita para mejorar su calidad de vida. Por ejemplo:<\/p>\n\n\n\n<ul>\n<li>Una persona con s\u00edntomas positivos intensos pero buena conciencia de enfermedad podr\u00eda beneficiarse con antipsic\u00f3ticos de nueva generaci\u00f3n y un programa de psicoeducaci\u00f3n.<\/li>\n\n\n\n<li>Otra, con predominio de s\u00edntomas negativos, necesitar\u00e1 apoyo estructurado, rehabilitaci\u00f3n cognitiva y psicoterapia enfocada en activaci\u00f3n conductual.<\/li>\n\n\n\n<li>Y una tercera, que ha vivido m\u00faltiples reca\u00eddas, necesitar\u00e1 un plan de continuidad de cuidados, acompa\u00f1amiento familiar y seguimiento estrecho en salud mental.<\/li>\n<\/ul>\n\n\n\n<p>Cada intervenci\u00f3n se dise\u00f1a <strong>desde el perfil actual de la persona<\/strong>, no desde una categor\u00eda diagn\u00f3stica antigua.<\/p>\n\n\n\n<p>Hoy m\u00e1s que nunca, el foco est\u00e1 puesto en <strong>c\u00f3mo vive la persona su experiencia subjetiva, c\u00f3mo se relaciona con su entorno y qu\u00e9 recursos tiene (o necesita) para recuperar autonom\u00eda y bienestar<\/strong>. La clasificaci\u00f3n ha pasado a segundo plano, y eso ha sido un gran paso hacia un abordaje m\u00e1s \u00e9tico, m\u00e1s efectivo y m\u00e1s humano.<\/p>\n\n\n\n<h3 class=\"wp-block-heading has-large-font-size\"><strong>\u00bfC\u00f3mo influye el perfil cl\u00ednico en el tratamiento?<\/strong><\/h3>\n\n\n\n<p>Entender los <strong>tipos de esquizofrenia<\/strong> desde el enfoque actual \u2014como perfiles sintom\u00e1ticos dentro de un espectro\u2014 tiene implicancias directas y muy pr\u00e1cticas para el tratamiento. Ya no se trata de seguir un protocolo \u00fanico seg\u00fan la etiqueta diagn\u00f3stica, sino de <strong>adaptar la intervenci\u00f3n a los s\u00edntomas que predominan en cada momento<\/strong>, a la historia personal del paciente y a su nivel de funcionamiento.<\/p>\n\n\n\n<p>Una persona con predominio de delirios necesitar\u00e1 algo muy distinto a quien presenta apat\u00eda extrema o deterioro cognitivo. Esta forma de trabajar <strong>permite ofrecer un tratamiento verdaderamente individualizado<\/strong>, m\u00e1s efectivo y m\u00e1s humano.<\/p>\n\n\n\n<h2 class=\"wp-block-heading has-x-large-font-size\"><strong>Adaptar la estrategia seg\u00fan los s\u00edntomas predominantes de la esquizofrenia<\/strong><\/h2>\n\n\n\n<p>Cada combinaci\u00f3n de s\u00edntomas implica desaf\u00edos espec\u00edficos, y por tanto, <strong>respuestas cl\u00ednicas diferentes<\/strong>:<\/p>\n\n\n\n<ul>\n<li>Si predominan <strong>s\u00edntomas positivos<\/strong> (delirios, alucinaciones): lo m\u00e1s relevante es reducir la intensidad psic\u00f3tica. Se indican <strong>antipsic\u00f3ticos<\/strong>, acompa\u00f1amiento cl\u00ednico frecuente y, una vez estabilizado el cuadro, psicoterapia cognitiva para trabajar el contenido delirante o alucinatorio.<\/li>\n\n\n\n<li>Si predominan <strong>s\u00edntomas negativos<\/strong> (apat\u00eda, retraimiento, falta de motivaci\u00f3n): es fundamental trabajar con <strong>activaci\u00f3n conductual<\/strong>, rehabilitaci\u00f3n funcional, psicoeducaci\u00f3n y apoyo estructurado para recuperar rutinas b\u00e1sicas.<\/li>\n\n\n\n<li>En casos con <strong>catatonia<\/strong> (mutismo, rigidez motora, posturas extra\u00f1as): el abordaje puede incluir <strong>benzodiacepinas<\/strong> o incluso terapias f\u00edsicas y tratamiento hospitalario en fases agudas. Aqu\u00ed, actuar r\u00e1pido es vital.<\/li>\n\n\n\n<li>Si hay deterioro cognitivo significativo: se requiere un enfoque de <strong>rehabilitaci\u00f3n neurocognitiva<\/strong>, adaptaciones en el entorno, y entrenamiento en habilidades de vida diaria.<\/li>\n\n\n\n<li>Cuando hay <strong>afectaci\u00f3n emocional<\/strong> (como s\u00edntomas depresivos o ansiosos coexistentes): puede ser necesario agregar antidepresivos o ansiol\u00edticos, y siempre es recomendable la intervenci\u00f3n psicoterap\u00e9utica centrada en regulaci\u00f3n emocional.<\/li>\n<\/ul>\n\n\n\n<h3 class=\"wp-block-heading has-large-font-size\"><strong>Valor pr\u00e1ctico del conocimiento de los subtipos cl\u00e1sicos<\/strong><\/h3>\n\n\n\n<p>Aunque ya no sean parte del diagn\u00f3stico oficial, <strong>los subtipos hist\u00f3ricos de esquizofrenia siguen siendo \u00fatiles como referencia cl\u00ednica<\/strong>. Sirven como punto de partida para entender la evoluci\u00f3n de ciertos s\u00edntomas y anticipar necesidades espec\u00edficas.<\/p>\n\n\n\n<p>Por ejemplo:<\/p>\n\n\n\n<ul>\n<li>La <strong>esquizofrenia paranoide<\/strong> suele implicar buena conservaci\u00f3n cognitiva, por lo que el trabajo terap\u00e9utico puede avanzar m\u00e1s r\u00e1pidamente.<\/li>\n\n\n\n<li>En la <strong>esquizofrenia desorganizada<\/strong>, es probable que se requiera mayor apoyo psicosocial y estructura externa.<\/li>\n\n\n\n<li>La <strong>esquizofrenia residual<\/strong> puede implicar a\u00f1os de inactividad y desmotivaci\u00f3n, requiriendo intervenciones m\u00e1s sostenidas en el tiempo.<\/li>\n<\/ul>\n\n\n\n<p>Conocer estos perfiles permite al profesional <strong>prepararse para lo que puede venir<\/strong>, ajustar expectativas y dise\u00f1ar planes de tratamiento m\u00e1s realistas y sostenibles.<\/p>\n\n\n\n<h3 class=\"wp-block-heading has-large-font-size\"><strong>Ventajas del enfoque espectral en salud mental moderna<\/strong><\/h3>\n\n\n\n<p>Este modelo tiene beneficios concretos tanto para los equipos cl\u00ednicos como para quienes viven con esquizofrenia:<\/p>\n\n\n\n<ul>\n<li><strong>Mayor precisi\u00f3n diagn\u00f3stica<\/strong>: describe mejor lo que ocurre en cada momento, sin necesidad de encajar en una categor\u00eda r\u00edgida.<\/li>\n\n\n\n<li><strong>Intervenciones m\u00e1s eficaces<\/strong>: se eligen las herramientas terap\u00e9uticas m\u00e1s \u00fatiles para los s\u00edntomas predominantes.<\/li>\n\n\n\n<li><strong>Mejor comunicaci\u00f3n con el paciente y su entorno<\/strong>: hablar en t\u00e9rminos comprensibles sobre \u201cqu\u00e9 s\u00edntomas hay y c\u00f3mo tratarlos\u201d genera mayor adherencia al tratamiento.<\/li>\n\n\n\n<li><strong>Planificaci\u00f3n a largo plazo<\/strong>: se puede anticipar qu\u00e9 apoyos necesitar\u00e1 la persona en el futuro, seg\u00fan c\u00f3mo evoluciona su cuadro.<\/li>\n<\/ul>\n\n\n\n<p>En Mindy trabajamos precisamente desde este enfoque. No nos enfocamos en una etiqueta, sino en <strong>entender profundamente lo que est\u00e1 ocurriendo<\/strong>, con respeto, evidencia cient\u00edfica y una atenci\u00f3n personalizada que, adem\u00e1s, puede estar al alcance de todos gracias a la <strong>cobertura Fonasa<\/strong>. Porque el tratamiento de la esquizofrenia no es solo farmacol\u00f3gico: es emocional, relacional, humano. Y cada persona merece un acompa\u00f1amiento a su medida.<\/p>\n\n\n\n<h3 class=\"wp-block-heading has-large-font-size\"><strong>Acompa\u00f1amiento accesible frente a los tipos de esquizofrenia<\/strong><\/h3>\n\n\n\n<p>Comprender los <strong>tipos de esquizofrenia<\/strong> desde el enfoque moderno no solo mejora el tratamiento. Tambi\u00e9n <strong>alivia<\/strong>, <strong>orienta<\/strong> y <strong>abre caminos<\/strong>. Porque cuando t\u00fa o alguien cercano recibe este diagn\u00f3stico, lo primero que suele aparecer es la incertidumbre: \u00bfqu\u00e9 significa esto? \u00bfEs para siempre? \u00bfSe puede vivir bien con esto? \u00bfC\u00f3mo ayudo? \u00bfC\u00f3mo me ayudo?<\/p>\n\n\n\n<p>En ese momento, tener informaci\u00f3n clara y acceso a acompa\u00f1amiento profesional puede marcar una diferencia inmensa. No se trata solo de entender el diagn\u00f3stico en t\u00e9rminos cl\u00ednicos. Se trata de saber <strong>qu\u00e9 hacer<\/strong>, <strong>a qui\u00e9n acudir<\/strong>, y <strong>c\u00f3mo empezar un camino de cuidado que no sea solitario ni desbordante<\/strong>.<\/p>\n\n\n\n<h3 class=\"wp-block-heading has-large-font-size\"><strong>Saber qu\u00e9 perfil cl\u00ednico sobre la esquizofrenia predomina permite pedir ayuda m\u00e1s enfocada<\/strong><\/h3>\n\n\n\n<p>Ya no es necesario tener claro \u201cqu\u00e9 tipo de esquizofrenia tengo\u201d para buscar ayuda. Basta con notar que algo est\u00e1 cambiando: que hay aislamiento, desconfianza, desorganizaci\u00f3n, p\u00e9rdida de inter\u00e9s por lo que antes importaba. Cuando t\u00fa o alguien cercano empieza a desconectarse de la realidad o a mostrar se\u00f1ales que antes no estaban, <strong>es momento de consultar<\/strong>, sin esperar que todo colapse.<\/p>\n\n\n\n<p>Comprender el perfil sintom\u00e1tico \u2014aunque no sepas los nombres t\u00e9cnicos\u2014 te permite:<\/p>\n\n\n\n<ul>\n<li>Buscar apoyo especializado m\u00e1s r\u00e1pidamente.<\/li>\n\n\n\n<li>Explicar mejor lo que observas o sientes.<\/li>\n\n\n\n<li>Entender por qu\u00e9 el otro reacciona de cierta forma.<\/li>\n\n\n\n<li>Reducir la culpa y el juicio, entendiendo que hay un trastorno detr\u00e1s.<\/li>\n<\/ul>\n\n\n\n<h2 class=\"wp-block-heading has-x-large-font-size\"><strong>En Mindy puedes recibir apoyo psicol\u00f3gico con cobertura Fonasa<\/strong><\/h2>\n\n\n\n<p>Sabemos que muchas veces el acceso a salud mental es dif\u00edcil. Hay listas de espera, costos elevados o falta de especialistas disponibles en el sistema p\u00fablico. Por eso, en Mindy ofrecemos <strong>atenci\u00f3n psicol\u00f3gica online con cobertura Fonasa<\/strong>, pensada especialmente para que puedas recibir ayuda profesional sin barreras econ\u00f3micas ni tiempos de espera prolongados.<\/p>\n\n\n\n<p>Esto es especialmente valioso si est\u00e1s empezando a transitar un diagn\u00f3stico dentro del <strong>espectro esquizofr\u00e9nico<\/strong>. Puedes contar con:<\/p>\n\n\n\n<ul>\n<li>Psic\u00f3logos especializados en psicosis y trastornos graves.<\/li>\n\n\n\n<li>Acompa\u00f1amiento emocional para familiares y cuidadores.<\/li>\n\n\n\n<li>Planes de tratamiento adaptados a tus necesidades y ritmo.<\/li>\n\n\n\n<li>Contenci\u00f3n respetuosa, sin etiquetas, sin juicios, y con profundo conocimiento cl\u00ednico.<\/li>\n<\/ul>\n\n\n\n<h3 class=\"wp-block-heading has-large-font-size\"><strong>No es la etiqueta lo que importa, sino el acompa\u00f1amiento<\/strong><\/h3>\n\n\n\n<p>Al final del d\u00eda, lo que transforma la vida de alguien con esquizofrenia no es saber si tiene el subtipo A, B o C. Lo que cambia todo es <strong>sentirse visto, comprendido y acompa\u00f1ado<\/strong>. Es contar con un equipo que entiende los matices, que ajusta el tratamiento a tu momento actual, y que te recuerda \u2014a ti y a los tuyos\u2014 que <strong>s\u00ed hay salida, s\u00ed hay herramientas, s\u00ed se puede recuperar calidad de vida<\/strong>.<\/p>\n\n\n\n<p>Los tipos de esquizofrenia pueden ser un mapa para orientarse, pero <strong>lo importante es no caminar ese mapa a solas<\/strong>. Y en Mindy estamos aqu\u00ed para eso. Para ayudarte a trazar un camino de recuperaci\u00f3n posible, real y sostenido, con todo el respaldo de la psicolog\u00eda cl\u00ednica, la experiencia terap\u00e9utica y la cercan\u00eda humana que hace falta cuando la salud mental se vuelve un desaf\u00edo urgente.<\/p>\n\n\n\n<h3 class=\"wp-block-heading has-large-font-size\"><strong>Conclusi\u00f3n<\/strong><\/h3>\n\n\n\n<p>Los <strong>tipos de esquizofrenia<\/strong>, tal como se entend\u00edan antes, ya no definen a las personas. Lo que hoy importa \u2014y marca la diferencia\u2014 es c\u00f3mo se manifiestan los s\u00edntomas, c\u00f3mo afectan la vida cotidiana, y qu\u00e9 apoyos est\u00e1n disponibles para atravesar ese proceso. La ciencia ha avanzado, s\u00ed, pero tambi\u00e9n lo ha hecho la manera en que miramos a quienes conviven con este trastorno: <strong>con m\u00e1s humanidad, menos etiquetas, y un enfoque mucho m\u00e1s cercano a lo que cada persona realmente necesita<\/strong>.<\/p>\n\n\n\n<p>Ya no hablamos de diagn\u00f3sticos fijos como una sentencia, sino de trayectorias que pueden cambiar. Con tratamiento, con acompa\u00f1amiento psicol\u00f3gico y con un entorno que se informa, <strong>la vida no se detiene por un diagn\u00f3stico de esquizofrenia<\/strong>. Se transforma. Y esa transformaci\u00f3n, aunque compleja, puede abrir espacios de comprensi\u00f3n, de crecimiento y de autonom\u00eda.<\/p>\n\n\n\n<p>Si t\u00fa o alguien que quieres est\u00e1 atravesando una experiencia dentro del <strong>espectro de la esquizofrenia<\/strong>, recuerda que no est\u00e1s solo. En <strong><a href=\"https:\/\/mindy.cl\/\">Mindy<\/a><\/strong> ofrecemos un espacio profesional y emp\u00e1tico, con psic\u00f3logos preparados para acompa\u00f1arte paso a paso. Y si cuentas con <strong><a href=\"https:\/\/fonasa.mindy.cl\/#\/\">Fonasa.mindy.cl<\/a><\/strong>, puedes acceder a atenci\u00f3n psicol\u00f3gica online de manera accesible, sin barreras ni listas de espera.<\/p>\n\n\n\n<p>Lo esencial no es saber c\u00f3mo se llama lo que est\u00e1s viviendo. Lo esencial es no quedarte con el miedo o la confusi\u00f3n. Pedir ayuda, comprender lo que pasa, y empezar a construir bienestar \u2014a tu ritmo, con tu historia, y con personas que est\u00e9n ah\u00ed de verdad\u2014. Porque entender los tipos de esquizofrenia es solo el comienzo. Lo que viene despu\u00e9s es lo que realmente puede cambiar tu vida.<br><h2 class=\"wp-block-heading has-x-large-font-size\">\u00bfNo sabes por d\u00f3nde empezar? Descubre tu terapia recomendada<\/h2><p>Iniciar un proceso psicol\u00f3gico puede generar dudas sobre cu\u00e1l es el mejor camino. En <strong><a href=\"https:\/\/fonasa.mindy.cl\/\">Fonasa Mindy<\/a><\/strong> queremos facilitarte el proceso: responde unas breves preguntas para identificar el modelo terap\u00e9utico m\u00e1s efectivo para tu bienestar emocional. Es r\u00e1pido, sencillo y te ayudar\u00e1 a conectar con el profesional adecuado.\ud83d\udc49 <strong><a href=\"https:\/\/form.typeform.com\/to\/jfcSJODX\" target=\"_blank\" rel=\"noreferrer noopener\">Haz clic para descubrir tu tipo de terapia<\/a><\/strong><\/p><br><\/p>\n","protected":false},"excerpt":{"rendered":"<p>Hablar de los tipos de esquizofrenia puede parecer confuso al principio, pero es clave para entender mejor este trastorno, acompa\u00f1ar de forma m\u00e1s emp\u00e1tica y buscar el tratamiento adecuado sin caer en etiquetas que limitan. He escuchado muchas veces la pregunta: \u201c\u00bfCu\u00e1ntos tipos de esquizofrenia existen?\u201d. Y aunque la ciencia ha avanzado mucho en su [&hellip;]<\/p>\n","protected":false},"author":2,"featured_media":520,"comment_status":"closed","ping_status":"closed","sticky":false,"template":"","format":"standard","meta":{"footnotes":""},"categories":[114],"tags":[],"yoast_head":"<!-- This site is optimized with the Yoast SEO plugin v23.0 - https:\/\/yoast.com\/wordpress\/plugins\/seo\/ -->\n<title>\u00bfCu\u00e1ntos tipos de esquizofrenia existen seg\u00fan la ciencia?<\/title>\n<meta name=\"description\" content=\"Conoce los principales tipos de esquizofrenia, sus caracter\u00edsticas y c\u00f3mo se entienden hoy dentro del espectro esquizofr\u00e9nico.\" \/>\n<meta name=\"robots\" content=\"index, follow, max-snippet:-1, max-image-preview:large, max-video-preview:-1\" \/>\n<link rel=\"canonical\" href=\"https:\/\/fonasa.mindy.cl\/blog\/tipos-de-esquizofrenia\/\" \/>\n<meta property=\"og:locale\" content=\"es_ES\" \/>\n<meta property=\"og:type\" content=\"article\" \/>\n<meta property=\"og:title\" content=\"\u00bfCu\u00e1ntos tipos de esquizofrenia existen seg\u00fan la ciencia?\" \/>\n<meta property=\"og:description\" content=\"Conoce los principales tipos de esquizofrenia, sus caracter\u00edsticas y c\u00f3mo se entienden hoy dentro del espectro esquizofr\u00e9nico.\" \/>\n<meta property=\"og:url\" content=\"https:\/\/fonasa.mindy.cl\/blog\/tipos-de-esquizofrenia\/\" \/>\n<meta property=\"og:site_name\" content=\"Mindy Fonasa Blog\" \/>\n<meta property=\"article:published_time\" content=\"2025-09-03T21:50:59+00:00\" \/>\n<meta property=\"article:modified_time\" content=\"2026-03-25T16:12:12+00:00\" \/>\n<meta property=\"og:image\" content=\"https:\/\/fonasa.mindy.cl\/blog\/wp-content\/uploads\/2025\/09\/tipos-de-esquizofrenia-wide_webp.png\" \/>\n\t<meta property=\"og:image:width\" content=\"1200\" \/>\n\t<meta property=\"og:image:height\" content=\"675\" \/>\n\t<meta property=\"og:image:type\" content=\"image\/png\" \/>\n<meta name=\"author\" content=\"reinaldo@mindy.cl\" \/>\n<meta name=\"twitter:card\" content=\"summary_large_image\" \/>\n<meta name=\"twitter:label1\" content=\"Written by\" \/>\n\t<meta name=\"twitter:data1\" content=\"reinaldo@mindy.cl\" \/>\n\t<meta name=\"twitter:label2\" content=\"Est. reading time\" \/>\n\t<meta name=\"twitter:data2\" content=\"18 minutos\" \/>\n<script type=\"application\/ld+json\" class=\"yoast-schema-graph\">{\"@context\":\"https:\/\/schema.org\",\"@graph\":[{\"@type\":\"Article\",\"@id\":\"https:\/\/fonasa.mindy.cl\/blog\/tipos-de-esquizofrenia\/#article\",\"isPartOf\":{\"@id\":\"https:\/\/fonasa.mindy.cl\/blog\/tipos-de-esquizofrenia\/\"},\"author\":{\"name\":\"reinaldo@mindy.cl\",\"@id\":\"https:\/\/fonasa.mindy.cl\/blog\/#\/schema\/person\/6b2fdf85e03858572a636b7b9ce17d81\"},\"headline\":\"\u00bfCu\u00e1ntos tipos de esquizofrenia existen seg\u00fan la ciencia?\",\"datePublished\":\"2025-09-03T21:50:59+00:00\",\"dateModified\":\"2026-03-25T16:12:12+00:00\",\"mainEntityOfPage\":{\"@id\":\"https:\/\/fonasa.mindy.cl\/blog\/tipos-de-esquizofrenia\/\"},\"wordCount\":4116,\"publisher\":{\"@id\":\"https:\/\/fonasa.mindy.cl\/blog\/#organization\"},\"image\":{\"@id\":\"https:\/\/fonasa.mindy.cl\/blog\/tipos-de-esquizofrenia\/#primaryimage\"},\"thumbnailUrl\":\"https:\/\/fonasa.mindy.cl\/blog\/wp-content\/uploads\/2025\/09\/tipos-de-esquizofrenia-wide_webp.png\",\"articleSection\":[\"Psic\u00f3logos Fonasa\"],\"inLanguage\":\"es-CL\"},{\"@type\":\"WebPage\",\"@id\":\"https:\/\/fonasa.mindy.cl\/blog\/tipos-de-esquizofrenia\/\",\"url\":\"https:\/\/fonasa.mindy.cl\/blog\/tipos-de-esquizofrenia\/\",\"name\":\"\u00bfCu\u00e1ntos tipos de esquizofrenia existen seg\u00fan la ciencia?\",\"isPartOf\":{\"@id\":\"https:\/\/fonasa.mindy.cl\/blog\/#website\"},\"primaryImageOfPage\":{\"@id\":\"https:\/\/fonasa.mindy.cl\/blog\/tipos-de-esquizofrenia\/#primaryimage\"},\"image\":{\"@id\":\"https:\/\/fonasa.mindy.cl\/blog\/tipos-de-esquizofrenia\/#primaryimage\"},\"thumbnailUrl\":\"https:\/\/fonasa.mindy.cl\/blog\/wp-content\/uploads\/2025\/09\/tipos-de-esquizofrenia-wide_webp.png\",\"datePublished\":\"2025-09-03T21:50:59+00:00\",\"dateModified\":\"2026-03-25T16:12:12+00:00\",\"description\":\"Conoce los principales tipos de esquizofrenia, sus caracter\u00edsticas y c\u00f3mo se entienden hoy dentro del espectro esquizofr\u00e9nico.\",\"breadcrumb\":{\"@id\":\"https:\/\/fonasa.mindy.cl\/blog\/tipos-de-esquizofrenia\/#breadcrumb\"},\"inLanguage\":\"es-CL\",\"potentialAction\":[{\"@type\":\"ReadAction\",\"target\":[\"https:\/\/fonasa.mindy.cl\/blog\/tipos-de-esquizofrenia\/\"]}]},{\"@type\":\"ImageObject\",\"inLanguage\":\"es-CL\",\"@id\":\"https:\/\/fonasa.mindy.cl\/blog\/tipos-de-esquizofrenia\/#primaryimage\",\"url\":\"https:\/\/fonasa.mindy.cl\/blog\/wp-content\/uploads\/2025\/09\/tipos-de-esquizofrenia-wide_webp.png\",\"contentUrl\":\"https:\/\/fonasa.mindy.cl\/blog\/wp-content\/uploads\/2025\/09\/tipos-de-esquizofrenia-wide_webp.png\",\"width\":1200,\"height\":675,\"caption\":\"Tipos de esquizofrenia\"},{\"@type\":\"BreadcrumbList\",\"@id\":\"https:\/\/fonasa.mindy.cl\/blog\/tipos-de-esquizofrenia\/#breadcrumb\",\"itemListElement\":[{\"@type\":\"ListItem\",\"position\":1,\"name\":\"Home\",\"item\":\"https:\/\/fonasa.mindy.cl\/blog\/\"},{\"@type\":\"ListItem\",\"position\":2,\"name\":\"\u00bfCu\u00e1ntos tipos de esquizofrenia existen seg\u00fan la ciencia?\"}]},{\"@type\":\"WebSite\",\"@id\":\"https:\/\/fonasa.mindy.cl\/blog\/#website\",\"url\":\"https:\/\/fonasa.mindy.cl\/blog\/\",\"name\":\"Mindy Fonasa Blog\",\"description\":\"Un blog de salud mental\",\"publisher\":{\"@id\":\"https:\/\/fonasa.mindy.cl\/blog\/#organization\"},\"potentialAction\":[{\"@type\":\"SearchAction\",\"target\":{\"@type\":\"EntryPoint\",\"urlTemplate\":\"https:\/\/fonasa.mindy.cl\/blog\/?s={search_term_string}\"},\"query-input\":\"required name=search_term_string\"}],\"inLanguage\":\"es-CL\"},{\"@type\":\"Organization\",\"@id\":\"https:\/\/fonasa.mindy.cl\/blog\/#organization\",\"name\":\"Mindy Fonasa Blog\",\"url\":\"https:\/\/fonasa.mindy.cl\/blog\/\",\"logo\":{\"@type\":\"ImageObject\",\"inLanguage\":\"es-CL\",\"@id\":\"https:\/\/fonasa.mindy.cl\/blog\/#\/schema\/logo\/image\/\",\"url\":\"https:\/\/fonasa.mindy.cl\/blog\/wp-content\/uploads\/2024\/07\/logo_cuadrado.png\",\"contentUrl\":\"https:\/\/fonasa.mindy.cl\/blog\/wp-content\/uploads\/2024\/07\/logo_cuadrado.png\",\"width\":300,\"height\":300,\"caption\":\"Mindy Fonasa Blog\"},\"image\":{\"@id\":\"https:\/\/fonasa.mindy.cl\/blog\/#\/schema\/logo\/image\/\"}},{\"@type\":\"Person\",\"@id\":\"https:\/\/fonasa.mindy.cl\/blog\/#\/schema\/person\/6b2fdf85e03858572a636b7b9ce17d81\",\"name\":\"reinaldo@mindy.cl\",\"url\":\"https:\/\/fonasa.mindy.cl\/blog\/author\/reinaldomindy-cl\/\"}]}<\/script>\n<!-- \/ Yoast SEO plugin. -->","yoast_head_json":{"title":"\u00bfCu\u00e1ntos tipos de esquizofrenia existen seg\u00fan la ciencia?","description":"Conoce los principales tipos de esquizofrenia, sus caracter\u00edsticas y c\u00f3mo se entienden hoy dentro del espectro esquizofr\u00e9nico.","robots":{"index":"index","follow":"follow","max-snippet":"max-snippet:-1","max-image-preview":"max-image-preview:large","max-video-preview":"max-video-preview:-1"},"canonical":"https:\/\/fonasa.mindy.cl\/blog\/tipos-de-esquizofrenia\/","og_locale":"es_ES","og_type":"article","og_title":"\u00bfCu\u00e1ntos tipos de esquizofrenia existen seg\u00fan la ciencia?","og_description":"Conoce los principales tipos de esquizofrenia, sus caracter\u00edsticas y c\u00f3mo se entienden hoy dentro del espectro esquizofr\u00e9nico.","og_url":"https:\/\/fonasa.mindy.cl\/blog\/tipos-de-esquizofrenia\/","og_site_name":"Mindy Fonasa Blog","article_published_time":"2025-09-03T21:50:59+00:00","article_modified_time":"2026-03-25T16:12:12+00:00","og_image":[{"width":1200,"height":675,"url":"https:\/\/fonasa.mindy.cl\/blog\/wp-content\/uploads\/2025\/09\/tipos-de-esquizofrenia-wide_webp.png","type":"image\/png"}],"author":"reinaldo@mindy.cl","twitter_card":"summary_large_image","twitter_misc":{"Written by":"reinaldo@mindy.cl","Est. reading time":"18 minutos"},"schema":{"@context":"https:\/\/schema.org","@graph":[{"@type":"Article","@id":"https:\/\/fonasa.mindy.cl\/blog\/tipos-de-esquizofrenia\/#article","isPartOf":{"@id":"https:\/\/fonasa.mindy.cl\/blog\/tipos-de-esquizofrenia\/"},"author":{"name":"reinaldo@mindy.cl","@id":"https:\/\/fonasa.mindy.cl\/blog\/#\/schema\/person\/6b2fdf85e03858572a636b7b9ce17d81"},"headline":"\u00bfCu\u00e1ntos tipos de esquizofrenia existen seg\u00fan la ciencia?","datePublished":"2025-09-03T21:50:59+00:00","dateModified":"2026-03-25T16:12:12+00:00","mainEntityOfPage":{"@id":"https:\/\/fonasa.mindy.cl\/blog\/tipos-de-esquizofrenia\/"},"wordCount":4116,"publisher":{"@id":"https:\/\/fonasa.mindy.cl\/blog\/#organization"},"image":{"@id":"https:\/\/fonasa.mindy.cl\/blog\/tipos-de-esquizofrenia\/#primaryimage"},"thumbnailUrl":"https:\/\/fonasa.mindy.cl\/blog\/wp-content\/uploads\/2025\/09\/tipos-de-esquizofrenia-wide_webp.png","articleSection":["Psic\u00f3logos Fonasa"],"inLanguage":"es-CL"},{"@type":"WebPage","@id":"https:\/\/fonasa.mindy.cl\/blog\/tipos-de-esquizofrenia\/","url":"https:\/\/fonasa.mindy.cl\/blog\/tipos-de-esquizofrenia\/","name":"\u00bfCu\u00e1ntos tipos de esquizofrenia existen seg\u00fan la ciencia?","isPartOf":{"@id":"https:\/\/fonasa.mindy.cl\/blog\/#website"},"primaryImageOfPage":{"@id":"https:\/\/fonasa.mindy.cl\/blog\/tipos-de-esquizofrenia\/#primaryimage"},"image":{"@id":"https:\/\/fonasa.mindy.cl\/blog\/tipos-de-esquizofrenia\/#primaryimage"},"thumbnailUrl":"https:\/\/fonasa.mindy.cl\/blog\/wp-content\/uploads\/2025\/09\/tipos-de-esquizofrenia-wide_webp.png","datePublished":"2025-09-03T21:50:59+00:00","dateModified":"2026-03-25T16:12:12+00:00","description":"Conoce los principales tipos de esquizofrenia, sus caracter\u00edsticas y c\u00f3mo se entienden hoy dentro del espectro esquizofr\u00e9nico.","breadcrumb":{"@id":"https:\/\/fonasa.mindy.cl\/blog\/tipos-de-esquizofrenia\/#breadcrumb"},"inLanguage":"es-CL","potentialAction":[{"@type":"ReadAction","target":["https:\/\/fonasa.mindy.cl\/blog\/tipos-de-esquizofrenia\/"]}]},{"@type":"ImageObject","inLanguage":"es-CL","@id":"https:\/\/fonasa.mindy.cl\/blog\/tipos-de-esquizofrenia\/#primaryimage","url":"https:\/\/fonasa.mindy.cl\/blog\/wp-content\/uploads\/2025\/09\/tipos-de-esquizofrenia-wide_webp.png","contentUrl":"https:\/\/fonasa.mindy.cl\/blog\/wp-content\/uploads\/2025\/09\/tipos-de-esquizofrenia-wide_webp.png","width":1200,"height":675,"caption":"Tipos de esquizofrenia"},{"@type":"BreadcrumbList","@id":"https:\/\/fonasa.mindy.cl\/blog\/tipos-de-esquizofrenia\/#breadcrumb","itemListElement":[{"@type":"ListItem","position":1,"name":"Home","item":"https:\/\/fonasa.mindy.cl\/blog\/"},{"@type":"ListItem","position":2,"name":"\u00bfCu\u00e1ntos tipos de esquizofrenia existen seg\u00fan la ciencia?"}]},{"@type":"WebSite","@id":"https:\/\/fonasa.mindy.cl\/blog\/#website","url":"https:\/\/fonasa.mindy.cl\/blog\/","name":"Mindy Fonasa Blog","description":"Un blog de salud mental","publisher":{"@id":"https:\/\/fonasa.mindy.cl\/blog\/#organization"},"potentialAction":[{"@type":"SearchAction","target":{"@type":"EntryPoint","urlTemplate":"https:\/\/fonasa.mindy.cl\/blog\/?s={search_term_string}"},"query-input":"required name=search_term_string"}],"inLanguage":"es-CL"},{"@type":"Organization","@id":"https:\/\/fonasa.mindy.cl\/blog\/#organization","name":"Mindy Fonasa Blog","url":"https:\/\/fonasa.mindy.cl\/blog\/","logo":{"@type":"ImageObject","inLanguage":"es-CL","@id":"https:\/\/fonasa.mindy.cl\/blog\/#\/schema\/logo\/image\/","url":"https:\/\/fonasa.mindy.cl\/blog\/wp-content\/uploads\/2024\/07\/logo_cuadrado.png","contentUrl":"https:\/\/fonasa.mindy.cl\/blog\/wp-content\/uploads\/2024\/07\/logo_cuadrado.png","width":300,"height":300,"caption":"Mindy Fonasa Blog"},"image":{"@id":"https:\/\/fonasa.mindy.cl\/blog\/#\/schema\/logo\/image\/"}},{"@type":"Person","@id":"https:\/\/fonasa.mindy.cl\/blog\/#\/schema\/person\/6b2fdf85e03858572a636b7b9ce17d81","name":"reinaldo@mindy.cl","url":"https:\/\/fonasa.mindy.cl\/blog\/author\/reinaldomindy-cl\/"}]}},"_links":{"self":[{"href":"https:\/\/fonasa.mindy.cl\/blog\/wp-json\/wp\/v2\/posts\/515"}],"collection":[{"href":"https:\/\/fonasa.mindy.cl\/blog\/wp-json\/wp\/v2\/posts"}],"about":[{"href":"https:\/\/fonasa.mindy.cl\/blog\/wp-json\/wp\/v2\/types\/post"}],"author":[{"embeddable":true,"href":"https:\/\/fonasa.mindy.cl\/blog\/wp-json\/wp\/v2\/users\/2"}],"replies":[{"embeddable":true,"href":"https:\/\/fonasa.mindy.cl\/blog\/wp-json\/wp\/v2\/comments?post=515"}],"version-history":[{"count":16,"href":"https:\/\/fonasa.mindy.cl\/blog\/wp-json\/wp\/v2\/posts\/515\/revisions"}],"predecessor-version":[{"id":1807,"href":"https:\/\/fonasa.mindy.cl\/blog\/wp-json\/wp\/v2\/posts\/515\/revisions\/1807"}],"wp:featuredmedia":[{"embeddable":true,"href":"https:\/\/fonasa.mindy.cl\/blog\/wp-json\/wp\/v2\/media\/520"}],"wp:attachment":[{"href":"https:\/\/fonasa.mindy.cl\/blog\/wp-json\/wp\/v2\/media?parent=515"}],"wp:term":[{"taxonomy":"category","embeddable":true,"href":"https:\/\/fonasa.mindy.cl\/blog\/wp-json\/wp\/v2\/categories?post=515"},{"taxonomy":"post_tag","embeddable":true,"href":"https:\/\/fonasa.mindy.cl\/blog\/wp-json\/wp\/v2\/tags?post=515"}],"curies":[{"name":"wp","href":"https:\/\/api.w.org\/{rel}","templated":true}]}}