{"id":508,"date":"2025-09-03T18:02:43","date_gmt":"2025-09-03T22:02:43","guid":{"rendered":"https:\/\/fonasa.mindy.cl\/blog\/?p=508"},"modified":"2026-03-25T11:59:54","modified_gmt":"2026-03-25T14:59:54","slug":"sintomas-esquizofrenicos","status":"publish","type":"post","link":"https:\/\/fonasa.mindy.cl\/blog\/sintomas-esquizofrenicos\/","title":{"rendered":"S\u00edntomas esquizofr\u00e9nicos: cu\u00e1les son y c\u00f3mo reconocerlos"},"content":{"rendered":"\n<p>He acompa\u00f1ado a muchas personas que llegan a terapia confundidas, con miedo, sinti\u00e9ndose desconectadas de la realidad o sin poder poner en palabras lo que les pasa. A veces me dicen que escuchan voces, que sienten que alguien los sigue o que sus pensamientos ya no les pertenecen. Estas experiencias, por m\u00e1s extra\u00f1as o dif\u00edciles que suenen, son reales para quien las vive. Y s\u00ed, pueden ser se\u00f1ales de lo que conocemos como <strong>s\u00edntomas esquizofr\u00e9nicos<\/strong>.<\/p>\n\n\n\n<p>Hablar de s\u00edntomas esquizofr\u00e9nicos no es hablar solo de un diagn\u00f3stico cl\u00ednico. Es hablar de lo que se siente cuando la mente deja de responder como siempre lo hab\u00eda hecho. Es hablar de confusi\u00f3n, de miedo, de aislamiento. Pero tambi\u00e9n es hablar de la posibilidad de entender, de tratar y de acompa\u00f1ar.<\/p>\n\n\n\n<p>En esta primera parte, quiero contarte en qu\u00e9 consisten los s\u00edntomas psic\u00f3ticos, tambi\u00e9n llamados <strong>s\u00edntomas positivos<\/strong>, y por qu\u00e9 son una de las formas m\u00e1s impactantes en que puede manifestarse la esquizofrenia.<\/p>\n\n\n\n<h2 class=\"wp-block-heading has-x-large-font-size\"><strong>S\u00edntomas esquizofr\u00e9nicos: \u00bfqu\u00e9 son los s\u00edntomas psic\u00f3ticos?<\/strong><\/h2>\n\n\n\n<p>Cuando hablamos de s\u00edntomas psic\u00f3ticos, nos referimos a una alteraci\u00f3n profunda en la manera de percibir, pensar y conectarse con la realidad. Estos s\u00edntomas no son meras ideas raras o imaginaciones: son experiencias intensas que afectan el juicio, la conducta y las emociones. En el contexto de la esquizofrenia, estos s\u00edntomas aparecen de forma recurrente y suelen marcar el inicio de la enfermedad o sus crisis m\u00e1s agudas como es el caso de alguien con s\u00edntomas o comportamiento <strong><a href=\"https:\/\/fonasa.mindy.cl\/blog\/esquizotipico\/\">esquizot\u00edpico<\/a><\/strong>.<\/p>\n\n\n\n<h3 class=\"wp-block-heading has-large-font-size\"><strong>Alucinaciones: cuando lo irreal se siente real como uno de los s\u00edntomas esquizofr\u00e9nicos<\/strong><\/h3>\n\n\n\n<p>Las alucinaciones son uno de los s\u00edntomas esquizofr\u00e9nicos m\u00e1s conocidos. Se trata de <strong><a href=\"https:\/\/fonasa.mindy.cl\/blog\/esquizofrenia-catatonica\/\">percepciones que se sienten completamente reales<\/a><\/strong>, pero que no tienen ning\u00fan est\u00edmulo externo que las cause. Es decir, el cerebro \u201ccrea\u201d una experiencia sensorial sin que haya una fuente real que la origine.<\/p>\n\n\n\n<h4 class=\"wp-block-heading has-medium-font-size\"><strong>Tipos m\u00e1s comunes de alucinaciones:<\/strong><\/h4>\n\n\n\n<ul>\n<li><strong>Auditivas<\/strong>: la persona escucha voces que no existen. Estas voces pueden hablarle directamente, insultarlo, comentar lo que hace o incluso darle \u00f3rdenes. Son el tipo de alucinaci\u00f3n m\u00e1s frecuente en esquizofrenia.<\/li>\n\n\n\n<li><strong>Visuales<\/strong>: ver personas, sombras, luces o figuras que no est\u00e1n presentes.<\/li>\n\n\n\n<li><strong>T\u00e1ctiles<\/strong>: sentir que algo o alguien lo toca sin motivo aparente.<\/li>\n\n\n\n<li><strong>Olfativas y gustativas<\/strong>: percibir olores o sabores extra\u00f1os sin raz\u00f3n clara.<\/li>\n<\/ul>\n\n\n\n<p>Quien las experimenta no las \u201cimagina\u201d; las vive como reales, lo que puede generar angustia, miedo o retraimiento. En muchos casos, estas alucinaciones interrumpen la vida diaria y generan un fuerte aislamiento.<\/p>\n\n\n\n<h3 class=\"wp-block-heading has-large-font-size\"><strong>Ideas delirantes: creer firmemente en lo imposible<\/strong><\/h3>\n\n\n\n<figure class=\"wp-block-image alignwide size-full\"><img loading=\"lazy\" decoding=\"async\" width=\"640\" height=\"427\" src=\"https:\/\/fonasa.mindy.cl\/blog\/wp-content\/uploads\/2025\/12\/simona-toma-DSqVo2TuoV4-unsplash.jpg\" alt=\"s\u00edntomas esquizofr\u00e9nicos\" class=\"wp-image-1104\"\/><\/figure>\n\n\n\n<p>Otro de los s\u00edntomas esquizofr\u00e9nicos psic\u00f3ticos m\u00e1s caracter\u00edsticos son los <strong>delirios<\/strong>. Estos son creencias falsas que se sostienen con total convicci\u00f3n, aunque no tengan fundamento y aunque todos los dem\u00e1s digan lo contrario.<\/p>\n\n\n\n<h4 class=\"wp-block-heading has-medium-font-size\"><strong>Algunos ejemplos comunes:<\/strong><\/h4>\n\n\n\n<ul>\n<li><strong>Delirio de persecuci\u00f3n<\/strong>: creer que alguien lo sigue, lo esp\u00eda o quiere hacerle da\u00f1o.<\/li>\n\n\n\n<li><strong>Delirio de grandeza<\/strong>: pensar que tiene poderes especiales, una misi\u00f3n divina o un rol \u00fanico en el universo.<\/li>\n\n\n\n<li><strong>Delirio de referencia<\/strong>: interpretar que mensajes de la televisi\u00f3n, la radio o redes sociales est\u00e1n dirigidos espec\u00edficamente a \u00e9l.<\/li>\n\n\n\n<li><strong>Delirio de control<\/strong>: sentir que sus pensamientos o acciones est\u00e1n siendo manipulados por fuerzas externas.<\/li>\n<\/ul>\n\n\n\n<p>Estos pensamientos no se pueden modificar con argumentos l\u00f3gicos. Son realidades alternativas que se imponen en la mente de la persona, generando miedo, confusi\u00f3n o incluso comportamientos de defensa frente a amenazas que no existen.<\/p>\n\n\n\n<h3 class=\"wp-block-heading has-large-font-size\"><strong>Trastornos del pensamiento y del lenguaje<\/strong><\/h3>\n\n\n\n<p>Junto a las alucinaciones y los delirios, es frecuente que aparezcan <strong>alteraciones en la forma de pensar y comunicarse<\/strong>. La persona puede hablar de forma incoherente, saltar de un tema a otro sin conexi\u00f3n, inventar palabras o usar frases que no tienen sentido para los dem\u00e1s.<\/p>\n\n\n\n<p>Esto no es una falta de inteligencia ni de voluntad. Es un s\u00edntoma esquizofr\u00e9nico que refleja una desorganizaci\u00f3n interna del pensamiento, lo que dificulta la expresi\u00f3n verbal y el entendimiento mutuo.<\/p>\n\n\n\n<p>Estos trastornos afectan la comunicaci\u00f3n, pero tambi\u00e9n la toma de decisiones, la planificaci\u00f3n de tareas o el seguimiento de conversaciones. Muchas veces, quien los padece no se da cuenta de que est\u00e1 hablando de forma confusa, lo que puede generar frustraci\u00f3n o incomprensi\u00f3n por parte de los otros.<\/p>\n\n\n\n<p>Identificar estos s\u00edntomas esquizofr\u00e9nicos no es f\u00e1cil, sobre todo cuando aparecen por primera vez. Pero si sientes que algo no est\u00e1 bien en tu forma de pensar, si alguien cercano te dice que est\u00e1s desconectado de la realidad o si escuchas cosas que los dem\u00e1s no oyen, pedir ayuda profesional puede marcar una gran diferencia.<\/p>\n\n\n\n<p>En Mindy, contamos con psic\u00f3logos preparados para acompa\u00f1arte en este proceso. Y si tienes Fonasa, puedes acceder a sesiones en l\u00ednea cubiertas, sin largas esperas ni traslados. Est\u00e1s a tiempo de entender lo que te pasa y de iniciar un tratamiento que te devuelva seguridad, estabilidad y bienestar.<\/p>\n\n\n\n<h2 class=\"wp-block-heading has-x-large-font-size\"><strong>S\u00edntomas esquizofr\u00e9nicos: cuando falta lo que sol\u00edas sentir<\/strong><\/h2>\n\n\n\n<p>No todos los s\u00edntomas esquizofr\u00e9nicos se manifiestan como algo \u201cextra\u201d o visible. A veces, lo m\u00e1s dif\u00edcil de notar es lo que <strong>falta<\/strong>: la motivaci\u00f3n, las emociones, las palabras, el placer. Estos son los llamados <strong>s\u00edntomas negativos<\/strong>, y aunque no suelen llamar tanto la atenci\u00f3n como las alucinaciones o los delirios, pueden ser igual de incapacitantes.<\/p>\n\n\n\n<p>He trabajado con muchas personas que no escuchan voces ni tienen ideas delirantes, pero que sienten que ya no pueden disfrutar de nada, que han perdido la capacidad de conectarse con los dem\u00e1s o que todo les cuesta el doble. Es un sufrimiento silencioso que a menudo se malinterpreta como pereza, frialdad o desinter\u00e9s. Por eso es tan importante reconocer estos s\u00edntomas esquizofr\u00e9nicos y darles la atenci\u00f3n que merecen.<\/p>\n\n\n\n<h3 class=\"wp-block-heading has-large-font-size\"><strong>Aplanamiento afectivo: emociones que no se muestran<\/strong><\/h3>\n\n\n\n<p>El <strong>aplanamiento afectivo<\/strong> es una disminuci\u00f3n notable en la expresi\u00f3n de las emociones. La persona no deja de sentir, pero <strong>deja de mostrar<\/strong> lo que siente. Su rostro permanece neutro, su tono de voz plano, sus gestos limitados.<\/p>\n\n\n\n<p>Esto puede generar una gran distancia emocional con los dem\u00e1s. La familia puede pensar que la persona est\u00e1 indiferente o desconectada, cuando en realidad est\u00e1 atrapada en una especie de barrera interna que le impide expresarse.<\/p>\n\n\n\n<p>No se trata de frialdad ni de falta de cari\u00f1o. Es un s\u00edntoma esquizofr\u00e9nico negativo que afecta la comunicaci\u00f3n no verbal y la forma en que nos relacionamos con los otros.<\/p>\n\n\n\n<h3 class=\"wp-block-heading has-large-font-size\"><strong>Anhedonia, apat\u00eda, abulia y retraimiento social<\/strong><\/h3>\n\n\n\n<p>Estos s\u00edntomas afectan directamente la motivaci\u00f3n y el inter\u00e9s por la vida cotidiana:<\/p>\n\n\n\n<ul>\n<li><strong>Anhedonia<\/strong>: incapacidad para sentir placer en cosas que antes se disfrutaban, como escuchar m\u00fasica, salir con amigos o comer algo rico.<\/li>\n\n\n\n<li><strong>Apat\u00eda<\/strong>: falta de iniciativa o energ\u00eda para comenzar actividades, incluso las m\u00e1s b\u00e1sicas.<\/li>\n\n\n\n<li><strong>Abulia<\/strong>: p\u00e9rdida profunda de la voluntad para actuar, tomar decisiones o reaccionar ante est\u00edmulos. Todo se vuelve una carga.<\/li>\n\n\n\n<li><strong>Retraimiento social<\/strong>: alejamiento progresivo de los dem\u00e1s, aislamiento, evitaci\u00f3n del contacto o de actividades grupales.<\/li>\n<\/ul>\n\n\n\n<p>Estas manifestaciones pueden parecer &#8220;normales&#8221; en algunos contextos (por ejemplo, en momentos de duelo o estr\u00e9s), pero en la esquizofrenia se vuelven <strong>persistentes y desproporcionadas<\/strong>, afectando la funcionalidad general.<\/p>\n\n\n\n<p>Quien las vive suele sentirse atrapado, como si supiera lo que deber\u00eda hacer, pero no pudiera moverse. Esta sensaci\u00f3n puede generar mucha culpa y desesperanza si no se entiende como parte del trastorno.<\/p>\n\n\n\n<h3 class=\"wp-block-heading has-large-font-size\"><strong>Alogia: cuando las palabras ya no alcanzan<\/strong><\/h3>\n\n\n\n<p>La <strong>alogia<\/strong> es una pobreza del lenguaje que puede presentarse de dos formas:<\/p>\n\n\n\n<ul>\n<li>Como reducci\u00f3n en la cantidad de palabras: respuestas muy breves, monos\u00edlabos, dificultad para iniciar conversaciones.<\/li>\n\n\n\n<li>Como contenido vac\u00edo: la persona habla, pero sin transmitir ideas claras o sin desarrollar sus pensamientos.<\/li>\n<\/ul>\n\n\n\n<p>Este s\u00edntoma esquizofr\u00e9nico puede hacer que las interacciones se vuelvan tensas o desconectadas. Los dem\u00e1s pueden interpretar que la persona \u201cno quiere hablar\u201d o \u201cno tiene nada que decir\u201d, cuando en realidad le cuesta organizar su pensamiento y traducirlo en palabras.<\/p>\n\n\n\n<p>La alogia afecta la vida social, laboral y familiar. Tambi\u00e9n puede ser un obst\u00e1culo en la terapia si no se maneja con sensibilidad y paciencia.<\/p>\n\n\n\n<p>Los s\u00edntomas negativos no son tan llamativos como los delirios o las alucinaciones, pero impactan profundamente en la calidad de vida. Son uno de los principales motivos por los que muchas personas con esquizofrenia dejan de estudiar, trabajar o relacionarse con otros.<\/p>\n\n\n\n<p>La buena noticia es que estos s\u00edntomas tambi\u00e9n pueden abordarse. La terapia psicol\u00f3gica, especialmente cuando es continua y adaptada a las necesidades de cada persona, puede ayudar a recuperar rutinas, reconectar con intereses y reconstruir v\u00ednculos.<\/p>\n\n\n\n<p>En Mindy, ofrecemos atenci\u00f3n psicol\u00f3gica para personas con Fonasa, con sesiones online que se ajustan a tu realidad. Si te has sentido apagado, desconectado o sin motivaci\u00f3n durante mucho tiempo, no lo ignores: podr\u00edas estar atravesando s\u00edntomas esquizofr\u00e9nicos que merecen ser escuchados y tratados.<\/p>\n\n\n\n<h2 class=\"wp-block-heading has-x-large-font-size\"><strong>S\u00edntomas esquizofr\u00e9nicos desorganizados y cognitivos<\/strong><\/h2>\n\n\n\n<p>A veces, los s\u00edntomas esquizofr\u00e9nicos no se ven ni se sienten como voces o ideas extra\u00f1as, sino como una <strong>desorganizaci\u00f3n profunda del pensamiento, del lenguaje y de la conducta<\/strong>. Es como si todo lo que antes ten\u00eda sentido \u2014hablar, concentrarse, tomar decisiones\u2014 se volviera confuso o imposible de sostener.<\/p>\n\n\n\n<p>He trabajado con personas que empiezan frases y no las terminan, que se pierden en una conversaci\u00f3n o que no logran explicar lo que sienten porque las palabras simplemente no les alcanzan. Este tipo de s\u00edntomas, conocidos como <strong>s\u00edntomas cognitivos y desorganizados<\/strong>, pueden pasar desapercibidos, pero impactan cada aspecto de la vida diaria.<\/p>\n\n\n\n<h3 class=\"wp-block-heading has-large-font-size\"><strong>Dificultad de atenci\u00f3n y concentraci\u00f3n<\/strong><\/h3>\n\n\n\n<p>Uno de los s\u00edntomas esquizofr\u00e9nicos m\u00e1s comunes a nivel cognitivo es la incapacidad de <strong>mantener la atenci\u00f3n en una tarea o conversaci\u00f3n<\/strong>. La persona se distrae con facilidad, pierde el hilo de lo que estaba haciendo o no puede terminar lo que empez\u00f3.<\/p>\n\n\n\n<p>Algunos ejemplos concretos:<\/p>\n\n\n\n<ul>\n<li>Olvidar lo que iba a decir a mitad de una frase.<\/li>\n\n\n\n<li>No poder seguir instrucciones simples.<\/li>\n\n\n\n<li>Dejar tareas incompletas o mal hechas porque la mente \u201cse va\u201d.<\/li>\n<\/ul>\n\n\n\n<p>Esto no tiene que ver con desinter\u00e9s o pereza. Es una dificultad real del cerebro para sostener procesos mentales b\u00e1sicos. Y cuando se combina con ansiedad o estr\u00e9s, puede agravarse a\u00fan m\u00e1s.<\/p>\n\n\n\n<h3 class=\"wp-block-heading has-large-font-size\"><strong>Desorganizaci\u00f3n del pensamiento y del lenguaje<\/strong><\/h3>\n\n\n\n<p>En muchos casos, el pensamiento pierde su estructura l\u00f3gica. La persona <strong>salta de una idea a otra sin conexi\u00f3n aparente<\/strong>, repite palabras o frases, o utiliza un lenguaje que no tiene sentido para los dem\u00e1s.<\/p>\n\n\n\n<p>Estos son algunos indicadores:<\/p>\n\n\n\n<ul>\n<li><strong>Lenguaje desorganizado<\/strong>: hablar de forma confusa, sin orden ni coherencia.<\/li>\n\n\n\n<li><strong>Neologismos<\/strong>: inventar palabras o combinaciones de palabras que no existen.<\/li>\n\n\n\n<li><strong>Bloqueos<\/strong>: quedarse en blanco a mitad de una oraci\u00f3n o perder el sentido de lo que se estaba diciendo.<\/li>\n<\/ul>\n\n\n\n<p>Para quien escucha, puede parecer un \u201cdiscurso raro\u201d o incoherente. Pero para quien lo vive, es una lucha interna constante con sus propios pensamientos. A veces sienten que su mente va demasiado r\u00e1pido, o que no pueden detenerla para ordenar lo que piensan.<\/p>\n\n\n\n<h3 class=\"wp-block-heading has-large-font-size\"><strong>Trastornos conductuales o psicomotores<\/strong><\/h3>\n\n\n\n<p>Los <strong>s\u00edntomas esquizofr\u00e9nicos desorganizados<\/strong> tambi\u00e9n pueden manifestarse en el cuerpo y en la conducta. Algunas personas comienzan a actuar de forma extra\u00f1a, repetitiva o incoherente, como:<\/p>\n\n\n\n<ul>\n<li>Realizar gestos sin sentido o fuera de contexto.<\/li>\n\n\n\n<li>Tener posturas corporales r\u00edgidas o extra\u00f1as durante largos per\u00edodos.<\/li>\n\n\n\n<li>Presentar episodios de <strong>cataton\u00eda<\/strong>, donde se quedan inm\u00f3viles, no hablan y parecen desconectados del entorno.<\/li>\n<\/ul>\n\n\n\n<p>Estos comportamientos no son voluntarios. Forman parte del cuadro cl\u00ednico y suelen estar relacionados con una alteraci\u00f3n profunda de la percepci\u00f3n, la voluntad y la conexi\u00f3n con el entorno.<\/p>\n\n\n\n<h3 class=\"wp-block-heading has-large-font-size\"><strong>C\u00f3mo afecta todo esto la vida cotidiana<\/strong><\/h3>\n\n\n\n<p>Imagina tratar de mantener una conversaci\u00f3n cuando tu mente salta entre ideas, o cuando no logras recordar lo que acabas de decir. Imagina sentir que tu cuerpo no responde como antes, que te cuesta organizar una rutina, hacer una lista de compras o simplemente seguir el ritmo del d\u00eda a d\u00eda.<\/p>\n\n\n\n<p><strong>Los s\u00edntomas esquizofr\u00e9nicos cognitivos y desorganizados afectan:<\/strong><\/p>\n\n\n\n<ul>\n<li>El rendimiento acad\u00e9mico o laboral.<\/li>\n\n\n\n<li>Las relaciones interpersonales.<\/li>\n\n\n\n<li>La autoestima y la autonom\u00eda personal.<\/li>\n<\/ul>\n\n\n\n<p>Y como muchas veces no son tan visibles, pueden pasar a\u00f1os sin ser tratados adecuadamente.<\/p>\n\n\n\n<p>En Mindy, sabemos que este tipo de s\u00edntomas requieren un abordaje espec\u00edfico, con paciencia, continuidad y herramientas pr\u00e1cticas. Si tienes Fonasa, puedes acceder a psicoterapia online especializada, con profesionales que comprenden la complejidad de estos procesos y que te acompa\u00f1ar\u00e1n sin juicios ni etiquetas. Sentirse confundido no significa que est\u00e9s solo.<\/p>\n\n\n\n<h2 class=\"wp-block-heading has-x-large-font-size\"><strong>\u00bfQu\u00e9 hacer frente a los s\u00edntomas esquizofr\u00e9nicos?<\/strong><\/h2>\n\n\n\n<p>Reconocer los <strong>s\u00edntomas esquizofr\u00e9nicos<\/strong> es solo el primer paso. Lo m\u00e1s importante es saber que hay formas de tratarlos, de convivir con ellos y de recuperar un proyecto de vida, aunque la experiencia sea dura. Lo he visto muchas veces: personas que llegan desbordadas, desorientadas o profundamente aisladas, y que, con apoyo constante, logran estabilizarse, reconectarse y encontrar nuevos caminos.<\/p>\n\n\n\n<p>En esta \u00faltima parte del art\u00edculo quiero guiarte en lo esencial: qu\u00e9 hacer, c\u00f3mo se trata la esquizofrenia, y qu\u00e9 rol puede jugar un espacio terap\u00e9utico accesible como el que ofrecemos en Mindy.<\/p>\n\n\n\n<h3 class=\"wp-block-heading has-large-font-size\"><strong>Importancia del diagn\u00f3stico oportuno y atenci\u00f3n continua<\/strong><\/h3>\n\n\n\n<p>La esquizofrenia no se diagnostica con un solo test ni por un s\u00edntoma aislado. Se requiere una evaluaci\u00f3n cl\u00ednica completa, hecha por profesionales de salud mental, que tome en cuenta el historial personal, los cambios en la conducta, la duraci\u00f3n de los s\u00edntomas y su impacto en la vida cotidiana.<\/p>\n\n\n\n<p>Algunos puntos clave:<\/p>\n\n\n\n<ul>\n<li>Cuanto antes se identifiquen los s\u00edntomas esquizofr\u00e9nicos, mejores son las posibilidades de tratamiento efectivo.<\/li>\n\n\n\n<li>El diagn\u00f3stico no define a la persona: es una herramienta para comprender lo que est\u00e1 ocurriendo y actuar en consecuencia.<\/li>\n\n\n\n<li>El seguimiento es fundamental. La esquizofrenia es un trastorno cr\u00f3nico, pero tratable. Como cualquier condici\u00f3n m\u00e9dica, requiere constancia y acompa\u00f1amiento.<\/li>\n<\/ul>\n\n\n\n<p>No es un camino f\u00e1cil, pero no tiene por qu\u00e9 ser solitario. El apoyo terap\u00e9utico marca una diferencia real en la evoluci\u00f3n del trastorno.<\/p>\n\n\n\n<h3 class=\"wp-block-heading has-large-font-size\"><strong>Tratamientos disponibles: m\u00e1s all\u00e1 de los medicamentos<\/strong><\/h3>\n\n\n\n<p>El tratamiento de los s\u00edntomas esquizofr\u00e9nicos suele incluir:<\/p>\n\n\n\n<h4 class=\"wp-block-heading has-medium-font-size\">1. <strong>Antipsic\u00f3ticos<\/strong><\/h4>\n\n\n\n<ul>\n<li>Ayudan a reducir alucinaciones, delirios y pensamientos desorganizados.<\/li>\n\n\n\n<li>Deben ser indicados y monitoreados por un psiquiatra.<\/li>\n\n\n\n<li>En algunos casos, los efectos secundarios pueden requerir ajustes o cambios de medicaci\u00f3n.<\/li>\n<\/ul>\n\n\n\n<h4 class=\"wp-block-heading has-medium-font-size\"><strong>2. Psicoterapia<\/strong><\/h4>\n\n\n\n<ul>\n<li>Complementa el tratamiento m\u00e9dico.<\/li>\n\n\n\n<li>Ayuda a la persona a entender lo que le pasa, a manejar el estr\u00e9s y a fortalecer habilidades sociales y cognitivas.<\/li>\n\n\n\n<li>Permite trabajar aspectos emocionales que no se resuelven con f\u00e1rmacos.<\/li>\n<\/ul>\n\n\n\n<h4 class=\"wp-block-heading has-medium-font-size\"><strong>3. Psicoeducaci\u00f3n<\/strong><\/h4>\n\n\n\n<ul>\n<li>Dirigida tanto a la persona como a su familia.<\/li>\n\n\n\n<li>Brinda informaci\u00f3n clara sobre el trastorno, c\u00f3mo manejar las crisis y c\u00f3mo apoyar sin invadir.<\/li>\n\n\n\n<li>Reduce el <strong><a href=\"https:\/\/es.wikipedia.org\/wiki\/Catatonia_(s%C3%ADndrome)\">estigma<\/a><\/strong> y mejora la convivencia.<\/li>\n<\/ul>\n\n\n\n<h4 class=\"wp-block-heading has-medium-font-size\"><strong>4. Rehabilitaci\u00f3n psicosocial<\/strong><\/h4>\n\n\n\n<ul>\n<li>Programas que apoyan la reintegraci\u00f3n laboral, acad\u00e9mica o comunitaria.<\/li>\n\n\n\n<li>Trabajo en habilidades pr\u00e1cticas: desde armar una rutina hasta relacionarse con otros.<\/li>\n<\/ul>\n\n\n\n<p>El tratamiento no es lineal: habr\u00e1 avances, retrocesos y momentos dif\u00edciles. Lo importante es sostener el proceso con realismo, paciencia y v\u00ednculos confiables.<\/p>\n\n\n\n<h2 class=\"wp-block-heading has-x-large-font-size\"><strong>C\u00f3mo Mindy, con Fonasa, puede ayudarte<\/strong><\/h2>\n\n\n\n<p>En <strong><a href=\"https:\/\/www.mindy.cl\/\">Mindy<\/a><\/strong> entendemos que acceder a un tratamiento psicol\u00f3gico no deber\u00eda ser un privilegio. Por eso, ofrecemos atenci\u00f3n online con cobertura Fonasa, sin listas de espera ni traslados. Puedes agendar sesiones desde cualquier lugar del pa\u00eds, y recibir acompa\u00f1amiento especializado por profesionales que conocen de cerca los s\u00edntomas esquizofr\u00e9nicos y su impacto real en la vida de las personas.<\/p>\n\n\n\n<p>Esto es lo que podemos ofrecerte:<\/p>\n\n\n\n<ul>\n<li>Psic\u00f3logos formados en salud mental severa, disponibles en l\u00ednea.<\/li>\n\n\n\n<li>Apoyo emocional para ti o para quien cuidas.<\/li>\n\n\n\n<li>Derivaci\u00f3n a psiquiatras o servicios complementarios si lo necesitas.<\/li>\n\n\n\n<li>Continuidad terap\u00e9utica que respeta tus tiempos y tu proceso.<\/li>\n<\/ul>\n\n\n\n<p>Si t\u00fa o alguien cercano vive con s\u00edntomas esquizofr\u00e9nicos, te invito a considerar que pedir ayuda no es un signo de debilidad, sino un acto de cuidado profundo. En Mindy estamos para acompa\u00f1arte, paso a paso, sin juicios, con calidez y profesionalismo.<\/p>\n\n\n\n<h2 class=\"wp-block-heading has-x-large-font-size\">\u00bfNo sabes por d\u00f3nde empezar? Descubre tu terapia recomendada<\/h2>\n\n\n\n<p>Iniciar un proceso psicol\u00f3gico puede generar dudas sobre cu\u00e1l es el mejor camino. En <strong>Fonasa Mindy<\/strong> queremos facilitarte el proceso: responde unas breves preguntas para identificar el modelo terap\u00e9utico m\u00e1s efectivo para tu bienestar emocional. Es r\u00e1pido, sencillo y te ayudar\u00e1 a conectar con el profesional adecuado. <\/p>\n\n\n\n<p>\ud83d\udc49 <strong><a href=\"https:\/\/form.typeform.com\/to\/jfcSJODX\" target=\"_blank\" rel=\"noreferrer noopener\">Haz clic para descubrir tu tipo de terapia<\/a><\/strong><\/p>\n","protected":false},"excerpt":{"rendered":"<p>He acompa\u00f1ado a muchas personas que llegan a terapia confundidas, con miedo, sinti\u00e9ndose desconectadas de la realidad o sin poder poner en palabras lo que les pasa. A veces me dicen que escuchan voces, que sienten que alguien los sigue o que sus pensamientos ya no les pertenecen. Estas experiencias, por m\u00e1s extra\u00f1as o dif\u00edciles [&hellip;]<\/p>\n","protected":false},"author":2,"featured_media":526,"comment_status":"closed","ping_status":"closed","sticky":false,"template":"","format":"standard","meta":{"footnotes":""},"categories":[114,275],"tags":[],"yoast_head":"<!-- This site is optimized with the Yoast SEO plugin v23.0 - https:\/\/yoast.com\/wordpress\/plugins\/seo\/ -->\n<title>S\u00edntomas esquizofr\u00e9nicos: cu\u00e1les son y c\u00f3mo reconocerlos<\/title>\n<meta name=\"description\" content=\"Conoce los principales s\u00edntomas esquizofr\u00e9nicos, c\u00f3mo se manifiestan y por qu\u00e9 identificarlos a tiempo es clave.\" \/>\n<meta name=\"robots\" content=\"index, follow, max-snippet:-1, max-image-preview:large, max-video-preview:-1\" \/>\n<link rel=\"canonical\" href=\"https:\/\/fonasa.mindy.cl\/blog\/sintomas-esquizofrenicos\/\" \/>\n<meta property=\"og:locale\" content=\"es_ES\" \/>\n<meta property=\"og:type\" content=\"article\" \/>\n<meta property=\"og:title\" content=\"S\u00edntomas esquizofr\u00e9nicos: cu\u00e1les son y c\u00f3mo reconocerlos\" \/>\n<meta property=\"og:description\" content=\"Conoce los principales s\u00edntomas esquizofr\u00e9nicos, c\u00f3mo se manifiestan y por qu\u00e9 identificarlos a tiempo es clave.\" \/>\n<meta property=\"og:url\" content=\"https:\/\/fonasa.mindy.cl\/blog\/sintomas-esquizofrenicos\/\" \/>\n<meta property=\"og:site_name\" content=\"Mindy Fonasa Blog\" \/>\n<meta property=\"article:published_time\" content=\"2025-09-03T22:02:43+00:00\" \/>\n<meta property=\"article:modified_time\" content=\"2026-03-25T14:59:54+00:00\" \/>\n<meta property=\"og:image\" content=\"https:\/\/fonasa.mindy.cl\/blog\/wp-content\/uploads\/2025\/09\/esquizofrenia-catatonica.jpg\" \/>\n\t<meta property=\"og:image:width\" content=\"1024\" \/>\n\t<meta property=\"og:image:height\" content=\"683\" \/>\n\t<meta property=\"og:image:type\" content=\"image\/jpeg\" \/>\n<meta name=\"author\" content=\"reinaldo@mindy.cl\" \/>\n<meta name=\"twitter:card\" content=\"summary_large_image\" \/>\n<meta name=\"twitter:label1\" content=\"Written by\" \/>\n\t<meta name=\"twitter:data1\" content=\"reinaldo@mindy.cl\" \/>\n\t<meta name=\"twitter:label2\" content=\"Est. reading time\" \/>\n\t<meta name=\"twitter:data2\" content=\"13 minutos\" \/>\n<script type=\"application\/ld+json\" class=\"yoast-schema-graph\">{\"@context\":\"https:\/\/schema.org\",\"@graph\":[{\"@type\":\"Article\",\"@id\":\"https:\/\/fonasa.mindy.cl\/blog\/sintomas-esquizofrenicos\/#article\",\"isPartOf\":{\"@id\":\"https:\/\/fonasa.mindy.cl\/blog\/sintomas-esquizofrenicos\/\"},\"author\":{\"name\":\"reinaldo@mindy.cl\",\"@id\":\"https:\/\/fonasa.mindy.cl\/blog\/#\/schema\/person\/6b2fdf85e03858572a636b7b9ce17d81\"},\"headline\":\"S\u00edntomas esquizofr\u00e9nicos: cu\u00e1les son y c\u00f3mo reconocerlos\",\"datePublished\":\"2025-09-03T22:02:43+00:00\",\"dateModified\":\"2026-03-25T14:59:54+00:00\",\"mainEntityOfPage\":{\"@id\":\"https:\/\/fonasa.mindy.cl\/blog\/sintomas-esquizofrenicos\/\"},\"wordCount\":2877,\"publisher\":{\"@id\":\"https:\/\/fonasa.mindy.cl\/blog\/#organization\"},\"image\":{\"@id\":\"https:\/\/fonasa.mindy.cl\/blog\/sintomas-esquizofrenicos\/#primaryimage\"},\"thumbnailUrl\":\"https:\/\/fonasa.mindy.cl\/blog\/wp-content\/uploads\/2025\/09\/esquizofrenia-catatonica.jpg\",\"articleSection\":[\"Psic\u00f3logos Fonasa\",\"Trastornos\"],\"inLanguage\":\"es-CL\"},{\"@type\":\"WebPage\",\"@id\":\"https:\/\/fonasa.mindy.cl\/blog\/sintomas-esquizofrenicos\/\",\"url\":\"https:\/\/fonasa.mindy.cl\/blog\/sintomas-esquizofrenicos\/\",\"name\":\"S\u00edntomas esquizofr\u00e9nicos: cu\u00e1les son y c\u00f3mo reconocerlos\",\"isPartOf\":{\"@id\":\"https:\/\/fonasa.mindy.cl\/blog\/#website\"},\"primaryImageOfPage\":{\"@id\":\"https:\/\/fonasa.mindy.cl\/blog\/sintomas-esquizofrenicos\/#primaryimage\"},\"image\":{\"@id\":\"https:\/\/fonasa.mindy.cl\/blog\/sintomas-esquizofrenicos\/#primaryimage\"},\"thumbnailUrl\":\"https:\/\/fonasa.mindy.cl\/blog\/wp-content\/uploads\/2025\/09\/esquizofrenia-catatonica.jpg\",\"datePublished\":\"2025-09-03T22:02:43+00:00\",\"dateModified\":\"2026-03-25T14:59:54+00:00\",\"description\":\"Conoce los principales s\u00edntomas esquizofr\u00e9nicos, c\u00f3mo se manifiestan y por qu\u00e9 identificarlos a tiempo es clave.\",\"breadcrumb\":{\"@id\":\"https:\/\/fonasa.mindy.cl\/blog\/sintomas-esquizofrenicos\/#breadcrumb\"},\"inLanguage\":\"es-CL\",\"potentialAction\":[{\"@type\":\"ReadAction\",\"target\":[\"https:\/\/fonasa.mindy.cl\/blog\/sintomas-esquizofrenicos\/\"]}]},{\"@type\":\"ImageObject\",\"inLanguage\":\"es-CL\",\"@id\":\"https:\/\/fonasa.mindy.cl\/blog\/sintomas-esquizofrenicos\/#primaryimage\",\"url\":\"https:\/\/fonasa.mindy.cl\/blog\/wp-content\/uploads\/2025\/09\/esquizofrenia-catatonica.jpg\",\"contentUrl\":\"https:\/\/fonasa.mindy.cl\/blog\/wp-content\/uploads\/2025\/09\/esquizofrenia-catatonica.jpg\",\"width\":1024,\"height\":683,\"caption\":\"s\u00edntomas esquizofr\u00e9nicos\"},{\"@type\":\"BreadcrumbList\",\"@id\":\"https:\/\/fonasa.mindy.cl\/blog\/sintomas-esquizofrenicos\/#breadcrumb\",\"itemListElement\":[{\"@type\":\"ListItem\",\"position\":1,\"name\":\"Home\",\"item\":\"https:\/\/fonasa.mindy.cl\/blog\/\"},{\"@type\":\"ListItem\",\"position\":2,\"name\":\"S\u00edntomas esquizofr\u00e9nicos: cu\u00e1les son y c\u00f3mo reconocerlos\"}]},{\"@type\":\"WebSite\",\"@id\":\"https:\/\/fonasa.mindy.cl\/blog\/#website\",\"url\":\"https:\/\/fonasa.mindy.cl\/blog\/\",\"name\":\"Mindy Fonasa Blog\",\"description\":\"Un blog de salud mental\",\"publisher\":{\"@id\":\"https:\/\/fonasa.mindy.cl\/blog\/#organization\"},\"potentialAction\":[{\"@type\":\"SearchAction\",\"target\":{\"@type\":\"EntryPoint\",\"urlTemplate\":\"https:\/\/fonasa.mindy.cl\/blog\/?s={search_term_string}\"},\"query-input\":\"required name=search_term_string\"}],\"inLanguage\":\"es-CL\"},{\"@type\":\"Organization\",\"@id\":\"https:\/\/fonasa.mindy.cl\/blog\/#organization\",\"name\":\"Mindy Fonasa Blog\",\"url\":\"https:\/\/fonasa.mindy.cl\/blog\/\",\"logo\":{\"@type\":\"ImageObject\",\"inLanguage\":\"es-CL\",\"@id\":\"https:\/\/fonasa.mindy.cl\/blog\/#\/schema\/logo\/image\/\",\"url\":\"https:\/\/fonasa.mindy.cl\/blog\/wp-content\/uploads\/2024\/07\/logo_cuadrado.png\",\"contentUrl\":\"https:\/\/fonasa.mindy.cl\/blog\/wp-content\/uploads\/2024\/07\/logo_cuadrado.png\",\"width\":300,\"height\":300,\"caption\":\"Mindy Fonasa Blog\"},\"image\":{\"@id\":\"https:\/\/fonasa.mindy.cl\/blog\/#\/schema\/logo\/image\/\"}},{\"@type\":\"Person\",\"@id\":\"https:\/\/fonasa.mindy.cl\/blog\/#\/schema\/person\/6b2fdf85e03858572a636b7b9ce17d81\",\"name\":\"reinaldo@mindy.cl\",\"url\":\"https:\/\/fonasa.mindy.cl\/blog\/author\/reinaldomindy-cl\/\"}]}<\/script>\n<!-- \/ Yoast SEO plugin. -->","yoast_head_json":{"title":"S\u00edntomas esquizofr\u00e9nicos: cu\u00e1les son y c\u00f3mo reconocerlos","description":"Conoce los principales s\u00edntomas esquizofr\u00e9nicos, c\u00f3mo se manifiestan y por qu\u00e9 identificarlos a tiempo es clave.","robots":{"index":"index","follow":"follow","max-snippet":"max-snippet:-1","max-image-preview":"max-image-preview:large","max-video-preview":"max-video-preview:-1"},"canonical":"https:\/\/fonasa.mindy.cl\/blog\/sintomas-esquizofrenicos\/","og_locale":"es_ES","og_type":"article","og_title":"S\u00edntomas esquizofr\u00e9nicos: cu\u00e1les son y c\u00f3mo reconocerlos","og_description":"Conoce los principales s\u00edntomas esquizofr\u00e9nicos, c\u00f3mo se manifiestan y por qu\u00e9 identificarlos a tiempo es clave.","og_url":"https:\/\/fonasa.mindy.cl\/blog\/sintomas-esquizofrenicos\/","og_site_name":"Mindy Fonasa Blog","article_published_time":"2025-09-03T22:02:43+00:00","article_modified_time":"2026-03-25T14:59:54+00:00","og_image":[{"width":1024,"height":683,"url":"https:\/\/fonasa.mindy.cl\/blog\/wp-content\/uploads\/2025\/09\/esquizofrenia-catatonica.jpg","type":"image\/jpeg"}],"author":"reinaldo@mindy.cl","twitter_card":"summary_large_image","twitter_misc":{"Written by":"reinaldo@mindy.cl","Est. reading time":"13 minutos"},"schema":{"@context":"https:\/\/schema.org","@graph":[{"@type":"Article","@id":"https:\/\/fonasa.mindy.cl\/blog\/sintomas-esquizofrenicos\/#article","isPartOf":{"@id":"https:\/\/fonasa.mindy.cl\/blog\/sintomas-esquizofrenicos\/"},"author":{"name":"reinaldo@mindy.cl","@id":"https:\/\/fonasa.mindy.cl\/blog\/#\/schema\/person\/6b2fdf85e03858572a636b7b9ce17d81"},"headline":"S\u00edntomas esquizofr\u00e9nicos: cu\u00e1les son y c\u00f3mo reconocerlos","datePublished":"2025-09-03T22:02:43+00:00","dateModified":"2026-03-25T14:59:54+00:00","mainEntityOfPage":{"@id":"https:\/\/fonasa.mindy.cl\/blog\/sintomas-esquizofrenicos\/"},"wordCount":2877,"publisher":{"@id":"https:\/\/fonasa.mindy.cl\/blog\/#organization"},"image":{"@id":"https:\/\/fonasa.mindy.cl\/blog\/sintomas-esquizofrenicos\/#primaryimage"},"thumbnailUrl":"https:\/\/fonasa.mindy.cl\/blog\/wp-content\/uploads\/2025\/09\/esquizofrenia-catatonica.jpg","articleSection":["Psic\u00f3logos Fonasa","Trastornos"],"inLanguage":"es-CL"},{"@type":"WebPage","@id":"https:\/\/fonasa.mindy.cl\/blog\/sintomas-esquizofrenicos\/","url":"https:\/\/fonasa.mindy.cl\/blog\/sintomas-esquizofrenicos\/","name":"S\u00edntomas esquizofr\u00e9nicos: cu\u00e1les son y c\u00f3mo reconocerlos","isPartOf":{"@id":"https:\/\/fonasa.mindy.cl\/blog\/#website"},"primaryImageOfPage":{"@id":"https:\/\/fonasa.mindy.cl\/blog\/sintomas-esquizofrenicos\/#primaryimage"},"image":{"@id":"https:\/\/fonasa.mindy.cl\/blog\/sintomas-esquizofrenicos\/#primaryimage"},"thumbnailUrl":"https:\/\/fonasa.mindy.cl\/blog\/wp-content\/uploads\/2025\/09\/esquizofrenia-catatonica.jpg","datePublished":"2025-09-03T22:02:43+00:00","dateModified":"2026-03-25T14:59:54+00:00","description":"Conoce los principales s\u00edntomas esquizofr\u00e9nicos, c\u00f3mo se manifiestan y por qu\u00e9 identificarlos a tiempo es clave.","breadcrumb":{"@id":"https:\/\/fonasa.mindy.cl\/blog\/sintomas-esquizofrenicos\/#breadcrumb"},"inLanguage":"es-CL","potentialAction":[{"@type":"ReadAction","target":["https:\/\/fonasa.mindy.cl\/blog\/sintomas-esquizofrenicos\/"]}]},{"@type":"ImageObject","inLanguage":"es-CL","@id":"https:\/\/fonasa.mindy.cl\/blog\/sintomas-esquizofrenicos\/#primaryimage","url":"https:\/\/fonasa.mindy.cl\/blog\/wp-content\/uploads\/2025\/09\/esquizofrenia-catatonica.jpg","contentUrl":"https:\/\/fonasa.mindy.cl\/blog\/wp-content\/uploads\/2025\/09\/esquizofrenia-catatonica.jpg","width":1024,"height":683,"caption":"s\u00edntomas esquizofr\u00e9nicos"},{"@type":"BreadcrumbList","@id":"https:\/\/fonasa.mindy.cl\/blog\/sintomas-esquizofrenicos\/#breadcrumb","itemListElement":[{"@type":"ListItem","position":1,"name":"Home","item":"https:\/\/fonasa.mindy.cl\/blog\/"},{"@type":"ListItem","position":2,"name":"S\u00edntomas esquizofr\u00e9nicos: cu\u00e1les son y c\u00f3mo reconocerlos"}]},{"@type":"WebSite","@id":"https:\/\/fonasa.mindy.cl\/blog\/#website","url":"https:\/\/fonasa.mindy.cl\/blog\/","name":"Mindy Fonasa Blog","description":"Un blog de salud mental","publisher":{"@id":"https:\/\/fonasa.mindy.cl\/blog\/#organization"},"potentialAction":[{"@type":"SearchAction","target":{"@type":"EntryPoint","urlTemplate":"https:\/\/fonasa.mindy.cl\/blog\/?s={search_term_string}"},"query-input":"required name=search_term_string"}],"inLanguage":"es-CL"},{"@type":"Organization","@id":"https:\/\/fonasa.mindy.cl\/blog\/#organization","name":"Mindy Fonasa Blog","url":"https:\/\/fonasa.mindy.cl\/blog\/","logo":{"@type":"ImageObject","inLanguage":"es-CL","@id":"https:\/\/fonasa.mindy.cl\/blog\/#\/schema\/logo\/image\/","url":"https:\/\/fonasa.mindy.cl\/blog\/wp-content\/uploads\/2024\/07\/logo_cuadrado.png","contentUrl":"https:\/\/fonasa.mindy.cl\/blog\/wp-content\/uploads\/2024\/07\/logo_cuadrado.png","width":300,"height":300,"caption":"Mindy Fonasa Blog"},"image":{"@id":"https:\/\/fonasa.mindy.cl\/blog\/#\/schema\/logo\/image\/"}},{"@type":"Person","@id":"https:\/\/fonasa.mindy.cl\/blog\/#\/schema\/person\/6b2fdf85e03858572a636b7b9ce17d81","name":"reinaldo@mindy.cl","url":"https:\/\/fonasa.mindy.cl\/blog\/author\/reinaldomindy-cl\/"}]}},"_links":{"self":[{"href":"https:\/\/fonasa.mindy.cl\/blog\/wp-json\/wp\/v2\/posts\/508"}],"collection":[{"href":"https:\/\/fonasa.mindy.cl\/blog\/wp-json\/wp\/v2\/posts"}],"about":[{"href":"https:\/\/fonasa.mindy.cl\/blog\/wp-json\/wp\/v2\/types\/post"}],"author":[{"embeddable":true,"href":"https:\/\/fonasa.mindy.cl\/blog\/wp-json\/wp\/v2\/users\/2"}],"replies":[{"embeddable":true,"href":"https:\/\/fonasa.mindy.cl\/blog\/wp-json\/wp\/v2\/comments?post=508"}],"version-history":[{"count":8,"href":"https:\/\/fonasa.mindy.cl\/blog\/wp-json\/wp\/v2\/posts\/508\/revisions"}],"predecessor-version":[{"id":1751,"href":"https:\/\/fonasa.mindy.cl\/blog\/wp-json\/wp\/v2\/posts\/508\/revisions\/1751"}],"wp:featuredmedia":[{"embeddable":true,"href":"https:\/\/fonasa.mindy.cl\/blog\/wp-json\/wp\/v2\/media\/526"}],"wp:attachment":[{"href":"https:\/\/fonasa.mindy.cl\/blog\/wp-json\/wp\/v2\/media?parent=508"}],"wp:term":[{"taxonomy":"category","embeddable":true,"href":"https:\/\/fonasa.mindy.cl\/blog\/wp-json\/wp\/v2\/categories?post=508"},{"taxonomy":"post_tag","embeddable":true,"href":"https:\/\/fonasa.mindy.cl\/blog\/wp-json\/wp\/v2\/tags?post=508"}],"curies":[{"name":"wp","href":"https:\/\/api.w.org\/{rel}","templated":true}]}}