{"id":506,"date":"2025-09-03T18:10:44","date_gmt":"2025-09-03T22:10:44","guid":{"rendered":"https:\/\/fonasa.mindy.cl\/blog\/?p=506"},"modified":"2026-03-25T12:00:07","modified_gmt":"2026-03-25T15:00:07","slug":"sintomas-de-esquizofrenia","status":"publish","type":"post","link":"https:\/\/fonasa.mindy.cl\/blog\/sintomas-de-esquizofrenia\/","title":{"rendered":"S\u00edntomas de esquizofrenia: se\u00f1ales clave para detectar el trastorno"},"content":{"rendered":"\n<p>He conocido a muchas familias que pasan meses, incluso a\u00f1os, tratando de entender qu\u00e9 le ocurre a su hijo. Notan cambios en su comportamiento, una desconexi\u00f3n con la realidad o actitudes que no logran explicar. Cuando finalmente escuchan hablar de los <strong>s\u00edntomas de esquizofrenia<\/strong>, muchas veces sienten alivio y miedo al mismo tiempo: alivio por encontrar una posible respuesta, miedo por todo lo que implica.<\/p>\n\n\n\n<h2 class=\"wp-block-heading has-x-large-font-size\"><strong>\u00bfC\u00f3mo se manifiestan los s\u00edntomas de esquizofrenia en la infancia y adolescencia?<\/strong><\/h2>\n\n\n\n<p>La esquizofrenia es un trastorno complejo y profundo, y aunque solemos asociarlo con la adultez, en realidad puede manifestarse desde muy temprano en la vida. Cuales son las <strong><a href=\"https:\/\/fonasa.mindy.cl\/blog\/esquizofrenia-causas\/\">causas de la esquizofrenia<\/a><\/strong>? <\/p>\n\n\n\n<p>Entender c\u00f3mo se presentan los <strong>s\u00edntomas de esquizofrenia en la infancia y adolescencia<\/strong> permite identificar se\u00f1ales de alerta que, con el apoyo adecuado, pueden marcar una gran diferencia en el desarrollo y bienestar de esa persona. <strong><a href=\"https:\/\/fonasa.mindy.cl\/blog\/esquizofrenia-sintomas\/\">Esquizofrenia s\u00edntomas: c\u00f3mo reconocerlos y qu\u00e9 hacer si los experimentas<\/a><\/strong>.<\/p>\n\n\n\n<h3 class=\"wp-block-heading has-large-font-size\"><strong>Esquizofrenia infantil: s\u00edntomas iniciales y desaf\u00edos en el reconocimiento<\/strong><\/h3>\n\n\n\n<p>Cuando la esquizofrenia aparece antes de los 13 a\u00f1os, hablamos de <strong>esquizofrenia infantil<\/strong>, una forma poco frecuente pero especialmente dif\u00edcil de diagnosticar. A esta edad, los s\u00edntomas pueden confundirse con problemas del desarrollo, dificultades escolares o <strong><a href=\"https:\/\/es.wikipedia.org\/wiki\/Esquizofrenia\">comportamientos t\u00edpicos<\/a><\/strong> de la infancia.<\/p>\n\n\n\n<h4 class=\"wp-block-heading has-medium-font-size\"><strong>Retrasos en el desarrollo del lenguaje y la motricidad<\/strong><\/h4>\n\n\n\n<p>Uno de los primeros signos puede ser un <strong><a href=\"https:\/\/fonasa.mindy.cl\/blog\/esquizofrenia-catatonica\/\">retraso en el lenguaje<\/a><\/strong>: el ni\u00f1o tarda m\u00e1s de lo habitual en hablar, usa frases muy simples o tiene dificultades para comunicarse. Tambi\u00e9n puede presentar torpeza motriz, movimientos extra\u00f1os o falta de coordinaci\u00f3n, lo que a menudo se interpreta como torpeza normal.<\/p>\n\n\n\n<h4 class=\"wp-block-heading has-medium-font-size\"><strong>Alucinaciones visuales y auditivas<\/strong><\/h4>\n\n\n\n<p>A esta edad, las <strong>alucinaciones<\/strong> pueden presentarse en forma de voces que el ni\u00f1o dice escuchar, o figuras que dice ver cuando no hay nadie. Aunque la imaginaci\u00f3n infantil es muy activa, hay una diferencia clara: las alucinaciones en la esquizofrenia suelen generar miedo, incomodidad o aislamiento. No son parte del juego, sino una experiencia que el ni\u00f1o vive como real y perturbadora.<\/p>\n\n\n\n<h4 class=\"wp-block-heading has-medium-font-size\"><strong>Comportamientos extra\u00f1os y confusi\u00f3n entre sue\u00f1o y realidad<\/strong><\/h4>\n\n\n\n<p>Muchos ni\u00f1os con s\u00edntomas tempranos de esquizofrenia tienen dificultades para distinguir entre lo real y lo imaginario. Pueden hablar solos, actuar de forma muy r\u00edgida o responder a est\u00edmulos que nadie m\u00e1s percibe. Tambi\u00e9n es com\u00fan que presenten <strong>comportamientos inusuales<\/strong>, como mirar fijamente a un punto sin raz\u00f3n aparente, re\u00edrse en momentos inapropiados o adoptar posturas corporales extra\u00f1as.<\/p>\n\n\n\n<p>Estos s\u00edntomas suelen aparecer gradualmente y pueden pasar desapercibidos durante un tiempo. Por eso, es fundamental observar los cambios a lo largo de semanas o meses, y no juzgarlos de forma aislada.<\/p>\n\n\n\n<h3 class=\"wp-block-heading has-large-font-size\"><strong>Adolescencia: primeras se\u00f1ales, con frecuencia sutiles<\/strong><\/h3>\n\n\n\n<p>En la adolescencia, los <strong>s\u00edntomas de esquizofrenia<\/strong> pueden confundirse f\u00e1cilmente con comportamientos propios de esta etapa: rebeld\u00eda, cambios emocionales intensos, alejamiento de la familia o p\u00e9rdida de inter\u00e9s en ciertas actividades. Sin embargo, cuando estos cambios son muy marcados, persistentes y afectan seriamente la vida cotidiana, pueden ser signos de un problema m\u00e1s profundo.<\/p>\n\n\n\n<h4 class=\"wp-block-heading has-medium-font-size\"><strong>Aislamiento social, deterioro acad\u00e9mico, irritabilidad<\/strong><\/h4>\n\n\n\n<p>Uno de los signos m\u00e1s comunes en esta etapa es el <strong>aislamiento social<\/strong>. El adolescente se encierra en su habitaci\u00f3n, deja de hablar con amigos o familiares, y pierde el inter\u00e9s por las actividades que antes disfrutaba. Tambi\u00e9n puede presentar una ca\u00edda repentina en el rendimiento escolar, sin una causa clara.<\/p>\n\n\n\n<p>La <strong>irritabilidad constante<\/strong>, la <strong>p\u00e9rdida de motivaci\u00f3n<\/strong>, o el hecho de dejar de cuidarse (como no ba\u00f1arse o usar ropa sucia) son se\u00f1ales que deben tomarse en serio.<\/p>\n\n\n\n<h4 class=\"wp-block-heading has-medium-font-size\"><strong>Diferencias entre s\u00edntomas psic\u00f3ticos y cambios normales del desarrollo<\/strong><\/h4>\n\n\n\n<p>Es normal que los adolescentes cuestionen la realidad, exploren ideas nuevas o incluso se comporten de manera exc\u00e9ntrica. Pero en la esquizofrenia, estos cambios no son pasajeros ni parte del crecimiento personal. Las <strong>alucinaciones<\/strong>, las <strong>ideas delirantes<\/strong> (como pensar que todos lo est\u00e1n observando) o el <strong>lenguaje desorganizado<\/strong> son manifestaciones mucho m\u00e1s graves, que afectan el juicio y la conexi\u00f3n con el mundo real.<\/p>\n\n\n\n<h4 class=\"wp-block-heading has-medium-font-size\"><strong>Factores que dificultan el diagn\u00f3stico<\/strong><\/h4>\n\n\n\n<p>Diagnosticar esquizofrenia en la adolescencia no es f\u00e1cil. El uso de sustancias, el estr\u00e9s intenso o incluso otros trastornos como la depresi\u00f3n o la ansiedad pueden generar s\u00edntomas parecidos. Por eso, es fundamental una evaluaci\u00f3n cl\u00ednica completa, que tome en cuenta la historia del adolescente, los cambios recientes y el impacto en su funcionamiento.<\/p>\n\n\n\n<p>Reconocer los s\u00edntomas de esquizofrenia en estas etapas tempranas puede ser dif\u00edcil, pero no imposible. Si ves se\u00f1ales que te preocupan, hablar con un profesional es el mejor primer paso. En Mindy ofrecemos atenci\u00f3n psicol\u00f3gica con cobertura Fonasa, para que puedas acceder a un acompa\u00f1amiento oportuno, humano y accesible.<\/p>\n\n\n\n<h2 class=\"wp-block-heading has-x-large-font-size\"><strong>S\u00edntomas de esquizofrenia en la adultez temprana y media<\/strong><\/h2>\n\n\n\n<p>La mayor\u00eda de los diagn\u00f3sticos de esquizofrenia se realizan durante la <strong>adultez joven<\/strong>, especialmente entre los <strong>18 y 30 a\u00f1os<\/strong>. Es en esta etapa donde el trastorno suele revelarse con mayor claridad, a menudo con s\u00edntomas intensos y disruptivos. Para muchas personas, este es el momento en que comienzan a enfrentarse de forma directa con una realidad que ya ven\u00eda manifest\u00e1ndose, aunque de forma m\u00e1s sutil, desde la adolescencia.<\/p>\n\n\n\n<p>Si est\u00e1s en esta etapa de la vida, o si alguien cercano a ti lo est\u00e1, conocer los <strong>s\u00edntomas de esquizofrenia<\/strong> que aparecen con mayor frecuencia en estos a\u00f1os puede ayudarte a identificar se\u00f1ales clave y actuar a tiempo.<\/p>\n\n\n\n<h3 class=\"wp-block-heading has-large-font-size\"><strong>Inicio t\u00edpico y diferencias por g\u00e9nero<\/strong><\/h3>\n\n\n\n<p>El inicio de la esquizofrenia suele ser m\u00e1s temprano en hombres que en mujeres. En ellos, los primeros episodios psic\u00f3ticos aparecen con frecuencia entre los <strong>18 y 25 a\u00f1os<\/strong>, mientras que en mujeres tiende a ser un poco m\u00e1s tard\u00edo, alrededor de los <strong>25 a 30 a\u00f1os<\/strong>. Estas diferencias no solo son biol\u00f3gicas: tambi\u00e9n est\u00e1n influenciadas por factores sociales, hormonales y culturales.<\/p>\n\n\n\n<p>En ambos casos, los <strong>s\u00edntomas de esquizofrenia<\/strong> pueden desarrollarse de manera gradual (fase prodr\u00f3mica) o presentarse de forma s\u00fabita, con un episodio psic\u00f3tico agudo. En algunos casos, los primeros signos pueden ser malinterpretados como estr\u00e9s, crisis existencial o problemas emocionales temporales.<\/p>\n\n\n\n<h3 class=\"wp-block-heading has-large-font-size\"><strong>Manifestaciones psic\u00f3ticas claras: s\u00edntomas positivos<\/strong><\/h3>\n\n\n\n<p>Durante esta etapa, suelen predominar los <strong>s\u00edntomas positivos de la esquizofrenia<\/strong>, que son aquellos que agregan algo al funcionamiento mental normal. Estos incluyen:<\/p>\n\n\n\n<h4 class=\"wp-block-heading has-medium-font-size\"><strong>Alucinaciones<\/strong><\/h4>\n\n\n\n<ul>\n<li><strong>Auditivas<\/strong>: escuchar voces que comentan, critican o dan \u00f3rdenes.<\/li>\n\n\n\n<li><strong>Visuales<\/strong>: ver sombras, figuras o personas que no est\u00e1n presentes.<\/li>\n\n\n\n<li><strong>T\u00e1ctiles, olfativas o gustativas<\/strong>: menos comunes, pero posibles.<\/li>\n<\/ul>\n\n\n\n<p>Estas alucinaciones no son meras ideas, sino experiencias que se sienten completamente reales para quien las vive.<\/p>\n\n\n\n<h4 class=\"wp-block-heading has-medium-font-size\"><strong>Ideas delirantes<\/strong><\/h4>\n\n\n\n<p>Las m\u00e1s comunes incluyen:<\/p>\n\n\n\n<ul>\n<li><strong>Delirios de persecuci\u00f3n<\/strong>: creer que alguien lo sigue, esp\u00eda o quiere hacerle da\u00f1o.<\/li>\n\n\n\n<li><strong>Delirios de grandeza<\/strong>: pensar que tiene poderes especiales o una misi\u00f3n \u00fanica.<\/li>\n\n\n\n<li><strong>Delirios de referencia<\/strong>: interpretar mensajes ocultos en la televisi\u00f3n, la radio o redes sociales.<\/li>\n<\/ul>\n\n\n\n<p>Estos delirios suelen generar desconfianza, ansiedad y aislamiento, ya que la persona se siente constantemente amenazada o vigilada.<\/p>\n\n\n\n<h3 class=\"wp-block-heading has-large-font-size\"><strong>S\u00edntomas negativos y cognitivos en fases agudas o cr\u00f3nicas<\/strong><\/h3>\n\n\n\n<p>Junto con los s\u00edntomas psic\u00f3ticos m\u00e1s visibles, tambi\u00e9n aparecen <strong>s\u00edntomas negativos<\/strong> que muchas veces pasan desapercibidos pero afectan profundamente la vida cotidiana.<\/p>\n\n\n\n<h4 class=\"wp-block-heading has-medium-font-size\"><strong>Aplanamiento afectivo<\/strong><\/h4>\n\n\n\n<p>La persona pierde expresividad emocional. Su rostro es neutro, su voz mon\u00f3tona, y sus respuestas emocionales parecen apagadas, incluso en situaciones que normalmente generar\u00edan alegr\u00eda o tristeza.<\/p>\n\n\n\n<h4 class=\"wp-block-heading has-medium-font-size\"><strong>Anhedonia y retraimiento social<\/strong><\/h4>\n\n\n\n<p>Se pierde el inter\u00e9s por actividades antes placenteras. Puede evitar el contacto con amigos, familia o dejar de realizar tareas simples como cocinar o ducharse. Esto no es desinter\u00e9s voluntario, sino parte del trastorno.<\/p>\n\n\n\n<h4 class=\"wp-block-heading has-medium-font-size\"><strong>Deterioro cognitivo<\/strong><\/h4>\n\n\n\n<p>Los <strong>s\u00edntomas cognitivos de la esquizofrenia<\/strong> afectan la memoria, la atenci\u00f3n y la capacidad para organizar ideas. Puede haber:<\/p>\n\n\n\n<ul>\n<li>Dificultad para concentrarse o seguir una conversaci\u00f3n.<\/li>\n\n\n\n<li>Problemas para recordar informaci\u00f3n reciente.<\/li>\n\n\n\n<li>Pensamiento desorganizado, con frases que no siguen un hilo l\u00f3gico.<\/li>\n<\/ul>\n\n\n\n<p>Este deterioro impacta directamente en la capacidad para trabajar, estudiar o mantener relaciones. A menudo es una de las razones por las que las personas con esquizofrenia necesitan apoyo continuo.<\/p>\n\n\n\n<p>Si est\u00e1s atravesando esta etapa de la vida y te identificas con alguno de estos s\u00edntomas, es importante que sepas que hay ayuda disponible. En Mindy puedes acceder a atenci\u00f3n psicol\u00f3gica profesional desde cualquier lugar de Chile, con cobertura Fonasa. No est\u00e1s solo, y con el acompa\u00f1amiento adecuado, es posible recuperar el equilibrio y retomar tu proyecto de vida.<\/p>\n\n\n\n<h2 class=\"wp-block-heading has-x-large-font-size\"><strong>\u00bfC\u00f3mo cambian los s\u00edntomas de esquizofrenia en la adultez media?<\/strong><\/h2>\n\n\n\n<figure class=\"wp-block-image alignwide size-full\"><img loading=\"lazy\" decoding=\"async\" width=\"640\" height=\"480\" src=\"https:\/\/fonasa.mindy.cl\/blog\/wp-content\/uploads\/2025\/12\/adulto-mayor-depresion.jpg\" alt=\"s\u00edntomas de esquizofrenia\" class=\"wp-image-1107\"\/><\/figure>\n\n\n\n<p>Con el paso de los a\u00f1os, los <strong>s\u00edntomas de esquizofrenia<\/strong> pueden cambiar de forma significativa. Algunas personas logran estabilizarse con tratamiento y apoyo continuo; otras experimentan reca\u00eddas o una evoluci\u00f3n m\u00e1s lenta, marcada sobre todo por s\u00edntomas negativos y cognitivos. La <strong>adultez media<\/strong> \u2014entre los 40 y 60 a\u00f1os aproximadamente\u2014 es una etapa en la que el curso del trastorno se vuelve m\u00e1s definido, pero tambi\u00e9n m\u00e1s complejo.<\/p>\n\n\n\n<p>En esta fase, es clave prestar atenci\u00f3n a c\u00f3mo evolucionan los s\u00edntomas y c\u00f3mo afectan la vida cotidiana, el entorno familiar, el trabajo y la autonom\u00eda personal.<\/p>\n\n\n\n<h3 class=\"wp-block-heading has-large-font-size\"><strong>Estabilizaci\u00f3n y predominio de s\u00edntomas negativos<\/strong><\/h3>\n\n\n\n<p>Muchas personas con esquizofrenia, especialmente aquellas que han recibido tratamiento constante desde su diagn\u00f3stico, presentan una disminuci\u00f3n en los <strong>s\u00edntomas psic\u00f3ticos agudos<\/strong> (como alucinaciones o delirios). Sin embargo, esto no significa que se haya \u201ccurado\u201d la enfermedad.<\/p>\n\n\n\n<p>En muchos casos, persisten los llamados <strong>s\u00edntomas residuales<\/strong>: una combinaci\u00f3n de s\u00edntomas negativos y deterioro cognitivo que afecta el funcionamiento diario. Por ejemplo:<\/p>\n\n\n\n<ul>\n<li>Falta de energ\u00eda o motivaci\u00f3n para realizar actividades b\u00e1sicas.<\/li>\n\n\n\n<li>Dificultades para planificar, organizar y tomar decisiones.<\/li>\n\n\n\n<li>Bajo nivel de expresi\u00f3n emocional.<\/li>\n\n\n\n<li>Escasa interacci\u00f3n social.<\/li>\n<\/ul>\n\n\n\n<p>Estos s\u00edntomas suelen ser m\u00e1s sutiles que los episodios psic\u00f3ticos, pero su impacto acumulativo puede ser igual o mayor, especialmente si la persona no cuenta con una red de apoyo.<\/p>\n\n\n\n<h3 class=\"wp-block-heading has-large-font-size\"><strong>S\u00edntomas cognitivos m\u00e1s evidentes<\/strong><\/h3>\n\n\n\n<p>A medida que se avanza en edad, los <strong>s\u00edntomas cognitivos de la esquizofrenia<\/strong> pueden volverse m\u00e1s notorios. La persona puede experimentar:<\/p>\n\n\n\n<ul>\n<li>Problemas de memoria a corto plazo.<\/li>\n\n\n\n<li>Dificultad para seguir instrucciones o mantener una conversaci\u00f3n fluida.<\/li>\n\n\n\n<li>P\u00e9rdida de habilidades adquiridas previamente (como manejar, cocinar o llevar sus cuentas personales).<\/li>\n<\/ul>\n\n\n\n<p>Este deterioro puede confundirse con signos tempranos de demencia, pero tiene un origen distinto y requiere un enfoque terap\u00e9utico espec\u00edfico.<\/p>\n\n\n\n<h3 class=\"wp-block-heading has-large-font-size\"><strong>Esquizofrenia de inicio tard\u00edo<\/strong><\/h3>\n\n\n\n<p>Aunque es menos com\u00fan, tambi\u00e9n puede ocurrir que los <strong>s\u00edntomas de esquizofrenia<\/strong> aparezcan por primera vez durante la adultez media. En estos casos, hablamos de <strong>esquizofrenia de inicio tard\u00edo<\/strong> (late-onset schizophrenia), que suele diagnosticarse despu\u00e9s de los 40 a\u00f1os.<\/p>\n\n\n\n<p>Algunas caracter\u00edsticas distintivas:<\/p>\n\n\n\n<ul>\n<li>M\u00e1s frecuente en mujeres.<\/li>\n\n\n\n<li>Predominan las alucinaciones auditivas y los delirios de tipo persecutorio.<\/li>\n\n\n\n<li>Menor grado de desorganizaci\u00f3n del pensamiento en comparaci\u00f3n con los casos de inicio temprano.<\/li>\n\n\n\n<li>Mayor preservaci\u00f3n de habilidades cognitivas y funcionamiento general, al menos en las etapas iniciales.<\/li>\n<\/ul>\n\n\n\n<p>Este tipo de esquizofrenia puede ser dif\u00edcil de detectar, ya que los s\u00edntomas pueden parecer reacciones a eventos de la vida (como una p\u00e9rdida o un estr\u00e9s importante). Por eso, si una persona comienza a mostrar cambios graves en su forma de pensar o percibir la realidad a esta edad, es fundamental realizar una evaluaci\u00f3n profesional exhaustiva.<\/p>\n\n\n\n<h3 class=\"wp-block-heading has-large-font-size\"><strong>El rol del tratamiento en esta etapa<\/strong><\/h3>\n\n\n\n<p>En la adultez media, el tratamiento no solo debe enfocarse en controlar los s\u00edntomas, sino tambi\u00e9n en preservar la autonom\u00eda, la salud f\u00edsica y el bienestar emocional. Esto incluye:<\/p>\n\n\n\n<ul>\n<li>Reajustar la medicaci\u00f3n seg\u00fan la evoluci\u00f3n del trastorno y los efectos secundarios acumulados.<\/li>\n\n\n\n<li>Apoyar la inclusi\u00f3n laboral o la participaci\u00f3n en actividades significativas.<\/li>\n\n\n\n<li>Trabajar con la familia o cuidadores para facilitar la convivencia y la comprensi\u00f3n del trastorno.<\/li>\n<\/ul>\n\n\n\n<p>La esquizofrenia no es una sentencia de aislamiento ni de deterioro inevitable. Con acompa\u00f1amiento terap\u00e9utico adecuado, muchas personas pueden llevar una vida estable y satisfactoria.<\/p>\n\n\n\n<p>En Mindy, ofrecemos atenci\u00f3n psicol\u00f3gica adaptada a cada etapa de la vida. Si t\u00fa o alguien que conoces vive con esquizofrenia y tiene Fonasa, puedes acceder a sesiones online cubiertas, con psic\u00f3logos capacitados para acompa\u00f1ar procesos de salud mental complejos y continuos.<\/p>\n\n\n\n<h2 class=\"wp-block-heading has-x-large-font-size\"><strong>Esquizofrenia en la vejez: s\u00edntomas y retos espec\u00edficos<\/strong><\/h2>\n\n\n\n<p>Llegar a la vejez con esquizofrenia implica desaf\u00edos \u00fanicos. Algunas personas han vivido con el diagn\u00f3stico desde j\u00f3venes; otras experimentan los <strong>s\u00edntomas de esquizofrenia<\/strong> por primera vez despu\u00e9s de los 60 a\u00f1os. En ambos casos, es crucial comprender c\u00f3mo se manifiestan en esta etapa y qu\u00e9 cuidados se requieren para mantener la mejor calidad de vida posible.<\/p>\n\n\n\n<p>Con la edad, los s\u00edntomas no solo se transforman: tambi\u00e9n se entrecruzan con otros factores como el envejecimiento cerebral, las enfermedades f\u00edsicas y la mayor dependencia del entorno. Esto exige un enfoque m\u00e1s integral, delicado y coordinado.<\/p>\n\n\n\n<h3 class=\"wp-block-heading has-large-font-size\"><strong>Persistencia o reaparici\u00f3n de s\u00edntomas psic\u00f3ticos<\/strong><\/h3>\n\n\n\n<p>Contrario a lo que se podr\u00eda pensar, los s\u00edntomas psic\u00f3ticos no siempre desaparecen con el tiempo. En muchas personas mayores con esquizofrenia, las <strong>alucinaciones<\/strong> y <strong>delirios<\/strong> contin\u00faan presentes, aunque a veces de forma m\u00e1s intermitente o con menor intensidad.<\/p>\n\n\n\n<h4 class=\"wp-block-heading has-medium-font-size\"><strong>Caracter\u00edsticas comunes en adultos mayores:<\/strong><\/h4>\n\n\n\n<ul>\n<li><strong>Alucinaciones auditivas<\/strong> persistentes (voces que critican, comentan o dan \u00f3rdenes).<\/li>\n\n\n\n<li><strong>Delirios persecutorios<\/strong>, como creer que los vecinos quieren hacerles da\u00f1o, que les roban objetos o que sus alimentos est\u00e1n envenenados.<\/li>\n\n\n\n<li>Confusi\u00f3n entre lo real y lo imaginario, especialmente en situaciones nuevas o estresantes.<\/li>\n<\/ul>\n\n\n\n<p>En algunos casos, estas manifestaciones pueden confundirse con demencia, lo que retrasa el diagn\u00f3stico correcto y dificulta el tratamiento adecuado.<\/p>\n\n\n\n<h3 class=\"wp-block-heading has-large-font-size\"><strong>Riesgos aumentados y superposici\u00f3n con trastornos neurocognitivos<\/strong><\/h3>\n\n\n\n<p>En la vejez, los s\u00edntomas de esquizofrenia pueden verse amplificados por enfermedades asociadas al envejecimiento, como el deterioro cognitivo leve o la demencia. Esta superposici\u00f3n de s\u00edntomas genera un alto riesgo de diagn\u00f3sticos err\u00f3neos y tratamientos inadecuados.<\/p>\n\n\n\n<p>Algunos aspectos a tener en cuenta:<\/p>\n\n\n\n<ul>\n<li>La memoria, la atenci\u00f3n y el lenguaje pueden deteriorarse por m\u00faltiples causas, no solo por la esquizofrenia.<\/li>\n\n\n\n<li>Las personas mayores con esquizofrenia tienen mayor riesgo de enfermedades cardiovasculares, diabetes, ca\u00eddas y problemas respiratorios.<\/li>\n\n\n\n<li>El aislamiento social y la pobreza afectan desproporcionadamente a este grupo, empeorando el acceso al cuidado.<\/li>\n<\/ul>\n\n\n\n<h3 class=\"wp-block-heading has-large-font-size\"><strong>Sensibilidad a medicamentos y atenci\u00f3n integral<\/strong><\/h3>\n\n\n\n<p>El cuerpo cambia con la edad, y tambi\u00e9n la forma en que responde a los f\u00e1rmacos. En adultos mayores, los antipsic\u00f3ticos pueden causar efectos secundarios m\u00e1s intensos, como somnolencia excesiva, mareos, temblores o rigidez muscular.<\/p>\n\n\n\n<p>Por eso, el tratamiento debe ser:<\/p>\n\n\n\n<ul>\n<li><strong>Cuidadosamente ajustado<\/strong>, con dosis m\u00e1s bajas y monitoreo frecuente.<\/li>\n\n\n\n<li><strong>Combinado con intervenciones psicosociales<\/strong>, como estimulaci\u00f3n cognitiva, terapia ocupacional y acompa\u00f1amiento emocional.<\/li>\n\n\n\n<li><strong>Apoyado por una red de cuidados<\/strong>, que incluya familiares, cuidadores formales y profesionales de salud mental especializados en personas mayores.<\/li>\n<\/ul>\n\n\n\n<h3 class=\"wp-block-heading has-large-font-size\"><strong>La importancia del acompa\u00f1amiento humanizado<\/strong><\/h3>\n\n\n\n<p>Las personas mayores con esquizofrenia enfrentan una doble vulnerabilidad: por el estigma del trastorno mental y por la invisibilidad que muchas veces acompa\u00f1a el envejecimiento. Necesitan mucho m\u00e1s que medicaci\u00f3n: requieren comprensi\u00f3n, paciencia, escucha y un entorno que valore su historia y su dignidad.<\/p>\n\n\n\n<p>En <strong><a href=\"https:\/\/www.mindy.cl\/\">Mindy<\/a><\/strong>, entendemos que la salud mental en la vejez necesita una mirada distinta. Si t\u00fa o un familiar adulto mayor tiene s\u00edntomas de esquizofrenia y cuenta con Fonasa, puedes acceder a sesiones psicol\u00f3gicas online adaptadas a esta etapa de la vida. Con el cuidado adecuado, es posible vivir con estabilidad emocional, incluso en la vejez.<\/p>\n\n\n\n<h2 class=\"wp-block-heading has-x-large-font-size\">\u00bfNo sabes por d\u00f3nde empezar? Descubre tu terapia recomendada<\/h2>\n\n\n\n<p>Iniciar un proceso psicol\u00f3gico puede generar dudas sobre cu\u00e1l es el mejor camino. En <strong>Fonasa Mindy<\/strong> queremos facilitarte el proceso: responde unas breves preguntas para identificar el modelo terap\u00e9utico m\u00e1s efectivo para tu bienestar emocional. Es r\u00e1pido, sencillo y te ayudar\u00e1 a conectar con el profesional adecuado. <\/p>\n\n\n\n<p>\ud83d\udc49 <strong><a href=\"https:\/\/form.typeform.com\/to\/jfcSJODX\" target=\"_blank\" rel=\"noreferrer noopener\">Haz clic para descubrir tu tipo de terapia<\/a><\/strong><\/p>\n","protected":false},"excerpt":{"rendered":"<p>He conocido a muchas familias que pasan meses, incluso a\u00f1os, tratando de entender qu\u00e9 le ocurre a su hijo. Notan cambios en su comportamiento, una desconexi\u00f3n con la realidad o actitudes que no logran explicar. Cuando finalmente escuchan hablar de los s\u00edntomas de esquizofrenia, muchas veces sienten alivio y miedo al mismo tiempo: alivio por [&hellip;]<\/p>\n","protected":false},"author":2,"featured_media":529,"comment_status":"closed","ping_status":"closed","sticky":false,"template":"","format":"standard","meta":{"footnotes":""},"categories":[114],"tags":[],"yoast_head":"<!-- This site is optimized with the Yoast SEO plugin v23.0 - https:\/\/yoast.com\/wordpress\/plugins\/seo\/ -->\n<title>S\u00edntomas de esquizofrenia: se\u00f1ales clave para detectarla<\/title>\n<meta name=\"description\" content=\"Identifica los s\u00edntomas de esquizofrenia m\u00e1s comunes en cada etapa de la vida y descubre cu\u00e1ndo es importante buscar ayuda profesional.\" \/>\n<meta name=\"robots\" content=\"index, follow, max-snippet:-1, max-image-preview:large, max-video-preview:-1\" \/>\n<link rel=\"canonical\" href=\"https:\/\/fonasa.mindy.cl\/blog\/sintomas-de-esquizofrenia\/\" \/>\n<meta property=\"og:locale\" content=\"es_ES\" \/>\n<meta property=\"og:type\" content=\"article\" \/>\n<meta property=\"og:title\" content=\"S\u00edntomas de esquizofrenia: se\u00f1ales clave para detectarla\" \/>\n<meta property=\"og:description\" content=\"Identifica los s\u00edntomas de esquizofrenia m\u00e1s comunes en cada etapa de la vida y descubre cu\u00e1ndo es importante buscar ayuda profesional.\" \/>\n<meta property=\"og:url\" content=\"https:\/\/fonasa.mindy.cl\/blog\/sintomas-de-esquizofrenia\/\" \/>\n<meta property=\"og:site_name\" content=\"Mindy Fonasa Blog\" \/>\n<meta property=\"article:published_time\" content=\"2025-09-03T22:10:44+00:00\" \/>\n<meta property=\"article:modified_time\" content=\"2026-03-25T15:00:07+00:00\" \/>\n<meta property=\"og:image\" content=\"https:\/\/fonasa.mindy.cl\/blog\/wp-content\/uploads\/2025\/09\/AdS-95.jpg\" \/>\n\t<meta property=\"og:image:width\" content=\"1920\" \/>\n\t<meta property=\"og:image:height\" content=\"1080\" \/>\n\t<meta property=\"og:image:type\" content=\"image\/jpeg\" \/>\n<meta name=\"author\" content=\"reinaldo@mindy.cl\" \/>\n<meta name=\"twitter:card\" content=\"summary_large_image\" \/>\n<meta name=\"twitter:label1\" content=\"Written by\" \/>\n\t<meta name=\"twitter:data1\" content=\"reinaldo@mindy.cl\" \/>\n\t<meta name=\"twitter:label2\" content=\"Est. reading time\" \/>\n\t<meta name=\"twitter:data2\" content=\"12 minutos\" \/>\n<script type=\"application\/ld+json\" class=\"yoast-schema-graph\">{\"@context\":\"https:\/\/schema.org\",\"@graph\":[{\"@type\":\"Article\",\"@id\":\"https:\/\/fonasa.mindy.cl\/blog\/sintomas-de-esquizofrenia\/#article\",\"isPartOf\":{\"@id\":\"https:\/\/fonasa.mindy.cl\/blog\/sintomas-de-esquizofrenia\/\"},\"author\":{\"name\":\"reinaldo@mindy.cl\",\"@id\":\"https:\/\/fonasa.mindy.cl\/blog\/#\/schema\/person\/6b2fdf85e03858572a636b7b9ce17d81\"},\"headline\":\"S\u00edntomas de esquizofrenia: se\u00f1ales clave para detectar el trastorno\",\"datePublished\":\"2025-09-03T22:10:44+00:00\",\"dateModified\":\"2026-03-25T15:00:07+00:00\",\"mainEntityOfPage\":{\"@id\":\"https:\/\/fonasa.mindy.cl\/blog\/sintomas-de-esquizofrenia\/\"},\"wordCount\":2768,\"publisher\":{\"@id\":\"https:\/\/fonasa.mindy.cl\/blog\/#organization\"},\"image\":{\"@id\":\"https:\/\/fonasa.mindy.cl\/blog\/sintomas-de-esquizofrenia\/#primaryimage\"},\"thumbnailUrl\":\"https:\/\/fonasa.mindy.cl\/blog\/wp-content\/uploads\/2025\/09\/AdS-95.jpg\",\"articleSection\":[\"Psic\u00f3logos Fonasa\"],\"inLanguage\":\"es-CL\"},{\"@type\":\"WebPage\",\"@id\":\"https:\/\/fonasa.mindy.cl\/blog\/sintomas-de-esquizofrenia\/\",\"url\":\"https:\/\/fonasa.mindy.cl\/blog\/sintomas-de-esquizofrenia\/\",\"name\":\"S\u00edntomas de esquizofrenia: se\u00f1ales clave para detectarla\",\"isPartOf\":{\"@id\":\"https:\/\/fonasa.mindy.cl\/blog\/#website\"},\"primaryImageOfPage\":{\"@id\":\"https:\/\/fonasa.mindy.cl\/blog\/sintomas-de-esquizofrenia\/#primaryimage\"},\"image\":{\"@id\":\"https:\/\/fonasa.mindy.cl\/blog\/sintomas-de-esquizofrenia\/#primaryimage\"},\"thumbnailUrl\":\"https:\/\/fonasa.mindy.cl\/blog\/wp-content\/uploads\/2025\/09\/AdS-95.jpg\",\"datePublished\":\"2025-09-03T22:10:44+00:00\",\"dateModified\":\"2026-03-25T15:00:07+00:00\",\"description\":\"Identifica los s\u00edntomas de esquizofrenia m\u00e1s comunes en cada etapa de la vida y descubre cu\u00e1ndo es importante buscar ayuda profesional.\",\"breadcrumb\":{\"@id\":\"https:\/\/fonasa.mindy.cl\/blog\/sintomas-de-esquizofrenia\/#breadcrumb\"},\"inLanguage\":\"es-CL\",\"potentialAction\":[{\"@type\":\"ReadAction\",\"target\":[\"https:\/\/fonasa.mindy.cl\/blog\/sintomas-de-esquizofrenia\/\"]}]},{\"@type\":\"ImageObject\",\"inLanguage\":\"es-CL\",\"@id\":\"https:\/\/fonasa.mindy.cl\/blog\/sintomas-de-esquizofrenia\/#primaryimage\",\"url\":\"https:\/\/fonasa.mindy.cl\/blog\/wp-content\/uploads\/2025\/09\/AdS-95.jpg\",\"contentUrl\":\"https:\/\/fonasa.mindy.cl\/blog\/wp-content\/uploads\/2025\/09\/AdS-95.jpg\",\"width\":1920,\"height\":1080,\"caption\":\"S\u00edntomas de esquizofrenia\"},{\"@type\":\"BreadcrumbList\",\"@id\":\"https:\/\/fonasa.mindy.cl\/blog\/sintomas-de-esquizofrenia\/#breadcrumb\",\"itemListElement\":[{\"@type\":\"ListItem\",\"position\":1,\"name\":\"Home\",\"item\":\"https:\/\/fonasa.mindy.cl\/blog\/\"},{\"@type\":\"ListItem\",\"position\":2,\"name\":\"S\u00edntomas de esquizofrenia: se\u00f1ales clave para detectar el trastorno\"}]},{\"@type\":\"WebSite\",\"@id\":\"https:\/\/fonasa.mindy.cl\/blog\/#website\",\"url\":\"https:\/\/fonasa.mindy.cl\/blog\/\",\"name\":\"Mindy Fonasa Blog\",\"description\":\"Un blog de salud mental\",\"publisher\":{\"@id\":\"https:\/\/fonasa.mindy.cl\/blog\/#organization\"},\"potentialAction\":[{\"@type\":\"SearchAction\",\"target\":{\"@type\":\"EntryPoint\",\"urlTemplate\":\"https:\/\/fonasa.mindy.cl\/blog\/?s={search_term_string}\"},\"query-input\":\"required name=search_term_string\"}],\"inLanguage\":\"es-CL\"},{\"@type\":\"Organization\",\"@id\":\"https:\/\/fonasa.mindy.cl\/blog\/#organization\",\"name\":\"Mindy Fonasa Blog\",\"url\":\"https:\/\/fonasa.mindy.cl\/blog\/\",\"logo\":{\"@type\":\"ImageObject\",\"inLanguage\":\"es-CL\",\"@id\":\"https:\/\/fonasa.mindy.cl\/blog\/#\/schema\/logo\/image\/\",\"url\":\"https:\/\/fonasa.mindy.cl\/blog\/wp-content\/uploads\/2024\/07\/logo_cuadrado.png\",\"contentUrl\":\"https:\/\/fonasa.mindy.cl\/blog\/wp-content\/uploads\/2024\/07\/logo_cuadrado.png\",\"width\":300,\"height\":300,\"caption\":\"Mindy Fonasa Blog\"},\"image\":{\"@id\":\"https:\/\/fonasa.mindy.cl\/blog\/#\/schema\/logo\/image\/\"}},{\"@type\":\"Person\",\"@id\":\"https:\/\/fonasa.mindy.cl\/blog\/#\/schema\/person\/6b2fdf85e03858572a636b7b9ce17d81\",\"name\":\"reinaldo@mindy.cl\",\"url\":\"https:\/\/fonasa.mindy.cl\/blog\/author\/reinaldomindy-cl\/\"}]}<\/script>\n<!-- \/ Yoast SEO plugin. -->","yoast_head_json":{"title":"S\u00edntomas de esquizofrenia: se\u00f1ales clave para detectarla","description":"Identifica los s\u00edntomas de esquizofrenia m\u00e1s comunes en cada etapa de la vida y descubre cu\u00e1ndo es importante buscar ayuda profesional.","robots":{"index":"index","follow":"follow","max-snippet":"max-snippet:-1","max-image-preview":"max-image-preview:large","max-video-preview":"max-video-preview:-1"},"canonical":"https:\/\/fonasa.mindy.cl\/blog\/sintomas-de-esquizofrenia\/","og_locale":"es_ES","og_type":"article","og_title":"S\u00edntomas de esquizofrenia: se\u00f1ales clave para detectarla","og_description":"Identifica los s\u00edntomas de esquizofrenia m\u00e1s comunes en cada etapa de la vida y descubre cu\u00e1ndo es importante buscar ayuda profesional.","og_url":"https:\/\/fonasa.mindy.cl\/blog\/sintomas-de-esquizofrenia\/","og_site_name":"Mindy Fonasa Blog","article_published_time":"2025-09-03T22:10:44+00:00","article_modified_time":"2026-03-25T15:00:07+00:00","og_image":[{"width":1920,"height":1080,"url":"https:\/\/fonasa.mindy.cl\/blog\/wp-content\/uploads\/2025\/09\/AdS-95.jpg","type":"image\/jpeg"}],"author":"reinaldo@mindy.cl","twitter_card":"summary_large_image","twitter_misc":{"Written by":"reinaldo@mindy.cl","Est. reading time":"12 minutos"},"schema":{"@context":"https:\/\/schema.org","@graph":[{"@type":"Article","@id":"https:\/\/fonasa.mindy.cl\/blog\/sintomas-de-esquizofrenia\/#article","isPartOf":{"@id":"https:\/\/fonasa.mindy.cl\/blog\/sintomas-de-esquizofrenia\/"},"author":{"name":"reinaldo@mindy.cl","@id":"https:\/\/fonasa.mindy.cl\/blog\/#\/schema\/person\/6b2fdf85e03858572a636b7b9ce17d81"},"headline":"S\u00edntomas de esquizofrenia: se\u00f1ales clave para detectar el trastorno","datePublished":"2025-09-03T22:10:44+00:00","dateModified":"2026-03-25T15:00:07+00:00","mainEntityOfPage":{"@id":"https:\/\/fonasa.mindy.cl\/blog\/sintomas-de-esquizofrenia\/"},"wordCount":2768,"publisher":{"@id":"https:\/\/fonasa.mindy.cl\/blog\/#organization"},"image":{"@id":"https:\/\/fonasa.mindy.cl\/blog\/sintomas-de-esquizofrenia\/#primaryimage"},"thumbnailUrl":"https:\/\/fonasa.mindy.cl\/blog\/wp-content\/uploads\/2025\/09\/AdS-95.jpg","articleSection":["Psic\u00f3logos Fonasa"],"inLanguage":"es-CL"},{"@type":"WebPage","@id":"https:\/\/fonasa.mindy.cl\/blog\/sintomas-de-esquizofrenia\/","url":"https:\/\/fonasa.mindy.cl\/blog\/sintomas-de-esquizofrenia\/","name":"S\u00edntomas de esquizofrenia: se\u00f1ales clave para detectarla","isPartOf":{"@id":"https:\/\/fonasa.mindy.cl\/blog\/#website"},"primaryImageOfPage":{"@id":"https:\/\/fonasa.mindy.cl\/blog\/sintomas-de-esquizofrenia\/#primaryimage"},"image":{"@id":"https:\/\/fonasa.mindy.cl\/blog\/sintomas-de-esquizofrenia\/#primaryimage"},"thumbnailUrl":"https:\/\/fonasa.mindy.cl\/blog\/wp-content\/uploads\/2025\/09\/AdS-95.jpg","datePublished":"2025-09-03T22:10:44+00:00","dateModified":"2026-03-25T15:00:07+00:00","description":"Identifica los s\u00edntomas de esquizofrenia m\u00e1s comunes en cada etapa de la vida y descubre cu\u00e1ndo es importante buscar ayuda profesional.","breadcrumb":{"@id":"https:\/\/fonasa.mindy.cl\/blog\/sintomas-de-esquizofrenia\/#breadcrumb"},"inLanguage":"es-CL","potentialAction":[{"@type":"ReadAction","target":["https:\/\/fonasa.mindy.cl\/blog\/sintomas-de-esquizofrenia\/"]}]},{"@type":"ImageObject","inLanguage":"es-CL","@id":"https:\/\/fonasa.mindy.cl\/blog\/sintomas-de-esquizofrenia\/#primaryimage","url":"https:\/\/fonasa.mindy.cl\/blog\/wp-content\/uploads\/2025\/09\/AdS-95.jpg","contentUrl":"https:\/\/fonasa.mindy.cl\/blog\/wp-content\/uploads\/2025\/09\/AdS-95.jpg","width":1920,"height":1080,"caption":"S\u00edntomas de esquizofrenia"},{"@type":"BreadcrumbList","@id":"https:\/\/fonasa.mindy.cl\/blog\/sintomas-de-esquizofrenia\/#breadcrumb","itemListElement":[{"@type":"ListItem","position":1,"name":"Home","item":"https:\/\/fonasa.mindy.cl\/blog\/"},{"@type":"ListItem","position":2,"name":"S\u00edntomas de esquizofrenia: se\u00f1ales clave para detectar el trastorno"}]},{"@type":"WebSite","@id":"https:\/\/fonasa.mindy.cl\/blog\/#website","url":"https:\/\/fonasa.mindy.cl\/blog\/","name":"Mindy Fonasa Blog","description":"Un blog de salud mental","publisher":{"@id":"https:\/\/fonasa.mindy.cl\/blog\/#organization"},"potentialAction":[{"@type":"SearchAction","target":{"@type":"EntryPoint","urlTemplate":"https:\/\/fonasa.mindy.cl\/blog\/?s={search_term_string}"},"query-input":"required name=search_term_string"}],"inLanguage":"es-CL"},{"@type":"Organization","@id":"https:\/\/fonasa.mindy.cl\/blog\/#organization","name":"Mindy Fonasa Blog","url":"https:\/\/fonasa.mindy.cl\/blog\/","logo":{"@type":"ImageObject","inLanguage":"es-CL","@id":"https:\/\/fonasa.mindy.cl\/blog\/#\/schema\/logo\/image\/","url":"https:\/\/fonasa.mindy.cl\/blog\/wp-content\/uploads\/2024\/07\/logo_cuadrado.png","contentUrl":"https:\/\/fonasa.mindy.cl\/blog\/wp-content\/uploads\/2024\/07\/logo_cuadrado.png","width":300,"height":300,"caption":"Mindy Fonasa Blog"},"image":{"@id":"https:\/\/fonasa.mindy.cl\/blog\/#\/schema\/logo\/image\/"}},{"@type":"Person","@id":"https:\/\/fonasa.mindy.cl\/blog\/#\/schema\/person\/6b2fdf85e03858572a636b7b9ce17d81","name":"reinaldo@mindy.cl","url":"https:\/\/fonasa.mindy.cl\/blog\/author\/reinaldomindy-cl\/"}]}},"_links":{"self":[{"href":"https:\/\/fonasa.mindy.cl\/blog\/wp-json\/wp\/v2\/posts\/506"}],"collection":[{"href":"https:\/\/fonasa.mindy.cl\/blog\/wp-json\/wp\/v2\/posts"}],"about":[{"href":"https:\/\/fonasa.mindy.cl\/blog\/wp-json\/wp\/v2\/types\/post"}],"author":[{"embeddable":true,"href":"https:\/\/fonasa.mindy.cl\/blog\/wp-json\/wp\/v2\/users\/2"}],"replies":[{"embeddable":true,"href":"https:\/\/fonasa.mindy.cl\/blog\/wp-json\/wp\/v2\/comments?post=506"}],"version-history":[{"count":10,"href":"https:\/\/fonasa.mindy.cl\/blog\/wp-json\/wp\/v2\/posts\/506\/revisions"}],"predecessor-version":[{"id":1752,"href":"https:\/\/fonasa.mindy.cl\/blog\/wp-json\/wp\/v2\/posts\/506\/revisions\/1752"}],"wp:featuredmedia":[{"embeddable":true,"href":"https:\/\/fonasa.mindy.cl\/blog\/wp-json\/wp\/v2\/media\/529"}],"wp:attachment":[{"href":"https:\/\/fonasa.mindy.cl\/blog\/wp-json\/wp\/v2\/media?parent=506"}],"wp:term":[{"taxonomy":"category","embeddable":true,"href":"https:\/\/fonasa.mindy.cl\/blog\/wp-json\/wp\/v2\/categories?post=506"},{"taxonomy":"post_tag","embeddable":true,"href":"https:\/\/fonasa.mindy.cl\/blog\/wp-json\/wp\/v2\/tags?post=506"}],"curies":[{"name":"wp","href":"https:\/\/api.w.org\/{rel}","templated":true}]}}