{"id":504,"date":"2025-09-03T17:46:58","date_gmt":"2025-09-03T21:46:58","guid":{"rendered":"https:\/\/fonasa.mindy.cl\/blog\/?p=504"},"modified":"2025-12-23T14:01:14","modified_gmt":"2025-12-23T17:01:14","slug":"esquizofrenia-sintomas","status":"publish","type":"post","link":"https:\/\/fonasa.mindy.cl\/blog\/esquizofrenia-sintomas\/","title":{"rendered":"Esquizofrenia s\u00edntomas: c\u00f3mo reconocerlos y qu\u00e9 hacer si los experimentas"},"content":{"rendered":"\n<p>Si llegaste hasta aqu\u00ed buscando informaci\u00f3n sobre <strong>esquizofrenia s\u00edntomas<\/strong>, es posible que est\u00e9s preocupado por lo que t\u00fa o alguien cercano est\u00e1 viviendo. Entender c\u00f3mo se manifiesta este trastorno es el primer paso para saber cu\u00e1ndo pedir ayuda profesional.<\/p>\n\n\n\n<p>La esquizofrenia es un trastorno mental que puede afectar profundamente la manera en que una persona piensa, siente y se relaciona con el mundo. Sus s\u00edntomas se dividen en tres tipos: positivos, negativos y cognitivos. En este art\u00edculo quiero explicarte los s\u00edntomas positivos, que suelen ser los m\u00e1s visibles y, a veces, los m\u00e1s dif\u00edciles de comprender.<\/p>\n\n\n\n<h2 class=\"wp-block-heading has-x-large-font-size\"><strong>Esquizofrenia s\u00edntomas: \u00bfQu\u00e9 son los s\u00edntomas de la esquizofrenia?<\/strong><\/h2>\n\n\n\n<p>Los <strong>s\u00edntomas de la esquizofrenia<\/strong> son las se\u00f1ales y manifestaciones que indican que una persona est\u00e1 atravesando este <strong><a href=\"https:\/\/fonasa.mindy.cl\/blog\/trastorno-afectivo-bipolar\/\">trastorno del pensamiento<\/a><\/strong>. No se trata solo de \u201cver cosas que no existen\u201d o \u201cescuchar voces\u201d: la esquizofrenia es una condici\u00f3n compleja que puede afectar <strong>c\u00f3mo se percibe la realidad, c\u00f3mo se piensa, se siente y se act\u00faa<\/strong>.<\/p>\n\n\n\n<p>Estos <strong><a href=\"https:\/\/fonasa.mindy.cl\/blog\/sintomas-esquizofrenicos\/\">s\u00edntomas esquizofr\u00e9nicos<\/a><\/strong> pueden variar mucho de una persona a otra, tanto en intensidad como en forma de presentarse. Por eso, en lugar de hablar de un \u00fanico perfil, los especialistas los agrupan en diferentes categor\u00edas que ayudan a entender mejor el cuadro cl\u00ednico<a href=\"https:\/\/es.wikipedia.org\/wiki\/Esquizofrenia\">.<\/a><\/p>\n\n\n\n<h2 class=\"wp-block-heading has-x-large-font-size\"><strong>Principales tipos de <a href=\"https:\/\/fonasa.mindy.cl\/blog\/sintomas-de-esquizofrenia\/\">s\u00edntomas de esquizofrenia<\/a><\/strong><\/h2>\n\n\n\n<ul>\n<li><strong>S\u00edntomas positivos<\/strong>: se llaman as\u00ed porque son \u201ca\u00f1adidos\u201d a la experiencia normal. Incluyen delirios (ideas falsas o irracionales), alucinaciones (ver u o\u00edr cosas que no existen) y pensamiento desorganizado.<\/li>\n\n\n\n<li><strong>S\u00edntomas negativos<\/strong>: reflejan una p\u00e9rdida o disminuci\u00f3n de funciones normales. Por ejemplo, falta de motivaci\u00f3n, dificultades para expresar emociones, retraimiento social o pobreza del lenguaje.<\/li>\n\n\n\n<li><strong>S\u00edntomas cognitivos<\/strong>: afectan el funcionamiento mental, como la memoria, la atenci\u00f3n o la capacidad para planificar y tomar decisiones.<\/li>\n\n\n\n<li><strong>S\u00edntomas afectivos o emocionales<\/strong>: aunque no siempre se mencionan, muchas personas con esquizofrenia tambi\u00e9n experimentan ansiedad, irritabilidad o depresi\u00f3n, lo que puede influir en su estado general y en la evoluci\u00f3n del cuadro.<\/li>\n<\/ul>\n\n\n\n<p>Comprender estas categor\u00edas permite identificar m\u00e1s r\u00e1pidamente la esquizofrenia, buscar ayuda profesional adecuada y planificar un tratamiento que aborde cada dimensi\u00f3n del trastorno. Porque m\u00e1s all\u00e1 del diagn\u00f3stico, lo importante es mejorar la calidad de vida de quien lo vive, con apoyo, informaci\u00f3n y acompa\u00f1amiento constante.<\/p>\n\n\n\n<h3 class=\"wp-block-heading has-large-font-size\"><strong>S\u00edntomas positivos de la esquizofrenia<\/strong><\/h3>\n\n\n\n<p>Cuando hablamos de s\u00edntomas positivos en esquizofrenia, no nos referimos a algo bueno. En salud mental, \u201cpositivo\u201d significa que hay algo que <strong>se suma<\/strong> al funcionamiento habitual del cerebro. Es decir, aparecen experiencias o comportamientos que no deber\u00edan estar ah\u00ed, y que alteran la percepci\u00f3n de la realidad.<\/p>\n\n\n\n<p>Los s\u00edntomas positivos m\u00e1s comunes son las <strong>alucinaciones<\/strong> y los <strong>delirios<\/strong>. Estos s\u00edntomas afectan directamente la forma en que una persona interpreta su entorno, y pueden generar un gran impacto en su vida cotidiana.<\/p>\n\n\n\n<h4 class=\"wp-block-heading has-medium-font-size\"><strong>Alucinaciones<\/strong><\/h4>\n\n\n\n<p>Las alucinaciones son percepciones que parecen reales, pero que no tienen un origen externo. Es como si el cerebro estuviera generando est\u00edmulos que no existen. En la esquizofrenia, las alucinaciones auditivas son las m\u00e1s frecuentes.<\/p>\n\n\n\n<h4 class=\"wp-block-heading has-medium-font-size\"><strong>Tipos de alucinaciones<\/strong><\/h4>\n\n\n\n<ul>\n<li><strong>Auditivas<\/strong>: escuchar voces que no existen. A veces esas voces insultan, critican o dan \u00f3rdenes. Es el tipo m\u00e1s com\u00fan en esquizofrenia.<\/li>\n\n\n\n<li><strong>Visuales<\/strong>: ver figuras, luces o personas que no est\u00e1n presentes.<\/li>\n\n\n\n<li><strong>T\u00e1ctiles<\/strong>: sentir que te tocan o que algo se mueve en tu cuerpo sin motivo real.<\/li>\n\n\n\n<li><strong>Olfativas y gustativas<\/strong>: oler o saborear cosas que no tienen explicaci\u00f3n f\u00edsica.<\/li>\n<\/ul>\n\n\n\n<p>Estas experiencias pueden ser muy angustiantes, sobre todo cuando las voces son amenazantes o mandan a hacer cosas. Por eso es tan importante identificarlas y tratarlas con un profesional de salud mental.<\/p>\n\n\n\n<h4 class=\"wp-block-heading has-medium-font-size\"><strong>Delirios<\/strong><\/h4>\n\n\n\n<p>Los delirios son creencias firmes que no tienen base en la realidad. No se trata de una simple confusi\u00f3n o malentendido: la persona est\u00e1 completamente convencida de algo que no es cierto, y no cambia de idea aunque se le presenten pruebas claras.<\/p>\n\n\n\n<h4 class=\"wp-block-heading has-medium-font-size\"><strong>Ejemplos de delirios comunes<\/strong><\/h4>\n\n\n\n<ul>\n<li>Pensar que alguien lo esp\u00eda o persigue.<\/li>\n\n\n\n<li>Creer que tiene poderes especiales o una misi\u00f3n secreta.<\/li>\n\n\n\n<li>Sentir que los medios de comunicaci\u00f3n le env\u00edan mensajes ocultos.<\/li>\n\n\n\n<li>Estar seguro de que sus pensamientos est\u00e1n siendo controlados por otros.<\/li>\n<\/ul>\n\n\n\n<p>A diferencia de las ideas extra\u00f1as que cualquiera puede tener ocasionalmente, los delirios en la esquizofrenia son persistentes, inflexibles y afectan seriamente la vida de la persona. Tambi\u00e9n pueden generar desconfianza, miedo y aislamiento.<\/p>\n\n\n\n<p>Los s\u00edntomas positivos de la esquizofrenia son una se\u00f1al clara de que algo no est\u00e1 bien. No siempre son f\u00e1ciles de reconocer desde dentro, por eso es importante estar atentos si alguien empieza a tener ideas extra\u00f1as, a escuchar voces o a ver cosas que no est\u00e1n ah\u00ed. En Mindy, ofrecemos atenci\u00f3n psicol\u00f3gica para personas con Fonasa, con sesiones en l\u00ednea que puedes tomar desde cualquier lugar. Si t\u00fa o alguien que conoces est\u00e1 pasando por esto, no est\u00e1s solo: hay ayuda disponible.<\/p>\n\n\n\n<h3 class=\"wp-block-heading has-large-font-size\"><strong>S\u00edntomas negativos de la esquizofrenia<\/strong><\/h3>\n\n\n\n<figure class=\"wp-block-image alignwide size-full\"><img loading=\"lazy\" decoding=\"async\" width=\"640\" height=\"427\" src=\"https:\/\/fonasa.mindy.cl\/blog\/wp-content\/uploads\/2025\/12\/vladimir-fedotov-4KW_spMXvWk-unsplash.jpg\" alt=\"esquizofrenia s\u00edntomas\" class=\"wp-image-1091\"\/><\/figure>\n\n\n\n<p>Los s\u00edntomas negativos de la esquizofrenia no se refieren a algo \u201cmalo\u201d, sino a la <strong>disminuci\u00f3n o p\u00e9rdida de funciones normales<\/strong> del pensamiento, la emoci\u00f3n o la conducta. A diferencia de los s\u00edntomas positivos, que a\u00f1aden algo que no deber\u00eda estar (como alucinaciones), los s\u00edntomas negativos implican que <strong>algo se ha reducido o apagado<\/strong> en el funcionamiento habitual de la persona.<\/p>\n\n\n\n<p>Estos s\u00edntomas pueden ser m\u00e1s dif\u00edciles de identificar, ya que no siempre llaman la atenci\u00f3n de inmediato. Sin embargo, tienen un impacto profundo en la vida diaria y pueden afectar la motivaci\u00f3n, la comunicaci\u00f3n y las relaciones personales.<\/p>\n\n\n\n<h4 class=\"wp-block-heading has-medium-font-size\"><strong>Anhedonia<\/strong><\/h4>\n\n\n\n<p>La anhedonia es la <strong>incapacidad para experimentar placer<\/strong>. Es uno de los s\u00edntomas negativos m\u00e1s frecuentes en esquizofrenia. La persona deja de disfrutar actividades que antes le resultaban agradables, como escuchar m\u00fasica, salir con amigos o practicar un hobby.<\/p>\n\n\n\n<p>Esto no es lo mismo que aburrirse o estar cansado: es una desconexi\u00f3n emocional que hace que todo parezca vac\u00edo o sin sentido. La anhedonia puede llevar al aislamiento y a una disminuci\u00f3n significativa en la calidad de vida.<\/p>\n\n\n\n<h4 class=\"wp-block-heading has-medium-font-size\"><strong>Apat\u00eda y abulia<\/strong><\/h4>\n\n\n\n<p>La apat\u00eda se refiere a la <strong>falta de inter\u00e9s o motivaci\u00f3n<\/strong> para realizar actividades cotidianas. La persona puede pasar mucho tiempo sin hacer nada, no porque no quiera, sino porque <strong>no siente el impulso interno<\/strong> para actuar.<\/p>\n\n\n\n<p>La abulia es similar, pero m\u00e1s profunda. Implica una gran dificultad para iniciar cualquier acci\u00f3n, incluso tareas b\u00e1sicas como levantarse, comer o ba\u00f1arse. No es pereza ni desinter\u00e9s: es un s\u00edntoma del trastorno que limita la voluntad de actuar.<\/p>\n\n\n\n<p>Ambos s\u00edntomas pueden hacer que la persona se retraiga socialmente, abandone responsabilidades o incluso deje de cuidar su higiene personal. Desde fuera, puede parecer que \u201cno quiere hacer nada\u201d, pero en realidad est\u00e1 lidiando con un bloqueo interno muy fuerte.<\/p>\n\n\n\n<h4 class=\"wp-block-heading has-medium-font-size\"><strong>Aplanamiento afectivo y alogia<\/strong><\/h4>\n\n\n\n<p>El aplanamiento afectivo es la <strong>reducci\u00f3n de la expresi\u00f3n emocional<\/strong>. La persona muestra poco o ning\u00fan gesto facial, su tono de voz es mon\u00f3tono y sus respuestas emocionales parecen apagadas. Puede parecer indiferente, pero en muchos casos s\u00ed siente emociones, solo que tiene dificultades para expresarlas.<\/p>\n\n\n\n<p>La alogia, por su parte, es la <strong>pobreza del habla<\/strong>. Las respuestas son breves, limitadas o vac\u00edas de contenido. La conversaci\u00f3n se vuelve dif\u00edcil, y puede dar la impresi\u00f3n de que la persona no quiere hablar, cuando en realidad le cuesta organizar sus pensamientos o encontrar palabras.<\/p>\n\n\n\n<p>Estos s\u00edntomas negativos afectan las relaciones personales, la capacidad para trabajar o estudiar, y el bienestar general. Muchas veces son malinterpretados como desinter\u00e9s, pero forman parte del cuadro cl\u00ednico de la esquizofrenia y requieren acompa\u00f1amiento profesional.<\/p>\n\n\n\n<p>Si notas que t\u00fa o alguien cercano ha perdido el inter\u00e9s por todo, se a\u00edsla, o ya no muestra emociones como antes, es importante considerar que podr\u00eda estar experimentando s\u00edntomas negativos de la esquizofrenia. En Mindy trabajamos con psic\u00f3logos que pueden ayudarte a entender estos cambios y a acceder a un tratamiento adecuado con cobertura Fonasa.<\/p>\n\n\n\n<h3 class=\"wp-block-heading has-large-font-size\"><strong>S\u00edntomas cognitivos de la esquizofrenia<\/strong><\/h3>\n\n\n\n<p>Los s\u00edntomas cognitivos de la esquizofrenia afectan la forma en que la persona <strong>piensa, procesa informaci\u00f3n y se concentra<\/strong>. A menudo pasan desapercibidos porque no son tan evidentes como las alucinaciones o los delirios, pero tienen un impacto directo en el funcionamiento diario, el trabajo, los estudios y las relaciones.<\/p>\n\n\n\n<p>Estos s\u00edntomas pueden aparecer desde las primeras etapas del trastorno y, en algunos casos, persisten incluso cuando los s\u00edntomas positivos han disminuido con tratamiento.<\/p>\n\n\n\n<h4 class=\"wp-block-heading has-medium-font-size\"><strong>Problemas de atenci\u00f3n y concentraci\u00f3n<\/strong><\/h4>\n\n\n\n<p>Muchas personas con esquizofrenia tienen dificultades para mantener la atenci\u00f3n en una conversaci\u00f3n, una lectura o una tarea. Les cuesta seguir instrucciones, completar actividades o mantenerse enfocados por mucho tiempo.<\/p>\n\n\n\n<p>Esto no se debe a distracci\u00f3n voluntaria o desinter\u00e9s, sino a una alteraci\u00f3n en los procesos mentales que regulan la atenci\u00f3n. Esta dificultad puede hacer que tareas simples, como cocinar o hacer compras, se vuelvan confusas o abrumadoras.<\/p>\n\n\n\n<h4 class=\"wp-block-heading has-medium-font-size\"><strong>Deterioro de la memoria<\/strong><\/h4>\n\n\n\n<p>La esquizofrenia puede afectar la <strong>memoria de trabajo<\/strong>, que es la capacidad de retener y manipular informaci\u00f3n por cortos periodos de tiempo. Esto se nota en dificultades para recordar lo que se acaba de decir, seguir el hilo de una conversaci\u00f3n o terminar una idea que se empez\u00f3.<\/p>\n\n\n\n<p>Tambi\u00e9n puede afectar la memoria a largo plazo, lo que complica el aprendizaje de nueva informaci\u00f3n o el recuerdo de eventos pasados con claridad. Esto genera frustraci\u00f3n y puede aumentar el aislamiento social.<\/p>\n\n\n\n<h4 class=\"wp-block-heading has-medium-font-size\"><strong>Pensamiento y lenguaje desorganizados<\/strong><\/h4>\n\n\n\n<p>Uno de los s\u00edntomas cognitivos m\u00e1s caracter\u00edsticos de la esquizofrenia es el <strong>pensamiento desorganizado<\/strong>. La persona puede saltar de un tema a otro sin conexi\u00f3n l\u00f3gica, mezclar ideas o usar frases que no tienen sentido para los dem\u00e1s.<\/p>\n\n\n\n<p>Este trastorno en el pensamiento se refleja en el lenguaje: las respuestas pueden ser incoherentes, repetitivas o dif\u00edciles de seguir. A veces, incluso se inventan palabras o se combinan frases sin estructura clara.<\/p>\n\n\n\n<p>Esta desorganizaci\u00f3n no es voluntaria. Quien la vive puede tener la sensaci\u00f3n de que sus pensamientos se le escapan o se atropellan. Esto no solo afecta la comunicaci\u00f3n, sino tambi\u00e9n la capacidad de tomar decisiones o resolver problemas simples.<\/p>\n\n\n\n<p>Los s\u00edntomas cognitivos de la esquizofrenia son una parte fundamental del trastorno, y muchas veces limitan la autonom\u00eda de la persona. Identificarlos permite dise\u00f1ar un tratamiento m\u00e1s completo. En Mindy, puedes encontrar apoyo profesional para abordar estos s\u00edntomas con sesiones cubiertas por Fonasa, adaptadas a tus necesidades y tu ritmo.<\/p>\n\n\n\n<h2 class=\"wp-block-heading has-x-large-font-size\"><strong>C\u00f3mo Mindy apoya a personas con esquizofrenia que tienen Fonasa<\/strong><\/h2>\n\n\n\n<p>Si has identificado algunos de estos <strong><a href=\"https:\/\/fonasa.mindy.cl\/blog\/sintomas-del-esquizofrenico\/\">s\u00edntomas del esquizofr\u00e9nico<\/a><\/strong> en ti o en alguien cercano, es importante saber que <strong>no est\u00e1s solo<\/strong>. Acceder a atenci\u00f3n psicol\u00f3gica especializada puede marcar una gran diferencia en el manejo del trastorno, y en Mindy queremos facilitar ese camino, especialmente para quienes cuentan con Fonasa.<\/p>\n\n\n\n<h3 class=\"wp-block-heading has-large-font-size\"><strong>Acceso a psicolog\u00eda en l\u00ednea con cobertura Fonasa<\/strong><\/h3>\n\n\n\n<p>A trav\u00e9s de Mindy, puedes recibir atenci\u00f3n psicol\u00f3gica en l\u00ednea desde cualquier lugar de Chile. Si tienes Fonasa, puedes acceder a sesiones con profesionales acreditados que entienden las complejidades de la esquizofrenia, tanto en sus s\u00edntomas positivos como negativos y cognitivos.<\/p>\n\n\n\n<p>Solo necesitas una derivaci\u00f3n m\u00e9dica simple, y nosotros te ayudamos en todo el proceso para que accedas al bono Fonasa de forma r\u00e1pida y sin tr\u00e1mites complicados. El objetivo es que no tengas que esperar meses para recibir atenci\u00f3n.<\/p>\n\n\n\n<h3 class=\"wp-block-heading has-large-font-size\"><strong>Derivaci\u00f3n a atenci\u00f3n presencial cuando es necesario<\/strong><\/h3>\n\n\n\n<p>En algunos casos, los s\u00edntomas de esquizofrenia requieren una evaluaci\u00f3n psiqui\u00e1trica o un tratamiento m\u00e1s intensivo. En Mindy, nuestros profesionales pueden ayudarte a identificar cu\u00e1ndo es necesario un apoyo adicional y orientarte sobre los pasos a seguir, ya sea en el sistema p\u00fablico o privado.<\/p>\n\n\n\n<p>La atenci\u00f3n online puede ser el primer paso para organizar mejor el proceso terap\u00e9utico y acompa\u00f1ar a la persona en su d\u00eda a d\u00eda, incluso mientras se gestiona una atenci\u00f3n m\u00e1s completa.<\/p>\n\n\n\n<h3 class=\"wp-block-heading has-large-font-size\"><strong>Apoyo a la familia y seguimiento del tratamiento<\/strong><\/h3>\n\n\n\n<p>La esquizofrenia no solo afecta a quien la padece, sino tambi\u00e9n a su entorno. Por eso, en Mindy tambi\u00e9n ofrecemos orientaci\u00f3n a familiares y cuidadores, para que puedan entender mejor los s\u00edntomas, saber c\u00f3mo apoyar sin sobrecargarse, y acompa\u00f1ar el tratamiento con m\u00e1s herramientas.<\/p>\n\n\n\n<p>Adem\u00e1s, realizamos seguimiento del progreso terap\u00e9utico, adaptando las sesiones a los cambios que puedan surgir con el tiempo. La estabilidad emocional y el v\u00ednculo terap\u00e9utico son claves en el tratamiento de la esquizofrenia.<\/p>\n\n\n\n<p>Si t\u00fa o alguien que conoces vive con esquizofrenia, y necesitas apoyo psicol\u00f3gico con cobertura Fonasa, <strong><a href=\"https:\/\/www.mindy.cl\/\">Mindy<\/a><\/strong> est\u00e1 aqu\u00ed para ayudarte. Iniciar un tratamiento puede parecer un paso dif\u00edcil, pero no tienes que hacerlo solo. Estamos contigo.<\/p>\n","protected":false},"excerpt":{"rendered":"<p>Si llegaste hasta aqu\u00ed buscando informaci\u00f3n sobre esquizofrenia s\u00edntomas, es posible que est\u00e9s preocupado por lo que t\u00fa o alguien cercano est\u00e1 viviendo. Entender c\u00f3mo se manifiesta este trastorno es el primer paso para saber cu\u00e1ndo pedir ayuda profesional. La esquizofrenia es un trastorno mental que puede afectar profundamente la manera en que una persona [&hellip;]<\/p>\n","protected":false},"author":2,"featured_media":518,"comment_status":"closed","ping_status":"closed","sticky":false,"template":"","format":"standard","meta":{"footnotes":""},"categories":[114],"tags":[],"yoast_head":"<!-- This site is optimized with the Yoast SEO plugin v23.0 - https:\/\/yoast.com\/wordpress\/plugins\/seo\/ -->\n<title>Esquizofrenia s\u00edntomas: c\u00f3mo reconocerlos y qu\u00e9 hacer si lo tienes<\/title>\n<meta name=\"description\" content=\"Descubre qu\u00e9 son los s\u00edntomas de la esquizofrenia, c\u00f3mo se clasifican y por qu\u00e9 es clave identificarlos a tiempo para un tratamiento efectivo.\" \/>\n<meta name=\"robots\" content=\"index, follow, max-snippet:-1, max-image-preview:large, max-video-preview:-1\" \/>\n<link rel=\"canonical\" href=\"https:\/\/fonasa.mindy.cl\/blog\/esquizofrenia-sintomas\/\" \/>\n<meta property=\"og:locale\" content=\"es_ES\" \/>\n<meta property=\"og:type\" content=\"article\" \/>\n<meta property=\"og:title\" content=\"Esquizofrenia s\u00edntomas: c\u00f3mo reconocerlos y qu\u00e9 hacer si lo tienes\" \/>\n<meta property=\"og:description\" content=\"Descubre qu\u00e9 son los s\u00edntomas de la esquizofrenia, c\u00f3mo se clasifican y por qu\u00e9 es clave identificarlos a tiempo para un tratamiento efectivo.\" \/>\n<meta property=\"og:url\" content=\"https:\/\/fonasa.mindy.cl\/blog\/esquizofrenia-sintomas\/\" \/>\n<meta property=\"og:site_name\" content=\"Mindy Fonasa Blog\" \/>\n<meta property=\"article:published_time\" content=\"2025-09-03T21:46:58+00:00\" \/>\n<meta property=\"article:modified_time\" content=\"2025-12-23T17:01:14+00:00\" \/>\n<meta property=\"og:image\" content=\"https:\/\/fonasa.mindy.cl\/blog\/wp-content\/uploads\/2025\/09\/esquizofrenia.jpg\" \/>\n\t<meta property=\"og:image:width\" content=\"1200\" \/>\n\t<meta property=\"og:image:height\" content=\"788\" \/>\n\t<meta property=\"og:image:type\" content=\"image\/jpeg\" \/>\n<meta name=\"author\" content=\"reinaldo@mindy.cl\" \/>\n<meta name=\"twitter:card\" content=\"summary_large_image\" \/>\n<meta name=\"twitter:label1\" content=\"Written by\" \/>\n\t<meta name=\"twitter:data1\" content=\"reinaldo@mindy.cl\" \/>\n\t<meta name=\"twitter:label2\" content=\"Est. reading time\" \/>\n\t<meta name=\"twitter:data2\" content=\"10 minutos\" \/>\n<script type=\"application\/ld+json\" class=\"yoast-schema-graph\">{\"@context\":\"https:\/\/schema.org\",\"@graph\":[{\"@type\":\"Article\",\"@id\":\"https:\/\/fonasa.mindy.cl\/blog\/esquizofrenia-sintomas\/#article\",\"isPartOf\":{\"@id\":\"https:\/\/fonasa.mindy.cl\/blog\/esquizofrenia-sintomas\/\"},\"author\":{\"name\":\"reinaldo@mindy.cl\",\"@id\":\"https:\/\/fonasa.mindy.cl\/blog\/#\/schema\/person\/6b2fdf85e03858572a636b7b9ce17d81\"},\"headline\":\"Esquizofrenia s\u00edntomas: c\u00f3mo reconocerlos y qu\u00e9 hacer si los experimentas\",\"datePublished\":\"2025-09-03T21:46:58+00:00\",\"dateModified\":\"2025-12-23T17:01:14+00:00\",\"mainEntityOfPage\":{\"@id\":\"https:\/\/fonasa.mindy.cl\/blog\/esquizofrenia-sintomas\/\"},\"wordCount\":2247,\"publisher\":{\"@id\":\"https:\/\/fonasa.mindy.cl\/blog\/#organization\"},\"image\":{\"@id\":\"https:\/\/fonasa.mindy.cl\/blog\/esquizofrenia-sintomas\/#primaryimage\"},\"thumbnailUrl\":\"https:\/\/fonasa.mindy.cl\/blog\/wp-content\/uploads\/2025\/09\/esquizofrenia.jpg\",\"articleSection\":[\"Psic\u00f3logos Fonasa\"],\"inLanguage\":\"es-CL\"},{\"@type\":\"WebPage\",\"@id\":\"https:\/\/fonasa.mindy.cl\/blog\/esquizofrenia-sintomas\/\",\"url\":\"https:\/\/fonasa.mindy.cl\/blog\/esquizofrenia-sintomas\/\",\"name\":\"Esquizofrenia s\u00edntomas: c\u00f3mo reconocerlos y qu\u00e9 hacer si lo tienes\",\"isPartOf\":{\"@id\":\"https:\/\/fonasa.mindy.cl\/blog\/#website\"},\"primaryImageOfPage\":{\"@id\":\"https:\/\/fonasa.mindy.cl\/blog\/esquizofrenia-sintomas\/#primaryimage\"},\"image\":{\"@id\":\"https:\/\/fonasa.mindy.cl\/blog\/esquizofrenia-sintomas\/#primaryimage\"},\"thumbnailUrl\":\"https:\/\/fonasa.mindy.cl\/blog\/wp-content\/uploads\/2025\/09\/esquizofrenia.jpg\",\"datePublished\":\"2025-09-03T21:46:58+00:00\",\"dateModified\":\"2025-12-23T17:01:14+00:00\",\"description\":\"Descubre qu\u00e9 son los s\u00edntomas de la esquizofrenia, c\u00f3mo se clasifican y por qu\u00e9 es clave identificarlos a tiempo para un tratamiento efectivo.\",\"breadcrumb\":{\"@id\":\"https:\/\/fonasa.mindy.cl\/blog\/esquizofrenia-sintomas\/#breadcrumb\"},\"inLanguage\":\"es-CL\",\"potentialAction\":[{\"@type\":\"ReadAction\",\"target\":[\"https:\/\/fonasa.mindy.cl\/blog\/esquizofrenia-sintomas\/\"]}]},{\"@type\":\"ImageObject\",\"inLanguage\":\"es-CL\",\"@id\":\"https:\/\/fonasa.mindy.cl\/blog\/esquizofrenia-sintomas\/#primaryimage\",\"url\":\"https:\/\/fonasa.mindy.cl\/blog\/wp-content\/uploads\/2025\/09\/esquizofrenia.jpg\",\"contentUrl\":\"https:\/\/fonasa.mindy.cl\/blog\/wp-content\/uploads\/2025\/09\/esquizofrenia.jpg\",\"width\":1200,\"height\":788,\"caption\":\"esquizofrenia s\u00edntomas\"},{\"@type\":\"BreadcrumbList\",\"@id\":\"https:\/\/fonasa.mindy.cl\/blog\/esquizofrenia-sintomas\/#breadcrumb\",\"itemListElement\":[{\"@type\":\"ListItem\",\"position\":1,\"name\":\"Home\",\"item\":\"https:\/\/fonasa.mindy.cl\/blog\/\"},{\"@type\":\"ListItem\",\"position\":2,\"name\":\"Esquizofrenia s\u00edntomas: c\u00f3mo reconocerlos y qu\u00e9 hacer si los experimentas\"}]},{\"@type\":\"WebSite\",\"@id\":\"https:\/\/fonasa.mindy.cl\/blog\/#website\",\"url\":\"https:\/\/fonasa.mindy.cl\/blog\/\",\"name\":\"Mindy Fonasa Blog\",\"description\":\"Un blog de salud mental\",\"publisher\":{\"@id\":\"https:\/\/fonasa.mindy.cl\/blog\/#organization\"},\"potentialAction\":[{\"@type\":\"SearchAction\",\"target\":{\"@type\":\"EntryPoint\",\"urlTemplate\":\"https:\/\/fonasa.mindy.cl\/blog\/?s={search_term_string}\"},\"query-input\":\"required name=search_term_string\"}],\"inLanguage\":\"es-CL\"},{\"@type\":\"Organization\",\"@id\":\"https:\/\/fonasa.mindy.cl\/blog\/#organization\",\"name\":\"Mindy Fonasa Blog\",\"url\":\"https:\/\/fonasa.mindy.cl\/blog\/\",\"logo\":{\"@type\":\"ImageObject\",\"inLanguage\":\"es-CL\",\"@id\":\"https:\/\/fonasa.mindy.cl\/blog\/#\/schema\/logo\/image\/\",\"url\":\"https:\/\/fonasa.mindy.cl\/blog\/wp-content\/uploads\/2024\/07\/logo_cuadrado.png\",\"contentUrl\":\"https:\/\/fonasa.mindy.cl\/blog\/wp-content\/uploads\/2024\/07\/logo_cuadrado.png\",\"width\":300,\"height\":300,\"caption\":\"Mindy Fonasa Blog\"},\"image\":{\"@id\":\"https:\/\/fonasa.mindy.cl\/blog\/#\/schema\/logo\/image\/\"}},{\"@type\":\"Person\",\"@id\":\"https:\/\/fonasa.mindy.cl\/blog\/#\/schema\/person\/6b2fdf85e03858572a636b7b9ce17d81\",\"name\":\"reinaldo@mindy.cl\",\"url\":\"https:\/\/fonasa.mindy.cl\/blog\/author\/reinaldomindy-cl\/\"}]}<\/script>\n<!-- \/ Yoast SEO plugin. -->","yoast_head_json":{"title":"Esquizofrenia s\u00edntomas: c\u00f3mo reconocerlos y qu\u00e9 hacer si lo tienes","description":"Descubre qu\u00e9 son los s\u00edntomas de la esquizofrenia, c\u00f3mo se clasifican y por qu\u00e9 es clave identificarlos a tiempo para un tratamiento efectivo.","robots":{"index":"index","follow":"follow","max-snippet":"max-snippet:-1","max-image-preview":"max-image-preview:large","max-video-preview":"max-video-preview:-1"},"canonical":"https:\/\/fonasa.mindy.cl\/blog\/esquizofrenia-sintomas\/","og_locale":"es_ES","og_type":"article","og_title":"Esquizofrenia s\u00edntomas: c\u00f3mo reconocerlos y qu\u00e9 hacer si lo tienes","og_description":"Descubre qu\u00e9 son los s\u00edntomas de la esquizofrenia, c\u00f3mo se clasifican y por qu\u00e9 es clave identificarlos a tiempo para un tratamiento efectivo.","og_url":"https:\/\/fonasa.mindy.cl\/blog\/esquizofrenia-sintomas\/","og_site_name":"Mindy Fonasa Blog","article_published_time":"2025-09-03T21:46:58+00:00","article_modified_time":"2025-12-23T17:01:14+00:00","og_image":[{"width":1200,"height":788,"url":"https:\/\/fonasa.mindy.cl\/blog\/wp-content\/uploads\/2025\/09\/esquizofrenia.jpg","type":"image\/jpeg"}],"author":"reinaldo@mindy.cl","twitter_card":"summary_large_image","twitter_misc":{"Written by":"reinaldo@mindy.cl","Est. reading time":"10 minutos"},"schema":{"@context":"https:\/\/schema.org","@graph":[{"@type":"Article","@id":"https:\/\/fonasa.mindy.cl\/blog\/esquizofrenia-sintomas\/#article","isPartOf":{"@id":"https:\/\/fonasa.mindy.cl\/blog\/esquizofrenia-sintomas\/"},"author":{"name":"reinaldo@mindy.cl","@id":"https:\/\/fonasa.mindy.cl\/blog\/#\/schema\/person\/6b2fdf85e03858572a636b7b9ce17d81"},"headline":"Esquizofrenia s\u00edntomas: c\u00f3mo reconocerlos y qu\u00e9 hacer si los experimentas","datePublished":"2025-09-03T21:46:58+00:00","dateModified":"2025-12-23T17:01:14+00:00","mainEntityOfPage":{"@id":"https:\/\/fonasa.mindy.cl\/blog\/esquizofrenia-sintomas\/"},"wordCount":2247,"publisher":{"@id":"https:\/\/fonasa.mindy.cl\/blog\/#organization"},"image":{"@id":"https:\/\/fonasa.mindy.cl\/blog\/esquizofrenia-sintomas\/#primaryimage"},"thumbnailUrl":"https:\/\/fonasa.mindy.cl\/blog\/wp-content\/uploads\/2025\/09\/esquizofrenia.jpg","articleSection":["Psic\u00f3logos Fonasa"],"inLanguage":"es-CL"},{"@type":"WebPage","@id":"https:\/\/fonasa.mindy.cl\/blog\/esquizofrenia-sintomas\/","url":"https:\/\/fonasa.mindy.cl\/blog\/esquizofrenia-sintomas\/","name":"Esquizofrenia s\u00edntomas: c\u00f3mo reconocerlos y qu\u00e9 hacer si lo tienes","isPartOf":{"@id":"https:\/\/fonasa.mindy.cl\/blog\/#website"},"primaryImageOfPage":{"@id":"https:\/\/fonasa.mindy.cl\/blog\/esquizofrenia-sintomas\/#primaryimage"},"image":{"@id":"https:\/\/fonasa.mindy.cl\/blog\/esquizofrenia-sintomas\/#primaryimage"},"thumbnailUrl":"https:\/\/fonasa.mindy.cl\/blog\/wp-content\/uploads\/2025\/09\/esquizofrenia.jpg","datePublished":"2025-09-03T21:46:58+00:00","dateModified":"2025-12-23T17:01:14+00:00","description":"Descubre qu\u00e9 son los s\u00edntomas de la esquizofrenia, c\u00f3mo se clasifican y por qu\u00e9 es clave identificarlos a tiempo para un tratamiento efectivo.","breadcrumb":{"@id":"https:\/\/fonasa.mindy.cl\/blog\/esquizofrenia-sintomas\/#breadcrumb"},"inLanguage":"es-CL","potentialAction":[{"@type":"ReadAction","target":["https:\/\/fonasa.mindy.cl\/blog\/esquizofrenia-sintomas\/"]}]},{"@type":"ImageObject","inLanguage":"es-CL","@id":"https:\/\/fonasa.mindy.cl\/blog\/esquizofrenia-sintomas\/#primaryimage","url":"https:\/\/fonasa.mindy.cl\/blog\/wp-content\/uploads\/2025\/09\/esquizofrenia.jpg","contentUrl":"https:\/\/fonasa.mindy.cl\/blog\/wp-content\/uploads\/2025\/09\/esquizofrenia.jpg","width":1200,"height":788,"caption":"esquizofrenia s\u00edntomas"},{"@type":"BreadcrumbList","@id":"https:\/\/fonasa.mindy.cl\/blog\/esquizofrenia-sintomas\/#breadcrumb","itemListElement":[{"@type":"ListItem","position":1,"name":"Home","item":"https:\/\/fonasa.mindy.cl\/blog\/"},{"@type":"ListItem","position":2,"name":"Esquizofrenia s\u00edntomas: c\u00f3mo reconocerlos y qu\u00e9 hacer si los experimentas"}]},{"@type":"WebSite","@id":"https:\/\/fonasa.mindy.cl\/blog\/#website","url":"https:\/\/fonasa.mindy.cl\/blog\/","name":"Mindy Fonasa Blog","description":"Un blog de salud mental","publisher":{"@id":"https:\/\/fonasa.mindy.cl\/blog\/#organization"},"potentialAction":[{"@type":"SearchAction","target":{"@type":"EntryPoint","urlTemplate":"https:\/\/fonasa.mindy.cl\/blog\/?s={search_term_string}"},"query-input":"required name=search_term_string"}],"inLanguage":"es-CL"},{"@type":"Organization","@id":"https:\/\/fonasa.mindy.cl\/blog\/#organization","name":"Mindy Fonasa Blog","url":"https:\/\/fonasa.mindy.cl\/blog\/","logo":{"@type":"ImageObject","inLanguage":"es-CL","@id":"https:\/\/fonasa.mindy.cl\/blog\/#\/schema\/logo\/image\/","url":"https:\/\/fonasa.mindy.cl\/blog\/wp-content\/uploads\/2024\/07\/logo_cuadrado.png","contentUrl":"https:\/\/fonasa.mindy.cl\/blog\/wp-content\/uploads\/2024\/07\/logo_cuadrado.png","width":300,"height":300,"caption":"Mindy Fonasa Blog"},"image":{"@id":"https:\/\/fonasa.mindy.cl\/blog\/#\/schema\/logo\/image\/"}},{"@type":"Person","@id":"https:\/\/fonasa.mindy.cl\/blog\/#\/schema\/person\/6b2fdf85e03858572a636b7b9ce17d81","name":"reinaldo@mindy.cl","url":"https:\/\/fonasa.mindy.cl\/blog\/author\/reinaldomindy-cl\/"}]}},"_links":{"self":[{"href":"https:\/\/fonasa.mindy.cl\/blog\/wp-json\/wp\/v2\/posts\/504"}],"collection":[{"href":"https:\/\/fonasa.mindy.cl\/blog\/wp-json\/wp\/v2\/posts"}],"about":[{"href":"https:\/\/fonasa.mindy.cl\/blog\/wp-json\/wp\/v2\/types\/post"}],"author":[{"embeddable":true,"href":"https:\/\/fonasa.mindy.cl\/blog\/wp-json\/wp\/v2\/users\/2"}],"replies":[{"embeddable":true,"href":"https:\/\/fonasa.mindy.cl\/blog\/wp-json\/wp\/v2\/comments?post=504"}],"version-history":[{"count":11,"href":"https:\/\/fonasa.mindy.cl\/blog\/wp-json\/wp\/v2\/posts\/504\/revisions"}],"predecessor-version":[{"id":1092,"href":"https:\/\/fonasa.mindy.cl\/blog\/wp-json\/wp\/v2\/posts\/504\/revisions\/1092"}],"wp:featuredmedia":[{"embeddable":true,"href":"https:\/\/fonasa.mindy.cl\/blog\/wp-json\/wp\/v2\/media\/518"}],"wp:attachment":[{"href":"https:\/\/fonasa.mindy.cl\/blog\/wp-json\/wp\/v2\/media?parent=504"}],"wp:term":[{"taxonomy":"category","embeddable":true,"href":"https:\/\/fonasa.mindy.cl\/blog\/wp-json\/wp\/v2\/categories?post=504"},{"taxonomy":"post_tag","embeddable":true,"href":"https:\/\/fonasa.mindy.cl\/blog\/wp-json\/wp\/v2\/tags?post=504"}],"curies":[{"name":"wp","href":"https:\/\/api.w.org\/{rel}","templated":true}]}}