{"id":463,"date":"2025-04-28T19:00:07","date_gmt":"2025-04-28T23:00:07","guid":{"rendered":"https:\/\/fonasa.mindy.cl\/blog\/?p=463"},"modified":"2026-03-25T13:09:59","modified_gmt":"2026-03-25T16:09:59","slug":"trastorno-afectivo-bipolar","status":"publish","type":"post","link":"https:\/\/fonasa.mindy.cl\/blog\/trastorno-afectivo-bipolar\/","title":{"rendered":"Trastorno Afectivo Bipolar: Qu\u00e9 es, S\u00edntomas y Diagn\u00f3stico"},"content":{"rendered":"\n<p>El <strong>trastorno afectivo bipolar<\/strong> es una de las condiciones de salud mental m\u00e1s complejas y a menudo mal comprendidas. Se caracteriza por cambios extremos en el estado de \u00e1nimo, que van desde episodios de euforia o man\u00eda hasta per\u00edodos de depresi\u00f3n profunda.<\/p>\n\n\n\n<p>Este trastorno afecta no solo las emociones, sino tambi\u00e9n la energ\u00eda, el comportamiento y la capacidad para realizar actividades cotidianas. A diferencia de los cambios normales de \u00e1nimo que todos experimentamos, los episodios del trastorno afectivo bipolar son intensos, duraderos y suelen interferir significativamente en la vida diaria de quien lo padece.<\/p>\n\n\n\n<p>Reconocer los signos tempranos del <strong>trastorno afectivo bipolar<\/strong> y diferenciarlos de otras alteraciones del estado de \u00e1nimo es fundamental para obtener un diagn\u00f3stico correcto y un tratamiento adecuado. Con apoyo profesional y estrategias terap\u00e9uticas adecuadas, las personas con este trastorno pueden llevar una vida plena y funcional.<\/p>\n\n\n\n<p>En este art\u00edculo analizaremos en profundidad qu\u00e9 es el trastorno afectivo bipolar, en qu\u00e9 se diferencia de otros trastornos del \u00e1nimo, cu\u00e1les son sus <strong><a href=\"https:\/\/mindy.cl\">principales s\u00edntomas y c\u00f3mo se diagnostica de forma cl\u00ednica<\/a><\/strong>.<\/p>\n\n\n\n<h2 class=\"wp-block-heading has-x-large-font-size\">\u00bfQu\u00e9 es el trastorno afectivo bipolar?<\/h2>\n\n\n\n<p>El <strong>trastorno afectivo bipolar<\/strong> es una condici\u00f3n psiqui\u00e1trica que implica la alternancia entre episodios de man\u00eda (o hipoman\u00eda) y depresi\u00f3n. Estos cambios en el estado de \u00e1nimo no son leves ni pasajeros, sino extremos y claramente marcados.<\/p>\n\n\n\n<p><strong>Durante la man\u00eda o hipoman\u00eda<\/strong>, una persona puede sentirse:<\/p>\n\n\n\n<ul>\n<li>Excesivamente feliz o euf\u00f3rica.<\/li>\n\n\n\n<li>Hiperactiva, con necesidad disminuida de sue\u00f1o.<\/li>\n\n\n\n<li>Impulsiva, tomando decisiones arriesgadas sin medir consecuencias.<\/li>\n<\/ul>\n\n\n\n<p><strong>Durante la depresi\u00f3n bipolar<\/strong>, en cambio, la persona experimenta:<\/p>\n\n\n\n<ul>\n<li>Tristeza profunda y persistente.<\/li>\n\n\n\n<li>P\u00e9rdida de inter\u00e9s en actividades que antes disfrutaba.<\/li>\n\n\n\n<li>Fatiga extrema, desesperanza o incluso pensamientos suicidas.<\/li>\n<\/ul>\n\n\n\n<p>Entre episodios, algunas personas pueden recuperar su estado de \u00e1nimo habitual. Sin embargo, en otros casos, los s\u00edntomas pueden persistir, aunque en menor intensidad.<\/p>\n\n\n\n<p>El <strong>trastorno afectivo bipolar<\/strong> no es un fallo de car\u00e1cter ni una debilidad personal. Es una condici\u00f3n m\u00e9dica compleja que involucra factores gen\u00e9ticos, bioqu\u00edmicos y ambientales.<\/p>\n\n\n\n<p>Entender su naturaleza es clave para romper mitos y fomentar la b\u00fasqueda de ayuda temprana, mejorando significativamente la calidad de vida de quienes lo padecen.<\/p>\n\n\n\n<h2 class=\"wp-block-heading has-x-large-font-size\">Tipos de trastorno afectivo bipolar<\/h2>\n\n\n\n<figure class=\"wp-block-image aligncenter size-full\"><img loading=\"lazy\" decoding=\"async\" width=\"640\" height=\"427\" src=\"https:\/\/fonasa.mindy.cl\/blog\/wp-content\/uploads\/2026\/03\/pexels-cottonbro-7670325.jpg\" alt=\"trastorno afectivo bipolar\" class=\"wp-image-1802\"\/><\/figure>\n\n\n\n<p>El <strong>trastorno afectivo bipolar<\/strong> no se presenta de una \u00fanica manera. Existen varias clasificaciones seg\u00fan los tipos y duraci\u00f3n de los episodios de man\u00eda, hipoman\u00eda y depresi\u00f3n. Entender las diferencias entre ellos es esencial para un diagn\u00f3stico correcto y para orientar el tratamiento m\u00e1s efectivo.<\/p>\n\n\n\n<h3 class=\"wp-block-heading has-large-font-size\">Trastorno afectivo bipolar tipo I<\/h3>\n\n\n\n<p>El trastorno afectivo bipolar tipo I se caracteriza por la presencia de al menos un episodio man\u00edaco. Este episodio puede estar precedido o seguido por episodios de depresi\u00f3n mayor, aunque no es obligatorio que ocurra una depresi\u00f3n para el diagn\u00f3stico.<\/p>\n\n\n\n<p>Durante la man\u00eda, la persona puede:<\/p>\n\n\n\n<ul>\n<li>Tener una energ\u00eda excesiva y desbordante.<\/li>\n\n\n\n<li>Participar en actividades de alto riesgo.<\/li>\n\n\n\n<li>Experimentar delirios de grandeza o s\u00edntomas psic\u00f3ticos.<\/li>\n\n\n\n<li>Necesitar muy pocas horas de sue\u00f1o sin sentir cansancio.<\/li>\n<\/ul>\n\n\n\n<p>La intensidad de los episodios man\u00edacos puede ser tan alta que, en muchos casos, se requiere hospitalizaci\u00f3n.<\/p>\n\n\n\n<h4 class=\"wp-block-heading has-large-font-size\">Trastorno afectivo bipolar tipo II<\/h4>\n\n\n\n<p><strong><a href=\"https:\/\/fonasa.mindy.cl\/blog\/trastorno-bipolar-tipo-ii-2\/\">El trastorno bipolar tipo II<\/a><\/strong> se define por la presencia de al menos un episodio de hipoman\u00eda y uno o m\u00e1s episodios de depresi\u00f3n mayor. La hipoman\u00eda es similar a la man\u00eda, pero de menor intensidad y duraci\u00f3n.<\/p>\n\n\n\n<p>Durante un episodio de hipoman\u00eda, la persona puede:<\/p>\n\n\n\n<ul>\n<li>Sentirse m\u00e1s en\u00e9rgica, sociable o productiva de lo normal.<\/li>\n\n\n\n<li>Mostrar cambios de humor evidentes para otros.<\/li>\n\n\n\n<li>No llegar a perder el juicio ni necesitar hospitalizaci\u00f3n.<\/li>\n<\/ul>\n\n\n\n<p>Sin embargo, los episodios depresivos en el bipolar II suelen ser severos y duraderos, afectando profundamente la funcionalidad diaria.<\/p>\n\n\n\n<h4 class=\"wp-block-heading has-large-font-size\">Trastorno ciclot\u00edmico<\/h4>\n\n\n\n<p>El trastorno ciclot\u00edmico es una forma m\u00e1s leve y cr\u00f3nica del trastorno afectivo bipolar. Las personas con ciclotimia experimentan numerosos per\u00edodos de s\u00edntomas hipoman\u00edacos y depresivos, pero sin cumplir los criterios completos de man\u00eda, hipoman\u00eda o depresi\u00f3n mayor.<\/p>\n\n\n\n<p>Caracter\u00edsticas comunes de la ciclotimia:<\/p>\n\n\n\n<ul>\n<li>Cambios frecuentes e impredecibles en el estado de \u00e1nimo.<\/li>\n\n\n\n<li>Dificultades para mantener una estabilidad emocional prolongada.<\/li>\n\n\n\n<li>Impacto moderado pero constante en la vida social y laboral.<\/li>\n<\/ul>\n\n\n\n<p>Aunque los s\u00edntomas no sean tan graves como en los bipolares tipo I o II, su persistencia puede deteriorar significativamente la calidad de vida si no se trata.<\/p>\n\n\n\n<h4 class=\"wp-block-heading has-large-font-size\">Otras presentaciones<\/h4>\n\n\n\n<p>Tambi\u00e9n existen presentaciones at\u00edpicas o no especificadas del trastorno afectivo bipolar. En estos casos, los episodios pueden ser inducidos por sustancias, medicamentos, o estar relacionados a condiciones m\u00e9dicas como alteraciones tiroideas o neurol\u00f3gicas.<\/p>\n\n\n\n<p>Detectar estos cuadros requiere una evaluaci\u00f3n cl\u00ednica minuciosa, ya que el tratamiento depender\u00e1 de la causa espec\u00edfica de los s\u00edntomas.<\/p>\n\n\n\n<p>Reconocer el tipo exacto de <strong>trastorno afectivo bipolar<\/strong> es esencial para personalizar las estrategias terap\u00e9uticas y optimizar el pron\u00f3stico a largo plazo.<\/p>\n\n\n\n<h2 class=\"wp-block-heading has-x-large-font-size\">Diferencias entre el trastorno afectivo bipolar y otros trastornos del \u00e1nimo<\/h2>\n\n\n\n<p>El <strong>trastorno afectivo bipolar<\/strong> a menudo puede confundirse con otros trastornos del estado de \u00e1nimo, especialmente en sus fases depresivas. Sin embargo, existen diferencias clave que permiten distinguirlo de condiciones como la depresi\u00f3n mayor, los trastornos de ansiedad o el trastorno l\u00edmite de la personalidad.<\/p>\n\n\n\n<h3 class=\"wp-block-heading has-large-font-size\">Trastorno afectivo bipolar vs. depresi\u00f3n mayor<\/h3>\n\n\n\n<p>La principal diferencia entre el trastorno afectivo bipolar y la depresi\u00f3n mayor es la presencia de episodios de man\u00eda o hipoman\u00eda. Mientras que en la depresi\u00f3n mayor los s\u00edntomas son exclusivamente depresivos, en el bipolar la persona alterna entre estados de euforia y depresi\u00f3n.<\/p>\n\n\n\n<p>Caracter\u00edsticas distintivas:<\/p>\n\n\n\n<ul>\n<li>En el bipolar, la elevaci\u00f3n an\u00f3mala del estado de \u00e1nimo es un criterio diagn\u00f3stico esencial.<\/li>\n\n\n\n<li>En la depresi\u00f3n mayor no existen per\u00edodos de energ\u00eda excesiva ni de comportamiento impulsivo.<\/li>\n\n\n\n<li>El inicio del bipolar suele ser m\u00e1s temprano, y los ciclos de \u00e1nimo m\u00e1s variables.<\/li>\n<\/ul>\n\n\n\n<p>Estas diferencias son fundamentales, ya que el tratamiento para el trastorno afectivo bipolar incluye estabilizadores del \u00e1nimo, no solo antidepresivos.<\/p>\n\n\n\n<h3 class=\"wp-block-heading has-large-font-size\">Trastorno afectivo bipolar vs. trastornos de ansiedad<\/h3>\n\n\n\n<p>Aunque la ansiedad y el bipolar pueden coexistir, son condiciones diferentes. La ansiedad generalizada, los ataques de p\u00e1nico o el trastorno obsesivo-compulsivo tienen un curso y un enfoque terap\u00e9utico distinto.<\/p>\n\n\n\n<p>Diferencias principales:<\/p>\n\n\n\n<ul>\n<li>En el trastorno afectivo bipolar predominan los cambios extremos de energ\u00eda y \u00e1nimo.<\/li>\n\n\n\n<li>En los trastornos de ansiedad, la preocupaci\u00f3n constante y el miedo son los s\u00edntomas centrales.<\/li>\n\n\n\n<li>El bipolar alterna entre extremos emocionales, mientras que la ansiedad se mantiene relativamente estable (aunque elevada).<\/li>\n<\/ul>\n\n\n\n<p>El diagn\u00f3stico correcto es importante, ya que medicar la ansiedad como si fuera bipolar \u2014o viceversa\u2014 puede empeorar los s\u00edntomas.<\/p>\n\n\n\n<h3 class=\"wp-block-heading has-large-font-size\">Trastorno afectivo bipolar vs. trastorno l\u00edmite de la personalidad (TLP)<\/h3>\n\n\n\n<p>El trastorno l\u00edmite de la personalidad comparte algunas caracter\u00edsticas superficiales con el bipolar, como la inestabilidad emocional. Sin embargo, hay diferencias fundamentales en el patr\u00f3n y duraci\u00f3n de los s\u00edntomas.<\/p>\n\n\n\n<p>Comparaci\u00f3n b\u00e1sica:<\/p>\n\n\n\n<ul>\n<li>En el bipolar, los cambios de humor duran d\u00edas o semanas y siguen un patr\u00f3n epis\u00f3dico.<\/li>\n\n\n\n<li>En el TLP, las emociones pueden cambiar en cuesti\u00f3n de horas debido a factores externos.<\/li>\n\n\n\n<li>El bipolar implica alteraciones claras en el nivel de energ\u00eda y actividad; en el TLP, las crisis emocionales son m\u00e1s reactivas a las relaciones interpersonales.<\/li>\n<\/ul>\n\n\n\n<p>Confundir el TLP con el <strong>trastorno afectivo bipolar<\/strong> puede llevar a tratamientos ineficaces, por lo que la evaluaci\u00f3n cl\u00ednica debe ser minuciosa.<\/p>\n\n\n\n<p>Entender estas diferencias no solo es relevante para el diagn\u00f3stico, sino que tambi\u00e9n ayuda a desestigmatizar y ofrecer tratamientos adecuados a cada condici\u00f3n.<\/p>\n\n\n\n<h2 class=\"wp-block-heading has-x-large-font-size\">Principales s\u00edntomas del trastorno afectivo bipolar<\/h2>\n\n\n\n<p>El <strong>trastorno afectivo bipolar<\/strong> se manifiesta a trav\u00e9s de un amplio rango de s\u00edntomas que var\u00edan dependiendo de si la persona se encuentra en un episodio de man\u00eda, hipoman\u00eda o depresi\u00f3n. Reconocer estos s\u00edntomas es fundamental para un diagn\u00f3stico temprano y un tratamiento efectivo.<\/p>\n\n\n\n<h3 class=\"wp-block-heading has-large-font-size\">S\u00edntomas de la fase man\u00edaca<\/h3>\n\n\n\n<p>Durante un episodio de man\u00eda, los s\u00edntomas son intensos y afectan gravemente el funcionamiento diario:<\/p>\n\n\n\n<ul>\n<li>Estado de \u00e1nimo anormalmente elevado, expansivo o irritable.<\/li>\n\n\n\n<li>Aumento excesivo de energ\u00eda y actividad f\u00edsica o mental.<\/li>\n\n\n\n<li>Disminuci\u00f3n dr\u00e1stica de la necesidad de dormir (por ejemplo, sentirte descansado tras dormir apenas dos horas).<\/li>\n\n\n\n<li>Pensamientos acelerados, hablar de forma r\u00e1pida y saltar de un tema a otro sin conexi\u00f3n l\u00f3gica.<\/li>\n\n\n\n<li>Inflaci\u00f3n desmesurada de la autoestima o sentimientos de grandiosidad.<\/li>\n\n\n\n<li>Impulsividad, incluyendo gastos excesivos, conductas sexuales de riesgo o decisiones irresponsables.<\/li>\n<\/ul>\n\n\n\n<p>En los casos m\u00e1s graves, puede haber s\u00edntomas psic\u00f3ticos como delirios o alucinaciones.<\/p>\n\n\n\n<h3 class=\"wp-block-heading has-large-font-size\">S\u00edntomas de la fase hipoman\u00edaca<\/h3>\n\n\n\n<p>La hipoman\u00eda presenta s\u00edntomas similares a la man\u00eda, pero de menor intensidad y sin llegar a provocar un deterioro social o laboral severo.<\/p>\n\n\n\n<p>Caracter\u00edsticas principales:<\/p>\n\n\n\n<ul>\n<li>Estado de \u00e1nimo elevado o irritable sostenido por al menos cuatro d\u00edas.<\/li>\n\n\n\n<li>Aumento de energ\u00eda y productividad.<\/li>\n\n\n\n<li>Menor necesidad de sue\u00f1o, pero sin consecuencias graves en el funcionamiento diario.<\/li>\n\n\n\n<li>Comportamientos m\u00e1s arriesgados o impulsivos, aunque generalmente no extremos.<\/li>\n<\/ul>\n\n\n\n<p>Aunque menos disruptiva que la man\u00eda, la hipoman\u00eda no debe subestimarse, ya que puede evolucionar hacia episodios m\u00e1s graves si no se controla.<\/p>\n\n\n\n<h3 class=\"wp-block-heading has-large-font-size\">S\u00edntomas de la fase depresiva<\/h3>\n\n\n\n<p>Durante los episodios de depresi\u00f3n bipolar, la persona experimenta s\u00edntomas similares a los de la depresi\u00f3n mayor, pero con ciertas particularidades:<\/p>\n\n\n\n<ul>\n<li>Tristeza profunda, sensaci\u00f3n de vac\u00edo o desesperanza.<\/li>\n\n\n\n<li>P\u00e9rdida de inter\u00e9s o placer en casi todas las actividades.<\/li>\n\n\n\n<li>Cambios importantes en el apetito o peso (p\u00e9rdida o aumento).<\/li>\n\n\n\n<li>Fatiga extrema y sensaci\u00f3n de falta de energ\u00eda.<\/li>\n\n\n\n<li>Sentimientos de inutilidad o culpa excesiva.<\/li>\n\n\n\n<li>Dificultad para concentrarse o tomar decisiones.<\/li>\n\n\n\n<li>Pensamientos recurrentes de muerte o suicidio.<\/li>\n<\/ul>\n\n\n\n<p>La depresi\u00f3n en el <strong>trastorno afectivo bipolar<\/strong> tiende a ser m\u00e1s severa y resistente al tratamiento que en los cuadros depresivos unipolares.<\/p>\n\n\n\n<p>Reconocer los s\u00edntomas en cada fase permite intervenir de manera oportuna, adaptando el tratamiento a la etapa espec\u00edfica que atraviesa la persona.<\/p>\n\n\n\n<h2 class=\"wp-block-heading\">Criterios diagn\u00f3sticos del trastorno afectivo bipolar<\/h2>\n\n\n\n<p>El diagn\u00f3stico del <strong>trastorno afectivo bipolar<\/strong> se basa en una evaluaci\u00f3n cl\u00ednica detallada realizada por un profesional de la salud mental. No existe una prueba \u00fanica o de laboratorio que confirme el diagn\u00f3stico; en cambio, se utilizan criterios establecidos por manuales cl\u00ednicos reconocidos internacionalmente, como el DSM-5 (Manual Diagn\u00f3stico y Estad\u00edstico de los Trastornos Mentales).<\/p>\n\n\n\n<h3 class=\"wp-block-heading has-large-font-size\">Diagn\u00f3stico de un episodio man\u00edaco<\/h3>\n\n\n\n<p>Para diagnosticar un episodio man\u00edaco, el paciente debe cumplir con los siguientes criterios:<\/p>\n\n\n\n<ul>\n<li><strong>Estado de \u00e1nimo anormalmente elevado, expansivo o irritable<\/strong> que dure al menos <strong>una semana<\/strong> (o menos si requiere hospitalizaci\u00f3n).<\/li>\n\n\n\n<li><strong>Presencia de al menos tres s\u00edntomas adicionales<\/strong> como:\n<ul>\n<li>Aumento de la autoestima o sentimientos de grandiosidad.<\/li>\n\n\n\n<li>Disminuci\u00f3n de la necesidad de dormir.<\/li>\n\n\n\n<li>Verborrea (hablar excesivamente).<\/li>\n\n\n\n<li>Fuga de ideas o sensaci\u00f3n de pensamiento acelerado.<\/li>\n\n\n\n<li>Distracci\u00f3n f\u00e1cil.<\/li>\n\n\n\n<li>Incremento en actividades dirigidas a objetivos o agitaci\u00f3n psicomotora.<\/li>\n\n\n\n<li>Participaci\u00f3n excesiva en actividades de alto riesgo.<\/li>\n<\/ul>\n<\/li>\n<\/ul>\n\n\n\n<p>Estos s\u00edntomas deben ser lo suficientemente graves como para causar deterioro en el funcionamiento social, laboral o interpersonal.<\/p>\n\n\n\n<h3 class=\"wp-block-heading has-large-font-size\">Diagn\u00f3stico de un episodio hipoman\u00edaco<\/h3>\n\n\n\n<p>El diagn\u00f3stico de hipoman\u00eda sigue criterios similares, con algunas diferencias clave:<\/p>\n\n\n\n<ul>\n<li><strong>Estado de \u00e1nimo elevado o irritable durante al menos cuatro d\u00edas consecutivos.<\/strong><\/li>\n\n\n\n<li><strong>Al menos tres s\u00edntomas adicionales<\/strong> (los mismos que en la man\u00eda).<\/li>\n\n\n\n<li><strong>No provoca deterioro funcional severo<\/strong> ni requiere hospitalizaci\u00f3n.<\/li>\n\n\n\n<li><strong>No hay s\u00edntomas psic\u00f3ticos.<\/strong><\/li>\n<\/ul>\n\n\n\n<p>Aunque los s\u00edntomas de la hipoman\u00eda son m\u00e1s leves, no deben minimizarse, ya que pueden preceder episodios m\u00e1s graves.<\/p>\n\n\n\n<h3 class=\"wp-block-heading has-large-font-size\">Diagn\u00f3stico de un episodio depresivo mayor<\/h3>\n\n\n\n<p>Para confirmar un episodio depresivo dentro del <strong>trastorno afectivo bipolar<\/strong>, los criterios son:<\/p>\n\n\n\n<ul>\n<li><strong>Presencia de al menos cinco s\u00edntomas<\/strong> durante un per\u00edodo m\u00ednimo de dos semanas, incluyendo:\n<ul>\n<li>Estado de \u00e1nimo deprimido la mayor parte del d\u00eda.<\/li>\n\n\n\n<li>P\u00e9rdida notable de inter\u00e9s o placer en casi todas las actividades.<\/li>\n\n\n\n<li>Cambios significativos en peso o apetito.<\/li>\n\n\n\n<li>Insomnio o hipersomnia.<\/li>\n\n\n\n<li>Fatiga o p\u00e9rdida de energ\u00eda.<\/li>\n\n\n\n<li>Sentimientos de inutilidad o culpa excesiva.<\/li>\n\n\n\n<li>Dificultades de concentraci\u00f3n.<\/li>\n\n\n\n<li>Pensamientos recurrentes de muerte o suicidio.<\/li>\n<\/ul>\n<\/li>\n<\/ul>\n\n\n\n<p>Adem\u00e1s, estos s\u00edntomas deben causar un deterioro significativo en el funcionamiento social, ocupacional o en otras \u00e1reas importantes de la vida.<\/p>\n\n\n\n<h4 class=\"wp-block-heading has-medium-font-size\">Evaluaciones complementarias<\/h4>\n\n\n\n<p>El diagn\u00f3stico suele complementarse con:<\/p>\n\n\n\n<ul>\n<li><strong>Entrevistas estructuradas<\/strong> (como el SCID-5).<\/li>\n\n\n\n<li><strong>Cuestionarios de autoevaluaci\u00f3n validados.<\/strong><\/li>\n\n\n\n<li><strong>Historia cl\u00ednica detallada<\/strong> que incluya antecedentes familiares de trastornos del estado de \u00e1nimo.<\/li>\n\n\n\n<li><strong>Descartar causas m\u00e9dicas o inducidas por sustancias<\/strong>, como hipertiroidismo o consumo de drogas.<\/li>\n<\/ul>\n\n\n\n<p>Realizar un diagn\u00f3stico preciso es fundamental para dise\u00f1ar un plan de tratamiento efectivo y mejorar el pron\u00f3stico a largo plazo en el <strong>trastorno afectivo bipolar<\/strong>.<\/p>\n\n\n\n<h2 class=\"wp-block-heading has-x-large-font-size\">Factores de riesgo del trastorno afectivo bipolar<\/h2>\n\n\n\n<p>Aunque las causas exactas del <strong>trastorno afectivo bipolar<\/strong> no se conocen completamente, la investigaci\u00f3n cient\u00edfica ha identificado diversos factores que aumentan la probabilidad de desarrollar esta condici\u00f3n. Reconocer estos factores ayuda a entender mejor su aparici\u00f3n y a dise\u00f1ar estrategias de intervenci\u00f3n temprana.<\/p>\n\n\n\n<h4 class=\"wp-block-heading has-medium-font-size\">Factores gen\u00e9ticos<\/h4>\n\n\n\n<p>La predisposici\u00f3n gen\u00e9tica es uno de los factores de riesgo m\u00e1s importantes. Estudios familiares, gemelares y de adopci\u00f3n han demostrado que:<\/p>\n\n\n\n<ul>\n<li>Las personas que tienen un pariente de primer grado (padre, madre o hermano) con trastorno afectivo bipolar tienen un riesgo significativamente mayor de desarrollar la enfermedad.<\/li>\n\n\n\n<li>La heredabilidad estimada del bipolar se sit\u00faa entre el 60 % y el 85 %, lo que indica una fuerte influencia gen\u00e9tica.<\/li>\n\n\n\n<li>No existe un \u00fanico \u201cgen del bipolar\u201d, sino una combinaci\u00f3n de m\u00faltiples genes que interact\u00faan entre s\u00ed y con factores ambientales.<\/li>\n<\/ul>\n\n\n\n<p>La historia familiar sigue siendo un elemento clave que los psiquiatras consideran durante la evaluaci\u00f3n cl\u00ednica.<\/p>\n\n\n\n<h4 class=\"wp-block-heading has-medium-font-size\">Factores neurobiol\u00f3gicos<\/h4>\n\n\n\n<p>Alteraciones en neurotransmisores como la serotonina, dopamina y noradrenalina est\u00e1n asociadas al desarrollo de los s\u00edntomas del <strong>trastorno afectivo bipolar<\/strong>. Adem\u00e1s:<\/p>\n\n\n\n<ul>\n<li>Cambios estructurales y funcionales en \u00e1reas cerebrales como la am\u00edgdala, la corteza prefrontal y el hipocampo han sido observados en personas bipolares.<\/li>\n\n\n\n<li>Desequilibrios en los sistemas de regulaci\u00f3n emocional y control de impulsos pueden explicar parte de los cambios extremos de \u00e1nimo.<\/li>\n<\/ul>\n\n\n\n<p>Aunque estos hallazgos no se utilizan actualmente para diagn\u00f3stico individual, respaldan la base biol\u00f3gica del trastorno.<\/p>\n\n\n\n<h4 class=\"wp-block-heading has-medium-font-size\">Factores ambientales<\/h4>\n\n\n\n<p>El entorno tambi\u00e9n juega un papel importante, especialmente como desencadenante de episodios en personas gen\u00e9ticamente vulnerables. Entre los factores ambientales se incluyen:<\/p>\n\n\n\n<ul>\n<li>Eventos vitales estresantes, como p\u00e9rdidas importantes, traumas o cambios dr\u00e1sticos en la vida.<\/li>\n\n\n\n<li>Consumo de sustancias psicoactivas, como alcohol, cannabis o estimulantes.<\/li>\n\n\n\n<li>Alteraciones en los ritmos de sue\u00f1o y vigilia, que pueden precipitar episodios man\u00edacos o depresivos.<\/li>\n<\/ul>\n\n\n\n<p>La interacci\u00f3n entre predisposici\u00f3n gen\u00e9tica y factores ambientales es compleja, y var\u00eda de una persona a otra.<\/p>\n\n\n\n<h4 class=\"wp-block-heading has-medium-font-size\">Factores psicol\u00f3gicos<\/h4>\n\n\n\n<p>Aunque en menor medida, ciertos patrones de personalidad y estilos de afrontamiento tambi\u00e9n pueden influir en la aparici\u00f3n o el curso del trastorno. Entre ellos:<\/p>\n\n\n\n<ul>\n<li>Alta sensibilidad emocional.<\/li>\n\n\n\n<li>Baja tolerancia a la frustraci\u00f3n.<\/li>\n\n\n\n<li>Dificultades en la regulaci\u00f3n del estr\u00e9s.<\/li>\n<\/ul>\n\n\n\n<p>Estos factores no causan directamente el <strong>trastorno afectivo bipolar<\/strong>, pero pueden contribuir a su expresi\u00f3n cl\u00ednica y al riesgo de reca\u00eddas.<\/p>\n\n\n\n<p>Comprender los factores de riesgo no solo facilita la detecci\u00f3n temprana, sino que tambi\u00e9n permite dise\u00f1ar estrategias de prevenci\u00f3n y manejo adaptadas a cada caso.<\/p>\n\n\n\n<h2 class=\"wp-block-heading has-x-large-font-size\">Tratamiento del trastorno afectivo bipolar<\/h2>\n\n\n\n<figure class=\"wp-block-image aligncenter size-full\"><img loading=\"lazy\" decoding=\"async\" width=\"640\" height=\"427\" src=\"https:\/\/fonasa.mindy.cl\/blog\/wp-content\/uploads\/2026\/03\/pexels-didsss-5785473.jpg\" alt=\"trastorno afectivo bipolar\" class=\"wp-image-1803\"\/><\/figure>\n\n\n\n<p>El manejo del <strong>trastorno afectivo bipolar<\/strong> requiere un enfoque integral que combine tratamiento farmacol\u00f3gico, terapia psicol\u00f3gica y estrategias de estilo de vida. Aunque es una condici\u00f3n cr\u00f3nica, con el tratamiento adecuado la mayor\u00eda de las personas puede lograr una vida estable y satisfactoria.<\/p>\n\n\n\n<h3 class=\"wp-block-heading has-large-font-size\">Tratamiento farmacol\u00f3gico<\/h3>\n\n\n\n<p>Los medicamentos son la base del tratamiento para controlar los cambios extremos en el estado de \u00e1nimo. Entre los f\u00e1rmacos m\u00e1s utilizados se encuentran:<\/p>\n\n\n\n<ul>\n<li><strong>Estabilizadores del \u00e1nimo:<\/strong> Como el litio, que ayuda a prevenir tanto la man\u00eda como la depresi\u00f3n.<\/li>\n\n\n\n<li><strong>Anticonvulsivos:<\/strong> Como el \u00e1cido valproico y la lamotrigina, que se utilizan para estabilizar el \u00e1nimo en ciertos tipos de bipolaridad.<\/li>\n\n\n\n<li><strong>Antipsic\u00f3ticos at\u00edpicos:<\/strong> Como la quetiapina o el aripiprazol, especialmente \u00fatiles en episodios de man\u00eda o cuando existen s\u00edntomas psic\u00f3ticos.<\/li>\n\n\n\n<li><strong>Antidepresivos:<\/strong> Usados con mucha precauci\u00f3n y generalmente combinados con estabilizadores del \u00e1nimo, ya que pueden desencadenar episodios man\u00edacos si se usan solos.<\/li>\n<\/ul>\n\n\n\n<p>El tratamiento farmacol\u00f3gico debe ser cuidadosamente individualizado, y requiere seguimiento regular para ajustar dosis y manejar posibles efectos secundarios.<\/p>\n\n\n\n<h3 class=\"wp-block-heading has-large-font-size\">Psicoterapia<\/h3>\n\n\n\n<p>La terapia psicol\u00f3gica es un componente esencial para el manejo del <strong>trastorno afectivo bipolar<\/strong>. Algunas modalidades terap\u00e9uticas que han demostrado eficacia incluyen:<\/p>\n\n\n\n<ul>\n<li><strong>Terapia cognitivo-conductual (TCC):<\/strong> Ayuda a identificar y modificar pensamientos distorsionados, mejorar las rutinas de sue\u00f1o y reducir la recurrencia de episodios.<\/li>\n\n\n\n<li><strong>Psicoeducaci\u00f3n:<\/strong> Ense\u00f1a a la persona y a su entorno a reconocer los s\u00edntomas tempranos de reca\u00edda y a entender mejor el trastorno.<\/li>\n\n\n\n<li><strong>Terapia interpersonal y de ritmo social:<\/strong> Se centra en mejorar las relaciones personales y en estabilizar los ritmos de sue\u00f1o y actividad.<\/li>\n<\/ul>\n\n\n\n<p>La combinaci\u00f3n de medicamentos y terapia psicol\u00f3gica mejora notablemente los resultados a largo plazo.<\/p>\n\n\n\n<h3 class=\"wp-block-heading has-large-font-size\">Modificaciones en el estilo de vida<\/h3>\n\n\n\n<p>Adem\u00e1s del tratamiento m\u00e9dico y psicol\u00f3gico, ciertos cambios en el estilo de vida pueden potenciar la estabilidad emocional:<\/p>\n\n\n\n<ul>\n<li><strong>Mantener horarios regulares de sue\u00f1o y alimentaci\u00f3n.<\/strong><\/li>\n\n\n\n<li><strong>Evitar el consumo de alcohol y sustancias psicoactivas.<\/strong><\/li>\n\n\n\n<li><strong>Reducir niveles de estr\u00e9s mediante t\u00e9cnicas de relajaci\u00f3n.<\/strong><\/li>\n\n\n\n<li><strong>Establecer rutinas diarias organizadas y realistas.<\/strong><\/li>\n\n\n\n<li><strong>Practicar ejercicio f\u00edsico moderado de manera regular.<\/strong><\/li>\n<\/ul>\n\n\n\n<p>El autocuidado es una parte activa y fundamental en el proceso de estabilizaci\u00f3n del <strong>trastorno afectivo bipolar<\/strong>.<\/p>\n\n\n\n<h3 class=\"wp-block-heading has-large-font-size\">Apoyo familiar y social<\/h3>\n\n\n\n<p>El apoyo del entorno familiar y social es crucial. Entender la enfermedad, saber c\u00f3mo actuar ante una reca\u00edda y ofrecer contenci\u00f3n emocional adecuada son pilares que fortalecen la recuperaci\u00f3n.<\/p>\n\n\n\n<p>La participaci\u00f3n en grupos de apoyo tambi\u00e9n ofrece beneficios, proporcionando espacios seguros para compartir experiencias y estrategias de afrontamiento.<\/p>\n\n\n\n<p>El tratamiento efectivo del <strong>trastorno afectivo bipolar<\/strong> requiere compromiso tanto del paciente como del equipo terap\u00e9utico y del entorno cercano. Con un abordaje integral, es posible alcanzar la estabilidad y mejorar notablemente la calidad de vida.<\/p>\n\n\n\n<h2 class=\"wp-block-heading has-x-large-font-size\">Pron\u00f3stico y calidad de vida en el trastorno afectivo bipolar<\/h2>\n\n\n\n<p>El <strong>trastorno afectivo bipolar<\/strong> es una condici\u00f3n cr\u00f3nica, pero con el tratamiento adecuado y un abordaje integral, muchas personas logran mantener una vida estable, plena y productiva. El pron\u00f3stico depende de m\u00faltiples factores, incluyendo la rapidez del diagn\u00f3stico, la adherencia al tratamiento y el apoyo social disponible.<\/p>\n\n\n\n<h3 class=\"wp-block-heading has-large-font-size\">Factores que mejoran el pron\u00f3stico<\/h3>\n\n\n\n<p>Algunos elementos que favorecen un mejor curso de la enfermedad son:<\/p>\n\n\n\n<ul>\n<li><strong>Diagn\u00f3stico precoz:<\/strong> Cuanto antes se identifica y trata el trastorno, menores son las probabilidades de episodios graves o complicaciones.<\/li>\n\n\n\n<li><strong>Adherencia al tratamiento:<\/strong> Seguir el plan farmacol\u00f3gico y psicoterap\u00e9utico de manera constante mejora significativamente la estabilidad emocional.<\/li>\n\n\n\n<li><strong>Educaci\u00f3n sobre el trastorno:<\/strong> Comprender la enfermedad y reconocer los signos tempranos de reca\u00edda permite actuar de forma preventiva.<\/li>\n\n\n\n<li><strong>Red de apoyo s\u00f3lida:<\/strong> La familia, los amigos y los grupos de apoyo desempe\u00f1an un rol crucial en el acompa\u00f1amiento emocional y pr\u00e1ctico.<\/li>\n<\/ul>\n\n\n\n<p>Estas variables influyen directamente en la frecuencia e intensidad de los episodios y en la calidad de vida general.<\/p>\n\n\n\n<h3 class=\"wp-block-heading has-large-font-size\">Desaf\u00edos a largo plazo<\/h3>\n\n\n\n<p>Aunque el pron\u00f3stico puede ser muy positivo, algunas dificultades frecuentes incluyen:<\/p>\n\n\n\n<ul>\n<li><strong>Riesgo de reca\u00eddas:<\/strong> Especialmente si se interrumpe el tratamiento o ante eventos estresantes importantes.<\/li>\n\n\n\n<li><strong>Dificultades laborales o acad\u00e9micas:<\/strong> Los cambios de \u00e1nimo pueden afectar la continuidad de proyectos personales o profesionales.<\/li>\n\n\n\n<li><strong>Problemas de relaciones interpersonales:<\/strong> Las fluctuaciones emocionales impactan a veces la comunicaci\u00f3n y la convivencia.<\/li>\n\n\n\n<li><strong>Mayor riesgo de comorbilidades:<\/strong> Como trastornos de ansiedad, abuso de sustancias o problemas metab\u00f3licos.<\/li>\n<\/ul>\n\n\n\n<p>Por ello, el seguimiento a largo plazo con profesionales de la salud mental es clave para sostener los logros alcanzados y ajustar estrategias cuando sea necesario.<\/p>\n\n\n\n<h3 class=\"wp-block-heading has-large-font-size\">Calidad de vida en el trastorno afectivo bipolar<\/h3>\n\n\n\n<p>Con manejo adecuado, las personas con <strong>trastorno afectivo bipolar<\/strong> pueden:<\/p>\n\n\n\n<ul>\n<li>Estudiar, trabajar y desarrollar carreras profesionales exitosas.<\/li>\n\n\n\n<li>Mantener relaciones afectivas satisfactorias.<\/li>\n\n\n\n<li>Disfrutar de actividades recreativas, sociales y culturales.<\/li>\n\n\n\n<li>Construir proyectos de vida personales y familiares.<\/li>\n<\/ul>\n\n\n\n<p>El tratamiento no elimina la posibilidad de episodios, pero s\u00ed reduce su frecuencia, duraci\u00f3n y severidad, permitiendo a la persona recuperar su autonom\u00eda y bienestar.<\/p>\n\n\n\n<p>Vivir con <strong>trastorno afectivo bipolar<\/strong> implica aprender a conocer los propios ciclos, a cuidar la salud mental de forma activa y a apoyarse en los recursos disponibles. Con la informaci\u00f3n, el acompa\u00f1amiento y las herramientas adecuadas, una vida estable y plena es absolutamente posible.<\/p>\n\n\n\n<h2 class=\"wp-block-heading has-x-large-font-size\">\u00bfNo sabes por d\u00f3nde empezar? Descubre tu terapia recomendada<\/h2>\n\n\n\n<p>Iniciar un proceso psicol\u00f3gico puede generar dudas sobre cu\u00e1l es el mejor camino. En <strong><a href=\"https:\/\/fonasa.mindy.cl\/\">Fonasa Mindy<\/a><\/strong> queremos facilitarte el proceso: responde unas breves preguntas para identificar el modelo terap\u00e9utico m\u00e1s efectivo para tu bienestar emocional. Es r\u00e1pido, sencillo y te ayudar\u00e1 a conectar con el profesional adecuado.<\/p>\n\n\n\n<p>\ud83d\udc49 <strong><a href=\"https:\/\/form.typeform.com\/to\/jfcSJODX\" target=\"_blank\" rel=\"noreferrer noopener\">Haz clic para descubrir tu tipo de terapia<\/a><\/strong><\/p>\n","protected":false},"excerpt":{"rendered":"<p>El trastorno afectivo bipolar altera el estado de \u00e1nimo, la energ\u00eda y el comportamiento. Conoce en profundidad sus tipos, s\u00edntomas principales, factores de riesgo, diagn\u00f3stico y estrategias de tratamiento para mejorar la calidad de vida.<\/p>\n","protected":false},"author":2,"featured_media":464,"comment_status":"open","ping_status":"open","sticky":false,"template":"","format":"standard","meta":{"footnotes":""},"categories":[114,275],"tags":[],"yoast_head":"<!-- This site is optimized with the Yoast SEO plugin v23.0 - https:\/\/yoast.com\/wordpress\/plugins\/seo\/ -->\n<title>Trastorno Afectivo Bipolar: Qu\u00e9 es, S\u00edntomas y Diagn\u00f3stico<\/title>\n<meta name=\"description\" content=\"Descubre qu\u00e9 es el trastorno afectivo bipolar, sus principales tipos, s\u00edntomas y criterios diagn\u00f3sticos. Diferencias con otros trastornos.\" \/>\n<meta name=\"robots\" content=\"index, follow, max-snippet:-1, max-image-preview:large, max-video-preview:-1\" \/>\n<link rel=\"canonical\" href=\"https:\/\/fonasa.mindy.cl\/blog\/trastorno-afectivo-bipolar\/\" \/>\n<meta property=\"og:locale\" content=\"es_ES\" \/>\n<meta property=\"og:type\" content=\"article\" \/>\n<meta property=\"og:title\" content=\"Trastorno Afectivo Bipolar: Qu\u00e9 es, S\u00edntomas y Diagn\u00f3stico\" \/>\n<meta property=\"og:description\" content=\"Descubre qu\u00e9 es el trastorno afectivo bipolar, sus principales tipos, s\u00edntomas y criterios diagn\u00f3sticos. Diferencias con otros trastornos.\" \/>\n<meta property=\"og:url\" content=\"https:\/\/fonasa.mindy.cl\/blog\/trastorno-afectivo-bipolar\/\" \/>\n<meta property=\"og:site_name\" content=\"Mindy Fonasa Blog\" \/>\n<meta property=\"article:published_time\" content=\"2025-04-28T23:00:07+00:00\" \/>\n<meta property=\"article:modified_time\" content=\"2026-03-25T16:09:59+00:00\" \/>\n<meta property=\"og:image\" content=\"https:\/\/fonasa.mindy.cl\/blog\/wp-content\/uploads\/2025\/04\/trastorno-afectivo-bipolar.png\" \/>\n\t<meta property=\"og:image:width\" content=\"1536\" \/>\n\t<meta property=\"og:image:height\" content=\"1024\" \/>\n\t<meta property=\"og:image:type\" content=\"image\/png\" \/>\n<meta name=\"author\" content=\"reinaldo@mindy.cl\" \/>\n<meta name=\"twitter:card\" content=\"summary_large_image\" \/>\n<meta name=\"twitter:label1\" content=\"Written by\" \/>\n\t<meta name=\"twitter:data1\" content=\"reinaldo@mindy.cl\" \/>\n\t<meta name=\"twitter:label2\" content=\"Est. reading time\" \/>\n\t<meta name=\"twitter:data2\" content=\"16 minutos\" \/>\n<script type=\"application\/ld+json\" class=\"yoast-schema-graph\">{\"@context\":\"https:\/\/schema.org\",\"@graph\":[{\"@type\":\"Article\",\"@id\":\"https:\/\/fonasa.mindy.cl\/blog\/trastorno-afectivo-bipolar\/#article\",\"isPartOf\":{\"@id\":\"https:\/\/fonasa.mindy.cl\/blog\/trastorno-afectivo-bipolar\/\"},\"author\":{\"name\":\"reinaldo@mindy.cl\",\"@id\":\"https:\/\/fonasa.mindy.cl\/blog\/#\/schema\/person\/6b2fdf85e03858572a636b7b9ce17d81\"},\"headline\":\"Trastorno Afectivo Bipolar: Qu\u00e9 es, S\u00edntomas y Diagn\u00f3stico\",\"datePublished\":\"2025-04-28T23:00:07+00:00\",\"dateModified\":\"2026-03-25T16:09:59+00:00\",\"mainEntityOfPage\":{\"@id\":\"https:\/\/fonasa.mindy.cl\/blog\/trastorno-afectivo-bipolar\/\"},\"wordCount\":3605,\"commentCount\":131,\"publisher\":{\"@id\":\"https:\/\/fonasa.mindy.cl\/blog\/#organization\"},\"image\":{\"@id\":\"https:\/\/fonasa.mindy.cl\/blog\/trastorno-afectivo-bipolar\/#primaryimage\"},\"thumbnailUrl\":\"https:\/\/fonasa.mindy.cl\/blog\/wp-content\/uploads\/2025\/04\/trastorno-afectivo-bipolar.png\",\"articleSection\":[\"Psic\u00f3logos Fonasa\",\"Trastornos\"],\"inLanguage\":\"es-CL\",\"potentialAction\":[{\"@type\":\"CommentAction\",\"name\":\"Comment\",\"target\":[\"https:\/\/fonasa.mindy.cl\/blog\/trastorno-afectivo-bipolar\/#respond\"]}]},{\"@type\":\"WebPage\",\"@id\":\"https:\/\/fonasa.mindy.cl\/blog\/trastorno-afectivo-bipolar\/\",\"url\":\"https:\/\/fonasa.mindy.cl\/blog\/trastorno-afectivo-bipolar\/\",\"name\":\"Trastorno Afectivo Bipolar: Qu\u00e9 es, S\u00edntomas y Diagn\u00f3stico\",\"isPartOf\":{\"@id\":\"https:\/\/fonasa.mindy.cl\/blog\/#website\"},\"primaryImageOfPage\":{\"@id\":\"https:\/\/fonasa.mindy.cl\/blog\/trastorno-afectivo-bipolar\/#primaryimage\"},\"image\":{\"@id\":\"https:\/\/fonasa.mindy.cl\/blog\/trastorno-afectivo-bipolar\/#primaryimage\"},\"thumbnailUrl\":\"https:\/\/fonasa.mindy.cl\/blog\/wp-content\/uploads\/2025\/04\/trastorno-afectivo-bipolar.png\",\"datePublished\":\"2025-04-28T23:00:07+00:00\",\"dateModified\":\"2026-03-25T16:09:59+00:00\",\"description\":\"Descubre qu\u00e9 es el trastorno afectivo bipolar, sus principales tipos, s\u00edntomas y criterios diagn\u00f3sticos. Diferencias con otros trastornos.\",\"breadcrumb\":{\"@id\":\"https:\/\/fonasa.mindy.cl\/blog\/trastorno-afectivo-bipolar\/#breadcrumb\"},\"inLanguage\":\"es-CL\",\"potentialAction\":[{\"@type\":\"ReadAction\",\"target\":[\"https:\/\/fonasa.mindy.cl\/blog\/trastorno-afectivo-bipolar\/\"]}]},{\"@type\":\"ImageObject\",\"inLanguage\":\"es-CL\",\"@id\":\"https:\/\/fonasa.mindy.cl\/blog\/trastorno-afectivo-bipolar\/#primaryimage\",\"url\":\"https:\/\/fonasa.mindy.cl\/blog\/wp-content\/uploads\/2025\/04\/trastorno-afectivo-bipolar.png\",\"contentUrl\":\"https:\/\/fonasa.mindy.cl\/blog\/wp-content\/uploads\/2025\/04\/trastorno-afectivo-bipolar.png\",\"width\":1536,\"height\":1024,\"caption\":\"trastorno afectivo bipolar\"},{\"@type\":\"BreadcrumbList\",\"@id\":\"https:\/\/fonasa.mindy.cl\/blog\/trastorno-afectivo-bipolar\/#breadcrumb\",\"itemListElement\":[{\"@type\":\"ListItem\",\"position\":1,\"name\":\"Home\",\"item\":\"https:\/\/fonasa.mindy.cl\/blog\/\"},{\"@type\":\"ListItem\",\"position\":2,\"name\":\"Trastorno Afectivo Bipolar: Qu\u00e9 es, S\u00edntomas y Diagn\u00f3stico\"}]},{\"@type\":\"WebSite\",\"@id\":\"https:\/\/fonasa.mindy.cl\/blog\/#website\",\"url\":\"https:\/\/fonasa.mindy.cl\/blog\/\",\"name\":\"Mindy Fonasa Blog\",\"description\":\"Un blog de salud mental\",\"publisher\":{\"@id\":\"https:\/\/fonasa.mindy.cl\/blog\/#organization\"},\"potentialAction\":[{\"@type\":\"SearchAction\",\"target\":{\"@type\":\"EntryPoint\",\"urlTemplate\":\"https:\/\/fonasa.mindy.cl\/blog\/?s={search_term_string}\"},\"query-input\":\"required name=search_term_string\"}],\"inLanguage\":\"es-CL\"},{\"@type\":\"Organization\",\"@id\":\"https:\/\/fonasa.mindy.cl\/blog\/#organization\",\"name\":\"Mindy Fonasa Blog\",\"url\":\"https:\/\/fonasa.mindy.cl\/blog\/\",\"logo\":{\"@type\":\"ImageObject\",\"inLanguage\":\"es-CL\",\"@id\":\"https:\/\/fonasa.mindy.cl\/blog\/#\/schema\/logo\/image\/\",\"url\":\"https:\/\/fonasa.mindy.cl\/blog\/wp-content\/uploads\/2024\/07\/logo_cuadrado.png\",\"contentUrl\":\"https:\/\/fonasa.mindy.cl\/blog\/wp-content\/uploads\/2024\/07\/logo_cuadrado.png\",\"width\":300,\"height\":300,\"caption\":\"Mindy Fonasa Blog\"},\"image\":{\"@id\":\"https:\/\/fonasa.mindy.cl\/blog\/#\/schema\/logo\/image\/\"}},{\"@type\":\"Person\",\"@id\":\"https:\/\/fonasa.mindy.cl\/blog\/#\/schema\/person\/6b2fdf85e03858572a636b7b9ce17d81\",\"name\":\"reinaldo@mindy.cl\",\"url\":\"https:\/\/fonasa.mindy.cl\/blog\/author\/reinaldomindy-cl\/\"}]}<\/script>\n<!-- \/ Yoast SEO plugin. -->","yoast_head_json":{"title":"Trastorno Afectivo Bipolar: Qu\u00e9 es, S\u00edntomas y Diagn\u00f3stico","description":"Descubre qu\u00e9 es el trastorno afectivo bipolar, sus principales tipos, s\u00edntomas y criterios diagn\u00f3sticos. Diferencias con otros trastornos.","robots":{"index":"index","follow":"follow","max-snippet":"max-snippet:-1","max-image-preview":"max-image-preview:large","max-video-preview":"max-video-preview:-1"},"canonical":"https:\/\/fonasa.mindy.cl\/blog\/trastorno-afectivo-bipolar\/","og_locale":"es_ES","og_type":"article","og_title":"Trastorno Afectivo Bipolar: Qu\u00e9 es, S\u00edntomas y Diagn\u00f3stico","og_description":"Descubre qu\u00e9 es el trastorno afectivo bipolar, sus principales tipos, s\u00edntomas y criterios diagn\u00f3sticos. Diferencias con otros trastornos.","og_url":"https:\/\/fonasa.mindy.cl\/blog\/trastorno-afectivo-bipolar\/","og_site_name":"Mindy Fonasa Blog","article_published_time":"2025-04-28T23:00:07+00:00","article_modified_time":"2026-03-25T16:09:59+00:00","og_image":[{"width":1536,"height":1024,"url":"https:\/\/fonasa.mindy.cl\/blog\/wp-content\/uploads\/2025\/04\/trastorno-afectivo-bipolar.png","type":"image\/png"}],"author":"reinaldo@mindy.cl","twitter_card":"summary_large_image","twitter_misc":{"Written by":"reinaldo@mindy.cl","Est. reading time":"16 minutos"},"schema":{"@context":"https:\/\/schema.org","@graph":[{"@type":"Article","@id":"https:\/\/fonasa.mindy.cl\/blog\/trastorno-afectivo-bipolar\/#article","isPartOf":{"@id":"https:\/\/fonasa.mindy.cl\/blog\/trastorno-afectivo-bipolar\/"},"author":{"name":"reinaldo@mindy.cl","@id":"https:\/\/fonasa.mindy.cl\/blog\/#\/schema\/person\/6b2fdf85e03858572a636b7b9ce17d81"},"headline":"Trastorno Afectivo Bipolar: Qu\u00e9 es, S\u00edntomas y Diagn\u00f3stico","datePublished":"2025-04-28T23:00:07+00:00","dateModified":"2026-03-25T16:09:59+00:00","mainEntityOfPage":{"@id":"https:\/\/fonasa.mindy.cl\/blog\/trastorno-afectivo-bipolar\/"},"wordCount":3605,"commentCount":131,"publisher":{"@id":"https:\/\/fonasa.mindy.cl\/blog\/#organization"},"image":{"@id":"https:\/\/fonasa.mindy.cl\/blog\/trastorno-afectivo-bipolar\/#primaryimage"},"thumbnailUrl":"https:\/\/fonasa.mindy.cl\/blog\/wp-content\/uploads\/2025\/04\/trastorno-afectivo-bipolar.png","articleSection":["Psic\u00f3logos Fonasa","Trastornos"],"inLanguage":"es-CL","potentialAction":[{"@type":"CommentAction","name":"Comment","target":["https:\/\/fonasa.mindy.cl\/blog\/trastorno-afectivo-bipolar\/#respond"]}]},{"@type":"WebPage","@id":"https:\/\/fonasa.mindy.cl\/blog\/trastorno-afectivo-bipolar\/","url":"https:\/\/fonasa.mindy.cl\/blog\/trastorno-afectivo-bipolar\/","name":"Trastorno Afectivo Bipolar: Qu\u00e9 es, S\u00edntomas y Diagn\u00f3stico","isPartOf":{"@id":"https:\/\/fonasa.mindy.cl\/blog\/#website"},"primaryImageOfPage":{"@id":"https:\/\/fonasa.mindy.cl\/blog\/trastorno-afectivo-bipolar\/#primaryimage"},"image":{"@id":"https:\/\/fonasa.mindy.cl\/blog\/trastorno-afectivo-bipolar\/#primaryimage"},"thumbnailUrl":"https:\/\/fonasa.mindy.cl\/blog\/wp-content\/uploads\/2025\/04\/trastorno-afectivo-bipolar.png","datePublished":"2025-04-28T23:00:07+00:00","dateModified":"2026-03-25T16:09:59+00:00","description":"Descubre qu\u00e9 es el trastorno afectivo bipolar, sus principales tipos, s\u00edntomas y criterios diagn\u00f3sticos. Diferencias con otros trastornos.","breadcrumb":{"@id":"https:\/\/fonasa.mindy.cl\/blog\/trastorno-afectivo-bipolar\/#breadcrumb"},"inLanguage":"es-CL","potentialAction":[{"@type":"ReadAction","target":["https:\/\/fonasa.mindy.cl\/blog\/trastorno-afectivo-bipolar\/"]}]},{"@type":"ImageObject","inLanguage":"es-CL","@id":"https:\/\/fonasa.mindy.cl\/blog\/trastorno-afectivo-bipolar\/#primaryimage","url":"https:\/\/fonasa.mindy.cl\/blog\/wp-content\/uploads\/2025\/04\/trastorno-afectivo-bipolar.png","contentUrl":"https:\/\/fonasa.mindy.cl\/blog\/wp-content\/uploads\/2025\/04\/trastorno-afectivo-bipolar.png","width":1536,"height":1024,"caption":"trastorno afectivo bipolar"},{"@type":"BreadcrumbList","@id":"https:\/\/fonasa.mindy.cl\/blog\/trastorno-afectivo-bipolar\/#breadcrumb","itemListElement":[{"@type":"ListItem","position":1,"name":"Home","item":"https:\/\/fonasa.mindy.cl\/blog\/"},{"@type":"ListItem","position":2,"name":"Trastorno Afectivo Bipolar: Qu\u00e9 es, S\u00edntomas y Diagn\u00f3stico"}]},{"@type":"WebSite","@id":"https:\/\/fonasa.mindy.cl\/blog\/#website","url":"https:\/\/fonasa.mindy.cl\/blog\/","name":"Mindy Fonasa Blog","description":"Un blog de salud mental","publisher":{"@id":"https:\/\/fonasa.mindy.cl\/blog\/#organization"},"potentialAction":[{"@type":"SearchAction","target":{"@type":"EntryPoint","urlTemplate":"https:\/\/fonasa.mindy.cl\/blog\/?s={search_term_string}"},"query-input":"required name=search_term_string"}],"inLanguage":"es-CL"},{"@type":"Organization","@id":"https:\/\/fonasa.mindy.cl\/blog\/#organization","name":"Mindy Fonasa Blog","url":"https:\/\/fonasa.mindy.cl\/blog\/","logo":{"@type":"ImageObject","inLanguage":"es-CL","@id":"https:\/\/fonasa.mindy.cl\/blog\/#\/schema\/logo\/image\/","url":"https:\/\/fonasa.mindy.cl\/blog\/wp-content\/uploads\/2024\/07\/logo_cuadrado.png","contentUrl":"https:\/\/fonasa.mindy.cl\/blog\/wp-content\/uploads\/2024\/07\/logo_cuadrado.png","width":300,"height":300,"caption":"Mindy Fonasa Blog"},"image":{"@id":"https:\/\/fonasa.mindy.cl\/blog\/#\/schema\/logo\/image\/"}},{"@type":"Person","@id":"https:\/\/fonasa.mindy.cl\/blog\/#\/schema\/person\/6b2fdf85e03858572a636b7b9ce17d81","name":"reinaldo@mindy.cl","url":"https:\/\/fonasa.mindy.cl\/blog\/author\/reinaldomindy-cl\/"}]}},"_links":{"self":[{"href":"https:\/\/fonasa.mindy.cl\/blog\/wp-json\/wp\/v2\/posts\/463"}],"collection":[{"href":"https:\/\/fonasa.mindy.cl\/blog\/wp-json\/wp\/v2\/posts"}],"about":[{"href":"https:\/\/fonasa.mindy.cl\/blog\/wp-json\/wp\/v2\/types\/post"}],"author":[{"embeddable":true,"href":"https:\/\/fonasa.mindy.cl\/blog\/wp-json\/wp\/v2\/users\/2"}],"replies":[{"embeddable":true,"href":"https:\/\/fonasa.mindy.cl\/blog\/wp-json\/wp\/v2\/comments?post=463"}],"version-history":[{"count":5,"href":"https:\/\/fonasa.mindy.cl\/blog\/wp-json\/wp\/v2\/posts\/463\/revisions"}],"predecessor-version":[{"id":1804,"href":"https:\/\/fonasa.mindy.cl\/blog\/wp-json\/wp\/v2\/posts\/463\/revisions\/1804"}],"wp:featuredmedia":[{"embeddable":true,"href":"https:\/\/fonasa.mindy.cl\/blog\/wp-json\/wp\/v2\/media\/464"}],"wp:attachment":[{"href":"https:\/\/fonasa.mindy.cl\/blog\/wp-json\/wp\/v2\/media?parent=463"}],"wp:term":[{"taxonomy":"category","embeddable":true,"href":"https:\/\/fonasa.mindy.cl\/blog\/wp-json\/wp\/v2\/categories?post=463"},{"taxonomy":"post_tag","embeddable":true,"href":"https:\/\/fonasa.mindy.cl\/blog\/wp-json\/wp\/v2\/tags?post=463"}],"curies":[{"name":"wp","href":"https:\/\/api.w.org\/{rel}","templated":true}]}}