{"id":460,"date":"2025-04-28T18:55:34","date_gmt":"2025-04-28T22:55:34","guid":{"rendered":"https:\/\/fonasa.mindy.cl\/blog\/?p=460"},"modified":"2026-03-25T12:12:48","modified_gmt":"2026-03-25T15:12:48","slug":"insomnio-sintomas","status":"publish","type":"post","link":"https:\/\/fonasa.mindy.cl\/blog\/insomnio-sintomas\/","title":{"rendered":"10 s\u00edntomas principales del insomnio que no debes ignorar"},"content":{"rendered":"\n<p>Identificar correctamente los <strong>s\u00edntomas del insomnio<\/strong> es el primer paso para actuar a tiempo y recuperar un sue\u00f1o saludable. El insomnio no es simplemente &#8220;dormir mal de vez en cuando&#8221;. Es un trastorno que afecta tanto la cantidad como la calidad del sue\u00f1o, con consecuencias graves si no se atiende.<\/p>\n\n\n\n<p>Muchas personas sufren <strong>s\u00edntomas del insomnio<\/strong> sin ser plenamente conscientes de ello. Atribuyen su fatiga diaria, su irritabilidad o su falta de concentraci\u00f3n a otros factores, sin considerar que la ra\u00edz del problema podr\u00eda estar en su descanso nocturno.<\/p>\n\n\n\n<p>En este art\u00edculo vamos a repasar los <strong>10 principales s\u00edntomas del insomnio<\/strong>, explicando c\u00f3mo reconocerlos y por qu\u00e9 es importante tomar medidas si los experimentas. Cada uno de estos signos puede indicar que el sue\u00f1o no est\u00e1 cumpliendo su funci\u00f3n reparadora, y que es momento de buscar<strong><a href=\"https:\/\/mindy.cl\"> soluciones antes de que afecte la salud f\u00edsica y mental.<\/a><\/strong><\/p>\n\n\n\n<h2 class=\"wp-block-heading has-x-large-font-size\">Dificultad para conciliar el sue\u00f1o (s\u00edntomas del insomnio)<\/h2>\n\n\n\n<p><a href=\"https:\/\/fonasa.mindy.cl\/blog\/los-sintomas-del-insomnio\/\"><strong>Los<\/strong> <strong>s\u00edntomas del insomnio<\/strong><\/a> principales son la incapacidad para quedarse dormido en un tiempo razonable despu\u00e9s de acostarse. Lo normal es conciliar el sue\u00f1o en unos 10 a 20 minutos. Sin embargo, las personas que sufren insomnio pueden pasar largos per\u00edodos en la cama despiertas, sinti\u00e9ndose ansiosas o frustradas.<\/p>\n\n\n\n<p>Esta dificultad puede estar causada por:<\/p>\n\n\n\n<ul>\n<li>Preocupaciones o pensamientos recurrentes.<\/li>\n\n\n\n<li>Exceso de estimulaci\u00f3n antes de dormir, como uso de pantallas.<\/li>\n\n\n\n<li>Desajustes en el ritmo circadiano.<\/li>\n<\/ul>\n\n\n\n<p>Cuando este s\u00edntoma ocurre varias veces por semana, es una se\u00f1al clara de que el patr\u00f3n de sue\u00f1o est\u00e1 alterado.<\/p>\n\n\n\n<h3 class=\"wp-block-heading has-large-font-size\">Despertares frecuentes durante la noche<\/h3>\n\n\n\n<figure class=\"wp-block-image size-full\"><img loading=\"lazy\" decoding=\"async\" width=\"1000\" height=\"665\" src=\"https:\/\/fonasa.mindy.cl\/blog\/wp-content\/uploads\/2026\/02\/2149071889-1.jpg\" alt=\"s\u00edntomas del insomnio\" class=\"wp-image-1458\"\/><\/figure>\n\n\n\n<p>Otro de los <strong>s\u00edntomas del insomnio<\/strong> m\u00e1s comunes es despertarse varias veces durante la noche. Aunque ocasionalmente todos podemos abrir los ojos durante el sue\u00f1o, en el insomnio estos despertares son prolongados o recurrentes, dificultando volver a dormir.<\/p>\n\n\n\n<p>Entre las causas frecuentes encontramos:<\/p>\n\n\n\n<ul>\n<li>Dolor f\u00edsico o incomodidad.<\/li>\n\n\n\n<li>Estr\u00e9s y ansiedad que interrumpen el sue\u00f1o profundo.<\/li>\n\n\n\n<li>Factores ambientales como ruidos o temperaturas inc\u00f3modas.<\/li>\n<\/ul>\n\n\n\n<p>Estos despertares fragmentan el ciclo natural del sue\u00f1o, especialmente las fases profundas que son esenciales para la recuperaci\u00f3n f\u00edsica y mental.<\/p>\n\n\n\n<h2 class=\"wp-block-heading has-large-font-size\">Despertar demasiado temprano (s\u00edntomas del insomnio)<\/h2>\n\n\n\n<p>Un signo caracter\u00edstico de los <strong>s\u00edntomas del insomnio<\/strong> es el despertar precoz. La persona abre los ojos mucho antes de la hora deseada y no puede volver a dormirse, a pesar de seguir sinti\u00e9ndose cansada.<\/p>\n\n\n\n<p>Este s\u00edntoma suele estar relacionado con:<\/p>\n\n\n\n<ul>\n<li>Trastornos emocionales como la depresi\u00f3n.<\/li>\n\n\n\n<li>Alteraciones hormonales que afectan el ciclo de sue\u00f1o-vigilia.<\/li>\n\n\n\n<li>Estr\u00e9s acumulado que activa el cerebro antes de tiempo.<\/li>\n<\/ul>\n\n\n\n<p>El despertar temprano recurrente disminuye las horas efectivas de descanso, generando fatiga acumulada d\u00eda tras d\u00eda.<\/p>\n\n\n\n<h3 class=\"wp-block-heading has-large-font-size\">Sue\u00f1o superficial o no reparador<\/h3>\n\n\n\n<p>Sentir que no se ha descansado bien a pesar de haber dormido varias horas es otro de los claros <strong>s\u00edntomas del insomnio<\/strong>. En estos casos, la persona puede permanecer en la cama toda la noche, pero al despertar no siente la energ\u00eda ni la recuperaci\u00f3n que deber\u00eda aportar un sue\u00f1o de calidad.<\/p>\n\n\n\n<p>Este sue\u00f1o superficial ocurre porque:<\/p>\n\n\n\n<ul>\n<li>No se alcanzan las fases profundas del sue\u00f1o (fase N3 o sue\u00f1o de ondas lentas).<\/li>\n\n\n\n<li>Se interrumpe constantemente el ritmo normal de descanso.<\/li>\n\n\n\n<li>El cuerpo permanece en un estado de alerta inconsciente.<\/li>\n<\/ul>\n\n\n\n<p>Como consecuencia, el organismo no realiza adecuadamente procesos esenciales como la regeneraci\u00f3n celular, la consolidaci\u00f3n de la memoria o el equilibrio hormonal.<\/p>\n\n\n\n<p>Dormir sin sentir descanso real desgasta f\u00edsica y mentalmente, y aumenta el riesgo de problemas de salud como hipertensi\u00f3n, obesidad y depresi\u00f3n.<\/p>\n\n\n\n<h3 class=\"wp-block-heading has-large-font-size\">Fatiga diurna constante (s\u00edntomas del insomnio)<\/h3>\n\n\n\n<p>La fatiga diurna persistente es uno de los <strong>s\u00edntomas del insomnio<\/strong> m\u00e1s incapacitantes. No importa cu\u00e1nto tiempo haya pasado en la cama: quien sufre de insomnio siente un cansancio que afecta todas sus actividades cotidianas.<\/p>\n\n\n\n<p>Los efectos incluyen:<\/p>\n\n\n\n<ul>\n<li>Reducci\u00f3n significativa del rendimiento laboral o acad\u00e9mico.<\/li>\n\n\n\n<li>Sensaci\u00f3n de pesadez corporal desde las primeras horas del d\u00eda.<\/li>\n\n\n\n<li>Necesidad continua de descansar o dormir durante el d\u00eda, aunque no siempre se logra.<\/li>\n<\/ul>\n\n\n\n<p>Esta fatiga no se resuelve con simples siestas, ya que el problema de fondo es la falta de sue\u00f1o reparador nocturno. De hecho, dormir durante el d\u00eda puede empeorar el insomnio nocturno si no se maneja adecuadamente.<\/p>\n\n\n\n<h3 class=\"wp-block-heading has-large-font-size\">Irritabilidad y cambios de humor<\/h3>\n\n\n\n<p>La falta de sue\u00f1o altera el sistema emocional. Uno de los <strong>s\u00edntomas del insomnio<\/strong> que m\u00e1s impacta la vida social y personal es el aumento de la irritabilidad y los cambios bruscos de humor.<\/p>\n\n\n\n<p>Las personas con insomnio tienden a:<\/p>\n\n\n\n<ul>\n<li>Reaccionar de manera desproporcionada ante est\u00edmulos menores.<\/li>\n\n\n\n<li>Experimentar estados de frustraci\u00f3n, enojo o tristeza sin causa aparente.<\/li>\n\n\n\n<li>Tener menos paciencia y tolerancia en sus relaciones familiares o laborales.<\/li>\n<\/ul>\n\n\n\n<p>La explicaci\u00f3n es clara: el sue\u00f1o insuficiente afecta \u00e1reas del cerebro como la am\u00edgdala y la corteza prefrontal, que regulan las emociones y la conducta social.<\/p>\n\n\n\n<p>Con el tiempo, esta alteraci\u00f3n emocional sostenida puede derivar en cuadros de ansiedad severa o depresi\u00f3n.<\/p>\n\n\n\n<h3 class=\"wp-block-heading has-large-font-size\">Dificultad para concentrarse (s\u00edntomas del insomnio)<\/h3>\n\n\n\n<p>Uno de los efectos m\u00e1s peligrosos del insomnio es la afectaci\u00f3n de las funciones cognitivas. La falta de descanso interfiere directamente en la capacidad de concentraci\u00f3n, memoria y toma de decisiones.<\/p>\n\n\n\n<p>Los signos m\u00e1s habituales incluyen:<\/p>\n\n\n\n<ul>\n<li>Problemas para mantener la atenci\u00f3n en tareas prolongadas.<\/li>\n\n\n\n<li>Dificultad para seguir instrucciones o completar actividades complejas.<\/li>\n\n\n\n<li>Olvidos frecuentes o errores de juicio.<\/li>\n<\/ul>\n\n\n\n<p>La mente cansada procesa la informaci\u00f3n m\u00e1s lentamente y comete m\u00e1s errores, aumentando el riesgo de accidentes de tr\u00e1nsito, errores laborales y conflictos interpersonales.<\/p>\n\n\n\n<p>Detectar este tipo de deterioro es fundamental, ya que suele ser uno de los <strong>s\u00edntomas del insomnio<\/strong> m\u00e1s evidentes en el d\u00eda a d\u00eda.<\/p>\n\n\n\n<h3 class=\"wp-block-heading has-large-font-size\">Aumento de la ansiedad o tristeza<\/h3>\n\n\n\n<p>Uno de los <strong>s\u00edntomas del insomnio<\/strong> que m\u00e1s impacta en el bienestar emocional es el aumento de la ansiedad y la tristeza. La falta de sue\u00f1o altera el equilibrio qu\u00edmico del cerebro, afectando neurotransmisores como la serotonina y la dopamina, que son fundamentales para mantener el estado de \u00e1nimo estable.<\/p>\n\n\n\n<p>Las personas que no duermen bien experimentan:<\/p>\n\n\n\n<ul>\n<li>Mayor sensaci\u00f3n de preocupaci\u00f3n constante.<\/li>\n\n\n\n<li>Pensamientos negativos repetitivos.<\/li>\n\n\n\n<li>Episodios de tristeza profunda o falta de motivaci\u00f3n.<\/li>\n<\/ul>\n\n\n\n<p>Adem\u00e1s, el insomnio y los trastornos del \u00e1nimo se retroalimentan: la ansiedad dificulta dormir, y la falta de sue\u00f1o intensifica la ansiedad, generando un c\u00edrculo vicioso dif\u00edcil de romper sin tratamiento.<\/p>\n\n\n\n<p>Detectar este <strong>s\u00edntoma del insomnio<\/strong> es crucial para evitar que evolucione hacia trastornos depresivos mayores o crisis de ansiedad severa.<\/p>\n\n\n\n<h3 class=\"wp-block-heading has-large-font-size\">Dolores de cabeza matutinos (s\u00edntomas del insomnio)<\/h3>\n\n\n\n<p>Despertar con dolor de cabeza es un signo claro de que el descanso no ha sido reparador. Entre los <strong>s\u00edntomas del insomnio<\/strong>, los dolores de cabeza matutinos son frecuentes, especialmente cuando:<\/p>\n\n\n\n<ul>\n<li>El sue\u00f1o ha sido fragmentado o superficial.<\/li>\n\n\n\n<li>Ha habido disminuci\u00f3n del ox\u00edgeno durante la noche (como ocurre en apnea del sue\u00f1o asociada).<\/li>\n\n\n\n<li>Se ha mantenido tensi\u00f3n muscular durante el sue\u00f1o debido al estr\u00e9s.<\/li>\n<\/ul>\n\n\n\n<p>Estos dolores de cabeza suelen ser de tipo tensional: opresivos, persistentes y acompa\u00f1ados de rigidez en cuello y hombros. Tambi\u00e9n pueden dificultar a\u00fan m\u00e1s el inicio de la jornada, empeorando la fatiga y el malestar general.<\/p>\n\n\n\n<p>Cuando los dolores matutinos son recurrentes, es indispensable evaluar la calidad del sue\u00f1o como posible origen del problema.<\/p>\n\n\n\n<h3 class=\"wp-block-heading has-large-font-size\">Somnolencia durante actividades pasivas<\/h3>\n\n\n\n<p>El \u00faltimo de los <strong>s\u00edntomas del insomnio<\/strong> que analizamos es la aparici\u00f3n de somnolencia durante actividades tranquilas o pasivas, como:<\/p>\n\n\n\n<ul>\n<li>Leer un libro.<\/li>\n\n\n\n<li>Ver televisi\u00f3n.<\/li>\n\n\n\n<li>Asistir a reuniones largas o clases.<\/li>\n\n\n\n<li>Viajar como pasajero en un autom\u00f3vil o transporte p\u00fablico.<\/li>\n<\/ul>\n\n\n\n<p>Esta somnolencia no controlada representa un riesgo importante, ya que tambi\u00e9n puede manifestarse en momentos peligrosos, como al conducir o manejar maquinaria.<\/p>\n\n\n\n<p>La incapacidad para mantenerse alerta durante actividades rutinarias es una se\u00f1al de que el cuerpo est\u00e1 intentando compensar la falta de descanso profundo, y refleja la gravedad del insomnio no tratado.<\/p>\n\n\n\n<h2 class=\"wp-block-heading has-x-large-font-size\">Conclusi\u00f3n: Reconocer los s\u00edntomas del insomnio es el primer paso para recuperar tu salud<\/h2>\n\n\n\n<p>Detectar los <strong>s\u00edntomas del insomnio<\/strong> de manera temprana puede marcar la diferencia entre un problema pasajero y un trastorno cr\u00f3nico que afecte todas las \u00e1reas de tu vida. Como hemos visto, el insomnio no solo implica dormir menos, sino tambi\u00e9n sufrir consecuencias f\u00edsicas, mentales y emocionales que deterioran la calidad de vida d\u00eda a d\u00eda.<\/p>\n\n\n\n<p>Una dificultad ocasional para dormir puede considerarse normal, especialmente en \u00e9pocas de estr\u00e9s. Sin embargo, cuando los s\u00edntomas del insomnio, como la fatiga diurna, la irritabilidad, los despertares frecuentes o la somnolencia constante, se vuelven parte habitual de tu vida, es fundamental actuar.<\/p>\n\n\n\n<p>Recuerda que el insomnio no tiene una \u00fanica causa. Factores emocionales, malos h\u00e1bitos de sue\u00f1o, condiciones m\u00e9dicas y aspectos ambientales pueden contribuir a su aparici\u00f3n. Por eso, cada caso merece una evaluaci\u00f3n individualizada.<\/p>\n\n\n\n<p>Si reconoces varios de estos <strong>s\u00edntomas del insomnio<\/strong> en tu d\u00eda a d\u00eda, no esperes a que el problema se agrave. Adoptar medidas como mejorar la higiene del sue\u00f1o, controlar el estr\u00e9s, ajustar rutinas diarias y buscar apoyo profesional puede ayudarte a recuperar un descanso reparador y proteger tu salud general.<\/p>\n\n\n\n<p>El sue\u00f1o es una necesidad vital, no un lujo. Cuidarlo debe ser una prioridad para vivir con energ\u00eda, bienestar y equilibrio emocional.<\/p>\n\n\n\n<p><strong>\u00bfSientes que el estr\u00e9s o la ansiedad est\u00e1n afectando tu descanso? Eval\u00faa tus niveles hoy mismo.<\/strong> \ud83d\udc49 <strong><a href=\"https:\/\/form.typeform.com\/to\/nF2A9qZT\" target=\"_blank\" rel=\"noreferrer noopener\">Realizar Test de Ansiedad Gratuito<\/a><\/strong><\/p>\n\n\n\n<p>Te invitamos a tomar el control de tus noches y transformar tu bienestar. Encuentra el apoyo que necesitas en <strong><a href=\"https:\/\/fonasa.mindy.cl\/#\/\" target=\"_blank\" rel=\"noreferrer noopener\">Fonasa Mindy<\/a><\/strong> y descubre c\u00f3mo nuestra comunidad de profesionales puede guiarte hacia el descanso que mereces. Tambi\u00e9n puedes conocer m\u00e1s sobre nuestra visi\u00f3n integral de la salud mental en <strong><a href=\"https:\/\/mindy.cl\/\" target=\"_blank\" rel=\"noreferrer noopener\">Mindy<\/a><\/strong>.<\/p>\n\n\n\n<p><\/p>\n","protected":false},"excerpt":{"rendered":"<p>Descubrir los s\u00edntomas del insomnio es clave para recuperar el descanso y prevenir complicaciones. Aprende cu\u00e1les son los principales signos de alerta y c\u00f3mo detectarlos a tiempo.<\/p>\n","protected":false},"author":2,"featured_media":461,"comment_status":"open","ping_status":"open","sticky":false,"template":"","format":"standard","meta":{"footnotes":""},"categories":[114,277],"tags":[],"yoast_head":"<!-- This site is optimized with the Yoast SEO plugin v23.0 - https:\/\/yoast.com\/wordpress\/plugins\/seo\/ -->\n<title>10 s\u00edntomas principales del insomnio que no debes ignorar<\/title>\n<meta name=\"description\" content=\"Conoce los 10 principales s\u00edntomas del insomnio, aprende a identificarlos de forma temprana. Proteger tu salud f\u00edsica y mental.\" \/>\n<meta name=\"robots\" content=\"index, follow, max-snippet:-1, max-image-preview:large, max-video-preview:-1\" \/>\n<link rel=\"canonical\" href=\"https:\/\/fonasa.mindy.cl\/blog\/insomnio-sintomas\/\" \/>\n<meta property=\"og:locale\" content=\"es_ES\" \/>\n<meta property=\"og:type\" content=\"article\" \/>\n<meta property=\"og:title\" content=\"10 s\u00edntomas principales del insomnio que no debes ignorar\" \/>\n<meta property=\"og:description\" content=\"Conoce los 10 principales s\u00edntomas del insomnio, aprende a identificarlos de forma temprana. Proteger tu salud f\u00edsica y mental.\" \/>\n<meta property=\"og:url\" content=\"https:\/\/fonasa.mindy.cl\/blog\/insomnio-sintomas\/\" \/>\n<meta property=\"og:site_name\" content=\"Mindy Fonasa Blog\" \/>\n<meta property=\"article:published_time\" content=\"2025-04-28T22:55:34+00:00\" \/>\n<meta property=\"article:modified_time\" content=\"2026-03-25T15:12:48+00:00\" \/>\n<meta property=\"og:image\" content=\"https:\/\/fonasa.mindy.cl\/blog\/wp-content\/uploads\/2025\/04\/insomnio-sintomas.png\" \/>\n\t<meta property=\"og:image:width\" content=\"1536\" \/>\n\t<meta property=\"og:image:height\" content=\"1024\" \/>\n\t<meta property=\"og:image:type\" content=\"image\/png\" \/>\n<meta name=\"author\" content=\"reinaldo@mindy.cl\" \/>\n<meta name=\"twitter:card\" content=\"summary_large_image\" \/>\n<meta name=\"twitter:label1\" content=\"Written by\" \/>\n\t<meta name=\"twitter:data1\" content=\"reinaldo@mindy.cl\" \/>\n\t<meta name=\"twitter:label2\" content=\"Est. reading time\" \/>\n\t<meta name=\"twitter:data2\" content=\"8 minutos\" \/>\n<script type=\"application\/ld+json\" class=\"yoast-schema-graph\">{\"@context\":\"https:\/\/schema.org\",\"@graph\":[{\"@type\":\"Article\",\"@id\":\"https:\/\/fonasa.mindy.cl\/blog\/insomnio-sintomas\/#article\",\"isPartOf\":{\"@id\":\"https:\/\/fonasa.mindy.cl\/blog\/insomnio-sintomas\/\"},\"author\":{\"name\":\"reinaldo@mindy.cl\",\"@id\":\"https:\/\/fonasa.mindy.cl\/blog\/#\/schema\/person\/6b2fdf85e03858572a636b7b9ce17d81\"},\"headline\":\"10 s\u00edntomas principales del insomnio que no debes ignorar\",\"datePublished\":\"2025-04-28T22:55:34+00:00\",\"dateModified\":\"2026-03-25T15:12:48+00:00\",\"mainEntityOfPage\":{\"@id\":\"https:\/\/fonasa.mindy.cl\/blog\/insomnio-sintomas\/\"},\"wordCount\":1700,\"commentCount\":77,\"publisher\":{\"@id\":\"https:\/\/fonasa.mindy.cl\/blog\/#organization\"},\"image\":{\"@id\":\"https:\/\/fonasa.mindy.cl\/blog\/insomnio-sintomas\/#primaryimage\"},\"thumbnailUrl\":\"https:\/\/fonasa.mindy.cl\/blog\/wp-content\/uploads\/2025\/04\/insomnio-sintomas.png\",\"articleSection\":[\"Psic\u00f3logos Fonasa\",\"Trastornos de sue\u00f1o\"],\"inLanguage\":\"es-CL\",\"potentialAction\":[{\"@type\":\"CommentAction\",\"name\":\"Comment\",\"target\":[\"https:\/\/fonasa.mindy.cl\/blog\/insomnio-sintomas\/#respond\"]}]},{\"@type\":\"WebPage\",\"@id\":\"https:\/\/fonasa.mindy.cl\/blog\/insomnio-sintomas\/\",\"url\":\"https:\/\/fonasa.mindy.cl\/blog\/insomnio-sintomas\/\",\"name\":\"10 s\u00edntomas principales del insomnio que no debes ignorar\",\"isPartOf\":{\"@id\":\"https:\/\/fonasa.mindy.cl\/blog\/#website\"},\"primaryImageOfPage\":{\"@id\":\"https:\/\/fonasa.mindy.cl\/blog\/insomnio-sintomas\/#primaryimage\"},\"image\":{\"@id\":\"https:\/\/fonasa.mindy.cl\/blog\/insomnio-sintomas\/#primaryimage\"},\"thumbnailUrl\":\"https:\/\/fonasa.mindy.cl\/blog\/wp-content\/uploads\/2025\/04\/insomnio-sintomas.png\",\"datePublished\":\"2025-04-28T22:55:34+00:00\",\"dateModified\":\"2026-03-25T15:12:48+00:00\",\"description\":\"Conoce los 10 principales s\u00edntomas del insomnio, aprende a identificarlos de forma temprana. Proteger tu salud f\u00edsica y mental.\",\"breadcrumb\":{\"@id\":\"https:\/\/fonasa.mindy.cl\/blog\/insomnio-sintomas\/#breadcrumb\"},\"inLanguage\":\"es-CL\",\"potentialAction\":[{\"@type\":\"ReadAction\",\"target\":[\"https:\/\/fonasa.mindy.cl\/blog\/insomnio-sintomas\/\"]}]},{\"@type\":\"ImageObject\",\"inLanguage\":\"es-CL\",\"@id\":\"https:\/\/fonasa.mindy.cl\/blog\/insomnio-sintomas\/#primaryimage\",\"url\":\"https:\/\/fonasa.mindy.cl\/blog\/wp-content\/uploads\/2025\/04\/insomnio-sintomas.png\",\"contentUrl\":\"https:\/\/fonasa.mindy.cl\/blog\/wp-content\/uploads\/2025\/04\/insomnio-sintomas.png\",\"width\":1536,\"height\":1024,\"caption\":\"s\u00edntomas del insomnio\"},{\"@type\":\"BreadcrumbList\",\"@id\":\"https:\/\/fonasa.mindy.cl\/blog\/insomnio-sintomas\/#breadcrumb\",\"itemListElement\":[{\"@type\":\"ListItem\",\"position\":1,\"name\":\"Home\",\"item\":\"https:\/\/fonasa.mindy.cl\/blog\/\"},{\"@type\":\"ListItem\",\"position\":2,\"name\":\"10 s\u00edntomas principales del insomnio que no debes ignorar\"}]},{\"@type\":\"WebSite\",\"@id\":\"https:\/\/fonasa.mindy.cl\/blog\/#website\",\"url\":\"https:\/\/fonasa.mindy.cl\/blog\/\",\"name\":\"Mindy Fonasa Blog\",\"description\":\"Un blog de salud mental\",\"publisher\":{\"@id\":\"https:\/\/fonasa.mindy.cl\/blog\/#organization\"},\"potentialAction\":[{\"@type\":\"SearchAction\",\"target\":{\"@type\":\"EntryPoint\",\"urlTemplate\":\"https:\/\/fonasa.mindy.cl\/blog\/?s={search_term_string}\"},\"query-input\":\"required name=search_term_string\"}],\"inLanguage\":\"es-CL\"},{\"@type\":\"Organization\",\"@id\":\"https:\/\/fonasa.mindy.cl\/blog\/#organization\",\"name\":\"Mindy Fonasa Blog\",\"url\":\"https:\/\/fonasa.mindy.cl\/blog\/\",\"logo\":{\"@type\":\"ImageObject\",\"inLanguage\":\"es-CL\",\"@id\":\"https:\/\/fonasa.mindy.cl\/blog\/#\/schema\/logo\/image\/\",\"url\":\"https:\/\/fonasa.mindy.cl\/blog\/wp-content\/uploads\/2024\/07\/logo_cuadrado.png\",\"contentUrl\":\"https:\/\/fonasa.mindy.cl\/blog\/wp-content\/uploads\/2024\/07\/logo_cuadrado.png\",\"width\":300,\"height\":300,\"caption\":\"Mindy Fonasa Blog\"},\"image\":{\"@id\":\"https:\/\/fonasa.mindy.cl\/blog\/#\/schema\/logo\/image\/\"}},{\"@type\":\"Person\",\"@id\":\"https:\/\/fonasa.mindy.cl\/blog\/#\/schema\/person\/6b2fdf85e03858572a636b7b9ce17d81\",\"name\":\"reinaldo@mindy.cl\",\"url\":\"https:\/\/fonasa.mindy.cl\/blog\/author\/reinaldomindy-cl\/\"}]}<\/script>\n<!-- \/ Yoast SEO plugin. -->","yoast_head_json":{"title":"10 s\u00edntomas principales del insomnio que no debes ignorar","description":"Conoce los 10 principales s\u00edntomas del insomnio, aprende a identificarlos de forma temprana. Proteger tu salud f\u00edsica y mental.","robots":{"index":"index","follow":"follow","max-snippet":"max-snippet:-1","max-image-preview":"max-image-preview:large","max-video-preview":"max-video-preview:-1"},"canonical":"https:\/\/fonasa.mindy.cl\/blog\/insomnio-sintomas\/","og_locale":"es_ES","og_type":"article","og_title":"10 s\u00edntomas principales del insomnio que no debes ignorar","og_description":"Conoce los 10 principales s\u00edntomas del insomnio, aprende a identificarlos de forma temprana. Proteger tu salud f\u00edsica y mental.","og_url":"https:\/\/fonasa.mindy.cl\/blog\/insomnio-sintomas\/","og_site_name":"Mindy Fonasa Blog","article_published_time":"2025-04-28T22:55:34+00:00","article_modified_time":"2026-03-25T15:12:48+00:00","og_image":[{"width":1536,"height":1024,"url":"https:\/\/fonasa.mindy.cl\/blog\/wp-content\/uploads\/2025\/04\/insomnio-sintomas.png","type":"image\/png"}],"author":"reinaldo@mindy.cl","twitter_card":"summary_large_image","twitter_misc":{"Written by":"reinaldo@mindy.cl","Est. reading time":"8 minutos"},"schema":{"@context":"https:\/\/schema.org","@graph":[{"@type":"Article","@id":"https:\/\/fonasa.mindy.cl\/blog\/insomnio-sintomas\/#article","isPartOf":{"@id":"https:\/\/fonasa.mindy.cl\/blog\/insomnio-sintomas\/"},"author":{"name":"reinaldo@mindy.cl","@id":"https:\/\/fonasa.mindy.cl\/blog\/#\/schema\/person\/6b2fdf85e03858572a636b7b9ce17d81"},"headline":"10 s\u00edntomas principales del insomnio que no debes ignorar","datePublished":"2025-04-28T22:55:34+00:00","dateModified":"2026-03-25T15:12:48+00:00","mainEntityOfPage":{"@id":"https:\/\/fonasa.mindy.cl\/blog\/insomnio-sintomas\/"},"wordCount":1700,"commentCount":77,"publisher":{"@id":"https:\/\/fonasa.mindy.cl\/blog\/#organization"},"image":{"@id":"https:\/\/fonasa.mindy.cl\/blog\/insomnio-sintomas\/#primaryimage"},"thumbnailUrl":"https:\/\/fonasa.mindy.cl\/blog\/wp-content\/uploads\/2025\/04\/insomnio-sintomas.png","articleSection":["Psic\u00f3logos Fonasa","Trastornos de sue\u00f1o"],"inLanguage":"es-CL","potentialAction":[{"@type":"CommentAction","name":"Comment","target":["https:\/\/fonasa.mindy.cl\/blog\/insomnio-sintomas\/#respond"]}]},{"@type":"WebPage","@id":"https:\/\/fonasa.mindy.cl\/blog\/insomnio-sintomas\/","url":"https:\/\/fonasa.mindy.cl\/blog\/insomnio-sintomas\/","name":"10 s\u00edntomas principales del insomnio que no debes ignorar","isPartOf":{"@id":"https:\/\/fonasa.mindy.cl\/blog\/#website"},"primaryImageOfPage":{"@id":"https:\/\/fonasa.mindy.cl\/blog\/insomnio-sintomas\/#primaryimage"},"image":{"@id":"https:\/\/fonasa.mindy.cl\/blog\/insomnio-sintomas\/#primaryimage"},"thumbnailUrl":"https:\/\/fonasa.mindy.cl\/blog\/wp-content\/uploads\/2025\/04\/insomnio-sintomas.png","datePublished":"2025-04-28T22:55:34+00:00","dateModified":"2026-03-25T15:12:48+00:00","description":"Conoce los 10 principales s\u00edntomas del insomnio, aprende a identificarlos de forma temprana. Proteger tu salud f\u00edsica y mental.","breadcrumb":{"@id":"https:\/\/fonasa.mindy.cl\/blog\/insomnio-sintomas\/#breadcrumb"},"inLanguage":"es-CL","potentialAction":[{"@type":"ReadAction","target":["https:\/\/fonasa.mindy.cl\/blog\/insomnio-sintomas\/"]}]},{"@type":"ImageObject","inLanguage":"es-CL","@id":"https:\/\/fonasa.mindy.cl\/blog\/insomnio-sintomas\/#primaryimage","url":"https:\/\/fonasa.mindy.cl\/blog\/wp-content\/uploads\/2025\/04\/insomnio-sintomas.png","contentUrl":"https:\/\/fonasa.mindy.cl\/blog\/wp-content\/uploads\/2025\/04\/insomnio-sintomas.png","width":1536,"height":1024,"caption":"s\u00edntomas del insomnio"},{"@type":"BreadcrumbList","@id":"https:\/\/fonasa.mindy.cl\/blog\/insomnio-sintomas\/#breadcrumb","itemListElement":[{"@type":"ListItem","position":1,"name":"Home","item":"https:\/\/fonasa.mindy.cl\/blog\/"},{"@type":"ListItem","position":2,"name":"10 s\u00edntomas principales del insomnio que no debes ignorar"}]},{"@type":"WebSite","@id":"https:\/\/fonasa.mindy.cl\/blog\/#website","url":"https:\/\/fonasa.mindy.cl\/blog\/","name":"Mindy Fonasa Blog","description":"Un blog de salud mental","publisher":{"@id":"https:\/\/fonasa.mindy.cl\/blog\/#organization"},"potentialAction":[{"@type":"SearchAction","target":{"@type":"EntryPoint","urlTemplate":"https:\/\/fonasa.mindy.cl\/blog\/?s={search_term_string}"},"query-input":"required name=search_term_string"}],"inLanguage":"es-CL"},{"@type":"Organization","@id":"https:\/\/fonasa.mindy.cl\/blog\/#organization","name":"Mindy Fonasa Blog","url":"https:\/\/fonasa.mindy.cl\/blog\/","logo":{"@type":"ImageObject","inLanguage":"es-CL","@id":"https:\/\/fonasa.mindy.cl\/blog\/#\/schema\/logo\/image\/","url":"https:\/\/fonasa.mindy.cl\/blog\/wp-content\/uploads\/2024\/07\/logo_cuadrado.png","contentUrl":"https:\/\/fonasa.mindy.cl\/blog\/wp-content\/uploads\/2024\/07\/logo_cuadrado.png","width":300,"height":300,"caption":"Mindy Fonasa Blog"},"image":{"@id":"https:\/\/fonasa.mindy.cl\/blog\/#\/schema\/logo\/image\/"}},{"@type":"Person","@id":"https:\/\/fonasa.mindy.cl\/blog\/#\/schema\/person\/6b2fdf85e03858572a636b7b9ce17d81","name":"reinaldo@mindy.cl","url":"https:\/\/fonasa.mindy.cl\/blog\/author\/reinaldomindy-cl\/"}]}},"_links":{"self":[{"href":"https:\/\/fonasa.mindy.cl\/blog\/wp-json\/wp\/v2\/posts\/460"}],"collection":[{"href":"https:\/\/fonasa.mindy.cl\/blog\/wp-json\/wp\/v2\/posts"}],"about":[{"href":"https:\/\/fonasa.mindy.cl\/blog\/wp-json\/wp\/v2\/types\/post"}],"author":[{"embeddable":true,"href":"https:\/\/fonasa.mindy.cl\/blog\/wp-json\/wp\/v2\/users\/2"}],"replies":[{"embeddable":true,"href":"https:\/\/fonasa.mindy.cl\/blog\/wp-json\/wp\/v2\/comments?post=460"}],"version-history":[{"count":8,"href":"https:\/\/fonasa.mindy.cl\/blog\/wp-json\/wp\/v2\/posts\/460\/revisions"}],"predecessor-version":[{"id":1764,"href":"https:\/\/fonasa.mindy.cl\/blog\/wp-json\/wp\/v2\/posts\/460\/revisions\/1764"}],"wp:featuredmedia":[{"embeddable":true,"href":"https:\/\/fonasa.mindy.cl\/blog\/wp-json\/wp\/v2\/media\/461"}],"wp:attachment":[{"href":"https:\/\/fonasa.mindy.cl\/blog\/wp-json\/wp\/v2\/media?parent=460"}],"wp:term":[{"taxonomy":"category","embeddable":true,"href":"https:\/\/fonasa.mindy.cl\/blog\/wp-json\/wp\/v2\/categories?post=460"},{"taxonomy":"post_tag","embeddable":true,"href":"https:\/\/fonasa.mindy.cl\/blog\/wp-json\/wp\/v2\/tags?post=460"}],"curies":[{"name":"wp","href":"https:\/\/api.w.org\/{rel}","templated":true}]}}