{"id":457,"date":"2025-04-28T18:51:47","date_gmt":"2025-04-28T22:51:47","guid":{"rendered":"https:\/\/fonasa.mindy.cl\/blog\/?p=457"},"modified":"2026-04-22T16:12:05","modified_gmt":"2026-04-22T20:12:05","slug":"embarazo-insomnio","status":"publish","type":"post","link":"https:\/\/fonasa.mindy.cl\/blog\/embarazo-insomnio\/","title":{"rendered":"Embarazo e Insomnio: Causas, S\u00edntomas y Soluciones Naturales"},"content":{"rendered":"\n<p>El <strong>embarazo insomnio<\/strong> es una combinaci\u00f3n m\u00e1s com\u00fan de lo que muchas personas imaginan. A medida que avanza la gestaci\u00f3n, los cambios f\u00edsicos, hormonales y emocionales aumentan, afectando directamente la calidad del sue\u00f1o. Para muchas mujeres, dormir profundamente durante el embarazo se convierte en un verdadero desaf\u00edo.<\/p>\n\n\n\n<p>No poder dormir bien durante esta etapa tan importante genera frustraci\u00f3n, irritabilidad y fatiga diaria. Pero m\u00e1s all\u00e1 de la incomodidad, el insomnio puede tener un impacto real en la salud materna y en el bienestar del futuro beb\u00e9. Dormir de forma adecuada es esencial para la recuperaci\u00f3n f\u00edsica, la regulaci\u00f3n hormonal y el desarrollo fetal saludable.<\/p>\n\n\n\n<p>La buena noticia es que existen formas de enfrentar el <strong>embarazo insomnio<\/strong> sin recurrir a medicamentos, usando estrategias naturales, seguras y efectivas. Con peque\u00f1os ajustes en la rutina diaria y el entorno de descanso, es posible <strong><a href=\"https:\/\/mindy.cl\">mejorar la calidad del sue\u00f1o y vivir el embarazo con mayor bienestar<\/a><\/strong>.<\/p>\n\n\n\n<h2 class=\"wp-block-heading\">\u00bfPor qu\u00e9 es com\u00fan el insomnio durante el embarazo?<\/h2>\n\n\n\n<p>El <strong>embarazo insomnio<\/strong> tiene m\u00faltiples causas, y entenderlas es el primer paso para combatirlo eficazmente. Desde el primer trimestre, el cuerpo de la mujer empieza a experimentar cambios profundos que afectan el ciclo de sue\u00f1o.<\/p>\n\n\n\n<h2 class=\"wp-block-heading has-x-large-font-size\">Cambios hormonales en el embarazo <\/h2>\n\n\n\n<ul>\n<li><strong>Aumento de la progesterona:<\/strong> Esta hormona, esencial para mantener el embarazo, tambi\u00e9n provoca somnolencia diurna y fragmentaci\u00f3n del sue\u00f1o nocturno.<\/li>\n\n\n\n<li><strong>Variaciones en la melatonina:<\/strong> El ritmo circadiano puede alterarse, haciendo que conciliar el sue\u00f1o o mantenerlo sea m\u00e1s dif\u00edcil.<\/li>\n\n\n\n<li><strong>Incremento de la actividad metab\u00f3lica:<\/strong> El cuerpo trabaja m\u00e1s intensamente para sostener el embarazo, lo que puede aumentar la frecuencia de despertares nocturnos.<\/li>\n<\/ul>\n\n\n\n<h3 class=\"wp-block-heading has-large-font-size\">Molestias f\u00edsicas<\/h3>\n\n\n\n<ul>\n<li><strong>Necesidad frecuente de orinar:<\/strong> La presi\u00f3n del \u00fatero sobre la vejiga obliga a levantarse varias veces durante la noche.<\/li>\n\n\n\n<li><strong>Dolores de espalda y calambres:<\/strong> El aumento de peso y los cambios posturales generan incomodidad que interfiere con el descanso.<\/li>\n\n\n\n<li><strong>Acidez estomacal:<\/strong> Muy com\u00fan en el embarazo, especialmente al acostarse, dificultando conciliar el sue\u00f1o.<\/li>\n<\/ul>\n\n\n\n<h3 class=\"wp-block-heading has-large-font-size\">Factores emocionales en el embarazo<\/h3>\n\n\n\n<ul>\n<li><strong>Ansiedad por el futuro:<\/strong> Preocupaciones relacionadas con el parto, la salud del beb\u00e9 o los cambios en la vida personal aumentan los niveles de estr\u00e9s.<\/li>\n\n\n\n<li><strong>Cambios de humor:<\/strong> Las fluctuaciones hormonales impactan el estado emocional, provocando irritabilidad y preocupaci\u00f3n que mantienen la mente activa durante la noche.<\/li>\n<\/ul>\n\n\n\n<p>Estos factores se combinan de manera \u00fanica en cada mujer, haciendo que el <strong>embarazo insomnio<\/strong> sea una experiencia variable. Para muchas, las dificultades para dormir aparecen en el primer trimestre; para otras, se intensifican en el tercer trimestre debido al crecimiento del beb\u00e9 y al aumento de molestias f\u00edsicas.<\/p>\n\n\n\n<p>Entender que estas dificultades son normales \u2014y en muchos casos, transitorias\u2014 ayuda a disminuir la angustia y a buscar soluciones adaptadas a cada etapa del embarazo.<\/p>\n\n\n\n<h2 class=\"wp-block-heading has-x-large-font-size\">Principales s\u00edntomas de insomnio en el embarazo<\/h2>\n\n\n\n<figure class=\"wp-block-image size-full\"><img loading=\"lazy\" decoding=\"async\" width=\"1279\" height=\"853\" src=\"https:\/\/fonasa.mindy.cl\/blog\/wp-content\/uploads\/2026\/04\/pexels-cottonbro-6941119-1.jpg\" alt=\"insomnio en el embarazo\" class=\"wp-image-2053\"\/><\/figure>\n\n\n\n<p>La <strong><a href=\"https:\/\/fonasa.mindy.cl\/blog\/ansiedad-e-insomnio-en-el-embarazo\/\">ansiedad e insomnio en el embarazo<\/a><\/strong> no siempre se manifiesta de la misma forma en todas las mujeres. Los s\u00edntomas pueden variar en intensidad y frecuencia seg\u00fan el trimestre y las condiciones individuales. Sin embargo, existen algunos signos comunes que indican la presencia de un trastorno del sue\u00f1o durante esta etapa tan especial.<\/p>\n\n\n\n<h3 class=\"wp-block-heading has-large-font-size\">Dificultad para conciliar el sue\u00f1o<\/h3>\n\n\n\n<p>Uno de los primeros s\u00edntomas del <strong>embarazo insomnio<\/strong> es tardar mucho tiempo en quedarse dormida. A pesar del cansancio f\u00edsico caracter\u00edstico del embarazo, la mente permanece activa:<\/p>\n\n\n\n<ul>\n<li>Pensamientos recurrentes sobre el futuro.<\/li>\n\n\n\n<li>Preocupaciones por el bienestar del beb\u00e9.<\/li>\n\n\n\n<li>Sensaci\u00f3n de incomodidad f\u00edsica que impide encontrar una posici\u00f3n adecuada.<\/li>\n<\/ul>\n\n\n\n<p>La combinaci\u00f3n de factores f\u00edsicos y emocionales hace que el inicio del sue\u00f1o se vuelva lento y frustrante.<\/p>\n\n\n\n<h3 class=\"wp-block-heading has-large-font-size\">Despertares frecuentes durante la noche<\/h3>\n\n\n\n<p>No solo cuesta quedarse dormida. Muchas mujeres embarazadas se despiertan varias veces a lo largo de la noche debido a:<\/p>\n\n\n\n<ul>\n<li>Necesidad de orinar frecuentemente.<\/li>\n\n\n\n<li>Dolor lumbar o calambres en las piernas.<\/li>\n\n\n\n<li>Movimientos del beb\u00e9, especialmente en el tercer trimestre.<\/li>\n<\/ul>\n\n\n\n<p>Cada despertar fragmenta el ciclo de sue\u00f1o profundo, reduciendo la sensaci\u00f3n de descanso al d\u00eda siguiente.<\/p>\n\n\n\n<h3 class=\"wp-block-heading has-large-font-size\">Sue\u00f1o ligero o no reparador<\/h3>\n\n\n\n<p>Incluso si se duerme varias horas, muchas mujeres reportan sentir que su sue\u00f1o es superficial. El <strong>embarazo insomnio<\/strong> se caracteriza tambi\u00e9n por:<\/p>\n\n\n\n<ul>\n<li>Sensaci\u00f3n de no haber descansado al despertar.<\/li>\n\n\n\n<li>Dificultad para alcanzar las fases m\u00e1s profundas del sue\u00f1o, necesarias para la regeneraci\u00f3n f\u00edsica y mental.<\/li>\n<\/ul>\n\n\n\n<p>El cuerpo, que necesita m\u00e1s descanso que nunca, no logra recuperarse adecuadamente, generando fatiga acumulada.<\/p>\n\n\n\n<h3 class=\"wp-block-heading has-large-font-size\">Somnolencia diurna excesiva<\/h3>\n\n\n\n<p>La falta de sue\u00f1o nocturno provoca un aumento de la somnolencia durante el d\u00eda. Esto puede manifestarse como:<\/p>\n\n\n\n<ul>\n<li>Cansancio extremo.<\/li>\n\n\n\n<li>Bajos niveles de energ\u00eda.<\/li>\n\n\n\n<li>Dificultad para concentrarse o realizar actividades cotidianas.<\/li>\n<\/ul>\n\n\n\n<p>La somnolencia diurna constante puede afectar la productividad, el estado de \u00e1nimo y las relaciones sociales.<\/p>\n\n\n\n<h3 class=\"wp-block-heading has-large-font-size\">Irritabilidad y cambios de humor<\/h3>\n\n\n\n<p>Cuando el descanso se ve comprometido de manera repetida, las emociones se desregulan con mayor facilidad. El <strong>embarazo insomnio<\/strong> puede potenciar:<\/p>\n\n\n\n<ul>\n<li>Irritabilidad ante situaciones menores.<\/li>\n\n\n\n<li>Mayor sensibilidad emocional.<\/li>\n\n\n\n<li>Episodios de ansiedad o tristeza.<\/li>\n<\/ul>\n\n\n\n<p>Dormir bien es vital para mantener el equilibrio emocional, especialmente durante un per\u00edodo de tantos cambios como es el embarazo.<\/p>\n\n\n\n<h2 class=\"wp-block-heading has-x-large-font-size\">Consecuencias del insomnio durante el embarazo<\/h2>\n\n\n\n<figure class=\"wp-block-image size-full\"><img loading=\"lazy\" decoding=\"async\" width=\"1280\" height=\"854\" src=\"https:\/\/fonasa.mindy.cl\/blog\/wp-content\/uploads\/2026\/04\/pexels-eduardo199o9-178988127-35804937-1.jpg\" alt=\"insomnio en el embarazo\" class=\"wp-image-2054\"\/><\/figure>\n\n\n\n<p>El <strong>embarazo insomnio<\/strong> no solo afecta la calidad del sue\u00f1o. Si no se maneja adecuadamente, puede tener consecuencias importantes tanto para la madre como para el desarrollo del beb\u00e9. Comprender estos riesgos ayuda a tomar conciencia de la importancia de tratar el problema a tiempo.<\/p>\n\n\n\n<h3 class=\"wp-block-heading has-large-font-size\">Efectos en la madre<\/h3>\n\n\n\n<ul>\n<li><strong>Fatiga extrema:<\/strong> La falta de descanso adecuado disminuye la energ\u00eda, haciendo que las tareas cotidianas resulten mucho m\u00e1s agotadoras.<\/li>\n\n\n\n<li><strong>Estr\u00e9s y ansiedad incrementados:<\/strong> Dormir mal amplifica las preocupaciones normales del embarazo, generando un ciclo de tensi\u00f3n dif\u00edcil de romper.<\/li>\n\n\n\n<li><strong>Riesgo de hipertensi\u00f3n gestacional:<\/strong> Estudios muestran que el insomnio persistente puede aumentar el riesgo de desarrollar presi\u00f3n arterial alta durante el embarazo.<\/li>\n\n\n\n<li><strong>Mayor susceptibilidad a infecciones:<\/strong> Un sistema inmunol\u00f3gico debilitado por la falta de sue\u00f1o reduce la capacidad del cuerpo para protegerse de enfermedades.<\/li>\n\n\n\n<li><strong>Problemas de memoria y concentraci\u00f3n:<\/strong> La fragmentaci\u00f3n del sue\u00f1o impacta directamente en las funciones cognitivas, afectando la atenci\u00f3n y la capacidad de recordar informaci\u00f3n.<\/li>\n<\/ul>\n\n\n\n<p>La suma de estos factores compromete el bienestar f\u00edsico y emocional de la futura madre, aumentando la vulnerabilidad a otras complicaciones.<\/p>\n\n\n\n<h3 class=\"wp-block-heading has-large-font-size\">Impacto en el desarrollo fetal<\/h3>\n\n\n\n<ul>\n<li><strong>Alteraciones en el crecimiento del beb\u00e9:<\/strong> Aunque todav\u00eda se estudia el mecanismo exacto, la mala calidad del sue\u00f1o materno podr\u00eda afectar el desarrollo fetal.<\/li>\n\n\n\n<li><strong>Mayor riesgo de parto prematuro:<\/strong> El estr\u00e9s prolongado asociado al insomnio puede incrementar las probabilidades de un nacimiento antes de t\u00e9rmino.<\/li>\n\n\n\n<li><strong>Complicaciones en el parto:<\/strong> Mujeres que padecen insomnio severo tienen un riesgo m\u00e1s alto de necesitar intervenciones m\u00e9dicas durante el parto, como ces\u00e1reas.<\/li>\n<\/ul>\n\n\n\n<p>Dormir bien no solo es fundamental para la salud materna, sino tambi\u00e9n para garantizar un entorno intrauterino \u00f3ptimo que favorezca el desarrollo saludable del beb\u00e9.<\/p>\n\n\n\n<h3 class=\"wp-block-heading has-large-font-size\">Consecuencias emocionales<\/h3>\n\n\n\n<ul>\n<li><strong>Desregulaci\u00f3n emocional:<\/strong> La falta de sue\u00f1o altera la capacidad para manejar las emociones, aumentando la irritabilidad, la tristeza o la ansiedad.<\/li>\n\n\n\n<li><strong>Dificultad para adaptarse a los cambios:<\/strong> El embarazo implica adaptaciones f\u00edsicas y psicol\u00f3gicas constantes. Sin el soporte de un buen descanso, estas adaptaciones se vuelven mucho m\u00e1s desafiantes.<\/li>\n<\/ul>\n\n\n\n<p>Una <strong>noche de insomnio ocasional<\/strong> puede ser manejable, pero cuando el insomnio se vuelve cr\u00f3nico durante el embarazo, los riesgos para la madre y el beb\u00e9 aumentan considerablemente. Por eso, abordar el <strong>embarazo insomnio<\/strong> de manera oportuna no es un lujo: es una necesidad de salud integral.<\/p>\n\n\n\n<h2 class=\"wp-block-heading has-x-large-font-size\">C\u00f3mo manejar el embarazo insomnio de forma natural<\/h2>\n\n\n\n<figure class=\"wp-block-image size-full\"><img loading=\"lazy\" decoding=\"async\" width=\"1280\" height=\"997\" src=\"https:\/\/fonasa.mindy.cl\/blog\/wp-content\/uploads\/2026\/04\/pexels-normanmilwood-17507426.jpg\" alt=\"insomnio en el embarazo\" class=\"wp-image-2055\"\/><\/figure>\n\n\n\n<p>Combatir el <strong>embarazo insomnio<\/strong> no siempre requiere medicamentos. De hecho, durante el embarazo se recomienda priorizar soluciones naturales y seguras que mejoren el sue\u00f1o sin afectar al beb\u00e9. Implementar cambios en la rutina y adoptar nuevas estrategias puede marcar una gran diferencia.<\/p>\n\n\n\n<h3 class=\"wp-block-heading has-large-font-size\">Mejorar la higiene del sue\u00f1o<\/h3>\n\n\n\n<p>Aplicar reglas b\u00e1sicas de higiene del sue\u00f1o es fundamental para facilitar el descanso:<\/p>\n\n\n\n<ul>\n<li><strong>Establecer horarios regulares:<\/strong> Acostarse y levantarse siempre a la misma hora, incluso los fines de semana.<\/li>\n\n\n\n<li><strong>Crear un ritual de relajaci\u00f3n antes de dormir:<\/strong> Tomar un ba\u00f1o tibio, practicar ejercicios de respiraci\u00f3n o leer un libro relajante ayuda a preparar el cuerpo para el sue\u00f1o.<\/li>\n\n\n\n<li><strong>Evitar la exposici\u00f3n a pantallas electr\u00f3nicas:<\/strong> La luz azul de celulares, tabletas y televisores interfiere con la producci\u00f3n natural de melatonina.<\/li>\n<\/ul>\n\n\n\n<p>Estas pr\u00e1cticas fortalecen el reloj biol\u00f3gico y reducen las probabilidades de sufrir <strong>embarazo insomnio<\/strong>.<\/p>\n\n\n\n<h3 class=\"wp-block-heading has-large-font-size\">Adaptar la posici\u00f3n para dormir<\/h3>\n\n\n\n<p>A medida que avanza el embarazo, encontrar una posici\u00f3n c\u00f3moda se vuelve m\u00e1s dif\u00edcil. Para mejorar el descanso:<\/p>\n\n\n\n<ul>\n<li><strong>Dormir de lado, preferentemente sobre el lado izquierdo:<\/strong> Esta postura mejora la circulaci\u00f3n sangu\u00ednea hacia el \u00fatero y los ri\u00f1ones.<\/li>\n\n\n\n<li><strong>Usar almohadas de apoyo:<\/strong> Colocar una almohada entre las piernas o debajo del vientre ayuda a aliviar la presi\u00f3n lumbar y abdominal.<\/li>\n\n\n\n<li><strong>Elevar ligeramente la parte superior del cuerpo:<\/strong> En casos de acidez estomacal, dormir semi-incorporada puede ser muy \u00fatil.<\/li>\n<\/ul>\n\n\n\n<p>Una posici\u00f3n adecuada facilita la respiraci\u00f3n, alivia las molestias f\u00edsicas y favorece un sue\u00f1o m\u00e1s profundo.<\/p>\n\n\n\n<h3 class=\"wp-block-heading has-large-font-size\">Cuidar la alimentaci\u00f3n<\/h3>\n\n\n\n<p>Lo que se consume antes de dormir tambi\u00e9n influye en el descanso:<\/p>\n\n\n\n<ul>\n<li><strong>Evitar comidas copiosas o pesadas en la noche:<\/strong> Una digesti\u00f3n lenta dificulta conciliar el sue\u00f1o.<\/li>\n\n\n\n<li><strong>Limitar la cafe\u00edna:<\/strong> Reducir o eliminar caf\u00e9, t\u00e9, chocolate y bebidas energ\u00e9ticas durante la tarde y noche.<\/li>\n\n\n\n<li><strong>Incluir alimentos ricos en tript\u00f3fano:<\/strong> Productos como el pl\u00e1tano, la avena o el yogur natural ayudan a producir serotonina y melatonina.<\/li>\n<\/ul>\n\n\n\n<p>Una nutrici\u00f3n adecuada no solo mejora el sue\u00f1o, sino tambi\u00e9n el bienestar general durante el embarazo.<\/p>\n\n\n\n<h3 class=\"wp-block-heading has-large-font-size\">T\u00e9cnicas de relajaci\u00f3n espec\u00edficas<\/h3>\n\n\n\n<p>Practicar m\u00e9todos de relajaci\u00f3n puede ser muy efectivo para combatir el <strong>embarazo insomnio<\/strong>:<\/p>\n\n\n\n<ul>\n<li><strong>Respiraci\u00f3n profunda:<\/strong> Respirar de manera lenta y controlada disminuye la frecuencia card\u00edaca y relaja el cuerpo.<\/li>\n\n\n\n<li><strong>Meditaci\u00f3n guiada o mindfulness:<\/strong> Ayudan a calmar la mente y a liberar preocupaciones antes de dormir.<\/li>\n\n\n\n<li><strong>Yoga prenatal:<\/strong> Ejercicios suaves de estiramiento y relajaci\u00f3n adecuados para embarazadas.<\/li>\n<\/ul>\n\n\n\n<p>Incorporar t\u00e9cnicas de relajaci\u00f3n a la rutina diaria no solo facilita el sue\u00f1o, sino que tambi\u00e9n mejora la experiencia general del embarazo.<\/p>\n\n\n\n<h2 class=\"wp-block-heading has-x-large-font-size\">Cu\u00e1ndo consultar a un profesional por embarazo insomnio<\/h2>\n\n\n\n<p>Aunque muchos casos de <strong>embarazo insomnio<\/strong> pueden manejarse con cambios en el estilo de vida, hay situaciones en las que es fundamental buscar ayuda m\u00e9dica. No todo el insomnio es benigno, y prolongar el problema sin tratamiento adecuado puede afectar tanto a la madre como al beb\u00e9.<\/p>\n\n\n\n<h3 class=\"wp-block-heading has-large-font-size\">Se\u00f1ales de alerta que requieren atenci\u00f3n m\u00e9dica<\/h3>\n\n\n\n<p>Debes consultar a un profesional si:<\/p>\n\n\n\n<ul>\n<li><strong>El insomnio persiste m\u00e1s de cuatro semanas<\/strong>, a pesar de intentar soluciones naturales.<\/li>\n\n\n\n<li><strong>El cansancio diario interfiere en tus actividades normales<\/strong>, afectando tu desempe\u00f1o laboral o personal.<\/li>\n\n\n\n<li><strong>Experimentas ansiedad severa o s\u00edntomas depresivos<\/strong> asociados a la falta de sue\u00f1o.<\/li>\n\n\n\n<li><strong>Presentas s\u00edntomas f\u00edsicos preocupantes<\/strong>, como hipertensi\u00f3n, palpitaciones o dificultad respiratoria nocturna.<\/li>\n<\/ul>\n\n\n\n<p>El insomnio cr\u00f3nico puede ser un s\u00edntoma de problemas de salud subyacentes que requieren un diagn\u00f3stico y tratamiento especializado.<\/p>\n\n\n\n<h2 class=\"wp-block-heading has-x-large-font-size\">Tratamientos m\u00e9dicos seguros durante el embarazo<\/h2>\n\n\n\n<p>Cuando las medidas naturales no son suficientes, el m\u00e9dico puede considerar otras opciones:<\/p>\n\n\n\n<ul>\n<li><strong>Terapia cognitivo-conductual para el insomnio (TCC-I):<\/strong> Una terapia psicol\u00f3gica no farmacol\u00f3gica que ha demostrado ser muy efectiva en mujeres embarazadas.<\/li>\n\n\n\n<li><strong>Recomendaci\u00f3n de t\u00e9cnicas espec\u00edficas de relajaci\u00f3n profunda:<\/strong> Adaptadas a las necesidades de la paciente.<\/li>\n\n\n\n<li><strong>Uso puntual de suplementos como melatonina:<\/strong> Solo bajo indicaci\u00f3n m\u00e9dica, ya que no todos los suplementos son seguros durante el embarazo.<\/li>\n<\/ul>\n\n\n\n<p>El tratamiento siempre ser\u00e1 individualizado, buscando un equilibrio entre mejorar el descanso de la madre y proteger la salud fetal.<\/p>\n\n\n\n<h3 class=\"wp-block-heading has-large-font-size\">Importancia del seguimiento m\u00e9dico<\/h3>\n\n\n\n<p>Una vez iniciado un tratamiento, es crucial:<\/p>\n\n\n\n<ul>\n<li><strong>Monitorear la evoluci\u00f3n del sue\u00f1o.<\/strong><\/li>\n\n\n\n<li><strong>Ajustar las estrategias seg\u00fan el avance del embarazo.<\/strong><\/li>\n\n\n\n<li><strong>Mantener un acompa\u00f1amiento emocional y m\u00e9dico constante.<\/strong><\/li>\n<\/ul>\n\n\n\n<p>El <strong>embarazo insomnio<\/strong> no debe tomarse a la ligera. Atenderlo con el apoyo de profesionales mejora la experiencia del embarazo y prepara mejor a la madre para el momento del parto y el cuidado del reci\u00e9n nacido.<\/p>\n\n\n\n<p>Conoce m\u00e1s sobre la atenci\u00f3n psicol\u00f3gica online para embarazadas en <strong><strong><a href=\"http:\/\/fonasa.mindy.cl\">Fonasa Mindy<\/a><\/strong><\/strong> y explora los perfiles de profesionales especializados en salud mental perinatal en <strong><a href=\"http:\/\/mindy.cl\">Mindy<\/a><\/strong>.<\/p>\n\n\n\n<p>Porque tu bienestar emocional no es un lujo pospuesto para despu\u00e9s del parto. Es una necesidad presente que merece ser atendida ahora. Por ti. tu beb\u00e9. y la maternidad que quieres construir.<\/p>\n\n\n\n<h2 class=\"wp-block-heading has-x-large-font-size\">Encuentra la terapia para la ansiedad adecuada para ti con este breve test<\/h2>\n\n\n\n<p>No todos los procesos terap\u00e9uticos son iguales. Para recibir la atenci\u00f3n que realmente necesitas, es fundamental evaluar tu estado actual. Te invitamos a completar nuestro <strong>diagn\u00f3stico preliminar de ansiedad<\/strong> para orientar tu b\u00fasqueda de apoyo psicol\u00f3gico de manera efectiva y accesible. <\/p>\n\n\n\n<p>\ud83d\udc49 <a href=\"https:\/\/form.typeform.com\/to\/nF2A9qZT\" target=\"_blank\" rel=\"noreferrer noopener\"><strong>Accede al Quiz aqu\u00ed<\/strong><\/a><\/p>\n","protected":false},"excerpt":{"rendered":"<p>l insomnio durante el embarazo es com\u00fan y puede afectar el bienestar de la madre y el beb\u00e9. Aprende sus causas, s\u00edntomas y estrategias naturales para recuperar un sue\u00f1o saludable.<\/p>\n","protected":false},"author":2,"featured_media":458,"comment_status":"open","ping_status":"open","sticky":false,"template":"","format":"standard","meta":{"footnotes":""},"categories":[274],"tags":[],"yoast_head":"<!-- This site is optimized with the Yoast SEO plugin v23.0 - https:\/\/yoast.com\/wordpress\/plugins\/seo\/ -->\n<title>Embarazo e Insomnio: Causas, S\u00edntomas y Soluciones Naturales<\/title>\n<meta name=\"description\" content=\"Conoce por qu\u00e9 el insomnio es frecuente en el embarazo, sus s\u00edntomas y c\u00f3mo manejarlo de forma natural para proteger tu salud y la del beb\u00e9.\" \/>\n<meta name=\"robots\" content=\"index, follow, max-snippet:-1, max-image-preview:large, max-video-preview:-1\" \/>\n<link rel=\"canonical\" href=\"https:\/\/fonasa.mindy.cl\/blog\/embarazo-insomnio\/\" \/>\n<meta property=\"og:locale\" content=\"es_ES\" \/>\n<meta property=\"og:type\" content=\"article\" \/>\n<meta property=\"og:title\" content=\"Embarazo e Insomnio: Causas, S\u00edntomas y Soluciones Naturales\" \/>\n<meta property=\"og:description\" content=\"Conoce por qu\u00e9 el insomnio es frecuente en el embarazo, sus s\u00edntomas y c\u00f3mo manejarlo de forma natural para proteger tu salud y la del beb\u00e9.\" \/>\n<meta property=\"og:url\" content=\"https:\/\/fonasa.mindy.cl\/blog\/embarazo-insomnio\/\" \/>\n<meta property=\"og:site_name\" content=\"Mindy Fonasa Blog\" \/>\n<meta property=\"article:published_time\" content=\"2025-04-28T22:51:47+00:00\" \/>\n<meta property=\"article:modified_time\" content=\"2026-04-22T20:12:05+00:00\" \/>\n<meta property=\"og:image\" content=\"https:\/\/fonasa.mindy.cl\/blog\/wp-content\/uploads\/2025\/04\/enmbarazo-insomnio.png\" \/>\n\t<meta property=\"og:image:width\" content=\"1536\" \/>\n\t<meta property=\"og:image:height\" content=\"1024\" \/>\n\t<meta property=\"og:image:type\" content=\"image\/png\" \/>\n<meta name=\"author\" content=\"reinaldo@mindy.cl\" \/>\n<meta name=\"twitter:card\" content=\"summary_large_image\" \/>\n<meta name=\"twitter:label1\" content=\"Written by\" \/>\n\t<meta name=\"twitter:data1\" content=\"reinaldo@mindy.cl\" \/>\n\t<meta name=\"twitter:label2\" content=\"Est. reading time\" \/>\n\t<meta name=\"twitter:data2\" content=\"11 minutos\" \/>\n<script type=\"application\/ld+json\" class=\"yoast-schema-graph\">{\"@context\":\"https:\/\/schema.org\",\"@graph\":[{\"@type\":\"Article\",\"@id\":\"https:\/\/fonasa.mindy.cl\/blog\/embarazo-insomnio\/#article\",\"isPartOf\":{\"@id\":\"https:\/\/fonasa.mindy.cl\/blog\/embarazo-insomnio\/\"},\"author\":{\"name\":\"reinaldo@mindy.cl\",\"@id\":\"https:\/\/fonasa.mindy.cl\/blog\/#\/schema\/person\/6b2fdf85e03858572a636b7b9ce17d81\"},\"headline\":\"Embarazo e Insomnio: Causas, S\u00edntomas y Soluciones Naturales\",\"datePublished\":\"2025-04-28T22:51:47+00:00\",\"dateModified\":\"2026-04-22T20:12:05+00:00\",\"mainEntityOfPage\":{\"@id\":\"https:\/\/fonasa.mindy.cl\/blog\/embarazo-insomnio\/\"},\"wordCount\":2211,\"commentCount\":50,\"publisher\":{\"@id\":\"https:\/\/fonasa.mindy.cl\/blog\/#organization\"},\"image\":{\"@id\":\"https:\/\/fonasa.mindy.cl\/blog\/embarazo-insomnio\/#primaryimage\"},\"thumbnailUrl\":\"https:\/\/fonasa.mindy.cl\/blog\/wp-content\/uploads\/2025\/04\/enmbarazo-insomnio.png\",\"articleSection\":[\"Ansiedad\"],\"inLanguage\":\"es-CL\",\"potentialAction\":[{\"@type\":\"CommentAction\",\"name\":\"Comment\",\"target\":[\"https:\/\/fonasa.mindy.cl\/blog\/embarazo-insomnio\/#respond\"]}]},{\"@type\":\"WebPage\",\"@id\":\"https:\/\/fonasa.mindy.cl\/blog\/embarazo-insomnio\/\",\"url\":\"https:\/\/fonasa.mindy.cl\/blog\/embarazo-insomnio\/\",\"name\":\"Embarazo e Insomnio: Causas, S\u00edntomas y Soluciones Naturales\",\"isPartOf\":{\"@id\":\"https:\/\/fonasa.mindy.cl\/blog\/#website\"},\"primaryImageOfPage\":{\"@id\":\"https:\/\/fonasa.mindy.cl\/blog\/embarazo-insomnio\/#primaryimage\"},\"image\":{\"@id\":\"https:\/\/fonasa.mindy.cl\/blog\/embarazo-insomnio\/#primaryimage\"},\"thumbnailUrl\":\"https:\/\/fonasa.mindy.cl\/blog\/wp-content\/uploads\/2025\/04\/enmbarazo-insomnio.png\",\"datePublished\":\"2025-04-28T22:51:47+00:00\",\"dateModified\":\"2026-04-22T20:12:05+00:00\",\"description\":\"Conoce por qu\u00e9 el insomnio es frecuente en el embarazo, sus s\u00edntomas y c\u00f3mo manejarlo de forma natural para proteger tu salud y la del beb\u00e9.\",\"breadcrumb\":{\"@id\":\"https:\/\/fonasa.mindy.cl\/blog\/embarazo-insomnio\/#breadcrumb\"},\"inLanguage\":\"es-CL\",\"potentialAction\":[{\"@type\":\"ReadAction\",\"target\":[\"https:\/\/fonasa.mindy.cl\/blog\/embarazo-insomnio\/\"]}]},{\"@type\":\"ImageObject\",\"inLanguage\":\"es-CL\",\"@id\":\"https:\/\/fonasa.mindy.cl\/blog\/embarazo-insomnio\/#primaryimage\",\"url\":\"https:\/\/fonasa.mindy.cl\/blog\/wp-content\/uploads\/2025\/04\/enmbarazo-insomnio.png\",\"contentUrl\":\"https:\/\/fonasa.mindy.cl\/blog\/wp-content\/uploads\/2025\/04\/enmbarazo-insomnio.png\",\"width\":1536,\"height\":1024,\"caption\":\"embarazo insomnio\"},{\"@type\":\"BreadcrumbList\",\"@id\":\"https:\/\/fonasa.mindy.cl\/blog\/embarazo-insomnio\/#breadcrumb\",\"itemListElement\":[{\"@type\":\"ListItem\",\"position\":1,\"name\":\"Home\",\"item\":\"https:\/\/fonasa.mindy.cl\/blog\/\"},{\"@type\":\"ListItem\",\"position\":2,\"name\":\"Embarazo e Insomnio: Causas, S\u00edntomas y Soluciones Naturales\"}]},{\"@type\":\"WebSite\",\"@id\":\"https:\/\/fonasa.mindy.cl\/blog\/#website\",\"url\":\"https:\/\/fonasa.mindy.cl\/blog\/\",\"name\":\"Mindy Fonasa Blog\",\"description\":\"Un blog de salud mental\",\"publisher\":{\"@id\":\"https:\/\/fonasa.mindy.cl\/blog\/#organization\"},\"potentialAction\":[{\"@type\":\"SearchAction\",\"target\":{\"@type\":\"EntryPoint\",\"urlTemplate\":\"https:\/\/fonasa.mindy.cl\/blog\/?s={search_term_string}\"},\"query-input\":\"required name=search_term_string\"}],\"inLanguage\":\"es-CL\"},{\"@type\":\"Organization\",\"@id\":\"https:\/\/fonasa.mindy.cl\/blog\/#organization\",\"name\":\"Mindy Fonasa Blog\",\"url\":\"https:\/\/fonasa.mindy.cl\/blog\/\",\"logo\":{\"@type\":\"ImageObject\",\"inLanguage\":\"es-CL\",\"@id\":\"https:\/\/fonasa.mindy.cl\/blog\/#\/schema\/logo\/image\/\",\"url\":\"https:\/\/fonasa.mindy.cl\/blog\/wp-content\/uploads\/2024\/07\/logo_cuadrado.png\",\"contentUrl\":\"https:\/\/fonasa.mindy.cl\/blog\/wp-content\/uploads\/2024\/07\/logo_cuadrado.png\",\"width\":300,\"height\":300,\"caption\":\"Mindy Fonasa Blog\"},\"image\":{\"@id\":\"https:\/\/fonasa.mindy.cl\/blog\/#\/schema\/logo\/image\/\"}},{\"@type\":\"Person\",\"@id\":\"https:\/\/fonasa.mindy.cl\/blog\/#\/schema\/person\/6b2fdf85e03858572a636b7b9ce17d81\",\"name\":\"reinaldo@mindy.cl\",\"url\":\"https:\/\/fonasa.mindy.cl\/blog\/author\/reinaldomindy-cl\/\"}]}<\/script>\n<!-- \/ Yoast SEO plugin. -->","yoast_head_json":{"title":"Embarazo e Insomnio: Causas, S\u00edntomas y Soluciones Naturales","description":"Conoce por qu\u00e9 el insomnio es frecuente en el embarazo, sus s\u00edntomas y c\u00f3mo manejarlo de forma natural para proteger tu salud y la del beb\u00e9.","robots":{"index":"index","follow":"follow","max-snippet":"max-snippet:-1","max-image-preview":"max-image-preview:large","max-video-preview":"max-video-preview:-1"},"canonical":"https:\/\/fonasa.mindy.cl\/blog\/embarazo-insomnio\/","og_locale":"es_ES","og_type":"article","og_title":"Embarazo e Insomnio: Causas, S\u00edntomas y Soluciones Naturales","og_description":"Conoce por qu\u00e9 el insomnio es frecuente en el embarazo, sus s\u00edntomas y c\u00f3mo manejarlo de forma natural para proteger tu salud y la del beb\u00e9.","og_url":"https:\/\/fonasa.mindy.cl\/blog\/embarazo-insomnio\/","og_site_name":"Mindy Fonasa Blog","article_published_time":"2025-04-28T22:51:47+00:00","article_modified_time":"2026-04-22T20:12:05+00:00","og_image":[{"width":1536,"height":1024,"url":"https:\/\/fonasa.mindy.cl\/blog\/wp-content\/uploads\/2025\/04\/enmbarazo-insomnio.png","type":"image\/png"}],"author":"reinaldo@mindy.cl","twitter_card":"summary_large_image","twitter_misc":{"Written by":"reinaldo@mindy.cl","Est. reading time":"11 minutos"},"schema":{"@context":"https:\/\/schema.org","@graph":[{"@type":"Article","@id":"https:\/\/fonasa.mindy.cl\/blog\/embarazo-insomnio\/#article","isPartOf":{"@id":"https:\/\/fonasa.mindy.cl\/blog\/embarazo-insomnio\/"},"author":{"name":"reinaldo@mindy.cl","@id":"https:\/\/fonasa.mindy.cl\/blog\/#\/schema\/person\/6b2fdf85e03858572a636b7b9ce17d81"},"headline":"Embarazo e Insomnio: Causas, S\u00edntomas y Soluciones Naturales","datePublished":"2025-04-28T22:51:47+00:00","dateModified":"2026-04-22T20:12:05+00:00","mainEntityOfPage":{"@id":"https:\/\/fonasa.mindy.cl\/blog\/embarazo-insomnio\/"},"wordCount":2211,"commentCount":50,"publisher":{"@id":"https:\/\/fonasa.mindy.cl\/blog\/#organization"},"image":{"@id":"https:\/\/fonasa.mindy.cl\/blog\/embarazo-insomnio\/#primaryimage"},"thumbnailUrl":"https:\/\/fonasa.mindy.cl\/blog\/wp-content\/uploads\/2025\/04\/enmbarazo-insomnio.png","articleSection":["Ansiedad"],"inLanguage":"es-CL","potentialAction":[{"@type":"CommentAction","name":"Comment","target":["https:\/\/fonasa.mindy.cl\/blog\/embarazo-insomnio\/#respond"]}]},{"@type":"WebPage","@id":"https:\/\/fonasa.mindy.cl\/blog\/embarazo-insomnio\/","url":"https:\/\/fonasa.mindy.cl\/blog\/embarazo-insomnio\/","name":"Embarazo e Insomnio: Causas, S\u00edntomas y Soluciones Naturales","isPartOf":{"@id":"https:\/\/fonasa.mindy.cl\/blog\/#website"},"primaryImageOfPage":{"@id":"https:\/\/fonasa.mindy.cl\/blog\/embarazo-insomnio\/#primaryimage"},"image":{"@id":"https:\/\/fonasa.mindy.cl\/blog\/embarazo-insomnio\/#primaryimage"},"thumbnailUrl":"https:\/\/fonasa.mindy.cl\/blog\/wp-content\/uploads\/2025\/04\/enmbarazo-insomnio.png","datePublished":"2025-04-28T22:51:47+00:00","dateModified":"2026-04-22T20:12:05+00:00","description":"Conoce por qu\u00e9 el insomnio es frecuente en el embarazo, sus s\u00edntomas y c\u00f3mo manejarlo de forma natural para proteger tu salud y la del beb\u00e9.","breadcrumb":{"@id":"https:\/\/fonasa.mindy.cl\/blog\/embarazo-insomnio\/#breadcrumb"},"inLanguage":"es-CL","potentialAction":[{"@type":"ReadAction","target":["https:\/\/fonasa.mindy.cl\/blog\/embarazo-insomnio\/"]}]},{"@type":"ImageObject","inLanguage":"es-CL","@id":"https:\/\/fonasa.mindy.cl\/blog\/embarazo-insomnio\/#primaryimage","url":"https:\/\/fonasa.mindy.cl\/blog\/wp-content\/uploads\/2025\/04\/enmbarazo-insomnio.png","contentUrl":"https:\/\/fonasa.mindy.cl\/blog\/wp-content\/uploads\/2025\/04\/enmbarazo-insomnio.png","width":1536,"height":1024,"caption":"embarazo insomnio"},{"@type":"BreadcrumbList","@id":"https:\/\/fonasa.mindy.cl\/blog\/embarazo-insomnio\/#breadcrumb","itemListElement":[{"@type":"ListItem","position":1,"name":"Home","item":"https:\/\/fonasa.mindy.cl\/blog\/"},{"@type":"ListItem","position":2,"name":"Embarazo e Insomnio: Causas, S\u00edntomas y Soluciones Naturales"}]},{"@type":"WebSite","@id":"https:\/\/fonasa.mindy.cl\/blog\/#website","url":"https:\/\/fonasa.mindy.cl\/blog\/","name":"Mindy Fonasa Blog","description":"Un blog de salud mental","publisher":{"@id":"https:\/\/fonasa.mindy.cl\/blog\/#organization"},"potentialAction":[{"@type":"SearchAction","target":{"@type":"EntryPoint","urlTemplate":"https:\/\/fonasa.mindy.cl\/blog\/?s={search_term_string}"},"query-input":"required name=search_term_string"}],"inLanguage":"es-CL"},{"@type":"Organization","@id":"https:\/\/fonasa.mindy.cl\/blog\/#organization","name":"Mindy Fonasa Blog","url":"https:\/\/fonasa.mindy.cl\/blog\/","logo":{"@type":"ImageObject","inLanguage":"es-CL","@id":"https:\/\/fonasa.mindy.cl\/blog\/#\/schema\/logo\/image\/","url":"https:\/\/fonasa.mindy.cl\/blog\/wp-content\/uploads\/2024\/07\/logo_cuadrado.png","contentUrl":"https:\/\/fonasa.mindy.cl\/blog\/wp-content\/uploads\/2024\/07\/logo_cuadrado.png","width":300,"height":300,"caption":"Mindy Fonasa Blog"},"image":{"@id":"https:\/\/fonasa.mindy.cl\/blog\/#\/schema\/logo\/image\/"}},{"@type":"Person","@id":"https:\/\/fonasa.mindy.cl\/blog\/#\/schema\/person\/6b2fdf85e03858572a636b7b9ce17d81","name":"reinaldo@mindy.cl","url":"https:\/\/fonasa.mindy.cl\/blog\/author\/reinaldomindy-cl\/"}]}},"_links":{"self":[{"href":"https:\/\/fonasa.mindy.cl\/blog\/wp-json\/wp\/v2\/posts\/457"}],"collection":[{"href":"https:\/\/fonasa.mindy.cl\/blog\/wp-json\/wp\/v2\/posts"}],"about":[{"href":"https:\/\/fonasa.mindy.cl\/blog\/wp-json\/wp\/v2\/types\/post"}],"author":[{"embeddable":true,"href":"https:\/\/fonasa.mindy.cl\/blog\/wp-json\/wp\/v2\/users\/2"}],"replies":[{"embeddable":true,"href":"https:\/\/fonasa.mindy.cl\/blog\/wp-json\/wp\/v2\/comments?post=457"}],"version-history":[{"count":4,"href":"https:\/\/fonasa.mindy.cl\/blog\/wp-json\/wp\/v2\/posts\/457\/revisions"}],"predecessor-version":[{"id":2056,"href":"https:\/\/fonasa.mindy.cl\/blog\/wp-json\/wp\/v2\/posts\/457\/revisions\/2056"}],"wp:featuredmedia":[{"embeddable":true,"href":"https:\/\/fonasa.mindy.cl\/blog\/wp-json\/wp\/v2\/media\/458"}],"wp:attachment":[{"href":"https:\/\/fonasa.mindy.cl\/blog\/wp-json\/wp\/v2\/media?parent=457"}],"wp:term":[{"taxonomy":"category","embeddable":true,"href":"https:\/\/fonasa.mindy.cl\/blog\/wp-json\/wp\/v2\/categories?post=457"},{"taxonomy":"post_tag","embeddable":true,"href":"https:\/\/fonasa.mindy.cl\/blog\/wp-json\/wp\/v2\/tags?post=457"}],"curies":[{"name":"wp","href":"https:\/\/api.w.org\/{rel}","templated":true}]}}