{"id":447,"date":"2025-04-28T18:38:57","date_gmt":"2025-04-28T22:38:57","guid":{"rendered":"https:\/\/fonasa.mindy.cl\/blog\/?p=447"},"modified":"2026-03-25T12:46:17","modified_gmt":"2026-03-25T15:46:17","slug":"apneas-del-sueno","status":"publish","type":"post","link":"https:\/\/fonasa.mindy.cl\/blog\/apneas-del-sueno\/","title":{"rendered":"Apneas de Sue\u00f1o: Tipos, S\u00edntomas y Tratamientos"},"content":{"rendered":"\n<p><strong>Apneas de sue\u00f1o<\/strong> es el t\u00e9rmino que engloba varios trastornos respiratorios que interrumpen la respiraci\u00f3n durante el descanso nocturno. Estas interrupciones reducen los niveles de ox\u00edgeno en sangre, alteran la calidad del sue\u00f1o y pueden derivar en graves problemas de salud si no se tratan a tiempo.<\/p>\n\n\n\n<p>Las apneas de sue\u00f1o no son todas iguales. Existen distintos tipos, cada uno con caracter\u00edsticas espec\u00edficas. Identificar correctamente el tipo de apnea es clave para aplicar el tratamiento m\u00e1s adecuado y prevenir complicaciones a largo plazo.<\/p>\n\n\n\n<p>Dormir es un proceso vital para el cuerpo y la mente. Sin embargo, quienes padecen apneas de sue\u00f1o no logran alcanzar un descanso reparador. El resultado es fatiga constante, dificultad para concentrarse, cambios de humor y un mayor riesgo de enfermedades cardiovasculares, metab\u00f3licas y neurocognitivas.<\/p>\n\n\n\n<p>En este art\u00edculo conocer\u00e1s en profundidad qu\u00e9 son las <strong>apneas de sue\u00f1o<\/strong>, los tipos m\u00e1s comunes, sus s\u00edntomas principales y las <strong><a href=\"https:\/\/mindy.cl\">opciones de diagn\u00f3stico y tratamiento disponibles<\/a><\/strong> hoy en d\u00eda.<\/p>\n\n\n\n<h2 class=\"wp-block-heading has-x-large-font-size\">Tipos de apneas de sue\u00f1o<\/h2>\n\n\n\n<p>Existen tres tipos principales de <strong>apneas de sue\u00f1o<\/strong>, cada uno con caracter\u00edsticas y causas espec\u00edficas:<\/p>\n\n\n\n<figure class=\"wp-block-image aligncenter size-full\"><img loading=\"lazy\" decoding=\"async\" width=\"640\" height=\"427\" src=\"https:\/\/fonasa.mindy.cl\/blog\/wp-content\/uploads\/2026\/03\/pexels-olly-3807626.jpg\" alt=\"tipos de apneas del sue\u00f1o \" class=\"wp-image-1781\"\/><\/figure>\n\n\n\n<h3 class=\"wp-block-heading has-large-font-size\">1. Apnea obstructiva del sue\u00f1o (AOS)<\/h3>\n\n\n\n<p>Es la forma m\u00e1s com\u00fan de <strong>apneas de sue\u00f1o<\/strong>. Se produce cuando los m\u00fasculos de la garganta se relajan excesivamente, obstruyendo el flujo de aire hacia los pulmones.<\/p>\n\n\n\n<ul>\n<li>El s\u00edntoma principal es el ronquido fuerte e irregular.<\/li>\n\n\n\n<li>A menudo se acompa\u00f1a de jadeos o resoplidos al reanudar la respiraci\u00f3n.<\/li>\n\n\n\n<li>Est\u00e1 relacionada con factores como la obesidad, el consumo de alcohol y alteraciones anat\u00f3micas.<\/li>\n<\/ul>\n\n\n\n<h3 class=\"wp-block-heading has-large-font-size\">2. Apnea central del sue\u00f1o<\/h3>\n\n\n\n<p>En este tipo de <strong>apneas de sue\u00f1o<\/strong>, el problema no es f\u00edsico sino neurol\u00f3gico. El cerebro no env\u00eda las se\u00f1ales correctas a los m\u00fasculos responsables de la respiraci\u00f3n.<\/p>\n\n\n\n<ul>\n<li>No suele haber ronquidos intensos.<\/li>\n\n\n\n<li>Es m\u00e1s frecuente en personas con enfermedades card\u00edacas o neurol\u00f3gicas.<\/li>\n\n\n\n<li>Puede coexistir con la apnea obstructiva.<\/li>\n<\/ul>\n\n\n\n<h3 class=\"wp-block-heading has-large-font-size\">3. Apnea mixta o compleja<\/h3>\n\n\n\n<p>Es una combinaci\u00f3n de apnea obstructiva y apnea central. Generalmente:<\/p>\n\n\n\n<ul>\n<li>Comienza como una apnea obstructiva.<\/li>\n\n\n\n<li>Evoluciona en parte hacia un trastorno de control respiratorio.<\/li>\n\n\n\n<li>Requiere diagn\u00f3sticos m\u00e1s detallados y tratamientos combinados.<\/li>\n<\/ul>\n\n\n\n<p>Cada tipo de <strong>apneas de sue\u00f1o<\/strong> necesita una evaluaci\u00f3n espec\u00edfica para definir la estrategia terap\u00e9utica m\u00e1s adecuada.<\/p>\n\n\n\n<h2 class=\"wp-block-heading has-x-large-font-size\">S\u00edntomas comunes de las apneas de sue\u00f1o<\/h2>\n\n\n\n<p>Identificar los s\u00edntomas de las <strong>apneas de sue\u00f1o<\/strong> permite sospechar del trastorno y buscar atenci\u00f3n m\u00e9dica r\u00e1pidamente. Los signos pueden aparecer tanto de noche como durante el d\u00eda.<\/p>\n\n\n\n<h3 class=\"wp-block-heading has-large-font-size\">S\u00edntomas nocturnos<\/h3>\n\n\n\n<ul>\n<li><strong>Ronquidos fuertes y persistentes.<\/strong><\/li>\n\n\n\n<li><strong>Pausas respiratorias detectadas por otros.<\/strong><\/li>\n\n\n\n<li><strong>Despertares bruscos con sensaci\u00f3n de ahogo.<\/strong><\/li>\n\n\n\n<li><strong>Sue\u00f1o inquieto y poco profundo.<\/strong><\/li>\n\n\n\n<li><strong>Boca seca o dolor de garganta al despertar.<\/strong><\/li>\n<\/ul>\n\n\n\n<h3 class=\"wp-block-heading has-large-font-size\">S\u00edntomas diurnos<\/h3>\n\n\n\n<ul>\n<li><strong>Somnolencia excesiva durante el d\u00eda.<\/strong><\/li>\n\n\n\n<li><strong>Fatiga constante, incluso despu\u00e9s de dormir varias horas.<\/strong><\/li>\n\n\n\n<li><strong>Dificultades de concentraci\u00f3n y p\u00e9rdida de memoria.<\/strong><\/li>\n\n\n\n<li><strong>Irritabilidad y cambios de humor.<\/strong><\/li>\n\n\n\n<li><strong>Dolores de cabeza matutinos.<\/strong><\/li>\n<\/ul>\n\n\n\n<p>No todas las personas presentan todos los s\u00edntomas de <strong>apneas de sue\u00f1o<\/strong>, pero la presencia de varios de ellos debe motivar una consulta m\u00e9dica especializada.<\/p>\n\n\n\n<h2 class=\"wp-block-heading has-x-large-font-size\">Riesgos de no tratar las apneas de sue\u00f1o<\/h2>\n\n\n\n<p>Las <strong>apneas de sue\u00f1o<\/strong> no tratadas incrementan el riesgo de desarrollar enfermedades graves. Ignorar el problema puede llevar a complicaciones como:<\/p>\n\n\n\n<h3 class=\"wp-block-heading has-large-font-size\">Problemas cardiovasculares<\/h3>\n\n\n\n<ul>\n<li>Hipertensi\u00f3n arterial resistente a medicamentos.<\/li>\n\n\n\n<li>Arritmias card\u00edacas.<\/li>\n\n\n\n<li>Infartos de miocardio.<\/li>\n\n\n\n<li>Accidentes cerebrovasculares.<\/li>\n<\/ul>\n\n\n\n<h3 class=\"wp-block-heading has-large-font-size\">Alteraciones metab\u00f3licas<\/h3>\n\n\n\n<ul>\n<li>Resistencia a la insulina.<\/li>\n\n\n\n<li>Diabetes tipo 2 mal controlada.<\/li>\n\n\n\n<li>Obesidad dif\u00edcil de tratar.<\/li>\n<\/ul>\n\n\n\n<h3 class=\"wp-block-heading has-large-font-size\">Trastornos neurocognitivos<\/h3>\n\n\n\n<ul>\n<li>D\u00e9ficit de atenci\u00f3n y problemas de memoria.<\/li>\n\n\n\n<li>Depresi\u00f3n y ansiedad severa.<\/li>\n\n\n\n<li>Mayor riesgo de accidentes laborales y de tr\u00e1fico.<\/li>\n<\/ul>\n\n\n\n<p>En consecuencia, tratar las <strong>apneas de sue\u00f1o<\/strong> no solo mejora el descanso. Tambi\u00e9n protege \u00f3rganos vitales y mejora la calidad y la expectativa de vida.<\/p>\n\n\n\n<h2 class=\"wp-block-heading has-x-large-font-size\">Diagn\u00f3stico de las apneas de sue\u00f1o<\/h2>\n\n\n\n<p>El diagn\u00f3stico de las <strong>apneas de sue\u00f1o<\/strong> se realiza mediante un estudio detallado de los patrones de sue\u00f1o. Las principales herramientas diagn\u00f3sticas incluyen:<\/p>\n\n\n\n<ul>\n<li><strong>Evaluaci\u00f3n cl\u00ednica:<\/strong> Entrevista sobre s\u00edntomas, h\u00e1bitos de sue\u00f1o y antecedentes m\u00e9dicos.<\/li>\n\n\n\n<li><strong>Cuestionarios especializados:<\/strong> Como la escala de Epworth para medir la somnolencia diurna.<\/li>\n\n\n\n<li><strong>Polisomnograf\u00eda nocturna:<\/strong> Estudio completo que registra la respiraci\u00f3n, la oxigenaci\u00f3n y las fases del sue\u00f1o en un laboratorio especializado.<\/li>\n\n\n\n<li><strong>Pruebas de sue\u00f1o domiciliarias:<\/strong> Alternativa para casos seleccionados de alta sospecha de apnea.<\/li>\n<\/ul>\n\n\n\n<p>Detectar de forma temprana las <strong>apneas de sue\u00f1o<\/strong> permite iniciar el tratamiento antes de que se desarrollen complicaciones.<\/p>\n\n\n\n<h2 class=\"wp-block-heading has-x-large-font-size\">Tratamientos para las apneas de sue\u00f1o<\/h2>\n\n\n\n<figure class=\"wp-block-image aligncenter size-full\"><img loading=\"lazy\" decoding=\"async\" width=\"640\" height=\"427\" src=\"https:\/\/fonasa.mindy.cl\/blog\/wp-content\/uploads\/2026\/03\/pexels-gustavo-fring-6285300.jpg\" alt=\"tipos de apneas del sue\u00f1o \" class=\"wp-image-1783\"\/><\/figure>\n\n\n\n<p>El tratamiento de las <strong>apneas de sue\u00f1o<\/strong> depende de su tipo y gravedad. Las principales opciones son:<\/p>\n\n\n\n<h3 class=\"wp-block-heading has-large-font-size\">Cambios en el estilo de vida<\/h3>\n\n\n\n<ul>\n<li>Bajar de peso.<\/li>\n\n\n\n<li>Evitar alcohol y sedantes.<\/li>\n\n\n\n<li>Dormir de lado.<\/li>\n\n\n\n<li>Dejar de fumar.<\/li>\n<\/ul>\n\n\n\n<h3 class=\"wp-block-heading has-large-font-size\">Dispositivos m\u00e9dicos<\/h3>\n\n\n\n<ul>\n<li><strong>CPAP:<\/strong> Dispositivo que proporciona presi\u00f3n positiva continua en las v\u00edas respiratorias para mantenerlas abiertas.<\/li>\n\n\n\n<li><strong>Dispositivos de avance mandibular:<\/strong> Aparatos orales que reposicionan la mand\u00edbula para facilitar el flujo de aire.<\/li>\n<\/ul>\n\n\n\n<h3 class=\"wp-block-heading has-large-font-size\">Opciones quir\u00fargicas<\/h3>\n\n\n\n<ul>\n<li>Cirug\u00edas de reducci\u00f3n de tejido en la garganta.<\/li>\n\n\n\n<li>Cirug\u00edas correctivas de tabique nasal o mand\u00edbula.<\/li>\n\n\n\n<li>Estimulaci\u00f3n del nervio hipogloso para apnea obstructiva severa.<\/li>\n<\/ul>\n\n\n\n<p>Cada tratamiento busca eliminar los episodios de apnea, mejorar la oxigenaci\u00f3n y permitir un descanso profundo y reparador.<\/p>\n\n\n\n<h3 class=\"wp-block-heading has-large-font-size\">Conclusi\u00f3n<\/h3>\n\n\n\n<p>Las <strong>apneas de sue\u00f1o<\/strong> son un problema de salud serio, pero tratable. Reconocer los s\u00edntomas, buscar un diagn\u00f3stico profesional y seguir un tratamiento adecuado permite recuperar la energ\u00eda, mejorar la salud mental, proteger el coraz\u00f3n y vivir con mayor calidad.<\/p>\n\n\n\n<p>No ignores las se\u00f1ales. Consultar a tiempo puede marcar la diferencia entre una vida llena de riesgos o una vida plena y saludable.<\/p>\n\n\n\n<h2 class=\"wp-block-heading has-x-large-font-size\">\u00bfNo sabes por d\u00f3nde empezar? Descubre tu terapia recomendada<\/h2>\n\n\n\n<p>Iniciar un proceso psicol\u00f3gico puede generar dudas sobre cu\u00e1l es el mejor camino. En <strong><a href=\"https:\/\/fonasa.mindy.cl\/\">Fonasa Mindy<\/a><\/strong> queremos facilitarte el proceso: responde unas breves preguntas para identificar el modelo terap\u00e9utico m\u00e1s efectivo para tu bienestar emocional. Es r\u00e1pido, sencillo y te ayudar\u00e1 a conectar con el profesional adecuado.<\/p>\n\n\n\n<p>\ud83d\udc49 <strong><a href=\"https:\/\/form.typeform.com\/to\/jfcSJODX\" target=\"_blank\" rel=\"noreferrer noopener\">Haz clic para descubrir tu tipo de terapia<\/a><\/strong><\/p>\n","protected":false},"excerpt":{"rendered":"<p>Las apneas de sue\u00f1o son trastornos respiratorios que interrumpen el descanso nocturno, afectando la salud f\u00edsica y mental. Descubre sus tipos, s\u00edntomas clave y tratamientos disponibles para recuperar un sue\u00f1o reparador.<\/p>\n","protected":false},"author":2,"featured_media":448,"comment_status":"open","ping_status":"open","sticky":false,"template":"","format":"standard","meta":{"footnotes":""},"categories":[114],"tags":[],"yoast_head":"<!-- This site is optimized with the Yoast SEO plugin v23.0 - https:\/\/yoast.com\/wordpress\/plugins\/seo\/ -->\n<title>Apneas de Sue\u00f1o: Tipos, S\u00edntomas y Tratamientos<\/title>\n<meta name=\"description\" content=\"Conoce qu\u00e9 son las apneas de sue\u00f1o, los tipos existentes, sus s\u00edntomas m\u00e1s comunes y las mejores opciones de diagn\u00f3stico y tratamiento.\" \/>\n<meta name=\"robots\" content=\"index, follow, max-snippet:-1, max-image-preview:large, max-video-preview:-1\" \/>\n<link rel=\"canonical\" href=\"https:\/\/fonasa.mindy.cl\/blog\/apneas-del-sueno\/\" \/>\n<meta property=\"og:locale\" content=\"es_ES\" \/>\n<meta property=\"og:type\" content=\"article\" \/>\n<meta property=\"og:title\" content=\"Apneas de Sue\u00f1o: Tipos, S\u00edntomas y Tratamientos\" \/>\n<meta property=\"og:description\" content=\"Conoce qu\u00e9 son las apneas de sue\u00f1o, los tipos existentes, sus s\u00edntomas m\u00e1s comunes y las mejores opciones de diagn\u00f3stico y tratamiento.\" \/>\n<meta property=\"og:url\" content=\"https:\/\/fonasa.mindy.cl\/blog\/apneas-del-sueno\/\" \/>\n<meta property=\"og:site_name\" content=\"Mindy Fonasa Blog\" \/>\n<meta property=\"article:published_time\" content=\"2025-04-28T22:38:57+00:00\" \/>\n<meta property=\"article:modified_time\" content=\"2026-03-25T15:46:17+00:00\" \/>\n<meta property=\"og:image\" content=\"https:\/\/fonasa.mindy.cl\/blog\/wp-content\/uploads\/2025\/04\/suenos-de-apnea.png\" \/>\n\t<meta property=\"og:image:width\" content=\"1536\" \/>\n\t<meta property=\"og:image:height\" content=\"1024\" \/>\n\t<meta property=\"og:image:type\" content=\"image\/png\" \/>\n<meta name=\"author\" content=\"reinaldo@mindy.cl\" \/>\n<meta name=\"twitter:card\" content=\"summary_large_image\" \/>\n<meta name=\"twitter:label1\" content=\"Written by\" \/>\n\t<meta name=\"twitter:data1\" content=\"reinaldo@mindy.cl\" \/>\n\t<meta name=\"twitter:label2\" content=\"Est. reading time\" \/>\n\t<meta name=\"twitter:data2\" content=\"5 minutos\" \/>\n<script type=\"application\/ld+json\" class=\"yoast-schema-graph\">{\"@context\":\"https:\/\/schema.org\",\"@graph\":[{\"@type\":\"Article\",\"@id\":\"https:\/\/fonasa.mindy.cl\/blog\/apneas-del-sueno\/#article\",\"isPartOf\":{\"@id\":\"https:\/\/fonasa.mindy.cl\/blog\/apneas-del-sueno\/\"},\"author\":{\"name\":\"reinaldo@mindy.cl\",\"@id\":\"https:\/\/fonasa.mindy.cl\/blog\/#\/schema\/person\/6b2fdf85e03858572a636b7b9ce17d81\"},\"headline\":\"Apneas de Sue\u00f1o: Tipos, S\u00edntomas y Tratamientos\",\"datePublished\":\"2025-04-28T22:38:57+00:00\",\"dateModified\":\"2026-03-25T15:46:17+00:00\",\"mainEntityOfPage\":{\"@id\":\"https:\/\/fonasa.mindy.cl\/blog\/apneas-del-sueno\/\"},\"wordCount\":1056,\"commentCount\":5,\"publisher\":{\"@id\":\"https:\/\/fonasa.mindy.cl\/blog\/#organization\"},\"image\":{\"@id\":\"https:\/\/fonasa.mindy.cl\/blog\/apneas-del-sueno\/#primaryimage\"},\"thumbnailUrl\":\"https:\/\/fonasa.mindy.cl\/blog\/wp-content\/uploads\/2025\/04\/suenos-de-apnea.png\",\"articleSection\":[\"Psic\u00f3logos Fonasa\"],\"inLanguage\":\"es-CL\",\"potentialAction\":[{\"@type\":\"CommentAction\",\"name\":\"Comment\",\"target\":[\"https:\/\/fonasa.mindy.cl\/blog\/apneas-del-sueno\/#respond\"]}]},{\"@type\":\"WebPage\",\"@id\":\"https:\/\/fonasa.mindy.cl\/blog\/apneas-del-sueno\/\",\"url\":\"https:\/\/fonasa.mindy.cl\/blog\/apneas-del-sueno\/\",\"name\":\"Apneas de Sue\u00f1o: Tipos, S\u00edntomas y Tratamientos\",\"isPartOf\":{\"@id\":\"https:\/\/fonasa.mindy.cl\/blog\/#website\"},\"primaryImageOfPage\":{\"@id\":\"https:\/\/fonasa.mindy.cl\/blog\/apneas-del-sueno\/#primaryimage\"},\"image\":{\"@id\":\"https:\/\/fonasa.mindy.cl\/blog\/apneas-del-sueno\/#primaryimage\"},\"thumbnailUrl\":\"https:\/\/fonasa.mindy.cl\/blog\/wp-content\/uploads\/2025\/04\/suenos-de-apnea.png\",\"datePublished\":\"2025-04-28T22:38:57+00:00\",\"dateModified\":\"2026-03-25T15:46:17+00:00\",\"description\":\"Conoce qu\u00e9 son las apneas de sue\u00f1o, los tipos existentes, sus s\u00edntomas m\u00e1s comunes y las mejores opciones de diagn\u00f3stico y tratamiento.\",\"breadcrumb\":{\"@id\":\"https:\/\/fonasa.mindy.cl\/blog\/apneas-del-sueno\/#breadcrumb\"},\"inLanguage\":\"es-CL\",\"potentialAction\":[{\"@type\":\"ReadAction\",\"target\":[\"https:\/\/fonasa.mindy.cl\/blog\/apneas-del-sueno\/\"]}]},{\"@type\":\"ImageObject\",\"inLanguage\":\"es-CL\",\"@id\":\"https:\/\/fonasa.mindy.cl\/blog\/apneas-del-sueno\/#primaryimage\",\"url\":\"https:\/\/fonasa.mindy.cl\/blog\/wp-content\/uploads\/2025\/04\/suenos-de-apnea.png\",\"contentUrl\":\"https:\/\/fonasa.mindy.cl\/blog\/wp-content\/uploads\/2025\/04\/suenos-de-apnea.png\",\"width\":1536,\"height\":1024,\"caption\":\"apneas de sue\u00f1o\"},{\"@type\":\"BreadcrumbList\",\"@id\":\"https:\/\/fonasa.mindy.cl\/blog\/apneas-del-sueno\/#breadcrumb\",\"itemListElement\":[{\"@type\":\"ListItem\",\"position\":1,\"name\":\"Home\",\"item\":\"https:\/\/fonasa.mindy.cl\/blog\/\"},{\"@type\":\"ListItem\",\"position\":2,\"name\":\"Apneas de Sue\u00f1o: Tipos, S\u00edntomas y Tratamientos\"}]},{\"@type\":\"WebSite\",\"@id\":\"https:\/\/fonasa.mindy.cl\/blog\/#website\",\"url\":\"https:\/\/fonasa.mindy.cl\/blog\/\",\"name\":\"Mindy Fonasa Blog\",\"description\":\"Un blog de salud mental\",\"publisher\":{\"@id\":\"https:\/\/fonasa.mindy.cl\/blog\/#organization\"},\"potentialAction\":[{\"@type\":\"SearchAction\",\"target\":{\"@type\":\"EntryPoint\",\"urlTemplate\":\"https:\/\/fonasa.mindy.cl\/blog\/?s={search_term_string}\"},\"query-input\":\"required name=search_term_string\"}],\"inLanguage\":\"es-CL\"},{\"@type\":\"Organization\",\"@id\":\"https:\/\/fonasa.mindy.cl\/blog\/#organization\",\"name\":\"Mindy Fonasa Blog\",\"url\":\"https:\/\/fonasa.mindy.cl\/blog\/\",\"logo\":{\"@type\":\"ImageObject\",\"inLanguage\":\"es-CL\",\"@id\":\"https:\/\/fonasa.mindy.cl\/blog\/#\/schema\/logo\/image\/\",\"url\":\"https:\/\/fonasa.mindy.cl\/blog\/wp-content\/uploads\/2024\/07\/logo_cuadrado.png\",\"contentUrl\":\"https:\/\/fonasa.mindy.cl\/blog\/wp-content\/uploads\/2024\/07\/logo_cuadrado.png\",\"width\":300,\"height\":300,\"caption\":\"Mindy Fonasa Blog\"},\"image\":{\"@id\":\"https:\/\/fonasa.mindy.cl\/blog\/#\/schema\/logo\/image\/\"}},{\"@type\":\"Person\",\"@id\":\"https:\/\/fonasa.mindy.cl\/blog\/#\/schema\/person\/6b2fdf85e03858572a636b7b9ce17d81\",\"name\":\"reinaldo@mindy.cl\",\"url\":\"https:\/\/fonasa.mindy.cl\/blog\/author\/reinaldomindy-cl\/\"}]}<\/script>\n<!-- \/ Yoast SEO plugin. -->","yoast_head_json":{"title":"Apneas de Sue\u00f1o: Tipos, S\u00edntomas y Tratamientos","description":"Conoce qu\u00e9 son las apneas de sue\u00f1o, los tipos existentes, sus s\u00edntomas m\u00e1s comunes y las mejores opciones de diagn\u00f3stico y tratamiento.","robots":{"index":"index","follow":"follow","max-snippet":"max-snippet:-1","max-image-preview":"max-image-preview:large","max-video-preview":"max-video-preview:-1"},"canonical":"https:\/\/fonasa.mindy.cl\/blog\/apneas-del-sueno\/","og_locale":"es_ES","og_type":"article","og_title":"Apneas de Sue\u00f1o: Tipos, S\u00edntomas y Tratamientos","og_description":"Conoce qu\u00e9 son las apneas de sue\u00f1o, los tipos existentes, sus s\u00edntomas m\u00e1s comunes y las mejores opciones de diagn\u00f3stico y tratamiento.","og_url":"https:\/\/fonasa.mindy.cl\/blog\/apneas-del-sueno\/","og_site_name":"Mindy Fonasa Blog","article_published_time":"2025-04-28T22:38:57+00:00","article_modified_time":"2026-03-25T15:46:17+00:00","og_image":[{"width":1536,"height":1024,"url":"https:\/\/fonasa.mindy.cl\/blog\/wp-content\/uploads\/2025\/04\/suenos-de-apnea.png","type":"image\/png"}],"author":"reinaldo@mindy.cl","twitter_card":"summary_large_image","twitter_misc":{"Written by":"reinaldo@mindy.cl","Est. reading time":"5 minutos"},"schema":{"@context":"https:\/\/schema.org","@graph":[{"@type":"Article","@id":"https:\/\/fonasa.mindy.cl\/blog\/apneas-del-sueno\/#article","isPartOf":{"@id":"https:\/\/fonasa.mindy.cl\/blog\/apneas-del-sueno\/"},"author":{"name":"reinaldo@mindy.cl","@id":"https:\/\/fonasa.mindy.cl\/blog\/#\/schema\/person\/6b2fdf85e03858572a636b7b9ce17d81"},"headline":"Apneas de Sue\u00f1o: Tipos, S\u00edntomas y Tratamientos","datePublished":"2025-04-28T22:38:57+00:00","dateModified":"2026-03-25T15:46:17+00:00","mainEntityOfPage":{"@id":"https:\/\/fonasa.mindy.cl\/blog\/apneas-del-sueno\/"},"wordCount":1056,"commentCount":5,"publisher":{"@id":"https:\/\/fonasa.mindy.cl\/blog\/#organization"},"image":{"@id":"https:\/\/fonasa.mindy.cl\/blog\/apneas-del-sueno\/#primaryimage"},"thumbnailUrl":"https:\/\/fonasa.mindy.cl\/blog\/wp-content\/uploads\/2025\/04\/suenos-de-apnea.png","articleSection":["Psic\u00f3logos Fonasa"],"inLanguage":"es-CL","potentialAction":[{"@type":"CommentAction","name":"Comment","target":["https:\/\/fonasa.mindy.cl\/blog\/apneas-del-sueno\/#respond"]}]},{"@type":"WebPage","@id":"https:\/\/fonasa.mindy.cl\/blog\/apneas-del-sueno\/","url":"https:\/\/fonasa.mindy.cl\/blog\/apneas-del-sueno\/","name":"Apneas de Sue\u00f1o: Tipos, S\u00edntomas y Tratamientos","isPartOf":{"@id":"https:\/\/fonasa.mindy.cl\/blog\/#website"},"primaryImageOfPage":{"@id":"https:\/\/fonasa.mindy.cl\/blog\/apneas-del-sueno\/#primaryimage"},"image":{"@id":"https:\/\/fonasa.mindy.cl\/blog\/apneas-del-sueno\/#primaryimage"},"thumbnailUrl":"https:\/\/fonasa.mindy.cl\/blog\/wp-content\/uploads\/2025\/04\/suenos-de-apnea.png","datePublished":"2025-04-28T22:38:57+00:00","dateModified":"2026-03-25T15:46:17+00:00","description":"Conoce qu\u00e9 son las apneas de sue\u00f1o, los tipos existentes, sus s\u00edntomas m\u00e1s comunes y las mejores opciones de diagn\u00f3stico y tratamiento.","breadcrumb":{"@id":"https:\/\/fonasa.mindy.cl\/blog\/apneas-del-sueno\/#breadcrumb"},"inLanguage":"es-CL","potentialAction":[{"@type":"ReadAction","target":["https:\/\/fonasa.mindy.cl\/blog\/apneas-del-sueno\/"]}]},{"@type":"ImageObject","inLanguage":"es-CL","@id":"https:\/\/fonasa.mindy.cl\/blog\/apneas-del-sueno\/#primaryimage","url":"https:\/\/fonasa.mindy.cl\/blog\/wp-content\/uploads\/2025\/04\/suenos-de-apnea.png","contentUrl":"https:\/\/fonasa.mindy.cl\/blog\/wp-content\/uploads\/2025\/04\/suenos-de-apnea.png","width":1536,"height":1024,"caption":"apneas de sue\u00f1o"},{"@type":"BreadcrumbList","@id":"https:\/\/fonasa.mindy.cl\/blog\/apneas-del-sueno\/#breadcrumb","itemListElement":[{"@type":"ListItem","position":1,"name":"Home","item":"https:\/\/fonasa.mindy.cl\/blog\/"},{"@type":"ListItem","position":2,"name":"Apneas de Sue\u00f1o: Tipos, S\u00edntomas y Tratamientos"}]},{"@type":"WebSite","@id":"https:\/\/fonasa.mindy.cl\/blog\/#website","url":"https:\/\/fonasa.mindy.cl\/blog\/","name":"Mindy Fonasa Blog","description":"Un blog de salud mental","publisher":{"@id":"https:\/\/fonasa.mindy.cl\/blog\/#organization"},"potentialAction":[{"@type":"SearchAction","target":{"@type":"EntryPoint","urlTemplate":"https:\/\/fonasa.mindy.cl\/blog\/?s={search_term_string}"},"query-input":"required name=search_term_string"}],"inLanguage":"es-CL"},{"@type":"Organization","@id":"https:\/\/fonasa.mindy.cl\/blog\/#organization","name":"Mindy Fonasa Blog","url":"https:\/\/fonasa.mindy.cl\/blog\/","logo":{"@type":"ImageObject","inLanguage":"es-CL","@id":"https:\/\/fonasa.mindy.cl\/blog\/#\/schema\/logo\/image\/","url":"https:\/\/fonasa.mindy.cl\/blog\/wp-content\/uploads\/2024\/07\/logo_cuadrado.png","contentUrl":"https:\/\/fonasa.mindy.cl\/blog\/wp-content\/uploads\/2024\/07\/logo_cuadrado.png","width":300,"height":300,"caption":"Mindy Fonasa Blog"},"image":{"@id":"https:\/\/fonasa.mindy.cl\/blog\/#\/schema\/logo\/image\/"}},{"@type":"Person","@id":"https:\/\/fonasa.mindy.cl\/blog\/#\/schema\/person\/6b2fdf85e03858572a636b7b9ce17d81","name":"reinaldo@mindy.cl","url":"https:\/\/fonasa.mindy.cl\/blog\/author\/reinaldomindy-cl\/"}]}},"_links":{"self":[{"href":"https:\/\/fonasa.mindy.cl\/blog\/wp-json\/wp\/v2\/posts\/447"}],"collection":[{"href":"https:\/\/fonasa.mindy.cl\/blog\/wp-json\/wp\/v2\/posts"}],"about":[{"href":"https:\/\/fonasa.mindy.cl\/blog\/wp-json\/wp\/v2\/types\/post"}],"author":[{"embeddable":true,"href":"https:\/\/fonasa.mindy.cl\/blog\/wp-json\/wp\/v2\/users\/2"}],"replies":[{"embeddable":true,"href":"https:\/\/fonasa.mindy.cl\/blog\/wp-json\/wp\/v2\/comments?post=447"}],"version-history":[{"count":4,"href":"https:\/\/fonasa.mindy.cl\/blog\/wp-json\/wp\/v2\/posts\/447\/revisions"}],"predecessor-version":[{"id":1784,"href":"https:\/\/fonasa.mindy.cl\/blog\/wp-json\/wp\/v2\/posts\/447\/revisions\/1784"}],"wp:featuredmedia":[{"embeddable":true,"href":"https:\/\/fonasa.mindy.cl\/blog\/wp-json\/wp\/v2\/media\/448"}],"wp:attachment":[{"href":"https:\/\/fonasa.mindy.cl\/blog\/wp-json\/wp\/v2\/media?parent=447"}],"wp:term":[{"taxonomy":"category","embeddable":true,"href":"https:\/\/fonasa.mindy.cl\/blog\/wp-json\/wp\/v2\/categories?post=447"},{"taxonomy":"post_tag","embeddable":true,"href":"https:\/\/fonasa.mindy.cl\/blog\/wp-json\/wp\/v2\/tags?post=447"}],"curies":[{"name":"wp","href":"https:\/\/api.w.org\/{rel}","templated":true}]}}