{"id":444,"date":"2025-04-28T18:33:11","date_gmt":"2025-04-28T22:33:11","guid":{"rendered":"https:\/\/fonasa.mindy.cl\/blog\/?p=444"},"modified":"2026-03-25T12:42:19","modified_gmt":"2026-03-25T15:42:19","slug":"sueno-de-apnea","status":"publish","type":"post","link":"https:\/\/fonasa.mindy.cl\/blog\/sueno-de-apnea\/","title":{"rendered":"Sue\u00f1o de Apnea: Qu\u00e9 es, S\u00edntomas y Tratamientos Disponibles"},"content":{"rendered":"\n<p><strong>Sue\u00f1o de apnea<\/strong> es una condici\u00f3n que afecta a millones de personas en el mundo, muchas veces sin que ellas mismas lo sepan. Este trastorno interfiere directamente en la respiraci\u00f3n durante el descanso, provocando serias consecuencias para la salud si no se detecta y trata a tiempo.<\/p>\n\n\n\n<p>La apnea del sue\u00f1o, tambi\u00e9n conocida como <strong><a href=\"https:\/\/mindy.cl\">s\u00edndrome de apnea-hipopnea del sue\u00f1o (SAHS)<\/a><\/strong>, consiste en pausas repetidas en la respiraci\u00f3n mientras la persona duerme. Estas interrupciones pueden durar entre 10 segundos y varios minutos, y se repiten m\u00faltiples veces a lo largo de la noche. Cada pausa disminuye los niveles de ox\u00edgeno en la sangre, obligando al cerebro a interrumpir brevemente el sue\u00f1o para recuperar la respiraci\u00f3n.<\/p>\n\n\n\n<p>Vivir con <strong>sue\u00f1o de apnea<\/strong> significa no alcanzar un descanso profundo ni reparador. Aunque la persona afectada pueda pensar que ha dormido las horas suficientes, su cuerpo no ha completado adecuadamente los ciclos de sue\u00f1o necesarios para regenerarse.<\/p>\n\n\n\n<p>La falta de sue\u00f1o de calidad impacta la vida diaria, causando fatiga, falta de concentraci\u00f3n, irritabilidad y aumentando significativamente el riesgo de desarrollar problemas de salud graves como hipertensi\u00f3n, diabetes, enfermedades card\u00edacas y accidentes cerebrovasculares.<\/p>\n\n\n\n<h2 class=\"wp-block-heading has-x-large-font-size\">\u00bfQu\u00e9 es el sue\u00f1o de apnea?<\/h2>\n\n\n\n<figure class=\"wp-block-image aligncenter size-full\"><img loading=\"lazy\" decoding=\"async\" width=\"6000\" height=\"4000\" src=\"https:\/\/fonasa.mindy.cl\/blog\/wp-content\/uploads\/2026\/03\/pexels-orban-levente-1730059-3927303.jpg\" alt=\"apnea del sue\u00f1o \" class=\"wp-image-1776\"\/><\/figure>\n\n\n\n<p>El <strong>sue\u00f1o de apnea<\/strong> es un trastorno que provoca que la persona deje de respirar de manera parcial o total durante el sue\u00f1o. Estas interrupciones constantes no solo interrumpen el descanso, sino que tambi\u00e9n ponen en riesgo la salud general.<\/p>\n\n\n\n<p>Existen tres tipos principales de apnea relacionada al sue\u00f1o:<\/p>\n\n\n\n<ul>\n<li><strong>Apnea obstructiva del sue\u00f1o (AOS):<\/strong> El tipo m\u00e1s frecuente. Se produce cuando los m\u00fasculos de la garganta se relajan en exceso, bloqueando el flujo de aire.<\/li>\n\n\n\n<li><strong>Apnea central del sue\u00f1o:<\/strong> En este caso, el cerebro falla en enviar las se\u00f1ales necesarias a los m\u00fasculos que controlan la respiraci\u00f3n.<\/li>\n\n\n\n<li><strong>Apnea mixta o compleja:<\/strong> Es una combinaci\u00f3n de apnea obstructiva y central.<\/li>\n<\/ul>\n\n\n\n<p>Cada tipo de <strong>sue\u00f1o de apnea<\/strong> puede tener s\u00edntomas similares, aunque la causa sea distinta. En todos los casos, la falta de ox\u00edgeno adecuada y las continuas interrupciones del sue\u00f1o generan da\u00f1os importantes a nivel f\u00edsico y mental.<\/p>\n\n\n\n<p>Detectar a tiempo el <strong>sue\u00f1o de apnea<\/strong> permite comenzar un tratamiento que mejora no solo el descanso, sino tambi\u00e9n la calidad de vida general del paciente.<\/p>\n\n\n\n<h2 class=\"wp-block-heading has-x-large-font-size\">Principales s\u00edntomas del sue\u00f1o de apnea<\/h2>\n\n\n\n<p>Reconocer los <strong>s\u00edntomas del sue\u00f1o de apnea<\/strong> es fundamental para obtener un diagn\u00f3stico temprano y evitar complicaciones severas. Muchas personas no son conscientes de su condici\u00f3n porque los s\u00edntomas suelen manifestarse mientras duermen o de forma indirecta durante el d\u00eda.<\/p>\n\n\n\n<h3 class=\"wp-block-heading has-large-font-size\">S\u00edntomas nocturnos<\/h3>\n\n\n\n<ul>\n<li><strong>Ronquidos fuertes y cr\u00f3nicos:<\/strong> Es uno de los signos m\u00e1s comunes. No se trata de un ronquido ocasional, sino de un sonido intenso y persistente que a menudo es notado por la pareja o familiares.<\/li>\n\n\n\n<li><strong>Pausas en la respiraci\u00f3n observadas por otros:<\/strong> Las personas cercanas pueden notar momentos en los que la respiraci\u00f3n se detiene completamente, seguidos de un jadeo o resoplido.<\/li>\n\n\n\n<li><strong>Despertares frecuentes:<\/strong> Despertar varias veces durante la noche sin raz\u00f3n aparente, a menudo con sensaci\u00f3n de asfixia o falta de aire.<\/li>\n\n\n\n<li><strong>Sue\u00f1o inquieto:<\/strong> Cambios constantes de posici\u00f3n, movimientos bruscos o conductas como hablar o gritar mientras se duerme.<\/li>\n<\/ul>\n\n\n\n<h3 class=\"wp-block-heading has-large-font-size\">S\u00edntomas diurnos<\/h3>\n\n\n\n<ul>\n<li><strong>Fatiga extrema durante el d\u00eda:<\/strong> Sentirse constantemente cansado, aunque aparentemente se haya dormido toda la noche.<\/li>\n\n\n\n<li><strong>Somnolencia excesiva:<\/strong> Tener dificultad para mantenerse despierto en actividades cotidianas como leer, ver televisi\u00f3n o conducir.<\/li>\n\n\n\n<li><strong>Dificultades de concentraci\u00f3n:<\/strong> Problemas para enfocarse, tomar decisiones o recordar informaci\u00f3n reciente.<\/li>\n\n\n\n<li><strong>Dolores de cabeza matutinos:<\/strong> Provocados por la falta de oxigenaci\u00f3n adecuada durante la noche.<\/li>\n\n\n\n<li><strong>Irritabilidad y cambios de humor:<\/strong> Mal genio, frustraci\u00f3n constante o estados depresivos relacionados directamente con la privaci\u00f3n de un sue\u00f1o reparador.<\/li>\n<\/ul>\n\n\n\n<p>La combinaci\u00f3n de varios de estos s\u00edntomas debe alertar sobre la posibilidad de estar sufriendo <strong>sue\u00f1o de apnea<\/strong>. Incluso si los s\u00edntomas son leves, es importante consultar a un especialista en sue\u00f1o para una evaluaci\u00f3n adecuada.<\/p>\n\n\n\n<p>Detectar y tratar el <strong>sue\u00f1o de apnea<\/strong> de forma oportuna puede revertir muchos de estos s\u00edntomas, mejorando la energ\u00eda diaria, la capacidad cognitiva y el bienestar emocional.<\/p>\n\n\n\n<h2 class=\"wp-block-heading has-x-large-font-size\">\u00bfC\u00f3mo afecta el sue\u00f1o de apnea a la salud general?<\/h2>\n\n\n\n<p>El <strong>sue\u00f1o de apnea<\/strong> no solo altera el descanso nocturno. Este trastorno tiene efectos profundos en todo el organismo, afectando funciones vitales y aumentando el riesgo de enfermedades graves.<\/p>\n\n\n\n<h3 class=\"wp-block-heading has-large-font-size\">Cardiovascular<\/h3>\n\n\n\n<p>Las pausas en la respiraci\u00f3n provocan disminuciones repetidas en los niveles de ox\u00edgeno, lo que obliga al coraz\u00f3n a trabajar m\u00e1s duro. Esto genera:<\/p>\n\n\n\n<ul>\n<li><strong>Hipertensi\u00f3n arterial:<\/strong> La apnea no tratada es una de las principales causas secundarias de presi\u00f3n alta.<\/li>\n\n\n\n<li><strong>Arritmias:<\/strong> Cambios en el ritmo card\u00edaco que pueden desencadenar eventos graves como fibrilaci\u00f3n auricular.<\/li>\n\n\n\n<li><strong>Mayor riesgo de infarto y accidente cerebrovascular:<\/strong> La falta cr\u00f3nica de ox\u00edgeno da\u00f1a las arterias y favorece la formaci\u00f3n de co\u00e1gulos.<\/li>\n<\/ul>\n\n\n\n<h3 class=\"wp-block-heading has-large-font-size\">Metab\u00f3lico<\/h3>\n\n\n\n<p>El <strong>sue\u00f1o de apnea<\/strong> tambi\u00e9n influye en el metabolismo, provocando alteraciones hormonales y metab\u00f3licas como:<\/p>\n\n\n\n<ul>\n<li><strong>Resistencia a la insulina:<\/strong> Condici\u00f3n que facilita el desarrollo de diabetes tipo 2.<\/li>\n\n\n\n<li><strong>Aumento de peso:<\/strong> La apnea altera hormonas como la leptina y la grelina, aumentando el apetito y dificultando la p\u00e9rdida de peso.<\/li>\n\n\n\n<li><strong>Desequilibrio hormonal:<\/strong> Afecta procesos regulados por el sue\u00f1o profundo, como el control del estr\u00e9s y la reparaci\u00f3n celular.<\/li>\n<\/ul>\n\n\n\n<h3 class=\"wp-block-heading has-large-font-size\">Neurocognitivo y emocional<\/h3>\n\n\n\n<p>El cerebro necesita ox\u00edgeno constante para funcionar correctamente. La interrupci\u00f3n del sue\u00f1o reparador produce:<\/p>\n\n\n\n<ul>\n<li><strong>Dificultades cognitivas:<\/strong> P\u00e9rdida de memoria, dificultad para aprender cosas nuevas y problemas de concentraci\u00f3n.<\/li>\n\n\n\n<li><strong>Cambios de humor:<\/strong> Irritabilidad, frustraci\u00f3n y tristeza frecuentes.<\/li>\n\n\n\n<li><strong>Mayor riesgo de depresi\u00f3n y ansiedad:<\/strong> Los trastornos emocionales se agravan cuando el descanso no es reparador.<\/li>\n<\/ul>\n\n\n\n<h3 class=\"wp-block-heading has-large-font-size\">Calidad de vida<\/h3>\n\n\n\n<ul>\n<li><strong>Deterioro en el desempe\u00f1o laboral y acad\u00e9mico:<\/strong> La fatiga constante reduce la productividad y la capacidad de interacci\u00f3n social.<\/li>\n\n\n\n<li><strong>Conflictos familiares o de pareja:<\/strong> El ronquido intenso y el mal humor pueden generar tensiones en el entorno familiar.<\/li>\n\n\n\n<li><strong>Reducci\u00f3n del bienestar general:<\/strong> Vivir con <strong>sue\u00f1o de apnea<\/strong> sin tratamiento afecta cada aspecto de la vida diaria.<\/li>\n<\/ul>\n\n\n\n<p>Tomar conciencia del impacto del <strong>sue\u00f1o de apnea<\/strong> es el primer paso para buscar ayuda y mejorar no solo el descanso, sino la salud integral.<\/p>\n\n\n\n<h2 class=\"wp-block-heading has-x-large-font-size\">\u00bfC\u00f3mo se diagnostica el sue\u00f1o de apnea?<\/h2>\n\n\n\n<p>Detectar el <strong>sue\u00f1o de apnea<\/strong> requiere m\u00e1s que observar s\u00edntomas. Aunque las se\u00f1ales sean claras, solo un especialista puede confirmar el diagn\u00f3stico. Por eso, es fundamental acudir a consulta m\u00e9dica apenas se sospeche de la presencia de este trastorno.<\/p>\n\n\n\n<h3 class=\"wp-block-heading has-large-font-size\">Evaluaci\u00f3n inicial<\/h3>\n\n\n\n<p>En primer lugar, el m\u00e9dico realiza una entrevista cl\u00ednica detallada. Se preguntar\u00e1 sobre:<\/p>\n\n\n\n<ul>\n<li><strong>H\u00e1bitos de sue\u00f1o:<\/strong> Horarios, interrupciones y calidad percibida del descanso.<\/li>\n\n\n\n<li><strong>S\u00edntomas diurnos:<\/strong> Como fatiga, somnolencia, irritabilidad o dificultad para concentrarse.<\/li>\n\n\n\n<li><strong>Historial m\u00e9dico general:<\/strong> Factores de riesgo como obesidad, hipertensi\u00f3n o antecedentes familiares de apnea.<\/li>\n<\/ul>\n\n\n\n<p>Adem\u00e1s, es posible que el m\u00e9dico utilice cuestionarios validados como la escala de Epworth para medir el nivel de somnolencia diurna.<\/p>\n\n\n\n<h3 class=\"wp-block-heading has-large-font-size\">Estudio del sue\u00f1o (polisomnograf\u00eda)<\/h3>\n\n\n\n<p>Despu\u00e9s de la evaluaci\u00f3n inicial, el paso siguiente suele ser una <strong>polisomnograf\u00eda nocturna<\/strong>. Este estudio consiste en:<\/p>\n\n\n\n<ul>\n<li><strong>Monitorizar la respiraci\u00f3n:<\/strong> Se registra la frecuencia y duraci\u00f3n de las pausas respiratorias.<\/li>\n\n\n\n<li><strong>Medir la saturaci\u00f3n de ox\u00edgeno:<\/strong> Para detectar ca\u00eddas peligrosas durante el sue\u00f1o.<\/li>\n\n\n\n<li><strong>Controlar la actividad cerebral y muscular:<\/strong> Se analizan las diferentes fases del sue\u00f1o y su interrupci\u00f3n.<\/li>\n<\/ul>\n\n\n\n<p>En consecuencia, la polisomnograf\u00eda permite confirmar la existencia del <strong>sue\u00f1o de apnea<\/strong> y determinar su severidad (leve, moderada o grave).<\/p>\n\n\n\n<h3 class=\"wp-block-heading has-large-font-size\">Estudios domiciliarios<\/h3>\n\n\n\n<p>En ciertos casos, si el riesgo es alto y no existen otras enfermedades complejas, el m\u00e9dico puede recomendar un <strong>test de sue\u00f1o domiciliario<\/strong>. Estos dispositivos port\u00e1tiles permiten:<\/p>\n\n\n\n<ul>\n<li>Registrar la respiraci\u00f3n y niveles de ox\u00edgeno durante la noche.<\/li>\n\n\n\n<li>Evaluar si existe apnea de manera menos invasiva que en un laboratorio.<\/li>\n<\/ul>\n\n\n\n<p>Sin embargo, los estudios domiciliarios tienen limitaciones y no son adecuados para todos los pacientes.<\/p>\n\n\n\n<h3 class=\"wp-block-heading has-large-font-size\">Importancia del diagn\u00f3stico preciso<\/h3>\n\n\n\n<p>Finalmente, obtener un diagn\u00f3stico certero es esencial para elegir el tratamiento correcto. Cada caso de <strong>sue\u00f1o de apnea<\/strong> es diferente. Por eso, solo un diagn\u00f3stico profesional garantiza una estrategia de abordaje efectiva y segura.<\/p>\n\n\n\n<p>No se debe postergar la consulta. Cuanto antes se detecte el <strong>sue\u00f1o de apnea<\/strong>, mayores ser\u00e1n las posibilidades de mejorar la calidad de vida y evitar complicaciones graves.<\/p>\n\n\n\n<h2 class=\"wp-block-heading has-x-large-font-size\">Tratamientos disponibles para el sue\u00f1o de apnea<\/h2>\n\n\n\n<figure class=\"wp-block-image aligncenter size-full\"><img loading=\"lazy\" decoding=\"async\" width=\"640\" height=\"427\" src=\"https:\/\/fonasa.mindy.cl\/blog\/wp-content\/uploads\/2026\/03\/pexels-olly-914910.jpg\" alt=\"apnea del sue\u00f1o \" class=\"wp-image-1777\"\/><\/figure>\n\n\n\n<p>El <strong>sue\u00f1o de apnea<\/strong> tiene tratamiento. La elecci\u00f3n del m\u00e9todo depender\u00e1 de la severidad del trastorno y de las caracter\u00edsticas de cada paciente. Por eso, es fundamental seguir siempre la recomendaci\u00f3n de un especialista.<\/p>\n\n\n\n<h3 class=\"wp-block-heading has-large-font-size\">Cambios en el estilo de vida<\/h3>\n\n\n\n<p>En casos leves, realizar ciertos cambios puede mejorar mucho los s\u00edntomas:<\/p>\n\n\n\n<ul>\n<li><strong>Bajar de peso:<\/strong> Incluso una peque\u00f1a p\u00e9rdida de peso puede reducir las interrupciones respiratorias.<\/li>\n\n\n\n<li><strong>Dejar de fumar:<\/strong> El tabaco inflama las v\u00edas respiratorias y agrava la apnea.<\/li>\n\n\n\n<li><strong>Evitar el alcohol y sedantes:<\/strong> Estas sustancias relajan en exceso los m\u00fasculos de la garganta.<\/li>\n\n\n\n<li><strong>Dormir de lado:<\/strong> Acostarse boca arriba facilita el colapso de las v\u00edas a\u00e9reas.<\/li>\n<\/ul>\n\n\n\n<p>Aunque simples, estos cambios son efectivos para reducir la gravedad del <strong>sue\u00f1o de apnea<\/strong>.<\/p>\n\n\n\n<h3 class=\"wp-block-heading has-large-font-size\">Uso de dispositivos CPAP<\/h3>\n\n\n\n<p>El tratamiento m\u00e1s habitual para apnea moderada o severa es la <strong>m\u00e1quina CPAP<\/strong> (presi\u00f3n positiva continua en las v\u00edas respiratorias). Este dispositivo:<\/p>\n\n\n\n<ul>\n<li>Mantiene las v\u00edas respiratorias abiertas mediante un flujo de aire constante.<\/li>\n\n\n\n<li>Mejora la oxigenaci\u00f3n nocturna.<\/li>\n\n\n\n<li>Elimina los despertares por falta de aire.<\/li>\n<\/ul>\n\n\n\n<p>Al principio puede resultar inc\u00f3modo. Sin embargo, la adaptaci\u00f3n suele ser r\u00e1pida y los beneficios se notan en pocos d\u00edas.<\/p>\n\n\n\n<h3 class=\"wp-block-heading has-large-font-size\">Dispositivos orales<\/h3>\n\n\n\n<p>Otra opci\u00f3n para quienes no toleran el CPAP son los <strong>dispositivos de avance mandibular<\/strong>. Estos aparatos:<\/p>\n\n\n\n<ul>\n<li>Reposicionan la mand\u00edbula y la lengua para mantener la v\u00eda a\u00e9rea despejada.<\/li>\n\n\n\n<li>Son m\u00e1s peque\u00f1os y port\u00e1tiles que un CPAP.<\/li>\n\n\n\n<li>Funcionan mejor en casos de apnea leve a moderada.<\/li>\n<\/ul>\n\n\n\n<p>No obstante, deben ser adaptados y controlados por un dentista especializado.<\/p>\n\n\n\n<h3 class=\"wp-block-heading has-large-font-size\">Cirug\u00edas correctivas<\/h3>\n\n\n\n<p>Cuando otras opciones no funcionan o hay alteraciones anat\u00f3micas importantes, el m\u00e9dico puede sugerir cirug\u00eda. Las intervenciones m\u00e1s comunes incluyen:<\/p>\n\n\n\n<ul>\n<li><strong>Uvulopalatofaringoplast\u00eda:<\/strong> Remueve tejidos del paladar blando para ampliar el paso del aire.<\/li>\n\n\n\n<li><strong>Cirug\u00eda nasal:<\/strong> Corrige desviaciones del tabique o elimina obstrucciones.<\/li>\n\n\n\n<li><strong>Avance maxilomandibular:<\/strong> Reposiciona los huesos faciales para evitar bloqueos.<\/li>\n<\/ul>\n\n\n\n<p>La cirug\u00eda no siempre garantiza la cura total del <strong>sue\u00f1o de apnea<\/strong>, pero puede mejorar significativamente la respiraci\u00f3n nocturna.<\/p>\n\n\n\n<h3 class=\"wp-block-heading has-large-font-size\">Conclusi\u00f3n<\/h3>\n\n\n\n<p>El <strong>sue\u00f1o de apnea<\/strong> es un trastorno serio, pero tratable. Actuar a tiempo, buscar diagn\u00f3stico profesional y seguir el tratamiento indicado son pasos esenciales para recuperar un descanso pleno y proteger la salud a largo plazo. No ignores los s\u00edntomas. Una vida mejor comienza con un buen sue\u00f1o.<\/p>\n\n\n\n<h2 class=\"wp-block-heading has-x-large-font-size\">\u00bfNo sabes por d\u00f3nde empezar? Descubre tu terapia recomendada<\/h2>\n\n\n\n<p>Iniciar un proceso psicol\u00f3gico puede generar dudas sobre cu\u00e1l es el mejor camino. En <strong><a href=\"https:\/\/fonasa.mindy.cl\/\">Fonasa Mindy<\/a><\/strong> queremos facilitarte el proceso: responde unas breves preguntas para identificar el modelo terap\u00e9utico m\u00e1s efectivo para tu bienestar emocional. Es r\u00e1pido, sencillo y te ayudar\u00e1 a conectar con el profesional adecuado.<\/p>\n\n\n\n<p>\ud83d\udc49 <strong><a href=\"https:\/\/form.typeform.com\/to\/jfcSJODX\" target=\"_blank\" rel=\"noreferrer noopener\">Haz clic para descubrir tu tipo de terapia<\/a><\/strong><\/p>\n","protected":false},"excerpt":{"rendered":"<p>El sue\u00f1o de apnea provoca pausas en la respiraci\u00f3n durante la noche, afectando la calidad del descanso y la salud general. Conoce sus s\u00edntomas, riesgos y tratamientos m\u00e1s efectivos para recuperar tu bienestar.<\/p>\n","protected":false},"author":2,"featured_media":445,"comment_status":"open","ping_status":"open","sticky":false,"template":"","format":"standard","meta":{"footnotes":""},"categories":[114],"tags":[],"yoast_head":"<!-- This site is optimized with the Yoast SEO plugin v23.0 - https:\/\/yoast.com\/wordpress\/plugins\/seo\/ -->\n<title>Sue\u00f1o de Apnea: Qu\u00e9 es, S\u00edntomas y Tratamientos Disponibles<\/title>\n<meta name=\"description\" content=\"Descubre qu\u00e9 es el sue\u00f1o de apnea, cu\u00e1les son sus s\u00edntomas y las mejores opciones de diagn\u00f3stico y tratamiento para mejorar tu salud.\" \/>\n<meta name=\"robots\" content=\"index, follow, max-snippet:-1, max-image-preview:large, max-video-preview:-1\" \/>\n<link rel=\"canonical\" href=\"https:\/\/fonasa.mindy.cl\/blog\/sueno-de-apnea\/\" \/>\n<meta property=\"og:locale\" content=\"es_ES\" \/>\n<meta property=\"og:type\" content=\"article\" \/>\n<meta property=\"og:title\" content=\"Sue\u00f1o de Apnea: Qu\u00e9 es, S\u00edntomas y Tratamientos Disponibles\" \/>\n<meta property=\"og:description\" content=\"Descubre qu\u00e9 es el sue\u00f1o de apnea, cu\u00e1les son sus s\u00edntomas y las mejores opciones de diagn\u00f3stico y tratamiento para mejorar tu salud.\" \/>\n<meta property=\"og:url\" content=\"https:\/\/fonasa.mindy.cl\/blog\/sueno-de-apnea\/\" \/>\n<meta property=\"og:site_name\" content=\"Mindy Fonasa Blog\" \/>\n<meta property=\"article:published_time\" content=\"2025-04-28T22:33:11+00:00\" \/>\n<meta property=\"article:modified_time\" content=\"2026-03-25T15:42:19+00:00\" \/>\n<meta property=\"og:image\" content=\"https:\/\/fonasa.mindy.cl\/blog\/wp-content\/uploads\/2025\/04\/apena-del-sueno-que-es-1.png\" \/>\n\t<meta property=\"og:image:width\" content=\"1536\" \/>\n\t<meta property=\"og:image:height\" content=\"1024\" \/>\n\t<meta property=\"og:image:type\" content=\"image\/png\" \/>\n<meta name=\"author\" content=\"reinaldo@mindy.cl\" \/>\n<meta name=\"twitter:card\" content=\"summary_large_image\" \/>\n<meta name=\"twitter:label1\" content=\"Written by\" \/>\n\t<meta name=\"twitter:data1\" content=\"reinaldo@mindy.cl\" \/>\n\t<meta name=\"twitter:label2\" content=\"Est. reading time\" \/>\n\t<meta name=\"twitter:data2\" content=\"9 minutos\" \/>\n<script type=\"application\/ld+json\" class=\"yoast-schema-graph\">{\"@context\":\"https:\/\/schema.org\",\"@graph\":[{\"@type\":\"Article\",\"@id\":\"https:\/\/fonasa.mindy.cl\/blog\/sueno-de-apnea\/#article\",\"isPartOf\":{\"@id\":\"https:\/\/fonasa.mindy.cl\/blog\/sueno-de-apnea\/\"},\"author\":{\"name\":\"reinaldo@mindy.cl\",\"@id\":\"https:\/\/fonasa.mindy.cl\/blog\/#\/schema\/person\/6b2fdf85e03858572a636b7b9ce17d81\"},\"headline\":\"Sue\u00f1o de Apnea: Qu\u00e9 es, S\u00edntomas y Tratamientos Disponibles\",\"datePublished\":\"2025-04-28T22:33:11+00:00\",\"dateModified\":\"2026-03-25T15:42:19+00:00\",\"mainEntityOfPage\":{\"@id\":\"https:\/\/fonasa.mindy.cl\/blog\/sueno-de-apnea\/\"},\"wordCount\":1966,\"commentCount\":5,\"publisher\":{\"@id\":\"https:\/\/fonasa.mindy.cl\/blog\/#organization\"},\"image\":{\"@id\":\"https:\/\/fonasa.mindy.cl\/blog\/sueno-de-apnea\/#primaryimage\"},\"thumbnailUrl\":\"https:\/\/fonasa.mindy.cl\/blog\/wp-content\/uploads\/2025\/04\/apena-del-sueno-que-es-1.png\",\"articleSection\":[\"Psic\u00f3logos Fonasa\"],\"inLanguage\":\"es-CL\",\"potentialAction\":[{\"@type\":\"CommentAction\",\"name\":\"Comment\",\"target\":[\"https:\/\/fonasa.mindy.cl\/blog\/sueno-de-apnea\/#respond\"]}]},{\"@type\":\"WebPage\",\"@id\":\"https:\/\/fonasa.mindy.cl\/blog\/sueno-de-apnea\/\",\"url\":\"https:\/\/fonasa.mindy.cl\/blog\/sueno-de-apnea\/\",\"name\":\"Sue\u00f1o de Apnea: Qu\u00e9 es, S\u00edntomas y Tratamientos Disponibles\",\"isPartOf\":{\"@id\":\"https:\/\/fonasa.mindy.cl\/blog\/#website\"},\"primaryImageOfPage\":{\"@id\":\"https:\/\/fonasa.mindy.cl\/blog\/sueno-de-apnea\/#primaryimage\"},\"image\":{\"@id\":\"https:\/\/fonasa.mindy.cl\/blog\/sueno-de-apnea\/#primaryimage\"},\"thumbnailUrl\":\"https:\/\/fonasa.mindy.cl\/blog\/wp-content\/uploads\/2025\/04\/apena-del-sueno-que-es-1.png\",\"datePublished\":\"2025-04-28T22:33:11+00:00\",\"dateModified\":\"2026-03-25T15:42:19+00:00\",\"description\":\"Descubre qu\u00e9 es el sue\u00f1o de apnea, cu\u00e1les son sus s\u00edntomas y las mejores opciones de diagn\u00f3stico y tratamiento para mejorar tu salud.\",\"breadcrumb\":{\"@id\":\"https:\/\/fonasa.mindy.cl\/blog\/sueno-de-apnea\/#breadcrumb\"},\"inLanguage\":\"es-CL\",\"potentialAction\":[{\"@type\":\"ReadAction\",\"target\":[\"https:\/\/fonasa.mindy.cl\/blog\/sueno-de-apnea\/\"]}]},{\"@type\":\"ImageObject\",\"inLanguage\":\"es-CL\",\"@id\":\"https:\/\/fonasa.mindy.cl\/blog\/sueno-de-apnea\/#primaryimage\",\"url\":\"https:\/\/fonasa.mindy.cl\/blog\/wp-content\/uploads\/2025\/04\/apena-del-sueno-que-es-1.png\",\"contentUrl\":\"https:\/\/fonasa.mindy.cl\/blog\/wp-content\/uploads\/2025\/04\/apena-del-sueno-que-es-1.png\",\"width\":1536,\"height\":1024,\"caption\":\"apnea del sueno que es\"},{\"@type\":\"BreadcrumbList\",\"@id\":\"https:\/\/fonasa.mindy.cl\/blog\/sueno-de-apnea\/#breadcrumb\",\"itemListElement\":[{\"@type\":\"ListItem\",\"position\":1,\"name\":\"Home\",\"item\":\"https:\/\/fonasa.mindy.cl\/blog\/\"},{\"@type\":\"ListItem\",\"position\":2,\"name\":\"Sue\u00f1o de Apnea: Qu\u00e9 es, S\u00edntomas y Tratamientos Disponibles\"}]},{\"@type\":\"WebSite\",\"@id\":\"https:\/\/fonasa.mindy.cl\/blog\/#website\",\"url\":\"https:\/\/fonasa.mindy.cl\/blog\/\",\"name\":\"Mindy Fonasa Blog\",\"description\":\"Un blog de salud mental\",\"publisher\":{\"@id\":\"https:\/\/fonasa.mindy.cl\/blog\/#organization\"},\"potentialAction\":[{\"@type\":\"SearchAction\",\"target\":{\"@type\":\"EntryPoint\",\"urlTemplate\":\"https:\/\/fonasa.mindy.cl\/blog\/?s={search_term_string}\"},\"query-input\":\"required name=search_term_string\"}],\"inLanguage\":\"es-CL\"},{\"@type\":\"Organization\",\"@id\":\"https:\/\/fonasa.mindy.cl\/blog\/#organization\",\"name\":\"Mindy Fonasa Blog\",\"url\":\"https:\/\/fonasa.mindy.cl\/blog\/\",\"logo\":{\"@type\":\"ImageObject\",\"inLanguage\":\"es-CL\",\"@id\":\"https:\/\/fonasa.mindy.cl\/blog\/#\/schema\/logo\/image\/\",\"url\":\"https:\/\/fonasa.mindy.cl\/blog\/wp-content\/uploads\/2024\/07\/logo_cuadrado.png\",\"contentUrl\":\"https:\/\/fonasa.mindy.cl\/blog\/wp-content\/uploads\/2024\/07\/logo_cuadrado.png\",\"width\":300,\"height\":300,\"caption\":\"Mindy Fonasa Blog\"},\"image\":{\"@id\":\"https:\/\/fonasa.mindy.cl\/blog\/#\/schema\/logo\/image\/\"}},{\"@type\":\"Person\",\"@id\":\"https:\/\/fonasa.mindy.cl\/blog\/#\/schema\/person\/6b2fdf85e03858572a636b7b9ce17d81\",\"name\":\"reinaldo@mindy.cl\",\"url\":\"https:\/\/fonasa.mindy.cl\/blog\/author\/reinaldomindy-cl\/\"}]}<\/script>\n<!-- \/ Yoast SEO plugin. -->","yoast_head_json":{"title":"Sue\u00f1o de Apnea: Qu\u00e9 es, S\u00edntomas y Tratamientos Disponibles","description":"Descubre qu\u00e9 es el sue\u00f1o de apnea, cu\u00e1les son sus s\u00edntomas y las mejores opciones de diagn\u00f3stico y tratamiento para mejorar tu salud.","robots":{"index":"index","follow":"follow","max-snippet":"max-snippet:-1","max-image-preview":"max-image-preview:large","max-video-preview":"max-video-preview:-1"},"canonical":"https:\/\/fonasa.mindy.cl\/blog\/sueno-de-apnea\/","og_locale":"es_ES","og_type":"article","og_title":"Sue\u00f1o de Apnea: Qu\u00e9 es, S\u00edntomas y Tratamientos Disponibles","og_description":"Descubre qu\u00e9 es el sue\u00f1o de apnea, cu\u00e1les son sus s\u00edntomas y las mejores opciones de diagn\u00f3stico y tratamiento para mejorar tu salud.","og_url":"https:\/\/fonasa.mindy.cl\/blog\/sueno-de-apnea\/","og_site_name":"Mindy Fonasa Blog","article_published_time":"2025-04-28T22:33:11+00:00","article_modified_time":"2026-03-25T15:42:19+00:00","og_image":[{"width":1536,"height":1024,"url":"https:\/\/fonasa.mindy.cl\/blog\/wp-content\/uploads\/2025\/04\/apena-del-sueno-que-es-1.png","type":"image\/png"}],"author":"reinaldo@mindy.cl","twitter_card":"summary_large_image","twitter_misc":{"Written by":"reinaldo@mindy.cl","Est. reading time":"9 minutos"},"schema":{"@context":"https:\/\/schema.org","@graph":[{"@type":"Article","@id":"https:\/\/fonasa.mindy.cl\/blog\/sueno-de-apnea\/#article","isPartOf":{"@id":"https:\/\/fonasa.mindy.cl\/blog\/sueno-de-apnea\/"},"author":{"name":"reinaldo@mindy.cl","@id":"https:\/\/fonasa.mindy.cl\/blog\/#\/schema\/person\/6b2fdf85e03858572a636b7b9ce17d81"},"headline":"Sue\u00f1o de Apnea: Qu\u00e9 es, S\u00edntomas y Tratamientos Disponibles","datePublished":"2025-04-28T22:33:11+00:00","dateModified":"2026-03-25T15:42:19+00:00","mainEntityOfPage":{"@id":"https:\/\/fonasa.mindy.cl\/blog\/sueno-de-apnea\/"},"wordCount":1966,"commentCount":5,"publisher":{"@id":"https:\/\/fonasa.mindy.cl\/blog\/#organization"},"image":{"@id":"https:\/\/fonasa.mindy.cl\/blog\/sueno-de-apnea\/#primaryimage"},"thumbnailUrl":"https:\/\/fonasa.mindy.cl\/blog\/wp-content\/uploads\/2025\/04\/apena-del-sueno-que-es-1.png","articleSection":["Psic\u00f3logos Fonasa"],"inLanguage":"es-CL","potentialAction":[{"@type":"CommentAction","name":"Comment","target":["https:\/\/fonasa.mindy.cl\/blog\/sueno-de-apnea\/#respond"]}]},{"@type":"WebPage","@id":"https:\/\/fonasa.mindy.cl\/blog\/sueno-de-apnea\/","url":"https:\/\/fonasa.mindy.cl\/blog\/sueno-de-apnea\/","name":"Sue\u00f1o de Apnea: Qu\u00e9 es, S\u00edntomas y Tratamientos Disponibles","isPartOf":{"@id":"https:\/\/fonasa.mindy.cl\/blog\/#website"},"primaryImageOfPage":{"@id":"https:\/\/fonasa.mindy.cl\/blog\/sueno-de-apnea\/#primaryimage"},"image":{"@id":"https:\/\/fonasa.mindy.cl\/blog\/sueno-de-apnea\/#primaryimage"},"thumbnailUrl":"https:\/\/fonasa.mindy.cl\/blog\/wp-content\/uploads\/2025\/04\/apena-del-sueno-que-es-1.png","datePublished":"2025-04-28T22:33:11+00:00","dateModified":"2026-03-25T15:42:19+00:00","description":"Descubre qu\u00e9 es el sue\u00f1o de apnea, cu\u00e1les son sus s\u00edntomas y las mejores opciones de diagn\u00f3stico y tratamiento para mejorar tu salud.","breadcrumb":{"@id":"https:\/\/fonasa.mindy.cl\/blog\/sueno-de-apnea\/#breadcrumb"},"inLanguage":"es-CL","potentialAction":[{"@type":"ReadAction","target":["https:\/\/fonasa.mindy.cl\/blog\/sueno-de-apnea\/"]}]},{"@type":"ImageObject","inLanguage":"es-CL","@id":"https:\/\/fonasa.mindy.cl\/blog\/sueno-de-apnea\/#primaryimage","url":"https:\/\/fonasa.mindy.cl\/blog\/wp-content\/uploads\/2025\/04\/apena-del-sueno-que-es-1.png","contentUrl":"https:\/\/fonasa.mindy.cl\/blog\/wp-content\/uploads\/2025\/04\/apena-del-sueno-que-es-1.png","width":1536,"height":1024,"caption":"apnea del sueno que es"},{"@type":"BreadcrumbList","@id":"https:\/\/fonasa.mindy.cl\/blog\/sueno-de-apnea\/#breadcrumb","itemListElement":[{"@type":"ListItem","position":1,"name":"Home","item":"https:\/\/fonasa.mindy.cl\/blog\/"},{"@type":"ListItem","position":2,"name":"Sue\u00f1o de Apnea: Qu\u00e9 es, S\u00edntomas y Tratamientos Disponibles"}]},{"@type":"WebSite","@id":"https:\/\/fonasa.mindy.cl\/blog\/#website","url":"https:\/\/fonasa.mindy.cl\/blog\/","name":"Mindy Fonasa Blog","description":"Un blog de salud mental","publisher":{"@id":"https:\/\/fonasa.mindy.cl\/blog\/#organization"},"potentialAction":[{"@type":"SearchAction","target":{"@type":"EntryPoint","urlTemplate":"https:\/\/fonasa.mindy.cl\/blog\/?s={search_term_string}"},"query-input":"required name=search_term_string"}],"inLanguage":"es-CL"},{"@type":"Organization","@id":"https:\/\/fonasa.mindy.cl\/blog\/#organization","name":"Mindy Fonasa Blog","url":"https:\/\/fonasa.mindy.cl\/blog\/","logo":{"@type":"ImageObject","inLanguage":"es-CL","@id":"https:\/\/fonasa.mindy.cl\/blog\/#\/schema\/logo\/image\/","url":"https:\/\/fonasa.mindy.cl\/blog\/wp-content\/uploads\/2024\/07\/logo_cuadrado.png","contentUrl":"https:\/\/fonasa.mindy.cl\/blog\/wp-content\/uploads\/2024\/07\/logo_cuadrado.png","width":300,"height":300,"caption":"Mindy Fonasa Blog"},"image":{"@id":"https:\/\/fonasa.mindy.cl\/blog\/#\/schema\/logo\/image\/"}},{"@type":"Person","@id":"https:\/\/fonasa.mindy.cl\/blog\/#\/schema\/person\/6b2fdf85e03858572a636b7b9ce17d81","name":"reinaldo@mindy.cl","url":"https:\/\/fonasa.mindy.cl\/blog\/author\/reinaldomindy-cl\/"}]}},"_links":{"self":[{"href":"https:\/\/fonasa.mindy.cl\/blog\/wp-json\/wp\/v2\/posts\/444"}],"collection":[{"href":"https:\/\/fonasa.mindy.cl\/blog\/wp-json\/wp\/v2\/posts"}],"about":[{"href":"https:\/\/fonasa.mindy.cl\/blog\/wp-json\/wp\/v2\/types\/post"}],"author":[{"embeddable":true,"href":"https:\/\/fonasa.mindy.cl\/blog\/wp-json\/wp\/v2\/users\/2"}],"replies":[{"embeddable":true,"href":"https:\/\/fonasa.mindy.cl\/blog\/wp-json\/wp\/v2\/comments?post=444"}],"version-history":[{"count":3,"href":"https:\/\/fonasa.mindy.cl\/blog\/wp-json\/wp\/v2\/posts\/444\/revisions"}],"predecessor-version":[{"id":1778,"href":"https:\/\/fonasa.mindy.cl\/blog\/wp-json\/wp\/v2\/posts\/444\/revisions\/1778"}],"wp:featuredmedia":[{"embeddable":true,"href":"https:\/\/fonasa.mindy.cl\/blog\/wp-json\/wp\/v2\/media\/445"}],"wp:attachment":[{"href":"https:\/\/fonasa.mindy.cl\/blog\/wp-json\/wp\/v2\/media?parent=444"}],"wp:term":[{"taxonomy":"category","embeddable":true,"href":"https:\/\/fonasa.mindy.cl\/blog\/wp-json\/wp\/v2\/categories?post=444"},{"taxonomy":"post_tag","embeddable":true,"href":"https:\/\/fonasa.mindy.cl\/blog\/wp-json\/wp\/v2\/tags?post=444"}],"curies":[{"name":"wp","href":"https:\/\/api.w.org\/{rel}","templated":true}]}}