{"id":432,"date":"2025-04-28T17:13:15","date_gmt":"2025-04-28T21:13:15","guid":{"rendered":"https:\/\/fonasa.mindy.cl\/blog\/?p=432"},"modified":"2026-03-25T12:21:25","modified_gmt":"2026-03-25T15:21:25","slug":"apneas-respiratorias","status":"publish","type":"post","link":"https:\/\/fonasa.mindy.cl\/blog\/apneas-respiratorias\/","title":{"rendered":"Apneas respiratorias: qu\u00e9 son, tipos, causas y tratamientos"},"content":{"rendered":"\n<p>Las <strong>apneas respiratorias<\/strong> son interrupciones breves y repetidas de la respiraci\u00f3n durante el sue\u00f1o. Estas pausas pueden durar desde unos pocos segundos hasta m\u00e1s de un minuto, reduciendo los niveles de ox\u00edgeno en sangre y afectando gravemente la calidad del descanso.<\/p>\n\n\n\n<p>Detectar y tratar las <strong>apneas respiratorias<\/strong> es fundamental, ya que si se dejan sin atenci\u00f3n, aumentan el riesgo de desarrollar hipertensi\u00f3n, enfermedades cardiovasculares, diabetes tipo 2 y trastornos emocionales.<\/p>\n\n\n\n<p>En este art\u00edculo te explicamos qu\u00e9 son, qu\u00e9 tipos existen, sus principales causas, s\u00edntomas, consecuencias y los <strong><a href=\"https:\/\/mindy.cl\">tratamientos m\u00e1s efectivos disponibles hoy en d\u00eda<\/a><\/strong>.<\/p>\n\n\n\n<h2 class=\"wp-block-heading has-x-large-font-size\">\u00bfQu\u00e9 son las apneas respiratorias?<\/h2>\n\n\n\n<p>Las <strong>apneas respiratorias<\/strong> son trastornos que afectan la forma en que respiramos mientras dormimos. Durante estos episodios, el flujo de aire se detiene parcial o completamente, lo que obliga al cerebro a interrumpir el sue\u00f1o brevemente para reactivar la respiraci\u00f3n.<\/p>\n\n\n\n<p>Este patr\u00f3n de despertares repetidos impide alcanzar las fases profundas y reparadoras del sue\u00f1o, provocando fatiga diurna, deterioro cognitivo y afectaci\u00f3n de la salud f\u00edsica a largo plazo.<\/p>\n\n\n\n<p>La apnea no tratada puede pasar desapercibida durante a\u00f1os, por lo que es vital conocer sus se\u00f1ales y buscar atenci\u00f3n m\u00e9dica especializada.<\/p>\n\n\n\n<h2 class=\"wp-block-heading has-large-font-size\">Tipos de apneas respiratorias<\/h2>\n\n\n\n<p>Existen tres tipos principales de <strong>apneas respiratorias<\/strong>, cada una con caracter\u00edsticas espec\u00edficas:<\/p>\n\n\n\n<ul>\n<li><strong>Apnea obstructiva del sue\u00f1o:<\/strong> es la forma m\u00e1s com\u00fan. Se produce cuando los m\u00fasculos de la garganta se relajan excesivamente y bloquean f\u00edsicamente las v\u00edas respiratorias.<\/li>\n\n\n\n<li><strong>Apnea central del sue\u00f1o:<\/strong> en este tipo, el problema no es f\u00edsico, sino neurol\u00f3gico. El cerebro falla al enviar las se\u00f1ales adecuadas a los m\u00fasculos encargados de la respiraci\u00f3n.<\/li>\n\n\n\n<li><strong>Apnea mixta:<\/strong> es una combinaci\u00f3n de apnea obstructiva y apnea central. Generalmente se identifica durante estudios de sue\u00f1o detallados.<\/li>\n<\/ul>\n\n\n\n<p>Cada tipo de apnea requiere un enfoque diagn\u00f3stico y terap\u00e9utico adaptado a su origen.<\/p>\n\n\n\n<h2 class=\"wp-block-heading has-x-large-font-size\">Causas de las apneas respiratorias<\/h2>\n\n\n\n<figure class=\"wp-block-image aligncenter size-full\"><img loading=\"lazy\" decoding=\"async\" width=\"640\" height=\"427\" src=\"https:\/\/fonasa.mindy.cl\/blog\/wp-content\/uploads\/2026\/03\/pexels-cottonbro-6202735.jpg\" alt=\"apnea respiratoria\" class=\"wp-image-1768\"\/><\/figure>\n\n\n\n<p>Diversos factores pueden contribuir al desarrollo de <strong>apneas respiratorias<\/strong>:<\/p>\n\n\n\n<ul>\n<li><strong>Sobrepeso y obesidad:<\/strong> el exceso de tejido adiposo puede obstruir las v\u00edas a\u00e9reas.<\/li>\n\n\n\n<li><strong>Factores anat\u00f3micos:<\/strong> am\u00edgdalas grandes, lengua grande o anomal\u00edas estructurales.<\/li>\n\n\n\n<li><strong>Consumo de alcohol y sedantes:<\/strong> relajan los m\u00fasculos de la garganta, favoreciendo el colapso de las v\u00edas respiratorias.<\/li>\n\n\n\n<li><strong>Edad avanzada:<\/strong> el riesgo aumenta con el envejecimiento debido a la p\u00e9rdida de tono muscular.<\/li>\n\n\n\n<li><strong>Tabaquismo:<\/strong> provoca inflamaci\u00f3n de las v\u00edas respiratorias superiores.<\/li>\n\n\n\n<li><strong>Problemas neurol\u00f3gicos:<\/strong> en el caso de la apnea central del sue\u00f1o.<\/li>\n<\/ul>\n\n\n\n<p>Conocer las causas es clave para orientar el diagn\u00f3stico y definir el tratamiento m\u00e1s adecuado.<\/p>\n\n\n\n<h2 class=\"wp-block-heading has-x-large-font-size\">S\u00edntomas de las apneas respiratorias<\/h2>\n\n\n\n<p>Reconocer los s\u00edntomas de las <strong>apneas respiratorias<\/strong> es esencial para buscar ayuda m\u00e9dica temprana y evitar complicaciones graves. Los signos m\u00e1s frecuentes incluyen:<\/p>\n\n\n\n<ul>\n<li><strong>Ronquidos fuertes y persistentes<\/strong>, que a menudo interrumpen el sue\u00f1o de quienes comparten la habitaci\u00f3n.<\/li>\n\n\n\n<li><strong>Pausas respiratorias observadas durante el sue\u00f1o<\/strong>, seguidas de jadeos o despertares bruscos.<\/li>\n\n\n\n<li><strong>Somnolencia excesiva durante el d\u00eda<\/strong>, dificultad para mantenerse despierto en actividades rutinarias.<\/li>\n\n\n\n<li><strong>Fatiga cr\u00f3nica<\/strong> y sensaci\u00f3n de no haber descansado adecuadamente, incluso tras varias horas de sue\u00f1o.<\/li>\n\n\n\n<li><strong>Dolores de cabeza matutinos<\/strong>, asociados a bajos niveles de ox\u00edgeno durante la noche.<\/li>\n\n\n\n<li><strong>Irritabilidad, cambios de humor y dificultad para concentrarse<\/strong>, impactando el desempe\u00f1o laboral, acad\u00e9mico y social.<\/li>\n<\/ul>\n\n\n\n<p>Estos s\u00edntomas, sobre todo cuando se presentan en conjunto, deben ser motivo de consulta m\u00e9dica para descartar o confirmar el diagn\u00f3stico de <strong>apneas respiratorias<\/strong>.<\/p>\n\n\n\n<h2 class=\"wp-block-heading has-large-font-size\">Consecuencias de no tratar las apneas respiratorias<\/h2>\n\n\n\n<p>Dejar las <strong>apneas respiratorias<\/strong> sin tratamiento puede desencadenar consecuencias serias para la salud general. Las principales complicaciones incluyen:<\/p>\n\n\n\n<ul>\n<li><strong>Hipertensi\u00f3n arterial cr\u00f3nica<\/strong>, debido al estr\u00e9s constante que las pausas respiratorias ejercen sobre el sistema cardiovascular.<\/li>\n\n\n\n<li><strong>Enfermedades cardiovasculares graves<\/strong>, como infartos de miocardio y accidentes cerebrovasculares.<\/li>\n\n\n\n<li><strong>Diabetes tipo 2<\/strong>, derivada de alteraciones metab\u00f3licas asociadas a la mala calidad del sue\u00f1o.<\/li>\n\n\n\n<li><strong>Trastornos cognitivos<\/strong>, incluyendo p\u00e9rdida de memoria, disminuci\u00f3n de la concentraci\u00f3n y deterioro de las capacidades ejecutivas.<\/li>\n\n\n\n<li><strong>Problemas emocionales<\/strong>, como depresi\u00f3n y ansiedad cr\u00f3nica.<\/li>\n\n\n\n<li><strong>Mayor riesgo de accidentes laborales y de tr\u00e1fico<\/strong>, a causa de la somnolencia y disminuci\u00f3n de los reflejos.<\/li>\n<\/ul>\n\n\n\n<p>Las <strong>apneas respiratorias<\/strong> no deben subestimarse, ya que afectan de manera integral la salud f\u00edsica, emocional y social del paciente.<\/p>\n\n\n\n<h2 class=\"wp-block-heading has-x-large-font-size\">Diagn\u00f3stico de las apneas respiratorias<\/h2>\n\n\n\n<p>El diagn\u00f3stico de las <strong>apneas respiratorias<\/strong> requiere una evaluaci\u00f3n m\u00e9dica especializada. Detectarlas a tiempo es clave para iniciar un tratamiento adecuado y prevenir complicaciones futuras.<\/p>\n\n\n\n<p>Las principales herramientas de diagn\u00f3stico incluyen:<\/p>\n\n\n\n<ul>\n<li><strong>Evaluaci\u00f3n cl\u00ednica:<\/strong> el m\u00e9dico recopila antecedentes m\u00e9dicos, s\u00edntomas reportados y realiza un examen f\u00edsico detallado, prestando especial atenci\u00f3n a factores de riesgo anat\u00f3micos o neurol\u00f3gicos.<\/li>\n\n\n\n<li><strong>Polisomnograf\u00eda nocturna:<\/strong> es el estudio de referencia para confirmar la presencia de apneas respiratorias. Se realiza en un laboratorio del sue\u00f1o y monitoriza variables como la actividad cerebral, respiraci\u00f3n, niveles de ox\u00edgeno en sangre, frecuencia card\u00edaca y movimientos musculares.<\/li>\n\n\n\n<li><strong>Estudios de sue\u00f1o domiciliarios:<\/strong> en algunos casos, se pueden utilizar dispositivos port\u00e1tiles para evaluar los patrones respiratorios durante el sue\u00f1o en casa, especialmente en pacientes con alta sospecha cl\u00ednica.<\/li>\n<\/ul>\n\n\n\n<p>Un diagn\u00f3stico preciso no solo determina la presencia de <strong>apneas respiratorias<\/strong>, sino tambi\u00e9n su tipo (obstructiva, central o mixta) y su gravedad (leve, moderada o severa).<\/p>\n\n\n\n<h2 class=\"wp-block-heading has-x-large-font-size\">Tratamientos disponibles para las apneas respiratorias<\/h2>\n\n\n\n<figure class=\"wp-block-image aligncenter size-full\"><img loading=\"lazy\" decoding=\"async\" width=\"640\" height=\"476\" src=\"https:\/\/fonasa.mindy.cl\/blog\/wp-content\/uploads\/2026\/03\/pexels-cnordic-nordic-2147669838-29702937.jpg\" alt=\"Apneas respiratorias\" class=\"wp-image-1769\"\/><\/figure>\n\n\n\n<p>El tratamiento de las <strong>apneas respiratorias<\/strong> se adapta a las necesidades individuales de cada paciente, dependiendo del tipo y la severidad del trastorno.<\/p>\n\n\n\n<h3 class=\"wp-block-heading has-large-font-size\">Cambios de estilo de vida<\/h3>\n\n\n\n<ul>\n<li><strong>P\u00e9rdida de peso:<\/strong> bajar de peso puede reducir significativamente la gravedad de la apnea obstructiva.<\/li>\n\n\n\n<li><strong>Dormir de lado:<\/strong> adoptar una posici\u00f3n lateral al dormir ayuda a evitar el colapso de las v\u00edas respiratorias.<\/li>\n\n\n\n<li><strong>Evitar alcohol y sedantes:<\/strong> disminuye la relajaci\u00f3n excesiva de los m\u00fasculos de la garganta.<\/li>\n\n\n\n<li><strong>Dejar de fumar:<\/strong> reduce la inflamaci\u00f3n y mejora el flujo de aire en las v\u00edas respiratorias.<\/li>\n<\/ul>\n\n\n\n<h3 class=\"wp-block-heading has-large-font-size\">Dispositivos CPAP y sus variantes<\/h3>\n\n\n\n<ul>\n<li><strong>CPAP (Presi\u00f3n Positiva Continua en la V\u00eda A\u00e9rea):<\/strong> mantiene abiertas las v\u00edas respiratorias mediante un flujo constante de aire a trav\u00e9s de una mascarilla.<\/li>\n\n\n\n<li><strong>APAP (Presi\u00f3n Positiva Autom\u00e1tica):<\/strong> ajusta autom\u00e1ticamente la presi\u00f3n de aire seg\u00fan las necesidades del paciente.<\/li>\n\n\n\n<li><strong>BiPAP (Presi\u00f3n Positiva Bif\u00e1sica):<\/strong> proporciona diferentes niveles de presi\u00f3n para la inhalaci\u00f3n y la exhalaci\u00f3n, \u00fatil en casos de apnea central o mixta.<\/li>\n<\/ul>\n\n\n\n<h3 class=\"wp-block-heading has-large-font-size\">Dispositivos orales<\/h3>\n\n\n\n<ul>\n<li><strong>F\u00e9rulas de avance mandibular:<\/strong> dispositivos dentales que reposicionan la mand\u00edbula para mantener abiertas las v\u00edas respiratorias. Son una alternativa efectiva para casos leves a moderados y para quienes no toleran el CPAP.<\/li>\n<\/ul>\n\n\n\n<h3 class=\"wp-block-heading has-large-font-size\">Cirug\u00eda<\/h3>\n\n\n\n<ul>\n<li><strong>Uvulopalatofaringoplastia (UPPP):<\/strong> extirpaci\u00f3n de tejido en la garganta para ensanchar las v\u00edas respiratorias.<\/li>\n\n\n\n<li><strong>Cirug\u00eda de avance mandibular:<\/strong> reposiciona la mand\u00edbula hacia adelante para aumentar el espacio a\u00e9reo.<\/li>\n\n\n\n<li><strong>Implantes Inspire:<\/strong> dispositivo que estimula el nervio hipogloso para mantener la v\u00eda a\u00e9rea abierta.<\/li>\n\n\n\n<li><strong>Cirug\u00eda nasal:<\/strong> correcci\u00f3n de desviaciones del tabique o tratamiento de obstrucciones nasales.<\/li>\n<\/ul>\n\n\n\n<h2 class=\"wp-block-heading has-x-large-font-size\">\u00bfCu\u00e1ndo consultar a un especialista?<\/h2>\n\n\n\n<p>Consultar a un especialista en trastornos del sue\u00f1o es fundamental si presentas s\u00edntomas compatibles con <strong>apneas respiratorias<\/strong> o si notas que la calidad de tu descanso ha disminuido significativamente.<br>Algunas se\u00f1ales de alerta incluyen:<\/p>\n\n\n\n<ul>\n<li><strong>Ronquidos fuertes y persistentes<\/strong> acompa\u00f1ados de pausas respiratorias.<\/li>\n\n\n\n<li><strong>Somnolencia excesiva durante el d\u00eda<\/strong> que afecta tu rendimiento laboral o social.<\/li>\n\n\n\n<li><strong>Despertares bruscos<\/strong> con sensaci\u00f3n de ahogo o falta de aire.<\/li>\n\n\n\n<li><strong>Cansancio constante<\/strong> a pesar de dormir varias horas.<\/li>\n\n\n\n<li><strong>Irritabilidad, depresi\u00f3n o problemas de concentraci\u00f3n<\/strong> sin causa aparente.<\/li>\n<\/ul>\n\n\n\n<p>Recibir un diagn\u00f3stico y tratamiento temprano mejora no solo la calidad del sue\u00f1o, sino tambi\u00e9n la salud general, previniendo complicaciones mayores.<\/p>\n\n\n\n<p>Adem\u00e1s del tratamiento m\u00e9dico, es importante abordar el impacto emocional que pueden provocar las <strong>apneas respiratorias<\/strong>. En <strong>Mindy.cl<\/strong>, puedes acceder a <strong>consulta psicol\u00f3gica Fonasa online<\/strong>, donde profesionales especializados te acompa\u00f1ar\u00e1n en la gesti\u00f3n emocional asociada a los trastornos del sue\u00f1o y te ayudar\u00e1n a fortalecer tu bienestar integral.<\/p>\n\n\n\n<h2 class=\"wp-block-heading has-large-font-size\">Conclusi\u00f3n<\/h2>\n\n\n\n<p>Las <strong>apneas respiratorias<\/strong> son un trastorno serio que afecta profundamente la calidad del sue\u00f1o y la salud en general.<br>Detectarlas a tiempo y acceder a un tratamiento adecuado es crucial para prevenir riesgos cardiovasculares, metab\u00f3licos, cognitivos y emocionales.<\/p>\n\n\n\n<p>Existen m\u00faltiples alternativas terap\u00e9uticas, desde cambios en el estilo de vida hasta el uso de dispositivos especializados o cirug\u00edas, que permiten controlar eficazmente este trastorno.<\/p>\n\n\n\n<p>Si sospechas que podr\u00edas estar sufriendo <strong>apneas respiratorias<\/strong>, no postergues tu bienestar. Busca ayuda profesional y recuerda que en <strong><a href=\"https:\/\/fonasa.mindy.cl\/\">Fonasa Mindy<\/a><\/strong> cuentas con apoyo psicol\u00f3gico a trav\u00e9s de <strong>consulta Fonasa online<\/strong> para acompa\u00f1arte en este proceso hacia un mejor descanso y una vida m\u00e1s saludable.<br><strong>Dormir bien es cuidar tu salud. Act\u00faa hoy.<\/strong><\/p>\n\n\n\n<h2 class=\"wp-block-heading has-x-large-font-size\">\u00bfNo sabes por d\u00f3nde empezar? Descubre tu terapia recomendada<\/h2>\n\n\n\n<p>Iniciar un proceso psicol\u00f3gico puede generar dudas sobre cu\u00e1l es el mejor camino. En <strong>Fonasa Mindy<\/strong> queremos facilitarte el proceso: responde unas breves preguntas para identificar el modelo terap\u00e9utico m\u00e1s efectivo para tu bienestar emocional. Es r\u00e1pido, sencillo y te ayudar\u00e1 a conectar con el profesional adecuado. <\/p>\n\n\n\n<p>\ud83d\udc49 <strong><a href=\"https:\/\/form.typeform.com\/to\/jfcSJODX\" target=\"_blank\" rel=\"noreferrer noopener\">Haz clic para descubrir tu tipo de terapia<\/a><\/strong><\/p>\n","protected":false},"excerpt":{"rendered":"<p>Las apneas respiratorias interrumpen el sue\u00f1o y afectan la salud f\u00edsica y emocional. Aprende a reconocerlas, tratarlas y accede a apoyo psicol\u00f3gico Fonasa online.<\/p>\n","protected":false},"author":2,"featured_media":433,"comment_status":"open","ping_status":"open","sticky":false,"template":"","format":"standard","meta":{"footnotes":""},"categories":[114,277],"tags":[],"yoast_head":"<!-- This site is optimized with the Yoast SEO plugin v23.0 - https:\/\/yoast.com\/wordpress\/plugins\/seo\/ -->\n<title>Apneas respiratorias: qu\u00e9 son, tipos, causas y tratamientos<\/title>\n<meta name=\"description\" content=\"Descubre qu\u00e9 son las apneas respiratorias, sus s\u00edntomas y tratamientos. Accede a consulta psicol\u00f3gica Fonasa online y mejora tu bienestar.\" \/>\n<meta name=\"robots\" content=\"index, follow, max-snippet:-1, max-image-preview:large, max-video-preview:-1\" \/>\n<link rel=\"canonical\" href=\"https:\/\/fonasa.mindy.cl\/blog\/apneas-respiratorias\/\" \/>\n<meta property=\"og:locale\" content=\"es_ES\" \/>\n<meta property=\"og:type\" content=\"article\" \/>\n<meta property=\"og:title\" content=\"Apneas respiratorias: qu\u00e9 son, tipos, causas y tratamientos\" \/>\n<meta property=\"og:description\" content=\"Descubre qu\u00e9 son las apneas respiratorias, sus s\u00edntomas y tratamientos. Accede a consulta psicol\u00f3gica Fonasa online y mejora tu bienestar.\" \/>\n<meta property=\"og:url\" content=\"https:\/\/fonasa.mindy.cl\/blog\/apneas-respiratorias\/\" \/>\n<meta property=\"og:site_name\" content=\"Mindy Fonasa Blog\" \/>\n<meta property=\"article:published_time\" content=\"2025-04-28T21:13:15+00:00\" \/>\n<meta property=\"article:modified_time\" content=\"2026-03-25T15:21:25+00:00\" \/>\n<meta property=\"og:image\" content=\"https:\/\/fonasa.mindy.cl\/blog\/wp-content\/uploads\/2025\/04\/apenas-respiratorias.png\" \/>\n\t<meta property=\"og:image:width\" content=\"1536\" \/>\n\t<meta property=\"og:image:height\" content=\"1024\" \/>\n\t<meta property=\"og:image:type\" content=\"image\/png\" \/>\n<meta name=\"author\" content=\"reinaldo@mindy.cl\" \/>\n<meta name=\"twitter:card\" content=\"summary_large_image\" \/>\n<meta name=\"twitter:label1\" content=\"Written by\" \/>\n\t<meta name=\"twitter:data1\" content=\"reinaldo@mindy.cl\" \/>\n\t<meta name=\"twitter:label2\" content=\"Est. reading time\" \/>\n\t<meta name=\"twitter:data2\" content=\"8 minutos\" \/>\n<script type=\"application\/ld+json\" class=\"yoast-schema-graph\">{\"@context\":\"https:\/\/schema.org\",\"@graph\":[{\"@type\":\"Article\",\"@id\":\"https:\/\/fonasa.mindy.cl\/blog\/apneas-respiratorias\/#article\",\"isPartOf\":{\"@id\":\"https:\/\/fonasa.mindy.cl\/blog\/apneas-respiratorias\/\"},\"author\":{\"name\":\"reinaldo@mindy.cl\",\"@id\":\"https:\/\/fonasa.mindy.cl\/blog\/#\/schema\/person\/6b2fdf85e03858572a636b7b9ce17d81\"},\"headline\":\"Apneas respiratorias: qu\u00e9 son, tipos, causas y tratamientos\",\"datePublished\":\"2025-04-28T21:13:15+00:00\",\"dateModified\":\"2026-03-25T15:21:25+00:00\",\"mainEntityOfPage\":{\"@id\":\"https:\/\/fonasa.mindy.cl\/blog\/apneas-respiratorias\/\"},\"wordCount\":1586,\"commentCount\":18,\"publisher\":{\"@id\":\"https:\/\/fonasa.mindy.cl\/blog\/#organization\"},\"image\":{\"@id\":\"https:\/\/fonasa.mindy.cl\/blog\/apneas-respiratorias\/#primaryimage\"},\"thumbnailUrl\":\"https:\/\/fonasa.mindy.cl\/blog\/wp-content\/uploads\/2025\/04\/apenas-respiratorias.png\",\"articleSection\":[\"Psic\u00f3logos Fonasa\",\"Trastornos de sue\u00f1o\"],\"inLanguage\":\"es-CL\",\"potentialAction\":[{\"@type\":\"CommentAction\",\"name\":\"Comment\",\"target\":[\"https:\/\/fonasa.mindy.cl\/blog\/apneas-respiratorias\/#respond\"]}]},{\"@type\":\"WebPage\",\"@id\":\"https:\/\/fonasa.mindy.cl\/blog\/apneas-respiratorias\/\",\"url\":\"https:\/\/fonasa.mindy.cl\/blog\/apneas-respiratorias\/\",\"name\":\"Apneas respiratorias: qu\u00e9 son, tipos, causas y tratamientos\",\"isPartOf\":{\"@id\":\"https:\/\/fonasa.mindy.cl\/blog\/#website\"},\"primaryImageOfPage\":{\"@id\":\"https:\/\/fonasa.mindy.cl\/blog\/apneas-respiratorias\/#primaryimage\"},\"image\":{\"@id\":\"https:\/\/fonasa.mindy.cl\/blog\/apneas-respiratorias\/#primaryimage\"},\"thumbnailUrl\":\"https:\/\/fonasa.mindy.cl\/blog\/wp-content\/uploads\/2025\/04\/apenas-respiratorias.png\",\"datePublished\":\"2025-04-28T21:13:15+00:00\",\"dateModified\":\"2026-03-25T15:21:25+00:00\",\"description\":\"Descubre qu\u00e9 son las apneas respiratorias, sus s\u00edntomas y tratamientos. Accede a consulta psicol\u00f3gica Fonasa online y mejora tu bienestar.\",\"breadcrumb\":{\"@id\":\"https:\/\/fonasa.mindy.cl\/blog\/apneas-respiratorias\/#breadcrumb\"},\"inLanguage\":\"es-CL\",\"potentialAction\":[{\"@type\":\"ReadAction\",\"target\":[\"https:\/\/fonasa.mindy.cl\/blog\/apneas-respiratorias\/\"]}]},{\"@type\":\"ImageObject\",\"inLanguage\":\"es-CL\",\"@id\":\"https:\/\/fonasa.mindy.cl\/blog\/apneas-respiratorias\/#primaryimage\",\"url\":\"https:\/\/fonasa.mindy.cl\/blog\/wp-content\/uploads\/2025\/04\/apenas-respiratorias.png\",\"contentUrl\":\"https:\/\/fonasa.mindy.cl\/blog\/wp-content\/uploads\/2025\/04\/apenas-respiratorias.png\",\"width\":1536,\"height\":1024,\"caption\":\"apneas respiratorias\"},{\"@type\":\"BreadcrumbList\",\"@id\":\"https:\/\/fonasa.mindy.cl\/blog\/apneas-respiratorias\/#breadcrumb\",\"itemListElement\":[{\"@type\":\"ListItem\",\"position\":1,\"name\":\"Home\",\"item\":\"https:\/\/fonasa.mindy.cl\/blog\/\"},{\"@type\":\"ListItem\",\"position\":2,\"name\":\"Apneas respiratorias: qu\u00e9 son, tipos, causas y tratamientos\"}]},{\"@type\":\"WebSite\",\"@id\":\"https:\/\/fonasa.mindy.cl\/blog\/#website\",\"url\":\"https:\/\/fonasa.mindy.cl\/blog\/\",\"name\":\"Mindy Fonasa Blog\",\"description\":\"Un blog de salud mental\",\"publisher\":{\"@id\":\"https:\/\/fonasa.mindy.cl\/blog\/#organization\"},\"potentialAction\":[{\"@type\":\"SearchAction\",\"target\":{\"@type\":\"EntryPoint\",\"urlTemplate\":\"https:\/\/fonasa.mindy.cl\/blog\/?s={search_term_string}\"},\"query-input\":\"required name=search_term_string\"}],\"inLanguage\":\"es-CL\"},{\"@type\":\"Organization\",\"@id\":\"https:\/\/fonasa.mindy.cl\/blog\/#organization\",\"name\":\"Mindy Fonasa Blog\",\"url\":\"https:\/\/fonasa.mindy.cl\/blog\/\",\"logo\":{\"@type\":\"ImageObject\",\"inLanguage\":\"es-CL\",\"@id\":\"https:\/\/fonasa.mindy.cl\/blog\/#\/schema\/logo\/image\/\",\"url\":\"https:\/\/fonasa.mindy.cl\/blog\/wp-content\/uploads\/2024\/07\/logo_cuadrado.png\",\"contentUrl\":\"https:\/\/fonasa.mindy.cl\/blog\/wp-content\/uploads\/2024\/07\/logo_cuadrado.png\",\"width\":300,\"height\":300,\"caption\":\"Mindy Fonasa Blog\"},\"image\":{\"@id\":\"https:\/\/fonasa.mindy.cl\/blog\/#\/schema\/logo\/image\/\"}},{\"@type\":\"Person\",\"@id\":\"https:\/\/fonasa.mindy.cl\/blog\/#\/schema\/person\/6b2fdf85e03858572a636b7b9ce17d81\",\"name\":\"reinaldo@mindy.cl\",\"url\":\"https:\/\/fonasa.mindy.cl\/blog\/author\/reinaldomindy-cl\/\"}]}<\/script>\n<!-- \/ Yoast SEO plugin. -->","yoast_head_json":{"title":"Apneas respiratorias: qu\u00e9 son, tipos, causas y tratamientos","description":"Descubre qu\u00e9 son las apneas respiratorias, sus s\u00edntomas y tratamientos. Accede a consulta psicol\u00f3gica Fonasa online y mejora tu bienestar.","robots":{"index":"index","follow":"follow","max-snippet":"max-snippet:-1","max-image-preview":"max-image-preview:large","max-video-preview":"max-video-preview:-1"},"canonical":"https:\/\/fonasa.mindy.cl\/blog\/apneas-respiratorias\/","og_locale":"es_ES","og_type":"article","og_title":"Apneas respiratorias: qu\u00e9 son, tipos, causas y tratamientos","og_description":"Descubre qu\u00e9 son las apneas respiratorias, sus s\u00edntomas y tratamientos. Accede a consulta psicol\u00f3gica Fonasa online y mejora tu bienestar.","og_url":"https:\/\/fonasa.mindy.cl\/blog\/apneas-respiratorias\/","og_site_name":"Mindy Fonasa Blog","article_published_time":"2025-04-28T21:13:15+00:00","article_modified_time":"2026-03-25T15:21:25+00:00","og_image":[{"width":1536,"height":1024,"url":"https:\/\/fonasa.mindy.cl\/blog\/wp-content\/uploads\/2025\/04\/apenas-respiratorias.png","type":"image\/png"}],"author":"reinaldo@mindy.cl","twitter_card":"summary_large_image","twitter_misc":{"Written by":"reinaldo@mindy.cl","Est. reading time":"8 minutos"},"schema":{"@context":"https:\/\/schema.org","@graph":[{"@type":"Article","@id":"https:\/\/fonasa.mindy.cl\/blog\/apneas-respiratorias\/#article","isPartOf":{"@id":"https:\/\/fonasa.mindy.cl\/blog\/apneas-respiratorias\/"},"author":{"name":"reinaldo@mindy.cl","@id":"https:\/\/fonasa.mindy.cl\/blog\/#\/schema\/person\/6b2fdf85e03858572a636b7b9ce17d81"},"headline":"Apneas respiratorias: qu\u00e9 son, tipos, causas y tratamientos","datePublished":"2025-04-28T21:13:15+00:00","dateModified":"2026-03-25T15:21:25+00:00","mainEntityOfPage":{"@id":"https:\/\/fonasa.mindy.cl\/blog\/apneas-respiratorias\/"},"wordCount":1586,"commentCount":18,"publisher":{"@id":"https:\/\/fonasa.mindy.cl\/blog\/#organization"},"image":{"@id":"https:\/\/fonasa.mindy.cl\/blog\/apneas-respiratorias\/#primaryimage"},"thumbnailUrl":"https:\/\/fonasa.mindy.cl\/blog\/wp-content\/uploads\/2025\/04\/apenas-respiratorias.png","articleSection":["Psic\u00f3logos Fonasa","Trastornos de sue\u00f1o"],"inLanguage":"es-CL","potentialAction":[{"@type":"CommentAction","name":"Comment","target":["https:\/\/fonasa.mindy.cl\/blog\/apneas-respiratorias\/#respond"]}]},{"@type":"WebPage","@id":"https:\/\/fonasa.mindy.cl\/blog\/apneas-respiratorias\/","url":"https:\/\/fonasa.mindy.cl\/blog\/apneas-respiratorias\/","name":"Apneas respiratorias: qu\u00e9 son, tipos, causas y tratamientos","isPartOf":{"@id":"https:\/\/fonasa.mindy.cl\/blog\/#website"},"primaryImageOfPage":{"@id":"https:\/\/fonasa.mindy.cl\/blog\/apneas-respiratorias\/#primaryimage"},"image":{"@id":"https:\/\/fonasa.mindy.cl\/blog\/apneas-respiratorias\/#primaryimage"},"thumbnailUrl":"https:\/\/fonasa.mindy.cl\/blog\/wp-content\/uploads\/2025\/04\/apenas-respiratorias.png","datePublished":"2025-04-28T21:13:15+00:00","dateModified":"2026-03-25T15:21:25+00:00","description":"Descubre qu\u00e9 son las apneas respiratorias, sus s\u00edntomas y tratamientos. Accede a consulta psicol\u00f3gica Fonasa online y mejora tu bienestar.","breadcrumb":{"@id":"https:\/\/fonasa.mindy.cl\/blog\/apneas-respiratorias\/#breadcrumb"},"inLanguage":"es-CL","potentialAction":[{"@type":"ReadAction","target":["https:\/\/fonasa.mindy.cl\/blog\/apneas-respiratorias\/"]}]},{"@type":"ImageObject","inLanguage":"es-CL","@id":"https:\/\/fonasa.mindy.cl\/blog\/apneas-respiratorias\/#primaryimage","url":"https:\/\/fonasa.mindy.cl\/blog\/wp-content\/uploads\/2025\/04\/apenas-respiratorias.png","contentUrl":"https:\/\/fonasa.mindy.cl\/blog\/wp-content\/uploads\/2025\/04\/apenas-respiratorias.png","width":1536,"height":1024,"caption":"apneas respiratorias"},{"@type":"BreadcrumbList","@id":"https:\/\/fonasa.mindy.cl\/blog\/apneas-respiratorias\/#breadcrumb","itemListElement":[{"@type":"ListItem","position":1,"name":"Home","item":"https:\/\/fonasa.mindy.cl\/blog\/"},{"@type":"ListItem","position":2,"name":"Apneas respiratorias: qu\u00e9 son, tipos, causas y tratamientos"}]},{"@type":"WebSite","@id":"https:\/\/fonasa.mindy.cl\/blog\/#website","url":"https:\/\/fonasa.mindy.cl\/blog\/","name":"Mindy Fonasa Blog","description":"Un blog de salud mental","publisher":{"@id":"https:\/\/fonasa.mindy.cl\/blog\/#organization"},"potentialAction":[{"@type":"SearchAction","target":{"@type":"EntryPoint","urlTemplate":"https:\/\/fonasa.mindy.cl\/blog\/?s={search_term_string}"},"query-input":"required name=search_term_string"}],"inLanguage":"es-CL"},{"@type":"Organization","@id":"https:\/\/fonasa.mindy.cl\/blog\/#organization","name":"Mindy Fonasa Blog","url":"https:\/\/fonasa.mindy.cl\/blog\/","logo":{"@type":"ImageObject","inLanguage":"es-CL","@id":"https:\/\/fonasa.mindy.cl\/blog\/#\/schema\/logo\/image\/","url":"https:\/\/fonasa.mindy.cl\/blog\/wp-content\/uploads\/2024\/07\/logo_cuadrado.png","contentUrl":"https:\/\/fonasa.mindy.cl\/blog\/wp-content\/uploads\/2024\/07\/logo_cuadrado.png","width":300,"height":300,"caption":"Mindy Fonasa Blog"},"image":{"@id":"https:\/\/fonasa.mindy.cl\/blog\/#\/schema\/logo\/image\/"}},{"@type":"Person","@id":"https:\/\/fonasa.mindy.cl\/blog\/#\/schema\/person\/6b2fdf85e03858572a636b7b9ce17d81","name":"reinaldo@mindy.cl","url":"https:\/\/fonasa.mindy.cl\/blog\/author\/reinaldomindy-cl\/"}]}},"_links":{"self":[{"href":"https:\/\/fonasa.mindy.cl\/blog\/wp-json\/wp\/v2\/posts\/432"}],"collection":[{"href":"https:\/\/fonasa.mindy.cl\/blog\/wp-json\/wp\/v2\/posts"}],"about":[{"href":"https:\/\/fonasa.mindy.cl\/blog\/wp-json\/wp\/v2\/types\/post"}],"author":[{"embeddable":true,"href":"https:\/\/fonasa.mindy.cl\/blog\/wp-json\/wp\/v2\/users\/2"}],"replies":[{"embeddable":true,"href":"https:\/\/fonasa.mindy.cl\/blog\/wp-json\/wp\/v2\/comments?post=432"}],"version-history":[{"count":3,"href":"https:\/\/fonasa.mindy.cl\/blog\/wp-json\/wp\/v2\/posts\/432\/revisions"}],"predecessor-version":[{"id":1770,"href":"https:\/\/fonasa.mindy.cl\/blog\/wp-json\/wp\/v2\/posts\/432\/revisions\/1770"}],"wp:featuredmedia":[{"embeddable":true,"href":"https:\/\/fonasa.mindy.cl\/blog\/wp-json\/wp\/v2\/media\/433"}],"wp:attachment":[{"href":"https:\/\/fonasa.mindy.cl\/blog\/wp-json\/wp\/v2\/media?parent=432"}],"wp:term":[{"taxonomy":"category","embeddable":true,"href":"https:\/\/fonasa.mindy.cl\/blog\/wp-json\/wp\/v2\/categories?post=432"},{"taxonomy":"post_tag","embeddable":true,"href":"https:\/\/fonasa.mindy.cl\/blog\/wp-json\/wp\/v2\/tags?post=432"}],"curies":[{"name":"wp","href":"https:\/\/api.w.org\/{rel}","templated":true}]}}