{"id":426,"date":"2025-04-28T17:08:12","date_gmt":"2025-04-28T21:08:12","guid":{"rendered":"https:\/\/fonasa.mindy.cl\/blog\/?p=426"},"modified":"2026-03-25T14:55:42","modified_gmt":"2026-03-25T17:55:42","slug":"tratamiento-para-la-apnea-del-sueno","status":"publish","type":"post","link":"https:\/\/fonasa.mindy.cl\/blog\/tratamiento-para-la-apnea-del-sueno\/","title":{"rendered":"Tratamiento para la apnea del sue\u00f1o: de cambios de h\u00e1bitos a cirug\u00eda"},"content":{"rendered":"\n<p>El <strong>tratamiento para la apnea del sue\u00f1o<\/strong> es fundamental para quienes padecen este trastorno respiratorio, caracterizado por pausas repetidas en la respiraci\u00f3n durante el descanso nocturno.<br>Sin un tratamiento adecuado, la apnea puede provocar graves consecuencias como hipertensi\u00f3n, enfermedades card\u00edacas, diabetes tipo 2 y deterioro de la calidad de vida.<\/p>\n\n\n\n<p>Hoy en d\u00eda existen diversas alternativas terap\u00e9uticas, que van desde cambios de estilo de vida y terapias con dispositivos como el <strong>CPAP<\/strong>, hasta opciones quir\u00fargicas para los casos m\u00e1s severos.<br>Elegir el tratamiento correcto depende de la gravedad de la apnea, las condiciones f\u00edsicas del paciente y la respuesta a las medidas iniciales.<\/p>\n\n\n\n<p>En este art\u00edculo te explicamos en detalle cu\u00e1les son las mejores opciones de <strong>tratamiento para la apnea del sue\u00f1o<\/strong>, para que puedas recuperar un descanso reparador y <strong><a href=\"https:\/\/mindy.cl\">proteger tu salud integral<\/a><\/strong>.<\/p>\n\n\n\n<h2 class=\"wp-block-heading has-text-align-left has-x-large-font-size\">Opciones de tratamiento para la apnea del sue\u00f1o<\/h2>\n\n\n\n<p>El abordaje de la <strong>apnea del sue\u00f1o tratamiento<\/strong> depende de la gravedad del trastorno, de las caracter\u00edsticas anat\u00f3micas del paciente y de la respuesta a medidas iniciales.<br>Actualmente, existen m\u00faltiples opciones terap\u00e9uticas, que van desde cambios de h\u00e1bitos hasta tratamientos m\u00e9dicos avanzados.<\/p>\n\n\n\n<p>Los principales tratamientos incluyen:<\/p>\n\n\n\n<ul>\n<li><strong>Cambios de estilo de vida:<\/strong> p\u00e9rdida de peso, cambio de posici\u00f3n al dormir, evitar alcohol y tabaco.<\/li>\n\n\n\n<li><strong>Terapias con dispositivos:<\/strong> uso de CPAP, APAP o dispositivos orales de avance mandibular.<\/li>\n\n\n\n<li><strong>Cirug\u00edas correctivas:<\/strong> procedimientos quir\u00fargicos destinados a eliminar obstrucciones f\u00edsicas en las v\u00edas respiratorias.<\/li>\n<\/ul>\n\n\n\n<p>A continuaci\u00f3n, exploraremos cada una de estas alternativas en detalle, para ayudarte a comprender cu\u00e1l puede ser la mejor opci\u00f3n en cada caso.<\/p>\n\n\n\n<h2 class=\"wp-block-heading has-text-align-left has-x-large-font-size\">Terapias de presi\u00f3n positiva continua en las v\u00edas respiratorias (CPAP)<\/h2>\n\n\n\n<figure class=\"wp-block-image aligncenter size-full\"><img loading=\"lazy\" decoding=\"async\" width=\"640\" height=\"427\" src=\"https:\/\/fonasa.mindy.cl\/blog\/wp-content\/uploads\/2026\/03\/pexels-gustavo-fring-6285300-1.jpg\" alt=\"tratamiento para la apnea del sue\u00f1o\" class=\"wp-image-1836\"\/><\/figure>\n\n\n\n<p>La <strong>terapia de presi\u00f3n positiva continua en las v\u00edas respiratorias (CPAP)<\/strong> es el tratamiento m\u00e1s efectivo y recomendado para la apnea del sue\u00f1o moderada o severa.<br>Este m\u00e9todo utiliza un dispositivo que suministra aire presurizado a trav\u00e9s de una mascarilla mientras el paciente duerme, evitando que las v\u00edas respiratorias colapsen.<\/p>\n\n\n\n<p>Los principales beneficios del <strong>CPAP<\/strong> incluyen:<\/p>\n\n\n\n<ul>\n<li><strong>Eliminaci\u00f3n de las pausas respiratorias nocturnas.<\/strong><\/li>\n\n\n\n<li><strong>Mejora inmediata de la oxigenaci\u00f3n sangu\u00ednea.<\/strong><\/li>\n\n\n\n<li><strong>Reducci\u00f3n de la somnolencia diurna y el cansancio cr\u00f3nico.<\/strong><\/li>\n\n\n\n<li><strong>Prevenci\u00f3n de complicaciones cardiovasculares y metab\u00f3licas.<\/strong><\/li>\n<\/ul>\n\n\n\n<p>Sin embargo, algunos pacientes pueden requerir un per\u00edodo de adaptaci\u00f3n para acostumbrarse al uso de la mascarilla y al flujo constante de aire.<br>En caso de intolerancia al CPAP tradicional, existen alternativas como:<\/p>\n\n\n\n<ul>\n<li><strong>APAP (Auto-Adjusting PAP):<\/strong> ajusta autom\u00e1ticamente la presi\u00f3n del aire seg\u00fan las necesidades respiratorias del paciente durante la noche.<\/li>\n\n\n\n<li><strong>BiPAP (Bilevel Positive Airway Pressure):<\/strong> ofrece dos niveles diferentes de presi\u00f3n: uno para inhalar y otro m\u00e1s bajo para exhalar, facilitando la respiraci\u00f3n en ciertos casos.<\/li>\n<\/ul>\n\n\n\n<p>El \u00e9xito del <strong>apnea del sue\u00f1o tratamiento<\/strong> con CPAP depende de su uso constante y correcto cada noche.<\/p>\n\n\n\n<h3 class=\"wp-block-heading has-large-font-size\">Dispositivos orales para el tratamiento de la apnea del sue\u00f1o<\/h3>\n\n\n\n<p>Los <strong>dispositivos orales<\/strong> son una opci\u00f3n terap\u00e9utica eficaz para pacientes con <strong>apnea del sue\u00f1o leve o moderada<\/strong>, o para quienes no toleran el uso del CPAP.<br>Estos aparatos, tambi\u00e9n conocidos como <strong>f\u00e9rulas de avance mandibular<\/strong>, se utilizan durante la noche para mantener abiertas las v\u00edas respiratorias.<\/p>\n\n\n\n<p>Su funcionamiento se basa en:<\/p>\n\n\n\n<ul>\n<li><strong>Adelantar ligeramente la mand\u00edbula<\/strong>, evitando que la lengua y los tejidos blandos obstruyan la v\u00eda a\u00e9rea.<\/li>\n\n\n\n<li><strong>Facilitar el flujo de aire<\/strong> hacia los pulmones de manera continua y sin interrupciones.<\/li>\n\n\n\n<li><strong>Reducir significativamente los ronquidos<\/strong> y las pausas respiratorias.<\/li>\n<\/ul>\n\n\n\n<p>Los beneficios principales de los dispositivos orales son:<\/p>\n\n\n\n<ul>\n<li><strong>Mayor comodidad y portabilidad<\/strong> en comparaci\u00f3n con el CPAP.<\/li>\n\n\n\n<li><strong>Uso sencillo y menos invasivo.<\/strong><\/li>\n\n\n\n<li><strong>Buena tolerancia a largo plazo<\/strong> en muchos pacientes.<\/li>\n<\/ul>\n\n\n\n<p>Para obtener un dispositivo efectivo y seguro, es necesario que sea dise\u00f1ado y ajustado por un odont\u00f3logo especializado en trastornos del sue\u00f1o.<\/p>\n\n\n\n<p>Aunque no todos los pacientes son candidatos ideales, para muchos, estos dispositivos representan una alternativa pr\u00e1ctica dentro del <strong>apnea del sue\u00f1o tratamiento<\/strong>.<\/p>\n\n\n\n<h3 class=\"wp-block-heading has-large-font-size\">Cirug\u00edas para tratar la apnea del sue\u00f1o<\/h3>\n\n\n\n<p>Cuando los tratamientos conservadores como el CPAP o los dispositivos orales no resultan efectivos, o si existe una obstrucci\u00f3n anat\u00f3mica significativa, puede ser necesario recurrir a <strong>cirug\u00edas para tratar la apnea del sue\u00f1o<\/strong>.<br>El objetivo de las intervenciones quir\u00fargicas es <strong>ensanchar las v\u00edas respiratorias<\/strong> para permitir un flujo de aire continuo durante el sue\u00f1o.<\/p>\n\n\n\n<p>Las principales opciones quir\u00fargicas incluyen:<\/p>\n\n\n\n<ul>\n<li><strong>Uvulopalatofaringoplastia (UPPP):<\/strong><br>Procedimiento que elimina tejido blando del paladar, la \u00favula y, a veces, las am\u00edgdalas, ampliando el espacio en la garganta.<\/li>\n\n\n\n<li><strong>Cirug\u00eda de avance mandibular:<\/strong><br>Mueve hacia adelante la mand\u00edbula y la lengua para aumentar el tama\u00f1o de las v\u00edas respiratorias. Suele utilizarse en casos de anomal\u00edas estructurales graves.<\/li>\n\n\n\n<li><strong>Implantes Inspire (estimulaci\u00f3n del nervio hipogloso):<\/strong><br>Un peque\u00f1o dispositivo implantado que estimula el nervio encargado de mantener la v\u00eda a\u00e9rea abierta mientras se duerme.<br>Es una opci\u00f3n para ciertos pacientes con apnea obstructiva moderada a severa que no toleran el CPAP.<\/li>\n\n\n\n<li><strong>Cirug\u00edas nasales:<\/strong><br>Correcciones de desviaciones del tabique nasal, eliminaci\u00f3n de p\u00f3lipos o ampliaci\u00f3n de los conductos respiratorios para facilitar el paso del aire.<\/li>\n<\/ul>\n\n\n\n<p>La decisi\u00f3n de realizar una cirug\u00eda debe basarse en una evaluaci\u00f3n exhaustiva realizada por especialistas en otorrinolaringolog\u00eda y medicina del sue\u00f1o.<br>No todos los pacientes con apnea son candidatos ideales para cirug\u00eda, pero para algunos, representa una soluci\u00f3n efectiva y duradera dentro del <strong>apnea del sue\u00f1o tratamiento<\/strong>.<\/p>\n\n\n\n<h3 class=\"wp-block-heading has-large-font-size\">Conclusi\u00f3n<\/h3>\n\n\n\n<p>Abordar la <strong>apnea del sue\u00f1o tratamiento<\/strong> de manera temprana es fundamental para proteger la salud f\u00edsica, emocional y mental.<br>Dejar este trastorno sin tratar no solo interrumpe el descanso nocturno, sino que tambi\u00e9n aumenta el riesgo de enfermedades cardiovasculares, diabetes, deterioro cognitivo y accidentes graves.<\/p>\n\n\n\n<p>Hoy en d\u00eda existen m\u00faltiples opciones de tratamiento, que van desde <strong>cambios de h\u00e1bitos<\/strong> simples, pasando por el uso de <strong>dispositivos como el CPAP o f\u00e9rulas orales<\/strong>, hasta <strong>cirug\u00edas especializadas<\/strong> en casos m\u00e1s severos.<br>Cada paciente requiere una evaluaci\u00f3n personalizada para determinar la estrategia m\u00e1s efectiva seg\u00fan su condici\u00f3n.<\/p>\n\n\n\n<p>Si el insomnio, la fatiga o los s\u00edntomas de apnea est\u00e1n afectando tu calidad de vida, es importante buscar ayuda profesional.<br>En <strong><a href=\"http:\/\/Mindy.cl\">Mindy.cl<\/a><\/strong> puedes acceder a <strong>consulta psicol\u00f3gica Fonasa online<\/strong>, donde profesionales especializados te ayudar\u00e1n a abordar no solo los efectos f\u00edsicos de los trastornos del sue\u00f1o, sino tambi\u00e9n su impacto emocional.<\/p>\n\n\n\n<p><strong>Recuperar tu descanso es recuperar tu vida. Da hoy el primer paso hacia un sue\u00f1o reparador y un bienestar integral.<\/strong><\/p>\n\n\n\n<h2 class=\"wp-block-heading has-x-large-font-size\">El primer paso hacia tu bienestar: Una terapia a tu medida<\/h2>\n\n\n\n<p>Sentirse bien comienza por elegir el apoyo correcto. Te invitamos a utilizar nuestra herramienta de diagn\u00f3stico preventivo para conocer qu\u00e9 enfoque psicol\u00f3gico es el m\u00e1s indicado para tratar tus s\u00edntomas o inquietudes. Obt\u00e9n claridad hoy mismo y comienza tu terapia con la confianza de una elecci\u00f3n personalizada. <\/p>\n\n\n\n<p>\ud83d\udc49 <strong><a href=\"https:\/\/form.typeform.com\/to\/jfcSJODX\" target=\"_blank\" rel=\"noreferrer noopener\">Completar el Test de Selecci\u00f3n Terap\u00e9utica<\/a><\/strong><\/p>\n\n\n\n<p><\/p>\n","protected":false},"excerpt":{"rendered":"<p>El tratamiento para la apnea del sue\u00f1o es fundamental para quienes padecen este trastorno respiratorio, caracterizado por pausas repetidas en la respiraci\u00f3n durante el descanso nocturno.Sin un tratamiento adecuado, la apnea puede provocar graves consecuencias como hipertensi\u00f3n, enfermedades card\u00edacas, diabetes tipo 2 y deterioro de la calidad de vida. Hoy en d\u00eda existen diversas alternativas [&hellip;]<\/p>\n","protected":false},"author":2,"featured_media":1437,"comment_status":"open","ping_status":"open","sticky":false,"template":"","format":"standard","meta":{"footnotes":""},"categories":[114,277],"tags":[],"yoast_head":"<!-- This site is optimized with the Yoast SEO plugin v23.0 - https:\/\/yoast.com\/wordpress\/plugins\/seo\/ -->\n<title>Tratamiento para la apnea del sue\u00f1o: Cambios de h\u00e1bitos<\/title>\n<meta name=\"description\" content=\"Descubre las opciones de tratamiento para la apnea del sue\u00f1o y accede a consulta psicol\u00f3gica Fonasa online para mejorar tu calidad de vida.\" \/>\n<meta name=\"robots\" content=\"index, follow, max-snippet:-1, max-image-preview:large, max-video-preview:-1\" \/>\n<link rel=\"canonical\" href=\"https:\/\/fonasa.mindy.cl\/blog\/tratamiento-para-la-apnea-del-sueno\/\" \/>\n<meta property=\"og:locale\" content=\"es_ES\" \/>\n<meta property=\"og:type\" content=\"article\" \/>\n<meta property=\"og:title\" content=\"Tratamiento para la apnea del sue\u00f1o: Cambios de h\u00e1bitos\" \/>\n<meta property=\"og:description\" content=\"Descubre las opciones de tratamiento para la apnea del sue\u00f1o y accede a consulta psicol\u00f3gica Fonasa online para mejorar tu calidad de vida.\" \/>\n<meta property=\"og:url\" content=\"https:\/\/fonasa.mindy.cl\/blog\/tratamiento-para-la-apnea-del-sueno\/\" \/>\n<meta property=\"og:site_name\" content=\"Mindy Fonasa Blog\" \/>\n<meta property=\"article:published_time\" content=\"2025-04-28T21:08:12+00:00\" \/>\n<meta property=\"article:modified_time\" content=\"2026-03-25T17:55:42+00:00\" \/>\n<meta property=\"og:image\" content=\"https:\/\/fonasa.mindy.cl\/blog\/wp-content\/uploads\/2026\/02\/pexels-pranavsinh232-5466185.jpg\" \/>\n\t<meta property=\"og:image:width\" content=\"640\" \/>\n\t<meta property=\"og:image:height\" content=\"427\" \/>\n\t<meta property=\"og:image:type\" content=\"image\/jpeg\" \/>\n<meta name=\"author\" content=\"reinaldo@mindy.cl\" \/>\n<meta name=\"twitter:card\" content=\"summary_large_image\" \/>\n<meta name=\"twitter:label1\" content=\"Written by\" \/>\n\t<meta name=\"twitter:data1\" content=\"reinaldo@mindy.cl\" \/>\n\t<meta name=\"twitter:label2\" content=\"Est. reading time\" \/>\n\t<meta name=\"twitter:data2\" content=\"6 minutos\" \/>\n<script type=\"application\/ld+json\" class=\"yoast-schema-graph\">{\"@context\":\"https:\/\/schema.org\",\"@graph\":[{\"@type\":\"Article\",\"@id\":\"https:\/\/fonasa.mindy.cl\/blog\/tratamiento-para-la-apnea-del-sueno\/#article\",\"isPartOf\":{\"@id\":\"https:\/\/fonasa.mindy.cl\/blog\/tratamiento-para-la-apnea-del-sueno\/\"},\"author\":{\"name\":\"reinaldo@mindy.cl\",\"@id\":\"https:\/\/fonasa.mindy.cl\/blog\/#\/schema\/person\/6b2fdf85e03858572a636b7b9ce17d81\"},\"headline\":\"Tratamiento para la apnea del sue\u00f1o: de cambios de h\u00e1bitos a cirug\u00eda\",\"datePublished\":\"2025-04-28T21:08:12+00:00\",\"dateModified\":\"2026-03-25T17:55:42+00:00\",\"mainEntityOfPage\":{\"@id\":\"https:\/\/fonasa.mindy.cl\/blog\/tratamiento-para-la-apnea-del-sueno\/\"},\"wordCount\":1221,\"commentCount\":12,\"publisher\":{\"@id\":\"https:\/\/fonasa.mindy.cl\/blog\/#organization\"},\"image\":{\"@id\":\"https:\/\/fonasa.mindy.cl\/blog\/tratamiento-para-la-apnea-del-sueno\/#primaryimage\"},\"thumbnailUrl\":\"https:\/\/fonasa.mindy.cl\/blog\/wp-content\/uploads\/2026\/02\/pexels-pranavsinh232-5466185.jpg\",\"articleSection\":[\"Psic\u00f3logos Fonasa\",\"Trastornos de sue\u00f1o\"],\"inLanguage\":\"es-CL\",\"potentialAction\":[{\"@type\":\"CommentAction\",\"name\":\"Comment\",\"target\":[\"https:\/\/fonasa.mindy.cl\/blog\/tratamiento-para-la-apnea-del-sueno\/#respond\"]}]},{\"@type\":\"WebPage\",\"@id\":\"https:\/\/fonasa.mindy.cl\/blog\/tratamiento-para-la-apnea-del-sueno\/\",\"url\":\"https:\/\/fonasa.mindy.cl\/blog\/tratamiento-para-la-apnea-del-sueno\/\",\"name\":\"Tratamiento para la apnea del sue\u00f1o: Cambios de h\u00e1bitos\",\"isPartOf\":{\"@id\":\"https:\/\/fonasa.mindy.cl\/blog\/#website\"},\"primaryImageOfPage\":{\"@id\":\"https:\/\/fonasa.mindy.cl\/blog\/tratamiento-para-la-apnea-del-sueno\/#primaryimage\"},\"image\":{\"@id\":\"https:\/\/fonasa.mindy.cl\/blog\/tratamiento-para-la-apnea-del-sueno\/#primaryimage\"},\"thumbnailUrl\":\"https:\/\/fonasa.mindy.cl\/blog\/wp-content\/uploads\/2026\/02\/pexels-pranavsinh232-5466185.jpg\",\"datePublished\":\"2025-04-28T21:08:12+00:00\",\"dateModified\":\"2026-03-25T17:55:42+00:00\",\"description\":\"Descubre las opciones de tratamiento para la apnea del sue\u00f1o y accede a consulta psicol\u00f3gica Fonasa online para mejorar tu calidad de vida.\",\"breadcrumb\":{\"@id\":\"https:\/\/fonasa.mindy.cl\/blog\/tratamiento-para-la-apnea-del-sueno\/#breadcrumb\"},\"inLanguage\":\"es-CL\",\"potentialAction\":[{\"@type\":\"ReadAction\",\"target\":[\"https:\/\/fonasa.mindy.cl\/blog\/tratamiento-para-la-apnea-del-sueno\/\"]}]},{\"@type\":\"ImageObject\",\"inLanguage\":\"es-CL\",\"@id\":\"https:\/\/fonasa.mindy.cl\/blog\/tratamiento-para-la-apnea-del-sueno\/#primaryimage\",\"url\":\"https:\/\/fonasa.mindy.cl\/blog\/wp-content\/uploads\/2026\/02\/pexels-pranavsinh232-5466185.jpg\",\"contentUrl\":\"https:\/\/fonasa.mindy.cl\/blog\/wp-content\/uploads\/2026\/02\/pexels-pranavsinh232-5466185.jpg\",\"width\":640,\"height\":427,\"caption\":\"tratamiento para la apnea del sue\u00f1o\"},{\"@type\":\"BreadcrumbList\",\"@id\":\"https:\/\/fonasa.mindy.cl\/blog\/tratamiento-para-la-apnea-del-sueno\/#breadcrumb\",\"itemListElement\":[{\"@type\":\"ListItem\",\"position\":1,\"name\":\"Home\",\"item\":\"https:\/\/fonasa.mindy.cl\/blog\/\"},{\"@type\":\"ListItem\",\"position\":2,\"name\":\"Tratamiento para la apnea del sue\u00f1o: de cambios de h\u00e1bitos a cirug\u00eda\"}]},{\"@type\":\"WebSite\",\"@id\":\"https:\/\/fonasa.mindy.cl\/blog\/#website\",\"url\":\"https:\/\/fonasa.mindy.cl\/blog\/\",\"name\":\"Mindy Fonasa Blog\",\"description\":\"Un blog de salud mental\",\"publisher\":{\"@id\":\"https:\/\/fonasa.mindy.cl\/blog\/#organization\"},\"potentialAction\":[{\"@type\":\"SearchAction\",\"target\":{\"@type\":\"EntryPoint\",\"urlTemplate\":\"https:\/\/fonasa.mindy.cl\/blog\/?s={search_term_string}\"},\"query-input\":\"required name=search_term_string\"}],\"inLanguage\":\"es-CL\"},{\"@type\":\"Organization\",\"@id\":\"https:\/\/fonasa.mindy.cl\/blog\/#organization\",\"name\":\"Mindy Fonasa Blog\",\"url\":\"https:\/\/fonasa.mindy.cl\/blog\/\",\"logo\":{\"@type\":\"ImageObject\",\"inLanguage\":\"es-CL\",\"@id\":\"https:\/\/fonasa.mindy.cl\/blog\/#\/schema\/logo\/image\/\",\"url\":\"https:\/\/fonasa.mindy.cl\/blog\/wp-content\/uploads\/2024\/07\/logo_cuadrado.png\",\"contentUrl\":\"https:\/\/fonasa.mindy.cl\/blog\/wp-content\/uploads\/2024\/07\/logo_cuadrado.png\",\"width\":300,\"height\":300,\"caption\":\"Mindy Fonasa Blog\"},\"image\":{\"@id\":\"https:\/\/fonasa.mindy.cl\/blog\/#\/schema\/logo\/image\/\"}},{\"@type\":\"Person\",\"@id\":\"https:\/\/fonasa.mindy.cl\/blog\/#\/schema\/person\/6b2fdf85e03858572a636b7b9ce17d81\",\"name\":\"reinaldo@mindy.cl\",\"url\":\"https:\/\/fonasa.mindy.cl\/blog\/author\/reinaldomindy-cl\/\"}]}<\/script>\n<!-- \/ Yoast SEO plugin. -->","yoast_head_json":{"title":"Tratamiento para la apnea del sue\u00f1o: Cambios de h\u00e1bitos","description":"Descubre las opciones de tratamiento para la apnea del sue\u00f1o y accede a consulta psicol\u00f3gica Fonasa online para mejorar tu calidad de vida.","robots":{"index":"index","follow":"follow","max-snippet":"max-snippet:-1","max-image-preview":"max-image-preview:large","max-video-preview":"max-video-preview:-1"},"canonical":"https:\/\/fonasa.mindy.cl\/blog\/tratamiento-para-la-apnea-del-sueno\/","og_locale":"es_ES","og_type":"article","og_title":"Tratamiento para la apnea del sue\u00f1o: Cambios de h\u00e1bitos","og_description":"Descubre las opciones de tratamiento para la apnea del sue\u00f1o y accede a consulta psicol\u00f3gica Fonasa online para mejorar tu calidad de vida.","og_url":"https:\/\/fonasa.mindy.cl\/blog\/tratamiento-para-la-apnea-del-sueno\/","og_site_name":"Mindy Fonasa Blog","article_published_time":"2025-04-28T21:08:12+00:00","article_modified_time":"2026-03-25T17:55:42+00:00","og_image":[{"width":640,"height":427,"url":"https:\/\/fonasa.mindy.cl\/blog\/wp-content\/uploads\/2026\/02\/pexels-pranavsinh232-5466185.jpg","type":"image\/jpeg"}],"author":"reinaldo@mindy.cl","twitter_card":"summary_large_image","twitter_misc":{"Written by":"reinaldo@mindy.cl","Est. reading time":"6 minutos"},"schema":{"@context":"https:\/\/schema.org","@graph":[{"@type":"Article","@id":"https:\/\/fonasa.mindy.cl\/blog\/tratamiento-para-la-apnea-del-sueno\/#article","isPartOf":{"@id":"https:\/\/fonasa.mindy.cl\/blog\/tratamiento-para-la-apnea-del-sueno\/"},"author":{"name":"reinaldo@mindy.cl","@id":"https:\/\/fonasa.mindy.cl\/blog\/#\/schema\/person\/6b2fdf85e03858572a636b7b9ce17d81"},"headline":"Tratamiento para la apnea del sue\u00f1o: de cambios de h\u00e1bitos a cirug\u00eda","datePublished":"2025-04-28T21:08:12+00:00","dateModified":"2026-03-25T17:55:42+00:00","mainEntityOfPage":{"@id":"https:\/\/fonasa.mindy.cl\/blog\/tratamiento-para-la-apnea-del-sueno\/"},"wordCount":1221,"commentCount":12,"publisher":{"@id":"https:\/\/fonasa.mindy.cl\/blog\/#organization"},"image":{"@id":"https:\/\/fonasa.mindy.cl\/blog\/tratamiento-para-la-apnea-del-sueno\/#primaryimage"},"thumbnailUrl":"https:\/\/fonasa.mindy.cl\/blog\/wp-content\/uploads\/2026\/02\/pexels-pranavsinh232-5466185.jpg","articleSection":["Psic\u00f3logos Fonasa","Trastornos de sue\u00f1o"],"inLanguage":"es-CL","potentialAction":[{"@type":"CommentAction","name":"Comment","target":["https:\/\/fonasa.mindy.cl\/blog\/tratamiento-para-la-apnea-del-sueno\/#respond"]}]},{"@type":"WebPage","@id":"https:\/\/fonasa.mindy.cl\/blog\/tratamiento-para-la-apnea-del-sueno\/","url":"https:\/\/fonasa.mindy.cl\/blog\/tratamiento-para-la-apnea-del-sueno\/","name":"Tratamiento para la apnea del sue\u00f1o: Cambios de h\u00e1bitos","isPartOf":{"@id":"https:\/\/fonasa.mindy.cl\/blog\/#website"},"primaryImageOfPage":{"@id":"https:\/\/fonasa.mindy.cl\/blog\/tratamiento-para-la-apnea-del-sueno\/#primaryimage"},"image":{"@id":"https:\/\/fonasa.mindy.cl\/blog\/tratamiento-para-la-apnea-del-sueno\/#primaryimage"},"thumbnailUrl":"https:\/\/fonasa.mindy.cl\/blog\/wp-content\/uploads\/2026\/02\/pexels-pranavsinh232-5466185.jpg","datePublished":"2025-04-28T21:08:12+00:00","dateModified":"2026-03-25T17:55:42+00:00","description":"Descubre las opciones de tratamiento para la apnea del sue\u00f1o y accede a consulta psicol\u00f3gica Fonasa online para mejorar tu calidad de vida.","breadcrumb":{"@id":"https:\/\/fonasa.mindy.cl\/blog\/tratamiento-para-la-apnea-del-sueno\/#breadcrumb"},"inLanguage":"es-CL","potentialAction":[{"@type":"ReadAction","target":["https:\/\/fonasa.mindy.cl\/blog\/tratamiento-para-la-apnea-del-sueno\/"]}]},{"@type":"ImageObject","inLanguage":"es-CL","@id":"https:\/\/fonasa.mindy.cl\/blog\/tratamiento-para-la-apnea-del-sueno\/#primaryimage","url":"https:\/\/fonasa.mindy.cl\/blog\/wp-content\/uploads\/2026\/02\/pexels-pranavsinh232-5466185.jpg","contentUrl":"https:\/\/fonasa.mindy.cl\/blog\/wp-content\/uploads\/2026\/02\/pexels-pranavsinh232-5466185.jpg","width":640,"height":427,"caption":"tratamiento para la apnea del sue\u00f1o"},{"@type":"BreadcrumbList","@id":"https:\/\/fonasa.mindy.cl\/blog\/tratamiento-para-la-apnea-del-sueno\/#breadcrumb","itemListElement":[{"@type":"ListItem","position":1,"name":"Home","item":"https:\/\/fonasa.mindy.cl\/blog\/"},{"@type":"ListItem","position":2,"name":"Tratamiento para la apnea del sue\u00f1o: de cambios de h\u00e1bitos a cirug\u00eda"}]},{"@type":"WebSite","@id":"https:\/\/fonasa.mindy.cl\/blog\/#website","url":"https:\/\/fonasa.mindy.cl\/blog\/","name":"Mindy Fonasa Blog","description":"Un blog de salud mental","publisher":{"@id":"https:\/\/fonasa.mindy.cl\/blog\/#organization"},"potentialAction":[{"@type":"SearchAction","target":{"@type":"EntryPoint","urlTemplate":"https:\/\/fonasa.mindy.cl\/blog\/?s={search_term_string}"},"query-input":"required name=search_term_string"}],"inLanguage":"es-CL"},{"@type":"Organization","@id":"https:\/\/fonasa.mindy.cl\/blog\/#organization","name":"Mindy Fonasa Blog","url":"https:\/\/fonasa.mindy.cl\/blog\/","logo":{"@type":"ImageObject","inLanguage":"es-CL","@id":"https:\/\/fonasa.mindy.cl\/blog\/#\/schema\/logo\/image\/","url":"https:\/\/fonasa.mindy.cl\/blog\/wp-content\/uploads\/2024\/07\/logo_cuadrado.png","contentUrl":"https:\/\/fonasa.mindy.cl\/blog\/wp-content\/uploads\/2024\/07\/logo_cuadrado.png","width":300,"height":300,"caption":"Mindy Fonasa Blog"},"image":{"@id":"https:\/\/fonasa.mindy.cl\/blog\/#\/schema\/logo\/image\/"}},{"@type":"Person","@id":"https:\/\/fonasa.mindy.cl\/blog\/#\/schema\/person\/6b2fdf85e03858572a636b7b9ce17d81","name":"reinaldo@mindy.cl","url":"https:\/\/fonasa.mindy.cl\/blog\/author\/reinaldomindy-cl\/"}]}},"_links":{"self":[{"href":"https:\/\/fonasa.mindy.cl\/blog\/wp-json\/wp\/v2\/posts\/426"}],"collection":[{"href":"https:\/\/fonasa.mindy.cl\/blog\/wp-json\/wp\/v2\/posts"}],"about":[{"href":"https:\/\/fonasa.mindy.cl\/blog\/wp-json\/wp\/v2\/types\/post"}],"author":[{"embeddable":true,"href":"https:\/\/fonasa.mindy.cl\/blog\/wp-json\/wp\/v2\/users\/2"}],"replies":[{"embeddable":true,"href":"https:\/\/fonasa.mindy.cl\/blog\/wp-json\/wp\/v2\/comments?post=426"}],"version-history":[{"count":5,"href":"https:\/\/fonasa.mindy.cl\/blog\/wp-json\/wp\/v2\/posts\/426\/revisions"}],"predecessor-version":[{"id":1838,"href":"https:\/\/fonasa.mindy.cl\/blog\/wp-json\/wp\/v2\/posts\/426\/revisions\/1838"}],"wp:featuredmedia":[{"embeddable":true,"href":"https:\/\/fonasa.mindy.cl\/blog\/wp-json\/wp\/v2\/media\/1437"}],"wp:attachment":[{"href":"https:\/\/fonasa.mindy.cl\/blog\/wp-json\/wp\/v2\/media?parent=426"}],"wp:term":[{"taxonomy":"category","embeddable":true,"href":"https:\/\/fonasa.mindy.cl\/blog\/wp-json\/wp\/v2\/categories?post=426"},{"taxonomy":"post_tag","embeddable":true,"href":"https:\/\/fonasa.mindy.cl\/blog\/wp-json\/wp\/v2\/tags?post=426"}],"curies":[{"name":"wp","href":"https:\/\/api.w.org\/{rel}","templated":true}]}}