{"id":423,"date":"2025-04-28T17:02:23","date_gmt":"2025-04-28T21:02:23","guid":{"rendered":"https:\/\/fonasa.mindy.cl\/blog\/?p=423"},"modified":"2026-03-25T14:50:45","modified_gmt":"2026-03-25T17:50:45","slug":"apnea-obstructiva-del-sueno","status":"publish","type":"post","link":"https:\/\/fonasa.mindy.cl\/blog\/apnea-obstructiva-del-sueno\/","title":{"rendered":"7 consecuencias de no tratar la apnea obstructiva del sue\u00f1o"},"content":{"rendered":"\n<p>La <strong>apnea obstructiva del sue\u00f1o<\/strong> es un trastorno respiratorio que provoca pausas repetidas en la respiraci\u00f3n mientras se duerme. Esta interrupci\u00f3n constante no solo impide un descanso reparador, sino que tambi\u00e9n aumenta el riesgo de desarrollar enfermedades cardiovasculares, diabetes tipo 2 y alteraciones cognitivas.<\/p>\n\n\n\n<p>A pesar de su gravedad, la <strong>apnea obstructiva del sue\u00f1o<\/strong> es una de las condiciones m\u00e1s subdiagnosticadas. Reconocer sus s\u00edntomas y acceder a un tratamiento oportuno es clave para proteger la salud f\u00edsica, emocional y mental.<\/p>\n\n\n\n<p>En este art\u00edculo te explicamos qu\u00e9 es, cu\u00e1les son sus principales causas, s\u00edntomas, factores de riesgo, consecuencias, m\u00e9todos de diagn\u00f3stico y los <strong><a href=\"https:\/\/mindy.cl\">tratamientos m\u00e1s efectivos disponibles actualmente<\/a><\/strong>.<\/p>\n\n\n\n<h2 class=\"wp-block-heading has-text-align-left has-x-large-font-size\">\u00bfQu\u00e9 es la apnea obstructiva del sue\u00f1o?<\/h2>\n\n\n\n<p>La <strong>apnea obstructiva del sue\u00f1o<\/strong> es un <strong>trastorno respiratorio<\/strong> que provoca <strong>interrupciones repetidas de la respiraci\u00f3n<\/strong> mientras se duerme, debido al <strong>colapso parcial o completo de las v\u00edas respiratorias superiores<\/strong>. Estas pausas pueden durar desde unos pocos segundos hasta m\u00e1s de un minuto y se repiten varias veces por hora, afectando gravemente la <strong>calidad del descanso<\/strong>.<\/p>\n\n\n\n<p>A diferencia de la <strong>apnea central del sue\u00f1o<\/strong> \u2014donde el problema se origina en la falta de se\u00f1ales del cerebro para respirar\u2014, en la <strong>apnea obstructiva<\/strong> el aire no puede fluir correctamente debido a una <strong>obstrucci\u00f3n f\u00edsica<\/strong> en la garganta o en la v\u00eda a\u00e9rea.<\/p>\n\n\n\n<h3 class=\"wp-block-heading has-large-font-size\">Las causas m\u00e1s comunes de esta obstrucci\u00f3n incluyen:<\/h3>\n\n\n\n<ul>\n<li><strong>Relajaci\u00f3n excesiva de los m\u00fasculos de la garganta<\/strong> durante el sue\u00f1o.<\/li>\n\n\n\n<li><strong>Am\u00edgdalas o adenoides agrandadas<\/strong> que bloquean el paso del aire.<\/li>\n\n\n\n<li><strong>Lengua grande<\/strong> o <strong>posici\u00f3n anat\u00f3mica desfavorable<\/strong>.<\/li>\n\n\n\n<li><strong>Sobrepeso u obesidad<\/strong>, que aumentan el volumen de los tejidos blandos del cuello.<\/li>\n<\/ul>\n\n\n\n<p>Este trastorno no solo <strong>interrumpe el sue\u00f1o<\/strong>, sino que tambi\u00e9n <strong>disminuye los niveles de ox\u00edgeno en sangre<\/strong>, forzando al <strong>coraz\u00f3n<\/strong> y al <strong>cerebro<\/strong> a trabajar de manera anormal, lo que incrementa el riesgo de <strong>problemas de salud graves<\/strong> si no se diagnostica y trata a tiempo. Conoce como es la <a href=\"https:\/\/fonasa.mindy.cl\/blog\/apnea-obstructiva-del-sueno-mujeres\/\">apnea obstructiva del sue\u00f1o en las mujeres<\/a>.<\/p>\n\n\n\n<h3 class=\"wp-block-heading has-text-align-left has-large-font-size\">7 consecuencias de no tratar la apnea obstructiva del sue\u00f1o<\/h3>\n\n\n\n<p>No tratar la <strong>apnea obstructiva del sue\u00f1o<\/strong> puede desencadenar complicaciones graves que afectan tanto la salud f\u00edsica como el bienestar emocional y social. A continuaci\u00f3n, te presentamos las principales consecuencias asociadas a la falta de tratamiento:<\/p>\n\n\n\n<ul>\n<li><strong>Hipertensi\u00f3n arterial cr\u00f3nica:<\/strong><br>Las interrupciones respiratorias constantes elevan la presi\u00f3n arterial de forma sostenida, aumentando el riesgo de desarrollar hipertensi\u00f3n dif\u00edcil de controlar.<\/li>\n\n\n\n<li><strong>Enfermedades cardiovasculares graves:<\/strong><br>El esfuerzo repetido del coraz\u00f3n durante las pausas respiratorias favorece la aparici\u00f3n de infartos, arritmias y accidentes cerebrovasculares.<\/li>\n\n\n\n<li><strong>Diabetes tipo 2:<\/strong><br>La falta de ox\u00edgeno y el sue\u00f1o fragmentado alteran el metabolismo de la glucosa, favoreciendo la resistencia a la insulina y el desarrollo de diabetes tipo 2.<\/li>\n\n\n\n<li><strong>Problemas cognitivos:<\/strong><br>La apnea no tratada afecta la memoria, la concentraci\u00f3n y las funciones ejecutivas, disminuyendo el rendimiento laboral, acad\u00e9mico y cotidiano.<\/li>\n\n\n\n<li><strong>Trastornos emocionales:<\/strong><br>El cansancio cr\u00f3nico y la desregulaci\u00f3n del sue\u00f1o aumentan el riesgo de sufrir ansiedad, irritabilidad y depresi\u00f3n.<\/li>\n\n\n\n<li><strong>Incremento de accidentes laborales y de tr\u00e1fico:<\/strong><br>La somnolencia diurna severa y la disminuci\u00f3n de los reflejos elevan significativamente la probabilidad de sufrir accidentes.<\/li>\n\n\n\n<li><strong>Disminuci\u00f3n severa de la calidad de vida:<\/strong><br>La fatiga constante, las limitaciones f\u00edsicas y los problemas emocionales deterioran las relaciones personales, reducen la productividad y afectan el bienestar general.<\/li>\n<\/ul>\n\n\n\n<h3 class=\"wp-block-heading has-large-font-size\">Principales s\u00edntomas de la apnea obstructiva del sue\u00f1o<\/h3>\n\n\n\n<p>La <strong>apnea obstructiva del sue\u00f1o<\/strong> presenta una serie de s\u00edntomas caracter\u00edsticos que suelen empeorar con el tiempo si no se recibe tratamiento.<br>Reconocer estas se\u00f1ales es fundamental para buscar ayuda profesional a tiempo y prevenir complicaciones mayores.<\/p>\n\n\n\n<h4 class=\"wp-block-heading has-medium-font-size\">Los principales s\u00edntomas incluyen:<\/h4>\n\n\n\n<ul>\n<li><strong>Ronquidos fuertes y persistentes:<\/strong> generalmente interrumpidos por pausas silenciosas en la respiraci\u00f3n.<\/li>\n\n\n\n<li><strong>Pausas respiratorias observadas durante el sue\u00f1o:<\/strong> familiares o parejas suelen notar que la persona deja de respirar por varios segundos.<\/li>\n\n\n\n<li><strong>Sensaci\u00f3n de ahogo o asfixia nocturna:<\/strong> despertares bruscos acompa\u00f1ados de jadeo o falta de aire.<\/li>\n\n\n\n<li><strong>Somnolencia excesiva durante el d\u00eda:<\/strong> dificultad para mantenerse despierto en actividades como trabajar, estudiar o conducir.<\/li>\n\n\n\n<li><strong>Cansancio cr\u00f3nico:<\/strong> sensaci\u00f3n de no haber descansado aunque se haya dormido varias horas.<\/li>\n\n\n\n<li><strong>Dificultad para concentrarse:<\/strong> problemas de memoria, falta de atenci\u00f3n y bajo rendimiento en tareas cotidianas.<\/li>\n\n\n\n<li><strong>Cambios de humor:<\/strong> irritabilidad, depresi\u00f3n o ansiedad aumentada.<\/li>\n\n\n\n<li><strong>Dolores de cabeza matutinos:<\/strong> causados por la disminuci\u00f3n de ox\u00edgeno durante la noche.<\/li>\n\n\n\n<li><strong>Sequedad bucal o dolor de garganta al despertar:<\/strong> por respirar constantemente por la boca.<\/li>\n<\/ul>\n\n\n\n<p>La presencia de uno o varios de estos s\u00edntomas, especialmente acompa\u00f1ados de <strong>ronquidos intensos<\/strong> y <strong>somnolencia diurna<\/strong>, puede ser un indicador claro de <strong>apnea obstructiva del sue\u00f1o<\/strong> y requiere evaluaci\u00f3n m\u00e9dica inmediata.<\/p>\n\n\n\n<h3 class=\"wp-block-heading has-large-font-size\">Factores de riesgo para desarrollar apnea obstructiva del sue\u00f1o<\/h3>\n\n\n\n<p>La <strong>apnea obstructiva del sue\u00f1o<\/strong> puede afectar a personas de todas las edades, pero ciertos factores aumentan significativamente la probabilidad de desarrollarla.<br>Identificar estos factores de riesgo ayuda a actuar preventivamente y a buscar diagn\u00f3stico oportuno si aparecen s\u00edntomas.<\/p>\n\n\n\n<h4 class=\"wp-block-heading has-medium-font-size\">Entre los principales factores de riesgo se encuentran:<\/h4>\n\n\n\n<ul>\n<li><strong>Sobrepeso y obesidad:<\/strong> el exceso de tejido adiposo alrededor del cuello puede obstruir las v\u00edas respiratorias, especialmente al dormir.<\/li>\n\n\n\n<li><strong>Edad avanzada:<\/strong> la p\u00e9rdida de tono muscular en las v\u00edas respiratorias con el envejecimiento incrementa el riesgo.<\/li>\n\n\n\n<li><strong>Sexo masculino:<\/strong> los hombres tienen m\u00e1s probabilidades de desarrollar apnea obstructiva que las mujeres, aunque el riesgo en mujeres aumenta tras la menopausia.<\/li>\n\n\n\n<li><strong>Consumo de alcohol y sedantes:<\/strong> estas sustancias relajan los m\u00fasculos de la garganta, favoreciendo el colapso de las v\u00edas respiratorias.<\/li>\n\n\n\n<li><strong>Tabaquismo:<\/strong> fumar causa inflamaci\u00f3n e hinchaz\u00f3n de las v\u00edas respiratorias, aumentando la probabilidad de obstrucci\u00f3n.<\/li>\n\n\n\n<li><strong>Factores anat\u00f3micos:<\/strong> tener am\u00edgdalas grandes, lengua de gran tama\u00f1o, cuello corto o grueso, o anomal\u00edas en la estructura facial puede predisponer al cierre de las v\u00edas a\u00e9reas durante el sue\u00f1o.<\/li>\n\n\n\n<li><strong>Historial familiar:<\/strong> tener antecedentes familiares de apnea obstructiva del sue\u00f1o incrementa el riesgo.<\/li>\n\n\n\n<li><strong>Congesti\u00f3n nasal cr\u00f3nica:<\/strong> dificultar la respiraci\u00f3n por la nariz fuerza una mayor presi\u00f3n en las v\u00edas respiratorias superiores.<\/li>\n<\/ul>\n\n\n\n<p>Controlar los factores de riesgo modificables, como el peso corporal o el consumo de alcohol, es una estrategia importante para prevenir o mejorar la <strong>apnea obstructiva del sue\u00f1o<\/strong>.<\/p>\n\n\n\n<h3 class=\"wp-block-heading has-large-font-size\">Consecuencias de no tratar la apnea obstructiva del sue\u00f1o<\/h3>\n\n\n\n<figure class=\"wp-block-image aligncenter size-full\"><img loading=\"lazy\" decoding=\"async\" width=\"640\" height=\"427\" src=\"https:\/\/fonasa.mindy.cl\/blog\/wp-content\/uploads\/2026\/03\/pexels-cottonbro-6941117.jpg\" alt=\"apnea obstructiva del sue\u00f1o \" class=\"wp-image-1831\"\/><\/figure>\n\n\n\n<p>Ignorar la <strong>apnea obstructiva del sue\u00f1o<\/strong> puede tener consecuencias graves para la salud f\u00edsica, mental y emocional.<br>La interrupci\u00f3n constante de la respiraci\u00f3n y la falta de oxigenaci\u00f3n adecuada durante el descanso afectan numerosos sistemas del cuerpo, aumentando el riesgo de enfermedades potencialmente mortales.<\/p>\n\n\n\n<p>Las principales consecuencias de no tratar la apnea obstructiva del sue\u00f1o incluyen:<\/p>\n\n\n\n<ul>\n<li><strong>Hipertensi\u00f3n arterial:<\/strong> los frecuentes despertares nocturnos aumentan la presi\u00f3n arterial de forma sostenida.<\/li>\n\n\n\n<li><strong>Enfermedades cardiovasculares:<\/strong> incrementa el riesgo de sufrir infartos, accidentes cerebrovasculares y arritmias card\u00edacas.<\/li>\n\n\n\n<li><strong>Diabetes tipo 2:<\/strong> la falta de sue\u00f1o reparador afecta el metabolismo de la glucosa y la sensibilidad a la insulina.<\/li>\n\n\n\n<li><strong>Problemas de memoria y concentraci\u00f3n:<\/strong> el cerebro no logra consolidar adecuadamente la informaci\u00f3n, generando dificultades cognitivas.<\/li>\n\n\n\n<li><strong>Depresi\u00f3n y ansiedad:<\/strong> los desequilibrios de sue\u00f1o afectan directamente el estado de \u00e1nimo y la estabilidad emocional.<\/li>\n\n\n\n<li><strong>Accidentes laborales y de tr\u00e1fico:<\/strong> la somnolencia diurna severa disminuye los reflejos y la atenci\u00f3n, aumentando la probabilidad de accidentes.<\/li>\n\n\n\n<li><strong>Disminuci\u00f3n de la calidad de vida:<\/strong> la fatiga constante impacta negativamente en las relaciones familiares, laborales y sociales.<\/li>\n\n\n\n<li><strong>Problemas en la vida sexual:<\/strong> la disminuci\u00f3n de energ\u00eda y los trastornos hormonales afectan el deseo y el desempe\u00f1o sexual.<\/li>\n<\/ul>\n\n\n\n<p>Estas complicaciones subrayan la importancia de diagnosticar y tratar la <strong>apnea obstructiva del sue\u00f1o<\/strong> lo antes posible, evitando da\u00f1os irreversibles en la salud general.<\/p>\n\n\n\n<h3 class=\"wp-block-heading has-large-font-size\">Diagn\u00f3stico de la apnea obstructiva del sue\u00f1o<\/h3>\n\n\n\n<p>Detectar la <strong>apnea obstructiva del sue\u00f1o<\/strong> de manera temprana es fundamental para iniciar un tratamiento efectivo y prevenir sus complicaciones.<br>El diagn\u00f3stico debe ser realizado por profesionales de la salud especializados en trastornos del sue\u00f1o, quienes utilizar\u00e1n diversas estrategias cl\u00ednicas y estudios de laboratorio.<\/p>\n\n\n\n<h4 class=\"wp-block-heading has-medium-font-size\">Las principales herramientas para el diagn\u00f3stico son:<\/h4>\n\n\n\n<ul>\n<li><strong>Consulta m\u00e9dica especializada:<\/strong> el primer paso es una evaluaci\u00f3n cl\u00ednica detallada, donde el m\u00e9dico analiza los s\u00edntomas, el historial m\u00e9dico y los factores de riesgo del paciente.<\/li>\n\n\n\n<li><strong>Polisomnograf\u00eda nocturna:<\/strong> es el estudio de referencia para diagnosticar la apnea obstructiva del sue\u00f1o. Se realiza en un laboratorio del sue\u00f1o y registra m\u00faltiples variables fisiol\u00f3gicas durante el descanso, como:\n<ul>\n<li>Actividad cerebral (EEG).<\/li>\n\n\n\n<li>Movimientos oculares (EOG).<\/li>\n\n\n\n<li>Actividad muscular (EMG).<\/li>\n\n\n\n<li>Ritmo card\u00edaco (ECG).<\/li>\n\n\n\n<li>Niveles de ox\u00edgeno en sangre (saturaci\u00f3n de ox\u00edgeno).<\/li>\n\n\n\n<li>Flujo de aire y esfuerzo respiratorio.<\/li>\n<\/ul>\n<\/li>\n\n\n\n<li><strong>Estudios domiciliarios del sue\u00f1o:<\/strong> en ciertos casos, especialmente en pacientes con alta probabilidad cl\u00ednica, se puede realizar un estudio de sue\u00f1o simplificado en casa utilizando dispositivos port\u00e1tiles.<br>Aunque menos completo que una polisomnograf\u00eda de laboratorio, puede ser \u00fatil para confirmar el diagn\u00f3stico en situaciones espec\u00edficas.<\/li>\n\n\n\n<li><strong>Evaluaciones complementarias:<\/strong> pruebas adicionales, como endoscopias de sue\u00f1o o estudios de funci\u00f3n respiratoria, pueden ser necesarias si existen dudas sobre el origen de la obstrucci\u00f3n.<\/li>\n<\/ul>\n\n\n\n<p>Un diagn\u00f3stico correcto permite identificar la gravedad de la <strong>apnea obstructiva del sue\u00f1o<\/strong> (leve, moderada o severa) y elegir el tratamiento m\u00e1s adecuado para cada caso.<\/p>\n\n\n\n<h2 class=\"wp-block-heading\">Tratamientos para la apnea obstructiva del sue\u00f1o<\/h2>\n\n\n\n<p>La <strong>apnea obstructiva del sue\u00f1o<\/strong> puede tratarse eficazmente combinando cambios en el estilo de vida, dispositivos m\u00e9dicos y, en algunos casos, intervenciones quir\u00fargicas.<br>El objetivo del tratamiento es mantener las v\u00edas respiratorias abiertas durante el sue\u00f1o para garantizar una respiraci\u00f3n continua y un descanso reparador.<\/p>\n\n\n\n<p>Los principales tratamientos son:<\/p>\n\n\n\n<h4 class=\"wp-block-heading has-medium-font-size\">Cambios en el estilo de vida<\/h4>\n\n\n\n<p>Modificar h\u00e1bitos diarios es el primer paso para mejorar los s\u00edntomas, especialmente en casos leves o moderados.<br>Algunas recomendaciones incluyen:<\/p>\n\n\n\n<ul>\n<li><strong>P\u00e9rdida de peso:<\/strong> incluso una peque\u00f1a reducci\u00f3n del peso corporal puede disminuir significativamente la gravedad de la apnea.<\/li>\n\n\n\n<li><strong>Evitar el alcohol y los sedantes:<\/strong> estas sustancias relajan los m\u00fasculos de la garganta, favoreciendo el colapso de las v\u00edas a\u00e9reas.<\/li>\n\n\n\n<li><strong>Dormir de lado:<\/strong> esta posici\u00f3n reduce la obstrucci\u00f3n de las v\u00edas respiratorias en comparaci\u00f3n con dormir boca arriba.<\/li>\n<\/ul>\n\n\n\n<h4 class=\"wp-block-heading has-medium-font-size\">Dispositivos de presi\u00f3n positiva continua en las v\u00edas respiratorias (CPAP)<\/h4>\n\n\n\n<p>El <strong>CPAP<\/strong> es el tratamiento est\u00e1ndar para los casos moderados a severos de apnea obstructiva del sue\u00f1o.<br>Consiste en una m\u00e1quina que suministra una presi\u00f3n de aire constante a trav\u00e9s de una mascarilla, manteniendo las v\u00edas respiratorias abiertas durante toda la noche.<\/p>\n\n\n\n<p>Beneficios del CPAP:<\/p>\n\n\n\n<ul>\n<li><strong>Elimina las pausas respiratorias.<\/strong><\/li>\n\n\n\n<li><strong>Mejora la oxigenaci\u00f3n sangu\u00ednea.<\/strong><\/li>\n\n\n\n<li><strong>Reduce la somnolencia diurna y mejora la calidad de vida.<\/strong><\/li>\n<\/ul>\n\n\n\n<p>Su eficacia depende del uso regular y correcto.<\/p>\n\n\n\n<h4 class=\"wp-block-heading has-medium-font-size\">Dispositivos orales<\/h4>\n\n\n\n<p>En casos leves o moderados, los dispositivos de avance mandibular son una alternativa eficaz. Estos aparatos dentales:<\/p>\n\n\n\n<ul>\n<li><strong>Adelantan la mand\u00edbula ligeramente<\/strong>, evitando el colapso de las v\u00edas respiratorias.<\/li>\n\n\n\n<li><strong>Son m\u00e1s port\u00e1tiles y discretos<\/strong> que el CPAP.<\/li>\n\n\n\n<li><strong>Se utilizan durante la noche<\/strong>, adaptados individualmente por un especialista en odontolog\u00eda del sue\u00f1o.<\/li>\n<\/ul>\n\n\n\n<h4 class=\"wp-block-heading has-medium-font-size\">Cirug\u00edas correctivas<\/h4>\n\n\n\n<p>Cuando otros tratamientos no resultan efectivos o existen obstrucciones anat\u00f3micas severas, puede considerarse la cirug\u00eda.<br>Las opciones incluyen:<\/p>\n\n\n\n<ul>\n<li><strong>Uvulopalatofaringoplastia (UPPP):<\/strong> remoci\u00f3n de tejido blando de la garganta para ensanchar las v\u00edas respiratorias.<\/li>\n\n\n\n<li><strong>Cirug\u00eda de avance mandibular:<\/strong> reposicionamiento de los huesos de la mand\u00edbula para abrir la v\u00eda a\u00e9rea.<\/li>\n\n\n\n<li><strong>Cirug\u00edas nasales:<\/strong> correcci\u00f3n de desviaciones del tabique o p\u00f3lipos que dificultan el paso de aire.<\/li>\n<\/ul>\n\n\n\n<p>La elecci\u00f3n del tratamiento depende del grado de severidad de la apnea, las caracter\u00edsticas anat\u00f3micas del paciente y su respuesta a terapias previas.<br>Una evaluaci\u00f3n m\u00e9dica completa es esencial para definir la mejor estrategia.<\/p>\n\n\n\n<h3 class=\"wp-block-heading has-large-font-size\">\u00bfCu\u00e1ndo consultar a un especialista en apnea obstructiva del sue\u00f1o?<\/h3>\n\n\n\n<p>Consultar a un especialista en <strong>apnea obstructiva del sue\u00f1o<\/strong> es fundamental cuando aparecen signos que comprometen la salud y la calidad de vida.<br>Ignorar los s\u00edntomas puede agravar el trastorno y aumentar el riesgo de complicaciones graves.<\/p>\n\n\n\n<p>Debes buscar ayuda profesional si presentas:<\/p>\n\n\n\n<ul>\n<li><strong>Ronquidos fuertes y constantes<\/strong>, especialmente si son interrumpidos por pausas respiratorias.<\/li>\n\n\n\n<li><strong>Despertares frecuentes con sensaci\u00f3n de asfixia o falta de aire.<\/strong><\/li>\n\n\n\n<li><strong>Somnolencia excesiva durante el d\u00eda<\/strong>, que afecta tu desempe\u00f1o en el trabajo, en los estudios o al conducir.<\/li>\n\n\n\n<li><strong>Fatiga cr\u00f3nica<\/strong>, incluso despu\u00e9s de dormir varias horas.<\/li>\n\n\n\n<li><strong>Problemas de concentraci\u00f3n, memoria o cambios de humor persistentes.<\/strong><\/li>\n\n\n\n<li><strong>Presi\u00f3n arterial alta<\/strong> dif\u00edcil de controlar.<\/li>\n\n\n\n<li><strong>Antecedentes familiares de apnea del sue\u00f1o.<\/strong><\/li>\n<\/ul>\n\n\n\n<h4 class=\"wp-block-heading has-large-font-size\">Beneficios de recibir tratamiento temprano<\/h4>\n\n\n\n<ul>\n<li><strong>Prevenci\u00f3n de enfermedades cardiovasculares<\/strong> y metab\u00f3licas.<\/li>\n\n\n\n<li><strong>Mejora significativa del estado de \u00e1nimo y la funci\u00f3n cognitiva.<\/strong><\/li>\n\n\n\n<li><strong>Reducci\u00f3n de la somnolencia diurna<\/strong>, disminuyendo el riesgo de accidentes.<\/li>\n\n\n\n<li><strong>Mejora de la calidad del sue\u00f1o y de la vida sexual.<\/strong><\/li>\n<\/ul>\n\n\n\n<p>Adem\u00e1s del tratamiento m\u00e9dico, es importante considerar el impacto emocional de la apnea del sue\u00f1o.<br>En casos donde la ansiedad, la irritabilidad o la depresi\u00f3n est\u00e1n presentes, acceder a apoyo psicol\u00f3gico puede ser clave para una recuperaci\u00f3n integral.<\/p>\n\n\n\n<p>En <strong>Mindy.cl<\/strong>, puedes encontrar apoyo a trav\u00e9s de <strong>consulta psicol\u00f3gica Fonasa online<\/strong>, brindada por profesionales que entienden el impacto emocional de los trastornos del sue\u00f1o y ofrecen herramientas efectivas para su manejo.<\/p>\n\n\n\n<h3 class=\"wp-block-heading has-large-font-size\">Conclusi\u00f3n<\/h3>\n\n\n\n<p>La <strong>apnea obstructiva del sue\u00f1o<\/strong> es un trastorno serio que no debe ser subestimado. Interrumpe el descanso nocturno, deteriora la salud f\u00edsica, afecta el bienestar emocional y aumenta el riesgo de enfermedades graves como hipertensi\u00f3n, infartos y diabetes.<\/p>\n\n\n\n<p>Afortunadamente, existen m\u00faltiples alternativas de tratamiento que permiten controlar sus s\u00edntomas y mejorar la calidad de vida. Desde cambios en el estilo de vida, dispositivos CPAP, f\u00e9rulas orales, hasta intervenciones quir\u00fargicas, cada caso puede abordarse de manera personalizada para lograr un descanso reparador y seguro.<\/p>\n\n\n\n<p>Si experimentas s\u00edntomas compatibles con <strong>apnea obstructiva del sue\u00f1o<\/strong>, no postergues la consulta m\u00e9dica. Un diagn\u00f3stico temprano y un tratamiento adecuado pueden marcar la diferencia entre una vida limitada por el cansancio y una vida plena de energ\u00eda y bienestar.<\/p>\n\n\n\n<p>Recuerda tambi\u00e9n que el apoyo emocional es parte del proceso de recuperaci\u00f3n. En <strong>Mindy.cl<\/strong> puedes acceder a una <strong><a href=\"https:\/\/fonasa.mindy.cl\/#\/\">consulta psicol\u00f3gica Fonasa online<\/a><\/strong> para trabajar el impacto emocional de los trastornos del sue\u00f1o y potenciar tu salud integral.<br><strong>Dormir bien es vivir mejor. Haz de tu descanso una prioridad.<\/strong><\/p>\n\n\n\n<h2 class=\"wp-block-heading has-x-large-font-size\">El primer paso hacia tu bienestar: Una terapia a tu medida<\/h2>\n\n\n\n<p>Sentirse bien comienza por elegir el apoyo correcto. Te invitamos a utilizar nuestra herramienta de diagn\u00f3stico preventivo para conocer qu\u00e9 enfoque psicol\u00f3gico es el m\u00e1s indicado para tratar tus s\u00edntomas o inquietudes. Obt\u00e9n claridad hoy mismo y comienza tu terapia con la confianza de una elecci\u00f3n personalizada. <\/p>\n\n\n\n<p>\ud83d\udc49 <strong><a href=\"https:\/\/form.typeform.com\/to\/jfcSJODX\" target=\"_blank\" rel=\"noreferrer noopener\">Completar el Test de Selecci\u00f3n Terap\u00e9utica<\/a><\/strong><\/p>\n","protected":false},"excerpt":{"rendered":"<p> La apnea obstructiva del sue\u00f1o interrumpe el descanso y da\u00f1a la salud. Conoce sus s\u00edntomas, riesgos y los tratamientos disponibles para mejorar tu calidad de vida.<\/p>\n","protected":false},"author":2,"featured_media":424,"comment_status":"open","ping_status":"open","sticky":false,"template":"","format":"standard","meta":{"footnotes":""},"categories":[114,277],"tags":[],"yoast_head":"<!-- This site is optimized with the Yoast SEO plugin v23.0 - https:\/\/yoast.com\/wordpress\/plugins\/seo\/ -->\n<title>7 consecuencias de no tratar la apnea obstructiva del sue\u00f1o<\/title>\n<meta name=\"description\" content=\"Conoce qu\u00e9 es la apnea obstructiva del sue\u00f1o, sus s\u00edntomas y tratamientos. Accede a consulta psicol\u00f3gica Fonasa online para apoyo integral.\" \/>\n<meta name=\"robots\" content=\"index, follow, max-snippet:-1, max-image-preview:large, max-video-preview:-1\" \/>\n<link rel=\"canonical\" href=\"https:\/\/fonasa.mindy.cl\/blog\/apnea-obstructiva-del-sueno\/\" \/>\n<meta property=\"og:locale\" content=\"es_ES\" \/>\n<meta property=\"og:type\" content=\"article\" \/>\n<meta property=\"og:title\" content=\"7 consecuencias de no tratar la apnea obstructiva del sue\u00f1o\" \/>\n<meta property=\"og:description\" content=\"Conoce qu\u00e9 es la apnea obstructiva del sue\u00f1o, sus s\u00edntomas y tratamientos. Accede a consulta psicol\u00f3gica Fonasa online para apoyo integral.\" \/>\n<meta property=\"og:url\" content=\"https:\/\/fonasa.mindy.cl\/blog\/apnea-obstructiva-del-sueno\/\" \/>\n<meta property=\"og:site_name\" content=\"Mindy Fonasa Blog\" \/>\n<meta property=\"article:published_time\" content=\"2025-04-28T21:02:23+00:00\" \/>\n<meta property=\"article:modified_time\" content=\"2026-03-25T17:50:45+00:00\" \/>\n<meta property=\"og:image\" content=\"https:\/\/fonasa.mindy.cl\/blog\/wp-content\/uploads\/2025\/04\/Abnea-Obstructiva-del-Sueno.png\" \/>\n\t<meta property=\"og:image:width\" content=\"1536\" \/>\n\t<meta property=\"og:image:height\" content=\"1024\" \/>\n\t<meta property=\"og:image:type\" content=\"image\/png\" \/>\n<meta name=\"author\" content=\"reinaldo@mindy.cl\" \/>\n<meta name=\"twitter:card\" content=\"summary_large_image\" \/>\n<meta name=\"twitter:label1\" content=\"Written by\" \/>\n\t<meta name=\"twitter:data1\" content=\"reinaldo@mindy.cl\" \/>\n\t<meta name=\"twitter:label2\" content=\"Est. reading time\" \/>\n\t<meta name=\"twitter:data2\" content=\"11 minutos\" \/>\n<script type=\"application\/ld+json\" class=\"yoast-schema-graph\">{\"@context\":\"https:\/\/schema.org\",\"@graph\":[{\"@type\":\"Article\",\"@id\":\"https:\/\/fonasa.mindy.cl\/blog\/apnea-obstructiva-del-sueno\/#article\",\"isPartOf\":{\"@id\":\"https:\/\/fonasa.mindy.cl\/blog\/apnea-obstructiva-del-sueno\/\"},\"author\":{\"name\":\"reinaldo@mindy.cl\",\"@id\":\"https:\/\/fonasa.mindy.cl\/blog\/#\/schema\/person\/6b2fdf85e03858572a636b7b9ce17d81\"},\"headline\":\"7 consecuencias de no tratar la apnea obstructiva del sue\u00f1o\",\"datePublished\":\"2025-04-28T21:02:23+00:00\",\"dateModified\":\"2026-03-25T17:50:45+00:00\",\"mainEntityOfPage\":{\"@id\":\"https:\/\/fonasa.mindy.cl\/blog\/apnea-obstructiva-del-sueno\/\"},\"wordCount\":2566,\"commentCount\":37,\"publisher\":{\"@id\":\"https:\/\/fonasa.mindy.cl\/blog\/#organization\"},\"image\":{\"@id\":\"https:\/\/fonasa.mindy.cl\/blog\/apnea-obstructiva-del-sueno\/#primaryimage\"},\"thumbnailUrl\":\"https:\/\/fonasa.mindy.cl\/blog\/wp-content\/uploads\/2025\/04\/Abnea-Obstructiva-del-Sueno.png\",\"articleSection\":[\"Psic\u00f3logos Fonasa\",\"Trastornos de sue\u00f1o\"],\"inLanguage\":\"es-CL\",\"potentialAction\":[{\"@type\":\"CommentAction\",\"name\":\"Comment\",\"target\":[\"https:\/\/fonasa.mindy.cl\/blog\/apnea-obstructiva-del-sueno\/#respond\"]}]},{\"@type\":\"WebPage\",\"@id\":\"https:\/\/fonasa.mindy.cl\/blog\/apnea-obstructiva-del-sueno\/\",\"url\":\"https:\/\/fonasa.mindy.cl\/blog\/apnea-obstructiva-del-sueno\/\",\"name\":\"7 consecuencias de no tratar la apnea obstructiva del sue\u00f1o\",\"isPartOf\":{\"@id\":\"https:\/\/fonasa.mindy.cl\/blog\/#website\"},\"primaryImageOfPage\":{\"@id\":\"https:\/\/fonasa.mindy.cl\/blog\/apnea-obstructiva-del-sueno\/#primaryimage\"},\"image\":{\"@id\":\"https:\/\/fonasa.mindy.cl\/blog\/apnea-obstructiva-del-sueno\/#primaryimage\"},\"thumbnailUrl\":\"https:\/\/fonasa.mindy.cl\/blog\/wp-content\/uploads\/2025\/04\/Abnea-Obstructiva-del-Sueno.png\",\"datePublished\":\"2025-04-28T21:02:23+00:00\",\"dateModified\":\"2026-03-25T17:50:45+00:00\",\"description\":\"Conoce qu\u00e9 es la apnea obstructiva del sue\u00f1o, sus s\u00edntomas y tratamientos. Accede a consulta psicol\u00f3gica Fonasa online para apoyo integral.\",\"breadcrumb\":{\"@id\":\"https:\/\/fonasa.mindy.cl\/blog\/apnea-obstructiva-del-sueno\/#breadcrumb\"},\"inLanguage\":\"es-CL\",\"potentialAction\":[{\"@type\":\"ReadAction\",\"target\":[\"https:\/\/fonasa.mindy.cl\/blog\/apnea-obstructiva-del-sueno\/\"]}]},{\"@type\":\"ImageObject\",\"inLanguage\":\"es-CL\",\"@id\":\"https:\/\/fonasa.mindy.cl\/blog\/apnea-obstructiva-del-sueno\/#primaryimage\",\"url\":\"https:\/\/fonasa.mindy.cl\/blog\/wp-content\/uploads\/2025\/04\/Abnea-Obstructiva-del-Sueno.png\",\"contentUrl\":\"https:\/\/fonasa.mindy.cl\/blog\/wp-content\/uploads\/2025\/04\/Abnea-Obstructiva-del-Sueno.png\",\"width\":1536,\"height\":1024,\"caption\":\"apnea obstructiva del sue\u00f1o\"},{\"@type\":\"BreadcrumbList\",\"@id\":\"https:\/\/fonasa.mindy.cl\/blog\/apnea-obstructiva-del-sueno\/#breadcrumb\",\"itemListElement\":[{\"@type\":\"ListItem\",\"position\":1,\"name\":\"Home\",\"item\":\"https:\/\/fonasa.mindy.cl\/blog\/\"},{\"@type\":\"ListItem\",\"position\":2,\"name\":\"7 consecuencias de no tratar la apnea obstructiva del sue\u00f1o\"}]},{\"@type\":\"WebSite\",\"@id\":\"https:\/\/fonasa.mindy.cl\/blog\/#website\",\"url\":\"https:\/\/fonasa.mindy.cl\/blog\/\",\"name\":\"Mindy Fonasa Blog\",\"description\":\"Un blog de salud mental\",\"publisher\":{\"@id\":\"https:\/\/fonasa.mindy.cl\/blog\/#organization\"},\"potentialAction\":[{\"@type\":\"SearchAction\",\"target\":{\"@type\":\"EntryPoint\",\"urlTemplate\":\"https:\/\/fonasa.mindy.cl\/blog\/?s={search_term_string}\"},\"query-input\":\"required name=search_term_string\"}],\"inLanguage\":\"es-CL\"},{\"@type\":\"Organization\",\"@id\":\"https:\/\/fonasa.mindy.cl\/blog\/#organization\",\"name\":\"Mindy Fonasa Blog\",\"url\":\"https:\/\/fonasa.mindy.cl\/blog\/\",\"logo\":{\"@type\":\"ImageObject\",\"inLanguage\":\"es-CL\",\"@id\":\"https:\/\/fonasa.mindy.cl\/blog\/#\/schema\/logo\/image\/\",\"url\":\"https:\/\/fonasa.mindy.cl\/blog\/wp-content\/uploads\/2024\/07\/logo_cuadrado.png\",\"contentUrl\":\"https:\/\/fonasa.mindy.cl\/blog\/wp-content\/uploads\/2024\/07\/logo_cuadrado.png\",\"width\":300,\"height\":300,\"caption\":\"Mindy Fonasa Blog\"},\"image\":{\"@id\":\"https:\/\/fonasa.mindy.cl\/blog\/#\/schema\/logo\/image\/\"}},{\"@type\":\"Person\",\"@id\":\"https:\/\/fonasa.mindy.cl\/blog\/#\/schema\/person\/6b2fdf85e03858572a636b7b9ce17d81\",\"name\":\"reinaldo@mindy.cl\",\"url\":\"https:\/\/fonasa.mindy.cl\/blog\/author\/reinaldomindy-cl\/\"}]}<\/script>\n<!-- \/ Yoast SEO plugin. -->","yoast_head_json":{"title":"7 consecuencias de no tratar la apnea obstructiva del sue\u00f1o","description":"Conoce qu\u00e9 es la apnea obstructiva del sue\u00f1o, sus s\u00edntomas y tratamientos. Accede a consulta psicol\u00f3gica Fonasa online para apoyo integral.","robots":{"index":"index","follow":"follow","max-snippet":"max-snippet:-1","max-image-preview":"max-image-preview:large","max-video-preview":"max-video-preview:-1"},"canonical":"https:\/\/fonasa.mindy.cl\/blog\/apnea-obstructiva-del-sueno\/","og_locale":"es_ES","og_type":"article","og_title":"7 consecuencias de no tratar la apnea obstructiva del sue\u00f1o","og_description":"Conoce qu\u00e9 es la apnea obstructiva del sue\u00f1o, sus s\u00edntomas y tratamientos. Accede a consulta psicol\u00f3gica Fonasa online para apoyo integral.","og_url":"https:\/\/fonasa.mindy.cl\/blog\/apnea-obstructiva-del-sueno\/","og_site_name":"Mindy Fonasa Blog","article_published_time":"2025-04-28T21:02:23+00:00","article_modified_time":"2026-03-25T17:50:45+00:00","og_image":[{"width":1536,"height":1024,"url":"https:\/\/fonasa.mindy.cl\/blog\/wp-content\/uploads\/2025\/04\/Abnea-Obstructiva-del-Sueno.png","type":"image\/png"}],"author":"reinaldo@mindy.cl","twitter_card":"summary_large_image","twitter_misc":{"Written by":"reinaldo@mindy.cl","Est. reading time":"11 minutos"},"schema":{"@context":"https:\/\/schema.org","@graph":[{"@type":"Article","@id":"https:\/\/fonasa.mindy.cl\/blog\/apnea-obstructiva-del-sueno\/#article","isPartOf":{"@id":"https:\/\/fonasa.mindy.cl\/blog\/apnea-obstructiva-del-sueno\/"},"author":{"name":"reinaldo@mindy.cl","@id":"https:\/\/fonasa.mindy.cl\/blog\/#\/schema\/person\/6b2fdf85e03858572a636b7b9ce17d81"},"headline":"7 consecuencias de no tratar la apnea obstructiva del sue\u00f1o","datePublished":"2025-04-28T21:02:23+00:00","dateModified":"2026-03-25T17:50:45+00:00","mainEntityOfPage":{"@id":"https:\/\/fonasa.mindy.cl\/blog\/apnea-obstructiva-del-sueno\/"},"wordCount":2566,"commentCount":37,"publisher":{"@id":"https:\/\/fonasa.mindy.cl\/blog\/#organization"},"image":{"@id":"https:\/\/fonasa.mindy.cl\/blog\/apnea-obstructiva-del-sueno\/#primaryimage"},"thumbnailUrl":"https:\/\/fonasa.mindy.cl\/blog\/wp-content\/uploads\/2025\/04\/Abnea-Obstructiva-del-Sueno.png","articleSection":["Psic\u00f3logos Fonasa","Trastornos de sue\u00f1o"],"inLanguage":"es-CL","potentialAction":[{"@type":"CommentAction","name":"Comment","target":["https:\/\/fonasa.mindy.cl\/blog\/apnea-obstructiva-del-sueno\/#respond"]}]},{"@type":"WebPage","@id":"https:\/\/fonasa.mindy.cl\/blog\/apnea-obstructiva-del-sueno\/","url":"https:\/\/fonasa.mindy.cl\/blog\/apnea-obstructiva-del-sueno\/","name":"7 consecuencias de no tratar la apnea obstructiva del sue\u00f1o","isPartOf":{"@id":"https:\/\/fonasa.mindy.cl\/blog\/#website"},"primaryImageOfPage":{"@id":"https:\/\/fonasa.mindy.cl\/blog\/apnea-obstructiva-del-sueno\/#primaryimage"},"image":{"@id":"https:\/\/fonasa.mindy.cl\/blog\/apnea-obstructiva-del-sueno\/#primaryimage"},"thumbnailUrl":"https:\/\/fonasa.mindy.cl\/blog\/wp-content\/uploads\/2025\/04\/Abnea-Obstructiva-del-Sueno.png","datePublished":"2025-04-28T21:02:23+00:00","dateModified":"2026-03-25T17:50:45+00:00","description":"Conoce qu\u00e9 es la apnea obstructiva del sue\u00f1o, sus s\u00edntomas y tratamientos. Accede a consulta psicol\u00f3gica Fonasa online para apoyo integral.","breadcrumb":{"@id":"https:\/\/fonasa.mindy.cl\/blog\/apnea-obstructiva-del-sueno\/#breadcrumb"},"inLanguage":"es-CL","potentialAction":[{"@type":"ReadAction","target":["https:\/\/fonasa.mindy.cl\/blog\/apnea-obstructiva-del-sueno\/"]}]},{"@type":"ImageObject","inLanguage":"es-CL","@id":"https:\/\/fonasa.mindy.cl\/blog\/apnea-obstructiva-del-sueno\/#primaryimage","url":"https:\/\/fonasa.mindy.cl\/blog\/wp-content\/uploads\/2025\/04\/Abnea-Obstructiva-del-Sueno.png","contentUrl":"https:\/\/fonasa.mindy.cl\/blog\/wp-content\/uploads\/2025\/04\/Abnea-Obstructiva-del-Sueno.png","width":1536,"height":1024,"caption":"apnea obstructiva del sue\u00f1o"},{"@type":"BreadcrumbList","@id":"https:\/\/fonasa.mindy.cl\/blog\/apnea-obstructiva-del-sueno\/#breadcrumb","itemListElement":[{"@type":"ListItem","position":1,"name":"Home","item":"https:\/\/fonasa.mindy.cl\/blog\/"},{"@type":"ListItem","position":2,"name":"7 consecuencias de no tratar la apnea obstructiva del sue\u00f1o"}]},{"@type":"WebSite","@id":"https:\/\/fonasa.mindy.cl\/blog\/#website","url":"https:\/\/fonasa.mindy.cl\/blog\/","name":"Mindy Fonasa Blog","description":"Un blog de salud mental","publisher":{"@id":"https:\/\/fonasa.mindy.cl\/blog\/#organization"},"potentialAction":[{"@type":"SearchAction","target":{"@type":"EntryPoint","urlTemplate":"https:\/\/fonasa.mindy.cl\/blog\/?s={search_term_string}"},"query-input":"required name=search_term_string"}],"inLanguage":"es-CL"},{"@type":"Organization","@id":"https:\/\/fonasa.mindy.cl\/blog\/#organization","name":"Mindy Fonasa Blog","url":"https:\/\/fonasa.mindy.cl\/blog\/","logo":{"@type":"ImageObject","inLanguage":"es-CL","@id":"https:\/\/fonasa.mindy.cl\/blog\/#\/schema\/logo\/image\/","url":"https:\/\/fonasa.mindy.cl\/blog\/wp-content\/uploads\/2024\/07\/logo_cuadrado.png","contentUrl":"https:\/\/fonasa.mindy.cl\/blog\/wp-content\/uploads\/2024\/07\/logo_cuadrado.png","width":300,"height":300,"caption":"Mindy Fonasa Blog"},"image":{"@id":"https:\/\/fonasa.mindy.cl\/blog\/#\/schema\/logo\/image\/"}},{"@type":"Person","@id":"https:\/\/fonasa.mindy.cl\/blog\/#\/schema\/person\/6b2fdf85e03858572a636b7b9ce17d81","name":"reinaldo@mindy.cl","url":"https:\/\/fonasa.mindy.cl\/blog\/author\/reinaldomindy-cl\/"}]}},"_links":{"self":[{"href":"https:\/\/fonasa.mindy.cl\/blog\/wp-json\/wp\/v2\/posts\/423"}],"collection":[{"href":"https:\/\/fonasa.mindy.cl\/blog\/wp-json\/wp\/v2\/posts"}],"about":[{"href":"https:\/\/fonasa.mindy.cl\/blog\/wp-json\/wp\/v2\/types\/post"}],"author":[{"embeddable":true,"href":"https:\/\/fonasa.mindy.cl\/blog\/wp-json\/wp\/v2\/users\/2"}],"replies":[{"embeddable":true,"href":"https:\/\/fonasa.mindy.cl\/blog\/wp-json\/wp\/v2\/comments?post=423"}],"version-history":[{"count":6,"href":"https:\/\/fonasa.mindy.cl\/blog\/wp-json\/wp\/v2\/posts\/423\/revisions"}],"predecessor-version":[{"id":1832,"href":"https:\/\/fonasa.mindy.cl\/blog\/wp-json\/wp\/v2\/posts\/423\/revisions\/1832"}],"wp:featuredmedia":[{"embeddable":true,"href":"https:\/\/fonasa.mindy.cl\/blog\/wp-json\/wp\/v2\/media\/424"}],"wp:attachment":[{"href":"https:\/\/fonasa.mindy.cl\/blog\/wp-json\/wp\/v2\/media?parent=423"}],"wp:term":[{"taxonomy":"category","embeddable":true,"href":"https:\/\/fonasa.mindy.cl\/blog\/wp-json\/wp\/v2\/categories?post=423"},{"taxonomy":"post_tag","embeddable":true,"href":"https:\/\/fonasa.mindy.cl\/blog\/wp-json\/wp\/v2\/tags?post=423"}],"curies":[{"name":"wp","href":"https:\/\/api.w.org\/{rel}","templated":true}]}}