{"id":415,"date":"2025-04-28T16:47:45","date_gmt":"2025-04-28T20:47:45","guid":{"rendered":"https:\/\/fonasa.mindy.cl\/blog\/?p=415"},"modified":"2026-03-25T14:46:26","modified_gmt":"2026-03-25T17:46:26","slug":"consecuencias-del-insomnio","status":"publish","type":"post","link":"https:\/\/fonasa.mindy.cl\/blog\/consecuencias-del-insomnio\/","title":{"rendered":"35 consecuencias del insomnio: c\u00f3mo impacta tu vida diaria"},"content":{"rendered":"\n<p>Dormir mal no es un problema menor. El insomnio afecta mucho m\u00e1s que el descanso nocturno: impacta de forma profunda en la salud f\u00edsica, mental, emocional, social y laboral de las personas.<br>Reconocer las <strong>consecuencias del insomnio<\/strong> es clave para entender la magnitud del da\u00f1o que puede causar si no se trata a tiempo.<\/p>\n\n\n\n<p>En este art\u00edculo revisaremos <strong>35 consecuencias del insomnio<\/strong>, agrupadas en categor\u00edas espec\u00edficas, para comprender por qu\u00e9 dormir bien es esencial para el <strong><a href=\"https:\/\/mindy.cl\">bienestar integral<\/a><\/strong>.<\/p>\n\n\n\n<h2 class=\"wp-block-heading has-text-align-left has-x-large-font-size\">consecuencias del insomnio<\/h2>\n\n\n\n<p>El <strong>insomnio<\/strong> impacta negativamente en casi todas las \u00e1reas de la vida. A nivel <strong>cognitivo<\/strong>, provoca <strong>dificultades de concentraci\u00f3n<\/strong>, <strong>p\u00e9rdida de memoria<\/strong> y <strong>lentitud mental<\/strong>. <strong>Emocionalmente<\/strong>, aumenta la <strong>ansiedad<\/strong>, favorece la <strong>depresi\u00f3n<\/strong> y genera <strong>irritabilidad constante<\/strong>.<\/p>\n\n\n\n<p>En el plano <strong>f\u00edsico<\/strong>, eleva el riesgo de <strong>hipertensi\u00f3n<\/strong>, <strong>enfermedades card\u00edacas<\/strong>, <strong>diabetes tipo 2<\/strong> y debilita el <strong>sistema inmunol\u00f3gico<\/strong>. A nivel <strong>laboral y acad\u00e9mico<\/strong>, reduce el <strong>rendimiento<\/strong>, incrementa <strong>errores<\/strong> y favorece el <strong>absentismo<\/strong>. En las <strong>relaciones personales<\/strong>, fomenta el <strong>aislamiento social<\/strong>, la <strong>disminuci\u00f3n de la empat\u00eda<\/strong> y el <strong>aumento de conflictos<\/strong>.<\/p>\n\n\n\n<p>La <strong>vida sexual<\/strong> tambi\u00e9n se ve afectada, con una notable <strong>disminuci\u00f3n del deseo<\/strong> y <strong>problemas en el desempe\u00f1o \u00edntimo<\/strong>. Finalmente, el insomnio incrementa <strong>riesgos sociales<\/strong>, como <strong>accidentes de tr\u00e1fico<\/strong>, <strong>comportamientos impulsivos<\/strong> y <strong>vulnerabilidad a adicciones<\/strong>.<\/p>\n\n\n\n<p>Conocer estas <strong>35 consecuencias del insomnio<\/strong> permite dimensionar la gravedad de este trastorno y la importancia de buscar tratamiento a tiempo para preservar el <strong>bienestar integral<\/strong>.<\/p>\n\n\n\n<h3 class=\"wp-block-heading has-text-align-left has-large-font-size\">5 Consecuencias cognitivas del insomnio<\/h3>\n\n\n\n<p>El insomnio deteriora funciones cerebrales esenciales para el desempe\u00f1o diario. Sin un sue\u00f1o reparador, el cerebro es incapaz de consolidar la memoria, mantener la atenci\u00f3n o procesar informaci\u00f3n de manera eficiente.<br>A continuaci\u00f3n, exploramos las principales consecuencias cognitivas asociadas a la falta cr\u00f3nica de sue\u00f1o.<\/p>\n\n\n\n<h4 class=\"wp-block-heading has-medium-font-size\">Dificultad para concentrarse<\/h4>\n\n\n\n<p>La privaci\u00f3n de sue\u00f1o afecta las redes neuronales responsables de la atenci\u00f3n sostenida.<br>Las personas con insomnio presentan:<\/p>\n\n\n\n<ul>\n<li><strong>Problemas para mantener la atenci\u00f3n<\/strong> en tareas simples o prolongadas.<\/li>\n\n\n\n<li><strong>Dificultad para seguir instrucciones<\/strong> de manera precisa.<\/li>\n\n\n\n<li><strong>Dispersi\u00f3n mental<\/strong> durante conversaciones o actividades cotidianas.<\/li>\n<\/ul>\n\n\n\n<p>La concentraci\u00f3n fragmentada afecta el rendimiento en el trabajo, los estudios y la vida personal.<\/p>\n\n\n\n<h4 class=\"wp-block-heading has-medium-font-size\">P\u00e9rdida de memoria a corto plazo<\/h4>\n\n\n\n<p>Durante el sue\u00f1o profundo se consolidan los recuerdos y aprendizajes recientes.<br>El insomnio interfiere en este proceso, provocando:<\/p>\n\n\n\n<ul>\n<li><strong>Olvidos frecuentes<\/strong> de informaci\u00f3n reciente.<\/li>\n\n\n\n<li><strong>Dificultad para recordar conversaciones, nombres o citas<\/strong>.<\/li>\n\n\n\n<li><strong>Problemas para retener nueva informaci\u00f3n acad\u00e9mica o laboral<\/strong>.<\/li>\n<\/ul>\n\n\n\n<p>Esta p\u00e9rdida de memoria impacta la confianza personal y el desempe\u00f1o diario.<\/p>\n\n\n\n<h4 class=\"wp-block-heading has-medium-font-size\">Problemas para tomar decisiones<\/h4>\n\n\n\n<p>La falta de descanso reduce la actividad en el c\u00f3rtex prefrontal, \u00e1rea crucial para el razonamiento l\u00f3gico.<br>Esto provoca:<\/p>\n\n\n\n<ul>\n<li><strong>Juicio deteriorado<\/strong> ante situaciones cotidianas.<\/li>\n\n\n\n<li><strong>Impulsividad<\/strong> en la toma de decisiones.<\/li>\n\n\n\n<li><strong>Menor capacidad para evaluar riesgos y beneficios<\/strong>.<\/li>\n<\/ul>\n\n\n\n<p>El insomnio puede llevar a errores importantes tanto en la vida personal como profesional.<\/p>\n\n\n\n<h4 class=\"wp-block-heading has-medium-font-size\">Lentitud en el procesamiento mental<\/h4>\n\n\n\n<p>La velocidad de procesamiento cerebral disminuye notablemente tras varias noches de mal sue\u00f1o.<br>Los s\u00edntomas incluyen:<\/p>\n\n\n\n<ul>\n<li><strong>Mayor tiempo para comprender instrucciones o leer documentos<\/strong>.<\/li>\n\n\n\n<li><strong>Respuestas lentas<\/strong> ante est\u00edmulos visuales o auditivos.<\/li>\n\n\n\n<li><strong>Sensaci\u00f3n de &#8220;mente nublada&#8221;<\/strong> durante el d\u00eda.<\/li>\n<\/ul>\n\n\n\n<p>Esta lentitud cognitiva puede incrementar la frustraci\u00f3n y el estr\u00e9s.<\/p>\n\n\n\n<h4 class=\"wp-block-heading has-medium-font-size\">Reducci\u00f3n de la creatividad<\/h4>\n\n\n\n<p>El pensamiento creativo requiere conexiones neuronales complejas y flexibilidad mental, procesos que el insomnio afecta directamente.<br>Como resultado, se observa:<\/p>\n\n\n\n<ul>\n<li><strong>Dificultad para generar ideas innovadoras<\/strong>.<\/li>\n\n\n\n<li><strong>Problemas para encontrar soluciones alternativas a los problemas<\/strong>.<\/li>\n\n\n\n<li><strong>Baja motivaci\u00f3n para emprender proyectos nuevos<\/strong>.<\/li>\n<\/ul>\n\n\n\n<p>Una mente cansada tiende a repetir patrones r\u00edgidos y evita la exploraci\u00f3n de opciones nuevas.<\/p>\n\n\n\n<h3 class=\"wp-block-heading has-text-align-left has-large-font-size\">5 Consecuencias emocionales y psicol\u00f3gicas del insomnio<\/h3>\n\n\n\n<figure class=\"wp-block-image aligncenter size-full\"><img loading=\"lazy\" decoding=\"async\" width=\"640\" height=\"427\" src=\"https:\/\/fonasa.mindy.cl\/blog\/wp-content\/uploads\/2026\/03\/pexels-cottonbro-6951522-1-1.jpg\" alt=\"consecuencias del insomnio\" class=\"wp-image-1826\"\/><\/figure>\n\n\n\n<p>El insomnio no solo da\u00f1a el cuerpo, tambi\u00e9n afecta gravemente el equilibrio emocional. La falta de descanso altera los niveles de serotonina, dopamina y cortisol, favoreciendo el desarrollo de trastornos psicol\u00f3gicos y emocionales. Estas son las principales consecuencias en este \u00e1mbito:<\/p>\n\n\n\n<h4 class=\"wp-block-heading has-medium-font-size\">Aumento de la ansiedad<\/h4>\n\n\n\n<p>La falta de sue\u00f1o incrementa la actividad de la am\u00edgdala cerebral, la regi\u00f3n encargada de procesar el miedo y la ansiedad. Como resultado, las personas experimentan:<\/p>\n\n\n\n<ul>\n<li><strong>Preocupaciones excesivas<\/strong> por problemas cotidianos.<\/li>\n\n\n\n<li><strong>Sensaci\u00f3n de amenaza constante<\/strong> incluso en situaciones normales.<\/li>\n\n\n\n<li><strong>Dificultad para relajarse<\/strong> durante el d\u00eda y la noche.<\/li>\n<\/ul>\n\n\n\n<p>La ansiedad asociada al insomnio puede evolucionar a trastornos de ansiedad generalizada si no se trata a tiempo.<\/p>\n\n\n\n<h4 class=\"wp-block-heading has-medium-font-size\">Incremento del riesgo de depresi\u00f3n<\/h4>\n\n\n\n<p>Dormir poco altera la regulaci\u00f3n emocional y disminuye la capacidad del cerebro para procesar emociones positivas. Esto favorece el desarrollo de s\u00edntomas depresivos como:<\/p>\n\n\n\n<ul>\n<li><strong>Tristeza persistente<\/strong> sin causa aparente.<\/li>\n\n\n\n<li><strong>P\u00e9rdida de inter\u00e9s<\/strong> en actividades antes disfrutadas.<\/li>\n\n\n\n<li><strong>Falta de energ\u00eda y motivaci\u00f3n<\/strong>.<\/li>\n<\/ul>\n\n\n\n<p>El insomnio cr\u00f3nico triplica el riesgo de desarrollar un episodio depresivo mayor.<\/p>\n\n\n\n<h4 class=\"wp-block-heading has-medium-font-size\">Irritabilidad y cambios de humor<\/h4>\n\n\n\n<p>La falta de sue\u00f1o interfiere con el control emocional, volviendo a las personas m\u00e1s reactivas e irritables. Los principales s\u00edntomas incluyen:<\/p>\n\n\n\n<ul>\n<li><strong>Reacciones exageradas<\/strong> ante peque\u00f1os contratiempos.<\/li>\n\n\n\n<li><strong>Conflictos frecuentes<\/strong> en relaciones personales y laborales.<\/li>\n\n\n\n<li><strong>Dificultad para tolerar frustraciones<\/strong>.<\/li>\n<\/ul>\n\n\n\n<p>Esta irritabilidad constante deteriora el ambiente social y familiar.<\/p>\n\n\n\n<h4 class=\"wp-block-heading has-medium-font-size\">Disminuci\u00f3n de la tolerancia al estr\u00e9s<\/h4>\n\n\n\n<p>Dormir mal reduce la resiliencia ante situaciones de presi\u00f3n o desaf\u00edo. Las personas con insomnio presentan:<\/p>\n\n\n\n<ul>\n<li><strong>Sensaci\u00f3n de agobio<\/strong> ante tareas simples.<\/li>\n\n\n\n<li><strong>Mayor vulnerabilidad<\/strong> al colapso emocional.<\/li>\n\n\n\n<li><strong>Dificultad para adaptarse<\/strong> a cambios o imprevistos.<\/li>\n<\/ul>\n\n\n\n<p>El insomnio convierte peque\u00f1os problemas en fuentes de estr\u00e9s desproporcionado.<\/p>\n\n\n\n<h4 class=\"wp-block-heading has-medium-font-size\">Propensi\u00f3n a trastornos del \u00e1nimo<\/h4>\n\n\n\n<p>La privaci\u00f3n cr\u00f3nica de sue\u00f1o desregula los mecanismos neuroqu\u00edmicos del estado de \u00e1nimo. Esto puede manifestarse en:<\/p>\n\n\n\n<ul>\n<li><strong>Episodios de tristeza inexplicable<\/strong>.<\/li>\n\n\n\n<li><strong>Fluctuaciones emocionales intensas<\/strong> a lo largo del d\u00eda.<\/li>\n\n\n\n<li><strong>Sensaciones de vac\u00edo o desesperanza<\/strong>.<\/li>\n<\/ul>\n\n\n\n<p>Con el tiempo, estos cambios pueden derivar en trastornos afectivos m\u00e1s severos si no se interviene profesionalmente.<\/p>\n\n\n\n<h3 class=\"wp-block-heading has-large-font-size\">5 consecuencias emocionales y psicol\u00f3gicas del insomnio<\/h3>\n\n\n\n<p>El insomnio no solo da\u00f1a el cuerpo, tambi\u00e9n afecta gravemente el equilibrio emocional. La falta de descanso altera los niveles de serotonina, dopamina y cortisol, favoreciendo el desarrollo de trastornos psicol\u00f3gicos y emocionales. Estas son las principales consecuencias en este \u00e1mbito:<\/p>\n\n\n\n<h4 class=\"wp-block-heading has-medium-font-size\">Aumento de la ansiedad<\/h4>\n\n\n\n<p>La falta de sue\u00f1o incrementa la actividad de la am\u00edgdala cerebral, la regi\u00f3n encargada de procesar el miedo y la ansiedad. Como resultado, las personas experimentan:<\/p>\n\n\n\n<ul>\n<li><strong>Preocupaciones excesivas<\/strong> por problemas cotidianos.<\/li>\n\n\n\n<li><strong>Sensaci\u00f3n de amenaza constante<\/strong> incluso en situaciones normales.<\/li>\n\n\n\n<li><strong>Dificultad para relajarse<\/strong> durante el d\u00eda y la noche.<\/li>\n<\/ul>\n\n\n\n<p>La ansiedad asociada al insomnio puede evolucionar a trastornos de ansiedad generalizada si no se trata a tiempo.<\/p>\n\n\n\n<h4 class=\"wp-block-heading has-medium-font-size\">Incremento del riesgo de depresi\u00f3n<\/h4>\n\n\n\n<p>Dormir poco altera la regulaci\u00f3n emocional y disminuye la capacidad del cerebro para procesar emociones positivas. Esto favorece el desarrollo de s\u00edntomas depresivos como:<\/p>\n\n\n\n<ul>\n<li><strong>Tristeza persistente<\/strong> sin causa aparente.<\/li>\n\n\n\n<li><strong>P\u00e9rdida de inter\u00e9s<\/strong> en actividades antes disfrutadas.<\/li>\n\n\n\n<li><strong>Falta de energ\u00eda y motivaci\u00f3n<\/strong>.<\/li>\n<\/ul>\n\n\n\n<p>El insomnio cr\u00f3nico triplica el riesgo de desarrollar un episodio depresivo mayor.<\/p>\n\n\n\n<h4 class=\"wp-block-heading has-medium-font-size\">Irritabilidad y cambios de humor<\/h4>\n\n\n\n<p>La falta de sue\u00f1o interfiere con el control emocional, volviendo a las personas m\u00e1s reactivas e irritables. Los principales s\u00edntomas incluyen:<\/p>\n\n\n\n<ul>\n<li><strong>Reacciones exageradas<\/strong> ante peque\u00f1os contratiempos.<\/li>\n\n\n\n<li><strong>Conflictos frecuentes<\/strong> en relaciones personales y laborales.<\/li>\n\n\n\n<li><strong>Dificultad para tolerar frustraciones<\/strong>.<\/li>\n<\/ul>\n\n\n\n<p>Esta irritabilidad constante deteriora el ambiente social y familiar.<\/p>\n\n\n\n<h4 class=\"wp-block-heading has-medium-font-size\">Disminuci\u00f3n de la tolerancia al estr\u00e9s<\/h4>\n\n\n\n<p>Dormir mal reduce la resiliencia ante situaciones de presi\u00f3n o desaf\u00edo. Las personas con insomnio presentan:<\/p>\n\n\n\n<ul>\n<li><strong>Sensaci\u00f3n de agobio<\/strong> ante tareas simples.<\/li>\n\n\n\n<li><strong>Mayor vulnerabilidad<\/strong> al colapso emocional.<\/li>\n\n\n\n<li><strong>Dificultad para adaptarse<\/strong> a cambios o imprevistos.<\/li>\n<\/ul>\n\n\n\n<p>El insomnio convierte peque\u00f1os problemas en fuentes de estr\u00e9s desproporcionado.<\/p>\n\n\n\n<h4 class=\"wp-block-heading has-medium-font-size\">Propensi\u00f3n a trastornos del \u00e1nimo<\/h4>\n\n\n\n<p>La privaci\u00f3n cr\u00f3nica de sue\u00f1o desregula los mecanismos neuroqu\u00edmicos del estado de \u00e1nimo. Esto puede manifestarse en:<\/p>\n\n\n\n<ul>\n<li><strong>Episodios de tristeza inexplicable<\/strong>.<\/li>\n\n\n\n<li><strong>Fluctuaciones emocionales intensas<\/strong> a lo largo del d\u00eda.<\/li>\n\n\n\n<li><strong>Sensaciones de vac\u00edo o desesperanza<\/strong>.<\/li>\n<\/ul>\n\n\n\n<p>Con el tiempo, estos cambios pueden derivar en trastornos afectivos m\u00e1s severos si no se interviene profesionalmente.<\/p>\n\n\n\n<h3 class=\"wp-block-heading has-text-align-left has-large-font-size\">5 consecuencias f\u00edsicas del insomnio<\/h3>\n\n\n\n<p>El insomnio prolongado no solo afecta el rendimiento mental y emocional, sino que tambi\u00e9n tiene un impacto significativo en el cuerpo. La falta de sue\u00f1o altera procesos fisiol\u00f3gicos esenciales, aumentando el riesgo de desarrollar diversas enfermedades. Estas son las principales consecuencias f\u00edsicas del insomnio:<\/p>\n\n\n\n<h4 class=\"wp-block-heading has-medium-font-size\">Aumento de la presi\u00f3n arterial<\/h4>\n\n\n\n<p>La falta de sue\u00f1o mantiene el sistema nervioso en estado de alerta, elevando la presi\u00f3n arterial de manera persistente. Esto incrementa el riesgo de desarrollar hipertensi\u00f3n cr\u00f3nica, un factor importante para enfermedades cardiovasculares.<\/p>\n\n\n\n<h4 class=\"wp-block-heading has-medium-font-size\">Mayor riesgo de enfermedades cardiovasculares<\/h4>\n\n\n\n<p>La privaci\u00f3n de sue\u00f1o favorece procesos inflamatorios en el organismo, afecta el metabolismo de la glucosa y altera la funci\u00f3n endotelial. Todo esto contribuye a un mayor riesgo de sufrir:<\/p>\n\n\n\n<ul>\n<li><strong>Infartos de miocardio<\/strong>.<\/li>\n\n\n\n<li><strong>Accidentes cerebrovasculares<\/strong>.<\/li>\n\n\n\n<li><strong>Enfermedad coronaria<\/strong>.<\/li>\n<\/ul>\n\n\n\n<h4 class=\"wp-block-heading has-medium-font-size\">Aumento de peso y obesidad<\/h4>\n\n\n\n<p>Dormir mal altera las hormonas que regulan el apetito, como la grelina y la leptina. Esto genera:<\/p>\n\n\n\n<ul>\n<li><strong>Aumento del hambre<\/strong>, especialmente por alimentos altos en grasas y az\u00facares.<\/li>\n\n\n\n<li><strong>Menor saciedad<\/strong> tras comer.<\/li>\n\n\n\n<li><strong>Mayor almacenamiento de grasa corporal<\/strong>.<\/li>\n<\/ul>\n\n\n\n<p>El insomnio tambi\u00e9n reduce la motivaci\u00f3n para hacer actividad f\u00edsica.<\/p>\n\n\n\n<h4 class=\"wp-block-heading has-medium-font-size\">Mayor riesgo de diabetes tipo 2<\/h4>\n\n\n\n<p>La falta de sue\u00f1o afecta el metabolismo de la glucosa y la sensibilidad a la insulina. Las personas con insomnio cr\u00f3nico tienen un mayor riesgo de desarrollar diabetes tipo 2, incluso si mantienen un peso corporal saludable.<\/p>\n\n\n\n<h4 class=\"wp-block-heading has-medium-font-size\">Disminuci\u00f3n de la funci\u00f3n inmunol\u00f3gica<\/h4>\n\n\n\n<p>El sue\u00f1o es fundamental para la regeneraci\u00f3n del sistema inmunol\u00f3gico. Cuando no se duerme lo suficiente, el cuerpo:<\/p>\n\n\n\n<ul>\n<li><strong>Produce menos citoquinas<\/strong>, prote\u00ednas que combaten infecciones e inflamaciones.<\/li>\n\n\n\n<li><strong>Tiene menor capacidad de respuesta<\/strong> ante virus y bacterias.<\/li>\n\n\n\n<li><strong>Tarda m\u00e1s tiempo en recuperarse<\/strong> de enfermedades.<\/li>\n<\/ul>\n\n\n\n<p>La falta de descanso frecuente hace que el cuerpo sea m\u00e1s vulnerable a infecciones comunes y enfermedades graves.<\/p>\n\n\n\n<h3 class=\"wp-block-heading has-text-align-left has-large-font-size\">4 consecuencias laborales del insomnio<\/h3>\n\n\n\n<p>El insomnio repercute directamente en el rendimiento y la seguridad en el \u00e1mbito laboral. Dormir poco reduce la eficiencia, la creatividad y la capacidad de tomar decisiones, impactando negativamente en el desempe\u00f1o profesional. Estas son las principales consecuencias laborales del insomnio:<\/p>\n\n\n\n<h4 class=\"wp-block-heading has-medium-font-size\">Reducci\u00f3n del rendimiento laboral<\/h4>\n\n\n\n<p>La falta de descanso disminuye la productividad diaria. Las personas con insomnio presentan:<\/p>\n\n\n\n<ul>\n<li><strong>Menor capacidad para completar tareas<\/strong> dentro de los plazos establecidos.<\/li>\n\n\n\n<li><strong>Problemas de atenci\u00f3n<\/strong> en reuniones y actividades importantes.<\/li>\n\n\n\n<li><strong>Baja calidad en el trabajo entregado<\/strong>.<\/li>\n<\/ul>\n\n\n\n<p>Esto puede afectar evaluaciones de desempe\u00f1o y oportunidades de crecimiento.<\/p>\n\n\n\n<h4 class=\"wp-block-heading has-medium-font-size\">Mayor cantidad de errores y accidentes en el trabajo<\/h4>\n\n\n\n<p>El cansancio acumulado afecta la coordinaci\u00f3n y los reflejos. Como resultado, aumentan:<\/p>\n\n\n\n<ul>\n<li><strong>Errores administrativos<\/strong> o de c\u00e1lculo.<\/li>\n\n\n\n<li><strong>Accidentes laborales<\/strong>, especialmente en trabajos de alto riesgo o que requieren manejo de maquinaria.<\/li>\n\n\n\n<li><strong>Omisiones importantes<\/strong> en procesos rutinarios.<\/li>\n<\/ul>\n\n\n\n<p>La somnolencia reduce la capacidad de anticipar riesgos, poniendo en peligro la seguridad personal y de los compa\u00f1eros.<\/p>\n\n\n\n<h4 class=\"wp-block-heading has-medium-font-size\">Aumento del absentismo laboral<\/h4>\n\n\n\n<p>El insomnio incrementa la probabilidad de faltar al trabajo debido a:<\/p>\n\n\n\n<ul>\n<li><strong>Problemas de salud derivados<\/strong> (como migra\u00f1as, hipertensi\u00f3n o infecciones frecuentes).<\/li>\n\n\n\n<li><strong>Agotamiento f\u00edsico y mental extremo<\/strong>.<\/li>\n\n\n\n<li><strong>Baja motivaci\u00f3n para asistir<\/strong> a las labores cotidianas.<\/li>\n<\/ul>\n\n\n\n<p>El ausentismo sostenido puede generar sanciones o p\u00e9rdida de estabilidad laboral.<\/p>\n\n\n\n<h4 class=\"wp-block-heading has-medium-font-size\">Menor productividad y creatividad<\/h4>\n\n\n\n<p>Un cerebro cansado tiene dificultades para:<\/p>\n\n\n\n<ul>\n<li><strong>Resolver problemas de manera eficiente<\/strong>.<\/li>\n\n\n\n<li><strong>Proponer ideas innovadoras<\/strong> para proyectos o mejoras.<\/li>\n\n\n\n<li><strong>Adaptarse a cambios en el entorno laboral<\/strong>.<\/li>\n<\/ul>\n\n\n\n<p>La falta de sue\u00f1o reduce la flexibilidad mental necesaria para enfrentar desaf\u00edos en el trabajo de manera proactiva.<\/p>\n\n\n\n<h3 class=\"wp-block-heading has-large-font-size\">4 consecuencias acad\u00e9micas del insomnio<\/h3>\n\n\n\n<p>El insomnio afecta gravemente el desempe\u00f1o acad\u00e9mico, especialmente en estudiantes de todas las edades. La falta de sue\u00f1o interfiere con los procesos de aprendizaje, memoria y concentraci\u00f3n, esenciales para lograr un buen rendimiento. Estas son las principales consecuencias acad\u00e9micas del insomnio:<\/p>\n\n\n\n<h4 class=\"wp-block-heading has-medium-font-size\">Bajo rendimiento acad\u00e9mico<\/h4>\n\n\n\n<p>Los estudiantes que duermen mal suelen obtener:<\/p>\n\n\n\n<ul>\n<li><strong>Calificaciones m\u00e1s bajas<\/strong> en pruebas y evaluaciones.<\/li>\n\n\n\n<li><strong>Resultados inconsistentes<\/strong> a pesar del esfuerzo realizado.<\/li>\n\n\n\n<li><strong>Mayor dificultad para mantener el ritmo<\/strong> de exigencia acad\u00e9mica.<\/li>\n<\/ul>\n\n\n\n<p>El insomnio limita la capacidad de aprovechar el potencial intelectual completo.<\/p>\n\n\n\n<h4 class=\"wp-block-heading has-medium-font-size\">Dificultad para retener nueva informaci\u00f3n<\/h4>\n\n\n\n<p>Durante el sue\u00f1o profundo se consolidan los conocimientos adquiridos. La privaci\u00f3n de sue\u00f1o provoca:<\/p>\n\n\n\n<ul>\n<li><strong>Problemas para recordar conceptos clave<\/strong>.<\/li>\n\n\n\n<li><strong>Olvidos frecuentes<\/strong> de contenidos reci\u00e9n aprendidos.<\/li>\n\n\n\n<li><strong>P\u00e9rdida de conexiones entre ideas<\/strong>.<\/li>\n<\/ul>\n\n\n\n<p>Esto dificulta progresar en asignaturas que requieren memorizaci\u00f3n o razonamiento l\u00f3gico.<\/p>\n\n\n\n<h4 class=\"wp-block-heading has-medium-font-size\">Problemas de concentraci\u00f3n en clases o estudios<\/h4>\n\n\n\n<p>La falta de descanso afecta la atenci\u00f3n sostenida, provocando:<\/p>\n\n\n\n<ul>\n<li><strong>Distracci\u00f3n constante<\/strong> durante clases presenciales o virtuales.<\/li>\n\n\n\n<li><strong>Problemas para seguir explicaciones extensas<\/strong>.<\/li>\n\n\n\n<li><strong>Dificultad para mantener el foco<\/strong> en tareas de lectura o resoluci\u00f3n de ejercicios.<\/li>\n<\/ul>\n\n\n\n<p>Esta dispersi\u00f3n impacta negativamente la comprensi\u00f3n y el aprovechamiento de las clases.<\/p>\n\n\n\n<h4 class=\"wp-block-heading has-medium-font-size\">Fatiga mental persistente<\/h4>\n\n\n\n<p>La fatiga mental causada por el insomnio genera:<\/p>\n\n\n\n<ul>\n<li><strong>Sensaci\u00f3n de agotamiento mental constante<\/strong>.<\/li>\n\n\n\n<li><strong>Mayor esfuerzo para completar tareas simples<\/strong>.<\/li>\n\n\n\n<li><strong>Desmotivaci\u00f3n progresiva<\/strong> hacia las actividades acad\u00e9micas.<\/li>\n<\/ul>\n\n\n\n<p>Con el tiempo, la fatiga mental sostenida puede llevar al abandono de estudios o al bajo logro acad\u00e9mico.<\/p>\n\n\n\n<h3 class=\"wp-block-heading has-large-font-size\">4 consecuencias en las relaciones personales por el insomnio<\/h3>\n\n\n\n<p>El insomnio tambi\u00e9n da\u00f1a los v\u00ednculos sociales y afectivos. La irritabilidad, el cansancio y los cambios de humor derivados de la falta de sue\u00f1o afectan la calidad de las relaciones familiares, de pareja y de amistad. Estas son las principales consecuencias en este \u00e1mbito:<\/p>\n\n\n\n<h4 class=\"wp-block-heading has-medium-font-size\">Mayor irritabilidad hacia familiares y amigos<\/h4>\n\n\n\n<p>La falta de descanso disminuye la capacidad de regular las emociones, provocando:<\/p>\n\n\n\n<ul>\n<li><strong>Reacciones exageradas<\/strong> ante situaciones cotidianas.<\/li>\n\n\n\n<li><strong>Falta de paciencia<\/strong> con seres queridos.<\/li>\n\n\n\n<li><strong>Mayor tendencia a discutir<\/strong> por problemas menores.<\/li>\n<\/ul>\n\n\n\n<p>Esto deteriora el ambiente familiar y genera tensiones innecesarias.<\/p>\n\n\n\n<h4 class=\"wp-block-heading has-medium-font-size\">Aumento de conflictos interpersonales<\/h4>\n\n\n\n<p>El insomnio incrementa la susceptibilidad emocional, lo que favorece:<\/p>\n\n\n\n<ul>\n<li><strong>Malentendidos frecuentes<\/strong> con amigos, pareja o compa\u00f1eros de trabajo.<\/li>\n\n\n\n<li><strong>Dificultad para resolver conflictos<\/strong> de manera calmada.<\/li>\n\n\n\n<li><strong>Escalada de discusiones<\/strong> por diferencias m\u00ednimas.<\/li>\n<\/ul>\n\n\n\n<p>El cansancio impide abordar los problemas con claridad y empat\u00eda.<\/p>\n\n\n\n<h4 class=\"wp-block-heading has-medium-font-size\">Disminuci\u00f3n de la empat\u00eda<\/h4>\n\n\n\n<p>Dormir mal reduce la capacidad de ponerse en el lugar del otro. Como consecuencia:<\/p>\n\n\n\n<ul>\n<li><strong>Se perciben menos las emociones ajenas<\/strong>.<\/li>\n\n\n\n<li><strong>Se interpretan de forma negativa las intenciones de los dem\u00e1s<\/strong>.<\/li>\n\n\n\n<li><strong>Se responde de manera m\u00e1s fr\u00eda o indiferente<\/strong> en situaciones emocionales.<\/li>\n<\/ul>\n\n\n\n<p>La falta de empat\u00eda debilita los lazos afectivos con quienes nos rodean.<\/p>\n\n\n\n<h4 class=\"wp-block-heading has-medium-font-size\">Aislamiento social progresivo<\/h4>\n\n\n\n<p>El agotamiento f\u00edsico y emocional provocado por el insomnio lleva a:<\/p>\n\n\n\n<ul>\n<li><strong>Evitar actividades sociales<\/strong> por cansancio o irritabilidad.<\/li>\n\n\n\n<li><strong>Rechazar invitaciones y encuentros<\/strong>.<\/li>\n\n\n\n<li><strong>Reducir las interacciones espont\u00e1neas<\/strong> con familiares o amigos.<\/li>\n<\/ul>\n\n\n\n<p>Con el tiempo, este aislamiento puede afectar la autoestima y reforzar sentimientos de soledad.<\/p>\n\n\n\n<h3 class=\"wp-block-heading has-large-font-size\">4 consecuencias en la vida sexual por el insomnio<\/h3>\n\n\n\n<p>El insomnio impacta directamente en la vida sexual, disminuyendo tanto el deseo como el desempe\u00f1o. El agotamiento f\u00edsico, los cambios hormonales y el deterioro emocional afectan la intimidad de pareja. Estas son las principales consecuencias sexuales del insomnio:<\/p>\n\n\n\n<h4 class=\"wp-block-heading has-medium-font-size\">Disminuci\u00f3n del deseo sexual<\/h4>\n\n\n\n<p>La falta de sue\u00f1o reduce la producci\u00f3n de hormonas clave como la testosterona y el estr\u00f3geno. Esto provoca:<\/p>\n\n\n\n<ul>\n<li><strong>Menor inter\u00e9s en mantener relaciones sexuales<\/strong>.<\/li>\n\n\n\n<li><strong>Baja motivaci\u00f3n para iniciar el contacto \u00edntimo<\/strong>.<\/li>\n\n\n\n<li><strong>Sensaci\u00f3n de desconexi\u00f3n corporal y emocional<\/strong>.<\/li>\n<\/ul>\n\n\n\n<p>El deseo sexual disminuye de forma progresiva en quienes sufren insomnio cr\u00f3nico.<\/p>\n\n\n\n<h4 class=\"wp-block-heading has-medium-font-size\">Disfunci\u00f3n er\u00e9ctil o lubricaci\u00f3n vaginal reducida<\/h4>\n\n\n\n<p>La alteraci\u00f3n hormonal y el cansancio extremo afectan la respuesta sexual f\u00edsica, manifest\u00e1ndose en:<\/p>\n\n\n\n<ul>\n<li><strong>Dificultad para lograr o mantener la erecci\u00f3n<\/strong> en hombres.<\/li>\n\n\n\n<li><strong>Menor lubricaci\u00f3n vaginal<\/strong> en mujeres.<\/li>\n\n\n\n<li><strong>Sensaci\u00f3n de incomodidad o dolor durante el acto sexual<\/strong>.<\/li>\n<\/ul>\n\n\n\n<p>Estos problemas f\u00edsicos generan frustraci\u00f3n y ansiedad en la pareja.<\/p>\n\n\n\n<h4 class=\"wp-block-heading has-medium-font-size\">Reducci\u00f3n de la satisfacci\u00f3n sexual<\/h4>\n\n\n\n<p>El insomnio afecta la concentraci\u00f3n y la conexi\u00f3n emocional durante las relaciones \u00edntimas. Esto lleva a:<\/p>\n\n\n\n<ul>\n<li><strong>Menor placer f\u00edsico<\/strong> durante el acto sexual.<\/li>\n\n\n\n<li><strong>Disminuci\u00f3n de la intensidad de los orgasmos<\/strong>.<\/li>\n\n\n\n<li><strong>Sensaci\u00f3n de que la vida sexual es menos gratificante<\/strong>.<\/li>\n<\/ul>\n\n\n\n<p>La calidad del encuentro \u00edntimo se ve comprometida, afectando la autoestima sexual.<\/p>\n\n\n\n<h4 class=\"wp-block-heading has-medium-font-size\">Menor conexi\u00f3n emocional con la pareja<\/h4>\n\n\n\n<p>El cansancio constante disminuye la disponibilidad afectiva y el tiempo de calidad con la pareja. Como consecuencia:<\/p>\n\n\n\n<ul>\n<li><strong>Se reducen los momentos de intimidad emocional<\/strong>.<\/li>\n\n\n\n<li><strong>Aumenta la distancia afectiva<\/strong> en la relaci\u00f3n.<\/li>\n\n\n\n<li><strong>Se deteriora la comunicaci\u00f3n sexual y emocional<\/strong>.<\/li>\n<\/ul>\n\n\n\n<p>La falta de conexi\u00f3n emocional puede agravar los problemas sexuales y poner en riesgo la estabilidad de la pareja.<\/p>\n\n\n\n<h3 class=\"wp-block-heading has-large-font-size\">4 riesgos sociales y de seguridad derivados del insomnio<\/h3>\n\n\n\n<p>El insomnio no solo afecta la esfera personal, emocional y f\u00edsica, sino que tambi\u00e9n incrementa riesgos en la vida social y en situaciones de seguridad p\u00fablica. Dormir mal puede llevar a conductas impulsivas y a accidentes graves. Estas son las principales consecuencias sociales del insomnio:<\/p>\n\n\n\n<h4 class=\"wp-block-heading has-medium-font-size\">Mayor probabilidad de accidentes de tr\u00e1fico<\/h4>\n\n\n\n<p>La somnolencia al volante es comparable a conducir bajo los efectos del alcohol. El insomnio genera:<\/p>\n\n\n\n<ul>\n<li><strong>Disminuci\u00f3n de los reflejos<\/strong> y la capacidad de reacci\u00f3n.<\/li>\n\n\n\n<li><strong>Mayor tendencia a la distracci\u00f3n<\/strong> mientras se maneja.<\/li>\n\n\n\n<li><strong>Microsue\u00f1os<\/strong> que pueden durar segundos y causar accidentes graves.<\/li>\n<\/ul>\n\n\n\n<p>La falta de descanso est\u00e1 asociada a un mayor n\u00famero de accidentes de tr\u00e1nsito a nivel mundial.<\/p>\n\n\n\n<h4 class=\"wp-block-heading has-medium-font-size\">Aumento de la impulsividad y comportamientos de riesgo<\/h4>\n\n\n\n<p>La fatiga mental disminuye la capacidad de autocontrol. Esto se traduce en:<\/p>\n\n\n\n<ul>\n<li><strong>Tendencia a tomar decisiones impulsivas<\/strong> sin evaluar consecuencias.<\/li>\n\n\n\n<li><strong>Mayor participaci\u00f3n en actividades de riesgo<\/strong>, como peleas, apuestas o conducci\u00f3n temeraria.<\/li>\n\n\n\n<li><strong>Mayor consumo de sustancias como alcohol o drogas<\/strong>.<\/li>\n<\/ul>\n\n\n\n<p>El insomnio afecta directamente el juicio y la autoconciencia de las conductas peligrosas.<\/p>\n\n\n\n<h4 class=\"wp-block-heading has-medium-font-size\">Deterioro en la capacidad de juicio social<\/h4>\n\n\n\n<p>Dormir mal afecta la interpretaci\u00f3n de las se\u00f1ales sociales. Las personas con insomnio presentan:<\/p>\n\n\n\n<ul>\n<li><strong>Dificultad para interpretar correctamente las expresiones faciales y tonos de voz<\/strong>.<\/li>\n\n\n\n<li><strong>Tendencia a malentender intenciones<\/strong> de otras personas.<\/li>\n\n\n\n<li><strong>Respuesta social inapropiada<\/strong> en reuniones o interacciones cotidianas.<\/li>\n<\/ul>\n\n\n\n<p>Esto puede provocar conflictos innecesarios y aislamiento en entornos sociales.<\/p>\n\n\n\n<h4 class=\"wp-block-heading has-medium-font-size\">Vulnerabilidad a adicciones (alcohol, drogas, apuestas)<\/h4>\n\n\n\n<p>El insomnio cr\u00f3nico incrementa la b\u00fasqueda de mecanismos de escape para aliviar el malestar emocional. Esto aumenta el riesgo de:<\/p>\n\n\n\n<ul>\n<li><strong>Desarrollar dependencia de sustancias<\/strong> como ansiol\u00edticos, alcohol o drogas recreativas.<\/li>\n\n\n\n<li><strong>Buscar gratificaciones inmediatas<\/strong> a trav\u00e9s de apuestas o conductas compulsivas.<\/li>\n\n\n\n<li><strong>Dificultar a\u00fan m\u00e1s el tratamiento psicol\u00f3gico<\/strong> si las adicciones se consolidan.<\/li>\n<\/ul>\n\n\n\n<p>La combinaci\u00f3n de insomnio y adicciones representa un grave riesgo para la salud integral.<\/p>\n\n\n\n<h3 class=\"wp-block-heading has-large-font-size\">Conclusi\u00f3n<\/h3>\n\n\n\n<p>El insomnio es mucho m\u00e1s que un simple problema para dormir. Su impacto abarca todas las \u00e1reas de la vida: deteriora la funci\u00f3n cognitiva, da\u00f1a la salud emocional, incrementa riesgos f\u00edsicos graves, afecta el rendimiento laboral y acad\u00e9mico, y complica las relaciones personales y sociales.<\/p>\n\n\n\n<p>Identificar las <strong>consecuencias del insomnio<\/strong> es fundamental para comprender la magnitud del problema y actuar a tiempo. El tratamiento adecuado puede no solo restaurar el descanso nocturno, sino tambi\u00e9n mejorar la calidad de vida en todos los aspectos.<\/p>\n\n\n\n<p>Si el insomnio est\u00e1 afectando tu bienestar emocional, laboral o personal, recuerda que puedes acceder a <strong><a href=\"https:\/\/fonasa.mindy.cl\/blog\/psicologo-presencial-fonasa\/\">consulta psicol\u00f3gica Fonasa<\/a><\/strong> en <strong><a href=\"https:\/\/www.mindy.cl\/\">Mindy.cl<\/a><\/strong>. Nuestro equipo de <strong>psic\u00f3logos que atienden por Fonasa<\/strong> trabaja en modalidad <strong>online segura y confidencial<\/strong>, ayud\u00e1ndote a recuperar el equilibrio emocional y el descanso que necesitas.<\/p>\n\n\n\n<p><strong>Dormir bien es vivir mejor. Da hoy el primer paso hacia tu bienestar.<\/strong><\/p>\n\n\n\n<h2 class=\"wp-block-heading has-x-large-font-size\">El primer paso hacia tu bienestar: Una terapia a tu medida<\/h2>\n\n\n\n<p>Sentirse bien comienza por elegir el apoyo correcto. Te invitamos a utilizar nuestra herramienta de diagn\u00f3stico preventivo para conocer qu\u00e9 enfoque psicol\u00f3gico es el m\u00e1s indicado para tratar tus s\u00edntomas o inquietudes. Obt\u00e9n claridad hoy mismo y comienza tu terapia con la confianza de una elecci\u00f3n personalizada. <\/p>\n\n\n\n<p>\ud83d\udc49 <strong><a href=\"https:\/\/form.typeform.com\/to\/jfcSJODX\" target=\"_blank\" rel=\"noreferrer noopener\">Completar el Test de Selecci\u00f3n Terap\u00e9utica<\/a><\/strong><\/p>\n","protected":false},"excerpt":{"rendered":"<p>El insomnio impacta la memoria, las emociones, el rendimiento laboral y las relaciones personales. Descubre sus 35 consecuencias y c\u00f3mo recuperar tu bienestar.<\/p>\n","protected":false},"author":2,"featured_media":416,"comment_status":"open","ping_status":"open","sticky":false,"template":"","format":"standard","meta":{"footnotes":""},"categories":[114,277],"tags":[],"yoast_head":"<!-- This site is optimized with the Yoast SEO plugin v23.0 - https:\/\/yoast.com\/wordpress\/plugins\/seo\/ -->\n<title>35 consecuencias del insomnio: c\u00f3mo impacta tu vida diaria - Mindy Fonasa Blog<\/title>\n<meta name=\"description\" content=\"Descubre las 35 consecuencias del insomnio en tu cuerpo, mente y relaciones. Conoce el impacto real y c\u00f3mo buscar ayuda con Fonasa.\" \/>\n<meta name=\"robots\" content=\"index, follow, max-snippet:-1, max-image-preview:large, max-video-preview:-1\" \/>\n<link rel=\"canonical\" href=\"https:\/\/fonasa.mindy.cl\/blog\/consecuencias-del-insomnio\/\" \/>\n<meta property=\"og:locale\" content=\"es_ES\" \/>\n<meta property=\"og:type\" content=\"article\" \/>\n<meta property=\"og:title\" content=\"35 consecuencias del insomnio: c\u00f3mo impacta tu vida diaria - Mindy Fonasa Blog\" \/>\n<meta property=\"og:description\" content=\"Descubre las 35 consecuencias del insomnio en tu cuerpo, mente y relaciones. Conoce el impacto real y c\u00f3mo buscar ayuda con Fonasa.\" \/>\n<meta property=\"og:url\" content=\"https:\/\/fonasa.mindy.cl\/blog\/consecuencias-del-insomnio\/\" \/>\n<meta property=\"og:site_name\" content=\"Mindy Fonasa Blog\" \/>\n<meta property=\"article:published_time\" content=\"2025-04-28T20:47:45+00:00\" \/>\n<meta property=\"article:modified_time\" content=\"2026-03-25T17:46:26+00:00\" \/>\n<meta property=\"og:image\" content=\"https:\/\/fonasa.mindy.cl\/blog\/wp-content\/uploads\/2025\/04\/consencuencias-del-insomnio.png\" \/>\n\t<meta property=\"og:image:width\" content=\"1536\" \/>\n\t<meta property=\"og:image:height\" content=\"1024\" \/>\n\t<meta property=\"og:image:type\" content=\"image\/png\" \/>\n<meta name=\"author\" content=\"reinaldo@mindy.cl\" \/>\n<meta name=\"twitter:card\" content=\"summary_large_image\" \/>\n<meta name=\"twitter:label1\" content=\"Written by\" \/>\n\t<meta name=\"twitter:data1\" content=\"reinaldo@mindy.cl\" \/>\n\t<meta name=\"twitter:label2\" content=\"Est. reading time\" \/>\n\t<meta name=\"twitter:data2\" content=\"15 minutos\" \/>\n<script type=\"application\/ld+json\" class=\"yoast-schema-graph\">{\"@context\":\"https:\/\/schema.org\",\"@graph\":[{\"@type\":\"Article\",\"@id\":\"https:\/\/fonasa.mindy.cl\/blog\/consecuencias-del-insomnio\/#article\",\"isPartOf\":{\"@id\":\"https:\/\/fonasa.mindy.cl\/blog\/consecuencias-del-insomnio\/\"},\"author\":{\"name\":\"reinaldo@mindy.cl\",\"@id\":\"https:\/\/fonasa.mindy.cl\/blog\/#\/schema\/person\/6b2fdf85e03858572a636b7b9ce17d81\"},\"headline\":\"35 consecuencias del insomnio: c\u00f3mo impacta tu vida diaria\",\"datePublished\":\"2025-04-28T20:47:45+00:00\",\"dateModified\":\"2026-03-25T17:46:26+00:00\",\"mainEntityOfPage\":{\"@id\":\"https:\/\/fonasa.mindy.cl\/blog\/consecuencias-del-insomnio\/\"},\"wordCount\":3321,\"commentCount\":123,\"publisher\":{\"@id\":\"https:\/\/fonasa.mindy.cl\/blog\/#organization\"},\"image\":{\"@id\":\"https:\/\/fonasa.mindy.cl\/blog\/consecuencias-del-insomnio\/#primaryimage\"},\"thumbnailUrl\":\"https:\/\/fonasa.mindy.cl\/blog\/wp-content\/uploads\/2025\/04\/consencuencias-del-insomnio.png\",\"articleSection\":[\"Psic\u00f3logos Fonasa\",\"Trastornos de sue\u00f1o\"],\"inLanguage\":\"es-CL\",\"potentialAction\":[{\"@type\":\"CommentAction\",\"name\":\"Comment\",\"target\":[\"https:\/\/fonasa.mindy.cl\/blog\/consecuencias-del-insomnio\/#respond\"]}]},{\"@type\":\"WebPage\",\"@id\":\"https:\/\/fonasa.mindy.cl\/blog\/consecuencias-del-insomnio\/\",\"url\":\"https:\/\/fonasa.mindy.cl\/blog\/consecuencias-del-insomnio\/\",\"name\":\"35 consecuencias del insomnio: c\u00f3mo impacta tu vida diaria - Mindy Fonasa Blog\",\"isPartOf\":{\"@id\":\"https:\/\/fonasa.mindy.cl\/blog\/#website\"},\"primaryImageOfPage\":{\"@id\":\"https:\/\/fonasa.mindy.cl\/blog\/consecuencias-del-insomnio\/#primaryimage\"},\"image\":{\"@id\":\"https:\/\/fonasa.mindy.cl\/blog\/consecuencias-del-insomnio\/#primaryimage\"},\"thumbnailUrl\":\"https:\/\/fonasa.mindy.cl\/blog\/wp-content\/uploads\/2025\/04\/consencuencias-del-insomnio.png\",\"datePublished\":\"2025-04-28T20:47:45+00:00\",\"dateModified\":\"2026-03-25T17:46:26+00:00\",\"description\":\"Descubre las 35 consecuencias del insomnio en tu cuerpo, mente y relaciones. Conoce el impacto real y c\u00f3mo buscar ayuda con Fonasa.\",\"breadcrumb\":{\"@id\":\"https:\/\/fonasa.mindy.cl\/blog\/consecuencias-del-insomnio\/#breadcrumb\"},\"inLanguage\":\"es-CL\",\"potentialAction\":[{\"@type\":\"ReadAction\",\"target\":[\"https:\/\/fonasa.mindy.cl\/blog\/consecuencias-del-insomnio\/\"]}]},{\"@type\":\"ImageObject\",\"inLanguage\":\"es-CL\",\"@id\":\"https:\/\/fonasa.mindy.cl\/blog\/consecuencias-del-insomnio\/#primaryimage\",\"url\":\"https:\/\/fonasa.mindy.cl\/blog\/wp-content\/uploads\/2025\/04\/consencuencias-del-insomnio.png\",\"contentUrl\":\"https:\/\/fonasa.mindy.cl\/blog\/wp-content\/uploads\/2025\/04\/consencuencias-del-insomnio.png\",\"width\":1536,\"height\":1024,\"caption\":\"consecuencias del insomnio\"},{\"@type\":\"BreadcrumbList\",\"@id\":\"https:\/\/fonasa.mindy.cl\/blog\/consecuencias-del-insomnio\/#breadcrumb\",\"itemListElement\":[{\"@type\":\"ListItem\",\"position\":1,\"name\":\"Home\",\"item\":\"https:\/\/fonasa.mindy.cl\/blog\/\"},{\"@type\":\"ListItem\",\"position\":2,\"name\":\"35 consecuencias del insomnio: c\u00f3mo impacta tu vida diaria\"}]},{\"@type\":\"WebSite\",\"@id\":\"https:\/\/fonasa.mindy.cl\/blog\/#website\",\"url\":\"https:\/\/fonasa.mindy.cl\/blog\/\",\"name\":\"Mindy Fonasa Blog\",\"description\":\"Un blog de salud mental\",\"publisher\":{\"@id\":\"https:\/\/fonasa.mindy.cl\/blog\/#organization\"},\"potentialAction\":[{\"@type\":\"SearchAction\",\"target\":{\"@type\":\"EntryPoint\",\"urlTemplate\":\"https:\/\/fonasa.mindy.cl\/blog\/?s={search_term_string}\"},\"query-input\":\"required name=search_term_string\"}],\"inLanguage\":\"es-CL\"},{\"@type\":\"Organization\",\"@id\":\"https:\/\/fonasa.mindy.cl\/blog\/#organization\",\"name\":\"Mindy Fonasa Blog\",\"url\":\"https:\/\/fonasa.mindy.cl\/blog\/\",\"logo\":{\"@type\":\"ImageObject\",\"inLanguage\":\"es-CL\",\"@id\":\"https:\/\/fonasa.mindy.cl\/blog\/#\/schema\/logo\/image\/\",\"url\":\"https:\/\/fonasa.mindy.cl\/blog\/wp-content\/uploads\/2024\/07\/logo_cuadrado.png\",\"contentUrl\":\"https:\/\/fonasa.mindy.cl\/blog\/wp-content\/uploads\/2024\/07\/logo_cuadrado.png\",\"width\":300,\"height\":300,\"caption\":\"Mindy Fonasa Blog\"},\"image\":{\"@id\":\"https:\/\/fonasa.mindy.cl\/blog\/#\/schema\/logo\/image\/\"}},{\"@type\":\"Person\",\"@id\":\"https:\/\/fonasa.mindy.cl\/blog\/#\/schema\/person\/6b2fdf85e03858572a636b7b9ce17d81\",\"name\":\"reinaldo@mindy.cl\",\"url\":\"https:\/\/fonasa.mindy.cl\/blog\/author\/reinaldomindy-cl\/\"}]}<\/script>\n<!-- \/ Yoast SEO plugin. -->","yoast_head_json":{"title":"35 consecuencias del insomnio: c\u00f3mo impacta tu vida diaria - Mindy Fonasa Blog","description":"Descubre las 35 consecuencias del insomnio en tu cuerpo, mente y relaciones. Conoce el impacto real y c\u00f3mo buscar ayuda con Fonasa.","robots":{"index":"index","follow":"follow","max-snippet":"max-snippet:-1","max-image-preview":"max-image-preview:large","max-video-preview":"max-video-preview:-1"},"canonical":"https:\/\/fonasa.mindy.cl\/blog\/consecuencias-del-insomnio\/","og_locale":"es_ES","og_type":"article","og_title":"35 consecuencias del insomnio: c\u00f3mo impacta tu vida diaria - Mindy Fonasa Blog","og_description":"Descubre las 35 consecuencias del insomnio en tu cuerpo, mente y relaciones. Conoce el impacto real y c\u00f3mo buscar ayuda con Fonasa.","og_url":"https:\/\/fonasa.mindy.cl\/blog\/consecuencias-del-insomnio\/","og_site_name":"Mindy Fonasa Blog","article_published_time":"2025-04-28T20:47:45+00:00","article_modified_time":"2026-03-25T17:46:26+00:00","og_image":[{"width":1536,"height":1024,"url":"https:\/\/fonasa.mindy.cl\/blog\/wp-content\/uploads\/2025\/04\/consencuencias-del-insomnio.png","type":"image\/png"}],"author":"reinaldo@mindy.cl","twitter_card":"summary_large_image","twitter_misc":{"Written by":"reinaldo@mindy.cl","Est. reading time":"15 minutos"},"schema":{"@context":"https:\/\/schema.org","@graph":[{"@type":"Article","@id":"https:\/\/fonasa.mindy.cl\/blog\/consecuencias-del-insomnio\/#article","isPartOf":{"@id":"https:\/\/fonasa.mindy.cl\/blog\/consecuencias-del-insomnio\/"},"author":{"name":"reinaldo@mindy.cl","@id":"https:\/\/fonasa.mindy.cl\/blog\/#\/schema\/person\/6b2fdf85e03858572a636b7b9ce17d81"},"headline":"35 consecuencias del insomnio: c\u00f3mo impacta tu vida diaria","datePublished":"2025-04-28T20:47:45+00:00","dateModified":"2026-03-25T17:46:26+00:00","mainEntityOfPage":{"@id":"https:\/\/fonasa.mindy.cl\/blog\/consecuencias-del-insomnio\/"},"wordCount":3321,"commentCount":123,"publisher":{"@id":"https:\/\/fonasa.mindy.cl\/blog\/#organization"},"image":{"@id":"https:\/\/fonasa.mindy.cl\/blog\/consecuencias-del-insomnio\/#primaryimage"},"thumbnailUrl":"https:\/\/fonasa.mindy.cl\/blog\/wp-content\/uploads\/2025\/04\/consencuencias-del-insomnio.png","articleSection":["Psic\u00f3logos Fonasa","Trastornos de sue\u00f1o"],"inLanguage":"es-CL","potentialAction":[{"@type":"CommentAction","name":"Comment","target":["https:\/\/fonasa.mindy.cl\/blog\/consecuencias-del-insomnio\/#respond"]}]},{"@type":"WebPage","@id":"https:\/\/fonasa.mindy.cl\/blog\/consecuencias-del-insomnio\/","url":"https:\/\/fonasa.mindy.cl\/blog\/consecuencias-del-insomnio\/","name":"35 consecuencias del insomnio: c\u00f3mo impacta tu vida diaria - Mindy Fonasa Blog","isPartOf":{"@id":"https:\/\/fonasa.mindy.cl\/blog\/#website"},"primaryImageOfPage":{"@id":"https:\/\/fonasa.mindy.cl\/blog\/consecuencias-del-insomnio\/#primaryimage"},"image":{"@id":"https:\/\/fonasa.mindy.cl\/blog\/consecuencias-del-insomnio\/#primaryimage"},"thumbnailUrl":"https:\/\/fonasa.mindy.cl\/blog\/wp-content\/uploads\/2025\/04\/consencuencias-del-insomnio.png","datePublished":"2025-04-28T20:47:45+00:00","dateModified":"2026-03-25T17:46:26+00:00","description":"Descubre las 35 consecuencias del insomnio en tu cuerpo, mente y relaciones. Conoce el impacto real y c\u00f3mo buscar ayuda con Fonasa.","breadcrumb":{"@id":"https:\/\/fonasa.mindy.cl\/blog\/consecuencias-del-insomnio\/#breadcrumb"},"inLanguage":"es-CL","potentialAction":[{"@type":"ReadAction","target":["https:\/\/fonasa.mindy.cl\/blog\/consecuencias-del-insomnio\/"]}]},{"@type":"ImageObject","inLanguage":"es-CL","@id":"https:\/\/fonasa.mindy.cl\/blog\/consecuencias-del-insomnio\/#primaryimage","url":"https:\/\/fonasa.mindy.cl\/blog\/wp-content\/uploads\/2025\/04\/consencuencias-del-insomnio.png","contentUrl":"https:\/\/fonasa.mindy.cl\/blog\/wp-content\/uploads\/2025\/04\/consencuencias-del-insomnio.png","width":1536,"height":1024,"caption":"consecuencias del insomnio"},{"@type":"BreadcrumbList","@id":"https:\/\/fonasa.mindy.cl\/blog\/consecuencias-del-insomnio\/#breadcrumb","itemListElement":[{"@type":"ListItem","position":1,"name":"Home","item":"https:\/\/fonasa.mindy.cl\/blog\/"},{"@type":"ListItem","position":2,"name":"35 consecuencias del insomnio: c\u00f3mo impacta tu vida diaria"}]},{"@type":"WebSite","@id":"https:\/\/fonasa.mindy.cl\/blog\/#website","url":"https:\/\/fonasa.mindy.cl\/blog\/","name":"Mindy Fonasa Blog","description":"Un blog de salud mental","publisher":{"@id":"https:\/\/fonasa.mindy.cl\/blog\/#organization"},"potentialAction":[{"@type":"SearchAction","target":{"@type":"EntryPoint","urlTemplate":"https:\/\/fonasa.mindy.cl\/blog\/?s={search_term_string}"},"query-input":"required name=search_term_string"}],"inLanguage":"es-CL"},{"@type":"Organization","@id":"https:\/\/fonasa.mindy.cl\/blog\/#organization","name":"Mindy Fonasa Blog","url":"https:\/\/fonasa.mindy.cl\/blog\/","logo":{"@type":"ImageObject","inLanguage":"es-CL","@id":"https:\/\/fonasa.mindy.cl\/blog\/#\/schema\/logo\/image\/","url":"https:\/\/fonasa.mindy.cl\/blog\/wp-content\/uploads\/2024\/07\/logo_cuadrado.png","contentUrl":"https:\/\/fonasa.mindy.cl\/blog\/wp-content\/uploads\/2024\/07\/logo_cuadrado.png","width":300,"height":300,"caption":"Mindy Fonasa Blog"},"image":{"@id":"https:\/\/fonasa.mindy.cl\/blog\/#\/schema\/logo\/image\/"}},{"@type":"Person","@id":"https:\/\/fonasa.mindy.cl\/blog\/#\/schema\/person\/6b2fdf85e03858572a636b7b9ce17d81","name":"reinaldo@mindy.cl","url":"https:\/\/fonasa.mindy.cl\/blog\/author\/reinaldomindy-cl\/"}]}},"_links":{"self":[{"href":"https:\/\/fonasa.mindy.cl\/blog\/wp-json\/wp\/v2\/posts\/415"}],"collection":[{"href":"https:\/\/fonasa.mindy.cl\/blog\/wp-json\/wp\/v2\/posts"}],"about":[{"href":"https:\/\/fonasa.mindy.cl\/blog\/wp-json\/wp\/v2\/types\/post"}],"author":[{"embeddable":true,"href":"https:\/\/fonasa.mindy.cl\/blog\/wp-json\/wp\/v2\/users\/2"}],"replies":[{"embeddable":true,"href":"https:\/\/fonasa.mindy.cl\/blog\/wp-json\/wp\/v2\/comments?post=415"}],"version-history":[{"count":7,"href":"https:\/\/fonasa.mindy.cl\/blog\/wp-json\/wp\/v2\/posts\/415\/revisions"}],"predecessor-version":[{"id":1827,"href":"https:\/\/fonasa.mindy.cl\/blog\/wp-json\/wp\/v2\/posts\/415\/revisions\/1827"}],"wp:featuredmedia":[{"embeddable":true,"href":"https:\/\/fonasa.mindy.cl\/blog\/wp-json\/wp\/v2\/media\/416"}],"wp:attachment":[{"href":"https:\/\/fonasa.mindy.cl\/blog\/wp-json\/wp\/v2\/media?parent=415"}],"wp:term":[{"taxonomy":"category","embeddable":true,"href":"https:\/\/fonasa.mindy.cl\/blog\/wp-json\/wp\/v2\/categories?post=415"},{"taxonomy":"post_tag","embeddable":true,"href":"https:\/\/fonasa.mindy.cl\/blog\/wp-json\/wp\/v2\/tags?post=415"}],"curies":[{"name":"wp","href":"https:\/\/api.w.org\/{rel}","templated":true}]}}