{"id":408,"date":"2025-04-26T15:53:38","date_gmt":"2025-04-26T19:53:38","guid":{"rendered":"https:\/\/fonasa.mindy.cl\/blog\/?p=408"},"modified":"2026-03-25T11:26:47","modified_gmt":"2026-03-25T14:26:47","slug":"trastornos-de-sueno-salud-mental","status":"publish","type":"post","link":"https:\/\/fonasa.mindy.cl\/blog\/trastornos-de-sueno-salud-mental\/","title":{"rendered":"6 formas en que los trastornos del sue\u00f1o impactan tu salud mental"},"content":{"rendered":"\n<p>Un <strong>trastorno de sue\u00f1o<\/strong> puede afectar mucho m\u00e1s que tu descanso nocturno: tambi\u00e9n puede da\u00f1ar tu salud mental. Millones de personas viven con <strong>trastornos del sue\u00f1o<\/strong> que alteran su estado emocional, aumentando el riesgo de ansiedad, depresi\u00f3n y otras condiciones psicol\u00f3gicas.<\/p>\n\n\n\n<p>En este art\u00edculo exploraremos <strong>6 formas en que los trastornos del sue\u00f1o impactan tu salud mental<\/strong>, detallando los principales tipos de alteraciones del sue\u00f1o y su efecto en tu bienestar emocional.<br>Si est\u00e1s atravesando dificultades para dormir, recuerda que puedes acceder a <strong>consulta psicol\u00f3gica Fonasa<\/strong> y recibir <strong><a href=\"https:\/\/mindy.cl\">apoyo profesional en plataformas online seguras y confiables.<\/a><\/strong><\/p>\n\n\n\n<h2 class=\"wp-block-heading has-x-large-font-size\">\u00bfC\u00f3mo los trastornos del sue\u00f1o afectan tu salud mental?<\/h2>\n\n\n\n<p>Los <strong>trastornos del sue\u00f1o<\/strong> impactan mucho m\u00e1s que el descanso f\u00edsico. Diversos estudios demuestran que la falta de sue\u00f1o reparador altera funciones cerebrales esenciales, afectando la memoria, la concentraci\u00f3n, el manejo de emociones y el equilibrio mental general.<\/p>\n\n\n\n<p>Algunos<strong> efectos comunes de los trastornos del sue\u00f1o<\/strong> en la salud mental incluyen:<\/p>\n\n\n\n<ul>\n<li>Aumento de la ansiedad y del estr\u00e9s.<\/li>\n\n\n\n<li>Cambios de humor e irritabilidad.<\/li>\n\n\n\n<li>Mayor riesgo de desarrollar depresi\u00f3n.<\/li>\n\n\n\n<li>Disminuci\u00f3n en la capacidad de concentraci\u00f3n.<\/li>\n\n\n\n<li>Alteraciones en la percepci\u00f3n y procesamiento emocional.<\/li>\n\n\n\n<li>Aislamiento social y dificultades en las relaciones interpersonales.<\/li>\n<\/ul>\n\n\n\n<p>En los pr\u00f3ximos apartados, analizaremos <strong>seis trastornos del sue\u00f1o principales<\/strong> y c\u00f3mo cada uno puede afectar tu salud emocional y psicol\u00f3gica.<\/p>\n\n\n\n<h3 class=\"wp-block-heading has-text-align-center has-large-font-size\">Insomnio: la puerta de entrada a la ansiedad y la depresi\u00f3n<\/h3>\n\n\n\n<p>El <strong>insomnio<\/strong> es uno de los <strong>trastornos del sue\u00f1o<\/strong> m\u00e1s frecuentes. Se caracteriza por la dificultad para iniciar o mantener el sue\u00f1o, o por despertarse antes de lo previsto.<br>M\u00e1s all\u00e1 de la fatiga f\u00edsica, el insomnio tiene consecuencias profundas en la salud mental.<\/p>\n\n\n\n<h4 class=\"wp-block-heading has-medium-font-size\">\u00bfQu\u00e9 es el insomnio?<\/h4>\n\n\n\n<p>El insomnio es la incapacidad de dormir de forma adecuada, ya sea por problemas para conciliar el sue\u00f1o, despertares constantes durante la noche o un sue\u00f1o que no resulta reparador.<br>Puede ser ocasional (agudo) o mantenerse en el tiempo (cr\u00f3nico).<\/p>\n\n\n\n<h4 class=\"wp-block-heading has-medium-font-size\">Causas comunes del insomnio<\/h4>\n\n\n\n<ul>\n<li>Estr\u00e9s agudo o cr\u00f3nico.<\/li>\n\n\n\n<li>Trastornos de ansiedad.<\/li>\n\n\n\n<li>Depresi\u00f3n.<\/li>\n\n\n\n<li>Malos h\u00e1bitos de sue\u00f1o.<\/li>\n\n\n\n<li>Consumo de cafe\u00edna, alcohol o tabaco en exceso.<\/li>\n\n\n\n<li>Cambios hormonales o enfermedades m\u00e9dicas.<\/li>\n<\/ul>\n\n\n\n<h4 class=\"wp-block-heading has-medium-font-size\">\u00bfC\u00f3mo el insomnio afecta la salud mental?<\/h4>\n\n\n\n<p>El insomnio crea un c\u00edrculo vicioso entre el sue\u00f1o y la mente. Dormir mal aumenta los niveles de cortisol (hormona del estr\u00e9s), dificulta la regulaci\u00f3n emocional y altera la producci\u00f3n de serotonina, clave para el estado de \u00e1nimo.<\/p>\n\n\n\n<p><strong>Principales efectos psicol\u00f3gicos del insomnio:<\/strong><\/p>\n\n\n\n<ul>\n<li><strong>Aumento de la ansiedad:<\/strong> La falta de descanso eleva la sensaci\u00f3n de amenaza y preocupaci\u00f3n constante.<\/li>\n\n\n\n<li><strong>Riesgo de depresi\u00f3n:<\/strong> Dormir menos de seis horas por noche se asocia con un mayor riesgo de desarrollar s\u00edntomas depresivos.<\/li>\n\n\n\n<li><strong>Irritabilidad y cambios de humor:<\/strong> El cansancio sostenido vuelve m\u00e1s dif\u00edcil manejar emociones cotidianas.<\/li>\n\n\n\n<li><strong>Dificultad de concentraci\u00f3n:<\/strong> El cerebro no logra procesar informaci\u00f3n con claridad cuando no descansa correctamente.<\/li>\n<\/ul>\n\n\n\n<h4 class=\"wp-block-heading has-medium-font-size\">Tratamiento psicol\u00f3gico del insomnio<\/h4>\n\n\n\n<p>El enfoque m\u00e1s recomendado para el insomnio es la <strong>Terapia Cognitivo-Conductual para el Insomnio (TCC-I)<\/strong>.<br>Este tipo de intervenci\u00f3n ayuda a:<\/p>\n\n\n\n<ul>\n<li>Cambiar pensamientos negativos sobre el sue\u00f1o.<\/li>\n\n\n\n<li>Establecer rutinas saludables de descanso.<\/li>\n\n\n\n<li>Reducir la ansiedad anticipatoria relacionada con dormir.<\/li>\n<\/ul>\n\n\n\n<p>Esta terapia ayuda a modificar patrones de pensamiento, establecer rutinas de sue\u00f1o saludables y reducir la ansiedad relacionada con el dormir.<\/p>\n\n\n\n<h3 class=\"wp-block-heading has-text-align-center has-large-font-size\">Apnea del sue\u00f1o: pausas respiratorias que alteran tu bienestar emocional<\/h3>\n\n\n\n<p>La <strong>apnea del sue\u00f1o<\/strong> es un <strong>trastorno de sue\u00f1o<\/strong> caracterizado por interrupciones repetidas en la respiraci\u00f3n durante el descanso nocturno. Estas pausas impiden alcanzar un sue\u00f1o profundo y reparador, afectando tanto la salud f\u00edsica como la mental.<\/p>\n\n\n\n<h4 class=\"wp-block-heading has-medium-font-size\">\u00bfQu\u00e9 es la apnea del sue\u00f1o?<\/h4>\n\n\n\n<p>La apnea del sue\u00f1o ocurre cuando las v\u00edas respiratorias se bloquean parcial o totalmente mientras duermes. Esto provoca despertares breves repetitivos que, aunque muchas veces no son conscientes, fragmentan el ciclo natural del sue\u00f1o.<\/p>\n\n\n\n<p>Existen tres tipos principales:<\/p>\n\n\n\n<ul>\n<li><strong>Apnea obstructiva del sue\u00f1o:<\/strong> Bloqueo f\u00edsico de las v\u00edas respiratorias.<\/li>\n\n\n\n<li><strong>Apnea central del sue\u00f1o:<\/strong> Fallo en la se\u00f1al cerebral que controla la respiraci\u00f3n.<\/li>\n\n\n\n<li><strong>Apnea mixta:<\/strong> Combinaci\u00f3n de ambas.<\/li>\n<\/ul>\n\n\n\n<h4 class=\"wp-block-heading has-medium-font-size\">Causas comunes de la apnea del sue\u00f1o<\/h4>\n\n\n\n<ul>\n<li>Sobrepeso y obesidad.<\/li>\n\n\n\n<li>Tono muscular reducido en las v\u00edas respiratorias.<\/li>\n\n\n\n<li>Consumo de alcohol o sedantes antes de dormir.<\/li>\n\n\n\n<li>Anomal\u00edas anat\u00f3micas (como am\u00edgdalas agrandadas o tabique nasal desviado).<\/li>\n\n\n\n<li>Factores gen\u00e9ticos y edad avanzada.<\/li>\n<\/ul>\n\n\n\n<h4 class=\"wp-block-heading has-medium-font-size\">\u00bfC\u00f3mo la apnea del sue\u00f1o afecta la salud mental?<\/h4>\n\n\n\n<p>Las frecuentes interrupciones del sue\u00f1o producen hipoxia intermitente (bajo ox\u00edgeno en sangre) y estr\u00e9s fisiol\u00f3gico cr\u00f3nico. Estos factores influyen directamente en el equilibrio emocional.<\/p>\n\n\n\n<p><strong>Principales efectos psicol\u00f3gicos de la apnea del sue\u00f1o:<\/strong><\/p>\n\n\n\n<ul>\n<li><strong>Irritabilidad constante:<\/strong> La falta de ox\u00edgeno y el mal descanso aumentan la reactividad emocional.<\/li>\n\n\n\n<li><strong>Ansiedad:<\/strong> Las dificultades respiratorias nocturnas elevan la sensaci\u00f3n de peligro, incluso durante el d\u00eda.<\/li>\n\n\n\n<li><strong>Depresi\u00f3n:<\/strong> Las alteraciones en los neurotransmisores relacionadas con el mal sue\u00f1o incrementan el riesgo de trastornos depresivos.<\/li>\n\n\n\n<li><strong>Fatiga emocional:<\/strong> La sensaci\u00f3n de agotamiento perpetuo disminuye la motivaci\u00f3n y la autoestima.<\/li>\n<\/ul>\n\n\n\n<h4 class=\"wp-block-heading has-medium-font-size\">Tratamiento psicol\u00f3gico de la apnea del sue\u00f1o<\/h4>\n\n\n\n<p>Aunque el tratamiento m\u00e9dico (como el uso de CPAP) es crucial, la intervenci\u00f3n psicol\u00f3gica tambi\u00e9n juega un rol importante. Ayuda a manejar la ansiedad derivada de la apnea, mejora la adherencia al tratamiento y apoya cambios de h\u00e1bitos saludables que optimizan el sue\u00f1o.<\/p>\n\n\n\n<h3 class=\"wp-block-heading has-text-align-center has-large-font-size\">Sonambulismo: entre el sue\u00f1o y la desorientaci\u00f3n emocional<\/h3>\n\n\n\n<p>El <a href=\"https:\/\/fonasa.mindy.cl\/blog\/sonambulismo-entendiendo-los-misterios-del-sueno\/\"><strong>sonambulismo<\/strong> <\/a>es un <strong>trastorno de sue\u00f1o<\/strong> que provoca comportamientos motores complejos mientras la persona a\u00fan est\u00e1 dormida. Caminar, hablar o realizar actividades sin conciencia plena son manifestaciones t\u00edpicas de este fen\u00f3meno.<\/p>\n\n\n\n<h4 class=\"wp-block-heading has-medium-font-size\">\u00bfQu\u00e9 es el sonambulismo?<\/h4>\n\n\n\n<p>El sonambulismo es una parasomnia que ocurre durante las fases m\u00e1s profundas del sue\u00f1o no REM. Durante un episodio, la persona puede incorporarse, caminar, realizar acciones autom\u00e1ticas o incluso salir de casa, sin recordar nada al despertar.<\/p>\n\n\n\n<h4 class=\"wp-block-heading has-medium-font-size\">Causas comunes del sonambulismo<\/h4>\n\n\n\n<ul>\n<li>Privaci\u00f3n de sue\u00f1o prolongada.<\/li>\n\n\n\n<li>Estr\u00e9s emocional o ansiedad intensa.<\/li>\n\n\n\n<li>Fiebre (especialmente en ni\u00f1os).<\/li>\n\n\n\n<li>Consumo de ciertos medicamentos.<\/li>\n\n\n\n<li>Factores gen\u00e9ticos (historial familiar de sonambulismo).<\/li>\n<\/ul>\n\n\n\n<h4 class=\"wp-block-heading has-medium-font-size\">\u00bfC\u00f3mo el sonambulismo afecta la salud mental?<\/h4>\n\n\n\n<p>Aunque los episodios de sonambulismo son breves, su impacto emocional puede ser significativo tanto para quien lo padece como para su entorno.<\/p>\n\n\n\n<p><strong>Principales efectos psicol\u00f3gicos del sonambulismo:<\/strong><\/p>\n\n\n\n<ul>\n<li><strong>Ansiedad anticipatoria:<\/strong> El miedo a sufrir episodios nocturnos genera angustia antes de dormir.<\/li>\n\n\n\n<li><strong>Estr\u00e9s post-episodio:<\/strong> Sentimientos de verg\u00fcenza, culpa o preocupaci\u00f3n tras un evento de sonambulismo.<\/li>\n\n\n\n<li><strong>Problemas de autoestima:<\/strong> La percepci\u00f3n de &#8220;no tener control&#8221; sobre el propio cuerpo puede afectar la autoconfianza.<\/li>\n\n\n\n<li><strong>Alteraciones en el descanso:<\/strong> El sue\u00f1o fragmentado incrementa la irritabilidad y disminuye la tolerancia emocional.<\/li>\n<\/ul>\n\n\n\n<h4 class=\"wp-block-heading has-medium-font-size\">Tratamiento psicol\u00f3gico del sonambulismo<\/h4>\n\n\n\n<p>El tratamiento puede incluir t\u00e9cnicas de relajaci\u00f3n, higiene del sue\u00f1o, manejo de estr\u00e9s y en casos persistentes, intervenciones terap\u00e9uticas orientadas a controlar la ansiedad subyacente.<br>Identificar y tratar factores emocionales puede reducir notablemente la frecuencia y gravedad de los episodios.<\/p>\n\n\n\n<h3 class=\"wp-block-heading has-text-align-center has-large-font-size\">Narcolepsia: el desgaste emocional de quedarse dormido sin control<\/h3>\n\n\n\n<p>La <strong>narcolepsia<\/strong> es un <strong>trastorno de sue\u00f1o<\/strong> que provoca somnolencia extrema durante el d\u00eda y episodios s\u00fabitos de sue\u00f1o. Esta condici\u00f3n altera profundamente la vida cotidiana, afectando tanto el desempe\u00f1o social como el equilibrio emocional.<\/p>\n\n\n\n<h4 class=\"wp-block-heading has-medium-font-size\">\u00bfQu\u00e9 es la narcolepsia?<\/h4>\n\n\n\n<p>La narcolepsia es un trastorno neurol\u00f3gico que interfiere en la regulaci\u00f3n normal de los ciclos de sue\u00f1o y vigilia.<br>Las personas con narcolepsia pueden quedarse dormidas de manera repentina en cualquier momento: conversando, comiendo, trabajando o incluso conduciendo.<\/p>\n\n\n\n<h4 class=\"wp-block-heading has-medium-font-size\">Causas comunes de la narcolepsia<\/h4>\n\n\n\n<ul>\n<li>P\u00e9rdida de neuronas productoras de hipocretina (una prote\u00edna que regula el estado de alerta).<\/li>\n\n\n\n<li>Factores gen\u00e9ticos.<\/li>\n\n\n\n<li>Alteraciones autoinmunes.<\/li>\n\n\n\n<li>Infecciones virales en etapas tempranas de la vida.<\/li>\n<\/ul>\n\n\n\n<h4 class=\"wp-block-heading has-medium-font-size\">\u00bfC\u00f3mo la narcolepsia afecta la salud mental?<\/h4>\n\n\n\n<p>La narcolepsia genera un impacto psicol\u00f3gico significativo debido a la imprevisibilidad de los episodios y las limitaciones que impone en la vida diaria.<\/p>\n\n\n\n<p><strong>Principales efectos psicol\u00f3gicos de la narcolepsia:<\/strong><\/p>\n\n\n\n<ul>\n<li><strong>Ansiedad social:<\/strong> El miedo a quedarse dormido en p\u00fablico genera evitaci\u00f3n de actividades sociales.<\/li>\n\n\n\n<li><strong>Depresi\u00f3n:<\/strong> La sensaci\u00f3n de p\u00e9rdida de control y la fatiga constante aumentan el riesgo de trastornos depresivos.<\/li>\n\n\n\n<li><strong>Aislamiento:<\/strong> Muchas personas reducen su vida social y laboral, afectando su autoestima y sentido de pertenencia.<\/li>\n\n\n\n<li><strong>Frustraci\u00f3n emocional:<\/strong> El esfuerzo por mantenerse despierto genera irritabilidad y sentimientos de impotencia.<\/li>\n<\/ul>\n\n\n\n<h4 class=\"wp-block-heading has-medium-font-size\">Tratamiento psicol\u00f3gico de la narcolepsia<\/h4>\n\n\n\n<p>Adem\u00e1s del tratamiento m\u00e9dico, la intervenci\u00f3n psicol\u00f3gica ayuda a manejar la ansiedad social, a mejorar estrategias de afrontamiento y a fortalecer la autoestima.<br>Terapias como la cognitivo-conductual son especialmente \u00fatiles para adaptar la vida cotidiana a los desaf\u00edos que impone la narcolepsia.<\/p>\n\n\n\n<h2 class=\"wp-block-heading has-x-large-font-size\">S\u00edndrome de piernas inquietas: la inquietud que perturba cuerpo y mente<\/h2>\n\n\n\n<p>El <strong>s\u00edndrome de piernas inquietas<\/strong> es un <strong>trastorno de sue\u00f1o<\/strong> neurol\u00f3gico que provoca una necesidad incontrolable de mover las piernas, especialmente durante el descanso.<br>Esta alteraci\u00f3n genera dificultades para conciliar el sue\u00f1o y afecta gravemente el bienestar emocional.<\/p>\n\n\n\n<h4 class=\"wp-block-heading has-medium-font-size\">\u00bfQu\u00e9 es el s\u00edndrome de piernas inquietas?<\/h4>\n\n\n\n<p>Se caracteriza por sensaciones inc\u00f3modas en las extremidades inferiores, como hormigueo, ardor o picaz\u00f3n.<br>Estos s\u00edntomas empeoran en reposo, obligando a mover las piernas para aliviar la molestia.<\/p>\n\n\n\n<h4 class=\"wp-block-heading has-medium-font-size\">Causas comunes del s\u00edndrome de piernas inquietas<\/h4>\n\n\n\n<ul>\n<li>Deficiencia de hierro.<\/li>\n\n\n\n<li>Embarazo.<\/li>\n\n\n\n<li>Enfermedad renal cr\u00f3nica.<\/li>\n\n\n\n<li>Trastornos neurol\u00f3gicos.<\/li>\n\n\n\n<li>Predisposici\u00f3n gen\u00e9tica.<\/li>\n<\/ul>\n\n\n\n<h4 class=\"wp-block-heading has-medium-font-size\">\u00bfC\u00f3mo el s\u00edndrome de piernas inquietas afecta la salud mental?<\/h4>\n\n\n\n<p>La incapacidad de dormir bien debido al movimiento constante interfiere directamente en el equilibrio emocional.<\/p>\n\n\n\n<p><strong>Principales efectos psicol\u00f3gicos del s\u00edndrome de piernas inquietas:<\/strong><\/p>\n\n\n\n<ul>\n<li><strong>Irritabilidad:<\/strong> La falta de sue\u00f1o reparador incrementa los cambios bruscos de humor.<\/li>\n\n\n\n<li><strong>Ansiedad anticipatoria:<\/strong> El temor a los s\u00edntomas nocturnos provoca angustia antes de dormir.<\/li>\n\n\n\n<li><strong>Fatiga emocional:<\/strong> El cansancio cr\u00f3nico reduce la motivaci\u00f3n y afecta las relaciones interpersonales.<\/li>\n\n\n\n<li><strong>Riesgo de depresi\u00f3n:<\/strong> La frustraci\u00f3n persistente por la alteraci\u00f3n del sue\u00f1o puede evolucionar hacia estados depresivos.<\/li>\n<\/ul>\n\n\n\n<h4 class=\"wp-block-heading has-large-font-size\">Tratamiento psicol\u00f3gico del s\u00edndrome de piernas inquietas<\/h4>\n\n\n\n<p>El acompa\u00f1amiento psicol\u00f3gico se enfoca en manejar la ansiedad asociada, mejorar los h\u00e1bitos de sue\u00f1o y apoyar emocionalmente el proceso m\u00e9dico.<br>La terapia conductual puede ser una herramienta efectiva para reducir el impacto emocional del trastorno.<\/p>\n\n\n\n<h2 class=\"wp-block-heading has-x-large-font-size\">Trastorno de conducta del sue\u00f1o REM: actuar los sue\u00f1os y su impacto emocional<\/h2>\n\n\n\n<p>El <strong>trastorno de conducta del sue\u00f1o REM<\/strong> es un <strong>trastorno de sue\u00f1o<\/strong> que lleva a las personas a actuar f\u00edsicamente sus sue\u00f1os. Durante la fase REM, en lugar de permanecer inm\u00f3vil, el cuerpo se mueve como respuesta al contenido on\u00edrico.<\/p>\n\n\n\n<h3 class=\"wp-block-heading has-large-font-size\">\u00bfQu\u00e9 es el trastorno de conducta del sue\u00f1o REM?<\/h3>\n\n\n\n<p>Este trastorno ocurre cuando se pierde la aton\u00eda muscular normal del sue\u00f1o REM, permitiendo movimientos bruscos, gritos, golpes o incluso ca\u00eddas de la cama durante el descanso.<\/p>\n\n\n\n<p>Es m\u00e1s frecuente en adultos mayores y puede estar asociado a enfermedades neurol\u00f3gicas como el Parkinson o la demencia.<\/p>\n\n\n\n<h3 class=\"wp-block-heading has-large-font-size\">Causas comunes del trastorno de conducta del sue\u00f1o REM<\/h3>\n\n\n\n<ul>\n<li>Trastornos neurodegenerativos (como Parkinson o Alzheimer).<\/li>\n\n\n\n<li>Uso de ciertos medicamentos (antidepresivos o inhibidores de monoaminooxidasa).<\/li>\n\n\n\n<li>Consumo de alcohol o sustancias.<\/li>\n\n\n\n<li>Trastornos de ansiedad severa.<\/li>\n<\/ul>\n\n\n\n<h3 class=\"wp-block-heading has-large-font-size\">\u00bfC\u00f3mo el trastorno de conducta del sue\u00f1o REM afecta la salud mental?<\/h3>\n\n\n\n<p>Actuar f\u00edsicamente los sue\u00f1os genera inseguridad, miedo y verg\u00fcenza, afectando profundamente el estado emocional.<\/p>\n\n\n\n<p><strong>Principales efectos psicol\u00f3gicos del trastorno de conducta del sue\u00f1o REM:<\/strong><\/p>\n\n\n\n<ul>\n<li><strong>Ansiedad nocturna:<\/strong> Miedo a causar da\u00f1o a uno mismo o a otros mientras duerme.<\/li>\n\n\n\n<li><strong>Alteraciones del estado de \u00e1nimo:<\/strong> Los movimientos violentos interrumpen el sue\u00f1o, generando irritabilidad y tristeza.<\/li>\n\n\n\n<li><strong>Sensaci\u00f3n de culpa:<\/strong> Sentir responsabilidad por acciones realizadas sin conciencia plena.<\/li>\n\n\n\n<li><strong>Deterioro de relaciones personales:<\/strong> La convivencia se vuelve dif\u00edcil, afectando v\u00ednculos familiares y de pareja.<\/li>\n<\/ul>\n\n\n\n<h3 class=\"wp-block-heading has-large-font-size\">Tratamiento psicol\u00f3gico del trastorno de conducta del sue\u00f1o REM<\/h3>\n\n\n\n<p>El tratamiento incluye terapia de manejo de la ansiedad, educaci\u00f3n sobre higiene del sue\u00f1o y apoyo emocional para enfrentar las consecuencias sociales y psicol\u00f3gicas.<br>La intervenci\u00f3n psicol\u00f3gica ayuda a mejorar la calidad de vida mientras se aborda el tratamiento m\u00e9dico del trastorno.<\/p>\n\n\n\n<h2 class=\"wp-block-heading has-x-large-font-size\">Otros trastornos del sue\u00f1o que tambi\u00e9n afectan tu salud mental<\/h2>\n\n\n\n<p>Adem\u00e1s de los trastornos principales que hemos visto, existen otras alteraciones del sue\u00f1o que, aunque menos conocidas, pueden generar un impacto significativo en la <strong>salud mental<\/strong>. Estas condiciones suelen pasar desapercibidas, pero afectan la calidad de vida, la estabilidad emocional y la capacidad para enfrentar el d\u00eda a d\u00eda.<\/p>\n\n\n\n<p>A continuaci\u00f3n, exploraremos brevemente otros trastornos del sue\u00f1o relevantes y su influencia en el bienestar psicol\u00f3gico.<\/p>\n\n\n\n<h3 class=\"wp-block-heading has-large-font-size\">Par\u00e1lisis del sue\u00f1o<\/h3>\n\n\n\n<p>La <strong>par\u00e1lisis del sue\u00f1o<\/strong> ocurre cuando la mente se despierta, pero el cuerpo permanece inmovilizado durante unos segundos o minutos. Es un estado que genera una sensaci\u00f3n de terror intenso.<\/p>\n\n\n\n<h4 class=\"wp-block-heading has-medium-font-size\">Impacto en la salud mental:<\/h4>\n\n\n\n<ul>\n<li><strong>Ansiedad nocturna:<\/strong> El miedo a experimentar par\u00e1lisis impide conciliar el sue\u00f1o de forma tranquila.<\/li>\n\n\n\n<li><strong>S\u00edntomas de estr\u00e9s postraum\u00e1tico:<\/strong> Algunas personas desarrollan miedo persistente al dormir.<\/li>\n\n\n\n<li><strong>Alteraci\u00f3n emocional:<\/strong> Episodios repetidos afectan la percepci\u00f3n de seguridad y control.<\/li>\n<\/ul>\n\n\n\n<h3 class=\"wp-block-heading has-medium-font-size\">Terrores nocturnos<\/h3>\n\n\n\n<p>Los <strong>terrores nocturnos<\/strong> son episodios de miedo extremo que ocurren durante el sue\u00f1o profundo, provocando gritos, llanto o agitaci\u00f3n intensa. Son m\u00e1s frecuentes en la infancia, pero tambi\u00e9n pueden afectar a adultos.<\/p>\n\n\n\n<h4 class=\"wp-block-heading has-medium-font-size\">Impacto en la salud mental:<\/h4>\n\n\n\n<ul>\n<li><strong>Desregulaci\u00f3n emocional:<\/strong> El miedo intenso durante la noche impacta la estabilidad emocional diaria.<\/li>\n\n\n\n<li><strong>Ansiedad anticipatoria:<\/strong> El temor a repetir episodios altera la rutina de sue\u00f1o.<\/li>\n\n\n\n<li><strong>Alteraciones en el \u00e1nimo:<\/strong> La interrupci\u00f3n brusca del descanso afecta el humor y la energ\u00eda.<\/li>\n<\/ul>\n\n\n\n<h4 class=\"wp-block-heading has-medium-font-size\">Hipersomnia idiop\u00e1tica<\/h4>\n\n\n\n<p>La <strong>hipersomnia idiop\u00e1tica<\/strong> se caracteriza por una somnolencia excesiva durante el d\u00eda, sin una causa m\u00e9dica clara. Quienes la padecen sienten una necesidad incontrolable de dormir, a pesar de haber dormido muchas horas.<\/p>\n\n\n\n<h4 class=\"wp-block-heading has-medium-font-size\">Impacto en la salud mental:<\/h4>\n\n\n\n<ul>\n<li><strong>Aislamiento social:<\/strong> El cansancio constante reduce la participaci\u00f3n en actividades sociales.<\/li>\n\n\n\n<li><strong>Depresi\u00f3n:<\/strong> La sensaci\u00f3n de falta de energ\u00eda y la frustraci\u00f3n cr\u00f3nica elevan el riesgo depresivo.<\/li>\n\n\n\n<li><strong>Baja autoestima:<\/strong> Sentir que no se puede cumplir con las obligaciones afecta la confianza personal.<\/li>\n<\/ul>\n\n\n\n<h4 class=\"wp-block-heading has-medium-font-size\">Trastornos del ritmo circadiano<\/h4>\n\n\n\n<p>Los <strong>trastornos del ritmo circadiano<\/strong> ocurren cuando el reloj biol\u00f3gico interno no est\u00e1 sincronizado con el entorno externo. Ejemplos comunes incluyen el <strong>trastorno del trabajo por turnos<\/strong> y el <strong>jet lag persistente<\/strong>.<\/p>\n\n\n\n<h4 class=\"wp-block-heading has-medium-font-size\">Impacto en la salud mental:<\/h4>\n\n\n\n<ul>\n<li><strong>Fatiga emocional:<\/strong> El desajuste horario genera irritabilidad y cambios de humor.<\/li>\n\n\n\n<li><strong>Ansiedad y estr\u00e9s:<\/strong> La falta de sincron\u00eda afecta la capacidad de adaptarse a rutinas sociales y laborales.<\/li>\n\n\n\n<li><strong>Problemas cognitivos:<\/strong> La alteraci\u00f3n del ciclo sue\u00f1o-vigilia impacta negativamente la concentraci\u00f3n y la memoria.<\/li>\n<\/ul>\n\n\n\n<h3 class=\"wp-block-heading has-text-align-center has-large-font-size\">Preguntas frecuentes sobre los trastornos del sue\u00f1o<\/h3>\n\n\n\n<h4 class=\"wp-block-heading has-medium-font-size\">\u00bfQu\u00e9 es un trastorno de sue\u00f1o?<\/h4>\n\n\n\n<p>Un trastorno de sue\u00f1o es cualquier alteraci\u00f3n que impide dormir de forma continua, reparadora o en los horarios adecuados. Puede afectar tanto al cuerpo como a la mente, generando fatiga f\u00edsica, deterioro emocional y dificultades cognitivas.<\/p>\n\n\n\n<h4 class=\"wp-block-heading has-medium-font-size\">\u00bfCu\u00e1les son los trastornos del sue\u00f1o m\u00e1s comunes?<\/h4>\n\n\n\n<p>Entre los trastornos del sue\u00f1o m\u00e1s frecuentes se encuentran el insomnio, la apnea del sue\u00f1o, el sonambulismo, la narcolepsia, el s\u00edndrome de piernas inquietas y el trastorno de conducta del sue\u00f1o REM. Tambi\u00e9n son relevantes la par\u00e1lisis del sue\u00f1o y los terrores nocturnos.<\/p>\n\n\n\n<h4 class=\"wp-block-heading has-medium-font-size\">\u00bfC\u00f3mo afectan los trastornos del sue\u00f1o a la salud mental?<\/h4>\n\n\n\n<p>Los trastornos del sue\u00f1o aumentan el riesgo de ansiedad, depresi\u00f3n, irritabilidad y fatiga emocional. Adem\u00e1s, deterioran la concentraci\u00f3n, disminuyen la tolerancia al estr\u00e9s y afectan la calidad de las relaciones personales.<\/p>\n\n\n\n<h4 class=\"wp-block-heading has-medium-font-size\">\u00bfCu\u00e1ndo deber\u00eda buscar ayuda profesional para un trastorno del sue\u00f1o?<\/h4>\n\n\n\n<p>Se recomienda buscar ayuda profesional cuando los problemas de sue\u00f1o afectan el estado de \u00e1nimo, la capacidad de concentraci\u00f3n, el desempe\u00f1o laboral o las relaciones interpersonales. La intervenci\u00f3n temprana mejora significativamente la calidad de vida.<\/p>\n\n\n\n<h4 class=\"wp-block-heading has-medium-font-size\">\u00bfLa terapia psicol\u00f3gica puede ayudar con los trastornos del sue\u00f1o?<\/h4>\n\n\n\n<p>S\u00ed, la terapia psicol\u00f3gica es una herramienta eficaz para abordar los trastornos del sue\u00f1o. En particular, la Terapia Cognitivo-Conductual para el Insomnio (TCC-I) y los programas de manejo de la ansiedad ayudan a mejorar la calidad del descanso y el bienestar emocional.<\/p>\n\n\n\n<h4 class=\"wp-block-heading has-medium-font-size\">\u00bfD\u00f3nde buscar ayuda si tengo un trastorno de sue\u00f1o?<\/h4>\n\n\n\n<p>Si est\u00e1s enfrentando dificultades para dormir y notas un impacto en tu salud mental, es importante buscar apoyo profesional. En Mindy.cl puedes acceder a <strong>consulta psicol\u00f3gica Fonasa online<\/strong>, de manera segura, confidencial y a un costo accesible.<br>Agendar tu hora con un psic\u00f3logo certificado te permitir\u00e1 recibir orientaci\u00f3n personalizada y comenzar a mejorar tu calidad de vida.<\/p>\n\n\n\n<h3 class=\"wp-block-heading has-large-font-size\">Conclusi\u00f3n<\/h3>\n\n\n\n<p>Los <strong>trastornos del sue\u00f1o<\/strong> no solo afectan el descanso f\u00edsico, sino que tambi\u00e9n impactan directamente en la <strong>salud mental<\/strong>. Alteraciones como el insomnio, la apnea del sue\u00f1o, el sonambulismo y otros trastornos menos conocidos pueden generar ansiedad, depresi\u00f3n, irritabilidad y dificultades cognitivas si no se tratan a tiempo.<\/p>\n\n\n\n<p>Reconocer las se\u00f1ales de un <strong>trastorno de sue\u00f1o<\/strong> y buscar apoyo profesional es fundamental para recuperar el equilibrio emocional y mejorar la calidad de vida. La <strong>atenci\u00f3n psicol\u00f3gica<\/strong> es un recurso eficaz para abordar los problemas emocionales derivados de las alteraciones del sue\u00f1o.<\/p>\n\n\n\n<p>En <strong><a href=\"https:\/\/fonasa.mindy.cl\/#\/\">Fonasa.Mindy.cl<\/a><\/strong> puedes acceder de manera r\u00e1pida para una consulta psicol\u00f3gica con Fonasa, con psic\u00f3logos certificados que trabajan en modalidad <strong>online<\/strong>. Nuestra plataforma te ofrece sesiones de <strong>45 minutos<\/strong> de duraci\u00f3n, realizadas en un entorno seguro, confidencial y 100% compatible con tu cobertura Fonasa.<\/p>\n\n\n\n<p>Agenda hoy mismo tu <strong>hora psic\u00f3logo Fonasa<\/strong> y comienza tu proceso de bienestar emocional y recuperaci\u00f3n del sue\u00f1o.<br>Encuentra en <strong>Mindy<\/strong> el apoyo que necesitas para volver a descansar como mereces.<\/p>\n\n\n\n<h2 class=\"wp-block-heading has-x-large-font-size\">Encuentra la terapia ideal seg\u00fan tu perfil y necesidades<\/h2>\n\n\n\n<p>No todos los enfoques psicol\u00f3gicos funcionan igual para todas las personas. Para ayudarte a dar el paso correcto, hemos dise\u00f1ado un <strong>Quiz de Orientaci\u00f3n Terap\u00e9utica<\/strong>. Al completarlo, descubrir\u00e1s qu\u00e9 tipo de especialista y metodolog\u00eda se adaptan mejor a tu situaci\u00f3n actual, permiti\u00e9ndote aprovechar al m\u00e1ximo tu beneficio Fonasa. <\/p>\n\n\n\n<p>\ud83d\udc49 <strong><a href=\"https:\/\/form.typeform.com\/to\/jfcSJODX\" target=\"_blank\" rel=\"noreferrer noopener\">Realiza el Quiz de Orientaci\u00f3n aqu\u00ed<\/a><\/strong><\/p>\n","protected":false},"excerpt":{"rendered":"<p>Un trastorno de sue\u00f1o puede afectar mucho m\u00e1s que tu descanso nocturno: tambi\u00e9n puede da\u00f1ar tu salud mental. Millones de personas viven con trastornos del sue\u00f1o que alteran su estado emocional, aumentando el riesgo de ansiedad, depresi\u00f3n y otras condiciones psicol\u00f3gicas. En este art\u00edculo exploraremos 6 formas en que los trastornos del sue\u00f1o impactan tu [&hellip;]<\/p>\n","protected":false},"author":2,"featured_media":410,"comment_status":"open","ping_status":"open","sticky":false,"template":"","format":"standard","meta":{"footnotes":""},"categories":[114],"tags":[],"yoast_head":"<!-- This site is optimized with the Yoast SEO plugin v23.0 - https:\/\/yoast.com\/wordpress\/plugins\/seo\/ -->\n<title>6 formas en que los trastornos del sue\u00f1o impactan tu salud mental - Mindy Fonasa Blog<\/title>\n<meta name=\"description\" content=\"\u00bfC\u00f3mo los trastornos del sue\u00f1o afectan tu salud mental? Accede a consulta psicol\u00f3gica con Fonasa. Online, segura y confidencial en Mindy.cl.\" \/>\n<meta name=\"robots\" content=\"index, follow, max-snippet:-1, max-image-preview:large, max-video-preview:-1\" \/>\n<link rel=\"canonical\" href=\"https:\/\/fonasa.mindy.cl\/blog\/trastornos-de-sueno-salud-mental\/\" \/>\n<meta property=\"og:locale\" content=\"es_ES\" \/>\n<meta property=\"og:type\" content=\"article\" \/>\n<meta property=\"og:title\" content=\"6 formas en que los trastornos del sue\u00f1o impactan tu salud mental - Mindy Fonasa Blog\" \/>\n<meta property=\"og:description\" content=\"\u00bfC\u00f3mo los trastornos del sue\u00f1o afectan tu salud mental? Accede a consulta psicol\u00f3gica con Fonasa. Online, segura y confidencial en Mindy.cl.\" \/>\n<meta property=\"og:url\" content=\"https:\/\/fonasa.mindy.cl\/blog\/trastornos-de-sueno-salud-mental\/\" \/>\n<meta property=\"og:site_name\" content=\"Mindy Fonasa Blog\" \/>\n<meta property=\"article:published_time\" content=\"2025-04-26T19:53:38+00:00\" \/>\n<meta property=\"article:modified_time\" content=\"2026-03-25T14:26:47+00:00\" \/>\n<meta property=\"og:image\" content=\"https:\/\/fonasa.mindy.cl\/blog\/wp-content\/uploads\/2025\/04\/Trastornos-del-Sueno-Salud-Mental.png\" \/>\n\t<meta property=\"og:image:width\" content=\"1536\" \/>\n\t<meta property=\"og:image:height\" content=\"1024\" \/>\n\t<meta property=\"og:image:type\" content=\"image\/png\" \/>\n<meta name=\"author\" content=\"reinaldo@mindy.cl\" \/>\n<meta name=\"twitter:card\" content=\"summary_large_image\" \/>\n<meta name=\"twitter:label1\" content=\"Written by\" \/>\n\t<meta name=\"twitter:data1\" content=\"reinaldo@mindy.cl\" \/>\n\t<meta name=\"twitter:label2\" content=\"Est. reading time\" \/>\n\t<meta name=\"twitter:data2\" content=\"13 minutos\" \/>\n<script type=\"application\/ld+json\" class=\"yoast-schema-graph\">{\"@context\":\"https:\/\/schema.org\",\"@graph\":[{\"@type\":\"Article\",\"@id\":\"https:\/\/fonasa.mindy.cl\/blog\/trastornos-de-sueno-salud-mental\/#article\",\"isPartOf\":{\"@id\":\"https:\/\/fonasa.mindy.cl\/blog\/trastornos-de-sueno-salud-mental\/\"},\"author\":{\"name\":\"reinaldo@mindy.cl\",\"@id\":\"https:\/\/fonasa.mindy.cl\/blog\/#\/schema\/person\/6b2fdf85e03858572a636b7b9ce17d81\"},\"headline\":\"6 formas en que los trastornos del sue\u00f1o impactan tu salud mental\",\"datePublished\":\"2025-04-26T19:53:38+00:00\",\"dateModified\":\"2026-03-25T14:26:47+00:00\",\"mainEntityOfPage\":{\"@id\":\"https:\/\/fonasa.mindy.cl\/blog\/trastornos-de-sueno-salud-mental\/\"},\"wordCount\":3135,\"commentCount\":5,\"publisher\":{\"@id\":\"https:\/\/fonasa.mindy.cl\/blog\/#organization\"},\"image\":{\"@id\":\"https:\/\/fonasa.mindy.cl\/blog\/trastornos-de-sueno-salud-mental\/#primaryimage\"},\"thumbnailUrl\":\"https:\/\/fonasa.mindy.cl\/blog\/wp-content\/uploads\/2025\/04\/Trastornos-del-Sueno-Salud-Mental.png\",\"articleSection\":[\"Psic\u00f3logos Fonasa\"],\"inLanguage\":\"es-CL\",\"potentialAction\":[{\"@type\":\"CommentAction\",\"name\":\"Comment\",\"target\":[\"https:\/\/fonasa.mindy.cl\/blog\/trastornos-de-sueno-salud-mental\/#respond\"]}]},{\"@type\":\"WebPage\",\"@id\":\"https:\/\/fonasa.mindy.cl\/blog\/trastornos-de-sueno-salud-mental\/\",\"url\":\"https:\/\/fonasa.mindy.cl\/blog\/trastornos-de-sueno-salud-mental\/\",\"name\":\"6 formas en que los trastornos del sue\u00f1o impactan tu salud mental - Mindy Fonasa Blog\",\"isPartOf\":{\"@id\":\"https:\/\/fonasa.mindy.cl\/blog\/#website\"},\"primaryImageOfPage\":{\"@id\":\"https:\/\/fonasa.mindy.cl\/blog\/trastornos-de-sueno-salud-mental\/#primaryimage\"},\"image\":{\"@id\":\"https:\/\/fonasa.mindy.cl\/blog\/trastornos-de-sueno-salud-mental\/#primaryimage\"},\"thumbnailUrl\":\"https:\/\/fonasa.mindy.cl\/blog\/wp-content\/uploads\/2025\/04\/Trastornos-del-Sueno-Salud-Mental.png\",\"datePublished\":\"2025-04-26T19:53:38+00:00\",\"dateModified\":\"2026-03-25T14:26:47+00:00\",\"description\":\"\u00bfC\u00f3mo los trastornos del sue\u00f1o afectan tu salud mental? Accede a consulta psicol\u00f3gica con Fonasa. Online, segura y confidencial en Mindy.cl.\",\"breadcrumb\":{\"@id\":\"https:\/\/fonasa.mindy.cl\/blog\/trastornos-de-sueno-salud-mental\/#breadcrumb\"},\"inLanguage\":\"es-CL\",\"potentialAction\":[{\"@type\":\"ReadAction\",\"target\":[\"https:\/\/fonasa.mindy.cl\/blog\/trastornos-de-sueno-salud-mental\/\"]}]},{\"@type\":\"ImageObject\",\"inLanguage\":\"es-CL\",\"@id\":\"https:\/\/fonasa.mindy.cl\/blog\/trastornos-de-sueno-salud-mental\/#primaryimage\",\"url\":\"https:\/\/fonasa.mindy.cl\/blog\/wp-content\/uploads\/2025\/04\/Trastornos-del-Sueno-Salud-Mental.png\",\"contentUrl\":\"https:\/\/fonasa.mindy.cl\/blog\/wp-content\/uploads\/2025\/04\/Trastornos-del-Sueno-Salud-Mental.png\",\"width\":1536,\"height\":1024,\"caption\":\"trastornos del sue\u00f1o\"},{\"@type\":\"BreadcrumbList\",\"@id\":\"https:\/\/fonasa.mindy.cl\/blog\/trastornos-de-sueno-salud-mental\/#breadcrumb\",\"itemListElement\":[{\"@type\":\"ListItem\",\"position\":1,\"name\":\"Home\",\"item\":\"https:\/\/fonasa.mindy.cl\/blog\/\"},{\"@type\":\"ListItem\",\"position\":2,\"name\":\"6 formas en que los trastornos del sue\u00f1o impactan tu salud mental\"}]},{\"@type\":\"WebSite\",\"@id\":\"https:\/\/fonasa.mindy.cl\/blog\/#website\",\"url\":\"https:\/\/fonasa.mindy.cl\/blog\/\",\"name\":\"Mindy Fonasa Blog\",\"description\":\"Un blog de salud mental\",\"publisher\":{\"@id\":\"https:\/\/fonasa.mindy.cl\/blog\/#organization\"},\"potentialAction\":[{\"@type\":\"SearchAction\",\"target\":{\"@type\":\"EntryPoint\",\"urlTemplate\":\"https:\/\/fonasa.mindy.cl\/blog\/?s={search_term_string}\"},\"query-input\":\"required name=search_term_string\"}],\"inLanguage\":\"es-CL\"},{\"@type\":\"Organization\",\"@id\":\"https:\/\/fonasa.mindy.cl\/blog\/#organization\",\"name\":\"Mindy Fonasa Blog\",\"url\":\"https:\/\/fonasa.mindy.cl\/blog\/\",\"logo\":{\"@type\":\"ImageObject\",\"inLanguage\":\"es-CL\",\"@id\":\"https:\/\/fonasa.mindy.cl\/blog\/#\/schema\/logo\/image\/\",\"url\":\"https:\/\/fonasa.mindy.cl\/blog\/wp-content\/uploads\/2024\/07\/logo_cuadrado.png\",\"contentUrl\":\"https:\/\/fonasa.mindy.cl\/blog\/wp-content\/uploads\/2024\/07\/logo_cuadrado.png\",\"width\":300,\"height\":300,\"caption\":\"Mindy Fonasa Blog\"},\"image\":{\"@id\":\"https:\/\/fonasa.mindy.cl\/blog\/#\/schema\/logo\/image\/\"}},{\"@type\":\"Person\",\"@id\":\"https:\/\/fonasa.mindy.cl\/blog\/#\/schema\/person\/6b2fdf85e03858572a636b7b9ce17d81\",\"name\":\"reinaldo@mindy.cl\",\"url\":\"https:\/\/fonasa.mindy.cl\/blog\/author\/reinaldomindy-cl\/\"}]}<\/script>\n<!-- \/ Yoast SEO plugin. -->","yoast_head_json":{"title":"6 formas en que los trastornos del sue\u00f1o impactan tu salud mental - Mindy Fonasa Blog","description":"\u00bfC\u00f3mo los trastornos del sue\u00f1o afectan tu salud mental? Accede a consulta psicol\u00f3gica con Fonasa. Online, segura y confidencial en Mindy.cl.","robots":{"index":"index","follow":"follow","max-snippet":"max-snippet:-1","max-image-preview":"max-image-preview:large","max-video-preview":"max-video-preview:-1"},"canonical":"https:\/\/fonasa.mindy.cl\/blog\/trastornos-de-sueno-salud-mental\/","og_locale":"es_ES","og_type":"article","og_title":"6 formas en que los trastornos del sue\u00f1o impactan tu salud mental - Mindy Fonasa Blog","og_description":"\u00bfC\u00f3mo los trastornos del sue\u00f1o afectan tu salud mental? Accede a consulta psicol\u00f3gica con Fonasa. Online, segura y confidencial en Mindy.cl.","og_url":"https:\/\/fonasa.mindy.cl\/blog\/trastornos-de-sueno-salud-mental\/","og_site_name":"Mindy Fonasa Blog","article_published_time":"2025-04-26T19:53:38+00:00","article_modified_time":"2026-03-25T14:26:47+00:00","og_image":[{"width":1536,"height":1024,"url":"https:\/\/fonasa.mindy.cl\/blog\/wp-content\/uploads\/2025\/04\/Trastornos-del-Sueno-Salud-Mental.png","type":"image\/png"}],"author":"reinaldo@mindy.cl","twitter_card":"summary_large_image","twitter_misc":{"Written by":"reinaldo@mindy.cl","Est. reading time":"13 minutos"},"schema":{"@context":"https:\/\/schema.org","@graph":[{"@type":"Article","@id":"https:\/\/fonasa.mindy.cl\/blog\/trastornos-de-sueno-salud-mental\/#article","isPartOf":{"@id":"https:\/\/fonasa.mindy.cl\/blog\/trastornos-de-sueno-salud-mental\/"},"author":{"name":"reinaldo@mindy.cl","@id":"https:\/\/fonasa.mindy.cl\/blog\/#\/schema\/person\/6b2fdf85e03858572a636b7b9ce17d81"},"headline":"6 formas en que los trastornos del sue\u00f1o impactan tu salud mental","datePublished":"2025-04-26T19:53:38+00:00","dateModified":"2026-03-25T14:26:47+00:00","mainEntityOfPage":{"@id":"https:\/\/fonasa.mindy.cl\/blog\/trastornos-de-sueno-salud-mental\/"},"wordCount":3135,"commentCount":5,"publisher":{"@id":"https:\/\/fonasa.mindy.cl\/blog\/#organization"},"image":{"@id":"https:\/\/fonasa.mindy.cl\/blog\/trastornos-de-sueno-salud-mental\/#primaryimage"},"thumbnailUrl":"https:\/\/fonasa.mindy.cl\/blog\/wp-content\/uploads\/2025\/04\/Trastornos-del-Sueno-Salud-Mental.png","articleSection":["Psic\u00f3logos Fonasa"],"inLanguage":"es-CL","potentialAction":[{"@type":"CommentAction","name":"Comment","target":["https:\/\/fonasa.mindy.cl\/blog\/trastornos-de-sueno-salud-mental\/#respond"]}]},{"@type":"WebPage","@id":"https:\/\/fonasa.mindy.cl\/blog\/trastornos-de-sueno-salud-mental\/","url":"https:\/\/fonasa.mindy.cl\/blog\/trastornos-de-sueno-salud-mental\/","name":"6 formas en que los trastornos del sue\u00f1o impactan tu salud mental - Mindy Fonasa Blog","isPartOf":{"@id":"https:\/\/fonasa.mindy.cl\/blog\/#website"},"primaryImageOfPage":{"@id":"https:\/\/fonasa.mindy.cl\/blog\/trastornos-de-sueno-salud-mental\/#primaryimage"},"image":{"@id":"https:\/\/fonasa.mindy.cl\/blog\/trastornos-de-sueno-salud-mental\/#primaryimage"},"thumbnailUrl":"https:\/\/fonasa.mindy.cl\/blog\/wp-content\/uploads\/2025\/04\/Trastornos-del-Sueno-Salud-Mental.png","datePublished":"2025-04-26T19:53:38+00:00","dateModified":"2026-03-25T14:26:47+00:00","description":"\u00bfC\u00f3mo los trastornos del sue\u00f1o afectan tu salud mental? Accede a consulta psicol\u00f3gica con Fonasa. Online, segura y confidencial en Mindy.cl.","breadcrumb":{"@id":"https:\/\/fonasa.mindy.cl\/blog\/trastornos-de-sueno-salud-mental\/#breadcrumb"},"inLanguage":"es-CL","potentialAction":[{"@type":"ReadAction","target":["https:\/\/fonasa.mindy.cl\/blog\/trastornos-de-sueno-salud-mental\/"]}]},{"@type":"ImageObject","inLanguage":"es-CL","@id":"https:\/\/fonasa.mindy.cl\/blog\/trastornos-de-sueno-salud-mental\/#primaryimage","url":"https:\/\/fonasa.mindy.cl\/blog\/wp-content\/uploads\/2025\/04\/Trastornos-del-Sueno-Salud-Mental.png","contentUrl":"https:\/\/fonasa.mindy.cl\/blog\/wp-content\/uploads\/2025\/04\/Trastornos-del-Sueno-Salud-Mental.png","width":1536,"height":1024,"caption":"trastornos del sue\u00f1o"},{"@type":"BreadcrumbList","@id":"https:\/\/fonasa.mindy.cl\/blog\/trastornos-de-sueno-salud-mental\/#breadcrumb","itemListElement":[{"@type":"ListItem","position":1,"name":"Home","item":"https:\/\/fonasa.mindy.cl\/blog\/"},{"@type":"ListItem","position":2,"name":"6 formas en que los trastornos del sue\u00f1o impactan tu salud mental"}]},{"@type":"WebSite","@id":"https:\/\/fonasa.mindy.cl\/blog\/#website","url":"https:\/\/fonasa.mindy.cl\/blog\/","name":"Mindy Fonasa Blog","description":"Un blog de salud mental","publisher":{"@id":"https:\/\/fonasa.mindy.cl\/blog\/#organization"},"potentialAction":[{"@type":"SearchAction","target":{"@type":"EntryPoint","urlTemplate":"https:\/\/fonasa.mindy.cl\/blog\/?s={search_term_string}"},"query-input":"required name=search_term_string"}],"inLanguage":"es-CL"},{"@type":"Organization","@id":"https:\/\/fonasa.mindy.cl\/blog\/#organization","name":"Mindy Fonasa Blog","url":"https:\/\/fonasa.mindy.cl\/blog\/","logo":{"@type":"ImageObject","inLanguage":"es-CL","@id":"https:\/\/fonasa.mindy.cl\/blog\/#\/schema\/logo\/image\/","url":"https:\/\/fonasa.mindy.cl\/blog\/wp-content\/uploads\/2024\/07\/logo_cuadrado.png","contentUrl":"https:\/\/fonasa.mindy.cl\/blog\/wp-content\/uploads\/2024\/07\/logo_cuadrado.png","width":300,"height":300,"caption":"Mindy Fonasa Blog"},"image":{"@id":"https:\/\/fonasa.mindy.cl\/blog\/#\/schema\/logo\/image\/"}},{"@type":"Person","@id":"https:\/\/fonasa.mindy.cl\/blog\/#\/schema\/person\/6b2fdf85e03858572a636b7b9ce17d81","name":"reinaldo@mindy.cl","url":"https:\/\/fonasa.mindy.cl\/blog\/author\/reinaldomindy-cl\/"}]}},"_links":{"self":[{"href":"https:\/\/fonasa.mindy.cl\/blog\/wp-json\/wp\/v2\/posts\/408"}],"collection":[{"href":"https:\/\/fonasa.mindy.cl\/blog\/wp-json\/wp\/v2\/posts"}],"about":[{"href":"https:\/\/fonasa.mindy.cl\/blog\/wp-json\/wp\/v2\/types\/post"}],"author":[{"embeddable":true,"href":"https:\/\/fonasa.mindy.cl\/blog\/wp-json\/wp\/v2\/users\/2"}],"replies":[{"embeddable":true,"href":"https:\/\/fonasa.mindy.cl\/blog\/wp-json\/wp\/v2\/comments?post=408"}],"version-history":[{"count":5,"href":"https:\/\/fonasa.mindy.cl\/blog\/wp-json\/wp\/v2\/posts\/408\/revisions"}],"predecessor-version":[{"id":1720,"href":"https:\/\/fonasa.mindy.cl\/blog\/wp-json\/wp\/v2\/posts\/408\/revisions\/1720"}],"wp:featuredmedia":[{"embeddable":true,"href":"https:\/\/fonasa.mindy.cl\/blog\/wp-json\/wp\/v2\/media\/410"}],"wp:attachment":[{"href":"https:\/\/fonasa.mindy.cl\/blog\/wp-json\/wp\/v2\/media?parent=408"}],"wp:term":[{"taxonomy":"category","embeddable":true,"href":"https:\/\/fonasa.mindy.cl\/blog\/wp-json\/wp\/v2\/categories?post=408"},{"taxonomy":"post_tag","embeddable":true,"href":"https:\/\/fonasa.mindy.cl\/blog\/wp-json\/wp\/v2\/tags?post=408"}],"curies":[{"name":"wp","href":"https:\/\/api.w.org\/{rel}","templated":true}]}}