{"id":2058,"date":"2026-04-23T10:09:45","date_gmt":"2026-04-23T14:09:45","guid":{"rendered":"https:\/\/fonasa.mindy.cl\/blog\/?p=2058"},"modified":"2026-04-23T10:23:01","modified_gmt":"2026-04-23T14:23:01","slug":"bipolaridad-tipo-1","status":"publish","type":"post","link":"https:\/\/fonasa.mindy.cl\/blog\/bipolaridad-tipo-1\/","title":{"rendered":"Bipolaridad tipo 1: Navegando entre cumbres y abismos"},"content":{"rendered":"\n<p>A veces, la vida se siente como una sinfon\u00eda que ha perdido su director. En un momento, la m\u00fasica es tan fuerte y vibrante que sientes que puedes conquistar el mundo entero, con una energ\u00eda que parece no agotarse nunca. Poco despu\u00e9s, el sonido se apaga por completo, dejando un silencio denso y pesado que dificulta incluso el simple acto de levantarse de la cama. Esta oscilaci\u00f3n extrema, que va mucho m\u00e1s all\u00e1 de los cambios de humor habituales, es la esencia de la <strong>bipolaridad tipo 1<\/strong>, una condici\u00f3n neurobiol\u00f3gica que transforma la percepci\u00f3n de la realidad y la gesti\u00f3n de las emociones en una experiencia de contrastes profundos.<\/p>\n\n\n\n<p>A lo largo de este art\u00edculo, nos sumergiremos en un viaje de comprensi\u00f3n profunda. No solo analizaremos qu\u00e9 ocurre en los circuitos de tu cerebro, sino que tambi\u00e9n exploraremos c\u00f3mo la cultura chilena influye en la vivencia de este <strong><a href=\"https:\/\/fonasa.mindy.cl\/blog\/trastorno-de-bipolaridad\/\">trastorno de bipolaridad<\/a><\/strong> y desmentiremos los prejuicios que suelen rodearlo. Descubrir\u00e1s que, aunque los episodios de man\u00eda y depresi\u00f3n puedan parecer ca\u00f3ticos, tienen una base cient\u00edfica clara y, lo m\u00e1s importante, son gestionables. El objetivo es que, al finalizar esta lectura, tengas una hoja de ruta clara para entender este diagn\u00f3stico y las herramientas necesarias para buscar estabilidad sin miedo al estigma.<\/p>\n\n\n\n<h2 class=\"wp-block-heading has-x-large-font-size\">La arquitectura cerebral en la bipolaridad tipo 1<\/h2>\n\n\n\n<p>Para entender por qu\u00e9 el \u00e1nimo puede dispararse o desplomarse de forma tan radical, debemos mirar hacia el interior del cr\u00e1neo. La evidencia cl\u00ednica sugiere que la <strong>bipolaridad tipo 1<\/strong> no es una debilidad del car\u00e1cter, sino una alteraci\u00f3n en los sistemas de regulaci\u00f3n del cerebro. Imagina que tu cerebro tiene un termostato emocional; en esta condici\u00f3n, el termostato a veces se queda pegado en la temperatura m\u00e1s alta o se desactiva por completo, ignorando las se\u00f1ales del entorno.<\/p>\n\n\n\n<p>Desde un enfoque neurocient\u00edfico, las protagonistas son dos \u00e1reas clave: la <strong>am\u00edgdala<\/strong> y la <strong>corteza prefrontal<\/strong>. La am\u00edgdala es el centro de procesamiento emocional, una especie de alarma que reacciona ante los est\u00edmulos. En las personas con este diagn\u00f3stico, la am\u00edgdala tiende a estar hiperactiva, reaccionando con una intensidad desmedida. Por otro lado, la corteza prefrontal \u2014encargada de la l\u00f3gica, el juicio y el freno de los impulsos\u2014 presenta una menor conectividad o actividad durante los episodios. Esta desconexi\u00f3n es lo que explica por qu\u00e9, durante una fase man\u00edaca, resulta tan dif\u00edcil evaluar los riesgos de una decisi\u00f3n impulsiva.<\/p>\n\n\n\n<h3 class=\"wp-block-heading has-large-font-size\">El baile de los mensajeros qu\u00edmicos en el cerebro<\/h3>\n\n\n\n<p>No solo se trata de estructuras, sino tambi\u00e9n de la qu\u00edmica que fluye entre ellas. Los <strong>neurotransmisores<\/strong> act\u00faan como mensajeros que llevan informaci\u00f3n de una neurona a otra, y en este trastorno, el flujo es irregular:<\/p>\n\n\n\n<ul>\n<li><strong>Dopamina<\/strong>: Durante la man\u00eda, hay un exceso de dopamina en el sistema de recompensa. Esto genera esa sensaci\u00f3n de euforia, grandiosidad y la b\u00fasqueda incesante de est\u00edmulos.<\/li>\n\n\n\n<li><strong>Serotonina<\/strong>: Este neurotransmisor regula el estado de \u00e1nimo y el sue\u00f1o. Sus niveles bajos est\u00e1n estrechamente vinculados a las fases de depresi\u00f3n profunda.<\/li>\n\n\n\n<li><strong>Noradrenalina<\/strong>: Involucrada en la energ\u00eda y la atenci\u00f3n. Su desequilibrio contribuye tanto a la agitaci\u00f3n de la man\u00eda como al letargo de la depresi\u00f3n.<\/li>\n<\/ul>\n\n\n\n<p>Adem\u00e1s, la investigaci\u00f3n psicol\u00f3gica indica que el <strong>eje hipot\u00e1lamo-hipofisario-adrenal (HPA)<\/strong>, que regula nuestra respuesta al estr\u00e9s, suele estar desajustado. Esto significa que el cuerpo permanece en un estado de alerta biol\u00f3gica incluso cuando no hay una amenaza real, agotando las reservas de energ\u00eda y facilitando la aparici\u00f3n de nuevos episodios. Comprender esta base biol\u00f3gica es fundamental para reducir la culpa que muchos pacientes sienten al no poder &#8220;controlar&#8221; sus emociones solo con la voluntad.<\/p>\n\n\n\n<h2 class=\"wp-block-heading has-x-large-font-size\">Mitos y realidades cient\u00edficas sobre la bipolaridad tipo 1<\/h2>\n\n\n\n<figure class=\"wp-block-image size-full\"><img loading=\"lazy\" decoding=\"async\" width=\"1279\" height=\"853\" src=\"https:\/\/fonasa.mindy.cl\/blog\/wp-content\/uploads\/2026\/04\/pexels-cottonbro-8091610.jpg\" alt=\"bipolaridad tipo 1\" class=\"wp-image-2062\"\/><\/figure>\n\n\n\n<p>En torno a la salud mental circulan muchas ideas err\u00f3neas que complican el proceso de sanaci\u00f3n. Una de las m\u00e1s comunes es la creencia de que este trastorno es simplemente ser &#8220;voluble&#8221; o cambiar de opini\u00f3n r\u00e1pido. La realidad es que los cambios en la <strong>bipolaridad tipo 1<\/strong> son episodios sostenidos que duran d\u00edas o semanas y que afectan todas las funciones vitales, desde el hambre hasta la capacidad de pensar con claridad. No es un rasgo de la personalidad, es una condici\u00f3n m\u00e9dica.<\/p>\n\n\n\n<p>Otro mito frecuente es que las personas con este diagn\u00f3stico son &#8220;genios creativos&#8221; por naturaleza o, en el otro extremo, personas &#8220;peligrosas&#8221;. Si bien es cierto que algunos artistas han vivido con esta condici\u00f3n, la man\u00eda no es una fuente de creatividad controlada, sino a menudo un estado de confusi\u00f3n y agotamiento. En cuanto a la peligrosidad, la evidencia cl\u00ednica sugiere que las personas con trastornos del \u00e1nimo tienen mucho m\u00e1s riesgo de ser v\u00edctimas de violencia o de hacerse da\u00f1o a s\u00ed mismas que de herir a otros. Desmantelar estos prejuicios es vital para que quienes necesitan ayuda se atrevan a buscarla sin miedo al juicio social.<\/p>\n\n\n\n<h3 class=\"wp-block-heading has-large-font-size\">Realidades de la bipolaridad desmentidas por la ciencia<\/h3>\n\n\n\n<ol start=\"1\">\n<li><strong>&#8220;Se cura con fuerza de voluntad&#8221;<\/strong>: Al ser un desajuste neuroqu\u00edmico, la voluntad es una herramienta de apoyo, pero no sustituye el tratamiento farmacol\u00f3gico y la psicoterapia.<\/li>\n\n\n\n<li><strong>&#8220;Solo afecta a los adultos&#8221;<\/strong>: Aunque suele diagnosticarse al final de la adolescencia o inicio de la adultez, los s\u00edntomas pueden aparecer de forma distinta en etapas tempranas.<\/li>\n\n\n\n<li><strong>&#8220;La medicaci\u00f3n te quita la personalidad&#8221;<\/strong>: El objetivo del tratamiento no es sedar al paciente, sino estabilizar el &#8220;termostato&#8221; para que su verdadera personalidad pueda brillar sin la interferencia del s\u00edntoma.<\/li>\n\n\n\n<li><strong>&#8220;Siempre estar\u00e1s en un extremo&#8221;<\/strong>: Con el tratamiento adecuado, la mayor\u00eda de las personas logran largos periodos de <strong>eutimia<\/strong>, que es un estado de \u00e1nimo estable y equilibrado.<\/li>\n<\/ol>\n\n\n\n<h2 class=\"wp-block-heading has-x-large-font-size\">Relato de una monta\u00f1a rusa invisible en una persona bipolar tipo 1<\/h2>\n\n\n\n<p>Para alguien que no lo vive, puede ser dif\u00edcil empatizar con la intensidad de los distintos <strong><a href=\"https:\/\/fonasa.mindy.cl\/blog\/tipos-de-bipolaridad-como-entender-el-espectro-bipolar\/\">tipos de bipolaridad<\/a><\/strong>, especialmente la <strong>bipolaridad tipo 1<\/strong>. Imagina que un d\u00eda despiertas y sientes que tus pensamientos corren a una velocidad que tus palabras no alcanzan a seguir. Tienes ideas brillantes una tras otra, no sientes necesidad de dormir y gastas dinero en proyectos que, en ese momento, parecen infalibles. Esta es la man\u00eda. No es solo alegr\u00eda; es una <strong>fuga de ideas<\/strong> y una aceleraci\u00f3n que puede volverse irritable y angustiante cuando el entorno no sigue tu ritmo.<\/p>\n\n\n\n<p>Luego, sin previo aviso, el interruptor se apaga. El mundo pierde el color. Aparece la <strong>anhedonia<\/strong>, esa incapacidad de sentir placer incluso en las cosas que m\u00e1s amas. El peso de la existencia se vuelve f\u00edsico, como si caminaras por el fondo de una piscina llena de lodo. Las tareas m\u00e1s simples, como lavarse los dientes o responder un mensaje, parecen escalar el Everest. En el d\u00eda a d\u00eda, el desaf\u00edo no es solo sobrevivir a estos picos, sino lidiar con la incertidumbre de no saber cu\u00e1ndo cambiar\u00e1 el clima interno, lo que genera una ansiedad constante sobre el futuro.<\/p>\n\n\n\n<h3 class=\"wp-block-heading has-large-font-size\">Fases de un episodio man\u00edaco<\/h3>\n\n\n\n<ol start=\"1\">\n<li><strong>Pr\u00f3dromo<\/strong>: Peque\u00f1as se\u00f1ales de alerta como dormir menos de lo habitual o hablar m\u00e1s r\u00e1pido.<\/li>\n\n\n\n<li><strong>Escalada<\/strong>: Aumento notable de la energ\u00eda, confianza desmedida y disminuci\u00f3n del juicio cr\u00edtico.<\/li>\n\n\n\n<li><strong>C\u00e9nit<\/strong>: El punto m\u00e1ximo donde pueden aparecer s\u00edntomas psic\u00f3ticos (percepciones distorsionadas) o conductas de alto riesgo.<\/li>\n\n\n\n<li><strong>Colapso<\/strong>: El agotamiento f\u00edsico y mental que suele dar paso a la fase depresiva.<\/li>\n<\/ol>\n\n\n\n<h2 class=\"wp-block-heading has-x-large-font-size\">El impacto social de la bipolaridad tipo 1 en Chile<\/h2>\n\n\n\n<p>El contexto cultural chileno a\u00f1ade capas de complejidad a este diagn\u00f3stico. En Chile, todav\u00eda persiste un estigma importante bajo frases como &#8220;se le pelaron los cables&#8221; o tratar a alguien de &#8220;bipolar&#8221; como un insulto cotidiano para referirse a cualquier cambio de opini\u00f3n. Este lenguaje violenta y silencia a quienes realmente viven con la condici\u00f3n, dificultando la b\u00fasqueda de apoyo en el entorno laboral o familiar por miedo al rechazo o a la p\u00e9rdida del empleo.<\/p>\n\n\n\n<p>El ritmo de vida en Santiago, marcado por largos traslados y una alta presi\u00f3n por la productividad, es un factor de riesgo para las crisis. La falta de sue\u00f1o, que es com\u00fan en la cultura laboral chilena, es el principal disparador de episodios man\u00edacos. Por otro lado, en regiones, la falta de especialistas puede hacer que el diagn\u00f3stico de la <strong>bipolaridad tipo 1<\/strong> se retrase a\u00f1os, confundi\u00e9ndose a menudo con una depresi\u00f3n unipolar, lo cual es peligroso ya que el tratamiento para ambas es radicalmente distinto.<\/p>\n\n\n\n<h3 class=\"wp-block-heading has-large-font-size\">Desaf\u00edos espec\u00edficos en la sociedad chilena<\/h3>\n\n\n\n<ul>\n<li><strong>Influencia de la cultura laboral<\/strong>: La dificultad de hablar sobre salud mental en el trabajo sin temor a represalias o juicios sobre la competencia profesional.<\/li>\n\n\n\n<li><strong>El rol de la familia<\/strong>: En Chile, la familia es el principal apoyo, pero a menudo carece de la psicoeducaci\u00f3n necesaria para no invalidar las emociones del paciente.<\/li>\n\n\n\n<li><strong>Acceso a medicamentos<\/strong>: Si bien existen coberturas estatales, el costo de algunos estabilizadores del \u00e1nimo sigue siendo una carga para la clase media.<\/li>\n\n\n\n<li><strong>Estigma en el lenguaje<\/strong>: El uso peyorativo del t\u00e9rmino &#8220;bipolar&#8221; en medios de comunicaci\u00f3n y redes sociales que desinforma a la poblaci\u00f3n.<\/li>\n<\/ul>\n\n\n\n<h2 class=\"wp-block-heading has-x-large-font-size\">Perspectiva evolutiva de la bipolaridad tipo 1<\/h2>\n\n\n\n<p>Desde una mirada evolutiva, resulta intrigante por qu\u00e9 un trastorno que genera tanto sufrimiento ha permanecido en nuestro c\u00f3digo gen\u00e9tico. Algunos investigadores sugieren que los rasgos asociados a la <strong>bipolaridad tipo 1<\/strong> pudieron ofrecer ventajas adaptativas en el pasado ancestral. La energ\u00eda inagotable y la confianza de la hipoman\u00eda o man\u00eda temprana podr\u00edan haber sido \u00fatiles para el liderazgo, la exploraci\u00f3n de nuevos territorios o la defensa del grupo en momentos de crisis extrema.<\/p>\n\n\n\n<p>Por otro lado, los periodos de baja energ\u00eda (depresi\u00f3n) podr\u00edan haber funcionado como un mecanismo de &#8220;hibernaci\u00f3n&#8221; para conservar recursos durante inviernos crudos o tras periodos de gran esfuerzo f\u00edsico. En la antig\u00fcedad, cuando no exist\u00edan las demandas de horarios fijos y productividad constante, estas oscilaciones quiz\u00e1s no eran tan disruptivas como lo son hoy. En nuestra sociedad actual, el desajuste entre estos mecanismos biol\u00f3gicos antiguos y las exigencias modernas es lo que convierte a estos rasgos en un trastorno incapacitante.<\/p>\n\n\n\n<h3 class=\"wp-block-heading has-large-font-size\">Diferenciaci\u00f3n por etapas: El diagn\u00f3stico de bipolaridad tipo I a trav\u00e9s de la vida<\/h3>\n\n\n\n<p>La manifestaci\u00f3n de los s\u00edntomas evoluciona con la edad, lo que requiere un ojo cl\u00ednico agudo para no pasar por alto la condici\u00f3n:<\/p>\n\n\n\n<ul>\n<li><strong>Ni\u00f1ez y Adolescencia<\/strong>: A menudo se confunde con TDAH o trastornos de conducta. La irritabilidad es m\u00e1s frecuente que la euforia cl\u00e1sica, y los cambios de humor pueden ser muy r\u00e1pidos, lo que se conoce como <strong>ciclado r\u00e1pido<\/strong>.<\/li>\n\n\n\n<li><strong>Adultez<\/strong>: Es la etapa donde los episodios suelen ser m\u00e1s definidos. La presi\u00f3n de la vida independiente y laboral pone a prueba los mecanismos de estabilidad, y es donde m\u00e1s se requiere la <strong>plasticidad neuronal<\/strong> para aprender nuevas estrategias de afrontamiento.<\/li>\n\n\n\n<li><strong>Adultos Mayores<\/strong>: Aqu\u00ed, el diagn\u00f3stico puede complicarse con s\u00edntomas de demencia o problemas vasculares. Los episodios pueden volverse m\u00e1s confusos y el tratamiento debe ser muy cuidadoso con las dosis para evitar efectos secundarios f\u00edsicos.<\/li>\n<\/ul>\n\n\n\n<p>La investigaci\u00f3n psicol\u00f3gica indica que un diagn\u00f3stico temprano y un tratamiento sostenido mejoran dr\u00e1sticamente el pron\u00f3stico a largo plazo, permitiendo que la persona mantenga su funcionalidad y calidad de vida en cada una de estas etapas.<\/p>\n\n\n\n<h2 class=\"wp-block-heading has-x-large-font-size\">Viviendo el equilibrio: Estrategias ante la bipolaridad tipo 1<\/h2>\n\n\n\n<figure class=\"wp-block-image size-full\"><img loading=\"lazy\" decoding=\"async\" width=\"1279\" height=\"853\" src=\"https:\/\/fonasa.mindy.cl\/blog\/wp-content\/uploads\/2026\/04\/pexels-didsss-5785477.jpg\" alt=\"bipolaridad tipo 1\" class=\"wp-image-2063\"\/><\/figure>\n\n\n\n<p>Recuperar el mando de tu vida requiere un enfoque integral. No basta con la medicaci\u00f3n; la psicoterapia es el espacio donde aprendes a reconocer tus propios &#8220;gatillantes&#8221; o disparadores. La <strong>higiene del sue\u00f1o<\/strong> es, quiz\u00e1s, la herramienta no farmacol\u00f3gica m\u00e1s potente: mantener horarios regulares para dormir ayuda a estabilizar el reloj biol\u00f3gico del cerebro. Adem\u00e1s, llevar un registro diario del \u00e1nimo permite detectar peque\u00f1as variaciones antes de que se conviertan en una crisis mayor.<\/p>\n\n\n\n<h3 class=\"wp-block-heading has-large-font-size\">Pasos para construir una base s\u00f3lida de estabilidad<\/h3>\n\n\n\n<ol start=\"1\">\n<li><strong>Psicoeducaci\u00f3n<\/strong>: Aprender todo sobre tu diagn\u00f3stico para dejar de ser un espectador de tus s\u00edntomas y convertirte en un agente activo de tu salud.<\/li>\n\n\n\n<li><strong>Red de apoyo<\/strong>: Informar a personas de confianza sobre c\u00f3mo ayudarte en caso de una crisis, estableciendo planes de acci\u00f3n claros.<\/li>\n\n\n\n<li><strong>Rutinas estables<\/strong>: El cerebro con este trastorno ama la predictibilidad. Horarios de comida, ejercicio y descanso son fundamentales.<\/li>\n\n\n\n<li><strong>Evitar el consumo de sustancias<\/strong>: El alcohol y otras drogas desestabilizan la qu\u00edmica cerebral y pueden gatillar episodios graves o interferir con la medicaci\u00f3n.<\/li>\n<\/ol>\n\n\n\n<h2 class=\"wp-block-heading has-x-large-font-size\">Fonasa Mindy: Tu estabilidad emocional de la bipolaridad tipo 1 a un clic<\/h2>\n\n\n\n<p>Sabemos que enfrentar un diagn\u00f3stico de este tipo puede ser abrumador, especialmente cuando intentas coordinar citas en medio de la fatiga o la agitaci\u00f3n. La ventaja de la terapia online para la <strong>bipolaridad tipo 1<\/strong> es que te permite acceder a especialistas desde la seguridad de tu hogar, eliminando el estr\u00e9s del traslado y permiti\u00e9ndote mantener la continuidad de tu tratamiento incluso en los d\u00edas m\u00e1s dif\u00edciles. En <strong><a href=\"http:\/\/mindy.cl\">Mindy<\/a><\/strong>, creemos que la salud mental de calidad debe ser accesible para todos.<\/p>\n\n\n\n<p>A trav\u00e9s del convenio <strong><a href=\"https:\/\/fonasa.mindy.cl\/#\/\"><strong>Fonasa Mindy<\/strong><\/a><\/strong>, puedes agendar tus sesiones de psicoterapia con profesionales expertos en trastornos del \u00e1nimo de manera sencilla y con copagos reducidos. Nuestro objetivo es acompa\u00f1arte en la construcci\u00f3n de esa estabilidad que buscas, entreg\u00e1ndote herramientas pr\u00e1cticas y un espacio de escucha libre de juicios. No tienes que navegar por estas cumbres y abismos en soledad; estamos aqu\u00ed para ayudarte a encontrar el centro y retomar el control de tu bienestar de forma profesional y cercana.<\/p>\n\n\n\n<p><a target=\"_blank\" rel=\"noreferrer noopener\" href=\"https:\/\/www.mindy.cl\/psicologos-online-mindy\/?service=79\">Psic\u00f3logos online Fonasa Mindy<\/a><\/p>\n\n\n\n<h3 class=\"wp-block-heading has-large-font-size\">Conclusi\u00f3n: El camino hacia la eutimia<\/h3>\n\n\n\n<p>Vivir con este diagn\u00f3stico no significa que tu destino est\u00e9 escrito con tinta de caos. La <strong>bipolaridad tipo 1<\/strong> es una parte de tu experiencia, pero no define qui\u00e9n eres ni hasta d\u00f3nde puedes llegar. Con el apoyo cient\u00edfico adecuado, el compromiso con tu tratamiento y una buena dosis de autocompasi\u00f3n, es posible alcanzar la estabilidad y construir una vida plena, creativa y con prop\u00f3sito. El equilibrio no es la ausencia de emociones, sino la capacidad de navegarlas sin naufragar.<\/p>\n\n\n\n<p>Recuerda que pedir ayuda es el primer acto de valent\u00eda para recuperar tu centro. El conocimiento es poder: entender tu biolog\u00eda te libera de la culpa y te entrega las llaves de tu propia recuperaci\u00f3n. Hoy es un buen d\u00eda para priorizar tu salud mental y empezar a construir ese puente hacia la calma que tanto mereces.<\/p>\n\n\n\n<h2 class=\"wp-block-heading has-x-large-font-size\">\u00bfNo sabes por d\u00f3nde empezar? Descubre tu terapia recomendada<\/h2>\n\n\n\n<p>Iniciar un proceso psicol\u00f3gico puede generar dudas sobre cu\u00e1l es el mejor camino. En <strong>Fonasa Mindy<\/strong> queremos facilitarte el proceso: responde unas breves preguntas para identificar el modelo terap\u00e9utico m\u00e1s efectivo para tu bienestar emocional. Es r\u00e1pido, sencillo y te ayudar\u00e1 a conectar con el profesional adecuado. <\/p>\n\n\n\n<p>\ud83d\udc49 <strong><a href=\"https:\/\/form.typeform.com\/to\/jfcSJODX\" target=\"_blank\" rel=\"noreferrer noopener\">Haz clic para descubrir tu tipo de terapia<\/a><\/strong><\/p>\n","protected":false},"excerpt":{"rendered":"<p>A veces, la vida se siente como una sinfon\u00eda que ha perdido su director. En un momento, la m\u00fasica es tan fuerte y vibrante que sientes que puedes conquistar el mundo entero, con una energ\u00eda que parece no agotarse nunca. Poco despu\u00e9s, el sonido se apaga por completo, dejando un silencio denso y pesado que [&hellip;]<\/p>\n","protected":false},"author":3,"featured_media":2061,"comment_status":"closed","ping_status":"closed","sticky":false,"template":"","format":"standard","meta":{"footnotes":""},"categories":[275],"tags":[],"yoast_head":"<!-- This site is optimized with the Yoast SEO plugin v23.0 - https:\/\/yoast.com\/wordpress\/plugins\/seo\/ -->\n<title>Bipolaridad tipo 1: Navegando entre cumbres y abismos<\/title>\n<meta name=\"description\" content=\"La bipolaridad tipo 1 es un desaf\u00edo que requiere ciencia y empat\u00eda. Descubre sus causas, mitos y c\u00f3mo acceder a terapia con Fonasa en Mindy.\" \/>\n<meta name=\"robots\" content=\"index, follow, max-snippet:-1, max-image-preview:large, max-video-preview:-1\" \/>\n<link rel=\"canonical\" href=\"https:\/\/fonasa.mindy.cl\/blog\/bipolaridad-tipo-1\/\" \/>\n<meta property=\"og:locale\" content=\"es_ES\" \/>\n<meta property=\"og:type\" content=\"article\" \/>\n<meta property=\"og:title\" content=\"Bipolaridad tipo 1: Navegando entre cumbres y abismos\" \/>\n<meta property=\"og:description\" content=\"La bipolaridad tipo 1 es un desaf\u00edo que requiere ciencia y empat\u00eda. Descubre sus causas, mitos y c\u00f3mo acceder a terapia con Fonasa en Mindy.\" \/>\n<meta property=\"og:url\" content=\"https:\/\/fonasa.mindy.cl\/blog\/bipolaridad-tipo-1\/\" \/>\n<meta property=\"og:site_name\" content=\"Mindy Fonasa Blog\" \/>\n<meta property=\"article:published_time\" content=\"2026-04-23T14:09:45+00:00\" \/>\n<meta property=\"article:modified_time\" content=\"2026-04-23T14:23:01+00:00\" \/>\n<meta property=\"og:image\" content=\"https:\/\/fonasa.mindy.cl\/blog\/wp-content\/uploads\/2026\/04\/pexels-maria-clara-alvarenga-270527869-12816409.jpg\" \/>\n\t<meta property=\"og:image:width\" content=\"1280\" \/>\n\t<meta property=\"og:image:height\" content=\"1600\" \/>\n\t<meta property=\"og:image:type\" content=\"image\/jpeg\" \/>\n<meta name=\"author\" content=\"estrategamkd@gmail.com\" \/>\n<meta name=\"twitter:card\" content=\"summary_large_image\" \/>\n<meta name=\"twitter:label1\" content=\"Written by\" \/>\n\t<meta name=\"twitter:data1\" content=\"estrategamkd@gmail.com\" \/>\n\t<meta name=\"twitter:label2\" content=\"Est. reading time\" \/>\n\t<meta name=\"twitter:data2\" content=\"12 minutos\" \/>\n<script type=\"application\/ld+json\" class=\"yoast-schema-graph\">{\"@context\":\"https:\/\/schema.org\",\"@graph\":[{\"@type\":\"Article\",\"@id\":\"https:\/\/fonasa.mindy.cl\/blog\/bipolaridad-tipo-1\/#article\",\"isPartOf\":{\"@id\":\"https:\/\/fonasa.mindy.cl\/blog\/bipolaridad-tipo-1\/\"},\"author\":{\"name\":\"estrategamkd@gmail.com\",\"@id\":\"https:\/\/fonasa.mindy.cl\/blog\/#\/schema\/person\/fa87761528fa733079f7f77181252f28\"},\"headline\":\"Bipolaridad tipo 1: Navegando entre cumbres y abismos\",\"datePublished\":\"2026-04-23T14:09:45+00:00\",\"dateModified\":\"2026-04-23T14:23:01+00:00\",\"mainEntityOfPage\":{\"@id\":\"https:\/\/fonasa.mindy.cl\/blog\/bipolaridad-tipo-1\/\"},\"wordCount\":2587,\"publisher\":{\"@id\":\"https:\/\/fonasa.mindy.cl\/blog\/#organization\"},\"image\":{\"@id\":\"https:\/\/fonasa.mindy.cl\/blog\/bipolaridad-tipo-1\/#primaryimage\"},\"thumbnailUrl\":\"https:\/\/fonasa.mindy.cl\/blog\/wp-content\/uploads\/2026\/04\/pexels-maria-clara-alvarenga-270527869-12816409.jpg\",\"articleSection\":[\"Trastornos\"],\"inLanguage\":\"es-CL\"},{\"@type\":\"WebPage\",\"@id\":\"https:\/\/fonasa.mindy.cl\/blog\/bipolaridad-tipo-1\/\",\"url\":\"https:\/\/fonasa.mindy.cl\/blog\/bipolaridad-tipo-1\/\",\"name\":\"Bipolaridad tipo 1: Navegando entre cumbres y abismos\",\"isPartOf\":{\"@id\":\"https:\/\/fonasa.mindy.cl\/blog\/#website\"},\"primaryImageOfPage\":{\"@id\":\"https:\/\/fonasa.mindy.cl\/blog\/bipolaridad-tipo-1\/#primaryimage\"},\"image\":{\"@id\":\"https:\/\/fonasa.mindy.cl\/blog\/bipolaridad-tipo-1\/#primaryimage\"},\"thumbnailUrl\":\"https:\/\/fonasa.mindy.cl\/blog\/wp-content\/uploads\/2026\/04\/pexels-maria-clara-alvarenga-270527869-12816409.jpg\",\"datePublished\":\"2026-04-23T14:09:45+00:00\",\"dateModified\":\"2026-04-23T14:23:01+00:00\",\"description\":\"La bipolaridad tipo 1 es un desaf\u00edo que requiere ciencia y empat\u00eda. Descubre sus causas, mitos y c\u00f3mo acceder a terapia con Fonasa en Mindy.\",\"breadcrumb\":{\"@id\":\"https:\/\/fonasa.mindy.cl\/blog\/bipolaridad-tipo-1\/#breadcrumb\"},\"inLanguage\":\"es-CL\",\"potentialAction\":[{\"@type\":\"ReadAction\",\"target\":[\"https:\/\/fonasa.mindy.cl\/blog\/bipolaridad-tipo-1\/\"]}]},{\"@type\":\"ImageObject\",\"inLanguage\":\"es-CL\",\"@id\":\"https:\/\/fonasa.mindy.cl\/blog\/bipolaridad-tipo-1\/#primaryimage\",\"url\":\"https:\/\/fonasa.mindy.cl\/blog\/wp-content\/uploads\/2026\/04\/pexels-maria-clara-alvarenga-270527869-12816409.jpg\",\"contentUrl\":\"https:\/\/fonasa.mindy.cl\/blog\/wp-content\/uploads\/2026\/04\/pexels-maria-clara-alvarenga-270527869-12816409.jpg\",\"width\":1280,\"height\":1600,\"caption\":\"bipolaridad tipo 1\"},{\"@type\":\"BreadcrumbList\",\"@id\":\"https:\/\/fonasa.mindy.cl\/blog\/bipolaridad-tipo-1\/#breadcrumb\",\"itemListElement\":[{\"@type\":\"ListItem\",\"position\":1,\"name\":\"Home\",\"item\":\"https:\/\/fonasa.mindy.cl\/blog\/\"},{\"@type\":\"ListItem\",\"position\":2,\"name\":\"Bipolaridad tipo 1: Navegando entre cumbres y abismos\"}]},{\"@type\":\"WebSite\",\"@id\":\"https:\/\/fonasa.mindy.cl\/blog\/#website\",\"url\":\"https:\/\/fonasa.mindy.cl\/blog\/\",\"name\":\"Mindy Fonasa Blog\",\"description\":\"Un blog de salud mental\",\"publisher\":{\"@id\":\"https:\/\/fonasa.mindy.cl\/blog\/#organization\"},\"potentialAction\":[{\"@type\":\"SearchAction\",\"target\":{\"@type\":\"EntryPoint\",\"urlTemplate\":\"https:\/\/fonasa.mindy.cl\/blog\/?s={search_term_string}\"},\"query-input\":\"required name=search_term_string\"}],\"inLanguage\":\"es-CL\"},{\"@type\":\"Organization\",\"@id\":\"https:\/\/fonasa.mindy.cl\/blog\/#organization\",\"name\":\"Mindy Fonasa Blog\",\"url\":\"https:\/\/fonasa.mindy.cl\/blog\/\",\"logo\":{\"@type\":\"ImageObject\",\"inLanguage\":\"es-CL\",\"@id\":\"https:\/\/fonasa.mindy.cl\/blog\/#\/schema\/logo\/image\/\",\"url\":\"https:\/\/fonasa.mindy.cl\/blog\/wp-content\/uploads\/2024\/07\/logo_cuadrado.png\",\"contentUrl\":\"https:\/\/fonasa.mindy.cl\/blog\/wp-content\/uploads\/2024\/07\/logo_cuadrado.png\",\"width\":300,\"height\":300,\"caption\":\"Mindy Fonasa Blog\"},\"image\":{\"@id\":\"https:\/\/fonasa.mindy.cl\/blog\/#\/schema\/logo\/image\/\"}},{\"@type\":\"Person\",\"@id\":\"https:\/\/fonasa.mindy.cl\/blog\/#\/schema\/person\/fa87761528fa733079f7f77181252f28\",\"name\":\"estrategamkd@gmail.com\",\"url\":\"https:\/\/fonasa.mindy.cl\/blog\/author\/estrategamkdgmail-com\/\"}]}<\/script>\n<!-- \/ Yoast SEO plugin. -->","yoast_head_json":{"title":"Bipolaridad tipo 1: Navegando entre cumbres y abismos","description":"La bipolaridad tipo 1 es un desaf\u00edo que requiere ciencia y empat\u00eda. Descubre sus causas, mitos y c\u00f3mo acceder a terapia con Fonasa en Mindy.","robots":{"index":"index","follow":"follow","max-snippet":"max-snippet:-1","max-image-preview":"max-image-preview:large","max-video-preview":"max-video-preview:-1"},"canonical":"https:\/\/fonasa.mindy.cl\/blog\/bipolaridad-tipo-1\/","og_locale":"es_ES","og_type":"article","og_title":"Bipolaridad tipo 1: Navegando entre cumbres y abismos","og_description":"La bipolaridad tipo 1 es un desaf\u00edo que requiere ciencia y empat\u00eda. Descubre sus causas, mitos y c\u00f3mo acceder a terapia con Fonasa en Mindy.","og_url":"https:\/\/fonasa.mindy.cl\/blog\/bipolaridad-tipo-1\/","og_site_name":"Mindy Fonasa Blog","article_published_time":"2026-04-23T14:09:45+00:00","article_modified_time":"2026-04-23T14:23:01+00:00","og_image":[{"width":1280,"height":1600,"url":"https:\/\/fonasa.mindy.cl\/blog\/wp-content\/uploads\/2026\/04\/pexels-maria-clara-alvarenga-270527869-12816409.jpg","type":"image\/jpeg"}],"author":"estrategamkd@gmail.com","twitter_card":"summary_large_image","twitter_misc":{"Written by":"estrategamkd@gmail.com","Est. reading time":"12 minutos"},"schema":{"@context":"https:\/\/schema.org","@graph":[{"@type":"Article","@id":"https:\/\/fonasa.mindy.cl\/blog\/bipolaridad-tipo-1\/#article","isPartOf":{"@id":"https:\/\/fonasa.mindy.cl\/blog\/bipolaridad-tipo-1\/"},"author":{"name":"estrategamkd@gmail.com","@id":"https:\/\/fonasa.mindy.cl\/blog\/#\/schema\/person\/fa87761528fa733079f7f77181252f28"},"headline":"Bipolaridad tipo 1: Navegando entre cumbres y abismos","datePublished":"2026-04-23T14:09:45+00:00","dateModified":"2026-04-23T14:23:01+00:00","mainEntityOfPage":{"@id":"https:\/\/fonasa.mindy.cl\/blog\/bipolaridad-tipo-1\/"},"wordCount":2587,"publisher":{"@id":"https:\/\/fonasa.mindy.cl\/blog\/#organization"},"image":{"@id":"https:\/\/fonasa.mindy.cl\/blog\/bipolaridad-tipo-1\/#primaryimage"},"thumbnailUrl":"https:\/\/fonasa.mindy.cl\/blog\/wp-content\/uploads\/2026\/04\/pexels-maria-clara-alvarenga-270527869-12816409.jpg","articleSection":["Trastornos"],"inLanguage":"es-CL"},{"@type":"WebPage","@id":"https:\/\/fonasa.mindy.cl\/blog\/bipolaridad-tipo-1\/","url":"https:\/\/fonasa.mindy.cl\/blog\/bipolaridad-tipo-1\/","name":"Bipolaridad tipo 1: Navegando entre cumbres y abismos","isPartOf":{"@id":"https:\/\/fonasa.mindy.cl\/blog\/#website"},"primaryImageOfPage":{"@id":"https:\/\/fonasa.mindy.cl\/blog\/bipolaridad-tipo-1\/#primaryimage"},"image":{"@id":"https:\/\/fonasa.mindy.cl\/blog\/bipolaridad-tipo-1\/#primaryimage"},"thumbnailUrl":"https:\/\/fonasa.mindy.cl\/blog\/wp-content\/uploads\/2026\/04\/pexels-maria-clara-alvarenga-270527869-12816409.jpg","datePublished":"2026-04-23T14:09:45+00:00","dateModified":"2026-04-23T14:23:01+00:00","description":"La bipolaridad tipo 1 es un desaf\u00edo que requiere ciencia y empat\u00eda. Descubre sus causas, mitos y c\u00f3mo acceder a terapia con Fonasa en Mindy.","breadcrumb":{"@id":"https:\/\/fonasa.mindy.cl\/blog\/bipolaridad-tipo-1\/#breadcrumb"},"inLanguage":"es-CL","potentialAction":[{"@type":"ReadAction","target":["https:\/\/fonasa.mindy.cl\/blog\/bipolaridad-tipo-1\/"]}]},{"@type":"ImageObject","inLanguage":"es-CL","@id":"https:\/\/fonasa.mindy.cl\/blog\/bipolaridad-tipo-1\/#primaryimage","url":"https:\/\/fonasa.mindy.cl\/blog\/wp-content\/uploads\/2026\/04\/pexels-maria-clara-alvarenga-270527869-12816409.jpg","contentUrl":"https:\/\/fonasa.mindy.cl\/blog\/wp-content\/uploads\/2026\/04\/pexels-maria-clara-alvarenga-270527869-12816409.jpg","width":1280,"height":1600,"caption":"bipolaridad tipo 1"},{"@type":"BreadcrumbList","@id":"https:\/\/fonasa.mindy.cl\/blog\/bipolaridad-tipo-1\/#breadcrumb","itemListElement":[{"@type":"ListItem","position":1,"name":"Home","item":"https:\/\/fonasa.mindy.cl\/blog\/"},{"@type":"ListItem","position":2,"name":"Bipolaridad tipo 1: Navegando entre cumbres y abismos"}]},{"@type":"WebSite","@id":"https:\/\/fonasa.mindy.cl\/blog\/#website","url":"https:\/\/fonasa.mindy.cl\/blog\/","name":"Mindy Fonasa Blog","description":"Un blog de salud mental","publisher":{"@id":"https:\/\/fonasa.mindy.cl\/blog\/#organization"},"potentialAction":[{"@type":"SearchAction","target":{"@type":"EntryPoint","urlTemplate":"https:\/\/fonasa.mindy.cl\/blog\/?s={search_term_string}"},"query-input":"required name=search_term_string"}],"inLanguage":"es-CL"},{"@type":"Organization","@id":"https:\/\/fonasa.mindy.cl\/blog\/#organization","name":"Mindy Fonasa Blog","url":"https:\/\/fonasa.mindy.cl\/blog\/","logo":{"@type":"ImageObject","inLanguage":"es-CL","@id":"https:\/\/fonasa.mindy.cl\/blog\/#\/schema\/logo\/image\/","url":"https:\/\/fonasa.mindy.cl\/blog\/wp-content\/uploads\/2024\/07\/logo_cuadrado.png","contentUrl":"https:\/\/fonasa.mindy.cl\/blog\/wp-content\/uploads\/2024\/07\/logo_cuadrado.png","width":300,"height":300,"caption":"Mindy Fonasa Blog"},"image":{"@id":"https:\/\/fonasa.mindy.cl\/blog\/#\/schema\/logo\/image\/"}},{"@type":"Person","@id":"https:\/\/fonasa.mindy.cl\/blog\/#\/schema\/person\/fa87761528fa733079f7f77181252f28","name":"estrategamkd@gmail.com","url":"https:\/\/fonasa.mindy.cl\/blog\/author\/estrategamkdgmail-com\/"}]}},"_links":{"self":[{"href":"https:\/\/fonasa.mindy.cl\/blog\/wp-json\/wp\/v2\/posts\/2058"}],"collection":[{"href":"https:\/\/fonasa.mindy.cl\/blog\/wp-json\/wp\/v2\/posts"}],"about":[{"href":"https:\/\/fonasa.mindy.cl\/blog\/wp-json\/wp\/v2\/types\/post"}],"author":[{"embeddable":true,"href":"https:\/\/fonasa.mindy.cl\/blog\/wp-json\/wp\/v2\/users\/3"}],"replies":[{"embeddable":true,"href":"https:\/\/fonasa.mindy.cl\/blog\/wp-json\/wp\/v2\/comments?post=2058"}],"version-history":[{"count":6,"href":"https:\/\/fonasa.mindy.cl\/blog\/wp-json\/wp\/v2\/posts\/2058\/revisions"}],"predecessor-version":[{"id":2074,"href":"https:\/\/fonasa.mindy.cl\/blog\/wp-json\/wp\/v2\/posts\/2058\/revisions\/2074"}],"wp:featuredmedia":[{"embeddable":true,"href":"https:\/\/fonasa.mindy.cl\/blog\/wp-json\/wp\/v2\/media\/2061"}],"wp:attachment":[{"href":"https:\/\/fonasa.mindy.cl\/blog\/wp-json\/wp\/v2\/media?parent=2058"}],"wp:term":[{"taxonomy":"category","embeddable":true,"href":"https:\/\/fonasa.mindy.cl\/blog\/wp-json\/wp\/v2\/categories?post=2058"},{"taxonomy":"post_tag","embeddable":true,"href":"https:\/\/fonasa.mindy.cl\/blog\/wp-json\/wp\/v2\/tags?post=2058"}],"curies":[{"name":"wp","href":"https:\/\/api.w.org\/{rel}","templated":true}]}}