{"id":2034,"date":"2026-04-22T15:48:55","date_gmt":"2026-04-22T19:48:55","guid":{"rendered":"https:\/\/fonasa.mindy.cl\/blog\/?p=2034"},"modified":"2026-04-22T15:59:47","modified_gmt":"2026-04-22T19:59:47","slug":"ansiedad-e-insomnio-en-el-embarazo","status":"publish","type":"post","link":"https:\/\/fonasa.mindy.cl\/blog\/ansiedad-e-insomnio-en-el-embarazo\/","title":{"rendered":"Ansiedad e insomnio en el embarazo"},"content":{"rendered":"\n<p>Son las tres y diecisiete de la madrugada. La pantalla del celular ilumina tu rostro mientras buscas por quinta vez la misma pregunta en Google: &#8220;\u00bfes normal no poder dormir en el embarazo?&#8221;. Afuera, la ciudad duerme. Tu pareja respira profundamente a tu lado, ajeno a la batalla silenciosa que se libra en tu cabeza. Tienes sue\u00f1o. Un sue\u00f1o que pesa toneladas. Pero cada vez que cierras los ojos, el cerebro se enciende como un motor que alguien dej\u00f3 en marcha. Tienes <strong>ansiedad e insomnio en el embarazo<\/strong>.<\/p>\n\n\n\n<p>Primero aparece el pensamiento sobre la ecograf\u00eda de la pr\u00f3xima semana. Luego salta a si el departamento ser\u00e1 suficiente para tres. De ah\u00ed deriva a tu licencia m\u00e9dica, a si volver\u00e1s a tu puesto despu\u00e9s del postnatal, a si ser\u00e1s una buena madre. La guagua se mueve y el ciclo recomienza. Intentas la t\u00e9cnica de respiraci\u00f3n que le\u00edste en una revista. Funciona tres minutos. Luego vuelve la marea de pensamientos. As\u00ed todas las noches. As\u00ed desde hace semanas.<\/p>\n\n\n\n<p>Si esta escena te resulta dolorosamente familiar, respira hondo. No est\u00e1s sola. No est\u00e1s exagerando. Y sobre todo: no hay nada roto en ti. Lo que est\u00e1s experimentando \u2014esa combinaci\u00f3n agotadora de <strong>ansiedad e insomnio en el embarazo<\/strong>\u2014 tiene explicaciones biol\u00f3gicas, psicol\u00f3gicas y sociales que vamos a recorrer en estas p\u00e1ginas. No encontrar\u00e1s recetas m\u00e1gicas. Encontrar\u00e1s comprensi\u00f3n profunda, herramientas concretas y la certeza de que existe ayuda accesible para transitar este tramo con mayor bienestar.<\/p>\n\n\n\n<h2 class=\"wp-block-heading has-x-large-font-size\">Ansiedad e insomnio en el embarazo: Cuando tu cerebro se convierte en un vigilante incansable<\/h2>\n\n\n\n<p>Para entender por qu\u00e9 duermes mal, necesitamos viajar al interior de tu cabeza. Literalmente.<\/p>\n\n\n\n<p>Durante el embarazo, tu cerebro experimenta una transformaci\u00f3n estructural que solo recientemente la neurociencia ha comenzado a cartografiar. Ocurre un fen\u00f3meno conocido como <strong>poda neuronal gestacional<\/strong>: ciertas conexiones se debilitan mientras otras se fortalecen dram\u00e1ticamente. Espec\u00edficamente, la <strong>am\u00edgdala<\/strong> \u2014tu sistema de detecci\u00f3n de amenazas\u2014 aumenta su sensibilidad de manera notable.<\/p>\n\n\n\n<p>\u00bfLa raz\u00f3n evolutiva? Simple y poderosa. Durante cientos de miles de a\u00f1os, una hembra embarazada que no estuviera <strong>hipervigilante<\/strong> a los peligros del entorno ten\u00eda altas probabilidades de no transmitir sus genes. La ansiedad e insomnio en el embarazo no son un defecto del sistema. Son una <strong>caracter\u00edstica ancestral de supervivencia<\/strong> que hoy, en un entorno urbano moderno sin depredadores pero con infinitas fuentes de preocupaci\u00f3n simb\u00f3lica, se vuelve contra ti.<\/p>\n\n\n\n<h3 class=\"wp-block-heading has-large-font-size\">Como funciona el mecanismo de insomnio en el embarazo<\/h3>\n\n\n\n<p>El mecanismo espec\u00edfico funciona as\u00ed:<\/p>\n\n\n\n<ul>\n<li>Tus niveles de <strong>progesterona<\/strong> aumentan exponencialmente. Esta hormona, esencial para mantener el embarazo, tiene un efecto colateral: interact\u00faa con los receptores <strong>GABA<\/strong> en tu cerebro. El GABA es el principal neurotransmisor inhibitorio, el que &#8220;apaga&#8221; la actividad neuronal para que puedas dormir. En teor\u00eda, la progesterona deber\u00eda mejorar tu sue\u00f1o (y de hecho, muchas embarazadas experimentan una somnolencia intensa en el primer trimestre). Pero hay una trampa.<\/li>\n\n\n\n<li>Conforme avanza la gestaci\u00f3n, tu cerebro se vuelve <strong>menos sensible<\/strong> a los efectos sedantes de la progesterona. Es un mecanismo adaptativo para que no est\u00e9s completamente noqueada cuando nazca la guagua y necesites despertar ante sus demandas. El problema es que este &#8220;despertar anticipado&#8221; comienza mucho antes del parto.<\/li>\n\n\n\n<li>Simult\u00e1neamente, el <strong>eje hipot\u00e1lamo-hip\u00f3fisis-adrenal<\/strong> se encuentra en un estado de <strong>sensibilizaci\u00f3n<\/strong>. Los niveles basales de <strong>cortisol<\/strong> \u2014la hormona del estr\u00e9s\u2014 aumentan progresivamente durante la gestaci\u00f3n. Esto tiene sentido adaptativo: prepara a tu organismo para el esfuerzo del parto y la lactancia. Pero el cortisol elevado durante la noche es el enemigo n\u00famero uno del sue\u00f1o profundo.<\/li>\n<\/ul>\n\n\n\n<p>El resultado de esta tormenta neuroqu\u00edmica perfecta: una mujer que necesita dormir m\u00e1s que nunca pero cuyo cerebro est\u00e1 siendo programado para <strong>dormir menos y m\u00e1s liviano<\/strong>.<\/p>\n\n\n\n<h4 class=\"wp-block-heading has-medium-font-size\">El segundo turno que nadie ve<\/h4>\n\n\n\n<p>Para comprender plenamente como es el <strong><a href=\"https:\/\/fonasa.mindy.cl\/blog\/embarazo-insomnio\/\">embarazo e insomnio<\/a><\/strong> o la <strong>ansiedad e insomnio en el embarazo<\/strong>, necesitamos hablar de algo que los libros de obstetricia rara vez mencionan: la <strong>doble jornada gestacional<\/strong>.<\/p>\n\n\n\n<p>Imagina a Camila. Tiene treinta y dos a\u00f1os, vive en La Florida, est\u00e1 embarazada de veintis\u00e9is semanas y trabaja como analista contable en una empresa en Providencia. Su d\u00eda comienza a las seis de la ma\u00f1ana. Se levanta antes que suene el despertador porque la vejiga ya no da tregua. Se ducha, se viste con ropa de embarazada que todav\u00eda le queda un poco grande, toma desayuno a las apuradas.<\/p>\n\n\n\n<p>Luego vienen cuarenta y cinco minutos de metro. De pie, porque a esa hora nadie cede el asiento a menos que la guata sea inconfundiblemente prominente. Ocho horas de trabajo frente a una pantalla, con pausas cada dos horas para ir al ba\u00f1o. La presi\u00f3n por dejar todo &#8220;ordenado&#8221; antes de que empiece el prenatal se acumula silenciosamente. Su jefe no lo dice expl\u00edcitamente, pero hay una expectativa t\u00e1cita de que su rendimiento no deber\u00eda verse afectado &#8220;solo&#8221; por estar embarazada.<\/p>\n\n\n\n<p>Vuelve a casa a las siete. Cena algo r\u00e1pido. Quiz\u00e1s alcanza a tender una lavadora. Se acuesta a las diez con la intenci\u00f3n de dormir ocho horas. Pero su cerebro no distingue entre &#8220;horario laboral&#8221; y &#8220;horario de descanso&#8221;. A las dos de la ma\u00f1ana est\u00e1 despierta, repasando mentalmente la planilla Excel que dej\u00f3 a medias, pregunt\u00e1ndose si pidi\u00f3 todos los permisos correctos, calculando cu\u00e1nto durar\u00e1n sus ahorros durante el posnatal.<\/p>\n\n\n\n<p>La <strong>ansiedad e insomnio en el embarazo<\/strong> en mujeres trabajadoras chilenas no es solo un fen\u00f3meno biol\u00f3gico. Es tambi\u00e9n una <strong>consecuencia psicosocial<\/strong> de un sistema que exige productividad m\u00e1xima hasta el \u00faltimo d\u00eda y que ofrece una red de apoyo perinatal insuficiente.<\/p>\n\n\n\n<h3 class=\"wp-block-heading has-large-font-size\">El contexto de la regi\u00f3n que pocos consideran en el embarazo <\/h3>\n\n\n\n<p>El fen\u00f3meno se manifiesta de manera distinta seg\u00fan d\u00f3nde vivas:<\/p>\n\n\n\n<ul>\n<li>En <strong>Santiago<\/strong>, el estr\u00e9s del transporte, la contaminaci\u00f3n ac\u00fastica y la lejan\u00eda de las redes familiares tradicionales (especialmente en parejas migrantes de regiones) agravan la sensaci\u00f3n de desprotecci\u00f3n nocturna.<\/li>\n\n\n\n<li>En <strong>regiones<\/strong>, especialmente en ciudades m\u00e1s peque\u00f1as, puede existir un fen\u00f3meno inverso pero igualmente perturbador: la <strong>hipervigilancia social<\/strong>. Todo el mundo sabe que est\u00e1s embarazada. Todo el mundo opina. La suegra que llama para preguntar si ya te hiciste tal examen. La vecina que te advierte sobre los peligros de &#8220;dormir de ese lado&#8221;. La presi\u00f3n por cumplir con un ideal de maternidad tranquila que choca con tu experiencia real de agotamiento y angustia.<\/li>\n<\/ul>\n\n\n\n<p>En ambos casos, el resultado es el mismo: una mujer que atraviesa la gestaci\u00f3n con un <strong>d\u00e9ficit cr\u00f3nico de sue\u00f1o reparador<\/strong> y con niveles de ansiedad que, sin ser necesariamente patol\u00f3gicos, erosionan significativamente su calidad de vida.<\/p>\n\n\n\n<h2 class=\"wp-block-heading has-x-large-font-size\">Mitos que te han hecho sentir culpable por no dormir<\/h2>\n\n\n\n<figure class=\"wp-block-image size-full\"><img loading=\"lazy\" decoding=\"async\" width=\"1280\" height=\"853\" src=\"https:\/\/fonasa.mindy.cl\/blog\/wp-content\/uploads\/2026\/04\/pexels-gustavo-fring-6284938.jpg\" alt=\"ansiedad e insomnio en el embarazo\" class=\"wp-image-2037\"\/><\/figure>\n\n\n\n<p>La cultura popular chilena \u2014esa mezcla de sabidur\u00eda ancestral, consejos de comadres y cadenas de WhatsApp\u2014 est\u00e1 repleta de ideas sobre el embarazo que, lejos de ayudar, a\u00f1aden una capa de culpa innecesaria. Vamos a desmontar algunas con la frialdad de la evidencia cl\u00ednica.<\/p>\n\n\n\n<h3 class=\"wp-block-heading has-large-font-size\">Mito 1: &#8220;Aprovecha de dormir ahora, porque cuando nazca la guagua no vas a dormir nunca m\u00e1s&#8221;<\/h3>\n\n\n\n<p>Este es quiz\u00e1s el consejo m\u00e1s ubicuo y m\u00e1s da\u00f1ino para quien sufre <strong>ansiedad e insomnio en el embarazo<\/strong>.<\/p>\n\n\n\n<p>La premisa es falsa por tres razones. Primero, asume que el sue\u00f1o es una reserva acumulable, como poner bencina en un estanque. La neurociencia del sue\u00f1o indica lo contrario: no puedes &#8220;guardar&#8221; sue\u00f1o para usarlo despu\u00e9s. Lo que s\u00ed puedes hacer es entrar al posparto con una <strong>deuda de sue\u00f1o<\/strong> acumulada que har\u00e1 todo mucho m\u00e1s dif\u00edcil.<\/p>\n\n\n\n<p>Segundo, ignora que la calidad del sue\u00f1o en el posparto, aunque fragmentado por las tomas nocturnas, suele ser <strong>m\u00e1s profunda y reparadora<\/strong> para muchas mujeres porque desaparece la ansiedad anticipatoria del embarazo. Una vez que la guagua est\u00e1 afuera, sana y real, el cerebro puede relajar ciertos mecanismos de hipervigilancia.<\/p>\n\n\n\n<p>Tercero, el consejo es in\u00fatil cuando lo que te mantiene despierta es justamente la <strong>imposibilidad de dormir<\/strong> por razones que escapan a tu control voluntario. Decirle a una embarazada con insomnio que &#8220;aproveche de dormir&#8221; es como decirle a alguien con fiebre que &#8220;aproveche de no tener calor&#8221;.<\/p>\n\n\n\n<h3 class=\"wp-block-heading has-large-font-size\">Mito 2: &#8220;La ansiedad en el embarazo le hace mal a la guagua&#8221;<\/h3>\n\n\n\n<p>Este mito es particularmente perverso porque genera un c\u00edrculo vicioso: est\u00e1s ansiosa, te dicen que tu ansiedad da\u00f1a a tu beb\u00e9, te preocupas m\u00e1s por estar preocupada, y as\u00ed sucesivamente.<\/p>\n\n\n\n<p>\u00bfQu\u00e9 dice realmente la evidencia? Que el <strong>estr\u00e9s t\u00f3xico mantenido<\/strong> (el que ocurre en contextos de violencia, abandono, pobreza extrema o trastornos psiqui\u00e1tricos severos no tratados) tiene correlaciones con algunos resultados perinatales adversos. Pero la ansiedad gestacional com\u00fan, la que experimenta una gran proporci\u00f3n de embarazadas, <strong>no produce da\u00f1o directo al feto<\/strong>.<\/p>\n\n\n\n<p>Tu beb\u00e9 est\u00e1 incre\u00edblemente protegido. La <strong>placenta<\/strong> act\u00faa como un filtro selectivo que amortigua las fluctuaciones normales de cortisol materno. La naturaleza ha dise\u00f1ado este sistema para que las emociones cotidianas de la madre \u2014incluida la ansiedad moderada\u2014 no afecten negativamente al desarrollo fetal.<\/p>\n\n\n\n<p>Sentirte culpable por estar ansiosa es, literalmente, <strong>agregar una capa innecesaria de sufrimiento<\/strong>. El objetivo de atender la ansiedad no es &#8220;proteger a la guagua de tus emociones&#8221;. Es protegerte a ti, a tu bienestar, a tu derecho a transitar este per\u00edodo con la mayor paz posible.<\/p>\n\n\n\n<h3 class=\"wp-block-heading has-large-font-size\">Mito 3: &#8220;Es solo hormonal, ya se te pasar\u00e1&#8221;<\/h3>\n\n\n\n<p>Este mito contiene una verdad parcial que lo hace especialmente enga\u00f1oso. S\u00ed, las hormonas juegan un rol protag\u00f3nico. Pero de ah\u00ed a concluir que no hay nada que hacer hay un abismo.<\/p>\n\n\n\n<p>La <strong>ansiedad e insomnio en el embarazo<\/strong> que persiste m\u00e1s all\u00e1 de las primeras semanas del primer trimestre y que afecta significativamente tu funcionamiento diario <strong>no es un destino inevitable<\/strong>. Existen intervenciones psicol\u00f3gicas espec\u00edficas, adaptadas a la etapa gestacional, que han demostrado efectividad en la reducci\u00f3n de s\u00edntomas sin necesidad de medicaci\u00f3n.<\/p>\n\n\n\n<p>Adem\u00e1s, el &#8220;ya se te pasar\u00e1&#8221; ignora un dato cl\u00ednico relevante: la ansiedad gestacional no tratada es uno de los predictores m\u00e1s robustos de <strong>depresi\u00f3n posparto<\/strong>. No porque &#8220;cause&#8221; la depresi\u00f3n en un sentido lineal, sino porque una mujer que llega al parto agotada emocionalmente y con un d\u00e9ficit de sue\u00f1o cr\u00f3nico tiene menos recursos psicol\u00f3gicos para enfrentar las demandas del puerperio.<\/p>\n\n\n\n<h3 class=\"wp-block-heading has-large-font-size\">La cama que se convirti\u00f3 en un campo de batalla<\/h3>\n\n\n\n<p>Hablemos ahora de la experiencia concreta, sensorial, de intentar dormir cuando tu cuerpo y tu mente parecen haberse declarado la guerra.<\/p>\n\n\n\n<p>Son las once de la noche. Has hecho todo &#8220;correctamente&#8221;: te duchaste con agua tibia, tomaste una infusi\u00f3n de manzanilla, dejaste el celular en modo avi\u00f3n, le\u00edste tres p\u00e1ginas de un libro aburrido. Tu cuerpo est\u00e1 f\u00edsicamente agotado. Sientes el peso de la guata, el ardor del reflujo que sube por el es\u00f3fago, el dolor sordo en la cadera del lado sobre el que ya no puedes dormir.<\/p>\n\n\n\n<p>Te acomodaste de lado izquierdo \u2014como recomiendan todas las gu\u00edas\u2014 con un coj\u00edn entre las piernas y otro bajo el vientre. El ambiente es propicio. Pero tu <strong>corteza prefrontal<\/strong> no piensa apagarse.<\/p>\n\n\n\n<p>Primero viene el <strong>repaso mental de pendientes<\/strong>: la lista de cosas para la maleta de la cl\u00ednica, los ex\u00e1menes que faltan, el papeleo del posnatal en la inspecci\u00f3n del trabajo. Luego aparecen las <strong>rumiaciones catastr\u00f3ficas<\/strong>: &#8220;\u00bfY si el parto se complica?&#8221;, &#8220;\u00bfY si no s\u00e9 cuidarla?&#8221;, &#8220;\u00bfY si mi pareja y yo no volvemos a ser los mismos?&#8221;.<\/p>\n\n\n\n<p>Cuando finalmente logras acallar esa voz, aparece un nuevo enemigo: el <strong>silencio<\/strong>. Un silencio tan profundo que parad\u00f3jicamente te mantiene alerta. Escuchas tu propio coraz\u00f3n latiendo. Escuchas los ruidos de la noche amplificados. El vecino que tira la cadena del ba\u00f1o. El auto que pasa a lo lejos.<\/p>\n\n\n\n<p>Un movimiento que deber\u00eda ser reconfortante \u2014est\u00e1 viva, est\u00e1 bien\u2014 pero que en mitad de la noche se siente como un recordatorio de que ya no est\u00e1s sola en tu cuerpo. Que hay otro ser ah\u00ed dentro, dependiendo completamente de ti, y que esa responsabilidad no tiene pausa.<\/p>\n\n\n\n<h4 class=\"wp-block-heading has-medium-font-size\">Y as\u00ed pasan la horas<\/h4>\n\n\n\n<p>As\u00ed pasan las horas. Cuando el despertador suena a las seis y media, sientes que has corrido una marat\u00f3n sin moverte de la cama.<\/p>\n\n\n\n<p>Este escenario, repetido noche tras noche, constituye la <strong>tortura silenciosa<\/strong> de la ansiedad e insomnio en el embarazo. No es un problema menor. Es un <strong>desgaste acumulativo<\/strong> que afecta tu capacidad de concentraci\u00f3n durante el d\u00eda, tu estado de \u00e1nimo, tu paciencia y tu disfrute de una etapa que la sociedad insiste en pintar como &#8220;la m\u00e1s hermosa de la vida&#8221;.<\/p>\n\n\n\n<h2 class=\"wp-block-heading has-x-large-font-size\">Lo que tu cuerpo intenta decirte a trav\u00e9s de la vigilia<\/h2>\n\n\n\n<p>Desde una perspectiva evolutiva, el insomnio gestacional tiene un sentido profundo que rara vez se explica en los controles prenatales.<\/p>\n\n\n\n<p>Imagina a una mujer embarazada en el Pleistoceno. De noche, la tribu duerme. Pero ella no puede permitirse un sue\u00f1o demasiado profundo. Debe permanecer en un estado de <strong>vigilia ligera<\/strong> para detectar cualquier amenaza: un depredador que se acerca, un cambio en el clima, el inicio del trabajo de parto que podr\u00eda sorprenderla en el momento m\u00e1s vulnerable.<\/p>\n\n\n\n<p>Adem\u00e1s, esos despertares nocturnos cumpl\u00edan una funci\u00f3n preparatoria crucial: la <strong>simulaci\u00f3n mental de escenarios<\/strong>. El cerebro de la gestante repasa incansablemente posibles peligros y sus soluciones. &#8220;\u00bfD\u00f3nde est\u00e1 la salida de la cueva? \u00bfTengo suficiente agua cerca? \u00bfPodr\u00e9 proteger al reci\u00e9n nacido si aparece una serpiente?&#8221;.<\/p>\n\n\n\n<p>Este mecanismo, conocido como <strong>ensayo mental anticipatorio<\/strong>, fue seleccionado evolutivamente porque las madres que lo experimentaban estaban mejor preparadas para los desaf\u00edos reales de la maternidad temprana. Sobreviv\u00edan m\u00e1s. Transmit\u00edan esta caracter\u00edstica a su descendencia.<\/p>\n\n\n\n<p>Hoy no hay serpientes en tu pieza. No hay depredadores acechando en la oscuridad. Pero tu cerebro no ha recibido el memo evolutivo. Sigue ejecutando el mismo programa ancestral. Simplemente ha reemplazado los peligros de la sabana por peligros modernos: la ces\u00e1rea de emergencia, la lactancia que podr\u00eda no funcionar, la estabilidad econ\u00f3mica, la relaci\u00f3n de pareja.<\/p>\n\n\n\n<p>Entender esto no elimina el insomnio. Pero lo <strong>resignifica<\/strong>. Deja de ser una falla personal para convertirse en la manifestaci\u00f3n de un mecanismo biol\u00f3gico dise\u00f1ado para protegerte. La pregunta entonces no es &#8220;\u00bfqu\u00e9 est\u00e1 mal en m\u00ed?&#8221;, sino &#8220;\u00bfc\u00f3mo puedo dialogar con este mecanismo para que no se convierta en mi enemigo?&#8221;.<\/p>\n\n\n\n<h2 class=\"wp-block-heading has-x-large-font-size\">Estrategias para mejorar la ansiedad durante el embarazo<\/h2>\n\n\n\n<figure class=\"wp-block-image size-full\"><img loading=\"lazy\" decoding=\"async\" width=\"1280\" height=\"854\" src=\"https:\/\/fonasa.mindy.cl\/blog\/wp-content\/uploads\/2026\/04\/pexels-eduardo199o9-178988127-35804937.jpg\" alt=\"ansiedad e insomnio en el embarazo\" class=\"wp-image-2038\"\/><\/figure>\n\n\n\n<p>Mientras decides buscar apoyo profesional para abordar la ra\u00edz de tu <strong>ansiedad e insomnio en el embarazo<\/strong>, existen intervenciones de bajo riesgo que puedes implementar desde hoy mismo. No son soluciones m\u00e1gicas, pero la evidencia cl\u00ednica sugiere que, aplicadas consistentemente, pueden reducir significativamente la latencia del sue\u00f1o (el tiempo que tardas en dormirte) y mejorar la percepci\u00f3n subjetiva de descanso.<\/p>\n\n\n\n<h3 class=\"wp-block-heading has-large-font-size\">Cuatro ajustes ambientales con respaldo cient\u00edfico<\/h3>\n\n\n\n<ul>\n<li><strong>Control de la temperatura basal<\/strong>: Durante el embarazo, tu <strong>temperatura corporal central<\/strong> est\u00e1 elevada por efecto de la progesterona. Un dormitorio demasiado c\u00e1lido interfiere con la bajada natural de temperatura que el cerebro necesita para iniciar el sue\u00f1o. Mant\u00e9n la habitaci\u00f3n entre 18 y 20 grados Celsius. Si tu pareja se queja de fr\u00edo, que use m\u00e1s frazadas. Tu termorregulaci\u00f3n gestacional tiene prioridad.<\/li>\n\n\n\n<li><strong>Bloqueo de la luz azul dos horas antes de acostarte<\/strong>: La <strong>melatonina<\/strong>, la hormona que le dice a tu cerebro que es de noche, es especialmente sensible a la luz de pantallas. Durante el embarazo, los niveles basales de melatonina ya est\u00e1n alterados por los cambios hormonales. Exponerte a luz azul nocturna es como echarle bencina a una fogata que quieres apagar. Si necesitas leer, usa un libro f\u00edsico con luz c\u00e1lida tenue.<\/li>\n\n\n\n<li><strong>Fragmentaci\u00f3n intencional del descanso diurno<\/strong>: Contraintuitivamente, una siesta larga por la tarde empeora el insomnio nocturno. Pero una <strong>microsiesta controlada<\/strong> de quince a veinte minutos antes de las cuatro de la tarde puede reducir los niveles de cortisol sin interferir con el sue\u00f1o nocturno. Programa una alarma y resp\u00e9tala.<\/li>\n\n\n\n<li><strong>Reubicaci\u00f3n del reloj<\/strong>: No tener un reloj visible desde la cama. Ver pasar los minutos \u2014&#8221;son las dos y diez, ahora las dos y cuarenta y cinco, ahora las tres y veinte&#8221;\u2014 activa la <strong>rumiaci\u00f3n temporal<\/strong> y eleva el cortisol. Guarda el celular en un caj\u00f3n o volt\u00e9alo boca abajo. No necesitas saber qu\u00e9 hora es. Necesitas dormir.<\/li>\n<\/ul>\n\n\n\n<h3 class=\"wp-block-heading has-large-font-size\">Tres t\u00e9cnicas psicol\u00f3gicas para interrumpir el bucle mental<\/h3>\n\n\n\n<ol>\n<li><strong>La t\u00e9cnica de la &#8220;preocupaci\u00f3n programada&#8221;<\/strong>: Reserva veinte minutos al final de la tarde \u2014no en la cama, nunca en la cama\u2014 para escribir todas las preocupaciones que te asaltan de noche. Usa papel y l\u00e1piz. Escribe sin filtro. Luego cierra el cuaderno y d\u00e9jalo f\u00edsicamente en otra habitaci\u00f3n. Le est\u00e1s diciendo a tu cerebro: &#8220;Esto est\u00e1 anotado, no se me va a olvidar, puedo ocuparme ma\u00f1ana&#8221;. La investigaci\u00f3n indica que este simple ritual reduce la <strong>activaci\u00f3n simp\u00e1tica nocturna<\/strong>.<\/li>\n\n\n\n<li><strong>La respiraci\u00f3n 4-7-8 adaptada al embarazo<\/strong>: Inhala por la nariz contando mentalmente hasta cuatro. Ret\u00e9n el aire contando hasta siete. Exhala lentamente por la boca contando hasta ocho. La exhalaci\u00f3n prolongada activa el <strong>nervio vago<\/strong> en su rama parasimp\u00e1tica, la responsable de la respuesta de relajaci\u00f3n. Haz solo cuatro ciclos. M\u00e1s puede generar hiperventilaci\u00f3n en algunas embarazadas.<\/li>\n\n\n\n<li><strong>El reencuadre cognitivo del despertar<\/strong>: Cuando inevitablemente te despiertes a las tres de la ma\u00f1ana, en lugar de pensar &#8220;otra vez no puedo dormir, ma\u00f1ana voy a estar agotada&#8221;, prueba con: &#8220;Mi cerebro est\u00e1 haciendo su trabajo ancestral de protegerme. Ya estoy a salvo. Puedo descansar aunque no est\u00e9 completamente dormida&#8221;. Este cambio de narrativa reduce la <strong>activaci\u00f3n emocional secundaria<\/strong> que es la que realmente perpet\u00faa el insomnio.<\/li>\n<\/ol>\n\n\n\n<h2 class=\"wp-block-heading has-large-font-size\">Cuando la ansiedad ya no es solo &#8220;nervios normales&#8221;<\/h2>\n\n\n\n<p>Existe una l\u00ednea difusa entre la preocupaci\u00f3n esperable del embarazo y un cuadro cl\u00ednico que amerita atenci\u00f3n especializada. Conocer esa l\u00ednea te permite tomar decisiones informadas.<\/p>\n\n\n\n<h2 class=\"wp-block-heading has-x-large-font-size\">Se\u00f1ales que sugieren buscar apoyo profesional<\/h2>\n\n\n\n<p>La <strong>ansiedad e insomnio en el embarazo<\/strong> alcanza un umbral cl\u00ednico cuando:<\/p>\n\n\n\n<ul>\n<li>Llevas m\u00e1s de <strong>tres semanas<\/strong> durmiendo menos de cinco horas por noche de manera consistente, a pesar de intentar las medidas de higiene del sue\u00f1o.<\/li>\n\n\n\n<li>Los pensamientos ansiosos ocupan m\u00e1s de <strong>la mitad de tus horas de vigilia<\/strong>. No solo aparecen de noche; est\u00e1n presentes durante el d\u00eda, interfiriendo con tu capacidad de trabajar, disfrutar o conectar con otros.<\/li>\n\n\n\n<li>Experimentas <strong>s\u00edntomas f\u00edsicos persistentes<\/strong> que no se explican por el embarazo mismo: palpitaciones que duran minutos, sensaci\u00f3n de falta de aire en reposo, tensi\u00f3n muscular que no cede con estiramientos suaves.<\/li>\n\n\n\n<li>Desarrollas <strong>conductas de evitaci\u00f3n<\/strong>: dejas de salir, cancelas controles prenatales por miedo a lo que puedan encontrar, evitas hablar del parto o de la crianza.<\/li>\n\n\n\n<li>Aparecen <strong>pensamientos intrusivos<\/strong> de contenido catastr\u00f3fico que te generan mucha angustia. Es importante distinguirlos: son pensamientos no deseados que irrumpen en tu mente (ej. la imagen repentina de que algo malo le pasa a la guagua), no deseos ni intenciones reales. Son extraordinariamente comunes y tratables, pero generan mucha culpa si no se comprenden.<\/li>\n<\/ul>\n\n\n\n<p>La investigaci\u00f3n psicol\u00f3gica indica que la terapia cognitivo-conductual adaptada al per\u00edodo perinatal es altamente efectiva para estos cuadros, con la ventaja de ser una intervenci\u00f3n <strong>no farmacol\u00f3gica<\/strong> que no conlleva riesgos para el desarrollo fetal.<\/p>\n\n\n\n<h3 class=\"wp-block-heading has-large-font-size\">El v\u00ednculo que empieza antes del nacimiento<\/h3>\n\n\n\n<p>Un aspecto poco explorado de la <strong>ansiedad e insomnio en el embarazo<\/strong> es c\u00f3mo afecta la construcci\u00f3n del <strong>v\u00ednculo prenatal<\/strong>.<\/p>\n\n\n\n<p>Durante las horas de vigilia nocturna, muchas mujeres experimentan una paradoja emocional: por un lado, la frustraci\u00f3n y el agotamiento de no poder dormir; por otro, una extra\u00f1a intimidad con el ser que llevan dentro. En el silencio de la madrugada, cuando el mundo exterior desaparece, algunas sienten por primera vez una conexi\u00f3n profunda con su beb\u00e9.<\/p>\n\n\n\n<p>Este fen\u00f3meno tiene un correlato neurobiol\u00f3gico. La <strong>oxitocina<\/strong> \u2014la hormona del v\u00ednculo\u2014 comienza a liberarse en pulsos durante la gestaci\u00f3n tard\u00eda, especialmente en momentos de quietud y contacto interno. Los movimientos fetales que tanto te desvelan son tambi\u00e9n la forma en que tu beb\u00e9 te dice &#8220;estoy aqu\u00ed, estoy creciendo, estoy bien&#8221;.<\/p>\n\n\n\n<p>Reconocer esta dualidad \u2014el insomnio como tormento y como oportunidad de conexi\u00f3n\u2014 no elimina el cansancio. Pero puede ayudarte a transitar esas horas con menos resistencia y m\u00e1s presencia. No se trata de &#8220;aprovechar&#8221; el insomnio. Se trata de <strong>dejar de pelearlo<\/strong>.<\/p>\n\n\n\n<p>Cuando dejas de luchar contra la vigilia, algo curioso sucede: el sistema nervioso simp\u00e1tico \u2014el acelerador\u2014 reduce su activaci\u00f3n. La cama deja de ser un campo de batalla. Y aunque no duermas profundamente, experimentas un <strong>descanso vigilante<\/strong> que es menos desgastante que la lucha constante.<\/p>\n\n\n\n<h2 class=\"wp-block-heading has-x-large-font-size\">Fonasa Mindy: Un espacio para respirar antes de que nazca todo<\/h2>\n\n\n\n<p>Has llegado hasta aqu\u00ed con una pregunta impl\u00edcita: \u00bfexiste ayuda profesional accesible para esta tormenta perfecta de <strong>ansiedad e insomnio en el embarazo<\/strong>?<\/p>\n\n\n\n<p>La respuesta es s\u00ed. Y no requiere que te desplaces por Santiago con tu guata de ocho meses, que pagues precios inalcanzables o que esperes meses en una lista.<\/p>\n\n\n\n<p><strong>Fonasa Mindy<\/strong> ofrece atenci\u00f3n psicol\u00f3gica online con profesionales especializados en salud mental perinatal, utilizando el convenio Fonasa que ya te descuentan mensualmente. Esto significa que puedes acceder a terapia de calidad pagando seg\u00fan tu tramo, sin tr\u00e1mites engorrosos de reembolso.<\/p>\n\n\n\n<h3 class=\"wp-block-heading has-large-font-size\">\u00bfPor qu\u00e9 la modalidad online es especialmente valiosa durante la gestaci\u00f3n?<\/h3>\n\n\n\n<p>La atenci\u00f3n remota tiene ventajas espec\u00edficas para embarazadas que enfrentan esta combinaci\u00f3n de ansiedad e insomnio:<\/p>\n\n\n\n<ul>\n<li><strong>Elimina el desplazamiento<\/strong>: Cuando est\u00e1s en el tercer trimestre, subirte a un auto o al transporte p\u00fablico para ir a una consulta presencial es un esfuerzo considerable. La terapia online te permite recibir ayuda profesional desde tu cama, tu sill\u00f3n favorito o donde te sientas m\u00e1s c\u00f3moda.<\/li>\n\n\n\n<li><strong>Horarios adaptados a tu ritmo<\/strong>: Si tu insomnio te tiene funcionando en horarios extra\u00f1os, puedes encontrar profesionales con disponibilidad en franjas poco convencionales, incluyendo primeras horas de la ma\u00f1ana o \u00faltimas de la tarde-noche.<\/li>\n\n\n\n<li><strong>Continuidad asegurada<\/strong>: Una vez que nazca tu beb\u00e9, no tendr\u00e1s que interrumpir tu proceso terap\u00e9utico para buscar un nuevo profesional. Puedes continuar tus sesiones desde casa durante el posparto, cuando el apoyo psicol\u00f3gico es m\u00e1s crucial que nunca.<\/li>\n\n\n\n<li><strong>Especializaci\u00f3n real<\/strong>: La plataforma te permite filtrar espec\u00edficamente por profesionales con formaci\u00f3n en <strong>psicolog\u00eda perinatal<\/strong>, un campo que requiere conocimientos espec\u00edficos sobre los cambios emocionales, hormonales y vitales de esta etapa.<\/li>\n<\/ul>\n\n\n\n<p>El proceso para comenzar es simple: ingresas a <strong><a href=\"https:\/\/www.mindy.cl\/psicologos-online-mindy\/?service=79\" target=\"_blank\" rel=\"noreferrer noopener\">Psic\u00f3logos online Fonasa Mindy<\/a><\/strong>, revisas los perfiles profesionales, agendas tu primera sesi\u00f3n y te conectas a la hora acordada. Pagas con tu tramo Fonasa y punto. Sin papeleos. Sin vueltas.<\/p>\n\n\n\n<h3 class=\"wp-block-heading has-large-font-size\">La maternidad que mereces transitar<\/h3>\n\n\n\n<p>Durante demasiado tiempo, el malestar emocional durante el embarazo ha sido minimizado, patologizado o simplemente ignorado bajo el manto del &#8220;son las hormonas&#8221;. Las mujeres han atravesado esta etapa en silencio, sinti\u00e9ndose ingratas por no disfrutar lo que supuestamente deber\u00eda ser el per\u00edodo m\u00e1s feliz de sus vidas.<\/p>\n\n\n\n<p>Pero t\u00fa tienes derecho a nombrar tu experiencia con honestidad. Tienes derecho a decir &#8220;esto es m\u00e1s dif\u00edcil de lo que imagin\u00e9&#8221; sin que te respondan con un &#8220;aprovecha ahora que despu\u00e9s es peor&#8221;. Tienes derecho a buscar ayuda para la <strong>ansiedad e insomnio en el embarazo<\/strong> sin sentir que est\u00e1s fallando como futura madre.<\/p>\n\n\n\n<p>La maternidad que te mereces no es una maternidad idealizada de revista. Es una maternidad real, con sus luces y sus sombras, transitada con las herramientas y el apoyo necesarios para que el cansancio no opaque la posibilidad de encuentro con tu beb\u00e9 y contigo misma.<\/p>\n\n\n\n<p>Ese apoyo existe. Es accesible. Est\u00e1 a una videollamada de distancia.<\/p>\n\n\n\n<p>Conoce m\u00e1s sobre la atenci\u00f3n psicol\u00f3gica online para embarazadas en <strong><strong><a href=\"http:\/\/fonasa.mindy.cl\">Fonasa Mindy<\/a><\/strong><\/strong> y explora los perfiles de profesionales especializados en salud mental perinatal en <strong><a href=\"http:\/\/mindy.cl\">Mindy<\/a><\/strong>.<\/p>\n\n\n\n<p>Porque tu bienestar emocional no es un lujo pospuesto para despu\u00e9s del parto. Es una necesidad presente que merece ser atendida ahora. Por ti. tu beb\u00e9. y la maternidad que quieres construir.<\/p>\n\n\n\n<h2 class=\"wp-block-heading has-x-large-font-size\">Encuentra la terapia para la ansiedad adecuada para ti con este breve test<\/h2>\n\n\n\n<p>No todos los procesos terap\u00e9uticos son iguales. Para recibir la atenci\u00f3n que realmente necesitas, es fundamental evaluar tu estado actual. Te invitamos a completar nuestro <strong>diagn\u00f3stico preliminar de ansiedad<\/strong> para orientar tu b\u00fasqueda de apoyo psicol\u00f3gico de manera efectiva y accesible. <\/p>\n\n\n\n<p>\ud83d\udc49 <a href=\"https:\/\/form.typeform.com\/to\/nF2A9qZT\" target=\"_blank\" rel=\"noreferrer noopener\"><strong>Accede al Quiz aqu\u00ed<\/strong><\/a><\/p>\n","protected":false},"excerpt":{"rendered":"<p>Son las tres y diecisiete de la madrugada. La pantalla del celular ilumina tu rostro mientras buscas por quinta vez la misma pregunta en Google: &#8220;\u00bfes normal no poder dormir en el embarazo?&#8221;. Afuera, la ciudad duerme. Tu pareja respira profundamente a tu lado, ajeno a la batalla silenciosa que se libra en tu cabeza. [&hellip;]<\/p>\n","protected":false},"author":3,"featured_media":2036,"comment_status":"closed","ping_status":"closed","sticky":false,"template":"","format":"standard","meta":{"footnotes":""},"categories":[274],"tags":[],"yoast_head":"<!-- This site is optimized with the Yoast SEO plugin v23.0 - https:\/\/yoast.com\/wordpress\/plugins\/seo\/ -->\n<title>Ansiedad e insomnio en el embarazo<\/title>\n<meta name=\"description\" content=\"\u00bfAnsiedad e insomnio en el embarazo? Descubre por qu\u00e9 ocurre esta combinaci\u00f3n y c\u00f3mo encontrar alivio sin medicaci\u00f3n innecesaria.\" \/>\n<meta name=\"robots\" content=\"index, follow, max-snippet:-1, max-image-preview:large, max-video-preview:-1\" \/>\n<link rel=\"canonical\" href=\"https:\/\/fonasa.mindy.cl\/blog\/ansiedad-e-insomnio-en-el-embarazo\/\" \/>\n<meta property=\"og:locale\" content=\"es_ES\" \/>\n<meta property=\"og:type\" content=\"article\" \/>\n<meta property=\"og:title\" content=\"Ansiedad e insomnio en el embarazo\" \/>\n<meta property=\"og:description\" content=\"\u00bfAnsiedad e insomnio en el embarazo? Descubre por qu\u00e9 ocurre esta combinaci\u00f3n y c\u00f3mo encontrar alivio sin medicaci\u00f3n innecesaria.\" \/>\n<meta property=\"og:url\" content=\"https:\/\/fonasa.mindy.cl\/blog\/ansiedad-e-insomnio-en-el-embarazo\/\" \/>\n<meta property=\"og:site_name\" content=\"Mindy Fonasa Blog\" \/>\n<meta property=\"article:published_time\" content=\"2026-04-22T19:48:55+00:00\" \/>\n<meta property=\"article:modified_time\" content=\"2026-04-22T19:59:47+00:00\" \/>\n<meta property=\"og:image\" content=\"https:\/\/fonasa.mindy.cl\/blog\/wp-content\/uploads\/2026\/04\/pexels-cottonbro-6951518.jpg\" \/>\n\t<meta property=\"og:image:width\" content=\"1280\" \/>\n\t<meta property=\"og:image:height\" content=\"1920\" \/>\n\t<meta property=\"og:image:type\" content=\"image\/jpeg\" \/>\n<meta name=\"author\" content=\"estrategamkd@gmail.com\" \/>\n<meta name=\"twitter:card\" content=\"summary_large_image\" \/>\n<meta name=\"twitter:label1\" content=\"Written by\" \/>\n\t<meta name=\"twitter:data1\" content=\"estrategamkd@gmail.com\" \/>\n\t<meta name=\"twitter:label2\" content=\"Est. reading time\" \/>\n\t<meta name=\"twitter:data2\" content=\"19 minutos\" \/>\n<script type=\"application\/ld+json\" class=\"yoast-schema-graph\">{\"@context\":\"https:\/\/schema.org\",\"@graph\":[{\"@type\":\"Article\",\"@id\":\"https:\/\/fonasa.mindy.cl\/blog\/ansiedad-e-insomnio-en-el-embarazo\/#article\",\"isPartOf\":{\"@id\":\"https:\/\/fonasa.mindy.cl\/blog\/ansiedad-e-insomnio-en-el-embarazo\/\"},\"author\":{\"name\":\"estrategamkd@gmail.com\",\"@id\":\"https:\/\/fonasa.mindy.cl\/blog\/#\/schema\/person\/fa87761528fa733079f7f77181252f28\"},\"headline\":\"Ansiedad e insomnio en el embarazo\",\"datePublished\":\"2026-04-22T19:48:55+00:00\",\"dateModified\":\"2026-04-22T19:59:47+00:00\",\"mainEntityOfPage\":{\"@id\":\"https:\/\/fonasa.mindy.cl\/blog\/ansiedad-e-insomnio-en-el-embarazo\/\"},\"wordCount\":4235,\"publisher\":{\"@id\":\"https:\/\/fonasa.mindy.cl\/blog\/#organization\"},\"image\":{\"@id\":\"https:\/\/fonasa.mindy.cl\/blog\/ansiedad-e-insomnio-en-el-embarazo\/#primaryimage\"},\"thumbnailUrl\":\"https:\/\/fonasa.mindy.cl\/blog\/wp-content\/uploads\/2026\/04\/pexels-cottonbro-6951518.jpg\",\"articleSection\":[\"Ansiedad\"],\"inLanguage\":\"es-CL\"},{\"@type\":\"WebPage\",\"@id\":\"https:\/\/fonasa.mindy.cl\/blog\/ansiedad-e-insomnio-en-el-embarazo\/\",\"url\":\"https:\/\/fonasa.mindy.cl\/blog\/ansiedad-e-insomnio-en-el-embarazo\/\",\"name\":\"Ansiedad e insomnio en el embarazo\",\"isPartOf\":{\"@id\":\"https:\/\/fonasa.mindy.cl\/blog\/#website\"},\"primaryImageOfPage\":{\"@id\":\"https:\/\/fonasa.mindy.cl\/blog\/ansiedad-e-insomnio-en-el-embarazo\/#primaryimage\"},\"image\":{\"@id\":\"https:\/\/fonasa.mindy.cl\/blog\/ansiedad-e-insomnio-en-el-embarazo\/#primaryimage\"},\"thumbnailUrl\":\"https:\/\/fonasa.mindy.cl\/blog\/wp-content\/uploads\/2026\/04\/pexels-cottonbro-6951518.jpg\",\"datePublished\":\"2026-04-22T19:48:55+00:00\",\"dateModified\":\"2026-04-22T19:59:47+00:00\",\"description\":\"\u00bfAnsiedad e insomnio en el embarazo? Descubre por qu\u00e9 ocurre esta combinaci\u00f3n y c\u00f3mo encontrar alivio sin medicaci\u00f3n innecesaria.\",\"breadcrumb\":{\"@id\":\"https:\/\/fonasa.mindy.cl\/blog\/ansiedad-e-insomnio-en-el-embarazo\/#breadcrumb\"},\"inLanguage\":\"es-CL\",\"potentialAction\":[{\"@type\":\"ReadAction\",\"target\":[\"https:\/\/fonasa.mindy.cl\/blog\/ansiedad-e-insomnio-en-el-embarazo\/\"]}]},{\"@type\":\"ImageObject\",\"inLanguage\":\"es-CL\",\"@id\":\"https:\/\/fonasa.mindy.cl\/blog\/ansiedad-e-insomnio-en-el-embarazo\/#primaryimage\",\"url\":\"https:\/\/fonasa.mindy.cl\/blog\/wp-content\/uploads\/2026\/04\/pexels-cottonbro-6951518.jpg\",\"contentUrl\":\"https:\/\/fonasa.mindy.cl\/blog\/wp-content\/uploads\/2026\/04\/pexels-cottonbro-6951518.jpg\",\"width\":1280,\"height\":1920,\"caption\":\"ansiedad e insomnio en el embarazo\"},{\"@type\":\"BreadcrumbList\",\"@id\":\"https:\/\/fonasa.mindy.cl\/blog\/ansiedad-e-insomnio-en-el-embarazo\/#breadcrumb\",\"itemListElement\":[{\"@type\":\"ListItem\",\"position\":1,\"name\":\"Home\",\"item\":\"https:\/\/fonasa.mindy.cl\/blog\/\"},{\"@type\":\"ListItem\",\"position\":2,\"name\":\"Ansiedad e insomnio en el embarazo\"}]},{\"@type\":\"WebSite\",\"@id\":\"https:\/\/fonasa.mindy.cl\/blog\/#website\",\"url\":\"https:\/\/fonasa.mindy.cl\/blog\/\",\"name\":\"Mindy Fonasa Blog\",\"description\":\"Un blog de salud mental\",\"publisher\":{\"@id\":\"https:\/\/fonasa.mindy.cl\/blog\/#organization\"},\"potentialAction\":[{\"@type\":\"SearchAction\",\"target\":{\"@type\":\"EntryPoint\",\"urlTemplate\":\"https:\/\/fonasa.mindy.cl\/blog\/?s={search_term_string}\"},\"query-input\":\"required name=search_term_string\"}],\"inLanguage\":\"es-CL\"},{\"@type\":\"Organization\",\"@id\":\"https:\/\/fonasa.mindy.cl\/blog\/#organization\",\"name\":\"Mindy Fonasa Blog\",\"url\":\"https:\/\/fonasa.mindy.cl\/blog\/\",\"logo\":{\"@type\":\"ImageObject\",\"inLanguage\":\"es-CL\",\"@id\":\"https:\/\/fonasa.mindy.cl\/blog\/#\/schema\/logo\/image\/\",\"url\":\"https:\/\/fonasa.mindy.cl\/blog\/wp-content\/uploads\/2024\/07\/logo_cuadrado.png\",\"contentUrl\":\"https:\/\/fonasa.mindy.cl\/blog\/wp-content\/uploads\/2024\/07\/logo_cuadrado.png\",\"width\":300,\"height\":300,\"caption\":\"Mindy Fonasa Blog\"},\"image\":{\"@id\":\"https:\/\/fonasa.mindy.cl\/blog\/#\/schema\/logo\/image\/\"}},{\"@type\":\"Person\",\"@id\":\"https:\/\/fonasa.mindy.cl\/blog\/#\/schema\/person\/fa87761528fa733079f7f77181252f28\",\"name\":\"estrategamkd@gmail.com\",\"url\":\"https:\/\/fonasa.mindy.cl\/blog\/author\/estrategamkdgmail-com\/\"}]}<\/script>\n<!-- \/ Yoast SEO plugin. -->","yoast_head_json":{"title":"Ansiedad e insomnio en el embarazo","description":"\u00bfAnsiedad e insomnio en el embarazo? Descubre por qu\u00e9 ocurre esta combinaci\u00f3n y c\u00f3mo encontrar alivio sin medicaci\u00f3n innecesaria.","robots":{"index":"index","follow":"follow","max-snippet":"max-snippet:-1","max-image-preview":"max-image-preview:large","max-video-preview":"max-video-preview:-1"},"canonical":"https:\/\/fonasa.mindy.cl\/blog\/ansiedad-e-insomnio-en-el-embarazo\/","og_locale":"es_ES","og_type":"article","og_title":"Ansiedad e insomnio en el embarazo","og_description":"\u00bfAnsiedad e insomnio en el embarazo? Descubre por qu\u00e9 ocurre esta combinaci\u00f3n y c\u00f3mo encontrar alivio sin medicaci\u00f3n innecesaria.","og_url":"https:\/\/fonasa.mindy.cl\/blog\/ansiedad-e-insomnio-en-el-embarazo\/","og_site_name":"Mindy Fonasa Blog","article_published_time":"2026-04-22T19:48:55+00:00","article_modified_time":"2026-04-22T19:59:47+00:00","og_image":[{"width":1280,"height":1920,"url":"https:\/\/fonasa.mindy.cl\/blog\/wp-content\/uploads\/2026\/04\/pexels-cottonbro-6951518.jpg","type":"image\/jpeg"}],"author":"estrategamkd@gmail.com","twitter_card":"summary_large_image","twitter_misc":{"Written by":"estrategamkd@gmail.com","Est. reading time":"19 minutos"},"schema":{"@context":"https:\/\/schema.org","@graph":[{"@type":"Article","@id":"https:\/\/fonasa.mindy.cl\/blog\/ansiedad-e-insomnio-en-el-embarazo\/#article","isPartOf":{"@id":"https:\/\/fonasa.mindy.cl\/blog\/ansiedad-e-insomnio-en-el-embarazo\/"},"author":{"name":"estrategamkd@gmail.com","@id":"https:\/\/fonasa.mindy.cl\/blog\/#\/schema\/person\/fa87761528fa733079f7f77181252f28"},"headline":"Ansiedad e insomnio en el embarazo","datePublished":"2026-04-22T19:48:55+00:00","dateModified":"2026-04-22T19:59:47+00:00","mainEntityOfPage":{"@id":"https:\/\/fonasa.mindy.cl\/blog\/ansiedad-e-insomnio-en-el-embarazo\/"},"wordCount":4235,"publisher":{"@id":"https:\/\/fonasa.mindy.cl\/blog\/#organization"},"image":{"@id":"https:\/\/fonasa.mindy.cl\/blog\/ansiedad-e-insomnio-en-el-embarazo\/#primaryimage"},"thumbnailUrl":"https:\/\/fonasa.mindy.cl\/blog\/wp-content\/uploads\/2026\/04\/pexels-cottonbro-6951518.jpg","articleSection":["Ansiedad"],"inLanguage":"es-CL"},{"@type":"WebPage","@id":"https:\/\/fonasa.mindy.cl\/blog\/ansiedad-e-insomnio-en-el-embarazo\/","url":"https:\/\/fonasa.mindy.cl\/blog\/ansiedad-e-insomnio-en-el-embarazo\/","name":"Ansiedad e insomnio en el embarazo","isPartOf":{"@id":"https:\/\/fonasa.mindy.cl\/blog\/#website"},"primaryImageOfPage":{"@id":"https:\/\/fonasa.mindy.cl\/blog\/ansiedad-e-insomnio-en-el-embarazo\/#primaryimage"},"image":{"@id":"https:\/\/fonasa.mindy.cl\/blog\/ansiedad-e-insomnio-en-el-embarazo\/#primaryimage"},"thumbnailUrl":"https:\/\/fonasa.mindy.cl\/blog\/wp-content\/uploads\/2026\/04\/pexels-cottonbro-6951518.jpg","datePublished":"2026-04-22T19:48:55+00:00","dateModified":"2026-04-22T19:59:47+00:00","description":"\u00bfAnsiedad e insomnio en el embarazo? Descubre por qu\u00e9 ocurre esta combinaci\u00f3n y c\u00f3mo encontrar alivio sin medicaci\u00f3n innecesaria.","breadcrumb":{"@id":"https:\/\/fonasa.mindy.cl\/blog\/ansiedad-e-insomnio-en-el-embarazo\/#breadcrumb"},"inLanguage":"es-CL","potentialAction":[{"@type":"ReadAction","target":["https:\/\/fonasa.mindy.cl\/blog\/ansiedad-e-insomnio-en-el-embarazo\/"]}]},{"@type":"ImageObject","inLanguage":"es-CL","@id":"https:\/\/fonasa.mindy.cl\/blog\/ansiedad-e-insomnio-en-el-embarazo\/#primaryimage","url":"https:\/\/fonasa.mindy.cl\/blog\/wp-content\/uploads\/2026\/04\/pexels-cottonbro-6951518.jpg","contentUrl":"https:\/\/fonasa.mindy.cl\/blog\/wp-content\/uploads\/2026\/04\/pexels-cottonbro-6951518.jpg","width":1280,"height":1920,"caption":"ansiedad e insomnio en el embarazo"},{"@type":"BreadcrumbList","@id":"https:\/\/fonasa.mindy.cl\/blog\/ansiedad-e-insomnio-en-el-embarazo\/#breadcrumb","itemListElement":[{"@type":"ListItem","position":1,"name":"Home","item":"https:\/\/fonasa.mindy.cl\/blog\/"},{"@type":"ListItem","position":2,"name":"Ansiedad e insomnio en el embarazo"}]},{"@type":"WebSite","@id":"https:\/\/fonasa.mindy.cl\/blog\/#website","url":"https:\/\/fonasa.mindy.cl\/blog\/","name":"Mindy Fonasa Blog","description":"Un blog de salud mental","publisher":{"@id":"https:\/\/fonasa.mindy.cl\/blog\/#organization"},"potentialAction":[{"@type":"SearchAction","target":{"@type":"EntryPoint","urlTemplate":"https:\/\/fonasa.mindy.cl\/blog\/?s={search_term_string}"},"query-input":"required name=search_term_string"}],"inLanguage":"es-CL"},{"@type":"Organization","@id":"https:\/\/fonasa.mindy.cl\/blog\/#organization","name":"Mindy Fonasa Blog","url":"https:\/\/fonasa.mindy.cl\/blog\/","logo":{"@type":"ImageObject","inLanguage":"es-CL","@id":"https:\/\/fonasa.mindy.cl\/blog\/#\/schema\/logo\/image\/","url":"https:\/\/fonasa.mindy.cl\/blog\/wp-content\/uploads\/2024\/07\/logo_cuadrado.png","contentUrl":"https:\/\/fonasa.mindy.cl\/blog\/wp-content\/uploads\/2024\/07\/logo_cuadrado.png","width":300,"height":300,"caption":"Mindy Fonasa Blog"},"image":{"@id":"https:\/\/fonasa.mindy.cl\/blog\/#\/schema\/logo\/image\/"}},{"@type":"Person","@id":"https:\/\/fonasa.mindy.cl\/blog\/#\/schema\/person\/fa87761528fa733079f7f77181252f28","name":"estrategamkd@gmail.com","url":"https:\/\/fonasa.mindy.cl\/blog\/author\/estrategamkdgmail-com\/"}]}},"_links":{"self":[{"href":"https:\/\/fonasa.mindy.cl\/blog\/wp-json\/wp\/v2\/posts\/2034"}],"collection":[{"href":"https:\/\/fonasa.mindy.cl\/blog\/wp-json\/wp\/v2\/posts"}],"about":[{"href":"https:\/\/fonasa.mindy.cl\/blog\/wp-json\/wp\/v2\/types\/post"}],"author":[{"embeddable":true,"href":"https:\/\/fonasa.mindy.cl\/blog\/wp-json\/wp\/v2\/users\/3"}],"replies":[{"embeddable":true,"href":"https:\/\/fonasa.mindy.cl\/blog\/wp-json\/wp\/v2\/comments?post=2034"}],"version-history":[{"count":6,"href":"https:\/\/fonasa.mindy.cl\/blog\/wp-json\/wp\/v2\/posts\/2034\/revisions"}],"predecessor-version":[{"id":2049,"href":"https:\/\/fonasa.mindy.cl\/blog\/wp-json\/wp\/v2\/posts\/2034\/revisions\/2049"}],"wp:featuredmedia":[{"embeddable":true,"href":"https:\/\/fonasa.mindy.cl\/blog\/wp-json\/wp\/v2\/media\/2036"}],"wp:attachment":[{"href":"https:\/\/fonasa.mindy.cl\/blog\/wp-json\/wp\/v2\/media?parent=2034"}],"wp:term":[{"taxonomy":"category","embeddable":true,"href":"https:\/\/fonasa.mindy.cl\/blog\/wp-json\/wp\/v2\/categories?post=2034"},{"taxonomy":"post_tag","embeddable":true,"href":"https:\/\/fonasa.mindy.cl\/blog\/wp-json\/wp\/v2\/tags?post=2034"}],"curies":[{"name":"wp","href":"https:\/\/api.w.org\/{rel}","templated":true}]}}