{"id":1951,"date":"2026-04-21T18:17:07","date_gmt":"2026-04-21T22:17:07","guid":{"rendered":"https:\/\/fonasa.mindy.cl\/blog\/?p=1951"},"modified":"2026-04-21T18:24:27","modified_gmt":"2026-04-21T22:24:27","slug":"como-es-el-vertigo-por-estres","status":"publish","type":"post","link":"https:\/\/fonasa.mindy.cl\/blog\/como-es-el-vertigo-por-estres\/","title":{"rendered":"C\u00f3mo es el v\u00e9rtigo por estr\u00e9s: El equilibrio perdido en la tormenta"},"content":{"rendered":"\n<p>Est\u00e1s sentado frente a tu escritorio, la luz de la pantalla parece m\u00e1s brillante de lo habitual y, de repente, el suelo se inclina. No es un terremoto, aunque tu cuerpo jure que s\u00ed. Sientes que el espacio a tu alrededor se desplaza, una n\u00e1usea ligera sube por tu garganta y el coraz\u00f3n se acelera. Esta sensaci\u00f3n de inestabilidad, a menudo descrita como si caminaras sobre nubes o en la cubierta de un barco, es lo que conocemos como <strong>v\u00e9rtigo por estr\u00e9s<\/strong>, una respuesta som\u00e1tica potente que nos indica que nuestra capacidad de procesar la presi\u00f3n externa ha sido superada.<\/p>\n\n\n\n<p>En este art\u00edculo, vamos a desentra\u00f1ar qu\u00e9 sucede realmente en tu organismo cuando el equilibrio se rompe. No nos quedaremos solo en la superficie; exploraremos la conexi\u00f3n \u00edntima entre tus o\u00eddos, tu cerebro y tus emociones. Analizaremos c\u00f3mo la cultura de la inmediatez en Chile alimenta este s\u00edntoma y, lo m\u00e1s importante, descubrir\u00e1s por qu\u00e9 la psicoterapia es la herramienta definitiva para recuperar la estabilidad. Prep\u00e1rate para entender que este mareo no es un fallo de tu cuerpo, sino un mensaje urgente que aprenderemos a descodificar juntos.<\/p>\n\n\n\n<h2 class=\"wp-block-heading has-x-large-font-size\">El &#8220;D\u00eda a D\u00eda&#8221;: Cuando la rutina comienza a tambalearse por estr\u00e9s <\/h2>\n\n\n\n<p>Imagina a una persona cualquiera en su jornada habitual. Pongamos por caso a alguien que trabaja en el sector servicios en una ciudad agitada. Su ma\u00f1ana comienza con el sonido estridente de la alarma, seguido de una revisi\u00f3n r\u00e1pida de correos electr\u00f3nicos mientras el caf\u00e9 a\u00fan se cuela. Hay una presi\u00f3n constante por cumplir, por llegar a tiempo, por ser productivo. Es en este escenario de <strong>hiperalerta<\/strong> donde el sistema nervioso empieza a tejer una red de tensi\u00f3n que, eventualmente, se manifiesta f\u00edsicamente.<\/p>\n\n\n\n<p>El momento exacto en que el <strong>v\u00e9rtigo por estr\u00e9s<\/strong> decide hacer su aparici\u00f3n suele ser en un instante de pausa o, parad\u00f3jicamente, en el pico m\u00e1ximo de exigencia. De pronto, al girar la cabeza para hablar con un colega o al levantarte de la silla, el mundo se desajusta. No es un dolor punzante, es una p\u00e9rdida de la <strong>referencia espacial<\/strong>. Esta experiencia cotidiana genera un miedo profundo: el temor a desmayarse en p\u00fablico o a perder el control sobre el propio cuerpo, lo que a su vez incrementa la ansiedad, creando un c\u00edrculo vicioso donde el mareo alimenta el miedo y el miedo intensifica el mareo.<\/p>\n\n\n\n<h3 class=\"wp-block-heading has-large-font-size\">El v\u00e9rtigo por estr\u00e9s: Micro-momentos donde la inestabilidad se hace presente<\/h3>\n\n\n\n<ul>\n<li>Al entrar en lugares con mucha estimulaci\u00f3n visual, como centros comerciales o supermercados, donde el cerebro se siente abrumado.<\/li>\n\n\n\n<li>En situaciones de confrontaci\u00f3n social o laboral donde sientes que no tienes escapatoria.<\/li>\n\n\n\n<li>Durante periodos de descanso tras semanas de alta exigencia, lo que com\u00fanmente llamamos el &#8220;v\u00e9rtigo del fin de semana&#8221;.<\/li>\n\n\n\n<li>Al intentar enfocar la vista en tareas que requieren precisi\u00f3n despu\u00e9s de horas de fatiga cognitiva.<\/li>\n<\/ul>\n\n\n\n<p>Esta sintomatolog\u00eda no discrimina profesi\u00f3n ni edad, pero se ensa\u00f1a especialmente con quienes tienen una alta <strong>autoexigencia<\/strong>. La sensaci\u00f3n de que el entorno es inestable es, en realidad, un reflejo de la inestabilidad emocional interna que se ha intentado ignorar por demasiado tiempo. Reconocer este patr\u00f3n es el primer paso para dejar de luchar contra el s\u00edntoma y empezar a escuchar qu\u00e9 es lo que tu vida est\u00e1 tratando de decirte a trav\u00e9s de ese balanceo involuntario.<\/p>\n\n\n\n<h2 class=\"wp-block-heading has-x-large-font-size\">La ciencia detr\u00e1s del desequilibrio: \u00bfPor qu\u00e9 ocurre el v\u00e9rtigo por estr\u00e9s?<\/h2>\n\n\n\n<figure class=\"wp-block-image size-full\"><img loading=\"lazy\" decoding=\"async\" width=\"1280\" height=\"854\" src=\"https:\/\/fonasa.mindy.cl\/blog\/wp-content\/uploads\/2026\/04\/pexels-david-garrison-1128051-2128817.jpg\" alt=\"v\u00e9rtigo por estr\u00e9s\" class=\"wp-image-1954\"\/><\/figure>\n\n\n\n<p>Los s\u00edntomas de <strong><a href=\"https:\/\/fonasa.mindy.cl\/blog\/la-ansiedad-guia-completa\/\">la ansiedad<\/a><\/strong> no aparecen de forma aislada. Generalmente, vienen acompa\u00f1ados de otras se\u00f1ales que indican que el sistema de alerta de tu cuerpo est\u00e1 encendido.<\/p>\n\n\n\n<p>Para comprender por qu\u00e9 sientes <strong><a href=\"https:\/\/fonasa.mindy.cl\/blog\/mareos-por-ansiedad\/\">mareos por ansiedad<\/a><\/strong>, que el mundo gira, debemos mirar hacia el interior de tu cr\u00e1neo, espec\u00edficamente a la relaci\u00f3n entre el <strong>sistema vestibular<\/strong> (ubicado en tu o\u00eddo interno) y el sistema nervioso central. El proceso biol\u00f3gico que desencadena el <strong>v\u00e9rtigo por estr\u00e9s<\/strong> es fascinante y complejo. Cuando percibes una amenaza \u2014ya sea un jefe exigente o una deuda econ\u00f3mica\u2014, tu cerebro activa el eje hipot\u00e1lamo-hipofisario-adrenal (HPA), disparando una cascada de hormonas como el cortisol y la adrenalina.<\/p>\n\n\n\n<p>La investigaci\u00f3n psicol\u00f3gica indica que estos mediadores qu\u00edmicos del estr\u00e9s tienen receptores directos en los n\u00facleos vestibulares del tronco encef\u00e1lico. Esto significa que la ansiedad no solo est\u00e1 en tus pensamientos, sino que literalmente &#8220;sintoniza&#8221; mal los sensores de equilibrio de tu cuerpo. La <strong>am\u00edgdala<\/strong>, ese peque\u00f1o centro de procesamiento del miedo en tu cerebro, se comunica de forma bidireccional con las \u00e1reas que controlan tu postura. Si la am\u00edgdala est\u00e1 sobreexcitada por el estr\u00e9s cr\u00f3nico, enviar\u00e1 se\u00f1ales de error al cerebro, haci\u00e9ndole creer que te est\u00e1s moviendo cuando est\u00e1s quieto.<\/p>\n\n\n\n<h3 class=\"wp-block-heading has-large-font-size\">La qu\u00edmica de la inestabilidad del v\u00e9rtigo por estr\u00e9s<\/h3>\n\n\n\n<ol start=\"1\">\n<li><strong>Cortisol elevado<\/strong>: El exceso de esta hormona altera la microcirculaci\u00f3n en el o\u00eddo interno, afectando la densidad de los fluidos que nos indican nuestra posici\u00f3n.<\/li>\n\n\n\n<li><strong>Desajuste de neurotransmisores<\/strong>: La serotonina y el GABA, encargados de la calma y la regulaci\u00f3n, disminuyen, dejando al sistema de equilibrio sin sus &#8220;frenos&#8221; naturales.<\/li>\n\n\n\n<li><strong>Tensi\u00f3n muscular cervical<\/strong>: El estr\u00e9s provoca que los m\u00fasculos del cuello se contraigan. Estos m\u00fasculos tienen sensores que informan al cerebro sobre la posici\u00f3n de la cabeza; si est\u00e1n r\u00edgidos, env\u00edan informaci\u00f3n contradictoria a la que env\u00edan los ojos.<\/li>\n\n\n\n<li><strong>Respuesta de lucha o huida<\/strong>: El cuerpo se prepara para correr, pero al estar sentado, esa energ\u00eda se traduce en una sensaci\u00f3n de <strong>desrealizaci\u00f3n<\/strong> o mareo.<\/li>\n<\/ol>\n\n\n\n<p>La evidencia cl\u00ednica sugiere que no existe una lesi\u00f3n f\u00edsica en el o\u00eddo en estos casos, sino una disfunci\u00f3n en el procesamiento de la informaci\u00f3n. Es como si el software de tu computadora (tu mente) estuviera tan sobrecargado que el hardware (tu sentido del equilibrio) empezara a fallar. Esta analog\u00eda ayuda a entender que, aunque el s\u00edntoma se sienta f\u00edsico y aterrador, su ra\u00edz es una <strong>desregulaci\u00f3n emocional<\/strong> que debe ser tratada desde la ra\u00edz psicol\u00f3gica.<\/p>\n\n\n\n<h2 class=\"wp-block-heading has-x-large-font-size\">El contexto chileno y el impacto del v\u00e9rtigo por estr\u00e9s en la productividad<\/h2>\n\n\n\n<p>En Chile, la salud mental ha pasado a ser un tema de conversaci\u00f3n nacional, pero el estigma sobre la somatizaci\u00f3n \u2014expresar el dolor emocional a trav\u00e9s del cuerpo\u2014 todav\u00eda persiste. En nuestra sociedad, esta forma de <strong>v\u00e9rtigo por estr\u00e9s<\/strong> es cada vez m\u00e1s recurrente debido a una cultura laboral que a menudo premia la &#8220;sobreadaptaci\u00f3n&#8221;. El trabajador chileno promedio se enorgullece de su resiliencia, pero esa misma capacidad de aguantar es la que silencia las se\u00f1ales tempranas de fatiga, dejando que el cuerpo tome el control mediante crisis de v\u00e9rtigo.<\/p>\n\n\n\n<p>El ritmo de vida en ciudades como Santiago, con largos tiempos de desplazamiento y una alta densidad poblacional, contribuye a un estado de <strong>hipervigilancia<\/strong>. Cuando una persona experimenta mareos en el Metro o en medio de una reuni\u00f3n, la respuesta habitual es el ocultamiento. Existe un miedo real a que este s\u00edntoma sea interpretado como falta de compromiso o, peor a\u00fan, como una debilidad que ponga en riesgo la estabilidad econ\u00f3mica. Sin embargo, la investigaci\u00f3n psicol\u00f3gica indica que ignorar el v\u00e9rtigo solo lo vuelve m\u00e1s cr\u00f3nico y limitante.<\/p>\n\n\n\n<h3 class=\"wp-block-heading has-large-font-size\">Factores socioculturales que alimentan el s\u00edntoma en Chile<\/h3>\n\n\n\n<ul>\n<li><strong>La cultura del &#8220;cumplir&#8221;<\/strong>: Priorizar la tarea externa por sobre la necesidad biol\u00f3gica de descanso.<\/li>\n\n\n\n<li><strong>Incertidumbre econ\u00f3mica<\/strong>: El miedo al futuro mantiene el sistema nervioso en un estado de alerta constante, agotando las reservas de energ\u00eda.<\/li>\n\n\n\n<li><strong>Falta de espacios de desconexi\u00f3n<\/strong>: La dificultad para separar la vida privada de las exigencias digitales, lo que mantiene el cerebro en &#8220;modo encendido&#8221; 24\/7.<\/li>\n\n\n\n<li><strong>El estigma de la licencia m\u00e9dica<\/strong>: La culpa que sienten muchos pacientes al tener que detenerse por un s\u00edntoma que no es &#8220;visible&#8221; como una fractura.<\/li>\n<\/ul>\n\n\n\n<p>Es fundamental entender que el <strong>v\u00e9rtigo por estr\u00e9s<\/strong> no es una se\u00f1al de pereza, sino una respuesta adaptativa de un organismo que est\u00e1 intentando protegerse de un entorno que percibe como hostil o insostenible. En las regiones de Chile, donde el ritmo puede parecer m\u00e1s pausado, el s\u00edntoma tambi\u00e9n aparece, pero suele estar vinculado al aislamiento o a la falta de redes de apoyo especializado. La centralizaci\u00f3n de la salud mental obliga a muchos a buscar soluciones digitales, abriendo una puerta hacia la sanaci\u00f3n que antes estaba cerrada por la distancia geogr\u00e1fica.<\/p>\n\n\n\n<h2 class=\"wp-block-heading has-x-large-font-size\">Estrategias de recuperaci\u00f3n para superar el v\u00e9rtigo por estr\u00e9s<\/h2>\n\n\n\n<figure class=\"wp-block-image size-full\"><img loading=\"lazy\" decoding=\"async\" width=\"1280\" height=\"853\" src=\"https:\/\/fonasa.mindy.cl\/blog\/wp-content\/uploads\/2026\/04\/pexels-mikhail-nilov-8297227.jpg\" alt=\"v\u00e9rtigo por estr\u00e9s\" class=\"wp-image-1955\"\/><\/figure>\n\n\n\n<p>Cuando el mundo empieza a girar, la primera reacci\u00f3n es la rigidez. Intentas moverte lo menos posible para no gatillar el mareo, pero esto es contraproducente. La recuperaci\u00f3n requiere un enfoque que combine la <strong>reeducaci\u00f3n del sistema nervioso<\/strong> con la gesti\u00f3n de las emociones. Las herramientas para mitigar el <strong>v\u00e9rtigo por estr\u00e9s<\/strong> no son solo f\u00edsicas, sino que implican un cambio profundo en la forma en que te relacionas contigo mismo y con tus exigencias.<\/p>\n\n\n\n<p>La <strong>plasticidad neuronal<\/strong> es tu mejor aliada en este proceso. As\u00ed como tu cerebro aprendi\u00f3 a estar alerta y a marearse, puede aprender a recuperar la calma y la estabilidad. Esto no sucede de la noche a la ma\u00f1ana, pero mediante ejercicios espec\u00edficos y, sobre todo, mediante el trabajo en psicoterapia, los n\u00facleos vestibulares pueden volver a su estado de equilibrio basal. La clave est\u00e1 en bajar el volumen de la se\u00f1al de amenaza que tu am\u00edgdala est\u00e1 enviando constantemente.<\/p>\n\n\n\n<h3 class=\"wp-block-heading has-large-font-size\">Fases para recuperar tu eje central<\/h3>\n\n\n\n<ol start=\"1\">\n<li><strong>Validaci\u00f3n del s\u00edntoma<\/strong>: Aceptar que el mareo es real y que es una respuesta al estr\u00e9s, no una enfermedad mortal oculta. Esto reduce la ansiedad secundaria de forma inmediata.<\/li>\n\n\n\n<li><strong>T\u00e9cnicas de anclaje<\/strong>: Ejercicios de respiraci\u00f3n diafragm\u00e1tica que activan el nervio vago, enviando una se\u00f1al de seguridad al tronco encef\u00e1lico.<\/li>\n\n\n\n<li><strong>Exposici\u00f3n gradual<\/strong>: Volver a realizar los movimientos que te daban miedo en un entorno seguro, ense\u00f1\u00e1ndole a tu cerebro que no hay peligro real.<\/li>\n\n\n\n<li><strong>Reestructuraci\u00f3n cognitiva<\/strong>: Identificar los pensamientos autom\u00e1ticos (&#8220;me voy a caer&#8221;, &#8220;esto nunca pasar\u00e1&#8221;) y sustituirlos por perspectivas basadas en la realidad cl\u00ednica.<\/li>\n<\/ol>\n\n\n\n<p>Es com\u00fan confundir el <strong>v\u00e9rtigo por estr\u00e9s<\/strong> con problemas de o\u00eddo medio o incluso con problemas cervicales cr\u00f3nicos. Si bien es importante descartar causas org\u00e1nicas con un especialista, si los ex\u00e1menes salen normales y el mareo persiste, la causa psicol\u00f3gica es la respuesta m\u00e1s probable. La psicoterapia te ayuda a identificar cu\u00e1les son los &#8220;estresores&#8221; que est\u00e1n empujando tu sistema al l\u00edmite y te entrega estrategias de afrontamiento para que, la pr\u00f3xima vez que la presi\u00f3n aumente, tu cuerpo no necesite desconectarse para sobrevivir.<\/p>\n\n\n\n<h2 class=\"wp-block-heading has-x-large-font-size\">El cuerpo como mensajero: Descifrando la causa profunda del v\u00e9rtigo por estr\u00e9s<\/h2>\n\n\n\n<p>Abordar el <strong>v\u00e9rtigo por estr\u00e9s<\/strong> requiere un enfoque multidisciplinario, pero el coraz\u00f3n de la soluci\u00f3n suele estar en la salud mental. \u00bfPor qu\u00e9 tu cuerpo eligi\u00f3 el v\u00e9rtigo y no un dolor de cabeza o una erupci\u00f3n cut\u00e1nea? A menudo, el mareo representa simb\u00f3licamente una p\u00e9rdida de direcci\u00f3n en la vida o una sensaci\u00f3n de que &#8220;el suelo se nos escapa de los pies&#8221;. En terapia, se exploran estas conexiones para que el s\u00edntoma deje de ser necesario.<\/p>\n\n\n\n<p>A medida que avanzas en tu proceso personal, notar\u00e1s que los episodios de inestabilidad se vuelven menos frecuentes y menos intensos. Esto ocurre porque tu <strong>umbral de tolerancia<\/strong> al estr\u00e9s aumenta y aprendes a detectar las se\u00f1ales de advertencia antes de que se conviertan en una crisis de v\u00e9rtigo. La salud no es la ausencia de estr\u00e9s, sino la capacidad de navegar por \u00e9l sin perder el centro.<\/p>\n\n\n\n<h2 class=\"wp-block-heading has-x-large-font-size\">Fonasa Mindy: Tu equilibrio a un clic de distancia<\/h2>\n\n\n\n<p>Encontrar el equilibrio cuando sientes que todo da vueltas puede ser un desaf\u00edo enorme, especialmente si tienes que desplazarte por una ciudad congestionada. La ventaja de la terapia online para tratar el <strong>v\u00e9rtigo por estr\u00e9s<\/strong> es precisamente que te permite iniciar tu proceso de sanaci\u00f3n desde el lugar donde te sientes m\u00e1s seguro: tu hogar. No tienes que preocuparte por marearte en el trayecto o por la sobreestimulaci\u00f3n de una sala de espera ruidosa.<\/p>\n\n\n\n<p>En Mindy, facilitamos este acceso a trav\u00e9s del convenio <strong><a href=\"http:\/\/fonasa.mindy.cl\">Fonasa Mindy<\/a><\/strong>, permiti\u00e9ndote conectar con psic\u00f3logos especialistas que entienden la somatizaci\u00f3n y el estr\u00e9s cr\u00f3nico. La modalidad online es ideal para este caso espec\u00edfico porque reduce las barreras de entrada al tratamiento, permitiendo que la terapia se convierta en un refugio de calma y no en una tarea m\u00e1s que a\u00f1adir a tu lista de pendientes. Es una forma efectiva, profesional y cercana de recuperar el control sobre tu bienestar.<\/p>\n\n\n\n<p><a target=\"_blank\" rel=\"noreferrer noopener\" href=\"https:\/\/www.mindy.cl\/psicologos-online-mindy\/?service=79\">Psic\u00f3logos online Fonasa Mindy<\/a><\/p>\n\n\n\n<h2 class=\"wp-block-heading has-x-large-font-size\">Conclusi\u00f3n: Volver a pisar tierra firme<\/h2>\n\n\n\n<p>El <strong>v\u00e9rtigo por estr\u00e9s<\/strong> es una de las manifestaciones m\u00e1s inquietantes del agotamiento moderno, pero tambi\u00e9n es una de las m\u00e1s transformadoras si se aborda con la gu\u00eda correcta. No tienes que acostumbrarte a vivir con la sensaci\u00f3n de inestabilidad ni resignarte a que el miedo limite tus movimientos. Tu cuerpo tiene una capacidad asombrosa de autorregulaci\u00f3n, solo necesita que le proporciones las condiciones de seguridad y apoyo necesarias para resetearse.<\/p>\n\n\n\n<p>Recuperar tu centro es posible. Al integrar el conocimiento cient\u00edfico sobre tu sistema nervioso con un acompa\u00f1amiento psicol\u00f3gico emp\u00e1tico, estar\u00e1s dando el paso m\u00e1s importante hacia una vida donde t\u00fa lleves las riendas, y no tus mareos. El camino hacia la estabilidad comienza hoy, reconociendo que tu bienestar emocional es el cimiento sobre el cual se construye todo lo dem\u00e1s.<\/p>\n\n\n\n<p><a target=\"_blank\" rel=\"noreferrer noopener\" href=\"https:\/\/fonasa.mindy.cl\/#\/\">Fonasa Mindy<\/a><\/p>\n\n\n\n<p><a href=\"https:\/\/www.mindy.cl\/\" target=\"_blank\" rel=\"noreferrer noopener\">Mindy<\/a><\/p>\n\n\n\n<h2 class=\"wp-block-heading has-x-large-font-size\">Encuentra la terapia para la ansiedad adecuada para ti con este breve test<\/h2>\n\n\n\n<p>No todos los procesos terap\u00e9uticos son iguales. Para recibir la atenci\u00f3n que realmente necesitas, es fundamental evaluar tu estado actual. Te invitamos a completar nuestro <strong>diagn\u00f3stico preliminar de ansiedad<\/strong> para orientar tu b\u00fasqueda de apoyo psicol\u00f3gico de manera efectiva y accesible. <\/p>\n\n\n\n<p>\ud83d\udc49 <a href=\"https:\/\/form.typeform.com\/to\/nF2A9qZT\" target=\"_blank\" rel=\"noreferrer noopener\">Accede al Quiz aqu\u00ed<\/a><\/p>\n","protected":false},"excerpt":{"rendered":"<p>Est\u00e1s sentado frente a tu escritorio, la luz de la pantalla parece m\u00e1s brillante de lo habitual y, de repente, el suelo se inclina. No es un terremoto, aunque tu cuerpo jure que s\u00ed. Sientes que el espacio a tu alrededor se desplaza, una n\u00e1usea ligera sube por tu garganta y el coraz\u00f3n se acelera. [&hellip;]<\/p>\n","protected":false},"author":3,"featured_media":1953,"comment_status":"closed","ping_status":"closed","sticky":false,"template":"","format":"standard","meta":{"footnotes":""},"categories":[274],"tags":[],"yoast_head":"<!-- This site is optimized with the Yoast SEO plugin v23.0 - https:\/\/yoast.com\/wordpress\/plugins\/seo\/ -->\n<title>C\u00f3mo es el v\u00e9rtigo por estr\u00e9s: El equilibrio perdido en la tormenta<\/title>\n<meta name=\"description\" content=\"\u00bfSientes que todo da vueltas? El v\u00e9rtigo por estr\u00e9s es una se\u00f1al de alerta de tu sistema nervioso. Aprende a sanar con apoyo psicol\u00f3gico.\" \/>\n<meta name=\"robots\" content=\"index, follow, max-snippet:-1, max-image-preview:large, max-video-preview:-1\" \/>\n<link rel=\"canonical\" href=\"https:\/\/fonasa.mindy.cl\/blog\/como-es-el-vertigo-por-estres\/\" \/>\n<meta property=\"og:locale\" content=\"es_ES\" \/>\n<meta property=\"og:type\" content=\"article\" \/>\n<meta property=\"og:title\" content=\"C\u00f3mo es el v\u00e9rtigo por estr\u00e9s: El equilibrio perdido en la tormenta\" \/>\n<meta property=\"og:description\" content=\"\u00bfSientes que todo da vueltas? El v\u00e9rtigo por estr\u00e9s es una se\u00f1al de alerta de tu sistema nervioso. Aprende a sanar con apoyo psicol\u00f3gico.\" \/>\n<meta property=\"og:url\" content=\"https:\/\/fonasa.mindy.cl\/blog\/como-es-el-vertigo-por-estres\/\" \/>\n<meta property=\"og:site_name\" content=\"Mindy Fonasa Blog\" \/>\n<meta property=\"article:published_time\" content=\"2026-04-21T22:17:07+00:00\" \/>\n<meta property=\"article:modified_time\" content=\"2026-04-21T22:24:27+00:00\" \/>\n<meta property=\"og:image\" content=\"https:\/\/fonasa.mindy.cl\/blog\/wp-content\/uploads\/2026\/04\/pexels-anthonyshkraba-production-8278873.jpg\" \/>\n\t<meta property=\"og:image:width\" content=\"1280\" \/>\n\t<meta property=\"og:image:height\" content=\"853\" \/>\n\t<meta property=\"og:image:type\" content=\"image\/jpeg\" \/>\n<meta name=\"author\" content=\"estrategamkd@gmail.com\" \/>\n<meta name=\"twitter:card\" content=\"summary_large_image\" \/>\n<meta name=\"twitter:label1\" content=\"Written by\" \/>\n\t<meta name=\"twitter:data1\" content=\"estrategamkd@gmail.com\" \/>\n\t<meta name=\"twitter:label2\" content=\"Est. reading time\" \/>\n\t<meta name=\"twitter:data2\" content=\"11 minutos\" \/>\n<script type=\"application\/ld+json\" class=\"yoast-schema-graph\">{\"@context\":\"https:\/\/schema.org\",\"@graph\":[{\"@type\":\"Article\",\"@id\":\"https:\/\/fonasa.mindy.cl\/blog\/como-es-el-vertigo-por-estres\/#article\",\"isPartOf\":{\"@id\":\"https:\/\/fonasa.mindy.cl\/blog\/como-es-el-vertigo-por-estres\/\"},\"author\":{\"name\":\"estrategamkd@gmail.com\",\"@id\":\"https:\/\/fonasa.mindy.cl\/blog\/#\/schema\/person\/fa87761528fa733079f7f77181252f28\"},\"headline\":\"C\u00f3mo es el v\u00e9rtigo por estr\u00e9s: El equilibrio perdido en la tormenta\",\"datePublished\":\"2026-04-21T22:17:07+00:00\",\"dateModified\":\"2026-04-21T22:24:27+00:00\",\"mainEntityOfPage\":{\"@id\":\"https:\/\/fonasa.mindy.cl\/blog\/como-es-el-vertigo-por-estres\/\"},\"wordCount\":2470,\"publisher\":{\"@id\":\"https:\/\/fonasa.mindy.cl\/blog\/#organization\"},\"image\":{\"@id\":\"https:\/\/fonasa.mindy.cl\/blog\/como-es-el-vertigo-por-estres\/#primaryimage\"},\"thumbnailUrl\":\"https:\/\/fonasa.mindy.cl\/blog\/wp-content\/uploads\/2026\/04\/pexels-anthonyshkraba-production-8278873.jpg\",\"articleSection\":[\"Ansiedad\"],\"inLanguage\":\"es-CL\"},{\"@type\":\"WebPage\",\"@id\":\"https:\/\/fonasa.mindy.cl\/blog\/como-es-el-vertigo-por-estres\/\",\"url\":\"https:\/\/fonasa.mindy.cl\/blog\/como-es-el-vertigo-por-estres\/\",\"name\":\"C\u00f3mo es el v\u00e9rtigo por estr\u00e9s: El equilibrio perdido en la tormenta\",\"isPartOf\":{\"@id\":\"https:\/\/fonasa.mindy.cl\/blog\/#website\"},\"primaryImageOfPage\":{\"@id\":\"https:\/\/fonasa.mindy.cl\/blog\/como-es-el-vertigo-por-estres\/#primaryimage\"},\"image\":{\"@id\":\"https:\/\/fonasa.mindy.cl\/blog\/como-es-el-vertigo-por-estres\/#primaryimage\"},\"thumbnailUrl\":\"https:\/\/fonasa.mindy.cl\/blog\/wp-content\/uploads\/2026\/04\/pexels-anthonyshkraba-production-8278873.jpg\",\"datePublished\":\"2026-04-21T22:17:07+00:00\",\"dateModified\":\"2026-04-21T22:24:27+00:00\",\"description\":\"\u00bfSientes que todo da vueltas? El v\u00e9rtigo por estr\u00e9s es una se\u00f1al de alerta de tu sistema nervioso. Aprende a sanar con apoyo psicol\u00f3gico.\",\"breadcrumb\":{\"@id\":\"https:\/\/fonasa.mindy.cl\/blog\/como-es-el-vertigo-por-estres\/#breadcrumb\"},\"inLanguage\":\"es-CL\",\"potentialAction\":[{\"@type\":\"ReadAction\",\"target\":[\"https:\/\/fonasa.mindy.cl\/blog\/como-es-el-vertigo-por-estres\/\"]}]},{\"@type\":\"ImageObject\",\"inLanguage\":\"es-CL\",\"@id\":\"https:\/\/fonasa.mindy.cl\/blog\/como-es-el-vertigo-por-estres\/#primaryimage\",\"url\":\"https:\/\/fonasa.mindy.cl\/blog\/wp-content\/uploads\/2026\/04\/pexels-anthonyshkraba-production-8278873.jpg\",\"contentUrl\":\"https:\/\/fonasa.mindy.cl\/blog\/wp-content\/uploads\/2026\/04\/pexels-anthonyshkraba-production-8278873.jpg\",\"width\":1280,\"height\":853,\"caption\":\"v\u00e9rtigo por estr\u00e9s\"},{\"@type\":\"BreadcrumbList\",\"@id\":\"https:\/\/fonasa.mindy.cl\/blog\/como-es-el-vertigo-por-estres\/#breadcrumb\",\"itemListElement\":[{\"@type\":\"ListItem\",\"position\":1,\"name\":\"Home\",\"item\":\"https:\/\/fonasa.mindy.cl\/blog\/\"},{\"@type\":\"ListItem\",\"position\":2,\"name\":\"C\u00f3mo es el v\u00e9rtigo por estr\u00e9s: El equilibrio perdido en la tormenta\"}]},{\"@type\":\"WebSite\",\"@id\":\"https:\/\/fonasa.mindy.cl\/blog\/#website\",\"url\":\"https:\/\/fonasa.mindy.cl\/blog\/\",\"name\":\"Mindy Fonasa Blog\",\"description\":\"Un blog de salud mental\",\"publisher\":{\"@id\":\"https:\/\/fonasa.mindy.cl\/blog\/#organization\"},\"potentialAction\":[{\"@type\":\"SearchAction\",\"target\":{\"@type\":\"EntryPoint\",\"urlTemplate\":\"https:\/\/fonasa.mindy.cl\/blog\/?s={search_term_string}\"},\"query-input\":\"required name=search_term_string\"}],\"inLanguage\":\"es-CL\"},{\"@type\":\"Organization\",\"@id\":\"https:\/\/fonasa.mindy.cl\/blog\/#organization\",\"name\":\"Mindy Fonasa Blog\",\"url\":\"https:\/\/fonasa.mindy.cl\/blog\/\",\"logo\":{\"@type\":\"ImageObject\",\"inLanguage\":\"es-CL\",\"@id\":\"https:\/\/fonasa.mindy.cl\/blog\/#\/schema\/logo\/image\/\",\"url\":\"https:\/\/fonasa.mindy.cl\/blog\/wp-content\/uploads\/2024\/07\/logo_cuadrado.png\",\"contentUrl\":\"https:\/\/fonasa.mindy.cl\/blog\/wp-content\/uploads\/2024\/07\/logo_cuadrado.png\",\"width\":300,\"height\":300,\"caption\":\"Mindy Fonasa Blog\"},\"image\":{\"@id\":\"https:\/\/fonasa.mindy.cl\/blog\/#\/schema\/logo\/image\/\"}},{\"@type\":\"Person\",\"@id\":\"https:\/\/fonasa.mindy.cl\/blog\/#\/schema\/person\/fa87761528fa733079f7f77181252f28\",\"name\":\"estrategamkd@gmail.com\",\"url\":\"https:\/\/fonasa.mindy.cl\/blog\/author\/estrategamkdgmail-com\/\"}]}<\/script>\n<!-- \/ Yoast SEO plugin. -->","yoast_head_json":{"title":"C\u00f3mo es el v\u00e9rtigo por estr\u00e9s: El equilibrio perdido en la tormenta","description":"\u00bfSientes que todo da vueltas? El v\u00e9rtigo por estr\u00e9s es una se\u00f1al de alerta de tu sistema nervioso. Aprende a sanar con apoyo psicol\u00f3gico.","robots":{"index":"index","follow":"follow","max-snippet":"max-snippet:-1","max-image-preview":"max-image-preview:large","max-video-preview":"max-video-preview:-1"},"canonical":"https:\/\/fonasa.mindy.cl\/blog\/como-es-el-vertigo-por-estres\/","og_locale":"es_ES","og_type":"article","og_title":"C\u00f3mo es el v\u00e9rtigo por estr\u00e9s: El equilibrio perdido en la tormenta","og_description":"\u00bfSientes que todo da vueltas? El v\u00e9rtigo por estr\u00e9s es una se\u00f1al de alerta de tu sistema nervioso. Aprende a sanar con apoyo psicol\u00f3gico.","og_url":"https:\/\/fonasa.mindy.cl\/blog\/como-es-el-vertigo-por-estres\/","og_site_name":"Mindy Fonasa Blog","article_published_time":"2026-04-21T22:17:07+00:00","article_modified_time":"2026-04-21T22:24:27+00:00","og_image":[{"width":1280,"height":853,"url":"https:\/\/fonasa.mindy.cl\/blog\/wp-content\/uploads\/2026\/04\/pexels-anthonyshkraba-production-8278873.jpg","type":"image\/jpeg"}],"author":"estrategamkd@gmail.com","twitter_card":"summary_large_image","twitter_misc":{"Written by":"estrategamkd@gmail.com","Est. reading time":"11 minutos"},"schema":{"@context":"https:\/\/schema.org","@graph":[{"@type":"Article","@id":"https:\/\/fonasa.mindy.cl\/blog\/como-es-el-vertigo-por-estres\/#article","isPartOf":{"@id":"https:\/\/fonasa.mindy.cl\/blog\/como-es-el-vertigo-por-estres\/"},"author":{"name":"estrategamkd@gmail.com","@id":"https:\/\/fonasa.mindy.cl\/blog\/#\/schema\/person\/fa87761528fa733079f7f77181252f28"},"headline":"C\u00f3mo es el v\u00e9rtigo por estr\u00e9s: El equilibrio perdido en la tormenta","datePublished":"2026-04-21T22:17:07+00:00","dateModified":"2026-04-21T22:24:27+00:00","mainEntityOfPage":{"@id":"https:\/\/fonasa.mindy.cl\/blog\/como-es-el-vertigo-por-estres\/"},"wordCount":2470,"publisher":{"@id":"https:\/\/fonasa.mindy.cl\/blog\/#organization"},"image":{"@id":"https:\/\/fonasa.mindy.cl\/blog\/como-es-el-vertigo-por-estres\/#primaryimage"},"thumbnailUrl":"https:\/\/fonasa.mindy.cl\/blog\/wp-content\/uploads\/2026\/04\/pexels-anthonyshkraba-production-8278873.jpg","articleSection":["Ansiedad"],"inLanguage":"es-CL"},{"@type":"WebPage","@id":"https:\/\/fonasa.mindy.cl\/blog\/como-es-el-vertigo-por-estres\/","url":"https:\/\/fonasa.mindy.cl\/blog\/como-es-el-vertigo-por-estres\/","name":"C\u00f3mo es el v\u00e9rtigo por estr\u00e9s: El equilibrio perdido en la tormenta","isPartOf":{"@id":"https:\/\/fonasa.mindy.cl\/blog\/#website"},"primaryImageOfPage":{"@id":"https:\/\/fonasa.mindy.cl\/blog\/como-es-el-vertigo-por-estres\/#primaryimage"},"image":{"@id":"https:\/\/fonasa.mindy.cl\/blog\/como-es-el-vertigo-por-estres\/#primaryimage"},"thumbnailUrl":"https:\/\/fonasa.mindy.cl\/blog\/wp-content\/uploads\/2026\/04\/pexels-anthonyshkraba-production-8278873.jpg","datePublished":"2026-04-21T22:17:07+00:00","dateModified":"2026-04-21T22:24:27+00:00","description":"\u00bfSientes que todo da vueltas? El v\u00e9rtigo por estr\u00e9s es una se\u00f1al de alerta de tu sistema nervioso. Aprende a sanar con apoyo psicol\u00f3gico.","breadcrumb":{"@id":"https:\/\/fonasa.mindy.cl\/blog\/como-es-el-vertigo-por-estres\/#breadcrumb"},"inLanguage":"es-CL","potentialAction":[{"@type":"ReadAction","target":["https:\/\/fonasa.mindy.cl\/blog\/como-es-el-vertigo-por-estres\/"]}]},{"@type":"ImageObject","inLanguage":"es-CL","@id":"https:\/\/fonasa.mindy.cl\/blog\/como-es-el-vertigo-por-estres\/#primaryimage","url":"https:\/\/fonasa.mindy.cl\/blog\/wp-content\/uploads\/2026\/04\/pexels-anthonyshkraba-production-8278873.jpg","contentUrl":"https:\/\/fonasa.mindy.cl\/blog\/wp-content\/uploads\/2026\/04\/pexels-anthonyshkraba-production-8278873.jpg","width":1280,"height":853,"caption":"v\u00e9rtigo por estr\u00e9s"},{"@type":"BreadcrumbList","@id":"https:\/\/fonasa.mindy.cl\/blog\/como-es-el-vertigo-por-estres\/#breadcrumb","itemListElement":[{"@type":"ListItem","position":1,"name":"Home","item":"https:\/\/fonasa.mindy.cl\/blog\/"},{"@type":"ListItem","position":2,"name":"C\u00f3mo es el v\u00e9rtigo por estr\u00e9s: El equilibrio perdido en la tormenta"}]},{"@type":"WebSite","@id":"https:\/\/fonasa.mindy.cl\/blog\/#website","url":"https:\/\/fonasa.mindy.cl\/blog\/","name":"Mindy Fonasa Blog","description":"Un blog de salud mental","publisher":{"@id":"https:\/\/fonasa.mindy.cl\/blog\/#organization"},"potentialAction":[{"@type":"SearchAction","target":{"@type":"EntryPoint","urlTemplate":"https:\/\/fonasa.mindy.cl\/blog\/?s={search_term_string}"},"query-input":"required name=search_term_string"}],"inLanguage":"es-CL"},{"@type":"Organization","@id":"https:\/\/fonasa.mindy.cl\/blog\/#organization","name":"Mindy Fonasa Blog","url":"https:\/\/fonasa.mindy.cl\/blog\/","logo":{"@type":"ImageObject","inLanguage":"es-CL","@id":"https:\/\/fonasa.mindy.cl\/blog\/#\/schema\/logo\/image\/","url":"https:\/\/fonasa.mindy.cl\/blog\/wp-content\/uploads\/2024\/07\/logo_cuadrado.png","contentUrl":"https:\/\/fonasa.mindy.cl\/blog\/wp-content\/uploads\/2024\/07\/logo_cuadrado.png","width":300,"height":300,"caption":"Mindy Fonasa Blog"},"image":{"@id":"https:\/\/fonasa.mindy.cl\/blog\/#\/schema\/logo\/image\/"}},{"@type":"Person","@id":"https:\/\/fonasa.mindy.cl\/blog\/#\/schema\/person\/fa87761528fa733079f7f77181252f28","name":"estrategamkd@gmail.com","url":"https:\/\/fonasa.mindy.cl\/blog\/author\/estrategamkdgmail-com\/"}]}},"_links":{"self":[{"href":"https:\/\/fonasa.mindy.cl\/blog\/wp-json\/wp\/v2\/posts\/1951"}],"collection":[{"href":"https:\/\/fonasa.mindy.cl\/blog\/wp-json\/wp\/v2\/posts"}],"about":[{"href":"https:\/\/fonasa.mindy.cl\/blog\/wp-json\/wp\/v2\/types\/post"}],"author":[{"embeddable":true,"href":"https:\/\/fonasa.mindy.cl\/blog\/wp-json\/wp\/v2\/users\/3"}],"replies":[{"embeddable":true,"href":"https:\/\/fonasa.mindy.cl\/blog\/wp-json\/wp\/v2\/comments?post=1951"}],"version-history":[{"count":5,"href":"https:\/\/fonasa.mindy.cl\/blog\/wp-json\/wp\/v2\/posts\/1951\/revisions"}],"predecessor-version":[{"id":1962,"href":"https:\/\/fonasa.mindy.cl\/blog\/wp-json\/wp\/v2\/posts\/1951\/revisions\/1962"}],"wp:featuredmedia":[{"embeddable":true,"href":"https:\/\/fonasa.mindy.cl\/blog\/wp-json\/wp\/v2\/media\/1953"}],"wp:attachment":[{"href":"https:\/\/fonasa.mindy.cl\/blog\/wp-json\/wp\/v2\/media?parent=1951"}],"wp:term":[{"taxonomy":"category","embeddable":true,"href":"https:\/\/fonasa.mindy.cl\/blog\/wp-json\/wp\/v2\/categories?post=1951"},{"taxonomy":"post_tag","embeddable":true,"href":"https:\/\/fonasa.mindy.cl\/blog\/wp-json\/wp\/v2\/tags?post=1951"}],"curies":[{"name":"wp","href":"https:\/\/api.w.org\/{rel}","templated":true}]}}