{"id":1607,"date":"2026-03-24T12:26:46","date_gmt":"2026-03-24T15:26:46","guid":{"rendered":"https:\/\/fonasa.mindy.cl\/blog\/?p=1607"},"modified":"2026-03-24T12:33:28","modified_gmt":"2026-03-24T15:33:28","slug":"la-esquizofrenia-se-cura","status":"publish","type":"post","link":"https:\/\/fonasa.mindy.cl\/blog\/la-esquizofrenia-se-cura\/","title":{"rendered":"La esquizofrenia se cura: Realidades sobre la recuperaci\u00f3n"},"content":{"rendered":"\n<p>Escuchar un diagn\u00f3stico de salud mental severo puede sentirse como si una puerta se cerrara de golpe frente a tus proyectos de vida. Durante d\u00e9cadas, el cine y los prejuicios sociales han pintado un cuadro de desesperanza y aislamiento absoluto. Sin embargo, la ciencia moderna y los nuevos enfoques terap\u00e9uticos nos obligan a reformular la pregunta: \u00bf<strong>la esquizofrenia se cura<\/strong> en el sentido tradicional de la palabra, o estamos ante un proceso de recuperaci\u00f3n y manejo cr\u00f3nico que permite una vida plena? <\/p>\n\n\n\n<p>Exploraremos los mecanismos biol\u00f3gicos del trastorno, c\u00f3mo el entorno chileno influye en el pron\u00f3stico y por qu\u00e9 la palabra &#8220;recuperaci\u00f3n&#8221; est\u00e1 reemplazando al viejo estigma del &#8220;no hay nada que hacer&#8221;. Acomp\u00e1\u00f1anos a descubrir qu\u00e9 hay detr\u00e1s de la cortina de este diagn\u00f3stico.<\/p>\n\n\n\n<h2 class=\"wp-block-heading has-x-large-font-size\">Lo que dice la Neurociencia sobre si la esquizofrenia se cura? <\/h2>\n\n\n\n<p>Para abordar la duda sobre si <strong>la esquizofrenia se cura<\/strong>, primero debemos comprender qu\u00e9 ocurre en el sustrato f\u00edsico de nuestra mente. La evidencia cl\u00ednica sugiere que no se trata de una &#8220;falla de car\u00e1cter&#8221;, sino de una compleja desregulaci\u00f3n de la comunicaci\u00f3n neuronal. El protagonista principal en este escenario es la <strong>dopamina<\/strong>, un neurotransmisor que, en niveles adecuados, nos ayuda a filtrar la informaci\u00f3n relevante del entorno.<\/p>\n\n\n\n<p>En <strong><a href=\"https:\/\/fonasa.mindy.cl\/blog\/personas-con-esquizofrenia\/\">personas con esquizofrenia<\/a><\/strong>, existe un exceso de dopamina en ciertas rutas cerebrales (v\u00eda mesol\u00edmbica), lo que genera los llamados s\u00edntomas positivos, como las alucinaciones. Al mismo tiempo, hay un d\u00e9ficit en otras \u00e1reas como la <strong>corteza prefrontal<\/strong>, lo que provoca dificultades en la planificaci\u00f3n y la motivaci\u00f3n. Esta desconexi\u00f3n entre \u00e1reas es lo que la investigaci\u00f3n psicol\u00f3gica denomina &#8220;fragmentaci\u00f3n de la conectividad funcional&#8221;.<\/p>\n\n\n\n<h3 class=\"wp-block-heading has-large-font-size\">La esquizofrenia se cura? Alteraciones biol\u00f3gicas fundamentales:<\/h3>\n\n\n\n<ul>\n<li><strong>Poda sin\u00e1ptica excesiva:<\/strong> Durante la adolescencia tard\u00eda, el cerebro elimina conexiones d\u00e9biles para ser m\u00e1s eficiente. En este trastorno, este proceso puede ser demasiado agresivo, afectando la estabilidad de las redes neuronales.<\/li>\n\n\n\n<li><strong>Dilataci\u00f3n ventricular:<\/strong> Los espacios llenos de l\u00edquido en el cerebro pueden verse ligeramente m\u00e1s grandes, lo que indica una p\u00e9rdida sutil de tejido en \u00e1reas de procesamiento cr\u00edtico.<\/li>\n\n\n\n<li><strong>Hipofrontalidad:<\/strong> Es la disminuci\u00f3n del flujo sangu\u00edneo y la actividad metab\u00f3lica en la parte frontal del cerebro, lo que dificulta la toma de decisiones l\u00f3gicas frente a est\u00edmulos emocionales.<\/li>\n<\/ul>\n\n\n\n<h2 class=\"wp-block-heading has-x-large-font-size\">El desaf\u00edo del estigma y la red de apoyo acerca de la esquizofrenia y su curaci\u00f3n? <\/h2>\n\n\n\n<figure class=\"wp-block-image aligncenter size-full\"><img loading=\"lazy\" decoding=\"async\" width=\"640\" height=\"427\" src=\"https:\/\/fonasa.mindy.cl\/blog\/wp-content\/uploads\/2026\/03\/pexels-evelyn-chong-253251-1674060.jpg\" alt=\"La esquizofrenia se cura\" class=\"wp-image-1612\"\/><\/figure>\n\n\n\n<p>En nuestro pa\u00eds, la pregunta sobre si <strong>la esquizofrenia se cura<\/strong> choca de frente con la realidad social. Chile ha avanzado significativamente con programas como el GES (Garant\u00edas Expl\u00edcitas en Salud), que asegura tratamiento para esta condici\u00f3n, pero el estigma sigue siendo una barrera invisible. En muchas comunidades, desde los barrios de Santiago hasta las zonas rurales, persiste la idea del &#8220;loco&#8221; como alguien peligroso o incapaz de aportar a la sociedad.<\/p>\n\n\n\n<p>Este prejuicio afecta directamente la <strong>adherencia al tratamiento<\/strong>. Un joven que recibe el diagn\u00f3stico y siente el rechazo de su entorno laboral o familiar tiene menos probabilidades de continuar su terapia. El ritmo de vida acelerado en las grandes ciudades chilenas a menudo no deja espacio para los tiempos de recuperaci\u00f3n m\u00e1s lentos que requiere un sistema nervioso en proceso de estabilizaci\u00f3n. La inclusi\u00f3n laboral y el apoyo comunitario son piezas del rompecabezas tan importantes como el f\u00e1rmaco m\u00e1s avanzado.<\/p>\n\n\n\n<h3 class=\"wp-block-heading has-large-font-size\">Barreras espec\u00edficas en la sociedad chilena:<\/h3>\n\n\n\n<ol start=\"1\">\n<li><strong>Aislamiento social:<\/strong> La tendencia a esconder el diagn\u00f3stico por miedo a la discriminaci\u00f3n, lo que corta las redes de apoyo naturales.<\/li>\n\n\n\n<li><strong>Desigualdad en el acceso a rehabilitaci\u00f3n:<\/strong> Si bien los f\u00e1rmacos est\u00e1n garantizados, los programas de <strong>terapia ocupacional<\/strong> y reinserci\u00f3n var\u00edan mucho entre regiones.<\/li>\n\n\n\n<li><strong>Cultura del rendimiento:<\/strong> La presi\u00f3n por ser productivo de inmediato choca con la necesidad de ajustes graduales en la carga de estr\u00e9s del paciente.<\/li>\n<\/ol>\n\n\n\n<h2 class=\"wp-block-heading has-x-large-font-size\">La esquizofrenia se cura? Navegando entre lo real y lo percibido<\/h2>\n\n\n\n<p>Imagina que est\u00e1s caminando por una feria libre en Valpara\u00edso. Hay gritos, olores y colores por todas partes. Para la mayor\u00eda, el cerebro filtra el ruido y se enfoca en comprar las manzanas. Para alguien que experimenta los inicios de un brote, el filtro falla. Cada conversaci\u00f3n ajena parece tener un mensaje oculto; el sonido de un motor se siente como una amenaza directa. Esta es la <strong>sobrecarga sensorial<\/strong> que define la experiencia cotidiana del trastorno.<\/p>\n\n\n\n<p>El camino hacia la idea de que <strong>la esquizofrenia se cura<\/strong> pasa por entender estos momentos. El tratamiento no busca simplemente &#8220;borrar&#8221; la experiencia del individuo, sino devolverle la capacidad de distinguir qu\u00e9 est\u00edmulo es externo y cu\u00e1l es una creaci\u00f3n de su mente. Con el apoyo adecuado, una persona aprende a reconocer sus &#8220;pr\u00f3dromos&#8221; o se\u00f1ales de alerta, permiti\u00e9ndole pedir ayuda antes de que la realidad se vuelva inmanejable.<\/p>\n\n\n\n<h3 class=\"wp-block-heading has-large-font-size\">El proceso de estabilizaci\u00f3n diaria:<\/h3>\n\n\n\n<ul>\n<li><strong>Higiene del sue\u00f1o:<\/strong> Mantener ritmos circadianos estables es vital para que la qu\u00edmica cerebral no se desequilibre.<\/li>\n\n\n\n<li><strong>Manejo del estr\u00e9s:<\/strong> Identificar situaciones que disparan la ansiedad y utilizar t\u00e9cnicas de <strong>regulaci\u00f3n emocional<\/strong> aprendidas en terapia.<\/li>\n\n\n\n<li><strong>Estructura de rutina:<\/strong> Tener horarios claros ayuda al cerebro a sentirse seguro y a disminuir la hipervigilancia.<\/li>\n<\/ul>\n\n\n\n<h2 class=\"wp-block-heading has-x-large-font-size\">Diferenciaci\u00f3n por etapas en la esquizofrenia: Un trastorno que evoluciona<\/h2>\n\n\n\n<p>A menudo se piensa que este es un problema exclusivo de j\u00f3venes, pero la forma en que se manifiesta cambia con el tiempo. Aunque el primer episodio suele ocurrir entre los 18 y los 25 a\u00f1os, el manejo de la condici\u00f3n debe ser vitalicio. La pregunta de si <strong>la esquizofrenia se cura<\/strong> se responde de forma distinta seg\u00fan el momento vital.<\/p>\n\n\n\n<p>En la juventud, el foco est\u00e1 en la <strong>intervenci\u00f3n temprana<\/strong> para evitar que el cerebro sufra da\u00f1os por psicosis repetidas. Con la adultez, el objetivo es la funcionalidad: mantener un trabajo, una pareja o una vida independiente. Los adultos mayores, los s\u00edntomas positivos (alucinaciones) suelen disminuir en intensidad, pero los s\u00edntomas negativos (apat\u00eda o retiro social) pueden volverse m\u00e1s marcados, requiriendo un enfoque de estimulaci\u00f3n cognitiva constante.<\/p>\n\n\n\n<h3 class=\"wp-block-heading has-large-font-size\">Fases del tratamiento y metas:<\/h3>\n\n\n\n<ol start=\"1\">\n<li><strong>Fase Aguda:<\/strong> El objetivo es la seguridad y la reducci\u00f3n de la sintomatolog\u00eda cr\u00edtica mediante estabilizaci\u00f3n farmacol\u00f3gica.<\/li>\n\n\n\n<li><strong>Fase de Estabilizaci\u00f3n:<\/strong> Se trabaja en la conciencia de enfermedad y en entender c\u00f3mo funciona el propio cerebro.<\/li>\n\n\n\n<li><strong>Fase de Mantenimiento:<\/strong> Aqu\u00ed es donde la <strong>psicoterapia<\/strong> y la rehabilitaci\u00f3n social toman el protagonismo para prevenir reca\u00eddas.<\/li>\n<\/ol>\n\n\n\n<h2 class=\"wp-block-heading has-x-large-font-size\">Perspectiva Evolutiva en la esquizofrenia y su curaci\u00f3n: \u00bfPor qu\u00e9 persiste este rasgo?<\/h2>\n\n\n\n<figure class=\"wp-block-image aligncenter size-full\"><img loading=\"lazy\" decoding=\"async\" width=\"640\" height=\"427\" src=\"https:\/\/fonasa.mindy.cl\/blog\/wp-content\/uploads\/2026\/03\/pexels-rdne-9065261-2.jpg\" alt=\"La esquizofrenia se cura? \" class=\"wp-image-1613\"\/><\/figure>\n\n\n\n<p>Resulta parad\u00f3jico que una condici\u00f3n que genera tanto sufrimiento no haya sido eliminada por la selecci\u00f3n natural. Algunos investigadores sugieren que los genes asociados a la esquizofrenia est\u00e1n ligados a la <strong>creatividad extrema<\/strong> y al pensamiento lateral. En el pasado, individuos con una percepci\u00f3n &#8220;distinta&#8221; podr\u00edan haber cumplido roles de chamanes o visionarios, aportando soluciones fuera de lo com\u00fan para la supervivencia del grupo.<\/p>\n\n\n\n<p>La esquizofrenia ser\u00eda, bajo esta luz, el precio que pagamos como especie por tener un cerebro tan complejo y capaz de generar lenguaje y s\u00edmbolos abstractos. Aunque hoy lo veamos como una patolog\u00eda, entender que estos rasgos tienen una ra\u00edz en nuestra propia <strong>evoluci\u00f3n humana<\/strong> puede ayudar a desestigmatizar a quienes portan esta vulnerabilidad biol\u00f3gica.<\/p>\n\n\n\n<h2 class=\"wp-block-heading has-x-large-font-size\">Fonasa Mindy: Tu apoyo en el proceso de curaci\u00f3n de la esquizofrenia<\/h2>\n\n\n\n<p>Aunque el manejo m\u00e9dico es fundamental, la psicoterapia es el pilar que permite que una persona retome el control de su narrativa personal. Muchos se preguntan si <strong>la esquizofrenia se cura<\/strong>, y la respuesta moderna es que se logra una remisi\u00f3n funcional donde el paciente es el protagonista de su vida. La terapia online ofrece una ventaja crucial: la estabilidad. No importa si tienes una crisis de agobio o si te cuesta salir de casa; tu psic\u00f3logo est\u00e1 a un clic de distancia.<\/p>\n\n\n\n<p>En Mindy, utilizamos el convenio Fonasa para asegurar que el apoyo psicoterap\u00e9utico sea una realidad constante y no un esfuerzo econ\u00f3mico inalcanzable para <strong><a href=\"https:\/\/fonasa.mindy.cl\/blog\/esquizofrenia-tratamiento\/\">la esquizofrenia y su tratamiento<\/a><\/strong>. Nuestros profesionales est\u00e1n capacitados para trabajar en conjunto con tu red m\u00e9dica, ayud\u00e1ndote a manejar el estr\u00e9s, mejorar tus habilidades sociales y desmantelar el miedo que el diagn\u00f3stico puede generar. La <strong>plasticidad neuronal<\/strong> nos dice que el cerebro siempre puede aprender nuevas formas de adaptarse, y nosotros estamos aqu\u00ed para guiar ese aprendizaje.<\/p>\n\n\n\n<p>Puedes encontrar el apoyo profesional que necesitas aqu\u00ed: <a target=\"_blank\" rel=\"noreferrer noopener\" href=\"https:\/\/fonasa.mindy.cl\/\">Psic\u00f3logos online Fonasa Mindy<\/a>.<\/p>\n\n\n\n<h2 class=\"wp-block-heading has-x-large-font-size\">La esquizofrenia se cura en Fonasa Mindy: Acompa\u00f1amiento especializado para una vida plena<\/h2>\n\n\n\n<p>Decir que <strong>la esquizofrenia se cura<\/strong> de forma definitiva como una infecci\u00f3n ser\u00eda t\u00e9cnicamente impreciso bajo los est\u00e1ndares m\u00e9dicos actuales, pero decir que es una condena al fracaso es una mentira absoluta. La recuperaci\u00f3n es un viaje de autoconocimiento donde el s\u00edntoma deja de ser el centro de la existencia para dar paso a los sue\u00f1os, el trabajo y los v\u00ednculos.<\/p>\n\n\n\n<p>Tener este diagn\u00f3stico es solo una parte de qui\u00e9n eres, no el total de tu identidad. Con la combinaci\u00f3n correcta de tratamiento m\u00e9dico, apoyo psicol\u00f3gico y una comunidad emp\u00e1tica, es posible habitar un mundo donde la claridad y la paz sean tu realidad cotidiana.<\/p>\n\n\n\n<p>Si buscas dar el siguiente paso en tu bienestar o el de un ser querido, cuenta con nosotros.<\/p>\n\n\n\n<ul>\n<li>Inicia tu proceso con Fonasa: <a href=\"https:\/\/fonasa.mindy.cl\/\" target=\"_blank\" rel=\"noreferrer noopener\">Fonasa Mindy<\/a><\/li>\n\n\n\n<li>Conoce nuestra comunidad de apoyo: <a href=\"https:\/\/mindy.cl\/\" target=\"_blank\" rel=\"noreferrer noopener\">Mindy<\/a><\/li>\n<\/ul>\n\n\n\n<p>\u00bfTe gustar\u00eda que profundiz\u00e1ramos en c\u00f3mo diferenciar los primeros s\u00edntomas en la adolescencia o prefieres una gu\u00eda sobre c\u00f3mo armar una red de apoyo familiar efectiva?<\/p>\n","protected":false},"excerpt":{"rendered":"<p>Escuchar un diagn\u00f3stico de salud mental severo puede sentirse como si una puerta se cerrara de golpe frente a tus proyectos de vida. Durante d\u00e9cadas, el cine y los prejuicios sociales han pintado un cuadro de desesperanza y aislamiento absoluto. Sin embargo, la ciencia moderna y los nuevos enfoques terap\u00e9uticos nos obligan a reformular la [&hellip;]<\/p>\n","protected":false},"author":3,"featured_media":1611,"comment_status":"closed","ping_status":"closed","sticky":false,"template":"","format":"standard","meta":{"footnotes":""},"categories":[275],"tags":[],"yoast_head":"<!-- This site is optimized with the Yoast SEO plugin v23.0 - https:\/\/yoast.com\/wordpress\/plugins\/seo\/ -->\n<title>La esquizofrenia se cura: Realidades sobre la recuperaci\u00f3n<\/title>\n<meta name=\"description\" content=\"Descubre la verdad sobre si la esquizofrenia se cura y conoce los avances en recuperaci\u00f3n. Apoyo profesional en Fonasa Mindy.\" \/>\n<meta name=\"robots\" content=\"index, follow, max-snippet:-1, max-image-preview:large, max-video-preview:-1\" \/>\n<link rel=\"canonical\" href=\"https:\/\/fonasa.mindy.cl\/blog\/la-esquizofrenia-se-cura\/\" \/>\n<meta property=\"og:locale\" content=\"es_ES\" \/>\n<meta property=\"og:type\" content=\"article\" \/>\n<meta property=\"og:title\" content=\"La esquizofrenia se cura: Realidades sobre la recuperaci\u00f3n\" \/>\n<meta property=\"og:description\" content=\"Descubre la verdad sobre si la esquizofrenia se cura y conoce los avances en recuperaci\u00f3n. Apoyo profesional en Fonasa Mindy.\" \/>\n<meta property=\"og:url\" content=\"https:\/\/fonasa.mindy.cl\/blog\/la-esquizofrenia-se-cura\/\" \/>\n<meta property=\"og:site_name\" content=\"Mindy Fonasa Blog\" \/>\n<meta property=\"article:published_time\" content=\"2026-03-24T15:26:46+00:00\" \/>\n<meta property=\"article:modified_time\" content=\"2026-03-24T15:33:28+00:00\" \/>\n<meta property=\"og:image\" content=\"https:\/\/fonasa.mindy.cl\/blog\/wp-content\/uploads\/2026\/03\/pexels-catiamatos-980731.jpg\" \/>\n\t<meta property=\"og:image:width\" content=\"640\" \/>\n\t<meta property=\"og:image:height\" content=\"360\" \/>\n\t<meta property=\"og:image:type\" content=\"image\/jpeg\" \/>\n<meta name=\"author\" content=\"estrategamkd@gmail.com\" \/>\n<meta name=\"twitter:card\" content=\"summary_large_image\" \/>\n<meta name=\"twitter:label1\" content=\"Written by\" \/>\n\t<meta name=\"twitter:data1\" content=\"estrategamkd@gmail.com\" \/>\n\t<meta name=\"twitter:label2\" content=\"Est. reading time\" \/>\n\t<meta name=\"twitter:data2\" content=\"8 minutos\" \/>\n<script type=\"application\/ld+json\" class=\"yoast-schema-graph\">{\"@context\":\"https:\/\/schema.org\",\"@graph\":[{\"@type\":\"Article\",\"@id\":\"https:\/\/fonasa.mindy.cl\/blog\/la-esquizofrenia-se-cura\/#article\",\"isPartOf\":{\"@id\":\"https:\/\/fonasa.mindy.cl\/blog\/la-esquizofrenia-se-cura\/\"},\"author\":{\"name\":\"estrategamkd@gmail.com\",\"@id\":\"https:\/\/fonasa.mindy.cl\/blog\/#\/schema\/person\/fa87761528fa733079f7f77181252f28\"},\"headline\":\"La esquizofrenia se cura: Realidades sobre la recuperaci\u00f3n\",\"datePublished\":\"2026-03-24T15:26:46+00:00\",\"dateModified\":\"2026-03-24T15:33:28+00:00\",\"mainEntityOfPage\":{\"@id\":\"https:\/\/fonasa.mindy.cl\/blog\/la-esquizofrenia-se-cura\/\"},\"wordCount\":1669,\"publisher\":{\"@id\":\"https:\/\/fonasa.mindy.cl\/blog\/#organization\"},\"image\":{\"@id\":\"https:\/\/fonasa.mindy.cl\/blog\/la-esquizofrenia-se-cura\/#primaryimage\"},\"thumbnailUrl\":\"https:\/\/fonasa.mindy.cl\/blog\/wp-content\/uploads\/2026\/03\/pexels-catiamatos-980731.jpg\",\"articleSection\":[\"Trastornos\"],\"inLanguage\":\"es-CL\"},{\"@type\":\"WebPage\",\"@id\":\"https:\/\/fonasa.mindy.cl\/blog\/la-esquizofrenia-se-cura\/\",\"url\":\"https:\/\/fonasa.mindy.cl\/blog\/la-esquizofrenia-se-cura\/\",\"name\":\"La esquizofrenia se cura: Realidades sobre la recuperaci\u00f3n\",\"isPartOf\":{\"@id\":\"https:\/\/fonasa.mindy.cl\/blog\/#website\"},\"primaryImageOfPage\":{\"@id\":\"https:\/\/fonasa.mindy.cl\/blog\/la-esquizofrenia-se-cura\/#primaryimage\"},\"image\":{\"@id\":\"https:\/\/fonasa.mindy.cl\/blog\/la-esquizofrenia-se-cura\/#primaryimage\"},\"thumbnailUrl\":\"https:\/\/fonasa.mindy.cl\/blog\/wp-content\/uploads\/2026\/03\/pexels-catiamatos-980731.jpg\",\"datePublished\":\"2026-03-24T15:26:46+00:00\",\"dateModified\":\"2026-03-24T15:33:28+00:00\",\"description\":\"Descubre la verdad sobre si la esquizofrenia se cura y conoce los avances en recuperaci\u00f3n. Apoyo profesional en Fonasa Mindy.\",\"breadcrumb\":{\"@id\":\"https:\/\/fonasa.mindy.cl\/blog\/la-esquizofrenia-se-cura\/#breadcrumb\"},\"inLanguage\":\"es-CL\",\"potentialAction\":[{\"@type\":\"ReadAction\",\"target\":[\"https:\/\/fonasa.mindy.cl\/blog\/la-esquizofrenia-se-cura\/\"]}]},{\"@type\":\"ImageObject\",\"inLanguage\":\"es-CL\",\"@id\":\"https:\/\/fonasa.mindy.cl\/blog\/la-esquizofrenia-se-cura\/#primaryimage\",\"url\":\"https:\/\/fonasa.mindy.cl\/blog\/wp-content\/uploads\/2026\/03\/pexels-catiamatos-980731.jpg\",\"contentUrl\":\"https:\/\/fonasa.mindy.cl\/blog\/wp-content\/uploads\/2026\/03\/pexels-catiamatos-980731.jpg\",\"width\":640,\"height\":360,\"caption\":\"La esquizofrenia se cura\"},{\"@type\":\"BreadcrumbList\",\"@id\":\"https:\/\/fonasa.mindy.cl\/blog\/la-esquizofrenia-se-cura\/#breadcrumb\",\"itemListElement\":[{\"@type\":\"ListItem\",\"position\":1,\"name\":\"Home\",\"item\":\"https:\/\/fonasa.mindy.cl\/blog\/\"},{\"@type\":\"ListItem\",\"position\":2,\"name\":\"La esquizofrenia se cura: Realidades sobre la recuperaci\u00f3n\"}]},{\"@type\":\"WebSite\",\"@id\":\"https:\/\/fonasa.mindy.cl\/blog\/#website\",\"url\":\"https:\/\/fonasa.mindy.cl\/blog\/\",\"name\":\"Mindy Fonasa Blog\",\"description\":\"Un blog de salud mental\",\"publisher\":{\"@id\":\"https:\/\/fonasa.mindy.cl\/blog\/#organization\"},\"potentialAction\":[{\"@type\":\"SearchAction\",\"target\":{\"@type\":\"EntryPoint\",\"urlTemplate\":\"https:\/\/fonasa.mindy.cl\/blog\/?s={search_term_string}\"},\"query-input\":\"required name=search_term_string\"}],\"inLanguage\":\"es-CL\"},{\"@type\":\"Organization\",\"@id\":\"https:\/\/fonasa.mindy.cl\/blog\/#organization\",\"name\":\"Mindy Fonasa Blog\",\"url\":\"https:\/\/fonasa.mindy.cl\/blog\/\",\"logo\":{\"@type\":\"ImageObject\",\"inLanguage\":\"es-CL\",\"@id\":\"https:\/\/fonasa.mindy.cl\/blog\/#\/schema\/logo\/image\/\",\"url\":\"https:\/\/fonasa.mindy.cl\/blog\/wp-content\/uploads\/2024\/07\/logo_cuadrado.png\",\"contentUrl\":\"https:\/\/fonasa.mindy.cl\/blog\/wp-content\/uploads\/2024\/07\/logo_cuadrado.png\",\"width\":300,\"height\":300,\"caption\":\"Mindy Fonasa Blog\"},\"image\":{\"@id\":\"https:\/\/fonasa.mindy.cl\/blog\/#\/schema\/logo\/image\/\"}},{\"@type\":\"Person\",\"@id\":\"https:\/\/fonasa.mindy.cl\/blog\/#\/schema\/person\/fa87761528fa733079f7f77181252f28\",\"name\":\"estrategamkd@gmail.com\",\"url\":\"https:\/\/fonasa.mindy.cl\/blog\/author\/estrategamkdgmail-com\/\"}]}<\/script>\n<!-- \/ Yoast SEO plugin. -->","yoast_head_json":{"title":"La esquizofrenia se cura: Realidades sobre la recuperaci\u00f3n","description":"Descubre la verdad sobre si la esquizofrenia se cura y conoce los avances en recuperaci\u00f3n. Apoyo profesional en Fonasa Mindy.","robots":{"index":"index","follow":"follow","max-snippet":"max-snippet:-1","max-image-preview":"max-image-preview:large","max-video-preview":"max-video-preview:-1"},"canonical":"https:\/\/fonasa.mindy.cl\/blog\/la-esquizofrenia-se-cura\/","og_locale":"es_ES","og_type":"article","og_title":"La esquizofrenia se cura: Realidades sobre la recuperaci\u00f3n","og_description":"Descubre la verdad sobre si la esquizofrenia se cura y conoce los avances en recuperaci\u00f3n. Apoyo profesional en Fonasa Mindy.","og_url":"https:\/\/fonasa.mindy.cl\/blog\/la-esquizofrenia-se-cura\/","og_site_name":"Mindy Fonasa Blog","article_published_time":"2026-03-24T15:26:46+00:00","article_modified_time":"2026-03-24T15:33:28+00:00","og_image":[{"width":640,"height":360,"url":"https:\/\/fonasa.mindy.cl\/blog\/wp-content\/uploads\/2026\/03\/pexels-catiamatos-980731.jpg","type":"image\/jpeg"}],"author":"estrategamkd@gmail.com","twitter_card":"summary_large_image","twitter_misc":{"Written by":"estrategamkd@gmail.com","Est. reading time":"8 minutos"},"schema":{"@context":"https:\/\/schema.org","@graph":[{"@type":"Article","@id":"https:\/\/fonasa.mindy.cl\/blog\/la-esquizofrenia-se-cura\/#article","isPartOf":{"@id":"https:\/\/fonasa.mindy.cl\/blog\/la-esquizofrenia-se-cura\/"},"author":{"name":"estrategamkd@gmail.com","@id":"https:\/\/fonasa.mindy.cl\/blog\/#\/schema\/person\/fa87761528fa733079f7f77181252f28"},"headline":"La esquizofrenia se cura: Realidades sobre la recuperaci\u00f3n","datePublished":"2026-03-24T15:26:46+00:00","dateModified":"2026-03-24T15:33:28+00:00","mainEntityOfPage":{"@id":"https:\/\/fonasa.mindy.cl\/blog\/la-esquizofrenia-se-cura\/"},"wordCount":1669,"publisher":{"@id":"https:\/\/fonasa.mindy.cl\/blog\/#organization"},"image":{"@id":"https:\/\/fonasa.mindy.cl\/blog\/la-esquizofrenia-se-cura\/#primaryimage"},"thumbnailUrl":"https:\/\/fonasa.mindy.cl\/blog\/wp-content\/uploads\/2026\/03\/pexels-catiamatos-980731.jpg","articleSection":["Trastornos"],"inLanguage":"es-CL"},{"@type":"WebPage","@id":"https:\/\/fonasa.mindy.cl\/blog\/la-esquizofrenia-se-cura\/","url":"https:\/\/fonasa.mindy.cl\/blog\/la-esquizofrenia-se-cura\/","name":"La esquizofrenia se cura: Realidades sobre la recuperaci\u00f3n","isPartOf":{"@id":"https:\/\/fonasa.mindy.cl\/blog\/#website"},"primaryImageOfPage":{"@id":"https:\/\/fonasa.mindy.cl\/blog\/la-esquizofrenia-se-cura\/#primaryimage"},"image":{"@id":"https:\/\/fonasa.mindy.cl\/blog\/la-esquizofrenia-se-cura\/#primaryimage"},"thumbnailUrl":"https:\/\/fonasa.mindy.cl\/blog\/wp-content\/uploads\/2026\/03\/pexels-catiamatos-980731.jpg","datePublished":"2026-03-24T15:26:46+00:00","dateModified":"2026-03-24T15:33:28+00:00","description":"Descubre la verdad sobre si la esquizofrenia se cura y conoce los avances en recuperaci\u00f3n. Apoyo profesional en Fonasa Mindy.","breadcrumb":{"@id":"https:\/\/fonasa.mindy.cl\/blog\/la-esquizofrenia-se-cura\/#breadcrumb"},"inLanguage":"es-CL","potentialAction":[{"@type":"ReadAction","target":["https:\/\/fonasa.mindy.cl\/blog\/la-esquizofrenia-se-cura\/"]}]},{"@type":"ImageObject","inLanguage":"es-CL","@id":"https:\/\/fonasa.mindy.cl\/blog\/la-esquizofrenia-se-cura\/#primaryimage","url":"https:\/\/fonasa.mindy.cl\/blog\/wp-content\/uploads\/2026\/03\/pexels-catiamatos-980731.jpg","contentUrl":"https:\/\/fonasa.mindy.cl\/blog\/wp-content\/uploads\/2026\/03\/pexels-catiamatos-980731.jpg","width":640,"height":360,"caption":"La esquizofrenia se cura"},{"@type":"BreadcrumbList","@id":"https:\/\/fonasa.mindy.cl\/blog\/la-esquizofrenia-se-cura\/#breadcrumb","itemListElement":[{"@type":"ListItem","position":1,"name":"Home","item":"https:\/\/fonasa.mindy.cl\/blog\/"},{"@type":"ListItem","position":2,"name":"La esquizofrenia se cura: Realidades sobre la recuperaci\u00f3n"}]},{"@type":"WebSite","@id":"https:\/\/fonasa.mindy.cl\/blog\/#website","url":"https:\/\/fonasa.mindy.cl\/blog\/","name":"Mindy Fonasa Blog","description":"Un blog de salud mental","publisher":{"@id":"https:\/\/fonasa.mindy.cl\/blog\/#organization"},"potentialAction":[{"@type":"SearchAction","target":{"@type":"EntryPoint","urlTemplate":"https:\/\/fonasa.mindy.cl\/blog\/?s={search_term_string}"},"query-input":"required name=search_term_string"}],"inLanguage":"es-CL"},{"@type":"Organization","@id":"https:\/\/fonasa.mindy.cl\/blog\/#organization","name":"Mindy Fonasa Blog","url":"https:\/\/fonasa.mindy.cl\/blog\/","logo":{"@type":"ImageObject","inLanguage":"es-CL","@id":"https:\/\/fonasa.mindy.cl\/blog\/#\/schema\/logo\/image\/","url":"https:\/\/fonasa.mindy.cl\/blog\/wp-content\/uploads\/2024\/07\/logo_cuadrado.png","contentUrl":"https:\/\/fonasa.mindy.cl\/blog\/wp-content\/uploads\/2024\/07\/logo_cuadrado.png","width":300,"height":300,"caption":"Mindy Fonasa Blog"},"image":{"@id":"https:\/\/fonasa.mindy.cl\/blog\/#\/schema\/logo\/image\/"}},{"@type":"Person","@id":"https:\/\/fonasa.mindy.cl\/blog\/#\/schema\/person\/fa87761528fa733079f7f77181252f28","name":"estrategamkd@gmail.com","url":"https:\/\/fonasa.mindy.cl\/blog\/author\/estrategamkdgmail-com\/"}]}},"_links":{"self":[{"href":"https:\/\/fonasa.mindy.cl\/blog\/wp-json\/wp\/v2\/posts\/1607"}],"collection":[{"href":"https:\/\/fonasa.mindy.cl\/blog\/wp-json\/wp\/v2\/posts"}],"about":[{"href":"https:\/\/fonasa.mindy.cl\/blog\/wp-json\/wp\/v2\/types\/post"}],"author":[{"embeddable":true,"href":"https:\/\/fonasa.mindy.cl\/blog\/wp-json\/wp\/v2\/users\/3"}],"replies":[{"embeddable":true,"href":"https:\/\/fonasa.mindy.cl\/blog\/wp-json\/wp\/v2\/comments?post=1607"}],"version-history":[{"count":7,"href":"https:\/\/fonasa.mindy.cl\/blog\/wp-json\/wp\/v2\/posts\/1607\/revisions"}],"predecessor-version":[{"id":1623,"href":"https:\/\/fonasa.mindy.cl\/blog\/wp-json\/wp\/v2\/posts\/1607\/revisions\/1623"}],"wp:featuredmedia":[{"embeddable":true,"href":"https:\/\/fonasa.mindy.cl\/blog\/wp-json\/wp\/v2\/media\/1611"}],"wp:attachment":[{"href":"https:\/\/fonasa.mindy.cl\/blog\/wp-json\/wp\/v2\/media?parent=1607"}],"wp:term":[{"taxonomy":"category","embeddable":true,"href":"https:\/\/fonasa.mindy.cl\/blog\/wp-json\/wp\/v2\/categories?post=1607"},{"taxonomy":"post_tag","embeddable":true,"href":"https:\/\/fonasa.mindy.cl\/blog\/wp-json\/wp\/v2\/tags?post=1607"}],"curies":[{"name":"wp","href":"https:\/\/api.w.org\/{rel}","templated":true}]}}