{"id":1527,"date":"2026-03-23T12:46:06","date_gmt":"2026-03-23T15:46:06","guid":{"rendered":"https:\/\/fonasa.mindy.cl\/blog\/?p=1527"},"modified":"2026-03-24T16:10:49","modified_gmt":"2026-03-24T19:10:49","slug":"sintomas-de-ansiedad-generalizada","status":"publish","type":"post","link":"https:\/\/fonasa.mindy.cl\/blog\/sintomas-de-ansiedad-generalizada\/","title":{"rendered":"S\u00edntomas de ansiedad generalizada: M\u00e1s all\u00e1 de la preocupaci\u00f3n constante"},"content":{"rendered":"\n<p>Vivir con la sensaci\u00f3n de que algo malo est\u00e1 a punto de suceder, incluso cuando no hay una amenaza real, es agotador. No es simplemente &#8220;estar estresado&#8221; por el trabajo o los estudios; es una fatiga del alma y del cuerpo que parece no tener un bot\u00f3n de apagado. Si te identificas con esa rumiaci\u00f3n mental que te quita el sue\u00f1o o con una tensi\u00f3n muscular que ya te parece normal, podr\u00edas estar experimentando <strong>sintomas de ansiedad generalizada<\/strong>. En las pr\u00f3ximas 2500 palabras, desglosaremos la biolog\u00eda detr\u00e1s de este estado, c\u00f3mo la cultura chilena moldea nuestra respuesta al malestar y, lo m\u00e1s importante, c\u00f3mo empezar a desmantelar este ciclo de alerta permanente para recuperar tu tranquilidad.<\/p>\n\n\n\n<h2 class=\"wp-block-heading has-x-large-font-size\">El &#8220;D\u00eda a D\u00eda&#8221;: La vida bajo el lente de la hipervigilancia<\/h2>\n\n\n\n<p>Imagina que despiertas y, antes de abrir los ojos, una lista de pendientes y posibles cat\u00e1strofes inunda tu mente. Revisas el pron\u00f3stico del tiempo y te preocupa que la lluvia cause un accidente; miras tu correo y un mensaje breve de tu jefe te hace pensar que ser\u00e1s despedido. Esta cadena de pensamientos es una manifestaci\u00f3n clara de los <strong>sintomas de ansiedad generalizada<\/strong> en la cotidianidad.<\/p>\n\n\n\n<p>Para quien padece este cuadro, el mundo se vuelve un lugar hostil. La <strong>hipervigilancia<\/strong> \u2014un estado de sensibilidad extrema a los est\u00edmulos\u2014 hace que un ruido fuerte o un cambio de planes de \u00faltimo minuto se sientan como una emergencia vital. No es una elecci\u00f3n; es tu sistema nervioso operando bajo una falsa alarma constante.<\/p>\n\n\n\n<h3 class=\"wp-block-heading has-large-font-size\">Escenarios comunes de la ansiedad diaria:<\/h3>\n\n\n\n<ul>\n<li><strong>Dificultad para decidir:<\/strong> Invertir demasiado tiempo en elecciones triviales por miedo a cometer un error irreparable.<\/li>\n\n\n\n<li><strong>Procrastinaci\u00f3n por agobio:<\/strong> Sentirse tan abrumado por la &#8220;perfecci\u00f3n&#8221; requerida que el cerebro prefiere desconectarse y postergar.<\/li>\n\n\n\n<li><strong>Fatiga parad\u00f3jica:<\/strong> Estar f\u00edsicamente exhausto pero mentalmente acelerado al momento de intentar dormir.<\/li>\n<\/ul>\n\n\n\n<h2 class=\"wp-block-heading has-x-large-font-size\">Neurociencia de los s\u00edntomas de ansiedad generalizada<\/h2>\n\n\n\n<p>\u00bfPor qu\u00e9 tu cerebro se comporta as\u00ed? La respuesta est\u00e1 en la comunicaci\u00f3n entre diferentes regiones cerebrales. La <strong>am\u00edgdala<\/strong>, nuestro centro de procesamiento emocional, env\u00eda se\u00f1ales de p\u00e1nico a la <strong>corteza prefrontal<\/strong>, que es la encargada de la l\u00f3gica. En un cerebro con <strong>sintomas de ansiedad generalizada<\/strong>, esta comunicaci\u00f3n se ve alterada: la am\u00edgdala grita demasiado fuerte y la corteza prefrontal no logra calmarla.<\/p>\n\n\n\n<p>A nivel qu\u00edmico, existe una regulaci\u00f3n deficiente del <strong>GABA<\/strong>, el principal neurotransmisor inhibidor del sistema nervioso. Imagina al GABA como el pedal del freno de un auto; si el freno falla, el motor sigue acelerando aunque no quieras avanzar. Adem\u00e1s, el <strong>eje hipotal\u00e1mico-pituitario-adrenal (HPA)<\/strong> se mantiene sobreexcitado, inundando tu torrente sangu\u00edneo con cortisol y noradrenalina.<\/p>\n\n\n\n<h3 class=\"wp-block-heading has-large-font-size\">La cascada biol\u00f3gica del estr\u00e9s cr\u00f3nico:<\/h3>\n\n\n\n<ol start=\"1\">\n<li><strong>Activaci\u00f3n del Eje HPA:<\/strong> Se liberan hormonas que preparan al cuerpo para la huida.<\/li>\n\n\n\n<li><strong>Supresi\u00f3n de funciones no vitales:<\/strong> El sistema digestivo e inmunol\u00f3gico pasan a segundo plano, lo que explica los malestares estomacales frecuentes.<\/li>\n\n\n\n<li><strong>Tensi\u00f3n muscular sostenida:<\/strong> El cerebro ordena a los m\u00fasculos estar listos para el impacto, generando dolores cr\u00f3nicos en cuello y espalda.<\/li>\n<\/ol>\n\n\n\n<h2 class=\"wp-block-heading has-x-large-font-size\">La &#8220;cultura del aguante&#8221; y el estigma de la s\u00edntomas de ansiedad generalizada<\/h2>\n\n\n\n<figure class=\"wp-block-image aligncenter size-full\"><img loading=\"lazy\" decoding=\"async\" width=\"640\" height=\"427\" src=\"https:\/\/fonasa.mindy.cl\/blog\/wp-content\/uploads\/2026\/03\/pexels-rdne-9065261.jpg\" alt=\"sintomas de ansiedad generalizada\" class=\"wp-image-1530\"\/><\/figure>\n\n\n\n<p>En Chile, los <strong>sintomas de ansiedad generalizada<\/strong> a menudo se camuflan bajo la etiqueta de ser una persona &#8220;responsable&#8221; o &#8220;trabajadora&#8221;. Existe una presi\u00f3n social impl\u00edcita, especialmente en ciudades con ritmos fren\u00e9ticos como Santiago, donde el \u00e9xito se mide por la cantidad de horas que estamos conectados o la capacidad de &#8220;aguantar&#8221; altos niveles de presi\u00f3n sin quejarse.<\/p>\n\n\n\n<p>Esta cultura del rendimiento invisibiliza el sufrimiento. Muchos chilenos llegan a la consulta psicol\u00f3gica solo cuando los s\u00edntomas f\u00edsicos son incapacitantes, como crisis de p\u00e1nico o colon irritable severo, pudiendo llegar a la <strong><a href=\"https:\/\/fonasa.mindy.cl\/blog\/sintomas-de-ansiedad-generalizada\/\">ansiedad cr\u00f3nica<\/a><\/strong>. La evidencia cl\u00ednica sugiere que el entorno laboral y la incertidumbre econ\u00f3mica son disparadores potentes en nuestra sociedad, exacerbando la predisposici\u00f3n gen\u00e9tica a la ansiedad.<\/p>\n\n\n\n<h3 class=\"wp-block-heading has-large-font-size\">Desmitificando creencias populares en nuestra sociedad<\/h3>\n\n\n\n<ul>\n<li><strong>&#8220;La ansiedad es falta de voluntad&#8221;:<\/strong> Falso. Los <strong>sintomas de ansiedad generalizada<\/strong> son el resultado de procesos neuroqu\u00edmicos y experiencias de vida, no un defecto de car\u00e1cter.<\/li>\n\n\n\n<li><strong>&#8220;Tomar hierbas naturales es suficiente&#8221;:<\/strong> Si bien ayudan, la ansiedad generalizada requiere un enfoque psicoterap\u00e9utico para cambiar los esquemas de pensamiento profundos.<\/li>\n\n\n\n<li><strong>&#8220;Si me ignoro, se me pasa&#8221;:<\/strong> Al contrario, la ansiedad no atendida tiende a cronificarse y afectar la salud cardiovascular a largo plazo.<\/li>\n<\/ul>\n\n\n\n<h2 class=\"wp-block-heading has-x-large-font-size\">Diferenciaci\u00f3n por etapas: C\u00f3mo evoluciona la alerta en los s\u00edntomas de ansiedad generalizada<\/h2>\n\n\n\n<p>Los <strong>sintomas de ansiedad generalizada<\/strong> no se manifiestan igual en un universitario que en una persona que est\u00e1 entrando a la jubilaci\u00f3n. La biolog\u00eda y las demandas sociales cambian, y con ellas, la forma en que el cuerpo expresa su malestar.<\/p>\n\n\n\n<p>En los adultos j\u00f3venes, la ansiedad suele centrarse en el rendimiento acad\u00e9mico y la inserci\u00f3n laboral. En cambio, en la adultez media, las preocupaciones giran en torno a la crianza, la estabilidad financiera y la salud de los padres. Para los adultos mayores, la ansiedad generalizada puede confundirse con problemas de salud f\u00edsica, manifest\u00e1ndose a menudo como una preocupaci\u00f3n excesiva por la autonom\u00eda y el miedo a la enfermedad. De all\u00ed la pregunta si la <strong><a href=\"https:\/\/fonasa.mindy.cl\/blog\/la-ansiedad-es-una-enfermedad\/\">ansiedad es una enfermedad<\/a><\/strong>.<\/p>\n\n\n\n<h3 class=\"wp-block-heading has-large-font-size\">Comparativa de manifestaciones seg\u00fan la edad:<\/h3>\n\n\n\n<ol start=\"1\">\n<li><strong>Etapa de formaci\u00f3n:<\/strong> Dificultad para concentrarse, irritabilidad y miedo al juicio de los pares.<\/li>\n\n\n\n<li><strong>Etapa de consolidaci\u00f3n (Adultos):<\/strong> Tensi\u00f3n muscular extrema, insomnio de conciliaci\u00f3n y rumiaci\u00f3n sobre responsabilidades familiares.<\/li>\n\n\n\n<li><strong>Etapa de plenitud (Adultos mayores):<\/strong> Agitaci\u00f3n psicomotriz y preocupaciones hipocondr\u00edacas (fijaci\u00f3n excesiva en sensaciones corporales).<\/li>\n<\/ol>\n\n\n\n<h2 class=\"wp-block-heading has-x-large-font-size\">Perspectiva Evolutiva: \u00bfPara qu\u00e9 sirve la preocupaci\u00f3n?<\/h2>\n\n\n\n<p>Desde un punto de vista evolutivo, tener <strong>sintomas de ansiedad generalizada<\/strong> es tener un sistema de seguridad que nunca descansa. Nuestros ancestros necesitaban anticipar peligros: una sequ\u00eda, un depredador o un conflicto con otra tribu. Aquellos que eran m\u00e1s &#8220;preocupados&#8221; ten\u00edan mayores probabilidades de sobrevivir porque se preparaban para el peor escenario.<\/p>\n\n\n\n<p>El problema es que hoy no nos enfrentamos a tigres, sino a correos electr\u00f3nicos, deudas y expectativas sociales. Tu cerebro sigue usando el mismo software de supervivencia de hace 50.000 a\u00f1os para problemas modernos que no se resuelven luchando o huyendo. Esta <strong>desadaptaci\u00f3n evolutiva<\/strong> es la que genera que el s\u00edntoma se vuelva un trastorno cuando ya no cumple una funci\u00f3n protectora y empieza a sabotear tu calidad de vida.<\/p>\n\n\n\n<h3 class=\"wp-block-heading has-large-font-size\">Fases de la respuesta ancestral en el mundo moderno:<\/h3>\n\n\n\n<ul>\n<li><strong>Fase de Evaluaci\u00f3n:<\/strong> El cerebro detecta una posible amenaza (ej: una cr\u00edtica social).<\/li>\n\n\n\n<li><strong>Fase de Movilizaci\u00f3n:<\/strong> El cuerpo se tensa y el coraz\u00f3n se acelera para &#8220;escapar&#8221;.<\/li>\n\n\n\n<li><strong>Fase de Agotamiento:<\/strong> Al no poder huir f\u00edsicamente del problema, el sistema permanece en alerta hasta colapsar por fatiga.<\/li>\n<\/ul>\n\n\n\n<h2 class=\"wp-block-heading has-x-large-font-size\">Fonasa Mindy: Tu aliado frente a los sintomas de ansiedad generalizada<\/h2>\n\n\n\n<figure class=\"wp-block-image aligncenter size-full\"><img loading=\"lazy\" decoding=\"async\" width=\"640\" height=\"427\" src=\"https:\/\/fonasa.mindy.cl\/blog\/wp-content\/uploads\/2026\/03\/pexels-towfiqu-barbhuiya-3440682-10941392-1.jpg\" alt=\"sintomas de ansiedad generalizada\" class=\"wp-image-1532\"\/><\/figure>\n\n\n\n<p>Abordar los <strong>sintomas de ansiedad generalizada<\/strong> requiere un espacio donde te sientas escuchado sin juicios. La terapia online ofrece una ventaja \u00fanica para quienes sufren de ansiedad: la posibilidad de iniciar el proceso desde la comodidad y seguridad de tu hogar. Esto elimina el estr\u00e9s del desplazamiento y permite que la apertura emocional ocurra de manera m\u00e1s fluida.<\/p>\n\n\n\n<p>En Mindy, entendemos que la salud mental debe ser accesible. A trav\u00e9s del convenio con Fonasa, puedes acceder a psic\u00f3logos especializados que te ayudar\u00e1n a identificar tus patrones de pensamiento y te brindar\u00e1n herramientas pr\u00e1cticas de regulaci\u00f3n emocional. No tienes que cargar con el peso de la preocupaci\u00f3n constante t\u00fa solo; la evidencia cl\u00ednica indica que el acompa\u00f1amiento profesional es el camino m\u00e1s efectivo hacia la remisi\u00f3n de los s\u00edntomas.<\/p>\n\n\n\n<p>Inicia tu camino hacia la calma hoy mismo: <a target=\"_blank\" rel=\"noreferrer noopener\" href=\"https:\/\/fonasa.mindy.cl\/\">Psic\u00f3logos online Fonasa Mindy<\/a>.<\/p>\n\n\n\n<h2 class=\"wp-block-heading has-x-large-font-size\">Fonasa Mindy: Espacio seguro para desarmar tus miedos<\/h2>\n\n\n\n<p>Superar los <strong>sintomas de ansiedad generalizada<\/strong> no es un proceso lineal, pero es absolutamente posible. El primer paso es reconocer que esa voz que te dice que todo va a salir mal es solo un s\u00edntoma, no una verdad absoluta. Al entender la biolog\u00eda de tu cerebro y las presiones de tu entorno, empiezas a recuperar el poder sobre tus pensamientos.<\/p>\n\n\n\n<p>La salud mental es un derecho, y cuidar de ti mismo es la inversi\u00f3n m\u00e1s importante que puedes realizar. Perm\u00edtete soltar la &#8220;cultura del aguante&#8221; y busca el bienestar que mereces para vivir una vida plena, presente y con prop\u00f3sito.<\/p>\n\n\n\n<p>Si est\u00e1s listo para dar el paso, estamos aqu\u00ed para acompa\u00f1arte en cada etapa de tu proceso.<\/p>\n\n\n\n<ul>\n<li>Accede a terapia con beneficios Fonasa: <a href=\"https:\/\/fonasa.mindy.cl\/\" target=\"_blank\" rel=\"noreferrer noopener\">Fonasa Mindy<\/a><\/li>\n\n\n\n<li>Explora m\u00e1s recursos sobre bienestar: <a href=\"https:\/\/mindy.cl\/\" target=\"_blank\" rel=\"noreferrer noopener\">Mindy<\/a><\/li>\n<\/ul>\n\n\n\n<h2 class=\"wp-block-heading has-x-large-font-size\">\u00bfC\u00f3mo te sientes hoy? Mide tu nivel de ansiedad en minutos<\/h2>\n\n\n\n<p>Entender lo que est\u00e1s pasando es el primer paso para sentirte mejor. Hemos dise\u00f1ado un <strong>test r\u00e1pido de ansiedad<\/strong> que te ayudar\u00e1 a identificar tus s\u00edntomas y conectar con el profesional ideal para tu proceso. Haz clic en el siguiente enlace, completa el quiz y comienza tu camino hacia el bienestar con el respaldo de Fonasa: <\/p>\n\n\n\n<p>\ud83d\udc49 <a href=\"https:\/\/form.typeform.com\/to\/nF2A9qZT\" target=\"_blank\" rel=\"noreferrer noopener\">Realizar el Quiz de Ansiedad<\/a><\/p>\n\n\n\n<p><\/p>\n","protected":false},"excerpt":{"rendered":"<p>Vivir con la sensaci\u00f3n de que algo malo est\u00e1 a punto de suceder, incluso cuando no hay una amenaza real, es agotador. No es simplemente &#8220;estar estresado&#8221; por el trabajo o los estudios; es una fatiga del alma y del cuerpo que parece no tener un bot\u00f3n de apagado. Si te identificas con esa rumiaci\u00f3n [&hellip;]<\/p>\n","protected":false},"author":3,"featured_media":1529,"comment_status":"closed","ping_status":"closed","sticky":false,"template":"","format":"standard","meta":{"footnotes":""},"categories":[274],"tags":[],"yoast_head":"<!-- This site is optimized with the Yoast SEO plugin v23.0 - https:\/\/yoast.com\/wordpress\/plugins\/seo\/ -->\n<title>S\u00edntomas de ansiedad generalizada: M\u00e1s all\u00e1 de la preocupaci\u00f3n<\/title>\n<meta name=\"description\" content=\"Identifica los s\u00edntomas de ansiedad generalizada y entiende c\u00f3mo afectan tu salud. Aprende a recuperar la calma con apoyo en Fonasa Mindy.\" \/>\n<meta name=\"robots\" content=\"index, follow, max-snippet:-1, max-image-preview:large, max-video-preview:-1\" \/>\n<link rel=\"canonical\" href=\"https:\/\/fonasa.mindy.cl\/blog\/sintomas-de-ansiedad-generalizada\/\" \/>\n<meta property=\"og:locale\" content=\"es_ES\" \/>\n<meta property=\"og:type\" content=\"article\" \/>\n<meta property=\"og:title\" content=\"S\u00edntomas de ansiedad generalizada: M\u00e1s all\u00e1 de la preocupaci\u00f3n\" \/>\n<meta property=\"og:description\" content=\"Identifica los s\u00edntomas de ansiedad generalizada y entiende c\u00f3mo afectan tu salud. Aprende a recuperar la calma con apoyo en Fonasa Mindy.\" \/>\n<meta property=\"og:url\" content=\"https:\/\/fonasa.mindy.cl\/blog\/sintomas-de-ansiedad-generalizada\/\" \/>\n<meta property=\"og:site_name\" content=\"Mindy Fonasa Blog\" \/>\n<meta property=\"article:published_time\" content=\"2026-03-23T15:46:06+00:00\" \/>\n<meta property=\"article:modified_time\" content=\"2026-03-24T19:10:49+00:00\" \/>\n<meta property=\"og:image\" content=\"https:\/\/fonasa.mindy.cl\/blog\/wp-content\/uploads\/2026\/03\/pexels-towfiqu-barbhuiya-3440682-14569658.jpg\" \/>\n\t<meta property=\"og:image:width\" content=\"640\" \/>\n\t<meta property=\"og:image:height\" content=\"427\" \/>\n\t<meta property=\"og:image:type\" content=\"image\/jpeg\" \/>\n<meta name=\"author\" content=\"estrategamkd@gmail.com\" \/>\n<meta name=\"twitter:card\" content=\"summary_large_image\" \/>\n<meta name=\"twitter:label1\" content=\"Written by\" \/>\n\t<meta name=\"twitter:data1\" content=\"estrategamkd@gmail.com\" \/>\n\t<meta name=\"twitter:label2\" content=\"Est. reading time\" \/>\n\t<meta name=\"twitter:data2\" content=\"7 minutos\" \/>\n<script type=\"application\/ld+json\" class=\"yoast-schema-graph\">{\"@context\":\"https:\/\/schema.org\",\"@graph\":[{\"@type\":\"Article\",\"@id\":\"https:\/\/fonasa.mindy.cl\/blog\/sintomas-de-ansiedad-generalizada\/#article\",\"isPartOf\":{\"@id\":\"https:\/\/fonasa.mindy.cl\/blog\/sintomas-de-ansiedad-generalizada\/\"},\"author\":{\"name\":\"estrategamkd@gmail.com\",\"@id\":\"https:\/\/fonasa.mindy.cl\/blog\/#\/schema\/person\/fa87761528fa733079f7f77181252f28\"},\"headline\":\"S\u00edntomas de ansiedad generalizada: M\u00e1s all\u00e1 de la preocupaci\u00f3n constante\",\"datePublished\":\"2026-03-23T15:46:06+00:00\",\"dateModified\":\"2026-03-24T19:10:49+00:00\",\"mainEntityOfPage\":{\"@id\":\"https:\/\/fonasa.mindy.cl\/blog\/sintomas-de-ansiedad-generalizada\/\"},\"wordCount\":1567,\"publisher\":{\"@id\":\"https:\/\/fonasa.mindy.cl\/blog\/#organization\"},\"image\":{\"@id\":\"https:\/\/fonasa.mindy.cl\/blog\/sintomas-de-ansiedad-generalizada\/#primaryimage\"},\"thumbnailUrl\":\"https:\/\/fonasa.mindy.cl\/blog\/wp-content\/uploads\/2026\/03\/pexels-towfiqu-barbhuiya-3440682-14569658.jpg\",\"articleSection\":[\"Ansiedad\"],\"inLanguage\":\"es-CL\"},{\"@type\":\"WebPage\",\"@id\":\"https:\/\/fonasa.mindy.cl\/blog\/sintomas-de-ansiedad-generalizada\/\",\"url\":\"https:\/\/fonasa.mindy.cl\/blog\/sintomas-de-ansiedad-generalizada\/\",\"name\":\"S\u00edntomas de ansiedad generalizada: M\u00e1s all\u00e1 de la preocupaci\u00f3n\",\"isPartOf\":{\"@id\":\"https:\/\/fonasa.mindy.cl\/blog\/#website\"},\"primaryImageOfPage\":{\"@id\":\"https:\/\/fonasa.mindy.cl\/blog\/sintomas-de-ansiedad-generalizada\/#primaryimage\"},\"image\":{\"@id\":\"https:\/\/fonasa.mindy.cl\/blog\/sintomas-de-ansiedad-generalizada\/#primaryimage\"},\"thumbnailUrl\":\"https:\/\/fonasa.mindy.cl\/blog\/wp-content\/uploads\/2026\/03\/pexels-towfiqu-barbhuiya-3440682-14569658.jpg\",\"datePublished\":\"2026-03-23T15:46:06+00:00\",\"dateModified\":\"2026-03-24T19:10:49+00:00\",\"description\":\"Identifica los s\u00edntomas de ansiedad generalizada y entiende c\u00f3mo afectan tu salud. Aprende a recuperar la calma con apoyo en Fonasa Mindy.\",\"breadcrumb\":{\"@id\":\"https:\/\/fonasa.mindy.cl\/blog\/sintomas-de-ansiedad-generalizada\/#breadcrumb\"},\"inLanguage\":\"es-CL\",\"potentialAction\":[{\"@type\":\"ReadAction\",\"target\":[\"https:\/\/fonasa.mindy.cl\/blog\/sintomas-de-ansiedad-generalizada\/\"]}]},{\"@type\":\"ImageObject\",\"inLanguage\":\"es-CL\",\"@id\":\"https:\/\/fonasa.mindy.cl\/blog\/sintomas-de-ansiedad-generalizada\/#primaryimage\",\"url\":\"https:\/\/fonasa.mindy.cl\/blog\/wp-content\/uploads\/2026\/03\/pexels-towfiqu-barbhuiya-3440682-14569658.jpg\",\"contentUrl\":\"https:\/\/fonasa.mindy.cl\/blog\/wp-content\/uploads\/2026\/03\/pexels-towfiqu-barbhuiya-3440682-14569658.jpg\",\"width\":640,\"height\":427,\"caption\":\"sintomas de ansiedad generalizada\"},{\"@type\":\"BreadcrumbList\",\"@id\":\"https:\/\/fonasa.mindy.cl\/blog\/sintomas-de-ansiedad-generalizada\/#breadcrumb\",\"itemListElement\":[{\"@type\":\"ListItem\",\"position\":1,\"name\":\"Home\",\"item\":\"https:\/\/fonasa.mindy.cl\/blog\/\"},{\"@type\":\"ListItem\",\"position\":2,\"name\":\"S\u00edntomas de ansiedad generalizada: M\u00e1s all\u00e1 de la preocupaci\u00f3n constante\"}]},{\"@type\":\"WebSite\",\"@id\":\"https:\/\/fonasa.mindy.cl\/blog\/#website\",\"url\":\"https:\/\/fonasa.mindy.cl\/blog\/\",\"name\":\"Mindy Fonasa Blog\",\"description\":\"Un blog de salud mental\",\"publisher\":{\"@id\":\"https:\/\/fonasa.mindy.cl\/blog\/#organization\"},\"potentialAction\":[{\"@type\":\"SearchAction\",\"target\":{\"@type\":\"EntryPoint\",\"urlTemplate\":\"https:\/\/fonasa.mindy.cl\/blog\/?s={search_term_string}\"},\"query-input\":\"required name=search_term_string\"}],\"inLanguage\":\"es-CL\"},{\"@type\":\"Organization\",\"@id\":\"https:\/\/fonasa.mindy.cl\/blog\/#organization\",\"name\":\"Mindy Fonasa Blog\",\"url\":\"https:\/\/fonasa.mindy.cl\/blog\/\",\"logo\":{\"@type\":\"ImageObject\",\"inLanguage\":\"es-CL\",\"@id\":\"https:\/\/fonasa.mindy.cl\/blog\/#\/schema\/logo\/image\/\",\"url\":\"https:\/\/fonasa.mindy.cl\/blog\/wp-content\/uploads\/2024\/07\/logo_cuadrado.png\",\"contentUrl\":\"https:\/\/fonasa.mindy.cl\/blog\/wp-content\/uploads\/2024\/07\/logo_cuadrado.png\",\"width\":300,\"height\":300,\"caption\":\"Mindy Fonasa Blog\"},\"image\":{\"@id\":\"https:\/\/fonasa.mindy.cl\/blog\/#\/schema\/logo\/image\/\"}},{\"@type\":\"Person\",\"@id\":\"https:\/\/fonasa.mindy.cl\/blog\/#\/schema\/person\/fa87761528fa733079f7f77181252f28\",\"name\":\"estrategamkd@gmail.com\",\"url\":\"https:\/\/fonasa.mindy.cl\/blog\/author\/estrategamkdgmail-com\/\"}]}<\/script>\n<!-- \/ Yoast SEO plugin. -->","yoast_head_json":{"title":"S\u00edntomas de ansiedad generalizada: M\u00e1s all\u00e1 de la preocupaci\u00f3n","description":"Identifica los s\u00edntomas de ansiedad generalizada y entiende c\u00f3mo afectan tu salud. Aprende a recuperar la calma con apoyo en Fonasa Mindy.","robots":{"index":"index","follow":"follow","max-snippet":"max-snippet:-1","max-image-preview":"max-image-preview:large","max-video-preview":"max-video-preview:-1"},"canonical":"https:\/\/fonasa.mindy.cl\/blog\/sintomas-de-ansiedad-generalizada\/","og_locale":"es_ES","og_type":"article","og_title":"S\u00edntomas de ansiedad generalizada: M\u00e1s all\u00e1 de la preocupaci\u00f3n","og_description":"Identifica los s\u00edntomas de ansiedad generalizada y entiende c\u00f3mo afectan tu salud. Aprende a recuperar la calma con apoyo en Fonasa Mindy.","og_url":"https:\/\/fonasa.mindy.cl\/blog\/sintomas-de-ansiedad-generalizada\/","og_site_name":"Mindy Fonasa Blog","article_published_time":"2026-03-23T15:46:06+00:00","article_modified_time":"2026-03-24T19:10:49+00:00","og_image":[{"width":640,"height":427,"url":"https:\/\/fonasa.mindy.cl\/blog\/wp-content\/uploads\/2026\/03\/pexels-towfiqu-barbhuiya-3440682-14569658.jpg","type":"image\/jpeg"}],"author":"estrategamkd@gmail.com","twitter_card":"summary_large_image","twitter_misc":{"Written by":"estrategamkd@gmail.com","Est. reading time":"7 minutos"},"schema":{"@context":"https:\/\/schema.org","@graph":[{"@type":"Article","@id":"https:\/\/fonasa.mindy.cl\/blog\/sintomas-de-ansiedad-generalizada\/#article","isPartOf":{"@id":"https:\/\/fonasa.mindy.cl\/blog\/sintomas-de-ansiedad-generalizada\/"},"author":{"name":"estrategamkd@gmail.com","@id":"https:\/\/fonasa.mindy.cl\/blog\/#\/schema\/person\/fa87761528fa733079f7f77181252f28"},"headline":"S\u00edntomas de ansiedad generalizada: M\u00e1s all\u00e1 de la preocupaci\u00f3n constante","datePublished":"2026-03-23T15:46:06+00:00","dateModified":"2026-03-24T19:10:49+00:00","mainEntityOfPage":{"@id":"https:\/\/fonasa.mindy.cl\/blog\/sintomas-de-ansiedad-generalizada\/"},"wordCount":1567,"publisher":{"@id":"https:\/\/fonasa.mindy.cl\/blog\/#organization"},"image":{"@id":"https:\/\/fonasa.mindy.cl\/blog\/sintomas-de-ansiedad-generalizada\/#primaryimage"},"thumbnailUrl":"https:\/\/fonasa.mindy.cl\/blog\/wp-content\/uploads\/2026\/03\/pexels-towfiqu-barbhuiya-3440682-14569658.jpg","articleSection":["Ansiedad"],"inLanguage":"es-CL"},{"@type":"WebPage","@id":"https:\/\/fonasa.mindy.cl\/blog\/sintomas-de-ansiedad-generalizada\/","url":"https:\/\/fonasa.mindy.cl\/blog\/sintomas-de-ansiedad-generalizada\/","name":"S\u00edntomas de ansiedad generalizada: M\u00e1s all\u00e1 de la preocupaci\u00f3n","isPartOf":{"@id":"https:\/\/fonasa.mindy.cl\/blog\/#website"},"primaryImageOfPage":{"@id":"https:\/\/fonasa.mindy.cl\/blog\/sintomas-de-ansiedad-generalizada\/#primaryimage"},"image":{"@id":"https:\/\/fonasa.mindy.cl\/blog\/sintomas-de-ansiedad-generalizada\/#primaryimage"},"thumbnailUrl":"https:\/\/fonasa.mindy.cl\/blog\/wp-content\/uploads\/2026\/03\/pexels-towfiqu-barbhuiya-3440682-14569658.jpg","datePublished":"2026-03-23T15:46:06+00:00","dateModified":"2026-03-24T19:10:49+00:00","description":"Identifica los s\u00edntomas de ansiedad generalizada y entiende c\u00f3mo afectan tu salud. Aprende a recuperar la calma con apoyo en Fonasa Mindy.","breadcrumb":{"@id":"https:\/\/fonasa.mindy.cl\/blog\/sintomas-de-ansiedad-generalizada\/#breadcrumb"},"inLanguage":"es-CL","potentialAction":[{"@type":"ReadAction","target":["https:\/\/fonasa.mindy.cl\/blog\/sintomas-de-ansiedad-generalizada\/"]}]},{"@type":"ImageObject","inLanguage":"es-CL","@id":"https:\/\/fonasa.mindy.cl\/blog\/sintomas-de-ansiedad-generalizada\/#primaryimage","url":"https:\/\/fonasa.mindy.cl\/blog\/wp-content\/uploads\/2026\/03\/pexels-towfiqu-barbhuiya-3440682-14569658.jpg","contentUrl":"https:\/\/fonasa.mindy.cl\/blog\/wp-content\/uploads\/2026\/03\/pexels-towfiqu-barbhuiya-3440682-14569658.jpg","width":640,"height":427,"caption":"sintomas de ansiedad generalizada"},{"@type":"BreadcrumbList","@id":"https:\/\/fonasa.mindy.cl\/blog\/sintomas-de-ansiedad-generalizada\/#breadcrumb","itemListElement":[{"@type":"ListItem","position":1,"name":"Home","item":"https:\/\/fonasa.mindy.cl\/blog\/"},{"@type":"ListItem","position":2,"name":"S\u00edntomas de ansiedad generalizada: M\u00e1s all\u00e1 de la preocupaci\u00f3n constante"}]},{"@type":"WebSite","@id":"https:\/\/fonasa.mindy.cl\/blog\/#website","url":"https:\/\/fonasa.mindy.cl\/blog\/","name":"Mindy Fonasa Blog","description":"Un blog de salud mental","publisher":{"@id":"https:\/\/fonasa.mindy.cl\/blog\/#organization"},"potentialAction":[{"@type":"SearchAction","target":{"@type":"EntryPoint","urlTemplate":"https:\/\/fonasa.mindy.cl\/blog\/?s={search_term_string}"},"query-input":"required name=search_term_string"}],"inLanguage":"es-CL"},{"@type":"Organization","@id":"https:\/\/fonasa.mindy.cl\/blog\/#organization","name":"Mindy Fonasa Blog","url":"https:\/\/fonasa.mindy.cl\/blog\/","logo":{"@type":"ImageObject","inLanguage":"es-CL","@id":"https:\/\/fonasa.mindy.cl\/blog\/#\/schema\/logo\/image\/","url":"https:\/\/fonasa.mindy.cl\/blog\/wp-content\/uploads\/2024\/07\/logo_cuadrado.png","contentUrl":"https:\/\/fonasa.mindy.cl\/blog\/wp-content\/uploads\/2024\/07\/logo_cuadrado.png","width":300,"height":300,"caption":"Mindy Fonasa Blog"},"image":{"@id":"https:\/\/fonasa.mindy.cl\/blog\/#\/schema\/logo\/image\/"}},{"@type":"Person","@id":"https:\/\/fonasa.mindy.cl\/blog\/#\/schema\/person\/fa87761528fa733079f7f77181252f28","name":"estrategamkd@gmail.com","url":"https:\/\/fonasa.mindy.cl\/blog\/author\/estrategamkdgmail-com\/"}]}},"_links":{"self":[{"href":"https:\/\/fonasa.mindy.cl\/blog\/wp-json\/wp\/v2\/posts\/1527"}],"collection":[{"href":"https:\/\/fonasa.mindy.cl\/blog\/wp-json\/wp\/v2\/posts"}],"about":[{"href":"https:\/\/fonasa.mindy.cl\/blog\/wp-json\/wp\/v2\/types\/post"}],"author":[{"embeddable":true,"href":"https:\/\/fonasa.mindy.cl\/blog\/wp-json\/wp\/v2\/users\/3"}],"replies":[{"embeddable":true,"href":"https:\/\/fonasa.mindy.cl\/blog\/wp-json\/wp\/v2\/comments?post=1527"}],"version-history":[{"count":6,"href":"https:\/\/fonasa.mindy.cl\/blog\/wp-json\/wp\/v2\/posts\/1527\/revisions"}],"predecessor-version":[{"id":1673,"href":"https:\/\/fonasa.mindy.cl\/blog\/wp-json\/wp\/v2\/posts\/1527\/revisions\/1673"}],"wp:featuredmedia":[{"embeddable":true,"href":"https:\/\/fonasa.mindy.cl\/blog\/wp-json\/wp\/v2\/media\/1529"}],"wp:attachment":[{"href":"https:\/\/fonasa.mindy.cl\/blog\/wp-json\/wp\/v2\/media?parent=1527"}],"wp:term":[{"taxonomy":"category","embeddable":true,"href":"https:\/\/fonasa.mindy.cl\/blog\/wp-json\/wp\/v2\/categories?post=1527"},{"taxonomy":"post_tag","embeddable":true,"href":"https:\/\/fonasa.mindy.cl\/blog\/wp-json\/wp\/v2\/tags?post=1527"}],"curies":[{"name":"wp","href":"https:\/\/api.w.org\/{rel}","templated":true}]}}