{"id":1447,"date":"2026-02-20T12:26:43","date_gmt":"2026-02-20T15:26:43","guid":{"rendered":"https:\/\/fonasa.mindy.cl\/blog\/?p=1447"},"modified":"2026-03-25T11:36:36","modified_gmt":"2026-03-25T14:36:36","slug":"los-sintomas-del-insomnio","status":"publish","type":"post","link":"https:\/\/fonasa.mindy.cl\/blog\/los-sintomas-del-insomnio\/","title":{"rendered":"Los s\u00edntomas del insomnio: El arte de recuperar tus noches"},"content":{"rendered":"\n<p>Son las tres de la ma\u00f1ana y el silencio de la habitaci\u00f3n se vuelve ensordecedor. Miras el techo, cuentas las horas que te quedan antes de que suene la alarma y sientes c\u00f3mo la ansiedad crece en tu pecho, alejando a\u00fan m\u00e1s la posibilidad de cerrar los ojos. Esta experiencia, que parece una lucha solitaria contra el tiempo, es la realidad de miles de personas que conviven con los <strong>s\u00edntomas del insomnio<\/strong>. <\/p>\n\n\n\n<p>No se trata solo de &#8220;no poder dormir&#8221;; es una compleja alteraci\u00f3n que afecta tu capacidad cognitiva, tu estabilidad emocional y tu salud f\u00edsica a largo plazo. En las pr\u00f3ximas l\u00edneas, desglosaremos este fen\u00f3meno desde la qu\u00edmica cerebral hasta las presiones sociales, ofreci\u00e9ndote un mapa detallado basado en evidencia para que comprendas por qu\u00e9 tu cuerpo ha perdido el ritmo y, lo m\u00e1s importante, c\u00f3mo puedes volver a sintonizarlo.<\/p>\n\n\n\n<h2 class=\"wp-block-heading has-x-large-font-size\">Comprendiendo los s\u00edntomas del insomnio desde la neurociencia<\/h2>\n\n\n\n<p>Para entender por qu\u00e9 no logras conciliar el sue\u00f1o, debemos mirar hacia el interior de tu cerebro, espec\u00edficamente al <strong>Sistema Activador Reticular<\/strong> (SAR). Este conjunto de neuronas funciona como un interruptor de &#8220;encendido&#8221; que nos mantiene alerta. En un cerebro sano, al caer la noche, el SAR disminuye su actividad para permitir que los centros del sue\u00f1o tomen el mando. Sin embargo, cuando aparecen los <strong><a href=\"https:\/\/fonasa.mindy.cl\/blog\/insomnio-sintomas\/\">s\u00edntomas del insomnio<\/a><\/strong>, este interruptor se queda atascado en la posici\u00f3n de encendido debido a una sobreestimulaci\u00f3n del sistema nervioso simp\u00e1tico, el mismo que nos prepara para luchar o huir ante un peligro.<img loading=\"lazy\" decoding=\"async\" width=\"620\" height=\"413\" src=\"https:\/\/encrypted-tbn3.gstatic.com\/licensed-image?q=tbn:ANd9GcSGBpN3BXwOjC8hG6uyj6dzuxjJtBO-jYOScO6GHHRPPQhVSNFrEAkAAQ3UvcWXsYaYFuwk2fE7CSSmAQE1iDyNxDpWm24PxnUplE4rH1j_5SEcJjg\" alt=\"the brain's pineal gland and melatonin production, generada por IA\"><\/p>\n\n\n\n<p>La biolog\u00eda del descanso est\u00e1 regida por la <strong>adenosina<\/strong>, una mol\u00e9cula que se acumula en tu cerebro mientras est\u00e1s despierto. Imag\u00ednala como un medidor de presi\u00f3n de sue\u00f1o: cuanta m\u00e1s adenosina hay, m\u00e1s necesidad siente tu cuerpo de desconectarse. Al dormir, el cerebro limpia esta sustancia. Cuando el ciclo se rompe, la qu\u00edmica cerebral se altera, impidiendo que la <strong>melatonina<\/strong> (la hormona de la oscuridad) haga su trabajo de se\u00f1alizar al cuerpo que es momento de reparar tejidos y consolidar memorias. Esta desregulaci\u00f3n neuroqu\u00edmica explica por qu\u00e9, tras una noche en blanco, sientes esa caracter\u00edstica &#8220;niebla mental&#8221; y lentitud en tus procesos de pensamiento.<\/p>\n\n\n\n<h3 class=\"wp-block-heading has-large-font-size\">El papel del cortisol y el estr\u00e9s biol\u00f3gico<\/h3>\n\n\n\n<p>El cortisol es conocido como la hormona del estr\u00e9s y sigue un ritmo natural: alcanza su pico m\u00e1ximo al despertar y disminuye gradualmente durante el d\u00eda. En personas que sufren de falta de descanso cr\u00f3nico, este ritmo se invierte o se mantiene elevado por la noche. Esta <strong>hiperalerta biol\u00f3gica<\/strong> es lo que te mantiene con los ojos abiertos a pesar de estar agotado f\u00edsicamente. No es falta de cansancio, es una incapacidad qu\u00edmica de relajaci\u00f3n.<\/p>\n\n\n\n<h3 class=\"wp-block-heading has-large-font-size\">La arquitectura del sue\u00f1o fragmentada<\/h3>\n\n\n\n<p>Un s\u00edntoma clave es la alteraci\u00f3n de las fases del sue\u00f1o. Normalmente, transitamos por ciclos de sue\u00f1o ligero, profundo y REM (movimientos oculares r\u00e1pidos). El insomnio suele &#8220;cortar&#8221; estas transiciones, impidiendo que llegues a las etapas m\u00e1s profundas, que es donde ocurre la verdadera restauraci\u00f3n f\u00edsica. Por eso, incluso si logras dormir unas pocas horas, despiertas sintiendo que no has descansado en absoluto.<\/p>\n\n\n\n<h2 class=\"wp-block-heading has-x-large-font-size\">El impacto social y los s\u00edntomas del insomnio en Chile<\/h2>\n\n\n\n<p>En la sociedad chilena contempor\u00e1nea, el descanso ha pasado a ser visto err\u00f3neamente como un lujo o, peor a\u00fan, como una se\u00f1al de falta de productividad. Especialmente en ciudades con altos niveles de estr\u00e9s como Santiago, el ritmo de vida influye directamente en la prevalencia de los <strong>s\u00edntomas del insomnio<\/strong>. Las largas jornadas laborales, sumadas a los extensos tiempos de traslado, reducen la ventana de tiempo que el cerebro tiene para realizar su proceso de &#8220;descompresi\u00f3n&#8221; antes de ir a la cama. Esta carga mental acumulada se traduce en una dificultad persistente para silenciar los pensamientos sobre las tareas del d\u00eda siguiente.<\/p>\n\n\n\n<p>Otro factor relevante en nuestro contexto es la <strong>cultura de la hiperconectividad<\/strong>. El uso excesivo de pantallas (celulares y televisores) hasta altas horas de la noche expone a nuestros ojos a la luz azul, que el cerebro interpreta como luz solar. En Chile, el consumo de redes sociales antes de dormir es una de las pr\u00e1cticas m\u00e1s comunes que sabotean la higiene del sue\u00f1o. Esta exposici\u00f3n detiene la producci\u00f3n de melatonina, enga\u00f1ando a nuestro reloj biol\u00f3gico y manteniendo al organismo en un estado de vigilia artificial que impide el inicio natural del ciclo de descanso.<\/p>\n\n\n\n<ol start=\"1\">\n<li><strong>Dificultad inicial:<\/strong> Tardar m\u00e1s de treinta minutos en quedarse dormido tras apagar la luz.<\/li>\n\n\n\n<li><strong>Despertares nocturnos:<\/strong> Interrupciones frecuentes durante la noche con dificultad para retomar el sue\u00f1o.<\/li>\n\n\n\n<li><strong>Despertar precoz:<\/strong> Levantarse mucho antes de lo planeado sin poder volver a dormir, sintiendo frustraci\u00f3n.<\/li>\n\n\n\n<li><strong>Disfunci\u00f3n diurna:<\/strong> Experimentar somnolencia, irritabilidad o falta de concentraci\u00f3n durante las actividades cotidianas.<\/li>\n<\/ol>\n\n\n\n<h3 class=\"wp-block-heading has-large-font-size\">La presi\u00f3n por el rendimiento y el estigma<\/h3>\n\n\n\n<p>En muchos entornos laborales chilenos, se celebra a quien duerme poco para trabajar m\u00e1s. Este estigma hace que muchas personas no busquen ayuda profesional, asumiendo que el cansancio extremo es una parte normal de la vida adulta. Sin embargo, la investigaci\u00f3n psicol\u00f3gica indica que la falta de sue\u00f1o es un predictor directo de trastornos del \u00e1nimo como la depresi\u00f3n y la ansiedad, creando un c\u00edrculo vicioso donde el malestar emocional genera insomnio y este, a su vez, agrava la salud mental.<\/p>\n\n\n\n<h3 class=\"wp-block-heading has-large-font-size\">H\u00e1bitos alimenticios y estimulantes<\/h3>\n\n\n\n<p>El consumo de caf\u00e9 y bebidas energ\u00e9ticas es muy elevado en nuestra poblaci\u00f3n para compensar el cansancio diurno. No obstante, la cafe\u00edna tiene una vida media de unas seis horas en el organismo. Esto significa que ese caf\u00e9 de las cinco de la tarde a\u00fan estar\u00e1 presente en tu sistema a las once de la noche, bloqueando los receptores de adenosina y perpetuando la vigilia. Es una soluci\u00f3n temporal que profundiza el problema estructural del descanso.<\/p>\n\n\n\n<h2 class=\"wp-block-heading has-x-large-font-size\">Creencias populares sobre los s\u00edntomas del insomnio y la realidad cl\u00ednica<\/h2>\n\n\n\n<figure class=\"wp-block-image size-full\"><img loading=\"lazy\" decoding=\"async\" width=\"1000\" height=\"665\" src=\"https:\/\/fonasa.mindy.cl\/blog\/wp-content\/uploads\/2026\/02\/2149071016.jpg\" alt=\"los s\u00edntomas del insomnio\" class=\"wp-image-1452\"\/><\/figure>\n\n\n\n<p>Existen muchas creencias populares que, en lugar de ayudar, pueden empeorar la calidad de tu descanso. Uno de los mitos m\u00e1s extendidos es que &#8220;una copa de vino antes de dormir ayuda a descansar&#8221;. Si bien el alcohol es un sedante que puede ayudarte a quedar dormido m\u00e1s r\u00e1pido, su procesamiento metab\u00f3lico durante la noche fragmenta el sue\u00f1o y elimina la fase REM, que es crucial para el equilibrio emocional. Al final, el uso de alcohol como ayuda para dormir resulta en un sue\u00f1o de mala calidad y un despertar con mayor fatiga.<\/p>\n\n\n\n<p>Otro mito frecuente es que se debe permanecer en la cama a toda costa hasta quedarse dormido, incluso si han pasado horas. La realidad cl\u00ednica sugiere lo contrario. Si pasas mucho tiempo despierto y angustiado en la cama, tu cerebro empieza a asociar el colch\u00f3n con el estr\u00e9s y la vigilia en lugar de asociarlo con el descanso. Esto se conoce como <strong>condicionamiento cl\u00e1sico negativo<\/strong>. Los especialistas recomiendan que, si no logras dormir tras veinte minutos, salgas de la cama y realices una actividad aburrida con luz tenue hasta que sientas sue\u00f1o nuevamente:<\/p>\n\n\n\n<h3 class=\"wp-block-heading has-large-font-size\">Creencias sobre los s\u00edntomas del insomnio vs la realidad <\/h3>\n\n\n\n<ul>\n<li><strong>Mito:<\/strong> Debes dormir ocho horas exactas para estar sano. <strong>Realidad:<\/strong> Las necesidades de sue\u00f1o son individuales y var\u00edan seg\u00fan la gen\u00e9tica y la edad; lo importante es la calidad y c\u00f3mo te sientes al d\u00eda siguiente.<\/li>\n\n\n\n<li><strong>Mito:<\/strong> El insomnio es solo una molestia, no una enfermedad. <strong>Realidad:<\/strong> Es un trastorno cl\u00ednico que afecta el sistema inmunol\u00f3gico, cardiovascular y metab\u00f3lico.<\/li>\n\n\n\n<li><strong>Mito:<\/strong> Recuperar el sue\u00f1o el fin de semana compensa la falta de sue\u00f1o semanal. <strong>Realidad:<\/strong> El cuerpo no tiene una &#8220;cuenta de ahorros&#8221; para el sue\u00f1o; el da\u00f1o por la privaci\u00f3n cr\u00f3nica no se revierte durmiendo doce horas un domingo.<\/li>\n\n\n\n<li><strong>Mito:<\/strong> Ver televisi\u00f3n ayuda a desconectar el cerebro. <strong>Realidad:<\/strong> El contenido estimulante y la luz de la pantalla mantienen el cerebro en alerta, dificultando la transici\u00f3n al sue\u00f1o profundo.<\/li>\n<\/ul>\n\n\n\n<h3 class=\"wp-block-heading has-large-font-size\">La importancia de la rutina de desactivaci\u00f3n<\/h3>\n\n\n\n<p>El cerebro no es una m\u00e1quina que se apaga con un bot\u00f3n. Necesita un proceso de transici\u00f3n. La realidad es que la mayor\u00eda de los casos de <strong>s\u00edntomas del insomnio<\/strong> mejoran significativamente cuando se implementa una rutina de pre-sue\u00f1o que incluya luz tenue, lectura en papel o ejercicios de respiraci\u00f3n. Esta preparaci\u00f3n le indica a tu sistema nervioso que el entorno es seguro y que puede soltar el estado de alerta.<\/p>\n\n\n\n<h3 class=\"wp-block-heading has-large-font-size\">El peligro de la automedicaci\u00f3n contra el insomnio<\/h3>\n\n\n\n<p>Muchas personas recurren a f\u00e1rmacos de venta libre o recetas de terceros para forzar el sue\u00f1o. La realidad cl\u00ednica es que muchos de estos medicamentos generan dependencia y no respetan la arquitectura natural del sue\u00f1o, produciendo una sedaci\u00f3n qu\u00edmica que no es equivalente al descanso reparador. Cualquier intervenci\u00f3n farmacol\u00f3gica debe ser supervisada por un profesional que aborde la causa ra\u00edz y no solo el s\u00edntoma superficial.<\/p>\n\n\n\n<h2 class=\"wp-block-heading has-x-large-font-size\">Diferenciaci\u00f3n por etapas: C\u00f3mo evolucionan los s\u00edntomas del insomnio<\/h2>\n\n\n\n<p>El descanso no es igual a los cinco a\u00f1os que a los setenta. En la infancia, las dificultades para dormir suelen estar ligadas a miedos evolutivos o falta de l\u00edmites en las rutinas. Un ni\u00f1o que no descansa bien muestra irritabilidad extrema y problemas de aprendizaje, ya que es durante el sue\u00f1o cuando se libera la <strong>hormona del crecimiento<\/strong> y se consolidan las conexiones neuronales nuevas. En esta etapa, el insomnio suele ser una se\u00f1al de una desregulaci\u00f3n en el ambiente o en el sistema sensorial del menor.<\/p>\n\n\n\n<p>Al llegar a la adultez mayor, el ritmo circadiano tiende a adelantarse. Es com\u00fan que los ancianos sientan sue\u00f1o m\u00e1s temprano y despierten en la madrugada. Sin embargo, un error frecuente es asumir que &#8220;los viejos no necesitan dormir&#8221;. Aunque el sue\u00f1o se vuelve m\u00e1s ligero y fragmentado por procesos naturales de envejecimiento cerebral, la presencia de <strong>s\u00edntomas del insomnio<\/strong> en adultos mayores sigue siendo una patolog\u00eda que debe tratarse para prevenir el deterioro cognitivo y ca\u00eddas accidentales por fatiga.<\/p>\n\n\n\n<ol start=\"1\">\n<li><strong>Infancia:<\/strong> Resistencia a ir a dormir, despertares con llanto y necesidad de presencia parental constante para retomar el sue\u00f1o.<\/li>\n\n\n\n<li><strong>Adolescencia:<\/strong> Retraso de fase (dormir muy tarde y despertar tarde) debido a cambios hormonales y presi\u00f3n social, lo que genera un &#8220;jet lag social&#8221;.<\/li>\n\n\n\n<li><strong>Adultez:<\/strong> Insomnio de mantenimiento o conciliaci\u00f3n vinculado al estr\u00e9s laboral, responsabilidades familiares y carga mental.<\/li>\n\n\n\n<li><strong>Tercera Edad:<\/strong> Sue\u00f1o fragmentado y despertar precoz, a menudo agravado por condiciones m\u00e9dicas f\u00edsicas o polimedicaci\u00f3n.<\/li>\n<\/ol>\n\n\n\n<h3 class=\"wp-block-heading has-large-font-size\">El impacto del climaterio y la menopausia en el insomnio<\/h3>\n\n\n\n<p>En las mujeres, los cambios hormonales juegan un papel cr\u00edtico. Durante la menopausia, la ca\u00edda de los niveles de estr\u00f3geno y progesterona afecta directamente a los centros reguladores de la temperatura y el sue\u00f1o en el hipot\u00e1lamo. Los sofocos nocturnos son uno de los detonantes m\u00e1s comunes de los <strong>s\u00edntomas del insomnio<\/strong> en esta etapa, requiriendo un enfoque terap\u00e9utico que considere tanto lo psicol\u00f3gico como lo endocrino.<\/p>\n\n\n\n<h3 class=\"wp-block-heading has-large-font-size\">La salud mental en la juventud<\/h3>\n\n\n\n<p>Los j\u00f3venes adultos enfrentan hoy niveles in\u00e9ditos de ansiedad por el futuro. Esta preocupaci\u00f3n constante se manifiesta en una dificultad para &#8220;apagar&#8221; la mente al acostarse. En esta poblaci\u00f3n, el insomnio suele ser el primer s\u00edntoma visible de cuadros de ansiedad generalizada. Tratar el problema del sue\u00f1o a tiempo en los j\u00f3venes es una de las mejores estrategias de prevenci\u00f3n para enfermedades mentales m\u00e1s graves en el futuro.<\/p>\n\n\n\n<h2 class=\"wp-block-heading has-x-large-font-size\">Gu\u00eda pr\u00e1ctica para gestionar los s\u00edntomas del insomnio diariamente<\/h2>\n\n\n\n<figure class=\"wp-block-image alignwide size-full\"><img loading=\"lazy\" decoding=\"async\" width=\"640\" height=\"427\" src=\"https:\/\/fonasa.mindy.cl\/blog\/wp-content\/uploads\/2026\/02\/pexels-shvets-production-7176032.jpg\" alt=\"los s\u00edntomas del insomnio\" class=\"wp-image-1453\"\/><\/figure>\n\n\n\n<p>Si te sientes identificado con lo expuesto, es momento de tomar medidas concretas. La buena noticia es que el cerebro posee <strong>plasticidad neuronal<\/strong>, lo que significa que puedes reentrenar tus h\u00e1bitos de sue\u00f1o. La clave no est\u00e1 en &#8220;esforzarse por dormir&#8221;, sino en crear las condiciones biol\u00f3gicas y psicol\u00f3gicas para que el sue\u00f1o ocurra de forma natural. Esto implica un compromiso con la regularidad: despertar y acostarse a la misma hora todos los d\u00edas, incluso los fines de semana, para estabilizar tu reloj interno.<\/p>\n\n\n\n<p>Controlar los est\u00edmulos en el dormitorio es fundamental. Tu habitaci\u00f3n debe ser un santuario dedicado exclusivamente al descanso y la intimidad. Si trabajas, comes o ves televisi\u00f3n en la cama, tu cerebro recibe se\u00f1ales contradictorias. La oscuridad total y una temperatura fresca (alrededor de los 18-20 grados) son aliados potentes para facilitar la inmersi\u00f3n en el sue\u00f1o profundo. Adem\u00e1s, la pr\u00e1ctica de la <strong>atenci\u00f3n plena o mindfulness<\/strong> durante el d\u00eda ayuda a reducir la reactividad del sistema nervioso, haciendo que, al llegar la noche, el nivel de cortisol sea m\u00e1s bajo.<\/p>\n\n\n\n<ul>\n<li><strong>Anclaje de horarios:<\/strong> Mant\u00e9n una hora fija de levantada para regular el ritmo circadiano, sin importar cu\u00e1nto hayas dormido.<\/li>\n\n\n\n<li><strong>Gesti\u00f3n de la luz:<\/strong> Busca exposici\u00f3n solar durante la ma\u00f1ana y reduce al m\u00ednimo las luces blancas y azules dos horas antes de dormir.<\/li>\n\n\n\n<li><strong>Diario de preocupaciones:<\/strong> Si tu mente no para, escribe tus pendientes en un papel antes de acostarte para &#8220;sacarlos&#8221; de tu cabeza y darles un lugar seguro.<\/li>\n\n\n\n<li><strong>Evitaci\u00f3n de siestas largas:<\/strong> Si tienes sue\u00f1o durante el d\u00eda, limita la siesta a 20 minutos antes de las 3 PM para no restar &#8220;presi\u00f3n de sue\u00f1o&#8221; a la noche.<\/li>\n<\/ul>\n\n\n\n<h3 class=\"wp-block-heading has-large-font-size\">La t\u00e9cnica de la restricci\u00f3n del sue\u00f1o<\/h3>\n\n\n\n<p>En casos de insomnio cr\u00f3nico, bajo supervisi\u00f3n profesional, se utiliza una t\u00e9cnica que parece contraintuitiva: limitar el tiempo que pasas en la cama al tiempo que realmente duermes. Esto ayuda a consolidar el sue\u00f1o y a eliminar el tiempo que pasas dando vueltas. Poco a poco, a medida que la eficiencia del sue\u00f1o mejora, se van a\u00f1adiendo minutos adicionales. Es una de las herramientas m\u00e1s potentes de la <strong>terapia cognitivo-conductual para el insomnio<\/strong>.<\/p>\n\n\n\n<h3 class=\"wp-block-heading has-large-font-size\">Alimentaci\u00f3n que favorece el descanso del sue\u00f1o<\/h3>\n\n\n\n<p>Ciertos alimentos ricos en <strong>tript\u00f3fano<\/strong>, un amino\u00e1cido precursor de la serotonina y la melatonina, pueden ayudar. Frutos secos, pl\u00e1tanos o l\u00e1cteos en la cena (siempre que sea ligera y dos horas antes de acostarse) proporcionan los ladrillos qu\u00edmicos necesarios para la construcci\u00f3n del sue\u00f1o. Por el contrario, las comidas pesadas, picantes o muy azucaradas activan el sistema digestivo y elevan la temperatura corporal, dificultando la entrada en las fases de sue\u00f1o profundo.<\/p>\n\n\n\n<h2 class=\"wp-block-heading has-x-large-font-size\">Fonasa Mindy: Tu camino hacia un descanso reparador<\/h2>\n\n\n\n<p class=\"has-large-font-size\">Superar los <strong>s\u00edntomas del insomnio<\/strong> no es algo que debas hacer solo. Muchas veces, la ra\u00edz del problema est\u00e1 en nudos emocionales o h\u00e1bitos muy arraigados que requieren la mirada objetiva y experta de un profesional. En <strong>Fonasa Mindy<\/strong>, comprendemos que el insomnio suele ser la punta del iceberg de preocupaciones m\u00e1s profundas, y por ello ofrecemos un espacio de terapia online accesible y humano, donde podr\u00e1s trabajar en las causas subyacentes de tu falta de descanso.<\/p>\n\n\n\n<p>Si sientes que la noche se ha convertido en un campo de batalla y tu energ\u00eda diurna se agota, es momento de buscar ayuda profesional. La terapia es una inversi\u00f3n en tu salud a largo plazo. Puedes comenzar hoy mismo eligiendo al profesional que mejor se adapte a tus necesidades en el siguiente enlace: <strong><a href=\"https:\/\/fonasa.mindy.cl\/psicologos.php#\/\" target=\"_blank\" rel=\"noreferrer noopener\">Psic\u00f3logos online Fonasa Mindy<\/a><\/strong><\/p>\n\n\n\n<h3 class=\"wp-block-heading has-large-font-size\">Acceder a terapia a trav\u00e9s de nuestra plataforma te brinda beneficios espec\u00edficos para tu recuperaci\u00f3n:<\/h3>\n\n\n\n<ul>\n<li><strong>Especialistas en sue\u00f1o y ansiedad:<\/strong> Contamos con psic\u00f3logos capacitados en t\u00e9cnicas de higiene del sue\u00f1o y manejo del estr\u00e9s.<\/li>\n\n\n\n<li><strong>Comodidad y accesibilidad:<\/strong> Realiza tus sesiones desde tu hogar, evitando el estr\u00e9s de los traslados y facilitando la implementaci\u00f3n de cambios en tu propio entorno de descanso.<\/li>\n\n\n\n<li><strong>Uso de tu previsi\u00f3n Fonasa:<\/strong> Hacemos que la salud mental de calidad sea financieramente sostenible para ti, permiti\u00e9ndote mantener la constancia necesaria en el tratamiento.<\/li>\n\n\n\n<li><strong>Enfoque integral:<\/strong> No solo tratamos el s\u00edntoma, sino que te entregamos herramientas para gestionar tus emociones y mejorar tu calidad de vida global.<\/li>\n<\/ul>\n\n\n\n<p>Recuperar la capacidad de dormir es, en \u00faltima instancia, recuperar la capacidad de vivir plenamente. Los <strong>s\u00edntomas del insomnio<\/strong> son se\u00f1ales de advertencia que tu cuerpo env\u00eda para pedirte un cambio en el ritmo o una pausa para procesar lo que est\u00e1s viviendo. No te conformes con vivir cansado; el descanso profundo es un derecho biol\u00f3gico y una necesidad fundamental para que tu mente pueda so\u00f1ar, crear y sanar. Al entender la ciencia detr\u00e1s de tu vigilia y tomar acciones concretas, est\u00e1s abriendo la puerta a ma\u00f1anas con energ\u00eda y noches de verdadera paz. La soluci\u00f3n est\u00e1 al alcance de tu mano y el primer paso es reconocer que mereces dormir bien.<\/p>\n\n\n\n<p><strong>\u00bfSientes que el estr\u00e9s o la ansiedad est\u00e1n afectando tu descanso? Eval\u00faa tus niveles hoy mismo.<\/strong> \ud83d\udc49 <strong><a target=\"_blank\" rel=\"noreferrer noopener\" href=\"https:\/\/form.typeform.com\/to\/nF2A9qZT\">Realizar Test de Ansiedad Gratuito<\/a><\/strong><\/p>\n\n\n\n<p>Te invitamos a tomar el control de tus noches y transformar tu bienestar. Encuentra el apoyo que necesitas en <strong><a href=\"https:\/\/fonasa.mindy.cl\/#\/\" target=\"_blank\" rel=\"noreferrer noopener\">Fonasa Mindy<\/a><\/strong> y descubre c\u00f3mo nuestra comunidad de profesionales puede guiarte hacia el descanso que mereces. Tambi\u00e9n puedes conocer m\u00e1s sobre nuestra visi\u00f3n integral de la salud mental en <strong><a href=\"https:\/\/mindy.cl\/\" target=\"_blank\" rel=\"noreferrer noopener\">Mindy<\/a><\/strong>.<\/p>\n\n\n\n<h2 class=\"wp-block-heading has-x-large-font-size\">Encuentra la terapia ideal seg\u00fan tu perfil y necesidades<\/h2>\n\n\n\n<p>No todos los enfoques psicol\u00f3gicos funcionan igual para todas las personas. Para ayudarte a dar el paso correcto, hemos dise\u00f1ado un <strong>Quiz de Orientaci\u00f3n Terap\u00e9utica<\/strong>. Al completarlo, descubrir\u00e1s qu\u00e9 tipo de especialista y metodolog\u00eda se adaptan mejor a tu situaci\u00f3n actual, permiti\u00e9ndote aprovechar al m\u00e1ximo tu beneficio Fonasa. <\/p>\n\n\n\n<p>\ud83d\udc49 <strong><a href=\"https:\/\/form.typeform.com\/to\/jfcSJODX\" target=\"_blank\" rel=\"noreferrer noopener\">Realiza el Quiz de Orientaci\u00f3n aqu\u00ed<\/a><\/strong><\/p>\n","protected":false},"excerpt":{"rendered":"<p>Son las tres de la ma\u00f1ana y el silencio de la habitaci\u00f3n se vuelve ensordecedor. Miras el techo, cuentas las horas que te quedan antes de que suene la alarma y sientes c\u00f3mo la ansiedad crece en tu pecho, alejando a\u00fan m\u00e1s la posibilidad de cerrar los ojos. Esta experiencia, que parece una lucha solitaria [&hellip;]<\/p>\n","protected":false},"author":3,"featured_media":1451,"comment_status":"closed","ping_status":"closed","sticky":false,"template":"","format":"standard","meta":{"footnotes":""},"categories":[277],"tags":[],"yoast_head":"<!-- This site is optimized with the Yoast SEO plugin v23.0 - https:\/\/yoast.com\/wordpress\/plugins\/seo\/ -->\n<title>Los s\u00edntomas del insomnio: El arte de recuperar tus noches<\/title>\n<meta name=\"description\" content=\"Identifica los s\u00edntomas del insomnio y recupera tu descanso. Aprende c\u00f3mo la terapia online de Fonasa Mindy transforma tus noches. \u00a1Entra ya!\" \/>\n<meta name=\"robots\" content=\"index, follow, max-snippet:-1, max-image-preview:large, max-video-preview:-1\" \/>\n<link rel=\"canonical\" href=\"https:\/\/fonasa.mindy.cl\/blog\/los-sintomas-del-insomnio\/\" \/>\n<meta property=\"og:locale\" content=\"es_ES\" \/>\n<meta property=\"og:type\" content=\"article\" \/>\n<meta property=\"og:title\" content=\"Los s\u00edntomas del insomnio: El arte de recuperar tus noches\" \/>\n<meta property=\"og:description\" content=\"Identifica los s\u00edntomas del insomnio y recupera tu descanso. Aprende c\u00f3mo la terapia online de Fonasa Mindy transforma tus noches. \u00a1Entra ya!\" \/>\n<meta property=\"og:url\" content=\"https:\/\/fonasa.mindy.cl\/blog\/los-sintomas-del-insomnio\/\" \/>\n<meta property=\"og:site_name\" content=\"Mindy Fonasa Blog\" \/>\n<meta property=\"article:published_time\" content=\"2026-02-20T15:26:43+00:00\" \/>\n<meta property=\"article:modified_time\" content=\"2026-03-25T14:36:36+00:00\" \/>\n<meta property=\"og:image\" content=\"https:\/\/fonasa.mindy.cl\/blog\/wp-content\/uploads\/2026\/02\/10431.jpg\" \/>\n\t<meta property=\"og:image:width\" content=\"1000\" \/>\n\t<meta property=\"og:image:height\" content=\"667\" \/>\n\t<meta property=\"og:image:type\" content=\"image\/jpeg\" \/>\n<meta name=\"author\" content=\"estrategamkd@gmail.com\" \/>\n<meta name=\"twitter:card\" content=\"summary_large_image\" \/>\n<meta name=\"twitter:label1\" content=\"Written by\" \/>\n\t<meta name=\"twitter:data1\" content=\"estrategamkd@gmail.com\" \/>\n\t<meta name=\"twitter:label2\" content=\"Est. reading time\" \/>\n\t<meta name=\"twitter:data2\" content=\"14 minutos\" \/>\n<script type=\"application\/ld+json\" class=\"yoast-schema-graph\">{\"@context\":\"https:\/\/schema.org\",\"@graph\":[{\"@type\":\"Article\",\"@id\":\"https:\/\/fonasa.mindy.cl\/blog\/los-sintomas-del-insomnio\/#article\",\"isPartOf\":{\"@id\":\"https:\/\/fonasa.mindy.cl\/blog\/los-sintomas-del-insomnio\/\"},\"author\":{\"name\":\"estrategamkd@gmail.com\",\"@id\":\"https:\/\/fonasa.mindy.cl\/blog\/#\/schema\/person\/fa87761528fa733079f7f77181252f28\"},\"headline\":\"Los s\u00edntomas del insomnio: El arte de recuperar tus noches\",\"datePublished\":\"2026-02-20T15:26:43+00:00\",\"dateModified\":\"2026-03-25T14:36:36+00:00\",\"mainEntityOfPage\":{\"@id\":\"https:\/\/fonasa.mindy.cl\/blog\/los-sintomas-del-insomnio\/\"},\"wordCount\":3055,\"publisher\":{\"@id\":\"https:\/\/fonasa.mindy.cl\/blog\/#organization\"},\"image\":{\"@id\":\"https:\/\/fonasa.mindy.cl\/blog\/los-sintomas-del-insomnio\/#primaryimage\"},\"thumbnailUrl\":\"https:\/\/fonasa.mindy.cl\/blog\/wp-content\/uploads\/2026\/02\/10431.jpg\",\"articleSection\":[\"Trastornos de sue\u00f1o\"],\"inLanguage\":\"es-CL\"},{\"@type\":\"WebPage\",\"@id\":\"https:\/\/fonasa.mindy.cl\/blog\/los-sintomas-del-insomnio\/\",\"url\":\"https:\/\/fonasa.mindy.cl\/blog\/los-sintomas-del-insomnio\/\",\"name\":\"Los s\u00edntomas del insomnio: El arte de recuperar tus noches\",\"isPartOf\":{\"@id\":\"https:\/\/fonasa.mindy.cl\/blog\/#website\"},\"primaryImageOfPage\":{\"@id\":\"https:\/\/fonasa.mindy.cl\/blog\/los-sintomas-del-insomnio\/#primaryimage\"},\"image\":{\"@id\":\"https:\/\/fonasa.mindy.cl\/blog\/los-sintomas-del-insomnio\/#primaryimage\"},\"thumbnailUrl\":\"https:\/\/fonasa.mindy.cl\/blog\/wp-content\/uploads\/2026\/02\/10431.jpg\",\"datePublished\":\"2026-02-20T15:26:43+00:00\",\"dateModified\":\"2026-03-25T14:36:36+00:00\",\"description\":\"Identifica los s\u00edntomas del insomnio y recupera tu descanso. Aprende c\u00f3mo la terapia online de Fonasa Mindy transforma tus noches. \u00a1Entra ya!\",\"breadcrumb\":{\"@id\":\"https:\/\/fonasa.mindy.cl\/blog\/los-sintomas-del-insomnio\/#breadcrumb\"},\"inLanguage\":\"es-CL\",\"potentialAction\":[{\"@type\":\"ReadAction\",\"target\":[\"https:\/\/fonasa.mindy.cl\/blog\/los-sintomas-del-insomnio\/\"]}]},{\"@type\":\"ImageObject\",\"inLanguage\":\"es-CL\",\"@id\":\"https:\/\/fonasa.mindy.cl\/blog\/los-sintomas-del-insomnio\/#primaryimage\",\"url\":\"https:\/\/fonasa.mindy.cl\/blog\/wp-content\/uploads\/2026\/02\/10431.jpg\",\"contentUrl\":\"https:\/\/fonasa.mindy.cl\/blog\/wp-content\/uploads\/2026\/02\/10431.jpg\",\"width\":1000,\"height\":667,\"caption\":\"los s\u00edntomas del insomnio\"},{\"@type\":\"BreadcrumbList\",\"@id\":\"https:\/\/fonasa.mindy.cl\/blog\/los-sintomas-del-insomnio\/#breadcrumb\",\"itemListElement\":[{\"@type\":\"ListItem\",\"position\":1,\"name\":\"Home\",\"item\":\"https:\/\/fonasa.mindy.cl\/blog\/\"},{\"@type\":\"ListItem\",\"position\":2,\"name\":\"Los s\u00edntomas del insomnio: El arte de recuperar tus noches\"}]},{\"@type\":\"WebSite\",\"@id\":\"https:\/\/fonasa.mindy.cl\/blog\/#website\",\"url\":\"https:\/\/fonasa.mindy.cl\/blog\/\",\"name\":\"Mindy Fonasa Blog\",\"description\":\"Un blog de salud mental\",\"publisher\":{\"@id\":\"https:\/\/fonasa.mindy.cl\/blog\/#organization\"},\"potentialAction\":[{\"@type\":\"SearchAction\",\"target\":{\"@type\":\"EntryPoint\",\"urlTemplate\":\"https:\/\/fonasa.mindy.cl\/blog\/?s={search_term_string}\"},\"query-input\":\"required name=search_term_string\"}],\"inLanguage\":\"es-CL\"},{\"@type\":\"Organization\",\"@id\":\"https:\/\/fonasa.mindy.cl\/blog\/#organization\",\"name\":\"Mindy Fonasa Blog\",\"url\":\"https:\/\/fonasa.mindy.cl\/blog\/\",\"logo\":{\"@type\":\"ImageObject\",\"inLanguage\":\"es-CL\",\"@id\":\"https:\/\/fonasa.mindy.cl\/blog\/#\/schema\/logo\/image\/\",\"url\":\"https:\/\/fonasa.mindy.cl\/blog\/wp-content\/uploads\/2024\/07\/logo_cuadrado.png\",\"contentUrl\":\"https:\/\/fonasa.mindy.cl\/blog\/wp-content\/uploads\/2024\/07\/logo_cuadrado.png\",\"width\":300,\"height\":300,\"caption\":\"Mindy Fonasa Blog\"},\"image\":{\"@id\":\"https:\/\/fonasa.mindy.cl\/blog\/#\/schema\/logo\/image\/\"}},{\"@type\":\"Person\",\"@id\":\"https:\/\/fonasa.mindy.cl\/blog\/#\/schema\/person\/fa87761528fa733079f7f77181252f28\",\"name\":\"estrategamkd@gmail.com\",\"url\":\"https:\/\/fonasa.mindy.cl\/blog\/author\/estrategamkdgmail-com\/\"}]}<\/script>\n<!-- \/ Yoast SEO plugin. -->","yoast_head_json":{"title":"Los s\u00edntomas del insomnio: El arte de recuperar tus noches","description":"Identifica los s\u00edntomas del insomnio y recupera tu descanso. Aprende c\u00f3mo la terapia online de Fonasa Mindy transforma tus noches. \u00a1Entra ya!","robots":{"index":"index","follow":"follow","max-snippet":"max-snippet:-1","max-image-preview":"max-image-preview:large","max-video-preview":"max-video-preview:-1"},"canonical":"https:\/\/fonasa.mindy.cl\/blog\/los-sintomas-del-insomnio\/","og_locale":"es_ES","og_type":"article","og_title":"Los s\u00edntomas del insomnio: El arte de recuperar tus noches","og_description":"Identifica los s\u00edntomas del insomnio y recupera tu descanso. Aprende c\u00f3mo la terapia online de Fonasa Mindy transforma tus noches. \u00a1Entra ya!","og_url":"https:\/\/fonasa.mindy.cl\/blog\/los-sintomas-del-insomnio\/","og_site_name":"Mindy Fonasa Blog","article_published_time":"2026-02-20T15:26:43+00:00","article_modified_time":"2026-03-25T14:36:36+00:00","og_image":[{"width":1000,"height":667,"url":"https:\/\/fonasa.mindy.cl\/blog\/wp-content\/uploads\/2026\/02\/10431.jpg","type":"image\/jpeg"}],"author":"estrategamkd@gmail.com","twitter_card":"summary_large_image","twitter_misc":{"Written by":"estrategamkd@gmail.com","Est. reading time":"14 minutos"},"schema":{"@context":"https:\/\/schema.org","@graph":[{"@type":"Article","@id":"https:\/\/fonasa.mindy.cl\/blog\/los-sintomas-del-insomnio\/#article","isPartOf":{"@id":"https:\/\/fonasa.mindy.cl\/blog\/los-sintomas-del-insomnio\/"},"author":{"name":"estrategamkd@gmail.com","@id":"https:\/\/fonasa.mindy.cl\/blog\/#\/schema\/person\/fa87761528fa733079f7f77181252f28"},"headline":"Los s\u00edntomas del insomnio: El arte de recuperar tus noches","datePublished":"2026-02-20T15:26:43+00:00","dateModified":"2026-03-25T14:36:36+00:00","mainEntityOfPage":{"@id":"https:\/\/fonasa.mindy.cl\/blog\/los-sintomas-del-insomnio\/"},"wordCount":3055,"publisher":{"@id":"https:\/\/fonasa.mindy.cl\/blog\/#organization"},"image":{"@id":"https:\/\/fonasa.mindy.cl\/blog\/los-sintomas-del-insomnio\/#primaryimage"},"thumbnailUrl":"https:\/\/fonasa.mindy.cl\/blog\/wp-content\/uploads\/2026\/02\/10431.jpg","articleSection":["Trastornos de sue\u00f1o"],"inLanguage":"es-CL"},{"@type":"WebPage","@id":"https:\/\/fonasa.mindy.cl\/blog\/los-sintomas-del-insomnio\/","url":"https:\/\/fonasa.mindy.cl\/blog\/los-sintomas-del-insomnio\/","name":"Los s\u00edntomas del insomnio: El arte de recuperar tus noches","isPartOf":{"@id":"https:\/\/fonasa.mindy.cl\/blog\/#website"},"primaryImageOfPage":{"@id":"https:\/\/fonasa.mindy.cl\/blog\/los-sintomas-del-insomnio\/#primaryimage"},"image":{"@id":"https:\/\/fonasa.mindy.cl\/blog\/los-sintomas-del-insomnio\/#primaryimage"},"thumbnailUrl":"https:\/\/fonasa.mindy.cl\/blog\/wp-content\/uploads\/2026\/02\/10431.jpg","datePublished":"2026-02-20T15:26:43+00:00","dateModified":"2026-03-25T14:36:36+00:00","description":"Identifica los s\u00edntomas del insomnio y recupera tu descanso. Aprende c\u00f3mo la terapia online de Fonasa Mindy transforma tus noches. \u00a1Entra ya!","breadcrumb":{"@id":"https:\/\/fonasa.mindy.cl\/blog\/los-sintomas-del-insomnio\/#breadcrumb"},"inLanguage":"es-CL","potentialAction":[{"@type":"ReadAction","target":["https:\/\/fonasa.mindy.cl\/blog\/los-sintomas-del-insomnio\/"]}]},{"@type":"ImageObject","inLanguage":"es-CL","@id":"https:\/\/fonasa.mindy.cl\/blog\/los-sintomas-del-insomnio\/#primaryimage","url":"https:\/\/fonasa.mindy.cl\/blog\/wp-content\/uploads\/2026\/02\/10431.jpg","contentUrl":"https:\/\/fonasa.mindy.cl\/blog\/wp-content\/uploads\/2026\/02\/10431.jpg","width":1000,"height":667,"caption":"los s\u00edntomas del insomnio"},{"@type":"BreadcrumbList","@id":"https:\/\/fonasa.mindy.cl\/blog\/los-sintomas-del-insomnio\/#breadcrumb","itemListElement":[{"@type":"ListItem","position":1,"name":"Home","item":"https:\/\/fonasa.mindy.cl\/blog\/"},{"@type":"ListItem","position":2,"name":"Los s\u00edntomas del insomnio: El arte de recuperar tus noches"}]},{"@type":"WebSite","@id":"https:\/\/fonasa.mindy.cl\/blog\/#website","url":"https:\/\/fonasa.mindy.cl\/blog\/","name":"Mindy Fonasa Blog","description":"Un blog de salud mental","publisher":{"@id":"https:\/\/fonasa.mindy.cl\/blog\/#organization"},"potentialAction":[{"@type":"SearchAction","target":{"@type":"EntryPoint","urlTemplate":"https:\/\/fonasa.mindy.cl\/blog\/?s={search_term_string}"},"query-input":"required name=search_term_string"}],"inLanguage":"es-CL"},{"@type":"Organization","@id":"https:\/\/fonasa.mindy.cl\/blog\/#organization","name":"Mindy Fonasa Blog","url":"https:\/\/fonasa.mindy.cl\/blog\/","logo":{"@type":"ImageObject","inLanguage":"es-CL","@id":"https:\/\/fonasa.mindy.cl\/blog\/#\/schema\/logo\/image\/","url":"https:\/\/fonasa.mindy.cl\/blog\/wp-content\/uploads\/2024\/07\/logo_cuadrado.png","contentUrl":"https:\/\/fonasa.mindy.cl\/blog\/wp-content\/uploads\/2024\/07\/logo_cuadrado.png","width":300,"height":300,"caption":"Mindy Fonasa Blog"},"image":{"@id":"https:\/\/fonasa.mindy.cl\/blog\/#\/schema\/logo\/image\/"}},{"@type":"Person","@id":"https:\/\/fonasa.mindy.cl\/blog\/#\/schema\/person\/fa87761528fa733079f7f77181252f28","name":"estrategamkd@gmail.com","url":"https:\/\/fonasa.mindy.cl\/blog\/author\/estrategamkdgmail-com\/"}]}},"_links":{"self":[{"href":"https:\/\/fonasa.mindy.cl\/blog\/wp-json\/wp\/v2\/posts\/1447"}],"collection":[{"href":"https:\/\/fonasa.mindy.cl\/blog\/wp-json\/wp\/v2\/posts"}],"about":[{"href":"https:\/\/fonasa.mindy.cl\/blog\/wp-json\/wp\/v2\/types\/post"}],"author":[{"embeddable":true,"href":"https:\/\/fonasa.mindy.cl\/blog\/wp-json\/wp\/v2\/users\/3"}],"replies":[{"embeddable":true,"href":"https:\/\/fonasa.mindy.cl\/blog\/wp-json\/wp\/v2\/comments?post=1447"}],"version-history":[{"count":7,"href":"https:\/\/fonasa.mindy.cl\/blog\/wp-json\/wp\/v2\/posts\/1447\/revisions"}],"predecessor-version":[{"id":1728,"href":"https:\/\/fonasa.mindy.cl\/blog\/wp-json\/wp\/v2\/posts\/1447\/revisions\/1728"}],"wp:featuredmedia":[{"embeddable":true,"href":"https:\/\/fonasa.mindy.cl\/blog\/wp-json\/wp\/v2\/media\/1451"}],"wp:attachment":[{"href":"https:\/\/fonasa.mindy.cl\/blog\/wp-json\/wp\/v2\/media?parent=1447"}],"wp:term":[{"taxonomy":"category","embeddable":true,"href":"https:\/\/fonasa.mindy.cl\/blog\/wp-json\/wp\/v2\/categories?post=1447"},{"taxonomy":"post_tag","embeddable":true,"href":"https:\/\/fonasa.mindy.cl\/blog\/wp-json\/wp\/v2\/tags?post=1447"}],"curies":[{"name":"wp","href":"https:\/\/api.w.org\/{rel}","templated":true}]}}