{"id":1434,"date":"2026-02-20T11:50:00","date_gmt":"2026-02-20T14:50:00","guid":{"rendered":"https:\/\/fonasa.mindy.cl\/blog\/?p=1434"},"modified":"2026-03-25T10:20:37","modified_gmt":"2026-03-25T13:20:37","slug":"personas-con-depresion","status":"publish","type":"post","link":"https:\/\/fonasa.mindy.cl\/blog\/personas-con-depresion\/","title":{"rendered":"Personas con depresi\u00f3n: M\u00e1s all\u00e1 de la tristeza, una mirada humana y cient\u00edfica"},"content":{"rendered":"\n<p>Imagina que est\u00e1s en el fondo de un pozo oscuro y h\u00famedo. Desde arriba, escuchas las voces de las personas que te quieren. Te gritan: &#8220;\u00a1\u00e9chale ganas!&#8221;, &#8220;\u00a1piensa en positivo!&#8221;, &#8220;\u00a1solo tienes que salir!&#8221;. El problema es que no hay escaleras, ni cuerdas, ni paredes de las que agarrarse. Cada intento de moverte te agota m\u00e1s. Y lo peor es que, en el fondo de ese pozo, una parte de ti empieza a creer que mereces estar ah\u00ed. As\u00ed es, d\u00eda tras d\u00eda, la vida para millones de <strong>personas con depresi\u00f3n<\/strong> en el mundo.<\/p>\n\n\n\n<p>Si est\u00e1s leyendo esto, quiz\u00e1s t\u00fa mismo est\u00e1s en ese pozo, o tal vez conoces a alguien que lo est\u00e1. Este art\u00edculo no es un manual de autoayuda superficial. Es una exploraci\u00f3n profunda de lo que significa vivir con depresi\u00f3n, desde la biolog\u00eda que la sostiene hasta las barreras culturales que la agravan en nuestro pa\u00eds. Vamos a desmontar mitos, a entender el sufrimiento y, sobre todo, a iluminar los caminos reales hacia la recuperaci\u00f3n.<\/p>\n\n\n\n<h2 class=\"wp-block-heading has-x-large-font-size\">El cerebro depresivo: Una explicaci\u00f3n neurocient\u00edfica<\/h2>\n\n\n\n<p>Para entender a las <strong>personas con depresi\u00f3n<\/strong>, debemos dejar de lado la idea de que es &#8220;falta de voluntad&#8221; y adentrarnos en la neurobiolog\u00eda. La depresi\u00f3n no es un defecto de car\u00e1cter; es una condici\u00f3n m\u00e9dica que secuestra los circuitos cerebrales. Te invitamos a analizar el <strong><a href=\"https:\/\/fonasa.mindy.cl\/blog\/concepto-de-depresion\/\">concepto de depresi\u00f3n<\/a><\/strong>.<\/p>\n\n\n\n<h3 class=\"wp-block-heading has-large-font-size\">El desequilibrio de los mensajeros qu\u00edmicos<\/h3>\n\n\n\n<p>El cerebro funciona gracias a un equilibrio delicado de neurotransmisores. En la depresi\u00f3n, ese equilibrio se rompe. La evidencia cl\u00ednica se\u00f1ala a tres protagonistas principales:<\/p>\n\n\n\n<ul>\n<li><strong>Serotonina:<\/strong> Es el &#8220;director de orquesta&#8221; del estado de \u00e1nimo, el sue\u00f1o y el apetito. Cuando sus niveles son bajos, la persona no solo se siente triste, sino que tambi\u00e9n ve alterados su descanso y su alimentaci\u00f3n. Es como si la batuta del director desapareciera y la orquesta empezara a desafinar.<\/li>\n\n\n\n<li><strong>Noradrenalina:<\/strong> Es la responsable de la energ\u00eda y la alerta. Su d\u00e9ficit explica esa fatiga paralizante que sienten las <strong>personas con depresi\u00f3n<\/strong>, esa sensaci\u00f3n de que hasta levantar un brazo requiere un esfuerzo sobrehumano.<\/li>\n\n\n\n<li><strong>Dopamina:<\/strong> Es la mol\u00e9cula del placer y la recompensa. Cuando falla, aparece la <strong>anhedonia<\/strong>: la incapacidad de sentir disfrute por cosas que antes encantaban. Un helado, una canci\u00f3n favorita, un abrazo de la pareja\u2026 todo sabe a nada.<\/li>\n<\/ul>\n\n\n\n<h3 class=\"wp-block-heading has-large-font-size\">\u00c1reas cerebrales en crisis<\/h3>\n\n\n\n<p>Pero no solo se trata de qu\u00edmicos. La investigaci\u00f3n con neuroimagen ha revelado que en las <strong>personas con depresi\u00f3n<\/strong>, ciertas \u00e1reas del cerebro funcionan de manera an\u00f3mala:<\/p>\n\n\n\n<ul>\n<li>La <strong>corteza prefrontal<\/strong>, nuestra &#8220;directora ejecutiva&#8221; encargada de tomar decisiones y regular emociones, muestra una actividad disminuida. Por eso cuesta tanto concentrarse o ver salidas a los problemas.<\/li>\n\n\n\n<li>La <strong>am\u00edgdala<\/strong>, el centro de alarma emocional, tiende a estar hiperactiva. Esto significa que los est\u00edmulos negativos se procesan con una intensidad mucho mayor, atrapando a la persona en un bucle de pensamientos oscuros.<\/li>\n<\/ul>\n\n\n\n<p>Esta combinaci\u00f3n de desregulaci\u00f3n qu\u00edmica y patrones de activaci\u00f3n alterados es lo que convierte la depresi\u00f3n en una enfermedad tan debilitante.<\/p>\n\n\n\n<h2 class=\"wp-block-heading has-x-large-font-size\">El d\u00eda a d\u00eda de las personas con depresi\u00f3n: Una realidad invisibilizada<\/h2>\n\n\n\n<figure class=\"wp-block-image alignwide size-full\"><img loading=\"lazy\" decoding=\"async\" width=\"640\" height=\"427\" src=\"https:\/\/fonasa.mindy.cl\/blog\/wp-content\/uploads\/2026\/02\/pexels-pranavsinh232-5466185.jpg\" alt=\"personas con depresi\u00f3n\" class=\"wp-image-1437\"\/><\/figure>\n\n\n\n<p>Para conectar con la experiencia de vivir con depresi\u00f3n, pongamos nombre y rostro. Pensemos en <strong>Claudia<\/strong>, una profesora de 42 a\u00f1os que vive en La Serena.<\/p>\n\n\n\n<p><strong>La ma\u00f1ana imposible:<\/strong> El despertador suena a las 7:00. Pero Claudia ya lleva horas despierta, mirando el techo. No es que tenga energ\u00eda, es que no ha podido dormir bien. Cuando logra levantarse, ya van tres intentos. La ducha es un tr\u00e1mite mec\u00e1nico. Elegir ropa le parece un problema filos\u00f3fico insoluble.<\/p>\n\n\n\n<p><strong>El trabajo en modo autom\u00e1tico:<\/strong> En el colegio, Claudia sonr\u00ede, saluda, da su clase. Nadie sospecha nada. Pero ella siente que act\u00faa en una obra de teatro, que hay un vidrio invisible entre ella y el mundo. Le cuesta horrores seguir el hilo de las conversaciones de sus colegas en la sala de profesores. Prefiere comer sola en su sala, mirando el celular sin ver realmente nada.<\/p>\n\n\n\n<p><strong>La culpa de la tarde:<\/strong> Al llegar a casa, la espera su hijo de 10 a\u00f1os. \u00c9l quiere contarle algo del colegio. Claudia intenta escuchar, pero su mente se llena de un pensamiento punzante: &#8220;Eres una mala madre. No mereces que te quiera&#8221;. La culpa la consume. No tiene energ\u00eda para jugar, para cocinar algo rico. Pide comida por delivery y pasa la noche viendo series que no le interesan, solo para acallar la mente.<\/p>\n\n\n\n<p><strong>El aislamiento como refugio:<\/strong> El fin de semana, sus amigas la invitan a una junta. Claudia pone excusas: est\u00e1 cansada, tiene que corregir pruebas. En realidad, el solo hecho de pensar en tener que socializar, en mantener una conversaci\u00f3n, en aparentar normalidad, le genera una ansiedad insoportable. El aislamiento se convierte en su \u00fanico refugio, aunque sea un refugio que la hunde m\u00e1s.<\/p>\n\n\n\n<p>Este es el d\u00eda a d\u00eda de millones de <strong>personas con depresi\u00f3n<\/strong>: una batalla silenciosa, invisible para quienes las rodean, librada en el terreno del agotamiento, la culpa y la desconexi\u00f3n.<\/p>\n\n\n\n<h2 class=\"wp-block-heading has-x-large-font-size\">Derribando barreras de creencias sobre las personas con depresi\u00f3n <\/h2>\n\n\n\n<p>La desinformaci\u00f3n sobre la depresi\u00f3n no solo es molesta, sino que profundiza el sufrimiento de quienes la padecen y de sus familias. Vamos a desmontar los mitos m\u00e1s da\u00f1inos.<\/p>\n\n\n\n<h3 class=\"wp-block-heading has-large-font-size\">&#8220;La gente con depresi\u00f3n solo est\u00e1 triste, con unos d\u00edas de \u00e1nimo se les pasa&#8221;<\/h3>\n\n\n\n<p><strong>Realidad:<\/strong> La depresi\u00f3n no es tristeza. La tristeza es una emoci\u00f3n humana normal, con un desencadenante claro y una duraci\u00f3n limitada. La depresi\u00f3n es un <strong>estado cl\u00ednico<\/strong> persistente que incluye tristeza, pero tambi\u00e9n anhedonia, alteraciones del sue\u00f1o, del apetito, fatiga extrema, problemas cognitivos y, en muchos casos, ideas de muerte. No se &#8220;sale&#8221; con un fin de semana en la playa.<\/p>\n\n\n\n<h3 class=\"wp-block-heading has-large-font-size\">&#8220;Las personas con depresi\u00f3n son d\u00e9biles o flojas&#8221;<\/h3>\n\n\n\n<p><strong>Realidad:<\/strong> Este es el mito m\u00e1s cruel. La depresi\u00f3n no tiene nada que ver con la fortaleza de car\u00e1cter. Algunas de las <strong>personas con depresi\u00f3n<\/strong> m\u00e1s famosas de la historia han sido artistas, cient\u00edficos y l\u00edderes incre\u00edblemente fuertes y resilientes. Llamar &#8220;d\u00e9bil&#8221; a alguien con depresi\u00f3n es como llamar &#8220;d\u00e9bil&#8221; a alguien con diabetes o con un coraz\u00f3n enfermo.<\/p>\n\n\n\n<h3 class=\"wp-block-heading has-large-font-size\">&#8220;Hablar de la depresi\u00f3n solo la empeora, mejor no mencionarla&#8221;<\/h3>\n\n\n\n<p><strong>Realidad:<\/strong> El silencio es el mejor aliado de la depresi\u00f3n. Hablar de lo que se siente, en un entorno seguro y sin juicios, es el primer paso para romper el aislamiento. Por supuesto, no se trata de forzar a nadie, pero ofrecer un o\u00eddo compasivo y preguntar &#8220;\u00bfc\u00f3mo est\u00e1s de verdad?&#8221; puede ser un salvavidas.<\/p>\n\n\n\n<h3 class=\"wp-block-heading has-large-font-size\">&#8220;Los antidepresivos convierten a las personas en zombis o cambian su personalidad&#8221;<\/h3>\n\n\n\n<p><strong>Realidad:<\/strong> Los antidepresivos modernos (ISRS, IRSN) no &#8220;cambian la personalidad&#8221; ni &#8220;crean felicidad artificial&#8221;. Lo que hacen es ayudar a regular los neurotransmisores para que el cerebro pueda volver a un funcionamiento m\u00e1s saludable. La meta no es convertir a alguien en un zombi, sino quitar el &#8220;peso&#8221; biol\u00f3gico de la depresi\u00f3n para que la persona pueda, a trav\u00e9s de la terapia, reconectar con su vida y su esencia.<\/p>\n\n\n\n<h2 class=\"wp-block-heading has-x-large-font-size\">Contexto cultural chileno: La depresi\u00f3n en nuestra idiosincrasia<\/h2>\n\n\n\n<p>Vivir con los <strong><a href=\"https:\/\/fonasa.mindy.cl\/blog\/sintomas-de-ansiedad-y-depresion\/\">s\u00edntomas de ansiedad y depresi\u00f3n<\/a><\/strong> en Chile tiene aristas particulares que vale la pena explorar. La cultura y la sociedad chilena pueden ser tanto un obst\u00e1culo como un potencial de apoyo.<\/p>\n\n\n\n<h3 class=\"wp-block-heading has-large-font-size\">El estigma del &#8220;h\u00e9roe silencioso&#8221;<\/h3>\n\n\n\n<p>En Chile, existe una idealizaci\u00f3n cultural de la resistencia silenciosa. Frases como &#8220;hay que seguir no m\u00e1s&#8221; o &#8220;para qu\u00e9 vamos a andar contando los problemas&#8221; refuerzan la idea de que pedir ayuda es sin\u00f3nimo de debilidad. Esto es especialmente fuerte en los hombres, criados bajo el mandato de no llorar y &#8220;ser fuertes&#8221;. Para muchas <strong>personas con depresi\u00f3n<\/strong> en Chile, este mandato cultural se convierte en una c\u00e1rcel de silencio.<\/p>\n\n\n\n<h3 class=\"wp-block-heading has-large-font-size\">El ritmo de vida y el trabajo<\/h3>\n\n\n\n<p>Santiago es una de las ciudades con peor calidad de vida en t\u00e9rminos de estr\u00e9s laboral y tiempos de desplazamiento. Para alguien que ya batalla con la fatiga y la desesperanza, enfrentar un taco de dos horas para ir y volver del trabajo puede ser sencillamente imposible. Esto lleva a muchas <strong>personas con depresi\u00f3n<\/strong> a acumular licencias, perder sus empleos y caer en una espiral descendente de precariedad econ\u00f3mica y aislamiento.<\/p>\n\n\n\n<h3 class=\"wp-block-heading has-large-font-size\">La familia como red (o como presi\u00f3n)<\/h3>\n\n\n\n<p>La familia chilena suele ser muy unida, lo que puede ser un arma de doble filo. Por un lado, puede ser una red de apoyo fundamental. Por otro, cuando la familia no entiende la depresi\u00f3n y la aborda con frases como &#8220;no te hagai la v\u00edctima&#8221; o &#8220;mira a tu primo que la pasa peor&#8221;, el da\u00f1o es profundo. La psicoeducaci\u00f3n familiar es, por tanto, un pilar crucial en el tratamiento de la depresi\u00f3n en nuestro contexto.<\/p>\n\n\n\n<h2 class=\"wp-block-heading has-x-large-font-size\">C\u00f3mo apoyar a las personas con depresi\u00f3n: Gu\u00eda pr\u00e1ctica para el entorno<\/h2>\n\n\n\n<p>Si tienes un familiar, amigo o colega que est\u00e1 pasando por esto, tu rol es fundamental. Pero ojo: no se trata de convertirte en su terapeuta, sino en un apoyo humano.<\/p>\n\n\n\n<h3 class=\"wp-block-heading has-large-font-size\">Escucha sin juzgar<\/h3>\n\n\n\n<p>No ofrezcas soluciones r\u00e1pidas. No digas &#8220;lo que tienes que hacer es\u2026&#8221;. En lugar de eso, valida su experiencia: &#8220;No me imagino lo duro que debe ser eso&#8221;, &#8220;Gracias por cont\u00e1rmelo, entiendo por qu\u00e9 te sientes as\u00ed&#8221;.<\/p>\n\n\n\n<h3 class=\"wp-block-heading has-large-font-size\">Acompa\u00f1a en lo pr\u00e1ctico<\/h3>\n\n\n\n<p>Las <strong>personas con depresi\u00f3n<\/strong> a menudo no tienen energ\u00eda para hacer cosas b\u00e1sicas. Ofrece ayuda concreta: &#8220;\u00bfTe puedo llevar al m\u00e9dico?&#8221;, &#8220;\u00bfTe ayudo a hacer las compras?&#8221;, &#8220;\u00bfTe puedo preparar algo de comer?&#8221;. Estos gestos hablan m\u00e1s que mil palabras.<\/p>\n\n\n\n<h3 class=\"wp-block-heading has-large-font-size\">Mant\u00e9n el contacto, aunque no respondan<\/h3>\n\n\n\n<p>La depresi\u00f3n lleva al aislamiento. Sigue enviando mensajes, haciendo llamadas, invitando a planes, sin presi\u00f3n. Un simple &#8220;Hola, te estuve pensando, espero que tengas un d\u00eda llevadero&#8221; puede ser un faro de luz.<\/p>\n\n\n\n<h3 class=\"wp-block-heading has-large-font-size\">Inf\u00f3rmate<\/h3>\n\n\n\n<p>Lee, pregunta, investiga. Cuanto m\u00e1s entiendas la condici\u00f3n, menos probabilidades tendr\u00e1s de caer en juicios o frases hirientes.<\/p>\n\n\n\n<h2 class=\"wp-block-heading has-x-large-font-size\">Tratamiento basado en evidencia: El camino hacia la recuperaci\u00f3n<\/h2>\n\n\n\n<figure class=\"wp-block-image alignwide size-full\"><img loading=\"lazy\" decoding=\"async\" width=\"640\" height=\"427\" src=\"https:\/\/fonasa.mindy.cl\/blog\/wp-content\/uploads\/2026\/02\/pexels-mart-production-7699381.jpg\" alt=\"personas con depresi\u00f3n\" class=\"wp-image-1439\"\/><\/figure>\n\n\n\n<p>La buena noticia es que la depresi\u00f3n tiene tratamiento. La combinaci\u00f3n de enfoques es lo que mejores resultados arroja.<\/p>\n\n\n\n<h3 class=\"wp-block-heading has-large-font-size\">Evaluaci\u00f3n y diagn\u00f3stico<\/h3>\n\n\n\n<p>El primer paso es acudir a un profesional (psic\u00f3logo o psiquiatra) para una evaluaci\u00f3n exhaustiva. Esto permite descartar causas m\u00e9dicas (hipotiroidismo, d\u00e9ficit de vitaminas) y obtener un diagn\u00f3stico preciso.<\/p>\n\n\n\n<h3 class=\"wp-block-heading has-large-font-size\">Estabilizaci\u00f3n<\/h3>\n\n\n\n<p>En casos moderados a severos, el psiquiatra puede recomendar medicaci\u00f3n (antidepresivos). Estos f\u00e1rmacos tardan unas semanas en hacer efecto completo. Su funci\u00f3n es &#8220;nivelar el terreno&#8221; para que la persona pueda empezar a trabajar en psicoterapia.<\/p>\n\n\n\n<h3 class=\"wp-block-heading has-large-font-size\">Psicoterapia<\/h3>\n\n\n\n<p>Aqu\u00ed es donde se aprenden las herramientas para la vida. La <strong>Terapia Cognitivo-Conductual (TCC)<\/strong> es una de las m\u00e1s efectivas. Ayuda a:<\/p>\n\n\n\n<ul>\n<li>Identificar y desafiar los pensamientos autom\u00e1ticos negativos.<\/li>\n\n\n\n<li>Programar actividades placenteras (activaci\u00f3n conductual) para romper el ciclo de inactividad.<\/li>\n\n\n\n<li>Desarrollar habilidades de resoluci\u00f3n de problemas.<\/li>\n<\/ul>\n\n\n\n<p>Otras terapias, como la <strong>Terapia de Aceptaci\u00f3n y Compromiso (ACT)<\/strong> o la <strong>Terapia Interpersonal (TIP)<\/strong> , tambi\u00e9n han mostrado gran eficacia.<\/p>\n\n\n\n<h3 class=\"wp-block-heading has-large-font-size\">Prevenci\u00f3n de reca\u00eddas<\/h3>\n\n\n\n<p>Una vez superado el episodio agudo, el trabajo contin\u00faa. Se trata de identificar las se\u00f1ales de alerta temprana y mantener los h\u00e1bitos saludables (sue\u00f1o, ejercicio, conexi\u00f3n social) para evitar futuras reca\u00eddas.<\/p>\n\n\n\n<h2 class=\"wp-block-heading has-x-large-font-size\">Fonasa Mindy: Un puente hacia la salud mental para las personas con depresi\u00f3n<\/h2>\n\n\n\n<p>Sabemos que en Chile, uno de los mayores obst\u00e1culos para acceder a terapia es la falta de recursos econ\u00f3micos y las largas listas de espera. Para alguien que ya batalla contra la desesperanza y la fatiga, estas barreras pueden ser el golpe final.<\/p>\n\n\n\n<p>En <strong>Fonasa Mindy<\/strong> hemos creado un modelo de atenci\u00f3n pensado para derribar esos muros. Sabemos que las <strong>personas con depresi\u00f3n<\/strong> necesitan un acceso f\u00e1cil, r\u00e1pido y desde un entorno seguro.<\/p>\n\n\n\n<h3 class=\"wp-block-heading has-large-font-size\">\u00bfC\u00f3mo puede ayudarte Fonasa Mindy?<\/h3>\n\n\n\n<ul>\n<li><strong>Acceso inmediato:<\/strong> Olv\u00eddate de las listas de espera de meses. Puedes agendar tu primera sesi\u00f3n en cuesti\u00f3n de d\u00edas y comenzar tu camino hacia la recuperaci\u00f3n.<\/li>\n\n\n\n<li><strong>Terapia desde tu hogar:<\/strong> Para alguien que apenas tiene energ\u00eda para levantarse, tener que desplazarse a una consulta puede ser una barrera insalvable. Con nosotros, la terapia llega a ti, en el espacio donde te sientas m\u00e1s seguro.<\/li>\n\n\n\n<li><strong>Especialistas en depresi\u00f3n:<\/strong> Contamos con psic\u00f3logos entrenados en TCC y otros enfoques basados en evidencia, que entienden a la perfecci\u00f3n la complejidad de esta condici\u00f3n.<\/li>\n\n\n\n<li><strong>Acompa\u00f1amiento constante:<\/strong> La plataforma permite un seguimiento continuo, no solo en la hora de la sesi\u00f3n. Tu terapeuta estar\u00e1 disponible para apoyarte en los momentos m\u00e1s dif\u00edciles.<\/li>\n\n\n\n<li><strong>Accesibilidad con Fonasa:<\/strong> Ofrecemos servicios de calidad utilizando tu cobertura de Fonasa, sin que el costo sea un impedimento para cuidar tu salud mental.<\/li>\n<\/ul>\n\n\n\n<p>El primer paso es el m\u00e1s dif\u00edcil, pero tambi\u00e9n el m\u00e1s valiente. Conoce a nuestros especialistas y agenda tu primera sesi\u00f3n en <a href=\"https:\/\/fonasa.mindy.cl\/psicologos.php#\/\"><strong>Psic\u00f3logos online Fonasa Mindy<\/strong><\/a>.<\/p>\n\n\n\n<p>Las <strong>personas con depresi\u00f3n<\/strong> no necesitan discursos motivacionales vac\u00edos ni juicios disfrazados de consejos. Necesitan comprensi\u00f3n, ciencia y apoyo tangible. La depresi\u00f3n es una de las experiencias humanas m\u00e1s solitarias, pero el aislamiento no tiene por qu\u00e9 ser eterno. <\/p>\n\n\n\n<p>Entender su base biol\u00f3gica nos libera de la culpa; entender su dimensi\u00f3n social nos conecta con los dem\u00e1s; y entender que tiene tratamiento nos llena de esperanza. Si est\u00e1s en el pozo, recuerda que no elegiste caer, pero hay manos tendidas para ayudarte a salir. Habla, busca ayuda, perm\u00edtete recibir apoyo. Tu vida importa, y la recuperaci\u00f3n, aunque lenta, es posible. En <a href=\"https:\/\/fonasa.mindy.cl\/#\/\"><strong>Fonasa Mindy<\/strong><\/a> estamos aqu\u00ed para ser esa mano.<\/p>\n\n\n\n<p><em>Para m\u00e1s recursos y art\u00edculos sobre salud mental, visita <a href=\"https:\/\/mindy.cl\/\"><strong>Mindy<\/strong><\/a>.<\/em><\/p>\n\n\n\n<h2 class=\"wp-block-heading has-x-large-font-size\">\u00bfRealmente sabes c\u00f3mo est\u00e1 tu salud emocional?<\/h2>\n\n\n\n<p>No siempre es f\u00e1cil identificar cu\u00e1ndo la tristeza se convierte en algo m\u00e1s. Por eso, en&nbsp;<strong>Fonasa.Mindy.cl<\/strong>&nbsp;te invitamos a tomarte 5 minutos para realizar nuestro Quiz gratuito. Obt\u00e9n una orientaci\u00f3n inicial sobre tus niveles de depresi\u00f3n y descubre cu\u00e1l es el camino hacia la terapia que realmente necesitas. Da el primer paso sin compromiso.<\/p>\n\n\n\n<p><span style=\"color: rgb(15, 17, 21); font-family: quote-cjk-patch, Inter, system-ui, -apple-system, BlinkMacSystemFont, &quot;Segoe UI&quot;, Roboto, Oxygen, Ubuntu, Cantarell, &quot;Open Sans&quot;, &quot;Helvetica Neue&quot;, sans-serif; font-size: 16px; white-space-collapse: collapse; background-color: rgb(255, 255, 255);\">\ud83d\udc49&nbsp;<\/span><span style=\"font-weight: 600; color: rgb(15, 17, 21); font-family: quote-cjk-patch, Inter, system-ui, -apple-system, BlinkMacSystemFont, &quot;Segoe UI&quot;, Roboto, Oxygen, Ubuntu, Cantarell, &quot;Open Sans&quot;, &quot;Helvetica Neue&quot;, sans-serif; font-size: 16px; white-space-collapse: collapse; background-color: rgb(255, 255, 255);\">Accede aqu\u00ed:<\/span><span style=\"color: rgb(15, 17, 21); font-family: quote-cjk-patch, Inter, system-ui, -apple-system, BlinkMacSystemFont, &quot;Segoe UI&quot;, Roboto, Oxygen, Ubuntu, Cantarell, &quot;Open Sans&quot;, &quot;Helvetica Neue&quot;, sans-serif; font-size: 16px; white-space-collapse: collapse; background-color: rgb(255, 255, 255);\">&nbsp;<\/span><a style=\"color: rgb(57, 100, 254); transition-duration: 0.2s; transition-timing-function: cubic-bezier(0.4, 0, 0.2, 1); transition-property: box-shadow; border-width: 1.78571px 2.67857px; border-color: rgba(255, 255, 255, 0); margin-left: -3px; margin-right: -3px; text-decoration-line: underline; text-decoration-color: rgb(57, 100, 254); position: relative; outline-style: none; outline-width: initial; font-family: quote-cjk-patch, Inter, system-ui, -apple-system, BlinkMacSystemFont, &quot;Segoe UI&quot;, Roboto, Oxygen, Ubuntu, Cantarell, &quot;Open Sans&quot;, &quot;Helvetica Neue&quot;, sans-serif; font-size: 16px; white-space-collapse: collapse; background-color: rgb(255, 255, 255);\" href=\"https:\/\/form.typeform.com\/to\/P78CVEPt\" target=\"_blank\" rel=\"noreferrer noopener\">https:\/\/form.typeform.com\/to\/P78CVEPt<\/a><\/p>\n","protected":false},"excerpt":{"rendered":"<p>Imagina que est\u00e1s en el fondo de un pozo oscuro y h\u00famedo. Desde arriba, escuchas las voces de las personas que te quieren. Te gritan: &#8220;\u00a1\u00e9chale ganas!&#8221;, &#8220;\u00a1piensa en positivo!&#8221;, &#8220;\u00a1solo tienes que salir!&#8221;. El problema es que no hay escaleras, ni cuerdas, ni paredes de las que agarrarse. Cada intento de moverte te agota [&hellip;]<\/p>\n","protected":false},"author":3,"featured_media":1436,"comment_status":"closed","ping_status":"closed","sticky":false,"template":"","format":"standard","meta":{"footnotes":""},"categories":[278],"tags":[],"yoast_head":"<!-- This site is optimized with the Yoast SEO plugin v23.0 - https:\/\/yoast.com\/wordpress\/plugins\/seo\/ -->\n<title>Personas con depresi\u00f3n: M\u00e1s all\u00e1 de la tristeza la mirada humana<\/title>\n<meta name=\"description\" content=\"\u00bfC\u00f3mo apoyar a personas con depresi\u00f3n? Conoce sus s\u00edntomas, desaf\u00edos y opciones de tratamiento accesibles con Fonasa Mindy en Chile.\" \/>\n<meta name=\"robots\" content=\"index, follow, max-snippet:-1, max-image-preview:large, max-video-preview:-1\" \/>\n<link rel=\"canonical\" href=\"https:\/\/fonasa.mindy.cl\/blog\/personas-con-depresion\/\" \/>\n<meta property=\"og:locale\" content=\"es_ES\" \/>\n<meta property=\"og:type\" content=\"article\" \/>\n<meta property=\"og:title\" content=\"Personas con depresi\u00f3n: M\u00e1s all\u00e1 de la tristeza la mirada humana\" \/>\n<meta property=\"og:description\" content=\"\u00bfC\u00f3mo apoyar a personas con depresi\u00f3n? Conoce sus s\u00edntomas, desaf\u00edos y opciones de tratamiento accesibles con Fonasa Mindy en Chile.\" \/>\n<meta property=\"og:url\" content=\"https:\/\/fonasa.mindy.cl\/blog\/personas-con-depresion\/\" \/>\n<meta property=\"og:site_name\" content=\"Mindy Fonasa Blog\" \/>\n<meta property=\"article:published_time\" content=\"2026-02-20T14:50:00+00:00\" \/>\n<meta property=\"article:modified_time\" content=\"2026-03-25T13:20:37+00:00\" \/>\n<meta property=\"og:image\" content=\"https:\/\/fonasa.mindy.cl\/blog\/wp-content\/uploads\/2026\/02\/pexels-inzmamkhan11-1134204.jpg\" \/>\n\t<meta property=\"og:image:width\" content=\"640\" \/>\n\t<meta property=\"og:image:height\" content=\"441\" \/>\n\t<meta property=\"og:image:type\" content=\"image\/jpeg\" \/>\n<meta name=\"author\" content=\"estrategamkd@gmail.com\" \/>\n<meta name=\"twitter:card\" content=\"summary_large_image\" \/>\n<meta name=\"twitter:label1\" content=\"Written by\" \/>\n\t<meta name=\"twitter:data1\" content=\"estrategamkd@gmail.com\" \/>\n\t<meta name=\"twitter:label2\" content=\"Est. reading time\" \/>\n\t<meta name=\"twitter:data2\" content=\"11 minutos\" \/>\n<script type=\"application\/ld+json\" class=\"yoast-schema-graph\">{\"@context\":\"https:\/\/schema.org\",\"@graph\":[{\"@type\":\"Article\",\"@id\":\"https:\/\/fonasa.mindy.cl\/blog\/personas-con-depresion\/#article\",\"isPartOf\":{\"@id\":\"https:\/\/fonasa.mindy.cl\/blog\/personas-con-depresion\/\"},\"author\":{\"name\":\"estrategamkd@gmail.com\",\"@id\":\"https:\/\/fonasa.mindy.cl\/blog\/#\/schema\/person\/fa87761528fa733079f7f77181252f28\"},\"headline\":\"Personas con depresi\u00f3n: M\u00e1s all\u00e1 de la tristeza, una mirada humana y cient\u00edfica\",\"datePublished\":\"2026-02-20T14:50:00+00:00\",\"dateModified\":\"2026-03-25T13:20:37+00:00\",\"mainEntityOfPage\":{\"@id\":\"https:\/\/fonasa.mindy.cl\/blog\/personas-con-depresion\/\"},\"wordCount\":2497,\"publisher\":{\"@id\":\"https:\/\/fonasa.mindy.cl\/blog\/#organization\"},\"image\":{\"@id\":\"https:\/\/fonasa.mindy.cl\/blog\/personas-con-depresion\/#primaryimage\"},\"thumbnailUrl\":\"https:\/\/fonasa.mindy.cl\/blog\/wp-content\/uploads\/2026\/02\/pexels-inzmamkhan11-1134204.jpg\",\"articleSection\":[\"Depresi\u00f3n\"],\"inLanguage\":\"es-CL\"},{\"@type\":\"WebPage\",\"@id\":\"https:\/\/fonasa.mindy.cl\/blog\/personas-con-depresion\/\",\"url\":\"https:\/\/fonasa.mindy.cl\/blog\/personas-con-depresion\/\",\"name\":\"Personas con depresi\u00f3n: M\u00e1s all\u00e1 de la tristeza la mirada humana\",\"isPartOf\":{\"@id\":\"https:\/\/fonasa.mindy.cl\/blog\/#website\"},\"primaryImageOfPage\":{\"@id\":\"https:\/\/fonasa.mindy.cl\/blog\/personas-con-depresion\/#primaryimage\"},\"image\":{\"@id\":\"https:\/\/fonasa.mindy.cl\/blog\/personas-con-depresion\/#primaryimage\"},\"thumbnailUrl\":\"https:\/\/fonasa.mindy.cl\/blog\/wp-content\/uploads\/2026\/02\/pexels-inzmamkhan11-1134204.jpg\",\"datePublished\":\"2026-02-20T14:50:00+00:00\",\"dateModified\":\"2026-03-25T13:20:37+00:00\",\"description\":\"\u00bfC\u00f3mo apoyar a personas con depresi\u00f3n? Conoce sus s\u00edntomas, desaf\u00edos y opciones de tratamiento accesibles con Fonasa Mindy en Chile.\",\"breadcrumb\":{\"@id\":\"https:\/\/fonasa.mindy.cl\/blog\/personas-con-depresion\/#breadcrumb\"},\"inLanguage\":\"es-CL\",\"potentialAction\":[{\"@type\":\"ReadAction\",\"target\":[\"https:\/\/fonasa.mindy.cl\/blog\/personas-con-depresion\/\"]}]},{\"@type\":\"ImageObject\",\"inLanguage\":\"es-CL\",\"@id\":\"https:\/\/fonasa.mindy.cl\/blog\/personas-con-depresion\/#primaryimage\",\"url\":\"https:\/\/fonasa.mindy.cl\/blog\/wp-content\/uploads\/2026\/02\/pexels-inzmamkhan11-1134204.jpg\",\"contentUrl\":\"https:\/\/fonasa.mindy.cl\/blog\/wp-content\/uploads\/2026\/02\/pexels-inzmamkhan11-1134204.jpg\",\"width\":640,\"height\":441,\"caption\":\"personas con depresi\u00f3n\"},{\"@type\":\"BreadcrumbList\",\"@id\":\"https:\/\/fonasa.mindy.cl\/blog\/personas-con-depresion\/#breadcrumb\",\"itemListElement\":[{\"@type\":\"ListItem\",\"position\":1,\"name\":\"Home\",\"item\":\"https:\/\/fonasa.mindy.cl\/blog\/\"},{\"@type\":\"ListItem\",\"position\":2,\"name\":\"Personas con depresi\u00f3n: M\u00e1s all\u00e1 de la tristeza, una mirada humana y cient\u00edfica\"}]},{\"@type\":\"WebSite\",\"@id\":\"https:\/\/fonasa.mindy.cl\/blog\/#website\",\"url\":\"https:\/\/fonasa.mindy.cl\/blog\/\",\"name\":\"Mindy Fonasa Blog\",\"description\":\"Un blog de salud mental\",\"publisher\":{\"@id\":\"https:\/\/fonasa.mindy.cl\/blog\/#organization\"},\"potentialAction\":[{\"@type\":\"SearchAction\",\"target\":{\"@type\":\"EntryPoint\",\"urlTemplate\":\"https:\/\/fonasa.mindy.cl\/blog\/?s={search_term_string}\"},\"query-input\":\"required name=search_term_string\"}],\"inLanguage\":\"es-CL\"},{\"@type\":\"Organization\",\"@id\":\"https:\/\/fonasa.mindy.cl\/blog\/#organization\",\"name\":\"Mindy Fonasa Blog\",\"url\":\"https:\/\/fonasa.mindy.cl\/blog\/\",\"logo\":{\"@type\":\"ImageObject\",\"inLanguage\":\"es-CL\",\"@id\":\"https:\/\/fonasa.mindy.cl\/blog\/#\/schema\/logo\/image\/\",\"url\":\"https:\/\/fonasa.mindy.cl\/blog\/wp-content\/uploads\/2024\/07\/logo_cuadrado.png\",\"contentUrl\":\"https:\/\/fonasa.mindy.cl\/blog\/wp-content\/uploads\/2024\/07\/logo_cuadrado.png\",\"width\":300,\"height\":300,\"caption\":\"Mindy Fonasa Blog\"},\"image\":{\"@id\":\"https:\/\/fonasa.mindy.cl\/blog\/#\/schema\/logo\/image\/\"}},{\"@type\":\"Person\",\"@id\":\"https:\/\/fonasa.mindy.cl\/blog\/#\/schema\/person\/fa87761528fa733079f7f77181252f28\",\"name\":\"estrategamkd@gmail.com\",\"url\":\"https:\/\/fonasa.mindy.cl\/blog\/author\/estrategamkdgmail-com\/\"}]}<\/script>\n<!-- \/ Yoast SEO plugin. -->","yoast_head_json":{"title":"Personas con depresi\u00f3n: M\u00e1s all\u00e1 de la tristeza la mirada humana","description":"\u00bfC\u00f3mo apoyar a personas con depresi\u00f3n? Conoce sus s\u00edntomas, desaf\u00edos y opciones de tratamiento accesibles con Fonasa Mindy en Chile.","robots":{"index":"index","follow":"follow","max-snippet":"max-snippet:-1","max-image-preview":"max-image-preview:large","max-video-preview":"max-video-preview:-1"},"canonical":"https:\/\/fonasa.mindy.cl\/blog\/personas-con-depresion\/","og_locale":"es_ES","og_type":"article","og_title":"Personas con depresi\u00f3n: M\u00e1s all\u00e1 de la tristeza la mirada humana","og_description":"\u00bfC\u00f3mo apoyar a personas con depresi\u00f3n? Conoce sus s\u00edntomas, desaf\u00edos y opciones de tratamiento accesibles con Fonasa Mindy en Chile.","og_url":"https:\/\/fonasa.mindy.cl\/blog\/personas-con-depresion\/","og_site_name":"Mindy Fonasa Blog","article_published_time":"2026-02-20T14:50:00+00:00","article_modified_time":"2026-03-25T13:20:37+00:00","og_image":[{"width":640,"height":441,"url":"https:\/\/fonasa.mindy.cl\/blog\/wp-content\/uploads\/2026\/02\/pexels-inzmamkhan11-1134204.jpg","type":"image\/jpeg"}],"author":"estrategamkd@gmail.com","twitter_card":"summary_large_image","twitter_misc":{"Written by":"estrategamkd@gmail.com","Est. reading time":"11 minutos"},"schema":{"@context":"https:\/\/schema.org","@graph":[{"@type":"Article","@id":"https:\/\/fonasa.mindy.cl\/blog\/personas-con-depresion\/#article","isPartOf":{"@id":"https:\/\/fonasa.mindy.cl\/blog\/personas-con-depresion\/"},"author":{"name":"estrategamkd@gmail.com","@id":"https:\/\/fonasa.mindy.cl\/blog\/#\/schema\/person\/fa87761528fa733079f7f77181252f28"},"headline":"Personas con depresi\u00f3n: M\u00e1s all\u00e1 de la tristeza, una mirada humana y cient\u00edfica","datePublished":"2026-02-20T14:50:00+00:00","dateModified":"2026-03-25T13:20:37+00:00","mainEntityOfPage":{"@id":"https:\/\/fonasa.mindy.cl\/blog\/personas-con-depresion\/"},"wordCount":2497,"publisher":{"@id":"https:\/\/fonasa.mindy.cl\/blog\/#organization"},"image":{"@id":"https:\/\/fonasa.mindy.cl\/blog\/personas-con-depresion\/#primaryimage"},"thumbnailUrl":"https:\/\/fonasa.mindy.cl\/blog\/wp-content\/uploads\/2026\/02\/pexels-inzmamkhan11-1134204.jpg","articleSection":["Depresi\u00f3n"],"inLanguage":"es-CL"},{"@type":"WebPage","@id":"https:\/\/fonasa.mindy.cl\/blog\/personas-con-depresion\/","url":"https:\/\/fonasa.mindy.cl\/blog\/personas-con-depresion\/","name":"Personas con depresi\u00f3n: M\u00e1s all\u00e1 de la tristeza la mirada humana","isPartOf":{"@id":"https:\/\/fonasa.mindy.cl\/blog\/#website"},"primaryImageOfPage":{"@id":"https:\/\/fonasa.mindy.cl\/blog\/personas-con-depresion\/#primaryimage"},"image":{"@id":"https:\/\/fonasa.mindy.cl\/blog\/personas-con-depresion\/#primaryimage"},"thumbnailUrl":"https:\/\/fonasa.mindy.cl\/blog\/wp-content\/uploads\/2026\/02\/pexels-inzmamkhan11-1134204.jpg","datePublished":"2026-02-20T14:50:00+00:00","dateModified":"2026-03-25T13:20:37+00:00","description":"\u00bfC\u00f3mo apoyar a personas con depresi\u00f3n? Conoce sus s\u00edntomas, desaf\u00edos y opciones de tratamiento accesibles con Fonasa Mindy en Chile.","breadcrumb":{"@id":"https:\/\/fonasa.mindy.cl\/blog\/personas-con-depresion\/#breadcrumb"},"inLanguage":"es-CL","potentialAction":[{"@type":"ReadAction","target":["https:\/\/fonasa.mindy.cl\/blog\/personas-con-depresion\/"]}]},{"@type":"ImageObject","inLanguage":"es-CL","@id":"https:\/\/fonasa.mindy.cl\/blog\/personas-con-depresion\/#primaryimage","url":"https:\/\/fonasa.mindy.cl\/blog\/wp-content\/uploads\/2026\/02\/pexels-inzmamkhan11-1134204.jpg","contentUrl":"https:\/\/fonasa.mindy.cl\/blog\/wp-content\/uploads\/2026\/02\/pexels-inzmamkhan11-1134204.jpg","width":640,"height":441,"caption":"personas con depresi\u00f3n"},{"@type":"BreadcrumbList","@id":"https:\/\/fonasa.mindy.cl\/blog\/personas-con-depresion\/#breadcrumb","itemListElement":[{"@type":"ListItem","position":1,"name":"Home","item":"https:\/\/fonasa.mindy.cl\/blog\/"},{"@type":"ListItem","position":2,"name":"Personas con depresi\u00f3n: M\u00e1s all\u00e1 de la tristeza, una mirada humana y cient\u00edfica"}]},{"@type":"WebSite","@id":"https:\/\/fonasa.mindy.cl\/blog\/#website","url":"https:\/\/fonasa.mindy.cl\/blog\/","name":"Mindy Fonasa Blog","description":"Un blog de salud mental","publisher":{"@id":"https:\/\/fonasa.mindy.cl\/blog\/#organization"},"potentialAction":[{"@type":"SearchAction","target":{"@type":"EntryPoint","urlTemplate":"https:\/\/fonasa.mindy.cl\/blog\/?s={search_term_string}"},"query-input":"required name=search_term_string"}],"inLanguage":"es-CL"},{"@type":"Organization","@id":"https:\/\/fonasa.mindy.cl\/blog\/#organization","name":"Mindy Fonasa Blog","url":"https:\/\/fonasa.mindy.cl\/blog\/","logo":{"@type":"ImageObject","inLanguage":"es-CL","@id":"https:\/\/fonasa.mindy.cl\/blog\/#\/schema\/logo\/image\/","url":"https:\/\/fonasa.mindy.cl\/blog\/wp-content\/uploads\/2024\/07\/logo_cuadrado.png","contentUrl":"https:\/\/fonasa.mindy.cl\/blog\/wp-content\/uploads\/2024\/07\/logo_cuadrado.png","width":300,"height":300,"caption":"Mindy Fonasa Blog"},"image":{"@id":"https:\/\/fonasa.mindy.cl\/blog\/#\/schema\/logo\/image\/"}},{"@type":"Person","@id":"https:\/\/fonasa.mindy.cl\/blog\/#\/schema\/person\/fa87761528fa733079f7f77181252f28","name":"estrategamkd@gmail.com","url":"https:\/\/fonasa.mindy.cl\/blog\/author\/estrategamkdgmail-com\/"}]}},"_links":{"self":[{"href":"https:\/\/fonasa.mindy.cl\/blog\/wp-json\/wp\/v2\/posts\/1434"}],"collection":[{"href":"https:\/\/fonasa.mindy.cl\/blog\/wp-json\/wp\/v2\/posts"}],"about":[{"href":"https:\/\/fonasa.mindy.cl\/blog\/wp-json\/wp\/v2\/types\/post"}],"author":[{"embeddable":true,"href":"https:\/\/fonasa.mindy.cl\/blog\/wp-json\/wp\/v2\/users\/3"}],"replies":[{"embeddable":true,"href":"https:\/\/fonasa.mindy.cl\/blog\/wp-json\/wp\/v2\/comments?post=1434"}],"version-history":[{"count":7,"href":"https:\/\/fonasa.mindy.cl\/blog\/wp-json\/wp\/v2\/posts\/1434\/revisions"}],"predecessor-version":[{"id":1698,"href":"https:\/\/fonasa.mindy.cl\/blog\/wp-json\/wp\/v2\/posts\/1434\/revisions\/1698"}],"wp:featuredmedia":[{"embeddable":true,"href":"https:\/\/fonasa.mindy.cl\/blog\/wp-json\/wp\/v2\/media\/1436"}],"wp:attachment":[{"href":"https:\/\/fonasa.mindy.cl\/blog\/wp-json\/wp\/v2\/media?parent=1434"}],"wp:term":[{"taxonomy":"category","embeddable":true,"href":"https:\/\/fonasa.mindy.cl\/blog\/wp-json\/wp\/v2\/categories?post=1434"},{"taxonomy":"post_tag","embeddable":true,"href":"https:\/\/fonasa.mindy.cl\/blog\/wp-json\/wp\/v2\/tags?post=1434"}],"curies":[{"name":"wp","href":"https:\/\/api.w.org\/{rel}","templated":true}]}}