{"id":1418,"date":"2026-02-20T11:12:50","date_gmt":"2026-02-20T14:12:50","guid":{"rendered":"https:\/\/fonasa.mindy.cl\/blog\/?p=1418"},"modified":"2026-03-25T11:36:11","modified_gmt":"2026-03-25T14:36:11","slug":"causas-de-la-esquizofrenia","status":"publish","type":"post","link":"https:\/\/fonasa.mindy.cl\/blog\/causas-de-la-esquizofrenia\/","title":{"rendered":"Causas de la esquizofrenia: M\u00e1s all\u00e1 de los mitos gen\u00e9ticos"},"content":{"rendered":"\n<p>Imagina que, de un momento a otro, la realidad que conoces comienza a desdibujarse. Los sonidos cotidianos cobran un significado amenazante y las personas a tu alrededor parecen participar en una trama que solo t\u00fa puedes percibir. Esta es la vivencia de miles de personas que enfrentan un trastorno que, hist\u00f3ricamente, ha sido malentendido y estigmatizado. Para quienes observan este proceso desde fuera, surge una pregunta inevitable y cargada de angustia: \u00bfpor qu\u00e9 sucede esto? Entender las <strong>causas de la esquizofrenia<\/strong> es fundamental no solo para la ciencia, sino para brindar un entorno de apoyo real y humano. <\/p>\n\n\n\n<p>A lo largo de este art\u00edculo, desglosaremos los hallazgos neurobiol\u00f3gicos m\u00e1s recientes, analizaremos c\u00f3mo el entorno social en Chile influye en el desarrollo del trastorno y exploraremos la fascinante perspectiva evolutiva detr\u00e1s de esta condici\u00f3n. La promesa de este contenido es entregarte claridad basada en evidencia, alej\u00e1ndonos de los prejuicios para que puedas comprender mejor este complejo rompecabezas mental.<\/p>\n\n\n\n<h2 class=\"wp-block-heading has-x-large-font-size\">Lo que se cree sobre las causas de la esquizofrenia<\/h2>\n\n\n\n<p>A menudo, la cultura popular y el cine han perpetuado ideas err\u00f3neas que solo aumentan el dolor de las familias. Uno de los mitos m\u00e1s da\u00f1inos es el de la &#8220;madre esquizofren\u00f3gena&#8221;, una teor\u00eda antigua y hoy desmentida que suger\u00eda que una crianza fr\u00eda o contradictoria provocaba el trastorno. La realidad cient\u00edfica nos dice que las <strong>causas de la esquizofrenia<\/strong> no son el resultado de una mala educaci\u00f3n o de una falta de voluntad por parte del paciente. Estamos ante una condici\u00f3n de origen multicausal, donde la gen\u00e9tica es solo una pieza de un tablero mucho m\u00e1s amplio.<\/p>\n\n\n\n<p>Otro error com\u00fan es creer que, si no hay antecedentes familiares, no existe riesgo. Si bien la herencia juega un rol, la gran mayor\u00eda de las personas con este diagn\u00f3stico no tienen parientes directos con la enfermedad. Esto nos lleva a profundizar en las <strong>causas de la esquizofrenia<\/strong> que no est\u00e1n escritas en el ADN, como los factores perinatales o el estr\u00e9s ambiental. Desmitificar estas creencias es el primer paso para reducir la culpa que suelen cargar los padres y cuidadores, permitiendo que el enfoque se centre en el tratamiento y la rehabilitaci\u00f3n.<\/p>\n\n\n\n<h3 class=\"wp-block-heading has-large-font-size\">Desmitificando las creencias populares<\/h3>\n\n\n\n<ul>\n<li><strong>Mito:<\/strong> La esquizofrenia es causada por un trauma infantil espec\u00edfico. <strong>Realidad:<\/strong> El trauma puede ser un detonante, pero no es la causa \u00fanica; se requiere una vulnerabilidad biol\u00f3gica previa.<\/li>\n\n\n\n<li><strong>Mito:<\/strong> Es un trastorno de &#8220;doble personalidad&#8221;. <strong>Realidad:<\/strong> La esquizofrenia implica una fragmentaci\u00f3n de las funciones ps\u00edquicas (pensamiento, percepci\u00f3n, emoci\u00f3n), no la existencia de identidades m\u00faltiples.<\/li>\n\n\n\n<li><strong>Mito:<\/strong> El consumo de drogas es la \u00fanica causa. <strong>Realidad:<\/strong> Ciertas sustancias, como el cannabis de alta potencia, pueden precipitar el brote en personas predispuestas, pero no causan el trastorno por s\u00ed solas.<\/li>\n\n\n\n<li><strong>Mito:<\/strong> Las personas con esquizofrenia son violentas por naturaleza. <strong>Realidad:<\/strong> El estigma es infundado; con tratamiento adecuado, la gran mayor\u00eda no presenta conductas agresivas, siendo m\u00e1s bien v\u00edctimas de exclusi\u00f3n.<\/li>\n<\/ul>\n\n\n\n<h2 class=\"wp-block-heading has-x-large-font-size\">El rompecabezas biol\u00f3gico de las causas de la esquizofrenia<\/h2>\n\n\n\n<figure class=\"wp-block-image size-full\"><img loading=\"lazy\" decoding=\"async\" width=\"1000\" height=\"667\" src=\"https:\/\/fonasa.mindy.cl\/blog\/wp-content\/uploads\/2026\/02\/2149332548.jpg\" alt=\"causas de la esquizofrenia\" class=\"wp-image-1421\"\/><\/figure>\n\n\n\n<p>Desde la neurociencia, el cerebro de una persona con esquizofrenia presenta diferencias estructurales y funcionales que explican gran parte de los s\u00edntomas. La investigaci\u00f3n se ha centrado hist\u00f3ricamente en la <strong>hip\u00f3tesis dopamin\u00e9rgica<\/strong>. Se cree que existe una hiperactividad de la dopamina en ciertas v\u00edas del cerebro (mesol\u00edmbicas), lo que genera las alucinaciones y delirios (s\u00edntomas positivos). Al mismo tiempo, una baja actividad de este neurotransmisor en la corteza prefrontal explicar\u00eda la falta de motivaci\u00f3n y el aplanamiento afectivo (s\u00edntomas negativos).<\/p>\n\n\n\n<p>Sin embargo, la ciencia moderna ha ido m\u00e1s all\u00e1 de la dopamina, involucrando al <strong>glutamato<\/strong>, el neurotransmisor excitatorio m\u00e1s abundante. Una falla en los receptores NMDA del glutamato parece ser una de las piezas clave para investigar las <strong>causas de la esquizofrenia<\/strong>, ya que esto afectar\u00eda la forma en que las neuronas se comunican y procesan la informaci\u00f3n compleja. Adem\u00e1s, se ha observado un fen\u00f3meno conocido como <strong>poda sin\u00e1ptica excesiva<\/strong> durante la adolescencia. En este proceso, el cerebro elimina conexiones neuronales que considera innecesarias, pero en la esquizofrenia, esta poda ser\u00eda demasiado agresiva, dejando al cerebro vulnerable.<\/p>\n\n\n\n<ol start=\"1\">\n<li><strong>Alteraciones en la materia gris:<\/strong> Los estudios de imagenolog\u00eda muestran un adelgazamiento en \u00e1reas espec\u00edficas del l\u00f3bulo temporal y frontal.<\/li>\n\n\n\n<li><strong>Dilataci\u00f3n ventricular:<\/strong> Los ventr\u00edculos laterales (espacios llenos de l\u00edquido cefalorraqu\u00eddeo en el cerebro) suelen ser m\u00e1s grandes, lo que sugiere una p\u00e9rdida de volumen de tejido cerebral circundante.<\/li>\n\n\n\n<li><strong>Desconexi\u00f3n funcional:<\/strong> El cerebro tiene dificultades para coordinar la actividad entre regiones distantes, lo que se traduce en pensamientos desorganizados.<\/li>\n\n\n\n<li><strong>Inflamaci\u00f3n neurobiol\u00f3gica:<\/strong> La evidencia sugiere que una activaci\u00f3n anormal del sistema inmune en el cerebro (microgl\u00eda) podr\u00eda estar da\u00f1ando las neuronas desde etapas tempranas del desarrollo.<\/li>\n<\/ol>\n\n\n\n<h2 class=\"wp-block-heading has-x-large-font-size\">El peso del entorno y las causas de la esquizofrenia en Chile<\/h2>\n\n\n\n<p>Al analizar el contexto nacional, no podemos ignorar c\u00f3mo los determinantes sociales impactan en la salud mental. En Chile, el fen\u00f3meno de la <strong>urbanizaci\u00f3n acelerada<\/strong> y la vida en ciudades densamente pobladas como Santiago se ha vinculado con un aumento en el riesgo de brotes psic\u00f3ticos. El estr\u00e9s del transporte, la inseguridad laboral y el aislamiento social en las grandes urbes act\u00faan como factores estresantes que &#8220;encienden&#8221; la predisposici\u00f3n gen\u00e9tica. Analizar las <strong>causas de la esquizofrenia<\/strong> en nuestro pa\u00eds implica reconocer que la precariedad econ\u00f3mica y la falta de redes de apoyo s\u00f3lidas empeoran el pron\u00f3stico.<\/p>\n\n\n\n<p>El consumo de sustancias es otro factor cr\u00edtico en nuestra realidad local. Chile presenta altas tasas de inicio temprano en el consumo de marihuana. La evidencia cl\u00ednica sugiere que el cannabis act\u00faa como un potente modulador neuroqu\u00edmico que puede acelerar la aparici\u00f3n del primer episodio psic\u00f3tico en j\u00f3venes vulnerables. Adem\u00e1s, el <strong>estigma cultural<\/strong> en Chile sigue siendo una barrera invisible; muchas familias ocultan el problema por miedo al &#8220;qu\u00e9 dir\u00e1n&#8221;, retrasando el tratamiento por a\u00f1os, lo cual es cr\u00edtico, ya que el da\u00f1o neuronal aumenta con cada brote no tratado.<\/p>\n\n\n\n<h3 class=\"wp-block-heading has-large-font-size\">La perspectiva evolutiva: \u00bfPor qu\u00e9 persiste el trastorno?<\/h3>\n\n\n\n<p>Una de las preguntas m\u00e1s fascinantes es por qu\u00e9 la esquizofrenia ha persistido a lo largo de la evoluci\u00f3n humana si parece no ofrecer ventajas reproductivas. Algunos cient\u00edficos proponen que es el &#8220;precio que pagamos&#8221; por el desarrollo del <strong>lenguaje complejo<\/strong> y la creatividad. Las mismas \u00e1reas cerebrales que nos permiten imaginar, crear met\u00e1foras y pensar de forma abstracta son las que se desregulan en la esquizofrenia. Bajo esta l\u00f3gica, los genes asociados al trastorno podr\u00edan conferir ventajas en dosis peque\u00f1as (como mayor creatividad o pensamiento lateral), pero al combinarse de cierta forma, dan lugar a la patolog\u00eda.<\/p>\n\n\n\n<h3 class=\"wp-block-heading has-large-font-size\">El d\u00eda a d\u00eda: Identificando el cambio<\/h3>\n\n\n\n<p>Imagina a un joven de 19 a\u00f1os en su primer a\u00f1o de universidad. Comienza a aislarse, deja de ducharse con frecuencia y afirma que sus compa\u00f1eros se r\u00eden de \u00e9l a sus espaldas, aunque no haya evidencia de ello. En el d\u00eda a d\u00eda, esto se manifiesta como una p\u00e9rdida gradual de la <strong>funcionalidad cotidiana<\/strong>. Al conocer las <strong>causas de la esquizofrenia<\/strong>, podemos entender que este joven no est\u00e1 siendo &#8220;rebelde&#8221; o &#8220;flojo&#8221;, sino que su corteza prefrontal est\u00e1 luchando por procesar la informaci\u00f3n social de manera coherente.<\/p>\n\n\n\n<h2 class=\"wp-block-heading has-x-large-font-size\">Abordando las causas de la esquizofrenia desde la prevenci\u00f3n<\/h2>\n\n\n\n<figure class=\"wp-block-image size-full\"><img loading=\"lazy\" decoding=\"async\" width=\"1000\" height=\"633\" src=\"https:\/\/fonasa.mindy.cl\/blog\/wp-content\/uploads\/2026\/02\/2149332555.jpg\" alt=\"causas de la esquizofrenia\" class=\"wp-image-1422\"\/><\/figure>\n\n\n\n<p>Cuando nos preguntamos si <strong><a href=\"https:\/\/fonasa.mindy.cl\/blog\/la-esquizofrenia-es-hereditaria\/\">la esquizofrenia es hereditaria<\/a><\/strong>, debemos adentrarnos en el mundo de la gen\u00e9tica compleja. Aunque no podemos cambiar nuestra gen\u00e9tica, s\u00ed podemos intervenir en los factores ambientales. <\/p>\n\n\n\n<p>La prevenci\u00f3n se centra hoy en la etapa de la <strong>adolescencia y adultez temprana<\/strong>, que es cuando el cerebro es m\u00e1s pl\u00e1stico y, a la vez, m\u00e1s vulnerable. Mantener entornos familiares estables, reducir el consumo de drogas y fomentar la resiliencia ante el estr\u00e9s son estrategias que ayudan a mitigar los riesgos. Comprender las <strong>causas de la esquizofrenia<\/strong> nos permite actuar antes de que el primer brote ocurra, identificando s\u00edntomas prodr\u00f3micos como el aislamiento social o cambios bruscos en el pensamiento.<\/p>\n\n\n\n<p>La intervenci\u00f3n temprana no solo mejora la calidad de vida, sino que puede alterar la trayectoria neurobiol\u00f3gica del trastorno. La <strong>neuroplasticidad<\/strong>, que es la capacidad del cerebro para reorganizarse, est\u00e1 a nuestro favor durante los primeros a\u00f1os del diagn\u00f3stico. Si logramos estabilizar los niveles de neurotransmisores y brindar herramientas de afrontamiento psicol\u00f3gico, podemos evitar la degeneraci\u00f3n del tejido cerebral que suele ocurrir en casos de abandono terap\u00e9utico. La esquizofrenia ya no se ve como una sentencia de deterioro inevitable, sino como una condici\u00f3n que requiere un manejo cr\u00f3nico y compasivo.<\/p>\n\n\n\n<ol start=\"1\">\n<li><strong>Fase Prodr\u00f3mica:<\/strong> Per\u00edodo previo al brote donde aparecen cambios sutiles en la personalidad y el rendimiento.<\/li>\n\n\n\n<li><strong>Primer Episodio Psic\u00f3tico:<\/strong> Momento cr\u00edtico donde los delirios y alucinaciones se hacen evidentes y requieren intervenci\u00f3n inmediata.<\/li>\n\n\n\n<li><strong>Fase de Estabilizaci\u00f3n:<\/strong> Proceso donde la medicaci\u00f3n y la terapia empiezan a reducir la intensidad de los s\u00edntomas.<\/li>\n\n\n\n<li><strong>Fase de Mantenimiento:<\/strong> Enfoque en la rehabilitaci\u00f3n psicosocial para devolver al paciente su autonom\u00eda y participaci\u00f3n en la comunidad.<\/li>\n<\/ol>\n\n\n\n<h3 class=\"wp-block-heading has-large-font-size\">Fonasa Mindy: Apoyo especializado en salud mental compleja<\/h3>\n\n\n\n<p>Enfrentar un diagn\u00f3stico de este tipo requiere un equipo que no solo entienda la farmacolog\u00eda, sino que valore la humanidad del paciente. En <strong>Fonasa Mindy<\/strong>, creemos que la terapia online es una herramienta poderosa para romper las barreras del estigma y la distancia geogr\u00e1fica. Muchos pacientes con sospecha de psicosis inicial sienten un temor paralizante al salir de casa o al ser vistos en una cl\u00ednica. La atenci\u00f3n virtual permite un primer acercamiento en un entorno donde el usuario se siente seguro y en control.<\/p>\n\n\n\n<h3 class=\"wp-block-heading has-large-font-size\">Elegir nuestro servicio a trav\u00e9s de Fonasa te permite acceder a:<\/h3>\n\n\n\n<ul>\n<li>Psic\u00f3logos expertos en el manejo de trastornos graves y acompa\u00f1amiento familiar.<\/li>\n\n\n\n<li>Una plataforma confidencial que reduce la ansiedad asociada a la atenci\u00f3n presencial.<\/li>\n\n\n\n<li>Continuidad en el tratamiento, algo vital para evitar reca\u00eddas en casos de esquizofrenia.<\/li>\n\n\n\n<li>Orientaci\u00f3n para la familia, ayud\u00e1ndoles a entender que ellos no son responsables del origen del trastorno.<\/li>\n<\/ul>\n\n\n\n<p>Si t\u00fa o alguien de tu entorno est\u00e1 pasando por cambios inexplicables en su forma de percibir la realidad, el momento de consultar es ahora. Estudiar las <strong>causas de la esquizofrenia<\/strong> es el primer paso, pero el segundo es actuar. Puedes agendar una sesi\u00f3n con nuestros profesionales en el siguiente enlace: <strong><a target=\"_blank\" rel=\"noreferrer noopener\" href=\"https:\/\/fonasa.mindy.cl\/psicologos.php#\/\">Psic\u00f3logos online Fonasa Mindy<\/a><\/strong><\/p>\n\n\n\n<p>Entender que el origen de este trastorno reside en una compleja danza entre la biolog\u00eda, la gen\u00e9tica y el entorno social nos permite transformar el miedo en acci\u00f3n. Las <strong>causas de la esquizofrenia<\/strong> no son una condena, sino un mapa que nos indica d\u00f3nde debemos intervenir para devolver la paz a quienes la han perdido. Chile avanza hacia una salud mental m\u00e1s inclusiva, pero el cambio real comienza en la informaci\u00f3n que cada uno de nosotros maneja. No permitas que el estigma gane la batalla; la ciencia nos dice que con apoyo profesional, redes familiares s\u00f3lidas y un tratamiento oportuno, es posible construir una vida con sentido y prop\u00f3sito a pesar del diagn\u00f3stico.<\/p>\n\n\n\n<p>Te invitamos a tomar el control de tu bienestar. Encuentra el acompa\u00f1amiento que necesitas en <strong><a href=\"https:\/\/fonasa.mindy.cl\/#\/\" target=\"_blank\" rel=\"noreferrer noopener\">Fonasa Mindy<\/a><\/strong> y descubre c\u00f3mo nuestra comunidad puede apoyarte. Tambi\u00e9n puedes conocer m\u00e1s sobre nuestra visi\u00f3n integral en nuestra plataforma de Psic\u00f3logos online y presencial <strong><a href=\"https:\/\/mindy.cl\/\" target=\"_blank\" rel=\"noreferrer noopener\">Mindy<\/a><\/strong>.<\/p>\n\n\n\n<h2 class=\"wp-block-heading has-x-large-font-size\">Encuentra la terapia ideal seg\u00fan tu perfil y necesidades<\/h2>\n\n\n\n<p>No todos los enfoques psicol\u00f3gicos funcionan igual para todas las personas. Para ayudarte a dar el paso correcto, hemos dise\u00f1ado un <strong>Quiz de Orientaci\u00f3n Terap\u00e9utica<\/strong>. Al completarlo, descubrir\u00e1s qu\u00e9 tipo de especialista y metodolog\u00eda se adaptan mejor a tu situaci\u00f3n actual, permiti\u00e9ndote aprovechar al m\u00e1ximo tu beneficio Fonasa. <\/p>\n\n\n\n<p>\ud83d\udc49 <strong><a href=\"https:\/\/form.typeform.com\/to\/jfcSJODX\" target=\"_blank\" rel=\"noreferrer noopener\">Realiza el Quiz de Orientaci\u00f3n aqu\u00ed<\/a><\/strong><\/p>\n","protected":false},"excerpt":{"rendered":"<p>Imagina que, de un momento a otro, la realidad que conoces comienza a desdibujarse. Los sonidos cotidianos cobran un significado amenazante y las personas a tu alrededor parecen participar en una trama que solo t\u00fa puedes percibir. Esta es la vivencia de miles de personas que enfrentan un trastorno que, hist\u00f3ricamente, ha sido malentendido y [&hellip;]<\/p>\n","protected":false},"author":3,"featured_media":1420,"comment_status":"closed","ping_status":"closed","sticky":false,"template":"","format":"standard","meta":{"footnotes":""},"categories":[275],"tags":[],"yoast_head":"<!-- This site is optimized with the Yoast SEO plugin v23.0 - https:\/\/yoast.com\/wordpress\/plugins\/seo\/ -->\n<title>Causas de la esquizofrenia: M\u00e1s all\u00e1 de los mitos gen\u00e9ticos<\/title>\n<meta name=\"description\" content=\"\u00bfQu\u00e9 origina este trastorno? Explora las causas de la esquizofrenia desde la ciencia y el contexto chileno. Busca apoyo en Fonasa Mindy.\" \/>\n<meta name=\"robots\" content=\"index, follow, max-snippet:-1, max-image-preview:large, max-video-preview:-1\" \/>\n<link rel=\"canonical\" href=\"https:\/\/fonasa.mindy.cl\/blog\/causas-de-la-esquizofrenia\/\" \/>\n<meta property=\"og:locale\" content=\"es_ES\" \/>\n<meta property=\"og:type\" content=\"article\" \/>\n<meta property=\"og:title\" content=\"Causas de la esquizofrenia: M\u00e1s all\u00e1 de los mitos gen\u00e9ticos\" \/>\n<meta property=\"og:description\" content=\"\u00bfQu\u00e9 origina este trastorno? Explora las causas de la esquizofrenia desde la ciencia y el contexto chileno. Busca apoyo en Fonasa Mindy.\" \/>\n<meta property=\"og:url\" content=\"https:\/\/fonasa.mindy.cl\/blog\/causas-de-la-esquizofrenia\/\" \/>\n<meta property=\"og:site_name\" content=\"Mindy Fonasa Blog\" \/>\n<meta property=\"article:published_time\" content=\"2026-02-20T14:12:50+00:00\" \/>\n<meta property=\"article:modified_time\" content=\"2026-03-25T14:36:11+00:00\" \/>\n<meta property=\"og:image\" content=\"https:\/\/fonasa.mindy.cl\/blog\/wp-content\/uploads\/2026\/02\/2150711040.jpg\" \/>\n\t<meta property=\"og:image:width\" content=\"1000\" \/>\n\t<meta property=\"og:image:height\" content=\"667\" \/>\n\t<meta property=\"og:image:type\" content=\"image\/jpeg\" \/>\n<meta name=\"author\" content=\"estrategamkd@gmail.com\" \/>\n<meta name=\"twitter:card\" content=\"summary_large_image\" \/>\n<meta name=\"twitter:label1\" content=\"Written by\" \/>\n\t<meta name=\"twitter:data1\" content=\"estrategamkd@gmail.com\" \/>\n\t<meta name=\"twitter:label2\" content=\"Est. reading time\" \/>\n\t<meta name=\"twitter:data2\" content=\"10 minutos\" \/>\n<script type=\"application\/ld+json\" class=\"yoast-schema-graph\">{\"@context\":\"https:\/\/schema.org\",\"@graph\":[{\"@type\":\"Article\",\"@id\":\"https:\/\/fonasa.mindy.cl\/blog\/causas-de-la-esquizofrenia\/#article\",\"isPartOf\":{\"@id\":\"https:\/\/fonasa.mindy.cl\/blog\/causas-de-la-esquizofrenia\/\"},\"author\":{\"name\":\"estrategamkd@gmail.com\",\"@id\":\"https:\/\/fonasa.mindy.cl\/blog\/#\/schema\/person\/fa87761528fa733079f7f77181252f28\"},\"headline\":\"Causas de la esquizofrenia: M\u00e1s all\u00e1 de los mitos gen\u00e9ticos\",\"datePublished\":\"2026-02-20T14:12:50+00:00\",\"dateModified\":\"2026-03-25T14:36:11+00:00\",\"mainEntityOfPage\":{\"@id\":\"https:\/\/fonasa.mindy.cl\/blog\/causas-de-la-esquizofrenia\/\"},\"wordCount\":2063,\"publisher\":{\"@id\":\"https:\/\/fonasa.mindy.cl\/blog\/#organization\"},\"image\":{\"@id\":\"https:\/\/fonasa.mindy.cl\/blog\/causas-de-la-esquizofrenia\/#primaryimage\"},\"thumbnailUrl\":\"https:\/\/fonasa.mindy.cl\/blog\/wp-content\/uploads\/2026\/02\/2150711040.jpg\",\"articleSection\":[\"Trastornos\"],\"inLanguage\":\"es-CL\"},{\"@type\":\"WebPage\",\"@id\":\"https:\/\/fonasa.mindy.cl\/blog\/causas-de-la-esquizofrenia\/\",\"url\":\"https:\/\/fonasa.mindy.cl\/blog\/causas-de-la-esquizofrenia\/\",\"name\":\"Causas de la esquizofrenia: M\u00e1s all\u00e1 de los mitos gen\u00e9ticos\",\"isPartOf\":{\"@id\":\"https:\/\/fonasa.mindy.cl\/blog\/#website\"},\"primaryImageOfPage\":{\"@id\":\"https:\/\/fonasa.mindy.cl\/blog\/causas-de-la-esquizofrenia\/#primaryimage\"},\"image\":{\"@id\":\"https:\/\/fonasa.mindy.cl\/blog\/causas-de-la-esquizofrenia\/#primaryimage\"},\"thumbnailUrl\":\"https:\/\/fonasa.mindy.cl\/blog\/wp-content\/uploads\/2026\/02\/2150711040.jpg\",\"datePublished\":\"2026-02-20T14:12:50+00:00\",\"dateModified\":\"2026-03-25T14:36:11+00:00\",\"description\":\"\u00bfQu\u00e9 origina este trastorno? Explora las causas de la esquizofrenia desde la ciencia y el contexto chileno. Busca apoyo en Fonasa Mindy.\",\"breadcrumb\":{\"@id\":\"https:\/\/fonasa.mindy.cl\/blog\/causas-de-la-esquizofrenia\/#breadcrumb\"},\"inLanguage\":\"es-CL\",\"potentialAction\":[{\"@type\":\"ReadAction\",\"target\":[\"https:\/\/fonasa.mindy.cl\/blog\/causas-de-la-esquizofrenia\/\"]}]},{\"@type\":\"ImageObject\",\"inLanguage\":\"es-CL\",\"@id\":\"https:\/\/fonasa.mindy.cl\/blog\/causas-de-la-esquizofrenia\/#primaryimage\",\"url\":\"https:\/\/fonasa.mindy.cl\/blog\/wp-content\/uploads\/2026\/02\/2150711040.jpg\",\"contentUrl\":\"https:\/\/fonasa.mindy.cl\/blog\/wp-content\/uploads\/2026\/02\/2150711040.jpg\",\"width\":1000,\"height\":667,\"caption\":\"causas de la esquizofrenia\"},{\"@type\":\"BreadcrumbList\",\"@id\":\"https:\/\/fonasa.mindy.cl\/blog\/causas-de-la-esquizofrenia\/#breadcrumb\",\"itemListElement\":[{\"@type\":\"ListItem\",\"position\":1,\"name\":\"Home\",\"item\":\"https:\/\/fonasa.mindy.cl\/blog\/\"},{\"@type\":\"ListItem\",\"position\":2,\"name\":\"Causas de la esquizofrenia: M\u00e1s all\u00e1 de los mitos gen\u00e9ticos\"}]},{\"@type\":\"WebSite\",\"@id\":\"https:\/\/fonasa.mindy.cl\/blog\/#website\",\"url\":\"https:\/\/fonasa.mindy.cl\/blog\/\",\"name\":\"Mindy Fonasa Blog\",\"description\":\"Un blog de salud mental\",\"publisher\":{\"@id\":\"https:\/\/fonasa.mindy.cl\/blog\/#organization\"},\"potentialAction\":[{\"@type\":\"SearchAction\",\"target\":{\"@type\":\"EntryPoint\",\"urlTemplate\":\"https:\/\/fonasa.mindy.cl\/blog\/?s={search_term_string}\"},\"query-input\":\"required name=search_term_string\"}],\"inLanguage\":\"es-CL\"},{\"@type\":\"Organization\",\"@id\":\"https:\/\/fonasa.mindy.cl\/blog\/#organization\",\"name\":\"Mindy Fonasa Blog\",\"url\":\"https:\/\/fonasa.mindy.cl\/blog\/\",\"logo\":{\"@type\":\"ImageObject\",\"inLanguage\":\"es-CL\",\"@id\":\"https:\/\/fonasa.mindy.cl\/blog\/#\/schema\/logo\/image\/\",\"url\":\"https:\/\/fonasa.mindy.cl\/blog\/wp-content\/uploads\/2024\/07\/logo_cuadrado.png\",\"contentUrl\":\"https:\/\/fonasa.mindy.cl\/blog\/wp-content\/uploads\/2024\/07\/logo_cuadrado.png\",\"width\":300,\"height\":300,\"caption\":\"Mindy Fonasa Blog\"},\"image\":{\"@id\":\"https:\/\/fonasa.mindy.cl\/blog\/#\/schema\/logo\/image\/\"}},{\"@type\":\"Person\",\"@id\":\"https:\/\/fonasa.mindy.cl\/blog\/#\/schema\/person\/fa87761528fa733079f7f77181252f28\",\"name\":\"estrategamkd@gmail.com\",\"url\":\"https:\/\/fonasa.mindy.cl\/blog\/author\/estrategamkdgmail-com\/\"}]}<\/script>\n<!-- \/ Yoast SEO plugin. -->","yoast_head_json":{"title":"Causas de la esquizofrenia: M\u00e1s all\u00e1 de los mitos gen\u00e9ticos","description":"\u00bfQu\u00e9 origina este trastorno? Explora las causas de la esquizofrenia desde la ciencia y el contexto chileno. Busca apoyo en Fonasa Mindy.","robots":{"index":"index","follow":"follow","max-snippet":"max-snippet:-1","max-image-preview":"max-image-preview:large","max-video-preview":"max-video-preview:-1"},"canonical":"https:\/\/fonasa.mindy.cl\/blog\/causas-de-la-esquizofrenia\/","og_locale":"es_ES","og_type":"article","og_title":"Causas de la esquizofrenia: M\u00e1s all\u00e1 de los mitos gen\u00e9ticos","og_description":"\u00bfQu\u00e9 origina este trastorno? Explora las causas de la esquizofrenia desde la ciencia y el contexto chileno. Busca apoyo en Fonasa Mindy.","og_url":"https:\/\/fonasa.mindy.cl\/blog\/causas-de-la-esquizofrenia\/","og_site_name":"Mindy Fonasa Blog","article_published_time":"2026-02-20T14:12:50+00:00","article_modified_time":"2026-03-25T14:36:11+00:00","og_image":[{"width":1000,"height":667,"url":"https:\/\/fonasa.mindy.cl\/blog\/wp-content\/uploads\/2026\/02\/2150711040.jpg","type":"image\/jpeg"}],"author":"estrategamkd@gmail.com","twitter_card":"summary_large_image","twitter_misc":{"Written by":"estrategamkd@gmail.com","Est. reading time":"10 minutos"},"schema":{"@context":"https:\/\/schema.org","@graph":[{"@type":"Article","@id":"https:\/\/fonasa.mindy.cl\/blog\/causas-de-la-esquizofrenia\/#article","isPartOf":{"@id":"https:\/\/fonasa.mindy.cl\/blog\/causas-de-la-esquizofrenia\/"},"author":{"name":"estrategamkd@gmail.com","@id":"https:\/\/fonasa.mindy.cl\/blog\/#\/schema\/person\/fa87761528fa733079f7f77181252f28"},"headline":"Causas de la esquizofrenia: M\u00e1s all\u00e1 de los mitos gen\u00e9ticos","datePublished":"2026-02-20T14:12:50+00:00","dateModified":"2026-03-25T14:36:11+00:00","mainEntityOfPage":{"@id":"https:\/\/fonasa.mindy.cl\/blog\/causas-de-la-esquizofrenia\/"},"wordCount":2063,"publisher":{"@id":"https:\/\/fonasa.mindy.cl\/blog\/#organization"},"image":{"@id":"https:\/\/fonasa.mindy.cl\/blog\/causas-de-la-esquizofrenia\/#primaryimage"},"thumbnailUrl":"https:\/\/fonasa.mindy.cl\/blog\/wp-content\/uploads\/2026\/02\/2150711040.jpg","articleSection":["Trastornos"],"inLanguage":"es-CL"},{"@type":"WebPage","@id":"https:\/\/fonasa.mindy.cl\/blog\/causas-de-la-esquizofrenia\/","url":"https:\/\/fonasa.mindy.cl\/blog\/causas-de-la-esquizofrenia\/","name":"Causas de la esquizofrenia: M\u00e1s all\u00e1 de los mitos gen\u00e9ticos","isPartOf":{"@id":"https:\/\/fonasa.mindy.cl\/blog\/#website"},"primaryImageOfPage":{"@id":"https:\/\/fonasa.mindy.cl\/blog\/causas-de-la-esquizofrenia\/#primaryimage"},"image":{"@id":"https:\/\/fonasa.mindy.cl\/blog\/causas-de-la-esquizofrenia\/#primaryimage"},"thumbnailUrl":"https:\/\/fonasa.mindy.cl\/blog\/wp-content\/uploads\/2026\/02\/2150711040.jpg","datePublished":"2026-02-20T14:12:50+00:00","dateModified":"2026-03-25T14:36:11+00:00","description":"\u00bfQu\u00e9 origina este trastorno? Explora las causas de la esquizofrenia desde la ciencia y el contexto chileno. Busca apoyo en Fonasa Mindy.","breadcrumb":{"@id":"https:\/\/fonasa.mindy.cl\/blog\/causas-de-la-esquizofrenia\/#breadcrumb"},"inLanguage":"es-CL","potentialAction":[{"@type":"ReadAction","target":["https:\/\/fonasa.mindy.cl\/blog\/causas-de-la-esquizofrenia\/"]}]},{"@type":"ImageObject","inLanguage":"es-CL","@id":"https:\/\/fonasa.mindy.cl\/blog\/causas-de-la-esquizofrenia\/#primaryimage","url":"https:\/\/fonasa.mindy.cl\/blog\/wp-content\/uploads\/2026\/02\/2150711040.jpg","contentUrl":"https:\/\/fonasa.mindy.cl\/blog\/wp-content\/uploads\/2026\/02\/2150711040.jpg","width":1000,"height":667,"caption":"causas de la esquizofrenia"},{"@type":"BreadcrumbList","@id":"https:\/\/fonasa.mindy.cl\/blog\/causas-de-la-esquizofrenia\/#breadcrumb","itemListElement":[{"@type":"ListItem","position":1,"name":"Home","item":"https:\/\/fonasa.mindy.cl\/blog\/"},{"@type":"ListItem","position":2,"name":"Causas de la esquizofrenia: M\u00e1s all\u00e1 de los mitos gen\u00e9ticos"}]},{"@type":"WebSite","@id":"https:\/\/fonasa.mindy.cl\/blog\/#website","url":"https:\/\/fonasa.mindy.cl\/blog\/","name":"Mindy Fonasa Blog","description":"Un blog de salud mental","publisher":{"@id":"https:\/\/fonasa.mindy.cl\/blog\/#organization"},"potentialAction":[{"@type":"SearchAction","target":{"@type":"EntryPoint","urlTemplate":"https:\/\/fonasa.mindy.cl\/blog\/?s={search_term_string}"},"query-input":"required name=search_term_string"}],"inLanguage":"es-CL"},{"@type":"Organization","@id":"https:\/\/fonasa.mindy.cl\/blog\/#organization","name":"Mindy Fonasa Blog","url":"https:\/\/fonasa.mindy.cl\/blog\/","logo":{"@type":"ImageObject","inLanguage":"es-CL","@id":"https:\/\/fonasa.mindy.cl\/blog\/#\/schema\/logo\/image\/","url":"https:\/\/fonasa.mindy.cl\/blog\/wp-content\/uploads\/2024\/07\/logo_cuadrado.png","contentUrl":"https:\/\/fonasa.mindy.cl\/blog\/wp-content\/uploads\/2024\/07\/logo_cuadrado.png","width":300,"height":300,"caption":"Mindy Fonasa Blog"},"image":{"@id":"https:\/\/fonasa.mindy.cl\/blog\/#\/schema\/logo\/image\/"}},{"@type":"Person","@id":"https:\/\/fonasa.mindy.cl\/blog\/#\/schema\/person\/fa87761528fa733079f7f77181252f28","name":"estrategamkd@gmail.com","url":"https:\/\/fonasa.mindy.cl\/blog\/author\/estrategamkdgmail-com\/"}]}},"_links":{"self":[{"href":"https:\/\/fonasa.mindy.cl\/blog\/wp-json\/wp\/v2\/posts\/1418"}],"collection":[{"href":"https:\/\/fonasa.mindy.cl\/blog\/wp-json\/wp\/v2\/posts"}],"about":[{"href":"https:\/\/fonasa.mindy.cl\/blog\/wp-json\/wp\/v2\/types\/post"}],"author":[{"embeddable":true,"href":"https:\/\/fonasa.mindy.cl\/blog\/wp-json\/wp\/v2\/users\/3"}],"replies":[{"embeddable":true,"href":"https:\/\/fonasa.mindy.cl\/blog\/wp-json\/wp\/v2\/comments?post=1418"}],"version-history":[{"count":8,"href":"https:\/\/fonasa.mindy.cl\/blog\/wp-json\/wp\/v2\/posts\/1418\/revisions"}],"predecessor-version":[{"id":1727,"href":"https:\/\/fonasa.mindy.cl\/blog\/wp-json\/wp\/v2\/posts\/1418\/revisions\/1727"}],"wp:featuredmedia":[{"embeddable":true,"href":"https:\/\/fonasa.mindy.cl\/blog\/wp-json\/wp\/v2\/media\/1420"}],"wp:attachment":[{"href":"https:\/\/fonasa.mindy.cl\/blog\/wp-json\/wp\/v2\/media?parent=1418"}],"wp:term":[{"taxonomy":"category","embeddable":true,"href":"https:\/\/fonasa.mindy.cl\/blog\/wp-json\/wp\/v2\/categories?post=1418"},{"taxonomy":"post_tag","embeddable":true,"href":"https:\/\/fonasa.mindy.cl\/blog\/wp-json\/wp\/v2\/tags?post=1418"}],"curies":[{"name":"wp","href":"https:\/\/api.w.org\/{rel}","templated":true}]}}