{"id":1395,"date":"2026-02-13T12:47:47","date_gmt":"2026-02-13T15:47:47","guid":{"rendered":"https:\/\/fonasa.mindy.cl\/blog\/?p=1395"},"modified":"2026-03-25T11:35:25","modified_gmt":"2026-03-25T14:35:25","slug":"sintomas-del-estres-postraumatico","status":"publish","type":"post","link":"https:\/\/fonasa.mindy.cl\/blog\/sintomas-del-estres-postraumatico\/","title":{"rendered":"S\u00edntomas del Estr\u00e9s postraum\u00e1tico: C\u00f3mo reconocer las se\u00f1ales de que tu cuerpo no ha olvidado"},"content":{"rendered":"\n<p>Imagina que tu cerebro es una alarma contra incendios. Un d\u00eda, hay un incendio real. El susto es enorme, pero el fuego se apaga y la vida sigue. Sin embargo, en algunas personas, la alarma se queda atascada. Sigue sonando a todo volumen aunque no haya humo, aunque no haya llamas, aunque est\u00e9s en tu casa tranquilo a\u00f1os despu\u00e9s. Te sobresaltas con un portazo, tu coraz\u00f3n se acelera cuando alguien se acerca por detr\u00e1s, evitas ciertos lugares sin saber bien por qu\u00e9, y tienes pesadillas que te devuelven una y otra vez a ese momento que quisieras olvidar. Si esto te resulta familiar, es posible que est\u00e9s experimentando los <strong>s\u00edntomas del estr\u00e9s postraum\u00e1tico<\/strong>. <\/p>\n\n\n\n<p>No est\u00e1s loco ni te has vuelto d\u00e9bil. Tu sistema nervioso est\u00e1 intentando protegerte de un peligro que ya pas\u00f3, pero no ha recibido la se\u00f1al de que la amenaza termin\u00f3. Este art\u00edculo, basado en la evidencia cient\u00edfica, te ayudar\u00e1 a entender qu\u00e9 le pasa a tu cerebro, a identificar los s\u00edntomas del TEPT y, lo m\u00e1s importante, a saber que hay caminos efectivos para que la alarma finalmente se apague.<\/p>\n\n\n\n<h2 class=\"wp-block-heading has-x-large-font-size\">\u00bfCu\u00e1les son los s\u00edntomas del estr\u00e9s postraum\u00e1tico? Esto es lo que dice la ciencia<\/h2>\n\n\n\n<p>Si has vivido una experiencia traum\u00e1tica, es normal preguntarse: &#8220;\u00bfLo que siento es normal o es algo m\u00e1s grave?&#8221;. No todas las personas que pasan por un evento traum\u00e1tico desarrollan Trastorno de Estr\u00e9s Postraum\u00e1tico (TEPT), pero conocer los s\u00edntomas es el primer paso para saber si necesitas ayuda. Vamos a responder las preguntas m\u00e1s frecuentes sobre este tema.<\/p>\n\n\n\n<h2 class=\"wp-block-heading has-x-large-font-size\">\u00bfQu\u00e9 es exactamente el trastorno de estr\u00e9s postraum\u00e1tico?<\/h2>\n\n\n\n<p>Antes de entrar en los s\u00edntomas espec\u00edficos, es importante entender qu\u00e9 es el <strong><a href=\"https:\/\/fonasa.mindy.cl\/blog\/estres-y-ansiedad-como-diferenciarlos\/\">estr\u00e9s y la ansiedad<\/a><\/strong> y que es el TEPT. No se trata simplemente de haber pasado un mal rato. El <strong>trastorno de estr\u00e9s postraum\u00e1tico<\/strong> es una condici\u00f3n de salud mental que algunas personas desarrollan despu\u00e9s de experimentar, presenciar o enfrentarse a un evento que involucr\u00f3 una amenaza real de muerte, lesi\u00f3n grave o violencia sexual.<\/p>\n\n\n\n<p>Estos eventos pueden incluir:<\/p>\n\n\n\n<ul>\n<li>Accidentes automovil\u00edsticos o laborales graves.<\/li>\n\n\n\n<li>Violencia f\u00edsica o sexual (abusos, agresiones, violaciones).<\/li>\n\n\n\n<li>Experiencias de combate en contextos b\u00e9licos.<\/li>\n\n\n\n<li>Desastres naturales (terremotos, incendios, inundaciones).<\/li>\n\n\n\n<li>Diagn\u00f3sticos m\u00e9dicos repentinos y graves.<\/li>\n\n\n\n<li>La muerte inesperada de un ser querido.<\/li>\n<\/ul>\n\n\n\n<p>La clave del TEPT es que <strong>los s\u00edntomas persisten durante m\u00e1s de un mes<\/strong> y causan un malestar significativo o interfieren en la vida diaria. Si los s\u00edntomas duran menos de un mes, podr\u00eda tratarse de <strong>estr\u00e9s agudo<\/strong>, que es una reacci\u00f3n normal que, en muchos casos, se resuelve sola.<\/p>\n\n\n\n<h2 class=\"wp-block-heading has-x-large-font-size\">\u00bfCu\u00e1les son los s\u00edntomas del estr\u00e9s postraum\u00e1tico?<\/h2>\n\n\n\n<figure class=\"wp-block-image alignwide size-full\"><img loading=\"lazy\" decoding=\"async\" width=\"640\" height=\"427\" src=\"https:\/\/fonasa.mindy.cl\/blog\/wp-content\/uploads\/2026\/02\/pexels-sora-shimazaki-5938367.jpg\" alt=\"s\u00edntomas del estr\u00e9s postraum\u00e1tico\" class=\"wp-image-1401\"\/><\/figure>\n\n\n\n<p>Los s\u00edntomas del TEPT (<strong>s\u00edntomas del estr\u00e9s postraum\u00e1tico<\/strong>) se agrupan en cuatro categor\u00edas principales. No todas las personas experimentan todos ellos, ni con la misma intensidad, pero estos son los patrones que la ciencia ha identificado.<\/p>\n\n\n\n<h3 class=\"wp-block-heading has-large-font-size\">1. S\u00edntomas de reexperimentaci\u00f3n (Revivir el trauma)<\/h3>\n\n\n\n<p>La persona no puede dejar atr\u00e1s el evento. El trauma vuelve una y otra vez, como si el cerebro estuviera atascado en esa pel\u00edcula de terror.<\/p>\n\n\n\n<ul>\n<li><strong>Recuerdos intrusivos:<\/strong> Pensamientos o im\u00e1genes del evento que aparecen sin querer, en cualquier momento, y generan un malestar intenso.<\/li>\n\n\n\n<li><strong>Pesadillas:<\/strong> Sue\u00f1os angustiosos relacionados con el trauma que interrumpen el sue\u00f1o y generan miedo a dormir.<\/li>\n\n\n\n<li><strong>Flashbacks:<\/strong> Sensaci\u00f3n de estar reviviendo el evento en el presente, como si estuviera ocurriendo de nuevo. Puede ser tan v\u00edvido que la persona pierde la noci\u00f3n del tiempo y el lugar real.<\/li>\n\n\n\n<li><strong>Reacciones fisiol\u00f3gicas intensas ante recordatorios:<\/strong> Al ver algo que recuerda al trauma (una noticia, un lugar, una persona, incluso un olor), el cuerpo reacciona como si el peligro estuviera presente: taquicardia, sudoraci\u00f3n, temblores, dificultad para respirar.<\/li>\n<\/ul>\n\n\n\n<h3 class=\"wp-block-heading has-large-font-size\">2. S\u00edntomas de evitaci\u00f3n<\/h3>\n\n\n\n<p>Es el intento desesperado de alejarse de todo lo que pueda recordar el trauma. Es como construir un muro para no sentir dolor.<\/p>\n\n\n\n<ul>\n<li><strong>Evitar pensamientos o sentimientos relacionados:<\/strong> Intentar activamente no pensar en lo que pas\u00f3, distraerse constantemente, &#8220;enterrar&#8221; el recuerdo.<\/li>\n\n\n\n<li><strong>Evitar personas, lugares o actividades:<\/strong> Dejar de ir a ciertos lugares, evitar a ciertas personas, abandonar actividades que antes se disfrutaban por miedo a que activen el recuerdo. Por ejemplo, alguien que tuvo un accidente automovil\u00edstico puede evitar conducir o incluso ser pasajero en un auto.<\/li>\n<\/ul>\n\n\n\n<h3 class=\"wp-block-heading has-large-font-size\">3. Alteraciones negativas en el estado de \u00e1nimo y la cognici\u00f3n<\/h3>\n\n\n\n<p>El trauma cambia la forma en que la persona se ve a s\u00ed misma, a los dem\u00e1s y al mundo. Todo se vuelve m\u00e1s oscuro y amenazante.<\/p>\n\n\n\n<ul>\n<li><strong>Incapacidad para recordar partes importantes del evento:<\/strong> Amnesia disociativa. La mente bloquea partes del trauma para protegerse.<\/li>\n\n\n\n<li><strong>Creencias negativas persistentes:<\/strong> &#8220;El mundo es un lugar completamente peligroso&#8221;, &#8220;no se puede confiar en nadie&#8221;, &#8220;soy una mala persona y esto me pas\u00f3 por algo&#8221;.<\/li>\n\n\n\n<li><strong>Distorsiones cognitivas sobre la causa o las consecuencias:<\/strong> Culparse a uno mismo irracionalmente por lo ocurrido (&#8220;si yo no hubiera ido por ese camino, no habr\u00eda pasado&#8221;).<\/li>\n\n\n\n<li><strong>Estado emocional negativo persistente:<\/strong> Sentimientos constantes de miedo, terror, ira, culpa o verg\u00fcenza.<\/li>\n\n\n\n<li><strong>P\u00e9rdida de inter\u00e9s en actividades que antes se disfrutaban:<\/strong> Desconexi\u00f3n emocional, anhedonia.<\/li>\n\n\n\n<li><strong>Sentimiento de desapego o alejamiento de los dem\u00e1s:<\/strong> Sensaci\u00f3n de que nadie puede entender lo que viviste, dificultad para conectar.<\/li>\n<\/ul>\n\n\n\n<h3 class=\"wp-block-heading has-large-font-size\">4. Alteraciones en la activaci\u00f3n y la reactividad (Hiperactivaci\u00f3n)<\/h3>\n\n\n\n<p>El cuerpo se queda en estado de alerta m\u00e1xima, como un soldado en zona de guerra.<\/p>\n\n\n\n<ul>\n<li><strong>Irritabilidad o arrebatos de ira:<\/strong> Respuestas desproporcionadas de enfado ante situaciones menores.<\/li>\n\n\n\n<li><strong>Conducta imprudente o autodestructiva:<\/strong> Aumento del consumo de alcohol u otras drogas, conducci\u00f3n temeraria, conductas de riesgo.<\/li>\n\n\n\n<li><strong>Hipervigilancia:<\/strong> Estar constantemente en guardia, escaneando el entorno en busca de amenazas. Es imposible relajarse.<\/li>\n\n\n\n<li><strong>Respuesta de sobresalto exagerada:<\/strong> Asustarse de manera intensa ante ruidos inesperados (un portazo, un grito, un petardo).<\/li>\n\n\n\n<li><strong>Problemas de concentraci\u00f3n:<\/strong> La mente est\u00e1 tan ocupada escaneando el entorno que no puede enfocarse en tareas cotidianas.<\/li>\n\n\n\n<li><strong>Trastornos del sue\u00f1o:<\/strong> Dificultad para conciliar o mantener el sue\u00f1o, a menudo por miedo a las pesadillas o por la hipervigilancia.<\/li>\n<\/ul>\n\n\n\n<h3 class=\"wp-block-heading has-large-font-size\">\u00bfPor qu\u00e9 ocurre esto en el cerebro?<\/h3>\n\n\n\n<p>Para entender por qu\u00e9 aparecen estos s\u00edntomas, imagina que tu cerebro tiene dos partes clave: la <strong>am\u00edgdala<\/strong> (el sistema de alarma, que detecta el peligro) y la <strong>corteza prefrontal<\/strong> (el centro de control, que dice &#8220;tranquilo, ya pas\u00f3, est\u00e1s a salvo&#8221;).<\/p>\n\n\n\n<p>En un trauma, la am\u00edgdala registra la amenaza con una intensidad m\u00e1xima. En el TEPT, esta alarma se queda <strong>sobre-activada<\/strong>. Al mismo tiempo, la corteza prefrontal (el &#8220;apagador&#8221; racional) <strong>no logra hacer su trabajo<\/strong> de calmar la alarma. Es como si el freno de mano del cerebro estuviera roto y el auto fuera a toda velocidad.<\/p>\n\n\n\n<p>Adem\u00e1s, el <strong>hipocampo<\/strong> (la parte del cerebro que guarda los recuerdos en su contexto correcto, con una fecha de &#8220;esto ya pas\u00f3&#8221;) se ve afectado. Por eso los recuerdos del trauma no se sienten como algo del pasado, sino como una amenaza actual. El cerebro no ha podido archivar correctamente la experiencia.<\/p>\n\n\n\n<h2 class=\"wp-block-heading has-x-large-font-size\">\u00bfC\u00f3mo s\u00e9 si mis s\u00edntomas son TEPT o una reacci\u00f3n normal?<\/h2>\n\n\n\n<figure class=\"wp-block-image alignwide size-full\"><img loading=\"lazy\" decoding=\"async\" width=\"640\" height=\"427\" src=\"https:\/\/fonasa.mindy.cl\/blog\/wp-content\/uploads\/2026\/02\/pexels-cottonbro-6542721.jpg\" alt=\"s\u00edntomas del estr\u00e9s postraum\u00e1tico\" class=\"wp-image-1402\"\/><\/figure>\n\n\n\n<p>Es una pregunta clave. Despu\u00e9s de un evento traum\u00e1tico, es <strong>totalmente normal<\/strong> tener algunos de estos s\u00edntomas durante las primeras semanas. El cerebro y el cuerpo necesitan tiempo para procesar lo ocurrido. Se habla de TEPT cuando:<\/p>\n\n\n\n<ol>\n<li><strong>Los s\u00edntomas duran m\u00e1s de un mes.<\/strong><\/li>\n\n\n\n<li><strong>Causan un malestar cl\u00ednicamente significativo<\/strong> (no puedes dejar de pensar en ello, te cuesta dormir, est\u00e1s irritable todo el tiempo).<\/li>\n\n\n\n<li><strong>Interfieren en tu vida diaria<\/strong> (no puedes trabajar bien, evitas situaciones, tus relaciones se deterioran).<\/li>\n<\/ol>\n\n\n\n<p>Si los s\u00edntomas aparecen mucho tiempo despu\u00e9s del evento (meses o incluso a\u00f1os), tambi\u00e9n puede ser TEPT de aparici\u00f3n tard\u00eda.<\/p>\n\n\n\n<h2 class=\"wp-block-heading has-x-large-font-size\">\u00bfC\u00f3mo se trata el trastorno de estr\u00e9s postraum\u00e1tico?<\/h2>\n\n\n\n<p>La buena noticia es que el TEPT tiene tratamientos muy efectivos. No tienes que vivir as\u00ed para siempre.<\/p>\n\n\n\n<h3 class=\"wp-block-heading has-large-font-size\">1. Psicoterapia: El tratamiento de primera l\u00ednea<\/h3>\n\n\n\n<ul>\n<li><strong>Terapia Cognitivo-Conductual (TCC) enfocada en el trauma:<\/strong> Es uno de los abordajes m\u00e1s efectivos. Incluye:\n<ul>\n<li><strong>Psicoeducaci\u00f3n:<\/strong> Entender qu\u00e9 es el TEPT y por qu\u00e9 ocurre (lo que estamos haciendo ahora).<\/li>\n\n\n\n<li><strong>Exposici\u00f3n prolongada:<\/strong> Bajo la gu\u00eda de un terapeuta, la persona aprende a enfrentar gradualmente los recuerdos y situaciones que evita, para que el cerebro aprenda que ya no son peligrosos. No se hace de golpe, sino paso a paso, en un entorno seguro.<\/li>\n\n\n\n<li><strong>Reestructuraci\u00f3n cognitiva:<\/strong> Ayuda a identificar y modificar pensamientos distorsionados (&#8220;el mundo es 100% peligroso&#8221;, &#8220;fue mi culpa&#8221;).<\/li>\n<\/ul>\n<\/li>\n\n\n\n<li><strong>EMDR (Desensibilizaci\u00f3n y Reprocesamiento por Movimientos Oculares):<\/strong> Es una terapia especialmente dise\u00f1ada para el trauma. A trav\u00e9s de estimulaci\u00f3n bilateral (movimientos oculares guiados, sonidos o toques), se ayuda al cerebro a &#8220;reprocesar&#8221; el recuerdo traum\u00e1tico, archiv\u00e1ndolo correctamente en el pasado para que deje de causar sufrimiento en el presente.<\/li>\n<\/ul>\n\n\n\n<h3 class=\"wp-block-heading has-large-font-size\">2. Medicaci\u00f3n<\/h3>\n\n\n\n<p>En casos moderados a graves, un <strong>psiquiatra<\/strong> puede recetar medicamentos, generalmente <strong>antidepresivos ISRS<\/strong>, que ayudan a regular los neurotransmisores y reducen s\u00edntomas como la hipervigilancia, la irritabilidad y las pesadillas. La medicaci\u00f3n no borra el trauma, pero puede hacer que los s\u00edntomas sean m\u00e1s manejables para poder trabajar en terapia.<\/p>\n\n\n\n<h3 class=\"wp-block-heading has-large-font-size\">3. Estrategias de autoayuda y apoyo<\/h3>\n\n\n\n<ul>\n<li><strong>Grupos de apoyo:<\/strong> Compartir con personas que han pasado por experiencias similares reduce el aislamiento y la verg\u00fcenza.<\/li>\n\n\n\n<li><strong>Mindfulness y t\u00e9cnicas de enraizamiento:<\/strong> Aprender a anclarse en el presente cuando los flashbacks o recuerdos intrusivos aparecen.<\/li>\n\n\n\n<li><strong>Cuidado f\u00edsico:<\/strong> El ejercicio regular ayuda a regular el sistema nervioso y a &#8220;quemar&#8221; el exceso de energ\u00eda de la hiperactivaci\u00f3n.<\/li>\n<\/ul>\n\n\n\n<h2 class=\"wp-block-heading has-x-large-font-size\">Fonasa Mindy: Un espacio seguro para sanar los s\u00edntomas del estr\u00e9s postraum\u00e1tico<\/h2>\n\n\n\n<p>Para alguien con TEPT, el mundo puede sentirse como un lugar peligroso. La idea de salir de casa, ir a una consulta desconocida y hablar de lo m\u00e1s doloroso con un extra\u00f1o puede ser aterradora. En <strong>Fonasa Mindy<\/strong> hemos dise\u00f1ado un servicio pensando en estas barreras.<\/p>\n\n\n\n<h3 class=\"wp-block-heading has-large-font-size\">\u00bfC\u00f3mo puede ayudarte Fonasa Mindy espec\u00edficamente?<\/h3>\n\n\n\n<ul>\n<li><strong>Terapia desde tu lugar seguro:<\/strong> Puedes comenzar tu proceso desde tu hogar, el \u00fanico lugar donde quiz\u00e1s a\u00fan te sientes relativamente a salvo. Sin tener que enfrentar el traslado, las salas de espera o entornos desconocidos.<\/li>\n\n\n\n<li><strong>Especialistas en trauma:<\/strong> Contamos con psic\u00f3logos entrenados en TCC para trauma y EMDR, que entienden la complejidad del TEPT y saben c\u00f3mo guiarte con la gradualidad y el respeto que necesitas.<\/li>\n\n\n\n<li><strong>Abordaje de la hiperactivaci\u00f3n desde el inicio:<\/strong> En las primeras sesiones, tu terapeuta te ense\u00f1ar\u00e1 t\u00e9cnicas de regulaci\u00f3n emocional y enraizamiento para que puedas manejarte antes de comenzar a trabajar directamente con los recuerdos traum\u00e1ticos.<\/li>\n\n\n\n<li><strong>Sin presi\u00f3n:<\/strong> El ritmo lo pones t\u00fa. La terapia online te da un control adicional sobre el proceso.<\/li>\n\n\n\n<li><strong>Accesibilidad con Fonasa:<\/strong> Puedes acceder a nuestros servicios utilizando tu cobertura de Fonasa, sin listas de espera y con horarios que se adaptan a ti.<\/li>\n<\/ul>\n\n\n\n<p>No tienes que seguir conviviendo con una alarma que no deja de sonar. La ayuda est\u00e1 disponible y es efectiva. Conoce a nuestros especialistas en <a href=\"https:\/\/fonasa.mindy.cl\/psicologos.php#\/\"><strong>Psic\u00f3logos online Fonasa Mindy<\/strong><\/a>.<\/p>\n\n\n\n<p>Los <strong>s\u00edntomas del estr\u00e9s postraum\u00e1tico<\/strong> son la forma que tiene tu cuerpo de decirte que lo que viviste fue demasiado para procesarlo en ese momento. No es una debilidad, es una reacci\u00f3n humana ante lo inhumano. Pero cuando esos s\u00edntomas se convierten en los due\u00f1os de tu vida, cuando el pasado dicta c\u00f3mo vives el presente, es hora de pedir ayuda. La ciencia ha avanzado mucho y hoy existen terapias que pueden ayudarte a que el trauma deje de ser un peso que cargas a solas. Recuerda: sobreviviste a lo peor. Ahora se trata de aprender a vivir con ello, sin que te paralice. En <a href=\"https:\/\/fonasa.mindy.cl\/#\/\"><strong>Fonasa Mindy<\/strong><\/a> estamos aqu\u00ed para acompa\u00f1arte en ese camino.<\/p>\n\n\n\n<p><em>Para m\u00e1s recursos y art\u00edculos sobre salud mental, visita<\/em> la plataforma de psic\u00f3logos mas importante de Chile: <a href=\"https:\/\/mindy.cl\/\"><strong>Mindy<\/strong><\/a><em>.<\/em><\/p>\n\n\n\n<h2 class=\"wp-block-heading has-x-large-font-size\">Encuentra la terapia ideal seg\u00fan tu perfil y necesidades<\/h2>\n\n\n\n<p>No todos los enfoques psicol\u00f3gicos funcionan igual para todas las personas. Para ayudarte a dar el paso correcto, hemos dise\u00f1ado un <strong>Quiz de Orientaci\u00f3n Terap\u00e9utica<\/strong>. Al completarlo, descubrir\u00e1s qu\u00e9 tipo de especialista y metodolog\u00eda se adaptan mejor a tu situaci\u00f3n actual, permiti\u00e9ndote aprovechar al m\u00e1ximo tu beneficio Fonasa. <\/p>\n\n\n\n<p>\ud83d\udc49 <strong><a href=\"https:\/\/form.typeform.com\/to\/jfcSJODX\" target=\"_blank\" rel=\"noreferrer noopener\">Realiza el Quiz de Orientaci\u00f3n aqu\u00ed<\/a><\/strong><\/p>\n","protected":false},"excerpt":{"rendered":"<p>Imagina que tu cerebro es una alarma contra incendios. Un d\u00eda, hay un incendio real. El susto es enorme, pero el fuego se apaga y la vida sigue. Sin embargo, en algunas personas, la alarma se queda atascada. Sigue sonando a todo volumen aunque no haya humo, aunque no haya llamas, aunque est\u00e9s en tu [&hellip;]<\/p>\n","protected":false},"author":3,"featured_media":1400,"comment_status":"closed","ping_status":"closed","sticky":false,"template":"","format":"standard","meta":{"footnotes":""},"categories":[274,275],"tags":[],"yoast_head":"<!-- This site is optimized with the Yoast SEO plugin v23.0 - https:\/\/yoast.com\/wordpress\/plugins\/seo\/ -->\n<title>S\u00edntomas del estr\u00e9s postraum\u00e1tico: C\u00f3mo reconocer las se\u00f1ales<\/title>\n<meta name=\"description\" content=\"\u00bfConoces los s\u00edntomas del estr\u00e9s postraum\u00e1tico? Aprende a identificar las se\u00f1ales de alerta y descubre c\u00f3mo la terapia online puede ayudarte.\" \/>\n<meta name=\"robots\" content=\"index, follow, max-snippet:-1, max-image-preview:large, max-video-preview:-1\" \/>\n<link rel=\"canonical\" href=\"https:\/\/fonasa.mindy.cl\/blog\/sintomas-del-estres-postraumatico\/\" \/>\n<meta property=\"og:locale\" content=\"es_ES\" \/>\n<meta property=\"og:type\" content=\"article\" \/>\n<meta property=\"og:title\" content=\"S\u00edntomas del estr\u00e9s postraum\u00e1tico: C\u00f3mo reconocer las se\u00f1ales\" \/>\n<meta property=\"og:description\" content=\"\u00bfConoces los s\u00edntomas del estr\u00e9s postraum\u00e1tico? Aprende a identificar las se\u00f1ales de alerta y descubre c\u00f3mo la terapia online puede ayudarte.\" \/>\n<meta property=\"og:url\" content=\"https:\/\/fonasa.mindy.cl\/blog\/sintomas-del-estres-postraumatico\/\" \/>\n<meta property=\"og:site_name\" content=\"Mindy Fonasa Blog\" \/>\n<meta property=\"article:published_time\" content=\"2026-02-13T15:47:47+00:00\" \/>\n<meta property=\"article:modified_time\" content=\"2026-03-25T14:35:25+00:00\" \/>\n<meta property=\"og:image\" content=\"https:\/\/fonasa.mindy.cl\/blog\/wp-content\/uploads\/2026\/02\/pexels-towfiqu-barbhuiya-3440682-10941392.jpg\" \/>\n\t<meta property=\"og:image:width\" content=\"640\" \/>\n\t<meta property=\"og:image:height\" content=\"427\" \/>\n\t<meta property=\"og:image:type\" content=\"image\/jpeg\" \/>\n<meta name=\"author\" content=\"estrategamkd@gmail.com\" \/>\n<meta name=\"twitter:card\" content=\"summary_large_image\" \/>\n<meta name=\"twitter:label1\" content=\"Written by\" \/>\n\t<meta name=\"twitter:data1\" content=\"estrategamkd@gmail.com\" \/>\n\t<meta name=\"twitter:label2\" content=\"Est. reading time\" \/>\n\t<meta name=\"twitter:data2\" content=\"10 minutos\" \/>\n<script type=\"application\/ld+json\" class=\"yoast-schema-graph\">{\"@context\":\"https:\/\/schema.org\",\"@graph\":[{\"@type\":\"Article\",\"@id\":\"https:\/\/fonasa.mindy.cl\/blog\/sintomas-del-estres-postraumatico\/#article\",\"isPartOf\":{\"@id\":\"https:\/\/fonasa.mindy.cl\/blog\/sintomas-del-estres-postraumatico\/\"},\"author\":{\"name\":\"estrategamkd@gmail.com\",\"@id\":\"https:\/\/fonasa.mindy.cl\/blog\/#\/schema\/person\/fa87761528fa733079f7f77181252f28\"},\"headline\":\"S\u00edntomas del Estr\u00e9s postraum\u00e1tico: C\u00f3mo reconocer las se\u00f1ales de que tu cuerpo no ha olvidado\",\"datePublished\":\"2026-02-13T15:47:47+00:00\",\"dateModified\":\"2026-03-25T14:35:25+00:00\",\"mainEntityOfPage\":{\"@id\":\"https:\/\/fonasa.mindy.cl\/blog\/sintomas-del-estres-postraumatico\/\"},\"wordCount\":2145,\"publisher\":{\"@id\":\"https:\/\/fonasa.mindy.cl\/blog\/#organization\"},\"image\":{\"@id\":\"https:\/\/fonasa.mindy.cl\/blog\/sintomas-del-estres-postraumatico\/#primaryimage\"},\"thumbnailUrl\":\"https:\/\/fonasa.mindy.cl\/blog\/wp-content\/uploads\/2026\/02\/pexels-towfiqu-barbhuiya-3440682-10941392.jpg\",\"articleSection\":[\"Ansiedad\",\"Trastornos\"],\"inLanguage\":\"es-CL\"},{\"@type\":\"WebPage\",\"@id\":\"https:\/\/fonasa.mindy.cl\/blog\/sintomas-del-estres-postraumatico\/\",\"url\":\"https:\/\/fonasa.mindy.cl\/blog\/sintomas-del-estres-postraumatico\/\",\"name\":\"S\u00edntomas del estr\u00e9s postraum\u00e1tico: C\u00f3mo reconocer las se\u00f1ales\",\"isPartOf\":{\"@id\":\"https:\/\/fonasa.mindy.cl\/blog\/#website\"},\"primaryImageOfPage\":{\"@id\":\"https:\/\/fonasa.mindy.cl\/blog\/sintomas-del-estres-postraumatico\/#primaryimage\"},\"image\":{\"@id\":\"https:\/\/fonasa.mindy.cl\/blog\/sintomas-del-estres-postraumatico\/#primaryimage\"},\"thumbnailUrl\":\"https:\/\/fonasa.mindy.cl\/blog\/wp-content\/uploads\/2026\/02\/pexels-towfiqu-barbhuiya-3440682-10941392.jpg\",\"datePublished\":\"2026-02-13T15:47:47+00:00\",\"dateModified\":\"2026-03-25T14:35:25+00:00\",\"description\":\"\u00bfConoces los s\u00edntomas del estr\u00e9s postraum\u00e1tico? Aprende a identificar las se\u00f1ales de alerta y descubre c\u00f3mo la terapia online puede ayudarte.\",\"breadcrumb\":{\"@id\":\"https:\/\/fonasa.mindy.cl\/blog\/sintomas-del-estres-postraumatico\/#breadcrumb\"},\"inLanguage\":\"es-CL\",\"potentialAction\":[{\"@type\":\"ReadAction\",\"target\":[\"https:\/\/fonasa.mindy.cl\/blog\/sintomas-del-estres-postraumatico\/\"]}]},{\"@type\":\"ImageObject\",\"inLanguage\":\"es-CL\",\"@id\":\"https:\/\/fonasa.mindy.cl\/blog\/sintomas-del-estres-postraumatico\/#primaryimage\",\"url\":\"https:\/\/fonasa.mindy.cl\/blog\/wp-content\/uploads\/2026\/02\/pexels-towfiqu-barbhuiya-3440682-10941392.jpg\",\"contentUrl\":\"https:\/\/fonasa.mindy.cl\/blog\/wp-content\/uploads\/2026\/02\/pexels-towfiqu-barbhuiya-3440682-10941392.jpg\",\"width\":640,\"height\":427,\"caption\":\"s\u00edntomas del estr\u00e9s postraum\u00e1tico\"},{\"@type\":\"BreadcrumbList\",\"@id\":\"https:\/\/fonasa.mindy.cl\/blog\/sintomas-del-estres-postraumatico\/#breadcrumb\",\"itemListElement\":[{\"@type\":\"ListItem\",\"position\":1,\"name\":\"Home\",\"item\":\"https:\/\/fonasa.mindy.cl\/blog\/\"},{\"@type\":\"ListItem\",\"position\":2,\"name\":\"S\u00edntomas del Estr\u00e9s postraum\u00e1tico: C\u00f3mo reconocer las se\u00f1ales de que tu cuerpo no ha olvidado\"}]},{\"@type\":\"WebSite\",\"@id\":\"https:\/\/fonasa.mindy.cl\/blog\/#website\",\"url\":\"https:\/\/fonasa.mindy.cl\/blog\/\",\"name\":\"Mindy Fonasa Blog\",\"description\":\"Un blog de salud mental\",\"publisher\":{\"@id\":\"https:\/\/fonasa.mindy.cl\/blog\/#organization\"},\"potentialAction\":[{\"@type\":\"SearchAction\",\"target\":{\"@type\":\"EntryPoint\",\"urlTemplate\":\"https:\/\/fonasa.mindy.cl\/blog\/?s={search_term_string}\"},\"query-input\":\"required name=search_term_string\"}],\"inLanguage\":\"es-CL\"},{\"@type\":\"Organization\",\"@id\":\"https:\/\/fonasa.mindy.cl\/blog\/#organization\",\"name\":\"Mindy Fonasa Blog\",\"url\":\"https:\/\/fonasa.mindy.cl\/blog\/\",\"logo\":{\"@type\":\"ImageObject\",\"inLanguage\":\"es-CL\",\"@id\":\"https:\/\/fonasa.mindy.cl\/blog\/#\/schema\/logo\/image\/\",\"url\":\"https:\/\/fonasa.mindy.cl\/blog\/wp-content\/uploads\/2024\/07\/logo_cuadrado.png\",\"contentUrl\":\"https:\/\/fonasa.mindy.cl\/blog\/wp-content\/uploads\/2024\/07\/logo_cuadrado.png\",\"width\":300,\"height\":300,\"caption\":\"Mindy Fonasa Blog\"},\"image\":{\"@id\":\"https:\/\/fonasa.mindy.cl\/blog\/#\/schema\/logo\/image\/\"}},{\"@type\":\"Person\",\"@id\":\"https:\/\/fonasa.mindy.cl\/blog\/#\/schema\/person\/fa87761528fa733079f7f77181252f28\",\"name\":\"estrategamkd@gmail.com\",\"url\":\"https:\/\/fonasa.mindy.cl\/blog\/author\/estrategamkdgmail-com\/\"}]}<\/script>\n<!-- \/ Yoast SEO plugin. -->","yoast_head_json":{"title":"S\u00edntomas del estr\u00e9s postraum\u00e1tico: C\u00f3mo reconocer las se\u00f1ales","description":"\u00bfConoces los s\u00edntomas del estr\u00e9s postraum\u00e1tico? Aprende a identificar las se\u00f1ales de alerta y descubre c\u00f3mo la terapia online puede ayudarte.","robots":{"index":"index","follow":"follow","max-snippet":"max-snippet:-1","max-image-preview":"max-image-preview:large","max-video-preview":"max-video-preview:-1"},"canonical":"https:\/\/fonasa.mindy.cl\/blog\/sintomas-del-estres-postraumatico\/","og_locale":"es_ES","og_type":"article","og_title":"S\u00edntomas del estr\u00e9s postraum\u00e1tico: C\u00f3mo reconocer las se\u00f1ales","og_description":"\u00bfConoces los s\u00edntomas del estr\u00e9s postraum\u00e1tico? Aprende a identificar las se\u00f1ales de alerta y descubre c\u00f3mo la terapia online puede ayudarte.","og_url":"https:\/\/fonasa.mindy.cl\/blog\/sintomas-del-estres-postraumatico\/","og_site_name":"Mindy Fonasa Blog","article_published_time":"2026-02-13T15:47:47+00:00","article_modified_time":"2026-03-25T14:35:25+00:00","og_image":[{"width":640,"height":427,"url":"https:\/\/fonasa.mindy.cl\/blog\/wp-content\/uploads\/2026\/02\/pexels-towfiqu-barbhuiya-3440682-10941392.jpg","type":"image\/jpeg"}],"author":"estrategamkd@gmail.com","twitter_card":"summary_large_image","twitter_misc":{"Written by":"estrategamkd@gmail.com","Est. reading time":"10 minutos"},"schema":{"@context":"https:\/\/schema.org","@graph":[{"@type":"Article","@id":"https:\/\/fonasa.mindy.cl\/blog\/sintomas-del-estres-postraumatico\/#article","isPartOf":{"@id":"https:\/\/fonasa.mindy.cl\/blog\/sintomas-del-estres-postraumatico\/"},"author":{"name":"estrategamkd@gmail.com","@id":"https:\/\/fonasa.mindy.cl\/blog\/#\/schema\/person\/fa87761528fa733079f7f77181252f28"},"headline":"S\u00edntomas del Estr\u00e9s postraum\u00e1tico: C\u00f3mo reconocer las se\u00f1ales de que tu cuerpo no ha olvidado","datePublished":"2026-02-13T15:47:47+00:00","dateModified":"2026-03-25T14:35:25+00:00","mainEntityOfPage":{"@id":"https:\/\/fonasa.mindy.cl\/blog\/sintomas-del-estres-postraumatico\/"},"wordCount":2145,"publisher":{"@id":"https:\/\/fonasa.mindy.cl\/blog\/#organization"},"image":{"@id":"https:\/\/fonasa.mindy.cl\/blog\/sintomas-del-estres-postraumatico\/#primaryimage"},"thumbnailUrl":"https:\/\/fonasa.mindy.cl\/blog\/wp-content\/uploads\/2026\/02\/pexels-towfiqu-barbhuiya-3440682-10941392.jpg","articleSection":["Ansiedad","Trastornos"],"inLanguage":"es-CL"},{"@type":"WebPage","@id":"https:\/\/fonasa.mindy.cl\/blog\/sintomas-del-estres-postraumatico\/","url":"https:\/\/fonasa.mindy.cl\/blog\/sintomas-del-estres-postraumatico\/","name":"S\u00edntomas del estr\u00e9s postraum\u00e1tico: C\u00f3mo reconocer las se\u00f1ales","isPartOf":{"@id":"https:\/\/fonasa.mindy.cl\/blog\/#website"},"primaryImageOfPage":{"@id":"https:\/\/fonasa.mindy.cl\/blog\/sintomas-del-estres-postraumatico\/#primaryimage"},"image":{"@id":"https:\/\/fonasa.mindy.cl\/blog\/sintomas-del-estres-postraumatico\/#primaryimage"},"thumbnailUrl":"https:\/\/fonasa.mindy.cl\/blog\/wp-content\/uploads\/2026\/02\/pexels-towfiqu-barbhuiya-3440682-10941392.jpg","datePublished":"2026-02-13T15:47:47+00:00","dateModified":"2026-03-25T14:35:25+00:00","description":"\u00bfConoces los s\u00edntomas del estr\u00e9s postraum\u00e1tico? Aprende a identificar las se\u00f1ales de alerta y descubre c\u00f3mo la terapia online puede ayudarte.","breadcrumb":{"@id":"https:\/\/fonasa.mindy.cl\/blog\/sintomas-del-estres-postraumatico\/#breadcrumb"},"inLanguage":"es-CL","potentialAction":[{"@type":"ReadAction","target":["https:\/\/fonasa.mindy.cl\/blog\/sintomas-del-estres-postraumatico\/"]}]},{"@type":"ImageObject","inLanguage":"es-CL","@id":"https:\/\/fonasa.mindy.cl\/blog\/sintomas-del-estres-postraumatico\/#primaryimage","url":"https:\/\/fonasa.mindy.cl\/blog\/wp-content\/uploads\/2026\/02\/pexels-towfiqu-barbhuiya-3440682-10941392.jpg","contentUrl":"https:\/\/fonasa.mindy.cl\/blog\/wp-content\/uploads\/2026\/02\/pexels-towfiqu-barbhuiya-3440682-10941392.jpg","width":640,"height":427,"caption":"s\u00edntomas del estr\u00e9s postraum\u00e1tico"},{"@type":"BreadcrumbList","@id":"https:\/\/fonasa.mindy.cl\/blog\/sintomas-del-estres-postraumatico\/#breadcrumb","itemListElement":[{"@type":"ListItem","position":1,"name":"Home","item":"https:\/\/fonasa.mindy.cl\/blog\/"},{"@type":"ListItem","position":2,"name":"S\u00edntomas del Estr\u00e9s postraum\u00e1tico: C\u00f3mo reconocer las se\u00f1ales de que tu cuerpo no ha olvidado"}]},{"@type":"WebSite","@id":"https:\/\/fonasa.mindy.cl\/blog\/#website","url":"https:\/\/fonasa.mindy.cl\/blog\/","name":"Mindy Fonasa Blog","description":"Un blog de salud mental","publisher":{"@id":"https:\/\/fonasa.mindy.cl\/blog\/#organization"},"potentialAction":[{"@type":"SearchAction","target":{"@type":"EntryPoint","urlTemplate":"https:\/\/fonasa.mindy.cl\/blog\/?s={search_term_string}"},"query-input":"required name=search_term_string"}],"inLanguage":"es-CL"},{"@type":"Organization","@id":"https:\/\/fonasa.mindy.cl\/blog\/#organization","name":"Mindy Fonasa Blog","url":"https:\/\/fonasa.mindy.cl\/blog\/","logo":{"@type":"ImageObject","inLanguage":"es-CL","@id":"https:\/\/fonasa.mindy.cl\/blog\/#\/schema\/logo\/image\/","url":"https:\/\/fonasa.mindy.cl\/blog\/wp-content\/uploads\/2024\/07\/logo_cuadrado.png","contentUrl":"https:\/\/fonasa.mindy.cl\/blog\/wp-content\/uploads\/2024\/07\/logo_cuadrado.png","width":300,"height":300,"caption":"Mindy Fonasa Blog"},"image":{"@id":"https:\/\/fonasa.mindy.cl\/blog\/#\/schema\/logo\/image\/"}},{"@type":"Person","@id":"https:\/\/fonasa.mindy.cl\/blog\/#\/schema\/person\/fa87761528fa733079f7f77181252f28","name":"estrategamkd@gmail.com","url":"https:\/\/fonasa.mindy.cl\/blog\/author\/estrategamkdgmail-com\/"}]}},"_links":{"self":[{"href":"https:\/\/fonasa.mindy.cl\/blog\/wp-json\/wp\/v2\/posts\/1395"}],"collection":[{"href":"https:\/\/fonasa.mindy.cl\/blog\/wp-json\/wp\/v2\/posts"}],"about":[{"href":"https:\/\/fonasa.mindy.cl\/blog\/wp-json\/wp\/v2\/types\/post"}],"author":[{"embeddable":true,"href":"https:\/\/fonasa.mindy.cl\/blog\/wp-json\/wp\/v2\/users\/3"}],"replies":[{"embeddable":true,"href":"https:\/\/fonasa.mindy.cl\/blog\/wp-json\/wp\/v2\/comments?post=1395"}],"version-history":[{"count":7,"href":"https:\/\/fonasa.mindy.cl\/blog\/wp-json\/wp\/v2\/posts\/1395\/revisions"}],"predecessor-version":[{"id":1726,"href":"https:\/\/fonasa.mindy.cl\/blog\/wp-json\/wp\/v2\/posts\/1395\/revisions\/1726"}],"wp:featuredmedia":[{"embeddable":true,"href":"https:\/\/fonasa.mindy.cl\/blog\/wp-json\/wp\/v2\/media\/1400"}],"wp:attachment":[{"href":"https:\/\/fonasa.mindy.cl\/blog\/wp-json\/wp\/v2\/media?parent=1395"}],"wp:term":[{"taxonomy":"category","embeddable":true,"href":"https:\/\/fonasa.mindy.cl\/blog\/wp-json\/wp\/v2\/categories?post=1395"},{"taxonomy":"post_tag","embeddable":true,"href":"https:\/\/fonasa.mindy.cl\/blog\/wp-json\/wp\/v2\/tags?post=1395"}],"curies":[{"name":"wp","href":"https:\/\/api.w.org\/{rel}","templated":true}]}}