{"id":1385,"date":"2026-02-13T12:09:53","date_gmt":"2026-02-13T15:09:53","guid":{"rendered":"https:\/\/fonasa.mindy.cl\/blog\/?p=1385"},"modified":"2026-03-25T10:20:24","modified_gmt":"2026-03-25T13:20:24","slug":"depresion-severa-cuando-el-dolor-se-vuelve-insoportable","status":"publish","type":"post","link":"https:\/\/fonasa.mindy.cl\/blog\/depresion-severa-cuando-el-dolor-se-vuelve-insoportable\/","title":{"rendered":"Depresi\u00f3n severa: Cuando el dolor se vuelve insoportable"},"content":{"rendered":"\n<p>Hay d\u00edas malos y d\u00edas buenos, y eso es parte de la vida. Pero hay un tipo de sufrimiento que va m\u00e1s all\u00e1, que se instala en cada rinc\u00f3n de tu existencia y no te suelta. Es cuando levantarse de la cama se convierte en una haza\u00f1a heroica, cuando la comida pierde todo sabor, cuando las personas que amas te parecen figuras borrosas detr\u00e1s de un vidrio empa\u00f1ado. Es cuando el dolor emocional es tan profundo que se siente f\u00edsico, como un peso en el pecho que no te deja respirar. Si has llegado hasta aqu\u00ed buscando informaci\u00f3n sobre <strong>depresi\u00f3n severa<\/strong>, es probable que t\u00fa o alguien que te importa est\u00e9 atravesando por este infierno silencioso.<\/p>\n\n\n\n<p>Quiero que sepas algo desde el principio: lo que sientes tiene nombre, no es culpa tuya y, aunque ahora parezca imposible, hay caminos para salir. Este art\u00edculo no es un reemplazo para la ayuda profesional, pero es una luz en la oscuridad para que entiendas lo que est\u00e1 pasando y sepas que existen tratamientos efectivos.<\/p>\n\n\n\n<h2 class=\"wp-block-heading has-x-large-font-size\">Vivir con depresi\u00f3n severa: La historia de Carlos y c\u00f3mo encontr\u00f3 la salida<\/h2>\n\n\n\n<h2 class=\"wp-block-heading has-large-font-size\">Conoce a Carlos<\/h2>\n\n\n\n<p>Carlos ten\u00eda 34 a\u00f1os, era ingeniero, viv\u00eda en Santiago y, a ojos de cualquiera, lo ten\u00eda todo. Un buen trabajo en una empresa de tecnolog\u00eda, un departamento propio en \u00d1u\u00f1oa, amigos con los que sal\u00eda los fines de semana y una familia que lo quer\u00eda. Pero Carlos guardaba un secreto que ni sus amigos m\u00e1s cercanos conoc\u00edan: desde hac\u00eda meses, una sombra lo segu\u00eda a todas partes.<\/p>\n\n\n\n<p>&#8220;Empez\u00f3 como un cansancio raro&#8221;, recuerda Carlos. &#8220;Me costaba levantarme, pero me obligaba. Despu\u00e9s, las cosas que antes me gustaban, como jugar f\u00fatbol los domingos o ver series, dejaron de interesarme. Pens\u00e9 que era estr\u00e9s del trabajo, que con unas vacaciones se me pasar\u00eda&#8221;. Pero no se pas\u00f3. La sombra creci\u00f3 hasta convertirse en un abismo. Lo que Carlos no sab\u00eda entonces era que estaba cayendo en una <strong>depresi\u00f3n severa<\/strong>.<\/p>\n\n\n\n<h3 class=\"wp-block-heading has-large-font-size\">El inicio: Los primeros s\u00edntomas de la depresi\u00f3n severa<\/h3>\n\n\n\n<p>Mirando hacia atr\u00e1s, Carlos puede identificar los primeros signos, esos que en su momento parec\u00edan insignificantes:<\/p>\n\n\n\n<ul>\n<li><strong>Fatiga extrema:<\/strong> No era el cansancio normal despu\u00e9s de una semana laboral. Era un agotamiento que ni durmiendo 12 horas se quitaba. &#8220;Me despertaba y ya quer\u00eda volver a acostarme&#8221;.<\/li>\n\n\n\n<li><strong>Anhedonia (p\u00e9rdida de placer):<\/strong> Dej\u00f3 de contestar los mensajes del grupo de amigos. Cuando lo invitaron a un asado, invent\u00f3 una excusa. &#8220;No es que no quisiera verlos, es que simplemente no sent\u00eda nada. Ni ganas, ni alegr\u00eda, ni tristeza. Un vac\u00edo raro&#8221;.<\/li>\n\n\n\n<li><strong>Problemas de sue\u00f1o:<\/strong> Primero le costaba dormirse, luego empez\u00f3 a despertarse a las 3 o 4 de la madrugada sin poder volver a conciliar el sue\u00f1o, con la mente llena de pensamientos oscuros.<\/li>\n\n\n\n<li><strong>Irritabilidad:<\/strong> Comenz\u00f3 a responder mal a sus compa\u00f1eros de trabajo y a su familia. &#8220;Mi mam\u00e1 me llamaba y sent\u00eda que me hablaba en otro idioma. Me enojaba con ella por preocuparse&#8221;.<\/li>\n<\/ul>\n\n\n\n<p>Lo que Carlos no sab\u00eda es que estos s\u00edntomas no eran &#8220;falta de car\u00e1cter&#8221; ni &#8220;flojera&#8221;. Era su cerebro funcionando de manera distinta. La investigaci\u00f3n neurocient\u00edfica muestra que en la <strong>depresi\u00f3n severa<\/strong> o <strong><a href=\"https:\/\/fonasa.mindy.cl\/blog\/severa-depresion\/\">severa depresi\u00f3n<\/a><\/strong> hay un desequilibrio en los <strong>neurotransmisores<\/strong> (como la serotonina, la noradrenalina y la dopamina), que son los mensajeros qu\u00edmicos que regulan el estado de \u00e1nimo, el sue\u00f1o, el apetito y la motivaci\u00f3n. Adem\u00e1s, \u00e1reas del cerebro como la <strong>corteza prefrontal<\/strong> (encargada de la toma de decisiones y la regulaci\u00f3n emocional) muestran menor actividad, mientras que la <strong>am\u00edgdala<\/strong> (centro del miedo y la ansiedad) se vuelve hiperactiva. No es que Carlos &#8220;quisiera&#8221; sentirse as\u00ed; su cerebro estaba literalmente funcionando en un modo de supervivencia alterado.<\/p>\n\n\n\n<h3 class=\"wp-block-heading has-large-font-size\">El punto de quiebre: Cuando la vida se volvi\u00f3 insostenible<\/h3>\n\n\n\n<p>&#8220;Lleg\u00f3 un momento en que el dolor era tanto que dej\u00f3 de ser emocional para volverse f\u00edsico&#8221;, cuenta Carlos con la voz a\u00fan temblorosa al recordarlo. &#8220;Sent\u00eda un peso en el pecho, como si me hubieran puesto una losa. Dej\u00e9 de comer con ganas, solo com\u00eda por no desmayarme. Perd\u00ed como 8 kilos en dos meses&#8221;.<\/p>\n\n\n\n<p>El punto de quiebre fue una ma\u00f1ana de invierno. Llevaba tres semanas sin ir a la oficina, acumulando licencias m\u00e9dicas. Estaba acostado, mirando el techo, cuando un pensamiento cruz\u00f3 su mente con una claridad aterradora: &#8220;No quiero seguir despert\u00e1ndome&#8221;. No era un plan elaborado, era un cansancio de existir, una certeza de que el sufrimiento no iba a terminar nunca.<\/p>\n\n\n\n<p>&#8220;Ese d\u00eda me asust\u00e9 de verdad. Me mir\u00e9 al espejo y no reconoc\u00ed a la persona que me devolv\u00eda la mirada. Ten\u00eda los ojos apagados, la barba crecida, la ropa arrugada de varios d\u00edas. Ah\u00ed entend\u00ed que esto no era &#8216;tristeza&#8217; ni &#8216;estr\u00e9s&#8217;. Era otra cosa. Algo mucho m\u00e1s grande que yo&#8221;.<\/p>\n\n\n\n<p>Lo que Carlos experiment\u00f3 son los s\u00edntomas m\u00e1s graves de la <strong>depresi\u00f3n severa<\/strong>, los que marcan la diferencia con una depresi\u00f3n moderada:<\/p>\n\n\n\n<ul>\n<li><strong>Ideaci\u00f3n suicida:<\/strong> Pensamientos recurrentes sobre la muerte o el deseo de no vivir.<\/li>\n\n\n\n<li><strong>Deterioro funcional grave:<\/strong> Incapacidad para trabajar, relacionarse o cuidar de uno mismo.<\/li>\n\n\n\n<li><strong>S\u00edntomas psicomotores:<\/strong> Puede haber un enlentecimiento general (hablar y moverse m\u00e1s lento) o, por el contrario, una agitaci\u00f3n extrema.<\/li>\n\n\n\n<li><strong>S\u00edntomas psic\u00f3ticos:<\/strong> En los casos m\u00e1s graves, pueden aparecer delirios (creencias falsas) o alucinaciones, generalmente acordes con el estado de \u00e1nimo depresivo (escuchar voces que dicen que no vales nada, por ejemplo).<\/li>\n<\/ul>\n\n\n\n<h2 class=\"wp-block-heading has-x-large-font-size\">El camino a la recuperaci\u00f3n: La terapia como herramienta de cambio<\/h2>\n\n\n\n<figure class=\"wp-block-image size-full\"><img loading=\"lazy\" decoding=\"async\" width=\"1000\" height=\"667\" src=\"https:\/\/fonasa.mindy.cl\/blog\/wp-content\/uploads\/2026\/02\/2149332567.jpg\" alt=\"Depresi\u00f3n severa\" class=\"wp-image-1388\"\/><\/figure>\n\n\n\n<p>Ese d\u00eda, Carlos tom\u00f3 el tel\u00e9fono y llam\u00f3 a su hermana. &#8220;No pude explicarle bien, solo le dije &#8216;hermana, creo que me estoy rompiendo'&#8221;. Ella lo llev\u00f3 al m\u00e9dico y comenz\u00f3 un proceso que \u00e9l describe como &#8220;el a\u00f1o m\u00e1s dif\u00edcil y m\u00e1s importante de mi vida&#8221;.<\/p>\n\n\n\n<p>El tratamiento de la <strong>depresi\u00f3n severa<\/strong> casi siempre requiere un enfoque multimodal, es decir, atacar el problema desde varios frentes a la vez.<\/p>\n\n\n\n<h3 class=\"wp-block-heading has-large-font-size\">El apoyo psiqui\u00e1trico: Estabilizar la qu\u00edmica cerebral<\/h3>\n\n\n\n<p>Carlos fue derivado a un psiquiatra, quien le explic\u00f3 que, en su estado, la terapia sola ser\u00eda como querer construir una casa en un terreno que se hunde. Necesitaba primero estabilizar el suelo. Le recet\u00f3 un <strong>antidepresivo<\/strong> (un Inhibidor Selectivo de la Recaptaci\u00f3n de Serotonina, ISRS). &#8220;Me dijo que no era una pastilla de la felicidad, sino una herramienta para que mi cerebro pudiera volver a tener un piso m\u00e1s firme. Y que tardar\u00eda unas semanas en hacer efecto. Las primeras semanas fueron duras, tuve que tener mucha paciencia&#8221;.<\/p>\n\n\n\n<h3 class=\"wp-block-heading has-large-font-size\">La psicoterapia: Reconstruir la forma de pensar y actuar<\/h3>\n\n\n\n<p>Paralelamente, Carlos comenz\u00f3 <strong>Terapia Cognitivo-Conductual (TCC)<\/strong> con un psic\u00f3logo. En este espacio aprendi\u00f3 herramientas que cambiaron su vida:<\/p>\n\n\n\n<ul>\n<li><strong>Identificar pensamientos autom\u00e1ticos:<\/strong> &#8220;Mi mente me dec\u00eda todo el tiempo &#8216;no vales nada&#8217;, &#8216;nunca vas a mejorar&#8217;, &#8216;eres una carga&#8217;. Mi terapeuta me ense\u00f1\u00f3 a detenerme y preguntarme: \u00bfesto es un hecho o es la depresi\u00f3n hablando?&#8221;.<\/li>\n\n\n\n<li><strong>Activaci\u00f3n conductual:<\/strong> &#8220;Cuando est\u00e1s as\u00ed, no tienes ganas de nada. La clave est\u00e1 en hacer justo lo contrario de lo que te pide el cuerpo. Empezamos con micro-metas: lavarme los dientes, bajar a comprar el pan, salir a caminar 10 minutos. No se trataba de sentirme bien haci\u00e9ndolo, sino de hacerlo para demostrarle a mi cerebro que pod\u00eda. La acci\u00f3n va primero, la motivaci\u00f3n viene despu\u00e9s&#8221;.<\/li>\n\n\n\n<li><strong>Prevenci\u00f3n de reca\u00eddas:<\/strong> Identificar las se\u00f1ales de alerta temprana (como el aislamiento o los problemas de sue\u00f1o) y tener un plan de acci\u00f3n para cuando aparecieran.<\/li>\n<\/ul>\n\n\n\n<h3 class=\"wp-block-heading has-large-font-size\">El papel de la red de apoyo<\/h3>\n\n\n\n<p>&#8220;Mi hermana fue clave. No me juzgaba, no me dec\u00eda &#8216;\u00e9chale ganas&#8217;. Solo estaba. A veces se sentaba a mi lado en silencio y ve\u00edamos tele. Eso, para m\u00ed, era m\u00e1s importante que cualquier frase motivacional&#8221;.<\/p>\n\n\n\n<h2 class=\"wp-block-heading has-x-large-font-size\">Lecciones aprendidas y vida despu\u00e9s del diagn\u00f3stico de depresi\u00f3n severa<\/h2>\n\n\n\n<figure class=\"wp-block-image size-full\"><img loading=\"lazy\" decoding=\"async\" width=\"1280\" height=\"853\" src=\"https:\/\/fonasa.mindy.cl\/blog\/wp-content\/uploads\/2026\/02\/sunriseforever-crying-4577567_1280.jpg\" alt=\"Depresi\u00f3n severa\" class=\"wp-image-1389\"\/><\/figure>\n\n\n\n<p>Hoy, dos a\u00f1os despu\u00e9s de aquel llamado a su hermana, Carlos tiene una vida muy distinta. Sigue tomando medicaci\u00f3n (bajo supervisi\u00f3n psiqui\u00e1trica) y va a terapia de mantenimiento una vez al mes. Volvi\u00f3 a trabajar, retom\u00f3 el contacto con sus amigos y, aunque sabe que la depresi\u00f3n es una condici\u00f3n que puede volver a aparecer, ya no le tiene miedo.<\/p>\n\n\n\n<p>&#8220;La <strong>depresi\u00f3n severa<\/strong> te cambia. Te quita muchas cosas, pero tambi\u00e9n te da una perspectiva que antes no ten\u00edas. Aprend\u00ed a pedir ayuda, a no juzgarme, a entender que la salud mental se cuida todos los d\u00edas, como ir al gimnasio o comer sano. Si pudiera hablar con ese Carlos que miraba el techo sin ganas de vivir, le dir\u00eda una sola cosa: &#8216;Esto va a terminar. No ahora, no ma\u00f1ana, pero va a terminar. Aguanta un d\u00eda m\u00e1s, y luego otro. Y pide ayuda, porque no tienes que hacerlo solo'&#8221;.<\/p>\n\n\n\n<h2 class=\"wp-block-heading has-x-large-font-size\">Fonasa Mindy: Acompa\u00f1amiento profesional para la depresi\u00f3n severa<\/h2>\n\n\n\n<p>La historia de Carlos no es \u00fanica. Miles de personas en Chile atraviesan episodios de <strong>depresi\u00f3n severa<\/strong> cada a\u00f1o, muchas de ellas en silencio, convencidas de que no hay salida. Pero la hay. Y el primer paso, el m\u00e1s valiente, es buscar ayuda profesional.<\/p>\n\n\n\n<p>En <strong><a href=\"https:\/\/fonasa.mindy.cl\/#\/\">Fonasa Mindy<\/a><\/strong> entendemos que cuando la depresi\u00f3n es severa, salir de casa puede sentirse como escalar el Everest. Por eso ofrecemos un formato de <strong>terapia psicol\u00f3gica online<\/strong> que elimina esa barrera inicial.<\/p>\n\n\n\n<h3 class=\"wp-block-heading has-large-font-size\">\u00bfC\u00f3mo puede ayudarte Fonasa Mindy?<\/h3>\n\n\n\n<ul>\n<li><strong>Comienza desde tu espacio seguro:<\/strong> Puedes tener tu primera consulta sin moverte de tu cama, sin enfrentar el mundo exterior. Esto puede marcar la diferencia entre pedir ayuda o seguir posterg\u00e1ndolo.<\/li>\n\n\n\n<li><strong>Coordinaci\u00f3n con psiquiatr\u00eda si es necesario:<\/strong> Nuestros psic\u00f3logos pueden evaluar tu caso y, si lo consideran necesario, coordinarse con psiquiatras para un abordaje integral que incluya medicaci\u00f3n.<\/li>\n\n\n\n<li><strong>Terapia Cognitivo-Conductual especializada:<\/strong> Trabajar\u00e1s con profesionales entrenados en TCC para depresi\u00f3n severa, que te guiar\u00e1n paso a paso en la activaci\u00f3n conductual y la reestructuraci\u00f3n cognitiva.<\/li>\n\n\n\n<li><strong>Seguimiento constante:<\/strong> La plataforma permite una comunicaci\u00f3n fluida y un acompa\u00f1amiento continuo, esencial en los momentos m\u00e1s cr\u00edticos.<\/li>\n\n\n\n<li><strong>Accesibilidad con Fonasa:<\/strong> Puedes acceder a nuestros servicios utilizando tu cobertura de Fonasa, sin listas de espera y con horarios flexibles.<\/li>\n<\/ul>\n\n\n\n<p>Como Carlos, t\u00fa tambi\u00e9n puedes encontrar un camino de regreso. No tienes que cargar este peso solo. El primer paso es el m\u00e1s dif\u00edcil, pero tambi\u00e9n el m\u00e1s importante. Conoce a nuestros especialistas en <a href=\"https:\/\/fonasa.mindy.cl\/psicologos.php#\/\"><strong>Psic\u00f3logos online Fonasa Mindy<\/strong><\/a>.<\/p>\n\n\n\n<h3 class=\"wp-block-heading has-large-font-size\">La depresi\u00f3n severa es una condici\u00f3n m\u00e9dica <\/h3>\n\n\n\n<p>La <strong>depresi\u00f3n severa<\/strong> no es una tristeza pasajera ni una debilidad de car\u00e1cter. Es una condici\u00f3n m\u00e9dica grave que secuestra el cerebro y el cuerpo, convenci\u00e9ndote de que no hay salida. Pero la ciencia y la experiencia cl\u00ednica demuestran lo contrario: la recuperaci\u00f3n es posible. La historia de Carlos es un testimonio de que, incluso en el abismo m\u00e1s profundo, hay una mano que puede tenderse para ayudarte a salir. <\/p>\n\n\n\n<p>No se trata de borrar el dolor o pretender que nunca existi\u00f3, sino de aprender a vivir con \u00e9l sin que te paralice, de reconstruirte paso a paso, con paciencia y con ayuda. Si lo que has le\u00eddo te resuena, si reconoces esos s\u00edntomas en ti o en alguien cercano, no esperes m\u00e1s. El silencio y el aislamiento son los mejores aliados de la depresi\u00f3n. Romperlos es el acto m\u00e1s revolucionario de autocuidado. En <a href=\"https:\/\/fonasa.mindy.cl\/#\/\"><strong>Fonasa Mindy<\/strong><\/a> estamos aqu\u00ed para ser esa mano que te ayude a encontrar la luz.<\/p>\n\n\n\n<p><em>Para m\u00e1s recursos, art\u00edculos y una comunidad de apoyo en salud mental, visita<\/em> nuestra <strong>plataforma de Psic\u00f3logos<\/strong> <a href=\"https:\/\/mindy.cl\/\"><strong>Mindy<\/strong><\/a><em>.<\/em><\/p>\n\n\n\n<h2 class=\"wp-block-heading has-x-large-font-size\">\u00bfRealmente sabes c\u00f3mo est\u00e1 tu salud emocional?<\/h2>\n\n\n\n<p>No siempre es f\u00e1cil identificar cu\u00e1ndo la tristeza se convierte en algo m\u00e1s. Por eso, en&nbsp;<strong>Fonasa.Mindy.cl<\/strong>&nbsp;te invitamos a tomarte 5 minutos para realizar nuestro Quiz gratuito. Obt\u00e9n una orientaci\u00f3n inicial sobre tus niveles de depresi\u00f3n y descubre cu\u00e1l es el camino hacia la terapia que realmente necesitas. Da el primer paso sin compromiso.<\/p>\n\n\n\n<p><span style=\"color: rgb(15, 17, 21); font-family: quote-cjk-patch, Inter, system-ui, -apple-system, BlinkMacSystemFont, &quot;Segoe UI&quot;, Roboto, Oxygen, Ubuntu, Cantarell, &quot;Open Sans&quot;, &quot;Helvetica Neue&quot;, sans-serif; font-size: 16px; white-space-collapse: collapse; background-color: rgb(255, 255, 255);\">\ud83d\udc49&nbsp;<\/span><span style=\"font-weight: 600; color: rgb(15, 17, 21); font-family: quote-cjk-patch, Inter, system-ui, -apple-system, BlinkMacSystemFont, &quot;Segoe UI&quot;, Roboto, Oxygen, Ubuntu, Cantarell, &quot;Open Sans&quot;, &quot;Helvetica Neue&quot;, sans-serif; font-size: 16px; white-space-collapse: collapse; background-color: rgb(255, 255, 255);\">Accede aqu\u00ed:<\/span><span style=\"color: rgb(15, 17, 21); font-family: quote-cjk-patch, Inter, system-ui, -apple-system, BlinkMacSystemFont, &quot;Segoe UI&quot;, Roboto, Oxygen, Ubuntu, Cantarell, &quot;Open Sans&quot;, &quot;Helvetica Neue&quot;, sans-serif; font-size: 16px; white-space-collapse: collapse; background-color: rgb(255, 255, 255);\">&nbsp;<\/span><a style=\"color: rgb(57, 100, 254); transition-duration: 0.2s; transition-timing-function: cubic-bezier(0.4, 0, 0.2, 1); transition-property: box-shadow; border-width: 1.78571px 2.67857px; border-color: rgba(255, 255, 255, 0); margin-left: -3px; margin-right: -3px; text-decoration-line: underline; text-decoration-color: rgb(57, 100, 254); position: relative; outline-style: none; outline-width: initial; font-family: quote-cjk-patch, Inter, system-ui, -apple-system, BlinkMacSystemFont, &quot;Segoe UI&quot;, Roboto, Oxygen, Ubuntu, Cantarell, &quot;Open Sans&quot;, &quot;Helvetica Neue&quot;, sans-serif; font-size: 16px; white-space-collapse: collapse; background-color: rgb(255, 255, 255);\" href=\"https:\/\/form.typeform.com\/to\/P78CVEPt\" target=\"_blank\" rel=\"noreferrer noopener\">https:\/\/form.typeform.com\/to\/P78CVEPt<\/a><\/p>\n","protected":false},"excerpt":{"rendered":"<p>Hay d\u00edas malos y d\u00edas buenos, y eso es parte de la vida. Pero hay un tipo de sufrimiento que va m\u00e1s all\u00e1, que se instala en cada rinc\u00f3n de tu existencia y no te suelta. Es cuando levantarse de la cama se convierte en una haza\u00f1a heroica, cuando la comida pierde todo sabor, cuando [&hellip;]<\/p>\n","protected":false},"author":3,"featured_media":1387,"comment_status":"closed","ping_status":"closed","sticky":false,"template":"","format":"standard","meta":{"footnotes":""},"categories":[278],"tags":[],"yoast_head":"<!-- This site is optimized with the Yoast SEO plugin v23.0 - https:\/\/yoast.com\/wordpress\/plugins\/seo\/ -->\n<title>Depresi\u00f3n severa: Cuando el dolor se vuelve insoportable - Mindy Fonasa Blog<\/title>\n<meta name=\"description\" content=\"\u00bfQu\u00e9 es la depresi\u00f3n severa y c\u00f3mo se diferencia de la tristeza? Conoce sus s\u00edntomas, causas y opciones de tratamiento con Fonasa Mindy.\" \/>\n<meta name=\"robots\" content=\"index, follow, max-snippet:-1, max-image-preview:large, max-video-preview:-1\" \/>\n<link rel=\"canonical\" href=\"https:\/\/fonasa.mindy.cl\/blog\/depresion-severa-cuando-el-dolor-se-vuelve-insoportable\/\" \/>\n<meta property=\"og:locale\" content=\"es_ES\" \/>\n<meta property=\"og:type\" content=\"article\" \/>\n<meta property=\"og:title\" content=\"Depresi\u00f3n severa: Cuando el dolor se vuelve insoportable - Mindy Fonasa Blog\" \/>\n<meta property=\"og:description\" content=\"\u00bfQu\u00e9 es la depresi\u00f3n severa y c\u00f3mo se diferencia de la tristeza? Conoce sus s\u00edntomas, causas y opciones de tratamiento con Fonasa Mindy.\" \/>\n<meta property=\"og:url\" content=\"https:\/\/fonasa.mindy.cl\/blog\/depresion-severa-cuando-el-dolor-se-vuelve-insoportable\/\" \/>\n<meta property=\"og:site_name\" content=\"Mindy Fonasa Blog\" \/>\n<meta property=\"article:published_time\" content=\"2026-02-13T15:09:53+00:00\" \/>\n<meta property=\"article:modified_time\" content=\"2026-03-25T13:20:24+00:00\" \/>\n<meta property=\"og:image\" content=\"https:\/\/fonasa.mindy.cl\/blog\/wp-content\/uploads\/2026\/02\/anaterate-confused-7216044_1280.jpg\" \/>\n\t<meta property=\"og:image:width\" content=\"1280\" \/>\n\t<meta property=\"og:image:height\" content=\"853\" \/>\n\t<meta property=\"og:image:type\" content=\"image\/jpeg\" \/>\n<meta name=\"author\" content=\"estrategamkd@gmail.com\" \/>\n<meta name=\"twitter:card\" content=\"summary_large_image\" \/>\n<meta name=\"twitter:label1\" content=\"Written by\" \/>\n\t<meta name=\"twitter:data1\" content=\"estrategamkd@gmail.com\" \/>\n\t<meta name=\"twitter:label2\" content=\"Est. reading time\" \/>\n\t<meta name=\"twitter:data2\" content=\"10 minutos\" \/>\n<script type=\"application\/ld+json\" class=\"yoast-schema-graph\">{\"@context\":\"https:\/\/schema.org\",\"@graph\":[{\"@type\":\"Article\",\"@id\":\"https:\/\/fonasa.mindy.cl\/blog\/depresion-severa-cuando-el-dolor-se-vuelve-insoportable\/#article\",\"isPartOf\":{\"@id\":\"https:\/\/fonasa.mindy.cl\/blog\/depresion-severa-cuando-el-dolor-se-vuelve-insoportable\/\"},\"author\":{\"name\":\"estrategamkd@gmail.com\",\"@id\":\"https:\/\/fonasa.mindy.cl\/blog\/#\/schema\/person\/fa87761528fa733079f7f77181252f28\"},\"headline\":\"Depresi\u00f3n severa: Cuando el dolor se vuelve insoportable\",\"datePublished\":\"2026-02-13T15:09:53+00:00\",\"dateModified\":\"2026-03-25T13:20:24+00:00\",\"mainEntityOfPage\":{\"@id\":\"https:\/\/fonasa.mindy.cl\/blog\/depresion-severa-cuando-el-dolor-se-vuelve-insoportable\/\"},\"wordCount\":2122,\"publisher\":{\"@id\":\"https:\/\/fonasa.mindy.cl\/blog\/#organization\"},\"image\":{\"@id\":\"https:\/\/fonasa.mindy.cl\/blog\/depresion-severa-cuando-el-dolor-se-vuelve-insoportable\/#primaryimage\"},\"thumbnailUrl\":\"https:\/\/fonasa.mindy.cl\/blog\/wp-content\/uploads\/2026\/02\/anaterate-confused-7216044_1280.jpg\",\"articleSection\":[\"Depresi\u00f3n\"],\"inLanguage\":\"es-CL\"},{\"@type\":\"WebPage\",\"@id\":\"https:\/\/fonasa.mindy.cl\/blog\/depresion-severa-cuando-el-dolor-se-vuelve-insoportable\/\",\"url\":\"https:\/\/fonasa.mindy.cl\/blog\/depresion-severa-cuando-el-dolor-se-vuelve-insoportable\/\",\"name\":\"Depresi\u00f3n severa: Cuando el dolor se vuelve insoportable - Mindy Fonasa Blog\",\"isPartOf\":{\"@id\":\"https:\/\/fonasa.mindy.cl\/blog\/#website\"},\"primaryImageOfPage\":{\"@id\":\"https:\/\/fonasa.mindy.cl\/blog\/depresion-severa-cuando-el-dolor-se-vuelve-insoportable\/#primaryimage\"},\"image\":{\"@id\":\"https:\/\/fonasa.mindy.cl\/blog\/depresion-severa-cuando-el-dolor-se-vuelve-insoportable\/#primaryimage\"},\"thumbnailUrl\":\"https:\/\/fonasa.mindy.cl\/blog\/wp-content\/uploads\/2026\/02\/anaterate-confused-7216044_1280.jpg\",\"datePublished\":\"2026-02-13T15:09:53+00:00\",\"dateModified\":\"2026-03-25T13:20:24+00:00\",\"description\":\"\u00bfQu\u00e9 es la depresi\u00f3n severa y c\u00f3mo se diferencia de la tristeza? Conoce sus s\u00edntomas, causas y opciones de tratamiento con Fonasa Mindy.\",\"breadcrumb\":{\"@id\":\"https:\/\/fonasa.mindy.cl\/blog\/depresion-severa-cuando-el-dolor-se-vuelve-insoportable\/#breadcrumb\"},\"inLanguage\":\"es-CL\",\"potentialAction\":[{\"@type\":\"ReadAction\",\"target\":[\"https:\/\/fonasa.mindy.cl\/blog\/depresion-severa-cuando-el-dolor-se-vuelve-insoportable\/\"]}]},{\"@type\":\"ImageObject\",\"inLanguage\":\"es-CL\",\"@id\":\"https:\/\/fonasa.mindy.cl\/blog\/depresion-severa-cuando-el-dolor-se-vuelve-insoportable\/#primaryimage\",\"url\":\"https:\/\/fonasa.mindy.cl\/blog\/wp-content\/uploads\/2026\/02\/anaterate-confused-7216044_1280.jpg\",\"contentUrl\":\"https:\/\/fonasa.mindy.cl\/blog\/wp-content\/uploads\/2026\/02\/anaterate-confused-7216044_1280.jpg\",\"width\":1280,\"height\":853,\"caption\":\"Depresi\u00f3n severa\"},{\"@type\":\"BreadcrumbList\",\"@id\":\"https:\/\/fonasa.mindy.cl\/blog\/depresion-severa-cuando-el-dolor-se-vuelve-insoportable\/#breadcrumb\",\"itemListElement\":[{\"@type\":\"ListItem\",\"position\":1,\"name\":\"Home\",\"item\":\"https:\/\/fonasa.mindy.cl\/blog\/\"},{\"@type\":\"ListItem\",\"position\":2,\"name\":\"Depresi\u00f3n severa: Cuando el dolor se vuelve insoportable\"}]},{\"@type\":\"WebSite\",\"@id\":\"https:\/\/fonasa.mindy.cl\/blog\/#website\",\"url\":\"https:\/\/fonasa.mindy.cl\/blog\/\",\"name\":\"Mindy Fonasa Blog\",\"description\":\"Un blog de salud mental\",\"publisher\":{\"@id\":\"https:\/\/fonasa.mindy.cl\/blog\/#organization\"},\"potentialAction\":[{\"@type\":\"SearchAction\",\"target\":{\"@type\":\"EntryPoint\",\"urlTemplate\":\"https:\/\/fonasa.mindy.cl\/blog\/?s={search_term_string}\"},\"query-input\":\"required name=search_term_string\"}],\"inLanguage\":\"es-CL\"},{\"@type\":\"Organization\",\"@id\":\"https:\/\/fonasa.mindy.cl\/blog\/#organization\",\"name\":\"Mindy Fonasa Blog\",\"url\":\"https:\/\/fonasa.mindy.cl\/blog\/\",\"logo\":{\"@type\":\"ImageObject\",\"inLanguage\":\"es-CL\",\"@id\":\"https:\/\/fonasa.mindy.cl\/blog\/#\/schema\/logo\/image\/\",\"url\":\"https:\/\/fonasa.mindy.cl\/blog\/wp-content\/uploads\/2024\/07\/logo_cuadrado.png\",\"contentUrl\":\"https:\/\/fonasa.mindy.cl\/blog\/wp-content\/uploads\/2024\/07\/logo_cuadrado.png\",\"width\":300,\"height\":300,\"caption\":\"Mindy Fonasa Blog\"},\"image\":{\"@id\":\"https:\/\/fonasa.mindy.cl\/blog\/#\/schema\/logo\/image\/\"}},{\"@type\":\"Person\",\"@id\":\"https:\/\/fonasa.mindy.cl\/blog\/#\/schema\/person\/fa87761528fa733079f7f77181252f28\",\"name\":\"estrategamkd@gmail.com\",\"url\":\"https:\/\/fonasa.mindy.cl\/blog\/author\/estrategamkdgmail-com\/\"}]}<\/script>\n<!-- \/ Yoast SEO plugin. -->","yoast_head_json":{"title":"Depresi\u00f3n severa: Cuando el dolor se vuelve insoportable - Mindy Fonasa Blog","description":"\u00bfQu\u00e9 es la depresi\u00f3n severa y c\u00f3mo se diferencia de la tristeza? Conoce sus s\u00edntomas, causas y opciones de tratamiento con Fonasa Mindy.","robots":{"index":"index","follow":"follow","max-snippet":"max-snippet:-1","max-image-preview":"max-image-preview:large","max-video-preview":"max-video-preview:-1"},"canonical":"https:\/\/fonasa.mindy.cl\/blog\/depresion-severa-cuando-el-dolor-se-vuelve-insoportable\/","og_locale":"es_ES","og_type":"article","og_title":"Depresi\u00f3n severa: Cuando el dolor se vuelve insoportable - Mindy Fonasa Blog","og_description":"\u00bfQu\u00e9 es la depresi\u00f3n severa y c\u00f3mo se diferencia de la tristeza? Conoce sus s\u00edntomas, causas y opciones de tratamiento con Fonasa Mindy.","og_url":"https:\/\/fonasa.mindy.cl\/blog\/depresion-severa-cuando-el-dolor-se-vuelve-insoportable\/","og_site_name":"Mindy Fonasa Blog","article_published_time":"2026-02-13T15:09:53+00:00","article_modified_time":"2026-03-25T13:20:24+00:00","og_image":[{"width":1280,"height":853,"url":"https:\/\/fonasa.mindy.cl\/blog\/wp-content\/uploads\/2026\/02\/anaterate-confused-7216044_1280.jpg","type":"image\/jpeg"}],"author":"estrategamkd@gmail.com","twitter_card":"summary_large_image","twitter_misc":{"Written by":"estrategamkd@gmail.com","Est. reading time":"10 minutos"},"schema":{"@context":"https:\/\/schema.org","@graph":[{"@type":"Article","@id":"https:\/\/fonasa.mindy.cl\/blog\/depresion-severa-cuando-el-dolor-se-vuelve-insoportable\/#article","isPartOf":{"@id":"https:\/\/fonasa.mindy.cl\/blog\/depresion-severa-cuando-el-dolor-se-vuelve-insoportable\/"},"author":{"name":"estrategamkd@gmail.com","@id":"https:\/\/fonasa.mindy.cl\/blog\/#\/schema\/person\/fa87761528fa733079f7f77181252f28"},"headline":"Depresi\u00f3n severa: Cuando el dolor se vuelve insoportable","datePublished":"2026-02-13T15:09:53+00:00","dateModified":"2026-03-25T13:20:24+00:00","mainEntityOfPage":{"@id":"https:\/\/fonasa.mindy.cl\/blog\/depresion-severa-cuando-el-dolor-se-vuelve-insoportable\/"},"wordCount":2122,"publisher":{"@id":"https:\/\/fonasa.mindy.cl\/blog\/#organization"},"image":{"@id":"https:\/\/fonasa.mindy.cl\/blog\/depresion-severa-cuando-el-dolor-se-vuelve-insoportable\/#primaryimage"},"thumbnailUrl":"https:\/\/fonasa.mindy.cl\/blog\/wp-content\/uploads\/2026\/02\/anaterate-confused-7216044_1280.jpg","articleSection":["Depresi\u00f3n"],"inLanguage":"es-CL"},{"@type":"WebPage","@id":"https:\/\/fonasa.mindy.cl\/blog\/depresion-severa-cuando-el-dolor-se-vuelve-insoportable\/","url":"https:\/\/fonasa.mindy.cl\/blog\/depresion-severa-cuando-el-dolor-se-vuelve-insoportable\/","name":"Depresi\u00f3n severa: Cuando el dolor se vuelve insoportable - Mindy Fonasa Blog","isPartOf":{"@id":"https:\/\/fonasa.mindy.cl\/blog\/#website"},"primaryImageOfPage":{"@id":"https:\/\/fonasa.mindy.cl\/blog\/depresion-severa-cuando-el-dolor-se-vuelve-insoportable\/#primaryimage"},"image":{"@id":"https:\/\/fonasa.mindy.cl\/blog\/depresion-severa-cuando-el-dolor-se-vuelve-insoportable\/#primaryimage"},"thumbnailUrl":"https:\/\/fonasa.mindy.cl\/blog\/wp-content\/uploads\/2026\/02\/anaterate-confused-7216044_1280.jpg","datePublished":"2026-02-13T15:09:53+00:00","dateModified":"2026-03-25T13:20:24+00:00","description":"\u00bfQu\u00e9 es la depresi\u00f3n severa y c\u00f3mo se diferencia de la tristeza? Conoce sus s\u00edntomas, causas y opciones de tratamiento con Fonasa Mindy.","breadcrumb":{"@id":"https:\/\/fonasa.mindy.cl\/blog\/depresion-severa-cuando-el-dolor-se-vuelve-insoportable\/#breadcrumb"},"inLanguage":"es-CL","potentialAction":[{"@type":"ReadAction","target":["https:\/\/fonasa.mindy.cl\/blog\/depresion-severa-cuando-el-dolor-se-vuelve-insoportable\/"]}]},{"@type":"ImageObject","inLanguage":"es-CL","@id":"https:\/\/fonasa.mindy.cl\/blog\/depresion-severa-cuando-el-dolor-se-vuelve-insoportable\/#primaryimage","url":"https:\/\/fonasa.mindy.cl\/blog\/wp-content\/uploads\/2026\/02\/anaterate-confused-7216044_1280.jpg","contentUrl":"https:\/\/fonasa.mindy.cl\/blog\/wp-content\/uploads\/2026\/02\/anaterate-confused-7216044_1280.jpg","width":1280,"height":853,"caption":"Depresi\u00f3n severa"},{"@type":"BreadcrumbList","@id":"https:\/\/fonasa.mindy.cl\/blog\/depresion-severa-cuando-el-dolor-se-vuelve-insoportable\/#breadcrumb","itemListElement":[{"@type":"ListItem","position":1,"name":"Home","item":"https:\/\/fonasa.mindy.cl\/blog\/"},{"@type":"ListItem","position":2,"name":"Depresi\u00f3n severa: Cuando el dolor se vuelve insoportable"}]},{"@type":"WebSite","@id":"https:\/\/fonasa.mindy.cl\/blog\/#website","url":"https:\/\/fonasa.mindy.cl\/blog\/","name":"Mindy Fonasa Blog","description":"Un blog de salud mental","publisher":{"@id":"https:\/\/fonasa.mindy.cl\/blog\/#organization"},"potentialAction":[{"@type":"SearchAction","target":{"@type":"EntryPoint","urlTemplate":"https:\/\/fonasa.mindy.cl\/blog\/?s={search_term_string}"},"query-input":"required name=search_term_string"}],"inLanguage":"es-CL"},{"@type":"Organization","@id":"https:\/\/fonasa.mindy.cl\/blog\/#organization","name":"Mindy Fonasa Blog","url":"https:\/\/fonasa.mindy.cl\/blog\/","logo":{"@type":"ImageObject","inLanguage":"es-CL","@id":"https:\/\/fonasa.mindy.cl\/blog\/#\/schema\/logo\/image\/","url":"https:\/\/fonasa.mindy.cl\/blog\/wp-content\/uploads\/2024\/07\/logo_cuadrado.png","contentUrl":"https:\/\/fonasa.mindy.cl\/blog\/wp-content\/uploads\/2024\/07\/logo_cuadrado.png","width":300,"height":300,"caption":"Mindy Fonasa Blog"},"image":{"@id":"https:\/\/fonasa.mindy.cl\/blog\/#\/schema\/logo\/image\/"}},{"@type":"Person","@id":"https:\/\/fonasa.mindy.cl\/blog\/#\/schema\/person\/fa87761528fa733079f7f77181252f28","name":"estrategamkd@gmail.com","url":"https:\/\/fonasa.mindy.cl\/blog\/author\/estrategamkdgmail-com\/"}]}},"_links":{"self":[{"href":"https:\/\/fonasa.mindy.cl\/blog\/wp-json\/wp\/v2\/posts\/1385"}],"collection":[{"href":"https:\/\/fonasa.mindy.cl\/blog\/wp-json\/wp\/v2\/posts"}],"about":[{"href":"https:\/\/fonasa.mindy.cl\/blog\/wp-json\/wp\/v2\/types\/post"}],"author":[{"embeddable":true,"href":"https:\/\/fonasa.mindy.cl\/blog\/wp-json\/wp\/v2\/users\/3"}],"replies":[{"embeddable":true,"href":"https:\/\/fonasa.mindy.cl\/blog\/wp-json\/wp\/v2\/comments?post=1385"}],"version-history":[{"count":5,"href":"https:\/\/fonasa.mindy.cl\/blog\/wp-json\/wp\/v2\/posts\/1385\/revisions"}],"predecessor-version":[{"id":1697,"href":"https:\/\/fonasa.mindy.cl\/blog\/wp-json\/wp\/v2\/posts\/1385\/revisions\/1697"}],"wp:featuredmedia":[{"embeddable":true,"href":"https:\/\/fonasa.mindy.cl\/blog\/wp-json\/wp\/v2\/media\/1387"}],"wp:attachment":[{"href":"https:\/\/fonasa.mindy.cl\/blog\/wp-json\/wp\/v2\/media?parent=1385"}],"wp:term":[{"taxonomy":"category","embeddable":true,"href":"https:\/\/fonasa.mindy.cl\/blog\/wp-json\/wp\/v2\/categories?post=1385"},{"taxonomy":"post_tag","embeddable":true,"href":"https:\/\/fonasa.mindy.cl\/blog\/wp-json\/wp\/v2\/tags?post=1385"}],"curies":[{"name":"wp","href":"https:\/\/api.w.org\/{rel}","templated":true}]}}