{"id":1375,"date":"2026-02-13T11:35:49","date_gmt":"2026-02-13T14:35:49","guid":{"rendered":"https:\/\/fonasa.mindy.cl\/blog\/?p=1375"},"modified":"2026-03-24T16:46:57","modified_gmt":"2026-03-24T19:46:57","slug":"depresion-psicotica-comprendiendo-el-quiebre-con-la-realidad","status":"publish","type":"post","link":"https:\/\/fonasa.mindy.cl\/blog\/depresion-psicotica-comprendiendo-el-quiebre-con-la-realidad\/","title":{"rendered":"Depresi\u00f3n psic\u00f3tica: Comprendiendo el quiebre con la realidad"},"content":{"rendered":"\n<p>Imagina que el peso de la tristeza se vuelve tan insoportable que tus sentidos comienzan a enga\u00f1arte. No es solo el des\u00e1nimo lo que te embarga, sino la certeza absoluta de que el mundo ha cambiado de forma terror\u00edfica o de que t\u00fa mismo has dejado de existir. Esta vivencia, aunque parezca sacada de una pesadilla, es la realidad cotidiana de quienes enfrentan una <strong>depresi\u00f3n psic\u00f3tica<\/strong>. <\/p>\n\n\n\n<p>Este cuadro cl\u00ednico representa uno de los desaf\u00edos m\u00e1s complejos de la psiquiatr\u00eda moderna, ya que amalgama el dolor emocional profundo con la p\u00e9rdida del juicio de realidad. A trav\u00e9s de este art\u00edculo, profundizaremos en los mecanismos biol\u00f3gicos que desencadenan este estado, desmitificaremos las creencias populares que estigmatizan al paciente y analizaremos c\u00f3mo el contexto chileno influye en su diagn\u00f3stico y tratamiento. El objetivo es que logres identificar las se\u00f1ales de alerta y comprendas que, bajo la evidencia cient\u00edfica actual, la recuperaci\u00f3n no solo es posible, sino que es el camino esperado con la intervenci\u00f3n adecuada.<\/p>\n\n\n\n<h2 class=\"wp-block-heading has-x-large-font-size\">Mitos y realidades sobre la naturaleza de la depresi\u00f3n psic\u00f3tica<\/h2>\n\n\n\n<p>A menudo, la palabra &#8220;psicosis&#8221; genera un rechazo inmediato o un temor irracional basado en representaciones cinematogr\u00e1ficas distorsionadas. Sin embargo, en el \u00e1mbito de la salud mental, debemos separar la ficci\u00f3n de la cl\u00ednica. Un mito muy extendido es que la <strong>depresi\u00f3n psic\u00f3tica<\/strong> es una forma o <a href=\"https:\/\/fonasa.mindy.cl\/blog\/tipos-de-esquizofrenia\/\"><strong>tipos de esquizofrenia<\/strong><\/a>. La realidad es que son entidades distintas; mientras que en la esquizofrenia la psicosis es el eje central y cr\u00f3nico, en este tipo de depresi\u00f3n los s\u00edntomas psic\u00f3ticos aparecen \u00fanicamente durante el episodio depresivo severo y suelen estar &#8220;congelados&#8221; en temas de culpa, ruina o enfermedad.<\/p>\n\n\n\n<p>Otro error com\u00fan es creer que la persona ha &#8220;perdido la raz\u00f3n&#8221; para siempre. La investigaci\u00f3n indica que estos episodios son estados agudos que, con un tratamiento que combine antipsic\u00f3ticos y antidepresivos, tienden a remitir. La persona no es &#8220;peligrosa&#8221; ni &#8220;impredecible&#8221; por naturaleza; es alguien cuyo cerebro est\u00e1 procesando informaci\u00f3n de manera err\u00f3nea debido a un estr\u00e9s biol\u00f3gico extremo. Desmantelar estos prejuicios es vital para que el entorno familiar no act\u00fae desde el miedo, sino desde la <strong>compasi\u00f3n informada<\/strong> y el apoyo activo.<\/p>\n\n\n\n<ol start=\"1\">\n<li><strong>Mito:<\/strong> Es una debilidad de car\u00e1cter o falta de voluntad. <strong>Realidad:<\/strong> Es una desregulaci\u00f3n neuroqu\u00edmica severa que requiere intervenci\u00f3n m\u00e9dica.<\/li>\n\n\n\n<li><strong>Mito:<\/strong> Quien la padece siempre escucha voces que le ordenan da\u00f1ar a otros. <strong>Realidad:<\/strong> Las alucinaciones suelen ser cr\u00edticas hacia uno mismo o relacionadas con sentimientos de inutilidad.<\/li>\n\n\n\n<li><strong>Mito:<\/strong> No tiene cura y requiere internaci\u00f3n de por vida. <strong>Realidad:<\/strong> La mayor\u00eda de los pacientes logran estabilidad y regresan a su vida cotidiana con seguimiento ambulatorio.<\/li>\n\n\n\n<li><strong>Mito:<\/strong> Es lo mismo que una depresi\u00f3n com\u00fan pero &#8220;m\u00e1s triste&#8221;. <strong>Realidad:<\/strong> La presencia de delirios o alucinaciones cambia cualitativamente el diagn\u00f3stico y el abordaje farmacol\u00f3gico.<\/li>\n<\/ol>\n\n\n\n<h2 class=\"wp-block-heading has-x-large-font-size\">El motor biol\u00f3gico: Neurociencia de la depresi\u00f3n psic\u00f3tica<\/h2>\n\n\n\n<figure class=\"wp-block-image size-full\"><img loading=\"lazy\" decoding=\"async\" width=\"1280\" height=\"853\" src=\"https:\/\/fonasa.mindy.cl\/blog\/wp-content\/uploads\/2026\/02\/sammy-sander-sad-4133121_1280.jpg\" alt=\"depresi\u00f3n psic\u00f3tica\" class=\"wp-image-1378\"\/><\/figure>\n\n\n\n<p>Para entender qu\u00e9 ocurre en la mente de quien sufre este trastorno, debemos mirar hacia el <strong>eje hipotal\u00e1mico-pituitario-adrenal<\/strong> (HPA). Este sistema es nuestra torre de control para el estr\u00e9s. En la <strong>depresi\u00f3n psic\u00f3tica<\/strong>, este eje se encuentra en un estado de hiperactividad fren\u00e9tica. El cuerpo produce niveles de cortisol \u2014la hormona del estr\u00e9s\u2014 tan elevados que terminan da\u00f1ando temporalmente la comunicaci\u00f3n entre las neuronas. Esta inundaci\u00f3n qu\u00edmica afecta especialmente al hipocampo y la corteza prefrontal, \u00e1reas encargadas de la memoria y el pensamiento l\u00f3gico, lo que facilita que ideas extra\u00f1as cobren sentido para el paciente.<\/p>\n\n\n\n<p>A nivel de neurotransmisores, no solo hay un d\u00e9ficit de serotonina y norepinefrina (t\u00edpicos de la depresi\u00f3n), sino que existe un desequilibrio cr\u00edtico en la <strong>dopamina<\/strong>. En ciertas v\u00edas cerebrales, el exceso de dopamina genera lo que los cient\u00edficos llaman &#8220;saliencia aberrante&#8221;. Esto significa que el cerebro le asigna una importancia desmesurada a est\u00edmulos irrelevantes. Por ejemplo, un ruido ambiental puede ser interpretado como una se\u00f1al de persecuci\u00f3n. Es una falla en el &#8220;software&#8221; de interpretaci\u00f3n de la realidad, gatillada por un fallo en el &#8220;hardware&#8221; neurobiol\u00f3gico.<\/p>\n\n\n\n<h3 class=\"wp-block-heading has-large-font-size\">El por qu\u00e9 biol\u00f3gico de los delirios de la depresi\u00f3n psic\u00f3tica<\/h3>\n\n\n\n<p>Un delirio no es una mentira deliberada; es una <strong>creencia fija<\/strong> que el cerebro construye para dar sentido a una angustia insoportable. Si el paciente siente un vac\u00edo interno devastador, su cerebro puede generar el delirio de que sus \u00f3rganos internos est\u00e1n desapareciendo. Esta explicaci\u00f3n biol\u00f3gica nos permite entender que el s\u00edntoma es una respuesta adaptativa fallida del sistema nervioso ante un dolor emocional que ha sobrepasado todos los umbrales de resistencia.<\/p>\n\n\n\n<h3 class=\"wp-block-heading has-large-font-size\">Alucinaciones y el sistema auditivo<\/h3>\n\n\n\n<p>Las alucinaciones auditivas en este contexto suelen ser &#8220;congruentes con el estado de \u00e1nimo&#8221;. Esto quiere decir que las voces o sonidos reflejan el odio hacia uno mismo que siente el deprimido. La investigaci\u00f3n mediante neuroim\u00e1genes muestra que, durante una alucinaci\u00f3n, el <strong>\u00e1rea de Broca<\/strong> (encargada de producir el habla) se activa. El paciente est\u00e1 escuchando sus propios pensamientos autocr\u00edticos, pero su cerebro ha perdido la capacidad de reconocerlos como propios, proyect\u00e1ndolos como si vinieran del exterior.<\/p>\n\n\n\n<h2 class=\"wp-block-heading has-x-large-font-size\">El contexto de salud mental de la depresi\u00f3n psic\u00f3tica en la sociedad chilena<\/h2>\n\n\n\n<p>Hablar de salud mental en Chile implica reconocer una brecha importante entre la necesidad y el acceso. Para una persona con <a href=\"https:\/\/fonasa.mindy.cl\/blog\/sintomas-de-psicosis\/\"><strong>S\u00edntomas de psicosis<\/strong><\/a> y <strong>depresi\u00f3n psic\u00f3tica<\/strong>, el entorno puede ser un factor de protecci\u00f3n o un agravante. En ciudades con un ritmo de vida tan acelerado como Santiago, el aislamiento social es com\u00fan, lo que permite que los s\u00edntomas psic\u00f3ticos pasen desapercibidos durante meses. Las familias a menudo confunden el retraimiento con &#8220;flojera&#8221; o &#8220;mal genio&#8221;, retrasando una intervenci\u00f3n que es urgente por el alto riesgo de ideaci\u00f3n suicida que conlleva este cuadro.<\/p>\n\n\n\n<p>Adem\u00e1s, existe una marcada diferencia entre la realidad urbana y la rural. En regiones m\u00e1s apartadas, el estigma sobre la &#8220;locura&#8221; es m\u00e1s potente, lo que lleva a las personas a ocultar sus s\u00edntomas por temor a ser marginadas de la comunidad o del mundo laboral. El sistema de salud chileno, aunque ha avanzado con la incorporaci\u00f3n de patolog\u00edas al <strong>sistema de garant\u00edas expl\u00edcitas<\/strong> (GES), todav\u00eda enfrenta el desaf\u00edo de la detecci\u00f3n temprana. Es fundamental que la sociedad entienda que estos trastornos son emergencias m\u00e9dicas y no fallas morales, especialmente en una cultura que valora tanto la productividad econ\u00f3mica por sobre el bienestar subjetivo.<\/p>\n\n\n\n<ol start=\"1\">\n<li><strong>Fase de Pr\u00f3dromo:<\/strong> Aparici\u00f3n de insomnio severo, ansiedad extrema y sentimientos de culpa desproporcionados.<\/li>\n\n\n\n<li><strong>Fase de Quiebre:<\/strong> Inicio de ideas delirantes (creer que se est\u00e1 en la ruina econ\u00f3mica sin motivo real) o percepciones sensoriales alteradas.<\/li>\n\n\n\n<li><strong>Fase Aguda:<\/strong> El paciente pierde totalmente la capacidad de distinguir sus miedos de la realidad objetiva, requiriendo supervisi\u00f3n constante.<\/li>\n\n\n\n<li><strong>Fase de Recuperaci\u00f3n:<\/strong> Con el tratamiento adecuado, los s\u00edntomas psic\u00f3ticos se disuelven primero, seguidos gradualmente por la mejor\u00eda del \u00e1nimo.<\/li>\n<\/ol>\n\n\n\n<h3 class=\"wp-block-heading has-large-font-size\">S\u00edntomas de la depresi\u00f3n psic\u00f3tica y manifestaciones del quiebre emocional<\/h3>\n\n\n\n<p>Identificar la <strong>depresi\u00f3n psic\u00f3tica<\/strong> requiere una observaci\u00f3n minuciosa de los cambios en el discurso y el comportamiento. A diferencia de la depresi\u00f3n melanc\u00f3lica simple, aqu\u00ed aparecen los delirios som\u00e1ticos o de pobreza. Un s\u00edntoma recurrente es el estupor, donde la persona parece desconectada f\u00edsicamente del entorno, movi\u00e9ndose con lentitud extrema o permaneciendo en la misma posici\u00f3n por horas. Este fen\u00f3meno, conocido como cataton\u00eda en sus formas m\u00e1s graves, refleja la par\u00e1lisis total del sistema de motivaci\u00f3n del cerebro.<\/p>\n\n\n\n<p>Las alucinaciones, por otro lado, no siempre son voces claras. A veces son susurros, sombras o la sensaci\u00f3n de que el aire tiene un peso distinto. Lo central es la <strong>falta de insight<\/strong> o conciencia de enfermedad: el paciente no cree que est\u00e9 enfermo, cree firmemente que su delirio es la verdad. Por ejemplo, puede estar convencido de que ha causado una cat\u00e1strofe mundial y que por ello merece ser castigado, lo que genera una angustia que no responde a consuelos l\u00f3gicos o racionales.<\/p>\n\n\n\n<ul>\n<li><strong>Delirios de culpa:<\/strong> Creencia de haber cometido pecados imperdonables o cr\u00edmenes atroces que no ocurrieron.<\/li>\n\n\n\n<li><strong>Delirios de ruina:<\/strong> Certeza de que la familia morir\u00e1 de hambre o que se ha perdido todo el dinero, a pesar de tener evidencia de lo contrario.<\/li>\n\n\n\n<li><strong>Alucinaciones auditivas:<\/strong> Voces que insultan, critican o confirman las ideas de culpa del paciente.<\/li>\n\n\n\n<li><strong>Agitaci\u00f3n psicomotora:<\/strong> Un estado de inquietud constante donde el paciente no puede dejar de moverse, caminar o retorcerse las manos debido a la angustia interna.<\/li>\n<\/ul>\n\n\n\n<h3 class=\"wp-block-heading has-large-font-size\">El riesgo y la urgencia cl\u00ednica<\/h3>\n\n\n\n<p>Es imperativo mencionar que la combinaci\u00f3n de depresi\u00f3n profunda y psicosis eleva dr\u00e1sticamente el riesgo de conductas autolesivas. El paciente puede intentar da\u00f1arse no solo por la tristeza, sino para &#8220;detener el fin del mundo&#8221; o por \u00f3rdenes de las voces. Por esta raz\u00f3n, el diagn\u00f3stico de <strong>depresi\u00f3n psic\u00f3tica<\/strong> se considera una prioridad absoluta en cualquier servicio de urgencias. La intervenci\u00f3n debe ser inmediata y multidisciplinaria, involucrando a psiquiatras, psic\u00f3logos y terapeutas ocupacionales para reconstruir el lazo con la realidad.<\/p>\n\n\n\n<h3 class=\"wp-block-heading has-large-font-size\">Diferenciaci\u00f3n de la depresi\u00f3n psic\u00f3tica por etapas de la vida<\/h3>\n\n\n\n<p>La forma en que se manifiesta este trastorno var\u00eda con la edad. En los adultos mayores, es frecuente que los s\u00edntomas psic\u00f3ticos se confundan con los inicios de una demencia, ya que la confusi\u00f3n y los problemas de memoria son muy marcados. En adultos j\u00f3venes, puede ser el preludio de un trastorno bipolar. Cada etapa requiere una mirada sensible que entienda el contexto vital del individuo; no es lo mismo el delirio de ruina en un padre de familia que en un joven que est\u00e1 iniciando su vida profesional.<\/p>\n\n\n\n<h2 class=\"wp-block-heading has-x-large-font-size\">Estrategias de intervenci\u00f3n y recuperaci\u00f3n de la depresi\u00f3n psic\u00f3tica<\/h2>\n\n\n\n<figure class=\"wp-block-image size-full\"><img loading=\"lazy\" decoding=\"async\" width=\"1280\" height=\"853\" src=\"https:\/\/fonasa.mindy.cl\/blog\/wp-content\/uploads\/2026\/02\/danielaelenatentis-sad-2042536_1280.jpg\" alt=\"depresi\u00f3n psic\u00f3tica\" class=\"wp-image-1379\"\/><\/figure>\n\n\n\n<p>El camino hacia la estabilidad mental en estos casos es complejo pero est\u00e1 bien trazado por la medicina actual. El tratamiento de elecci\u00f3n suele ser la combinaci\u00f3n de f\u00e1rmacos antidepresivos con antipsic\u00f3ticos de segunda generaci\u00f3n. Estos \u00faltimos ayudan a &#8220;silenciar&#8221; las alucinaciones y a flexibilizar el pensamiento delirante, permitiendo que el antidepresivo haga su trabajo de elevar el \u00e1nimo. En casos donde la respuesta a los f\u00e1rmacos es lenta o el riesgo vital es inminente, la <strong>terapia electroconvulsiva<\/strong> (TEC) sigue siendo una de las herramientas m\u00e1s seguras y efectivas, a pesar de los prejuicios sociales que la rodean.<\/p>\n\n\n\n<p>Una vez que los s\u00edntomas agudos han remitido, la psicoterapia se vuelve fundamental. La terapia cognitivo-conductual adaptada para la psicosis ayuda al paciente a reconstruir su confianza y a generar estrategias para manejar el estr\u00e9s futuro. Es vital trabajar en la <strong>prevenci\u00f3n de reca\u00eddas<\/strong>, educando a la familia para identificar los signos sutiles de que el \u00e1nimo est\u00e1 decayendo nuevamente. La recuperaci\u00f3n es un proceso de &#8220;re-aprendizaje&#8221; del mundo, donde el apoyo constante y la medicaci\u00f3n act\u00faan como el andamio que sostiene al individuo mientras recupera su autonom\u00eda.<\/p>\n\n\n\n<ul>\n<li><strong>Farmacoterapia combinada:<\/strong> Uso estrat\u00e9gico de medicamentos para equilibrar dopamina y serotonina simult\u00e1neamente.<\/li>\n\n\n\n<li><strong>Psicoeducaci\u00f3n familiar:<\/strong> Sesiones para que el entorno aprenda a no confrontar el delirio directamente, sino a validar la emoci\u00f3n que este produce.<\/li>\n\n\n\n<li><strong>Terapia Ocupacional:<\/strong> Actividades graduadas para recuperar las funciones ejecutivas y la rutina diaria tras un episodio severo.<\/li>\n\n\n\n<li><strong>Redes de apoyo comunitario:<\/strong> Participaci\u00f3n en grupos donde se normalice la experiencia y se reduzca el sentimiento de soledad.<\/li>\n<\/ul>\n\n\n\n<h2 class=\"wp-block-heading has-x-large-font-size\">Fonasa Mindy: Tu puente hacia la estabilidad mental<\/h2>\n\n\n\n<p>Sabemos que enfrentar un diagn\u00f3stico de esta magnitud puede ser abrumador, tanto para el paciente como para sus seres queridos. En <strong>Fonasa Mindy<\/strong>, nuestra misi\u00f3n es facilitar el acceso a una atenci\u00f3n profesional de calidad que comprenda la complejidad de la <strong>depresi\u00f3n psic\u00f3tica<\/strong>. A trav\u00e9s de nuestra plataforma, conectamos a personas de todo Chile con psic\u00f3logos especialistas en trastornos graves del \u00e1nimo, eliminando las barreras geogr\u00e1ficas y econ\u00f3micas que a menudo retrasan el inicio de la terapia.<\/p>\n\n\n\n<h3 class=\"wp-block-heading has-large-font-size\">Elegir nuestro servicio ofrece ventajas dise\u00f1adas para tu tranquilidad:<\/h3>\n\n\n\n<ul>\n<li>Acceso directo con el beneficio de Fonasa, asegurando que el tratamiento sea financieramente viable a largo plazo.<\/li>\n\n\n\n<li>Profesionales con experiencia cl\u00ednica comprobada en el manejo de crisis y estabilizaci\u00f3n emocional.<\/li>\n\n\n\n<li>Modalidad online que permite recibir apoyo desde la seguridad y privacidad de tu hogar, evitando el estr\u00e9s de los traslados en momentos de vulnerabilidad.<\/li>\n\n\n\n<li>Acompa\u00f1amiento continuo para la familia, brindando herramientas pr\u00e1cticas para manejar el d\u00eda a d\u00eda tras el diagn\u00f3stico.<\/li>\n<\/ul>\n\n\n\n<p>El primer paso hacia la recuperaci\u00f3n es no transitar este camino en soledad. Contamos con un equipo humano listo para escucharte y guiarte. Puedes agendar una sesi\u00f3n y conocer a nuestros especialistas en el siguiente enlace: <strong><a target=\"_blank\" rel=\"noreferrer noopener\" href=\"https:\/\/fonasa.mindy.cl\/psicologos.php#\/\">Psic\u00f3logos online Fonasa Mindy<\/a><\/strong><\/p>\n\n\n\n<p>Atravesar una crisis de salud mental donde la realidad se desdibuja es, posiblemente, una de las experiencias m\u00e1s aterradoras que un ser humano puede vivir. Sin embargo, la <strong>depresi\u00f3n psic\u00f3tica<\/strong> no es un destino final, sino un episodio que puede ser superado con ciencia, empat\u00eda y el apoyo correcto. Entender los procesos neurobiol\u00f3gicos y sociales que la rodean nos permite quitarle el poder al estigma y devolv\u00e9rselo a la persona. La estabilidad mental no es la ausencia de dificultades, sino la capacidad de contar con las herramientas y la red de apoyo necesarias para enfrentarlas. Hoy, m\u00e1s que nunca, existen caminos claros hacia la sanaci\u00f3n; solo hace falta dar el valiente paso de pedir ayuda y confiar en que la luz de la realidad volver\u00e1 a brillar con claridad.<\/p>\n\n\n\n<p>No postergues tu bienestar ni el de quienes amas. Encuentra el apoyo que necesitas en <strong><a target=\"_blank\" rel=\"noreferrer noopener\" href=\"https:\/\/fonasa.mindy.cl\/#\/\">Fonasa Mindy<\/a><\/strong> y comienza hoy mismo tu proceso de cambio. Para explorar m\u00e1s sobre nuestra comunidad y recursos adicionales, visita tambi\u00e9n <strong><a target=\"_blank\" rel=\"noreferrer noopener\" href=\"https:\/\/mindy.cl\/\">Mindy<\/a><\/strong>.<\/p>\n\n\n\n<h2 class=\"wp-block-heading has-x-large-font-size\">\u00bfRealmente sabes c\u00f3mo est\u00e1 tu salud emocional?<\/h2>\n\n\n\n<p>No siempre es f\u00e1cil identificar cu\u00e1ndo la tristeza se convierte en algo m\u00e1s. Por eso, en&nbsp;<strong>Fonasa.Mindy.cl<\/strong>&nbsp;te invitamos a tomarte 5 minutos para realizar nuestro Quiz gratuito. Obt\u00e9n una orientaci\u00f3n inicial sobre tus niveles de depresi\u00f3n y descubre cu\u00e1l es el camino hacia la terapia que realmente necesitas. Da el primer paso sin compromiso.<\/p>\n\n\n\n<p><span style=\"color: rgb(15, 17, 21); font-family: quote-cjk-patch, Inter, system-ui, -apple-system, BlinkMacSystemFont, &quot;Segoe UI&quot;, Roboto, Oxygen, Ubuntu, Cantarell, &quot;Open Sans&quot;, &quot;Helvetica Neue&quot;, sans-serif; font-size: 16px; white-space-collapse: collapse; background-color: rgb(255, 255, 255);\">\ud83d\udc49&nbsp;<\/span><span style=\"font-weight: 600; color: rgb(15, 17, 21); font-family: quote-cjk-patch, Inter, system-ui, -apple-system, BlinkMacSystemFont, &quot;Segoe UI&quot;, Roboto, Oxygen, Ubuntu, Cantarell, &quot;Open Sans&quot;, &quot;Helvetica Neue&quot;, sans-serif; font-size: 16px; white-space-collapse: collapse; background-color: rgb(255, 255, 255);\">Accede aqu\u00ed:<\/span><span style=\"color: rgb(15, 17, 21); font-family: quote-cjk-patch, Inter, system-ui, -apple-system, BlinkMacSystemFont, &quot;Segoe UI&quot;, Roboto, Oxygen, Ubuntu, Cantarell, &quot;Open Sans&quot;, &quot;Helvetica Neue&quot;, sans-serif; font-size: 16px; white-space-collapse: collapse; background-color: rgb(255, 255, 255);\">&nbsp;<\/span><a style=\"color: rgb(57, 100, 254); transition-duration: 0.2s; transition-timing-function: cubic-bezier(0.4, 0, 0.2, 1); transition-property: box-shadow; border-width: 1.78571px 2.67857px; border-color: rgba(255, 255, 255, 0); margin-left: -3px; margin-right: -3px; text-decoration-line: underline; text-decoration-color: rgb(57, 100, 254); position: relative; outline-style: none; outline-width: initial; font-family: quote-cjk-patch, Inter, system-ui, -apple-system, BlinkMacSystemFont, &quot;Segoe UI&quot;, Roboto, Oxygen, Ubuntu, Cantarell, &quot;Open Sans&quot;, &quot;Helvetica Neue&quot;, sans-serif; font-size: 16px; white-space-collapse: collapse; background-color: rgb(255, 255, 255);\" href=\"https:\/\/form.typeform.com\/to\/P78CVEPt\" target=\"_blank\" rel=\"noreferrer noopener\">https:\/\/form.typeform.com\/to\/P78CVEPt<\/a><\/p>\n","protected":false},"excerpt":{"rendered":"<p>Imagina que el peso de la tristeza se vuelve tan insoportable que tus sentidos comienzan a enga\u00f1arte. No es solo el des\u00e1nimo lo que te embarga, sino la certeza absoluta de que el mundo ha cambiado de forma terror\u00edfica o de que t\u00fa mismo has dejado de existir. Esta vivencia, aunque parezca sacada de una [&hellip;]<\/p>\n","protected":false},"author":3,"featured_media":1377,"comment_status":"closed","ping_status":"closed","sticky":false,"template":"","format":"standard","meta":{"footnotes":""},"categories":[278,275],"tags":[],"yoast_head":"<!-- This site is optimized with the Yoast SEO plugin v23.0 - https:\/\/yoast.com\/wordpress\/plugins\/seo\/ -->\n<title>Depresi\u00f3n psic\u00f3tica: Comprendiendo el quiebre con la realidad - Mindy Fonasa Blog<\/title>\n<meta name=\"description\" content=\"Descubre qu\u00e9 es la depresi\u00f3n psic\u00f3tica, sus causas biol\u00f3gicas y c\u00f3mo tratarla. Encuentra apoyo especializado en Fonasa Mindy.\" \/>\n<meta name=\"robots\" content=\"index, follow, max-snippet:-1, max-image-preview:large, max-video-preview:-1\" \/>\n<link rel=\"canonical\" href=\"https:\/\/fonasa.mindy.cl\/blog\/depresion-psicotica-comprendiendo-el-quiebre-con-la-realidad\/\" \/>\n<meta property=\"og:locale\" content=\"es_ES\" \/>\n<meta property=\"og:type\" content=\"article\" \/>\n<meta property=\"og:title\" content=\"Depresi\u00f3n psic\u00f3tica: Comprendiendo el quiebre con la realidad - Mindy Fonasa Blog\" \/>\n<meta property=\"og:description\" content=\"Descubre qu\u00e9 es la depresi\u00f3n psic\u00f3tica, sus causas biol\u00f3gicas y c\u00f3mo tratarla. Encuentra apoyo especializado en Fonasa Mindy.\" \/>\n<meta property=\"og:url\" content=\"https:\/\/fonasa.mindy.cl\/blog\/depresion-psicotica-comprendiendo-el-quiebre-con-la-realidad\/\" \/>\n<meta property=\"og:site_name\" content=\"Mindy Fonasa Blog\" \/>\n<meta property=\"article:published_time\" content=\"2026-02-13T14:35:49+00:00\" \/>\n<meta property=\"article:modified_time\" content=\"2026-03-24T19:46:57+00:00\" \/>\n<meta property=\"og:image\" content=\"https:\/\/fonasa.mindy.cl\/blog\/wp-content\/uploads\/2026\/02\/stocksnap-woman-2609115_1280.jpg\" \/>\n\t<meta property=\"og:image:width\" content=\"1280\" \/>\n\t<meta property=\"og:image:height\" content=\"853\" \/>\n\t<meta property=\"og:image:type\" content=\"image\/jpeg\" \/>\n<meta name=\"author\" content=\"estrategamkd@gmail.com\" \/>\n<meta name=\"twitter:card\" content=\"summary_large_image\" \/>\n<meta name=\"twitter:label1\" content=\"Written by\" \/>\n\t<meta name=\"twitter:data1\" content=\"estrategamkd@gmail.com\" \/>\n\t<meta name=\"twitter:label2\" content=\"Est. reading time\" \/>\n\t<meta name=\"twitter:data2\" content=\"11 minutos\" \/>\n<script type=\"application\/ld+json\" class=\"yoast-schema-graph\">{\"@context\":\"https:\/\/schema.org\",\"@graph\":[{\"@type\":\"Article\",\"@id\":\"https:\/\/fonasa.mindy.cl\/blog\/depresion-psicotica-comprendiendo-el-quiebre-con-la-realidad\/#article\",\"isPartOf\":{\"@id\":\"https:\/\/fonasa.mindy.cl\/blog\/depresion-psicotica-comprendiendo-el-quiebre-con-la-realidad\/\"},\"author\":{\"name\":\"estrategamkd@gmail.com\",\"@id\":\"https:\/\/fonasa.mindy.cl\/blog\/#\/schema\/person\/fa87761528fa733079f7f77181252f28\"},\"headline\":\"Depresi\u00f3n psic\u00f3tica: Comprendiendo el quiebre con la realidad\",\"datePublished\":\"2026-02-13T14:35:49+00:00\",\"dateModified\":\"2026-03-24T19:46:57+00:00\",\"mainEntityOfPage\":{\"@id\":\"https:\/\/fonasa.mindy.cl\/blog\/depresion-psicotica-comprendiendo-el-quiebre-con-la-realidad\/\"},\"wordCount\":2484,\"publisher\":{\"@id\":\"https:\/\/fonasa.mindy.cl\/blog\/#organization\"},\"image\":{\"@id\":\"https:\/\/fonasa.mindy.cl\/blog\/depresion-psicotica-comprendiendo-el-quiebre-con-la-realidad\/#primaryimage\"},\"thumbnailUrl\":\"https:\/\/fonasa.mindy.cl\/blog\/wp-content\/uploads\/2026\/02\/stocksnap-woman-2609115_1280.jpg\",\"articleSection\":[\"Depresi\u00f3n\",\"Trastornos\"],\"inLanguage\":\"es-CL\"},{\"@type\":\"WebPage\",\"@id\":\"https:\/\/fonasa.mindy.cl\/blog\/depresion-psicotica-comprendiendo-el-quiebre-con-la-realidad\/\",\"url\":\"https:\/\/fonasa.mindy.cl\/blog\/depresion-psicotica-comprendiendo-el-quiebre-con-la-realidad\/\",\"name\":\"Depresi\u00f3n psic\u00f3tica: Comprendiendo el quiebre con la realidad - Mindy Fonasa Blog\",\"isPartOf\":{\"@id\":\"https:\/\/fonasa.mindy.cl\/blog\/#website\"},\"primaryImageOfPage\":{\"@id\":\"https:\/\/fonasa.mindy.cl\/blog\/depresion-psicotica-comprendiendo-el-quiebre-con-la-realidad\/#primaryimage\"},\"image\":{\"@id\":\"https:\/\/fonasa.mindy.cl\/blog\/depresion-psicotica-comprendiendo-el-quiebre-con-la-realidad\/#primaryimage\"},\"thumbnailUrl\":\"https:\/\/fonasa.mindy.cl\/blog\/wp-content\/uploads\/2026\/02\/stocksnap-woman-2609115_1280.jpg\",\"datePublished\":\"2026-02-13T14:35:49+00:00\",\"dateModified\":\"2026-03-24T19:46:57+00:00\",\"description\":\"Descubre qu\u00e9 es la depresi\u00f3n psic\u00f3tica, sus causas biol\u00f3gicas y c\u00f3mo tratarla. Encuentra apoyo especializado en Fonasa Mindy.\",\"breadcrumb\":{\"@id\":\"https:\/\/fonasa.mindy.cl\/blog\/depresion-psicotica-comprendiendo-el-quiebre-con-la-realidad\/#breadcrumb\"},\"inLanguage\":\"es-CL\",\"potentialAction\":[{\"@type\":\"ReadAction\",\"target\":[\"https:\/\/fonasa.mindy.cl\/blog\/depresion-psicotica-comprendiendo-el-quiebre-con-la-realidad\/\"]}]},{\"@type\":\"ImageObject\",\"inLanguage\":\"es-CL\",\"@id\":\"https:\/\/fonasa.mindy.cl\/blog\/depresion-psicotica-comprendiendo-el-quiebre-con-la-realidad\/#primaryimage\",\"url\":\"https:\/\/fonasa.mindy.cl\/blog\/wp-content\/uploads\/2026\/02\/stocksnap-woman-2609115_1280.jpg\",\"contentUrl\":\"https:\/\/fonasa.mindy.cl\/blog\/wp-content\/uploads\/2026\/02\/stocksnap-woman-2609115_1280.jpg\",\"width\":1280,\"height\":853,\"caption\":\"depresi\u00f3n psic\u00f3tica\"},{\"@type\":\"BreadcrumbList\",\"@id\":\"https:\/\/fonasa.mindy.cl\/blog\/depresion-psicotica-comprendiendo-el-quiebre-con-la-realidad\/#breadcrumb\",\"itemListElement\":[{\"@type\":\"ListItem\",\"position\":1,\"name\":\"Home\",\"item\":\"https:\/\/fonasa.mindy.cl\/blog\/\"},{\"@type\":\"ListItem\",\"position\":2,\"name\":\"Depresi\u00f3n psic\u00f3tica: Comprendiendo el quiebre con la realidad\"}]},{\"@type\":\"WebSite\",\"@id\":\"https:\/\/fonasa.mindy.cl\/blog\/#website\",\"url\":\"https:\/\/fonasa.mindy.cl\/blog\/\",\"name\":\"Mindy Fonasa Blog\",\"description\":\"Un blog de salud mental\",\"publisher\":{\"@id\":\"https:\/\/fonasa.mindy.cl\/blog\/#organization\"},\"potentialAction\":[{\"@type\":\"SearchAction\",\"target\":{\"@type\":\"EntryPoint\",\"urlTemplate\":\"https:\/\/fonasa.mindy.cl\/blog\/?s={search_term_string}\"},\"query-input\":\"required name=search_term_string\"}],\"inLanguage\":\"es-CL\"},{\"@type\":\"Organization\",\"@id\":\"https:\/\/fonasa.mindy.cl\/blog\/#organization\",\"name\":\"Mindy Fonasa Blog\",\"url\":\"https:\/\/fonasa.mindy.cl\/blog\/\",\"logo\":{\"@type\":\"ImageObject\",\"inLanguage\":\"es-CL\",\"@id\":\"https:\/\/fonasa.mindy.cl\/blog\/#\/schema\/logo\/image\/\",\"url\":\"https:\/\/fonasa.mindy.cl\/blog\/wp-content\/uploads\/2024\/07\/logo_cuadrado.png\",\"contentUrl\":\"https:\/\/fonasa.mindy.cl\/blog\/wp-content\/uploads\/2024\/07\/logo_cuadrado.png\",\"width\":300,\"height\":300,\"caption\":\"Mindy Fonasa Blog\"},\"image\":{\"@id\":\"https:\/\/fonasa.mindy.cl\/blog\/#\/schema\/logo\/image\/\"}},{\"@type\":\"Person\",\"@id\":\"https:\/\/fonasa.mindy.cl\/blog\/#\/schema\/person\/fa87761528fa733079f7f77181252f28\",\"name\":\"estrategamkd@gmail.com\",\"url\":\"https:\/\/fonasa.mindy.cl\/blog\/author\/estrategamkdgmail-com\/\"}]}<\/script>\n<!-- \/ Yoast SEO plugin. -->","yoast_head_json":{"title":"Depresi\u00f3n psic\u00f3tica: Comprendiendo el quiebre con la realidad - Mindy Fonasa Blog","description":"Descubre qu\u00e9 es la depresi\u00f3n psic\u00f3tica, sus causas biol\u00f3gicas y c\u00f3mo tratarla. Encuentra apoyo especializado en Fonasa Mindy.","robots":{"index":"index","follow":"follow","max-snippet":"max-snippet:-1","max-image-preview":"max-image-preview:large","max-video-preview":"max-video-preview:-1"},"canonical":"https:\/\/fonasa.mindy.cl\/blog\/depresion-psicotica-comprendiendo-el-quiebre-con-la-realidad\/","og_locale":"es_ES","og_type":"article","og_title":"Depresi\u00f3n psic\u00f3tica: Comprendiendo el quiebre con la realidad - Mindy Fonasa Blog","og_description":"Descubre qu\u00e9 es la depresi\u00f3n psic\u00f3tica, sus causas biol\u00f3gicas y c\u00f3mo tratarla. Encuentra apoyo especializado en Fonasa Mindy.","og_url":"https:\/\/fonasa.mindy.cl\/blog\/depresion-psicotica-comprendiendo-el-quiebre-con-la-realidad\/","og_site_name":"Mindy Fonasa Blog","article_published_time":"2026-02-13T14:35:49+00:00","article_modified_time":"2026-03-24T19:46:57+00:00","og_image":[{"width":1280,"height":853,"url":"https:\/\/fonasa.mindy.cl\/blog\/wp-content\/uploads\/2026\/02\/stocksnap-woman-2609115_1280.jpg","type":"image\/jpeg"}],"author":"estrategamkd@gmail.com","twitter_card":"summary_large_image","twitter_misc":{"Written by":"estrategamkd@gmail.com","Est. reading time":"11 minutos"},"schema":{"@context":"https:\/\/schema.org","@graph":[{"@type":"Article","@id":"https:\/\/fonasa.mindy.cl\/blog\/depresion-psicotica-comprendiendo-el-quiebre-con-la-realidad\/#article","isPartOf":{"@id":"https:\/\/fonasa.mindy.cl\/blog\/depresion-psicotica-comprendiendo-el-quiebre-con-la-realidad\/"},"author":{"name":"estrategamkd@gmail.com","@id":"https:\/\/fonasa.mindy.cl\/blog\/#\/schema\/person\/fa87761528fa733079f7f77181252f28"},"headline":"Depresi\u00f3n psic\u00f3tica: Comprendiendo el quiebre con la realidad","datePublished":"2026-02-13T14:35:49+00:00","dateModified":"2026-03-24T19:46:57+00:00","mainEntityOfPage":{"@id":"https:\/\/fonasa.mindy.cl\/blog\/depresion-psicotica-comprendiendo-el-quiebre-con-la-realidad\/"},"wordCount":2484,"publisher":{"@id":"https:\/\/fonasa.mindy.cl\/blog\/#organization"},"image":{"@id":"https:\/\/fonasa.mindy.cl\/blog\/depresion-psicotica-comprendiendo-el-quiebre-con-la-realidad\/#primaryimage"},"thumbnailUrl":"https:\/\/fonasa.mindy.cl\/blog\/wp-content\/uploads\/2026\/02\/stocksnap-woman-2609115_1280.jpg","articleSection":["Depresi\u00f3n","Trastornos"],"inLanguage":"es-CL"},{"@type":"WebPage","@id":"https:\/\/fonasa.mindy.cl\/blog\/depresion-psicotica-comprendiendo-el-quiebre-con-la-realidad\/","url":"https:\/\/fonasa.mindy.cl\/blog\/depresion-psicotica-comprendiendo-el-quiebre-con-la-realidad\/","name":"Depresi\u00f3n psic\u00f3tica: Comprendiendo el quiebre con la realidad - Mindy Fonasa Blog","isPartOf":{"@id":"https:\/\/fonasa.mindy.cl\/blog\/#website"},"primaryImageOfPage":{"@id":"https:\/\/fonasa.mindy.cl\/blog\/depresion-psicotica-comprendiendo-el-quiebre-con-la-realidad\/#primaryimage"},"image":{"@id":"https:\/\/fonasa.mindy.cl\/blog\/depresion-psicotica-comprendiendo-el-quiebre-con-la-realidad\/#primaryimage"},"thumbnailUrl":"https:\/\/fonasa.mindy.cl\/blog\/wp-content\/uploads\/2026\/02\/stocksnap-woman-2609115_1280.jpg","datePublished":"2026-02-13T14:35:49+00:00","dateModified":"2026-03-24T19:46:57+00:00","description":"Descubre qu\u00e9 es la depresi\u00f3n psic\u00f3tica, sus causas biol\u00f3gicas y c\u00f3mo tratarla. Encuentra apoyo especializado en Fonasa Mindy.","breadcrumb":{"@id":"https:\/\/fonasa.mindy.cl\/blog\/depresion-psicotica-comprendiendo-el-quiebre-con-la-realidad\/#breadcrumb"},"inLanguage":"es-CL","potentialAction":[{"@type":"ReadAction","target":["https:\/\/fonasa.mindy.cl\/blog\/depresion-psicotica-comprendiendo-el-quiebre-con-la-realidad\/"]}]},{"@type":"ImageObject","inLanguage":"es-CL","@id":"https:\/\/fonasa.mindy.cl\/blog\/depresion-psicotica-comprendiendo-el-quiebre-con-la-realidad\/#primaryimage","url":"https:\/\/fonasa.mindy.cl\/blog\/wp-content\/uploads\/2026\/02\/stocksnap-woman-2609115_1280.jpg","contentUrl":"https:\/\/fonasa.mindy.cl\/blog\/wp-content\/uploads\/2026\/02\/stocksnap-woman-2609115_1280.jpg","width":1280,"height":853,"caption":"depresi\u00f3n psic\u00f3tica"},{"@type":"BreadcrumbList","@id":"https:\/\/fonasa.mindy.cl\/blog\/depresion-psicotica-comprendiendo-el-quiebre-con-la-realidad\/#breadcrumb","itemListElement":[{"@type":"ListItem","position":1,"name":"Home","item":"https:\/\/fonasa.mindy.cl\/blog\/"},{"@type":"ListItem","position":2,"name":"Depresi\u00f3n psic\u00f3tica: Comprendiendo el quiebre con la realidad"}]},{"@type":"WebSite","@id":"https:\/\/fonasa.mindy.cl\/blog\/#website","url":"https:\/\/fonasa.mindy.cl\/blog\/","name":"Mindy Fonasa Blog","description":"Un blog de salud mental","publisher":{"@id":"https:\/\/fonasa.mindy.cl\/blog\/#organization"},"potentialAction":[{"@type":"SearchAction","target":{"@type":"EntryPoint","urlTemplate":"https:\/\/fonasa.mindy.cl\/blog\/?s={search_term_string}"},"query-input":"required name=search_term_string"}],"inLanguage":"es-CL"},{"@type":"Organization","@id":"https:\/\/fonasa.mindy.cl\/blog\/#organization","name":"Mindy Fonasa Blog","url":"https:\/\/fonasa.mindy.cl\/blog\/","logo":{"@type":"ImageObject","inLanguage":"es-CL","@id":"https:\/\/fonasa.mindy.cl\/blog\/#\/schema\/logo\/image\/","url":"https:\/\/fonasa.mindy.cl\/blog\/wp-content\/uploads\/2024\/07\/logo_cuadrado.png","contentUrl":"https:\/\/fonasa.mindy.cl\/blog\/wp-content\/uploads\/2024\/07\/logo_cuadrado.png","width":300,"height":300,"caption":"Mindy Fonasa Blog"},"image":{"@id":"https:\/\/fonasa.mindy.cl\/blog\/#\/schema\/logo\/image\/"}},{"@type":"Person","@id":"https:\/\/fonasa.mindy.cl\/blog\/#\/schema\/person\/fa87761528fa733079f7f77181252f28","name":"estrategamkd@gmail.com","url":"https:\/\/fonasa.mindy.cl\/blog\/author\/estrategamkdgmail-com\/"}]}},"_links":{"self":[{"href":"https:\/\/fonasa.mindy.cl\/blog\/wp-json\/wp\/v2\/posts\/1375"}],"collection":[{"href":"https:\/\/fonasa.mindy.cl\/blog\/wp-json\/wp\/v2\/posts"}],"about":[{"href":"https:\/\/fonasa.mindy.cl\/blog\/wp-json\/wp\/v2\/types\/post"}],"author":[{"embeddable":true,"href":"https:\/\/fonasa.mindy.cl\/blog\/wp-json\/wp\/v2\/users\/3"}],"replies":[{"embeddable":true,"href":"https:\/\/fonasa.mindy.cl\/blog\/wp-json\/wp\/v2\/comments?post=1375"}],"version-history":[{"count":5,"href":"https:\/\/fonasa.mindy.cl\/blog\/wp-json\/wp\/v2\/posts\/1375\/revisions"}],"predecessor-version":[{"id":1696,"href":"https:\/\/fonasa.mindy.cl\/blog\/wp-json\/wp\/v2\/posts\/1375\/revisions\/1696"}],"wp:featuredmedia":[{"embeddable":true,"href":"https:\/\/fonasa.mindy.cl\/blog\/wp-json\/wp\/v2\/media\/1377"}],"wp:attachment":[{"href":"https:\/\/fonasa.mindy.cl\/blog\/wp-json\/wp\/v2\/media?parent=1375"}],"wp:term":[{"taxonomy":"category","embeddable":true,"href":"https:\/\/fonasa.mindy.cl\/blog\/wp-json\/wp\/v2\/categories?post=1375"},{"taxonomy":"post_tag","embeddable":true,"href":"https:\/\/fonasa.mindy.cl\/blog\/wp-json\/wp\/v2\/tags?post=1375"}],"curies":[{"name":"wp","href":"https:\/\/api.w.org\/{rel}","templated":true}]}}