{"id":1363,"date":"2026-02-13T11:01:46","date_gmt":"2026-02-13T14:01:46","guid":{"rendered":"https:\/\/fonasa.mindy.cl\/blog\/?p=1363"},"modified":"2026-03-24T16:08:17","modified_gmt":"2026-03-24T19:08:17","slug":"trastorno-de-ansiedad-social","status":"publish","type":"post","link":"https:\/\/fonasa.mindy.cl\/blog\/trastorno-de-ansiedad-social\/","title":{"rendered":"Trastorno de ansiedad social: Cuando el miedo a ser juzgado te paraliza"},"content":{"rendered":"\n<p>Imagina que entras a una sala de reuniones, a una fiesta o simplemente a la fila del supermercado y sientes que todas las miradas est\u00e1n puestas en ti. Tu coraz\u00f3n se acelera, las manos te sudan, sientes que te sonrojas y un pensamiento recurrente te invade: &#8220;Est\u00e1n evaluando cada cosa que hago&#8221;, &#8220;Van a notar que estoy nervioso&#8221;, &#8220;Seguro piensan que soy raro&#8221;. Tal vez has llegado al punto de rechazar invitaciones, evitar hablar en p\u00fablico o incluso callar en conversaciones por miedo a decir algo &#8220;incorrecto&#8221;. Si esto te suena familiar, es posible que est\u00e9s experimentando algo m\u00e1s que timidez. Podr\u00edas estar viviendo con <strong>trastorno de ansiedad social<\/strong>.<\/p>\n\n\n\n<p>Este art\u00edculo, basado en la evidencia cient\u00edfica actual, te ayudar\u00e1 a entender qu\u00e9 es realmente este trastorno, por qu\u00e9 ocurre y, lo m\u00e1s importante, que hay caminos efectivos para superarlo. No est\u00e1s solo y, aunque hoy el miedo parezca incontrolable, recuperar tu libertad social es posible.<\/p>\n\n\n\n<h2 class=\"wp-block-heading has-x-large-font-size\">Trastorno de ansiedad social: Derribando los mitos m\u00e1s comunes sobre el miedo a los dem\u00e1s<\/h2>\n\n\n\n<p>Si hay un tema lleno de malentendidos, es el <strong>trastorno de ansiedad social<\/strong>. La gente suele confundirlo con timidez, con ser &#8220;antisocial&#8221; o simplemente con &#8220;ser flojo para relacionarse&#8221;. Estos mitos no solo son injustos, sino que tambi\u00e9n impiden que quienes lo padecen, espe3cialmente la <strong><a href=\"https:\/\/fonasa.mindy.cl\/blog\/ansiedad-en-adolescentes\/\">ansiedad en adolescentes<\/a><\/strong>, busquen la ayuda que necesitan, conden\u00e1ndolos a a\u00f1os de sufrimiento silencioso. Vamos a desmontar, uno por uno, los mitos m\u00e1s extendidos y a reemplazarlos con lo que la ciencia realmente nos dice. Te recomendamos leer que son las<strong><a href=\"https:\/\/fonasa.mindy.cl\/blog\/fobias-sociales\/\"> fobias sociales<\/a><\/strong>.<\/p>\n\n\n\n<figure class=\"wp-block-image alignwide size-full\"><img loading=\"lazy\" decoding=\"async\" width=\"640\" height=\"427\" src=\"https:\/\/fonasa.mindy.cl\/blog\/wp-content\/uploads\/2026\/02\/pexels-mart-production-8458989.jpg\" alt=\"Trastorno de ansiedad social\" class=\"wp-image-1366\"\/><\/figure>\n\n\n\n<h2 class=\"wp-block-heading has-x-large-font-size\">Trastorno de ansiedad social: \u00bfQu\u00e9 creemos vs. qu\u00e9 es?<\/h2>\n\n\n\n<p>Antes de entrar en los mitos, es fundamental tener una definici\u00f3n clara. El <strong>trastorno de ansiedad social<\/strong> (tambi\u00e9n conocido como fobia social) es mucho m\u00e1s que sentir nervios en una fiesta. Es un miedo intenso y persistente a una o m\u00e1s situaciones sociales en las que la persona est\u00e1 expuesta a la posible evaluaci\u00f3n de los dem\u00e1s. El temor profundo es actuar de manera que resulte humillante o vergonzosa, o mostrar s\u00edntomas de ansiedad (como sonrojarse, temblar o sudar) que ser\u00e1n juzgados negativamente.<\/p>\n\n\n\n<p>Este miedo no es racional ni proporcional a la amenaza real. La persona sabe, en el fondo, que su reacci\u00f3n es exagerada, pero se siente completamente incapaz de controlarla. Y lo m\u00e1s importante: este temor <strong>interfiere significativamente<\/strong> en su rutina diaria, su vida laboral, sus relaciones o su bienestar general.<\/p>\n\n\n\n<p>Ahora s\u00ed, desmontemos los mitos.<\/p>\n\n\n\n<h3 class=\"wp-block-heading has-large-font-size\">Mito 1: &#8220;El trastorno de ansiedad social es solo timidez, con el tiempo se le pasa&#8221;<\/h3>\n\n\n\n<p><strong>Realidad:<\/strong> La timidez es un rasgo de personalidad. Puede hacer que alguien se sienta un poco inc\u00f3modo al conocer gente nueva, pero no le impide vivir su vida. El <strong>trastorno de ansiedad social<\/strong> es una <strong>condici\u00f3n de salud mental cl\u00ednicamente significativa<\/strong>. No es algo que &#8220;se le pase&#8221; con el tiempo o &#8220;ech\u00e1ndole m\u00e1s ganas&#8221;. Sin tratamiento, tiende a cronificarse y, a menudo, empeora, llevando a la persona al aislamiento total y, en muchos casos, a desarrollar depresi\u00f3n u otros trastornos de ansiedad.<\/p>\n\n\n\n<p>La diferencia clave est\u00e1 en el <strong>deterioro<\/strong>. Mientras que una persona t\u00edmida puede sentir nervios pero asistir a la reuni\u00f3n, alguien con trastorno de ansiedad social probablemente la evitar\u00e1, y si asiste, lo pasar\u00e1 tan mal que pasar\u00e1 d\u00edas rumiando sobre lo que &#8220;hizo mal&#8221;.<\/p>\n\n\n\n<h3 class=\"wp-block-heading has-large-font-size\">Mito 2: &#8220;La gente con ansiedad social es antisocial o no le gusta estar con otros&#8221;<\/h3>\n\n\n\n<p><strong>Realidad:<\/strong> Este es quiz\u00e1s el mito m\u00e1s doloroso. Las personas con <strong>trastorno de ansiedad social<\/strong>, en el fondo, <strong>desean profundamente conectar con los dem\u00e1s<\/strong>. Anhelan tener amigos, pareja y una vida social plena. El problema no es que no quieran, sino que el <strong>miedo es paralizante<\/strong>.<\/p>\n\n\n\n<p>Imagina querer desesperadamente comer un plato de comida, pero cada vez que te acercas, recibes una descarga el\u00e9ctrica. Eventualmente, evitar\u00e1s la comida, no porque no te guste, sino por el dolor que anticipas. As\u00ed funciona la ansiedad social: el miedo al rechazo, a la humillaci\u00f3n o al juicio es tan intenso que la evitaci\u00f3n se convierte en la \u00fanica forma de &#8220;protegerse&#8221;, aunque eso signifique una soledad no deseada.<\/p>\n\n\n\n<h3 class=\"wp-block-heading has-large-font-size\">Mito 3: &#8220;Solo pasa con desconocidos o al hablar en p\u00fablico&#8221;<\/h3>\n\n\n\n<p><strong>Realidad:<\/strong> Si bien hablar en p\u00fablico o conocer gente nueva son situaciones t\u00edpicamente temidas, el <strong>trastorno de ansiedad social<\/strong> puede extenderse a contextos mucho m\u00e1s cotidianos y con personas conocidas. Para muchos, el miedo persiste incluso con amigos cercanos o familiares. Algunas situaciones comunes que desatan ansiedad incluyen:<\/p>\n\n\n\n<ul>\n<li>Comer o beber delante de otros.<\/li>\n\n\n\n<li>Escribir o firmar un documento en p\u00fablico (por miedo a que les tiemblen las manos).<\/li>\n\n\n\n<li>Usar un tel\u00e9fono p\u00fablico o atender una llamada si hay alguien cerca.<\/li>\n\n\n\n<li>Ir a fiestas, reuniones o incluso al mall los fines de semana.<\/li>\n\n\n\n<li>Ser el centro de atenci\u00f3n, aunque sea para que le digan &#8220;feliz cumplea\u00f1os&#8221;.<\/li>\n\n\n\n<li>Iniciar o mantener conversaciones.<\/li>\n<\/ul>\n\n\n\n<h3 class=\"wp-block-heading has-large-font-size\">Mito 4: &#8220;Si te enfrentas a tus miedos, el trastorno de ansiedad social se te quitar\u00e1 solo&#8221;<\/h3>\n\n\n\n<p><strong>Realidad:<\/strong> Este consejo, aunque bienintencionado, puede ser contraproducente si no se hace de la manera correcta. Es cierto que la <strong>exposici\u00f3n<\/strong> es una parte fundamental del tratamiento, pero tiene que ser <strong>gradual, sistem\u00e1tica y guiada<\/strong>. Lanzar a alguien con ansiedad social a una fiesta multitudinaria sin herramientas previas es como pedirle a alguien que no sabe nadar que se tire a la parte m\u00e1s profunda de la piscina. Lo m\u00e1s probable es que la experiencia sea tan traum\u00e1tica que refuerce a\u00fan m\u00e1s el miedo (lo que se conoce como <strong>evitaci\u00f3n<\/strong>).<\/p>\n\n\n\n<p>La exposici\u00f3n terap\u00e9utica, como la que se hace en la <strong>Terapia Cognitivo-Conductual<\/strong>, se construye paso a paso. Primero, situaciones que generan ansiedad baja, y cuando esas se dominan, se sube un pelda\u00f1o m\u00e1s, siempre aprendiendo estrategias para manejar la ansiedad en el proceso.<\/p>\n\n\n\n<h2 class=\"wp-block-heading has-x-large-font-size\">\u00bfC\u00f3mo s\u00e9 si tengo trastorno de ansiedad social?<\/h2>\n\n\n\n<p>Si te has sentido identificado con las realidades m\u00e1s que con los mitos, es probable que te preguntes si lo que sientes califica para un diagn\u00f3stico. Los s\u00edntomas del <strong>trastorno de ansiedad social<\/strong> se manifiestan en tres \u00e1reas:<\/p>\n\n\n\n<h3 class=\"wp-block-heading has-large-font-size\">S\u00edntomas emocionales y cognitivos<\/h3>\n\n\n\n<ul>\n<li><strong>Miedo intenso<\/strong> a ser juzgado, evaluado negativamente o rechazado.<\/li>\n\n\n\n<li><strong>Preocupaci\u00f3n excesiva<\/strong> durante d\u00edas o semanas antes de un evento social temido.<\/li>\n\n\n\n<li><strong>An\u00e1lisis post-evento:<\/strong> Pasar horas o d\u00edas repasando mentalmente la interacci\u00f3n, enfoc\u00e1ndose en lo que se hizo &#8220;mal&#8221; o en gestos que podr\u00edan haber sido malinterpretados.<\/li>\n\n\n\n<li><strong>Pensamientos autom\u00e1ticos negativos:<\/strong> &#8220;Van a pensar que soy aburrido&#8221;, &#8220;Seguro notaron que temblaba&#8221;, &#8220;Soy un fracaso social&#8221;.<\/li>\n<\/ul>\n\n\n\n<h3 class=\"wp-block-heading has-large-font-size\">S\u00edntomas f\u00edsicos<\/h3>\n\n\n\n<p>El cuerpo reacciona como si estuviera en peligro real (la respuesta de &#8220;lucha o huida&#8221;):<\/p>\n\n\n\n<ul>\n<li>Taquicardia y palpitaciones.<\/li>\n\n\n\n<li>Sudoraci\u00f3n excesiva.<\/li>\n\n\n\n<li>Temblores en manos o voz.<\/li>\n\n\n\n<li>Rubor facial (sonrojo).<\/li>\n\n\n\n<li>N\u00e1useas o malestar estomacal.<\/li>\n\n\n\n<li>Sensaci\u00f3n de &#8220;mente en blanco&#8221;.<\/li>\n\n\n\n<li>Dificultad para respirar.<\/li>\n<\/ul>\n\n\n\n<h3 class=\"wp-block-heading has-large-font-size\">S\u00edntomas conductuales del trastorno de ansiedad social<\/h3>\n\n\n\n<ul>\n<li><strong>Evitaci\u00f3n:<\/strong> Es el sello distintivo. Evitar situaciones sociales, hablar en p\u00fablico, reuniones, o incluso salir a la calle en horas punta.<\/li>\n\n\n\n<li><strong>Conductas de seguridad:<\/strong> Si no se puede evitar la situaci\u00f3n, se usan &#8220;muletas&#8221; para sentirse m\u00e1s seguro, como mirar el celular constantemente, no hablar, sentarse en un rinc\u00f3n, ir acompa\u00f1ado de alguien de confianza o beber alcohol para &#8220;relajarse&#8221; (lo cual es muy peligroso).<\/li>\n<\/ul>\n\n\n\n<h2 class=\"wp-block-heading has-x-large-font-size\">Tratamiento basado en evidencia: c\u00f3mo dejar atr\u00e1s los mitos<\/h2>\n\n\n\n<figure class=\"wp-block-image alignwide size-full\"><img loading=\"lazy\" decoding=\"async\" width=\"640\" height=\"427\" src=\"https:\/\/fonasa.mindy.cl\/blog\/wp-content\/uploads\/2026\/02\/pexels-keira-burton-6147132.jpg\" alt=\"Trastorno de ansiedad social\" class=\"wp-image-1367\"\/><\/figure>\n\n\n\n<p>La buena noticia es que el <strong>trastorno de ansiedad social<\/strong> es uno de los trastornos de ansiedad con <strong>mejor pron\u00f3stico<\/strong> si se trata adecuadamente. Olv\u00eddate de los mitos de &#8220;forzarse a s\u00ed mismo&#8221; o &#8220;esperar a que pase&#8221;. El camino real es otro.<\/p>\n\n\n\n<h3 class=\"wp-block-heading has-large-font-size\">1. Psicoterapia: El pilar fundamental<\/h3>\n\n\n\n<p>La <strong>Terapia Cognitivo-Conductual (TCC)<\/strong> es el tratamiento de primera l\u00ednea con mayor respaldo cient\u00edfico. En TCC aprender\u00e1s a:<\/p>\n\n\n\n<ul>\n<li><strong>Identificar y desafiar los pensamientos distorsionados:<\/strong> Cuestionar\u00e1s esas predicciones catastr\u00f3ficas (&#8220;todos se van a re\u00edr de m\u00ed&#8221;) y aprender\u00e1s a ver las situaciones sociales de una manera m\u00e1s realista y equilibrada.<\/li>\n\n\n\n<li><strong>Enfrentar tus miedos de forma gradual:<\/strong> Junto a tu terapeuta, construir\u00e1s una &#8220;escalera de exposici\u00f3n&#8221;. Empezar\u00e1s por situaciones que te generen poca ansiedad (ej. hacer una pregunta corta en una tienda) y, con la pr\u00e1ctica, ir\u00e1s subiendo pelda\u00f1os (ej. mantener una conversaci\u00f3n breve con un compa\u00f1ero de trabajo). Cada \u00e9xito construye confianza.<\/li>\n\n\n\n<li><strong>Entrenamiento en habilidades sociales:<\/strong> Para quienes sienten que no saben c\u00f3mo interactuar, la terapia puede incluir pr\u00e1ctica de conversaci\u00f3n, asertividad y lenguaje no verbal en un entorno seguro.<\/li>\n\n\n\n<li><strong>Reducir las conductas de seguridad:<\/strong> Aprender\u00e1s a soltar esas &#8220;muletas&#8221; (como el celular) que te dan una falsa sensaci\u00f3n de seguridad pero que, a la larga, mantienen el problema.<\/li>\n<\/ul>\n\n\n\n<h3 class=\"wp-block-heading has-large-font-size\">2. Medicaci\u00f3n (si es necesaria)<\/h3>\n\n\n\n<p>En casos de ansiedad moderada a severa, un <strong>psiquiatra<\/strong> puede evaluar la posibilidad de complementar la terapia con medicamentos, generalmente <strong>Inhibidores Selectivos de la Recaptaci\u00f3n de Serotonina (ISRS)<\/strong>. Estos f\u00e1rmacos ayudan a regular la qu\u00edmica cerebral, reduciendo el nivel basal de ansiedad y facilitando el trabajo en terapia. Nunca son una soluci\u00f3n m\u00e1gica por s\u00ed solos, pero pueden ser un gran apoyo.<\/p>\n\n\n\n<h3 class=\"wp-block-heading has-large-font-size\">3. Cambios en el estilo de vida<\/h3>\n\n\n\n<ul>\n<li><strong>Ejercicio regular:<\/strong> Ayuda a quemar el exceso de energ\u00eda nerviosa y libera endorfinas.<\/li>\n\n\n\n<li><strong>Reducir cafe\u00edna y alcohol:<\/strong> La cafe\u00edna puede exacerbar los s\u00edntomas f\u00edsicos (palpitaciones), y el alcohol, aunque parezca relajar en el momento, es un depresor del sistema nervioso que empeora la ansiedad a largo plazo.<\/li>\n\n\n\n<li><strong>Mindfulness:<\/strong> Aprender a anclarse en el presente (en lugar de en los pensamientos catastr\u00f3ficos sobre el futuro) es una herramienta muy poderosa.<\/li>\n<\/ul>\n\n\n\n<h2 class=\"wp-block-heading has-x-large-font-size\">Fonasa Mindy: Un espacio seguro para vencer la ansiedad social<\/h2>\n\n\n\n<p>Para alguien con <strong>trastorno de ansiedad social<\/strong>, la idea de tener que ir a una consulta presencial, sentarse en una sala de espera y hablar cara a cara con un desconocido puede ser, en s\u00ed misma, una fuente de ansiedad paralizante. Es una barrera parad\u00f3jica: necesitas ayuda, pero el proceso para obtenerla te aterra.<\/p>\n\n\n\n<p>En <strong>Fonasa Mindy<\/strong> entendemos esta realidad a la perfecci\u00f3n. Por eso ofrecemos <strong>terapia psicol\u00f3gica online<\/strong>, un formato que elimina las barreras m\u00e1s intimidantes y te permite comenzar tu tratamiento desde un lugar donde te sientes seguro: tu hogar.<\/p>\n\n\n\n<h3 class=\"wp-block-heading has-large-font-size\">\u00bfC\u00f3mo puede ayudarte Fonasa Mindy espec\u00edficamente?<\/h3>\n\n\n\n<ul>\n<li><strong>Empieza desde tu zona segura:<\/strong> Puedes tener tu primera sesi\u00f3n en tu living, en tu pieza, o en cualquier espacio donde te sientas tranquilo. Sin miradas, sin salas de espera, sin el estr\u00e9s del traslado.<\/li>\n\n\n\n<li><strong>Terapia Cognitivo-Conductual especializada:<\/strong> Nuestros psic\u00f3logos est\u00e1n entrenados en TCC para la ansiedad social. Te guiar\u00e1n en la construcci\u00f3n de tu escalera de exposici\u00f3n y en el desaf\u00edo de tus pensamientos negativos, todo a trav\u00e9s de videollamada.<\/li>\n\n\n\n<li><strong>Exposici\u00f3n gradual desde el inicio:<\/strong> La terapia online permite pr\u00e1cticas de exposici\u00f3n muy creativas. Por ejemplo, tu terapeuta podr\u00eda pedirte, durante la sesi\u00f3n, que hagas una llamada telef\u00f3nica breve o que inicies un chat, mientras \u00e9l o ella te acompa\u00f1a y gu\u00eda en tiempo real.<\/li>\n\n\n\n<li><strong>Accesibilidad con Fonasa:<\/strong> Puedes acceder a nuestros servicios utilizando tu cobertura de <strong>Fonasa<\/strong>, sin listas de espera y con horarios flexibles que se adaptan a tu rutina.<\/li>\n\n\n\n<li><strong>Sin necesidad de &#8220;presentarte&#8221; f\u00edsicamente:<\/strong> La distancia que proporciona la pantalla puede, parad\u00f3jicamente, ayudar a que te sientas menos expuesto en las primeras sesiones, facilitando que te abras con m\u00e1s confianza.<\/li>\n<\/ul>\n\n\n\n<h3 class=\"wp-block-heading has-large-font-size\">Conoce nuestros especialistas y agenda tu primera sesi\u00f3n <\/h3>\n\n\n\n<p>El primer paso para recuperar tu libertad es el m\u00e1s dif\u00edcil, pero tambi\u00e9n el m\u00e1s importante. No dejes que el miedo te siga alejando de la vida que quieres vivir. Conoce a nuestros especialistas y agenda tu primera sesi\u00f3n en <a href=\"https:\/\/fonasa.mindy.cl\/psicologos.php#\/\"><strong>Psic\u00f3logos online Fonasa Mindy<\/strong><\/a>.<\/p>\n\n\n\n<p>El <strong>trastorno de ansiedad social<\/strong> se alimenta de mitos y del silencio. Te hace creer que eres el \u00fanico que se siente as\u00ed y que no hay salida. Pero la verdad es muy distinta: es una condici\u00f3n m\u00e9dica real, con bases biol\u00f3gicas y psicol\u00f3gicas, y cuenta con tratamientos altamente efectivos. Derribar los mitos es el primer acto de rebeld\u00eda contra el miedo. El segundo, y m\u00e1s importante, es buscar la ayuda que mereces. Recuerda que la timidez puede ser un rasgo, pero vivir con miedo no tiene por qu\u00e9 ser tu identidad. En <a href=\"https:\/\/fonasa.mindy.cl\/#\/\"><strong>Fonasa Mindy<\/strong><\/a> estamos aqu\u00ed para acompa\u00f1arte, sin juicios y con la evidencia cient\u00edfica como gu\u00eda, en tu camino hacia una vida social m\u00e1s plena y libre.<\/p>\n\n\n\n<p><em>Para m\u00e1s recursos y art\u00edculos sobre salud mental, te invitamos a visitar<\/em> nuestra plataforma de Psicolog\u00eda online <a href=\"https:\/\/mindy.cl\/\"><strong>Mindy<\/strong><\/a><em>, tu comunidad de bienestar emocional.<\/em><\/p>\n\n\n\n<h2 class=\"wp-block-heading has-x-large-font-size\">\u00bfC\u00f3mo te sientes hoy? Mide tu nivel de ansiedad en minutos<\/h2>\n\n\n\n<p>Entender lo que est\u00e1s pasando es el primer paso para sentirte mejor. Hemos dise\u00f1ado un <strong>test r\u00e1pido de ansiedad<\/strong> que te ayudar\u00e1 a identificar tus s\u00edntomas y conectar con el profesional ideal para tu proceso. Haz clic en el siguiente enlace, completa el quiz y comienza tu camino hacia el bienestar con el respaldo de Fonasa: <\/p>\n\n\n\n<p>\ud83d\udc49 <a href=\"https:\/\/form.typeform.com\/to\/nF2A9qZT\" target=\"_blank\" rel=\"noreferrer noopener\">Realizar el Quiz de Ansiedad<\/a><\/p>\n","protected":false},"excerpt":{"rendered":"<p>Imagina que entras a una sala de reuniones, a una fiesta o simplemente a la fila del supermercado y sientes que todas las miradas est\u00e1n puestas en ti. Tu coraz\u00f3n se acelera, las manos te sudan, sientes que te sonrojas y un pensamiento recurrente te invade: &#8220;Est\u00e1n evaluando cada cosa que hago&#8221;, &#8220;Van a notar [&hellip;]<\/p>\n","protected":false},"author":3,"featured_media":1365,"comment_status":"closed","ping_status":"closed","sticky":false,"template":"","format":"standard","meta":{"footnotes":""},"categories":[274,275],"tags":[],"yoast_head":"<!-- This site is optimized with the Yoast SEO plugin v23.0 - https:\/\/yoast.com\/wordpress\/plugins\/seo\/ -->\n<title>Trastorno de ansiedad social: El miedo a ser juzgado te paraliza<\/title>\n<meta name=\"description\" content=\"\u00bfSientes miedo intenso en situaciones sociales? Conoce el trastorno de ansiedad social, sus s\u00edntomas y c\u00f3mo la terapia puede ayudarte.\" \/>\n<meta name=\"robots\" content=\"index, follow, max-snippet:-1, max-image-preview:large, max-video-preview:-1\" \/>\n<link rel=\"canonical\" href=\"https:\/\/fonasa.mindy.cl\/blog\/trastorno-de-ansiedad-social\/\" \/>\n<meta property=\"og:locale\" content=\"es_ES\" \/>\n<meta property=\"og:type\" content=\"article\" \/>\n<meta property=\"og:title\" content=\"Trastorno de ansiedad social: El miedo a ser juzgado te paraliza\" \/>\n<meta property=\"og:description\" content=\"\u00bfSientes miedo intenso en situaciones sociales? Conoce el trastorno de ansiedad social, sus s\u00edntomas y c\u00f3mo la terapia puede ayudarte.\" \/>\n<meta property=\"og:url\" content=\"https:\/\/fonasa.mindy.cl\/blog\/trastorno-de-ansiedad-social\/\" \/>\n<meta property=\"og:site_name\" content=\"Mindy Fonasa Blog\" \/>\n<meta property=\"article:published_time\" content=\"2026-02-13T14:01:46+00:00\" \/>\n<meta property=\"article:modified_time\" content=\"2026-03-24T19:08:17+00:00\" \/>\n<meta property=\"og:image\" content=\"https:\/\/fonasa.mindy.cl\/blog\/wp-content\/uploads\/2026\/02\/pexels-yankrukov-7640789.jpg\" \/>\n\t<meta property=\"og:image:width\" content=\"640\" \/>\n\t<meta property=\"og:image:height\" content=\"512\" \/>\n\t<meta property=\"og:image:type\" content=\"image\/jpeg\" \/>\n<meta name=\"author\" content=\"estrategamkd@gmail.com\" \/>\n<meta name=\"twitter:card\" content=\"summary_large_image\" \/>\n<meta name=\"twitter:label1\" content=\"Written by\" \/>\n\t<meta name=\"twitter:data1\" content=\"estrategamkd@gmail.com\" \/>\n\t<meta name=\"twitter:label2\" content=\"Est. reading time\" \/>\n\t<meta name=\"twitter:data2\" content=\"11 minutos\" \/>\n<script type=\"application\/ld+json\" class=\"yoast-schema-graph\">{\"@context\":\"https:\/\/schema.org\",\"@graph\":[{\"@type\":\"Article\",\"@id\":\"https:\/\/fonasa.mindy.cl\/blog\/trastorno-de-ansiedad-social\/#article\",\"isPartOf\":{\"@id\":\"https:\/\/fonasa.mindy.cl\/blog\/trastorno-de-ansiedad-social\/\"},\"author\":{\"name\":\"estrategamkd@gmail.com\",\"@id\":\"https:\/\/fonasa.mindy.cl\/blog\/#\/schema\/person\/fa87761528fa733079f7f77181252f28\"},\"headline\":\"Trastorno de ansiedad social: Cuando el miedo a ser juzgado te paraliza\",\"datePublished\":\"2026-02-13T14:01:46+00:00\",\"dateModified\":\"2026-03-24T19:08:17+00:00\",\"mainEntityOfPage\":{\"@id\":\"https:\/\/fonasa.mindy.cl\/blog\/trastorno-de-ansiedad-social\/\"},\"wordCount\":2267,\"publisher\":{\"@id\":\"https:\/\/fonasa.mindy.cl\/blog\/#organization\"},\"image\":{\"@id\":\"https:\/\/fonasa.mindy.cl\/blog\/trastorno-de-ansiedad-social\/#primaryimage\"},\"thumbnailUrl\":\"https:\/\/fonasa.mindy.cl\/blog\/wp-content\/uploads\/2026\/02\/pexels-yankrukov-7640789.jpg\",\"articleSection\":[\"Ansiedad\",\"Trastornos\"],\"inLanguage\":\"es-CL\"},{\"@type\":\"WebPage\",\"@id\":\"https:\/\/fonasa.mindy.cl\/blog\/trastorno-de-ansiedad-social\/\",\"url\":\"https:\/\/fonasa.mindy.cl\/blog\/trastorno-de-ansiedad-social\/\",\"name\":\"Trastorno de ansiedad social: El miedo a ser juzgado te paraliza\",\"isPartOf\":{\"@id\":\"https:\/\/fonasa.mindy.cl\/blog\/#website\"},\"primaryImageOfPage\":{\"@id\":\"https:\/\/fonasa.mindy.cl\/blog\/trastorno-de-ansiedad-social\/#primaryimage\"},\"image\":{\"@id\":\"https:\/\/fonasa.mindy.cl\/blog\/trastorno-de-ansiedad-social\/#primaryimage\"},\"thumbnailUrl\":\"https:\/\/fonasa.mindy.cl\/blog\/wp-content\/uploads\/2026\/02\/pexels-yankrukov-7640789.jpg\",\"datePublished\":\"2026-02-13T14:01:46+00:00\",\"dateModified\":\"2026-03-24T19:08:17+00:00\",\"description\":\"\u00bfSientes miedo intenso en situaciones sociales? Conoce el trastorno de ansiedad social, sus s\u00edntomas y c\u00f3mo la terapia puede ayudarte.\",\"breadcrumb\":{\"@id\":\"https:\/\/fonasa.mindy.cl\/blog\/trastorno-de-ansiedad-social\/#breadcrumb\"},\"inLanguage\":\"es-CL\",\"potentialAction\":[{\"@type\":\"ReadAction\",\"target\":[\"https:\/\/fonasa.mindy.cl\/blog\/trastorno-de-ansiedad-social\/\"]}]},{\"@type\":\"ImageObject\",\"inLanguage\":\"es-CL\",\"@id\":\"https:\/\/fonasa.mindy.cl\/blog\/trastorno-de-ansiedad-social\/#primaryimage\",\"url\":\"https:\/\/fonasa.mindy.cl\/blog\/wp-content\/uploads\/2026\/02\/pexels-yankrukov-7640789.jpg\",\"contentUrl\":\"https:\/\/fonasa.mindy.cl\/blog\/wp-content\/uploads\/2026\/02\/pexels-yankrukov-7640789.jpg\",\"width\":640,\"height\":512,\"caption\":\"Trastorno de ansiedad social\"},{\"@type\":\"BreadcrumbList\",\"@id\":\"https:\/\/fonasa.mindy.cl\/blog\/trastorno-de-ansiedad-social\/#breadcrumb\",\"itemListElement\":[{\"@type\":\"ListItem\",\"position\":1,\"name\":\"Home\",\"item\":\"https:\/\/fonasa.mindy.cl\/blog\/\"},{\"@type\":\"ListItem\",\"position\":2,\"name\":\"Trastorno de ansiedad social: Cuando el miedo a ser juzgado te paraliza\"}]},{\"@type\":\"WebSite\",\"@id\":\"https:\/\/fonasa.mindy.cl\/blog\/#website\",\"url\":\"https:\/\/fonasa.mindy.cl\/blog\/\",\"name\":\"Mindy Fonasa Blog\",\"description\":\"Un blog de salud mental\",\"publisher\":{\"@id\":\"https:\/\/fonasa.mindy.cl\/blog\/#organization\"},\"potentialAction\":[{\"@type\":\"SearchAction\",\"target\":{\"@type\":\"EntryPoint\",\"urlTemplate\":\"https:\/\/fonasa.mindy.cl\/blog\/?s={search_term_string}\"},\"query-input\":\"required name=search_term_string\"}],\"inLanguage\":\"es-CL\"},{\"@type\":\"Organization\",\"@id\":\"https:\/\/fonasa.mindy.cl\/blog\/#organization\",\"name\":\"Mindy Fonasa Blog\",\"url\":\"https:\/\/fonasa.mindy.cl\/blog\/\",\"logo\":{\"@type\":\"ImageObject\",\"inLanguage\":\"es-CL\",\"@id\":\"https:\/\/fonasa.mindy.cl\/blog\/#\/schema\/logo\/image\/\",\"url\":\"https:\/\/fonasa.mindy.cl\/blog\/wp-content\/uploads\/2024\/07\/logo_cuadrado.png\",\"contentUrl\":\"https:\/\/fonasa.mindy.cl\/blog\/wp-content\/uploads\/2024\/07\/logo_cuadrado.png\",\"width\":300,\"height\":300,\"caption\":\"Mindy Fonasa Blog\"},\"image\":{\"@id\":\"https:\/\/fonasa.mindy.cl\/blog\/#\/schema\/logo\/image\/\"}},{\"@type\":\"Person\",\"@id\":\"https:\/\/fonasa.mindy.cl\/blog\/#\/schema\/person\/fa87761528fa733079f7f77181252f28\",\"name\":\"estrategamkd@gmail.com\",\"url\":\"https:\/\/fonasa.mindy.cl\/blog\/author\/estrategamkdgmail-com\/\"}]}<\/script>\n<!-- \/ Yoast SEO plugin. -->","yoast_head_json":{"title":"Trastorno de ansiedad social: El miedo a ser juzgado te paraliza","description":"\u00bfSientes miedo intenso en situaciones sociales? Conoce el trastorno de ansiedad social, sus s\u00edntomas y c\u00f3mo la terapia puede ayudarte.","robots":{"index":"index","follow":"follow","max-snippet":"max-snippet:-1","max-image-preview":"max-image-preview:large","max-video-preview":"max-video-preview:-1"},"canonical":"https:\/\/fonasa.mindy.cl\/blog\/trastorno-de-ansiedad-social\/","og_locale":"es_ES","og_type":"article","og_title":"Trastorno de ansiedad social: El miedo a ser juzgado te paraliza","og_description":"\u00bfSientes miedo intenso en situaciones sociales? Conoce el trastorno de ansiedad social, sus s\u00edntomas y c\u00f3mo la terapia puede ayudarte.","og_url":"https:\/\/fonasa.mindy.cl\/blog\/trastorno-de-ansiedad-social\/","og_site_name":"Mindy Fonasa Blog","article_published_time":"2026-02-13T14:01:46+00:00","article_modified_time":"2026-03-24T19:08:17+00:00","og_image":[{"width":640,"height":512,"url":"https:\/\/fonasa.mindy.cl\/blog\/wp-content\/uploads\/2026\/02\/pexels-yankrukov-7640789.jpg","type":"image\/jpeg"}],"author":"estrategamkd@gmail.com","twitter_card":"summary_large_image","twitter_misc":{"Written by":"estrategamkd@gmail.com","Est. reading time":"11 minutos"},"schema":{"@context":"https:\/\/schema.org","@graph":[{"@type":"Article","@id":"https:\/\/fonasa.mindy.cl\/blog\/trastorno-de-ansiedad-social\/#article","isPartOf":{"@id":"https:\/\/fonasa.mindy.cl\/blog\/trastorno-de-ansiedad-social\/"},"author":{"name":"estrategamkd@gmail.com","@id":"https:\/\/fonasa.mindy.cl\/blog\/#\/schema\/person\/fa87761528fa733079f7f77181252f28"},"headline":"Trastorno de ansiedad social: Cuando el miedo a ser juzgado te paraliza","datePublished":"2026-02-13T14:01:46+00:00","dateModified":"2026-03-24T19:08:17+00:00","mainEntityOfPage":{"@id":"https:\/\/fonasa.mindy.cl\/blog\/trastorno-de-ansiedad-social\/"},"wordCount":2267,"publisher":{"@id":"https:\/\/fonasa.mindy.cl\/blog\/#organization"},"image":{"@id":"https:\/\/fonasa.mindy.cl\/blog\/trastorno-de-ansiedad-social\/#primaryimage"},"thumbnailUrl":"https:\/\/fonasa.mindy.cl\/blog\/wp-content\/uploads\/2026\/02\/pexels-yankrukov-7640789.jpg","articleSection":["Ansiedad","Trastornos"],"inLanguage":"es-CL"},{"@type":"WebPage","@id":"https:\/\/fonasa.mindy.cl\/blog\/trastorno-de-ansiedad-social\/","url":"https:\/\/fonasa.mindy.cl\/blog\/trastorno-de-ansiedad-social\/","name":"Trastorno de ansiedad social: El miedo a ser juzgado te paraliza","isPartOf":{"@id":"https:\/\/fonasa.mindy.cl\/blog\/#website"},"primaryImageOfPage":{"@id":"https:\/\/fonasa.mindy.cl\/blog\/trastorno-de-ansiedad-social\/#primaryimage"},"image":{"@id":"https:\/\/fonasa.mindy.cl\/blog\/trastorno-de-ansiedad-social\/#primaryimage"},"thumbnailUrl":"https:\/\/fonasa.mindy.cl\/blog\/wp-content\/uploads\/2026\/02\/pexels-yankrukov-7640789.jpg","datePublished":"2026-02-13T14:01:46+00:00","dateModified":"2026-03-24T19:08:17+00:00","description":"\u00bfSientes miedo intenso en situaciones sociales? Conoce el trastorno de ansiedad social, sus s\u00edntomas y c\u00f3mo la terapia puede ayudarte.","breadcrumb":{"@id":"https:\/\/fonasa.mindy.cl\/blog\/trastorno-de-ansiedad-social\/#breadcrumb"},"inLanguage":"es-CL","potentialAction":[{"@type":"ReadAction","target":["https:\/\/fonasa.mindy.cl\/blog\/trastorno-de-ansiedad-social\/"]}]},{"@type":"ImageObject","inLanguage":"es-CL","@id":"https:\/\/fonasa.mindy.cl\/blog\/trastorno-de-ansiedad-social\/#primaryimage","url":"https:\/\/fonasa.mindy.cl\/blog\/wp-content\/uploads\/2026\/02\/pexels-yankrukov-7640789.jpg","contentUrl":"https:\/\/fonasa.mindy.cl\/blog\/wp-content\/uploads\/2026\/02\/pexels-yankrukov-7640789.jpg","width":640,"height":512,"caption":"Trastorno de ansiedad social"},{"@type":"BreadcrumbList","@id":"https:\/\/fonasa.mindy.cl\/blog\/trastorno-de-ansiedad-social\/#breadcrumb","itemListElement":[{"@type":"ListItem","position":1,"name":"Home","item":"https:\/\/fonasa.mindy.cl\/blog\/"},{"@type":"ListItem","position":2,"name":"Trastorno de ansiedad social: Cuando el miedo a ser juzgado te paraliza"}]},{"@type":"WebSite","@id":"https:\/\/fonasa.mindy.cl\/blog\/#website","url":"https:\/\/fonasa.mindy.cl\/blog\/","name":"Mindy Fonasa Blog","description":"Un blog de salud mental","publisher":{"@id":"https:\/\/fonasa.mindy.cl\/blog\/#organization"},"potentialAction":[{"@type":"SearchAction","target":{"@type":"EntryPoint","urlTemplate":"https:\/\/fonasa.mindy.cl\/blog\/?s={search_term_string}"},"query-input":"required name=search_term_string"}],"inLanguage":"es-CL"},{"@type":"Organization","@id":"https:\/\/fonasa.mindy.cl\/blog\/#organization","name":"Mindy Fonasa Blog","url":"https:\/\/fonasa.mindy.cl\/blog\/","logo":{"@type":"ImageObject","inLanguage":"es-CL","@id":"https:\/\/fonasa.mindy.cl\/blog\/#\/schema\/logo\/image\/","url":"https:\/\/fonasa.mindy.cl\/blog\/wp-content\/uploads\/2024\/07\/logo_cuadrado.png","contentUrl":"https:\/\/fonasa.mindy.cl\/blog\/wp-content\/uploads\/2024\/07\/logo_cuadrado.png","width":300,"height":300,"caption":"Mindy Fonasa Blog"},"image":{"@id":"https:\/\/fonasa.mindy.cl\/blog\/#\/schema\/logo\/image\/"}},{"@type":"Person","@id":"https:\/\/fonasa.mindy.cl\/blog\/#\/schema\/person\/fa87761528fa733079f7f77181252f28","name":"estrategamkd@gmail.com","url":"https:\/\/fonasa.mindy.cl\/blog\/author\/estrategamkdgmail-com\/"}]}},"_links":{"self":[{"href":"https:\/\/fonasa.mindy.cl\/blog\/wp-json\/wp\/v2\/posts\/1363"}],"collection":[{"href":"https:\/\/fonasa.mindy.cl\/blog\/wp-json\/wp\/v2\/posts"}],"about":[{"href":"https:\/\/fonasa.mindy.cl\/blog\/wp-json\/wp\/v2\/types\/post"}],"author":[{"embeddable":true,"href":"https:\/\/fonasa.mindy.cl\/blog\/wp-json\/wp\/v2\/users\/3"}],"replies":[{"embeddable":true,"href":"https:\/\/fonasa.mindy.cl\/blog\/wp-json\/wp\/v2\/comments?post=1363"}],"version-history":[{"count":7,"href":"https:\/\/fonasa.mindy.cl\/blog\/wp-json\/wp\/v2\/posts\/1363\/revisions"}],"predecessor-version":[{"id":1670,"href":"https:\/\/fonasa.mindy.cl\/blog\/wp-json\/wp\/v2\/posts\/1363\/revisions\/1670"}],"wp:featuredmedia":[{"embeddable":true,"href":"https:\/\/fonasa.mindy.cl\/blog\/wp-json\/wp\/v2\/media\/1365"}],"wp:attachment":[{"href":"https:\/\/fonasa.mindy.cl\/blog\/wp-json\/wp\/v2\/media?parent=1363"}],"wp:term":[{"taxonomy":"category","embeddable":true,"href":"https:\/\/fonasa.mindy.cl\/blog\/wp-json\/wp\/v2\/categories?post=1363"},{"taxonomy":"post_tag","embeddable":true,"href":"https:\/\/fonasa.mindy.cl\/blog\/wp-json\/wp\/v2\/tags?post=1363"}],"curies":[{"name":"wp","href":"https:\/\/api.w.org\/{rel}","templated":true}]}}